{"id":8910,"date":"2026-01-20T00:53:12","date_gmt":"2026-01-20T00:53:12","guid":{"rendered":"https:\/\/lobosnews.com.ar\/index.php\/2026\/01\/20\/amnistia-internacional-exigio-la-liberacion-inmediata-de-los-presos-politicos-en-cuba\/"},"modified":"2026-01-20T04:47:06","modified_gmt":"2026-01-20T04:47:06","slug":"amnistia-internacional-exigio-la-liberacion-inmediata-de-los-presos-politicos-en-cuba","status":"publish","type":"post","link":"https:\/\/lobosnews.com.ar\/index.php\/2026\/01\/20\/amnistia-internacional-exigio-la-liberacion-inmediata-de-los-presos-politicos-en-cuba\/","title":{"rendered":"Amnist\u00eda Internacional exigi\u00f3 la liberaci\u00f3n inmediata de los presos pol\u00edticos en Cuba"},"content":{"rendered":"<p><img loading=\"lazy\" decoding=\"async\" src=\"https:\/\/lobosnews.com.ar\/wp-content\/uploads\/2026\/01\/amnistia-internacional-exigio-la-liberacion-inmediata-de-los-presos-politicos-en-cuba.jpg\" alt=\"Fotograf\u00eda de archivo de manifestantes frente al Instituto de Radio y Televisi\u00f3n (ICRT) mientras son montados en un cami\u00f3n en una calle en La Habana (Cuba) (EFE\/Ernesto Mastrascusa) \" height=\"2900\" width=\"4672\"\/><\/p>\n<p><b>Amnist\u00eda Internacional reclam\u00f3 este lunes la \u201clibertad inmediata\u201d de todas las personas encarceladas por motivos pol\u00edticos en <\/b><span class=\"waslinkname\"><b>Cuba<\/b><\/span>, al cumplirse un a\u00f1o del proceso de excarcelaciones anunciadas por la dictadura caribe\u00f1a, que seg\u00fan datos oficiales benefici\u00f3 a 553 personas. La ONG sostuvo que la iniciativa no garantiz\u00f3 derechos fundamentales ni supuso un cambio real en la pol\u00edtica represiva del Estado.<\/p>\n<p>En un comunicado, la organizaci\u00f3n se\u00f1al\u00f3 que <b>las excarcelaciones estuvieron marcadas por la opacidad, la falta de informaci\u00f3n p\u00fablica y la ausencia de criterios claros<\/b>, adem\u00e1s de la imposici\u00f3n de condiciones consideradas arbitrarias. Seg\u00fan Amnist\u00eda, estas pr\u00e1cticas tuvieron un impacto psicol\u00f3gico severo en las personas liberadas y en sus familias, al quedar sujetas a amenazas de reencarcelamiento o a restricciones que limitan el ejercicio de libertades b\u00e1sicas.<\/p>\n<p>El proceso se enmarc\u00f3 en un acuerdo entre La Habana y Washington alcanzado en los \u00faltimos d\u00edas de la Administraci\u00f3n de <b>Joe Biden<\/b>, con mediaci\u00f3n del Vaticano. Distintas organizaciones de derechos humanos, tanto dentro como fuera de Cuba, cuestionaron desde el inicio la medida y advirtieron que una parte significativa de los beneficiados no eran presos por motivos pol\u00edticos, sino reclusos comunes.<\/p>\n<p>Amnist\u00eda Internacional subray\u00f3 adem\u00e1s que <b>algunas personas excarceladas durante 2025 fueron forzadas al exilio <\/b>y que otras regresaron a prisi\u00f3n, lo que, a su juicio, evidencia la persistencia de pr\u00e1cticas autoritarias y la inexistencia de garant\u00edas para ejercer derechos sin temor a represalias. Entre los casos mencionados figura el del opositor <b>Jos\u00e9 Daniel Ferrer<\/b>, que termin\u00f3 exiliado en Estados Unidos tras volver a ser encarcelado, y el del disidente F\u00e9lix Navarro, cuya excarcelaci\u00f3n fue anulada por un tribunal y que contin\u00faa detenido.<\/p>\n<p><img loading=\"lazy\" decoding=\"async\" src=\"https:\/\/lobosnews.com.ar\/wp-content\/uploads\/2026\/01\/amnistia-internacional-exigio-la-liberacion-inmediata-de-los-presos-politicos-en-cuba-1.jpg\" alt=\"ARCHIVO - Polic\u00eda encubierto detiene a un manifestante de oposici\u00f3n al gobierno en una protesta contra el desabastecimiento de alimentos y el alto precio de productos alimenticios, en La Habana, Cuba, el 11 de julio de 2021 (AP Foto\/Ram\u00f3n Espinosa, Archivo)\" height=\"5214\" width=\"7666\"\/><\/p>\n<p>La directora regional de Amnist\u00eda Internacional para las Am\u00e9ricas,<b> Ana Piquer<\/b>, afirm\u00f3 que las autoridades cubanas tienen la obligaci\u00f3n de garantizar la libertad plena e incondicional de todas las personas presas de conciencia. En ese grupo mencion\u00f3 a Sayli Navarro \u00c1lvarez, F\u00e9lix Navarro, Loreto Hern\u00e1ndez Garc\u00eda, Donaida P\u00e9rez Paseiro, Roberto P\u00e9rez Fonseca, Maykel Castillo P\u00e9rez \u2014conocido como Maykel Osorbo\u2014 y Luis Manuel Otero Alc\u00e1ntara, figuras emblem\u00e1ticas del activismo y la disidencia en la isla.<\/p>\n<p>El pronunciamiento de Amnist\u00eda coincidi\u00f3 con un llamado p\u00fablico del <b>Consejo para la Transici\u00f3n Democr\u00e1tica en Cuba<\/b>, la mayor plataforma opositora del pa\u00eds, que inst\u00f3 a la unidad de la disidencia y de la ciudadan\u00eda para lograr una amnist\u00eda general durante 2026. El CTDC plante\u00f3 la necesidad de un \u201cpacto nacional por la libertad y la reconciliaci\u00f3n\u201d y defendi\u00f3 la amnist\u00eda como el punto de partida para una apertura democr\u00e1tica.<\/p>\n<p>En su declaraci\u00f3n, la plataforma sostuvo que el principal desaf\u00edo no es solo la naturaleza del sistema pol\u00edtico vigente, sino la capacidad de articular una alternativa cohesionada y operativa. Con ese objetivo, propuso la creaci\u00f3n de un foro de acci\u00f3n orientado a consensuar un<b> instrumento jur\u00eddico de amnist\u00eda y despenalizaci\u00f3n del disenso<\/b>, as\u00ed como a presentar un frente com\u00fan ante organismos multilaterales.<\/p>\n<p>Seg\u00fan el \u00faltimo informe mensual de <b>Prisoners Defenders<\/b>, con sede en Madrid, Cuba cerr\u00f3 2025 con 1.197 personas encarceladas por motivos pol\u00edticos, una cifra que refuerza las cr\u00edticas de Amnist\u00eda Internacional sobre la insuficiencia del proceso de excarcelaciones anunciado por el Gobierno.<\/p>\n","protected":false},"excerpt":{"rendered":"<p>Amnist\u00eda Internacional reclam\u00f3 este lunes la \u201clibertad inmediata\u201d de todas las personas encarceladas por motivos pol\u00edticos en Cuba, al cumplirse un a\u00f1o del proceso de excarcelaciones anunciadas por la dictadura caribe\u00f1a, que seg\u00fan datos oficiales benefici\u00f3 a 553 personas. La ONG sostuvo que la iniciativa no garantiz\u00f3 derechos fundamentales ni supuso un cambio real en&#8230;<\/p>\n","protected":false},"author":1,"featured_media":8914,"comment_status":"open","ping_status":"closed","sticky":false,"template":"","format":"standard","meta":{"_jetpack_memberships_contains_paid_content":false,"footnotes":""},"categories":[31],"tags":[],"class_list":["post-8910","post","type-post","status-publish","format-standard","has-post-thumbnail","hentry","category-actualidad"],"magazineBlocksPostFeaturedMedia":{"thumbnail":"https:\/\/lobosnews.com.ar\/wp-content\/uploads\/2026\/01\/amnistia-internacional-exigio-la-liberacion-inmediata-de-los-presos-politicos-en-cuba-2-150x150.jpg","medium":"https:\/\/lobosnews.com.ar\/wp-content\/uploads\/2026\/01\/amnistia-internacional-exigio-la-liberacion-inmediata-de-los-presos-politicos-en-cuba-2-300x204.jpg","medium_large":"https:\/\/lobosnews.com.ar\/wp-content\/uploads\/2026\/01\/amnistia-internacional-exigio-la-liberacion-inmediata-de-los-presos-politicos-en-cuba-2-768x522.jpg","large":"https:\/\/lobosnews.com.ar\/wp-content\/uploads\/2026\/01\/amnistia-internacional-exigio-la-liberacion-inmediata-de-los-presos-politicos-en-cuba-2-1024x697.jpg","1536x1536":"https:\/\/lobosnews.com.ar\/wp-content\/uploads\/2026\/01\/amnistia-internacional-exigio-la-liberacion-inmediata-de-los-presos-politicos-en-cuba-2-1536x1045.jpg","2048x2048":"https:\/\/lobosnews.com.ar\/wp-content\/uploads\/2026\/01\/amnistia-internacional-exigio-la-liberacion-inmediata-de-los-presos-politicos-en-cuba-2-2048x1393.jpg","newsmatic-featured":"https:\/\/lobosnews.com.ar\/wp-content\/uploads\/2026\/01\/amnistia-internacional-exigio-la-liberacion-inmediata-de-los-presos-politicos-en-cuba-2-820x545.jpg","newsmatic-list":"https:\/\/lobosnews.com.ar\/wp-content\/uploads\/2026\/01\/amnistia-internacional-exigio-la-liberacion-inmediata-de-los-presos-politicos-en-cuba-2-600x400.jpg","newsmatic-thumb":"https:\/\/lobosnews.com.ar\/wp-content\/uploads\/2026\/01\/amnistia-internacional-exigio-la-liberacion-inmediata-de-los-presos-politicos-en-cuba-2-300x200.jpg","newsmatic-small":"https:\/\/lobosnews.com.ar\/wp-content\/uploads\/2026\/01\/amnistia-internacional-exigio-la-liberacion-inmediata-de-los-presos-politicos-en-cuba-2-150x95.jpg","newsmatic-grid":"https:\/\/lobosnews.com.ar\/wp-content\/uploads\/2026\/01\/amnistia-internacional-exigio-la-liberacion-inmediata-de-los-presos-politicos-en-cuba-2-400x250.jpg"},"magazineBlocksPostAuthor":{"name":"admin","avatar":"https:\/\/secure.gravatar.com\/avatar\/76e419471a2083bc3ceab22a763dbbf9b0c1bd15a6214cf3280e2c2dde4580f9?s=96&d=mm&r=g"},"magazineBlocksPostCommentsNumber":"0","magazineBlocksPostExcerpt":"Amnist\u00eda Internacional reclam\u00f3 este lunes la \u201clibertad inmediata\u201d de todas las personas encarceladas por motivos pol\u00edticos en Cuba, al cumplirse un a\u00f1o del proceso de excarcelaciones anunciadas por la dictadura caribe\u00f1a, que seg\u00fan datos oficiales benefici\u00f3 a 553 personas. La ONG sostuvo que la iniciativa no garantiz\u00f3 derechos fundamentales ni supuso un cambio real en...","magazineBlocksPostCategories":["Actualidad"],"magazineBlocksPostViewCount":166,"magazineBlocksPostReadTime":3,"magazine_blocks_featured_image_url":{"full":["https:\/\/lobosnews.com.ar\/wp-content\/uploads\/2026\/01\/amnistia-internacional-exigio-la-liberacion-inmediata-de-los-presos-politicos-en-cuba-2-scaled.jpg",2560,1741,false],"medium":["https:\/\/lobosnews.com.ar\/wp-content\/uploads\/2026\/01\/amnistia-internacional-exigio-la-liberacion-inmediata-de-los-presos-politicos-en-cuba-2-300x204.jpg",300,204,true],"thumbnail":["https:\/\/lobosnews.com.ar\/wp-content\/uploads\/2026\/01\/amnistia-internacional-exigio-la-liberacion-inmediata-de-los-presos-politicos-en-cuba-2-150x150.jpg",150,150,true]},"magazine_blocks_author":{"display_name":"admin","author_link":"https:\/\/lobosnews.com.ar\/index.php\/author\/lobos-news\/"},"magazine_blocks_comment":0,"magazine_blocks_author_image":"https:\/\/secure.gravatar.com\/avatar\/76e419471a2083bc3ceab22a763dbbf9b0c1bd15a6214cf3280e2c2dde4580f9?s=96&d=mm&r=g","magazine_blocks_category":"<a href=\"#\" class=\"category-link category-link-31\">Actualidad<\/a>","yoast_head":"<!-- This site is optimized with the Yoast SEO plugin v26.6 - https:\/\/yoast.com\/wordpress\/plugins\/seo\/ -->\n<title>Amnist\u00eda Internacional exigi\u00f3 la liberaci\u00f3n inmediata de los presos pol\u00edticos en Cuba - Lobos News<\/title>\n<meta name=\"robots\" content=\"index, follow, max-snippet:-1, max-image-preview:large, max-video-preview:-1\" \/>\n<link rel=\"canonical\" href=\"https:\/\/lobosnews.com.ar\/index.php\/2026\/01\/20\/amnistia-internacional-exigio-la-liberacion-inmediata-de-los-presos-politicos-en-cuba\/\" \/>\n<meta property=\"og:locale\" content=\"es_ES\" \/>\n<meta property=\"og:type\" content=\"article\" \/>\n<meta property=\"og:title\" content=\"Amnist\u00eda Internacional exigi\u00f3 la liberaci\u00f3n inmediata de los presos pol\u00edticos en Cuba - Lobos News\" \/>\n<meta property=\"og:description\" content=\"Amnist\u00eda Internacional reclam\u00f3 este lunes la \u201clibertad inmediata\u201d de todas las personas encarceladas por motivos pol\u00edticos en Cuba, al cumplirse un a\u00f1o del proceso de excarcelaciones anunciadas por la dictadura caribe\u00f1a, que seg\u00fan datos oficiales benefici\u00f3 a 553 personas. La ONG sostuvo que la iniciativa no garantiz\u00f3 derechos fundamentales ni supuso un cambio real en...\" \/>\n<meta property=\"og:url\" content=\"https:\/\/lobosnews.com.ar\/index.php\/2026\/01\/20\/amnistia-internacional-exigio-la-liberacion-inmediata-de-los-presos-politicos-en-cuba\/\" \/>\n<meta property=\"og:site_name\" content=\"Lobos News\" \/>\n<meta property=\"article:published_time\" content=\"2026-01-20T00:53:12+00:00\" \/>\n<meta property=\"article:modified_time\" content=\"2026-01-20T04:47:06+00:00\" \/>\n<meta property=\"og:image\" content=\"https:\/\/lobosnews.com.ar\/wp-content\/uploads\/2026\/01\/amnistia-internacional-exigio-la-liberacion-inmediata-de-los-presos-politicos-en-cuba.jpg\" \/>\n<meta name=\"author\" content=\"admin\" \/>\n<meta name=\"twitter:card\" content=\"summary_large_image\" \/>\n<meta name=\"twitter:label1\" content=\"Escrito por\" \/>\n\t<meta name=\"twitter:data1\" content=\"admin\" \/>\n\t<meta name=\"twitter:label2\" content=\"Tiempo de lectura\" \/>\n\t<meta name=\"twitter:data2\" content=\"3 minutos\" \/>\n<script type=\"application\/ld+json\" class=\"yoast-schema-graph\">{\"@context\":\"https:\/\/schema.org\",\"@graph\":[{\"@type\":\"Article\",\"@id\":\"https:\/\/lobosnews.com.ar\/index.php\/2026\/01\/20\/amnistia-internacional-exigio-la-liberacion-inmediata-de-los-presos-politicos-en-cuba\/#article\",\"isPartOf\":{\"@id\":\"https:\/\/lobosnews.com.ar\/index.php\/2026\/01\/20\/amnistia-internacional-exigio-la-liberacion-inmediata-de-los-presos-politicos-en-cuba\/\"},\"author\":{\"name\":\"admin\",\"@id\":\"https:\/\/lobosnews.com.ar\/#\/schema\/person\/232422a593d5c541dd9aef6aaed10943\"},\"headline\":\"Amnist\u00eda Internacional exigi\u00f3 la liberaci\u00f3n inmediata de los presos pol\u00edticos en Cuba\",\"datePublished\":\"2026-01-20T00:53:12+00:00\",\"dateModified\":\"2026-01-20T04:47:06+00:00\",\"mainEntityOfPage\":{\"@id\":\"https:\/\/lobosnews.com.ar\/index.php\/2026\/01\/20\/amnistia-internacional-exigio-la-liberacion-inmediata-de-los-presos-politicos-en-cuba\/\"},\"wordCount\":592,\"commentCount\":0,\"publisher\":{\"@id\":\"https:\/\/lobosnews.com.ar\/#organization\"},\"image\":{\"@id\":\"https:\/\/lobosnews.com.ar\/index.php\/2026\/01\/20\/amnistia-internacional-exigio-la-liberacion-inmediata-de-los-presos-politicos-en-cuba\/#primaryimage\"},\"thumbnailUrl\":\"https:\/\/lobosnews.com.ar\/wp-content\/uploads\/2026\/01\/amnistia-internacional-exigio-la-liberacion-inmediata-de-los-presos-politicos-en-cuba-2-scaled.jpg\",\"articleSection\":[\"Actualidad\"],\"inLanguage\":\"es\",\"potentialAction\":[{\"@type\":\"CommentAction\",\"name\":\"Comment\",\"target\":[\"https:\/\/lobosnews.com.ar\/index.php\/2026\/01\/20\/amnistia-internacional-exigio-la-liberacion-inmediata-de-los-presos-politicos-en-cuba\/#respond\"]}]},{\"@type\":\"WebPage\",\"@id\":\"https:\/\/lobosnews.com.ar\/index.php\/2026\/01\/20\/amnistia-internacional-exigio-la-liberacion-inmediata-de-los-presos-politicos-en-cuba\/\",\"url\":\"https:\/\/lobosnews.com.ar\/index.php\/2026\/01\/20\/amnistia-internacional-exigio-la-liberacion-inmediata-de-los-presos-politicos-en-cuba\/\",\"name\":\"Amnist\u00eda Internacional exigi\u00f3 la liberaci\u00f3n inmediata de los presos pol\u00edticos en Cuba - Lobos News\",\"isPartOf\":{\"@id\":\"https:\/\/lobosnews.com.ar\/#website\"},\"primaryImageOfPage\":{\"@id\":\"https:\/\/lobosnews.com.ar\/index.php\/2026\/01\/20\/amnistia-internacional-exigio-la-liberacion-inmediata-de-los-presos-politicos-en-cuba\/#primaryimage\"},\"image\":{\"@id\":\"https:\/\/lobosnews.com.ar\/index.php\/2026\/01\/20\/amnistia-internacional-exigio-la-liberacion-inmediata-de-los-presos-politicos-en-cuba\/#primaryimage\"},\"thumbnailUrl\":\"https:\/\/lobosnews.com.ar\/wp-content\/uploads\/2026\/01\/amnistia-internacional-exigio-la-liberacion-inmediata-de-los-presos-politicos-en-cuba-2-scaled.jpg\",\"datePublished\":\"2026-01-20T00:53:12+00:00\",\"dateModified\":\"2026-01-20T04:47:06+00:00\",\"breadcrumb\":{\"@id\":\"https:\/\/lobosnews.com.ar\/index.php\/2026\/01\/20\/amnistia-internacional-exigio-la-liberacion-inmediata-de-los-presos-politicos-en-cuba\/#breadcrumb\"},\"inLanguage\":\"es\",\"potentialAction\":[{\"@type\":\"ReadAction\",\"target\":[\"https:\/\/lobosnews.com.ar\/index.php\/2026\/01\/20\/amnistia-internacional-exigio-la-liberacion-inmediata-de-los-presos-politicos-en-cuba\/\"]}]},{\"@type\":\"ImageObject\",\"inLanguage\":\"es\",\"@id\":\"https:\/\/lobosnews.com.ar\/index.php\/2026\/01\/20\/amnistia-internacional-exigio-la-liberacion-inmediata-de-los-presos-politicos-en-cuba\/#primaryimage\",\"url\":\"https:\/\/lobosnews.com.ar\/wp-content\/uploads\/2026\/01\/amnistia-internacional-exigio-la-liberacion-inmediata-de-los-presos-politicos-en-cuba-2-scaled.jpg\",\"contentUrl\":\"https:\/\/lobosnews.com.ar\/wp-content\/uploads\/2026\/01\/amnistia-internacional-exigio-la-liberacion-inmediata-de-los-presos-politicos-en-cuba-2-scaled.jpg\",\"width\":2560,\"height\":1741,\"caption\":\"Amnist\u00eda Internacional exigi\u00f3 la liberaci\u00f3n inmediata de los presos pol\u00edticos en Cuba\"},{\"@type\":\"BreadcrumbList\",\"@id\":\"https:\/\/lobosnews.com.ar\/index.php\/2026\/01\/20\/amnistia-internacional-exigio-la-liberacion-inmediata-de-los-presos-politicos-en-cuba\/#breadcrumb\",\"itemListElement\":[{\"@type\":\"ListItem\",\"position\":1,\"name\":\"Portada\",\"item\":\"https:\/\/lobosnews.com.ar\/\"},{\"@type\":\"ListItem\",\"position\":2,\"name\":\"Amnist\u00eda Internacional exigi\u00f3 la liberaci\u00f3n inmediata de los presos pol\u00edticos en Cuba\"}]},{\"@type\":\"WebSite\",\"@id\":\"https:\/\/lobosnews.com.ar\/#website\",\"url\":\"https:\/\/lobosnews.com.ar\/\",\"name\":\"Lobos News\",\"description\":\"Informaci\u00f3n a cada instante\",\"publisher\":{\"@id\":\"https:\/\/lobosnews.com.ar\/#organization\"},\"potentialAction\":[{\"@type\":\"SearchAction\",\"target\":{\"@type\":\"EntryPoint\",\"urlTemplate\":\"https:\/\/lobosnews.com.ar\/?s={search_term_string}\"},\"query-input\":{\"@type\":\"PropertyValueSpecification\",\"valueRequired\":true,\"valueName\":\"search_term_string\"}}],\"inLanguage\":\"es\"},{\"@type\":\"Organization\",\"@id\":\"https:\/\/lobosnews.com.ar\/#organization\",\"name\":\"Lobos News\",\"url\":\"https:\/\/lobosnews.com.ar\/\",\"logo\":{\"@type\":\"ImageObject\",\"inLanguage\":\"es\",\"@id\":\"https:\/\/lobosnews.com.ar\/#\/schema\/logo\/image\/\",\"url\":\"https:\/\/lobosnews.com.ar\/wp-content\/uploads\/2026\/01\/logo-lobosnews.png\",\"contentUrl\":\"https:\/\/lobosnews.com.ar\/wp-content\/uploads\/2026\/01\/logo-lobosnews.png\",\"width\":500,\"height\":200,\"caption\":\"Lobos News\"},\"image\":{\"@id\":\"https:\/\/lobosnews.com.ar\/#\/schema\/logo\/image\/\"}},{\"@type\":\"Person\",\"@id\":\"https:\/\/lobosnews.com.ar\/#\/schema\/person\/232422a593d5c541dd9aef6aaed10943\",\"name\":\"admin\",\"image\":{\"@type\":\"ImageObject\",\"inLanguage\":\"es\",\"@id\":\"https:\/\/lobosnews.com.ar\/#\/schema\/person\/image\/\",\"url\":\"https:\/\/secure.gravatar.com\/avatar\/76e419471a2083bc3ceab22a763dbbf9b0c1bd15a6214cf3280e2c2dde4580f9?s=96&d=mm&r=g\",\"contentUrl\":\"https:\/\/secure.gravatar.com\/avatar\/76e419471a2083bc3ceab22a763dbbf9b0c1bd15a6214cf3280e2c2dde4580f9?s=96&d=mm&r=g\",\"caption\":\"admin\"},\"sameAs\":[\"https:\/\/lobosnews.com.ar\"],\"url\":\"https:\/\/lobosnews.com.ar\/index.php\/author\/lobos-news\/\"}]}<\/script>\n<!-- \/ Yoast SEO plugin. -->","yoast_head_json":{"title":"Amnist\u00eda Internacional exigi\u00f3 la liberaci\u00f3n inmediata de los presos pol\u00edticos en Cuba - Lobos News","robots":{"index":"index","follow":"follow","max-snippet":"max-snippet:-1","max-image-preview":"max-image-preview:large","max-video-preview":"max-video-preview:-1"},"canonical":"https:\/\/lobosnews.com.ar\/index.php\/2026\/01\/20\/amnistia-internacional-exigio-la-liberacion-inmediata-de-los-presos-politicos-en-cuba\/","og_locale":"es_ES","og_type":"article","og_title":"Amnist\u00eda Internacional exigi\u00f3 la liberaci\u00f3n inmediata de los presos pol\u00edticos en Cuba - Lobos News","og_description":"Amnist\u00eda Internacional reclam\u00f3 este lunes la \u201clibertad inmediata\u201d de todas las personas encarceladas por motivos pol\u00edticos en Cuba, al cumplirse un a\u00f1o del proceso de excarcelaciones anunciadas por la dictadura caribe\u00f1a, que seg\u00fan datos oficiales benefici\u00f3 a 553 personas. La ONG sostuvo que la iniciativa no garantiz\u00f3 derechos fundamentales ni supuso un cambio real en...","og_url":"https:\/\/lobosnews.com.ar\/index.php\/2026\/01\/20\/amnistia-internacional-exigio-la-liberacion-inmediata-de-los-presos-politicos-en-cuba\/","og_site_name":"Lobos News","article_published_time":"2026-01-20T00:53:12+00:00","article_modified_time":"2026-01-20T04:47:06+00:00","og_image":[{"url":"https:\/\/lobosnews.com.ar\/wp-content\/uploads\/2026\/01\/amnistia-internacional-exigio-la-liberacion-inmediata-de-los-presos-politicos-en-cuba.jpg","type":"","width":"","height":""}],"author":"admin","twitter_card":"summary_large_image","twitter_misc":{"Escrito por":"admin","Tiempo de lectura":"3 minutos"},"schema":{"@context":"https:\/\/schema.org","@graph":[{"@type":"Article","@id":"https:\/\/lobosnews.com.ar\/index.php\/2026\/01\/20\/amnistia-internacional-exigio-la-liberacion-inmediata-de-los-presos-politicos-en-cuba\/#article","isPartOf":{"@id":"https:\/\/lobosnews.com.ar\/index.php\/2026\/01\/20\/amnistia-internacional-exigio-la-liberacion-inmediata-de-los-presos-politicos-en-cuba\/"},"author":{"name":"admin","@id":"https:\/\/lobosnews.com.ar\/#\/schema\/person\/232422a593d5c541dd9aef6aaed10943"},"headline":"Amnist\u00eda Internacional exigi\u00f3 la liberaci\u00f3n inmediata de los presos pol\u00edticos en Cuba","datePublished":"2026-01-20T00:53:12+00:00","dateModified":"2026-01-20T04:47:06+00:00","mainEntityOfPage":{"@id":"https:\/\/lobosnews.com.ar\/index.php\/2026\/01\/20\/amnistia-internacional-exigio-la-liberacion-inmediata-de-los-presos-politicos-en-cuba\/"},"wordCount":592,"commentCount":0,"publisher":{"@id":"https:\/\/lobosnews.com.ar\/#organization"},"image":{"@id":"https:\/\/lobosnews.com.ar\/index.php\/2026\/01\/20\/amnistia-internacional-exigio-la-liberacion-inmediata-de-los-presos-politicos-en-cuba\/#primaryimage"},"thumbnailUrl":"https:\/\/lobosnews.com.ar\/wp-content\/uploads\/2026\/01\/amnistia-internacional-exigio-la-liberacion-inmediata-de-los-presos-politicos-en-cuba-2-scaled.jpg","articleSection":["Actualidad"],"inLanguage":"es","potentialAction":[{"@type":"CommentAction","name":"Comment","target":["https:\/\/lobosnews.com.ar\/index.php\/2026\/01\/20\/amnistia-internacional-exigio-la-liberacion-inmediata-de-los-presos-politicos-en-cuba\/#respond"]}]},{"@type":"WebPage","@id":"https:\/\/lobosnews.com.ar\/index.php\/2026\/01\/20\/amnistia-internacional-exigio-la-liberacion-inmediata-de-los-presos-politicos-en-cuba\/","url":"https:\/\/lobosnews.com.ar\/index.php\/2026\/01\/20\/amnistia-internacional-exigio-la-liberacion-inmediata-de-los-presos-politicos-en-cuba\/","name":"Amnist\u00eda Internacional exigi\u00f3 la liberaci\u00f3n inmediata de los presos pol\u00edticos en Cuba - Lobos News","isPartOf":{"@id":"https:\/\/lobosnews.com.ar\/#website"},"primaryImageOfPage":{"@id":"https:\/\/lobosnews.com.ar\/index.php\/2026\/01\/20\/amnistia-internacional-exigio-la-liberacion-inmediata-de-los-presos-politicos-en-cuba\/#primaryimage"},"image":{"@id":"https:\/\/lobosnews.com.ar\/index.php\/2026\/01\/20\/amnistia-internacional-exigio-la-liberacion-inmediata-de-los-presos-politicos-en-cuba\/#primaryimage"},"thumbnailUrl":"https:\/\/lobosnews.com.ar\/wp-content\/uploads\/2026\/01\/amnistia-internacional-exigio-la-liberacion-inmediata-de-los-presos-politicos-en-cuba-2-scaled.jpg","datePublished":"2026-01-20T00:53:12+00:00","dateModified":"2026-01-20T04:47:06+00:00","breadcrumb":{"@id":"https:\/\/lobosnews.com.ar\/index.php\/2026\/01\/20\/amnistia-internacional-exigio-la-liberacion-inmediata-de-los-presos-politicos-en-cuba\/#breadcrumb"},"inLanguage":"es","potentialAction":[{"@type":"ReadAction","target":["https:\/\/lobosnews.com.ar\/index.php\/2026\/01\/20\/amnistia-internacional-exigio-la-liberacion-inmediata-de-los-presos-politicos-en-cuba\/"]}]},{"@type":"ImageObject","inLanguage":"es","@id":"https:\/\/lobosnews.com.ar\/index.php\/2026\/01\/20\/amnistia-internacional-exigio-la-liberacion-inmediata-de-los-presos-politicos-en-cuba\/#primaryimage","url":"https:\/\/lobosnews.com.ar\/wp-content\/uploads\/2026\/01\/amnistia-internacional-exigio-la-liberacion-inmediata-de-los-presos-politicos-en-cuba-2-scaled.jpg","contentUrl":"https:\/\/lobosnews.com.ar\/wp-content\/uploads\/2026\/01\/amnistia-internacional-exigio-la-liberacion-inmediata-de-los-presos-politicos-en-cuba-2-scaled.jpg","width":2560,"height":1741,"caption":"Amnist\u00eda Internacional exigi\u00f3 la liberaci\u00f3n inmediata de los presos pol\u00edticos en Cuba"},{"@type":"BreadcrumbList","@id":"https:\/\/lobosnews.com.ar\/index.php\/2026\/01\/20\/amnistia-internacional-exigio-la-liberacion-inmediata-de-los-presos-politicos-en-cuba\/#breadcrumb","itemListElement":[{"@type":"ListItem","position":1,"name":"Portada","item":"https:\/\/lobosnews.com.ar\/"},{"@type":"ListItem","position":2,"name":"Amnist\u00eda Internacional exigi\u00f3 la liberaci\u00f3n inmediata de los presos pol\u00edticos en Cuba"}]},{"@type":"WebSite","@id":"https:\/\/lobosnews.com.ar\/#website","url":"https:\/\/lobosnews.com.ar\/","name":"Lobos News","description":"Informaci\u00f3n a cada instante","publisher":{"@id":"https:\/\/lobosnews.com.ar\/#organization"},"potentialAction":[{"@type":"SearchAction","target":{"@type":"EntryPoint","urlTemplate":"https:\/\/lobosnews.com.ar\/?s={search_term_string}"},"query-input":{"@type":"PropertyValueSpecification","valueRequired":true,"valueName":"search_term_string"}}],"inLanguage":"es"},{"@type":"Organization","@id":"https:\/\/lobosnews.com.ar\/#organization","name":"Lobos News","url":"https:\/\/lobosnews.com.ar\/","logo":{"@type":"ImageObject","inLanguage":"es","@id":"https:\/\/lobosnews.com.ar\/#\/schema\/logo\/image\/","url":"https:\/\/lobosnews.com.ar\/wp-content\/uploads\/2026\/01\/logo-lobosnews.png","contentUrl":"https:\/\/lobosnews.com.ar\/wp-content\/uploads\/2026\/01\/logo-lobosnews.png","width":500,"height":200,"caption":"Lobos News"},"image":{"@id":"https:\/\/lobosnews.com.ar\/#\/schema\/logo\/image\/"}},{"@type":"Person","@id":"https:\/\/lobosnews.com.ar\/#\/schema\/person\/232422a593d5c541dd9aef6aaed10943","name":"admin","image":{"@type":"ImageObject","inLanguage":"es","@id":"https:\/\/lobosnews.com.ar\/#\/schema\/person\/image\/","url":"https:\/\/secure.gravatar.com\/avatar\/76e419471a2083bc3ceab22a763dbbf9b0c1bd15a6214cf3280e2c2dde4580f9?s=96&d=mm&r=g","contentUrl":"https:\/\/secure.gravatar.com\/avatar\/76e419471a2083bc3ceab22a763dbbf9b0c1bd15a6214cf3280e2c2dde4580f9?s=96&d=mm&r=g","caption":"admin"},"sameAs":["https:\/\/lobosnews.com.ar"],"url":"https:\/\/lobosnews.com.ar\/index.php\/author\/lobos-news\/"}]}},"jetpack_featured_media_url":"https:\/\/lobosnews.com.ar\/wp-content\/uploads\/2026\/01\/amnistia-internacional-exigio-la-liberacion-inmediata-de-los-presos-politicos-en-cuba-2-scaled.jpg","jetpack_sharing_enabled":true,"_links":{"self":[{"href":"https:\/\/lobosnews.com.ar\/index.php\/wp-json\/wp\/v2\/posts\/8910","targetHints":{"allow":["GET"]}}],"collection":[{"href":"https:\/\/lobosnews.com.ar\/index.php\/wp-json\/wp\/v2\/posts"}],"about":[{"href":"https:\/\/lobosnews.com.ar\/index.php\/wp-json\/wp\/v2\/types\/post"}],"author":[{"embeddable":true,"href":"https:\/\/lobosnews.com.ar\/index.php\/wp-json\/wp\/v2\/users\/1"}],"replies":[{"embeddable":true,"href":"https:\/\/lobosnews.com.ar\/index.php\/wp-json\/wp\/v2\/comments?post=8910"}],"version-history":[{"count":1,"href":"https:\/\/lobosnews.com.ar\/index.php\/wp-json\/wp\/v2\/posts\/8910\/revisions"}],"predecessor-version":[{"id":8913,"href":"https:\/\/lobosnews.com.ar\/index.php\/wp-json\/wp\/v2\/posts\/8910\/revisions\/8913"}],"wp:featuredmedia":[{"embeddable":true,"href":"https:\/\/lobosnews.com.ar\/index.php\/wp-json\/wp\/v2\/media\/8914"}],"wp:attachment":[{"href":"https:\/\/lobosnews.com.ar\/index.php\/wp-json\/wp\/v2\/media?parent=8910"}],"wp:term":[{"taxonomy":"category","embeddable":true,"href":"https:\/\/lobosnews.com.ar\/index.php\/wp-json\/wp\/v2\/categories?post=8910"},{"taxonomy":"post_tag","embeddable":true,"href":"https:\/\/lobosnews.com.ar\/index.php\/wp-json\/wp\/v2\/tags?post=8910"}],"curies":[{"name":"wp","href":"https:\/\/api.w.org\/{rel}","templated":true}]}}