{"id":8697,"date":"2026-01-19T14:33:04","date_gmt":"2026-01-19T14:33:04","guid":{"rendered":"https:\/\/lobosnews.com.ar\/index.php\/2026\/01\/19\/romina-gaetani-se-refirio-a-su-presente-luego-de-la-denuncia-por-violencia-a-su-expareja-aun-no-puedo-hablar\/"},"modified":"2026-01-19T16:50:53","modified_gmt":"2026-01-19T16:50:53","slug":"romina-gaetani-se-refirio-a-su-presente-luego-de-la-denuncia-por-violencia-a-su-expareja-aun-no-puedo-hablar","status":"publish","type":"post","link":"https:\/\/lobosnews.com.ar\/index.php\/2026\/01\/19\/romina-gaetani-se-refirio-a-su-presente-luego-de-la-denuncia-por-violencia-a-su-expareja-aun-no-puedo-hablar\/","title":{"rendered":"Romina Gaetani se refiri\u00f3 a su presente luego de la denuncia por violencia a su expareja: \u201cAun no puedo hablar\u201d"},"content":{"rendered":"<p>La denuncia de<span class=\"waslinkname\"><b> Romina Gaetani por violencia de g\u00e9nero<\/b><\/span>, sumada al reciente <b>allanamiento judicial<\/b> a la vivienda de su expareja <span class=\"waslinkname\"><b>Luis Cavanagh<\/b> <\/span>en un country de la provincia de Buenos Aires, volvi\u00f3 a situar a la actriz y su entorno en el centro del debate p\u00fablico sobre la exposici\u00f3n medi\u00e1tica y los tiempos emocionales en casos de este tipo.<\/p>\n<p>Desde sus redes sociales, Gaetani dej\u00f3 en claro la complejidad de hacer p\u00fablico su testimonio. <b>\u201cSi lo vivido sirve para seguir exponiendo lo que significa la violencia de g\u00e9nero<\/b>, agradezco a los medios de comunicaci\u00f3n por el acompa\u00f1amiento y respeto con que trataron el tema\u201d, escribi\u00f3 la actriz, poniendo en primer plano la dimensi\u00f3n colectiva de su denuncia.<\/p>\n<p><img fetchpriority=\"high\" decoding=\"async\" src=\"https:\/\/lobosnews.com.ar\/wp-content\/uploads\/2026\/01\/romina-gaetani-se-refirio-a-su-presente-luego-de-la-denuncia-por-violencia-a-su-expareja-aun-no-puedo-hablar.jpg\" alt=\"Romina Gaetani se expres\u00f3 en sus redes sociales\" height=\"3317\" width=\"1920\"\/><\/p>\n<p>Aunque marc\u00f3 el valor de la visibilizaci\u00f3n, la protagonista remarc\u00f3 la carga emocional de la difusi\u00f3n. <span class=\"waslinkname\"><b>\u201cLo que hace la exposici\u00f3n es intensificar el dolor<\/b>, no solo el m\u00edo, sino tambi\u00e9n el de nuestras familias\u201d<\/span>, se\u00f1al\u00f3 Gaetani en el mismo mensaje, subrayando el impacto que la cobertura period\u00edstica gener\u00f3 tanto en su vida personal como en su c\u00edrculo m\u00e1s cercano.<\/p>\n<p>La actriz tambi\u00e9n estableci\u00f3 l\u00edmites claros sobre su disponibilidad para dialogar con la prensa en este momento de la investigaci\u00f3n judicial. \u201cEspero sepan comprender,<b> aun no puedo hablar. En estos casos el tiempo es necesario\u201d<\/b>, afirm\u00f3 Gaetani desde su cuenta, resaltando la necesidad de resguardo y el respeto por los procesos individuales en circunstancias de alta exposici\u00f3n medi\u00e1tica.<\/p>\n<p><img loading=\"lazy\" decoding=\"async\" src=\"https:\/\/lobosnews.com.ar\/wp-content\/uploads\/2026\/01\/romina-gaetani-se-refirio-a-su-presente-luego-de-la-denuncia-por-violencia-a-su-expareja-aun-no-puedo-hablar-1.jpg\" alt=\"La actriz agradeci\u00f3 el trato respetuoso de los medios y destac\u00f3 la dimensi\u00f3n social al visibilizar la violencia de g\u00e9nero\" height=\"1080\" width=\"1920\"\/><\/p>\n<p>El entorno de la int\u00e9rprete comunic\u00f3 que ella se mantuvo contenida por su n\u00facleo \u00edntimo y prioriz\u00f3 <b>atravesar este proceso en calma<\/b>, sin buscar exposici\u00f3n adicional. Las declaraciones p\u00fablicas de Gaetani buscaron, seg\u00fan sus propias palabras, \u201cseguir exponiendo lo que significa la violencia de g\u00e9nero\u201d y reforzar la importancia del respeto y el acompa\u00f1amiento responsable en casos de esta naturaleza.<\/p>\n<p>Cabe recordar que Romina Gaetani denunci\u00f3 a su pareja, Luis Ram\u00f3n Cavanagh, a fines de 2025, luego de un incidente registrado en el Tortugas Country Club, en Pilar. Tras ser trasladada de urgencia al Hospital Central de Pilar, la int\u00e9rprete fue dada de alta pero no brind\u00f3 declaraciones, mientras la causa <b>qued\u00f3 en manos de la Justicia<\/b> y se mantiene la reserva absoluta de su entorno.<\/p>\n<p>En el parte policial, difundido por \u00c1ngel de Brito en <i>LAM<\/i> (Am\u00e9rica TV), se indica que los m\u00e9dicos constataron <b>golpes visibles en los brazos y la zona de la cadera de Gaetani<\/b>, lo que oblig\u00f3 al personal sanitario a notificar a las autoridades e iniciar el protocolo legal, seg\u00fan explic\u00f3 el propio De Brito en el programa. De acuerdo con la informaci\u00f3n transmitida al aire, ante este tipo de lesiones el personal de guardia debe proceder a la denuncia inmediata y dar intervenci\u00f3n judicial.<\/p>\n<p><img loading=\"lazy\" decoding=\"async\" src=\"https:\/\/lobosnews.com.ar\/wp-content\/uploads\/2026\/01\/romina-gaetani-se-refirio-a-su-presente-luego-de-la-denuncia-por-violencia-a-su-expareja-aun-no-puedo-hablar-2.jpg\" alt=\"Las declaraciones p\u00fablicas de Romina Gaetani insisten en la importancia del respeto y el acompa\u00f1amiento responsable en casos de violencia de g\u00e9nero\" height=\"1080\" width=\"1920\"\/><\/p>\n<p>La secuencia se activ\u00f3 durante la noche cuando un llamado al 911 alert\u00f3 sobre una situaci\u00f3n violenta en el interior del country. Al arribar, los polic\u00edas entrevistaron al personal de seguridad, quienes se\u00f1alaron que la actriz se encontraba sumamente alterada y habr\u00eda sido atacada por su pareja, identificada en el parte como Luis Cavanagh, de 59 a\u00f1os y empresario, seg\u00fan el documento oficial citado por <i>LAM<\/i>. En el mismo documento, se consigna que Gaetani, aun bajo el impacto emocional, inform\u00f3 que su pareja manifestaba conductas agresivas motivadas por celos.<\/p>\n<p>A ra\u00edz de la denuncia, la <b>Unidad Funcional de Instrucci\u00f3n de G\u00e9nero<\/b> dispuso el traslado de funcionarios de Fiscal\u00eda al hospital para tomarle declaraci\u00f3n a Gaetani y dar inicio a las actuaciones. Hasta el momento, solo trascendieron los datos contenidos en el parte policial y no existen pronunciamientos p\u00fablicos de la actriz ni de sus allegados.<\/p>\n<p>De Brito precis\u00f3 durante la emisi\u00f3n que intent\u00f3 contactar a Gaetani, sin obtener respuesta, e inform\u00f3 que la actriz fue dada de alta al mediod\u00eda del d\u00eda siguiente al episodio, aunque persiste el hermetismo sobre su estado y ninguna persona de su entorno ha hecho comentarios al respecto hasta que ella misma escribi\u00f3 ese descargo en sus redes sociales.<\/p>\n","protected":false},"excerpt":{"rendered":"<p>La denuncia de Romina Gaetani por violencia de g\u00e9nero, sumada al reciente allanamiento judicial a la vivienda de su expareja Luis Cavanagh en un country de la provincia de Buenos Aires, volvi\u00f3 a situar a la actriz y su entorno en el centro del debate p\u00fablico sobre la exposici\u00f3n medi\u00e1tica y los tiempos emocionales en&#8230;<\/p>\n","protected":false},"author":1,"featured_media":8702,"comment_status":"open","ping_status":"closed","sticky":false,"template":"","format":"standard","meta":{"_jetpack_memberships_contains_paid_content":false,"footnotes":""},"categories":[79],"tags":[],"class_list":["post-8697","post","type-post","status-publish","format-standard","has-post-thumbnail","hentry","category-cine-y-series"],"magazineBlocksPostFeaturedMedia":{"thumbnail":"https:\/\/lobosnews.com.ar\/wp-content\/uploads\/2026\/01\/romina-gaetani-se-refirio-a-su-presente-luego-de-la-denuncia-por-violencia-a-su-expareja-aun-no-puedo-hablar-4-150x150.jpg","medium":"https:\/\/lobosnews.com.ar\/wp-content\/uploads\/2026\/01\/romina-gaetani-se-refirio-a-su-presente-luego-de-la-denuncia-por-violencia-a-su-expareja-aun-no-puedo-hablar-4-300x169.jpg","medium_large":"https:\/\/lobosnews.com.ar\/wp-content\/uploads\/2026\/01\/romina-gaetani-se-refirio-a-su-presente-luego-de-la-denuncia-por-violencia-a-su-expareja-aun-no-puedo-hablar-4-768x432.jpg","large":"https:\/\/lobosnews.com.ar\/wp-content\/uploads\/2026\/01\/romina-gaetani-se-refirio-a-su-presente-luego-de-la-denuncia-por-violencia-a-su-expareja-aun-no-puedo-hablar-4-1024x576.jpg","1536x1536":"https:\/\/lobosnews.com.ar\/wp-content\/uploads\/2026\/01\/romina-gaetani-se-refirio-a-su-presente-luego-de-la-denuncia-por-violencia-a-su-expareja-aun-no-puedo-hablar-4-1536x864.jpg","2048x2048":"https:\/\/lobosnews.com.ar\/wp-content\/uploads\/2026\/01\/romina-gaetani-se-refirio-a-su-presente-luego-de-la-denuncia-por-violencia-a-su-expareja-aun-no-puedo-hablar-4.jpg","newsmatic-featured":"https:\/\/lobosnews.com.ar\/wp-content\/uploads\/2026\/01\/romina-gaetani-se-refirio-a-su-presente-luego-de-la-denuncia-por-violencia-a-su-expareja-aun-no-puedo-hablar-4-820x545.jpg","newsmatic-list":"https:\/\/lobosnews.com.ar\/wp-content\/uploads\/2026\/01\/romina-gaetani-se-refirio-a-su-presente-luego-de-la-denuncia-por-violencia-a-su-expareja-aun-no-puedo-hablar-4-600x400.jpg","newsmatic-thumb":"https:\/\/lobosnews.com.ar\/wp-content\/uploads\/2026\/01\/romina-gaetani-se-refirio-a-su-presente-luego-de-la-denuncia-por-violencia-a-su-expareja-aun-no-puedo-hablar-4-300x200.jpg","newsmatic-small":"https:\/\/lobosnews.com.ar\/wp-content\/uploads\/2026\/01\/romina-gaetani-se-refirio-a-su-presente-luego-de-la-denuncia-por-violencia-a-su-expareja-aun-no-puedo-hablar-4-150x95.jpg","newsmatic-grid":"https:\/\/lobosnews.com.ar\/wp-content\/uploads\/2026\/01\/romina-gaetani-se-refirio-a-su-presente-luego-de-la-denuncia-por-violencia-a-su-expareja-aun-no-puedo-hablar-4-400x250.jpg"},"magazineBlocksPostAuthor":{"name":"admin","avatar":"https:\/\/secure.gravatar.com\/avatar\/76e419471a2083bc3ceab22a763dbbf9b0c1bd15a6214cf3280e2c2dde4580f9?s=96&d=mm&r=g"},"magazineBlocksPostCommentsNumber":"0","magazineBlocksPostExcerpt":"La denuncia de Romina Gaetani por violencia de g\u00e9nero, sumada al reciente allanamiento judicial a la vivienda de su expareja Luis Cavanagh en un country de la provincia de Buenos Aires, volvi\u00f3 a situar a la actriz y su entorno en el centro del debate p\u00fablico sobre la exposici\u00f3n medi\u00e1tica y los tiempos emocionales en...","magazineBlocksPostCategories":["Cine y Series"],"magazineBlocksPostViewCount":173,"magazineBlocksPostReadTime":4,"magazine_blocks_featured_image_url":{"full":["https:\/\/lobosnews.com.ar\/wp-content\/uploads\/2026\/01\/romina-gaetani-se-refirio-a-su-presente-luego-de-la-denuncia-por-violencia-a-su-expareja-aun-no-puedo-hablar-4.jpg",1920,1080,false],"medium":["https:\/\/lobosnews.com.ar\/wp-content\/uploads\/2026\/01\/romina-gaetani-se-refirio-a-su-presente-luego-de-la-denuncia-por-violencia-a-su-expareja-aun-no-puedo-hablar-4-300x169.jpg",300,169,true],"thumbnail":["https:\/\/lobosnews.com.ar\/wp-content\/uploads\/2026\/01\/romina-gaetani-se-refirio-a-su-presente-luego-de-la-denuncia-por-violencia-a-su-expareja-aun-no-puedo-hablar-4-150x150.jpg",150,150,true]},"magazine_blocks_author":{"display_name":"admin","author_link":"https:\/\/lobosnews.com.ar\/index.php\/author\/lobos-news\/"},"magazine_blocks_comment":0,"magazine_blocks_author_image":"https:\/\/secure.gravatar.com\/avatar\/76e419471a2083bc3ceab22a763dbbf9b0c1bd15a6214cf3280e2c2dde4580f9?s=96&d=mm&r=g","magazine_blocks_category":"<a href=\"#\" class=\"category-link category-link-79\">Cine y Series<\/a>","yoast_head":"<!-- This site is optimized with the Yoast SEO plugin v26.6 - https:\/\/yoast.com\/wordpress\/plugins\/seo\/ -->\n<title>Romina Gaetani se refiri\u00f3 a su presente luego de la denuncia por violencia a su expareja: \u201cAun no puedo hablar\u201d - Lobos News<\/title>\n<meta name=\"robots\" content=\"index, follow, max-snippet:-1, max-image-preview:large, max-video-preview:-1\" \/>\n<link rel=\"canonical\" href=\"https:\/\/lobosnews.com.ar\/index.php\/2026\/01\/19\/romina-gaetani-se-refirio-a-su-presente-luego-de-la-denuncia-por-violencia-a-su-expareja-aun-no-puedo-hablar\/\" \/>\n<meta property=\"og:locale\" content=\"es_ES\" \/>\n<meta property=\"og:type\" content=\"article\" \/>\n<meta property=\"og:title\" content=\"Romina Gaetani se refiri\u00f3 a su presente luego de la denuncia por violencia a su expareja: \u201cAun no puedo hablar\u201d - Lobos News\" \/>\n<meta property=\"og:description\" content=\"La denuncia de Romina Gaetani por violencia de g\u00e9nero, sumada al reciente allanamiento judicial a la vivienda de su expareja Luis Cavanagh en un country de la provincia de Buenos Aires, volvi\u00f3 a situar a la actriz y su entorno en el centro del debate p\u00fablico sobre la exposici\u00f3n medi\u00e1tica y los tiempos emocionales en...\" \/>\n<meta property=\"og:url\" content=\"https:\/\/lobosnews.com.ar\/index.php\/2026\/01\/19\/romina-gaetani-se-refirio-a-su-presente-luego-de-la-denuncia-por-violencia-a-su-expareja-aun-no-puedo-hablar\/\" \/>\n<meta property=\"og:site_name\" content=\"Lobos News\" \/>\n<meta property=\"article:published_time\" content=\"2026-01-19T14:33:04+00:00\" \/>\n<meta property=\"article:modified_time\" content=\"2026-01-19T16:50:53+00:00\" \/>\n<meta property=\"og:image\" content=\"https:\/\/lobosnews.com.ar\/wp-content\/uploads\/2026\/01\/romina-gaetani-se-refirio-a-su-presente-luego-de-la-denuncia-por-violencia-a-su-expareja-aun-no-puedo-hablar.jpg\" \/>\n<meta name=\"author\" content=\"admin\" \/>\n<meta name=\"twitter:card\" content=\"summary_large_image\" \/>\n<meta name=\"twitter:label1\" content=\"Escrito por\" \/>\n\t<meta name=\"twitter:data1\" content=\"admin\" \/>\n\t<meta name=\"twitter:label2\" content=\"Tiempo de lectura\" \/>\n\t<meta name=\"twitter:data2\" content=\"3 minutos\" \/>\n<script type=\"application\/ld+json\" class=\"yoast-schema-graph\">{\"@context\":\"https:\/\/schema.org\",\"@graph\":[{\"@type\":\"Article\",\"@id\":\"https:\/\/lobosnews.com.ar\/index.php\/2026\/01\/19\/romina-gaetani-se-refirio-a-su-presente-luego-de-la-denuncia-por-violencia-a-su-expareja-aun-no-puedo-hablar\/#article\",\"isPartOf\":{\"@id\":\"https:\/\/lobosnews.com.ar\/index.php\/2026\/01\/19\/romina-gaetani-se-refirio-a-su-presente-luego-de-la-denuncia-por-violencia-a-su-expareja-aun-no-puedo-hablar\/\"},\"author\":{\"name\":\"admin\",\"@id\":\"https:\/\/lobosnews.com.ar\/#\/schema\/person\/232422a593d5c541dd9aef6aaed10943\"},\"headline\":\"Romina Gaetani se refiri\u00f3 a su presente luego de la denuncia por violencia a su expareja: \u201cAun no puedo hablar\u201d\",\"datePublished\":\"2026-01-19T14:33:04+00:00\",\"dateModified\":\"2026-01-19T16:50:53+00:00\",\"mainEntityOfPage\":{\"@id\":\"https:\/\/lobosnews.com.ar\/index.php\/2026\/01\/19\/romina-gaetani-se-refirio-a-su-presente-luego-de-la-denuncia-por-violencia-a-su-expareja-aun-no-puedo-hablar\/\"},\"wordCount\":718,\"commentCount\":0,\"publisher\":{\"@id\":\"https:\/\/lobosnews.com.ar\/#organization\"},\"image\":{\"@id\":\"https:\/\/lobosnews.com.ar\/index.php\/2026\/01\/19\/romina-gaetani-se-refirio-a-su-presente-luego-de-la-denuncia-por-violencia-a-su-expareja-aun-no-puedo-hablar\/#primaryimage\"},\"thumbnailUrl\":\"https:\/\/lobosnews.com.ar\/wp-content\/uploads\/2026\/01\/romina-gaetani-se-refirio-a-su-presente-luego-de-la-denuncia-por-violencia-a-su-expareja-aun-no-puedo-hablar-4.jpg\",\"articleSection\":[\"Cine y Series\"],\"inLanguage\":\"es\",\"potentialAction\":[{\"@type\":\"CommentAction\",\"name\":\"Comment\",\"target\":[\"https:\/\/lobosnews.com.ar\/index.php\/2026\/01\/19\/romina-gaetani-se-refirio-a-su-presente-luego-de-la-denuncia-por-violencia-a-su-expareja-aun-no-puedo-hablar\/#respond\"]}]},{\"@type\":\"WebPage\",\"@id\":\"https:\/\/lobosnews.com.ar\/index.php\/2026\/01\/19\/romina-gaetani-se-refirio-a-su-presente-luego-de-la-denuncia-por-violencia-a-su-expareja-aun-no-puedo-hablar\/\",\"url\":\"https:\/\/lobosnews.com.ar\/index.php\/2026\/01\/19\/romina-gaetani-se-refirio-a-su-presente-luego-de-la-denuncia-por-violencia-a-su-expareja-aun-no-puedo-hablar\/\",\"name\":\"Romina Gaetani se refiri\u00f3 a su presente luego de la denuncia por violencia a su expareja: \u201cAun no puedo hablar\u201d - Lobos News\",\"isPartOf\":{\"@id\":\"https:\/\/lobosnews.com.ar\/#website\"},\"primaryImageOfPage\":{\"@id\":\"https:\/\/lobosnews.com.ar\/index.php\/2026\/01\/19\/romina-gaetani-se-refirio-a-su-presente-luego-de-la-denuncia-por-violencia-a-su-expareja-aun-no-puedo-hablar\/#primaryimage\"},\"image\":{\"@id\":\"https:\/\/lobosnews.com.ar\/index.php\/2026\/01\/19\/romina-gaetani-se-refirio-a-su-presente-luego-de-la-denuncia-por-violencia-a-su-expareja-aun-no-puedo-hablar\/#primaryimage\"},\"thumbnailUrl\":\"https:\/\/lobosnews.com.ar\/wp-content\/uploads\/2026\/01\/romina-gaetani-se-refirio-a-su-presente-luego-de-la-denuncia-por-violencia-a-su-expareja-aun-no-puedo-hablar-4.jpg\",\"datePublished\":\"2026-01-19T14:33:04+00:00\",\"dateModified\":\"2026-01-19T16:50:53+00:00\",\"breadcrumb\":{\"@id\":\"https:\/\/lobosnews.com.ar\/index.php\/2026\/01\/19\/romina-gaetani-se-refirio-a-su-presente-luego-de-la-denuncia-por-violencia-a-su-expareja-aun-no-puedo-hablar\/#breadcrumb\"},\"inLanguage\":\"es\",\"potentialAction\":[{\"@type\":\"ReadAction\",\"target\":[\"https:\/\/lobosnews.com.ar\/index.php\/2026\/01\/19\/romina-gaetani-se-refirio-a-su-presente-luego-de-la-denuncia-por-violencia-a-su-expareja-aun-no-puedo-hablar\/\"]}]},{\"@type\":\"ImageObject\",\"inLanguage\":\"es\",\"@id\":\"https:\/\/lobosnews.com.ar\/index.php\/2026\/01\/19\/romina-gaetani-se-refirio-a-su-presente-luego-de-la-denuncia-por-violencia-a-su-expareja-aun-no-puedo-hablar\/#primaryimage\",\"url\":\"https:\/\/lobosnews.com.ar\/wp-content\/uploads\/2026\/01\/romina-gaetani-se-refirio-a-su-presente-luego-de-la-denuncia-por-violencia-a-su-expareja-aun-no-puedo-hablar-4.jpg\",\"contentUrl\":\"https:\/\/lobosnews.com.ar\/wp-content\/uploads\/2026\/01\/romina-gaetani-se-refirio-a-su-presente-luego-de-la-denuncia-por-violencia-a-su-expareja-aun-no-puedo-hablar-4.jpg\",\"width\":1920,\"height\":1080,\"caption\":\"Romina Gaetani se refiri\u00f3 a su presente luego de la denuncia por violencia a su expareja: \u201cAun no puedo hablar\u201d\"},{\"@type\":\"BreadcrumbList\",\"@id\":\"https:\/\/lobosnews.com.ar\/index.php\/2026\/01\/19\/romina-gaetani-se-refirio-a-su-presente-luego-de-la-denuncia-por-violencia-a-su-expareja-aun-no-puedo-hablar\/#breadcrumb\",\"itemListElement\":[{\"@type\":\"ListItem\",\"position\":1,\"name\":\"Portada\",\"item\":\"https:\/\/lobosnews.com.ar\/\"},{\"@type\":\"ListItem\",\"position\":2,\"name\":\"Romina Gaetani se refiri\u00f3 a su presente luego de la denuncia por violencia a su expareja: \u201cAun no puedo hablar\u201d\"}]},{\"@type\":\"WebSite\",\"@id\":\"https:\/\/lobosnews.com.ar\/#website\",\"url\":\"https:\/\/lobosnews.com.ar\/\",\"name\":\"Lobos News\",\"description\":\"Informaci\u00f3n a cada instante\",\"publisher\":{\"@id\":\"https:\/\/lobosnews.com.ar\/#organization\"},\"potentialAction\":[{\"@type\":\"SearchAction\",\"target\":{\"@type\":\"EntryPoint\",\"urlTemplate\":\"https:\/\/lobosnews.com.ar\/?s={search_term_string}\"},\"query-input\":{\"@type\":\"PropertyValueSpecification\",\"valueRequired\":true,\"valueName\":\"search_term_string\"}}],\"inLanguage\":\"es\"},{\"@type\":\"Organization\",\"@id\":\"https:\/\/lobosnews.com.ar\/#organization\",\"name\":\"Lobos News\",\"url\":\"https:\/\/lobosnews.com.ar\/\",\"logo\":{\"@type\":\"ImageObject\",\"inLanguage\":\"es\",\"@id\":\"https:\/\/lobosnews.com.ar\/#\/schema\/logo\/image\/\",\"url\":\"https:\/\/lobosnews.com.ar\/wp-content\/uploads\/2026\/01\/logo-lobosnews.png\",\"contentUrl\":\"https:\/\/lobosnews.com.ar\/wp-content\/uploads\/2026\/01\/logo-lobosnews.png\",\"width\":500,\"height\":200,\"caption\":\"Lobos News\"},\"image\":{\"@id\":\"https:\/\/lobosnews.com.ar\/#\/schema\/logo\/image\/\"}},{\"@type\":\"Person\",\"@id\":\"https:\/\/lobosnews.com.ar\/#\/schema\/person\/232422a593d5c541dd9aef6aaed10943\",\"name\":\"admin\",\"image\":{\"@type\":\"ImageObject\",\"inLanguage\":\"es\",\"@id\":\"https:\/\/lobosnews.com.ar\/#\/schema\/person\/image\/\",\"url\":\"https:\/\/secure.gravatar.com\/avatar\/76e419471a2083bc3ceab22a763dbbf9b0c1bd15a6214cf3280e2c2dde4580f9?s=96&d=mm&r=g\",\"contentUrl\":\"https:\/\/secure.gravatar.com\/avatar\/76e419471a2083bc3ceab22a763dbbf9b0c1bd15a6214cf3280e2c2dde4580f9?s=96&d=mm&r=g\",\"caption\":\"admin\"},\"sameAs\":[\"https:\/\/lobosnews.com.ar\"],\"url\":\"https:\/\/lobosnews.com.ar\/index.php\/author\/lobos-news\/\"}]}<\/script>\n<!-- \/ Yoast SEO plugin. -->","yoast_head_json":{"title":"Romina Gaetani se refiri\u00f3 a su presente luego de la denuncia por violencia a su expareja: \u201cAun no puedo hablar\u201d - Lobos News","robots":{"index":"index","follow":"follow","max-snippet":"max-snippet:-1","max-image-preview":"max-image-preview:large","max-video-preview":"max-video-preview:-1"},"canonical":"https:\/\/lobosnews.com.ar\/index.php\/2026\/01\/19\/romina-gaetani-se-refirio-a-su-presente-luego-de-la-denuncia-por-violencia-a-su-expareja-aun-no-puedo-hablar\/","og_locale":"es_ES","og_type":"article","og_title":"Romina Gaetani se refiri\u00f3 a su presente luego de la denuncia por violencia a su expareja: \u201cAun no puedo hablar\u201d - Lobos News","og_description":"La denuncia de Romina Gaetani por violencia de g\u00e9nero, sumada al reciente allanamiento judicial a la vivienda de su expareja Luis Cavanagh en un country de la provincia de Buenos Aires, volvi\u00f3 a situar a la actriz y su entorno en el centro del debate p\u00fablico sobre la exposici\u00f3n medi\u00e1tica y los tiempos emocionales en...","og_url":"https:\/\/lobosnews.com.ar\/index.php\/2026\/01\/19\/romina-gaetani-se-refirio-a-su-presente-luego-de-la-denuncia-por-violencia-a-su-expareja-aun-no-puedo-hablar\/","og_site_name":"Lobos News","article_published_time":"2026-01-19T14:33:04+00:00","article_modified_time":"2026-01-19T16:50:53+00:00","og_image":[{"url":"https:\/\/lobosnews.com.ar\/wp-content\/uploads\/2026\/01\/romina-gaetani-se-refirio-a-su-presente-luego-de-la-denuncia-por-violencia-a-su-expareja-aun-no-puedo-hablar.jpg","type":"","width":"","height":""}],"author":"admin","twitter_card":"summary_large_image","twitter_misc":{"Escrito por":"admin","Tiempo de lectura":"3 minutos"},"schema":{"@context":"https:\/\/schema.org","@graph":[{"@type":"Article","@id":"https:\/\/lobosnews.com.ar\/index.php\/2026\/01\/19\/romina-gaetani-se-refirio-a-su-presente-luego-de-la-denuncia-por-violencia-a-su-expareja-aun-no-puedo-hablar\/#article","isPartOf":{"@id":"https:\/\/lobosnews.com.ar\/index.php\/2026\/01\/19\/romina-gaetani-se-refirio-a-su-presente-luego-de-la-denuncia-por-violencia-a-su-expareja-aun-no-puedo-hablar\/"},"author":{"name":"admin","@id":"https:\/\/lobosnews.com.ar\/#\/schema\/person\/232422a593d5c541dd9aef6aaed10943"},"headline":"Romina Gaetani se refiri\u00f3 a su presente luego de la denuncia por violencia a su expareja: \u201cAun no puedo hablar\u201d","datePublished":"2026-01-19T14:33:04+00:00","dateModified":"2026-01-19T16:50:53+00:00","mainEntityOfPage":{"@id":"https:\/\/lobosnews.com.ar\/index.php\/2026\/01\/19\/romina-gaetani-se-refirio-a-su-presente-luego-de-la-denuncia-por-violencia-a-su-expareja-aun-no-puedo-hablar\/"},"wordCount":718,"commentCount":0,"publisher":{"@id":"https:\/\/lobosnews.com.ar\/#organization"},"image":{"@id":"https:\/\/lobosnews.com.ar\/index.php\/2026\/01\/19\/romina-gaetani-se-refirio-a-su-presente-luego-de-la-denuncia-por-violencia-a-su-expareja-aun-no-puedo-hablar\/#primaryimage"},"thumbnailUrl":"https:\/\/lobosnews.com.ar\/wp-content\/uploads\/2026\/01\/romina-gaetani-se-refirio-a-su-presente-luego-de-la-denuncia-por-violencia-a-su-expareja-aun-no-puedo-hablar-4.jpg","articleSection":["Cine y Series"],"inLanguage":"es","potentialAction":[{"@type":"CommentAction","name":"Comment","target":["https:\/\/lobosnews.com.ar\/index.php\/2026\/01\/19\/romina-gaetani-se-refirio-a-su-presente-luego-de-la-denuncia-por-violencia-a-su-expareja-aun-no-puedo-hablar\/#respond"]}]},{"@type":"WebPage","@id":"https:\/\/lobosnews.com.ar\/index.php\/2026\/01\/19\/romina-gaetani-se-refirio-a-su-presente-luego-de-la-denuncia-por-violencia-a-su-expareja-aun-no-puedo-hablar\/","url":"https:\/\/lobosnews.com.ar\/index.php\/2026\/01\/19\/romina-gaetani-se-refirio-a-su-presente-luego-de-la-denuncia-por-violencia-a-su-expareja-aun-no-puedo-hablar\/","name":"Romina Gaetani se refiri\u00f3 a su presente luego de la denuncia por violencia a su expareja: \u201cAun no puedo hablar\u201d - Lobos News","isPartOf":{"@id":"https:\/\/lobosnews.com.ar\/#website"},"primaryImageOfPage":{"@id":"https:\/\/lobosnews.com.ar\/index.php\/2026\/01\/19\/romina-gaetani-se-refirio-a-su-presente-luego-de-la-denuncia-por-violencia-a-su-expareja-aun-no-puedo-hablar\/#primaryimage"},"image":{"@id":"https:\/\/lobosnews.com.ar\/index.php\/2026\/01\/19\/romina-gaetani-se-refirio-a-su-presente-luego-de-la-denuncia-por-violencia-a-su-expareja-aun-no-puedo-hablar\/#primaryimage"},"thumbnailUrl":"https:\/\/lobosnews.com.ar\/wp-content\/uploads\/2026\/01\/romina-gaetani-se-refirio-a-su-presente-luego-de-la-denuncia-por-violencia-a-su-expareja-aun-no-puedo-hablar-4.jpg","datePublished":"2026-01-19T14:33:04+00:00","dateModified":"2026-01-19T16:50:53+00:00","breadcrumb":{"@id":"https:\/\/lobosnews.com.ar\/index.php\/2026\/01\/19\/romina-gaetani-se-refirio-a-su-presente-luego-de-la-denuncia-por-violencia-a-su-expareja-aun-no-puedo-hablar\/#breadcrumb"},"inLanguage":"es","potentialAction":[{"@type":"ReadAction","target":["https:\/\/lobosnews.com.ar\/index.php\/2026\/01\/19\/romina-gaetani-se-refirio-a-su-presente-luego-de-la-denuncia-por-violencia-a-su-expareja-aun-no-puedo-hablar\/"]}]},{"@type":"ImageObject","inLanguage":"es","@id":"https:\/\/lobosnews.com.ar\/index.php\/2026\/01\/19\/romina-gaetani-se-refirio-a-su-presente-luego-de-la-denuncia-por-violencia-a-su-expareja-aun-no-puedo-hablar\/#primaryimage","url":"https:\/\/lobosnews.com.ar\/wp-content\/uploads\/2026\/01\/romina-gaetani-se-refirio-a-su-presente-luego-de-la-denuncia-por-violencia-a-su-expareja-aun-no-puedo-hablar-4.jpg","contentUrl":"https:\/\/lobosnews.com.ar\/wp-content\/uploads\/2026\/01\/romina-gaetani-se-refirio-a-su-presente-luego-de-la-denuncia-por-violencia-a-su-expareja-aun-no-puedo-hablar-4.jpg","width":1920,"height":1080,"caption":"Romina Gaetani se refiri\u00f3 a su presente luego de la denuncia por violencia a su expareja: \u201cAun no puedo hablar\u201d"},{"@type":"BreadcrumbList","@id":"https:\/\/lobosnews.com.ar\/index.php\/2026\/01\/19\/romina-gaetani-se-refirio-a-su-presente-luego-de-la-denuncia-por-violencia-a-su-expareja-aun-no-puedo-hablar\/#breadcrumb","itemListElement":[{"@type":"ListItem","position":1,"name":"Portada","item":"https:\/\/lobosnews.com.ar\/"},{"@type":"ListItem","position":2,"name":"Romina Gaetani se refiri\u00f3 a su presente luego de la denuncia por violencia a su expareja: \u201cAun no puedo hablar\u201d"}]},{"@type":"WebSite","@id":"https:\/\/lobosnews.com.ar\/#website","url":"https:\/\/lobosnews.com.ar\/","name":"Lobos News","description":"Informaci\u00f3n a cada instante","publisher":{"@id":"https:\/\/lobosnews.com.ar\/#organization"},"potentialAction":[{"@type":"SearchAction","target":{"@type":"EntryPoint","urlTemplate":"https:\/\/lobosnews.com.ar\/?s={search_term_string}"},"query-input":{"@type":"PropertyValueSpecification","valueRequired":true,"valueName":"search_term_string"}}],"inLanguage":"es"},{"@type":"Organization","@id":"https:\/\/lobosnews.com.ar\/#organization","name":"Lobos News","url":"https:\/\/lobosnews.com.ar\/","logo":{"@type":"ImageObject","inLanguage":"es","@id":"https:\/\/lobosnews.com.ar\/#\/schema\/logo\/image\/","url":"https:\/\/lobosnews.com.ar\/wp-content\/uploads\/2026\/01\/logo-lobosnews.png","contentUrl":"https:\/\/lobosnews.com.ar\/wp-content\/uploads\/2026\/01\/logo-lobosnews.png","width":500,"height":200,"caption":"Lobos News"},"image":{"@id":"https:\/\/lobosnews.com.ar\/#\/schema\/logo\/image\/"}},{"@type":"Person","@id":"https:\/\/lobosnews.com.ar\/#\/schema\/person\/232422a593d5c541dd9aef6aaed10943","name":"admin","image":{"@type":"ImageObject","inLanguage":"es","@id":"https:\/\/lobosnews.com.ar\/#\/schema\/person\/image\/","url":"https:\/\/secure.gravatar.com\/avatar\/76e419471a2083bc3ceab22a763dbbf9b0c1bd15a6214cf3280e2c2dde4580f9?s=96&d=mm&r=g","contentUrl":"https:\/\/secure.gravatar.com\/avatar\/76e419471a2083bc3ceab22a763dbbf9b0c1bd15a6214cf3280e2c2dde4580f9?s=96&d=mm&r=g","caption":"admin"},"sameAs":["https:\/\/lobosnews.com.ar"],"url":"https:\/\/lobosnews.com.ar\/index.php\/author\/lobos-news\/"}]}},"jetpack_featured_media_url":"https:\/\/lobosnews.com.ar\/wp-content\/uploads\/2026\/01\/romina-gaetani-se-refirio-a-su-presente-luego-de-la-denuncia-por-violencia-a-su-expareja-aun-no-puedo-hablar-4.jpg","jetpack_sharing_enabled":true,"_links":{"self":[{"href":"https:\/\/lobosnews.com.ar\/index.php\/wp-json\/wp\/v2\/posts\/8697","targetHints":{"allow":["GET"]}}],"collection":[{"href":"https:\/\/lobosnews.com.ar\/index.php\/wp-json\/wp\/v2\/posts"}],"about":[{"href":"https:\/\/lobosnews.com.ar\/index.php\/wp-json\/wp\/v2\/types\/post"}],"author":[{"embeddable":true,"href":"https:\/\/lobosnews.com.ar\/index.php\/wp-json\/wp\/v2\/users\/1"}],"replies":[{"embeddable":true,"href":"https:\/\/lobosnews.com.ar\/index.php\/wp-json\/wp\/v2\/comments?post=8697"}],"version-history":[{"count":1,"href":"https:\/\/lobosnews.com.ar\/index.php\/wp-json\/wp\/v2\/posts\/8697\/revisions"}],"predecessor-version":[{"id":8701,"href":"https:\/\/lobosnews.com.ar\/index.php\/wp-json\/wp\/v2\/posts\/8697\/revisions\/8701"}],"wp:featuredmedia":[{"embeddable":true,"href":"https:\/\/lobosnews.com.ar\/index.php\/wp-json\/wp\/v2\/media\/8702"}],"wp:attachment":[{"href":"https:\/\/lobosnews.com.ar\/index.php\/wp-json\/wp\/v2\/media?parent=8697"}],"wp:term":[{"taxonomy":"category","embeddable":true,"href":"https:\/\/lobosnews.com.ar\/index.php\/wp-json\/wp\/v2\/categories?post=8697"},{"taxonomy":"post_tag","embeddable":true,"href":"https:\/\/lobosnews.com.ar\/index.php\/wp-json\/wp\/v2\/tags?post=8697"}],"curies":[{"name":"wp","href":"https:\/\/api.w.org\/{rel}","templated":true}]}}