{"id":8549,"date":"2026-01-19T09:00:01","date_gmt":"2026-01-19T09:00:01","guid":{"rendered":"https:\/\/lobosnews.com.ar\/index.php\/2026\/01\/19\/priscilla-presley-revelo-como-se-imagina-a-elvis-si-estuviera-vivo-en-2026\/"},"modified":"2026-01-19T10:44:53","modified_gmt":"2026-01-19T10:44:53","slug":"priscilla-presley-revelo-como-se-imagina-a-elvis-si-estuviera-vivo-en-2026","status":"publish","type":"post","link":"https:\/\/lobosnews.com.ar\/index.php\/2026\/01\/19\/priscilla-presley-revelo-como-se-imagina-a-elvis-si-estuviera-vivo-en-2026\/","title":{"rendered":"Priscilla Presley revel\u00f3 c\u00f3mo se imagina a Elvis si estuviera vivo en 2026"},"content":{"rendered":"<p><span class=\"waslinkname\"><b>Priscilla Presley<\/b><\/span><b> <\/b>comparti\u00f3 su visi\u00f3n sobre<b> c\u00f3mo se desarrollar\u00eda la vida de <\/b><span class=\"waslinkname\"><b>Elvis Presley<\/b><\/span><b> si estuviera vivo en 2026.<\/b> La exesposa del \u00edcono musical, quien falleci\u00f3 el 16 de agosto de 1977 en Memphis, Estados Unidos, a los 42 a\u00f1os, reflexion\u00f3 sobre el presente y el legado del artista en una entrevista reciente. <\/p>\n<p>Priscilla, hoy de 80 a\u00f1os, mantiene vivo el recuerdo del cantante y asegura que sus pasiones y rutinas seguir\u00edan intactas, a pocos d\u00edas de la fecha en la que hubiese cumplido 91 a\u00f1os, el 8 de enero de 2026.<\/p>\n<p>Seg\u00fan Priscilla, Elvis habr\u00eda continuado vinculado a la m\u00fasica en esta etapa de su vida. En di\u00e1logo con <i>Hello! Magazine<\/i> sobre su nuevo libro de memorias, <i>Softly, As I Leave You: Life After Elvis<\/i>, <b>la actriz destac\u00f3 la energ\u00eda y la entrega de quien fuera su marido durante los escenarios y las giras<\/b>. Asegura que el entusiasmo de Elvis por el espect\u00e1culo nunca desapareci\u00f3, incluso en los momentos m\u00e1s dif\u00edciles de su carrera.<\/p>\n<p><img loading=\"lazy\" decoding=\"async\" src=\"https:\/\/lobosnews.com.ar\/wp-content\/uploads\/2026\/01\/priscilla-presley-revelo-como-se-imagina-a-elvis-si-estuviera-vivo-en-2026.jpg\" alt=\"El recuerdo de Elvis Presley se mantiene vivo gracias al compromiso de Priscilla Presley y su constante homenaje a trav\u00e9s de memorias y entrevistas (Pictorial Press Ltd)\" height=\"2773\" width=\"4196\"\/><\/p>\n<p>De acuerdo con testimonios recogidos por <i>People<\/i>, <b>Priscilla indic\u00f3 que la escritura de sus memorias le permiti\u00f3 revivir etapas intensas y emotivas.<\/b> El proceso de redacci\u00f3n se extendi\u00f3 durante m\u00e1s de once meses y le brind\u00f3 la oportunidad de repasar recuerdos felices y momentos complejos. La autora sostiene que este ejercicio la ayud\u00f3 a comprender la magnitud de la historia que comparti\u00f3 con el \u201cRey del Rock\u201d. <\/p>\n<p><img loading=\"lazy\" decoding=\"async\" src=\"https:\/\/lobosnews.com.ar\/wp-content\/uploads\/2026\/01\/priscilla-presley-revelo-como-se-imagina-a-elvis-si-estuviera-vivo-en-2026-1.jpg\" alt=\"Priscilla Presley destaca que Elvis habr\u00eda seguido involucrado con la m\u00fasica en 2026, manteniendo su pasi\u00f3n y entrega sobre los escenarios (People)\" height=\"1079\" width=\"1917\"\/><\/p>\n<h2>Un v\u00ednculo que perdur\u00f3 despu\u00e9s de la separaci\u00f3n<\/h2>\n<p><b>Priscilla y Elvis Presley mantuvieron una relaci\u00f3n cercana tras su divorcio<\/b>, que ocurri\u00f3 en 1973 luego de seis a\u00f1os de matrimonio y casi una d\u00e9cada de relaci\u00f3n. <\/p>\n<p>Seg\u00fan Priscilla, el di\u00e1logo y la cordialidad fueron constantes, especialmente por su hija en com\u00fan, <b>Lisa Marie Presley<\/b>. En sus palabras, la prioridad siempre fue garantizar que Lisa Marie pasara tiempo de calidad con su padre en Graceland y pudiera verlo actuar en vivo.<\/p>\n<p>La autora relat\u00f3 que, pese a la separaci\u00f3n, ambos se respetaron y conservaron el afecto. <b>Elvis, afirma Priscilla, pose\u00eda un gran sentido del humor y resultaba una compa\u00f1\u00eda agradable.<\/b> Este ambiente familiar permiti\u00f3 que la relaci\u00f3n entre padre e hija se fortaleciera y que la memoria de aquellos a\u00f1os permanezca vigente en su memoria.<\/p>\n<p><img loading=\"lazy\" decoding=\"async\" src=\"https:\/\/lobosnews.com.ar\/wp-content\/uploads\/2026\/01\/priscilla-presley-revelo-como-se-imagina-a-elvis-si-estuviera-vivo-en-2026-2.jpg\" alt=\"La escritura del libro Softly, As I Leave You permiti\u00f3 a Priscilla Presley repasar momentos felices y dolorosos vividos con Elvis Presley Cr\u00e9dito: prensa BMG\" height=\"1080\" width=\"1920\"\/><\/p>\n<p><b>Priscilla<\/b> <b>remarc\u00f3 la importancia de esos encuentros en Graceland<\/b> y la influencia positiva que tuvieron en su hija. Asegura que el legado de Elvis contin\u00faa vivo no solo a trav\u00e9s de la m\u00fasica, sino tambi\u00e9n en los recuerdos compartidos por su familia.<\/p>\n<h2>Experiencia con el p\u00fablico y nuevas etapas<\/h2>\n<p>Actualmente, <b>Priscilla Presley se encuentra en una gira de promoci\u00f3n por diversas ciudades del mundo<\/b>, donde presenta su libro y dialoga con el p\u00fablico sobre su vida junto a Elvis. <\/p>\n<p><img loading=\"lazy\" decoding=\"async\" src=\"https:\/\/lobosnews.com.ar\/wp-content\/uploads\/2026\/01\/priscilla-presley-revelo-como-se-imagina-a-elvis-si-estuviera-vivo-en-2026-3.jpg\" alt=\"Tras el divorcio, Priscilla y Elvis Presley conservaron una relaci\u00f3n cercana y cordial, priorizando el bienestar de su hija Lisa Marie Presley en Graceland (AP)\" height=\"900\" width=\"702\"\/><\/p>\n<p>Seg\u00fan la propia autora, la recepci\u00f3n de los lectores ha sido entusiasta y la ha llevado a destinos como Londres, Par\u00eds, Nueva York, Melbourne y S\u00eddney. Priscilla expresa que disfruta responder preguntas y compartir an\u00e9cdotas, lo que le permite conectar con seguidores de distintas generaciones.<\/p>\n<p>En una de estas presentaciones, <b>Priscilla recibi\u00f3 una consulta curiosa sobre Elvis<\/b>: si alguna vez us\u00f3 un<b> peluqu\u00edn<\/b>. Ella respondi\u00f3 que no, aclarando que el famoso cabello de Elvis era natural y aut\u00e9ntico, disipando as\u00ed uno de los mitos sobre el cantante.<\/p>\n<p><img loading=\"lazy\" decoding=\"async\" src=\"https:\/\/lobosnews.com.ar\/wp-content\/uploads\/2026\/01\/priscilla-presley-revelo-como-se-imagina-a-elvis-si-estuviera-vivo-en-2026-4.jpg\" alt=\"Tras el divorcio, Priscilla y Elvis Presley conservaron una relaci\u00f3n cercana y cordial, priorizando el bienestar de su hija Lisa Marie Presley en Graceland (08\/11\/1978)(AP Photo)\" height=\"829\" width=\"768\"\/><\/p>\n<p>La gira literaria representa para Priscilla una oportunidad de mantener el contacto con el p\u00fablico y compartir detalles in\u00e9ditos de su historia. La actriz manifest\u00f3 su deseo de continuar recorriendo nuevas ciudades en 2026, llevando su libro y su testimonio a m\u00e1s lectores.<\/p>\n<h2>El impacto de Elvis tras su partida<\/h2>\n<p>Priscilla Presley record\u00f3 los d\u00edas posteriores a la muerte de Elvis como momentos de incredulidad y conmoci\u00f3n. De acuerdo con declaraciones previas recogidas por <i>Today<\/i> en 2018, la <b>despedida en Memphis<\/b> dej\u00f3 una huella profunda en quienes lo conocieron y en sus admiradores. Las calles se llenaron de personas que acompa\u00f1aron el cortejo f\u00fanebre y manifestaron su dolor de manera masiva.<\/p>\n<p><img loading=\"lazy\" decoding=\"async\" src=\"https:\/\/lobosnews.com.ar\/wp-content\/uploads\/2026\/01\/priscilla-presley-revelo-como-se-imagina-a-elvis-si-estuviera-vivo-en-2026-5.jpg\" alt=\"La gira literaria de Priscilla Presley incluye presentaciones en Londres, Par\u00eds, Nueva York y otras ciudades, donde responde preguntas sobre la vida junto a Elvis Presley (AP Photo)\" height=\"1080\" width=\"1920\"\/><\/p>\n<p>A m\u00e1s de cuatro d\u00e9cadas de su fallecimiento, <b>la figura de<\/b> <b>Elvis Presley<\/b> <b>sigue generando devoci\u00f3n<\/b>. Cada aniversario re\u00fane multitudes en Graceland, lo que evidencia la magnitud del legado art\u00edstico y personal que dej\u00f3 el cantante. Priscilla subraya que el recuerdo de Elvis persiste, tanto en la memoria colectiva como en la vida familiar.<\/p>\n<p>Elvis permanece como un s\u00edmbolo cultural cuya influencia atraviesa generaciones. La visi\u00f3n de Priscilla Presley sobre el presente y futuro del artista reafirma la vigencia de su historia y el impacto que mantiene en la cultura global.<\/p>\n","protected":false},"excerpt":{"rendered":"<p>Priscilla Presley comparti\u00f3 su visi\u00f3n sobre c\u00f3mo se desarrollar\u00eda la vida de Elvis Presley si estuviera vivo en 2026. La exesposa del \u00edcono musical, quien falleci\u00f3 el 16 de agosto de 1977 en Memphis, Estados Unidos, a los 42 a\u00f1os, reflexion\u00f3 sobre el presente y el legado del artista en una entrevista reciente. Priscilla, hoy&#8230;<\/p>\n","protected":false},"author":1,"featured_media":8557,"comment_status":"open","ping_status":"closed","sticky":false,"template":"","format":"standard","meta":{"_jetpack_memberships_contains_paid_content":false,"footnotes":""},"categories":[31],"tags":[],"class_list":["post-8549","post","type-post","status-publish","format-standard","has-post-thumbnail","hentry","category-actualidad"],"magazineBlocksPostFeaturedMedia":{"thumbnail":"https:\/\/lobosnews.com.ar\/wp-content\/uploads\/2026\/01\/priscilla-presley-revelo-como-se-imagina-a-elvis-si-estuviera-vivo-en-2026-10-150x150.jpg","medium":"https:\/\/lobosnews.com.ar\/wp-content\/uploads\/2026\/01\/priscilla-presley-revelo-como-se-imagina-a-elvis-si-estuviera-vivo-en-2026-10-300x169.jpg","medium_large":"https:\/\/lobosnews.com.ar\/wp-content\/uploads\/2026\/01\/priscilla-presley-revelo-como-se-imagina-a-elvis-si-estuviera-vivo-en-2026-10-768x432.jpg","large":"https:\/\/lobosnews.com.ar\/wp-content\/uploads\/2026\/01\/priscilla-presley-revelo-como-se-imagina-a-elvis-si-estuviera-vivo-en-2026-10-1024x576.jpg","1536x1536":"https:\/\/lobosnews.com.ar\/wp-content\/uploads\/2026\/01\/priscilla-presley-revelo-como-se-imagina-a-elvis-si-estuviera-vivo-en-2026-10-1536x864.jpg","2048x2048":"https:\/\/lobosnews.com.ar\/wp-content\/uploads\/2026\/01\/priscilla-presley-revelo-como-se-imagina-a-elvis-si-estuviera-vivo-en-2026-10.jpg","newsmatic-featured":"https:\/\/lobosnews.com.ar\/wp-content\/uploads\/2026\/01\/priscilla-presley-revelo-como-se-imagina-a-elvis-si-estuviera-vivo-en-2026-10-820x545.jpg","newsmatic-list":"https:\/\/lobosnews.com.ar\/wp-content\/uploads\/2026\/01\/priscilla-presley-revelo-como-se-imagina-a-elvis-si-estuviera-vivo-en-2026-10-600x400.jpg","newsmatic-thumb":"https:\/\/lobosnews.com.ar\/wp-content\/uploads\/2026\/01\/priscilla-presley-revelo-como-se-imagina-a-elvis-si-estuviera-vivo-en-2026-10-300x200.jpg","newsmatic-small":"https:\/\/lobosnews.com.ar\/wp-content\/uploads\/2026\/01\/priscilla-presley-revelo-como-se-imagina-a-elvis-si-estuviera-vivo-en-2026-10-150x95.jpg","newsmatic-grid":"https:\/\/lobosnews.com.ar\/wp-content\/uploads\/2026\/01\/priscilla-presley-revelo-como-se-imagina-a-elvis-si-estuviera-vivo-en-2026-10-400x250.jpg"},"magazineBlocksPostAuthor":{"name":"admin","avatar":"https:\/\/secure.gravatar.com\/avatar\/76e419471a2083bc3ceab22a763dbbf9b0c1bd15a6214cf3280e2c2dde4580f9?s=96&d=mm&r=g"},"magazineBlocksPostCommentsNumber":"0","magazineBlocksPostExcerpt":"Priscilla Presley comparti\u00f3 su visi\u00f3n sobre c\u00f3mo se desarrollar\u00eda la vida de Elvis Presley si estuviera vivo en 2026. La exesposa del \u00edcono musical, quien falleci\u00f3 el 16 de agosto de 1977 en Memphis, Estados Unidos, a los 42 a\u00f1os, reflexion\u00f3 sobre el presente y el legado del artista en una entrevista reciente. Priscilla, hoy...","magazineBlocksPostCategories":["Actualidad"],"magazineBlocksPostViewCount":223,"magazineBlocksPostReadTime":4,"magazine_blocks_featured_image_url":{"full":["https:\/\/lobosnews.com.ar\/wp-content\/uploads\/2026\/01\/priscilla-presley-revelo-como-se-imagina-a-elvis-si-estuviera-vivo-en-2026-10.jpg",1920,1080,false],"medium":["https:\/\/lobosnews.com.ar\/wp-content\/uploads\/2026\/01\/priscilla-presley-revelo-como-se-imagina-a-elvis-si-estuviera-vivo-en-2026-10-300x169.jpg",300,169,true],"thumbnail":["https:\/\/lobosnews.com.ar\/wp-content\/uploads\/2026\/01\/priscilla-presley-revelo-como-se-imagina-a-elvis-si-estuviera-vivo-en-2026-10-150x150.jpg",150,150,true]},"magazine_blocks_author":{"display_name":"admin","author_link":"https:\/\/lobosnews.com.ar\/index.php\/author\/lobos-news\/"},"magazine_blocks_comment":0,"magazine_blocks_author_image":"https:\/\/secure.gravatar.com\/avatar\/76e419471a2083bc3ceab22a763dbbf9b0c1bd15a6214cf3280e2c2dde4580f9?s=96&d=mm&r=g","magazine_blocks_category":"<a href=\"#\" class=\"category-link category-link-31\">Actualidad<\/a>","yoast_head":"<!-- This site is optimized with the Yoast SEO plugin v26.6 - https:\/\/yoast.com\/wordpress\/plugins\/seo\/ -->\n<title>Priscilla Presley revel\u00f3 c\u00f3mo se imagina a Elvis si estuviera vivo en 2026 - Lobos News<\/title>\n<meta name=\"robots\" content=\"index, follow, max-snippet:-1, max-image-preview:large, max-video-preview:-1\" \/>\n<link rel=\"canonical\" href=\"https:\/\/lobosnews.com.ar\/index.php\/2026\/01\/19\/priscilla-presley-revelo-como-se-imagina-a-elvis-si-estuviera-vivo-en-2026\/\" \/>\n<meta property=\"og:locale\" content=\"es_ES\" \/>\n<meta property=\"og:type\" content=\"article\" \/>\n<meta property=\"og:title\" content=\"Priscilla Presley revel\u00f3 c\u00f3mo se imagina a Elvis si estuviera vivo en 2026 - Lobos News\" \/>\n<meta property=\"og:description\" content=\"Priscilla Presley comparti\u00f3 su visi\u00f3n sobre c\u00f3mo se desarrollar\u00eda la vida de Elvis Presley si estuviera vivo en 2026. La exesposa del \u00edcono musical, quien falleci\u00f3 el 16 de agosto de 1977 en Memphis, Estados Unidos, a los 42 a\u00f1os, reflexion\u00f3 sobre el presente y el legado del artista en una entrevista reciente. Priscilla, hoy...\" \/>\n<meta property=\"og:url\" content=\"https:\/\/lobosnews.com.ar\/index.php\/2026\/01\/19\/priscilla-presley-revelo-como-se-imagina-a-elvis-si-estuviera-vivo-en-2026\/\" \/>\n<meta property=\"og:site_name\" content=\"Lobos News\" \/>\n<meta property=\"article:published_time\" content=\"2026-01-19T09:00:01+00:00\" \/>\n<meta property=\"article:modified_time\" content=\"2026-01-19T10:44:53+00:00\" \/>\n<meta property=\"og:image\" content=\"https:\/\/lobosnews.com.ar\/wp-content\/uploads\/2026\/01\/priscilla-presley-revelo-como-se-imagina-a-elvis-si-estuviera-vivo-en-2026.jpg\" \/>\n<meta name=\"author\" content=\"admin\" \/>\n<meta name=\"twitter:card\" content=\"summary_large_image\" \/>\n<meta name=\"twitter:label1\" content=\"Escrito por\" \/>\n\t<meta name=\"twitter:data1\" content=\"admin\" \/>\n\t<meta name=\"twitter:label2\" content=\"Tiempo de lectura\" \/>\n\t<meta name=\"twitter:data2\" content=\"4 minutos\" \/>\n<script type=\"application\/ld+json\" class=\"yoast-schema-graph\">{\"@context\":\"https:\/\/schema.org\",\"@graph\":[{\"@type\":\"Article\",\"@id\":\"https:\/\/lobosnews.com.ar\/index.php\/2026\/01\/19\/priscilla-presley-revelo-como-se-imagina-a-elvis-si-estuviera-vivo-en-2026\/#article\",\"isPartOf\":{\"@id\":\"https:\/\/lobosnews.com.ar\/index.php\/2026\/01\/19\/priscilla-presley-revelo-como-se-imagina-a-elvis-si-estuviera-vivo-en-2026\/\"},\"author\":{\"name\":\"admin\",\"@id\":\"https:\/\/lobosnews.com.ar\/#\/schema\/person\/232422a593d5c541dd9aef6aaed10943\"},\"headline\":\"Priscilla Presley revel\u00f3 c\u00f3mo se imagina a Elvis si estuviera vivo en 2026\",\"datePublished\":\"2026-01-19T09:00:01+00:00\",\"dateModified\":\"2026-01-19T10:44:53+00:00\",\"mainEntityOfPage\":{\"@id\":\"https:\/\/lobosnews.com.ar\/index.php\/2026\/01\/19\/priscilla-presley-revelo-como-se-imagina-a-elvis-si-estuviera-vivo-en-2026\/\"},\"wordCount\":796,\"commentCount\":0,\"publisher\":{\"@id\":\"https:\/\/lobosnews.com.ar\/#organization\"},\"image\":{\"@id\":\"https:\/\/lobosnews.com.ar\/index.php\/2026\/01\/19\/priscilla-presley-revelo-como-se-imagina-a-elvis-si-estuviera-vivo-en-2026\/#primaryimage\"},\"thumbnailUrl\":\"https:\/\/lobosnews.com.ar\/wp-content\/uploads\/2026\/01\/priscilla-presley-revelo-como-se-imagina-a-elvis-si-estuviera-vivo-en-2026-10.jpg\",\"articleSection\":[\"Actualidad\"],\"inLanguage\":\"es\",\"potentialAction\":[{\"@type\":\"CommentAction\",\"name\":\"Comment\",\"target\":[\"https:\/\/lobosnews.com.ar\/index.php\/2026\/01\/19\/priscilla-presley-revelo-como-se-imagina-a-elvis-si-estuviera-vivo-en-2026\/#respond\"]}]},{\"@type\":\"WebPage\",\"@id\":\"https:\/\/lobosnews.com.ar\/index.php\/2026\/01\/19\/priscilla-presley-revelo-como-se-imagina-a-elvis-si-estuviera-vivo-en-2026\/\",\"url\":\"https:\/\/lobosnews.com.ar\/index.php\/2026\/01\/19\/priscilla-presley-revelo-como-se-imagina-a-elvis-si-estuviera-vivo-en-2026\/\",\"name\":\"Priscilla Presley revel\u00f3 c\u00f3mo se imagina a Elvis si estuviera vivo en 2026 - Lobos News\",\"isPartOf\":{\"@id\":\"https:\/\/lobosnews.com.ar\/#website\"},\"primaryImageOfPage\":{\"@id\":\"https:\/\/lobosnews.com.ar\/index.php\/2026\/01\/19\/priscilla-presley-revelo-como-se-imagina-a-elvis-si-estuviera-vivo-en-2026\/#primaryimage\"},\"image\":{\"@id\":\"https:\/\/lobosnews.com.ar\/index.php\/2026\/01\/19\/priscilla-presley-revelo-como-se-imagina-a-elvis-si-estuviera-vivo-en-2026\/#primaryimage\"},\"thumbnailUrl\":\"https:\/\/lobosnews.com.ar\/wp-content\/uploads\/2026\/01\/priscilla-presley-revelo-como-se-imagina-a-elvis-si-estuviera-vivo-en-2026-10.jpg\",\"datePublished\":\"2026-01-19T09:00:01+00:00\",\"dateModified\":\"2026-01-19T10:44:53+00:00\",\"breadcrumb\":{\"@id\":\"https:\/\/lobosnews.com.ar\/index.php\/2026\/01\/19\/priscilla-presley-revelo-como-se-imagina-a-elvis-si-estuviera-vivo-en-2026\/#breadcrumb\"},\"inLanguage\":\"es\",\"potentialAction\":[{\"@type\":\"ReadAction\",\"target\":[\"https:\/\/lobosnews.com.ar\/index.php\/2026\/01\/19\/priscilla-presley-revelo-como-se-imagina-a-elvis-si-estuviera-vivo-en-2026\/\"]}]},{\"@type\":\"ImageObject\",\"inLanguage\":\"es\",\"@id\":\"https:\/\/lobosnews.com.ar\/index.php\/2026\/01\/19\/priscilla-presley-revelo-como-se-imagina-a-elvis-si-estuviera-vivo-en-2026\/#primaryimage\",\"url\":\"https:\/\/lobosnews.com.ar\/wp-content\/uploads\/2026\/01\/priscilla-presley-revelo-como-se-imagina-a-elvis-si-estuviera-vivo-en-2026-10.jpg\",\"contentUrl\":\"https:\/\/lobosnews.com.ar\/wp-content\/uploads\/2026\/01\/priscilla-presley-revelo-como-se-imagina-a-elvis-si-estuviera-vivo-en-2026-10.jpg\",\"width\":1920,\"height\":1080,\"caption\":\"Priscilla Presley revel\u00f3 c\u00f3mo se imagina a Elvis si estuviera vivo en 2026\"},{\"@type\":\"BreadcrumbList\",\"@id\":\"https:\/\/lobosnews.com.ar\/index.php\/2026\/01\/19\/priscilla-presley-revelo-como-se-imagina-a-elvis-si-estuviera-vivo-en-2026\/#breadcrumb\",\"itemListElement\":[{\"@type\":\"ListItem\",\"position\":1,\"name\":\"Portada\",\"item\":\"https:\/\/lobosnews.com.ar\/\"},{\"@type\":\"ListItem\",\"position\":2,\"name\":\"Priscilla Presley revel\u00f3 c\u00f3mo se imagina a Elvis si estuviera vivo en 2026\"}]},{\"@type\":\"WebSite\",\"@id\":\"https:\/\/lobosnews.com.ar\/#website\",\"url\":\"https:\/\/lobosnews.com.ar\/\",\"name\":\"Lobos News\",\"description\":\"Informaci\u00f3n a cada instante\",\"publisher\":{\"@id\":\"https:\/\/lobosnews.com.ar\/#organization\"},\"potentialAction\":[{\"@type\":\"SearchAction\",\"target\":{\"@type\":\"EntryPoint\",\"urlTemplate\":\"https:\/\/lobosnews.com.ar\/?s={search_term_string}\"},\"query-input\":{\"@type\":\"PropertyValueSpecification\",\"valueRequired\":true,\"valueName\":\"search_term_string\"}}],\"inLanguage\":\"es\"},{\"@type\":\"Organization\",\"@id\":\"https:\/\/lobosnews.com.ar\/#organization\",\"name\":\"Lobos News\",\"url\":\"https:\/\/lobosnews.com.ar\/\",\"logo\":{\"@type\":\"ImageObject\",\"inLanguage\":\"es\",\"@id\":\"https:\/\/lobosnews.com.ar\/#\/schema\/logo\/image\/\",\"url\":\"https:\/\/lobosnews.com.ar\/wp-content\/uploads\/2026\/01\/logo-lobosnews.png\",\"contentUrl\":\"https:\/\/lobosnews.com.ar\/wp-content\/uploads\/2026\/01\/logo-lobosnews.png\",\"width\":500,\"height\":200,\"caption\":\"Lobos News\"},\"image\":{\"@id\":\"https:\/\/lobosnews.com.ar\/#\/schema\/logo\/image\/\"}},{\"@type\":\"Person\",\"@id\":\"https:\/\/lobosnews.com.ar\/#\/schema\/person\/232422a593d5c541dd9aef6aaed10943\",\"name\":\"admin\",\"image\":{\"@type\":\"ImageObject\",\"inLanguage\":\"es\",\"@id\":\"https:\/\/lobosnews.com.ar\/#\/schema\/person\/image\/\",\"url\":\"https:\/\/secure.gravatar.com\/avatar\/76e419471a2083bc3ceab22a763dbbf9b0c1bd15a6214cf3280e2c2dde4580f9?s=96&d=mm&r=g\",\"contentUrl\":\"https:\/\/secure.gravatar.com\/avatar\/76e419471a2083bc3ceab22a763dbbf9b0c1bd15a6214cf3280e2c2dde4580f9?s=96&d=mm&r=g\",\"caption\":\"admin\"},\"sameAs\":[\"https:\/\/lobosnews.com.ar\"],\"url\":\"https:\/\/lobosnews.com.ar\/index.php\/author\/lobos-news\/\"}]}<\/script>\n<!-- \/ Yoast SEO plugin. -->","yoast_head_json":{"title":"Priscilla Presley revel\u00f3 c\u00f3mo se imagina a Elvis si estuviera vivo en 2026 - Lobos News","robots":{"index":"index","follow":"follow","max-snippet":"max-snippet:-1","max-image-preview":"max-image-preview:large","max-video-preview":"max-video-preview:-1"},"canonical":"https:\/\/lobosnews.com.ar\/index.php\/2026\/01\/19\/priscilla-presley-revelo-como-se-imagina-a-elvis-si-estuviera-vivo-en-2026\/","og_locale":"es_ES","og_type":"article","og_title":"Priscilla Presley revel\u00f3 c\u00f3mo se imagina a Elvis si estuviera vivo en 2026 - Lobos News","og_description":"Priscilla Presley comparti\u00f3 su visi\u00f3n sobre c\u00f3mo se desarrollar\u00eda la vida de Elvis Presley si estuviera vivo en 2026. La exesposa del \u00edcono musical, quien falleci\u00f3 el 16 de agosto de 1977 en Memphis, Estados Unidos, a los 42 a\u00f1os, reflexion\u00f3 sobre el presente y el legado del artista en una entrevista reciente. Priscilla, hoy...","og_url":"https:\/\/lobosnews.com.ar\/index.php\/2026\/01\/19\/priscilla-presley-revelo-como-se-imagina-a-elvis-si-estuviera-vivo-en-2026\/","og_site_name":"Lobos News","article_published_time":"2026-01-19T09:00:01+00:00","article_modified_time":"2026-01-19T10:44:53+00:00","og_image":[{"url":"https:\/\/lobosnews.com.ar\/wp-content\/uploads\/2026\/01\/priscilla-presley-revelo-como-se-imagina-a-elvis-si-estuviera-vivo-en-2026.jpg","type":"","width":"","height":""}],"author":"admin","twitter_card":"summary_large_image","twitter_misc":{"Escrito por":"admin","Tiempo de lectura":"4 minutos"},"schema":{"@context":"https:\/\/schema.org","@graph":[{"@type":"Article","@id":"https:\/\/lobosnews.com.ar\/index.php\/2026\/01\/19\/priscilla-presley-revelo-como-se-imagina-a-elvis-si-estuviera-vivo-en-2026\/#article","isPartOf":{"@id":"https:\/\/lobosnews.com.ar\/index.php\/2026\/01\/19\/priscilla-presley-revelo-como-se-imagina-a-elvis-si-estuviera-vivo-en-2026\/"},"author":{"name":"admin","@id":"https:\/\/lobosnews.com.ar\/#\/schema\/person\/232422a593d5c541dd9aef6aaed10943"},"headline":"Priscilla Presley revel\u00f3 c\u00f3mo se imagina a Elvis si estuviera vivo en 2026","datePublished":"2026-01-19T09:00:01+00:00","dateModified":"2026-01-19T10:44:53+00:00","mainEntityOfPage":{"@id":"https:\/\/lobosnews.com.ar\/index.php\/2026\/01\/19\/priscilla-presley-revelo-como-se-imagina-a-elvis-si-estuviera-vivo-en-2026\/"},"wordCount":796,"commentCount":0,"publisher":{"@id":"https:\/\/lobosnews.com.ar\/#organization"},"image":{"@id":"https:\/\/lobosnews.com.ar\/index.php\/2026\/01\/19\/priscilla-presley-revelo-como-se-imagina-a-elvis-si-estuviera-vivo-en-2026\/#primaryimage"},"thumbnailUrl":"https:\/\/lobosnews.com.ar\/wp-content\/uploads\/2026\/01\/priscilla-presley-revelo-como-se-imagina-a-elvis-si-estuviera-vivo-en-2026-10.jpg","articleSection":["Actualidad"],"inLanguage":"es","potentialAction":[{"@type":"CommentAction","name":"Comment","target":["https:\/\/lobosnews.com.ar\/index.php\/2026\/01\/19\/priscilla-presley-revelo-como-se-imagina-a-elvis-si-estuviera-vivo-en-2026\/#respond"]}]},{"@type":"WebPage","@id":"https:\/\/lobosnews.com.ar\/index.php\/2026\/01\/19\/priscilla-presley-revelo-como-se-imagina-a-elvis-si-estuviera-vivo-en-2026\/","url":"https:\/\/lobosnews.com.ar\/index.php\/2026\/01\/19\/priscilla-presley-revelo-como-se-imagina-a-elvis-si-estuviera-vivo-en-2026\/","name":"Priscilla Presley revel\u00f3 c\u00f3mo se imagina a Elvis si estuviera vivo en 2026 - Lobos News","isPartOf":{"@id":"https:\/\/lobosnews.com.ar\/#website"},"primaryImageOfPage":{"@id":"https:\/\/lobosnews.com.ar\/index.php\/2026\/01\/19\/priscilla-presley-revelo-como-se-imagina-a-elvis-si-estuviera-vivo-en-2026\/#primaryimage"},"image":{"@id":"https:\/\/lobosnews.com.ar\/index.php\/2026\/01\/19\/priscilla-presley-revelo-como-se-imagina-a-elvis-si-estuviera-vivo-en-2026\/#primaryimage"},"thumbnailUrl":"https:\/\/lobosnews.com.ar\/wp-content\/uploads\/2026\/01\/priscilla-presley-revelo-como-se-imagina-a-elvis-si-estuviera-vivo-en-2026-10.jpg","datePublished":"2026-01-19T09:00:01+00:00","dateModified":"2026-01-19T10:44:53+00:00","breadcrumb":{"@id":"https:\/\/lobosnews.com.ar\/index.php\/2026\/01\/19\/priscilla-presley-revelo-como-se-imagina-a-elvis-si-estuviera-vivo-en-2026\/#breadcrumb"},"inLanguage":"es","potentialAction":[{"@type":"ReadAction","target":["https:\/\/lobosnews.com.ar\/index.php\/2026\/01\/19\/priscilla-presley-revelo-como-se-imagina-a-elvis-si-estuviera-vivo-en-2026\/"]}]},{"@type":"ImageObject","inLanguage":"es","@id":"https:\/\/lobosnews.com.ar\/index.php\/2026\/01\/19\/priscilla-presley-revelo-como-se-imagina-a-elvis-si-estuviera-vivo-en-2026\/#primaryimage","url":"https:\/\/lobosnews.com.ar\/wp-content\/uploads\/2026\/01\/priscilla-presley-revelo-como-se-imagina-a-elvis-si-estuviera-vivo-en-2026-10.jpg","contentUrl":"https:\/\/lobosnews.com.ar\/wp-content\/uploads\/2026\/01\/priscilla-presley-revelo-como-se-imagina-a-elvis-si-estuviera-vivo-en-2026-10.jpg","width":1920,"height":1080,"caption":"Priscilla Presley revel\u00f3 c\u00f3mo se imagina a Elvis si estuviera vivo en 2026"},{"@type":"BreadcrumbList","@id":"https:\/\/lobosnews.com.ar\/index.php\/2026\/01\/19\/priscilla-presley-revelo-como-se-imagina-a-elvis-si-estuviera-vivo-en-2026\/#breadcrumb","itemListElement":[{"@type":"ListItem","position":1,"name":"Portada","item":"https:\/\/lobosnews.com.ar\/"},{"@type":"ListItem","position":2,"name":"Priscilla Presley revel\u00f3 c\u00f3mo se imagina a Elvis si estuviera vivo en 2026"}]},{"@type":"WebSite","@id":"https:\/\/lobosnews.com.ar\/#website","url":"https:\/\/lobosnews.com.ar\/","name":"Lobos News","description":"Informaci\u00f3n a cada instante","publisher":{"@id":"https:\/\/lobosnews.com.ar\/#organization"},"potentialAction":[{"@type":"SearchAction","target":{"@type":"EntryPoint","urlTemplate":"https:\/\/lobosnews.com.ar\/?s={search_term_string}"},"query-input":{"@type":"PropertyValueSpecification","valueRequired":true,"valueName":"search_term_string"}}],"inLanguage":"es"},{"@type":"Organization","@id":"https:\/\/lobosnews.com.ar\/#organization","name":"Lobos News","url":"https:\/\/lobosnews.com.ar\/","logo":{"@type":"ImageObject","inLanguage":"es","@id":"https:\/\/lobosnews.com.ar\/#\/schema\/logo\/image\/","url":"https:\/\/lobosnews.com.ar\/wp-content\/uploads\/2026\/01\/logo-lobosnews.png","contentUrl":"https:\/\/lobosnews.com.ar\/wp-content\/uploads\/2026\/01\/logo-lobosnews.png","width":500,"height":200,"caption":"Lobos News"},"image":{"@id":"https:\/\/lobosnews.com.ar\/#\/schema\/logo\/image\/"}},{"@type":"Person","@id":"https:\/\/lobosnews.com.ar\/#\/schema\/person\/232422a593d5c541dd9aef6aaed10943","name":"admin","image":{"@type":"ImageObject","inLanguage":"es","@id":"https:\/\/lobosnews.com.ar\/#\/schema\/person\/image\/","url":"https:\/\/secure.gravatar.com\/avatar\/76e419471a2083bc3ceab22a763dbbf9b0c1bd15a6214cf3280e2c2dde4580f9?s=96&d=mm&r=g","contentUrl":"https:\/\/secure.gravatar.com\/avatar\/76e419471a2083bc3ceab22a763dbbf9b0c1bd15a6214cf3280e2c2dde4580f9?s=96&d=mm&r=g","caption":"admin"},"sameAs":["https:\/\/lobosnews.com.ar"],"url":"https:\/\/lobosnews.com.ar\/index.php\/author\/lobos-news\/"}]}},"jetpack_featured_media_url":"https:\/\/lobosnews.com.ar\/wp-content\/uploads\/2026\/01\/priscilla-presley-revelo-como-se-imagina-a-elvis-si-estuviera-vivo-en-2026-10.jpg","jetpack_sharing_enabled":true,"_links":{"self":[{"href":"https:\/\/lobosnews.com.ar\/index.php\/wp-json\/wp\/v2\/posts\/8549","targetHints":{"allow":["GET"]}}],"collection":[{"href":"https:\/\/lobosnews.com.ar\/index.php\/wp-json\/wp\/v2\/posts"}],"about":[{"href":"https:\/\/lobosnews.com.ar\/index.php\/wp-json\/wp\/v2\/types\/post"}],"author":[{"embeddable":true,"href":"https:\/\/lobosnews.com.ar\/index.php\/wp-json\/wp\/v2\/users\/1"}],"replies":[{"embeddable":true,"href":"https:\/\/lobosnews.com.ar\/index.php\/wp-json\/wp\/v2\/comments?post=8549"}],"version-history":[{"count":1,"href":"https:\/\/lobosnews.com.ar\/index.php\/wp-json\/wp\/v2\/posts\/8549\/revisions"}],"predecessor-version":[{"id":8556,"href":"https:\/\/lobosnews.com.ar\/index.php\/wp-json\/wp\/v2\/posts\/8549\/revisions\/8556"}],"wp:featuredmedia":[{"embeddable":true,"href":"https:\/\/lobosnews.com.ar\/index.php\/wp-json\/wp\/v2\/media\/8557"}],"wp:attachment":[{"href":"https:\/\/lobosnews.com.ar\/index.php\/wp-json\/wp\/v2\/media?parent=8549"}],"wp:term":[{"taxonomy":"category","embeddable":true,"href":"https:\/\/lobosnews.com.ar\/index.php\/wp-json\/wp\/v2\/categories?post=8549"},{"taxonomy":"post_tag","embeddable":true,"href":"https:\/\/lobosnews.com.ar\/index.php\/wp-json\/wp\/v2\/tags?post=8549"}],"curies":[{"name":"wp","href":"https:\/\/api.w.org\/{rel}","templated":true}]}}