{"id":8541,"date":"2026-01-19T03:52:39","date_gmt":"2026-01-19T03:52:39","guid":{"rendered":"https:\/\/lobosnews.com.ar\/index.php\/2026\/01\/19\/la-historia-de-amor-que-un-multicampeon-de-la-formula-1-mantiene-bajo-siete-llaves-siento-la-necesidad-de-cuidarla\/"},"modified":"2026-01-19T09:38:14","modified_gmt":"2026-01-19T09:38:14","slug":"la-historia-de-amor-que-un-multicampeon-de-la-formula-1-mantiene-bajo-siete-llaves-siento-la-necesidad-de-cuidarla","status":"publish","type":"post","link":"https:\/\/lobosnews.com.ar\/index.php\/2026\/01\/19\/la-historia-de-amor-que-un-multicampeon-de-la-formula-1-mantiene-bajo-siete-llaves-siento-la-necesidad-de-cuidarla\/","title":{"rendered":"La historia de amor que un multicampe\u00f3n de la F\u00f3rmula 1 mantiene bajo siete llaves: \u201cSiento la necesidad de cuidarla\u201d"},"content":{"rendered":"<p><img loading=\"lazy\" decoding=\"async\" src=\"https:\/\/lobosnews.com.ar\/wp-content\/uploads\/2026\/01\/la-historia-de-amor-que-un-multicampeon-de-la-formula-1-mantiene-bajo-siete-llaves-siento-la-necesidad-de-cuidarla.jpg\" alt=\"Sebastian Vettel y Hanna Prater, una pareja que se alej\u00f3 de los flashes a pesar de estar relacionada con uno de los deportes m\u00e1s glamorosos de todo el mundo (Reuters)\" height=\"1273\" width=\"1920\"\/><\/p>\n<p><b>Sebastian Vettel<\/b> es considerado como uno de los grandes pilotos de toda la historia de la <b>F\u00f3rmula 1<\/b> y desde sus inicios lo apodan <i>Baby Schumi<\/i>. El alem\u00e1n marc\u00f3 un hito en la <i>M\u00e1xima <\/i>al obtener <b>cuatro t\u00edtulos al hilo desde 2010 al 2013<\/b>, algo que le permiti\u00f3 convertirse en el corredor m\u00e1s joven de todos los tiempos en ser tetracampe\u00f3n de la categor\u00eda. Pese a tener un <b>Red Bull<\/b> dominante y ser una de las superestrellas de la parrilla junto a <b>Fernando Alonso<\/b>, uno de sus mayores rivales, y <b>Lewis Hamilton<\/b>, <b>siempre tuvo una vida privada lejos de los flashes del <\/b><i><b>Gran Circo<\/b><\/i><b>.<\/b> Dicho alejamiento del centro de escena tambi\u00e9n se vio reflejado en su relaci\u00f3n con <b>Hanna Prater<\/b>, <b>con quien se cas\u00f3 en 2019 y tiene tres hijos<\/b>. A pesar de que son pareja desde 2006, la mujer apareci\u00f3 en contadas ocasiones en el paddock y acompa\u00f1\u00f3 al automovilista a diferentes eventos en pocas oportunidades. <\/p>\n<p>Vettel atraves\u00f3 su galardonada trayectoria profesional como piloto siempre alejado de los focos principales. Incluso, abri\u00f3 por primera vez una red social (Instagram) el 28 de julio de 2022, algo que utiliz\u00f3 para anunciar su retiro de la F1 y promocionar sus proyectos centrados en el cuidado del medio ambiente. No obstante, uno de los principales motivos de dejar el automovilismo se centr\u00f3 en pasar m\u00e1s tiempo con su familia. \u201c<b>Soy Sebasti\u00e1n. Padre de tres hijos y esposo de una mujer maravillosa. Adem\u00e1s de las carreras, tengo una familia. Mis objetivos han cambiado: ahora me centro en mis hijos, no en ganar carreras ni luchar por campeonatos<\/b>\u201d, explic\u00f3 en el discurso con el que se despidi\u00f3 de la <i>M\u00e1xima<\/i>. <\/p>\n<p>Pese a que se caracteriz\u00f3 por tener un carisma particular y una sonrisa en la cara constantemente, el tetracampe\u00f3n alem\u00e1n siempre se mostr\u00f3 reacio a hablar sobre su vida privada. Aunque siempre aprovech\u00f3 los momentos para resaltar la importancia de Hanna en su carrera. \u201c<b>Tengo una esposa maravillosa. Empezamos a salir en secundaria y seguimos juntos. Todav\u00eda la amo. Me llev\u00f3 dos a\u00f1os convencerla, pero creo que s\u00ed (sobre que lo ama). Tenemos tres hijos. Les estoy dando realmente el tiempo y el amor que yo recib\u00ed cuando ten\u00eda esa edad<\/b>\u201d, coment\u00f3 en un discurso en una gala de <i>Premios Autosport en 2022<\/i>, semanas despu\u00e9s de su retiro, en uno de los contados eventos p\u00fablicos en los que estuvo acompa\u00f1ado por su esposa.<\/p>\n<p>\u201c<b>Gan\u00e9 la carrera m\u00e1s importante. Fue la carrera hacia el coraz\u00f3n del amor de mi vida, Hanna. Te quiero<\/b>\u201d, escribi\u00f3 Vettel en una de las pocas publicaciones en su Instagram que est\u00e1n relacionadas con su pareja. De hecho, en ninguno de sus 448 posteos tienen una foto juntos. <\/p>\n<p>A pesar de que ambos se conoc\u00edan desde la secundaria, <b>el punto de inflexi\u00f3n en la relaci\u00f3n sucedi\u00f3 durante la Copa del Mundo de 2006<\/b>.<b> <\/b>En una entrevista con la <i>FIFA<\/i>, en que revel\u00f3 que estuvo presente en varios partidos, admiti\u00f3 que \u201cla visita al estadio de Dortmund <b>fue un momento crucial en mi vida<\/b>\u201d. El alem\u00e1n coment\u00f3 que all\u00ed fue su primera cita como pareja: \u201cRecuerdo con cari\u00f1o la derrota por 1-4 entre Jap\u00f3n y Brasil en Dortmund&#8230; Ronaldo, Ronaldinho, un partido del Mundial con cinco goles. <b>Pero hubo otro momento inolvidable esa noche: estuve con mi actual novia\u201d.<\/b><\/p>\n<p>El portal alem\u00e1n <i>RTL <\/i>coment\u00f3 que la primera aparici\u00f3n p\u00fablica entre ambos se llev\u00f3 a cabo cuando Sebastian estaba dando sus primeros pasos en la F1 como corredor de pruebas de BMW. \u201c<b>El actual campe\u00f3n del mundo de F\u00f3rmula 1 y Hanna aparecieron juntos por primera vez en 2006. Por aquel entonces, Vettel a\u00fan era piloto de pruebas de BMW y la llev\u00f3 a una sesi\u00f3n de entrenamiento en Monza<\/b>. Se conocieron en el Gimnasio Starkenburg de Heppenheim. Hanna es un a\u00f1o menor. La chispa salt\u00f3 de verdad durante la Copa Mundial de la FIFA 2006: comenz\u00f3 el cuento de hadas veraniego de Vettel\u201d, destac\u00f3 el medio germano. <\/p>\n<p>Sin embargo, la alemana con ra\u00edces brit\u00e1nicas desapareci\u00f3 del foco de la escena tras su irrupci\u00f3n en Monza. \u201c<b>Tras graduarse del bachillerato, comenz\u00f3 a estudiar Dise\u00f1o textil en la Academia de Textiles y Calzado de Nagold<\/b> (Baden-W\u00fcrttemberg) y posteriormente trabaj\u00f3 en la industria de la moda\u201d, asegur\u00f3 el portal mencionado. <b>Junto a sus tres hijos, que nacieron en 2014, 2015 y 2019, respectivamente, viven en una apartada casa rural en Turgovia, al noreste de Suiza<\/b>. Clasificada como \u201ccasa de campo\u201d, est\u00e1 valuada en siete millones de d\u00f3lares aproximadamente. <\/p>\n<p>Luego de acompa\u00f1arlo en sus pruebas como rookie, la siguiente oportunidad en la que <b>Hanna Prater<\/b> dijo presente en el paddock de la F1 sucedi\u00f3 en el <b>Gran Premio de Abu Dhabi de 2010, cuando Vettel obtuvo su primer t\u00edtulo en la <\/b><i><b>M\u00e1xima<\/b><\/i>. La mujer lo acompa\u00f1\u00f3, posteriormente, a <b>la gala oficial de la FIA en Nueva Delhi<\/b>, donde recibi\u00f3 de forma oficial el trofeo de campe\u00f3n. \u201c<b>Si mi novia estuviera conmigo ahora mismo, probablemente sentir\u00eda la necesidad de cuidarla. Pero s\u00e9 que eso no ser\u00eda compatible con el trabajo<\/b>\u201d, explic\u00f3 Vettel cuando le consultaron por el porqu\u00e9 su pareja nunca lo acompa\u00f1a en el paddock, en una entrevista con <i>RTL<\/i>. <\/p>\n<p>Durante el a\u00f1o 2011, en el cual Vettel tambi\u00e9n se consagr\u00f3 campe\u00f3n con Red Bull, <b>ambos disfrutaron de un encuentro entre Andy Murray y Rafael Nadal por las semifinales de Wimbledon<\/b>. Antes del inicio de la temporada 2012, la<b> pareja visit\u00f3 el estadio Camp Nou para disfrutar en persona el choque entre Barcelona y Valencia<\/b> por La Liga de Espa\u00f1a. <\/p>\n<p>La siguiente presencia de Hanna en el paddock del <i>Gran Circo<\/i> se produjo en el <b>GP de Brasil de 2012<\/b>. <b>Prater celebr\u00f3 el tricampeonato que obtuvo el alem\u00e1n con una camiseta especial que hac\u00eda referencia a los logros que gan\u00f3 en la F1<\/b>. Incluso, hay un video in\u00e9dito de la celebraci\u00f3n posterior en la que ambos est\u00e1n en el motorhome en el que se asentaba Vettel. <\/p>\n<p>\u201c<b>Sobre todo, quiero agradecer a mi familia, a mi novia en casa. En definitiva, a las personas que siempre est\u00e1n cerca de ti. Que te dan fe y fuerza<\/b>. Sobre todo en un a\u00f1o en el que, desde fuera, todo puede parecer bonito y f\u00e1cil, pero en el que por dentro tambi\u00e9n se experimentan muchos sentimientos negativos\u201d, coment\u00f3 luego del \u00faltimo campeonato que gan\u00f3 Vettel en 2013. Vale recordar que, despu\u00e9s de marcharse de Red Bull, el alem\u00e1n recal\u00f3 en <b>Ferrari <\/b>y, posteriormente, se retir\u00f3 con <b>Aston Martin<\/b> en 2022. En el total de su carrera, donde compiti\u00f3 en 300 Grandes Premios, obtuvo un total de 53 victorias y 122 podios. <\/p>\n<p>Tras 13 a\u00f1os en pareja y tres hijos en com\u00fan, <b>Sebastian y Hanna se casaron en un evento privado en 2019<\/b>. Seg\u00fan medios como <i>Bild<\/i>, la boda se habr\u00eda realizado entre la carrera celebrada en <b>Canad\u00e1 <\/b>el domingo 9 de junio y la que se llev\u00f3 a cabo en <b>Francia <\/b>el jueves 20 del mismo mes. \u201cEn esos diez d\u00edas, Sebastian Vettel y Hanna Prater <b>se dieron el \u2018s\u00ed, quiero\u2019 en una ceremonia civil organizada en la m\u00e1s estricta intimidad solo con la presencia de sus familiares m\u00e1s cercanos<\/b>\u201d, resalt\u00f3 el portal mencionado.<\/p>\n<p>En di\u00e1logo con la F1 en 2025, el alem\u00e1n fue consultado sobre los motivos que lo llevaron a retirarse de la M\u00e1xima, al mismo tiempo que le hicieron una comparaci\u00f3n con Fernando Alonso, quien se retir\u00f3 de forma parcial en 2018 y volvi\u00f3 a la categor\u00eda para 2021. \u201cCreo que, para ser justos, Fernando se encuentra en una etapa diferente de su vida. Creo que lo que realmente valoro ahora, y no lo hice de forma muy consciente, sino que sucedi\u00f3 de forma subconsciente y, por supuesto, es lo que quer\u00eda, pero no puedo hablar por los dem\u00e1s; creo o siento que Fernando podr\u00eda estar en un momento diferente de su vida. <b>A lo que me refiero es que constru\u00ed una vida fuera de la F\u00f3rmula 1. Probablemente lo mejor que me pas\u00f3 fue conocer a mi esposa muy, muy pronto. Y construimos una vida juntos. Hemos construido un hogar y tenemos hijos<\/b>\u201d, destac\u00f3 Vettel.<\/p>\n<p>En esta misma l\u00ednea, sum\u00f3: \u201cYa sabes que me encantaba correr y todav\u00eda me encanta. Me encanta seguirlo y verlo. <b>Pero nunca fue mi identidad completa, como en casa, especialmente cuando llegaba a casa y estaba con los ni\u00f1os. Si lo hab\u00eda hecho bien o no tan bien, no era importante en casa<\/b>. Ya sabes, hab\u00eda vida en casa. Era una vida normal y lo que hac\u00eda, por supuesto, era mi pasi\u00f3n y todo eso, pero al fin y al cabo era mi trabajo, as\u00ed que <b>hab\u00eda una clara diferencia entre el Seb de las carreras y el Seb de casa<\/b>. El camino que tom\u00e9 creo que me permiti\u00f3 dejarlo, pero ya hab\u00eda construido mucho m\u00e1s all\u00e1 de las carreras\u201d. <\/p>\n<p>Para reflejar la importancia de su familia en su retiro profesional, cont\u00f3 una an\u00e9cdota contundente para explicar los motivos: \u201cNo lo sab\u00eda en ese momento y recuerdo 2018, empec\u00e9 la temporada y <b>sent\u00eda que quer\u00eda correr, pero no quer\u00eda viajar<\/b>.<b> <\/b>Era extra\u00f1o, me encantaba y gan\u00e9 la carrera. Fui a la segunda y la gan\u00e9, y luego la temporada avanz\u00f3 y fue muy s\u00f3lida. 2019, quiz\u00e1 <b>era el momento en el que mis hijos me dec\u00edan: \u2018Pap\u00e1 no te vayas\u2019, era dif\u00edcil decirles adi\u00f3s<\/b>\u201d.<\/p>\n<p><img loading=\"lazy\" decoding=\"async\" src=\"https:\/\/lobosnews.com.ar\/wp-content\/uploads\/2026\/01\/la-historia-de-amor-que-un-multicampeon-de-la-formula-1-mantiene-bajo-siete-llaves-siento-la-necesidad-de-cuidarla-1.jpg\" alt=\"Sebastian Vettel y Hanna Prater en el Camp Nou para el duelo entre Barcelona y Valencia en 2012 (Reuters)\" height=\"2406\" width=\"1920\"\/><\/p>\n<p>Respecto a la privacidad de su vida personal y c\u00f3mo busc\u00f3 escapar constantemente de los focos, Vettel argument\u00f3 de forma tajante su conducta. \u201c<b>Simplemente no entiendo por qu\u00e9 ten\u00e9s que decirle constantemente a la gente lo que hac\u00e9s o con qu\u00e9 personas est\u00e1s<\/b>. Sencillamente no tengo esta necesidad, pero al mismo tiempo, no culpo a la gente que constantemente habla de ellos mismos\u201d, explic\u00f3 a RTL. <\/p>\n<p>Una de las \u00faltimas apariciones p\u00fablicas de Sebastian y Hanna fue en la mencionada gala de los Autosport Awards en 2022, cuando el alem\u00e1n brind\u00f3 un emotivo discurso en el medio del escenario. <b>Otros eventos en los que la mujer acompa\u00f1\u00f3 al piloto fueron las reuniones de fin de a\u00f1o de la FIA de 2017 y 2019. <\/b><\/p>\n<p>Vettel logr\u00f3 mantener una vida privada completamente lejos del centro de escena a pesar de ser uno de los grandes animadores de una de las categor\u00edas m\u00e1s glamorosas de todo el mundo. De hecho, <b>en la temporada 2025 de la F1 <\/b><span class=\"waslinkname\"><b>se vivi\u00f3 una enorme controversia por el protagonismo y el tiempo en pantalla que ten\u00edan las parejas de los pilotos<\/b><\/span><b> en medio de la transmisi\u00f3n oficial de un Gran Premio<\/b>. Esto deriv\u00f3 en m\u00faltiples quejas de competidores como Carlos Sainz y Fernando Alonso, y con la propia organizaci\u00f3n elevando un comunicado al respecto.<\/p>\n","protected":false},"excerpt":{"rendered":"<p>Sebastian Vettel es considerado como uno de los grandes pilotos de toda la historia de la F\u00f3rmula 1 y desde sus inicios lo apodan Baby Schumi. El alem\u00e1n marc\u00f3 un hito en la M\u00e1xima al obtener cuatro t\u00edtulos al hilo desde 2010 al 2013, algo que le permiti\u00f3 convertirse en el corredor m\u00e1s joven de&#8230;<\/p>\n","protected":false},"author":1,"featured_media":0,"comment_status":"open","ping_status":"closed","sticky":false,"template":"","format":"standard","meta":{"_jetpack_memberships_contains_paid_content":false,"footnotes":""},"categories":[30],"tags":[39],"class_list":["post-8541","post","type-post","status-publish","format-standard","hentry","category-argentina","tag-deportes"],"magazineBlocksPostFeaturedMedia":{"thumbnail":false,"medium":false,"medium_large":false,"large":false,"1536x1536":false,"2048x2048":false,"newsmatic-featured":false,"newsmatic-list":false,"newsmatic-thumb":false,"newsmatic-small":false,"newsmatic-grid":false},"magazineBlocksPostAuthor":{"name":"admin","avatar":"https:\/\/secure.gravatar.com\/avatar\/76e419471a2083bc3ceab22a763dbbf9b0c1bd15a6214cf3280e2c2dde4580f9?s=96&d=mm&r=g"},"magazineBlocksPostCommentsNumber":"0","magazineBlocksPostExcerpt":"Sebastian Vettel es considerado como uno de los grandes pilotos de toda la historia de la F\u00f3rmula 1 y desde sus inicios lo apodan Baby Schumi. El alem\u00e1n marc\u00f3 un hito en la M\u00e1xima al obtener cuatro t\u00edtulos al hilo desde 2010 al 2013, algo que le permiti\u00f3 convertirse en el corredor m\u00e1s joven de...","magazineBlocksPostCategories":["Argentina"],"magazineBlocksPostViewCount":170,"magazineBlocksPostReadTime":10,"magazine_blocks_featured_image_url":{"full":false,"medium":false,"thumbnail":false},"magazine_blocks_author":{"display_name":"admin","author_link":"https:\/\/lobosnews.com.ar\/index.php\/author\/lobos-news\/"},"magazine_blocks_comment":0,"magazine_blocks_author_image":"https:\/\/secure.gravatar.com\/avatar\/76e419471a2083bc3ceab22a763dbbf9b0c1bd15a6214cf3280e2c2dde4580f9?s=96&d=mm&r=g","magazine_blocks_category":"<a href=\"#\" class=\"category-link category-link-30\">Argentina<\/a>","yoast_head":"<!-- This site is optimized with the Yoast SEO plugin v26.6 - https:\/\/yoast.com\/wordpress\/plugins\/seo\/ -->\n<title>La historia de amor que un multicampe\u00f3n de la F\u00f3rmula 1 mantiene bajo siete llaves: \u201cSiento la necesidad de cuidarla\u201d - Lobos News<\/title>\n<meta name=\"robots\" content=\"index, follow, max-snippet:-1, max-image-preview:large, max-video-preview:-1\" \/>\n<link rel=\"canonical\" href=\"https:\/\/lobosnews.com.ar\/index.php\/2026\/01\/19\/la-historia-de-amor-que-un-multicampeon-de-la-formula-1-mantiene-bajo-siete-llaves-siento-la-necesidad-de-cuidarla\/\" \/>\n<meta property=\"og:locale\" content=\"es_ES\" \/>\n<meta property=\"og:type\" content=\"article\" \/>\n<meta property=\"og:title\" content=\"La historia de amor que un multicampe\u00f3n de la F\u00f3rmula 1 mantiene bajo siete llaves: \u201cSiento la necesidad de cuidarla\u201d - Lobos News\" \/>\n<meta property=\"og:description\" content=\"Sebastian Vettel es considerado como uno de los grandes pilotos de toda la historia de la F\u00f3rmula 1 y desde sus inicios lo apodan Baby Schumi. El alem\u00e1n marc\u00f3 un hito en la M\u00e1xima al obtener cuatro t\u00edtulos al hilo desde 2010 al 2013, algo que le permiti\u00f3 convertirse en el corredor m\u00e1s joven de...\" \/>\n<meta property=\"og:url\" content=\"https:\/\/lobosnews.com.ar\/index.php\/2026\/01\/19\/la-historia-de-amor-que-un-multicampeon-de-la-formula-1-mantiene-bajo-siete-llaves-siento-la-necesidad-de-cuidarla\/\" \/>\n<meta property=\"og:site_name\" content=\"Lobos News\" \/>\n<meta property=\"article:published_time\" content=\"2026-01-19T03:52:39+00:00\" \/>\n<meta property=\"article:modified_time\" content=\"2026-01-19T09:38:14+00:00\" \/>\n<meta property=\"og:image\" content=\"https:\/\/lobosnews.com.ar\/wp-content\/uploads\/2026\/01\/la-historia-de-amor-que-un-multicampeon-de-la-formula-1-mantiene-bajo-siete-llaves-siento-la-necesidad-de-cuidarla.jpg\" \/>\n<meta name=\"author\" content=\"admin\" \/>\n<meta name=\"twitter:card\" content=\"summary_large_image\" \/>\n<meta name=\"twitter:label1\" content=\"Escrito por\" \/>\n\t<meta name=\"twitter:data1\" content=\"admin\" \/>\n\t<meta name=\"twitter:label2\" content=\"Tiempo de lectura\" \/>\n\t<meta name=\"twitter:data2\" content=\"9 minutos\" \/>\n<script type=\"application\/ld+json\" class=\"yoast-schema-graph\">{\"@context\":\"https:\/\/schema.org\",\"@graph\":[{\"@type\":\"Article\",\"@id\":\"https:\/\/lobosnews.com.ar\/index.php\/2026\/01\/19\/la-historia-de-amor-que-un-multicampeon-de-la-formula-1-mantiene-bajo-siete-llaves-siento-la-necesidad-de-cuidarla\/#article\",\"isPartOf\":{\"@id\":\"https:\/\/lobosnews.com.ar\/index.php\/2026\/01\/19\/la-historia-de-amor-que-un-multicampeon-de-la-formula-1-mantiene-bajo-siete-llaves-siento-la-necesidad-de-cuidarla\/\"},\"author\":{\"name\":\"admin\",\"@id\":\"https:\/\/lobosnews.com.ar\/#\/schema\/person\/232422a593d5c541dd9aef6aaed10943\"},\"headline\":\"La historia de amor que un multicampe\u00f3n de la F\u00f3rmula 1 mantiene bajo siete llaves: \u201cSiento la necesidad de cuidarla\u201d\",\"datePublished\":\"2026-01-19T03:52:39+00:00\",\"dateModified\":\"2026-01-19T09:38:14+00:00\",\"mainEntityOfPage\":{\"@id\":\"https:\/\/lobosnews.com.ar\/index.php\/2026\/01\/19\/la-historia-de-amor-que-un-multicampeon-de-la-formula-1-mantiene-bajo-siete-llaves-siento-la-necesidad-de-cuidarla\/\"},\"wordCount\":1857,\"commentCount\":0,\"publisher\":{\"@id\":\"https:\/\/lobosnews.com.ar\/#organization\"},\"image\":{\"@id\":\"https:\/\/lobosnews.com.ar\/index.php\/2026\/01\/19\/la-historia-de-amor-que-un-multicampeon-de-la-formula-1-mantiene-bajo-siete-llaves-siento-la-necesidad-de-cuidarla\/#primaryimage\"},\"thumbnailUrl\":\"https:\/\/lobosnews.com.ar\/wp-content\/uploads\/2026\/01\/la-historia-de-amor-que-un-multicampeon-de-la-formula-1-mantiene-bajo-siete-llaves-siento-la-necesidad-de-cuidarla.jpg\",\"keywords\":[\"Deportes\"],\"articleSection\":[\"Argentina\"],\"inLanguage\":\"es\",\"potentialAction\":[{\"@type\":\"CommentAction\",\"name\":\"Comment\",\"target\":[\"https:\/\/lobosnews.com.ar\/index.php\/2026\/01\/19\/la-historia-de-amor-que-un-multicampeon-de-la-formula-1-mantiene-bajo-siete-llaves-siento-la-necesidad-de-cuidarla\/#respond\"]}]},{\"@type\":\"WebPage\",\"@id\":\"https:\/\/lobosnews.com.ar\/index.php\/2026\/01\/19\/la-historia-de-amor-que-un-multicampeon-de-la-formula-1-mantiene-bajo-siete-llaves-siento-la-necesidad-de-cuidarla\/\",\"url\":\"https:\/\/lobosnews.com.ar\/index.php\/2026\/01\/19\/la-historia-de-amor-que-un-multicampeon-de-la-formula-1-mantiene-bajo-siete-llaves-siento-la-necesidad-de-cuidarla\/\",\"name\":\"La historia de amor que un multicampe\u00f3n de la F\u00f3rmula 1 mantiene bajo siete llaves: \u201cSiento la necesidad de cuidarla\u201d - Lobos News\",\"isPartOf\":{\"@id\":\"https:\/\/lobosnews.com.ar\/#website\"},\"primaryImageOfPage\":{\"@id\":\"https:\/\/lobosnews.com.ar\/index.php\/2026\/01\/19\/la-historia-de-amor-que-un-multicampeon-de-la-formula-1-mantiene-bajo-siete-llaves-siento-la-necesidad-de-cuidarla\/#primaryimage\"},\"image\":{\"@id\":\"https:\/\/lobosnews.com.ar\/index.php\/2026\/01\/19\/la-historia-de-amor-que-un-multicampeon-de-la-formula-1-mantiene-bajo-siete-llaves-siento-la-necesidad-de-cuidarla\/#primaryimage\"},\"thumbnailUrl\":\"https:\/\/lobosnews.com.ar\/wp-content\/uploads\/2026\/01\/la-historia-de-amor-que-un-multicampeon-de-la-formula-1-mantiene-bajo-siete-llaves-siento-la-necesidad-de-cuidarla.jpg\",\"datePublished\":\"2026-01-19T03:52:39+00:00\",\"dateModified\":\"2026-01-19T09:38:14+00:00\",\"breadcrumb\":{\"@id\":\"https:\/\/lobosnews.com.ar\/index.php\/2026\/01\/19\/la-historia-de-amor-que-un-multicampeon-de-la-formula-1-mantiene-bajo-siete-llaves-siento-la-necesidad-de-cuidarla\/#breadcrumb\"},\"inLanguage\":\"es\",\"potentialAction\":[{\"@type\":\"ReadAction\",\"target\":[\"https:\/\/lobosnews.com.ar\/index.php\/2026\/01\/19\/la-historia-de-amor-que-un-multicampeon-de-la-formula-1-mantiene-bajo-siete-llaves-siento-la-necesidad-de-cuidarla\/\"]}]},{\"@type\":\"ImageObject\",\"inLanguage\":\"es\",\"@id\":\"https:\/\/lobosnews.com.ar\/index.php\/2026\/01\/19\/la-historia-de-amor-que-un-multicampeon-de-la-formula-1-mantiene-bajo-siete-llaves-siento-la-necesidad-de-cuidarla\/#primaryimage\",\"url\":\"https:\/\/lobosnews.com.ar\/wp-content\/uploads\/2026\/01\/la-historia-de-amor-que-un-multicampeon-de-la-formula-1-mantiene-bajo-siete-llaves-siento-la-necesidad-de-cuidarla.jpg\",\"contentUrl\":\"https:\/\/lobosnews.com.ar\/wp-content\/uploads\/2026\/01\/la-historia-de-amor-que-un-multicampeon-de-la-formula-1-mantiene-bajo-siete-llaves-siento-la-necesidad-de-cuidarla.jpg\"},{\"@type\":\"BreadcrumbList\",\"@id\":\"https:\/\/lobosnews.com.ar\/index.php\/2026\/01\/19\/la-historia-de-amor-que-un-multicampeon-de-la-formula-1-mantiene-bajo-siete-llaves-siento-la-necesidad-de-cuidarla\/#breadcrumb\",\"itemListElement\":[{\"@type\":\"ListItem\",\"position\":1,\"name\":\"Portada\",\"item\":\"https:\/\/lobosnews.com.ar\/\"},{\"@type\":\"ListItem\",\"position\":2,\"name\":\"La historia de amor que un multicampe\u00f3n de la F\u00f3rmula 1 mantiene bajo siete llaves: \u201cSiento la necesidad de cuidarla\u201d\"}]},{\"@type\":\"WebSite\",\"@id\":\"https:\/\/lobosnews.com.ar\/#website\",\"url\":\"https:\/\/lobosnews.com.ar\/\",\"name\":\"Lobos News\",\"description\":\"Informaci\u00f3n a cada instante\",\"publisher\":{\"@id\":\"https:\/\/lobosnews.com.ar\/#organization\"},\"potentialAction\":[{\"@type\":\"SearchAction\",\"target\":{\"@type\":\"EntryPoint\",\"urlTemplate\":\"https:\/\/lobosnews.com.ar\/?s={search_term_string}\"},\"query-input\":{\"@type\":\"PropertyValueSpecification\",\"valueRequired\":true,\"valueName\":\"search_term_string\"}}],\"inLanguage\":\"es\"},{\"@type\":\"Organization\",\"@id\":\"https:\/\/lobosnews.com.ar\/#organization\",\"name\":\"Lobos News\",\"url\":\"https:\/\/lobosnews.com.ar\/\",\"logo\":{\"@type\":\"ImageObject\",\"inLanguage\":\"es\",\"@id\":\"https:\/\/lobosnews.com.ar\/#\/schema\/logo\/image\/\",\"url\":\"https:\/\/lobosnews.com.ar\/wp-content\/uploads\/2026\/01\/logo-lobosnews.png\",\"contentUrl\":\"https:\/\/lobosnews.com.ar\/wp-content\/uploads\/2026\/01\/logo-lobosnews.png\",\"width\":500,\"height\":200,\"caption\":\"Lobos News\"},\"image\":{\"@id\":\"https:\/\/lobosnews.com.ar\/#\/schema\/logo\/image\/\"}},{\"@type\":\"Person\",\"@id\":\"https:\/\/lobosnews.com.ar\/#\/schema\/person\/232422a593d5c541dd9aef6aaed10943\",\"name\":\"admin\",\"image\":{\"@type\":\"ImageObject\",\"inLanguage\":\"es\",\"@id\":\"https:\/\/lobosnews.com.ar\/#\/schema\/person\/image\/\",\"url\":\"https:\/\/secure.gravatar.com\/avatar\/76e419471a2083bc3ceab22a763dbbf9b0c1bd15a6214cf3280e2c2dde4580f9?s=96&d=mm&r=g\",\"contentUrl\":\"https:\/\/secure.gravatar.com\/avatar\/76e419471a2083bc3ceab22a763dbbf9b0c1bd15a6214cf3280e2c2dde4580f9?s=96&d=mm&r=g\",\"caption\":\"admin\"},\"sameAs\":[\"https:\/\/lobosnews.com.ar\"],\"url\":\"https:\/\/lobosnews.com.ar\/index.php\/author\/lobos-news\/\"}]}<\/script>\n<!-- \/ Yoast SEO plugin. -->","yoast_head_json":{"title":"La historia de amor que un multicampe\u00f3n de la F\u00f3rmula 1 mantiene bajo siete llaves: \u201cSiento la necesidad de cuidarla\u201d - Lobos News","robots":{"index":"index","follow":"follow","max-snippet":"max-snippet:-1","max-image-preview":"max-image-preview:large","max-video-preview":"max-video-preview:-1"},"canonical":"https:\/\/lobosnews.com.ar\/index.php\/2026\/01\/19\/la-historia-de-amor-que-un-multicampeon-de-la-formula-1-mantiene-bajo-siete-llaves-siento-la-necesidad-de-cuidarla\/","og_locale":"es_ES","og_type":"article","og_title":"La historia de amor que un multicampe\u00f3n de la F\u00f3rmula 1 mantiene bajo siete llaves: \u201cSiento la necesidad de cuidarla\u201d - Lobos News","og_description":"Sebastian Vettel es considerado como uno de los grandes pilotos de toda la historia de la F\u00f3rmula 1 y desde sus inicios lo apodan Baby Schumi. El alem\u00e1n marc\u00f3 un hito en la M\u00e1xima al obtener cuatro t\u00edtulos al hilo desde 2010 al 2013, algo que le permiti\u00f3 convertirse en el corredor m\u00e1s joven de...","og_url":"https:\/\/lobosnews.com.ar\/index.php\/2026\/01\/19\/la-historia-de-amor-que-un-multicampeon-de-la-formula-1-mantiene-bajo-siete-llaves-siento-la-necesidad-de-cuidarla\/","og_site_name":"Lobos News","article_published_time":"2026-01-19T03:52:39+00:00","article_modified_time":"2026-01-19T09:38:14+00:00","og_image":[{"url":"https:\/\/lobosnews.com.ar\/wp-content\/uploads\/2026\/01\/la-historia-de-amor-que-un-multicampeon-de-la-formula-1-mantiene-bajo-siete-llaves-siento-la-necesidad-de-cuidarla.jpg","type":"","width":"","height":""}],"author":"admin","twitter_card":"summary_large_image","twitter_misc":{"Escrito por":"admin","Tiempo de lectura":"9 minutos"},"schema":{"@context":"https:\/\/schema.org","@graph":[{"@type":"Article","@id":"https:\/\/lobosnews.com.ar\/index.php\/2026\/01\/19\/la-historia-de-amor-que-un-multicampeon-de-la-formula-1-mantiene-bajo-siete-llaves-siento-la-necesidad-de-cuidarla\/#article","isPartOf":{"@id":"https:\/\/lobosnews.com.ar\/index.php\/2026\/01\/19\/la-historia-de-amor-que-un-multicampeon-de-la-formula-1-mantiene-bajo-siete-llaves-siento-la-necesidad-de-cuidarla\/"},"author":{"name":"admin","@id":"https:\/\/lobosnews.com.ar\/#\/schema\/person\/232422a593d5c541dd9aef6aaed10943"},"headline":"La historia de amor que un multicampe\u00f3n de la F\u00f3rmula 1 mantiene bajo siete llaves: \u201cSiento la necesidad de cuidarla\u201d","datePublished":"2026-01-19T03:52:39+00:00","dateModified":"2026-01-19T09:38:14+00:00","mainEntityOfPage":{"@id":"https:\/\/lobosnews.com.ar\/index.php\/2026\/01\/19\/la-historia-de-amor-que-un-multicampeon-de-la-formula-1-mantiene-bajo-siete-llaves-siento-la-necesidad-de-cuidarla\/"},"wordCount":1857,"commentCount":0,"publisher":{"@id":"https:\/\/lobosnews.com.ar\/#organization"},"image":{"@id":"https:\/\/lobosnews.com.ar\/index.php\/2026\/01\/19\/la-historia-de-amor-que-un-multicampeon-de-la-formula-1-mantiene-bajo-siete-llaves-siento-la-necesidad-de-cuidarla\/#primaryimage"},"thumbnailUrl":"https:\/\/lobosnews.com.ar\/wp-content\/uploads\/2026\/01\/la-historia-de-amor-que-un-multicampeon-de-la-formula-1-mantiene-bajo-siete-llaves-siento-la-necesidad-de-cuidarla.jpg","keywords":["Deportes"],"articleSection":["Argentina"],"inLanguage":"es","potentialAction":[{"@type":"CommentAction","name":"Comment","target":["https:\/\/lobosnews.com.ar\/index.php\/2026\/01\/19\/la-historia-de-amor-que-un-multicampeon-de-la-formula-1-mantiene-bajo-siete-llaves-siento-la-necesidad-de-cuidarla\/#respond"]}]},{"@type":"WebPage","@id":"https:\/\/lobosnews.com.ar\/index.php\/2026\/01\/19\/la-historia-de-amor-que-un-multicampeon-de-la-formula-1-mantiene-bajo-siete-llaves-siento-la-necesidad-de-cuidarla\/","url":"https:\/\/lobosnews.com.ar\/index.php\/2026\/01\/19\/la-historia-de-amor-que-un-multicampeon-de-la-formula-1-mantiene-bajo-siete-llaves-siento-la-necesidad-de-cuidarla\/","name":"La historia de amor que un multicampe\u00f3n de la F\u00f3rmula 1 mantiene bajo siete llaves: \u201cSiento la necesidad de cuidarla\u201d - Lobos News","isPartOf":{"@id":"https:\/\/lobosnews.com.ar\/#website"},"primaryImageOfPage":{"@id":"https:\/\/lobosnews.com.ar\/index.php\/2026\/01\/19\/la-historia-de-amor-que-un-multicampeon-de-la-formula-1-mantiene-bajo-siete-llaves-siento-la-necesidad-de-cuidarla\/#primaryimage"},"image":{"@id":"https:\/\/lobosnews.com.ar\/index.php\/2026\/01\/19\/la-historia-de-amor-que-un-multicampeon-de-la-formula-1-mantiene-bajo-siete-llaves-siento-la-necesidad-de-cuidarla\/#primaryimage"},"thumbnailUrl":"https:\/\/lobosnews.com.ar\/wp-content\/uploads\/2026\/01\/la-historia-de-amor-que-un-multicampeon-de-la-formula-1-mantiene-bajo-siete-llaves-siento-la-necesidad-de-cuidarla.jpg","datePublished":"2026-01-19T03:52:39+00:00","dateModified":"2026-01-19T09:38:14+00:00","breadcrumb":{"@id":"https:\/\/lobosnews.com.ar\/index.php\/2026\/01\/19\/la-historia-de-amor-que-un-multicampeon-de-la-formula-1-mantiene-bajo-siete-llaves-siento-la-necesidad-de-cuidarla\/#breadcrumb"},"inLanguage":"es","potentialAction":[{"@type":"ReadAction","target":["https:\/\/lobosnews.com.ar\/index.php\/2026\/01\/19\/la-historia-de-amor-que-un-multicampeon-de-la-formula-1-mantiene-bajo-siete-llaves-siento-la-necesidad-de-cuidarla\/"]}]},{"@type":"ImageObject","inLanguage":"es","@id":"https:\/\/lobosnews.com.ar\/index.php\/2026\/01\/19\/la-historia-de-amor-que-un-multicampeon-de-la-formula-1-mantiene-bajo-siete-llaves-siento-la-necesidad-de-cuidarla\/#primaryimage","url":"https:\/\/lobosnews.com.ar\/wp-content\/uploads\/2026\/01\/la-historia-de-amor-que-un-multicampeon-de-la-formula-1-mantiene-bajo-siete-llaves-siento-la-necesidad-de-cuidarla.jpg","contentUrl":"https:\/\/lobosnews.com.ar\/wp-content\/uploads\/2026\/01\/la-historia-de-amor-que-un-multicampeon-de-la-formula-1-mantiene-bajo-siete-llaves-siento-la-necesidad-de-cuidarla.jpg"},{"@type":"BreadcrumbList","@id":"https:\/\/lobosnews.com.ar\/index.php\/2026\/01\/19\/la-historia-de-amor-que-un-multicampeon-de-la-formula-1-mantiene-bajo-siete-llaves-siento-la-necesidad-de-cuidarla\/#breadcrumb","itemListElement":[{"@type":"ListItem","position":1,"name":"Portada","item":"https:\/\/lobosnews.com.ar\/"},{"@type":"ListItem","position":2,"name":"La historia de amor que un multicampe\u00f3n de la F\u00f3rmula 1 mantiene bajo siete llaves: \u201cSiento la necesidad de cuidarla\u201d"}]},{"@type":"WebSite","@id":"https:\/\/lobosnews.com.ar\/#website","url":"https:\/\/lobosnews.com.ar\/","name":"Lobos News","description":"Informaci\u00f3n a cada instante","publisher":{"@id":"https:\/\/lobosnews.com.ar\/#organization"},"potentialAction":[{"@type":"SearchAction","target":{"@type":"EntryPoint","urlTemplate":"https:\/\/lobosnews.com.ar\/?s={search_term_string}"},"query-input":{"@type":"PropertyValueSpecification","valueRequired":true,"valueName":"search_term_string"}}],"inLanguage":"es"},{"@type":"Organization","@id":"https:\/\/lobosnews.com.ar\/#organization","name":"Lobos News","url":"https:\/\/lobosnews.com.ar\/","logo":{"@type":"ImageObject","inLanguage":"es","@id":"https:\/\/lobosnews.com.ar\/#\/schema\/logo\/image\/","url":"https:\/\/lobosnews.com.ar\/wp-content\/uploads\/2026\/01\/logo-lobosnews.png","contentUrl":"https:\/\/lobosnews.com.ar\/wp-content\/uploads\/2026\/01\/logo-lobosnews.png","width":500,"height":200,"caption":"Lobos News"},"image":{"@id":"https:\/\/lobosnews.com.ar\/#\/schema\/logo\/image\/"}},{"@type":"Person","@id":"https:\/\/lobosnews.com.ar\/#\/schema\/person\/232422a593d5c541dd9aef6aaed10943","name":"admin","image":{"@type":"ImageObject","inLanguage":"es","@id":"https:\/\/lobosnews.com.ar\/#\/schema\/person\/image\/","url":"https:\/\/secure.gravatar.com\/avatar\/76e419471a2083bc3ceab22a763dbbf9b0c1bd15a6214cf3280e2c2dde4580f9?s=96&d=mm&r=g","contentUrl":"https:\/\/secure.gravatar.com\/avatar\/76e419471a2083bc3ceab22a763dbbf9b0c1bd15a6214cf3280e2c2dde4580f9?s=96&d=mm&r=g","caption":"admin"},"sameAs":["https:\/\/lobosnews.com.ar"],"url":"https:\/\/lobosnews.com.ar\/index.php\/author\/lobos-news\/"}]}},"jetpack_featured_media_url":"","jetpack_sharing_enabled":true,"_links":{"self":[{"href":"https:\/\/lobosnews.com.ar\/index.php\/wp-json\/wp\/v2\/posts\/8541","targetHints":{"allow":["GET"]}}],"collection":[{"href":"https:\/\/lobosnews.com.ar\/index.php\/wp-json\/wp\/v2\/posts"}],"about":[{"href":"https:\/\/lobosnews.com.ar\/index.php\/wp-json\/wp\/v2\/types\/post"}],"author":[{"embeddable":true,"href":"https:\/\/lobosnews.com.ar\/index.php\/wp-json\/wp\/v2\/users\/1"}],"replies":[{"embeddable":true,"href":"https:\/\/lobosnews.com.ar\/index.php\/wp-json\/wp\/v2\/comments?post=8541"}],"version-history":[{"count":1,"href":"https:\/\/lobosnews.com.ar\/index.php\/wp-json\/wp\/v2\/posts\/8541\/revisions"}],"predecessor-version":[{"id":8544,"href":"https:\/\/lobosnews.com.ar\/index.php\/wp-json\/wp\/v2\/posts\/8541\/revisions\/8544"}],"wp:attachment":[{"href":"https:\/\/lobosnews.com.ar\/index.php\/wp-json\/wp\/v2\/media?parent=8541"}],"wp:term":[{"taxonomy":"category","embeddable":true,"href":"https:\/\/lobosnews.com.ar\/index.php\/wp-json\/wp\/v2\/categories?post=8541"},{"taxonomy":"post_tag","embeddable":true,"href":"https:\/\/lobosnews.com.ar\/index.php\/wp-json\/wp\/v2\/tags?post=8541"}],"curies":[{"name":"wp","href":"https:\/\/api.w.org\/{rel}","templated":true}]}}