{"id":8533,"date":"2026-01-19T03:54:52","date_gmt":"2026-01-19T03:54:52","guid":{"rendered":"https:\/\/lobosnews.com.ar\/index.php\/2026\/01\/19\/trabajo-como-banero-supero-a-messi-fue-reconocido-por-la-fifa-y-un-consejo-cambio-su-carrera-cada-gol-es-para-mi-mama\/"},"modified":"2026-01-19T09:38:06","modified_gmt":"2026-01-19T09:38:06","slug":"trabajo-como-banero-supero-a-messi-fue-reconocido-por-la-fifa-y-un-consejo-cambio-su-carrera-cada-gol-es-para-mi-mama","status":"publish","type":"post","link":"https:\/\/lobosnews.com.ar\/index.php\/2026\/01\/19\/trabajo-como-banero-supero-a-messi-fue-reconocido-por-la-fifa-y-un-consejo-cambio-su-carrera-cada-gol-es-para-mi-mama\/","title":{"rendered":"Trabaj\u00f3 como ba\u00f1ero, super\u00f3 a Messi, fue reconocido por la FIFA y un consejo cambi\u00f3 su carrera: \u201cCada gol es para mi mam\u00e1\u201d"},"content":{"rendered":"<p><img loading=\"lazy\" decoding=\"async\" src=\"https:\/\/lobosnews.com.ar\/wp-content\/uploads\/2026\/01\/trabajo-como-banero-supero-a-messi-fue-reconocido-por-la-fifa-y-un-consejo-cambio-su-carrera-cada-gol-es-para-mi-mama.jpg\" alt=\"Fue campe\u00f3n del Clausura 2024 con Municipal en Guatemala (Cr\u00e9dito: @ramiro.rocca9\/Instagram)\" height=\"537\" width=\"507\"\/><\/p>\n<p>Volvi\u00f3 de <b>Newell\u2019s <\/b>a <b>Hughes<\/b>, un pueblo santafesino con menos de 5.000 habitantes, con la sensaci\u00f3n de que hab\u00eda dejado escapar una oportunidad. En su paso a la adultez, perdi\u00f3 a su mam\u00e1 y pens\u00f3 seriamente en el retiro. <b>\u201cA ella le gustaba que yo jugara\u201d<\/b>. Su familia lo sostuvo en su peor momento e impidi\u00f3 que claudique, incluso lo empujaron para que d\u00e9 un nuevo paso en su carrera a los 28 a\u00f1os: <b>irse de su casa para jugar en la Primera Divisi\u00f3n de El Salvador<\/b>. <b>Ramiro Rocca<\/b> no sab\u00eda a d\u00f3nde iba, pero esa decisi\u00f3n lo llev\u00f3 a ser una figura del f\u00fatbol centroamericano y a codearse con el mejor jugador del mundo, <b>Lionel Messi<\/b>.<\/p>\n<p>El centrodelantero, de 37 a\u00f1os le concedi\u00f3 su testimonio a <b>Infobae<\/b><i><b> <\/b><\/i>en un relato que se extendi\u00f3 por m\u00e1s de media hora y donde habl\u00f3 de diferentes temas, entre ellos su temporada en 2020, un a\u00f1o marcado por el <b>COVID 19 <\/b>y bisagra en su carrera. Fue el m\u00e1ximo goleador argentino en ligas nacionales durante ese calendario con <b>26 tantos en 28 partidos<\/b>, mientras que <i><b>Leo<\/b><\/i><b> finaliz\u00f3 con 19 gritos en 34 duelos<\/b>. \u201cCuando sali\u00f3 la noticia, se hizo una bola gigantesca que me explotaba el tel\u00e9fono.<i><b> <\/b><\/i>Ten\u00eda much\u00edsimos mensajes o me llamaban para hacer notas de lugares que nunca pens\u00e9, tanto de Argentina como de otros pa\u00edses. <b>Eso fue incre\u00edble. No lo pod\u00eda creer. Me emocionaba<\/b>\u201c, se sincer\u00f3 sobre su \u201ca\u00f1o memorable\u201d, tal como defini\u00f3 la FIFA en su p\u00e1gina web con un reconocimiento que dio a conocer su nombre en todo el mundo.<\/p>\n<p>Sin embargo, Rocca recorri\u00f3 un largo camino para lograr esta marca con la camiseta del Municipal de Guatemala. Luego de su breve paso por la <i>Lepra<\/i>, su regreso al pueblo lo tuvo trabajando como repartidor de carne y en un emprendimiento de paneles antihumedad junto al hermano del ex jugador de River Plate <i><b>Nacho <\/b><\/i><b>Scocco<\/b>: <b>\u201cTambi\u00e9n fui ba\u00f1ero de las piletas en verano sin saber nada, ja\u201d<\/b>.<\/p>\n<p>Pero cuando se dio cuenta que el f\u00fatbol pod\u00eda ser su principal trabajo, busc\u00f3 cumplir su sue\u00f1o. Luego de recorrer varios equipos de la <b>Liga Venadense de F\u00fatbol<\/b>, mud\u00f3 su talento a la Primera C con Central C\u00f3rdoba de Rosario. Doce goles despu\u00e9s, regres\u00f3 a su provincia natal. Fue goleador en el torneo regional con el club de su pueblo y le surgi\u00f3 la oportunidad de dar el salto de su vida al <b>Chalatenango<\/b>: \u201cNo conoc\u00eda El Salvador. Busqu\u00e9 El Salvador en Google y todo lo que te sal\u00eda eran cosas malas. <b>No me convenci\u00f3 mucho, pero mi familia me termin\u00f3 convenciendo.<\/b> Y las cosas salieron bien\u201d.<\/p>\n<p>Hoy, Ramiro Rocca qued\u00f3 libre del Juticalpa de Honduras y permanece en la b\u00fasqueda de un club, luego de una carrera con pasos en Real Espa\u00f1a de ese pa\u00eds y Alianza FC de El Salvador, aunque <b>guarda un profundo recuerdo de su estad\u00eda en Municipal, el \u201cBoca de Guatemala\u201d y donde fue campe\u00f3n en 2024<\/b>, entre otros equipos. A la espera de encontrar su nuevo destino, descansa la vista en sus ratos libres viendo videos de su \u00eddolo, <b>Diego Maradona<\/b>, a quien homenaje\u00f3 el 29 de noviembre de 2020, cuatro d\u00edas despu\u00e9s de su muerte, tras marcar un gol a los 10 minutos. Hasta en los lugares m\u00e1s inesperados, el <i>Pelusa <\/i>da un gui\u00f1o de su omnipresencia.<\/p>\n<p><i><b>\u00bfC\u00f3mo llegaste de tu pueblo a las Inferiores de Newell\u2019s?<\/b><\/i><\/p>\n<p>&#8211; A prueba. Jugaba en quinta en el club del pueblo de Hughes, con 16 o 17 a\u00f1os estaba jugando en quinta, en cuarta e iba al banco de primera tambi\u00e9n. Hac\u00eda un poco de diferencia con mi categor\u00eda. Ah\u00ed me mandaron a hacer una prueba en Newell\u2019s, y estuve como quince o veinte d\u00edas prob\u00e1ndome hasta que qued\u00e9.<\/p>\n<p><i><b>&#8211; \u00bfPor qu\u00e9 te dejan libre de la Lepra<\/b><\/i><\/p>\n<p>&#8211; Era una \u00e9poca complicada en Newell\u2019s, hab\u00eda otras cosas ah\u00ed que te ten\u00edan que sostener para tratar de jugar. Yo estuve bien, pero me cost\u00f3 a lo primero cuando me fui de mi pueblo: no hab\u00eda salido nunca. Despu\u00e9s ya estaba bien. Al a\u00f1o qued\u00e9 libre, ah\u00ed empec\u00e9 a dar vueltas para todos lados.<\/p>\n<p><i><b>&#8211; Tiempo atr\u00e1s, dijiste que estabas en la boludez.<\/b><\/i><\/p>\n<p>&#8211; Me cost\u00f3 un poco, no es excusa porque tambi\u00e9n es culpa m\u00eda, pero cuando quedo a los 16\/17 a\u00f1os, ya entr\u00e9 \u201cun poquito grande\u201d. Justo van todos mis compa\u00f1eros del pueblo a estudiar a Rosario. Y ah\u00ed estaba un poco en la boludez, en la \u00e9poca que se van tus compa\u00f1eros del pueblo, nos reun\u00edamos mucho, sal\u00edamos&#8230; Todas esas cosas que por ah\u00ed no es conveniente para un jugador de f\u00fatbol. Fue ese momento nada m\u00e1s. Si vos no and\u00e1s bien, si hac\u00e9s las cosas mal, hay 200 jugadores por d\u00eda prob\u00e1ndose.<\/p>\n<p><i><b>&#8211; \u00bfSe te pas\u00f3 por la cabeza dejar de jugar al f\u00fatbol despu\u00e9s de esa etapa en Newell\u2019s?<\/b><\/i><\/p>\n<p>&#8211; <b>S\u00ed, porque justo despu\u00e9s fallece mi mam\u00e1 y ah\u00ed quer\u00eda dejar de jugar. Estaba pasando por un momento complicado y en ese momento s\u00ed me cost\u00f3 bastante jugar, no quer\u00eda jugar m\u00e1s, pero mi familia me aconsej\u00f3 que siga porque a mi mam\u00e1 le gustaba que yo jugara.<\/b> Fue una buena decisi\u00f3n. Cada gol y jugada tambi\u00e9n es para ella.<\/p>\n<p><i><b>&#8211; Desde que te dejaron libre en Newell\u2019s hasta que llegaste a Central C\u00f3rdoba de Rosario pasaron diez a\u00f1os. \u00bfEn qu\u00e9 clubes jugaste durante esa d\u00e9cada<\/b><\/i><\/p>\n<p>&#8211; Cuando vuelvo de Newell\u2019s no quer\u00eda jugar m\u00e1s porque sab\u00eda que hab\u00eda perdido una posibilidad buena. Me qued\u00e9 ah\u00ed en el club de mi pueblo, jugaba al f\u00fatbol ah\u00ed nada m\u00e1s. Tuve un buen campeonato y empec\u00e9 la vuelta por toda la Liga Venadense de F\u00fatbol. Jugu\u00e9 con Jorge Newbery en el Argentino C. Despu\u00e9s me compr\u00f3 Belgrano de Santa Isabel, jugu\u00e9 en Centenario de Venado Tuerto, Juventud Unida, que salimos campeones en 2012. Tambi\u00e9n jugu\u00e9 en Belgrano de Arequito, Independiente de Cha\u00f1ar Ladeado y Studebaker de Villa Ca\u00f1as hasta que voy a Central C\u00f3rdoba.<\/p>\n<p><img loading=\"lazy\" decoding=\"async\" src=\"https:\/\/lobosnews.com.ar\/wp-content\/uploads\/2026\/01\/trabajo-como-banero-supero-a-messi-fue-reconocido-por-la-fifa-y-un-consejo-cambio-su-carrera-cada-gol-es-para-mi-mama-1.jpg\" alt=\"Su etapa m\u00e1s larga se dio con Real Espa\u00f1a, donde convirti\u00f3 64 goles en 112 partidos entre 2021 y 2023 (Cr\u00e9dito: @ramiro.rocca9\/Instagram)\" height=\"438\" width=\"552\"\/><\/p>\n<p><i><b>\u00bfQu\u00e9 otros trabajos tuviste por fuera del f\u00fatbol en ese per\u00edodo?<\/b><\/i><\/p>\n<p>&#8211; Cuando yo vuelvo de Newell\u2019s, ten\u00eda a mi mejor amigo en mi pueblo, que el padre repart\u00eda carne, repart\u00eda asado, todas esas cosas, y ah\u00ed trabaj\u00e9 tres o cuatro meses. Despu\u00e9s, trabaj\u00e9 con el hermano de <i>Nacho <\/i>Scocco, con Pablo. Pon\u00edamos sistema Blotting en las paredes para la humedad. Las placas de yeso. Ten\u00eda 18 o 19 a\u00f1os cuando hice eso. <b>Repart\u00edamos carne, fueron tres o cuatro meses, y trabaj\u00e9 ah\u00ed poniendo yeso tambi\u00e9n cuatro o cinco meses. Esos fueron mis \u00fanicos trabajos aparte del f\u00fatbol. Tambi\u00e9n fui ba\u00f1ero de las piletas en verano sin saber nada, ja.<\/b> A los 21 a\u00f1os, cuando me di cuenta que el f\u00fatbol pod\u00eda ser mi trabajo, me aboqu\u00e9 100% para ser futbolista profesional.<\/p>\n<p><i><b>&#8211; Vos jug\u00e1s en la Primera C con Central C\u00f3rdoba de Rosario y despu\u00e9s te volv\u00e9s a ir nuevamente a tu pueblo. \u00bfPor qu\u00e9?<\/b><\/i><\/p>\n<p>&#8211; Es verdad. Jugu\u00e9 en Puerto San Mart\u00edn, fui a Central C\u00f3rdoba y me volv\u00ed a Puerto San Mart\u00edn de Rosario. Hice como 10 goles en el Federal B y no me llamaba nadie. Ten\u00eda algunas ofertas, pero quer\u00eda volver a mi pueblo. En el 2018, ten\u00eda una propuesta, pero en el ascenso reneg\u00e1s mucho. Ya hac\u00eda diez a\u00f1os que andaba dando vueltas. Tambi\u00e9n jugaba bastante en la liga, porque ten\u00edamos buenos salarios y cumpl\u00edan, por ah\u00ed en el ascenso es m\u00e1s dif\u00edcil. Y quise volver a mi pueblo, me gust\u00f3 la propuesta, el proyecto y as\u00ed que volv\u00ed y estuve seis meses ah\u00ed.<\/p>\n<p><i><b>-\u00bfC\u00f3mo te surge la posibilidad de irte de Hughes al Chalatenango de la Primera Divisi\u00f3n de El Salvador?<\/b><\/i><\/p>\n<p>&#8211; En Hughes, justo en ese torneo sal\u00ed goleador de la Liga de Venado con Hughes. Hice creo que 18 goles. Sal\u00ed goleador jugando solo una ronda. Toda la segunda no la jugu\u00e9. Ah\u00ed un t\u00e9cnico me dijo si quer\u00eda ir a El Salvador a jugar. Era algo que tambi\u00e9n me cost\u00f3 much\u00edsimo porque no conoc\u00eda nada de El Salvador. <b>Puse El Salvador en Google y lo que te sal\u00eda eran todas cosas malas.<\/b><\/p>\n<p><i><b>&#8211; \u00bfCu\u00e1l fue tu primera reacci\u00f3n cuando te dicen de ir a jugar a El Salvador?<\/b><\/i><\/p>\n<p>&#8211; La verdad, no conoc\u00eda el pa\u00eds. Lo conoc\u00eda de nombre, pero no conoc\u00eda mucho de Centroam\u00e9rica. No me convenci\u00f3 mucho, pero tampoco lo econ\u00f3mico era mucha diferencia. Ten\u00eda 28 a\u00f1os y era jug\u00e1rmela una vez m\u00e1s. Mi familia me termin\u00f3 convenciendo porque tampoco quer\u00eda ir.<\/p>\n<p><i><b>&#8211; Fuiste a una regi\u00f3n peque\u00f1a de ese pa\u00eds porque Chalatenango ten\u00eda una poblaci\u00f3n de 30.000 habitantes aproximadamente. \u00bfQu\u00e9 pas\u00f3 cuando llegaste?<\/b><\/i><\/p>\n<p>&#8211; Me ayud\u00f3 bastante tambi\u00e9n que hab\u00edamos ido cuatro argentinos m\u00e1s el t\u00e9cnico (\u00c1ngel Piazzi), el profe, y eso me ayud\u00f3 bastante. Imaginate estar solo en El Salvador, a un club tan chico que no sab\u00eda ni ad\u00f3nde \u00edbamos, que era un pueblo. Fuimos con tres compa\u00f1eros de ac\u00e1 de Argentina y viv\u00edamos juntos. Se hizo todo un poco m\u00e1s llevadero.<\/p>\n<p><img loading=\"lazy\" decoding=\"async\" src=\"https:\/\/lobosnews.com.ar\/wp-content\/uploads\/2026\/01\/trabajo-como-banero-supero-a-messi-fue-reconocido-por-la-fifa-y-un-consejo-cambio-su-carrera-cada-gol-es-para-mi-mama-2.jpg\" alt=\"Chalatenango le abri\u00f3 las puertas del f\u00fatbol centroamericano (Cr\u00e9dito: @ramiro.rocca9\/Instagram)\" height=\"548\" width=\"443\"\/><\/p>\n<p><i><b>\u00bfQu\u00e9 diferencias y similitudes encontraste a nivel cultural y a nivel futbol\u00edstico con Centroam\u00e9rica<\/b><\/i><\/p>\n<p>&#8211; Cultural, much\u00edsimo: el f\u00fatbol, la forma de vivir, la cultura, todo distinto. Pero el f\u00fatbol es f\u00fatbol en todos lados. Hay un arco, dos pelotas y es lo mismo en todos lados para m\u00ed. Yo ten\u00eda que tratar de hacer lo que sab\u00eda hacer, que es tratar de hacer goles y listo. Siempre me concentro en eso, as\u00ed que cerraba los ojos y le daba para adelante.<\/p>\n<p><i><b>-\u00bfPara cu\u00e1ntas personas jugaban en cada partido?<\/b><\/i><\/p>\n<p>&#8211; Ponele que para 2.000 personas, pero despu\u00e9s el equipo empez\u00f3 a andar bien y ya se empez\u00f3 a llenar el estadio contra Alianza, contra \u00c1guila, se llenaba ante los equipos grandes.<\/p>\n<p><i><b>&#8211; \u00bfC\u00f3mo fue tu adaptaci\u00f3n? Porque desde ese momento hasta ahora nunca m\u00e1s te fuiste de Centroam\u00e9rica.<\/b><\/i><\/p>\n<p>&#8211; No, nunca m\u00e1s. Mir\u00e1 c\u00f3mo es el destino, soy el \u00fanico que se queda en El Salvador, porque a los tres argentinos que fueron conmigo los dieron de baja, al t\u00e9cnico tambi\u00e9n y yo segu\u00ed, pero me sali\u00f3 otra propuesta mucho mejor econ\u00f3micamente para irme al Iztapa de Guatemala, que pag\u00f3 mi cl\u00e1usula.<\/p>\n<p><i><b>&#8211; En esos dos pasos convert\u00eds m\u00e1s de 30 goles en 63 partidos y Municipal te contrata para la temporada 2020. \u00bfCu\u00e1l es tu primer recuerdo de ese a\u00f1o?<\/b><\/i><\/p>\n<p>&#8211; Fue un a\u00f1o hermoso. Ah\u00ed se me dio conocer bastante por Centroam\u00e9rica, cada rinconcito. Ya cuando llegu\u00e9 a Municipal&#8230; En Centroam\u00e9rica es un club muy grande, el m\u00e1s grande para m\u00ed, y el m\u00e1s ganador, el que m\u00e1s gente tiene, el m\u00e1s popular. Fue un sue\u00f1o, algo muy lindo jugar en un equipo muy grande. <b>Es como jugar en Boca<\/b>. Ten\u00e9s mucha presi\u00f3n, era lo que siempre so\u00f1\u00e9 y las cosas salieron bien. En el primer torneo hago cuatro o cinco goles y se corta por la pandemia y a los dos o tres meses arranca el otro torneo, que ah\u00ed es donde hago la otra cantidad de goles.<\/p>\n<p><i><b>&#8211; \u00bfC\u00f3mo atravesaste la pandemia desde tan lejos?<\/b><\/i><\/p>\n<p>&#8211; Fue dur\u00edsimo. Gracias a Dios ten\u00eda a un compa\u00f1ero, Alejandro <i>Gambetita <\/i>D\u00edaz, un fuera de serie. Jug\u00e1bamos ah\u00ed, viv\u00edamos en el mismo edificio. Y nos junt\u00e1bamos bastante, pero en la pandemia hasta a veces no nos pod\u00edamos ni juntar por todo lo que pasaba. Era complicado estar encerrado entre cuatro paredes en un departamento.<\/p>\n<p><img loading=\"lazy\" decoding=\"async\" src=\"https:\/\/lobosnews.com.ar\/wp-content\/uploads\/2026\/01\/trabajo-como-banero-supero-a-messi-fue-reconocido-por-la-fifa-y-un-consejo-cambio-su-carrera-cada-gol-es-para-mi-mama-3.jpg\" alt=\"Acompa\u00f1\u00f3 a la selecci\u00f3n argentina desde las tribunas durante la Copa Am\u00e9rica 2024 (Cr\u00e9dito: @ramiro.rocca9\/Instagram)\" height=\"523\" width=\"407\"\/><\/p>\n<p><i><b>&#8211; \u00bfCu\u00e1ndo te enteraste en esa temporada 2020 que ten\u00edas n\u00fameros incluso superiores a Lionel Messi?<\/b><\/i><\/p>\n<p>&#8211; A fin de a\u00f1o, cuando hacen el recuento, sali\u00f3 una noticia y empez\u00f3&#8230; Se hizo una bola gigantesca que me explotaba el tel\u00e9fono.<i><b> <\/b><\/i>Ten\u00eda much\u00edsimos mensajes o me llamaban para hacer notas de lugares que nunca pens\u00e9 que me iban a hacer en mi vida, tanto de Argentina como en otros pa\u00edses. Fue un momento muy lindo.<\/p>\n<p><i><b>&#8211; \u00bfC\u00f3mo tomaste ese reconocimiento a nivel personal y qu\u00e9 repercusiones tuvo a nivel privado y p\u00fablico?<\/b><\/i><\/p>\n<p>&#8211; Lo trat\u00e9 de tomar tranquilo y tener los pies sobre la tierra. <b>No se me movi\u00f3 ni un pelo<\/b>. Adem\u00e1s, nosotros est\u00e1bamos jugando instancias finales del campeonato (perdieron la final con Guastatoya). \u00bfRepercusiones? Miles. Me llamaron de todas las p\u00e1ginas, los diarios de Argentina&#8230; Eso fue incre\u00edble. No lo pod\u00eda creer. Me emocionaba.<\/p>\n<p><i><b>&#8211; \u00bfPor qu\u00e9 crees que el f\u00fatbol centroamericano te permiti\u00f3 sobresalir, ser campe\u00f3n y jugar en clubes importantes como el caso de Municipal, antes que lograrlo en el f\u00fatbol argentino?<\/b><\/i><\/p>\n<p>&#8211; Porque en el f\u00fatbol argentino no tuve la posibilidad de meterme en Primera o escalar m\u00e1s arriba de lo que escal\u00e9. Nunca pude en Argentina, Centroam\u00e9rica me dio la posibilidad y cuando llegu\u00e9 a la Primera de Centroam\u00e9rica no trat\u00e9 de desperdiciar la posibilidad por nada del mundo.<\/p>\n<p><i><b>&#8211; Fue un salto muy grande, porque lo m\u00e1s alto que hab\u00edas jugado fue en Central C\u00f3rdoba de Rosario y despu\u00e9s fuiste a jugar directamente en Primera Divisi\u00f3n. \u00bfC\u00f3mo fue ese cambio?<\/b><\/i><\/p>\n<p>&#8211; Fue un salto muy grande. Lo sent\u00ed m\u00e1s cuando fui a Municipal. Ah\u00ed sent\u00ed m\u00e1s el golpe porque en Chalatenango y en Iztapa era parecido un poco a Argentina, pero Municipal fue un impacto grande. Todo lo que te imaginas del f\u00fatbol profesional, ah\u00ed lo empec\u00e9 a vivir. Fue una experiencia muy linda.<\/p>\n<p><i><b>&#8211; Tambi\u00e9n en 2020 le hiciste un homenaje a Diego Maradona. \u00bfC\u00f3mo se dio? \u00bfC\u00f3mo se te ocurri\u00f3 la idea<\/b><\/i><\/p>\n<p>&#8211; Cuando est\u00e1bamos ah\u00ed, que nos enteramos de la noticia, como todos los argentinos, me puse mal, nos golpe\u00f3 a todos. Y quer\u00eda hacer algo, no sab\u00eda qu\u00e9, y lo empec\u00e9 a hablar con el ayudante de campo (Gustavo Reynoso) que ten\u00edamos ah\u00ed: \u00bfQu\u00e9 hago, qu\u00e9 puedo hacer? No sab\u00eda si usar una bandera o una camiseta del Diego para levantarla, algo, y \u00e9l me dijo: \u201cYo tengo una camiseta con el 10\u2033. Le digo que la traiga y se la di a un alcanzapelotas para que la tenga. Y met\u00ed el primero de mis cuatro goles ante Iztapa (ganaron 6-0) a los 10 minutos&#8230; Capaz que estaba ah\u00ed metido Diego ayud\u00e1ndome.<\/p>\n<p><img loading=\"lazy\" decoding=\"async\" src=\"https:\/\/lobosnews.com.ar\/wp-content\/uploads\/2026\/01\/trabajo-como-banero-supero-a-messi-fue-reconocido-por-la-fifa-y-un-consejo-cambio-su-carrera-cada-gol-es-para-mi-mama-4.jpg\" alt=\"Ramiro Rocca es fan\u00e1tico de Diego Maradona y luego de su fallecimiento lo homenaje\u00f3 con una remera (Cr\u00e9dito: @ramiro.rocca9\/Instagram)\" height=\"2049\" width=\"1920\"\/><\/p>\n<p><i><b>&#8211; Te declaraste maradoneano hace unos a\u00f1os. \u00bfPara vos, qu\u00e9 significa serlo?<\/b><\/i><\/p>\n<p>&#8211; Y&#8230; Yo ten\u00eda la s\u00e1bana del Diego cuando mi mam\u00e1 me la pon\u00eda en la camita que ten\u00eda en mi casa. Yo dorm\u00eda con la s\u00e1bana, con la almohada, como todo argentino en el mundo. Yo me acostaba y quer\u00eda ser como \u00e9l salvando la diferencia. So\u00f1\u00e1bamos ser \u00e9l. Todo el mundo era Maradona cuando iba al potrero.<\/p>\n<p><i><b>&#8211; Naciste dos a\u00f1os despu\u00e9s a M\u00e9xico 1986. \u00bfCu\u00e1l es tu primer recuerdo con Diego?<\/b><\/i><\/p>\n<p>&#8211; Verlo en la tele y que mi pap\u00e1 me hablaba de \u00e9l como un Dios. As\u00ed qued\u00e9 yo tambi\u00e9n, lo empec\u00e9 a ver m\u00e1s. Mas que nada por fotos, videos, internet, YouTube, por todo. Cuando estoy aburrido miro algo del Diego.<\/p>\n<p><i><b>&#8211; \u00bfC\u00f3mo ves tu futuro tras rescindir con el Juticalpa: segu\u00eds en Centroam\u00e9rica o te volv\u00e9s a la Argentina<\/b><\/i><\/p>\n<p>&#8211; Si se puede, sigo. Si no, tendr\u00eda que volver. Estoy libre, esperando propuestas, algo que me convenza. Me llamaron de dos o tres clubes para volver, pero est\u00e1 todo ah\u00ed, no era concreto.<\/p>\n<p><i><b>&#8211; \u00bfQu\u00e9 esperas de este 2026?<\/b><\/i><\/p>\n<p>&#8211; Tuve un 2025 complicado porque no pude jugar al principio del a\u00f1o con el Marquense. Ven\u00eda de ser campe\u00f3n en 2024 con Municipal, me rescinden contrato, me voy a Alianza de El Salvador y en el arranque del 2025 me voy al Marquense, pero la FIFA hab\u00eda sacado una ley que el jugador no pod\u00eda jugar en tres clubes distintos durante una temporada. Y no pude jugar, a pesar de que yo me fui de Municipal porque me rescindieron, no porque me quiera ir. Mi representante me dijo que no iba a pasar nada por la ley, la FIFA nos dijo que no hab\u00eda problema, pero apenas pis\u00e9 el campo de juego me dijeron que no pod\u00eda jugar.<\/p>\n<p><img loading=\"lazy\" decoding=\"async\" src=\"https:\/\/lobosnews.com.ar\/wp-content\/uploads\/2026\/01\/trabajo-como-banero-supero-a-messi-fue-reconocido-por-la-fifa-y-un-consejo-cambio-su-carrera-cada-gol-es-para-mi-mama-5.jpg\" alt=\"Recibi\u00f3 este premio por ser el m\u00e1ximo goleador de la Liga Concacaf 2022 con Real Espa\u00f1a (Cr\u00e9dito: @ramiro.rocca9\/Instagram)\" height=\"510\" width=\"400\"\/><\/p>\n<p><i><b>&#8211; \u00bfTe planteas el retiro con 37 a\u00f1os?<\/b><\/i><\/p>\n<p>&#8211; No me lo plante\u00e9, pero lo que me pasa es esto&#8230; Para el segundo semestre me vine a jugar al Juticalpa. Todo espectacular, hasta que en un partido jugamos en cancha sint\u00e9tica, pateo y cuando caigo con la planta del pie, se me desgarra el tal\u00f3n por caer duro. Es una zona muy delicada&#8230; No pod\u00eda entrenar, no pod\u00eda pr\u00e1cticamente caminar. Estuve como dos meses, volv\u00eda y jugaba y no jugaba, alternaba, porque tampoco estaba bien f\u00edsicamente para meterme. Despu\u00e9s, termin\u00e9 jugando, ten\u00eda contrato, pero hab\u00eda muchas cosas que no quer\u00eda vivir futbol\u00edsticamente hablando y que no estaba acostumbrado. Estoy agradecido al Juticalpa, llegamos a un acuerdo y rescindimos. Ahora, eso me est\u00e1 costando porque pr\u00e1cticamente jugu\u00e9 muy poco en un a\u00f1o. Estoy entrenando ac\u00e1 en Honduras para ponerme bien con un profe particular. Todav\u00eda no me plante\u00e9 el retiro, yo quiero tratar de jugar dos a\u00f1os m\u00e1s.<\/p>\n<p><i><b>&#8211; \u00bfTu retiro es en Centroam\u00e9rica o es en Argentina \u00bfD\u00f3nde te ves viviendo?<\/b><\/i><\/p>\n<p>&#8211; Donde Dios quiera, hermano. Primero, voy a intentar que me salga algo lindo, que me motive de vuelta a jugar al f\u00fatbol porque pas\u00e9 un a\u00f1o feo, donde no pude jugar y despu\u00e9s con lesiones. Ojal\u00e1 que pueda encontrar algo que me vuelva a divertir adentro de una cancha. El d\u00eda de ma\u00f1ana lo ver\u00e9 despu\u00e9s, pero mas o menos s\u00e9 para d\u00f3nde quiero agarrar y ojal\u00e1 se me abran los caminos.<\/p>\n<p><i><b>&#8211; \u00bfYa pensaste c\u00f3mo ser\u00eda el despu\u00e9s?<\/b><\/i><\/p>\n<p>&#8211; Lo voy pensando y viendo. Es algo que me cuesta mucho, uno quiere ser jugador toda la vida, pero s\u00e9 que todo tiene un final. Estoy haciendo el curso de t\u00e9cnico, este a\u00f1o lo termino. Me gustar\u00eda ser t\u00e9cnico, me gusta mucho.<\/p>\n<p><i><b>&#8211; \u00bfQuer\u00e9s seguir ligado al f\u00fatbol?<\/b><\/i><\/p>\n<p>&#8211; S\u00ed, es lo \u00fanico que m\u00e1s o menos s\u00e9 hacer bien. Es una pasi\u00f3n m\u00eda tambi\u00e9n, me encantar\u00eda trabajar de lo que amo. Me gusta tambi\u00e9n el tema de la t\u00e1ctica, de plantear partidos, organizar todas esas cosas. Ojal\u00e1 Dios quiera el d\u00eda de ma\u00f1ana pueda trabajar de t\u00e9cnico tambi\u00e9n.<\/p>\n","protected":false},"excerpt":{"rendered":"<p>Volvi\u00f3 de Newell\u2019s a Hughes, un pueblo santafesino con menos de 5.000 habitantes, con la sensaci\u00f3n de que hab\u00eda dejado escapar una oportunidad. En su paso a la adultez, perdi\u00f3 a su mam\u00e1 y pens\u00f3 seriamente en el retiro. \u201cA ella le gustaba que yo jugara\u201d. Su familia lo sostuvo en su peor momento e&#8230;<\/p>\n","protected":false},"author":1,"featured_media":0,"comment_status":"open","ping_status":"closed","sticky":false,"template":"","format":"standard","meta":{"_jetpack_memberships_contains_paid_content":false,"footnotes":""},"categories":[30],"tags":[39],"class_list":["post-8533","post","type-post","status-publish","format-standard","hentry","category-argentina","tag-deportes"],"magazineBlocksPostFeaturedMedia":{"thumbnail":false,"medium":false,"medium_large":false,"large":false,"1536x1536":false,"2048x2048":false,"newsmatic-featured":false,"newsmatic-list":false,"newsmatic-thumb":false,"newsmatic-small":false,"newsmatic-grid":false},"magazineBlocksPostAuthor":{"name":"admin","avatar":"https:\/\/secure.gravatar.com\/avatar\/76e419471a2083bc3ceab22a763dbbf9b0c1bd15a6214cf3280e2c2dde4580f9?s=96&d=mm&r=g"},"magazineBlocksPostCommentsNumber":"0","magazineBlocksPostExcerpt":"Volvi\u00f3 de Newell\u2019s a Hughes, un pueblo santafesino con menos de 5.000 habitantes, con la sensaci\u00f3n de que hab\u00eda dejado escapar una oportunidad. En su paso a la adultez, perdi\u00f3 a su mam\u00e1 y pens\u00f3 seriamente en el retiro. \u201cA ella le gustaba que yo jugara\u201d. Su familia lo sostuvo en su peor momento e...","magazineBlocksPostCategories":["Argentina"],"magazineBlocksPostViewCount":146,"magazineBlocksPostReadTime":17,"magazine_blocks_featured_image_url":{"full":false,"medium":false,"thumbnail":false},"magazine_blocks_author":{"display_name":"admin","author_link":"https:\/\/lobosnews.com.ar\/index.php\/author\/lobos-news\/"},"magazine_blocks_comment":0,"magazine_blocks_author_image":"https:\/\/secure.gravatar.com\/avatar\/76e419471a2083bc3ceab22a763dbbf9b0c1bd15a6214cf3280e2c2dde4580f9?s=96&d=mm&r=g","magazine_blocks_category":"<a href=\"#\" class=\"category-link category-link-30\">Argentina<\/a>","yoast_head":"<!-- This site is optimized with the Yoast SEO plugin v26.6 - https:\/\/yoast.com\/wordpress\/plugins\/seo\/ -->\n<title>Trabaj\u00f3 como ba\u00f1ero, super\u00f3 a Messi, fue reconocido por la FIFA y un consejo cambi\u00f3 su carrera: \u201cCada gol es para mi mam\u00e1\u201d - Lobos News<\/title>\n<meta name=\"robots\" content=\"index, follow, max-snippet:-1, max-image-preview:large, max-video-preview:-1\" \/>\n<link rel=\"canonical\" href=\"https:\/\/lobosnews.com.ar\/index.php\/2026\/01\/19\/trabajo-como-banero-supero-a-messi-fue-reconocido-por-la-fifa-y-un-consejo-cambio-su-carrera-cada-gol-es-para-mi-mama\/\" \/>\n<meta property=\"og:locale\" content=\"es_ES\" \/>\n<meta property=\"og:type\" content=\"article\" \/>\n<meta property=\"og:title\" content=\"Trabaj\u00f3 como ba\u00f1ero, super\u00f3 a Messi, fue reconocido por la FIFA y un consejo cambi\u00f3 su carrera: \u201cCada gol es para mi mam\u00e1\u201d - Lobos News\" \/>\n<meta property=\"og:description\" content=\"Volvi\u00f3 de Newell\u2019s a Hughes, un pueblo santafesino con menos de 5.000 habitantes, con la sensaci\u00f3n de que hab\u00eda dejado escapar una oportunidad. En su paso a la adultez, perdi\u00f3 a su mam\u00e1 y pens\u00f3 seriamente en el retiro. \u201cA ella le gustaba que yo jugara\u201d. Su familia lo sostuvo en su peor momento e...\" \/>\n<meta property=\"og:url\" content=\"https:\/\/lobosnews.com.ar\/index.php\/2026\/01\/19\/trabajo-como-banero-supero-a-messi-fue-reconocido-por-la-fifa-y-un-consejo-cambio-su-carrera-cada-gol-es-para-mi-mama\/\" \/>\n<meta property=\"og:site_name\" content=\"Lobos News\" \/>\n<meta property=\"article:published_time\" content=\"2026-01-19T03:54:52+00:00\" \/>\n<meta property=\"article:modified_time\" content=\"2026-01-19T09:38:06+00:00\" \/>\n<meta property=\"og:image\" content=\"https:\/\/lobosnews.com.ar\/wp-content\/uploads\/2026\/01\/trabajo-como-banero-supero-a-messi-fue-reconocido-por-la-fifa-y-un-consejo-cambio-su-carrera-cada-gol-es-para-mi-mama.jpg\" \/>\n<meta name=\"author\" content=\"admin\" \/>\n<meta name=\"twitter:card\" content=\"summary_large_image\" \/>\n<meta name=\"twitter:label1\" content=\"Escrito por\" \/>\n\t<meta name=\"twitter:data1\" content=\"admin\" \/>\n\t<meta name=\"twitter:label2\" content=\"Tiempo de lectura\" \/>\n\t<meta name=\"twitter:data2\" content=\"16 minutos\" \/>\n<script type=\"application\/ld+json\" class=\"yoast-schema-graph\">{\"@context\":\"https:\/\/schema.org\",\"@graph\":[{\"@type\":\"Article\",\"@id\":\"https:\/\/lobosnews.com.ar\/index.php\/2026\/01\/19\/trabajo-como-banero-supero-a-messi-fue-reconocido-por-la-fifa-y-un-consejo-cambio-su-carrera-cada-gol-es-para-mi-mama\/#article\",\"isPartOf\":{\"@id\":\"https:\/\/lobosnews.com.ar\/index.php\/2026\/01\/19\/trabajo-como-banero-supero-a-messi-fue-reconocido-por-la-fifa-y-un-consejo-cambio-su-carrera-cada-gol-es-para-mi-mama\/\"},\"author\":{\"name\":\"admin\",\"@id\":\"https:\/\/lobosnews.com.ar\/#\/schema\/person\/232422a593d5c541dd9aef6aaed10943\"},\"headline\":\"Trabaj\u00f3 como ba\u00f1ero, super\u00f3 a Messi, fue reconocido por la FIFA y un consejo cambi\u00f3 su carrera: \u201cCada gol es para mi mam\u00e1\u201d\",\"datePublished\":\"2026-01-19T03:54:52+00:00\",\"dateModified\":\"2026-01-19T09:38:06+00:00\",\"mainEntityOfPage\":{\"@id\":\"https:\/\/lobosnews.com.ar\/index.php\/2026\/01\/19\/trabajo-como-banero-supero-a-messi-fue-reconocido-por-la-fifa-y-un-consejo-cambio-su-carrera-cada-gol-es-para-mi-mama\/\"},\"wordCount\":3236,\"commentCount\":0,\"publisher\":{\"@id\":\"https:\/\/lobosnews.com.ar\/#organization\"},\"image\":{\"@id\":\"https:\/\/lobosnews.com.ar\/index.php\/2026\/01\/19\/trabajo-como-banero-supero-a-messi-fue-reconocido-por-la-fifa-y-un-consejo-cambio-su-carrera-cada-gol-es-para-mi-mama\/#primaryimage\"},\"thumbnailUrl\":\"https:\/\/lobosnews.com.ar\/wp-content\/uploads\/2026\/01\/trabajo-como-banero-supero-a-messi-fue-reconocido-por-la-fifa-y-un-consejo-cambio-su-carrera-cada-gol-es-para-mi-mama.jpg\",\"keywords\":[\"Deportes\"],\"articleSection\":[\"Argentina\"],\"inLanguage\":\"es\",\"potentialAction\":[{\"@type\":\"CommentAction\",\"name\":\"Comment\",\"target\":[\"https:\/\/lobosnews.com.ar\/index.php\/2026\/01\/19\/trabajo-como-banero-supero-a-messi-fue-reconocido-por-la-fifa-y-un-consejo-cambio-su-carrera-cada-gol-es-para-mi-mama\/#respond\"]}]},{\"@type\":\"WebPage\",\"@id\":\"https:\/\/lobosnews.com.ar\/index.php\/2026\/01\/19\/trabajo-como-banero-supero-a-messi-fue-reconocido-por-la-fifa-y-un-consejo-cambio-su-carrera-cada-gol-es-para-mi-mama\/\",\"url\":\"https:\/\/lobosnews.com.ar\/index.php\/2026\/01\/19\/trabajo-como-banero-supero-a-messi-fue-reconocido-por-la-fifa-y-un-consejo-cambio-su-carrera-cada-gol-es-para-mi-mama\/\",\"name\":\"Trabaj\u00f3 como ba\u00f1ero, super\u00f3 a Messi, fue reconocido por la FIFA y un consejo cambi\u00f3 su carrera: \u201cCada gol es para mi mam\u00e1\u201d - Lobos News\",\"isPartOf\":{\"@id\":\"https:\/\/lobosnews.com.ar\/#website\"},\"primaryImageOfPage\":{\"@id\":\"https:\/\/lobosnews.com.ar\/index.php\/2026\/01\/19\/trabajo-como-banero-supero-a-messi-fue-reconocido-por-la-fifa-y-un-consejo-cambio-su-carrera-cada-gol-es-para-mi-mama\/#primaryimage\"},\"image\":{\"@id\":\"https:\/\/lobosnews.com.ar\/index.php\/2026\/01\/19\/trabajo-como-banero-supero-a-messi-fue-reconocido-por-la-fifa-y-un-consejo-cambio-su-carrera-cada-gol-es-para-mi-mama\/#primaryimage\"},\"thumbnailUrl\":\"https:\/\/lobosnews.com.ar\/wp-content\/uploads\/2026\/01\/trabajo-como-banero-supero-a-messi-fue-reconocido-por-la-fifa-y-un-consejo-cambio-su-carrera-cada-gol-es-para-mi-mama.jpg\",\"datePublished\":\"2026-01-19T03:54:52+00:00\",\"dateModified\":\"2026-01-19T09:38:06+00:00\",\"breadcrumb\":{\"@id\":\"https:\/\/lobosnews.com.ar\/index.php\/2026\/01\/19\/trabajo-como-banero-supero-a-messi-fue-reconocido-por-la-fifa-y-un-consejo-cambio-su-carrera-cada-gol-es-para-mi-mama\/#breadcrumb\"},\"inLanguage\":\"es\",\"potentialAction\":[{\"@type\":\"ReadAction\",\"target\":[\"https:\/\/lobosnews.com.ar\/index.php\/2026\/01\/19\/trabajo-como-banero-supero-a-messi-fue-reconocido-por-la-fifa-y-un-consejo-cambio-su-carrera-cada-gol-es-para-mi-mama\/\"]}]},{\"@type\":\"ImageObject\",\"inLanguage\":\"es\",\"@id\":\"https:\/\/lobosnews.com.ar\/index.php\/2026\/01\/19\/trabajo-como-banero-supero-a-messi-fue-reconocido-por-la-fifa-y-un-consejo-cambio-su-carrera-cada-gol-es-para-mi-mama\/#primaryimage\",\"url\":\"https:\/\/lobosnews.com.ar\/wp-content\/uploads\/2026\/01\/trabajo-como-banero-supero-a-messi-fue-reconocido-por-la-fifa-y-un-consejo-cambio-su-carrera-cada-gol-es-para-mi-mama.jpg\",\"contentUrl\":\"https:\/\/lobosnews.com.ar\/wp-content\/uploads\/2026\/01\/trabajo-como-banero-supero-a-messi-fue-reconocido-por-la-fifa-y-un-consejo-cambio-su-carrera-cada-gol-es-para-mi-mama.jpg\"},{\"@type\":\"BreadcrumbList\",\"@id\":\"https:\/\/lobosnews.com.ar\/index.php\/2026\/01\/19\/trabajo-como-banero-supero-a-messi-fue-reconocido-por-la-fifa-y-un-consejo-cambio-su-carrera-cada-gol-es-para-mi-mama\/#breadcrumb\",\"itemListElement\":[{\"@type\":\"ListItem\",\"position\":1,\"name\":\"Portada\",\"item\":\"https:\/\/lobosnews.com.ar\/\"},{\"@type\":\"ListItem\",\"position\":2,\"name\":\"Trabaj\u00f3 como ba\u00f1ero, super\u00f3 a Messi, fue reconocido por la FIFA y un consejo cambi\u00f3 su carrera: \u201cCada gol es para mi mam\u00e1\u201d\"}]},{\"@type\":\"WebSite\",\"@id\":\"https:\/\/lobosnews.com.ar\/#website\",\"url\":\"https:\/\/lobosnews.com.ar\/\",\"name\":\"Lobos News\",\"description\":\"Informaci\u00f3n a cada instante\",\"publisher\":{\"@id\":\"https:\/\/lobosnews.com.ar\/#organization\"},\"potentialAction\":[{\"@type\":\"SearchAction\",\"target\":{\"@type\":\"EntryPoint\",\"urlTemplate\":\"https:\/\/lobosnews.com.ar\/?s={search_term_string}\"},\"query-input\":{\"@type\":\"PropertyValueSpecification\",\"valueRequired\":true,\"valueName\":\"search_term_string\"}}],\"inLanguage\":\"es\"},{\"@type\":\"Organization\",\"@id\":\"https:\/\/lobosnews.com.ar\/#organization\",\"name\":\"Lobos News\",\"url\":\"https:\/\/lobosnews.com.ar\/\",\"logo\":{\"@type\":\"ImageObject\",\"inLanguage\":\"es\",\"@id\":\"https:\/\/lobosnews.com.ar\/#\/schema\/logo\/image\/\",\"url\":\"https:\/\/lobosnews.com.ar\/wp-content\/uploads\/2026\/01\/logo-lobosnews.png\",\"contentUrl\":\"https:\/\/lobosnews.com.ar\/wp-content\/uploads\/2026\/01\/logo-lobosnews.png\",\"width\":500,\"height\":200,\"caption\":\"Lobos News\"},\"image\":{\"@id\":\"https:\/\/lobosnews.com.ar\/#\/schema\/logo\/image\/\"}},{\"@type\":\"Person\",\"@id\":\"https:\/\/lobosnews.com.ar\/#\/schema\/person\/232422a593d5c541dd9aef6aaed10943\",\"name\":\"admin\",\"image\":{\"@type\":\"ImageObject\",\"inLanguage\":\"es\",\"@id\":\"https:\/\/lobosnews.com.ar\/#\/schema\/person\/image\/\",\"url\":\"https:\/\/secure.gravatar.com\/avatar\/76e419471a2083bc3ceab22a763dbbf9b0c1bd15a6214cf3280e2c2dde4580f9?s=96&d=mm&r=g\",\"contentUrl\":\"https:\/\/secure.gravatar.com\/avatar\/76e419471a2083bc3ceab22a763dbbf9b0c1bd15a6214cf3280e2c2dde4580f9?s=96&d=mm&r=g\",\"caption\":\"admin\"},\"sameAs\":[\"https:\/\/lobosnews.com.ar\"],\"url\":\"https:\/\/lobosnews.com.ar\/index.php\/author\/lobos-news\/\"}]}<\/script>\n<!-- \/ Yoast SEO plugin. -->","yoast_head_json":{"title":"Trabaj\u00f3 como ba\u00f1ero, super\u00f3 a Messi, fue reconocido por la FIFA y un consejo cambi\u00f3 su carrera: \u201cCada gol es para mi mam\u00e1\u201d - Lobos News","robots":{"index":"index","follow":"follow","max-snippet":"max-snippet:-1","max-image-preview":"max-image-preview:large","max-video-preview":"max-video-preview:-1"},"canonical":"https:\/\/lobosnews.com.ar\/index.php\/2026\/01\/19\/trabajo-como-banero-supero-a-messi-fue-reconocido-por-la-fifa-y-un-consejo-cambio-su-carrera-cada-gol-es-para-mi-mama\/","og_locale":"es_ES","og_type":"article","og_title":"Trabaj\u00f3 como ba\u00f1ero, super\u00f3 a Messi, fue reconocido por la FIFA y un consejo cambi\u00f3 su carrera: \u201cCada gol es para mi mam\u00e1\u201d - Lobos News","og_description":"Volvi\u00f3 de Newell\u2019s a Hughes, un pueblo santafesino con menos de 5.000 habitantes, con la sensaci\u00f3n de que hab\u00eda dejado escapar una oportunidad. En su paso a la adultez, perdi\u00f3 a su mam\u00e1 y pens\u00f3 seriamente en el retiro. \u201cA ella le gustaba que yo jugara\u201d. Su familia lo sostuvo en su peor momento e...","og_url":"https:\/\/lobosnews.com.ar\/index.php\/2026\/01\/19\/trabajo-como-banero-supero-a-messi-fue-reconocido-por-la-fifa-y-un-consejo-cambio-su-carrera-cada-gol-es-para-mi-mama\/","og_site_name":"Lobos News","article_published_time":"2026-01-19T03:54:52+00:00","article_modified_time":"2026-01-19T09:38:06+00:00","og_image":[{"url":"https:\/\/lobosnews.com.ar\/wp-content\/uploads\/2026\/01\/trabajo-como-banero-supero-a-messi-fue-reconocido-por-la-fifa-y-un-consejo-cambio-su-carrera-cada-gol-es-para-mi-mama.jpg","type":"","width":"","height":""}],"author":"admin","twitter_card":"summary_large_image","twitter_misc":{"Escrito por":"admin","Tiempo de lectura":"16 minutos"},"schema":{"@context":"https:\/\/schema.org","@graph":[{"@type":"Article","@id":"https:\/\/lobosnews.com.ar\/index.php\/2026\/01\/19\/trabajo-como-banero-supero-a-messi-fue-reconocido-por-la-fifa-y-un-consejo-cambio-su-carrera-cada-gol-es-para-mi-mama\/#article","isPartOf":{"@id":"https:\/\/lobosnews.com.ar\/index.php\/2026\/01\/19\/trabajo-como-banero-supero-a-messi-fue-reconocido-por-la-fifa-y-un-consejo-cambio-su-carrera-cada-gol-es-para-mi-mama\/"},"author":{"name":"admin","@id":"https:\/\/lobosnews.com.ar\/#\/schema\/person\/232422a593d5c541dd9aef6aaed10943"},"headline":"Trabaj\u00f3 como ba\u00f1ero, super\u00f3 a Messi, fue reconocido por la FIFA y un consejo cambi\u00f3 su carrera: \u201cCada gol es para mi mam\u00e1\u201d","datePublished":"2026-01-19T03:54:52+00:00","dateModified":"2026-01-19T09:38:06+00:00","mainEntityOfPage":{"@id":"https:\/\/lobosnews.com.ar\/index.php\/2026\/01\/19\/trabajo-como-banero-supero-a-messi-fue-reconocido-por-la-fifa-y-un-consejo-cambio-su-carrera-cada-gol-es-para-mi-mama\/"},"wordCount":3236,"commentCount":0,"publisher":{"@id":"https:\/\/lobosnews.com.ar\/#organization"},"image":{"@id":"https:\/\/lobosnews.com.ar\/index.php\/2026\/01\/19\/trabajo-como-banero-supero-a-messi-fue-reconocido-por-la-fifa-y-un-consejo-cambio-su-carrera-cada-gol-es-para-mi-mama\/#primaryimage"},"thumbnailUrl":"https:\/\/lobosnews.com.ar\/wp-content\/uploads\/2026\/01\/trabajo-como-banero-supero-a-messi-fue-reconocido-por-la-fifa-y-un-consejo-cambio-su-carrera-cada-gol-es-para-mi-mama.jpg","keywords":["Deportes"],"articleSection":["Argentina"],"inLanguage":"es","potentialAction":[{"@type":"CommentAction","name":"Comment","target":["https:\/\/lobosnews.com.ar\/index.php\/2026\/01\/19\/trabajo-como-banero-supero-a-messi-fue-reconocido-por-la-fifa-y-un-consejo-cambio-su-carrera-cada-gol-es-para-mi-mama\/#respond"]}]},{"@type":"WebPage","@id":"https:\/\/lobosnews.com.ar\/index.php\/2026\/01\/19\/trabajo-como-banero-supero-a-messi-fue-reconocido-por-la-fifa-y-un-consejo-cambio-su-carrera-cada-gol-es-para-mi-mama\/","url":"https:\/\/lobosnews.com.ar\/index.php\/2026\/01\/19\/trabajo-como-banero-supero-a-messi-fue-reconocido-por-la-fifa-y-un-consejo-cambio-su-carrera-cada-gol-es-para-mi-mama\/","name":"Trabaj\u00f3 como ba\u00f1ero, super\u00f3 a Messi, fue reconocido por la FIFA y un consejo cambi\u00f3 su carrera: \u201cCada gol es para mi mam\u00e1\u201d - Lobos News","isPartOf":{"@id":"https:\/\/lobosnews.com.ar\/#website"},"primaryImageOfPage":{"@id":"https:\/\/lobosnews.com.ar\/index.php\/2026\/01\/19\/trabajo-como-banero-supero-a-messi-fue-reconocido-por-la-fifa-y-un-consejo-cambio-su-carrera-cada-gol-es-para-mi-mama\/#primaryimage"},"image":{"@id":"https:\/\/lobosnews.com.ar\/index.php\/2026\/01\/19\/trabajo-como-banero-supero-a-messi-fue-reconocido-por-la-fifa-y-un-consejo-cambio-su-carrera-cada-gol-es-para-mi-mama\/#primaryimage"},"thumbnailUrl":"https:\/\/lobosnews.com.ar\/wp-content\/uploads\/2026\/01\/trabajo-como-banero-supero-a-messi-fue-reconocido-por-la-fifa-y-un-consejo-cambio-su-carrera-cada-gol-es-para-mi-mama.jpg","datePublished":"2026-01-19T03:54:52+00:00","dateModified":"2026-01-19T09:38:06+00:00","breadcrumb":{"@id":"https:\/\/lobosnews.com.ar\/index.php\/2026\/01\/19\/trabajo-como-banero-supero-a-messi-fue-reconocido-por-la-fifa-y-un-consejo-cambio-su-carrera-cada-gol-es-para-mi-mama\/#breadcrumb"},"inLanguage":"es","potentialAction":[{"@type":"ReadAction","target":["https:\/\/lobosnews.com.ar\/index.php\/2026\/01\/19\/trabajo-como-banero-supero-a-messi-fue-reconocido-por-la-fifa-y-un-consejo-cambio-su-carrera-cada-gol-es-para-mi-mama\/"]}]},{"@type":"ImageObject","inLanguage":"es","@id":"https:\/\/lobosnews.com.ar\/index.php\/2026\/01\/19\/trabajo-como-banero-supero-a-messi-fue-reconocido-por-la-fifa-y-un-consejo-cambio-su-carrera-cada-gol-es-para-mi-mama\/#primaryimage","url":"https:\/\/lobosnews.com.ar\/wp-content\/uploads\/2026\/01\/trabajo-como-banero-supero-a-messi-fue-reconocido-por-la-fifa-y-un-consejo-cambio-su-carrera-cada-gol-es-para-mi-mama.jpg","contentUrl":"https:\/\/lobosnews.com.ar\/wp-content\/uploads\/2026\/01\/trabajo-como-banero-supero-a-messi-fue-reconocido-por-la-fifa-y-un-consejo-cambio-su-carrera-cada-gol-es-para-mi-mama.jpg"},{"@type":"BreadcrumbList","@id":"https:\/\/lobosnews.com.ar\/index.php\/2026\/01\/19\/trabajo-como-banero-supero-a-messi-fue-reconocido-por-la-fifa-y-un-consejo-cambio-su-carrera-cada-gol-es-para-mi-mama\/#breadcrumb","itemListElement":[{"@type":"ListItem","position":1,"name":"Portada","item":"https:\/\/lobosnews.com.ar\/"},{"@type":"ListItem","position":2,"name":"Trabaj\u00f3 como ba\u00f1ero, super\u00f3 a Messi, fue reconocido por la FIFA y un consejo cambi\u00f3 su carrera: \u201cCada gol es para mi mam\u00e1\u201d"}]},{"@type":"WebSite","@id":"https:\/\/lobosnews.com.ar\/#website","url":"https:\/\/lobosnews.com.ar\/","name":"Lobos News","description":"Informaci\u00f3n a cada instante","publisher":{"@id":"https:\/\/lobosnews.com.ar\/#organization"},"potentialAction":[{"@type":"SearchAction","target":{"@type":"EntryPoint","urlTemplate":"https:\/\/lobosnews.com.ar\/?s={search_term_string}"},"query-input":{"@type":"PropertyValueSpecification","valueRequired":true,"valueName":"search_term_string"}}],"inLanguage":"es"},{"@type":"Organization","@id":"https:\/\/lobosnews.com.ar\/#organization","name":"Lobos News","url":"https:\/\/lobosnews.com.ar\/","logo":{"@type":"ImageObject","inLanguage":"es","@id":"https:\/\/lobosnews.com.ar\/#\/schema\/logo\/image\/","url":"https:\/\/lobosnews.com.ar\/wp-content\/uploads\/2026\/01\/logo-lobosnews.png","contentUrl":"https:\/\/lobosnews.com.ar\/wp-content\/uploads\/2026\/01\/logo-lobosnews.png","width":500,"height":200,"caption":"Lobos News"},"image":{"@id":"https:\/\/lobosnews.com.ar\/#\/schema\/logo\/image\/"}},{"@type":"Person","@id":"https:\/\/lobosnews.com.ar\/#\/schema\/person\/232422a593d5c541dd9aef6aaed10943","name":"admin","image":{"@type":"ImageObject","inLanguage":"es","@id":"https:\/\/lobosnews.com.ar\/#\/schema\/person\/image\/","url":"https:\/\/secure.gravatar.com\/avatar\/76e419471a2083bc3ceab22a763dbbf9b0c1bd15a6214cf3280e2c2dde4580f9?s=96&d=mm&r=g","contentUrl":"https:\/\/secure.gravatar.com\/avatar\/76e419471a2083bc3ceab22a763dbbf9b0c1bd15a6214cf3280e2c2dde4580f9?s=96&d=mm&r=g","caption":"admin"},"sameAs":["https:\/\/lobosnews.com.ar"],"url":"https:\/\/lobosnews.com.ar\/index.php\/author\/lobos-news\/"}]}},"jetpack_featured_media_url":"","jetpack_sharing_enabled":true,"_links":{"self":[{"href":"https:\/\/lobosnews.com.ar\/index.php\/wp-json\/wp\/v2\/posts\/8533","targetHints":{"allow":["GET"]}}],"collection":[{"href":"https:\/\/lobosnews.com.ar\/index.php\/wp-json\/wp\/v2\/posts"}],"about":[{"href":"https:\/\/lobosnews.com.ar\/index.php\/wp-json\/wp\/v2\/types\/post"}],"author":[{"embeddable":true,"href":"https:\/\/lobosnews.com.ar\/index.php\/wp-json\/wp\/v2\/users\/1"}],"replies":[{"embeddable":true,"href":"https:\/\/lobosnews.com.ar\/index.php\/wp-json\/wp\/v2\/comments?post=8533"}],"version-history":[{"count":1,"href":"https:\/\/lobosnews.com.ar\/index.php\/wp-json\/wp\/v2\/posts\/8533\/revisions"}],"predecessor-version":[{"id":8540,"href":"https:\/\/lobosnews.com.ar\/index.php\/wp-json\/wp\/v2\/posts\/8533\/revisions\/8540"}],"wp:attachment":[{"href":"https:\/\/lobosnews.com.ar\/index.php\/wp-json\/wp\/v2\/media?parent=8533"}],"wp:term":[{"taxonomy":"category","embeddable":true,"href":"https:\/\/lobosnews.com.ar\/index.php\/wp-json\/wp\/v2\/categories?post=8533"},{"taxonomy":"post_tag","embeddable":true,"href":"https:\/\/lobosnews.com.ar\/index.php\/wp-json\/wp\/v2\/tags?post=8533"}],"curies":[{"name":"wp","href":"https:\/\/api.w.org\/{rel}","templated":true}]}}