{"id":8465,"date":"2026-01-19T03:40:00","date_gmt":"2026-01-19T03:40:00","guid":{"rendered":"https:\/\/lobosnews.com.ar\/index.php\/2026\/01\/19\/la-historia-oculta-del-estigma-corporal-repensando-la-condena-a-la-gordura-en-occidente\/"},"modified":"2026-01-19T04:42:52","modified_gmt":"2026-01-19T04:42:52","slug":"la-historia-oculta-del-estigma-corporal-repensando-la-condena-a-la-gordura-en-occidente","status":"publish","type":"post","link":"https:\/\/lobosnews.com.ar\/index.php\/2026\/01\/19\/la-historia-oculta-del-estigma-corporal-repensando-la-condena-a-la-gordura-en-occidente\/","title":{"rendered":"La historia oculta del estigma corporal: repensando la condena a la gordura en Occidente"},"content":{"rendered":"<p><img fetchpriority=\"high\" decoding=\"async\" src=\"https:\/\/lobosnews.com.ar\/wp-content\/uploads\/2026\/01\/la-historia-oculta-del-estigma-corporal-repensando-la-condena-a-la-gordura-en-occidente.jpg\" alt=\"\" height=\"900\" width=\"1600\"\/><\/p>\n<p>Las discusiones sobre <b>la gordura, su estigma social y la obsesi\u00f3n contempor\u00e1nea con los cuerpos delgados<\/b> alcanzan nuevas dimensiones en tiempos de medicamentos como Ozempic, seg\u00fan el historiador <b>Christopher E. Forth<\/b>. Su libro, <i><b>Grasa<\/b><\/i>, traducido recientemente al castellano, propone una revisi\u00f3n de la relaci\u00f3n ambivalente que Occidente ha mantenido con la grasa a lo largo de los siglos.<\/p>\n<p>Lejos de ser un rasgo valorado universalmente, la grasa ha sido vista, seg\u00fan la investigaci\u00f3n de <b>Forth<\/b>, como fuente de vida y fertilidad pero tambi\u00e9n como s\u00edmbolo de exceso, impureza o incluso de desorden moral. El autor deja ver que el rechazo actual a los cuerpos voluminosos tiene ra\u00edces profundas en la cultura occidental, relacionadas con el temor a la materialidad y la mortalidad.<\/p>\n<p>En el Paleol\u00edtico, la grasa animal fue esencial para la supervivencia y el desarrollo cerebral de los primeros hom\u00ednidos. El ensayo explica que, mientras en las cuevas de Lascaux serv\u00eda como alimento y combustible, pronto pas\u00f3 a representar algo negativo en la tradici\u00f3n grecorromana. Fil\u00f3sofos como Arist\u00f3teles la asociaron a la esterilidad y pensadores como S\u00e9neca la vincularon a la pereza. En fuentes religiosas, como la Biblia hebrea, la grasa se equipar\u00f3 a la impureza, y los padres de la Iglesia la convirtieron en el enemigo de la virtud.<\/p>\n<p><img loading=\"lazy\" decoding=\"async\" src=\"https:\/\/lobosnews.com.ar\/wp-content\/uploads\/2026\/01\/la-historia-oculta-del-estigma-corporal-repensando-la-condena-a-la-gordura-en-occidente-1.jpg\" alt=\"El estigma de la gordura se arrastra a trav\u00e9s de la historia (Imagen Ilustrativa Infobae)\" height=\"816\" width=\"1456\"\/><\/p>\n<p>El Renacimiento y la Edad Moderna tampoco escaparon a la vigilancia sobre el cuerpo. Pol\u00edticos, religiosos y pensadores imaginaron utop\u00edas en las que la gordura deb\u00eda ser erradicada. <b>Tommaso Campanella<\/b>, por ejemplo, describi\u00f3 una rep\u00fablica ideal en la que se asignaban parejas para eliminar los cuerpos \u201cinmoderados\u201d. Otros, como <b>Nicol\u00f2 Vito di Gozze<\/b>, propusieron directamente exiliar a las personas de contextura gruesa.<\/p>\n<p>Durante la<b> Revoluci\u00f3n Francesa<\/b>, la gordura se utiliz\u00f3 caricaturescamente para denigrar al clero y la aristocracia, retratados como s\u00edmbolos de una corrupci\u00f3n alimentada por el hambre popular. Seg\u00fan <b>Forth<\/b>, estos episodios demuestran que la aversi\u00f3n al sobrepeso tiene una larga historia, mucho m\u00e1s compleja que la supuesta glorificaci\u00f3n de los cuerpos grandes en el pasado.<\/p>\n<p>El Barroco aparece como una excepci\u00f3n aparente, donde la pintura de <b>Rubens<\/b> suele interpretarse como apolog\u00eda de la carne abundante. Sin embargo, el libro desmiente este mito y muestra que el propio Rubens defend\u00eda la disciplina y los ideales cl\u00e1sicos, usando las curvas de sus modelos como advertencia contra la corrupci\u00f3n moral, no como celebraci\u00f3n del exceso.<\/p>\n<p>La llegada de la modernidad consolid\u00f3 la delgadez como virtud. A comienzos del siglo XIX, un cuerpo delgado se asoci\u00f3 con la raz\u00f3n, la higiene y la productividad, mientras que la gordura qued\u00f3 marcada como signo de retraso y fealdad. El ensayo detalla c\u00f3mo, con la industrializaci\u00f3n y el higienismo, la \u00e9tica del trabajo se traslad\u00f3 al cuerpo: el exceso de carne se vincul\u00f3 a la pereza y la carencia de disciplina. Los argumentos de <b>Forth <\/b>son respaldados por una extensa red de fuentes que van desde la teolog\u00eda hasta la filosof\u00eda y la cultura popular.<\/p>\n<p>En la Edad Media se observ\u00f3 una alternancia entre periodos de hambre y festines, anticipando costumbres actuales como la sucesi\u00f3n de banquetes navide\u00f1os y dietas extremas. <\/p>\n<p>El presente, describe el libro, se caracteriza por un ideal de liviandad f\u00edsica, que ya no necesita del esfuerzo ni la disciplina, sino de la tecnolog\u00eda: medicamentos como Ozempic prometen la eliminaci\u00f3n indolora de la grasa, cumpliendo as\u00ed la utop\u00eda de una humanidad liberada del \u201cexceso\u201d corporal. Este fen\u00f3meno representa un giro en la historia de la obsesi\u00f3n por la delgadez, al celebrar la desaparici\u00f3n de la grasa como un avance indiscutible.<\/p>\n<p>El ensayo, lejos de adoptar un tono moralista, invita a mirar el pasado y el presente con escepticismo y a cuestionar la supuesta naturalidad del rechazo a la grasa. La erudici\u00f3n del autor, sumada a su af\u00e1n desmitificador, convierte la obra en un espejo inc\u00f3modo para una sociedad que a\u00fan no ha resuelto su relaci\u00f3n con la materia viva y con los l\u00edmites del cuerpo.<\/p>\n","protected":false},"excerpt":{"rendered":"<p>Las discusiones sobre la gordura, su estigma social y la obsesi\u00f3n contempor\u00e1nea con los cuerpos delgados alcanzan nuevas dimensiones en tiempos de medicamentos como Ozempic, seg\u00fan el historiador Christopher E. Forth. Su libro, Grasa, traducido recientemente al castellano, propone una revisi\u00f3n de la relaci\u00f3n ambivalente que Occidente ha mantenido con la grasa a lo largo&#8230;<\/p>\n","protected":false},"author":1,"featured_media":8469,"comment_status":"open","ping_status":"closed","sticky":false,"template":"","format":"standard","meta":{"_jetpack_memberships_contains_paid_content":false,"footnotes":""},"categories":[31],"tags":[],"class_list":["post-8465","post","type-post","status-publish","format-standard","has-post-thumbnail","hentry","category-actualidad"],"magazineBlocksPostFeaturedMedia":{"thumbnail":"https:\/\/lobosnews.com.ar\/wp-content\/uploads\/2026\/01\/la-historia-oculta-del-estigma-corporal-repensando-la-condena-a-la-gordura-en-occidente-2-150x150.jpg","medium":"https:\/\/lobosnews.com.ar\/wp-content\/uploads\/2026\/01\/la-historia-oculta-del-estigma-corporal-repensando-la-condena-a-la-gordura-en-occidente-2-300x168.jpg","medium_large":"https:\/\/lobosnews.com.ar\/wp-content\/uploads\/2026\/01\/la-historia-oculta-del-estigma-corporal-repensando-la-condena-a-la-gordura-en-occidente-2-768x430.jpg","large":"https:\/\/lobosnews.com.ar\/wp-content\/uploads\/2026\/01\/la-historia-oculta-del-estigma-corporal-repensando-la-condena-a-la-gordura-en-occidente-2-1024x574.jpg","1536x1536":"https:\/\/lobosnews.com.ar\/wp-content\/uploads\/2026\/01\/la-historia-oculta-del-estigma-corporal-repensando-la-condena-a-la-gordura-en-occidente-2.jpg","2048x2048":"https:\/\/lobosnews.com.ar\/wp-content\/uploads\/2026\/01\/la-historia-oculta-del-estigma-corporal-repensando-la-condena-a-la-gordura-en-occidente-2.jpg","newsmatic-featured":"https:\/\/lobosnews.com.ar\/wp-content\/uploads\/2026\/01\/la-historia-oculta-del-estigma-corporal-repensando-la-condena-a-la-gordura-en-occidente-2-820x545.jpg","newsmatic-list":"https:\/\/lobosnews.com.ar\/wp-content\/uploads\/2026\/01\/la-historia-oculta-del-estigma-corporal-repensando-la-condena-a-la-gordura-en-occidente-2-600x400.jpg","newsmatic-thumb":"https:\/\/lobosnews.com.ar\/wp-content\/uploads\/2026\/01\/la-historia-oculta-del-estigma-corporal-repensando-la-condena-a-la-gordura-en-occidente-2-300x200.jpg","newsmatic-small":"https:\/\/lobosnews.com.ar\/wp-content\/uploads\/2026\/01\/la-historia-oculta-del-estigma-corporal-repensando-la-condena-a-la-gordura-en-occidente-2-150x95.jpg","newsmatic-grid":"https:\/\/lobosnews.com.ar\/wp-content\/uploads\/2026\/01\/la-historia-oculta-del-estigma-corporal-repensando-la-condena-a-la-gordura-en-occidente-2-400x250.jpg"},"magazineBlocksPostAuthor":{"name":"admin","avatar":"https:\/\/secure.gravatar.com\/avatar\/76e419471a2083bc3ceab22a763dbbf9b0c1bd15a6214cf3280e2c2dde4580f9?s=96&d=mm&r=g"},"magazineBlocksPostCommentsNumber":"0","magazineBlocksPostExcerpt":"Las discusiones sobre la gordura, su estigma social y la obsesi\u00f3n contempor\u00e1nea con los cuerpos delgados alcanzan nuevas dimensiones en tiempos de medicamentos como Ozempic, seg\u00fan el historiador Christopher E. Forth. Su libro, Grasa, traducido recientemente al castellano, propone una revisi\u00f3n de la relaci\u00f3n ambivalente que Occidente ha mantenido con la grasa a lo largo...","magazineBlocksPostCategories":["Actualidad"],"magazineBlocksPostViewCount":165,"magazineBlocksPostReadTime":4,"magazine_blocks_featured_image_url":{"full":["https:\/\/lobosnews.com.ar\/wp-content\/uploads\/2026\/01\/la-historia-oculta-del-estigma-corporal-repensando-la-condena-a-la-gordura-en-occidente-2.jpg",1456,816,false],"medium":["https:\/\/lobosnews.com.ar\/wp-content\/uploads\/2026\/01\/la-historia-oculta-del-estigma-corporal-repensando-la-condena-a-la-gordura-en-occidente-2-300x168.jpg",300,168,true],"thumbnail":["https:\/\/lobosnews.com.ar\/wp-content\/uploads\/2026\/01\/la-historia-oculta-del-estigma-corporal-repensando-la-condena-a-la-gordura-en-occidente-2-150x150.jpg",150,150,true]},"magazine_blocks_author":{"display_name":"admin","author_link":"https:\/\/lobosnews.com.ar\/index.php\/author\/lobos-news\/"},"magazine_blocks_comment":0,"magazine_blocks_author_image":"https:\/\/secure.gravatar.com\/avatar\/76e419471a2083bc3ceab22a763dbbf9b0c1bd15a6214cf3280e2c2dde4580f9?s=96&d=mm&r=g","magazine_blocks_category":"<a href=\"#\" class=\"category-link category-link-31\">Actualidad<\/a>","yoast_head":"<!-- This site is optimized with the Yoast SEO plugin v26.6 - https:\/\/yoast.com\/wordpress\/plugins\/seo\/ -->\n<title>La historia oculta del estigma corporal: repensando la condena a la gordura en Occidente - Lobos News<\/title>\n<meta name=\"robots\" content=\"index, follow, max-snippet:-1, max-image-preview:large, max-video-preview:-1\" \/>\n<link rel=\"canonical\" href=\"https:\/\/lobosnews.com.ar\/index.php\/2026\/01\/19\/la-historia-oculta-del-estigma-corporal-repensando-la-condena-a-la-gordura-en-occidente\/\" \/>\n<meta property=\"og:locale\" content=\"es_ES\" \/>\n<meta property=\"og:type\" content=\"article\" \/>\n<meta property=\"og:title\" content=\"La historia oculta del estigma corporal: repensando la condena a la gordura en Occidente - Lobos News\" \/>\n<meta property=\"og:description\" content=\"Las discusiones sobre la gordura, su estigma social y la obsesi\u00f3n contempor\u00e1nea con los cuerpos delgados alcanzan nuevas dimensiones en tiempos de medicamentos como Ozempic, seg\u00fan el historiador Christopher E. Forth. Su libro, Grasa, traducido recientemente al castellano, propone una revisi\u00f3n de la relaci\u00f3n ambivalente que Occidente ha mantenido con la grasa a lo largo...\" \/>\n<meta property=\"og:url\" content=\"https:\/\/lobosnews.com.ar\/index.php\/2026\/01\/19\/la-historia-oculta-del-estigma-corporal-repensando-la-condena-a-la-gordura-en-occidente\/\" \/>\n<meta property=\"og:site_name\" content=\"Lobos News\" \/>\n<meta property=\"article:published_time\" content=\"2026-01-19T03:40:00+00:00\" \/>\n<meta property=\"article:modified_time\" content=\"2026-01-19T04:42:52+00:00\" \/>\n<meta property=\"og:image\" content=\"https:\/\/lobosnews.com.ar\/wp-content\/uploads\/2026\/01\/la-historia-oculta-del-estigma-corporal-repensando-la-condena-a-la-gordura-en-occidente.jpg\" \/>\n<meta name=\"author\" content=\"admin\" \/>\n<meta name=\"twitter:card\" content=\"summary_large_image\" \/>\n<meta name=\"twitter:label1\" content=\"Escrito por\" \/>\n\t<meta name=\"twitter:data1\" content=\"admin\" \/>\n\t<meta name=\"twitter:label2\" content=\"Tiempo de lectura\" \/>\n\t<meta name=\"twitter:data2\" content=\"3 minutos\" \/>\n<script type=\"application\/ld+json\" class=\"yoast-schema-graph\">{\"@context\":\"https:\/\/schema.org\",\"@graph\":[{\"@type\":\"Article\",\"@id\":\"https:\/\/lobosnews.com.ar\/index.php\/2026\/01\/19\/la-historia-oculta-del-estigma-corporal-repensando-la-condena-a-la-gordura-en-occidente\/#article\",\"isPartOf\":{\"@id\":\"https:\/\/lobosnews.com.ar\/index.php\/2026\/01\/19\/la-historia-oculta-del-estigma-corporal-repensando-la-condena-a-la-gordura-en-occidente\/\"},\"author\":{\"name\":\"admin\",\"@id\":\"https:\/\/lobosnews.com.ar\/#\/schema\/person\/232422a593d5c541dd9aef6aaed10943\"},\"headline\":\"La historia oculta del estigma corporal: repensando la condena a la gordura en Occidente\",\"datePublished\":\"2026-01-19T03:40:00+00:00\",\"dateModified\":\"2026-01-19T04:42:52+00:00\",\"mainEntityOfPage\":{\"@id\":\"https:\/\/lobosnews.com.ar\/index.php\/2026\/01\/19\/la-historia-oculta-del-estigma-corporal-repensando-la-condena-a-la-gordura-en-occidente\/\"},\"wordCount\":712,\"commentCount\":0,\"publisher\":{\"@id\":\"https:\/\/lobosnews.com.ar\/#organization\"},\"image\":{\"@id\":\"https:\/\/lobosnews.com.ar\/index.php\/2026\/01\/19\/la-historia-oculta-del-estigma-corporal-repensando-la-condena-a-la-gordura-en-occidente\/#primaryimage\"},\"thumbnailUrl\":\"https:\/\/lobosnews.com.ar\/wp-content\/uploads\/2026\/01\/la-historia-oculta-del-estigma-corporal-repensando-la-condena-a-la-gordura-en-occidente-2.jpg\",\"articleSection\":[\"Actualidad\"],\"inLanguage\":\"es\",\"potentialAction\":[{\"@type\":\"CommentAction\",\"name\":\"Comment\",\"target\":[\"https:\/\/lobosnews.com.ar\/index.php\/2026\/01\/19\/la-historia-oculta-del-estigma-corporal-repensando-la-condena-a-la-gordura-en-occidente\/#respond\"]}]},{\"@type\":\"WebPage\",\"@id\":\"https:\/\/lobosnews.com.ar\/index.php\/2026\/01\/19\/la-historia-oculta-del-estigma-corporal-repensando-la-condena-a-la-gordura-en-occidente\/\",\"url\":\"https:\/\/lobosnews.com.ar\/index.php\/2026\/01\/19\/la-historia-oculta-del-estigma-corporal-repensando-la-condena-a-la-gordura-en-occidente\/\",\"name\":\"La historia oculta del estigma corporal: repensando la condena a la gordura en Occidente - Lobos News\",\"isPartOf\":{\"@id\":\"https:\/\/lobosnews.com.ar\/#website\"},\"primaryImageOfPage\":{\"@id\":\"https:\/\/lobosnews.com.ar\/index.php\/2026\/01\/19\/la-historia-oculta-del-estigma-corporal-repensando-la-condena-a-la-gordura-en-occidente\/#primaryimage\"},\"image\":{\"@id\":\"https:\/\/lobosnews.com.ar\/index.php\/2026\/01\/19\/la-historia-oculta-del-estigma-corporal-repensando-la-condena-a-la-gordura-en-occidente\/#primaryimage\"},\"thumbnailUrl\":\"https:\/\/lobosnews.com.ar\/wp-content\/uploads\/2026\/01\/la-historia-oculta-del-estigma-corporal-repensando-la-condena-a-la-gordura-en-occidente-2.jpg\",\"datePublished\":\"2026-01-19T03:40:00+00:00\",\"dateModified\":\"2026-01-19T04:42:52+00:00\",\"breadcrumb\":{\"@id\":\"https:\/\/lobosnews.com.ar\/index.php\/2026\/01\/19\/la-historia-oculta-del-estigma-corporal-repensando-la-condena-a-la-gordura-en-occidente\/#breadcrumb\"},\"inLanguage\":\"es\",\"potentialAction\":[{\"@type\":\"ReadAction\",\"target\":[\"https:\/\/lobosnews.com.ar\/index.php\/2026\/01\/19\/la-historia-oculta-del-estigma-corporal-repensando-la-condena-a-la-gordura-en-occidente\/\"]}]},{\"@type\":\"ImageObject\",\"inLanguage\":\"es\",\"@id\":\"https:\/\/lobosnews.com.ar\/index.php\/2026\/01\/19\/la-historia-oculta-del-estigma-corporal-repensando-la-condena-a-la-gordura-en-occidente\/#primaryimage\",\"url\":\"https:\/\/lobosnews.com.ar\/wp-content\/uploads\/2026\/01\/la-historia-oculta-del-estigma-corporal-repensando-la-condena-a-la-gordura-en-occidente-2.jpg\",\"contentUrl\":\"https:\/\/lobosnews.com.ar\/wp-content\/uploads\/2026\/01\/la-historia-oculta-del-estigma-corporal-repensando-la-condena-a-la-gordura-en-occidente-2.jpg\",\"width\":1456,\"height\":816,\"caption\":\"La historia oculta del estigma corporal: repensando la condena a la gordura en Occidente\"},{\"@type\":\"BreadcrumbList\",\"@id\":\"https:\/\/lobosnews.com.ar\/index.php\/2026\/01\/19\/la-historia-oculta-del-estigma-corporal-repensando-la-condena-a-la-gordura-en-occidente\/#breadcrumb\",\"itemListElement\":[{\"@type\":\"ListItem\",\"position\":1,\"name\":\"Portada\",\"item\":\"https:\/\/lobosnews.com.ar\/\"},{\"@type\":\"ListItem\",\"position\":2,\"name\":\"La historia oculta del estigma corporal: repensando la condena a la gordura en Occidente\"}]},{\"@type\":\"WebSite\",\"@id\":\"https:\/\/lobosnews.com.ar\/#website\",\"url\":\"https:\/\/lobosnews.com.ar\/\",\"name\":\"Lobos News\",\"description\":\"Informaci\u00f3n a cada instante\",\"publisher\":{\"@id\":\"https:\/\/lobosnews.com.ar\/#organization\"},\"potentialAction\":[{\"@type\":\"SearchAction\",\"target\":{\"@type\":\"EntryPoint\",\"urlTemplate\":\"https:\/\/lobosnews.com.ar\/?s={search_term_string}\"},\"query-input\":{\"@type\":\"PropertyValueSpecification\",\"valueRequired\":true,\"valueName\":\"search_term_string\"}}],\"inLanguage\":\"es\"},{\"@type\":\"Organization\",\"@id\":\"https:\/\/lobosnews.com.ar\/#organization\",\"name\":\"Lobos News\",\"url\":\"https:\/\/lobosnews.com.ar\/\",\"logo\":{\"@type\":\"ImageObject\",\"inLanguage\":\"es\",\"@id\":\"https:\/\/lobosnews.com.ar\/#\/schema\/logo\/image\/\",\"url\":\"https:\/\/lobosnews.com.ar\/wp-content\/uploads\/2026\/01\/logo-lobosnews.png\",\"contentUrl\":\"https:\/\/lobosnews.com.ar\/wp-content\/uploads\/2026\/01\/logo-lobosnews.png\",\"width\":500,\"height\":200,\"caption\":\"Lobos News\"},\"image\":{\"@id\":\"https:\/\/lobosnews.com.ar\/#\/schema\/logo\/image\/\"}},{\"@type\":\"Person\",\"@id\":\"https:\/\/lobosnews.com.ar\/#\/schema\/person\/232422a593d5c541dd9aef6aaed10943\",\"name\":\"admin\",\"image\":{\"@type\":\"ImageObject\",\"inLanguage\":\"es\",\"@id\":\"https:\/\/lobosnews.com.ar\/#\/schema\/person\/image\/\",\"url\":\"https:\/\/secure.gravatar.com\/avatar\/76e419471a2083bc3ceab22a763dbbf9b0c1bd15a6214cf3280e2c2dde4580f9?s=96&d=mm&r=g\",\"contentUrl\":\"https:\/\/secure.gravatar.com\/avatar\/76e419471a2083bc3ceab22a763dbbf9b0c1bd15a6214cf3280e2c2dde4580f9?s=96&d=mm&r=g\",\"caption\":\"admin\"},\"sameAs\":[\"https:\/\/lobosnews.com.ar\"],\"url\":\"https:\/\/lobosnews.com.ar\/index.php\/author\/lobos-news\/\"}]}<\/script>\n<!-- \/ Yoast SEO plugin. -->","yoast_head_json":{"title":"La historia oculta del estigma corporal: repensando la condena a la gordura en Occidente - Lobos News","robots":{"index":"index","follow":"follow","max-snippet":"max-snippet:-1","max-image-preview":"max-image-preview:large","max-video-preview":"max-video-preview:-1"},"canonical":"https:\/\/lobosnews.com.ar\/index.php\/2026\/01\/19\/la-historia-oculta-del-estigma-corporal-repensando-la-condena-a-la-gordura-en-occidente\/","og_locale":"es_ES","og_type":"article","og_title":"La historia oculta del estigma corporal: repensando la condena a la gordura en Occidente - Lobos News","og_description":"Las discusiones sobre la gordura, su estigma social y la obsesi\u00f3n contempor\u00e1nea con los cuerpos delgados alcanzan nuevas dimensiones en tiempos de medicamentos como Ozempic, seg\u00fan el historiador Christopher E. Forth. Su libro, Grasa, traducido recientemente al castellano, propone una revisi\u00f3n de la relaci\u00f3n ambivalente que Occidente ha mantenido con la grasa a lo largo...","og_url":"https:\/\/lobosnews.com.ar\/index.php\/2026\/01\/19\/la-historia-oculta-del-estigma-corporal-repensando-la-condena-a-la-gordura-en-occidente\/","og_site_name":"Lobos News","article_published_time":"2026-01-19T03:40:00+00:00","article_modified_time":"2026-01-19T04:42:52+00:00","og_image":[{"url":"https:\/\/lobosnews.com.ar\/wp-content\/uploads\/2026\/01\/la-historia-oculta-del-estigma-corporal-repensando-la-condena-a-la-gordura-en-occidente.jpg","type":"","width":"","height":""}],"author":"admin","twitter_card":"summary_large_image","twitter_misc":{"Escrito por":"admin","Tiempo de lectura":"3 minutos"},"schema":{"@context":"https:\/\/schema.org","@graph":[{"@type":"Article","@id":"https:\/\/lobosnews.com.ar\/index.php\/2026\/01\/19\/la-historia-oculta-del-estigma-corporal-repensando-la-condena-a-la-gordura-en-occidente\/#article","isPartOf":{"@id":"https:\/\/lobosnews.com.ar\/index.php\/2026\/01\/19\/la-historia-oculta-del-estigma-corporal-repensando-la-condena-a-la-gordura-en-occidente\/"},"author":{"name":"admin","@id":"https:\/\/lobosnews.com.ar\/#\/schema\/person\/232422a593d5c541dd9aef6aaed10943"},"headline":"La historia oculta del estigma corporal: repensando la condena a la gordura en Occidente","datePublished":"2026-01-19T03:40:00+00:00","dateModified":"2026-01-19T04:42:52+00:00","mainEntityOfPage":{"@id":"https:\/\/lobosnews.com.ar\/index.php\/2026\/01\/19\/la-historia-oculta-del-estigma-corporal-repensando-la-condena-a-la-gordura-en-occidente\/"},"wordCount":712,"commentCount":0,"publisher":{"@id":"https:\/\/lobosnews.com.ar\/#organization"},"image":{"@id":"https:\/\/lobosnews.com.ar\/index.php\/2026\/01\/19\/la-historia-oculta-del-estigma-corporal-repensando-la-condena-a-la-gordura-en-occidente\/#primaryimage"},"thumbnailUrl":"https:\/\/lobosnews.com.ar\/wp-content\/uploads\/2026\/01\/la-historia-oculta-del-estigma-corporal-repensando-la-condena-a-la-gordura-en-occidente-2.jpg","articleSection":["Actualidad"],"inLanguage":"es","potentialAction":[{"@type":"CommentAction","name":"Comment","target":["https:\/\/lobosnews.com.ar\/index.php\/2026\/01\/19\/la-historia-oculta-del-estigma-corporal-repensando-la-condena-a-la-gordura-en-occidente\/#respond"]}]},{"@type":"WebPage","@id":"https:\/\/lobosnews.com.ar\/index.php\/2026\/01\/19\/la-historia-oculta-del-estigma-corporal-repensando-la-condena-a-la-gordura-en-occidente\/","url":"https:\/\/lobosnews.com.ar\/index.php\/2026\/01\/19\/la-historia-oculta-del-estigma-corporal-repensando-la-condena-a-la-gordura-en-occidente\/","name":"La historia oculta del estigma corporal: repensando la condena a la gordura en Occidente - Lobos News","isPartOf":{"@id":"https:\/\/lobosnews.com.ar\/#website"},"primaryImageOfPage":{"@id":"https:\/\/lobosnews.com.ar\/index.php\/2026\/01\/19\/la-historia-oculta-del-estigma-corporal-repensando-la-condena-a-la-gordura-en-occidente\/#primaryimage"},"image":{"@id":"https:\/\/lobosnews.com.ar\/index.php\/2026\/01\/19\/la-historia-oculta-del-estigma-corporal-repensando-la-condena-a-la-gordura-en-occidente\/#primaryimage"},"thumbnailUrl":"https:\/\/lobosnews.com.ar\/wp-content\/uploads\/2026\/01\/la-historia-oculta-del-estigma-corporal-repensando-la-condena-a-la-gordura-en-occidente-2.jpg","datePublished":"2026-01-19T03:40:00+00:00","dateModified":"2026-01-19T04:42:52+00:00","breadcrumb":{"@id":"https:\/\/lobosnews.com.ar\/index.php\/2026\/01\/19\/la-historia-oculta-del-estigma-corporal-repensando-la-condena-a-la-gordura-en-occidente\/#breadcrumb"},"inLanguage":"es","potentialAction":[{"@type":"ReadAction","target":["https:\/\/lobosnews.com.ar\/index.php\/2026\/01\/19\/la-historia-oculta-del-estigma-corporal-repensando-la-condena-a-la-gordura-en-occidente\/"]}]},{"@type":"ImageObject","inLanguage":"es","@id":"https:\/\/lobosnews.com.ar\/index.php\/2026\/01\/19\/la-historia-oculta-del-estigma-corporal-repensando-la-condena-a-la-gordura-en-occidente\/#primaryimage","url":"https:\/\/lobosnews.com.ar\/wp-content\/uploads\/2026\/01\/la-historia-oculta-del-estigma-corporal-repensando-la-condena-a-la-gordura-en-occidente-2.jpg","contentUrl":"https:\/\/lobosnews.com.ar\/wp-content\/uploads\/2026\/01\/la-historia-oculta-del-estigma-corporal-repensando-la-condena-a-la-gordura-en-occidente-2.jpg","width":1456,"height":816,"caption":"La historia oculta del estigma corporal: repensando la condena a la gordura en Occidente"},{"@type":"BreadcrumbList","@id":"https:\/\/lobosnews.com.ar\/index.php\/2026\/01\/19\/la-historia-oculta-del-estigma-corporal-repensando-la-condena-a-la-gordura-en-occidente\/#breadcrumb","itemListElement":[{"@type":"ListItem","position":1,"name":"Portada","item":"https:\/\/lobosnews.com.ar\/"},{"@type":"ListItem","position":2,"name":"La historia oculta del estigma corporal: repensando la condena a la gordura en Occidente"}]},{"@type":"WebSite","@id":"https:\/\/lobosnews.com.ar\/#website","url":"https:\/\/lobosnews.com.ar\/","name":"Lobos News","description":"Informaci\u00f3n a cada instante","publisher":{"@id":"https:\/\/lobosnews.com.ar\/#organization"},"potentialAction":[{"@type":"SearchAction","target":{"@type":"EntryPoint","urlTemplate":"https:\/\/lobosnews.com.ar\/?s={search_term_string}"},"query-input":{"@type":"PropertyValueSpecification","valueRequired":true,"valueName":"search_term_string"}}],"inLanguage":"es"},{"@type":"Organization","@id":"https:\/\/lobosnews.com.ar\/#organization","name":"Lobos News","url":"https:\/\/lobosnews.com.ar\/","logo":{"@type":"ImageObject","inLanguage":"es","@id":"https:\/\/lobosnews.com.ar\/#\/schema\/logo\/image\/","url":"https:\/\/lobosnews.com.ar\/wp-content\/uploads\/2026\/01\/logo-lobosnews.png","contentUrl":"https:\/\/lobosnews.com.ar\/wp-content\/uploads\/2026\/01\/logo-lobosnews.png","width":500,"height":200,"caption":"Lobos News"},"image":{"@id":"https:\/\/lobosnews.com.ar\/#\/schema\/logo\/image\/"}},{"@type":"Person","@id":"https:\/\/lobosnews.com.ar\/#\/schema\/person\/232422a593d5c541dd9aef6aaed10943","name":"admin","image":{"@type":"ImageObject","inLanguage":"es","@id":"https:\/\/lobosnews.com.ar\/#\/schema\/person\/image\/","url":"https:\/\/secure.gravatar.com\/avatar\/76e419471a2083bc3ceab22a763dbbf9b0c1bd15a6214cf3280e2c2dde4580f9?s=96&d=mm&r=g","contentUrl":"https:\/\/secure.gravatar.com\/avatar\/76e419471a2083bc3ceab22a763dbbf9b0c1bd15a6214cf3280e2c2dde4580f9?s=96&d=mm&r=g","caption":"admin"},"sameAs":["https:\/\/lobosnews.com.ar"],"url":"https:\/\/lobosnews.com.ar\/index.php\/author\/lobos-news\/"}]}},"jetpack_featured_media_url":"https:\/\/lobosnews.com.ar\/wp-content\/uploads\/2026\/01\/la-historia-oculta-del-estigma-corporal-repensando-la-condena-a-la-gordura-en-occidente-2.jpg","jetpack_sharing_enabled":true,"_links":{"self":[{"href":"https:\/\/lobosnews.com.ar\/index.php\/wp-json\/wp\/v2\/posts\/8465","targetHints":{"allow":["GET"]}}],"collection":[{"href":"https:\/\/lobosnews.com.ar\/index.php\/wp-json\/wp\/v2\/posts"}],"about":[{"href":"https:\/\/lobosnews.com.ar\/index.php\/wp-json\/wp\/v2\/types\/post"}],"author":[{"embeddable":true,"href":"https:\/\/lobosnews.com.ar\/index.php\/wp-json\/wp\/v2\/users\/1"}],"replies":[{"embeddable":true,"href":"https:\/\/lobosnews.com.ar\/index.php\/wp-json\/wp\/v2\/comments?post=8465"}],"version-history":[{"count":1,"href":"https:\/\/lobosnews.com.ar\/index.php\/wp-json\/wp\/v2\/posts\/8465\/revisions"}],"predecessor-version":[{"id":8468,"href":"https:\/\/lobosnews.com.ar\/index.php\/wp-json\/wp\/v2\/posts\/8465\/revisions\/8468"}],"wp:featuredmedia":[{"embeddable":true,"href":"https:\/\/lobosnews.com.ar\/index.php\/wp-json\/wp\/v2\/media\/8469"}],"wp:attachment":[{"href":"https:\/\/lobosnews.com.ar\/index.php\/wp-json\/wp\/v2\/media?parent=8465"}],"wp:term":[{"taxonomy":"category","embeddable":true,"href":"https:\/\/lobosnews.com.ar\/index.php\/wp-json\/wp\/v2\/categories?post=8465"},{"taxonomy":"post_tag","embeddable":true,"href":"https:\/\/lobosnews.com.ar\/index.php\/wp-json\/wp\/v2\/tags?post=8465"}],"curies":[{"name":"wp","href":"https:\/\/api.w.org\/{rel}","templated":true}]}}