{"id":8375,"date":"2026-01-18T17:23:21","date_gmt":"2026-01-18T17:23:21","guid":{"rendered":"https:\/\/lobosnews.com.ar\/index.php\/2026\/01\/18\/cuando-tomar-los-suplementos-de-fibra-para-mejorar-la-digestion-segun-expertos\/"},"modified":"2026-01-18T22:52:54","modified_gmt":"2026-01-18T22:52:54","slug":"cuando-tomar-los-suplementos-de-fibra-para-mejorar-la-digestion-segun-expertos","status":"publish","type":"post","link":"https:\/\/lobosnews.com.ar\/index.php\/2026\/01\/18\/cuando-tomar-los-suplementos-de-fibra-para-mejorar-la-digestion-segun-expertos\/","title":{"rendered":"Cu\u00e1ndo tomar los suplementos de fibra para mejorar la digesti\u00f3n, seg\u00fan expertos"},"content":{"rendered":"<p><img fetchpriority=\"high\" decoding=\"async\" src=\"https:\/\/lobosnews.com.ar\/wp-content\/uploads\/2026\/01\/cuando-tomar-los-suplementos-de-fibra-para-mejorar-la-digestion-segun-expertos.jpg\" alt=\"Especialistas recomiendan tomar suplementos de fibra entre comidas para mejorar la digesti\u00f3n y regular el tr\u00e1nsito intestinal (Imagen Ilustrativa Infobae)\" height=\"816\" width=\"1456\"\/><\/p>\n<p>En un mundo donde el estr\u00e9s, los horarios irregulares y la alimentaci\u00f3n r\u00e1pida alteran la salud digestiva, cada vez m\u00e1s personas buscan soluciones pr\u00e1cticas para mantener el bienestar intestinal.<b> El consumo insuficiente de <\/b><span class=\"waslinkname\"><b>fibra<\/b><\/span>, consecuencia directa de dietas basadas en alimentos ultraprocesados y bajas en frutas, verduras y cereales integrales, ha generado un aumento en la demanda de <b>suplementos<\/b>.<\/p>\n<p>Estos productos prometen compensar el d\u00e9ficit y contribuir a regular el tr\u00e1nsito intestinal, estabilizar los niveles de az\u00facar en sangre y mejorar la sensaci\u00f3n de saciedad. Sin embargo, especialistas se\u00f1alan que no basta con incorporarlos a la rutina diaria:<b> el momento de su consumo y ciertas precauciones marcan la diferencia entre un suplemento eficaz y posibles molestias.<\/b><\/p>\n<h2>Funciones y recomendaciones de la fibra<\/h2>\n<p>Seg\u00fan expertos de <i>Prevention<\/i> y <i>Harvard Health<\/i>, la fibra cumple tres funciones esenciales: <b>nutre el microbioma intestinal, mejora la consistencia de las heces y favorece la regulaci\u00f3n del az\u00facar en sangre y el apetito<\/b>. La suplementaci\u00f3n puede considerarse en casos de <b>estre\u00f1imiento, irregularidad en el movimiento intestinal, hinchaz\u00f3n tras las comidas, niveles elevados de az\u00facar o colesterol<\/b>, o cuando la dieta habitual es pobre en fibra.<\/p>\n<p>Respecto al mejor momento para tomar estos suplementos, las fuentes sugieren hacerlo <b>entre comidas para favorecer la <\/b><span class=\"waslinkname\"><b>digesti\u00f3n,<\/b><\/span><b> <\/b>seg\u00fan revel\u00f3 un <span class=\"waslinkname\">estudio<\/span>.<b> <\/b>Quienes buscan aliviar el estre\u00f1imiento o mantener la regularidad pueden beneficiarse de esta programaci\u00f3n, ya que contribuye a asegurar la constancia en el tr\u00e1nsito intestinal.<\/p>\n<p><img loading=\"lazy\" decoding=\"async\" src=\"https:\/\/lobosnews.com.ar\/wp-content\/uploads\/2026\/01\/cuando-tomar-los-suplementos-de-fibra-para-mejorar-la-digestion-segun-expertos-1.jpg\" alt=\"Consumir fibra antes de las comidas principales ayuda a controlar el apetito y estabilizar los niveles de az\u00facar en sangre, seg\u00fan estudios recientes (Imagen Ilustrativa Infobae)\" height=\"768\" width=\"1408\"\/><\/p>\n<p>Si el objetivo es controlar el apetito o estabilizar el az\u00facar en sangre, tanto <i>Prevention<\/i> como <i>Harvard Health<\/i> coinciden en que conviene tomar la fibra antes de las comidas principales. Investigaciones recientes han observado mejoras en personas con prediabetes que consumieron fibra justo antes de comer.<\/p>\n<p>Mantener <b>horarios constantes<\/b> en la ingesta tambi\u00e9n resulta \u00fatil.<b> Tomar el suplemento siempre a la misma hora permite que el intestino se adapte<\/b>, seg\u00fan los expertos consultados.<\/p>\n<h2>Hidrataci\u00f3n y precauciones<\/h2>\n<p>La <b>hidrataci\u00f3n es esencial al consumir suplementos de fibra. <\/b>\u201cLo m\u00e1s importante al tomar un suplemento de fibra es tomarlo con abundante agua\u201d, destacan los especialistas. <\/p>\n<p>Seg\u00fan <i>Prevention<\/i> y <i>Harvard Health<\/i>, la falta de l\u00edquidos puede provocar obstrucciones intestinales o esof\u00e1gicas. Por eso, la mayor\u00eda de etiquetas recomienda al menos 237 mililitros de agua (8 onzas) por dosis, aunque lo ideal es superar esa cantidad.<\/p>\n<p><img loading=\"lazy\" decoding=\"async\" src=\"https:\/\/lobosnews.com.ar\/wp-content\/uploads\/2026\/01\/cuando-tomar-los-suplementos-de-fibra-para-mejorar-la-digestion-segun-expertos-2.jpg\" alt=\"La hidrataci\u00f3n adecuada al tomar suplementos de fibra previene obstrucciones intestinales y esof\u00e1gicas, alertan expertos de Prevention y Harvard Health\" height=\"1072\" width=\"1906\"\/><\/p>\n<p>Tomar suplementos de fibra junto a medicamentos puede <b>reducir o bloquear la absorci\u00f3n de algunos f\u00e1rmacos.<\/b> Por ello, los expertos aconsejan dejar al menos dos horas entre la fibra y los medicamentos, y consultar a un profesional sanitario para evitar cualquier interacci\u00f3n. <\/p>\n<p>Asimismo, tampoco se recomienda consumir fibra poco antes de acostarse, ya que podr\u00eda alterar el descanso o intensificar molestias digestivas.<\/p>\n<p>Adem\u00e1s, <i>Prevention<\/i> y <i>Harvard Health<\/i> advierten que la respuesta a los suplementos de fibra var\u00eda entre personas. <b>Factores como sensibilidad digestiva, h\u00e1bitos alimentarios previos o condiciones como el s\u00edndrome de intestino irritable pueden influir en el efecto de la fibra.<\/b> <\/p>\n<p>Por este motivo, los especialistas recomiendan ajustar la dosis gradualmente, observar la tolerancia y mantener el seguimiento con profesionales de la salud para garantizar un uso seguro y efectivo.<\/p>\n<h2>La fibra y los suplementos: aliados de la salud digestiva<\/h2>\n<p>En la actualidad, <b>el estr\u00e9s, los horarios irregulares y la mala alimentaci\u00f3n<\/b> afectan la salud digestiva, impulsando a muchas personas a buscar soluciones pr\u00e1cticas. La baja ingesta de fibra, resultado de dietas pobres en frutas, verduras y cereales integrales, ha incrementado la popularidad de los suplementos de fibra. <\/p>\n<p><img loading=\"lazy\" decoding=\"async\" src=\"https:\/\/lobosnews.com.ar\/wp-content\/uploads\/2026\/01\/cuando-tomar-los-suplementos-de-fibra-para-mejorar-la-digestion-segun-expertos-3.jpg\" alt=\"Los suplementos de fibra compensan el d\u00e9ficit de alimentos ricos en fibra, como frutas, verduras y cereales integrales (Imagen Ilustrativa Infobae)\" height=\"768\" width=\"1408\"\/><\/p>\n<p>Estos productos ayudan a compensar el d\u00e9ficit y favorecen la regularidad intestinal y el control del az\u00facar en sangre. Sin embargo, especialistas insisten en que la eficacia y seguridad dependen tanto del momento de consumo como de ciertas precauciones.<\/p>\n","protected":false},"excerpt":{"rendered":"<p>En un mundo donde el estr\u00e9s, los horarios irregulares y la alimentaci\u00f3n r\u00e1pida alteran la salud digestiva, cada vez m\u00e1s personas buscan soluciones pr\u00e1cticas para mantener el bienestar intestinal. El consumo insuficiente de fibra, consecuencia directa de dietas basadas en alimentos ultraprocesados y bajas en frutas, verduras y cereales integrales, ha generado un aumento en&#8230;<\/p>\n","protected":false},"author":1,"featured_media":8381,"comment_status":"open","ping_status":"closed","sticky":false,"template":"","format":"standard","meta":{"_jetpack_memberships_contains_paid_content":false,"footnotes":""},"categories":[81],"tags":[],"class_list":["post-8375","post","type-post","status-publish","format-standard","has-post-thumbnail","hentry","category-salud"],"magazineBlocksPostFeaturedMedia":{"thumbnail":"https:\/\/lobosnews.com.ar\/wp-content\/uploads\/2026\/01\/cuando-tomar-los-suplementos-de-fibra-para-mejorar-la-digestion-segun-expertos-6-150x150.jpg","medium":"https:\/\/lobosnews.com.ar\/wp-content\/uploads\/2026\/01\/cuando-tomar-los-suplementos-de-fibra-para-mejorar-la-digestion-segun-expertos-6-300x164.jpg","medium_large":"https:\/\/lobosnews.com.ar\/wp-content\/uploads\/2026\/01\/cuando-tomar-los-suplementos-de-fibra-para-mejorar-la-digestion-segun-expertos-6-768x419.jpg","large":"https:\/\/lobosnews.com.ar\/wp-content\/uploads\/2026\/01\/cuando-tomar-los-suplementos-de-fibra-para-mejorar-la-digestion-segun-expertos-6-1024x559.jpg","1536x1536":"https:\/\/lobosnews.com.ar\/wp-content\/uploads\/2026\/01\/cuando-tomar-los-suplementos-de-fibra-para-mejorar-la-digestion-segun-expertos-6.jpg","2048x2048":"https:\/\/lobosnews.com.ar\/wp-content\/uploads\/2026\/01\/cuando-tomar-los-suplementos-de-fibra-para-mejorar-la-digestion-segun-expertos-6.jpg","newsmatic-featured":"https:\/\/lobosnews.com.ar\/wp-content\/uploads\/2026\/01\/cuando-tomar-los-suplementos-de-fibra-para-mejorar-la-digestion-segun-expertos-6-820x545.jpg","newsmatic-list":"https:\/\/lobosnews.com.ar\/wp-content\/uploads\/2026\/01\/cuando-tomar-los-suplementos-de-fibra-para-mejorar-la-digestion-segun-expertos-6-600x400.jpg","newsmatic-thumb":"https:\/\/lobosnews.com.ar\/wp-content\/uploads\/2026\/01\/cuando-tomar-los-suplementos-de-fibra-para-mejorar-la-digestion-segun-expertos-6-300x200.jpg","newsmatic-small":"https:\/\/lobosnews.com.ar\/wp-content\/uploads\/2026\/01\/cuando-tomar-los-suplementos-de-fibra-para-mejorar-la-digestion-segun-expertos-6-150x95.jpg","newsmatic-grid":"https:\/\/lobosnews.com.ar\/wp-content\/uploads\/2026\/01\/cuando-tomar-los-suplementos-de-fibra-para-mejorar-la-digestion-segun-expertos-6-400x250.jpg"},"magazineBlocksPostAuthor":{"name":"admin","avatar":"https:\/\/secure.gravatar.com\/avatar\/76e419471a2083bc3ceab22a763dbbf9b0c1bd15a6214cf3280e2c2dde4580f9?s=96&d=mm&r=g"},"magazineBlocksPostCommentsNumber":"0","magazineBlocksPostExcerpt":"En un mundo donde el estr\u00e9s, los horarios irregulares y la alimentaci\u00f3n r\u00e1pida alteran la salud digestiva, cada vez m\u00e1s personas buscan soluciones pr\u00e1cticas para mantener el bienestar intestinal. El consumo insuficiente de fibra, consecuencia directa de dietas basadas en alimentos ultraprocesados y bajas en frutas, verduras y cereales integrales, ha generado un aumento en...","magazineBlocksPostCategories":["Salud"],"magazineBlocksPostViewCount":174,"magazineBlocksPostReadTime":4,"magazine_blocks_featured_image_url":{"full":["https:\/\/lobosnews.com.ar\/wp-content\/uploads\/2026\/01\/cuando-tomar-los-suplementos-de-fibra-para-mejorar-la-digestion-segun-expertos-6.jpg",1408,768,false],"medium":["https:\/\/lobosnews.com.ar\/wp-content\/uploads\/2026\/01\/cuando-tomar-los-suplementos-de-fibra-para-mejorar-la-digestion-segun-expertos-6-300x164.jpg",300,164,true],"thumbnail":["https:\/\/lobosnews.com.ar\/wp-content\/uploads\/2026\/01\/cuando-tomar-los-suplementos-de-fibra-para-mejorar-la-digestion-segun-expertos-6-150x150.jpg",150,150,true]},"magazine_blocks_author":{"display_name":"admin","author_link":"https:\/\/lobosnews.com.ar\/index.php\/author\/lobos-news\/"},"magazine_blocks_comment":0,"magazine_blocks_author_image":"https:\/\/secure.gravatar.com\/avatar\/76e419471a2083bc3ceab22a763dbbf9b0c1bd15a6214cf3280e2c2dde4580f9?s=96&d=mm&r=g","magazine_blocks_category":"<a href=\"#\" class=\"category-link category-link-81\">Salud<\/a>","yoast_head":"<!-- This site is optimized with the Yoast SEO plugin v26.6 - https:\/\/yoast.com\/wordpress\/plugins\/seo\/ -->\n<title>Cu\u00e1ndo tomar los suplementos de fibra para mejorar la digesti\u00f3n, seg\u00fan expertos - Lobos News<\/title>\n<meta name=\"robots\" content=\"index, follow, max-snippet:-1, max-image-preview:large, max-video-preview:-1\" \/>\n<link rel=\"canonical\" href=\"https:\/\/lobosnews.com.ar\/index.php\/2026\/01\/18\/cuando-tomar-los-suplementos-de-fibra-para-mejorar-la-digestion-segun-expertos\/\" \/>\n<meta property=\"og:locale\" content=\"es_ES\" \/>\n<meta property=\"og:type\" content=\"article\" \/>\n<meta property=\"og:title\" content=\"Cu\u00e1ndo tomar los suplementos de fibra para mejorar la digesti\u00f3n, seg\u00fan expertos - Lobos News\" \/>\n<meta property=\"og:description\" content=\"En un mundo donde el estr\u00e9s, los horarios irregulares y la alimentaci\u00f3n r\u00e1pida alteran la salud digestiva, cada vez m\u00e1s personas buscan soluciones pr\u00e1cticas para mantener el bienestar intestinal. El consumo insuficiente de fibra, consecuencia directa de dietas basadas en alimentos ultraprocesados y bajas en frutas, verduras y cereales integrales, ha generado un aumento en...\" \/>\n<meta property=\"og:url\" content=\"https:\/\/lobosnews.com.ar\/index.php\/2026\/01\/18\/cuando-tomar-los-suplementos-de-fibra-para-mejorar-la-digestion-segun-expertos\/\" \/>\n<meta property=\"og:site_name\" content=\"Lobos News\" \/>\n<meta property=\"article:published_time\" content=\"2026-01-18T17:23:21+00:00\" \/>\n<meta property=\"article:modified_time\" content=\"2026-01-18T22:52:54+00:00\" \/>\n<meta property=\"og:image\" content=\"https:\/\/lobosnews.com.ar\/wp-content\/uploads\/2026\/01\/cuando-tomar-los-suplementos-de-fibra-para-mejorar-la-digestion-segun-expertos.jpg\" \/>\n<meta name=\"author\" content=\"admin\" \/>\n<meta name=\"twitter:card\" content=\"summary_large_image\" \/>\n<meta name=\"twitter:label1\" content=\"Escrito por\" \/>\n\t<meta name=\"twitter:data1\" content=\"admin\" \/>\n\t<meta name=\"twitter:label2\" content=\"Tiempo de lectura\" \/>\n\t<meta name=\"twitter:data2\" content=\"3 minutos\" \/>\n<script type=\"application\/ld+json\" class=\"yoast-schema-graph\">{\"@context\":\"https:\/\/schema.org\",\"@graph\":[{\"@type\":\"Article\",\"@id\":\"https:\/\/lobosnews.com.ar\/index.php\/2026\/01\/18\/cuando-tomar-los-suplementos-de-fibra-para-mejorar-la-digestion-segun-expertos\/#article\",\"isPartOf\":{\"@id\":\"https:\/\/lobosnews.com.ar\/index.php\/2026\/01\/18\/cuando-tomar-los-suplementos-de-fibra-para-mejorar-la-digestion-segun-expertos\/\"},\"author\":{\"name\":\"admin\",\"@id\":\"https:\/\/lobosnews.com.ar\/#\/schema\/person\/232422a593d5c541dd9aef6aaed10943\"},\"headline\":\"Cu\u00e1ndo tomar los suplementos de fibra para mejorar la digesti\u00f3n, seg\u00fan expertos\",\"datePublished\":\"2026-01-18T17:23:21+00:00\",\"dateModified\":\"2026-01-18T22:52:54+00:00\",\"mainEntityOfPage\":{\"@id\":\"https:\/\/lobosnews.com.ar\/index.php\/2026\/01\/18\/cuando-tomar-los-suplementos-de-fibra-para-mejorar-la-digestion-segun-expertos\/\"},\"wordCount\":662,\"commentCount\":0,\"publisher\":{\"@id\":\"https:\/\/lobosnews.com.ar\/#organization\"},\"image\":{\"@id\":\"https:\/\/lobosnews.com.ar\/index.php\/2026\/01\/18\/cuando-tomar-los-suplementos-de-fibra-para-mejorar-la-digestion-segun-expertos\/#primaryimage\"},\"thumbnailUrl\":\"https:\/\/lobosnews.com.ar\/wp-content\/uploads\/2026\/01\/cuando-tomar-los-suplementos-de-fibra-para-mejorar-la-digestion-segun-expertos-6.jpg\",\"articleSection\":[\"Salud\"],\"inLanguage\":\"es\",\"potentialAction\":[{\"@type\":\"CommentAction\",\"name\":\"Comment\",\"target\":[\"https:\/\/lobosnews.com.ar\/index.php\/2026\/01\/18\/cuando-tomar-los-suplementos-de-fibra-para-mejorar-la-digestion-segun-expertos\/#respond\"]}]},{\"@type\":\"WebPage\",\"@id\":\"https:\/\/lobosnews.com.ar\/index.php\/2026\/01\/18\/cuando-tomar-los-suplementos-de-fibra-para-mejorar-la-digestion-segun-expertos\/\",\"url\":\"https:\/\/lobosnews.com.ar\/index.php\/2026\/01\/18\/cuando-tomar-los-suplementos-de-fibra-para-mejorar-la-digestion-segun-expertos\/\",\"name\":\"Cu\u00e1ndo tomar los suplementos de fibra para mejorar la digesti\u00f3n, seg\u00fan expertos - Lobos News\",\"isPartOf\":{\"@id\":\"https:\/\/lobosnews.com.ar\/#website\"},\"primaryImageOfPage\":{\"@id\":\"https:\/\/lobosnews.com.ar\/index.php\/2026\/01\/18\/cuando-tomar-los-suplementos-de-fibra-para-mejorar-la-digestion-segun-expertos\/#primaryimage\"},\"image\":{\"@id\":\"https:\/\/lobosnews.com.ar\/index.php\/2026\/01\/18\/cuando-tomar-los-suplementos-de-fibra-para-mejorar-la-digestion-segun-expertos\/#primaryimage\"},\"thumbnailUrl\":\"https:\/\/lobosnews.com.ar\/wp-content\/uploads\/2026\/01\/cuando-tomar-los-suplementos-de-fibra-para-mejorar-la-digestion-segun-expertos-6.jpg\",\"datePublished\":\"2026-01-18T17:23:21+00:00\",\"dateModified\":\"2026-01-18T22:52:54+00:00\",\"breadcrumb\":{\"@id\":\"https:\/\/lobosnews.com.ar\/index.php\/2026\/01\/18\/cuando-tomar-los-suplementos-de-fibra-para-mejorar-la-digestion-segun-expertos\/#breadcrumb\"},\"inLanguage\":\"es\",\"potentialAction\":[{\"@type\":\"ReadAction\",\"target\":[\"https:\/\/lobosnews.com.ar\/index.php\/2026\/01\/18\/cuando-tomar-los-suplementos-de-fibra-para-mejorar-la-digestion-segun-expertos\/\"]}]},{\"@type\":\"ImageObject\",\"inLanguage\":\"es\",\"@id\":\"https:\/\/lobosnews.com.ar\/index.php\/2026\/01\/18\/cuando-tomar-los-suplementos-de-fibra-para-mejorar-la-digestion-segun-expertos\/#primaryimage\",\"url\":\"https:\/\/lobosnews.com.ar\/wp-content\/uploads\/2026\/01\/cuando-tomar-los-suplementos-de-fibra-para-mejorar-la-digestion-segun-expertos-6.jpg\",\"contentUrl\":\"https:\/\/lobosnews.com.ar\/wp-content\/uploads\/2026\/01\/cuando-tomar-los-suplementos-de-fibra-para-mejorar-la-digestion-segun-expertos-6.jpg\",\"width\":1408,\"height\":768,\"caption\":\"Cu\u00e1ndo tomar los suplementos de fibra para mejorar la digesti\u00f3n, seg\u00fan expertos\"},{\"@type\":\"BreadcrumbList\",\"@id\":\"https:\/\/lobosnews.com.ar\/index.php\/2026\/01\/18\/cuando-tomar-los-suplementos-de-fibra-para-mejorar-la-digestion-segun-expertos\/#breadcrumb\",\"itemListElement\":[{\"@type\":\"ListItem\",\"position\":1,\"name\":\"Portada\",\"item\":\"https:\/\/lobosnews.com.ar\/\"},{\"@type\":\"ListItem\",\"position\":2,\"name\":\"Cu\u00e1ndo tomar los suplementos de fibra para mejorar la digesti\u00f3n, seg\u00fan expertos\"}]},{\"@type\":\"WebSite\",\"@id\":\"https:\/\/lobosnews.com.ar\/#website\",\"url\":\"https:\/\/lobosnews.com.ar\/\",\"name\":\"Lobos News\",\"description\":\"Informaci\u00f3n a cada instante\",\"publisher\":{\"@id\":\"https:\/\/lobosnews.com.ar\/#organization\"},\"potentialAction\":[{\"@type\":\"SearchAction\",\"target\":{\"@type\":\"EntryPoint\",\"urlTemplate\":\"https:\/\/lobosnews.com.ar\/?s={search_term_string}\"},\"query-input\":{\"@type\":\"PropertyValueSpecification\",\"valueRequired\":true,\"valueName\":\"search_term_string\"}}],\"inLanguage\":\"es\"},{\"@type\":\"Organization\",\"@id\":\"https:\/\/lobosnews.com.ar\/#organization\",\"name\":\"Lobos News\",\"url\":\"https:\/\/lobosnews.com.ar\/\",\"logo\":{\"@type\":\"ImageObject\",\"inLanguage\":\"es\",\"@id\":\"https:\/\/lobosnews.com.ar\/#\/schema\/logo\/image\/\",\"url\":\"https:\/\/lobosnews.com.ar\/wp-content\/uploads\/2026\/01\/logo-lobosnews.png\",\"contentUrl\":\"https:\/\/lobosnews.com.ar\/wp-content\/uploads\/2026\/01\/logo-lobosnews.png\",\"width\":500,\"height\":200,\"caption\":\"Lobos News\"},\"image\":{\"@id\":\"https:\/\/lobosnews.com.ar\/#\/schema\/logo\/image\/\"}},{\"@type\":\"Person\",\"@id\":\"https:\/\/lobosnews.com.ar\/#\/schema\/person\/232422a593d5c541dd9aef6aaed10943\",\"name\":\"admin\",\"image\":{\"@type\":\"ImageObject\",\"inLanguage\":\"es\",\"@id\":\"https:\/\/lobosnews.com.ar\/#\/schema\/person\/image\/\",\"url\":\"https:\/\/secure.gravatar.com\/avatar\/76e419471a2083bc3ceab22a763dbbf9b0c1bd15a6214cf3280e2c2dde4580f9?s=96&d=mm&r=g\",\"contentUrl\":\"https:\/\/secure.gravatar.com\/avatar\/76e419471a2083bc3ceab22a763dbbf9b0c1bd15a6214cf3280e2c2dde4580f9?s=96&d=mm&r=g\",\"caption\":\"admin\"},\"sameAs\":[\"https:\/\/lobosnews.com.ar\"],\"url\":\"https:\/\/lobosnews.com.ar\/index.php\/author\/lobos-news\/\"}]}<\/script>\n<!-- \/ Yoast SEO plugin. -->","yoast_head_json":{"title":"Cu\u00e1ndo tomar los suplementos de fibra para mejorar la digesti\u00f3n, seg\u00fan expertos - Lobos News","robots":{"index":"index","follow":"follow","max-snippet":"max-snippet:-1","max-image-preview":"max-image-preview:large","max-video-preview":"max-video-preview:-1"},"canonical":"https:\/\/lobosnews.com.ar\/index.php\/2026\/01\/18\/cuando-tomar-los-suplementos-de-fibra-para-mejorar-la-digestion-segun-expertos\/","og_locale":"es_ES","og_type":"article","og_title":"Cu\u00e1ndo tomar los suplementos de fibra para mejorar la digesti\u00f3n, seg\u00fan expertos - Lobos News","og_description":"En un mundo donde el estr\u00e9s, los horarios irregulares y la alimentaci\u00f3n r\u00e1pida alteran la salud digestiva, cada vez m\u00e1s personas buscan soluciones pr\u00e1cticas para mantener el bienestar intestinal. El consumo insuficiente de fibra, consecuencia directa de dietas basadas en alimentos ultraprocesados y bajas en frutas, verduras y cereales integrales, ha generado un aumento en...","og_url":"https:\/\/lobosnews.com.ar\/index.php\/2026\/01\/18\/cuando-tomar-los-suplementos-de-fibra-para-mejorar-la-digestion-segun-expertos\/","og_site_name":"Lobos News","article_published_time":"2026-01-18T17:23:21+00:00","article_modified_time":"2026-01-18T22:52:54+00:00","og_image":[{"url":"https:\/\/lobosnews.com.ar\/wp-content\/uploads\/2026\/01\/cuando-tomar-los-suplementos-de-fibra-para-mejorar-la-digestion-segun-expertos.jpg","type":"","width":"","height":""}],"author":"admin","twitter_card":"summary_large_image","twitter_misc":{"Escrito por":"admin","Tiempo de lectura":"3 minutos"},"schema":{"@context":"https:\/\/schema.org","@graph":[{"@type":"Article","@id":"https:\/\/lobosnews.com.ar\/index.php\/2026\/01\/18\/cuando-tomar-los-suplementos-de-fibra-para-mejorar-la-digestion-segun-expertos\/#article","isPartOf":{"@id":"https:\/\/lobosnews.com.ar\/index.php\/2026\/01\/18\/cuando-tomar-los-suplementos-de-fibra-para-mejorar-la-digestion-segun-expertos\/"},"author":{"name":"admin","@id":"https:\/\/lobosnews.com.ar\/#\/schema\/person\/232422a593d5c541dd9aef6aaed10943"},"headline":"Cu\u00e1ndo tomar los suplementos de fibra para mejorar la digesti\u00f3n, seg\u00fan expertos","datePublished":"2026-01-18T17:23:21+00:00","dateModified":"2026-01-18T22:52:54+00:00","mainEntityOfPage":{"@id":"https:\/\/lobosnews.com.ar\/index.php\/2026\/01\/18\/cuando-tomar-los-suplementos-de-fibra-para-mejorar-la-digestion-segun-expertos\/"},"wordCount":662,"commentCount":0,"publisher":{"@id":"https:\/\/lobosnews.com.ar\/#organization"},"image":{"@id":"https:\/\/lobosnews.com.ar\/index.php\/2026\/01\/18\/cuando-tomar-los-suplementos-de-fibra-para-mejorar-la-digestion-segun-expertos\/#primaryimage"},"thumbnailUrl":"https:\/\/lobosnews.com.ar\/wp-content\/uploads\/2026\/01\/cuando-tomar-los-suplementos-de-fibra-para-mejorar-la-digestion-segun-expertos-6.jpg","articleSection":["Salud"],"inLanguage":"es","potentialAction":[{"@type":"CommentAction","name":"Comment","target":["https:\/\/lobosnews.com.ar\/index.php\/2026\/01\/18\/cuando-tomar-los-suplementos-de-fibra-para-mejorar-la-digestion-segun-expertos\/#respond"]}]},{"@type":"WebPage","@id":"https:\/\/lobosnews.com.ar\/index.php\/2026\/01\/18\/cuando-tomar-los-suplementos-de-fibra-para-mejorar-la-digestion-segun-expertos\/","url":"https:\/\/lobosnews.com.ar\/index.php\/2026\/01\/18\/cuando-tomar-los-suplementos-de-fibra-para-mejorar-la-digestion-segun-expertos\/","name":"Cu\u00e1ndo tomar los suplementos de fibra para mejorar la digesti\u00f3n, seg\u00fan expertos - Lobos News","isPartOf":{"@id":"https:\/\/lobosnews.com.ar\/#website"},"primaryImageOfPage":{"@id":"https:\/\/lobosnews.com.ar\/index.php\/2026\/01\/18\/cuando-tomar-los-suplementos-de-fibra-para-mejorar-la-digestion-segun-expertos\/#primaryimage"},"image":{"@id":"https:\/\/lobosnews.com.ar\/index.php\/2026\/01\/18\/cuando-tomar-los-suplementos-de-fibra-para-mejorar-la-digestion-segun-expertos\/#primaryimage"},"thumbnailUrl":"https:\/\/lobosnews.com.ar\/wp-content\/uploads\/2026\/01\/cuando-tomar-los-suplementos-de-fibra-para-mejorar-la-digestion-segun-expertos-6.jpg","datePublished":"2026-01-18T17:23:21+00:00","dateModified":"2026-01-18T22:52:54+00:00","breadcrumb":{"@id":"https:\/\/lobosnews.com.ar\/index.php\/2026\/01\/18\/cuando-tomar-los-suplementos-de-fibra-para-mejorar-la-digestion-segun-expertos\/#breadcrumb"},"inLanguage":"es","potentialAction":[{"@type":"ReadAction","target":["https:\/\/lobosnews.com.ar\/index.php\/2026\/01\/18\/cuando-tomar-los-suplementos-de-fibra-para-mejorar-la-digestion-segun-expertos\/"]}]},{"@type":"ImageObject","inLanguage":"es","@id":"https:\/\/lobosnews.com.ar\/index.php\/2026\/01\/18\/cuando-tomar-los-suplementos-de-fibra-para-mejorar-la-digestion-segun-expertos\/#primaryimage","url":"https:\/\/lobosnews.com.ar\/wp-content\/uploads\/2026\/01\/cuando-tomar-los-suplementos-de-fibra-para-mejorar-la-digestion-segun-expertos-6.jpg","contentUrl":"https:\/\/lobosnews.com.ar\/wp-content\/uploads\/2026\/01\/cuando-tomar-los-suplementos-de-fibra-para-mejorar-la-digestion-segun-expertos-6.jpg","width":1408,"height":768,"caption":"Cu\u00e1ndo tomar los suplementos de fibra para mejorar la digesti\u00f3n, seg\u00fan expertos"},{"@type":"BreadcrumbList","@id":"https:\/\/lobosnews.com.ar\/index.php\/2026\/01\/18\/cuando-tomar-los-suplementos-de-fibra-para-mejorar-la-digestion-segun-expertos\/#breadcrumb","itemListElement":[{"@type":"ListItem","position":1,"name":"Portada","item":"https:\/\/lobosnews.com.ar\/"},{"@type":"ListItem","position":2,"name":"Cu\u00e1ndo tomar los suplementos de fibra para mejorar la digesti\u00f3n, seg\u00fan expertos"}]},{"@type":"WebSite","@id":"https:\/\/lobosnews.com.ar\/#website","url":"https:\/\/lobosnews.com.ar\/","name":"Lobos News","description":"Informaci\u00f3n a cada instante","publisher":{"@id":"https:\/\/lobosnews.com.ar\/#organization"},"potentialAction":[{"@type":"SearchAction","target":{"@type":"EntryPoint","urlTemplate":"https:\/\/lobosnews.com.ar\/?s={search_term_string}"},"query-input":{"@type":"PropertyValueSpecification","valueRequired":true,"valueName":"search_term_string"}}],"inLanguage":"es"},{"@type":"Organization","@id":"https:\/\/lobosnews.com.ar\/#organization","name":"Lobos News","url":"https:\/\/lobosnews.com.ar\/","logo":{"@type":"ImageObject","inLanguage":"es","@id":"https:\/\/lobosnews.com.ar\/#\/schema\/logo\/image\/","url":"https:\/\/lobosnews.com.ar\/wp-content\/uploads\/2026\/01\/logo-lobosnews.png","contentUrl":"https:\/\/lobosnews.com.ar\/wp-content\/uploads\/2026\/01\/logo-lobosnews.png","width":500,"height":200,"caption":"Lobos News"},"image":{"@id":"https:\/\/lobosnews.com.ar\/#\/schema\/logo\/image\/"}},{"@type":"Person","@id":"https:\/\/lobosnews.com.ar\/#\/schema\/person\/232422a593d5c541dd9aef6aaed10943","name":"admin","image":{"@type":"ImageObject","inLanguage":"es","@id":"https:\/\/lobosnews.com.ar\/#\/schema\/person\/image\/","url":"https:\/\/secure.gravatar.com\/avatar\/76e419471a2083bc3ceab22a763dbbf9b0c1bd15a6214cf3280e2c2dde4580f9?s=96&d=mm&r=g","contentUrl":"https:\/\/secure.gravatar.com\/avatar\/76e419471a2083bc3ceab22a763dbbf9b0c1bd15a6214cf3280e2c2dde4580f9?s=96&d=mm&r=g","caption":"admin"},"sameAs":["https:\/\/lobosnews.com.ar"],"url":"https:\/\/lobosnews.com.ar\/index.php\/author\/lobos-news\/"}]}},"jetpack_featured_media_url":"https:\/\/lobosnews.com.ar\/wp-content\/uploads\/2026\/01\/cuando-tomar-los-suplementos-de-fibra-para-mejorar-la-digestion-segun-expertos-6.jpg","jetpack_sharing_enabled":true,"_links":{"self":[{"href":"https:\/\/lobosnews.com.ar\/index.php\/wp-json\/wp\/v2\/posts\/8375","targetHints":{"allow":["GET"]}}],"collection":[{"href":"https:\/\/lobosnews.com.ar\/index.php\/wp-json\/wp\/v2\/posts"}],"about":[{"href":"https:\/\/lobosnews.com.ar\/index.php\/wp-json\/wp\/v2\/types\/post"}],"author":[{"embeddable":true,"href":"https:\/\/lobosnews.com.ar\/index.php\/wp-json\/wp\/v2\/users\/1"}],"replies":[{"embeddable":true,"href":"https:\/\/lobosnews.com.ar\/index.php\/wp-json\/wp\/v2\/comments?post=8375"}],"version-history":[{"count":1,"href":"https:\/\/lobosnews.com.ar\/index.php\/wp-json\/wp\/v2\/posts\/8375\/revisions"}],"predecessor-version":[{"id":8380,"href":"https:\/\/lobosnews.com.ar\/index.php\/wp-json\/wp\/v2\/posts\/8375\/revisions\/8380"}],"wp:featuredmedia":[{"embeddable":true,"href":"https:\/\/lobosnews.com.ar\/index.php\/wp-json\/wp\/v2\/media\/8381"}],"wp:attachment":[{"href":"https:\/\/lobosnews.com.ar\/index.php\/wp-json\/wp\/v2\/media?parent=8375"}],"wp:term":[{"taxonomy":"category","embeddable":true,"href":"https:\/\/lobosnews.com.ar\/index.php\/wp-json\/wp\/v2\/categories?post=8375"},{"taxonomy":"post_tag","embeddable":true,"href":"https:\/\/lobosnews.com.ar\/index.php\/wp-json\/wp\/v2\/tags?post=8375"}],"curies":[{"name":"wp","href":"https:\/\/api.w.org\/{rel}","templated":true}]}}