{"id":8009,"date":"2026-01-18T00:29:43","date_gmt":"2026-01-18T00:29:43","guid":{"rendered":"https:\/\/lobosnews.com.ar\/index.php\/2026\/01\/18\/el-propietario-del-inter-miami-manifesto-el-deseo-de-que-su-club-juegue-la-copa-libertadores-los-argumentos\/"},"modified":"2026-01-18T03:29:07","modified_gmt":"2026-01-18T03:29:07","slug":"el-propietario-del-inter-miami-manifesto-el-deseo-de-que-su-club-juegue-la-copa-libertadores-los-argumentos","status":"publish","type":"post","link":"https:\/\/lobosnews.com.ar\/index.php\/2026\/01\/18\/el-propietario-del-inter-miami-manifesto-el-deseo-de-que-su-club-juegue-la-copa-libertadores-los-argumentos\/","title":{"rendered":"El propietario del Inter Miami manifest\u00f3 el deseo de que su club juegue la Copa Libertadores: los argumentos"},"content":{"rendered":"<p>El <b>Inter Miami<\/b>, campe\u00f3n de la <b>Major League Soccer (MLS)<\/b>, podr\u00eda modificar el escenario tradicional del f\u00fatbol continental si prospera el pedido de su propietario, <b>Jorge Mas<\/b>, quien manifest\u00f3 p\u00fablicamente el inter\u00e9s de la entidad por disputar la <b>Copa Libertadores<\/b>, torneo emblem\u00e1tico organizado por la Conmebol y en el cual participan clubes sudamericanos. La mera posibilidad de ver a <b>Lionel Messi<\/b> en la competencia gener\u00f3 una inmediata reacci\u00f3n entre los hinchas y elev\u00f3 la expectativa respecto al futuro v\u00ednculo entre las confederaciones de Am\u00e9rica.<\/p>\n<p>En recientes declaraciones ofrecidas en una rueda de prensa,<b> Jorge Mas <\/b>insisti\u00f3 en la viabilidad de su propuesta. Subray\u00f3 que el antecedente de la participaci\u00f3n de equipos mexicanos en la Copa Libertadores allana el camino para integrar a clubes de los Estados Unidos o Canad\u00e1.<\/p>\n<p><b>\u201cObviamente, yo s\u00ed he tenido conversaciones con Conmebol y con Alejandro (Dom\u00ednguez) de ver la participaci\u00f3n en la Copa Libertadores; hay precedentes, porque los clubes mexicanos anteriormente han jugado la Libertadores\u201d<\/b>, propuso el dirigente en di\u00e1logo con los medios.<\/p>\n<p><img loading=\"lazy\" decoding=\"async\" src=\"https:\/\/lobosnews.com.ar\/wp-content\/uploads\/2026\/01\/el-propietario-del-inter-miami-manifesto-el-deseo-de-que-su-club-juegue-la-copa-libertadores-los-argumentos.jpg\" alt=\"Lionel Messi (centro) de Inter Miami sostiene el trofeo de campe\u00f3n de la MLS y recibe un beso de Jorge Mas, due\u00f1o del equipo, tras la victoria ante Vancouver Whitecaps en la final, el s\u00e1bado 6 de diciembre de 2025, en Fort Lauderdale, Florida. (Darryl Dyck\/The Canadian Press v\u00eda AP)\" height=\"4179\" width=\"6000\"\/><\/p>\n<p>El directivo, figura central en el desarrollo y la expansi\u00f3n del club de la Florida, fue categ\u00f3rico al expresar su deseo e hizo expl\u00edcito el mensaje a la Confederaci\u00f3n Sudamericana de F\u00fatbol (Conmebol): <b>\u201cYo s\u00ed quisiera jugar la Libertadores y lo he dicho, lo digo p\u00fablicamente, lo digo dentro de la liga&#8230; Yo creo que los campeones de la MLS, tanto como los de la Liga MX, a lo mejor son merecedores de un cupo\u201d<\/b>, sostuvo Mas al dialogar con la prensa. El pedido implica desaf\u00edos organizacionales, ya que requerir\u00eda la cooperaci\u00f3n entre la Conmebol y la CONCACAF. <\/p>\n<p>\u201cComo he dicho, aspiramos a levantar trofeos, aspiramos a tener y poder hacer un club, y esto lo digo para elevar el f\u00fatbol en Norteam\u00e9rica. <b>Yo no solamente quiero ser el equipo referente de la MLS. Yo creo que tenemos la posibilidad de nosotros ser uno de los mejores equipos de este hemisferio<\/b>. Y eso se puede probar jugando la Concachampions, donde obviamente hay participaci\u00f3n de todos los pa\u00edses de CONCACAF, principalmente contra los equipos mexicanos, tambi\u00e9n en un Leagues Cup\u201d, a\u00f1adi\u00f3.<\/p>\n<p><b>\u201cMe encantar\u00eda ver si alg\u00fan d\u00eda el Inter Miami puede participar en Libertadores para poder competir con los gigantes de Sudam\u00e9rica. Una competencia que Leo (Messi) no ha jugado, esa es nuestra aspiraci\u00f3n\u201d<\/b>, sintetiz\u00f3.<\/p>\n<p><img loading=\"lazy\" decoding=\"async\" src=\"https:\/\/lobosnews.com.ar\/wp-content\/uploads\/2026\/01\/el-propietario-del-inter-miami-manifesto-el-deseo-de-que-su-club-juegue-la-copa-libertadores-los-argumentos-1.jpg\" alt=\"Los hermanos Mas, Lionel Messi y David Beckham con la copa de la MLS que obtuvo Inter Miami (AP \/Rebecca Blackwell)\" height=\"1080\" width=\"1920\"\/><\/p>\n<p>Mas avanz\u00f3 en esa direcci\u00f3n al se\u00f1alar: <b>\u201cS\u00e9 que son temas entre CONCACAF y Conmebol, pero yo creo que si de alguna manera se puede seguir creciendo en el f\u00fatbol hemisf\u00e9ricamente con la participaci\u00f3n de clubes norteamericanos y mexicanos, yo creo que la competencia ser\u00eda mejor\u201d<\/b>.<\/p>\n<p>Por otro lado,<i> <\/i><span class=\"waslinkname\"><i>Las Garzas<\/i> aseguraron la <b>continuidad<\/b> del delantero argentino <b>Tadeo Allende<\/b><\/span> para la temporada 2026, tras alcanzar un acuerdo con el <b>Celta de Vigo<\/b> para prolongar su permanencia en el club estadounidense. La confirmaci\u00f3n llega en un contexto marcado por la hist\u00f3rica conquista del primer campeonato de la <b>MLS<\/b> por parte del Inter Miami, logro en el que el futbolista tuvo un papel destacado gracias a su rendimiento ofensivo.<\/p>\n<p>En la reciente postemporada, Allende sum\u00f3 <b>nueve goles<\/b>, uno de ellos en la final. Estos registros establecieron un nuevo r\u00e9cord para la liga en \u2018playoff\u2019, superando todas las marcas anteriores. El balance goleador del argentino en la temporada regular tambi\u00e9n fue notable, alcanzando <b>11 tantos<\/b> y consolidando su posici\u00f3n como pieza fundamental en el ataque junto a <b>Messi<\/b>.<\/p>\n<p><b>\u201cTadeo va a ser parte de la plantilla del 2026. Esperamos su llegada en estos d\u00edas. Hay acuerdo con Celta de Vigo\u201d<\/b>, afirm\u00f3 Mas.<\/p>\n<p><img loading=\"lazy\" decoding=\"async\" src=\"https:\/\/lobosnews.com.ar\/wp-content\/uploads\/2026\/01\/el-propietario-del-inter-miami-manifesto-el-deseo-de-que-su-club-juegue-la-copa-libertadores-los-argumentos-2.jpg\" alt=\"Tadeo Allende, pieza clave en el ataque del Inter Miami. El cordob\u00e9s continuar\u00e1 en el campe\u00f3n de la MLS (Nathan Ray Seebeck-Imagn Images)\" height=\"2939\" width=\"4409\"\/><\/p>\n<p><b>Allende <\/b>lleg\u00f3 al club estadounidense a principios de 2025 en calidad de cedido por el Celta de Vigo, situaci\u00f3n que ahora se extiende tras la negociaci\u00f3n entre ambas entidades. Los detalles sobre las condiciones espec\u00edficas del nuevo acuerdo no fueron precisados por Jorge Mas.<\/p>\n<p>La vinculaci\u00f3n reforzada entre el Inter Miami y el delantero argentino representa un movimiento estrat\u00e9gico tras la consagraci\u00f3n del equipo esta temporada y mantiene altas las expectativas de la afici\u00f3n respecto al futuro inmediato de la franquicia en la principal competici\u00f3n futbol\u00edstica de Estados Unidos.<\/p>\n<p>Mientras tanto, el elenco de Miami inici\u00f3 su pretemporada en 2026 <b>con Messi como m\u00e1xima figura<\/b>, y bajo la atenta mirada de Mas, los futbolistas completaron los ex\u00e1menes m\u00e9dicos y salieron al campo de entrenamiento en el centro deportivo del club.<\/p>\n","protected":false},"excerpt":{"rendered":"<p>El Inter Miami, campe\u00f3n de la Major League Soccer (MLS), podr\u00eda modificar el escenario tradicional del f\u00fatbol continental si prospera el pedido de su propietario, Jorge Mas, quien manifest\u00f3 p\u00fablicamente el inter\u00e9s de la entidad por disputar la Copa Libertadores, torneo emblem\u00e1tico organizado por la Conmebol y en el cual participan clubes sudamericanos. La mera&#8230;<\/p>\n","protected":false},"author":1,"featured_media":0,"comment_status":"open","ping_status":"closed","sticky":false,"template":"","format":"standard","meta":{"_jetpack_memberships_contains_paid_content":false,"footnotes":""},"categories":[30],"tags":[39],"class_list":["post-8009","post","type-post","status-publish","format-standard","hentry","category-argentina","tag-deportes"],"magazineBlocksPostFeaturedMedia":{"thumbnail":false,"medium":false,"medium_large":false,"large":false,"1536x1536":false,"2048x2048":false,"newsmatic-featured":false,"newsmatic-list":false,"newsmatic-thumb":false,"newsmatic-small":false,"newsmatic-grid":false},"magazineBlocksPostAuthor":{"name":"admin","avatar":"https:\/\/secure.gravatar.com\/avatar\/76e419471a2083bc3ceab22a763dbbf9b0c1bd15a6214cf3280e2c2dde4580f9?s=96&d=mm&r=g"},"magazineBlocksPostCommentsNumber":"0","magazineBlocksPostExcerpt":"El Inter Miami, campe\u00f3n de la Major League Soccer (MLS), podr\u00eda modificar el escenario tradicional del f\u00fatbol continental si prospera el pedido de su propietario, Jorge Mas, quien manifest\u00f3 p\u00fablicamente el inter\u00e9s de la entidad por disputar la Copa Libertadores, torneo emblem\u00e1tico organizado por la Conmebol y en el cual participan clubes sudamericanos. La mera...","magazineBlocksPostCategories":["Argentina"],"magazineBlocksPostViewCount":183,"magazineBlocksPostReadTime":4,"magazine_blocks_featured_image_url":{"full":false,"medium":false,"thumbnail":false},"magazine_blocks_author":{"display_name":"admin","author_link":"https:\/\/lobosnews.com.ar\/index.php\/author\/lobos-news\/"},"magazine_blocks_comment":0,"magazine_blocks_author_image":"https:\/\/secure.gravatar.com\/avatar\/76e419471a2083bc3ceab22a763dbbf9b0c1bd15a6214cf3280e2c2dde4580f9?s=96&d=mm&r=g","magazine_blocks_category":"<a href=\"#\" class=\"category-link category-link-30\">Argentina<\/a>","yoast_head":"<!-- This site is optimized with the Yoast SEO plugin v26.6 - https:\/\/yoast.com\/wordpress\/plugins\/seo\/ -->\n<title>El propietario del Inter Miami manifest\u00f3 el deseo de que su club juegue la Copa Libertadores: los argumentos - Lobos News<\/title>\n<meta name=\"robots\" content=\"index, follow, max-snippet:-1, max-image-preview:large, max-video-preview:-1\" \/>\n<link rel=\"canonical\" href=\"https:\/\/lobosnews.com.ar\/index.php\/2026\/01\/18\/el-propietario-del-inter-miami-manifesto-el-deseo-de-que-su-club-juegue-la-copa-libertadores-los-argumentos\/\" \/>\n<meta property=\"og:locale\" content=\"es_ES\" \/>\n<meta property=\"og:type\" content=\"article\" \/>\n<meta property=\"og:title\" content=\"El propietario del Inter Miami manifest\u00f3 el deseo de que su club juegue la Copa Libertadores: los argumentos - Lobos News\" \/>\n<meta property=\"og:description\" content=\"El Inter Miami, campe\u00f3n de la Major League Soccer (MLS), podr\u00eda modificar el escenario tradicional del f\u00fatbol continental si prospera el pedido de su propietario, Jorge Mas, quien manifest\u00f3 p\u00fablicamente el inter\u00e9s de la entidad por disputar la Copa Libertadores, torneo emblem\u00e1tico organizado por la Conmebol y en el cual participan clubes sudamericanos. La mera...\" \/>\n<meta property=\"og:url\" content=\"https:\/\/lobosnews.com.ar\/index.php\/2026\/01\/18\/el-propietario-del-inter-miami-manifesto-el-deseo-de-que-su-club-juegue-la-copa-libertadores-los-argumentos\/\" \/>\n<meta property=\"og:site_name\" content=\"Lobos News\" \/>\n<meta property=\"article:published_time\" content=\"2026-01-18T00:29:43+00:00\" \/>\n<meta property=\"article:modified_time\" content=\"2026-01-18T03:29:07+00:00\" \/>\n<meta property=\"og:image\" content=\"https:\/\/lobosnews.com.ar\/wp-content\/uploads\/2026\/01\/el-propietario-del-inter-miami-manifesto-el-deseo-de-que-su-club-juegue-la-copa-libertadores-los-argumentos.jpg\" \/>\n<meta name=\"author\" content=\"admin\" \/>\n<meta name=\"twitter:card\" content=\"summary_large_image\" \/>\n<meta name=\"twitter:label1\" content=\"Escrito por\" \/>\n\t<meta name=\"twitter:data1\" content=\"admin\" \/>\n\t<meta name=\"twitter:label2\" content=\"Tiempo de lectura\" \/>\n\t<meta name=\"twitter:data2\" content=\"4 minutos\" \/>\n<script type=\"application\/ld+json\" class=\"yoast-schema-graph\">{\"@context\":\"https:\/\/schema.org\",\"@graph\":[{\"@type\":\"Article\",\"@id\":\"https:\/\/lobosnews.com.ar\/index.php\/2026\/01\/18\/el-propietario-del-inter-miami-manifesto-el-deseo-de-que-su-club-juegue-la-copa-libertadores-los-argumentos\/#article\",\"isPartOf\":{\"@id\":\"https:\/\/lobosnews.com.ar\/index.php\/2026\/01\/18\/el-propietario-del-inter-miami-manifesto-el-deseo-de-que-su-club-juegue-la-copa-libertadores-los-argumentos\/\"},\"author\":{\"name\":\"admin\",\"@id\":\"https:\/\/lobosnews.com.ar\/#\/schema\/person\/232422a593d5c541dd9aef6aaed10943\"},\"headline\":\"El propietario del Inter Miami manifest\u00f3 el deseo de que su club juegue la Copa Libertadores: los argumentos\",\"datePublished\":\"2026-01-18T00:29:43+00:00\",\"dateModified\":\"2026-01-18T03:29:07+00:00\",\"mainEntityOfPage\":{\"@id\":\"https:\/\/lobosnews.com.ar\/index.php\/2026\/01\/18\/el-propietario-del-inter-miami-manifesto-el-deseo-de-que-su-club-juegue-la-copa-libertadores-los-argumentos\/\"},\"wordCount\":781,\"commentCount\":0,\"publisher\":{\"@id\":\"https:\/\/lobosnews.com.ar\/#organization\"},\"image\":{\"@id\":\"https:\/\/lobosnews.com.ar\/index.php\/2026\/01\/18\/el-propietario-del-inter-miami-manifesto-el-deseo-de-que-su-club-juegue-la-copa-libertadores-los-argumentos\/#primaryimage\"},\"thumbnailUrl\":\"https:\/\/lobosnews.com.ar\/wp-content\/uploads\/2026\/01\/el-propietario-del-inter-miami-manifesto-el-deseo-de-que-su-club-juegue-la-copa-libertadores-los-argumentos.jpg\",\"keywords\":[\"Deportes\"],\"articleSection\":[\"Argentina\"],\"inLanguage\":\"es\",\"potentialAction\":[{\"@type\":\"CommentAction\",\"name\":\"Comment\",\"target\":[\"https:\/\/lobosnews.com.ar\/index.php\/2026\/01\/18\/el-propietario-del-inter-miami-manifesto-el-deseo-de-que-su-club-juegue-la-copa-libertadores-los-argumentos\/#respond\"]}]},{\"@type\":\"WebPage\",\"@id\":\"https:\/\/lobosnews.com.ar\/index.php\/2026\/01\/18\/el-propietario-del-inter-miami-manifesto-el-deseo-de-que-su-club-juegue-la-copa-libertadores-los-argumentos\/\",\"url\":\"https:\/\/lobosnews.com.ar\/index.php\/2026\/01\/18\/el-propietario-del-inter-miami-manifesto-el-deseo-de-que-su-club-juegue-la-copa-libertadores-los-argumentos\/\",\"name\":\"El propietario del Inter Miami manifest\u00f3 el deseo de que su club juegue la Copa Libertadores: los argumentos - Lobos News\",\"isPartOf\":{\"@id\":\"https:\/\/lobosnews.com.ar\/#website\"},\"primaryImageOfPage\":{\"@id\":\"https:\/\/lobosnews.com.ar\/index.php\/2026\/01\/18\/el-propietario-del-inter-miami-manifesto-el-deseo-de-que-su-club-juegue-la-copa-libertadores-los-argumentos\/#primaryimage\"},\"image\":{\"@id\":\"https:\/\/lobosnews.com.ar\/index.php\/2026\/01\/18\/el-propietario-del-inter-miami-manifesto-el-deseo-de-que-su-club-juegue-la-copa-libertadores-los-argumentos\/#primaryimage\"},\"thumbnailUrl\":\"https:\/\/lobosnews.com.ar\/wp-content\/uploads\/2026\/01\/el-propietario-del-inter-miami-manifesto-el-deseo-de-que-su-club-juegue-la-copa-libertadores-los-argumentos.jpg\",\"datePublished\":\"2026-01-18T00:29:43+00:00\",\"dateModified\":\"2026-01-18T03:29:07+00:00\",\"breadcrumb\":{\"@id\":\"https:\/\/lobosnews.com.ar\/index.php\/2026\/01\/18\/el-propietario-del-inter-miami-manifesto-el-deseo-de-que-su-club-juegue-la-copa-libertadores-los-argumentos\/#breadcrumb\"},\"inLanguage\":\"es\",\"potentialAction\":[{\"@type\":\"ReadAction\",\"target\":[\"https:\/\/lobosnews.com.ar\/index.php\/2026\/01\/18\/el-propietario-del-inter-miami-manifesto-el-deseo-de-que-su-club-juegue-la-copa-libertadores-los-argumentos\/\"]}]},{\"@type\":\"ImageObject\",\"inLanguage\":\"es\",\"@id\":\"https:\/\/lobosnews.com.ar\/index.php\/2026\/01\/18\/el-propietario-del-inter-miami-manifesto-el-deseo-de-que-su-club-juegue-la-copa-libertadores-los-argumentos\/#primaryimage\",\"url\":\"https:\/\/lobosnews.com.ar\/wp-content\/uploads\/2026\/01\/el-propietario-del-inter-miami-manifesto-el-deseo-de-que-su-club-juegue-la-copa-libertadores-los-argumentos.jpg\",\"contentUrl\":\"https:\/\/lobosnews.com.ar\/wp-content\/uploads\/2026\/01\/el-propietario-del-inter-miami-manifesto-el-deseo-de-que-su-club-juegue-la-copa-libertadores-los-argumentos.jpg\"},{\"@type\":\"BreadcrumbList\",\"@id\":\"https:\/\/lobosnews.com.ar\/index.php\/2026\/01\/18\/el-propietario-del-inter-miami-manifesto-el-deseo-de-que-su-club-juegue-la-copa-libertadores-los-argumentos\/#breadcrumb\",\"itemListElement\":[{\"@type\":\"ListItem\",\"position\":1,\"name\":\"Portada\",\"item\":\"https:\/\/lobosnews.com.ar\/\"},{\"@type\":\"ListItem\",\"position\":2,\"name\":\"El propietario del Inter Miami manifest\u00f3 el deseo de que su club juegue la Copa Libertadores: los argumentos\"}]},{\"@type\":\"WebSite\",\"@id\":\"https:\/\/lobosnews.com.ar\/#website\",\"url\":\"https:\/\/lobosnews.com.ar\/\",\"name\":\"Lobos News\",\"description\":\"Informaci\u00f3n a cada instante\",\"publisher\":{\"@id\":\"https:\/\/lobosnews.com.ar\/#organization\"},\"potentialAction\":[{\"@type\":\"SearchAction\",\"target\":{\"@type\":\"EntryPoint\",\"urlTemplate\":\"https:\/\/lobosnews.com.ar\/?s={search_term_string}\"},\"query-input\":{\"@type\":\"PropertyValueSpecification\",\"valueRequired\":true,\"valueName\":\"search_term_string\"}}],\"inLanguage\":\"es\"},{\"@type\":\"Organization\",\"@id\":\"https:\/\/lobosnews.com.ar\/#organization\",\"name\":\"Lobos News\",\"url\":\"https:\/\/lobosnews.com.ar\/\",\"logo\":{\"@type\":\"ImageObject\",\"inLanguage\":\"es\",\"@id\":\"https:\/\/lobosnews.com.ar\/#\/schema\/logo\/image\/\",\"url\":\"https:\/\/lobosnews.com.ar\/wp-content\/uploads\/2026\/01\/logo-lobosnews.png\",\"contentUrl\":\"https:\/\/lobosnews.com.ar\/wp-content\/uploads\/2026\/01\/logo-lobosnews.png\",\"width\":500,\"height\":200,\"caption\":\"Lobos News\"},\"image\":{\"@id\":\"https:\/\/lobosnews.com.ar\/#\/schema\/logo\/image\/\"}},{\"@type\":\"Person\",\"@id\":\"https:\/\/lobosnews.com.ar\/#\/schema\/person\/232422a593d5c541dd9aef6aaed10943\",\"name\":\"admin\",\"image\":{\"@type\":\"ImageObject\",\"inLanguage\":\"es\",\"@id\":\"https:\/\/lobosnews.com.ar\/#\/schema\/person\/image\/\",\"url\":\"https:\/\/secure.gravatar.com\/avatar\/76e419471a2083bc3ceab22a763dbbf9b0c1bd15a6214cf3280e2c2dde4580f9?s=96&d=mm&r=g\",\"contentUrl\":\"https:\/\/secure.gravatar.com\/avatar\/76e419471a2083bc3ceab22a763dbbf9b0c1bd15a6214cf3280e2c2dde4580f9?s=96&d=mm&r=g\",\"caption\":\"admin\"},\"sameAs\":[\"https:\/\/lobosnews.com.ar\"],\"url\":\"https:\/\/lobosnews.com.ar\/index.php\/author\/lobos-news\/\"}]}<\/script>\n<!-- \/ Yoast SEO plugin. -->","yoast_head_json":{"title":"El propietario del Inter Miami manifest\u00f3 el deseo de que su club juegue la Copa Libertadores: los argumentos - Lobos News","robots":{"index":"index","follow":"follow","max-snippet":"max-snippet:-1","max-image-preview":"max-image-preview:large","max-video-preview":"max-video-preview:-1"},"canonical":"https:\/\/lobosnews.com.ar\/index.php\/2026\/01\/18\/el-propietario-del-inter-miami-manifesto-el-deseo-de-que-su-club-juegue-la-copa-libertadores-los-argumentos\/","og_locale":"es_ES","og_type":"article","og_title":"El propietario del Inter Miami manifest\u00f3 el deseo de que su club juegue la Copa Libertadores: los argumentos - Lobos News","og_description":"El Inter Miami, campe\u00f3n de la Major League Soccer (MLS), podr\u00eda modificar el escenario tradicional del f\u00fatbol continental si prospera el pedido de su propietario, Jorge Mas, quien manifest\u00f3 p\u00fablicamente el inter\u00e9s de la entidad por disputar la Copa Libertadores, torneo emblem\u00e1tico organizado por la Conmebol y en el cual participan clubes sudamericanos. La mera...","og_url":"https:\/\/lobosnews.com.ar\/index.php\/2026\/01\/18\/el-propietario-del-inter-miami-manifesto-el-deseo-de-que-su-club-juegue-la-copa-libertadores-los-argumentos\/","og_site_name":"Lobos News","article_published_time":"2026-01-18T00:29:43+00:00","article_modified_time":"2026-01-18T03:29:07+00:00","og_image":[{"url":"https:\/\/lobosnews.com.ar\/wp-content\/uploads\/2026\/01\/el-propietario-del-inter-miami-manifesto-el-deseo-de-que-su-club-juegue-la-copa-libertadores-los-argumentos.jpg","type":"","width":"","height":""}],"author":"admin","twitter_card":"summary_large_image","twitter_misc":{"Escrito por":"admin","Tiempo de lectura":"4 minutos"},"schema":{"@context":"https:\/\/schema.org","@graph":[{"@type":"Article","@id":"https:\/\/lobosnews.com.ar\/index.php\/2026\/01\/18\/el-propietario-del-inter-miami-manifesto-el-deseo-de-que-su-club-juegue-la-copa-libertadores-los-argumentos\/#article","isPartOf":{"@id":"https:\/\/lobosnews.com.ar\/index.php\/2026\/01\/18\/el-propietario-del-inter-miami-manifesto-el-deseo-de-que-su-club-juegue-la-copa-libertadores-los-argumentos\/"},"author":{"name":"admin","@id":"https:\/\/lobosnews.com.ar\/#\/schema\/person\/232422a593d5c541dd9aef6aaed10943"},"headline":"El propietario del Inter Miami manifest\u00f3 el deseo de que su club juegue la Copa Libertadores: los argumentos","datePublished":"2026-01-18T00:29:43+00:00","dateModified":"2026-01-18T03:29:07+00:00","mainEntityOfPage":{"@id":"https:\/\/lobosnews.com.ar\/index.php\/2026\/01\/18\/el-propietario-del-inter-miami-manifesto-el-deseo-de-que-su-club-juegue-la-copa-libertadores-los-argumentos\/"},"wordCount":781,"commentCount":0,"publisher":{"@id":"https:\/\/lobosnews.com.ar\/#organization"},"image":{"@id":"https:\/\/lobosnews.com.ar\/index.php\/2026\/01\/18\/el-propietario-del-inter-miami-manifesto-el-deseo-de-que-su-club-juegue-la-copa-libertadores-los-argumentos\/#primaryimage"},"thumbnailUrl":"https:\/\/lobosnews.com.ar\/wp-content\/uploads\/2026\/01\/el-propietario-del-inter-miami-manifesto-el-deseo-de-que-su-club-juegue-la-copa-libertadores-los-argumentos.jpg","keywords":["Deportes"],"articleSection":["Argentina"],"inLanguage":"es","potentialAction":[{"@type":"CommentAction","name":"Comment","target":["https:\/\/lobosnews.com.ar\/index.php\/2026\/01\/18\/el-propietario-del-inter-miami-manifesto-el-deseo-de-que-su-club-juegue-la-copa-libertadores-los-argumentos\/#respond"]}]},{"@type":"WebPage","@id":"https:\/\/lobosnews.com.ar\/index.php\/2026\/01\/18\/el-propietario-del-inter-miami-manifesto-el-deseo-de-que-su-club-juegue-la-copa-libertadores-los-argumentos\/","url":"https:\/\/lobosnews.com.ar\/index.php\/2026\/01\/18\/el-propietario-del-inter-miami-manifesto-el-deseo-de-que-su-club-juegue-la-copa-libertadores-los-argumentos\/","name":"El propietario del Inter Miami manifest\u00f3 el deseo de que su club juegue la Copa Libertadores: los argumentos - Lobos News","isPartOf":{"@id":"https:\/\/lobosnews.com.ar\/#website"},"primaryImageOfPage":{"@id":"https:\/\/lobosnews.com.ar\/index.php\/2026\/01\/18\/el-propietario-del-inter-miami-manifesto-el-deseo-de-que-su-club-juegue-la-copa-libertadores-los-argumentos\/#primaryimage"},"image":{"@id":"https:\/\/lobosnews.com.ar\/index.php\/2026\/01\/18\/el-propietario-del-inter-miami-manifesto-el-deseo-de-que-su-club-juegue-la-copa-libertadores-los-argumentos\/#primaryimage"},"thumbnailUrl":"https:\/\/lobosnews.com.ar\/wp-content\/uploads\/2026\/01\/el-propietario-del-inter-miami-manifesto-el-deseo-de-que-su-club-juegue-la-copa-libertadores-los-argumentos.jpg","datePublished":"2026-01-18T00:29:43+00:00","dateModified":"2026-01-18T03:29:07+00:00","breadcrumb":{"@id":"https:\/\/lobosnews.com.ar\/index.php\/2026\/01\/18\/el-propietario-del-inter-miami-manifesto-el-deseo-de-que-su-club-juegue-la-copa-libertadores-los-argumentos\/#breadcrumb"},"inLanguage":"es","potentialAction":[{"@type":"ReadAction","target":["https:\/\/lobosnews.com.ar\/index.php\/2026\/01\/18\/el-propietario-del-inter-miami-manifesto-el-deseo-de-que-su-club-juegue-la-copa-libertadores-los-argumentos\/"]}]},{"@type":"ImageObject","inLanguage":"es","@id":"https:\/\/lobosnews.com.ar\/index.php\/2026\/01\/18\/el-propietario-del-inter-miami-manifesto-el-deseo-de-que-su-club-juegue-la-copa-libertadores-los-argumentos\/#primaryimage","url":"https:\/\/lobosnews.com.ar\/wp-content\/uploads\/2026\/01\/el-propietario-del-inter-miami-manifesto-el-deseo-de-que-su-club-juegue-la-copa-libertadores-los-argumentos.jpg","contentUrl":"https:\/\/lobosnews.com.ar\/wp-content\/uploads\/2026\/01\/el-propietario-del-inter-miami-manifesto-el-deseo-de-que-su-club-juegue-la-copa-libertadores-los-argumentos.jpg"},{"@type":"BreadcrumbList","@id":"https:\/\/lobosnews.com.ar\/index.php\/2026\/01\/18\/el-propietario-del-inter-miami-manifesto-el-deseo-de-que-su-club-juegue-la-copa-libertadores-los-argumentos\/#breadcrumb","itemListElement":[{"@type":"ListItem","position":1,"name":"Portada","item":"https:\/\/lobosnews.com.ar\/"},{"@type":"ListItem","position":2,"name":"El propietario del Inter Miami manifest\u00f3 el deseo de que su club juegue la Copa Libertadores: los argumentos"}]},{"@type":"WebSite","@id":"https:\/\/lobosnews.com.ar\/#website","url":"https:\/\/lobosnews.com.ar\/","name":"Lobos News","description":"Informaci\u00f3n a cada instante","publisher":{"@id":"https:\/\/lobosnews.com.ar\/#organization"},"potentialAction":[{"@type":"SearchAction","target":{"@type":"EntryPoint","urlTemplate":"https:\/\/lobosnews.com.ar\/?s={search_term_string}"},"query-input":{"@type":"PropertyValueSpecification","valueRequired":true,"valueName":"search_term_string"}}],"inLanguage":"es"},{"@type":"Organization","@id":"https:\/\/lobosnews.com.ar\/#organization","name":"Lobos News","url":"https:\/\/lobosnews.com.ar\/","logo":{"@type":"ImageObject","inLanguage":"es","@id":"https:\/\/lobosnews.com.ar\/#\/schema\/logo\/image\/","url":"https:\/\/lobosnews.com.ar\/wp-content\/uploads\/2026\/01\/logo-lobosnews.png","contentUrl":"https:\/\/lobosnews.com.ar\/wp-content\/uploads\/2026\/01\/logo-lobosnews.png","width":500,"height":200,"caption":"Lobos News"},"image":{"@id":"https:\/\/lobosnews.com.ar\/#\/schema\/logo\/image\/"}},{"@type":"Person","@id":"https:\/\/lobosnews.com.ar\/#\/schema\/person\/232422a593d5c541dd9aef6aaed10943","name":"admin","image":{"@type":"ImageObject","inLanguage":"es","@id":"https:\/\/lobosnews.com.ar\/#\/schema\/person\/image\/","url":"https:\/\/secure.gravatar.com\/avatar\/76e419471a2083bc3ceab22a763dbbf9b0c1bd15a6214cf3280e2c2dde4580f9?s=96&d=mm&r=g","contentUrl":"https:\/\/secure.gravatar.com\/avatar\/76e419471a2083bc3ceab22a763dbbf9b0c1bd15a6214cf3280e2c2dde4580f9?s=96&d=mm&r=g","caption":"admin"},"sameAs":["https:\/\/lobosnews.com.ar"],"url":"https:\/\/lobosnews.com.ar\/index.php\/author\/lobos-news\/"}]}},"jetpack_featured_media_url":"","jetpack_sharing_enabled":true,"_links":{"self":[{"href":"https:\/\/lobosnews.com.ar\/index.php\/wp-json\/wp\/v2\/posts\/8009","targetHints":{"allow":["GET"]}}],"collection":[{"href":"https:\/\/lobosnews.com.ar\/index.php\/wp-json\/wp\/v2\/posts"}],"about":[{"href":"https:\/\/lobosnews.com.ar\/index.php\/wp-json\/wp\/v2\/types\/post"}],"author":[{"embeddable":true,"href":"https:\/\/lobosnews.com.ar\/index.php\/wp-json\/wp\/v2\/users\/1"}],"replies":[{"embeddable":true,"href":"https:\/\/lobosnews.com.ar\/index.php\/wp-json\/wp\/v2\/comments?post=8009"}],"version-history":[{"count":1,"href":"https:\/\/lobosnews.com.ar\/index.php\/wp-json\/wp\/v2\/posts\/8009\/revisions"}],"predecessor-version":[{"id":8013,"href":"https:\/\/lobosnews.com.ar\/index.php\/wp-json\/wp\/v2\/posts\/8009\/revisions\/8013"}],"wp:attachment":[{"href":"https:\/\/lobosnews.com.ar\/index.php\/wp-json\/wp\/v2\/media?parent=8009"}],"wp:term":[{"taxonomy":"category","embeddable":true,"href":"https:\/\/lobosnews.com.ar\/index.php\/wp-json\/wp\/v2\/categories?post=8009"},{"taxonomy":"post_tag","embeddable":true,"href":"https:\/\/lobosnews.com.ar\/index.php\/wp-json\/wp\/v2\/tags?post=8009"}],"curies":[{"name":"wp","href":"https:\/\/api.w.org\/{rel}","templated":true}]}}