{"id":8006,"date":"2026-01-18T02:18:27","date_gmt":"2026-01-18T02:18:27","guid":{"rendered":"https:\/\/lobosnews.com.ar\/index.php\/2026\/01\/18\/el-fuerte-choque-entre-el-arquero-de-river-santiago-beltran-y-abel-hernandez-las-lagrimas-del-jugador-de-penarol\/"},"modified":"2026-01-18T03:28:58","modified_gmt":"2026-01-18T03:28:58","slug":"el-fuerte-choque-entre-el-arquero-de-river-santiago-beltran-y-abel-hernandez-las-lagrimas-del-jugador-de-penarol","status":"publish","type":"post","link":"https:\/\/lobosnews.com.ar\/index.php\/2026\/01\/18\/el-fuerte-choque-entre-el-arquero-de-river-santiago-beltran-y-abel-hernandez-las-lagrimas-del-jugador-de-penarol\/","title":{"rendered":"El fuerte choque entre el arquero de River Santiago Beltr\u00e1n y Abel Hern\u00e1ndez: las l\u00e1grimas del jugador de Pe\u00f1arol"},"content":{"rendered":"<p><!DOCTYPE html><br \/>\n<html><br \/>\n<head><br \/>\n<meta name=\"viewport\" content=\"width=device-width, initial-scale=1\"><\/p>\n<style>\n.container-video { position: relative; width: 100%; overflow: hidden; padding-top: 56.25%;\n}\n.responsive-iframe-video { position: absolute; top: 0; left: 0; bottom: 0; right: 0; width: 100%; height: 100%; border: none;\n}\n<\/style>\n<p><\/head><br \/>\n<body><\/p>\n<div class=\"container-video\"> <iframe title=\"video-espn\" class=\"responsive-iframe-video\" src=\"https:\/\/www.espn.com.ar\/core\/video\/iframe?id=16195527&#038;endcard=false&#038;omniReportSuite=wdgespge\" allowfullscreen><\/iframe>\n<\/div>\n<p><\/body><br \/>\n<\/html><\/p>\n<p>El <span class=\"waslinkname\">amistoso entre <b>River Plate<\/b> y <b>Pe\u00f1arol<\/b><\/span> de Uruguay congreg\u00f3 la atenci\u00f3n internacional en el <i>Estadio Domingo Burgue\u00f1o Miguel de Maldonado<\/i>. Este enfrentamiento, enmarcado en los <b>Cl\u00e1sicos Sudamericanos 2026<\/b>, dej\u00f3 una imagen desoladora en su inicio: el delantero del <i>Carbonero <\/i><b>Abel Hern\u00e1ndez<\/b> se retir\u00f3 del campo entre l\u00e1grimas.<\/p>\n<p>El desarrollo inicial revel\u00f3 la solidez defensiva de los uruguayos, aunque la primera llegada clara fue protagonizada por <b>Pe\u00f1arol<\/b>, cuando el arquero <b>Santiago Beltr\u00e1n<\/b> debi\u00f3 intervenir fuera del \u00e1rea debido a un cierre fallido de <b>Lucas Mart\u00ednez Quarta<\/b>. All\u00ed, el reemplazante de <b>Franco Armani<\/b> se arroj\u00f3 al piso y, aunque toc\u00f3 el bal\u00f3n y su entrada fue licita, <b>impact\u00f3 de lleno en la pierna de Hern\u00e1ndez<\/b>.<\/p>\n<p>Tras unos segundos en los que el juego continu\u00f3, el experimentado delantero con pasado en la selecci\u00f3n uruguaya se arroj\u00f3 al piso y<b> de inmediato se vio envuelto en llanto, tap\u00e1ndose el rostro con su camiseta<\/b>, ya que acus\u00f3 un importante dolor en la zona del golpe. Pese a que hizo un intento por permanecer en el campo de juego, el atacante debi\u00f3 solicitarle el cambio al entrenador <b>Diego Aguirre<\/b>. En su lugar ingres\u00f3 <b>Facundo Batista<\/b> cuando el reloj indicaba que ya hab\u00edan transcurrido 10 minutos de juego.<\/p>\n<p><!DOCTYPE html><br \/>\n<html><br \/>\n<head><br \/>\n<meta name=\"viewport\" content=\"width=device-width, initial-scale=1\"><\/p>\n<style>\n.container-video { position: relative; width: 100%; overflow: hidden; padding-top: 56.25%;\n}\n.responsive-iframe-video { position: absolute; top: 0; left: 0; bottom: 0; right: 0; width: 100%; height: 100%; border: none;\n}\n<\/style>\n<p><\/head><br \/>\n<body><\/p>\n<div class=\"container-video\"> <iframe title=\"video-espn\" class=\"responsive-iframe-video\" src=\"https:\/\/www.espn.com.ar\/core\/video\/iframe?id=16195606&#038;endcard=false&#038;omniReportSuite=wdgespge\" allowfullscreen><\/iframe>\n<\/div>\n<p><\/body><br \/>\n<\/html><\/p>\n<p><i>*El desconsuelo de Abel Hern\u00e1ndez<\/i><\/p>\n<p>El llanto de <b>Abel Hern\u00e1ndez <\/b>se explica en su historia. El delantero de <b>35 a\u00f1os<\/b> tuvo su primera etapa en el <i>Manya <\/i>en 2008, pero su continuidad se vio afectada por una arritmia ventricular que lo margin\u00f3 m\u00e1s de un mes de los entrenamientos y se temi\u00f3 porque ese fuera el final de su carrera. Sin embargo, recibi\u00f3 la aprobaci\u00f3n para poder seguir jugando. Luego de eso, comenz\u00f3 su largo periplo en Europa, donde jug\u00f3 en clubes como <b>Palermo <\/b>de<b> Italia <\/b>y<b> Hull City<\/b>,<b> <\/b>en<b> Inglaterra<\/b>.<\/p>\n<p>Retorn\u00f3 al club uruguayo en 2023, pero las lesiones no le permitieron jugar con regularidad. Y es por eso que abandon\u00f3 la instituci\u00f3n en condici\u00f3n de libre. Se fue a <b>Rosario Central<\/b>, aunque solo jug\u00f3 un a\u00f1o y regres\u00f3 a Uruguay para jugar en <b>Liverpool<\/b>, donde destac\u00f3 y su nivel hizo que <b>Pe\u00f1arol <\/b>lo considere para una tercera etapa.<\/p>\n<p>En di\u00e1logo con <i>El Espectador Deportes<\/i>, Hern\u00e1ndez explic\u00f3: <b>\u201cMe propuse disfrutar de este momento, de volver a Pe\u00f1arol, que mis hijos puedan vivir el mundo Pe\u00f1arol, disfrutarlo. Porque son hinchas pero no tuvieron la posibilidad de disfrutarlo tanto e ir a la cancha\u201d<\/b>. <\/p>\n<p><img loading=\"lazy\" decoding=\"async\" src=\"https:\/\/lobosnews.com.ar\/wp-content\/uploads\/2026\/01\/el-fuerte-choque-entre-el-arquero-de-river-santiago-beltran-y-abel-hernandez-las-lagrimas-del-jugador-de-penarol.jpg\" alt=\"Abel Hern\u00e1ndez tuvo un paso por la selecci\u00f3n de Uruguay (Cr\u00e9dito: Pablo Vignali)\" height=\"800\" width=\"1200\"\/><\/p>\n<p>El delantero lleg\u00f3 al <i>Carbonero<\/i> tras cerrar, a su juicio, una de las mejores campa\u00f1as de su carrera con <b>Liverpool<\/b> en la temporada 2025. <b>Hern\u00e1ndez <\/b>destac\u00f3 la importancia del trabajo f\u00edsico personalizado implementado en el club negriazul y lo consider\u00f3 clave en su rendimiento: <b>\u201cLiverpool fue muy inteligente en ese sentido. En las primeras semanas y partidos ten\u00eda los minutos contados, jugaba 60 minutos hasta la quinta fecha. <\/b>Al principio hac\u00eda un gol y si me sacaban no sal\u00eda tan enojado, pero hubo otros que no me tocaba convertir y me sacaban a los 60 minutos y me sent\u00eda s\u00faper bien y sal\u00eda fastidiado. El profe fue muy inteligente y me explic\u00f3 el trabajo que quer\u00edan hacer conmigo y que al final del torneo o m\u00e1s adelante se lo iba a agradecer y la verdad que estoy muy agradecido con el profe Ignacio Barboza\u201d.<\/p>\n<p>Tras la desafortunada acci\u00f3n en el inicio del partido ante River Plate en Maldonado, el delantero de Pe\u00f1arol esperar\u00e1 los resultados de los estudios m\u00e9dicos para conocer el grado de su lesi\u00f3n. <\/p>\n","protected":false},"excerpt":{"rendered":"<p>El amistoso entre River Plate y Pe\u00f1arol de Uruguay congreg\u00f3 la atenci\u00f3n internacional en el Estadio Domingo Burgue\u00f1o Miguel de Maldonado. Este enfrentamiento, enmarcado en los Cl\u00e1sicos Sudamericanos 2026, dej\u00f3 una imagen desoladora en su inicio: el delantero del Carbonero Abel Hern\u00e1ndez se retir\u00f3 del campo entre l\u00e1grimas. El desarrollo inicial revel\u00f3 la solidez defensiva&#8230;<\/p>\n","protected":false},"author":1,"featured_media":0,"comment_status":"open","ping_status":"closed","sticky":false,"template":"","format":"standard","meta":{"_jetpack_memberships_contains_paid_content":false,"footnotes":""},"categories":[30],"tags":[39],"class_list":["post-8006","post","type-post","status-publish","format-standard","hentry","category-argentina","tag-deportes"],"magazineBlocksPostFeaturedMedia":{"thumbnail":false,"medium":false,"medium_large":false,"large":false,"1536x1536":false,"2048x2048":false,"newsmatic-featured":false,"newsmatic-list":false,"newsmatic-thumb":false,"newsmatic-small":false,"newsmatic-grid":false},"magazineBlocksPostAuthor":{"name":"admin","avatar":"https:\/\/secure.gravatar.com\/avatar\/76e419471a2083bc3ceab22a763dbbf9b0c1bd15a6214cf3280e2c2dde4580f9?s=96&d=mm&r=g"},"magazineBlocksPostCommentsNumber":"0","magazineBlocksPostExcerpt":"El amistoso entre River Plate y Pe\u00f1arol de Uruguay congreg\u00f3 la atenci\u00f3n internacional en el Estadio Domingo Burgue\u00f1o Miguel de Maldonado. Este enfrentamiento, enmarcado en los Cl\u00e1sicos Sudamericanos 2026, dej\u00f3 una imagen desoladora en su inicio: el delantero del Carbonero Abel Hern\u00e1ndez se retir\u00f3 del campo entre l\u00e1grimas. El desarrollo inicial revel\u00f3 la solidez defensiva...","magazineBlocksPostCategories":["Argentina"],"magazineBlocksPostViewCount":164,"magazineBlocksPostReadTime":4,"magazine_blocks_featured_image_url":{"full":false,"medium":false,"thumbnail":false},"magazine_blocks_author":{"display_name":"admin","author_link":"https:\/\/lobosnews.com.ar\/index.php\/author\/lobos-news\/"},"magazine_blocks_comment":0,"magazine_blocks_author_image":"https:\/\/secure.gravatar.com\/avatar\/76e419471a2083bc3ceab22a763dbbf9b0c1bd15a6214cf3280e2c2dde4580f9?s=96&d=mm&r=g","magazine_blocks_category":"<a href=\"#\" class=\"category-link category-link-30\">Argentina<\/a>","yoast_head":"<!-- This site is optimized with the Yoast SEO plugin v26.6 - https:\/\/yoast.com\/wordpress\/plugins\/seo\/ -->\n<title>El fuerte choque entre el arquero de River Santiago Beltr\u00e1n y Abel Hern\u00e1ndez: las l\u00e1grimas del jugador de Pe\u00f1arol - Lobos News<\/title>\n<meta name=\"robots\" content=\"index, follow, max-snippet:-1, max-image-preview:large, max-video-preview:-1\" \/>\n<link rel=\"canonical\" href=\"https:\/\/lobosnews.com.ar\/index.php\/2026\/01\/18\/el-fuerte-choque-entre-el-arquero-de-river-santiago-beltran-y-abel-hernandez-las-lagrimas-del-jugador-de-penarol\/\" \/>\n<meta property=\"og:locale\" content=\"es_ES\" \/>\n<meta property=\"og:type\" content=\"article\" \/>\n<meta property=\"og:title\" content=\"El fuerte choque entre el arquero de River Santiago Beltr\u00e1n y Abel Hern\u00e1ndez: las l\u00e1grimas del jugador de Pe\u00f1arol - Lobos News\" \/>\n<meta property=\"og:description\" content=\"El amistoso entre River Plate y Pe\u00f1arol de Uruguay congreg\u00f3 la atenci\u00f3n internacional en el Estadio Domingo Burgue\u00f1o Miguel de Maldonado. Este enfrentamiento, enmarcado en los Cl\u00e1sicos Sudamericanos 2026, dej\u00f3 una imagen desoladora en su inicio: el delantero del Carbonero Abel Hern\u00e1ndez se retir\u00f3 del campo entre l\u00e1grimas. El desarrollo inicial revel\u00f3 la solidez defensiva...\" \/>\n<meta property=\"og:url\" content=\"https:\/\/lobosnews.com.ar\/index.php\/2026\/01\/18\/el-fuerte-choque-entre-el-arquero-de-river-santiago-beltran-y-abel-hernandez-las-lagrimas-del-jugador-de-penarol\/\" \/>\n<meta property=\"og:site_name\" content=\"Lobos News\" \/>\n<meta property=\"article:published_time\" content=\"2026-01-18T02:18:27+00:00\" \/>\n<meta property=\"article:modified_time\" content=\"2026-01-18T03:28:58+00:00\" \/>\n<meta property=\"og:image\" content=\"https:\/\/lobosnews.com.ar\/wp-content\/uploads\/2026\/01\/el-fuerte-choque-entre-el-arquero-de-river-santiago-beltran-y-abel-hernandez-las-lagrimas-del-jugador-de-penarol.jpg\" \/>\n<meta name=\"author\" content=\"admin\" \/>\n<meta name=\"twitter:card\" content=\"summary_large_image\" \/>\n<meta name=\"twitter:label1\" content=\"Escrito por\" \/>\n\t<meta name=\"twitter:data1\" content=\"admin\" \/>\n\t<meta name=\"twitter:label2\" content=\"Tiempo de lectura\" \/>\n\t<meta name=\"twitter:data2\" content=\"3 minutos\" \/>\n<script type=\"application\/ld+json\" class=\"yoast-schema-graph\">{\"@context\":\"https:\/\/schema.org\",\"@graph\":[{\"@type\":\"Article\",\"@id\":\"https:\/\/lobosnews.com.ar\/index.php\/2026\/01\/18\/el-fuerte-choque-entre-el-arquero-de-river-santiago-beltran-y-abel-hernandez-las-lagrimas-del-jugador-de-penarol\/#article\",\"isPartOf\":{\"@id\":\"https:\/\/lobosnews.com.ar\/index.php\/2026\/01\/18\/el-fuerte-choque-entre-el-arquero-de-river-santiago-beltran-y-abel-hernandez-las-lagrimas-del-jugador-de-penarol\/\"},\"author\":{\"name\":\"admin\",\"@id\":\"https:\/\/lobosnews.com.ar\/#\/schema\/person\/232422a593d5c541dd9aef6aaed10943\"},\"headline\":\"El fuerte choque entre el arquero de River Santiago Beltr\u00e1n y Abel Hern\u00e1ndez: las l\u00e1grimas del jugador de Pe\u00f1arol\",\"datePublished\":\"2026-01-18T02:18:27+00:00\",\"dateModified\":\"2026-01-18T03:28:58+00:00\",\"mainEntityOfPage\":{\"@id\":\"https:\/\/lobosnews.com.ar\/index.php\/2026\/01\/18\/el-fuerte-choque-entre-el-arquero-de-river-santiago-beltran-y-abel-hernandez-las-lagrimas-del-jugador-de-penarol\/\"},\"wordCount\":628,\"commentCount\":0,\"publisher\":{\"@id\":\"https:\/\/lobosnews.com.ar\/#organization\"},\"image\":{\"@id\":\"https:\/\/lobosnews.com.ar\/index.php\/2026\/01\/18\/el-fuerte-choque-entre-el-arquero-de-river-santiago-beltran-y-abel-hernandez-las-lagrimas-del-jugador-de-penarol\/#primaryimage\"},\"thumbnailUrl\":\"https:\/\/lobosnews.com.ar\/wp-content\/uploads\/2026\/01\/el-fuerte-choque-entre-el-arquero-de-river-santiago-beltran-y-abel-hernandez-las-lagrimas-del-jugador-de-penarol.jpg\",\"keywords\":[\"Deportes\"],\"articleSection\":[\"Argentina\"],\"inLanguage\":\"es\",\"potentialAction\":[{\"@type\":\"CommentAction\",\"name\":\"Comment\",\"target\":[\"https:\/\/lobosnews.com.ar\/index.php\/2026\/01\/18\/el-fuerte-choque-entre-el-arquero-de-river-santiago-beltran-y-abel-hernandez-las-lagrimas-del-jugador-de-penarol\/#respond\"]}]},{\"@type\":\"WebPage\",\"@id\":\"https:\/\/lobosnews.com.ar\/index.php\/2026\/01\/18\/el-fuerte-choque-entre-el-arquero-de-river-santiago-beltran-y-abel-hernandez-las-lagrimas-del-jugador-de-penarol\/\",\"url\":\"https:\/\/lobosnews.com.ar\/index.php\/2026\/01\/18\/el-fuerte-choque-entre-el-arquero-de-river-santiago-beltran-y-abel-hernandez-las-lagrimas-del-jugador-de-penarol\/\",\"name\":\"El fuerte choque entre el arquero de River Santiago Beltr\u00e1n y Abel Hern\u00e1ndez: las l\u00e1grimas del jugador de Pe\u00f1arol - Lobos News\",\"isPartOf\":{\"@id\":\"https:\/\/lobosnews.com.ar\/#website\"},\"primaryImageOfPage\":{\"@id\":\"https:\/\/lobosnews.com.ar\/index.php\/2026\/01\/18\/el-fuerte-choque-entre-el-arquero-de-river-santiago-beltran-y-abel-hernandez-las-lagrimas-del-jugador-de-penarol\/#primaryimage\"},\"image\":{\"@id\":\"https:\/\/lobosnews.com.ar\/index.php\/2026\/01\/18\/el-fuerte-choque-entre-el-arquero-de-river-santiago-beltran-y-abel-hernandez-las-lagrimas-del-jugador-de-penarol\/#primaryimage\"},\"thumbnailUrl\":\"https:\/\/lobosnews.com.ar\/wp-content\/uploads\/2026\/01\/el-fuerte-choque-entre-el-arquero-de-river-santiago-beltran-y-abel-hernandez-las-lagrimas-del-jugador-de-penarol.jpg\",\"datePublished\":\"2026-01-18T02:18:27+00:00\",\"dateModified\":\"2026-01-18T03:28:58+00:00\",\"breadcrumb\":{\"@id\":\"https:\/\/lobosnews.com.ar\/index.php\/2026\/01\/18\/el-fuerte-choque-entre-el-arquero-de-river-santiago-beltran-y-abel-hernandez-las-lagrimas-del-jugador-de-penarol\/#breadcrumb\"},\"inLanguage\":\"es\",\"potentialAction\":[{\"@type\":\"ReadAction\",\"target\":[\"https:\/\/lobosnews.com.ar\/index.php\/2026\/01\/18\/el-fuerte-choque-entre-el-arquero-de-river-santiago-beltran-y-abel-hernandez-las-lagrimas-del-jugador-de-penarol\/\"]}]},{\"@type\":\"ImageObject\",\"inLanguage\":\"es\",\"@id\":\"https:\/\/lobosnews.com.ar\/index.php\/2026\/01\/18\/el-fuerte-choque-entre-el-arquero-de-river-santiago-beltran-y-abel-hernandez-las-lagrimas-del-jugador-de-penarol\/#primaryimage\",\"url\":\"https:\/\/lobosnews.com.ar\/wp-content\/uploads\/2026\/01\/el-fuerte-choque-entre-el-arquero-de-river-santiago-beltran-y-abel-hernandez-las-lagrimas-del-jugador-de-penarol.jpg\",\"contentUrl\":\"https:\/\/lobosnews.com.ar\/wp-content\/uploads\/2026\/01\/el-fuerte-choque-entre-el-arquero-de-river-santiago-beltran-y-abel-hernandez-las-lagrimas-del-jugador-de-penarol.jpg\"},{\"@type\":\"BreadcrumbList\",\"@id\":\"https:\/\/lobosnews.com.ar\/index.php\/2026\/01\/18\/el-fuerte-choque-entre-el-arquero-de-river-santiago-beltran-y-abel-hernandez-las-lagrimas-del-jugador-de-penarol\/#breadcrumb\",\"itemListElement\":[{\"@type\":\"ListItem\",\"position\":1,\"name\":\"Portada\",\"item\":\"https:\/\/lobosnews.com.ar\/\"},{\"@type\":\"ListItem\",\"position\":2,\"name\":\"El fuerte choque entre el arquero de River Santiago Beltr\u00e1n y Abel Hern\u00e1ndez: las l\u00e1grimas del jugador de Pe\u00f1arol\"}]},{\"@type\":\"WebSite\",\"@id\":\"https:\/\/lobosnews.com.ar\/#website\",\"url\":\"https:\/\/lobosnews.com.ar\/\",\"name\":\"Lobos News\",\"description\":\"Informaci\u00f3n a cada instante\",\"publisher\":{\"@id\":\"https:\/\/lobosnews.com.ar\/#organization\"},\"potentialAction\":[{\"@type\":\"SearchAction\",\"target\":{\"@type\":\"EntryPoint\",\"urlTemplate\":\"https:\/\/lobosnews.com.ar\/?s={search_term_string}\"},\"query-input\":{\"@type\":\"PropertyValueSpecification\",\"valueRequired\":true,\"valueName\":\"search_term_string\"}}],\"inLanguage\":\"es\"},{\"@type\":\"Organization\",\"@id\":\"https:\/\/lobosnews.com.ar\/#organization\",\"name\":\"Lobos News\",\"url\":\"https:\/\/lobosnews.com.ar\/\",\"logo\":{\"@type\":\"ImageObject\",\"inLanguage\":\"es\",\"@id\":\"https:\/\/lobosnews.com.ar\/#\/schema\/logo\/image\/\",\"url\":\"https:\/\/lobosnews.com.ar\/wp-content\/uploads\/2026\/01\/logo-lobosnews.png\",\"contentUrl\":\"https:\/\/lobosnews.com.ar\/wp-content\/uploads\/2026\/01\/logo-lobosnews.png\",\"width\":500,\"height\":200,\"caption\":\"Lobos News\"},\"image\":{\"@id\":\"https:\/\/lobosnews.com.ar\/#\/schema\/logo\/image\/\"}},{\"@type\":\"Person\",\"@id\":\"https:\/\/lobosnews.com.ar\/#\/schema\/person\/232422a593d5c541dd9aef6aaed10943\",\"name\":\"admin\",\"image\":{\"@type\":\"ImageObject\",\"inLanguage\":\"es\",\"@id\":\"https:\/\/lobosnews.com.ar\/#\/schema\/person\/image\/\",\"url\":\"https:\/\/secure.gravatar.com\/avatar\/76e419471a2083bc3ceab22a763dbbf9b0c1bd15a6214cf3280e2c2dde4580f9?s=96&d=mm&r=g\",\"contentUrl\":\"https:\/\/secure.gravatar.com\/avatar\/76e419471a2083bc3ceab22a763dbbf9b0c1bd15a6214cf3280e2c2dde4580f9?s=96&d=mm&r=g\",\"caption\":\"admin\"},\"sameAs\":[\"https:\/\/lobosnews.com.ar\"],\"url\":\"https:\/\/lobosnews.com.ar\/index.php\/author\/lobos-news\/\"}]}<\/script>\n<!-- \/ Yoast SEO plugin. -->","yoast_head_json":{"title":"El fuerte choque entre el arquero de River Santiago Beltr\u00e1n y Abel Hern\u00e1ndez: las l\u00e1grimas del jugador de Pe\u00f1arol - Lobos News","robots":{"index":"index","follow":"follow","max-snippet":"max-snippet:-1","max-image-preview":"max-image-preview:large","max-video-preview":"max-video-preview:-1"},"canonical":"https:\/\/lobosnews.com.ar\/index.php\/2026\/01\/18\/el-fuerte-choque-entre-el-arquero-de-river-santiago-beltran-y-abel-hernandez-las-lagrimas-del-jugador-de-penarol\/","og_locale":"es_ES","og_type":"article","og_title":"El fuerte choque entre el arquero de River Santiago Beltr\u00e1n y Abel Hern\u00e1ndez: las l\u00e1grimas del jugador de Pe\u00f1arol - Lobos News","og_description":"El amistoso entre River Plate y Pe\u00f1arol de Uruguay congreg\u00f3 la atenci\u00f3n internacional en el Estadio Domingo Burgue\u00f1o Miguel de Maldonado. Este enfrentamiento, enmarcado en los Cl\u00e1sicos Sudamericanos 2026, dej\u00f3 una imagen desoladora en su inicio: el delantero del Carbonero Abel Hern\u00e1ndez se retir\u00f3 del campo entre l\u00e1grimas. El desarrollo inicial revel\u00f3 la solidez defensiva...","og_url":"https:\/\/lobosnews.com.ar\/index.php\/2026\/01\/18\/el-fuerte-choque-entre-el-arquero-de-river-santiago-beltran-y-abel-hernandez-las-lagrimas-del-jugador-de-penarol\/","og_site_name":"Lobos News","article_published_time":"2026-01-18T02:18:27+00:00","article_modified_time":"2026-01-18T03:28:58+00:00","og_image":[{"url":"https:\/\/lobosnews.com.ar\/wp-content\/uploads\/2026\/01\/el-fuerte-choque-entre-el-arquero-de-river-santiago-beltran-y-abel-hernandez-las-lagrimas-del-jugador-de-penarol.jpg","type":"","width":"","height":""}],"author":"admin","twitter_card":"summary_large_image","twitter_misc":{"Escrito por":"admin","Tiempo de lectura":"3 minutos"},"schema":{"@context":"https:\/\/schema.org","@graph":[{"@type":"Article","@id":"https:\/\/lobosnews.com.ar\/index.php\/2026\/01\/18\/el-fuerte-choque-entre-el-arquero-de-river-santiago-beltran-y-abel-hernandez-las-lagrimas-del-jugador-de-penarol\/#article","isPartOf":{"@id":"https:\/\/lobosnews.com.ar\/index.php\/2026\/01\/18\/el-fuerte-choque-entre-el-arquero-de-river-santiago-beltran-y-abel-hernandez-las-lagrimas-del-jugador-de-penarol\/"},"author":{"name":"admin","@id":"https:\/\/lobosnews.com.ar\/#\/schema\/person\/232422a593d5c541dd9aef6aaed10943"},"headline":"El fuerte choque entre el arquero de River Santiago Beltr\u00e1n y Abel Hern\u00e1ndez: las l\u00e1grimas del jugador de Pe\u00f1arol","datePublished":"2026-01-18T02:18:27+00:00","dateModified":"2026-01-18T03:28:58+00:00","mainEntityOfPage":{"@id":"https:\/\/lobosnews.com.ar\/index.php\/2026\/01\/18\/el-fuerte-choque-entre-el-arquero-de-river-santiago-beltran-y-abel-hernandez-las-lagrimas-del-jugador-de-penarol\/"},"wordCount":628,"commentCount":0,"publisher":{"@id":"https:\/\/lobosnews.com.ar\/#organization"},"image":{"@id":"https:\/\/lobosnews.com.ar\/index.php\/2026\/01\/18\/el-fuerte-choque-entre-el-arquero-de-river-santiago-beltran-y-abel-hernandez-las-lagrimas-del-jugador-de-penarol\/#primaryimage"},"thumbnailUrl":"https:\/\/lobosnews.com.ar\/wp-content\/uploads\/2026\/01\/el-fuerte-choque-entre-el-arquero-de-river-santiago-beltran-y-abel-hernandez-las-lagrimas-del-jugador-de-penarol.jpg","keywords":["Deportes"],"articleSection":["Argentina"],"inLanguage":"es","potentialAction":[{"@type":"CommentAction","name":"Comment","target":["https:\/\/lobosnews.com.ar\/index.php\/2026\/01\/18\/el-fuerte-choque-entre-el-arquero-de-river-santiago-beltran-y-abel-hernandez-las-lagrimas-del-jugador-de-penarol\/#respond"]}]},{"@type":"WebPage","@id":"https:\/\/lobosnews.com.ar\/index.php\/2026\/01\/18\/el-fuerte-choque-entre-el-arquero-de-river-santiago-beltran-y-abel-hernandez-las-lagrimas-del-jugador-de-penarol\/","url":"https:\/\/lobosnews.com.ar\/index.php\/2026\/01\/18\/el-fuerte-choque-entre-el-arquero-de-river-santiago-beltran-y-abel-hernandez-las-lagrimas-del-jugador-de-penarol\/","name":"El fuerte choque entre el arquero de River Santiago Beltr\u00e1n y Abel Hern\u00e1ndez: las l\u00e1grimas del jugador de Pe\u00f1arol - Lobos News","isPartOf":{"@id":"https:\/\/lobosnews.com.ar\/#website"},"primaryImageOfPage":{"@id":"https:\/\/lobosnews.com.ar\/index.php\/2026\/01\/18\/el-fuerte-choque-entre-el-arquero-de-river-santiago-beltran-y-abel-hernandez-las-lagrimas-del-jugador-de-penarol\/#primaryimage"},"image":{"@id":"https:\/\/lobosnews.com.ar\/index.php\/2026\/01\/18\/el-fuerte-choque-entre-el-arquero-de-river-santiago-beltran-y-abel-hernandez-las-lagrimas-del-jugador-de-penarol\/#primaryimage"},"thumbnailUrl":"https:\/\/lobosnews.com.ar\/wp-content\/uploads\/2026\/01\/el-fuerte-choque-entre-el-arquero-de-river-santiago-beltran-y-abel-hernandez-las-lagrimas-del-jugador-de-penarol.jpg","datePublished":"2026-01-18T02:18:27+00:00","dateModified":"2026-01-18T03:28:58+00:00","breadcrumb":{"@id":"https:\/\/lobosnews.com.ar\/index.php\/2026\/01\/18\/el-fuerte-choque-entre-el-arquero-de-river-santiago-beltran-y-abel-hernandez-las-lagrimas-del-jugador-de-penarol\/#breadcrumb"},"inLanguage":"es","potentialAction":[{"@type":"ReadAction","target":["https:\/\/lobosnews.com.ar\/index.php\/2026\/01\/18\/el-fuerte-choque-entre-el-arquero-de-river-santiago-beltran-y-abel-hernandez-las-lagrimas-del-jugador-de-penarol\/"]}]},{"@type":"ImageObject","inLanguage":"es","@id":"https:\/\/lobosnews.com.ar\/index.php\/2026\/01\/18\/el-fuerte-choque-entre-el-arquero-de-river-santiago-beltran-y-abel-hernandez-las-lagrimas-del-jugador-de-penarol\/#primaryimage","url":"https:\/\/lobosnews.com.ar\/wp-content\/uploads\/2026\/01\/el-fuerte-choque-entre-el-arquero-de-river-santiago-beltran-y-abel-hernandez-las-lagrimas-del-jugador-de-penarol.jpg","contentUrl":"https:\/\/lobosnews.com.ar\/wp-content\/uploads\/2026\/01\/el-fuerte-choque-entre-el-arquero-de-river-santiago-beltran-y-abel-hernandez-las-lagrimas-del-jugador-de-penarol.jpg"},{"@type":"BreadcrumbList","@id":"https:\/\/lobosnews.com.ar\/index.php\/2026\/01\/18\/el-fuerte-choque-entre-el-arquero-de-river-santiago-beltran-y-abel-hernandez-las-lagrimas-del-jugador-de-penarol\/#breadcrumb","itemListElement":[{"@type":"ListItem","position":1,"name":"Portada","item":"https:\/\/lobosnews.com.ar\/"},{"@type":"ListItem","position":2,"name":"El fuerte choque entre el arquero de River Santiago Beltr\u00e1n y Abel Hern\u00e1ndez: las l\u00e1grimas del jugador de Pe\u00f1arol"}]},{"@type":"WebSite","@id":"https:\/\/lobosnews.com.ar\/#website","url":"https:\/\/lobosnews.com.ar\/","name":"Lobos News","description":"Informaci\u00f3n a cada instante","publisher":{"@id":"https:\/\/lobosnews.com.ar\/#organization"},"potentialAction":[{"@type":"SearchAction","target":{"@type":"EntryPoint","urlTemplate":"https:\/\/lobosnews.com.ar\/?s={search_term_string}"},"query-input":{"@type":"PropertyValueSpecification","valueRequired":true,"valueName":"search_term_string"}}],"inLanguage":"es"},{"@type":"Organization","@id":"https:\/\/lobosnews.com.ar\/#organization","name":"Lobos News","url":"https:\/\/lobosnews.com.ar\/","logo":{"@type":"ImageObject","inLanguage":"es","@id":"https:\/\/lobosnews.com.ar\/#\/schema\/logo\/image\/","url":"https:\/\/lobosnews.com.ar\/wp-content\/uploads\/2026\/01\/logo-lobosnews.png","contentUrl":"https:\/\/lobosnews.com.ar\/wp-content\/uploads\/2026\/01\/logo-lobosnews.png","width":500,"height":200,"caption":"Lobos News"},"image":{"@id":"https:\/\/lobosnews.com.ar\/#\/schema\/logo\/image\/"}},{"@type":"Person","@id":"https:\/\/lobosnews.com.ar\/#\/schema\/person\/232422a593d5c541dd9aef6aaed10943","name":"admin","image":{"@type":"ImageObject","inLanguage":"es","@id":"https:\/\/lobosnews.com.ar\/#\/schema\/person\/image\/","url":"https:\/\/secure.gravatar.com\/avatar\/76e419471a2083bc3ceab22a763dbbf9b0c1bd15a6214cf3280e2c2dde4580f9?s=96&d=mm&r=g","contentUrl":"https:\/\/secure.gravatar.com\/avatar\/76e419471a2083bc3ceab22a763dbbf9b0c1bd15a6214cf3280e2c2dde4580f9?s=96&d=mm&r=g","caption":"admin"},"sameAs":["https:\/\/lobosnews.com.ar"],"url":"https:\/\/lobosnews.com.ar\/index.php\/author\/lobos-news\/"}]}},"jetpack_featured_media_url":"","jetpack_sharing_enabled":true,"_links":{"self":[{"href":"https:\/\/lobosnews.com.ar\/index.php\/wp-json\/wp\/v2\/posts\/8006","targetHints":{"allow":["GET"]}}],"collection":[{"href":"https:\/\/lobosnews.com.ar\/index.php\/wp-json\/wp\/v2\/posts"}],"about":[{"href":"https:\/\/lobosnews.com.ar\/index.php\/wp-json\/wp\/v2\/types\/post"}],"author":[{"embeddable":true,"href":"https:\/\/lobosnews.com.ar\/index.php\/wp-json\/wp\/v2\/users\/1"}],"replies":[{"embeddable":true,"href":"https:\/\/lobosnews.com.ar\/index.php\/wp-json\/wp\/v2\/comments?post=8006"}],"version-history":[{"count":1,"href":"https:\/\/lobosnews.com.ar\/index.php\/wp-json\/wp\/v2\/posts\/8006\/revisions"}],"predecessor-version":[{"id":8008,"href":"https:\/\/lobosnews.com.ar\/index.php\/wp-json\/wp\/v2\/posts\/8006\/revisions\/8008"}],"wp:attachment":[{"href":"https:\/\/lobosnews.com.ar\/index.php\/wp-json\/wp\/v2\/media?parent=8006"}],"wp:term":[{"taxonomy":"category","embeddable":true,"href":"https:\/\/lobosnews.com.ar\/index.php\/wp-json\/wp\/v2\/categories?post=8006"},{"taxonomy":"post_tag","embeddable":true,"href":"https:\/\/lobosnews.com.ar\/index.php\/wp-json\/wp\/v2\/tags?post=8006"}],"curies":[{"name":"wp","href":"https:\/\/api.w.org\/{rel}","templated":true}]}}