{"id":7884,"date":"2026-01-17T17:54:09","date_gmt":"2026-01-17T17:54:09","guid":{"rendered":"https:\/\/lobosnews.com.ar\/index.php\/2026\/01\/17\/neuquen-rescataron-a-una-nena-de-3-anos-que-camino-sola-8-horas-en-la-montana\/"},"modified":"2026-01-17T20:15:01","modified_gmt":"2026-01-17T20:15:01","slug":"neuquen-rescataron-a-una-nena-de-3-anos-que-camino-sola-8-horas-en-la-montana","status":"publish","type":"post","link":"https:\/\/lobosnews.com.ar\/index.php\/2026\/01\/17\/neuquen-rescataron-a-una-nena-de-3-anos-que-camino-sola-8-horas-en-la-montana\/","title":{"rendered":"Neuqu\u00e9n: rescataron a una nena de 3 a\u00f1os que camin\u00f3 sola 8 horas en la monta\u00f1a"},"content":{"rendered":"<p>Una ni\u00f1a de tres a\u00f1os fue rescatada en las \u00faltimas horas en la provincia de <b>Neuqu\u00e9n<\/b>, luego de haber <b>desaparecido<\/b> el viernes por la noche. La menor permaneci\u00f3 sola durante ocho horas en una zona de monta\u00f1a y fue hallada en buenas condiciones de salud.<\/p>\n<p>Seg\u00fan las primeras informaciones, la desaparici\u00f3n de la ni\u00f1a, identificada como \u201cJ\u00e9sica\u201d, ocurri\u00f3 en un paraje conocido como Las Lecheras, situado a unos 30 kil\u00f3metros de la ciudad de<b> Caviahue<\/b>. <\/p>\n<p>El alerta se dio alrededor de las 19:30 y deriv\u00f3 en un amplio operativo de b\u00fasqueda que involucr\u00f3 a autoridades locales y vecinos de la zona.<\/p>\n<p>La fiscal a cargo del caso, <b>Laura Pizzipaulo<\/b>, confirm\u00f3 a<i> LM Neuqu\u00e9n<\/i> que la ni\u00f1a fue encontrada cerca de las 4:15 de este s\u00e1bado. El hallazgo estuvo a cargo de un ciudadano que formaba parte del equipo de b\u00fasqueda.<\/p>\n<p>Se estima que J\u00e9sica camin\u00f3 sin rumbo durante m\u00e1s de ocho horas por la zona de monta\u00f1a y recorri\u00f3 aproximadamente siete kil\u00f3metros en la noche, bajo bajas temperaturas, seg\u00fan informaron medios locales. <\/p>\n<p><img loading=\"lazy\" decoding=\"async\" src=\"https:\/\/lobosnews.com.ar\/wp-content\/uploads\/2026\/01\/neuquen-rescataron-a-una-nena-de-3-anos-que-camino-sola-8-horas-en-la-montana.jpg\" alt=\"La ni\u00f1a tiene apenas tres a\u00f1os. \" height=\"1080\" width=\"1920\"\/><\/p>\n<p>Actualmente, la menor se encuentra reunida con su familia y en buen estado de salud.<\/p>\n<p>La investigaci\u00f3n permanece abierta para determinar las circunstancias en las que ocurri\u00f3 la desaparici\u00f3n. En tanto, Pizzipaulo avanza con las actuaciones para esclarecer el caso. <\/p>\n<p>Trabajaron en el lugar Defensa Civil, Gendarmer\u00eda Nacional y bomberos de Loncopu\u00e9, en un operativo que incluy\u00f3 rastrillajes. Tambi\u00e9n se sumaron a la b\u00fasqueda el Grupo GEOP y la Brigada de Chos Malal. <\/p>\n<p>\u201cEl equipo trabaj\u00f3 en conjunto para dar con el paradero de la ni\u00f1a y garantizar su seguridad. La polic\u00eda y los equipos de emergencia hicieron todo lo posible para encontrar a J\u00e9sica y reunirla con su familia\u201d, sostuvo Pizzipaulo.<\/p>\n<p>La fiscal indic\u00f3 que un hombre identificado como Marcos Sep\u00falveda, vecino del lugar, fue quien encontr\u00f3 a la ni\u00f1a y notific\u00f3 de inmediato a las autoridades. Tras el hallazgo, la menor fue llevada a un hospital cercano para recibir atenci\u00f3n m\u00e9dica.<\/p>\n<p><img loading=\"lazy\" decoding=\"async\" src=\"https:\/\/lobosnews.com.ar\/wp-content\/uploads\/2026\/01\/neuquen-rescataron-a-una-nena-de-3-anos-que-camino-sola-8-horas-en-la-montana-1.jpg\" alt=\"La menor hab\u00eda desaparecido en C\u00f3rdoba. \" height=\"562\" width=\"1000\"\/><\/p>\n<h2>Encontraron a una adolescente buscada en C\u00f3rdoba<\/h2>\n<p>Por otra parte, las autoridades hallaron este viernes por la tarde a una adolescente de 15 a\u00f1os que hab\u00eda sido reportada como desaparecida en la provincia de<b> C\u00f3rdoba<\/b> y por quien se hab\u00eda emitido una alerta de b\u00fasqueda a nivel nacional. La tensi\u00f3n por el caso se extendi\u00f3 durante cinco d\u00edas. <\/p>\n<p>El hallazgo se produjo en una vivienda de alquiler temporario ubicada en el <b>barrio Alto Verde<\/b> de la capital provincial, de acuerdo con informaci\u00f3n que proporcion\u00f3 el ministro de Seguridad, <b>Juan Pablo Quinteros<\/b>, en declaraciones a <i>El Doce TV.<\/i><\/p>\n<p>La adolescente se encontraba en buen estado de salud y sola al momento de ser localizada. De acuerdo con medios locales, fue trasladada a una unidad judicial para realizarle una evaluaci\u00f3n m\u00e9dica y tomarle declaraci\u00f3n.<\/p>\n<p>El \u00faltimo contacto de la menor con su familia hab\u00eda sido en la medianoche del domingo 11 de enero, cuando sali\u00f3 de su domicilio. Tiempo despu\u00e9s, testigos la vieron en la terminal de \u00f3mnibus de<b> R\u00edo Tercero<\/b>.<\/p>\n<p>Las \u00faltimas im\u00e1genes de la joven fueron <b>captadas por c\u00e1maras en el centro de C\u00f3rdoba capital<\/b>, es decir a casi 100 kil\u00f3metros de su casa. En tanto, la denuncia fue presentada por la abuela de la menor, quien inform\u00f3 que esta <b>no respond\u00eda a los llamados telef\u00f3nicos<\/b>, lo que motiv\u00f3 la inmediata intervenci\u00f3n judicial. <\/p>\n<p>En ese momento, las autoridades difundieron una alerta a trav\u00e9s del Sistema Federal de B\u00fasqueda de Personas Desaparecidas y Extraviadas (Sifebu), ante la posibilidad de que la adolescente pudiera salir del pa\u00eds.<\/p>\n<p>\u201cA <i>prima facie<\/i> se encuentra bien de salud, pero ser\u00e1n los especialistas los que determinar\u00e1n su estado general. Por suerte <b>la hemos encontrado sana y salva<\/b>\u201d, detall\u00f3 el ministro Quinteros al respecto de la menor. <\/p>\n<p>Trabajaron en el caso personal de <b>Investigaci\u00f3n Criminal, Protecci\u00f3n de Personas y la Direcci\u00f3n de Investigaci\u00f3n Operativa (DIO) de Polic\u00eda Judicial.<\/b><\/p>\n","protected":false},"excerpt":{"rendered":"<p>Una ni\u00f1a de tres a\u00f1os fue rescatada en las \u00faltimas horas en la provincia de Neuqu\u00e9n, luego de haber desaparecido el viernes por la noche. La menor permaneci\u00f3 sola durante ocho horas en una zona de monta\u00f1a y fue hallada en buenas condiciones de salud. Seg\u00fan las primeras informaciones, la desaparici\u00f3n de la ni\u00f1a, identificada&#8230;<\/p>\n","protected":false},"author":1,"featured_media":7888,"comment_status":"open","ping_status":"closed","sticky":false,"template":"","format":"standard","meta":{"_jetpack_memberships_contains_paid_content":false,"footnotes":""},"categories":[31,30,32,77,84,35,36,37],"tags":[],"class_list":["post-7884","post","type-post","status-publish","format-standard","has-post-thumbnail","hentry","category-actualidad","category-argentina","category-economia","category-inseguridad","category-masradios-com","category-nacionales","category-seguridad","category-sociedad"],"magazineBlocksPostFeaturedMedia":{"thumbnail":"https:\/\/lobosnews.com.ar\/wp-content\/uploads\/2026\/01\/neuquen-rescataron-a-una-nena-de-3-anos-que-camino-sola-8-horas-en-la-montana-2-150x150.jpg","medium":"https:\/\/lobosnews.com.ar\/wp-content\/uploads\/2026\/01\/neuquen-rescataron-a-una-nena-de-3-anos-que-camino-sola-8-horas-en-la-montana-2-300x169.jpg","medium_large":"https:\/\/lobosnews.com.ar\/wp-content\/uploads\/2026\/01\/neuquen-rescataron-a-una-nena-de-3-anos-que-camino-sola-8-horas-en-la-montana-2-768x432.jpg","large":"https:\/\/lobosnews.com.ar\/wp-content\/uploads\/2026\/01\/neuquen-rescataron-a-una-nena-de-3-anos-que-camino-sola-8-horas-en-la-montana-2.jpg","1536x1536":"https:\/\/lobosnews.com.ar\/wp-content\/uploads\/2026\/01\/neuquen-rescataron-a-una-nena-de-3-anos-que-camino-sola-8-horas-en-la-montana-2.jpg","2048x2048":"https:\/\/lobosnews.com.ar\/wp-content\/uploads\/2026\/01\/neuquen-rescataron-a-una-nena-de-3-anos-que-camino-sola-8-horas-en-la-montana-2.jpg","newsmatic-featured":"https:\/\/lobosnews.com.ar\/wp-content\/uploads\/2026\/01\/neuquen-rescataron-a-una-nena-de-3-anos-que-camino-sola-8-horas-en-la-montana-2-820x545.jpg","newsmatic-list":"https:\/\/lobosnews.com.ar\/wp-content\/uploads\/2026\/01\/neuquen-rescataron-a-una-nena-de-3-anos-que-camino-sola-8-horas-en-la-montana-2-600x400.jpg","newsmatic-thumb":"https:\/\/lobosnews.com.ar\/wp-content\/uploads\/2026\/01\/neuquen-rescataron-a-una-nena-de-3-anos-que-camino-sola-8-horas-en-la-montana-2-300x200.jpg","newsmatic-small":"https:\/\/lobosnews.com.ar\/wp-content\/uploads\/2026\/01\/neuquen-rescataron-a-una-nena-de-3-anos-que-camino-sola-8-horas-en-la-montana-2-150x95.jpg","newsmatic-grid":"https:\/\/lobosnews.com.ar\/wp-content\/uploads\/2026\/01\/neuquen-rescataron-a-una-nena-de-3-anos-que-camino-sola-8-horas-en-la-montana-2-400x250.jpg"},"magazineBlocksPostAuthor":{"name":"admin","avatar":"https:\/\/secure.gravatar.com\/avatar\/76e419471a2083bc3ceab22a763dbbf9b0c1bd15a6214cf3280e2c2dde4580f9?s=96&d=mm&r=g"},"magazineBlocksPostCommentsNumber":"0","magazineBlocksPostExcerpt":"Una ni\u00f1a de tres a\u00f1os fue rescatada en las \u00faltimas horas en la provincia de Neuqu\u00e9n, luego de haber desaparecido el viernes por la noche. La menor permaneci\u00f3 sola durante ocho horas en una zona de monta\u00f1a y fue hallada en buenas condiciones de salud. Seg\u00fan las primeras informaciones, la desaparici\u00f3n de la ni\u00f1a, identificada...","magazineBlocksPostCategories":["Actualidad","Argentina","econom\u00eda","inseguridad","masradios.com","nacionales","seguridad","sociedad"],"magazineBlocksPostViewCount":170,"magazineBlocksPostReadTime":4,"magazine_blocks_featured_image_url":{"full":["https:\/\/lobosnews.com.ar\/wp-content\/uploads\/2026\/01\/neuquen-rescataron-a-una-nena-de-3-anos-que-camino-sola-8-horas-en-la-montana-2.jpg",1000,562,false],"medium":["https:\/\/lobosnews.com.ar\/wp-content\/uploads\/2026\/01\/neuquen-rescataron-a-una-nena-de-3-anos-que-camino-sola-8-horas-en-la-montana-2-300x169.jpg",300,169,true],"thumbnail":["https:\/\/lobosnews.com.ar\/wp-content\/uploads\/2026\/01\/neuquen-rescataron-a-una-nena-de-3-anos-que-camino-sola-8-horas-en-la-montana-2-150x150.jpg",150,150,true]},"magazine_blocks_author":{"display_name":"admin","author_link":"https:\/\/lobosnews.com.ar\/index.php\/author\/lobos-news\/"},"magazine_blocks_comment":0,"magazine_blocks_author_image":"https:\/\/secure.gravatar.com\/avatar\/76e419471a2083bc3ceab22a763dbbf9b0c1bd15a6214cf3280e2c2dde4580f9?s=96&d=mm&r=g","magazine_blocks_category":"<a href=\"#\" class=\"category-link category-link-31\">Actualidad<\/a> <a href=\"#\" class=\"category-link category-link-30\">Argentina<\/a> <a href=\"#\" class=\"category-link category-link-32\">econom\u00eda<\/a> <a href=\"#\" class=\"category-link category-link-77\">inseguridad<\/a> <a href=\"#\" class=\"category-link category-link-84\">masradios.com<\/a> <a href=\"#\" class=\"category-link category-link-35\">nacionales<\/a> <a href=\"#\" class=\"category-link category-link-36\">seguridad<\/a> <a href=\"#\" class=\"category-link category-link-37\">sociedad<\/a>","yoast_head":"<!-- This site is optimized with the Yoast SEO plugin v26.6 - https:\/\/yoast.com\/wordpress\/plugins\/seo\/ -->\n<title>Neuqu\u00e9n: rescataron a una nena de 3 a\u00f1os que camin\u00f3 sola 8 horas en la monta\u00f1a - Lobos News<\/title>\n<meta name=\"robots\" content=\"index, follow, max-snippet:-1, max-image-preview:large, max-video-preview:-1\" \/>\n<link rel=\"canonical\" href=\"https:\/\/lobosnews.com.ar\/index.php\/2026\/01\/17\/neuquen-rescataron-a-una-nena-de-3-anos-que-camino-sola-8-horas-en-la-montana\/\" \/>\n<meta property=\"og:locale\" content=\"es_ES\" \/>\n<meta property=\"og:type\" content=\"article\" \/>\n<meta property=\"og:title\" content=\"Neuqu\u00e9n: rescataron a una nena de 3 a\u00f1os que camin\u00f3 sola 8 horas en la monta\u00f1a - Lobos News\" \/>\n<meta property=\"og:description\" content=\"Una ni\u00f1a de tres a\u00f1os fue rescatada en las \u00faltimas horas en la provincia de Neuqu\u00e9n, luego de haber desaparecido el viernes por la noche. La menor permaneci\u00f3 sola durante ocho horas en una zona de monta\u00f1a y fue hallada en buenas condiciones de salud. Seg\u00fan las primeras informaciones, la desaparici\u00f3n de la ni\u00f1a, identificada...\" \/>\n<meta property=\"og:url\" content=\"https:\/\/lobosnews.com.ar\/index.php\/2026\/01\/17\/neuquen-rescataron-a-una-nena-de-3-anos-que-camino-sola-8-horas-en-la-montana\/\" \/>\n<meta property=\"og:site_name\" content=\"Lobos News\" \/>\n<meta property=\"article:published_time\" content=\"2026-01-17T17:54:09+00:00\" \/>\n<meta property=\"article:modified_time\" content=\"2026-01-17T20:15:01+00:00\" \/>\n<meta property=\"og:image\" content=\"https:\/\/lobosnews.com.ar\/wp-content\/uploads\/2026\/01\/neuquen-rescataron-a-una-nena-de-3-anos-que-camino-sola-8-horas-en-la-montana.jpg\" \/>\n<meta name=\"author\" content=\"admin\" \/>\n<meta name=\"twitter:card\" content=\"summary_large_image\" \/>\n<meta name=\"twitter:label1\" content=\"Escrito por\" \/>\n\t<meta name=\"twitter:data1\" content=\"admin\" \/>\n\t<meta name=\"twitter:label2\" content=\"Tiempo de lectura\" \/>\n\t<meta name=\"twitter:data2\" content=\"3 minutos\" \/>\n<script type=\"application\/ld+json\" class=\"yoast-schema-graph\">{\"@context\":\"https:\/\/schema.org\",\"@graph\":[{\"@type\":\"Article\",\"@id\":\"https:\/\/lobosnews.com.ar\/index.php\/2026\/01\/17\/neuquen-rescataron-a-una-nena-de-3-anos-que-camino-sola-8-horas-en-la-montana\/#article\",\"isPartOf\":{\"@id\":\"https:\/\/lobosnews.com.ar\/index.php\/2026\/01\/17\/neuquen-rescataron-a-una-nena-de-3-anos-que-camino-sola-8-horas-en-la-montana\/\"},\"author\":{\"name\":\"admin\",\"@id\":\"https:\/\/lobosnews.com.ar\/#\/schema\/person\/232422a593d5c541dd9aef6aaed10943\"},\"headline\":\"Neuqu\u00e9n: rescataron a una nena de 3 a\u00f1os que camin\u00f3 sola 8 horas en la monta\u00f1a\",\"datePublished\":\"2026-01-17T17:54:09+00:00\",\"dateModified\":\"2026-01-17T20:15:01+00:00\",\"mainEntityOfPage\":{\"@id\":\"https:\/\/lobosnews.com.ar\/index.php\/2026\/01\/17\/neuquen-rescataron-a-una-nena-de-3-anos-que-camino-sola-8-horas-en-la-montana\/\"},\"wordCount\":710,\"commentCount\":0,\"publisher\":{\"@id\":\"https:\/\/lobosnews.com.ar\/#organization\"},\"image\":{\"@id\":\"https:\/\/lobosnews.com.ar\/index.php\/2026\/01\/17\/neuquen-rescataron-a-una-nena-de-3-anos-que-camino-sola-8-horas-en-la-montana\/#primaryimage\"},\"thumbnailUrl\":\"https:\/\/lobosnews.com.ar\/wp-content\/uploads\/2026\/01\/neuquen-rescataron-a-una-nena-de-3-anos-que-camino-sola-8-horas-en-la-montana-2.jpg\",\"articleSection\":[\"Actualidad\",\"Argentina\",\"econom\u00eda\",\"inseguridad\",\"masradios.com\",\"nacionales\",\"seguridad\",\"sociedad\"],\"inLanguage\":\"es\",\"potentialAction\":[{\"@type\":\"CommentAction\",\"name\":\"Comment\",\"target\":[\"https:\/\/lobosnews.com.ar\/index.php\/2026\/01\/17\/neuquen-rescataron-a-una-nena-de-3-anos-que-camino-sola-8-horas-en-la-montana\/#respond\"]}]},{\"@type\":\"WebPage\",\"@id\":\"https:\/\/lobosnews.com.ar\/index.php\/2026\/01\/17\/neuquen-rescataron-a-una-nena-de-3-anos-que-camino-sola-8-horas-en-la-montana\/\",\"url\":\"https:\/\/lobosnews.com.ar\/index.php\/2026\/01\/17\/neuquen-rescataron-a-una-nena-de-3-anos-que-camino-sola-8-horas-en-la-montana\/\",\"name\":\"Neuqu\u00e9n: rescataron a una nena de 3 a\u00f1os que camin\u00f3 sola 8 horas en la monta\u00f1a - Lobos News\",\"isPartOf\":{\"@id\":\"https:\/\/lobosnews.com.ar\/#website\"},\"primaryImageOfPage\":{\"@id\":\"https:\/\/lobosnews.com.ar\/index.php\/2026\/01\/17\/neuquen-rescataron-a-una-nena-de-3-anos-que-camino-sola-8-horas-en-la-montana\/#primaryimage\"},\"image\":{\"@id\":\"https:\/\/lobosnews.com.ar\/index.php\/2026\/01\/17\/neuquen-rescataron-a-una-nena-de-3-anos-que-camino-sola-8-horas-en-la-montana\/#primaryimage\"},\"thumbnailUrl\":\"https:\/\/lobosnews.com.ar\/wp-content\/uploads\/2026\/01\/neuquen-rescataron-a-una-nena-de-3-anos-que-camino-sola-8-horas-en-la-montana-2.jpg\",\"datePublished\":\"2026-01-17T17:54:09+00:00\",\"dateModified\":\"2026-01-17T20:15:01+00:00\",\"breadcrumb\":{\"@id\":\"https:\/\/lobosnews.com.ar\/index.php\/2026\/01\/17\/neuquen-rescataron-a-una-nena-de-3-anos-que-camino-sola-8-horas-en-la-montana\/#breadcrumb\"},\"inLanguage\":\"es\",\"potentialAction\":[{\"@type\":\"ReadAction\",\"target\":[\"https:\/\/lobosnews.com.ar\/index.php\/2026\/01\/17\/neuquen-rescataron-a-una-nena-de-3-anos-que-camino-sola-8-horas-en-la-montana\/\"]}]},{\"@type\":\"ImageObject\",\"inLanguage\":\"es\",\"@id\":\"https:\/\/lobosnews.com.ar\/index.php\/2026\/01\/17\/neuquen-rescataron-a-una-nena-de-3-anos-que-camino-sola-8-horas-en-la-montana\/#primaryimage\",\"url\":\"https:\/\/lobosnews.com.ar\/wp-content\/uploads\/2026\/01\/neuquen-rescataron-a-una-nena-de-3-anos-que-camino-sola-8-horas-en-la-montana-2.jpg\",\"contentUrl\":\"https:\/\/lobosnews.com.ar\/wp-content\/uploads\/2026\/01\/neuquen-rescataron-a-una-nena-de-3-anos-que-camino-sola-8-horas-en-la-montana-2.jpg\",\"width\":1000,\"height\":562,\"caption\":\"Neuqu\u00e9n: rescataron a una nena de 3 a\u00f1os que camin\u00f3 sola 8 horas en la monta\u00f1a\"},{\"@type\":\"BreadcrumbList\",\"@id\":\"https:\/\/lobosnews.com.ar\/index.php\/2026\/01\/17\/neuquen-rescataron-a-una-nena-de-3-anos-que-camino-sola-8-horas-en-la-montana\/#breadcrumb\",\"itemListElement\":[{\"@type\":\"ListItem\",\"position\":1,\"name\":\"Portada\",\"item\":\"https:\/\/lobosnews.com.ar\/\"},{\"@type\":\"ListItem\",\"position\":2,\"name\":\"Neuqu\u00e9n: rescataron a una nena de 3 a\u00f1os que camin\u00f3 sola 8 horas en la monta\u00f1a\"}]},{\"@type\":\"WebSite\",\"@id\":\"https:\/\/lobosnews.com.ar\/#website\",\"url\":\"https:\/\/lobosnews.com.ar\/\",\"name\":\"Lobos News\",\"description\":\"Informaci\u00f3n a cada instante\",\"publisher\":{\"@id\":\"https:\/\/lobosnews.com.ar\/#organization\"},\"potentialAction\":[{\"@type\":\"SearchAction\",\"target\":{\"@type\":\"EntryPoint\",\"urlTemplate\":\"https:\/\/lobosnews.com.ar\/?s={search_term_string}\"},\"query-input\":{\"@type\":\"PropertyValueSpecification\",\"valueRequired\":true,\"valueName\":\"search_term_string\"}}],\"inLanguage\":\"es\"},{\"@type\":\"Organization\",\"@id\":\"https:\/\/lobosnews.com.ar\/#organization\",\"name\":\"Lobos News\",\"url\":\"https:\/\/lobosnews.com.ar\/\",\"logo\":{\"@type\":\"ImageObject\",\"inLanguage\":\"es\",\"@id\":\"https:\/\/lobosnews.com.ar\/#\/schema\/logo\/image\/\",\"url\":\"https:\/\/lobosnews.com.ar\/wp-content\/uploads\/2026\/01\/logo-lobosnews.png\",\"contentUrl\":\"https:\/\/lobosnews.com.ar\/wp-content\/uploads\/2026\/01\/logo-lobosnews.png\",\"width\":500,\"height\":200,\"caption\":\"Lobos News\"},\"image\":{\"@id\":\"https:\/\/lobosnews.com.ar\/#\/schema\/logo\/image\/\"}},{\"@type\":\"Person\",\"@id\":\"https:\/\/lobosnews.com.ar\/#\/schema\/person\/232422a593d5c541dd9aef6aaed10943\",\"name\":\"admin\",\"image\":{\"@type\":\"ImageObject\",\"inLanguage\":\"es\",\"@id\":\"https:\/\/lobosnews.com.ar\/#\/schema\/person\/image\/\",\"url\":\"https:\/\/secure.gravatar.com\/avatar\/76e419471a2083bc3ceab22a763dbbf9b0c1bd15a6214cf3280e2c2dde4580f9?s=96&d=mm&r=g\",\"contentUrl\":\"https:\/\/secure.gravatar.com\/avatar\/76e419471a2083bc3ceab22a763dbbf9b0c1bd15a6214cf3280e2c2dde4580f9?s=96&d=mm&r=g\",\"caption\":\"admin\"},\"sameAs\":[\"https:\/\/lobosnews.com.ar\"],\"url\":\"https:\/\/lobosnews.com.ar\/index.php\/author\/lobos-news\/\"}]}<\/script>\n<!-- \/ Yoast SEO plugin. -->","yoast_head_json":{"title":"Neuqu\u00e9n: rescataron a una nena de 3 a\u00f1os que camin\u00f3 sola 8 horas en la monta\u00f1a - Lobos News","robots":{"index":"index","follow":"follow","max-snippet":"max-snippet:-1","max-image-preview":"max-image-preview:large","max-video-preview":"max-video-preview:-1"},"canonical":"https:\/\/lobosnews.com.ar\/index.php\/2026\/01\/17\/neuquen-rescataron-a-una-nena-de-3-anos-que-camino-sola-8-horas-en-la-montana\/","og_locale":"es_ES","og_type":"article","og_title":"Neuqu\u00e9n: rescataron a una nena de 3 a\u00f1os que camin\u00f3 sola 8 horas en la monta\u00f1a - Lobos News","og_description":"Una ni\u00f1a de tres a\u00f1os fue rescatada en las \u00faltimas horas en la provincia de Neuqu\u00e9n, luego de haber desaparecido el viernes por la noche. La menor permaneci\u00f3 sola durante ocho horas en una zona de monta\u00f1a y fue hallada en buenas condiciones de salud. Seg\u00fan las primeras informaciones, la desaparici\u00f3n de la ni\u00f1a, identificada...","og_url":"https:\/\/lobosnews.com.ar\/index.php\/2026\/01\/17\/neuquen-rescataron-a-una-nena-de-3-anos-que-camino-sola-8-horas-en-la-montana\/","og_site_name":"Lobos News","article_published_time":"2026-01-17T17:54:09+00:00","article_modified_time":"2026-01-17T20:15:01+00:00","og_image":[{"url":"https:\/\/lobosnews.com.ar\/wp-content\/uploads\/2026\/01\/neuquen-rescataron-a-una-nena-de-3-anos-que-camino-sola-8-horas-en-la-montana.jpg","type":"","width":"","height":""}],"author":"admin","twitter_card":"summary_large_image","twitter_misc":{"Escrito por":"admin","Tiempo de lectura":"3 minutos"},"schema":{"@context":"https:\/\/schema.org","@graph":[{"@type":"Article","@id":"https:\/\/lobosnews.com.ar\/index.php\/2026\/01\/17\/neuquen-rescataron-a-una-nena-de-3-anos-que-camino-sola-8-horas-en-la-montana\/#article","isPartOf":{"@id":"https:\/\/lobosnews.com.ar\/index.php\/2026\/01\/17\/neuquen-rescataron-a-una-nena-de-3-anos-que-camino-sola-8-horas-en-la-montana\/"},"author":{"name":"admin","@id":"https:\/\/lobosnews.com.ar\/#\/schema\/person\/232422a593d5c541dd9aef6aaed10943"},"headline":"Neuqu\u00e9n: rescataron a una nena de 3 a\u00f1os que camin\u00f3 sola 8 horas en la monta\u00f1a","datePublished":"2026-01-17T17:54:09+00:00","dateModified":"2026-01-17T20:15:01+00:00","mainEntityOfPage":{"@id":"https:\/\/lobosnews.com.ar\/index.php\/2026\/01\/17\/neuquen-rescataron-a-una-nena-de-3-anos-que-camino-sola-8-horas-en-la-montana\/"},"wordCount":710,"commentCount":0,"publisher":{"@id":"https:\/\/lobosnews.com.ar\/#organization"},"image":{"@id":"https:\/\/lobosnews.com.ar\/index.php\/2026\/01\/17\/neuquen-rescataron-a-una-nena-de-3-anos-que-camino-sola-8-horas-en-la-montana\/#primaryimage"},"thumbnailUrl":"https:\/\/lobosnews.com.ar\/wp-content\/uploads\/2026\/01\/neuquen-rescataron-a-una-nena-de-3-anos-que-camino-sola-8-horas-en-la-montana-2.jpg","articleSection":["Actualidad","Argentina","econom\u00eda","inseguridad","masradios.com","nacionales","seguridad","sociedad"],"inLanguage":"es","potentialAction":[{"@type":"CommentAction","name":"Comment","target":["https:\/\/lobosnews.com.ar\/index.php\/2026\/01\/17\/neuquen-rescataron-a-una-nena-de-3-anos-que-camino-sola-8-horas-en-la-montana\/#respond"]}]},{"@type":"WebPage","@id":"https:\/\/lobosnews.com.ar\/index.php\/2026\/01\/17\/neuquen-rescataron-a-una-nena-de-3-anos-que-camino-sola-8-horas-en-la-montana\/","url":"https:\/\/lobosnews.com.ar\/index.php\/2026\/01\/17\/neuquen-rescataron-a-una-nena-de-3-anos-que-camino-sola-8-horas-en-la-montana\/","name":"Neuqu\u00e9n: rescataron a una nena de 3 a\u00f1os que camin\u00f3 sola 8 horas en la monta\u00f1a - Lobos News","isPartOf":{"@id":"https:\/\/lobosnews.com.ar\/#website"},"primaryImageOfPage":{"@id":"https:\/\/lobosnews.com.ar\/index.php\/2026\/01\/17\/neuquen-rescataron-a-una-nena-de-3-anos-que-camino-sola-8-horas-en-la-montana\/#primaryimage"},"image":{"@id":"https:\/\/lobosnews.com.ar\/index.php\/2026\/01\/17\/neuquen-rescataron-a-una-nena-de-3-anos-que-camino-sola-8-horas-en-la-montana\/#primaryimage"},"thumbnailUrl":"https:\/\/lobosnews.com.ar\/wp-content\/uploads\/2026\/01\/neuquen-rescataron-a-una-nena-de-3-anos-que-camino-sola-8-horas-en-la-montana-2.jpg","datePublished":"2026-01-17T17:54:09+00:00","dateModified":"2026-01-17T20:15:01+00:00","breadcrumb":{"@id":"https:\/\/lobosnews.com.ar\/index.php\/2026\/01\/17\/neuquen-rescataron-a-una-nena-de-3-anos-que-camino-sola-8-horas-en-la-montana\/#breadcrumb"},"inLanguage":"es","potentialAction":[{"@type":"ReadAction","target":["https:\/\/lobosnews.com.ar\/index.php\/2026\/01\/17\/neuquen-rescataron-a-una-nena-de-3-anos-que-camino-sola-8-horas-en-la-montana\/"]}]},{"@type":"ImageObject","inLanguage":"es","@id":"https:\/\/lobosnews.com.ar\/index.php\/2026\/01\/17\/neuquen-rescataron-a-una-nena-de-3-anos-que-camino-sola-8-horas-en-la-montana\/#primaryimage","url":"https:\/\/lobosnews.com.ar\/wp-content\/uploads\/2026\/01\/neuquen-rescataron-a-una-nena-de-3-anos-que-camino-sola-8-horas-en-la-montana-2.jpg","contentUrl":"https:\/\/lobosnews.com.ar\/wp-content\/uploads\/2026\/01\/neuquen-rescataron-a-una-nena-de-3-anos-que-camino-sola-8-horas-en-la-montana-2.jpg","width":1000,"height":562,"caption":"Neuqu\u00e9n: rescataron a una nena de 3 a\u00f1os que camin\u00f3 sola 8 horas en la monta\u00f1a"},{"@type":"BreadcrumbList","@id":"https:\/\/lobosnews.com.ar\/index.php\/2026\/01\/17\/neuquen-rescataron-a-una-nena-de-3-anos-que-camino-sola-8-horas-en-la-montana\/#breadcrumb","itemListElement":[{"@type":"ListItem","position":1,"name":"Portada","item":"https:\/\/lobosnews.com.ar\/"},{"@type":"ListItem","position":2,"name":"Neuqu\u00e9n: rescataron a una nena de 3 a\u00f1os que camin\u00f3 sola 8 horas en la monta\u00f1a"}]},{"@type":"WebSite","@id":"https:\/\/lobosnews.com.ar\/#website","url":"https:\/\/lobosnews.com.ar\/","name":"Lobos News","description":"Informaci\u00f3n a cada instante","publisher":{"@id":"https:\/\/lobosnews.com.ar\/#organization"},"potentialAction":[{"@type":"SearchAction","target":{"@type":"EntryPoint","urlTemplate":"https:\/\/lobosnews.com.ar\/?s={search_term_string}"},"query-input":{"@type":"PropertyValueSpecification","valueRequired":true,"valueName":"search_term_string"}}],"inLanguage":"es"},{"@type":"Organization","@id":"https:\/\/lobosnews.com.ar\/#organization","name":"Lobos News","url":"https:\/\/lobosnews.com.ar\/","logo":{"@type":"ImageObject","inLanguage":"es","@id":"https:\/\/lobosnews.com.ar\/#\/schema\/logo\/image\/","url":"https:\/\/lobosnews.com.ar\/wp-content\/uploads\/2026\/01\/logo-lobosnews.png","contentUrl":"https:\/\/lobosnews.com.ar\/wp-content\/uploads\/2026\/01\/logo-lobosnews.png","width":500,"height":200,"caption":"Lobos News"},"image":{"@id":"https:\/\/lobosnews.com.ar\/#\/schema\/logo\/image\/"}},{"@type":"Person","@id":"https:\/\/lobosnews.com.ar\/#\/schema\/person\/232422a593d5c541dd9aef6aaed10943","name":"admin","image":{"@type":"ImageObject","inLanguage":"es","@id":"https:\/\/lobosnews.com.ar\/#\/schema\/person\/image\/","url":"https:\/\/secure.gravatar.com\/avatar\/76e419471a2083bc3ceab22a763dbbf9b0c1bd15a6214cf3280e2c2dde4580f9?s=96&d=mm&r=g","contentUrl":"https:\/\/secure.gravatar.com\/avatar\/76e419471a2083bc3ceab22a763dbbf9b0c1bd15a6214cf3280e2c2dde4580f9?s=96&d=mm&r=g","caption":"admin"},"sameAs":["https:\/\/lobosnews.com.ar"],"url":"https:\/\/lobosnews.com.ar\/index.php\/author\/lobos-news\/"}]}},"jetpack_featured_media_url":"https:\/\/lobosnews.com.ar\/wp-content\/uploads\/2026\/01\/neuquen-rescataron-a-una-nena-de-3-anos-que-camino-sola-8-horas-en-la-montana-2.jpg","jetpack_sharing_enabled":true,"_links":{"self":[{"href":"https:\/\/lobosnews.com.ar\/index.php\/wp-json\/wp\/v2\/posts\/7884","targetHints":{"allow":["GET"]}}],"collection":[{"href":"https:\/\/lobosnews.com.ar\/index.php\/wp-json\/wp\/v2\/posts"}],"about":[{"href":"https:\/\/lobosnews.com.ar\/index.php\/wp-json\/wp\/v2\/types\/post"}],"author":[{"embeddable":true,"href":"https:\/\/lobosnews.com.ar\/index.php\/wp-json\/wp\/v2\/users\/1"}],"replies":[{"embeddable":true,"href":"https:\/\/lobosnews.com.ar\/index.php\/wp-json\/wp\/v2\/comments?post=7884"}],"version-history":[{"count":1,"href":"https:\/\/lobosnews.com.ar\/index.php\/wp-json\/wp\/v2\/posts\/7884\/revisions"}],"predecessor-version":[{"id":7887,"href":"https:\/\/lobosnews.com.ar\/index.php\/wp-json\/wp\/v2\/posts\/7884\/revisions\/7887"}],"wp:featuredmedia":[{"embeddable":true,"href":"https:\/\/lobosnews.com.ar\/index.php\/wp-json\/wp\/v2\/media\/7888"}],"wp:attachment":[{"href":"https:\/\/lobosnews.com.ar\/index.php\/wp-json\/wp\/v2\/media?parent=7884"}],"wp:term":[{"taxonomy":"category","embeddable":true,"href":"https:\/\/lobosnews.com.ar\/index.php\/wp-json\/wp\/v2\/categories?post=7884"},{"taxonomy":"post_tag","embeddable":true,"href":"https:\/\/lobosnews.com.ar\/index.php\/wp-json\/wp\/v2\/tags?post=7884"}],"curies":[{"name":"wp","href":"https:\/\/api.w.org\/{rel}","templated":true}]}}