{"id":7834,"date":"2026-01-17T13:33:53","date_gmt":"2026-01-17T13:33:53","guid":{"rendered":"https:\/\/lobosnews.com.ar\/index.php\/2026\/01\/17\/el-centro-historico-de-san-salvador-sera-escenario-del-inicio-de-una-competencia-ciclista-con-participacion-internacional\/"},"modified":"2026-01-17T16:37:15","modified_gmt":"2026-01-17T16:37:15","slug":"el-centro-historico-de-san-salvador-sera-escenario-del-inicio-de-una-competencia-ciclista-con-participacion-internacional","status":"publish","type":"post","link":"https:\/\/lobosnews.com.ar\/index.php\/2026\/01\/17\/el-centro-historico-de-san-salvador-sera-escenario-del-inicio-de-una-competencia-ciclista-con-participacion-internacional\/","title":{"rendered":"El Centro Hist\u00f3rico de San Salvador ser\u00e1 escenario del inicio de una competencia ciclista con participaci\u00f3n internacional"},"content":{"rendered":"<p><img loading=\"lazy\" decoding=\"async\" src=\"https:\/\/lobosnews.com.ar\/wp-content\/uploads\/2026\/01\/el-centro-historico-de-san-salvador-sera-escenario-del-inicio-de-una-competencia-ciclista-con-participacion-internacional.jpg\" alt=\"Para el Tour El Salvador 2026 los organizadores han establecido 11 rutas, que les permitir\u00e1n a las ciclistas recorrer m\u00e1s de 800 kil\u00f3metros. \/Secretar\u00eda de Prensa de la Presidencia\" height=\"968\" width=\"1280\"\/><\/p>\n<p>El <b>Centro Hist\u00f3rico de San Salvador <\/b>acoger\u00e1 hoy el inicio de la competencia ciclista <b>Tour El Salvador 2026. <\/b>Se trata de un torneo de corte femenino avalado por la Uni\u00f3n Ciclista Internacional (UCI), que comienza con el desarrollo del <b>Pr\u00f3logo<\/b> en una de las zonas culturales m\u00e1s representativas del pa\u00eds. <\/p>\n<p>Las autoridades han indicado que la circulaci\u00f3n en el <b>centro capitalino <\/b>estar\u00e1 restringida desde las 2:00 de la tarde entre la 5\u00aa calle Poniente y la calle Rub\u00e9n Dar\u00edo, as\u00ed como entre la 11\u00aa avenida Norte y la 2\u00aa avenida Norte, incluyendo los alrededores de la plaza Gerardo Barrios.<\/p>\n<p>El circuito del Pr\u00f3logo tendr\u00e1 una distancia de 2.7 kil\u00f3metros, enmarcado por edificios hist\u00f3ricos y espacios emblem\u00e1ticos de la capital salvadore\u00f1a. De acuerdo con el <b>Ministerio de Obras P\u00fablicas (MOP),<\/b> este recorrido busca resaltar la riqueza arquitect\u00f3nica y la relevancia cultural de la zona. El ministro de Obras P\u00fablicas, Romeo Rodr\u00edguez, indic\u00f3 esta semana que el evento implicar\u00e1 ajustes en la circulaci\u00f3n vial y medidas especiales de seguridad para resguardar tanto a las participantes como a los espectadores.<\/p>\n<p>\u201cEste tipo de competencias nos permite mostrar c\u00f3mo El Salvador ha cambiado, especialmente en materia de seguridad, y c\u00f3mo hoy podemos recibir a atletas de alto nivel en espacios que se han transformado y recuperado para la gente\u201d, expres\u00f3 ayer el ministro de Obras P\u00fablicas, seg\u00fan consign\u00f3 la Secretar\u00eda de Prensa de la Presidencia.<\/p>\n<p>La competencia continuar\u00e1 ma\u00f1ana con la Etapa I, programada en la colonia Flor Blanca, un \u00e1rea reconocida por su infraestructura deportiva y espacios recreativos. A partir de las 9:00 de la ma\u00f1ana las ciclistas iniciar\u00e1n el trayecto frente al Gimnasio Nacional, avanzando por la 6\u00aa10\u00aa calle Poniente, el bulevar de Los H\u00e9roes y la 25\u00aa avenida Sur y Norte. El MOP ha indicado que el recorrido de esta etapa cubrir\u00e1 69.5 kil\u00f3metros dentro del <b>\u00c1rea Metropolitana de San Salvador (AMSS).<\/b><\/p>\n<p><img loading=\"lazy\" decoding=\"async\" src=\"https:\/\/lobosnews.com.ar\/wp-content\/uploads\/2026\/01\/el-centro-historico-de-san-salvador-sera-escenario-del-inicio-de-una-competencia-ciclista-con-participacion-internacional-1.jpg\" alt=\"Las autoridades establecieron un dispositivo para la inauguraci\u00f3n del evento en el centro hist\u00f3rico. \/Secretar\u00eda de Prensa de la Presidencia\" height=\"1350\" width=\"1080\"\/><\/p>\n<p>Los organizadores han detallado que la selecci\u00f3n de rutas responde a criterios de seguridad y a la intenci\u00f3n de promover espacios urbanos vinculados al deporte y la recreaci\u00f3n. Este evento cuenta con la coordinaci\u00f3n de diferentes <b>instituciones de Gobierno<\/b> para facilitar la movilidad y garantizar la integridad de todos los asistentes.<\/p>\n<p>A esta gesta deportiva se han dado cita m\u00e1s de <b>120 ciclistas femeninas que representan a 18 equipos procedentes de 12 pa\u00edses<\/b>, incluidas delegaciones de Suiza, China, Espa\u00f1a, Italia, M\u00e9xico, Panam\u00e1, Rusia, Colombia, Cuba, Ecuador, Guatemala y El Salvador. <\/p>\n<p>Por medio de esta competencia las participantes podr\u00e1n ganar m\u00e1s puntos, otorgados por la UCI, para el ranking global, lo cual les permitir\u00e1 posicionarse como atletas.<\/p>\n<p>La participaci\u00f3n de ciclistas nacionales y la expectativa generada por la competencia forman parte de una agenda deportiva que busca posicionar a San Salvador como sede de e<b>ventos de alto nivel<\/b>. La importancia de estas iniciativas tambi\u00e9n descansa en el deseo de impulsar el deporte femenino y proyectar una imagen positiva de la capital salvadore\u00f1a.<\/p>\n<p>\u201cEl Salvador se ha consolidado como uno de los destinos m\u00e1s visitados de la regi\u00f3n, y eso se refleja en la confianza de artistas e invitados internacionales que hoy nos acompa\u00f1an. Recibimos a cada visitante con la calidez que caracteriza a los salvadore\u00f1os\u201d, afirm\u00f3 <b>la ministra de Turismo, Morena Valdez<\/b>, haciendo alusi\u00f3n a la participaci\u00f3n del artista colombiano, Mike Bah\u00eda, quien fue el encargado de inaugurar este evento con un concierto en el centro hist\u00f3rico.<\/p>\n","protected":false},"excerpt":{"rendered":"<p>El Centro Hist\u00f3rico de San Salvador acoger\u00e1 hoy el inicio de la competencia ciclista Tour El Salvador 2026. Se trata de un torneo de corte femenino avalado por la Uni\u00f3n Ciclista Internacional (UCI), que comienza con el desarrollo del Pr\u00f3logo en una de las zonas culturales m\u00e1s representativas del pa\u00eds. Las autoridades han indicado que&#8230;<\/p>\n","protected":false},"author":1,"featured_media":7838,"comment_status":"open","ping_status":"closed","sticky":false,"template":"","format":"standard","meta":{"_jetpack_memberships_contains_paid_content":false,"footnotes":""},"categories":[31],"tags":[],"class_list":["post-7834","post","type-post","status-publish","format-standard","has-post-thumbnail","hentry","category-actualidad"],"magazineBlocksPostFeaturedMedia":{"thumbnail":"https:\/\/lobosnews.com.ar\/wp-content\/uploads\/2026\/01\/el-centro-historico-de-san-salvador-sera-escenario-del-inicio-de-una-competencia-ciclista-con-participacion-internacional-2-150x150.jpg","medium":"https:\/\/lobosnews.com.ar\/wp-content\/uploads\/2026\/01\/el-centro-historico-de-san-salvador-sera-escenario-del-inicio-de-una-competencia-ciclista-con-participacion-internacional-2-240x300.jpg","medium_large":"https:\/\/lobosnews.com.ar\/wp-content\/uploads\/2026\/01\/el-centro-historico-de-san-salvador-sera-escenario-del-inicio-de-una-competencia-ciclista-con-participacion-internacional-2-768x960.jpg","large":"https:\/\/lobosnews.com.ar\/wp-content\/uploads\/2026\/01\/el-centro-historico-de-san-salvador-sera-escenario-del-inicio-de-una-competencia-ciclista-con-participacion-internacional-2-819x1024.jpg","1536x1536":"https:\/\/lobosnews.com.ar\/wp-content\/uploads\/2026\/01\/el-centro-historico-de-san-salvador-sera-escenario-del-inicio-de-una-competencia-ciclista-con-participacion-internacional-2.jpg","2048x2048":"https:\/\/lobosnews.com.ar\/wp-content\/uploads\/2026\/01\/el-centro-historico-de-san-salvador-sera-escenario-del-inicio-de-una-competencia-ciclista-con-participacion-internacional-2.jpg","newsmatic-featured":"https:\/\/lobosnews.com.ar\/wp-content\/uploads\/2026\/01\/el-centro-historico-de-san-salvador-sera-escenario-del-inicio-de-una-competencia-ciclista-con-participacion-internacional-2-820x545.jpg","newsmatic-list":"https:\/\/lobosnews.com.ar\/wp-content\/uploads\/2026\/01\/el-centro-historico-de-san-salvador-sera-escenario-del-inicio-de-una-competencia-ciclista-con-participacion-internacional-2-600x400.jpg","newsmatic-thumb":"https:\/\/lobosnews.com.ar\/wp-content\/uploads\/2026\/01\/el-centro-historico-de-san-salvador-sera-escenario-del-inicio-de-una-competencia-ciclista-con-participacion-internacional-2-300x200.jpg","newsmatic-small":"https:\/\/lobosnews.com.ar\/wp-content\/uploads\/2026\/01\/el-centro-historico-de-san-salvador-sera-escenario-del-inicio-de-una-competencia-ciclista-con-participacion-internacional-2-150x95.jpg","newsmatic-grid":"https:\/\/lobosnews.com.ar\/wp-content\/uploads\/2026\/01\/el-centro-historico-de-san-salvador-sera-escenario-del-inicio-de-una-competencia-ciclista-con-participacion-internacional-2-400x250.jpg"},"magazineBlocksPostAuthor":{"name":"admin","avatar":"https:\/\/secure.gravatar.com\/avatar\/76e419471a2083bc3ceab22a763dbbf9b0c1bd15a6214cf3280e2c2dde4580f9?s=96&d=mm&r=g"},"magazineBlocksPostCommentsNumber":"0","magazineBlocksPostExcerpt":"El Centro Hist\u00f3rico de San Salvador acoger\u00e1 hoy el inicio de la competencia ciclista Tour El Salvador 2026. Se trata de un torneo de corte femenino avalado por la Uni\u00f3n Ciclista Internacional (UCI), que comienza con el desarrollo del Pr\u00f3logo en una de las zonas culturales m\u00e1s representativas del pa\u00eds. Las autoridades han indicado que...","magazineBlocksPostCategories":["Actualidad"],"magazineBlocksPostViewCount":160,"magazineBlocksPostReadTime":3,"magazine_blocks_featured_image_url":{"full":["https:\/\/lobosnews.com.ar\/wp-content\/uploads\/2026\/01\/el-centro-historico-de-san-salvador-sera-escenario-del-inicio-de-una-competencia-ciclista-con-participacion-internacional-2.jpg",1080,1350,false],"medium":["https:\/\/lobosnews.com.ar\/wp-content\/uploads\/2026\/01\/el-centro-historico-de-san-salvador-sera-escenario-del-inicio-de-una-competencia-ciclista-con-participacion-internacional-2-240x300.jpg",240,300,true],"thumbnail":["https:\/\/lobosnews.com.ar\/wp-content\/uploads\/2026\/01\/el-centro-historico-de-san-salvador-sera-escenario-del-inicio-de-una-competencia-ciclista-con-participacion-internacional-2-150x150.jpg",150,150,true]},"magazine_blocks_author":{"display_name":"admin","author_link":"https:\/\/lobosnews.com.ar\/index.php\/author\/lobos-news\/"},"magazine_blocks_comment":0,"magazine_blocks_author_image":"https:\/\/secure.gravatar.com\/avatar\/76e419471a2083bc3ceab22a763dbbf9b0c1bd15a6214cf3280e2c2dde4580f9?s=96&d=mm&r=g","magazine_blocks_category":"<a href=\"#\" class=\"category-link category-link-31\">Actualidad<\/a>","yoast_head":"<!-- This site is optimized with the Yoast SEO plugin v26.6 - https:\/\/yoast.com\/wordpress\/plugins\/seo\/ -->\n<title>El Centro Hist\u00f3rico de San Salvador ser\u00e1 escenario del inicio de una competencia ciclista con participaci\u00f3n internacional - Lobos News<\/title>\n<meta name=\"robots\" content=\"index, follow, max-snippet:-1, max-image-preview:large, max-video-preview:-1\" \/>\n<link rel=\"canonical\" href=\"https:\/\/lobosnews.com.ar\/index.php\/2026\/01\/17\/el-centro-historico-de-san-salvador-sera-escenario-del-inicio-de-una-competencia-ciclista-con-participacion-internacional\/\" \/>\n<meta property=\"og:locale\" content=\"es_ES\" \/>\n<meta property=\"og:type\" content=\"article\" \/>\n<meta property=\"og:title\" content=\"El Centro Hist\u00f3rico de San Salvador ser\u00e1 escenario del inicio de una competencia ciclista con participaci\u00f3n internacional - Lobos News\" \/>\n<meta property=\"og:description\" content=\"El Centro Hist\u00f3rico de San Salvador acoger\u00e1 hoy el inicio de la competencia ciclista Tour El Salvador 2026. Se trata de un torneo de corte femenino avalado por la Uni\u00f3n Ciclista Internacional (UCI), que comienza con el desarrollo del Pr\u00f3logo en una de las zonas culturales m\u00e1s representativas del pa\u00eds. Las autoridades han indicado que...\" \/>\n<meta property=\"og:url\" content=\"https:\/\/lobosnews.com.ar\/index.php\/2026\/01\/17\/el-centro-historico-de-san-salvador-sera-escenario-del-inicio-de-una-competencia-ciclista-con-participacion-internacional\/\" \/>\n<meta property=\"og:site_name\" content=\"Lobos News\" \/>\n<meta property=\"article:published_time\" content=\"2026-01-17T13:33:53+00:00\" \/>\n<meta property=\"article:modified_time\" content=\"2026-01-17T16:37:15+00:00\" \/>\n<meta property=\"og:image\" content=\"https:\/\/lobosnews.com.ar\/wp-content\/uploads\/2026\/01\/el-centro-historico-de-san-salvador-sera-escenario-del-inicio-de-una-competencia-ciclista-con-participacion-internacional.jpg\" \/>\n<meta name=\"author\" content=\"admin\" \/>\n<meta name=\"twitter:card\" content=\"summary_large_image\" \/>\n<meta name=\"twitter:label1\" content=\"Escrito por\" \/>\n\t<meta name=\"twitter:data1\" content=\"admin\" \/>\n\t<meta name=\"twitter:label2\" content=\"Tiempo de lectura\" \/>\n\t<meta name=\"twitter:data2\" content=\"3 minutos\" \/>\n<script type=\"application\/ld+json\" class=\"yoast-schema-graph\">{\"@context\":\"https:\/\/schema.org\",\"@graph\":[{\"@type\":\"Article\",\"@id\":\"https:\/\/lobosnews.com.ar\/index.php\/2026\/01\/17\/el-centro-historico-de-san-salvador-sera-escenario-del-inicio-de-una-competencia-ciclista-con-participacion-internacional\/#article\",\"isPartOf\":{\"@id\":\"https:\/\/lobosnews.com.ar\/index.php\/2026\/01\/17\/el-centro-historico-de-san-salvador-sera-escenario-del-inicio-de-una-competencia-ciclista-con-participacion-internacional\/\"},\"author\":{\"name\":\"admin\",\"@id\":\"https:\/\/lobosnews.com.ar\/#\/schema\/person\/232422a593d5c541dd9aef6aaed10943\"},\"headline\":\"El Centro Hist\u00f3rico de San Salvador ser\u00e1 escenario del inicio de una competencia ciclista con participaci\u00f3n internacional\",\"datePublished\":\"2026-01-17T13:33:53+00:00\",\"dateModified\":\"2026-01-17T16:37:15+00:00\",\"mainEntityOfPage\":{\"@id\":\"https:\/\/lobosnews.com.ar\/index.php\/2026\/01\/17\/el-centro-historico-de-san-salvador-sera-escenario-del-inicio-de-una-competencia-ciclista-con-participacion-internacional\/\"},\"wordCount\":612,\"commentCount\":0,\"publisher\":{\"@id\":\"https:\/\/lobosnews.com.ar\/#organization\"},\"image\":{\"@id\":\"https:\/\/lobosnews.com.ar\/index.php\/2026\/01\/17\/el-centro-historico-de-san-salvador-sera-escenario-del-inicio-de-una-competencia-ciclista-con-participacion-internacional\/#primaryimage\"},\"thumbnailUrl\":\"https:\/\/lobosnews.com.ar\/wp-content\/uploads\/2026\/01\/el-centro-historico-de-san-salvador-sera-escenario-del-inicio-de-una-competencia-ciclista-con-participacion-internacional-2.jpg\",\"articleSection\":[\"Actualidad\"],\"inLanguage\":\"es\",\"potentialAction\":[{\"@type\":\"CommentAction\",\"name\":\"Comment\",\"target\":[\"https:\/\/lobosnews.com.ar\/index.php\/2026\/01\/17\/el-centro-historico-de-san-salvador-sera-escenario-del-inicio-de-una-competencia-ciclista-con-participacion-internacional\/#respond\"]}]},{\"@type\":\"WebPage\",\"@id\":\"https:\/\/lobosnews.com.ar\/index.php\/2026\/01\/17\/el-centro-historico-de-san-salvador-sera-escenario-del-inicio-de-una-competencia-ciclista-con-participacion-internacional\/\",\"url\":\"https:\/\/lobosnews.com.ar\/index.php\/2026\/01\/17\/el-centro-historico-de-san-salvador-sera-escenario-del-inicio-de-una-competencia-ciclista-con-participacion-internacional\/\",\"name\":\"El Centro Hist\u00f3rico de San Salvador ser\u00e1 escenario del inicio de una competencia ciclista con participaci\u00f3n internacional - Lobos News\",\"isPartOf\":{\"@id\":\"https:\/\/lobosnews.com.ar\/#website\"},\"primaryImageOfPage\":{\"@id\":\"https:\/\/lobosnews.com.ar\/index.php\/2026\/01\/17\/el-centro-historico-de-san-salvador-sera-escenario-del-inicio-de-una-competencia-ciclista-con-participacion-internacional\/#primaryimage\"},\"image\":{\"@id\":\"https:\/\/lobosnews.com.ar\/index.php\/2026\/01\/17\/el-centro-historico-de-san-salvador-sera-escenario-del-inicio-de-una-competencia-ciclista-con-participacion-internacional\/#primaryimage\"},\"thumbnailUrl\":\"https:\/\/lobosnews.com.ar\/wp-content\/uploads\/2026\/01\/el-centro-historico-de-san-salvador-sera-escenario-del-inicio-de-una-competencia-ciclista-con-participacion-internacional-2.jpg\",\"datePublished\":\"2026-01-17T13:33:53+00:00\",\"dateModified\":\"2026-01-17T16:37:15+00:00\",\"breadcrumb\":{\"@id\":\"https:\/\/lobosnews.com.ar\/index.php\/2026\/01\/17\/el-centro-historico-de-san-salvador-sera-escenario-del-inicio-de-una-competencia-ciclista-con-participacion-internacional\/#breadcrumb\"},\"inLanguage\":\"es\",\"potentialAction\":[{\"@type\":\"ReadAction\",\"target\":[\"https:\/\/lobosnews.com.ar\/index.php\/2026\/01\/17\/el-centro-historico-de-san-salvador-sera-escenario-del-inicio-de-una-competencia-ciclista-con-participacion-internacional\/\"]}]},{\"@type\":\"ImageObject\",\"inLanguage\":\"es\",\"@id\":\"https:\/\/lobosnews.com.ar\/index.php\/2026\/01\/17\/el-centro-historico-de-san-salvador-sera-escenario-del-inicio-de-una-competencia-ciclista-con-participacion-internacional\/#primaryimage\",\"url\":\"https:\/\/lobosnews.com.ar\/wp-content\/uploads\/2026\/01\/el-centro-historico-de-san-salvador-sera-escenario-del-inicio-de-una-competencia-ciclista-con-participacion-internacional-2.jpg\",\"contentUrl\":\"https:\/\/lobosnews.com.ar\/wp-content\/uploads\/2026\/01\/el-centro-historico-de-san-salvador-sera-escenario-del-inicio-de-una-competencia-ciclista-con-participacion-internacional-2.jpg\",\"width\":1080,\"height\":1350,\"caption\":\"El Centro Hist\u00f3rico de San Salvador ser\u00e1 escenario del inicio de una competencia ciclista con participaci\u00f3n internacional\"},{\"@type\":\"BreadcrumbList\",\"@id\":\"https:\/\/lobosnews.com.ar\/index.php\/2026\/01\/17\/el-centro-historico-de-san-salvador-sera-escenario-del-inicio-de-una-competencia-ciclista-con-participacion-internacional\/#breadcrumb\",\"itemListElement\":[{\"@type\":\"ListItem\",\"position\":1,\"name\":\"Portada\",\"item\":\"https:\/\/lobosnews.com.ar\/\"},{\"@type\":\"ListItem\",\"position\":2,\"name\":\"El Centro Hist\u00f3rico de San Salvador ser\u00e1 escenario del inicio de una competencia ciclista con participaci\u00f3n internacional\"}]},{\"@type\":\"WebSite\",\"@id\":\"https:\/\/lobosnews.com.ar\/#website\",\"url\":\"https:\/\/lobosnews.com.ar\/\",\"name\":\"Lobos News\",\"description\":\"Informaci\u00f3n a cada instante\",\"publisher\":{\"@id\":\"https:\/\/lobosnews.com.ar\/#organization\"},\"potentialAction\":[{\"@type\":\"SearchAction\",\"target\":{\"@type\":\"EntryPoint\",\"urlTemplate\":\"https:\/\/lobosnews.com.ar\/?s={search_term_string}\"},\"query-input\":{\"@type\":\"PropertyValueSpecification\",\"valueRequired\":true,\"valueName\":\"search_term_string\"}}],\"inLanguage\":\"es\"},{\"@type\":\"Organization\",\"@id\":\"https:\/\/lobosnews.com.ar\/#organization\",\"name\":\"Lobos News\",\"url\":\"https:\/\/lobosnews.com.ar\/\",\"logo\":{\"@type\":\"ImageObject\",\"inLanguage\":\"es\",\"@id\":\"https:\/\/lobosnews.com.ar\/#\/schema\/logo\/image\/\",\"url\":\"https:\/\/lobosnews.com.ar\/wp-content\/uploads\/2026\/01\/logo-lobosnews.png\",\"contentUrl\":\"https:\/\/lobosnews.com.ar\/wp-content\/uploads\/2026\/01\/logo-lobosnews.png\",\"width\":500,\"height\":200,\"caption\":\"Lobos News\"},\"image\":{\"@id\":\"https:\/\/lobosnews.com.ar\/#\/schema\/logo\/image\/\"}},{\"@type\":\"Person\",\"@id\":\"https:\/\/lobosnews.com.ar\/#\/schema\/person\/232422a593d5c541dd9aef6aaed10943\",\"name\":\"admin\",\"image\":{\"@type\":\"ImageObject\",\"inLanguage\":\"es\",\"@id\":\"https:\/\/lobosnews.com.ar\/#\/schema\/person\/image\/\",\"url\":\"https:\/\/secure.gravatar.com\/avatar\/76e419471a2083bc3ceab22a763dbbf9b0c1bd15a6214cf3280e2c2dde4580f9?s=96&d=mm&r=g\",\"contentUrl\":\"https:\/\/secure.gravatar.com\/avatar\/76e419471a2083bc3ceab22a763dbbf9b0c1bd15a6214cf3280e2c2dde4580f9?s=96&d=mm&r=g\",\"caption\":\"admin\"},\"sameAs\":[\"https:\/\/lobosnews.com.ar\"],\"url\":\"https:\/\/lobosnews.com.ar\/index.php\/author\/lobos-news\/\"}]}<\/script>\n<!-- \/ Yoast SEO plugin. -->","yoast_head_json":{"title":"El Centro Hist\u00f3rico de San Salvador ser\u00e1 escenario del inicio de una competencia ciclista con participaci\u00f3n internacional - Lobos News","robots":{"index":"index","follow":"follow","max-snippet":"max-snippet:-1","max-image-preview":"max-image-preview:large","max-video-preview":"max-video-preview:-1"},"canonical":"https:\/\/lobosnews.com.ar\/index.php\/2026\/01\/17\/el-centro-historico-de-san-salvador-sera-escenario-del-inicio-de-una-competencia-ciclista-con-participacion-internacional\/","og_locale":"es_ES","og_type":"article","og_title":"El Centro Hist\u00f3rico de San Salvador ser\u00e1 escenario del inicio de una competencia ciclista con participaci\u00f3n internacional - Lobos News","og_description":"El Centro Hist\u00f3rico de San Salvador acoger\u00e1 hoy el inicio de la competencia ciclista Tour El Salvador 2026. Se trata de un torneo de corte femenino avalado por la Uni\u00f3n Ciclista Internacional (UCI), que comienza con el desarrollo del Pr\u00f3logo en una de las zonas culturales m\u00e1s representativas del pa\u00eds. Las autoridades han indicado que...","og_url":"https:\/\/lobosnews.com.ar\/index.php\/2026\/01\/17\/el-centro-historico-de-san-salvador-sera-escenario-del-inicio-de-una-competencia-ciclista-con-participacion-internacional\/","og_site_name":"Lobos News","article_published_time":"2026-01-17T13:33:53+00:00","article_modified_time":"2026-01-17T16:37:15+00:00","og_image":[{"url":"https:\/\/lobosnews.com.ar\/wp-content\/uploads\/2026\/01\/el-centro-historico-de-san-salvador-sera-escenario-del-inicio-de-una-competencia-ciclista-con-participacion-internacional.jpg","type":"","width":"","height":""}],"author":"admin","twitter_card":"summary_large_image","twitter_misc":{"Escrito por":"admin","Tiempo de lectura":"3 minutos"},"schema":{"@context":"https:\/\/schema.org","@graph":[{"@type":"Article","@id":"https:\/\/lobosnews.com.ar\/index.php\/2026\/01\/17\/el-centro-historico-de-san-salvador-sera-escenario-del-inicio-de-una-competencia-ciclista-con-participacion-internacional\/#article","isPartOf":{"@id":"https:\/\/lobosnews.com.ar\/index.php\/2026\/01\/17\/el-centro-historico-de-san-salvador-sera-escenario-del-inicio-de-una-competencia-ciclista-con-participacion-internacional\/"},"author":{"name":"admin","@id":"https:\/\/lobosnews.com.ar\/#\/schema\/person\/232422a593d5c541dd9aef6aaed10943"},"headline":"El Centro Hist\u00f3rico de San Salvador ser\u00e1 escenario del inicio de una competencia ciclista con participaci\u00f3n internacional","datePublished":"2026-01-17T13:33:53+00:00","dateModified":"2026-01-17T16:37:15+00:00","mainEntityOfPage":{"@id":"https:\/\/lobosnews.com.ar\/index.php\/2026\/01\/17\/el-centro-historico-de-san-salvador-sera-escenario-del-inicio-de-una-competencia-ciclista-con-participacion-internacional\/"},"wordCount":612,"commentCount":0,"publisher":{"@id":"https:\/\/lobosnews.com.ar\/#organization"},"image":{"@id":"https:\/\/lobosnews.com.ar\/index.php\/2026\/01\/17\/el-centro-historico-de-san-salvador-sera-escenario-del-inicio-de-una-competencia-ciclista-con-participacion-internacional\/#primaryimage"},"thumbnailUrl":"https:\/\/lobosnews.com.ar\/wp-content\/uploads\/2026\/01\/el-centro-historico-de-san-salvador-sera-escenario-del-inicio-de-una-competencia-ciclista-con-participacion-internacional-2.jpg","articleSection":["Actualidad"],"inLanguage":"es","potentialAction":[{"@type":"CommentAction","name":"Comment","target":["https:\/\/lobosnews.com.ar\/index.php\/2026\/01\/17\/el-centro-historico-de-san-salvador-sera-escenario-del-inicio-de-una-competencia-ciclista-con-participacion-internacional\/#respond"]}]},{"@type":"WebPage","@id":"https:\/\/lobosnews.com.ar\/index.php\/2026\/01\/17\/el-centro-historico-de-san-salvador-sera-escenario-del-inicio-de-una-competencia-ciclista-con-participacion-internacional\/","url":"https:\/\/lobosnews.com.ar\/index.php\/2026\/01\/17\/el-centro-historico-de-san-salvador-sera-escenario-del-inicio-de-una-competencia-ciclista-con-participacion-internacional\/","name":"El Centro Hist\u00f3rico de San Salvador ser\u00e1 escenario del inicio de una competencia ciclista con participaci\u00f3n internacional - Lobos News","isPartOf":{"@id":"https:\/\/lobosnews.com.ar\/#website"},"primaryImageOfPage":{"@id":"https:\/\/lobosnews.com.ar\/index.php\/2026\/01\/17\/el-centro-historico-de-san-salvador-sera-escenario-del-inicio-de-una-competencia-ciclista-con-participacion-internacional\/#primaryimage"},"image":{"@id":"https:\/\/lobosnews.com.ar\/index.php\/2026\/01\/17\/el-centro-historico-de-san-salvador-sera-escenario-del-inicio-de-una-competencia-ciclista-con-participacion-internacional\/#primaryimage"},"thumbnailUrl":"https:\/\/lobosnews.com.ar\/wp-content\/uploads\/2026\/01\/el-centro-historico-de-san-salvador-sera-escenario-del-inicio-de-una-competencia-ciclista-con-participacion-internacional-2.jpg","datePublished":"2026-01-17T13:33:53+00:00","dateModified":"2026-01-17T16:37:15+00:00","breadcrumb":{"@id":"https:\/\/lobosnews.com.ar\/index.php\/2026\/01\/17\/el-centro-historico-de-san-salvador-sera-escenario-del-inicio-de-una-competencia-ciclista-con-participacion-internacional\/#breadcrumb"},"inLanguage":"es","potentialAction":[{"@type":"ReadAction","target":["https:\/\/lobosnews.com.ar\/index.php\/2026\/01\/17\/el-centro-historico-de-san-salvador-sera-escenario-del-inicio-de-una-competencia-ciclista-con-participacion-internacional\/"]}]},{"@type":"ImageObject","inLanguage":"es","@id":"https:\/\/lobosnews.com.ar\/index.php\/2026\/01\/17\/el-centro-historico-de-san-salvador-sera-escenario-del-inicio-de-una-competencia-ciclista-con-participacion-internacional\/#primaryimage","url":"https:\/\/lobosnews.com.ar\/wp-content\/uploads\/2026\/01\/el-centro-historico-de-san-salvador-sera-escenario-del-inicio-de-una-competencia-ciclista-con-participacion-internacional-2.jpg","contentUrl":"https:\/\/lobosnews.com.ar\/wp-content\/uploads\/2026\/01\/el-centro-historico-de-san-salvador-sera-escenario-del-inicio-de-una-competencia-ciclista-con-participacion-internacional-2.jpg","width":1080,"height":1350,"caption":"El Centro Hist\u00f3rico de San Salvador ser\u00e1 escenario del inicio de una competencia ciclista con participaci\u00f3n internacional"},{"@type":"BreadcrumbList","@id":"https:\/\/lobosnews.com.ar\/index.php\/2026\/01\/17\/el-centro-historico-de-san-salvador-sera-escenario-del-inicio-de-una-competencia-ciclista-con-participacion-internacional\/#breadcrumb","itemListElement":[{"@type":"ListItem","position":1,"name":"Portada","item":"https:\/\/lobosnews.com.ar\/"},{"@type":"ListItem","position":2,"name":"El Centro Hist\u00f3rico de San Salvador ser\u00e1 escenario del inicio de una competencia ciclista con participaci\u00f3n internacional"}]},{"@type":"WebSite","@id":"https:\/\/lobosnews.com.ar\/#website","url":"https:\/\/lobosnews.com.ar\/","name":"Lobos News","description":"Informaci\u00f3n a cada instante","publisher":{"@id":"https:\/\/lobosnews.com.ar\/#organization"},"potentialAction":[{"@type":"SearchAction","target":{"@type":"EntryPoint","urlTemplate":"https:\/\/lobosnews.com.ar\/?s={search_term_string}"},"query-input":{"@type":"PropertyValueSpecification","valueRequired":true,"valueName":"search_term_string"}}],"inLanguage":"es"},{"@type":"Organization","@id":"https:\/\/lobosnews.com.ar\/#organization","name":"Lobos News","url":"https:\/\/lobosnews.com.ar\/","logo":{"@type":"ImageObject","inLanguage":"es","@id":"https:\/\/lobosnews.com.ar\/#\/schema\/logo\/image\/","url":"https:\/\/lobosnews.com.ar\/wp-content\/uploads\/2026\/01\/logo-lobosnews.png","contentUrl":"https:\/\/lobosnews.com.ar\/wp-content\/uploads\/2026\/01\/logo-lobosnews.png","width":500,"height":200,"caption":"Lobos News"},"image":{"@id":"https:\/\/lobosnews.com.ar\/#\/schema\/logo\/image\/"}},{"@type":"Person","@id":"https:\/\/lobosnews.com.ar\/#\/schema\/person\/232422a593d5c541dd9aef6aaed10943","name":"admin","image":{"@type":"ImageObject","inLanguage":"es","@id":"https:\/\/lobosnews.com.ar\/#\/schema\/person\/image\/","url":"https:\/\/secure.gravatar.com\/avatar\/76e419471a2083bc3ceab22a763dbbf9b0c1bd15a6214cf3280e2c2dde4580f9?s=96&d=mm&r=g","contentUrl":"https:\/\/secure.gravatar.com\/avatar\/76e419471a2083bc3ceab22a763dbbf9b0c1bd15a6214cf3280e2c2dde4580f9?s=96&d=mm&r=g","caption":"admin"},"sameAs":["https:\/\/lobosnews.com.ar"],"url":"https:\/\/lobosnews.com.ar\/index.php\/author\/lobos-news\/"}]}},"jetpack_featured_media_url":"https:\/\/lobosnews.com.ar\/wp-content\/uploads\/2026\/01\/el-centro-historico-de-san-salvador-sera-escenario-del-inicio-de-una-competencia-ciclista-con-participacion-internacional-2.jpg","jetpack_sharing_enabled":true,"_links":{"self":[{"href":"https:\/\/lobosnews.com.ar\/index.php\/wp-json\/wp\/v2\/posts\/7834","targetHints":{"allow":["GET"]}}],"collection":[{"href":"https:\/\/lobosnews.com.ar\/index.php\/wp-json\/wp\/v2\/posts"}],"about":[{"href":"https:\/\/lobosnews.com.ar\/index.php\/wp-json\/wp\/v2\/types\/post"}],"author":[{"embeddable":true,"href":"https:\/\/lobosnews.com.ar\/index.php\/wp-json\/wp\/v2\/users\/1"}],"replies":[{"embeddable":true,"href":"https:\/\/lobosnews.com.ar\/index.php\/wp-json\/wp\/v2\/comments?post=7834"}],"version-history":[{"count":1,"href":"https:\/\/lobosnews.com.ar\/index.php\/wp-json\/wp\/v2\/posts\/7834\/revisions"}],"predecessor-version":[{"id":7837,"href":"https:\/\/lobosnews.com.ar\/index.php\/wp-json\/wp\/v2\/posts\/7834\/revisions\/7837"}],"wp:featuredmedia":[{"embeddable":true,"href":"https:\/\/lobosnews.com.ar\/index.php\/wp-json\/wp\/v2\/media\/7838"}],"wp:attachment":[{"href":"https:\/\/lobosnews.com.ar\/index.php\/wp-json\/wp\/v2\/media?parent=7834"}],"wp:term":[{"taxonomy":"category","embeddable":true,"href":"https:\/\/lobosnews.com.ar\/index.php\/wp-json\/wp\/v2\/categories?post=7834"},{"taxonomy":"post_tag","embeddable":true,"href":"https:\/\/lobosnews.com.ar\/index.php\/wp-json\/wp\/v2\/tags?post=7834"}],"curies":[{"name":"wp","href":"https:\/\/api.w.org\/{rel}","templated":true}]}}