{"id":7735,"date":"2026-01-17T05:00:00","date_gmt":"2026-01-17T05:00:00","guid":{"rendered":"https:\/\/lobosnews.com.ar\/index.php\/2026\/01\/17\/morena-mino-habla-de-su-maternidad-y-su-vida-como-influencer-quise-darle-a-mi-bebe-la-familia-que-yo-no-tuve\/"},"modified":"2026-01-17T10:41:00","modified_gmt":"2026-01-17T10:41:00","slug":"morena-mino-habla-de-su-maternidad-y-su-vida-como-influencer-quise-darle-a-mi-bebe-la-familia-que-yo-no-tuve","status":"publish","type":"post","link":"https:\/\/lobosnews.com.ar\/index.php\/2026\/01\/17\/morena-mino-habla-de-su-maternidad-y-su-vida-como-influencer-quise-darle-a-mi-bebe-la-familia-que-yo-no-tuve\/","title":{"rendered":"Morena Mi\u00f1o habla de su maternidad y su vida como influencer: \u201cQuise darle a mi beb\u00e9 la familia que yo no tuve\u201d"},"content":{"rendered":"<p><b>Morena Mi\u00f1o<\/b> no plane\u00f3 ser influencer. Tampoco so\u00f1aba con millones de seguidores, campa\u00f1as, ni contratos. Durante a\u00f1os, su mayor angustia era no saber qu\u00e9 iba a hacer con su vida. \u201cNo nac\u00ed para estudiar, no me da el cerebro\u201d, repet\u00eda entre l\u00e1grimas cada vez que hablaba con su pap\u00e1. Termin\u00f3 el colegio con una sensaci\u00f3n que muchos j\u00f3venes conocen bien: la de estar perdida y no saber qu\u00e9 carrera elegir.<\/p>\n<p>En el colegio, More sent\u00eda la presi\u00f3n de todos lados.<b> Sus propias maestras, en lugar de alentarla a proyectarse, le dec\u00edan que \u201cse ponga de novia con el mejor del colegio para que la ayude a progresar\u201d. <\/b>Esa sensaci\u00f3n de tener que priorizar las expectativas externas sobre sus propios deseos acompa\u00f1\u00f3 su adolescencia y, de alg\u00fan modo, prepar\u00f3 el terreno para la independencia que encontrar\u00eda a\u00f1os m\u00e1s tarde.<\/p>\n<p><img fetchpriority=\"high\" decoding=\"async\" src=\"https:\/\/lobosnews.com.ar\/wp-content\/uploads\/2026\/01\/morena-mino-habla-de-su-maternidad-y-su-vida-como-influencer-quise-darle-a-mi-bebe-la-familia-que-yo-no-tuve.jpg\" alt=\"\u201cNo nac\u00ed para estudiar, no me da el cerebro\u201d, le dec\u00eda de chica a su pap\u00e1\n(Fotos: Jaime Olivos)\" height=\"3453\" width=\"5180\"\/><\/p>\n<p>Hoy, con apenas 21 a\u00f1os, vive de las redes sociales, tiene casi cuatro millones de seguidores. Su historia empez\u00f3 sin estrategia ni ambici\u00f3n digital. Sub\u00eda posteos sueltos, casi sin intenci\u00f3n de seguir. Un d\u00eda, grab\u00f3 un video con su hermana que se viraliz\u00f3. Despu\u00e9s, otro con su mam\u00e1. Y en un momento decidi\u00f3 hablarle directo a la c\u00e1mara, mostrar c\u00f3mo era ella. Sin filtro y con la espontaneidad que la caracteriza. \u201cLa gente se da cuenta cuando el contenido no es real\u201d, explica. <\/p>\n<p>Hoy, ser influencer es su trabajo. Vive de los videos. De la publicidad. Cuando empez\u00f3 a ganar dinero con las redes, todav\u00eda ten\u00eda otro trabajo: hac\u00eda pesta\u00f1as. Le gustaba. Pero la exposici\u00f3n empez\u00f3 a pesarle: <b>\u201cTen\u00eda miedo de que alguien haga un video diciendo que yo le arruin\u00e9 las pesta\u00f1as y me quemen. Ah\u00ed dije: voy a intentar vivir de las redes\u201d<\/b>. Y lo logr\u00f3.<\/p>\n<p>Pero cuando parec\u00eda que todo empezaba a acomodarse, lleg\u00f3 una noticia que la descoloc\u00f3 por completo: estaba embarazada. \u201cNo sab\u00eda qu\u00e9 hacer. Mi vida cambi\u00f3 de un d\u00eda para el otro\u201d, cuenta. Hab\u00eda empezado a salir con Agust\u00edn, su novio y pap\u00e1 de Sara, hac\u00eda poco tiempo. Se hab\u00edan separado, reconciliado y, en medio de ese torbellino, apareci\u00f3 el test positivo. <\/p>\n<p><img loading=\"lazy\" decoding=\"async\" src=\"https:\/\/lobosnews.com.ar\/wp-content\/uploads\/2026\/01\/morena-mino-habla-de-su-maternidad-y-su-vida-como-influencer-quise-darle-a-mi-bebe-la-familia-que-yo-no-tuve-1.jpg\" alt=\"\"Mi miedo era otro: ten\u00eda miedo de decepcionar\" (Fotos: Jaime Olivos)\" height=\"2929\" width=\"4393\"\/><\/p>\n<p>\u201cCuando me enter\u00e9, me qued\u00e9 como: \u00bfqu\u00e9 hago ahora\u201d. La primera persona a quien le cont\u00f3 su embarazo fue la madre de Agust\u00edn. \u201cTodos me dec\u00edan: \u2018\u00bfpor qu\u00e9 no le contaste a tu mam\u00e1 que ten\u00e9s miedo?\u2019\u201d, recuerda. Pero More sab\u00eda bien por qu\u00e9 no lo hac\u00eda: \u201cDec\u00eda \u2018no tengo miedo, porque s\u00e9 que mi mam\u00e1 va a estar\u2019. <b>Mi miedo era otro: ten\u00eda miedo de decepcionar.<\/b> O sea, yo llegaba a decepcionar y me iba a doler mucho, mucho\u201d. La presi\u00f3n no ven\u00eda de la ausencia de apoyo, sino de la expectativa que ella misma sent\u00eda, la necesidad de no fallarle a quienes m\u00e1s amaba.<\/p>\n<p>Adem\u00e1s, se sumaba su dolor emocional. Los pap\u00e1s de More se separaron cuando era chica y ella sufri\u00f3 mucho el divorcio. <b>\u201cMe sent\u00eda en el medio, sola. Yo quer\u00eda darle a mi beb\u00e9 lo que yo no tuve. Yo quer\u00eda una familia\u201d<\/b>.<\/p>\n<p>La maternidad lleg\u00f3 con amor, pero tambi\u00e9n con miedos. \u201cTodo el tiempo pens\u00e1s si est\u00e1s haciendo las cosas bien o mal\u201d, dice. Y a eso se le suma la exposici\u00f3n. <b>\u201cPeor si viv\u00eds de las redes. Mostr\u00e1s un paso en falso y te matan\u201d<\/b>. En especial, otras mujeres. \u201cLas peores enemigas de la mujer son las propias mujeres\u201d, dice sin rodeos.<\/p>\n<p><img loading=\"lazy\" decoding=\"async\" src=\"https:\/\/lobosnews.com.ar\/wp-content\/uploads\/2026\/01\/morena-mino-habla-de-su-maternidad-y-su-vida-como-influencer-quise-darle-a-mi-bebe-la-familia-que-yo-no-tuve-2.jpg\" alt=\"\u201cMe sent\u00eda en el medio, sola. Yo quer\u00eda una familia\u201d\n(Fotos: Jaime Olivos)\" height=\"3173\" width=\"4760\"\/><\/p>\n<p>Por eso decidi\u00f3 no mostrar a Sarita en sus redes. \u201cQuiero que tenga una infancia normal, tranquila\u201d. Le preocupa que su hija crezca bajo la mirada ajena. \u201cA m\u00ed se me tiran encima para sacarse fotos. Una vez casi me hacen caer cuando estaba embarazada\u201d. <\/p>\n<p>Aunque se convirti\u00f3 en madre, More no quiere perder su esencia.<b> \u201cMe da miedo madurar y volverme aburrida\u201d<\/b>, confiesa. Para ella, la risa, los chistes y la espontaneidad son parte de su identidad. \u201cQuiero ser madura para maternar, para hacer tr\u00e1mites, pero a la hora de joder quiero tener siempre esa chispa\u201d. Esa \u201cchispa\u201d es lo que la caracteriza y hace re\u00edr a millones de usuarios en redes sociales.<\/p>\n<p>Al final, la chica que no sab\u00eda qu\u00e9 hacer con su vida se convirti\u00f3 en una compa\u00f1\u00eda para muchos. <b>\u201cYo ni siquiera ten\u00eda sue\u00f1os. Estaba nula\u201d<\/b>, resalta. \u201cTodo va a llegar. Todo lo que est\u00e1 destinado para vos te va a llegar. No hay que frustrarse\u201d.<\/p>\n<p>Hoy, entre pa\u00f1ales, ediciones, videos y millones de miradas, Morena sigue siendo esa chica que no finge. Que se muestra como es. Y que, sin buscarlo, se convirti\u00f3 en referente para miles de j\u00f3venes que tampoco saben todav\u00eda qui\u00e9nes quieren ser.<\/p>\n","protected":false},"excerpt":{"rendered":"<p>Morena Mi\u00f1o no plane\u00f3 ser influencer. Tampoco so\u00f1aba con millones de seguidores, campa\u00f1as, ni contratos. Durante a\u00f1os, su mayor angustia era no saber qu\u00e9 iba a hacer con su vida. \u201cNo nac\u00ed para estudiar, no me da el cerebro\u201d, repet\u00eda entre l\u00e1grimas cada vez que hablaba con su pap\u00e1. Termin\u00f3 el colegio con una sensaci\u00f3n&#8230;<\/p>\n","protected":false},"author":1,"featured_media":7740,"comment_status":"open","ping_status":"closed","sticky":false,"template":"","format":"standard","meta":{"_jetpack_memberships_contains_paid_content":false,"footnotes":""},"categories":[79],"tags":[],"class_list":["post-7735","post","type-post","status-publish","format-standard","has-post-thumbnail","hentry","category-cine-y-series"],"magazineBlocksPostFeaturedMedia":{"thumbnail":"https:\/\/lobosnews.com.ar\/wp-content\/uploads\/2026\/01\/morena-mino-habla-de-su-maternidad-y-su-vida-como-influencer-quise-darle-a-mi-bebe-la-familia-que-yo-no-tuve-4-150x150.jpg","medium":"https:\/\/lobosnews.com.ar\/wp-content\/uploads\/2026\/01\/morena-mino-habla-de-su-maternidad-y-su-vida-como-influencer-quise-darle-a-mi-bebe-la-familia-que-yo-no-tuve-4-300x200.jpg","medium_large":"https:\/\/lobosnews.com.ar\/wp-content\/uploads\/2026\/01\/morena-mino-habla-de-su-maternidad-y-su-vida-como-influencer-quise-darle-a-mi-bebe-la-familia-que-yo-no-tuve-4-768x512.jpg","large":"https:\/\/lobosnews.com.ar\/wp-content\/uploads\/2026\/01\/morena-mino-habla-de-su-maternidad-y-su-vida-como-influencer-quise-darle-a-mi-bebe-la-familia-que-yo-no-tuve-4-1024x683.jpg","1536x1536":"https:\/\/lobosnews.com.ar\/wp-content\/uploads\/2026\/01\/morena-mino-habla-de-su-maternidad-y-su-vida-como-influencer-quise-darle-a-mi-bebe-la-familia-que-yo-no-tuve-4-1536x1024.jpg","2048x2048":"https:\/\/lobosnews.com.ar\/wp-content\/uploads\/2026\/01\/morena-mino-habla-de-su-maternidad-y-su-vida-como-influencer-quise-darle-a-mi-bebe-la-familia-que-yo-no-tuve-4-2048x1365.jpg","newsmatic-featured":"https:\/\/lobosnews.com.ar\/wp-content\/uploads\/2026\/01\/morena-mino-habla-de-su-maternidad-y-su-vida-como-influencer-quise-darle-a-mi-bebe-la-familia-que-yo-no-tuve-4-820x545.jpg","newsmatic-list":"https:\/\/lobosnews.com.ar\/wp-content\/uploads\/2026\/01\/morena-mino-habla-de-su-maternidad-y-su-vida-como-influencer-quise-darle-a-mi-bebe-la-familia-que-yo-no-tuve-4-600x400.jpg","newsmatic-thumb":"https:\/\/lobosnews.com.ar\/wp-content\/uploads\/2026\/01\/morena-mino-habla-de-su-maternidad-y-su-vida-como-influencer-quise-darle-a-mi-bebe-la-familia-que-yo-no-tuve-4-300x200.jpg","newsmatic-small":"https:\/\/lobosnews.com.ar\/wp-content\/uploads\/2026\/01\/morena-mino-habla-de-su-maternidad-y-su-vida-como-influencer-quise-darle-a-mi-bebe-la-familia-que-yo-no-tuve-4-150x95.jpg","newsmatic-grid":"https:\/\/lobosnews.com.ar\/wp-content\/uploads\/2026\/01\/morena-mino-habla-de-su-maternidad-y-su-vida-como-influencer-quise-darle-a-mi-bebe-la-familia-que-yo-no-tuve-4-400x250.jpg"},"magazineBlocksPostAuthor":{"name":"admin","avatar":"https:\/\/secure.gravatar.com\/avatar\/76e419471a2083bc3ceab22a763dbbf9b0c1bd15a6214cf3280e2c2dde4580f9?s=96&d=mm&r=g"},"magazineBlocksPostCommentsNumber":"0","magazineBlocksPostExcerpt":"Morena Mi\u00f1o no plane\u00f3 ser influencer. Tampoco so\u00f1aba con millones de seguidores, campa\u00f1as, ni contratos. Durante a\u00f1os, su mayor angustia era no saber qu\u00e9 iba a hacer con su vida. \u201cNo nac\u00ed para estudiar, no me da el cerebro\u201d, repet\u00eda entre l\u00e1grimas cada vez que hablaba con su pap\u00e1. Termin\u00f3 el colegio con una sensaci\u00f3n...","magazineBlocksPostCategories":["Cine y Series"],"magazineBlocksPostViewCount":196,"magazineBlocksPostReadTime":5,"magazine_blocks_featured_image_url":{"full":["https:\/\/lobosnews.com.ar\/wp-content\/uploads\/2026\/01\/morena-mino-habla-de-su-maternidad-y-su-vida-como-influencer-quise-darle-a-mi-bebe-la-familia-que-yo-no-tuve-4-scaled.jpg",2560,1706,false],"medium":["https:\/\/lobosnews.com.ar\/wp-content\/uploads\/2026\/01\/morena-mino-habla-de-su-maternidad-y-su-vida-como-influencer-quise-darle-a-mi-bebe-la-familia-que-yo-no-tuve-4-300x200.jpg",300,200,true],"thumbnail":["https:\/\/lobosnews.com.ar\/wp-content\/uploads\/2026\/01\/morena-mino-habla-de-su-maternidad-y-su-vida-como-influencer-quise-darle-a-mi-bebe-la-familia-que-yo-no-tuve-4-150x150.jpg",150,150,true]},"magazine_blocks_author":{"display_name":"admin","author_link":"https:\/\/lobosnews.com.ar\/index.php\/author\/lobos-news\/"},"magazine_blocks_comment":0,"magazine_blocks_author_image":"https:\/\/secure.gravatar.com\/avatar\/76e419471a2083bc3ceab22a763dbbf9b0c1bd15a6214cf3280e2c2dde4580f9?s=96&d=mm&r=g","magazine_blocks_category":"<a href=\"#\" class=\"category-link category-link-79\">Cine y Series<\/a>","yoast_head":"<!-- This site is optimized with the Yoast SEO plugin v26.6 - https:\/\/yoast.com\/wordpress\/plugins\/seo\/ -->\n<title>Morena Mi\u00f1o habla de su maternidad y su vida como influencer: \u201cQuise darle a mi beb\u00e9 la familia que yo no tuve\u201d - Lobos News<\/title>\n<meta name=\"robots\" content=\"index, follow, max-snippet:-1, max-image-preview:large, max-video-preview:-1\" \/>\n<link rel=\"canonical\" href=\"https:\/\/lobosnews.com.ar\/index.php\/2026\/01\/17\/morena-mino-habla-de-su-maternidad-y-su-vida-como-influencer-quise-darle-a-mi-bebe-la-familia-que-yo-no-tuve\/\" \/>\n<meta property=\"og:locale\" content=\"es_ES\" \/>\n<meta property=\"og:type\" content=\"article\" \/>\n<meta property=\"og:title\" content=\"Morena Mi\u00f1o habla de su maternidad y su vida como influencer: \u201cQuise darle a mi beb\u00e9 la familia que yo no tuve\u201d - Lobos News\" \/>\n<meta property=\"og:description\" content=\"Morena Mi\u00f1o no plane\u00f3 ser influencer. Tampoco so\u00f1aba con millones de seguidores, campa\u00f1as, ni contratos. Durante a\u00f1os, su mayor angustia era no saber qu\u00e9 iba a hacer con su vida. \u201cNo nac\u00ed para estudiar, no me da el cerebro\u201d, repet\u00eda entre l\u00e1grimas cada vez que hablaba con su pap\u00e1. Termin\u00f3 el colegio con una sensaci\u00f3n...\" \/>\n<meta property=\"og:url\" content=\"https:\/\/lobosnews.com.ar\/index.php\/2026\/01\/17\/morena-mino-habla-de-su-maternidad-y-su-vida-como-influencer-quise-darle-a-mi-bebe-la-familia-que-yo-no-tuve\/\" \/>\n<meta property=\"og:site_name\" content=\"Lobos News\" \/>\n<meta property=\"article:published_time\" content=\"2026-01-17T05:00:00+00:00\" \/>\n<meta property=\"article:modified_time\" content=\"2026-01-17T10:41:00+00:00\" \/>\n<meta property=\"og:image\" content=\"https:\/\/lobosnews.com.ar\/wp-content\/uploads\/2026\/01\/morena-mino-habla-de-su-maternidad-y-su-vida-como-influencer-quise-darle-a-mi-bebe-la-familia-que-yo-no-tuve.jpg\" \/>\n<meta name=\"author\" content=\"admin\" \/>\n<meta name=\"twitter:card\" content=\"summary_large_image\" \/>\n<meta name=\"twitter:label1\" content=\"Escrito por\" \/>\n\t<meta name=\"twitter:data1\" content=\"admin\" \/>\n\t<meta name=\"twitter:label2\" content=\"Tiempo de lectura\" \/>\n\t<meta name=\"twitter:data2\" content=\"4 minutos\" \/>\n<script type=\"application\/ld+json\" class=\"yoast-schema-graph\">{\"@context\":\"https:\/\/schema.org\",\"@graph\":[{\"@type\":\"Article\",\"@id\":\"https:\/\/lobosnews.com.ar\/index.php\/2026\/01\/17\/morena-mino-habla-de-su-maternidad-y-su-vida-como-influencer-quise-darle-a-mi-bebe-la-familia-que-yo-no-tuve\/#article\",\"isPartOf\":{\"@id\":\"https:\/\/lobosnews.com.ar\/index.php\/2026\/01\/17\/morena-mino-habla-de-su-maternidad-y-su-vida-como-influencer-quise-darle-a-mi-bebe-la-familia-que-yo-no-tuve\/\"},\"author\":{\"name\":\"admin\",\"@id\":\"https:\/\/lobosnews.com.ar\/#\/schema\/person\/232422a593d5c541dd9aef6aaed10943\"},\"headline\":\"Morena Mi\u00f1o habla de su maternidad y su vida como influencer: \u201cQuise darle a mi beb\u00e9 la familia que yo no tuve\u201d\",\"datePublished\":\"2026-01-17T05:00:00+00:00\",\"dateModified\":\"2026-01-17T10:41:00+00:00\",\"mainEntityOfPage\":{\"@id\":\"https:\/\/lobosnews.com.ar\/index.php\/2026\/01\/17\/morena-mino-habla-de-su-maternidad-y-su-vida-como-influencer-quise-darle-a-mi-bebe-la-familia-que-yo-no-tuve\/\"},\"wordCount\":849,\"commentCount\":0,\"publisher\":{\"@id\":\"https:\/\/lobosnews.com.ar\/#organization\"},\"image\":{\"@id\":\"https:\/\/lobosnews.com.ar\/index.php\/2026\/01\/17\/morena-mino-habla-de-su-maternidad-y-su-vida-como-influencer-quise-darle-a-mi-bebe-la-familia-que-yo-no-tuve\/#primaryimage\"},\"thumbnailUrl\":\"https:\/\/lobosnews.com.ar\/wp-content\/uploads\/2026\/01\/morena-mino-habla-de-su-maternidad-y-su-vida-como-influencer-quise-darle-a-mi-bebe-la-familia-que-yo-no-tuve-4-scaled.jpg\",\"articleSection\":[\"Cine y Series\"],\"inLanguage\":\"es\",\"potentialAction\":[{\"@type\":\"CommentAction\",\"name\":\"Comment\",\"target\":[\"https:\/\/lobosnews.com.ar\/index.php\/2026\/01\/17\/morena-mino-habla-de-su-maternidad-y-su-vida-como-influencer-quise-darle-a-mi-bebe-la-familia-que-yo-no-tuve\/#respond\"]}]},{\"@type\":\"WebPage\",\"@id\":\"https:\/\/lobosnews.com.ar\/index.php\/2026\/01\/17\/morena-mino-habla-de-su-maternidad-y-su-vida-como-influencer-quise-darle-a-mi-bebe-la-familia-que-yo-no-tuve\/\",\"url\":\"https:\/\/lobosnews.com.ar\/index.php\/2026\/01\/17\/morena-mino-habla-de-su-maternidad-y-su-vida-como-influencer-quise-darle-a-mi-bebe-la-familia-que-yo-no-tuve\/\",\"name\":\"Morena Mi\u00f1o habla de su maternidad y su vida como influencer: \u201cQuise darle a mi beb\u00e9 la familia que yo no tuve\u201d - Lobos News\",\"isPartOf\":{\"@id\":\"https:\/\/lobosnews.com.ar\/#website\"},\"primaryImageOfPage\":{\"@id\":\"https:\/\/lobosnews.com.ar\/index.php\/2026\/01\/17\/morena-mino-habla-de-su-maternidad-y-su-vida-como-influencer-quise-darle-a-mi-bebe-la-familia-que-yo-no-tuve\/#primaryimage\"},\"image\":{\"@id\":\"https:\/\/lobosnews.com.ar\/index.php\/2026\/01\/17\/morena-mino-habla-de-su-maternidad-y-su-vida-como-influencer-quise-darle-a-mi-bebe-la-familia-que-yo-no-tuve\/#primaryimage\"},\"thumbnailUrl\":\"https:\/\/lobosnews.com.ar\/wp-content\/uploads\/2026\/01\/morena-mino-habla-de-su-maternidad-y-su-vida-como-influencer-quise-darle-a-mi-bebe-la-familia-que-yo-no-tuve-4-scaled.jpg\",\"datePublished\":\"2026-01-17T05:00:00+00:00\",\"dateModified\":\"2026-01-17T10:41:00+00:00\",\"breadcrumb\":{\"@id\":\"https:\/\/lobosnews.com.ar\/index.php\/2026\/01\/17\/morena-mino-habla-de-su-maternidad-y-su-vida-como-influencer-quise-darle-a-mi-bebe-la-familia-que-yo-no-tuve\/#breadcrumb\"},\"inLanguage\":\"es\",\"potentialAction\":[{\"@type\":\"ReadAction\",\"target\":[\"https:\/\/lobosnews.com.ar\/index.php\/2026\/01\/17\/morena-mino-habla-de-su-maternidad-y-su-vida-como-influencer-quise-darle-a-mi-bebe-la-familia-que-yo-no-tuve\/\"]}]},{\"@type\":\"ImageObject\",\"inLanguage\":\"es\",\"@id\":\"https:\/\/lobosnews.com.ar\/index.php\/2026\/01\/17\/morena-mino-habla-de-su-maternidad-y-su-vida-como-influencer-quise-darle-a-mi-bebe-la-familia-que-yo-no-tuve\/#primaryimage\",\"url\":\"https:\/\/lobosnews.com.ar\/wp-content\/uploads\/2026\/01\/morena-mino-habla-de-su-maternidad-y-su-vida-como-influencer-quise-darle-a-mi-bebe-la-familia-que-yo-no-tuve-4-scaled.jpg\",\"contentUrl\":\"https:\/\/lobosnews.com.ar\/wp-content\/uploads\/2026\/01\/morena-mino-habla-de-su-maternidad-y-su-vida-como-influencer-quise-darle-a-mi-bebe-la-familia-que-yo-no-tuve-4-scaled.jpg\",\"width\":2560,\"height\":1706,\"caption\":\"Morena Mi\u00f1o habla de su maternidad y su vida como influencer: \u201cQuise darle a mi beb\u00e9 la familia que yo no tuve\u201d\"},{\"@type\":\"BreadcrumbList\",\"@id\":\"https:\/\/lobosnews.com.ar\/index.php\/2026\/01\/17\/morena-mino-habla-de-su-maternidad-y-su-vida-como-influencer-quise-darle-a-mi-bebe-la-familia-que-yo-no-tuve\/#breadcrumb\",\"itemListElement\":[{\"@type\":\"ListItem\",\"position\":1,\"name\":\"Portada\",\"item\":\"https:\/\/lobosnews.com.ar\/\"},{\"@type\":\"ListItem\",\"position\":2,\"name\":\"Morena Mi\u00f1o habla de su maternidad y su vida como influencer: \u201cQuise darle a mi beb\u00e9 la familia que yo no tuve\u201d\"}]},{\"@type\":\"WebSite\",\"@id\":\"https:\/\/lobosnews.com.ar\/#website\",\"url\":\"https:\/\/lobosnews.com.ar\/\",\"name\":\"Lobos News\",\"description\":\"Informaci\u00f3n a cada instante\",\"publisher\":{\"@id\":\"https:\/\/lobosnews.com.ar\/#organization\"},\"potentialAction\":[{\"@type\":\"SearchAction\",\"target\":{\"@type\":\"EntryPoint\",\"urlTemplate\":\"https:\/\/lobosnews.com.ar\/?s={search_term_string}\"},\"query-input\":{\"@type\":\"PropertyValueSpecification\",\"valueRequired\":true,\"valueName\":\"search_term_string\"}}],\"inLanguage\":\"es\"},{\"@type\":\"Organization\",\"@id\":\"https:\/\/lobosnews.com.ar\/#organization\",\"name\":\"Lobos News\",\"url\":\"https:\/\/lobosnews.com.ar\/\",\"logo\":{\"@type\":\"ImageObject\",\"inLanguage\":\"es\",\"@id\":\"https:\/\/lobosnews.com.ar\/#\/schema\/logo\/image\/\",\"url\":\"https:\/\/lobosnews.com.ar\/wp-content\/uploads\/2026\/01\/logo-lobosnews.png\",\"contentUrl\":\"https:\/\/lobosnews.com.ar\/wp-content\/uploads\/2026\/01\/logo-lobosnews.png\",\"width\":500,\"height\":200,\"caption\":\"Lobos News\"},\"image\":{\"@id\":\"https:\/\/lobosnews.com.ar\/#\/schema\/logo\/image\/\"}},{\"@type\":\"Person\",\"@id\":\"https:\/\/lobosnews.com.ar\/#\/schema\/person\/232422a593d5c541dd9aef6aaed10943\",\"name\":\"admin\",\"image\":{\"@type\":\"ImageObject\",\"inLanguage\":\"es\",\"@id\":\"https:\/\/lobosnews.com.ar\/#\/schema\/person\/image\/\",\"url\":\"https:\/\/secure.gravatar.com\/avatar\/76e419471a2083bc3ceab22a763dbbf9b0c1bd15a6214cf3280e2c2dde4580f9?s=96&d=mm&r=g\",\"contentUrl\":\"https:\/\/secure.gravatar.com\/avatar\/76e419471a2083bc3ceab22a763dbbf9b0c1bd15a6214cf3280e2c2dde4580f9?s=96&d=mm&r=g\",\"caption\":\"admin\"},\"sameAs\":[\"https:\/\/lobosnews.com.ar\"],\"url\":\"https:\/\/lobosnews.com.ar\/index.php\/author\/lobos-news\/\"}]}<\/script>\n<!-- \/ Yoast SEO plugin. -->","yoast_head_json":{"title":"Morena Mi\u00f1o habla de su maternidad y su vida como influencer: \u201cQuise darle a mi beb\u00e9 la familia que yo no tuve\u201d - Lobos News","robots":{"index":"index","follow":"follow","max-snippet":"max-snippet:-1","max-image-preview":"max-image-preview:large","max-video-preview":"max-video-preview:-1"},"canonical":"https:\/\/lobosnews.com.ar\/index.php\/2026\/01\/17\/morena-mino-habla-de-su-maternidad-y-su-vida-como-influencer-quise-darle-a-mi-bebe-la-familia-que-yo-no-tuve\/","og_locale":"es_ES","og_type":"article","og_title":"Morena Mi\u00f1o habla de su maternidad y su vida como influencer: \u201cQuise darle a mi beb\u00e9 la familia que yo no tuve\u201d - Lobos News","og_description":"Morena Mi\u00f1o no plane\u00f3 ser influencer. Tampoco so\u00f1aba con millones de seguidores, campa\u00f1as, ni contratos. Durante a\u00f1os, su mayor angustia era no saber qu\u00e9 iba a hacer con su vida. \u201cNo nac\u00ed para estudiar, no me da el cerebro\u201d, repet\u00eda entre l\u00e1grimas cada vez que hablaba con su pap\u00e1. Termin\u00f3 el colegio con una sensaci\u00f3n...","og_url":"https:\/\/lobosnews.com.ar\/index.php\/2026\/01\/17\/morena-mino-habla-de-su-maternidad-y-su-vida-como-influencer-quise-darle-a-mi-bebe-la-familia-que-yo-no-tuve\/","og_site_name":"Lobos News","article_published_time":"2026-01-17T05:00:00+00:00","article_modified_time":"2026-01-17T10:41:00+00:00","og_image":[{"url":"https:\/\/lobosnews.com.ar\/wp-content\/uploads\/2026\/01\/morena-mino-habla-de-su-maternidad-y-su-vida-como-influencer-quise-darle-a-mi-bebe-la-familia-que-yo-no-tuve.jpg","type":"","width":"","height":""}],"author":"admin","twitter_card":"summary_large_image","twitter_misc":{"Escrito por":"admin","Tiempo de lectura":"4 minutos"},"schema":{"@context":"https:\/\/schema.org","@graph":[{"@type":"Article","@id":"https:\/\/lobosnews.com.ar\/index.php\/2026\/01\/17\/morena-mino-habla-de-su-maternidad-y-su-vida-como-influencer-quise-darle-a-mi-bebe-la-familia-que-yo-no-tuve\/#article","isPartOf":{"@id":"https:\/\/lobosnews.com.ar\/index.php\/2026\/01\/17\/morena-mino-habla-de-su-maternidad-y-su-vida-como-influencer-quise-darle-a-mi-bebe-la-familia-que-yo-no-tuve\/"},"author":{"name":"admin","@id":"https:\/\/lobosnews.com.ar\/#\/schema\/person\/232422a593d5c541dd9aef6aaed10943"},"headline":"Morena Mi\u00f1o habla de su maternidad y su vida como influencer: \u201cQuise darle a mi beb\u00e9 la familia que yo no tuve\u201d","datePublished":"2026-01-17T05:00:00+00:00","dateModified":"2026-01-17T10:41:00+00:00","mainEntityOfPage":{"@id":"https:\/\/lobosnews.com.ar\/index.php\/2026\/01\/17\/morena-mino-habla-de-su-maternidad-y-su-vida-como-influencer-quise-darle-a-mi-bebe-la-familia-que-yo-no-tuve\/"},"wordCount":849,"commentCount":0,"publisher":{"@id":"https:\/\/lobosnews.com.ar\/#organization"},"image":{"@id":"https:\/\/lobosnews.com.ar\/index.php\/2026\/01\/17\/morena-mino-habla-de-su-maternidad-y-su-vida-como-influencer-quise-darle-a-mi-bebe-la-familia-que-yo-no-tuve\/#primaryimage"},"thumbnailUrl":"https:\/\/lobosnews.com.ar\/wp-content\/uploads\/2026\/01\/morena-mino-habla-de-su-maternidad-y-su-vida-como-influencer-quise-darle-a-mi-bebe-la-familia-que-yo-no-tuve-4-scaled.jpg","articleSection":["Cine y Series"],"inLanguage":"es","potentialAction":[{"@type":"CommentAction","name":"Comment","target":["https:\/\/lobosnews.com.ar\/index.php\/2026\/01\/17\/morena-mino-habla-de-su-maternidad-y-su-vida-como-influencer-quise-darle-a-mi-bebe-la-familia-que-yo-no-tuve\/#respond"]}]},{"@type":"WebPage","@id":"https:\/\/lobosnews.com.ar\/index.php\/2026\/01\/17\/morena-mino-habla-de-su-maternidad-y-su-vida-como-influencer-quise-darle-a-mi-bebe-la-familia-que-yo-no-tuve\/","url":"https:\/\/lobosnews.com.ar\/index.php\/2026\/01\/17\/morena-mino-habla-de-su-maternidad-y-su-vida-como-influencer-quise-darle-a-mi-bebe-la-familia-que-yo-no-tuve\/","name":"Morena Mi\u00f1o habla de su maternidad y su vida como influencer: \u201cQuise darle a mi beb\u00e9 la familia que yo no tuve\u201d - Lobos News","isPartOf":{"@id":"https:\/\/lobosnews.com.ar\/#website"},"primaryImageOfPage":{"@id":"https:\/\/lobosnews.com.ar\/index.php\/2026\/01\/17\/morena-mino-habla-de-su-maternidad-y-su-vida-como-influencer-quise-darle-a-mi-bebe-la-familia-que-yo-no-tuve\/#primaryimage"},"image":{"@id":"https:\/\/lobosnews.com.ar\/index.php\/2026\/01\/17\/morena-mino-habla-de-su-maternidad-y-su-vida-como-influencer-quise-darle-a-mi-bebe-la-familia-que-yo-no-tuve\/#primaryimage"},"thumbnailUrl":"https:\/\/lobosnews.com.ar\/wp-content\/uploads\/2026\/01\/morena-mino-habla-de-su-maternidad-y-su-vida-como-influencer-quise-darle-a-mi-bebe-la-familia-que-yo-no-tuve-4-scaled.jpg","datePublished":"2026-01-17T05:00:00+00:00","dateModified":"2026-01-17T10:41:00+00:00","breadcrumb":{"@id":"https:\/\/lobosnews.com.ar\/index.php\/2026\/01\/17\/morena-mino-habla-de-su-maternidad-y-su-vida-como-influencer-quise-darle-a-mi-bebe-la-familia-que-yo-no-tuve\/#breadcrumb"},"inLanguage":"es","potentialAction":[{"@type":"ReadAction","target":["https:\/\/lobosnews.com.ar\/index.php\/2026\/01\/17\/morena-mino-habla-de-su-maternidad-y-su-vida-como-influencer-quise-darle-a-mi-bebe-la-familia-que-yo-no-tuve\/"]}]},{"@type":"ImageObject","inLanguage":"es","@id":"https:\/\/lobosnews.com.ar\/index.php\/2026\/01\/17\/morena-mino-habla-de-su-maternidad-y-su-vida-como-influencer-quise-darle-a-mi-bebe-la-familia-que-yo-no-tuve\/#primaryimage","url":"https:\/\/lobosnews.com.ar\/wp-content\/uploads\/2026\/01\/morena-mino-habla-de-su-maternidad-y-su-vida-como-influencer-quise-darle-a-mi-bebe-la-familia-que-yo-no-tuve-4-scaled.jpg","contentUrl":"https:\/\/lobosnews.com.ar\/wp-content\/uploads\/2026\/01\/morena-mino-habla-de-su-maternidad-y-su-vida-como-influencer-quise-darle-a-mi-bebe-la-familia-que-yo-no-tuve-4-scaled.jpg","width":2560,"height":1706,"caption":"Morena Mi\u00f1o habla de su maternidad y su vida como influencer: \u201cQuise darle a mi beb\u00e9 la familia que yo no tuve\u201d"},{"@type":"BreadcrumbList","@id":"https:\/\/lobosnews.com.ar\/index.php\/2026\/01\/17\/morena-mino-habla-de-su-maternidad-y-su-vida-como-influencer-quise-darle-a-mi-bebe-la-familia-que-yo-no-tuve\/#breadcrumb","itemListElement":[{"@type":"ListItem","position":1,"name":"Portada","item":"https:\/\/lobosnews.com.ar\/"},{"@type":"ListItem","position":2,"name":"Morena Mi\u00f1o habla de su maternidad y su vida como influencer: \u201cQuise darle a mi beb\u00e9 la familia que yo no tuve\u201d"}]},{"@type":"WebSite","@id":"https:\/\/lobosnews.com.ar\/#website","url":"https:\/\/lobosnews.com.ar\/","name":"Lobos News","description":"Informaci\u00f3n a cada instante","publisher":{"@id":"https:\/\/lobosnews.com.ar\/#organization"},"potentialAction":[{"@type":"SearchAction","target":{"@type":"EntryPoint","urlTemplate":"https:\/\/lobosnews.com.ar\/?s={search_term_string}"},"query-input":{"@type":"PropertyValueSpecification","valueRequired":true,"valueName":"search_term_string"}}],"inLanguage":"es"},{"@type":"Organization","@id":"https:\/\/lobosnews.com.ar\/#organization","name":"Lobos News","url":"https:\/\/lobosnews.com.ar\/","logo":{"@type":"ImageObject","inLanguage":"es","@id":"https:\/\/lobosnews.com.ar\/#\/schema\/logo\/image\/","url":"https:\/\/lobosnews.com.ar\/wp-content\/uploads\/2026\/01\/logo-lobosnews.png","contentUrl":"https:\/\/lobosnews.com.ar\/wp-content\/uploads\/2026\/01\/logo-lobosnews.png","width":500,"height":200,"caption":"Lobos News"},"image":{"@id":"https:\/\/lobosnews.com.ar\/#\/schema\/logo\/image\/"}},{"@type":"Person","@id":"https:\/\/lobosnews.com.ar\/#\/schema\/person\/232422a593d5c541dd9aef6aaed10943","name":"admin","image":{"@type":"ImageObject","inLanguage":"es","@id":"https:\/\/lobosnews.com.ar\/#\/schema\/person\/image\/","url":"https:\/\/secure.gravatar.com\/avatar\/76e419471a2083bc3ceab22a763dbbf9b0c1bd15a6214cf3280e2c2dde4580f9?s=96&d=mm&r=g","contentUrl":"https:\/\/secure.gravatar.com\/avatar\/76e419471a2083bc3ceab22a763dbbf9b0c1bd15a6214cf3280e2c2dde4580f9?s=96&d=mm&r=g","caption":"admin"},"sameAs":["https:\/\/lobosnews.com.ar"],"url":"https:\/\/lobosnews.com.ar\/index.php\/author\/lobos-news\/"}]}},"jetpack_featured_media_url":"https:\/\/lobosnews.com.ar\/wp-content\/uploads\/2026\/01\/morena-mino-habla-de-su-maternidad-y-su-vida-como-influencer-quise-darle-a-mi-bebe-la-familia-que-yo-no-tuve-4-scaled.jpg","jetpack_sharing_enabled":true,"_links":{"self":[{"href":"https:\/\/lobosnews.com.ar\/index.php\/wp-json\/wp\/v2\/posts\/7735","targetHints":{"allow":["GET"]}}],"collection":[{"href":"https:\/\/lobosnews.com.ar\/index.php\/wp-json\/wp\/v2\/posts"}],"about":[{"href":"https:\/\/lobosnews.com.ar\/index.php\/wp-json\/wp\/v2\/types\/post"}],"author":[{"embeddable":true,"href":"https:\/\/lobosnews.com.ar\/index.php\/wp-json\/wp\/v2\/users\/1"}],"replies":[{"embeddable":true,"href":"https:\/\/lobosnews.com.ar\/index.php\/wp-json\/wp\/v2\/comments?post=7735"}],"version-history":[{"count":1,"href":"https:\/\/lobosnews.com.ar\/index.php\/wp-json\/wp\/v2\/posts\/7735\/revisions"}],"predecessor-version":[{"id":7739,"href":"https:\/\/lobosnews.com.ar\/index.php\/wp-json\/wp\/v2\/posts\/7735\/revisions\/7739"}],"wp:featuredmedia":[{"embeddable":true,"href":"https:\/\/lobosnews.com.ar\/index.php\/wp-json\/wp\/v2\/media\/7740"}],"wp:attachment":[{"href":"https:\/\/lobosnews.com.ar\/index.php\/wp-json\/wp\/v2\/media?parent=7735"}],"wp:term":[{"taxonomy":"category","embeddable":true,"href":"https:\/\/lobosnews.com.ar\/index.php\/wp-json\/wp\/v2\/categories?post=7735"},{"taxonomy":"post_tag","embeddable":true,"href":"https:\/\/lobosnews.com.ar\/index.php\/wp-json\/wp\/v2\/tags?post=7735"}],"curies":[{"name":"wp","href":"https:\/\/api.w.org\/{rel}","templated":true}]}}