{"id":7703,"date":"2026-01-17T03:19:42","date_gmt":"2026-01-17T03:19:42","guid":{"rendered":"https:\/\/lobosnews.com.ar\/index.php\/2026\/01\/17\/sebastian-baez-cayo-en-la-final-del-atp-de-auckland-y-se-quedo-con-las-ganas-de-coronar-con-un-titulo-su-gran-arranque-de-ano\/"},"modified":"2026-01-17T09:27:17","modified_gmt":"2026-01-17T09:27:17","slug":"sebastian-baez-cayo-en-la-final-del-atp-de-auckland-y-se-quedo-con-las-ganas-de-coronar-con-un-titulo-su-gran-arranque-de-ano","status":"publish","type":"post","link":"https:\/\/lobosnews.com.ar\/index.php\/2026\/01\/17\/sebastian-baez-cayo-en-la-final-del-atp-de-auckland-y-se-quedo-con-las-ganas-de-coronar-con-un-titulo-su-gran-arranque-de-ano\/","title":{"rendered":"Sebasti\u00e1n B\u00e1ez cay\u00f3 en la final del ATP de Auckland y se qued\u00f3 con las ganas de coronar con un t\u00edtulo su gran arranque de a\u00f1o"},"content":{"rendered":"<p><img loading=\"lazy\" decoding=\"async\" src=\"https:\/\/lobosnews.com.ar\/wp-content\/uploads\/2026\/01\/sebastian-baez-cayo-en-la-final-del-atp-de-auckland-y-se-quedo-con-las-ganas-de-coronar-con-un-titulo-su-gran-arranque-de-ano.jpg\" alt=\"Sebasti\u00e1n B\u00e1ez dej\u00f3 una imagen de entrega total en la cancha central, coronando una semana de alto nivel que lo llev\u00f3 hasta la definici\u00f3n en Nueva Zelanda\n(Cr\u00e9dito: Michael Bradley \/ AFP)\" height=\"4579\" width=\"6865\"\/><\/p>\n<p><b>Sebasti\u00e1n B\u00e1ez<\/b> se qued\u00f3 a las puertas del t\u00edtulo en el <b>ATP 250 de Auckland<\/b> al caer en la final ante el checo <b>Jakub Mensik<\/b> por 6-3 y 7-6 (7). Pese a la derrota, el argentino cerr\u00f3 una semana de alto nivel en <b>Nueva Zelanda<\/b>, con su duod\u00e9cima definici\u00f3n en el circuito <b>ATP<\/b>, a pocos d\u00edas del inicio del primer <b>Grand Slam<\/b> de la temporada, el <b>Australian Open<\/b>.<\/p>\n<p>En la previa a la final, los jugadores presenciaron sobre la cancha central el tradicional haka maor\u00ed, una danza ceremonial de Nueva Zelanda. Con el partido en marcha, <b>Mensik (18\u00b0)<\/b> fue quien marc\u00f3 el ritmo de la competencia, exhibiendo un nivel superlativo a lo largo del juego. El checo golpe\u00f3 primero en el sexto game, se adue\u00f1\u00f3 del servicio de su rival y tom\u00f3 ventaja en el marcador para cerrar el set por <b>6-3<\/b>.<\/p>\n<p>En el segundo parcial, ambos jugadores se mantuvieron parejos hasta el und\u00e9cimo juego, cuando <b>B\u00e1ez<\/b> pag\u00f3 caro dos dobles faltas. A pesar de ello, el bonaerense sigui\u00f3 luchando y logr\u00f3 llevar la definici\u00f3n al tie-break. El argentino dispuso de tres puntos para igualar el partido, pero <b>Mensik<\/b> logr\u00f3 salir de esa situaci\u00f3n con tiros ganadores y termin\u00f3 consagr\u00e1ndose campe\u00f3n por <b>7-6(7)<\/b>.<\/p>\n<p>Para el checo signific\u00f3 su segunda consagraci\u00f3n a nivel ATP: la primera hab\u00eda sido la temporada pasada en el Masters 1000 de Miami, donde venci\u00f3 en la final al serbio <b>Novak Djokovic (4\u00b0)<\/b>.<\/p>\n<p>En el momento de la premiaci\u00f3n, <b>B\u00e1ez<\/b> tuvo palabras de agradecimiento: \u201cDisfrut\u00e9 la semana. Gracias por todo el apoyo de mi equipo, que est\u00e1 siempre en las buenas y en las malas, que en los \u00faltimos a\u00f1os han sido complicados para m\u00ed\u201d, en alusi\u00f3n a los problemas f\u00edsicos que atraves\u00f3.<\/p>\n<p><b>B\u00e1ez, <\/b>ubicado en el puesto 39 del ranking mundial, acumul\u00f3 en <b>Ocean\u00eda<\/b> una racha positiva de siete triunfos consecutivos en el arranque de 2026 y volvi\u00f3 a exhibir un nivel competitivo que lo proyecta como un rival inc\u00f3modo para cualquiera en superficies lentas y, a la luz de lo demostrado en estos d\u00edas, tambi\u00e9n en canchas r\u00e1pidas.<\/p>\n<p>Su recorrido por la gira australiana hab\u00eda comenzado en la <b>United Cup<\/b>, donde encontr\u00f3 mucho m\u00e1s que un simple torneo de preparaci\u00f3n. Aquella competencia, pensada inicialmente como una puesta a punto, termin\u00f3 funcionando como un verdadero impulso an\u00edmico y ten\u00edstico. <\/p>\n<p>All\u00ed firm\u00f3 la mejor victoria de su carrera al imponerse en tres sets al estadounidense <b>Taylor Fritz<\/b> (6\u00b0) y tambi\u00e9n super\u00f3 al espa\u00f1ol <b>Jaume Munar<\/b> (38\u00b0) y al suizo <b>Stanislas Wawrinka<\/b> (139\u00b0), resultados que consolidaron su confianza y su crecimiento en el inicio de la temporada.<\/p>\n<p><img loading=\"lazy\" decoding=\"async\" src=\"https:\/\/lobosnews.com.ar\/wp-content\/uploads\/2026\/01\/sebastian-baez-cayo-en-la-final-del-atp-de-auckland-y-se-quedo-con-las-ganas-de-coronar-con-un-titulo-su-gran-arranque-de-ano-1.jpg\" alt=\"Sebasti\u00e1n B\u00e1ez en plena acci\u00f3n durante la final del ATP 250 de Auckland, donde protagoniz\u00f3 una intensa batalla ante Jakub Mensik (Cr\u00e9dito: Michael Bradley \/ AFP)\" height=\"4002\" width=\"6000\"\/><\/p>\n<p>El camino del bonaerense hacia la final en <b>Auckland<\/b> comenz\u00f3 con un triunfo frente al estadounidense <b>Emilio Nava<\/b> (88\u00b0), proveniente de la qualy. Luego elimin\u00f3 en los octavos de final al californiano <b>Jenson Brooksby<\/b> (48\u00b0). <\/p>\n<p>En cuartos, volvi\u00f3 a dar un golpe al derrotar al estadounidense <b>Ben Shelton<\/b>, n\u00famero ocho del ranking ATP. En semifinales fue pura solidez ante otro estadounidense, <b>Marcos Giron<\/b> (60\u00b0), y en el partido decisivo cay\u00f3 frente a <b>Mensik<\/b>.<\/p>\n<p>En el certamen neozeland\u00e9s, <b>Juan Mart\u00edn Del Potro<\/b> se proclam\u00f3 campe\u00f3n en 2009. Adem\u00e1s, el tandilense alcanz\u00f3 la final en 2018, al igual que <b>David Nalbandian<\/b> en 2011. Entre los sudamericanos que tambi\u00e9n conquistaron el certamen figuran el peruano <b>Jaime Yzaga<\/b> (1992), el chileno <b>Marcelo R\u00edos<\/b> (1998), el brasile\u00f1o <b>Gustavo Kuerten<\/b> (2003) y el trasandino <b>Fernando Gonz\u00e1lez<\/b> (2005).<\/p>\n","protected":false},"excerpt":{"rendered":"<p>Sebasti\u00e1n B\u00e1ez se qued\u00f3 a las puertas del t\u00edtulo en el ATP 250 de Auckland al caer en la final ante el checo Jakub Mensik por 6-3 y 7-6 (7). Pese a la derrota, el argentino cerr\u00f3 una semana de alto nivel en Nueva Zelanda, con su duod\u00e9cima definici\u00f3n en el circuito ATP, a pocos&#8230;<\/p>\n","protected":false},"author":1,"featured_media":0,"comment_status":"open","ping_status":"closed","sticky":false,"template":"","format":"standard","meta":{"_jetpack_memberships_contains_paid_content":false,"footnotes":""},"categories":[30],"tags":[39],"class_list":["post-7703","post","type-post","status-publish","format-standard","hentry","category-argentina","tag-deportes"],"magazineBlocksPostFeaturedMedia":{"thumbnail":false,"medium":false,"medium_large":false,"large":false,"1536x1536":false,"2048x2048":false,"newsmatic-featured":false,"newsmatic-list":false,"newsmatic-thumb":false,"newsmatic-small":false,"newsmatic-grid":false},"magazineBlocksPostAuthor":{"name":"admin","avatar":"https:\/\/secure.gravatar.com\/avatar\/76e419471a2083bc3ceab22a763dbbf9b0c1bd15a6214cf3280e2c2dde4580f9?s=96&d=mm&r=g"},"magazineBlocksPostCommentsNumber":"0","magazineBlocksPostExcerpt":"Sebasti\u00e1n B\u00e1ez se qued\u00f3 a las puertas del t\u00edtulo en el ATP 250 de Auckland al caer en la final ante el checo Jakub Mensik por 6-3 y 7-6 (7). Pese a la derrota, el argentino cerr\u00f3 una semana de alto nivel en Nueva Zelanda, con su duod\u00e9cima definici\u00f3n en el circuito ATP, a pocos...","magazineBlocksPostCategories":["Argentina"],"magazineBlocksPostViewCount":145,"magazineBlocksPostReadTime":3,"magazine_blocks_featured_image_url":{"full":false,"medium":false,"thumbnail":false},"magazine_blocks_author":{"display_name":"admin","author_link":"https:\/\/lobosnews.com.ar\/index.php\/author\/lobos-news\/"},"magazine_blocks_comment":0,"magazine_blocks_author_image":"https:\/\/secure.gravatar.com\/avatar\/76e419471a2083bc3ceab22a763dbbf9b0c1bd15a6214cf3280e2c2dde4580f9?s=96&d=mm&r=g","magazine_blocks_category":"<a href=\"#\" class=\"category-link category-link-30\">Argentina<\/a>","yoast_head":"<!-- This site is optimized with the Yoast SEO plugin v26.6 - https:\/\/yoast.com\/wordpress\/plugins\/seo\/ -->\n<title>Sebasti\u00e1n B\u00e1ez cay\u00f3 en la final del ATP de Auckland y se qued\u00f3 con las ganas de coronar con un t\u00edtulo su gran arranque de a\u00f1o - Lobos News<\/title>\n<meta name=\"robots\" content=\"index, follow, max-snippet:-1, max-image-preview:large, max-video-preview:-1\" \/>\n<link rel=\"canonical\" href=\"https:\/\/lobosnews.com.ar\/index.php\/2026\/01\/17\/sebastian-baez-cayo-en-la-final-del-atp-de-auckland-y-se-quedo-con-las-ganas-de-coronar-con-un-titulo-su-gran-arranque-de-ano\/\" \/>\n<meta property=\"og:locale\" content=\"es_ES\" \/>\n<meta property=\"og:type\" content=\"article\" \/>\n<meta property=\"og:title\" content=\"Sebasti\u00e1n B\u00e1ez cay\u00f3 en la final del ATP de Auckland y se qued\u00f3 con las ganas de coronar con un t\u00edtulo su gran arranque de a\u00f1o - Lobos News\" \/>\n<meta property=\"og:description\" content=\"Sebasti\u00e1n B\u00e1ez se qued\u00f3 a las puertas del t\u00edtulo en el ATP 250 de Auckland al caer en la final ante el checo Jakub Mensik por 6-3 y 7-6 (7). Pese a la derrota, el argentino cerr\u00f3 una semana de alto nivel en Nueva Zelanda, con su duod\u00e9cima definici\u00f3n en el circuito ATP, a pocos...\" \/>\n<meta property=\"og:url\" content=\"https:\/\/lobosnews.com.ar\/index.php\/2026\/01\/17\/sebastian-baez-cayo-en-la-final-del-atp-de-auckland-y-se-quedo-con-las-ganas-de-coronar-con-un-titulo-su-gran-arranque-de-ano\/\" \/>\n<meta property=\"og:site_name\" content=\"Lobos News\" \/>\n<meta property=\"article:published_time\" content=\"2026-01-17T03:19:42+00:00\" \/>\n<meta property=\"article:modified_time\" content=\"2026-01-17T09:27:17+00:00\" \/>\n<meta property=\"og:image\" content=\"https:\/\/lobosnews.com.ar\/wp-content\/uploads\/2026\/01\/sebastian-baez-cayo-en-la-final-del-atp-de-auckland-y-se-quedo-con-las-ganas-de-coronar-con-un-titulo-su-gran-arranque-de-ano.jpg\" \/>\n<meta name=\"author\" content=\"admin\" \/>\n<meta name=\"twitter:card\" content=\"summary_large_image\" \/>\n<meta name=\"twitter:label1\" content=\"Escrito por\" \/>\n\t<meta name=\"twitter:data1\" content=\"admin\" \/>\n\t<meta name=\"twitter:label2\" content=\"Tiempo de lectura\" \/>\n\t<meta name=\"twitter:data2\" content=\"3 minutos\" \/>\n<script type=\"application\/ld+json\" class=\"yoast-schema-graph\">{\"@context\":\"https:\/\/schema.org\",\"@graph\":[{\"@type\":\"Article\",\"@id\":\"https:\/\/lobosnews.com.ar\/index.php\/2026\/01\/17\/sebastian-baez-cayo-en-la-final-del-atp-de-auckland-y-se-quedo-con-las-ganas-de-coronar-con-un-titulo-su-gran-arranque-de-ano\/#article\",\"isPartOf\":{\"@id\":\"https:\/\/lobosnews.com.ar\/index.php\/2026\/01\/17\/sebastian-baez-cayo-en-la-final-del-atp-de-auckland-y-se-quedo-con-las-ganas-de-coronar-con-un-titulo-su-gran-arranque-de-ano\/\"},\"author\":{\"name\":\"admin\",\"@id\":\"https:\/\/lobosnews.com.ar\/#\/schema\/person\/232422a593d5c541dd9aef6aaed10943\"},\"headline\":\"Sebasti\u00e1n B\u00e1ez cay\u00f3 en la final del ATP de Auckland y se qued\u00f3 con las ganas de coronar con un t\u00edtulo su gran arranque de a\u00f1o\",\"datePublished\":\"2026-01-17T03:19:42+00:00\",\"dateModified\":\"2026-01-17T09:27:17+00:00\",\"mainEntityOfPage\":{\"@id\":\"https:\/\/lobosnews.com.ar\/index.php\/2026\/01\/17\/sebastian-baez-cayo-en-la-final-del-atp-de-auckland-y-se-quedo-con-las-ganas-de-coronar-con-un-titulo-su-gran-arranque-de-ano\/\"},\"wordCount\":611,\"commentCount\":0,\"publisher\":{\"@id\":\"https:\/\/lobosnews.com.ar\/#organization\"},\"image\":{\"@id\":\"https:\/\/lobosnews.com.ar\/index.php\/2026\/01\/17\/sebastian-baez-cayo-en-la-final-del-atp-de-auckland-y-se-quedo-con-las-ganas-de-coronar-con-un-titulo-su-gran-arranque-de-ano\/#primaryimage\"},\"thumbnailUrl\":\"https:\/\/lobosnews.com.ar\/wp-content\/uploads\/2026\/01\/sebastian-baez-cayo-en-la-final-del-atp-de-auckland-y-se-quedo-con-las-ganas-de-coronar-con-un-titulo-su-gran-arranque-de-ano.jpg\",\"keywords\":[\"Deportes\"],\"articleSection\":[\"Argentina\"],\"inLanguage\":\"es\",\"potentialAction\":[{\"@type\":\"CommentAction\",\"name\":\"Comment\",\"target\":[\"https:\/\/lobosnews.com.ar\/index.php\/2026\/01\/17\/sebastian-baez-cayo-en-la-final-del-atp-de-auckland-y-se-quedo-con-las-ganas-de-coronar-con-un-titulo-su-gran-arranque-de-ano\/#respond\"]}]},{\"@type\":\"WebPage\",\"@id\":\"https:\/\/lobosnews.com.ar\/index.php\/2026\/01\/17\/sebastian-baez-cayo-en-la-final-del-atp-de-auckland-y-se-quedo-con-las-ganas-de-coronar-con-un-titulo-su-gran-arranque-de-ano\/\",\"url\":\"https:\/\/lobosnews.com.ar\/index.php\/2026\/01\/17\/sebastian-baez-cayo-en-la-final-del-atp-de-auckland-y-se-quedo-con-las-ganas-de-coronar-con-un-titulo-su-gran-arranque-de-ano\/\",\"name\":\"Sebasti\u00e1n B\u00e1ez cay\u00f3 en la final del ATP de Auckland y se qued\u00f3 con las ganas de coronar con un t\u00edtulo su gran arranque de a\u00f1o - Lobos News\",\"isPartOf\":{\"@id\":\"https:\/\/lobosnews.com.ar\/#website\"},\"primaryImageOfPage\":{\"@id\":\"https:\/\/lobosnews.com.ar\/index.php\/2026\/01\/17\/sebastian-baez-cayo-en-la-final-del-atp-de-auckland-y-se-quedo-con-las-ganas-de-coronar-con-un-titulo-su-gran-arranque-de-ano\/#primaryimage\"},\"image\":{\"@id\":\"https:\/\/lobosnews.com.ar\/index.php\/2026\/01\/17\/sebastian-baez-cayo-en-la-final-del-atp-de-auckland-y-se-quedo-con-las-ganas-de-coronar-con-un-titulo-su-gran-arranque-de-ano\/#primaryimage\"},\"thumbnailUrl\":\"https:\/\/lobosnews.com.ar\/wp-content\/uploads\/2026\/01\/sebastian-baez-cayo-en-la-final-del-atp-de-auckland-y-se-quedo-con-las-ganas-de-coronar-con-un-titulo-su-gran-arranque-de-ano.jpg\",\"datePublished\":\"2026-01-17T03:19:42+00:00\",\"dateModified\":\"2026-01-17T09:27:17+00:00\",\"breadcrumb\":{\"@id\":\"https:\/\/lobosnews.com.ar\/index.php\/2026\/01\/17\/sebastian-baez-cayo-en-la-final-del-atp-de-auckland-y-se-quedo-con-las-ganas-de-coronar-con-un-titulo-su-gran-arranque-de-ano\/#breadcrumb\"},\"inLanguage\":\"es\",\"potentialAction\":[{\"@type\":\"ReadAction\",\"target\":[\"https:\/\/lobosnews.com.ar\/index.php\/2026\/01\/17\/sebastian-baez-cayo-en-la-final-del-atp-de-auckland-y-se-quedo-con-las-ganas-de-coronar-con-un-titulo-su-gran-arranque-de-ano\/\"]}]},{\"@type\":\"ImageObject\",\"inLanguage\":\"es\",\"@id\":\"https:\/\/lobosnews.com.ar\/index.php\/2026\/01\/17\/sebastian-baez-cayo-en-la-final-del-atp-de-auckland-y-se-quedo-con-las-ganas-de-coronar-con-un-titulo-su-gran-arranque-de-ano\/#primaryimage\",\"url\":\"https:\/\/lobosnews.com.ar\/wp-content\/uploads\/2026\/01\/sebastian-baez-cayo-en-la-final-del-atp-de-auckland-y-se-quedo-con-las-ganas-de-coronar-con-un-titulo-su-gran-arranque-de-ano.jpg\",\"contentUrl\":\"https:\/\/lobosnews.com.ar\/wp-content\/uploads\/2026\/01\/sebastian-baez-cayo-en-la-final-del-atp-de-auckland-y-se-quedo-con-las-ganas-de-coronar-con-un-titulo-su-gran-arranque-de-ano.jpg\"},{\"@type\":\"BreadcrumbList\",\"@id\":\"https:\/\/lobosnews.com.ar\/index.php\/2026\/01\/17\/sebastian-baez-cayo-en-la-final-del-atp-de-auckland-y-se-quedo-con-las-ganas-de-coronar-con-un-titulo-su-gran-arranque-de-ano\/#breadcrumb\",\"itemListElement\":[{\"@type\":\"ListItem\",\"position\":1,\"name\":\"Portada\",\"item\":\"https:\/\/lobosnews.com.ar\/\"},{\"@type\":\"ListItem\",\"position\":2,\"name\":\"Sebasti\u00e1n B\u00e1ez cay\u00f3 en la final del ATP de Auckland y se qued\u00f3 con las ganas de coronar con un t\u00edtulo su gran arranque de a\u00f1o\"}]},{\"@type\":\"WebSite\",\"@id\":\"https:\/\/lobosnews.com.ar\/#website\",\"url\":\"https:\/\/lobosnews.com.ar\/\",\"name\":\"Lobos News\",\"description\":\"Informaci\u00f3n a cada instante\",\"publisher\":{\"@id\":\"https:\/\/lobosnews.com.ar\/#organization\"},\"potentialAction\":[{\"@type\":\"SearchAction\",\"target\":{\"@type\":\"EntryPoint\",\"urlTemplate\":\"https:\/\/lobosnews.com.ar\/?s={search_term_string}\"},\"query-input\":{\"@type\":\"PropertyValueSpecification\",\"valueRequired\":true,\"valueName\":\"search_term_string\"}}],\"inLanguage\":\"es\"},{\"@type\":\"Organization\",\"@id\":\"https:\/\/lobosnews.com.ar\/#organization\",\"name\":\"Lobos News\",\"url\":\"https:\/\/lobosnews.com.ar\/\",\"logo\":{\"@type\":\"ImageObject\",\"inLanguage\":\"es\",\"@id\":\"https:\/\/lobosnews.com.ar\/#\/schema\/logo\/image\/\",\"url\":\"https:\/\/lobosnews.com.ar\/wp-content\/uploads\/2026\/01\/logo-lobosnews.png\",\"contentUrl\":\"https:\/\/lobosnews.com.ar\/wp-content\/uploads\/2026\/01\/logo-lobosnews.png\",\"width\":500,\"height\":200,\"caption\":\"Lobos News\"},\"image\":{\"@id\":\"https:\/\/lobosnews.com.ar\/#\/schema\/logo\/image\/\"}},{\"@type\":\"Person\",\"@id\":\"https:\/\/lobosnews.com.ar\/#\/schema\/person\/232422a593d5c541dd9aef6aaed10943\",\"name\":\"admin\",\"image\":{\"@type\":\"ImageObject\",\"inLanguage\":\"es\",\"@id\":\"https:\/\/lobosnews.com.ar\/#\/schema\/person\/image\/\",\"url\":\"https:\/\/secure.gravatar.com\/avatar\/76e419471a2083bc3ceab22a763dbbf9b0c1bd15a6214cf3280e2c2dde4580f9?s=96&d=mm&r=g\",\"contentUrl\":\"https:\/\/secure.gravatar.com\/avatar\/76e419471a2083bc3ceab22a763dbbf9b0c1bd15a6214cf3280e2c2dde4580f9?s=96&d=mm&r=g\",\"caption\":\"admin\"},\"sameAs\":[\"https:\/\/lobosnews.com.ar\"],\"url\":\"https:\/\/lobosnews.com.ar\/index.php\/author\/lobos-news\/\"}]}<\/script>\n<!-- \/ Yoast SEO plugin. -->","yoast_head_json":{"title":"Sebasti\u00e1n B\u00e1ez cay\u00f3 en la final del ATP de Auckland y se qued\u00f3 con las ganas de coronar con un t\u00edtulo su gran arranque de a\u00f1o - Lobos News","robots":{"index":"index","follow":"follow","max-snippet":"max-snippet:-1","max-image-preview":"max-image-preview:large","max-video-preview":"max-video-preview:-1"},"canonical":"https:\/\/lobosnews.com.ar\/index.php\/2026\/01\/17\/sebastian-baez-cayo-en-la-final-del-atp-de-auckland-y-se-quedo-con-las-ganas-de-coronar-con-un-titulo-su-gran-arranque-de-ano\/","og_locale":"es_ES","og_type":"article","og_title":"Sebasti\u00e1n B\u00e1ez cay\u00f3 en la final del ATP de Auckland y se qued\u00f3 con las ganas de coronar con un t\u00edtulo su gran arranque de a\u00f1o - Lobos News","og_description":"Sebasti\u00e1n B\u00e1ez se qued\u00f3 a las puertas del t\u00edtulo en el ATP 250 de Auckland al caer en la final ante el checo Jakub Mensik por 6-3 y 7-6 (7). Pese a la derrota, el argentino cerr\u00f3 una semana de alto nivel en Nueva Zelanda, con su duod\u00e9cima definici\u00f3n en el circuito ATP, a pocos...","og_url":"https:\/\/lobosnews.com.ar\/index.php\/2026\/01\/17\/sebastian-baez-cayo-en-la-final-del-atp-de-auckland-y-se-quedo-con-las-ganas-de-coronar-con-un-titulo-su-gran-arranque-de-ano\/","og_site_name":"Lobos News","article_published_time":"2026-01-17T03:19:42+00:00","article_modified_time":"2026-01-17T09:27:17+00:00","og_image":[{"url":"https:\/\/lobosnews.com.ar\/wp-content\/uploads\/2026\/01\/sebastian-baez-cayo-en-la-final-del-atp-de-auckland-y-se-quedo-con-las-ganas-de-coronar-con-un-titulo-su-gran-arranque-de-ano.jpg","type":"","width":"","height":""}],"author":"admin","twitter_card":"summary_large_image","twitter_misc":{"Escrito por":"admin","Tiempo de lectura":"3 minutos"},"schema":{"@context":"https:\/\/schema.org","@graph":[{"@type":"Article","@id":"https:\/\/lobosnews.com.ar\/index.php\/2026\/01\/17\/sebastian-baez-cayo-en-la-final-del-atp-de-auckland-y-se-quedo-con-las-ganas-de-coronar-con-un-titulo-su-gran-arranque-de-ano\/#article","isPartOf":{"@id":"https:\/\/lobosnews.com.ar\/index.php\/2026\/01\/17\/sebastian-baez-cayo-en-la-final-del-atp-de-auckland-y-se-quedo-con-las-ganas-de-coronar-con-un-titulo-su-gran-arranque-de-ano\/"},"author":{"name":"admin","@id":"https:\/\/lobosnews.com.ar\/#\/schema\/person\/232422a593d5c541dd9aef6aaed10943"},"headline":"Sebasti\u00e1n B\u00e1ez cay\u00f3 en la final del ATP de Auckland y se qued\u00f3 con las ganas de coronar con un t\u00edtulo su gran arranque de a\u00f1o","datePublished":"2026-01-17T03:19:42+00:00","dateModified":"2026-01-17T09:27:17+00:00","mainEntityOfPage":{"@id":"https:\/\/lobosnews.com.ar\/index.php\/2026\/01\/17\/sebastian-baez-cayo-en-la-final-del-atp-de-auckland-y-se-quedo-con-las-ganas-de-coronar-con-un-titulo-su-gran-arranque-de-ano\/"},"wordCount":611,"commentCount":0,"publisher":{"@id":"https:\/\/lobosnews.com.ar\/#organization"},"image":{"@id":"https:\/\/lobosnews.com.ar\/index.php\/2026\/01\/17\/sebastian-baez-cayo-en-la-final-del-atp-de-auckland-y-se-quedo-con-las-ganas-de-coronar-con-un-titulo-su-gran-arranque-de-ano\/#primaryimage"},"thumbnailUrl":"https:\/\/lobosnews.com.ar\/wp-content\/uploads\/2026\/01\/sebastian-baez-cayo-en-la-final-del-atp-de-auckland-y-se-quedo-con-las-ganas-de-coronar-con-un-titulo-su-gran-arranque-de-ano.jpg","keywords":["Deportes"],"articleSection":["Argentina"],"inLanguage":"es","potentialAction":[{"@type":"CommentAction","name":"Comment","target":["https:\/\/lobosnews.com.ar\/index.php\/2026\/01\/17\/sebastian-baez-cayo-en-la-final-del-atp-de-auckland-y-se-quedo-con-las-ganas-de-coronar-con-un-titulo-su-gran-arranque-de-ano\/#respond"]}]},{"@type":"WebPage","@id":"https:\/\/lobosnews.com.ar\/index.php\/2026\/01\/17\/sebastian-baez-cayo-en-la-final-del-atp-de-auckland-y-se-quedo-con-las-ganas-de-coronar-con-un-titulo-su-gran-arranque-de-ano\/","url":"https:\/\/lobosnews.com.ar\/index.php\/2026\/01\/17\/sebastian-baez-cayo-en-la-final-del-atp-de-auckland-y-se-quedo-con-las-ganas-de-coronar-con-un-titulo-su-gran-arranque-de-ano\/","name":"Sebasti\u00e1n B\u00e1ez cay\u00f3 en la final del ATP de Auckland y se qued\u00f3 con las ganas de coronar con un t\u00edtulo su gran arranque de a\u00f1o - Lobos News","isPartOf":{"@id":"https:\/\/lobosnews.com.ar\/#website"},"primaryImageOfPage":{"@id":"https:\/\/lobosnews.com.ar\/index.php\/2026\/01\/17\/sebastian-baez-cayo-en-la-final-del-atp-de-auckland-y-se-quedo-con-las-ganas-de-coronar-con-un-titulo-su-gran-arranque-de-ano\/#primaryimage"},"image":{"@id":"https:\/\/lobosnews.com.ar\/index.php\/2026\/01\/17\/sebastian-baez-cayo-en-la-final-del-atp-de-auckland-y-se-quedo-con-las-ganas-de-coronar-con-un-titulo-su-gran-arranque-de-ano\/#primaryimage"},"thumbnailUrl":"https:\/\/lobosnews.com.ar\/wp-content\/uploads\/2026\/01\/sebastian-baez-cayo-en-la-final-del-atp-de-auckland-y-se-quedo-con-las-ganas-de-coronar-con-un-titulo-su-gran-arranque-de-ano.jpg","datePublished":"2026-01-17T03:19:42+00:00","dateModified":"2026-01-17T09:27:17+00:00","breadcrumb":{"@id":"https:\/\/lobosnews.com.ar\/index.php\/2026\/01\/17\/sebastian-baez-cayo-en-la-final-del-atp-de-auckland-y-se-quedo-con-las-ganas-de-coronar-con-un-titulo-su-gran-arranque-de-ano\/#breadcrumb"},"inLanguage":"es","potentialAction":[{"@type":"ReadAction","target":["https:\/\/lobosnews.com.ar\/index.php\/2026\/01\/17\/sebastian-baez-cayo-en-la-final-del-atp-de-auckland-y-se-quedo-con-las-ganas-de-coronar-con-un-titulo-su-gran-arranque-de-ano\/"]}]},{"@type":"ImageObject","inLanguage":"es","@id":"https:\/\/lobosnews.com.ar\/index.php\/2026\/01\/17\/sebastian-baez-cayo-en-la-final-del-atp-de-auckland-y-se-quedo-con-las-ganas-de-coronar-con-un-titulo-su-gran-arranque-de-ano\/#primaryimage","url":"https:\/\/lobosnews.com.ar\/wp-content\/uploads\/2026\/01\/sebastian-baez-cayo-en-la-final-del-atp-de-auckland-y-se-quedo-con-las-ganas-de-coronar-con-un-titulo-su-gran-arranque-de-ano.jpg","contentUrl":"https:\/\/lobosnews.com.ar\/wp-content\/uploads\/2026\/01\/sebastian-baez-cayo-en-la-final-del-atp-de-auckland-y-se-quedo-con-las-ganas-de-coronar-con-un-titulo-su-gran-arranque-de-ano.jpg"},{"@type":"BreadcrumbList","@id":"https:\/\/lobosnews.com.ar\/index.php\/2026\/01\/17\/sebastian-baez-cayo-en-la-final-del-atp-de-auckland-y-se-quedo-con-las-ganas-de-coronar-con-un-titulo-su-gran-arranque-de-ano\/#breadcrumb","itemListElement":[{"@type":"ListItem","position":1,"name":"Portada","item":"https:\/\/lobosnews.com.ar\/"},{"@type":"ListItem","position":2,"name":"Sebasti\u00e1n B\u00e1ez cay\u00f3 en la final del ATP de Auckland y se qued\u00f3 con las ganas de coronar con un t\u00edtulo su gran arranque de a\u00f1o"}]},{"@type":"WebSite","@id":"https:\/\/lobosnews.com.ar\/#website","url":"https:\/\/lobosnews.com.ar\/","name":"Lobos News","description":"Informaci\u00f3n a cada instante","publisher":{"@id":"https:\/\/lobosnews.com.ar\/#organization"},"potentialAction":[{"@type":"SearchAction","target":{"@type":"EntryPoint","urlTemplate":"https:\/\/lobosnews.com.ar\/?s={search_term_string}"},"query-input":{"@type":"PropertyValueSpecification","valueRequired":true,"valueName":"search_term_string"}}],"inLanguage":"es"},{"@type":"Organization","@id":"https:\/\/lobosnews.com.ar\/#organization","name":"Lobos News","url":"https:\/\/lobosnews.com.ar\/","logo":{"@type":"ImageObject","inLanguage":"es","@id":"https:\/\/lobosnews.com.ar\/#\/schema\/logo\/image\/","url":"https:\/\/lobosnews.com.ar\/wp-content\/uploads\/2026\/01\/logo-lobosnews.png","contentUrl":"https:\/\/lobosnews.com.ar\/wp-content\/uploads\/2026\/01\/logo-lobosnews.png","width":500,"height":200,"caption":"Lobos News"},"image":{"@id":"https:\/\/lobosnews.com.ar\/#\/schema\/logo\/image\/"}},{"@type":"Person","@id":"https:\/\/lobosnews.com.ar\/#\/schema\/person\/232422a593d5c541dd9aef6aaed10943","name":"admin","image":{"@type":"ImageObject","inLanguage":"es","@id":"https:\/\/lobosnews.com.ar\/#\/schema\/person\/image\/","url":"https:\/\/secure.gravatar.com\/avatar\/76e419471a2083bc3ceab22a763dbbf9b0c1bd15a6214cf3280e2c2dde4580f9?s=96&d=mm&r=g","contentUrl":"https:\/\/secure.gravatar.com\/avatar\/76e419471a2083bc3ceab22a763dbbf9b0c1bd15a6214cf3280e2c2dde4580f9?s=96&d=mm&r=g","caption":"admin"},"sameAs":["https:\/\/lobosnews.com.ar"],"url":"https:\/\/lobosnews.com.ar\/index.php\/author\/lobos-news\/"}]}},"jetpack_featured_media_url":"","jetpack_sharing_enabled":true,"_links":{"self":[{"href":"https:\/\/lobosnews.com.ar\/index.php\/wp-json\/wp\/v2\/posts\/7703","targetHints":{"allow":["GET"]}}],"collection":[{"href":"https:\/\/lobosnews.com.ar\/index.php\/wp-json\/wp\/v2\/posts"}],"about":[{"href":"https:\/\/lobosnews.com.ar\/index.php\/wp-json\/wp\/v2\/types\/post"}],"author":[{"embeddable":true,"href":"https:\/\/lobosnews.com.ar\/index.php\/wp-json\/wp\/v2\/users\/1"}],"replies":[{"embeddable":true,"href":"https:\/\/lobosnews.com.ar\/index.php\/wp-json\/wp\/v2\/comments?post=7703"}],"version-history":[{"count":1,"href":"https:\/\/lobosnews.com.ar\/index.php\/wp-json\/wp\/v2\/posts\/7703\/revisions"}],"predecessor-version":[{"id":7706,"href":"https:\/\/lobosnews.com.ar\/index.php\/wp-json\/wp\/v2\/posts\/7703\/revisions\/7706"}],"wp:attachment":[{"href":"https:\/\/lobosnews.com.ar\/index.php\/wp-json\/wp\/v2\/media?parent=7703"}],"wp:term":[{"taxonomy":"category","embeddable":true,"href":"https:\/\/lobosnews.com.ar\/index.php\/wp-json\/wp\/v2\/categories?post=7703"},{"taxonomy":"post_tag","embeddable":true,"href":"https:\/\/lobosnews.com.ar\/index.php\/wp-json\/wp\/v2\/tags?post=7703"}],"curies":[{"name":"wp","href":"https:\/\/api.w.org\/{rel}","templated":true}]}}