{"id":7631,"date":"2026-01-17T00:45:30","date_gmt":"2026-01-17T00:45:30","guid":{"rendered":"https:\/\/lobosnews.com.ar\/index.php\/2026\/01\/17\/alejandra-maglietti-explico-el-motivo-por-el-que-anota-la-fecha-de-elaboracion-y-vencimiento-de-los-preservativos\/"},"modified":"2026-01-17T04:41:00","modified_gmt":"2026-01-17T04:41:00","slug":"alejandra-maglietti-explico-el-motivo-por-el-que-anota-la-fecha-de-elaboracion-y-vencimiento-de-los-preservativos","status":"publish","type":"post","link":"https:\/\/lobosnews.com.ar\/index.php\/2026\/01\/17\/alejandra-maglietti-explico-el-motivo-por-el-que-anota-la-fecha-de-elaboracion-y-vencimiento-de-los-preservativos\/","title":{"rendered":"Alejandra Maglietti explic\u00f3 el motivo por el que anota la fecha de elaboraci\u00f3n y vencimiento de los preservativos"},"content":{"rendered":"<p><span class=\"waslinkname\"><b>Alejandra Maglietti<\/b><\/span>, abogada y panelista, sorprendi\u00f3 con una confesi\u00f3n inesperada durante una reciente emisi\u00f3n de <b>Storytime<\/b>, el ciclo de streaming de <b>Bondi <\/b>conducido temporalmente por <b>Denise Dumas<\/b> mientras <b>Nazarena V\u00e9lez <\/b>se encuentra en Villa Carlos Paz con su obra de teatro Suspendan la boda. Al di\u00e1logo se sum\u00f3 la tercera integrante de la mesa, <b>Carolina Molinari. <\/b>Ante ellas, Maglietti explic\u00f3 p\u00fablicamente <b>su costumbre de anotar la fecha de elaboraci\u00f3n y de vencimiento de los preservativos <\/b>encontrados en la casa de su pareja, una pr\u00e1ctica <b>vinculada a los celos<\/b> y la desconfianza en las relaciones.<\/p>\n<p>\u201cYo encontr\u00e9 preservativos cuando reci\u00e9n estaba conoci\u00e9ndolo y anot\u00e9 las fechas de vencimiento y de elaboraci\u00f3n\u201d, relat\u00f3 Maglietti, que est\u00e1 <span class=\"waslinkname\">casada con el empresario Juan Manuel Lago<\/span>, ante la mesa de <b>Storytime<\/b>. La reacci\u00f3n de sus compa\u00f1eras no tard\u00f3 en llegar. Molinari reconoci\u00f3: \u201cNo, no, no. Yo tambi\u00e9n hago eso\u201d, generando un intercambio directo sobre la normalidad de este comportamiento.<\/p>\n<p>La abogada detall\u00f3 el verdadero motivo detr\u00e1s de la anotaci\u00f3n minuciosa. Indic\u00f3 que el dato clave es si la <b>fecha de elaboraci\u00f3n<\/b> del preservativo es posterior al inicio de la relaci\u00f3n, ya que dej\u00f3 impl\u00edcito que para ella, una compra posterior dar\u00eda indicios y despertar\u00eda sospechas de infidelidad.<b> \u201cSi ten\u00edan una fecha de elaboraci\u00f3n posterior a que me hubiera conocido, es porque los compr\u00f3 despu\u00e9s. \u00bfEntend\u00e9s la bronca\u201d<\/b>, relat\u00f3 ante las preguntas del equipo.<\/p>\n<p>La charla se volvi\u00f3 a\u00fan m\u00e1s t\u00e9cnica cuando Molinari quiso saber cu\u00e1nto tiempo pueden guardarse estos productos. \u201c\u00bfCu\u00e1nto dura Porque yo tuve el trauma\u2026\u201d, pregunt\u00f3 la panelista. Maglietti le respondi\u00f3 en tono informativo: \u201cDos a\u00f1os\u201d. Esta cifra sorprendi\u00f3 a Molinari: \u201c\u00bfDos a\u00f1os dura nada m\u00e1s?\u201d.<\/p>\n<p><img loading=\"lazy\" decoding=\"async\" src=\"https:\/\/lobosnews.com.ar\/wp-content\/uploads\/2026\/01\/alejandra-maglietti-explico-el-motivo-por-el-que-anota-la-fecha-de-elaboracion-y-vencimiento-de-los-preservativos.jpg\" alt=\"La charla entre Maglietti, Dumas y Molinari gir\u00f3 en torno a los m\u00e9todos para detectar infidelidades\" height=\"1920\" width=\"1080\"\/><\/p>\n<p>M\u00e1s all\u00e1 de ese hecho concreto, Maglietti se\u00f1al\u00f3 que este tipo de conductas reflejan un <b>rasgo personal dominante<\/b>: los <b>celos<\/b>. \u201cSoy muy enroscada\u201d, admiti\u00f3 en otra emisi\u00f3n del programa, hace una semana. Esa vez, la discusi\u00f3n abord\u00f3, adem\u00e1s, el tema de la edad en las relaciones. Ante la consulta de Dumas sobre el inter\u00e9s por salir con hombres menores, Maglietti fue terminante: evita las parejas con hombres m\u00e1s j\u00f3venes porque el temor a la competencia la hace sentir inc\u00f3moda.<\/p>\n<p>La <b>vigilancia digital<\/b> tambi\u00e9n fue abordada con franqueza durante la emisi\u00f3n. \u201cMiro a qui\u00e9n le da like en <b>Instagram<\/b>. No reviso celular porque nunca pude, pero si tuviese la oportunidad lo har\u00eda\u00bb, admiti\u00f3 Maglietti. Este seguimiento en <b>redes sociales<\/b>, seg\u00fan la abogada, le sirve para identificar potenciales se\u00f1ales de alerta en las interacciones de su pareja.<\/p>\n<p>El tema se profundiz\u00f3 con un ejemplo concreto aportado por Maglietti. Narr\u00f3 una situaci\u00f3n en la que detect\u00f3 corazones en un mensaje enviado por su pareja a otra mujer. \u201cLe dije \u2018\u00bfa qui\u00e9n le tiras corazones?\u2019 y me dijo que era la hija de una compa\u00f1era del colegio. Dale, no\u2026\u201d, record\u00f3 se\u00f1alando c\u00f3mo la <b>sensibilidad ante situaciones ambiguas<\/b> marca su d\u00eda a d\u00eda en el amor.<\/p>\n<p><img loading=\"lazy\" decoding=\"async\" src=\"https:\/\/lobosnews.com.ar\/wp-content\/uploads\/2026\/01\/alejandra-maglietti-explico-el-motivo-por-el-que-anota-la-fecha-de-elaboracion-y-vencimiento-de-los-preservativos-1.jpg\" alt=\"La abogada y panelista se unir\u00e1 al nuevo ciclo de Beto Casella en Am\u00e9rica TV\" height=\"1080\" width=\"1920\"\/><\/p>\n<p>Las declaraciones de Maglietti, que<span class=\"waslinkname\"> el a\u00f1o pasado fue mam\u00e1 de Manuel<\/span>, generaron reacciones inmediatas dentro y fuera del programa. La frontalidad y el tono autocr\u00edtico de la abogada convirtieron el episodio en uno de los momentos m\u00e1s comentados en la escena medi\u00e1tica argentina, promoviendo un debate sobre los l\u00edmites de la vigilancia y los celos en las relaciones de pareja.<\/p>\n<p>Con presencia en <b>LAM<\/b> y <b>Storytime<\/b>, luego de su partida de Bendita, y a a la espera que comience el nuevo programa de Beto Casella en Am\u00e9rica TV, al que se unir\u00e1, Maglietti reafirma su perfil como figura que expone sin filtros sus inseguridades y h\u00e1bitos amorosos. <\/p>\n<p>El testimonio de Maglietti revela el peso que tienen tanto los acuerdos personales como los miedos cotidianos en la construcci\u00f3n de los v\u00ednculos. Su postura frente a la competencia y su preferencia por relaciones entre iguales reflejan una forma de vivir el amor marcada por el recelo, dejando su experiencia individual como un espejo donde muchos pueden reconocerse.<\/p>\n","protected":false},"excerpt":{"rendered":"<p>Alejandra Maglietti, abogada y panelista, sorprendi\u00f3 con una confesi\u00f3n inesperada durante una reciente emisi\u00f3n de Storytime, el ciclo de streaming de Bondi conducido temporalmente por Denise Dumas mientras Nazarena V\u00e9lez se encuentra en Villa Carlos Paz con su obra de teatro Suspendan la boda. Al di\u00e1logo se sum\u00f3 la tercera integrante de la mesa, Carolina&#8230;<\/p>\n","protected":false},"author":1,"featured_media":7635,"comment_status":"open","ping_status":"closed","sticky":false,"template":"","format":"standard","meta":{"_jetpack_memberships_contains_paid_content":false,"footnotes":""},"categories":[79],"tags":[],"class_list":["post-7631","post","type-post","status-publish","format-standard","has-post-thumbnail","hentry","category-cine-y-series"],"magazineBlocksPostFeaturedMedia":{"thumbnail":"https:\/\/lobosnews.com.ar\/wp-content\/uploads\/2026\/01\/alejandra-maglietti-explico-el-motivo-por-el-que-anota-la-fecha-de-elaboracion-y-vencimiento-de-los-preservativos-2-150x150.jpg","medium":"https:\/\/lobosnews.com.ar\/wp-content\/uploads\/2026\/01\/alejandra-maglietti-explico-el-motivo-por-el-que-anota-la-fecha-de-elaboracion-y-vencimiento-de-los-preservativos-2-300x169.jpg","medium_large":"https:\/\/lobosnews.com.ar\/wp-content\/uploads\/2026\/01\/alejandra-maglietti-explico-el-motivo-por-el-que-anota-la-fecha-de-elaboracion-y-vencimiento-de-los-preservativos-2-768x432.jpg","large":"https:\/\/lobosnews.com.ar\/wp-content\/uploads\/2026\/01\/alejandra-maglietti-explico-el-motivo-por-el-que-anota-la-fecha-de-elaboracion-y-vencimiento-de-los-preservativos-2-1024x576.jpg","1536x1536":"https:\/\/lobosnews.com.ar\/wp-content\/uploads\/2026\/01\/alejandra-maglietti-explico-el-motivo-por-el-que-anota-la-fecha-de-elaboracion-y-vencimiento-de-los-preservativos-2-1536x864.jpg","2048x2048":"https:\/\/lobosnews.com.ar\/wp-content\/uploads\/2026\/01\/alejandra-maglietti-explico-el-motivo-por-el-que-anota-la-fecha-de-elaboracion-y-vencimiento-de-los-preservativos-2.jpg","newsmatic-featured":"https:\/\/lobosnews.com.ar\/wp-content\/uploads\/2026\/01\/alejandra-maglietti-explico-el-motivo-por-el-que-anota-la-fecha-de-elaboracion-y-vencimiento-de-los-preservativos-2-820x545.jpg","newsmatic-list":"https:\/\/lobosnews.com.ar\/wp-content\/uploads\/2026\/01\/alejandra-maglietti-explico-el-motivo-por-el-que-anota-la-fecha-de-elaboracion-y-vencimiento-de-los-preservativos-2-600x400.jpg","newsmatic-thumb":"https:\/\/lobosnews.com.ar\/wp-content\/uploads\/2026\/01\/alejandra-maglietti-explico-el-motivo-por-el-que-anota-la-fecha-de-elaboracion-y-vencimiento-de-los-preservativos-2-300x200.jpg","newsmatic-small":"https:\/\/lobosnews.com.ar\/wp-content\/uploads\/2026\/01\/alejandra-maglietti-explico-el-motivo-por-el-que-anota-la-fecha-de-elaboracion-y-vencimiento-de-los-preservativos-2-150x95.jpg","newsmatic-grid":"https:\/\/lobosnews.com.ar\/wp-content\/uploads\/2026\/01\/alejandra-maglietti-explico-el-motivo-por-el-que-anota-la-fecha-de-elaboracion-y-vencimiento-de-los-preservativos-2-400x250.jpg"},"magazineBlocksPostAuthor":{"name":"admin","avatar":"https:\/\/secure.gravatar.com\/avatar\/76e419471a2083bc3ceab22a763dbbf9b0c1bd15a6214cf3280e2c2dde4580f9?s=96&d=mm&r=g"},"magazineBlocksPostCommentsNumber":"0","magazineBlocksPostExcerpt":"Alejandra Maglietti, abogada y panelista, sorprendi\u00f3 con una confesi\u00f3n inesperada durante una reciente emisi\u00f3n de Storytime, el ciclo de streaming de Bondi conducido temporalmente por Denise Dumas mientras Nazarena V\u00e9lez se encuentra en Villa Carlos Paz con su obra de teatro Suspendan la boda. Al di\u00e1logo se sum\u00f3 la tercera integrante de la mesa, Carolina...","magazineBlocksPostCategories":["Cine y Series"],"magazineBlocksPostViewCount":189,"magazineBlocksPostReadTime":4,"magazine_blocks_featured_image_url":{"full":["https:\/\/lobosnews.com.ar\/wp-content\/uploads\/2026\/01\/alejandra-maglietti-explico-el-motivo-por-el-que-anota-la-fecha-de-elaboracion-y-vencimiento-de-los-preservativos-2.jpg",1920,1080,false],"medium":["https:\/\/lobosnews.com.ar\/wp-content\/uploads\/2026\/01\/alejandra-maglietti-explico-el-motivo-por-el-que-anota-la-fecha-de-elaboracion-y-vencimiento-de-los-preservativos-2-300x169.jpg",300,169,true],"thumbnail":["https:\/\/lobosnews.com.ar\/wp-content\/uploads\/2026\/01\/alejandra-maglietti-explico-el-motivo-por-el-que-anota-la-fecha-de-elaboracion-y-vencimiento-de-los-preservativos-2-150x150.jpg",150,150,true]},"magazine_blocks_author":{"display_name":"admin","author_link":"https:\/\/lobosnews.com.ar\/index.php\/author\/lobos-news\/"},"magazine_blocks_comment":0,"magazine_blocks_author_image":"https:\/\/secure.gravatar.com\/avatar\/76e419471a2083bc3ceab22a763dbbf9b0c1bd15a6214cf3280e2c2dde4580f9?s=96&d=mm&r=g","magazine_blocks_category":"<a href=\"#\" class=\"category-link category-link-79\">Cine y Series<\/a>","yoast_head":"<!-- This site is optimized with the Yoast SEO plugin v26.6 - https:\/\/yoast.com\/wordpress\/plugins\/seo\/ -->\n<title>Alejandra Maglietti explic\u00f3 el motivo por el que anota la fecha de elaboraci\u00f3n y vencimiento de los preservativos - Lobos News<\/title>\n<meta name=\"robots\" content=\"index, follow, max-snippet:-1, max-image-preview:large, max-video-preview:-1\" \/>\n<link rel=\"canonical\" href=\"https:\/\/lobosnews.com.ar\/index.php\/2026\/01\/17\/alejandra-maglietti-explico-el-motivo-por-el-que-anota-la-fecha-de-elaboracion-y-vencimiento-de-los-preservativos\/\" \/>\n<meta property=\"og:locale\" content=\"es_ES\" \/>\n<meta property=\"og:type\" content=\"article\" \/>\n<meta property=\"og:title\" content=\"Alejandra Maglietti explic\u00f3 el motivo por el que anota la fecha de elaboraci\u00f3n y vencimiento de los preservativos - Lobos News\" \/>\n<meta property=\"og:description\" content=\"Alejandra Maglietti, abogada y panelista, sorprendi\u00f3 con una confesi\u00f3n inesperada durante una reciente emisi\u00f3n de Storytime, el ciclo de streaming de Bondi conducido temporalmente por Denise Dumas mientras Nazarena V\u00e9lez se encuentra en Villa Carlos Paz con su obra de teatro Suspendan la boda. Al di\u00e1logo se sum\u00f3 la tercera integrante de la mesa, Carolina...\" \/>\n<meta property=\"og:url\" content=\"https:\/\/lobosnews.com.ar\/index.php\/2026\/01\/17\/alejandra-maglietti-explico-el-motivo-por-el-que-anota-la-fecha-de-elaboracion-y-vencimiento-de-los-preservativos\/\" \/>\n<meta property=\"og:site_name\" content=\"Lobos News\" \/>\n<meta property=\"article:published_time\" content=\"2026-01-17T00:45:30+00:00\" \/>\n<meta property=\"article:modified_time\" content=\"2026-01-17T04:41:00+00:00\" \/>\n<meta property=\"og:image\" content=\"https:\/\/lobosnews.com.ar\/wp-content\/uploads\/2026\/01\/alejandra-maglietti-explico-el-motivo-por-el-que-anota-la-fecha-de-elaboracion-y-vencimiento-de-los-preservativos.jpg\" \/>\n<meta name=\"author\" content=\"admin\" \/>\n<meta name=\"twitter:card\" content=\"summary_large_image\" \/>\n<meta name=\"twitter:label1\" content=\"Escrito por\" \/>\n\t<meta name=\"twitter:data1\" content=\"admin\" \/>\n\t<meta name=\"twitter:label2\" content=\"Tiempo de lectura\" \/>\n\t<meta name=\"twitter:data2\" content=\"4 minutos\" \/>\n<script type=\"application\/ld+json\" class=\"yoast-schema-graph\">{\"@context\":\"https:\/\/schema.org\",\"@graph\":[{\"@type\":\"Article\",\"@id\":\"https:\/\/lobosnews.com.ar\/index.php\/2026\/01\/17\/alejandra-maglietti-explico-el-motivo-por-el-que-anota-la-fecha-de-elaboracion-y-vencimiento-de-los-preservativos\/#article\",\"isPartOf\":{\"@id\":\"https:\/\/lobosnews.com.ar\/index.php\/2026\/01\/17\/alejandra-maglietti-explico-el-motivo-por-el-que-anota-la-fecha-de-elaboracion-y-vencimiento-de-los-preservativos\/\"},\"author\":{\"name\":\"admin\",\"@id\":\"https:\/\/lobosnews.com.ar\/#\/schema\/person\/232422a593d5c541dd9aef6aaed10943\"},\"headline\":\"Alejandra Maglietti explic\u00f3 el motivo por el que anota la fecha de elaboraci\u00f3n y vencimiento de los preservativos\",\"datePublished\":\"2026-01-17T00:45:30+00:00\",\"dateModified\":\"2026-01-17T04:41:00+00:00\",\"mainEntityOfPage\":{\"@id\":\"https:\/\/lobosnews.com.ar\/index.php\/2026\/01\/17\/alejandra-maglietti-explico-el-motivo-por-el-que-anota-la-fecha-de-elaboracion-y-vencimiento-de-los-preservativos\/\"},\"wordCount\":722,\"commentCount\":0,\"publisher\":{\"@id\":\"https:\/\/lobosnews.com.ar\/#organization\"},\"image\":{\"@id\":\"https:\/\/lobosnews.com.ar\/index.php\/2026\/01\/17\/alejandra-maglietti-explico-el-motivo-por-el-que-anota-la-fecha-de-elaboracion-y-vencimiento-de-los-preservativos\/#primaryimage\"},\"thumbnailUrl\":\"https:\/\/lobosnews.com.ar\/wp-content\/uploads\/2026\/01\/alejandra-maglietti-explico-el-motivo-por-el-que-anota-la-fecha-de-elaboracion-y-vencimiento-de-los-preservativos-2.jpg\",\"articleSection\":[\"Cine y Series\"],\"inLanguage\":\"es\",\"potentialAction\":[{\"@type\":\"CommentAction\",\"name\":\"Comment\",\"target\":[\"https:\/\/lobosnews.com.ar\/index.php\/2026\/01\/17\/alejandra-maglietti-explico-el-motivo-por-el-que-anota-la-fecha-de-elaboracion-y-vencimiento-de-los-preservativos\/#respond\"]}]},{\"@type\":\"WebPage\",\"@id\":\"https:\/\/lobosnews.com.ar\/index.php\/2026\/01\/17\/alejandra-maglietti-explico-el-motivo-por-el-que-anota-la-fecha-de-elaboracion-y-vencimiento-de-los-preservativos\/\",\"url\":\"https:\/\/lobosnews.com.ar\/index.php\/2026\/01\/17\/alejandra-maglietti-explico-el-motivo-por-el-que-anota-la-fecha-de-elaboracion-y-vencimiento-de-los-preservativos\/\",\"name\":\"Alejandra Maglietti explic\u00f3 el motivo por el que anota la fecha de elaboraci\u00f3n y vencimiento de los preservativos - Lobos News\",\"isPartOf\":{\"@id\":\"https:\/\/lobosnews.com.ar\/#website\"},\"primaryImageOfPage\":{\"@id\":\"https:\/\/lobosnews.com.ar\/index.php\/2026\/01\/17\/alejandra-maglietti-explico-el-motivo-por-el-que-anota-la-fecha-de-elaboracion-y-vencimiento-de-los-preservativos\/#primaryimage\"},\"image\":{\"@id\":\"https:\/\/lobosnews.com.ar\/index.php\/2026\/01\/17\/alejandra-maglietti-explico-el-motivo-por-el-que-anota-la-fecha-de-elaboracion-y-vencimiento-de-los-preservativos\/#primaryimage\"},\"thumbnailUrl\":\"https:\/\/lobosnews.com.ar\/wp-content\/uploads\/2026\/01\/alejandra-maglietti-explico-el-motivo-por-el-que-anota-la-fecha-de-elaboracion-y-vencimiento-de-los-preservativos-2.jpg\",\"datePublished\":\"2026-01-17T00:45:30+00:00\",\"dateModified\":\"2026-01-17T04:41:00+00:00\",\"breadcrumb\":{\"@id\":\"https:\/\/lobosnews.com.ar\/index.php\/2026\/01\/17\/alejandra-maglietti-explico-el-motivo-por-el-que-anota-la-fecha-de-elaboracion-y-vencimiento-de-los-preservativos\/#breadcrumb\"},\"inLanguage\":\"es\",\"potentialAction\":[{\"@type\":\"ReadAction\",\"target\":[\"https:\/\/lobosnews.com.ar\/index.php\/2026\/01\/17\/alejandra-maglietti-explico-el-motivo-por-el-que-anota-la-fecha-de-elaboracion-y-vencimiento-de-los-preservativos\/\"]}]},{\"@type\":\"ImageObject\",\"inLanguage\":\"es\",\"@id\":\"https:\/\/lobosnews.com.ar\/index.php\/2026\/01\/17\/alejandra-maglietti-explico-el-motivo-por-el-que-anota-la-fecha-de-elaboracion-y-vencimiento-de-los-preservativos\/#primaryimage\",\"url\":\"https:\/\/lobosnews.com.ar\/wp-content\/uploads\/2026\/01\/alejandra-maglietti-explico-el-motivo-por-el-que-anota-la-fecha-de-elaboracion-y-vencimiento-de-los-preservativos-2.jpg\",\"contentUrl\":\"https:\/\/lobosnews.com.ar\/wp-content\/uploads\/2026\/01\/alejandra-maglietti-explico-el-motivo-por-el-que-anota-la-fecha-de-elaboracion-y-vencimiento-de-los-preservativos-2.jpg\",\"width\":1920,\"height\":1080,\"caption\":\"Alejandra Maglietti explic\u00f3 el motivo por el que anota la fecha de elaboraci\u00f3n y vencimiento de los preservativos\"},{\"@type\":\"BreadcrumbList\",\"@id\":\"https:\/\/lobosnews.com.ar\/index.php\/2026\/01\/17\/alejandra-maglietti-explico-el-motivo-por-el-que-anota-la-fecha-de-elaboracion-y-vencimiento-de-los-preservativos\/#breadcrumb\",\"itemListElement\":[{\"@type\":\"ListItem\",\"position\":1,\"name\":\"Portada\",\"item\":\"https:\/\/lobosnews.com.ar\/\"},{\"@type\":\"ListItem\",\"position\":2,\"name\":\"Alejandra Maglietti explic\u00f3 el motivo por el que anota la fecha de elaboraci\u00f3n y vencimiento de los preservativos\"}]},{\"@type\":\"WebSite\",\"@id\":\"https:\/\/lobosnews.com.ar\/#website\",\"url\":\"https:\/\/lobosnews.com.ar\/\",\"name\":\"Lobos News\",\"description\":\"Informaci\u00f3n a cada instante\",\"publisher\":{\"@id\":\"https:\/\/lobosnews.com.ar\/#organization\"},\"potentialAction\":[{\"@type\":\"SearchAction\",\"target\":{\"@type\":\"EntryPoint\",\"urlTemplate\":\"https:\/\/lobosnews.com.ar\/?s={search_term_string}\"},\"query-input\":{\"@type\":\"PropertyValueSpecification\",\"valueRequired\":true,\"valueName\":\"search_term_string\"}}],\"inLanguage\":\"es\"},{\"@type\":\"Organization\",\"@id\":\"https:\/\/lobosnews.com.ar\/#organization\",\"name\":\"Lobos News\",\"url\":\"https:\/\/lobosnews.com.ar\/\",\"logo\":{\"@type\":\"ImageObject\",\"inLanguage\":\"es\",\"@id\":\"https:\/\/lobosnews.com.ar\/#\/schema\/logo\/image\/\",\"url\":\"https:\/\/lobosnews.com.ar\/wp-content\/uploads\/2026\/01\/logo-lobosnews.png\",\"contentUrl\":\"https:\/\/lobosnews.com.ar\/wp-content\/uploads\/2026\/01\/logo-lobosnews.png\",\"width\":500,\"height\":200,\"caption\":\"Lobos News\"},\"image\":{\"@id\":\"https:\/\/lobosnews.com.ar\/#\/schema\/logo\/image\/\"}},{\"@type\":\"Person\",\"@id\":\"https:\/\/lobosnews.com.ar\/#\/schema\/person\/232422a593d5c541dd9aef6aaed10943\",\"name\":\"admin\",\"image\":{\"@type\":\"ImageObject\",\"inLanguage\":\"es\",\"@id\":\"https:\/\/lobosnews.com.ar\/#\/schema\/person\/image\/\",\"url\":\"https:\/\/secure.gravatar.com\/avatar\/76e419471a2083bc3ceab22a763dbbf9b0c1bd15a6214cf3280e2c2dde4580f9?s=96&d=mm&r=g\",\"contentUrl\":\"https:\/\/secure.gravatar.com\/avatar\/76e419471a2083bc3ceab22a763dbbf9b0c1bd15a6214cf3280e2c2dde4580f9?s=96&d=mm&r=g\",\"caption\":\"admin\"},\"sameAs\":[\"https:\/\/lobosnews.com.ar\"],\"url\":\"https:\/\/lobosnews.com.ar\/index.php\/author\/lobos-news\/\"}]}<\/script>\n<!-- \/ Yoast SEO plugin. -->","yoast_head_json":{"title":"Alejandra Maglietti explic\u00f3 el motivo por el que anota la fecha de elaboraci\u00f3n y vencimiento de los preservativos - Lobos News","robots":{"index":"index","follow":"follow","max-snippet":"max-snippet:-1","max-image-preview":"max-image-preview:large","max-video-preview":"max-video-preview:-1"},"canonical":"https:\/\/lobosnews.com.ar\/index.php\/2026\/01\/17\/alejandra-maglietti-explico-el-motivo-por-el-que-anota-la-fecha-de-elaboracion-y-vencimiento-de-los-preservativos\/","og_locale":"es_ES","og_type":"article","og_title":"Alejandra Maglietti explic\u00f3 el motivo por el que anota la fecha de elaboraci\u00f3n y vencimiento de los preservativos - Lobos News","og_description":"Alejandra Maglietti, abogada y panelista, sorprendi\u00f3 con una confesi\u00f3n inesperada durante una reciente emisi\u00f3n de Storytime, el ciclo de streaming de Bondi conducido temporalmente por Denise Dumas mientras Nazarena V\u00e9lez se encuentra en Villa Carlos Paz con su obra de teatro Suspendan la boda. Al di\u00e1logo se sum\u00f3 la tercera integrante de la mesa, Carolina...","og_url":"https:\/\/lobosnews.com.ar\/index.php\/2026\/01\/17\/alejandra-maglietti-explico-el-motivo-por-el-que-anota-la-fecha-de-elaboracion-y-vencimiento-de-los-preservativos\/","og_site_name":"Lobos News","article_published_time":"2026-01-17T00:45:30+00:00","article_modified_time":"2026-01-17T04:41:00+00:00","og_image":[{"url":"https:\/\/lobosnews.com.ar\/wp-content\/uploads\/2026\/01\/alejandra-maglietti-explico-el-motivo-por-el-que-anota-la-fecha-de-elaboracion-y-vencimiento-de-los-preservativos.jpg","type":"","width":"","height":""}],"author":"admin","twitter_card":"summary_large_image","twitter_misc":{"Escrito por":"admin","Tiempo de lectura":"4 minutos"},"schema":{"@context":"https:\/\/schema.org","@graph":[{"@type":"Article","@id":"https:\/\/lobosnews.com.ar\/index.php\/2026\/01\/17\/alejandra-maglietti-explico-el-motivo-por-el-que-anota-la-fecha-de-elaboracion-y-vencimiento-de-los-preservativos\/#article","isPartOf":{"@id":"https:\/\/lobosnews.com.ar\/index.php\/2026\/01\/17\/alejandra-maglietti-explico-el-motivo-por-el-que-anota-la-fecha-de-elaboracion-y-vencimiento-de-los-preservativos\/"},"author":{"name":"admin","@id":"https:\/\/lobosnews.com.ar\/#\/schema\/person\/232422a593d5c541dd9aef6aaed10943"},"headline":"Alejandra Maglietti explic\u00f3 el motivo por el que anota la fecha de elaboraci\u00f3n y vencimiento de los preservativos","datePublished":"2026-01-17T00:45:30+00:00","dateModified":"2026-01-17T04:41:00+00:00","mainEntityOfPage":{"@id":"https:\/\/lobosnews.com.ar\/index.php\/2026\/01\/17\/alejandra-maglietti-explico-el-motivo-por-el-que-anota-la-fecha-de-elaboracion-y-vencimiento-de-los-preservativos\/"},"wordCount":722,"commentCount":0,"publisher":{"@id":"https:\/\/lobosnews.com.ar\/#organization"},"image":{"@id":"https:\/\/lobosnews.com.ar\/index.php\/2026\/01\/17\/alejandra-maglietti-explico-el-motivo-por-el-que-anota-la-fecha-de-elaboracion-y-vencimiento-de-los-preservativos\/#primaryimage"},"thumbnailUrl":"https:\/\/lobosnews.com.ar\/wp-content\/uploads\/2026\/01\/alejandra-maglietti-explico-el-motivo-por-el-que-anota-la-fecha-de-elaboracion-y-vencimiento-de-los-preservativos-2.jpg","articleSection":["Cine y Series"],"inLanguage":"es","potentialAction":[{"@type":"CommentAction","name":"Comment","target":["https:\/\/lobosnews.com.ar\/index.php\/2026\/01\/17\/alejandra-maglietti-explico-el-motivo-por-el-que-anota-la-fecha-de-elaboracion-y-vencimiento-de-los-preservativos\/#respond"]}]},{"@type":"WebPage","@id":"https:\/\/lobosnews.com.ar\/index.php\/2026\/01\/17\/alejandra-maglietti-explico-el-motivo-por-el-que-anota-la-fecha-de-elaboracion-y-vencimiento-de-los-preservativos\/","url":"https:\/\/lobosnews.com.ar\/index.php\/2026\/01\/17\/alejandra-maglietti-explico-el-motivo-por-el-que-anota-la-fecha-de-elaboracion-y-vencimiento-de-los-preservativos\/","name":"Alejandra Maglietti explic\u00f3 el motivo por el que anota la fecha de elaboraci\u00f3n y vencimiento de los preservativos - Lobos News","isPartOf":{"@id":"https:\/\/lobosnews.com.ar\/#website"},"primaryImageOfPage":{"@id":"https:\/\/lobosnews.com.ar\/index.php\/2026\/01\/17\/alejandra-maglietti-explico-el-motivo-por-el-que-anota-la-fecha-de-elaboracion-y-vencimiento-de-los-preservativos\/#primaryimage"},"image":{"@id":"https:\/\/lobosnews.com.ar\/index.php\/2026\/01\/17\/alejandra-maglietti-explico-el-motivo-por-el-que-anota-la-fecha-de-elaboracion-y-vencimiento-de-los-preservativos\/#primaryimage"},"thumbnailUrl":"https:\/\/lobosnews.com.ar\/wp-content\/uploads\/2026\/01\/alejandra-maglietti-explico-el-motivo-por-el-que-anota-la-fecha-de-elaboracion-y-vencimiento-de-los-preservativos-2.jpg","datePublished":"2026-01-17T00:45:30+00:00","dateModified":"2026-01-17T04:41:00+00:00","breadcrumb":{"@id":"https:\/\/lobosnews.com.ar\/index.php\/2026\/01\/17\/alejandra-maglietti-explico-el-motivo-por-el-que-anota-la-fecha-de-elaboracion-y-vencimiento-de-los-preservativos\/#breadcrumb"},"inLanguage":"es","potentialAction":[{"@type":"ReadAction","target":["https:\/\/lobosnews.com.ar\/index.php\/2026\/01\/17\/alejandra-maglietti-explico-el-motivo-por-el-que-anota-la-fecha-de-elaboracion-y-vencimiento-de-los-preservativos\/"]}]},{"@type":"ImageObject","inLanguage":"es","@id":"https:\/\/lobosnews.com.ar\/index.php\/2026\/01\/17\/alejandra-maglietti-explico-el-motivo-por-el-que-anota-la-fecha-de-elaboracion-y-vencimiento-de-los-preservativos\/#primaryimage","url":"https:\/\/lobosnews.com.ar\/wp-content\/uploads\/2026\/01\/alejandra-maglietti-explico-el-motivo-por-el-que-anota-la-fecha-de-elaboracion-y-vencimiento-de-los-preservativos-2.jpg","contentUrl":"https:\/\/lobosnews.com.ar\/wp-content\/uploads\/2026\/01\/alejandra-maglietti-explico-el-motivo-por-el-que-anota-la-fecha-de-elaboracion-y-vencimiento-de-los-preservativos-2.jpg","width":1920,"height":1080,"caption":"Alejandra Maglietti explic\u00f3 el motivo por el que anota la fecha de elaboraci\u00f3n y vencimiento de los preservativos"},{"@type":"BreadcrumbList","@id":"https:\/\/lobosnews.com.ar\/index.php\/2026\/01\/17\/alejandra-maglietti-explico-el-motivo-por-el-que-anota-la-fecha-de-elaboracion-y-vencimiento-de-los-preservativos\/#breadcrumb","itemListElement":[{"@type":"ListItem","position":1,"name":"Portada","item":"https:\/\/lobosnews.com.ar\/"},{"@type":"ListItem","position":2,"name":"Alejandra Maglietti explic\u00f3 el motivo por el que anota la fecha de elaboraci\u00f3n y vencimiento de los preservativos"}]},{"@type":"WebSite","@id":"https:\/\/lobosnews.com.ar\/#website","url":"https:\/\/lobosnews.com.ar\/","name":"Lobos News","description":"Informaci\u00f3n a cada instante","publisher":{"@id":"https:\/\/lobosnews.com.ar\/#organization"},"potentialAction":[{"@type":"SearchAction","target":{"@type":"EntryPoint","urlTemplate":"https:\/\/lobosnews.com.ar\/?s={search_term_string}"},"query-input":{"@type":"PropertyValueSpecification","valueRequired":true,"valueName":"search_term_string"}}],"inLanguage":"es"},{"@type":"Organization","@id":"https:\/\/lobosnews.com.ar\/#organization","name":"Lobos News","url":"https:\/\/lobosnews.com.ar\/","logo":{"@type":"ImageObject","inLanguage":"es","@id":"https:\/\/lobosnews.com.ar\/#\/schema\/logo\/image\/","url":"https:\/\/lobosnews.com.ar\/wp-content\/uploads\/2026\/01\/logo-lobosnews.png","contentUrl":"https:\/\/lobosnews.com.ar\/wp-content\/uploads\/2026\/01\/logo-lobosnews.png","width":500,"height":200,"caption":"Lobos News"},"image":{"@id":"https:\/\/lobosnews.com.ar\/#\/schema\/logo\/image\/"}},{"@type":"Person","@id":"https:\/\/lobosnews.com.ar\/#\/schema\/person\/232422a593d5c541dd9aef6aaed10943","name":"admin","image":{"@type":"ImageObject","inLanguage":"es","@id":"https:\/\/lobosnews.com.ar\/#\/schema\/person\/image\/","url":"https:\/\/secure.gravatar.com\/avatar\/76e419471a2083bc3ceab22a763dbbf9b0c1bd15a6214cf3280e2c2dde4580f9?s=96&d=mm&r=g","contentUrl":"https:\/\/secure.gravatar.com\/avatar\/76e419471a2083bc3ceab22a763dbbf9b0c1bd15a6214cf3280e2c2dde4580f9?s=96&d=mm&r=g","caption":"admin"},"sameAs":["https:\/\/lobosnews.com.ar"],"url":"https:\/\/lobosnews.com.ar\/index.php\/author\/lobos-news\/"}]}},"jetpack_featured_media_url":"https:\/\/lobosnews.com.ar\/wp-content\/uploads\/2026\/01\/alejandra-maglietti-explico-el-motivo-por-el-que-anota-la-fecha-de-elaboracion-y-vencimiento-de-los-preservativos-2.jpg","jetpack_sharing_enabled":true,"_links":{"self":[{"href":"https:\/\/lobosnews.com.ar\/index.php\/wp-json\/wp\/v2\/posts\/7631","targetHints":{"allow":["GET"]}}],"collection":[{"href":"https:\/\/lobosnews.com.ar\/index.php\/wp-json\/wp\/v2\/posts"}],"about":[{"href":"https:\/\/lobosnews.com.ar\/index.php\/wp-json\/wp\/v2\/types\/post"}],"author":[{"embeddable":true,"href":"https:\/\/lobosnews.com.ar\/index.php\/wp-json\/wp\/v2\/users\/1"}],"replies":[{"embeddable":true,"href":"https:\/\/lobosnews.com.ar\/index.php\/wp-json\/wp\/v2\/comments?post=7631"}],"version-history":[{"count":1,"href":"https:\/\/lobosnews.com.ar\/index.php\/wp-json\/wp\/v2\/posts\/7631\/revisions"}],"predecessor-version":[{"id":7634,"href":"https:\/\/lobosnews.com.ar\/index.php\/wp-json\/wp\/v2\/posts\/7631\/revisions\/7634"}],"wp:featuredmedia":[{"embeddable":true,"href":"https:\/\/lobosnews.com.ar\/index.php\/wp-json\/wp\/v2\/media\/7635"}],"wp:attachment":[{"href":"https:\/\/lobosnews.com.ar\/index.php\/wp-json\/wp\/v2\/media?parent=7631"}],"wp:term":[{"taxonomy":"category","embeddable":true,"href":"https:\/\/lobosnews.com.ar\/index.php\/wp-json\/wp\/v2\/categories?post=7631"},{"taxonomy":"post_tag","embeddable":true,"href":"https:\/\/lobosnews.com.ar\/index.php\/wp-json\/wp\/v2\/tags?post=7631"}],"curies":[{"name":"wp","href":"https:\/\/api.w.org\/{rel}","templated":true}]}}