{"id":7626,"date":"2026-01-17T02:39:07","date_gmt":"2026-01-17T02:39:07","guid":{"rendered":"https:\/\/lobosnews.com.ar\/index.php\/2026\/01\/17\/tras-las-criticas-que-recibio-maxi-lopez-compartio-un-tierno-video-el-mejor-momento-del-dia\/"},"modified":"2026-01-17T04:40:47","modified_gmt":"2026-01-17T04:40:47","slug":"tras-las-criticas-que-recibio-maxi-lopez-compartio-un-tierno-video-el-mejor-momento-del-dia","status":"publish","type":"post","link":"https:\/\/lobosnews.com.ar\/index.php\/2026\/01\/17\/tras-las-criticas-que-recibio-maxi-lopez-compartio-un-tierno-video-el-mejor-momento-del-dia\/","title":{"rendered":"Tras las cr\u00edticas que recibi\u00f3, Maxi L\u00f3pez comparti\u00f3 un tierno video: \u201cEl mejor momento del d\u00eda\u201d"},"content":{"rendered":"<p>Tras quedar en el centro de la atenci\u00f3n p\u00fablica por <b>cr\u00edticas<\/b> derivadas de comentarios sobre <b>Flor de la V<\/b> y la pol\u00e9mica en torno a la rapidez de su viaje a la Argentina luego del nacimiento de su hijo, <span class=\"waslinkname\"><b>Maxi L\u00f3pez<\/b><\/span> opt\u00f3 por mostrar su faceta familiar y comparti\u00f3 un <b>video tierno<\/b> mientras habla con quien parece ser su hijo Lando a trav\u00e9s de su tel\u00e9fono celular, de Mar del Plata a Suiza, con la leyenda: <b>\u201cMucho trabajo, pero el mejor momento del d\u00eda sigue siendo este\u201d,<\/b> y una serie de emojis de emoci\u00f3n, amor y corazones, en el que arrob\u00f3 a su esposa, <b>Daniela Christiansson. <\/b><\/p>\n<p>Al mismo tiempo la modelo,<b> <\/b>que reposte\u00f3 el video, public\u00f3 un mensaje que reflej\u00f3 el apoyo y la cotidianeidad de su entorno cercano. En la primera imagen, se ve una mesa del caf\u00e9 Tet\u00e8 de Course Bike &amp; Coffee (nombre que remite al ciclista que encabeza un pelot\u00f3n en una competencia), de la localidad de Nyon, en Suiza, con dos caf\u00e9s y una porci\u00f3n de torta de chocolate. Luego, reposte\u00f3 a su vez una publicaci\u00f3n de su hermana, la nutricionista <b>Anna Christiansson<\/b>, quien la acompa\u00f1a en Suiza. Anna, comparti\u00f3 una imagen rodeada de detalles hogare\u00f1os y escribi\u00f3:<b> \u201cGracias a mi querida hermana por este hermoso regalo. Y tambi\u00e9n gracias al instituto Pandorah (donde trabaja) por este lugar tan acogedor y a Adriana, una persona maravillosa que supo cuidar muy bien de m\u00ed\u201d<\/b>. Este mensaje refleja la red de apoyo y contenci\u00f3n que rodea a la familia en un per\u00edodo de cambios y exposici\u00f3n medi\u00e1tica.<\/p>\n<p><img fetchpriority=\"high\" decoding=\"async\" src=\"https:\/\/lobosnews.com.ar\/wp-content\/uploads\/2026\/01\/tras-las-criticas-que-recibio-maxi-lopez-compartio-un-tierno-video-el-mejor-momento-del-dia.jpg\" alt=\"Los corazones que le dedic\u00f3 Daniela Christiansson a su hermana Anna, que es nutricionista y la acompa\u00f1a mientras Maxi L\u00f3pez est\u00e1 en Argentina\" height=\"2346\" width=\"1320\"\/><\/p>\n<p>La primera controversia con L\u00f3pez surgi\u00f3 despu\u00e9s del nacimiento de su hijo <b>Lando,<\/b> cuando regres\u00f3 casi de inmediato a nuestro pa\u00eds para hacer frente a sus obligaciones laborales. Algunos sectores<span class=\"waslinkname\"> pusieron en duda la decisi\u00f3n de recurrir a una ces\u00e1rea en lugar de esperar un parto natural<\/span>, como deseaba <b>Daniela Christiansson<\/b>. Seg\u00fan relat\u00f3 L\u00f3pez, esperaron hasta m\u00e1s de nueve meses, pero, por recomendaci\u00f3n del m\u00e9dico y el equipo del hospital en Ginebra, finalmente optaron por la ces\u00e1rea debido al peso del beb\u00e9, que superaba los 4,4 kilogramos. Destac\u00f3 que la elecci\u00f3n se tom\u00f3 en conjunto, siempre priorizando la salud y el bienestar tanto de Daniela como del beb\u00e9, y neg\u00f3 que sus compromisos laborales influyeran en la decisi\u00f3n.<\/p>\n<p>Pero en los \u00faltimos d\u00edas, otra vez el participante de MasterChef Celebrity qued\u00f3 en el ojo del hurac\u00e1n luego de hacer una referencia equivocada a la identidad de g\u00e9nero de <b>Flor de la V<\/b> durante una transmisi\u00f3n de Olga. La reacci\u00f3n en el estudio fue inmediata: sus colegas <b>Nati Jota<\/b> y <b>Noelia Custodio<\/b> corrigieron el error, subrayando que Flor de la V es una mujer. El episodio fue ampliamente comentado en redes sociales y calificado como inapropiado por usuarios y portales.<\/p>\n<p><img loading=\"lazy\" decoding=\"async\" src=\"https:\/\/lobosnews.com.ar\/wp-content\/uploads\/2026\/01\/tras-las-criticas-que-recibio-maxi-lopez-compartio-un-tierno-video-el-mejor-momento-del-dia-1.jpg\" alt=\"La pausa de Daniela Christiansson en Suiza: un caf\u00e9 compartido en un bar para ciclistas\" height=\"2346\" width=\"1320\"\/><\/p>\n<p>La propia <b>Flor de la V<\/b> abord\u00f3 la situaci\u00f3n en su programa televisivo, recurriendo al humor y restando gravedad al asunto. La conductora de Los Profesionales (El Nueve) valor\u00f3 la r\u00e1pida acci\u00f3n de sus colegas en el estudio para reafirmar su identidad y consider\u00f3 el comentario como un chiste sin mala intenci\u00f3n. Aun as\u00ed, destac\u00f3 la importancia de recordar y respetar la identidad de g\u00e9nero.<\/p>\n<p>En respuesta a la viralizaci\u00f3n del episodio, L\u00f3pez decidi\u00f3 aclarar su postura. <span class=\"waslinkname\">Se\u00f1al\u00f3 que se comunic\u00f3 directamente con Flor de la V<\/span> para explicar que no busca generar pol\u00e9micas y que prefiere mantener relaciones cordiales: \u201cEsta ma\u00f1ana habl\u00e9 con Flor y le expliqu\u00e9 que no soy pol\u00e9mico, que no quiero entrar en ning\u00fan terreno porque no soy as\u00ed y me llevo bien con todos\u201d. Insisti\u00f3 en que sus palabras fueron sacadas de contexto y manifest\u00f3 su disposici\u00f3n a pedir disculpas si alguien se sinti\u00f3 ofendido. \u201cSi me equivoco, pido perd\u00f3n, y si alguien se sinti\u00f3 ofendido, pido perd\u00f3n, no es lo que quiero\u201d, afirm\u00f3.<\/p>\n<p>La resoluci\u00f3n de estos episodios qued\u00f3 marcada por el di\u00e1logo directo entre <b>Maxi L\u00f3pez<\/b> y <b>Flor de la V<\/b>, lo que permiti\u00f3 restablecer la calma y reafirmar la voluntad de ambas partes de dejar las diferencias atr\u00e1s y avanzar con tranquilidad.<\/p>\n<p>Instalado en Argentina por motivos profesionales, L\u00f3pez public\u00f3 un <b>video emotivo<\/b> en el que muestra el momento diario que comparte con su hijo Lando a trav\u00e9s de una videollamada. En las im\u00e1genes, se lo observa vestido de manera informal, mirando a su hijo y dedic\u00e1ndole gestos afectuosos. Esta publicaci\u00f3n resalta el v\u00ednculo a distancia que mantiene con su familia durante su estad\u00eda temporal en Buenos Aires.<\/p>\n","protected":false},"excerpt":{"rendered":"<p>Tras quedar en el centro de la atenci\u00f3n p\u00fablica por cr\u00edticas derivadas de comentarios sobre Flor de la V y la pol\u00e9mica en torno a la rapidez de su viaje a la Argentina luego del nacimiento de su hijo, Maxi L\u00f3pez opt\u00f3 por mostrar su faceta familiar y comparti\u00f3 un video tierno mientras habla con&#8230;<\/p>\n","protected":false},"author":1,"featured_media":7630,"comment_status":"open","ping_status":"closed","sticky":false,"template":"","format":"standard","meta":{"_jetpack_memberships_contains_paid_content":false,"footnotes":""},"categories":[79],"tags":[],"class_list":["post-7626","post","type-post","status-publish","format-standard","has-post-thumbnail","hentry","category-cine-y-series"],"magazineBlocksPostFeaturedMedia":{"thumbnail":"https:\/\/lobosnews.com.ar\/wp-content\/uploads\/2026\/01\/tras-las-criticas-que-recibio-maxi-lopez-compartio-un-tierno-video-el-mejor-momento-del-dia-2-150x150.jpg","medium":"https:\/\/lobosnews.com.ar\/wp-content\/uploads\/2026\/01\/tras-las-criticas-que-recibio-maxi-lopez-compartio-un-tierno-video-el-mejor-momento-del-dia-2-169x300.jpg","medium_large":"https:\/\/lobosnews.com.ar\/wp-content\/uploads\/2026\/01\/tras-las-criticas-que-recibio-maxi-lopez-compartio-un-tierno-video-el-mejor-momento-del-dia-2-768x1365.jpg","large":"https:\/\/lobosnews.com.ar\/wp-content\/uploads\/2026\/01\/tras-las-criticas-que-recibio-maxi-lopez-compartio-un-tierno-video-el-mejor-momento-del-dia-2-576x1024.jpg","1536x1536":"https:\/\/lobosnews.com.ar\/wp-content\/uploads\/2026\/01\/tras-las-criticas-que-recibio-maxi-lopez-compartio-un-tierno-video-el-mejor-momento-del-dia-2-864x1536.jpg","2048x2048":"https:\/\/lobosnews.com.ar\/wp-content\/uploads\/2026\/01\/tras-las-criticas-que-recibio-maxi-lopez-compartio-un-tierno-video-el-mejor-momento-del-dia-2-1152x2048.jpg","newsmatic-featured":"https:\/\/lobosnews.com.ar\/wp-content\/uploads\/2026\/01\/tras-las-criticas-que-recibio-maxi-lopez-compartio-un-tierno-video-el-mejor-momento-del-dia-2-820x545.jpg","newsmatic-list":"https:\/\/lobosnews.com.ar\/wp-content\/uploads\/2026\/01\/tras-las-criticas-que-recibio-maxi-lopez-compartio-un-tierno-video-el-mejor-momento-del-dia-2-600x400.jpg","newsmatic-thumb":"https:\/\/lobosnews.com.ar\/wp-content\/uploads\/2026\/01\/tras-las-criticas-que-recibio-maxi-lopez-compartio-un-tierno-video-el-mejor-momento-del-dia-2-300x200.jpg","newsmatic-small":"https:\/\/lobosnews.com.ar\/wp-content\/uploads\/2026\/01\/tras-las-criticas-que-recibio-maxi-lopez-compartio-un-tierno-video-el-mejor-momento-del-dia-2-150x95.jpg","newsmatic-grid":"https:\/\/lobosnews.com.ar\/wp-content\/uploads\/2026\/01\/tras-las-criticas-que-recibio-maxi-lopez-compartio-un-tierno-video-el-mejor-momento-del-dia-2-400x250.jpg"},"magazineBlocksPostAuthor":{"name":"admin","avatar":"https:\/\/secure.gravatar.com\/avatar\/76e419471a2083bc3ceab22a763dbbf9b0c1bd15a6214cf3280e2c2dde4580f9?s=96&d=mm&r=g"},"magazineBlocksPostCommentsNumber":"0","magazineBlocksPostExcerpt":"Tras quedar en el centro de la atenci\u00f3n p\u00fablica por cr\u00edticas derivadas de comentarios sobre Flor de la V y la pol\u00e9mica en torno a la rapidez de su viaje a la Argentina luego del nacimiento de su hijo, Maxi L\u00f3pez opt\u00f3 por mostrar su faceta familiar y comparti\u00f3 un video tierno mientras habla con...","magazineBlocksPostCategories":["Cine y Series"],"magazineBlocksPostViewCount":139,"magazineBlocksPostReadTime":4,"magazine_blocks_featured_image_url":{"full":["https:\/\/lobosnews.com.ar\/wp-content\/uploads\/2026\/01\/tras-las-criticas-que-recibio-maxi-lopez-compartio-un-tierno-video-el-mejor-momento-del-dia-2.jpg",1320,2346,false],"medium":["https:\/\/lobosnews.com.ar\/wp-content\/uploads\/2026\/01\/tras-las-criticas-que-recibio-maxi-lopez-compartio-un-tierno-video-el-mejor-momento-del-dia-2-169x300.jpg",169,300,true],"thumbnail":["https:\/\/lobosnews.com.ar\/wp-content\/uploads\/2026\/01\/tras-las-criticas-que-recibio-maxi-lopez-compartio-un-tierno-video-el-mejor-momento-del-dia-2-150x150.jpg",150,150,true]},"magazine_blocks_author":{"display_name":"admin","author_link":"https:\/\/lobosnews.com.ar\/index.php\/author\/lobos-news\/"},"magazine_blocks_comment":0,"magazine_blocks_author_image":"https:\/\/secure.gravatar.com\/avatar\/76e419471a2083bc3ceab22a763dbbf9b0c1bd15a6214cf3280e2c2dde4580f9?s=96&d=mm&r=g","magazine_blocks_category":"<a href=\"#\" class=\"category-link category-link-79\">Cine y Series<\/a>","yoast_head":"<!-- This site is optimized with the Yoast SEO plugin v26.6 - https:\/\/yoast.com\/wordpress\/plugins\/seo\/ -->\n<title>Tras las cr\u00edticas que recibi\u00f3, Maxi L\u00f3pez comparti\u00f3 un tierno video: \u201cEl mejor momento del d\u00eda\u201d - Lobos News<\/title>\n<meta name=\"robots\" content=\"index, follow, max-snippet:-1, max-image-preview:large, max-video-preview:-1\" \/>\n<link rel=\"canonical\" href=\"https:\/\/lobosnews.com.ar\/index.php\/2026\/01\/17\/tras-las-criticas-que-recibio-maxi-lopez-compartio-un-tierno-video-el-mejor-momento-del-dia\/\" \/>\n<meta property=\"og:locale\" content=\"es_ES\" \/>\n<meta property=\"og:type\" content=\"article\" \/>\n<meta property=\"og:title\" content=\"Tras las cr\u00edticas que recibi\u00f3, Maxi L\u00f3pez comparti\u00f3 un tierno video: \u201cEl mejor momento del d\u00eda\u201d - Lobos News\" \/>\n<meta property=\"og:description\" content=\"Tras quedar en el centro de la atenci\u00f3n p\u00fablica por cr\u00edticas derivadas de comentarios sobre Flor de la V y la pol\u00e9mica en torno a la rapidez de su viaje a la Argentina luego del nacimiento de su hijo, Maxi L\u00f3pez opt\u00f3 por mostrar su faceta familiar y comparti\u00f3 un video tierno mientras habla con...\" \/>\n<meta property=\"og:url\" content=\"https:\/\/lobosnews.com.ar\/index.php\/2026\/01\/17\/tras-las-criticas-que-recibio-maxi-lopez-compartio-un-tierno-video-el-mejor-momento-del-dia\/\" \/>\n<meta property=\"og:site_name\" content=\"Lobos News\" \/>\n<meta property=\"article:published_time\" content=\"2026-01-17T02:39:07+00:00\" \/>\n<meta property=\"article:modified_time\" content=\"2026-01-17T04:40:47+00:00\" \/>\n<meta property=\"og:image\" content=\"https:\/\/lobosnews.com.ar\/wp-content\/uploads\/2026\/01\/tras-las-criticas-que-recibio-maxi-lopez-compartio-un-tierno-video-el-mejor-momento-del-dia.jpg\" \/>\n<meta name=\"author\" content=\"admin\" \/>\n<meta name=\"twitter:card\" content=\"summary_large_image\" \/>\n<meta name=\"twitter:label1\" content=\"Escrito por\" \/>\n\t<meta name=\"twitter:data1\" content=\"admin\" \/>\n\t<meta name=\"twitter:label2\" content=\"Tiempo de lectura\" \/>\n\t<meta name=\"twitter:data2\" content=\"4 minutos\" \/>\n<script type=\"application\/ld+json\" class=\"yoast-schema-graph\">{\"@context\":\"https:\/\/schema.org\",\"@graph\":[{\"@type\":\"Article\",\"@id\":\"https:\/\/lobosnews.com.ar\/index.php\/2026\/01\/17\/tras-las-criticas-que-recibio-maxi-lopez-compartio-un-tierno-video-el-mejor-momento-del-dia\/#article\",\"isPartOf\":{\"@id\":\"https:\/\/lobosnews.com.ar\/index.php\/2026\/01\/17\/tras-las-criticas-que-recibio-maxi-lopez-compartio-un-tierno-video-el-mejor-momento-del-dia\/\"},\"author\":{\"name\":\"admin\",\"@id\":\"https:\/\/lobosnews.com.ar\/#\/schema\/person\/232422a593d5c541dd9aef6aaed10943\"},\"headline\":\"Tras las cr\u00edticas que recibi\u00f3, Maxi L\u00f3pez comparti\u00f3 un tierno video: \u201cEl mejor momento del d\u00eda\u201d\",\"datePublished\":\"2026-01-17T02:39:07+00:00\",\"dateModified\":\"2026-01-17T04:40:47+00:00\",\"mainEntityOfPage\":{\"@id\":\"https:\/\/lobosnews.com.ar\/index.php\/2026\/01\/17\/tras-las-criticas-que-recibio-maxi-lopez-compartio-un-tierno-video-el-mejor-momento-del-dia\/\"},\"wordCount\":817,\"commentCount\":0,\"publisher\":{\"@id\":\"https:\/\/lobosnews.com.ar\/#organization\"},\"image\":{\"@id\":\"https:\/\/lobosnews.com.ar\/index.php\/2026\/01\/17\/tras-las-criticas-que-recibio-maxi-lopez-compartio-un-tierno-video-el-mejor-momento-del-dia\/#primaryimage\"},\"thumbnailUrl\":\"https:\/\/lobosnews.com.ar\/wp-content\/uploads\/2026\/01\/tras-las-criticas-que-recibio-maxi-lopez-compartio-un-tierno-video-el-mejor-momento-del-dia-2.jpg\",\"articleSection\":[\"Cine y Series\"],\"inLanguage\":\"es\",\"potentialAction\":[{\"@type\":\"CommentAction\",\"name\":\"Comment\",\"target\":[\"https:\/\/lobosnews.com.ar\/index.php\/2026\/01\/17\/tras-las-criticas-que-recibio-maxi-lopez-compartio-un-tierno-video-el-mejor-momento-del-dia\/#respond\"]}]},{\"@type\":\"WebPage\",\"@id\":\"https:\/\/lobosnews.com.ar\/index.php\/2026\/01\/17\/tras-las-criticas-que-recibio-maxi-lopez-compartio-un-tierno-video-el-mejor-momento-del-dia\/\",\"url\":\"https:\/\/lobosnews.com.ar\/index.php\/2026\/01\/17\/tras-las-criticas-que-recibio-maxi-lopez-compartio-un-tierno-video-el-mejor-momento-del-dia\/\",\"name\":\"Tras las cr\u00edticas que recibi\u00f3, Maxi L\u00f3pez comparti\u00f3 un tierno video: \u201cEl mejor momento del d\u00eda\u201d - Lobos News\",\"isPartOf\":{\"@id\":\"https:\/\/lobosnews.com.ar\/#website\"},\"primaryImageOfPage\":{\"@id\":\"https:\/\/lobosnews.com.ar\/index.php\/2026\/01\/17\/tras-las-criticas-que-recibio-maxi-lopez-compartio-un-tierno-video-el-mejor-momento-del-dia\/#primaryimage\"},\"image\":{\"@id\":\"https:\/\/lobosnews.com.ar\/index.php\/2026\/01\/17\/tras-las-criticas-que-recibio-maxi-lopez-compartio-un-tierno-video-el-mejor-momento-del-dia\/#primaryimage\"},\"thumbnailUrl\":\"https:\/\/lobosnews.com.ar\/wp-content\/uploads\/2026\/01\/tras-las-criticas-que-recibio-maxi-lopez-compartio-un-tierno-video-el-mejor-momento-del-dia-2.jpg\",\"datePublished\":\"2026-01-17T02:39:07+00:00\",\"dateModified\":\"2026-01-17T04:40:47+00:00\",\"breadcrumb\":{\"@id\":\"https:\/\/lobosnews.com.ar\/index.php\/2026\/01\/17\/tras-las-criticas-que-recibio-maxi-lopez-compartio-un-tierno-video-el-mejor-momento-del-dia\/#breadcrumb\"},\"inLanguage\":\"es\",\"potentialAction\":[{\"@type\":\"ReadAction\",\"target\":[\"https:\/\/lobosnews.com.ar\/index.php\/2026\/01\/17\/tras-las-criticas-que-recibio-maxi-lopez-compartio-un-tierno-video-el-mejor-momento-del-dia\/\"]}]},{\"@type\":\"ImageObject\",\"inLanguage\":\"es\",\"@id\":\"https:\/\/lobosnews.com.ar\/index.php\/2026\/01\/17\/tras-las-criticas-que-recibio-maxi-lopez-compartio-un-tierno-video-el-mejor-momento-del-dia\/#primaryimage\",\"url\":\"https:\/\/lobosnews.com.ar\/wp-content\/uploads\/2026\/01\/tras-las-criticas-que-recibio-maxi-lopez-compartio-un-tierno-video-el-mejor-momento-del-dia-2.jpg\",\"contentUrl\":\"https:\/\/lobosnews.com.ar\/wp-content\/uploads\/2026\/01\/tras-las-criticas-que-recibio-maxi-lopez-compartio-un-tierno-video-el-mejor-momento-del-dia-2.jpg\",\"width\":1320,\"height\":2346,\"caption\":\"Tras las cr\u00edticas que recibi\u00f3, Maxi L\u00f3pez comparti\u00f3 un tierno video: \u201cEl mejor momento del d\u00eda\u201d\"},{\"@type\":\"BreadcrumbList\",\"@id\":\"https:\/\/lobosnews.com.ar\/index.php\/2026\/01\/17\/tras-las-criticas-que-recibio-maxi-lopez-compartio-un-tierno-video-el-mejor-momento-del-dia\/#breadcrumb\",\"itemListElement\":[{\"@type\":\"ListItem\",\"position\":1,\"name\":\"Portada\",\"item\":\"https:\/\/lobosnews.com.ar\/\"},{\"@type\":\"ListItem\",\"position\":2,\"name\":\"Tras las cr\u00edticas que recibi\u00f3, Maxi L\u00f3pez comparti\u00f3 un tierno video: \u201cEl mejor momento del d\u00eda\u201d\"}]},{\"@type\":\"WebSite\",\"@id\":\"https:\/\/lobosnews.com.ar\/#website\",\"url\":\"https:\/\/lobosnews.com.ar\/\",\"name\":\"Lobos News\",\"description\":\"Informaci\u00f3n a cada instante\",\"publisher\":{\"@id\":\"https:\/\/lobosnews.com.ar\/#organization\"},\"potentialAction\":[{\"@type\":\"SearchAction\",\"target\":{\"@type\":\"EntryPoint\",\"urlTemplate\":\"https:\/\/lobosnews.com.ar\/?s={search_term_string}\"},\"query-input\":{\"@type\":\"PropertyValueSpecification\",\"valueRequired\":true,\"valueName\":\"search_term_string\"}}],\"inLanguage\":\"es\"},{\"@type\":\"Organization\",\"@id\":\"https:\/\/lobosnews.com.ar\/#organization\",\"name\":\"Lobos News\",\"url\":\"https:\/\/lobosnews.com.ar\/\",\"logo\":{\"@type\":\"ImageObject\",\"inLanguage\":\"es\",\"@id\":\"https:\/\/lobosnews.com.ar\/#\/schema\/logo\/image\/\",\"url\":\"https:\/\/lobosnews.com.ar\/wp-content\/uploads\/2026\/01\/logo-lobosnews.png\",\"contentUrl\":\"https:\/\/lobosnews.com.ar\/wp-content\/uploads\/2026\/01\/logo-lobosnews.png\",\"width\":500,\"height\":200,\"caption\":\"Lobos News\"},\"image\":{\"@id\":\"https:\/\/lobosnews.com.ar\/#\/schema\/logo\/image\/\"}},{\"@type\":\"Person\",\"@id\":\"https:\/\/lobosnews.com.ar\/#\/schema\/person\/232422a593d5c541dd9aef6aaed10943\",\"name\":\"admin\",\"image\":{\"@type\":\"ImageObject\",\"inLanguage\":\"es\",\"@id\":\"https:\/\/lobosnews.com.ar\/#\/schema\/person\/image\/\",\"url\":\"https:\/\/secure.gravatar.com\/avatar\/76e419471a2083bc3ceab22a763dbbf9b0c1bd15a6214cf3280e2c2dde4580f9?s=96&d=mm&r=g\",\"contentUrl\":\"https:\/\/secure.gravatar.com\/avatar\/76e419471a2083bc3ceab22a763dbbf9b0c1bd15a6214cf3280e2c2dde4580f9?s=96&d=mm&r=g\",\"caption\":\"admin\"},\"sameAs\":[\"https:\/\/lobosnews.com.ar\"],\"url\":\"https:\/\/lobosnews.com.ar\/index.php\/author\/lobos-news\/\"}]}<\/script>\n<!-- \/ Yoast SEO plugin. -->","yoast_head_json":{"title":"Tras las cr\u00edticas que recibi\u00f3, Maxi L\u00f3pez comparti\u00f3 un tierno video: \u201cEl mejor momento del d\u00eda\u201d - Lobos News","robots":{"index":"index","follow":"follow","max-snippet":"max-snippet:-1","max-image-preview":"max-image-preview:large","max-video-preview":"max-video-preview:-1"},"canonical":"https:\/\/lobosnews.com.ar\/index.php\/2026\/01\/17\/tras-las-criticas-que-recibio-maxi-lopez-compartio-un-tierno-video-el-mejor-momento-del-dia\/","og_locale":"es_ES","og_type":"article","og_title":"Tras las cr\u00edticas que recibi\u00f3, Maxi L\u00f3pez comparti\u00f3 un tierno video: \u201cEl mejor momento del d\u00eda\u201d - Lobos News","og_description":"Tras quedar en el centro de la atenci\u00f3n p\u00fablica por cr\u00edticas derivadas de comentarios sobre Flor de la V y la pol\u00e9mica en torno a la rapidez de su viaje a la Argentina luego del nacimiento de su hijo, Maxi L\u00f3pez opt\u00f3 por mostrar su faceta familiar y comparti\u00f3 un video tierno mientras habla con...","og_url":"https:\/\/lobosnews.com.ar\/index.php\/2026\/01\/17\/tras-las-criticas-que-recibio-maxi-lopez-compartio-un-tierno-video-el-mejor-momento-del-dia\/","og_site_name":"Lobos News","article_published_time":"2026-01-17T02:39:07+00:00","article_modified_time":"2026-01-17T04:40:47+00:00","og_image":[{"url":"https:\/\/lobosnews.com.ar\/wp-content\/uploads\/2026\/01\/tras-las-criticas-que-recibio-maxi-lopez-compartio-un-tierno-video-el-mejor-momento-del-dia.jpg","type":"","width":"","height":""}],"author":"admin","twitter_card":"summary_large_image","twitter_misc":{"Escrito por":"admin","Tiempo de lectura":"4 minutos"},"schema":{"@context":"https:\/\/schema.org","@graph":[{"@type":"Article","@id":"https:\/\/lobosnews.com.ar\/index.php\/2026\/01\/17\/tras-las-criticas-que-recibio-maxi-lopez-compartio-un-tierno-video-el-mejor-momento-del-dia\/#article","isPartOf":{"@id":"https:\/\/lobosnews.com.ar\/index.php\/2026\/01\/17\/tras-las-criticas-que-recibio-maxi-lopez-compartio-un-tierno-video-el-mejor-momento-del-dia\/"},"author":{"name":"admin","@id":"https:\/\/lobosnews.com.ar\/#\/schema\/person\/232422a593d5c541dd9aef6aaed10943"},"headline":"Tras las cr\u00edticas que recibi\u00f3, Maxi L\u00f3pez comparti\u00f3 un tierno video: \u201cEl mejor momento del d\u00eda\u201d","datePublished":"2026-01-17T02:39:07+00:00","dateModified":"2026-01-17T04:40:47+00:00","mainEntityOfPage":{"@id":"https:\/\/lobosnews.com.ar\/index.php\/2026\/01\/17\/tras-las-criticas-que-recibio-maxi-lopez-compartio-un-tierno-video-el-mejor-momento-del-dia\/"},"wordCount":817,"commentCount":0,"publisher":{"@id":"https:\/\/lobosnews.com.ar\/#organization"},"image":{"@id":"https:\/\/lobosnews.com.ar\/index.php\/2026\/01\/17\/tras-las-criticas-que-recibio-maxi-lopez-compartio-un-tierno-video-el-mejor-momento-del-dia\/#primaryimage"},"thumbnailUrl":"https:\/\/lobosnews.com.ar\/wp-content\/uploads\/2026\/01\/tras-las-criticas-que-recibio-maxi-lopez-compartio-un-tierno-video-el-mejor-momento-del-dia-2.jpg","articleSection":["Cine y Series"],"inLanguage":"es","potentialAction":[{"@type":"CommentAction","name":"Comment","target":["https:\/\/lobosnews.com.ar\/index.php\/2026\/01\/17\/tras-las-criticas-que-recibio-maxi-lopez-compartio-un-tierno-video-el-mejor-momento-del-dia\/#respond"]}]},{"@type":"WebPage","@id":"https:\/\/lobosnews.com.ar\/index.php\/2026\/01\/17\/tras-las-criticas-que-recibio-maxi-lopez-compartio-un-tierno-video-el-mejor-momento-del-dia\/","url":"https:\/\/lobosnews.com.ar\/index.php\/2026\/01\/17\/tras-las-criticas-que-recibio-maxi-lopez-compartio-un-tierno-video-el-mejor-momento-del-dia\/","name":"Tras las cr\u00edticas que recibi\u00f3, Maxi L\u00f3pez comparti\u00f3 un tierno video: \u201cEl mejor momento del d\u00eda\u201d - Lobos News","isPartOf":{"@id":"https:\/\/lobosnews.com.ar\/#website"},"primaryImageOfPage":{"@id":"https:\/\/lobosnews.com.ar\/index.php\/2026\/01\/17\/tras-las-criticas-que-recibio-maxi-lopez-compartio-un-tierno-video-el-mejor-momento-del-dia\/#primaryimage"},"image":{"@id":"https:\/\/lobosnews.com.ar\/index.php\/2026\/01\/17\/tras-las-criticas-que-recibio-maxi-lopez-compartio-un-tierno-video-el-mejor-momento-del-dia\/#primaryimage"},"thumbnailUrl":"https:\/\/lobosnews.com.ar\/wp-content\/uploads\/2026\/01\/tras-las-criticas-que-recibio-maxi-lopez-compartio-un-tierno-video-el-mejor-momento-del-dia-2.jpg","datePublished":"2026-01-17T02:39:07+00:00","dateModified":"2026-01-17T04:40:47+00:00","breadcrumb":{"@id":"https:\/\/lobosnews.com.ar\/index.php\/2026\/01\/17\/tras-las-criticas-que-recibio-maxi-lopez-compartio-un-tierno-video-el-mejor-momento-del-dia\/#breadcrumb"},"inLanguage":"es","potentialAction":[{"@type":"ReadAction","target":["https:\/\/lobosnews.com.ar\/index.php\/2026\/01\/17\/tras-las-criticas-que-recibio-maxi-lopez-compartio-un-tierno-video-el-mejor-momento-del-dia\/"]}]},{"@type":"ImageObject","inLanguage":"es","@id":"https:\/\/lobosnews.com.ar\/index.php\/2026\/01\/17\/tras-las-criticas-que-recibio-maxi-lopez-compartio-un-tierno-video-el-mejor-momento-del-dia\/#primaryimage","url":"https:\/\/lobosnews.com.ar\/wp-content\/uploads\/2026\/01\/tras-las-criticas-que-recibio-maxi-lopez-compartio-un-tierno-video-el-mejor-momento-del-dia-2.jpg","contentUrl":"https:\/\/lobosnews.com.ar\/wp-content\/uploads\/2026\/01\/tras-las-criticas-que-recibio-maxi-lopez-compartio-un-tierno-video-el-mejor-momento-del-dia-2.jpg","width":1320,"height":2346,"caption":"Tras las cr\u00edticas que recibi\u00f3, Maxi L\u00f3pez comparti\u00f3 un tierno video: \u201cEl mejor momento del d\u00eda\u201d"},{"@type":"BreadcrumbList","@id":"https:\/\/lobosnews.com.ar\/index.php\/2026\/01\/17\/tras-las-criticas-que-recibio-maxi-lopez-compartio-un-tierno-video-el-mejor-momento-del-dia\/#breadcrumb","itemListElement":[{"@type":"ListItem","position":1,"name":"Portada","item":"https:\/\/lobosnews.com.ar\/"},{"@type":"ListItem","position":2,"name":"Tras las cr\u00edticas que recibi\u00f3, Maxi L\u00f3pez comparti\u00f3 un tierno video: \u201cEl mejor momento del d\u00eda\u201d"}]},{"@type":"WebSite","@id":"https:\/\/lobosnews.com.ar\/#website","url":"https:\/\/lobosnews.com.ar\/","name":"Lobos News","description":"Informaci\u00f3n a cada instante","publisher":{"@id":"https:\/\/lobosnews.com.ar\/#organization"},"potentialAction":[{"@type":"SearchAction","target":{"@type":"EntryPoint","urlTemplate":"https:\/\/lobosnews.com.ar\/?s={search_term_string}"},"query-input":{"@type":"PropertyValueSpecification","valueRequired":true,"valueName":"search_term_string"}}],"inLanguage":"es"},{"@type":"Organization","@id":"https:\/\/lobosnews.com.ar\/#organization","name":"Lobos News","url":"https:\/\/lobosnews.com.ar\/","logo":{"@type":"ImageObject","inLanguage":"es","@id":"https:\/\/lobosnews.com.ar\/#\/schema\/logo\/image\/","url":"https:\/\/lobosnews.com.ar\/wp-content\/uploads\/2026\/01\/logo-lobosnews.png","contentUrl":"https:\/\/lobosnews.com.ar\/wp-content\/uploads\/2026\/01\/logo-lobosnews.png","width":500,"height":200,"caption":"Lobos News"},"image":{"@id":"https:\/\/lobosnews.com.ar\/#\/schema\/logo\/image\/"}},{"@type":"Person","@id":"https:\/\/lobosnews.com.ar\/#\/schema\/person\/232422a593d5c541dd9aef6aaed10943","name":"admin","image":{"@type":"ImageObject","inLanguage":"es","@id":"https:\/\/lobosnews.com.ar\/#\/schema\/person\/image\/","url":"https:\/\/secure.gravatar.com\/avatar\/76e419471a2083bc3ceab22a763dbbf9b0c1bd15a6214cf3280e2c2dde4580f9?s=96&d=mm&r=g","contentUrl":"https:\/\/secure.gravatar.com\/avatar\/76e419471a2083bc3ceab22a763dbbf9b0c1bd15a6214cf3280e2c2dde4580f9?s=96&d=mm&r=g","caption":"admin"},"sameAs":["https:\/\/lobosnews.com.ar"],"url":"https:\/\/lobosnews.com.ar\/index.php\/author\/lobos-news\/"}]}},"jetpack_featured_media_url":"https:\/\/lobosnews.com.ar\/wp-content\/uploads\/2026\/01\/tras-las-criticas-que-recibio-maxi-lopez-compartio-un-tierno-video-el-mejor-momento-del-dia-2.jpg","jetpack_sharing_enabled":true,"_links":{"self":[{"href":"https:\/\/lobosnews.com.ar\/index.php\/wp-json\/wp\/v2\/posts\/7626","targetHints":{"allow":["GET"]}}],"collection":[{"href":"https:\/\/lobosnews.com.ar\/index.php\/wp-json\/wp\/v2\/posts"}],"about":[{"href":"https:\/\/lobosnews.com.ar\/index.php\/wp-json\/wp\/v2\/types\/post"}],"author":[{"embeddable":true,"href":"https:\/\/lobosnews.com.ar\/index.php\/wp-json\/wp\/v2\/users\/1"}],"replies":[{"embeddable":true,"href":"https:\/\/lobosnews.com.ar\/index.php\/wp-json\/wp\/v2\/comments?post=7626"}],"version-history":[{"count":1,"href":"https:\/\/lobosnews.com.ar\/index.php\/wp-json\/wp\/v2\/posts\/7626\/revisions"}],"predecessor-version":[{"id":7629,"href":"https:\/\/lobosnews.com.ar\/index.php\/wp-json\/wp\/v2\/posts\/7626\/revisions\/7629"}],"wp:featuredmedia":[{"embeddable":true,"href":"https:\/\/lobosnews.com.ar\/index.php\/wp-json\/wp\/v2\/media\/7630"}],"wp:attachment":[{"href":"https:\/\/lobosnews.com.ar\/index.php\/wp-json\/wp\/v2\/media?parent=7626"}],"wp:term":[{"taxonomy":"category","embeddable":true,"href":"https:\/\/lobosnews.com.ar\/index.php\/wp-json\/wp\/v2\/categories?post=7626"},{"taxonomy":"post_tag","embeddable":true,"href":"https:\/\/lobosnews.com.ar\/index.php\/wp-json\/wp\/v2\/tags?post=7626"}],"curies":[{"name":"wp","href":"https:\/\/api.w.org\/{rel}","templated":true}]}}