{"id":7613,"date":"2026-01-17T00:49:12","date_gmt":"2026-01-17T00:49:12","guid":{"rendered":"https:\/\/lobosnews.com.ar\/index.php\/2026\/01\/17\/donald-trump-dijo-que-impondra-aranceles-a-los-paises-que-no-respalden-sus-planes-de-tomar-el-control-de-groenlandia\/"},"modified":"2026-01-17T04:33:52","modified_gmt":"2026-01-17T04:33:52","slug":"donald-trump-dijo-que-impondra-aranceles-a-los-paises-que-no-respalden-sus-planes-de-tomar-el-control-de-groenlandia","status":"publish","type":"post","link":"https:\/\/lobosnews.com.ar\/index.php\/2026\/01\/17\/donald-trump-dijo-que-impondra-aranceles-a-los-paises-que-no-respalden-sus-planes-de-tomar-el-control-de-groenlandia\/","title":{"rendered":"Donald Trump dijo que impondr\u00e1 aranceles a los pa\u00edses que no respalden sus planes de tomar el control de Groenlandia"},"content":{"rendered":"<p><img loading=\"lazy\" decoding=\"async\" src=\"https:\/\/lobosnews.com.ar\/wp-content\/uploads\/2026\/01\/donald-trump-dijo-que-impondra-aranceles-a-los-paises-que-no-respalden-sus-planes-de-tomar-el-control-de-groenlandia.jpg\" alt=\"El presidente de Estados Unidos, Donald Trump. (REUTERS\/Nathan Howard)\" height=\"1137\" width=\"1706\"\/><\/p>\n<p>El presidente de <b>Estados Unidos<\/b>, <b>Donald Trump<\/b>, afirm\u00f3 este viernes que podr\u00eda aplicar aranceles a los pa\u00edses que no respalden su intenci\u00f3n de tomar el control de <b>Groenlandia<\/b>, un territorio perteneciente a <b>Dinamarca<\/b>, aliado de la <b>OTAN<\/b>.<\/p>\n<p><b>\u201cPodr\u00eda imponer un arancel a los pa\u00edses si no aceptan lo de Groenlandia, porque necesitamos Groenlandia por razones de seguridad nacional\u201d<\/b>, asegur\u00f3 Trump en la Casa Blanca.<b> \u201c\u00a1Podr\u00eda hacerlo!\u201d<\/b>. El mandatario compar\u00f3 esta medida con las tarifas que el a\u00f1o pasado amenaz\u00f3 con aplicar a Francia y Alemania por el precio de los productos farmac\u00e9uticos.<\/p>\n<p>Sus declaraciones llegaron despu\u00e9s de que varios gobiernos europeos manifestaran su desacuerdo con las intenciones de Trump. Este viernes, el ministro de Econom\u00eda de <b>Francia, Roland Lescure<\/b>, advirti\u00f3 a Estados Unidos de que cualquier paso destinado a tomar el control de Groenlandia supondr\u00eda \u201ccruzar una l\u00ednea\u201d y afectar\u00eda a las relaciones econ\u00f3micas entre Washington y los pa\u00edses europeos. <b>\u201cGroenlandia es parte soberana de un pa\u00eds soberano que es parte de la Uni\u00f3n Europea (UE). No habr\u00eda que jugar con eso\u201d<\/b>, afirm\u00f3 Lescure en una entrevista al diario <i>Financial Times<\/i>.<\/p>\n<p>Adem\u00e1s, el primer ministro de <b>Polonia<\/b>,<b> Donald Tusk<\/b>, pidi\u00f3 tomarse en serio las amenazas del presidente estadounidense sobre tomar la isla \u00e1rtica. <b>\u201cDesde hace tiempo s\u00e9 que no podemos descartar ning\u00fan escenario. Teniendo en cuenta las acciones actuales de la Administraci\u00f3n del presidente Trump, cualquier escenario es posible\u201d<\/b>, afirm\u00f3.<\/p>\n<p><img loading=\"lazy\" decoding=\"async\" src=\"https:\/\/lobosnews.com.ar\/wp-content\/uploads\/2026\/01\/donald-trump-dijo-que-impondra-aranceles-a-los-paises-que-no-respalden-sus-planes-de-tomar-el-control-de-groenlandia-1.jpg\" alt=\"ARCHIVO - Un avi\u00f3n con Donald Trump Jr. a bordo aterriza en Nuuk, Groenlandia, el 7 de enero de 2025. (Emil Stach\/Ritzau Scanpix via AP, archivo)\" height=\"2784\" width=\"4176\"\/><\/p>\n<p>Trump sostiene que Estados Unidos necesita Groenlandia por su riqueza mineral y ha acusado a la isla de no hacer lo suficiente para garantizar su seguridad frente a rivales como <b>Rusia <\/b>y <b>China<\/b>.<\/p>\n<p>Una delegaci\u00f3n de Dinamarca y Groenlandia se reuni\u00f3 este mi\u00e9rcoles en la Casa Blanca con el vicepresidente estadounidense, <b>JD Vance<\/b>, y el secretario de Estado, <b>Marco Rubio. <\/b>Sin embargo, ninguna de las partes hizo declaraciones tras el encuentro. Pese a ello, la Casa Blanca inform\u00f3 el jueves que Estados Unidos, Dinamarca y Groenlandia acordaron crear un grupo de trabajo para continuar las conversaciones cada dos o tres semanas sobre este asunto.<\/p>\n<h2>\u00bfQu\u00e9 tiene Groenlandia<\/h2>\n<p>Groenlandia, con una superficie de 2,1 millones de kil\u00f3metros cuadrados, posee una gran riqueza de <b>recursos naturales<\/b>, entre ellos petr\u00f3leo, hierro, grafito, tungsteno, paladio, vanadio, zinc, uranio, cobre y oro. El territorio tambi\u00e9n dispone de importantes reservas de <b>tierras raras<\/b>, con elementos como lantano, cerio, neodimio e itrio.<\/p>\n<p>Estados Unidos sit\u00faa a Groenlandia como el octavo territorio del mundo en reservas de tierras raras, minerales que en los \u00faltimos a\u00f1os han adquirido un <b>papel clave para la industria del autom\u00f3vil, la electr\u00f3nica de alta tecnolog\u00eda y aplicaciones de defensa<\/b>.<\/p>\n<p>Seg\u00fan el Servicio Geol\u00f3gico de EEUU, gran parte de la isla se encuentra dentro del <b>C\u00edrculo Polar \u00c1rtico<\/b> y alberga alrededor de <b>1,5 millones de toneladas de tierras raras. <\/b>Adem\u00e1s, dos de los yacimientos localizados en el sur figuran entre los mayores del planeta, aunque por el momento no se est\u00e1n explotando estos minerales en el subsuelo groenland\u00e9s.<\/p>\n<p><img loading=\"lazy\" decoding=\"async\" src=\"https:\/\/lobosnews.com.ar\/wp-content\/uploads\/2026\/01\/donald-trump-dijo-que-impondra-aranceles-a-los-paises-que-no-respalden-sus-planes-de-tomar-el-control-de-groenlandia-2.jpg\" alt=\"FOTO DE ARCHIVO: El vicepresidente estadounidense, J.D. Vance, recorre la base espacial Pituffik del ej\u00e9rcito estadounidense en Groenlandia. 28 de marzo de 2025. (Jim Watson\/Pool v\u00eda REUTERS)\" height=\"503\" width=\"800\"\/><\/p>\n<p>Desde la <b>Segunda Guerra Mundial<\/b>, la isla ha sido un punto estrat\u00e9gico para la seguridad de <b>Am\u00e9rica del Norte<\/b>. Durante el conflicto, <b>Estados Unidos<\/b> ocup\u00f3 Groenlandia para evitar que cayera bajo control de la <b>Alemania nazi<\/b> y proteger las rutas de navegaci\u00f3n en el <b>Atl\u00e1ntico Norte<\/b>.<\/p>\n<p>Desde entonces, Washington ha mantenido presencia militar en la isla, operando la <b>Base Espacial Pituffik<\/b> (anteriormente <b>Base A\u00e9rea Thule<\/b>), una instalaci\u00f3n crucial para la defensa contra misiles y la vigilancia espacial. Adem\u00e1s, <b>Groenlandia<\/b> forma parte de la brecha <b>GIUK<\/b> (<b>Groenlandia, Islandia y Reino Unido<\/b>), una zona estrat\u00e9gica para el monitoreo de movimientos navales rusos en el Atl\u00e1ntico Norte.<\/p>\n<p><i>(Con informaci\u00f3n de AFP\/EFE)<\/i><\/p>\n","protected":false},"excerpt":{"rendered":"<p>El presidente de Estados Unidos, Donald Trump, afirm\u00f3 este viernes que podr\u00eda aplicar aranceles a los pa\u00edses que no respalden su intenci\u00f3n de tomar el control de Groenlandia, un territorio perteneciente a Dinamarca, aliado de la OTAN. \u201cPodr\u00eda imponer un arancel a los pa\u00edses si no aceptan lo de Groenlandia, porque necesitamos Groenlandia por razones&#8230;<\/p>\n","protected":false},"author":1,"featured_media":7618,"comment_status":"open","ping_status":"closed","sticky":false,"template":"","format":"standard","meta":{"_jetpack_memberships_contains_paid_content":false,"footnotes":""},"categories":[31],"tags":[],"class_list":["post-7613","post","type-post","status-publish","format-standard","has-post-thumbnail","hentry","category-actualidad"],"magazineBlocksPostFeaturedMedia":{"thumbnail":"https:\/\/lobosnews.com.ar\/wp-content\/uploads\/2026\/01\/donald-trump-dijo-que-impondra-aranceles-a-los-paises-que-no-respalden-sus-planes-de-tomar-el-control-de-groenlandia-4-150x150.jpg","medium":"https:\/\/lobosnews.com.ar\/wp-content\/uploads\/2026\/01\/donald-trump-dijo-que-impondra-aranceles-a-los-paises-que-no-respalden-sus-planes-de-tomar-el-control-de-groenlandia-4-300x189.jpg","medium_large":"https:\/\/lobosnews.com.ar\/wp-content\/uploads\/2026\/01\/donald-trump-dijo-que-impondra-aranceles-a-los-paises-que-no-respalden-sus-planes-de-tomar-el-control-de-groenlandia-4-768x483.jpg","large":"https:\/\/lobosnews.com.ar\/wp-content\/uploads\/2026\/01\/donald-trump-dijo-que-impondra-aranceles-a-los-paises-que-no-respalden-sus-planes-de-tomar-el-control-de-groenlandia-4.jpg","1536x1536":"https:\/\/lobosnews.com.ar\/wp-content\/uploads\/2026\/01\/donald-trump-dijo-que-impondra-aranceles-a-los-paises-que-no-respalden-sus-planes-de-tomar-el-control-de-groenlandia-4.jpg","2048x2048":"https:\/\/lobosnews.com.ar\/wp-content\/uploads\/2026\/01\/donald-trump-dijo-que-impondra-aranceles-a-los-paises-que-no-respalden-sus-planes-de-tomar-el-control-de-groenlandia-4.jpg","newsmatic-featured":"https:\/\/lobosnews.com.ar\/wp-content\/uploads\/2026\/01\/donald-trump-dijo-que-impondra-aranceles-a-los-paises-que-no-respalden-sus-planes-de-tomar-el-control-de-groenlandia-4.jpg","newsmatic-list":"https:\/\/lobosnews.com.ar\/wp-content\/uploads\/2026\/01\/donald-trump-dijo-que-impondra-aranceles-a-los-paises-que-no-respalden-sus-planes-de-tomar-el-control-de-groenlandia-4-600x400.jpg","newsmatic-thumb":"https:\/\/lobosnews.com.ar\/wp-content\/uploads\/2026\/01\/donald-trump-dijo-que-impondra-aranceles-a-los-paises-que-no-respalden-sus-planes-de-tomar-el-control-de-groenlandia-4-300x200.jpg","newsmatic-small":"https:\/\/lobosnews.com.ar\/wp-content\/uploads\/2026\/01\/donald-trump-dijo-que-impondra-aranceles-a-los-paises-que-no-respalden-sus-planes-de-tomar-el-control-de-groenlandia-4-150x95.jpg","newsmatic-grid":"https:\/\/lobosnews.com.ar\/wp-content\/uploads\/2026\/01\/donald-trump-dijo-que-impondra-aranceles-a-los-paises-que-no-respalden-sus-planes-de-tomar-el-control-de-groenlandia-4-400x250.jpg"},"magazineBlocksPostAuthor":{"name":"admin","avatar":"https:\/\/secure.gravatar.com\/avatar\/76e419471a2083bc3ceab22a763dbbf9b0c1bd15a6214cf3280e2c2dde4580f9?s=96&d=mm&r=g"},"magazineBlocksPostCommentsNumber":"0","magazineBlocksPostExcerpt":"El presidente de Estados Unidos, Donald Trump, afirm\u00f3 este viernes que podr\u00eda aplicar aranceles a los pa\u00edses que no respalden su intenci\u00f3n de tomar el control de Groenlandia, un territorio perteneciente a Dinamarca, aliado de la OTAN. \u201cPodr\u00eda imponer un arancel a los pa\u00edses si no aceptan lo de Groenlandia, porque necesitamos Groenlandia por razones...","magazineBlocksPostCategories":["Actualidad"],"magazineBlocksPostViewCount":127,"magazineBlocksPostReadTime":4,"magazine_blocks_featured_image_url":{"full":["https:\/\/lobosnews.com.ar\/wp-content\/uploads\/2026\/01\/donald-trump-dijo-que-impondra-aranceles-a-los-paises-que-no-respalden-sus-planes-de-tomar-el-control-de-groenlandia-4.jpg",800,503,false],"medium":["https:\/\/lobosnews.com.ar\/wp-content\/uploads\/2026\/01\/donald-trump-dijo-que-impondra-aranceles-a-los-paises-que-no-respalden-sus-planes-de-tomar-el-control-de-groenlandia-4-300x189.jpg",300,189,true],"thumbnail":["https:\/\/lobosnews.com.ar\/wp-content\/uploads\/2026\/01\/donald-trump-dijo-que-impondra-aranceles-a-los-paises-que-no-respalden-sus-planes-de-tomar-el-control-de-groenlandia-4-150x150.jpg",150,150,true]},"magazine_blocks_author":{"display_name":"admin","author_link":"https:\/\/lobosnews.com.ar\/index.php\/author\/lobos-news\/"},"magazine_blocks_comment":0,"magazine_blocks_author_image":"https:\/\/secure.gravatar.com\/avatar\/76e419471a2083bc3ceab22a763dbbf9b0c1bd15a6214cf3280e2c2dde4580f9?s=96&d=mm&r=g","magazine_blocks_category":"<a href=\"#\" class=\"category-link category-link-31\">Actualidad<\/a>","yoast_head":"<!-- This site is optimized with the Yoast SEO plugin v26.6 - https:\/\/yoast.com\/wordpress\/plugins\/seo\/ -->\n<title>Donald Trump dijo que impondr\u00e1 aranceles a los pa\u00edses que no respalden sus planes de tomar el control de Groenlandia - Lobos News<\/title>\n<meta name=\"robots\" content=\"index, follow, max-snippet:-1, max-image-preview:large, max-video-preview:-1\" \/>\n<link rel=\"canonical\" href=\"https:\/\/lobosnews.com.ar\/index.php\/2026\/01\/17\/donald-trump-dijo-que-impondra-aranceles-a-los-paises-que-no-respalden-sus-planes-de-tomar-el-control-de-groenlandia\/\" \/>\n<meta property=\"og:locale\" content=\"es_ES\" \/>\n<meta property=\"og:type\" content=\"article\" \/>\n<meta property=\"og:title\" content=\"Donald Trump dijo que impondr\u00e1 aranceles a los pa\u00edses que no respalden sus planes de tomar el control de Groenlandia - Lobos News\" \/>\n<meta property=\"og:description\" content=\"El presidente de Estados Unidos, Donald Trump, afirm\u00f3 este viernes que podr\u00eda aplicar aranceles a los pa\u00edses que no respalden su intenci\u00f3n de tomar el control de Groenlandia, un territorio perteneciente a Dinamarca, aliado de la OTAN. \u201cPodr\u00eda imponer un arancel a los pa\u00edses si no aceptan lo de Groenlandia, porque necesitamos Groenlandia por razones...\" \/>\n<meta property=\"og:url\" content=\"https:\/\/lobosnews.com.ar\/index.php\/2026\/01\/17\/donald-trump-dijo-que-impondra-aranceles-a-los-paises-que-no-respalden-sus-planes-de-tomar-el-control-de-groenlandia\/\" \/>\n<meta property=\"og:site_name\" content=\"Lobos News\" \/>\n<meta property=\"article:published_time\" content=\"2026-01-17T00:49:12+00:00\" \/>\n<meta property=\"article:modified_time\" content=\"2026-01-17T04:33:52+00:00\" \/>\n<meta property=\"og:image\" content=\"https:\/\/lobosnews.com.ar\/wp-content\/uploads\/2026\/01\/donald-trump-dijo-que-impondra-aranceles-a-los-paises-que-no-respalden-sus-planes-de-tomar-el-control-de-groenlandia.jpg\" \/>\n<meta name=\"author\" content=\"admin\" \/>\n<meta name=\"twitter:card\" content=\"summary_large_image\" \/>\n<meta name=\"twitter:label1\" content=\"Escrito por\" \/>\n\t<meta name=\"twitter:data1\" content=\"admin\" \/>\n\t<meta name=\"twitter:label2\" content=\"Tiempo de lectura\" \/>\n\t<meta name=\"twitter:data2\" content=\"3 minutos\" \/>\n<script type=\"application\/ld+json\" class=\"yoast-schema-graph\">{\"@context\":\"https:\/\/schema.org\",\"@graph\":[{\"@type\":\"Article\",\"@id\":\"https:\/\/lobosnews.com.ar\/index.php\/2026\/01\/17\/donald-trump-dijo-que-impondra-aranceles-a-los-paises-que-no-respalden-sus-planes-de-tomar-el-control-de-groenlandia\/#article\",\"isPartOf\":{\"@id\":\"https:\/\/lobosnews.com.ar\/index.php\/2026\/01\/17\/donald-trump-dijo-que-impondra-aranceles-a-los-paises-que-no-respalden-sus-planes-de-tomar-el-control-de-groenlandia\/\"},\"author\":{\"name\":\"admin\",\"@id\":\"https:\/\/lobosnews.com.ar\/#\/schema\/person\/232422a593d5c541dd9aef6aaed10943\"},\"headline\":\"Donald Trump dijo que impondr\u00e1 aranceles a los pa\u00edses que no respalden sus planes de tomar el control de Groenlandia\",\"datePublished\":\"2026-01-17T00:49:12+00:00\",\"dateModified\":\"2026-01-17T04:33:52+00:00\",\"mainEntityOfPage\":{\"@id\":\"https:\/\/lobosnews.com.ar\/index.php\/2026\/01\/17\/donald-trump-dijo-que-impondra-aranceles-a-los-paises-que-no-respalden-sus-planes-de-tomar-el-control-de-groenlandia\/\"},\"wordCount\":659,\"commentCount\":0,\"publisher\":{\"@id\":\"https:\/\/lobosnews.com.ar\/#organization\"},\"image\":{\"@id\":\"https:\/\/lobosnews.com.ar\/index.php\/2026\/01\/17\/donald-trump-dijo-que-impondra-aranceles-a-los-paises-que-no-respalden-sus-planes-de-tomar-el-control-de-groenlandia\/#primaryimage\"},\"thumbnailUrl\":\"https:\/\/lobosnews.com.ar\/wp-content\/uploads\/2026\/01\/donald-trump-dijo-que-impondra-aranceles-a-los-paises-que-no-respalden-sus-planes-de-tomar-el-control-de-groenlandia-4.jpg\",\"articleSection\":[\"Actualidad\"],\"inLanguage\":\"es\",\"potentialAction\":[{\"@type\":\"CommentAction\",\"name\":\"Comment\",\"target\":[\"https:\/\/lobosnews.com.ar\/index.php\/2026\/01\/17\/donald-trump-dijo-que-impondra-aranceles-a-los-paises-que-no-respalden-sus-planes-de-tomar-el-control-de-groenlandia\/#respond\"]}]},{\"@type\":\"WebPage\",\"@id\":\"https:\/\/lobosnews.com.ar\/index.php\/2026\/01\/17\/donald-trump-dijo-que-impondra-aranceles-a-los-paises-que-no-respalden-sus-planes-de-tomar-el-control-de-groenlandia\/\",\"url\":\"https:\/\/lobosnews.com.ar\/index.php\/2026\/01\/17\/donald-trump-dijo-que-impondra-aranceles-a-los-paises-que-no-respalden-sus-planes-de-tomar-el-control-de-groenlandia\/\",\"name\":\"Donald Trump dijo que impondr\u00e1 aranceles a los pa\u00edses que no respalden sus planes de tomar el control de Groenlandia - Lobos News\",\"isPartOf\":{\"@id\":\"https:\/\/lobosnews.com.ar\/#website\"},\"primaryImageOfPage\":{\"@id\":\"https:\/\/lobosnews.com.ar\/index.php\/2026\/01\/17\/donald-trump-dijo-que-impondra-aranceles-a-los-paises-que-no-respalden-sus-planes-de-tomar-el-control-de-groenlandia\/#primaryimage\"},\"image\":{\"@id\":\"https:\/\/lobosnews.com.ar\/index.php\/2026\/01\/17\/donald-trump-dijo-que-impondra-aranceles-a-los-paises-que-no-respalden-sus-planes-de-tomar-el-control-de-groenlandia\/#primaryimage\"},\"thumbnailUrl\":\"https:\/\/lobosnews.com.ar\/wp-content\/uploads\/2026\/01\/donald-trump-dijo-que-impondra-aranceles-a-los-paises-que-no-respalden-sus-planes-de-tomar-el-control-de-groenlandia-4.jpg\",\"datePublished\":\"2026-01-17T00:49:12+00:00\",\"dateModified\":\"2026-01-17T04:33:52+00:00\",\"breadcrumb\":{\"@id\":\"https:\/\/lobosnews.com.ar\/index.php\/2026\/01\/17\/donald-trump-dijo-que-impondra-aranceles-a-los-paises-que-no-respalden-sus-planes-de-tomar-el-control-de-groenlandia\/#breadcrumb\"},\"inLanguage\":\"es\",\"potentialAction\":[{\"@type\":\"ReadAction\",\"target\":[\"https:\/\/lobosnews.com.ar\/index.php\/2026\/01\/17\/donald-trump-dijo-que-impondra-aranceles-a-los-paises-que-no-respalden-sus-planes-de-tomar-el-control-de-groenlandia\/\"]}]},{\"@type\":\"ImageObject\",\"inLanguage\":\"es\",\"@id\":\"https:\/\/lobosnews.com.ar\/index.php\/2026\/01\/17\/donald-trump-dijo-que-impondra-aranceles-a-los-paises-que-no-respalden-sus-planes-de-tomar-el-control-de-groenlandia\/#primaryimage\",\"url\":\"https:\/\/lobosnews.com.ar\/wp-content\/uploads\/2026\/01\/donald-trump-dijo-que-impondra-aranceles-a-los-paises-que-no-respalden-sus-planes-de-tomar-el-control-de-groenlandia-4.jpg\",\"contentUrl\":\"https:\/\/lobosnews.com.ar\/wp-content\/uploads\/2026\/01\/donald-trump-dijo-que-impondra-aranceles-a-los-paises-que-no-respalden-sus-planes-de-tomar-el-control-de-groenlandia-4.jpg\",\"width\":800,\"height\":503,\"caption\":\"Donald Trump dijo que impondr\u00e1 aranceles a los pa\u00edses que no respalden sus planes de tomar el control de Groenlandia\"},{\"@type\":\"BreadcrumbList\",\"@id\":\"https:\/\/lobosnews.com.ar\/index.php\/2026\/01\/17\/donald-trump-dijo-que-impondra-aranceles-a-los-paises-que-no-respalden-sus-planes-de-tomar-el-control-de-groenlandia\/#breadcrumb\",\"itemListElement\":[{\"@type\":\"ListItem\",\"position\":1,\"name\":\"Portada\",\"item\":\"https:\/\/lobosnews.com.ar\/\"},{\"@type\":\"ListItem\",\"position\":2,\"name\":\"Donald Trump dijo que impondr\u00e1 aranceles a los pa\u00edses que no respalden sus planes de tomar el control de Groenlandia\"}]},{\"@type\":\"WebSite\",\"@id\":\"https:\/\/lobosnews.com.ar\/#website\",\"url\":\"https:\/\/lobosnews.com.ar\/\",\"name\":\"Lobos News\",\"description\":\"Informaci\u00f3n a cada instante\",\"publisher\":{\"@id\":\"https:\/\/lobosnews.com.ar\/#organization\"},\"potentialAction\":[{\"@type\":\"SearchAction\",\"target\":{\"@type\":\"EntryPoint\",\"urlTemplate\":\"https:\/\/lobosnews.com.ar\/?s={search_term_string}\"},\"query-input\":{\"@type\":\"PropertyValueSpecification\",\"valueRequired\":true,\"valueName\":\"search_term_string\"}}],\"inLanguage\":\"es\"},{\"@type\":\"Organization\",\"@id\":\"https:\/\/lobosnews.com.ar\/#organization\",\"name\":\"Lobos News\",\"url\":\"https:\/\/lobosnews.com.ar\/\",\"logo\":{\"@type\":\"ImageObject\",\"inLanguage\":\"es\",\"@id\":\"https:\/\/lobosnews.com.ar\/#\/schema\/logo\/image\/\",\"url\":\"https:\/\/lobosnews.com.ar\/wp-content\/uploads\/2026\/01\/logo-lobosnews.png\",\"contentUrl\":\"https:\/\/lobosnews.com.ar\/wp-content\/uploads\/2026\/01\/logo-lobosnews.png\",\"width\":500,\"height\":200,\"caption\":\"Lobos News\"},\"image\":{\"@id\":\"https:\/\/lobosnews.com.ar\/#\/schema\/logo\/image\/\"}},{\"@type\":\"Person\",\"@id\":\"https:\/\/lobosnews.com.ar\/#\/schema\/person\/232422a593d5c541dd9aef6aaed10943\",\"name\":\"admin\",\"image\":{\"@type\":\"ImageObject\",\"inLanguage\":\"es\",\"@id\":\"https:\/\/lobosnews.com.ar\/#\/schema\/person\/image\/\",\"url\":\"https:\/\/secure.gravatar.com\/avatar\/76e419471a2083bc3ceab22a763dbbf9b0c1bd15a6214cf3280e2c2dde4580f9?s=96&d=mm&r=g\",\"contentUrl\":\"https:\/\/secure.gravatar.com\/avatar\/76e419471a2083bc3ceab22a763dbbf9b0c1bd15a6214cf3280e2c2dde4580f9?s=96&d=mm&r=g\",\"caption\":\"admin\"},\"sameAs\":[\"https:\/\/lobosnews.com.ar\"],\"url\":\"https:\/\/lobosnews.com.ar\/index.php\/author\/lobos-news\/\"}]}<\/script>\n<!-- \/ Yoast SEO plugin. -->","yoast_head_json":{"title":"Donald Trump dijo que impondr\u00e1 aranceles a los pa\u00edses que no respalden sus planes de tomar el control de Groenlandia - Lobos News","robots":{"index":"index","follow":"follow","max-snippet":"max-snippet:-1","max-image-preview":"max-image-preview:large","max-video-preview":"max-video-preview:-1"},"canonical":"https:\/\/lobosnews.com.ar\/index.php\/2026\/01\/17\/donald-trump-dijo-que-impondra-aranceles-a-los-paises-que-no-respalden-sus-planes-de-tomar-el-control-de-groenlandia\/","og_locale":"es_ES","og_type":"article","og_title":"Donald Trump dijo que impondr\u00e1 aranceles a los pa\u00edses que no respalden sus planes de tomar el control de Groenlandia - Lobos News","og_description":"El presidente de Estados Unidos, Donald Trump, afirm\u00f3 este viernes que podr\u00eda aplicar aranceles a los pa\u00edses que no respalden su intenci\u00f3n de tomar el control de Groenlandia, un territorio perteneciente a Dinamarca, aliado de la OTAN. \u201cPodr\u00eda imponer un arancel a los pa\u00edses si no aceptan lo de Groenlandia, porque necesitamos Groenlandia por razones...","og_url":"https:\/\/lobosnews.com.ar\/index.php\/2026\/01\/17\/donald-trump-dijo-que-impondra-aranceles-a-los-paises-que-no-respalden-sus-planes-de-tomar-el-control-de-groenlandia\/","og_site_name":"Lobos News","article_published_time":"2026-01-17T00:49:12+00:00","article_modified_time":"2026-01-17T04:33:52+00:00","og_image":[{"url":"https:\/\/lobosnews.com.ar\/wp-content\/uploads\/2026\/01\/donald-trump-dijo-que-impondra-aranceles-a-los-paises-que-no-respalden-sus-planes-de-tomar-el-control-de-groenlandia.jpg","type":"","width":"","height":""}],"author":"admin","twitter_card":"summary_large_image","twitter_misc":{"Escrito por":"admin","Tiempo de lectura":"3 minutos"},"schema":{"@context":"https:\/\/schema.org","@graph":[{"@type":"Article","@id":"https:\/\/lobosnews.com.ar\/index.php\/2026\/01\/17\/donald-trump-dijo-que-impondra-aranceles-a-los-paises-que-no-respalden-sus-planes-de-tomar-el-control-de-groenlandia\/#article","isPartOf":{"@id":"https:\/\/lobosnews.com.ar\/index.php\/2026\/01\/17\/donald-trump-dijo-que-impondra-aranceles-a-los-paises-que-no-respalden-sus-planes-de-tomar-el-control-de-groenlandia\/"},"author":{"name":"admin","@id":"https:\/\/lobosnews.com.ar\/#\/schema\/person\/232422a593d5c541dd9aef6aaed10943"},"headline":"Donald Trump dijo que impondr\u00e1 aranceles a los pa\u00edses que no respalden sus planes de tomar el control de Groenlandia","datePublished":"2026-01-17T00:49:12+00:00","dateModified":"2026-01-17T04:33:52+00:00","mainEntityOfPage":{"@id":"https:\/\/lobosnews.com.ar\/index.php\/2026\/01\/17\/donald-trump-dijo-que-impondra-aranceles-a-los-paises-que-no-respalden-sus-planes-de-tomar-el-control-de-groenlandia\/"},"wordCount":659,"commentCount":0,"publisher":{"@id":"https:\/\/lobosnews.com.ar\/#organization"},"image":{"@id":"https:\/\/lobosnews.com.ar\/index.php\/2026\/01\/17\/donald-trump-dijo-que-impondra-aranceles-a-los-paises-que-no-respalden-sus-planes-de-tomar-el-control-de-groenlandia\/#primaryimage"},"thumbnailUrl":"https:\/\/lobosnews.com.ar\/wp-content\/uploads\/2026\/01\/donald-trump-dijo-que-impondra-aranceles-a-los-paises-que-no-respalden-sus-planes-de-tomar-el-control-de-groenlandia-4.jpg","articleSection":["Actualidad"],"inLanguage":"es","potentialAction":[{"@type":"CommentAction","name":"Comment","target":["https:\/\/lobosnews.com.ar\/index.php\/2026\/01\/17\/donald-trump-dijo-que-impondra-aranceles-a-los-paises-que-no-respalden-sus-planes-de-tomar-el-control-de-groenlandia\/#respond"]}]},{"@type":"WebPage","@id":"https:\/\/lobosnews.com.ar\/index.php\/2026\/01\/17\/donald-trump-dijo-que-impondra-aranceles-a-los-paises-que-no-respalden-sus-planes-de-tomar-el-control-de-groenlandia\/","url":"https:\/\/lobosnews.com.ar\/index.php\/2026\/01\/17\/donald-trump-dijo-que-impondra-aranceles-a-los-paises-que-no-respalden-sus-planes-de-tomar-el-control-de-groenlandia\/","name":"Donald Trump dijo que impondr\u00e1 aranceles a los pa\u00edses que no respalden sus planes de tomar el control de Groenlandia - Lobos News","isPartOf":{"@id":"https:\/\/lobosnews.com.ar\/#website"},"primaryImageOfPage":{"@id":"https:\/\/lobosnews.com.ar\/index.php\/2026\/01\/17\/donald-trump-dijo-que-impondra-aranceles-a-los-paises-que-no-respalden-sus-planes-de-tomar-el-control-de-groenlandia\/#primaryimage"},"image":{"@id":"https:\/\/lobosnews.com.ar\/index.php\/2026\/01\/17\/donald-trump-dijo-que-impondra-aranceles-a-los-paises-que-no-respalden-sus-planes-de-tomar-el-control-de-groenlandia\/#primaryimage"},"thumbnailUrl":"https:\/\/lobosnews.com.ar\/wp-content\/uploads\/2026\/01\/donald-trump-dijo-que-impondra-aranceles-a-los-paises-que-no-respalden-sus-planes-de-tomar-el-control-de-groenlandia-4.jpg","datePublished":"2026-01-17T00:49:12+00:00","dateModified":"2026-01-17T04:33:52+00:00","breadcrumb":{"@id":"https:\/\/lobosnews.com.ar\/index.php\/2026\/01\/17\/donald-trump-dijo-que-impondra-aranceles-a-los-paises-que-no-respalden-sus-planes-de-tomar-el-control-de-groenlandia\/#breadcrumb"},"inLanguage":"es","potentialAction":[{"@type":"ReadAction","target":["https:\/\/lobosnews.com.ar\/index.php\/2026\/01\/17\/donald-trump-dijo-que-impondra-aranceles-a-los-paises-que-no-respalden-sus-planes-de-tomar-el-control-de-groenlandia\/"]}]},{"@type":"ImageObject","inLanguage":"es","@id":"https:\/\/lobosnews.com.ar\/index.php\/2026\/01\/17\/donald-trump-dijo-que-impondra-aranceles-a-los-paises-que-no-respalden-sus-planes-de-tomar-el-control-de-groenlandia\/#primaryimage","url":"https:\/\/lobosnews.com.ar\/wp-content\/uploads\/2026\/01\/donald-trump-dijo-que-impondra-aranceles-a-los-paises-que-no-respalden-sus-planes-de-tomar-el-control-de-groenlandia-4.jpg","contentUrl":"https:\/\/lobosnews.com.ar\/wp-content\/uploads\/2026\/01\/donald-trump-dijo-que-impondra-aranceles-a-los-paises-que-no-respalden-sus-planes-de-tomar-el-control-de-groenlandia-4.jpg","width":800,"height":503,"caption":"Donald Trump dijo que impondr\u00e1 aranceles a los pa\u00edses que no respalden sus planes de tomar el control de Groenlandia"},{"@type":"BreadcrumbList","@id":"https:\/\/lobosnews.com.ar\/index.php\/2026\/01\/17\/donald-trump-dijo-que-impondra-aranceles-a-los-paises-que-no-respalden-sus-planes-de-tomar-el-control-de-groenlandia\/#breadcrumb","itemListElement":[{"@type":"ListItem","position":1,"name":"Portada","item":"https:\/\/lobosnews.com.ar\/"},{"@type":"ListItem","position":2,"name":"Donald Trump dijo que impondr\u00e1 aranceles a los pa\u00edses que no respalden sus planes de tomar el control de Groenlandia"}]},{"@type":"WebSite","@id":"https:\/\/lobosnews.com.ar\/#website","url":"https:\/\/lobosnews.com.ar\/","name":"Lobos News","description":"Informaci\u00f3n a cada instante","publisher":{"@id":"https:\/\/lobosnews.com.ar\/#organization"},"potentialAction":[{"@type":"SearchAction","target":{"@type":"EntryPoint","urlTemplate":"https:\/\/lobosnews.com.ar\/?s={search_term_string}"},"query-input":{"@type":"PropertyValueSpecification","valueRequired":true,"valueName":"search_term_string"}}],"inLanguage":"es"},{"@type":"Organization","@id":"https:\/\/lobosnews.com.ar\/#organization","name":"Lobos News","url":"https:\/\/lobosnews.com.ar\/","logo":{"@type":"ImageObject","inLanguage":"es","@id":"https:\/\/lobosnews.com.ar\/#\/schema\/logo\/image\/","url":"https:\/\/lobosnews.com.ar\/wp-content\/uploads\/2026\/01\/logo-lobosnews.png","contentUrl":"https:\/\/lobosnews.com.ar\/wp-content\/uploads\/2026\/01\/logo-lobosnews.png","width":500,"height":200,"caption":"Lobos News"},"image":{"@id":"https:\/\/lobosnews.com.ar\/#\/schema\/logo\/image\/"}},{"@type":"Person","@id":"https:\/\/lobosnews.com.ar\/#\/schema\/person\/232422a593d5c541dd9aef6aaed10943","name":"admin","image":{"@type":"ImageObject","inLanguage":"es","@id":"https:\/\/lobosnews.com.ar\/#\/schema\/person\/image\/","url":"https:\/\/secure.gravatar.com\/avatar\/76e419471a2083bc3ceab22a763dbbf9b0c1bd15a6214cf3280e2c2dde4580f9?s=96&d=mm&r=g","contentUrl":"https:\/\/secure.gravatar.com\/avatar\/76e419471a2083bc3ceab22a763dbbf9b0c1bd15a6214cf3280e2c2dde4580f9?s=96&d=mm&r=g","caption":"admin"},"sameAs":["https:\/\/lobosnews.com.ar"],"url":"https:\/\/lobosnews.com.ar\/index.php\/author\/lobos-news\/"}]}},"jetpack_featured_media_url":"https:\/\/lobosnews.com.ar\/wp-content\/uploads\/2026\/01\/donald-trump-dijo-que-impondra-aranceles-a-los-paises-que-no-respalden-sus-planes-de-tomar-el-control-de-groenlandia-4.jpg","jetpack_sharing_enabled":true,"_links":{"self":[{"href":"https:\/\/lobosnews.com.ar\/index.php\/wp-json\/wp\/v2\/posts\/7613","targetHints":{"allow":["GET"]}}],"collection":[{"href":"https:\/\/lobosnews.com.ar\/index.php\/wp-json\/wp\/v2\/posts"}],"about":[{"href":"https:\/\/lobosnews.com.ar\/index.php\/wp-json\/wp\/v2\/types\/post"}],"author":[{"embeddable":true,"href":"https:\/\/lobosnews.com.ar\/index.php\/wp-json\/wp\/v2\/users\/1"}],"replies":[{"embeddable":true,"href":"https:\/\/lobosnews.com.ar\/index.php\/wp-json\/wp\/v2\/comments?post=7613"}],"version-history":[{"count":1,"href":"https:\/\/lobosnews.com.ar\/index.php\/wp-json\/wp\/v2\/posts\/7613\/revisions"}],"predecessor-version":[{"id":7617,"href":"https:\/\/lobosnews.com.ar\/index.php\/wp-json\/wp\/v2\/posts\/7613\/revisions\/7617"}],"wp:featuredmedia":[{"embeddable":true,"href":"https:\/\/lobosnews.com.ar\/index.php\/wp-json\/wp\/v2\/media\/7618"}],"wp:attachment":[{"href":"https:\/\/lobosnews.com.ar\/index.php\/wp-json\/wp\/v2\/media?parent=7613"}],"wp:term":[{"taxonomy":"category","embeddable":true,"href":"https:\/\/lobosnews.com.ar\/index.php\/wp-json\/wp\/v2\/categories?post=7613"},{"taxonomy":"post_tag","embeddable":true,"href":"https:\/\/lobosnews.com.ar\/index.php\/wp-json\/wp\/v2\/tags?post=7613"}],"curies":[{"name":"wp","href":"https:\/\/api.w.org\/{rel}","templated":true}]}}