{"id":7570,"date":"2026-01-17T01:29:42","date_gmt":"2026-01-17T01:29:42","guid":{"rendered":"https:\/\/lobosnews.com.ar\/index.php\/2026\/01\/17\/la-foto-inedita-de-franco-colapinto-a-los-12-anos-junto-a-un-piloto-de-f1-que-volvera-a-ver-en-2026-que-viejo-estoy\/"},"modified":"2026-01-17T03:25:21","modified_gmt":"2026-01-17T03:25:21","slug":"la-foto-inedita-de-franco-colapinto-a-los-12-anos-junto-a-un-piloto-de-f1-que-volvera-a-ver-en-2026-que-viejo-estoy","status":"publish","type":"post","link":"https:\/\/lobosnews.com.ar\/index.php\/2026\/01\/17\/la-foto-inedita-de-franco-colapinto-a-los-12-anos-junto-a-un-piloto-de-f1-que-volvera-a-ver-en-2026-que-viejo-estoy\/","title":{"rendered":"La foto in\u00e9dita de Franco Colapinto a los 12 a\u00f1os junto a un piloto de F1 que volver\u00e1 a ver en 2026: \u201cQu\u00e9 viejo estoy\u201d"},"content":{"rendered":"<p>El comienzo de 2026 gener\u00f3 un fen\u00f3meno singular en las redes sociales porque muchos usuarios eligieron iniciar el a\u00f1o a pura nostalgia mostrando recuerdos de hace una d\u00e9cada atr\u00e1s en sus vidas y transformaron al 2016 en una de las primeras tendencias masivas del presente calendario. Este fue el eje de la \u00faltima publicaci\u00f3n de <b>Franco Colapinto<\/b>, quien se entusiasm\u00f3 ante la idea y mostr\u00f3 fotos in\u00e9ditas de <b>cuando ten\u00eda 12 a\u00f1os<\/b>, sumado a una postal con un piloto de la <b>F\u00f3rmula 1<\/b>.<\/p>\n<p><b>\u201c\u00a12016! \u00a1\u00a1Cu\u00e1nto tiempo, qu\u00e9 vintage y c\u00f3mo disfrutaba!! Qu\u00e9 viejo estoy. 12 (a\u00f1os) yo\u201d<\/b>, escribi\u00f3 el piloto argentino de Alpine a trav\u00e9s de su cuenta personal de <i>Instagram<\/i> para sus m\u00e1s de cinco millones de seguidores. El posteo fue acompa\u00f1ado de m\u00faltiples fotograf\u00edas de su paso por el karting, como as\u00ed tambi\u00e9n victorias y trofeos logrados en esa \u00e9poca y un video suyo a bordo de un cuatriciclo. Tambi\u00e9n exhibi\u00f3 momentos de felicidad en compa\u00f1\u00eda de su padre, <b>An\u00edbal<\/b>, quien apost\u00f3 desde el primer minuto por su hijo y <span class=\"waslinkname\">hasta vendi\u00f3 una casa para ayudarlo en su carrera<\/span>.<\/p>\n<p>Una de las postales m\u00e1s llamativas lo tuvo al pilarense posando junto a <b>Sergio P\u00e9rez<\/b>, que volver\u00e1 a la <b>F1<\/b> con <b>Cadillac <\/b>a partir de esta temporada despu\u00e9s de un a\u00f1o de descanso tras su salida de <b>Red Bull<\/b>. En ese momento, el conductor de 35 a\u00f1os compart\u00eda equipo con <b>Nico H\u00fclkenberg<\/b> en <b>Force India<\/b>. <i>Checo <\/i>acus\u00f3 recibo de la imagen y le dej\u00f3 un comentario. <b>\u201c\u00a1Buena foto! me hiciste sentir viejo\u201d<\/b>, escribi\u00f3 el mexicano junto a un emotic\u00f3n de una cara ri\u00e9ndose.<\/p>\n<p>Tiempo atr\u00e1s, <b>Colapinto <\/b>ha manifestado que sigui\u00f3 de cerca la carrera del mexicano a temprana edad: \u201cYo me acuerdo cuando era muy chiquito segu\u00eda al <i><b>Checo<\/b><\/i><b> <\/b>y era al que me levantaba cada ma\u00f1ana para verlo correr. Era el latinoamericano m\u00e1s cercano a <b>Argentina<\/b>, el que hablaba espa\u00f1ol. Era un orgullo para nosotros. Y en un par de a\u00f1os despu\u00e9s corr\u00ed contra \u00e9l. Una locura\u201d.<\/p>\n<p><img loading=\"lazy\" decoding=\"async\" src=\"https:\/\/lobosnews.com.ar\/wp-content\/uploads\/2026\/01\/la-foto-inedita-de-franco-colapinto-a-los-12-anos-junto-a-un-piloto-de-f1-que-volvera-a-ver-en-2026-que-viejo-estoy.jpg\" alt=\"La foto de Franco Colapinto junto a Checo P\u00e9rez\" height=\"1439\" width=\"1080\"\/><\/p>\n<p>Ambos coincidieron durante las nueve carreras del pilarense en <i>Williams<\/i> en el cierre de la temporada 2024. De hecho, el ex compa\u00f1ero de Max Verstappen lo elogi\u00f3 en una comunicaci\u00f3n por radio durante el Gran Premio de Singapur: <span class=\"waslinkname\">\u201c<b>Es bueno Colapinto, es dif\u00edcil de pasar<\/b>\u201d<\/span>. \u201c<b>Checo es un pilotazo.<\/b> Nos pasaron en los boxes, lamentablemente. <b>Un capo, lo quiero mucho.<\/b> Lo ve\u00eda de chico en Argentina, y ahora estar peleando contra \u00e9l es algo muy lindo\u201d, le devolvi\u00f3 el halago Franco.<\/p>\n<p>Semanas despu\u00e9s,<b> Sergio P\u00e9rez <\/b>enalteci\u00f3 la actualidad de su colega latinoamericano por el sacrificio que tienen los conductores de este lado del mundo para llegar a la <i>M\u00e1xima<\/i>: \u201c<b>Creo que lo est\u00e1 haciendo muy bien. Tengo mucha conexi\u00f3n con \u00e9l porque, con un piloto latino, pasas por lo mismo para llegar a la F\u00f3rmula 1<\/b>\u201d.<\/p>\n<p>\u201cSe tuvo que ir a muy temprana edad. <b>Dejas tu adolescencia atr\u00e1s porque te vas completamente solo<\/b>, aunque quiz\u00e1s ahora es un poco diferente con toda la tecnolog\u00eda a cuestas porque puedes estar un poco m\u00e1s cerca. No digo que el piloto europeo tenga menos m\u00e9rito, creo que todos tienen una gran historia y pasan por much\u00edsimas cosas m\u00e1s all\u00e1 del deporte\u201d, declar\u00f3 en referencia a los comienzos de Colapinto, quien debi\u00f3 <span class=\"waslinkname\">emigrar a <b>Europa <\/b>con tan solo 14 a\u00f1os<\/span>.<\/p>\n<p>Ya afuera de la F\u00f3rmula 1 y con el argentino en Alpine, el nombre de <i>Checo<\/i> se vincul\u00f3 al <i>team <\/i>franc\u00e9s antes de recalar en <b>Cadillac<\/b>, pero el oriundo de Guadalajara nunca busc\u00f3 confrontar y siempre le dedic\u00f3 un gran aprecio al ladero de Pierre Gasly. \u201c<b>A Franco lo veo muy bien. Tiene un gran futuro, pero en la F\u00f3rmula 1 hay que ir paso a paso porque el camino es largo. <\/b><span class=\"waslinkname\"><b>Estoy seguro que est\u00e1 dando buenos pasos en su carrera<\/b><\/span>\u201d, declar\u00f3 en medio de una charla publicada por la cuenta de Instagram <i>@IvanMoreira63<\/i>.<\/p>\n<h2>TODAS LAS FOTOS SUBIDAS POR FRANCO COLAPINTO<\/h2>\n<p><img loading=\"lazy\" decoding=\"async\" src=\"https:\/\/lobosnews.com.ar\/wp-content\/uploads\/2026\/01\/la-foto-inedita-de-franco-colapinto-a-los-12-anos-junto-a-un-piloto-de-f1-que-volvera-a-ver-en-2026-que-viejo-estoy-1.jpg\" alt=\"Colapinto cubierto de barro a bordo de un cuatriciclo (Cr\u00e9dito: @francolapinto\/Instagram)\" height=\"1278\" width=\"960\"\/><img loading=\"lazy\" decoding=\"async\" src=\"https:\/\/lobosnews.com.ar\/wp-content\/uploads\/2026\/01\/la-foto-inedita-de-franco-colapinto-a-los-12-anos-junto-a-un-piloto-de-f1-que-volvera-a-ver-en-2026-que-viejo-estoy-2.jpg\" alt=\"Franco Colapinto record\u00f3 su etapa en el karting durante 2016 (Cr\u00e9dito: @francolapinto\/Instagram)\" height=\"719\" width=\"1080\"\/><img loading=\"lazy\" decoding=\"async\" src=\"https:\/\/lobosnews.com.ar\/wp-content\/uploads\/2026\/01\/la-foto-inedita-de-franco-colapinto-a-los-12-anos-junto-a-un-piloto-de-f1-que-volvera-a-ver-en-2026-que-viejo-estoy-3.jpg\" alt=\"El 43, siempre presente: Colapinto y una marca que lo sigui\u00f3 hasta la F\u00f3rmula 1 (Cr\u00e9dito: @francolapinto\/Instagram)\" height=\"1079\" width=\"1080\"\/><img loading=\"lazy\" decoding=\"async\" src=\"https:\/\/lobosnews.com.ar\/wp-content\/uploads\/2026\/01\/la-foto-inedita-de-franco-colapinto-a-los-12-anos-junto-a-un-piloto-de-f1-que-volvera-a-ver-en-2026-que-viejo-estoy-4.jpg\" alt=\"Uno de los trofeos obtenidos por Franco en su recorrido como juvenil (Cr\u00e9dito: @francolapinto\/Instagram)\" height=\"640\" width=\"640\"\/><img loading=\"lazy\" decoding=\"async\" src=\"https:\/\/lobosnews.com.ar\/wp-content\/uploads\/2026\/01\/la-foto-inedita-de-franco-colapinto-a-los-12-anos-junto-a-un-piloto-de-f1-que-volvera-a-ver-en-2026-que-viejo-estoy-5.jpg\" alt=\"Martina sigui\u00f3 de cerca la carrera de su hermano (Cr\u00e9dito: @francolapinto\/Instagram)\" height=\"960\" width=\"960\"\/><img loading=\"lazy\" decoding=\"async\" src=\"https:\/\/lobosnews.com.ar\/wp-content\/uploads\/2026\/01\/la-foto-inedita-de-franco-colapinto-a-los-12-anos-junto-a-un-piloto-de-f1-que-volvera-a-ver-en-2026-que-viejo-estoy-6.jpg\" alt=\"Desde peque\u00f1o ya estaba en el podio: otro de los trofeos ganados por Colapinto (Cr\u00e9dito: @francolapinto\/Instagram)\" height=\"405\" width=\"720\"\/><img loading=\"lazy\" decoding=\"async\" src=\"https:\/\/lobosnews.com.ar\/wp-content\/uploads\/2026\/01\/la-foto-inedita-de-franco-colapinto-a-los-12-anos-junto-a-un-piloto-de-f1-que-volvera-a-ver-en-2026-que-viejo-estoy-7.jpg\" alt=\"Franco Colapinto fue ascendido a la F\u00f3rmula 1 a fines de la temporada 2024 con Williams (Cr\u00e9dito: @francolapinto\/Instagram)\" height=\"316\" width=\"487\"\/><img loading=\"lazy\" decoding=\"async\" src=\"https:\/\/lobosnews.com.ar\/wp-content\/uploads\/2026\/01\/la-foto-inedita-de-franco-colapinto-a-los-12-anos-junto-a-un-piloto-de-f1-que-volvera-a-ver-en-2026-que-viejo-estoy-8.jpg\" alt=\"El festejo de Franco Colapinto en medio de una carrera ganada en karting (Cr\u00e9dito: @francolapinto\/Instagram)\" height=\"1079\" width=\"1080\"\/><img loading=\"lazy\" decoding=\"async\" src=\"https:\/\/lobosnews.com.ar\/wp-content\/uploads\/2026\/01\/la-foto-inedita-de-franco-colapinto-a-los-12-anos-junto-a-un-piloto-de-f1-que-volvera-a-ver-en-2026-que-viejo-estoy-9.jpg\" alt=\"El pilarense tiene 22 a\u00f1os y correr\u00e1 en la F1 por tercera temporada consecutiva (Cr\u00e9dito: @francolapinto\/Instagram)\" height=\"817\" width=\"817\"\/><img loading=\"lazy\" decoding=\"async\" src=\"https:\/\/lobosnews.com.ar\/wp-content\/uploads\/2026\/01\/la-foto-inedita-de-franco-colapinto-a-los-12-anos-junto-a-un-piloto-de-f1-que-volvera-a-ver-en-2026-que-viejo-estoy-10.jpg\" alt=\"La celebraci\u00f3n de An\u00edbal, quien m\u00e1s confi\u00f3 en el potencial de su hijo (Cr\u00e9dito: @francolapinto\/Instagram)\" height=\"348\" width=\"578\"\/><img loading=\"lazy\" decoding=\"async\" src=\"https:\/\/lobosnews.com.ar\/wp-content\/uploads\/2026\/01\/la-foto-inedita-de-franco-colapinto-a-los-12-anos-junto-a-un-piloto-de-f1-que-volvera-a-ver-en-2026-que-viejo-estoy-11.jpg\" alt=\"Franco debi\u00f3 emigrar a Europa a los 14 a\u00f1os para so\u00f1ar con este presente (Cr\u00e9dito: @francolapinto\/Instagram)\" height=\"653\" width=\"1080\"\/><img loading=\"lazy\" decoding=\"async\" src=\"https:\/\/lobosnews.com.ar\/wp-content\/uploads\/2026\/01\/la-foto-inedita-de-franco-colapinto-a-los-12-anos-junto-a-un-piloto-de-f1-que-volvera-a-ver-en-2026-que-viejo-estoy-12.jpg\" alt=\"Alpine contrat\u00f3 a Franco como piloto de reserva, pero al cabo de seis Grandes Premios reemplaz\u00f3 a Jack Doohan (Cr\u00e9dito: @francolapinto\/Instagram)\" height=\"1440\" width=\"1080\"\/><img loading=\"lazy\" decoding=\"async\" src=\"https:\/\/lobosnews.com.ar\/wp-content\/uploads\/2026\/01\/la-foto-inedita-de-franco-colapinto-a-los-12-anos-junto-a-un-piloto-de-f1-que-volvera-a-ver-en-2026-que-viejo-estoy-13.jpg\" alt=\"Su mejor colocaci\u00f3n en 2025 fue el 11\u00b0 puesto logrado en el GP de Pa\u00edses Bajos (Cr\u00e9dito: @francolapinto\/Instagram)\" height=\"1439\" width=\"1080\"\/><img loading=\"lazy\" decoding=\"async\" src=\"https:\/\/lobosnews.com.ar\/wp-content\/uploads\/2026\/01\/la-foto-inedita-de-franco-colapinto-a-los-12-anos-junto-a-un-piloto-de-f1-que-volvera-a-ver-en-2026-que-viejo-estoy-14.jpg\" alt=\"Los excelentes registros que meti\u00f3 Franco hace una d\u00e9cada y fueron parte de su publicaci\u00f3n en redes (Cr\u00e9dito: @francolapinto\/Instagram)\" height=\"1224\" width=\"920\"\/><img loading=\"lazy\" decoding=\"async\" src=\"https:\/\/lobosnews.com.ar\/wp-content\/uploads\/2026\/01\/la-foto-inedita-de-franco-colapinto-a-los-12-anos-junto-a-un-piloto-de-f1-que-volvera-a-ver-en-2026-que-viejo-estoy-15.jpg\" alt=\"El pulgar arriba de An\u00edbal, su padre, durante uno de los desaf\u00edos que afront\u00f3 Franco (Cr\u00e9dito: @francolapinto\/Instagram)\" height=\"569\" width=\"853\"\/><img loading=\"lazy\" decoding=\"async\" src=\"https:\/\/lobosnews.com.ar\/wp-content\/uploads\/2026\/01\/la-foto-inedita-de-franco-colapinto-a-los-12-anos-junto-a-un-piloto-de-f1-que-volvera-a-ver-en-2026-que-viejo-estoy-16.jpg\" alt=\"El entorno de Franco permaneci\u00f3 a su lado durante su crecimiento (Cr\u00e9dito: @francolapinto\/Instagram)\" height=\"275\" width=\"413\"\/><img loading=\"lazy\" decoding=\"async\" src=\"https:\/\/lobosnews.com.ar\/wp-content\/uploads\/2026\/01\/la-foto-inedita-de-franco-colapinto-a-los-12-anos-junto-a-un-piloto-de-f1-que-volvera-a-ver-en-2026-que-viejo-estoy-17.jpg\" alt=\"Colapinto seguir\u00e1 como compa\u00f1ero de Pierre Gasly en Alpine durante 2026 (Cr\u00e9dito: @francolapinto\/Instagram)\" height=\"1278\" width=\"960\"\/><img loading=\"lazy\" decoding=\"async\" src=\"https:\/\/lobosnews.com.ar\/wp-content\/uploads\/2026\/01\/la-foto-inedita-de-franco-colapinto-a-los-12-anos-junto-a-un-piloto-de-f1-que-volvera-a-ver-en-2026-que-viejo-estoy-18.jpg\" alt=\"Otra de las im\u00e1genes publicadas por el argentino en su cuenta personal (Cr\u00e9dito: @francolapinto\/Instagram)\" height=\"1080\" width=\"1080\"\/><\/p>\n","protected":false},"excerpt":{"rendered":"<p>El comienzo de 2026 gener\u00f3 un fen\u00f3meno singular en las redes sociales porque muchos usuarios eligieron iniciar el a\u00f1o a pura nostalgia mostrando recuerdos de hace una d\u00e9cada atr\u00e1s en sus vidas y transformaron al 2016 en una de las primeras tendencias masivas del presente calendario. Este fue el eje de la \u00faltima publicaci\u00f3n de&#8230;<\/p>\n","protected":false},"author":1,"featured_media":0,"comment_status":"open","ping_status":"closed","sticky":false,"template":"","format":"standard","meta":{"_jetpack_memberships_contains_paid_content":false,"footnotes":""},"categories":[30],"tags":[39],"class_list":["post-7570","post","type-post","status-publish","format-standard","hentry","category-argentina","tag-deportes"],"magazineBlocksPostFeaturedMedia":{"thumbnail":false,"medium":false,"medium_large":false,"large":false,"1536x1536":false,"2048x2048":false,"newsmatic-featured":false,"newsmatic-list":false,"newsmatic-thumb":false,"newsmatic-small":false,"newsmatic-grid":false},"magazineBlocksPostAuthor":{"name":"admin","avatar":"https:\/\/secure.gravatar.com\/avatar\/76e419471a2083bc3ceab22a763dbbf9b0c1bd15a6214cf3280e2c2dde4580f9?s=96&d=mm&r=g"},"magazineBlocksPostCommentsNumber":"0","magazineBlocksPostExcerpt":"El comienzo de 2026 gener\u00f3 un fen\u00f3meno singular en las redes sociales porque muchos usuarios eligieron iniciar el a\u00f1o a pura nostalgia mostrando recuerdos de hace una d\u00e9cada atr\u00e1s en sus vidas y transformaron al 2016 en una de las primeras tendencias masivas del presente calendario. Este fue el eje de la \u00faltima publicaci\u00f3n de...","magazineBlocksPostCategories":["Argentina"],"magazineBlocksPostViewCount":129,"magazineBlocksPostReadTime":4,"magazine_blocks_featured_image_url":{"full":false,"medium":false,"thumbnail":false},"magazine_blocks_author":{"display_name":"admin","author_link":"https:\/\/lobosnews.com.ar\/index.php\/author\/lobos-news\/"},"magazine_blocks_comment":0,"magazine_blocks_author_image":"https:\/\/secure.gravatar.com\/avatar\/76e419471a2083bc3ceab22a763dbbf9b0c1bd15a6214cf3280e2c2dde4580f9?s=96&d=mm&r=g","magazine_blocks_category":"<a href=\"#\" class=\"category-link category-link-30\">Argentina<\/a>","yoast_head":"<!-- This site is optimized with the Yoast SEO plugin v26.6 - https:\/\/yoast.com\/wordpress\/plugins\/seo\/ -->\n<title>La foto in\u00e9dita de Franco Colapinto a los 12 a\u00f1os junto a un piloto de F1 que volver\u00e1 a ver en 2026: \u201cQu\u00e9 viejo estoy\u201d - Lobos News<\/title>\n<meta name=\"robots\" content=\"index, follow, max-snippet:-1, max-image-preview:large, max-video-preview:-1\" \/>\n<link rel=\"canonical\" href=\"https:\/\/lobosnews.com.ar\/index.php\/2026\/01\/17\/la-foto-inedita-de-franco-colapinto-a-los-12-anos-junto-a-un-piloto-de-f1-que-volvera-a-ver-en-2026-que-viejo-estoy\/\" \/>\n<meta property=\"og:locale\" content=\"es_ES\" \/>\n<meta property=\"og:type\" content=\"article\" \/>\n<meta property=\"og:title\" content=\"La foto in\u00e9dita de Franco Colapinto a los 12 a\u00f1os junto a un piloto de F1 que volver\u00e1 a ver en 2026: \u201cQu\u00e9 viejo estoy\u201d - Lobos News\" \/>\n<meta property=\"og:description\" content=\"El comienzo de 2026 gener\u00f3 un fen\u00f3meno singular en las redes sociales porque muchos usuarios eligieron iniciar el a\u00f1o a pura nostalgia mostrando recuerdos de hace una d\u00e9cada atr\u00e1s en sus vidas y transformaron al 2016 en una de las primeras tendencias masivas del presente calendario. Este fue el eje de la \u00faltima publicaci\u00f3n de...\" \/>\n<meta property=\"og:url\" content=\"https:\/\/lobosnews.com.ar\/index.php\/2026\/01\/17\/la-foto-inedita-de-franco-colapinto-a-los-12-anos-junto-a-un-piloto-de-f1-que-volvera-a-ver-en-2026-que-viejo-estoy\/\" \/>\n<meta property=\"og:site_name\" content=\"Lobos News\" \/>\n<meta property=\"article:published_time\" content=\"2026-01-17T01:29:42+00:00\" \/>\n<meta property=\"article:modified_time\" content=\"2026-01-17T03:25:21+00:00\" \/>\n<meta property=\"og:image\" content=\"https:\/\/lobosnews.com.ar\/wp-content\/uploads\/2026\/01\/la-foto-inedita-de-franco-colapinto-a-los-12-anos-junto-a-un-piloto-de-f1-que-volvera-a-ver-en-2026-que-viejo-estoy.jpg\" \/>\n<meta name=\"author\" content=\"admin\" \/>\n<meta name=\"twitter:card\" content=\"summary_large_image\" \/>\n<meta name=\"twitter:label1\" content=\"Escrito por\" \/>\n\t<meta name=\"twitter:data1\" content=\"admin\" \/>\n\t<meta name=\"twitter:label2\" content=\"Tiempo de lectura\" \/>\n\t<meta name=\"twitter:data2\" content=\"3 minutos\" \/>\n<script type=\"application\/ld+json\" class=\"yoast-schema-graph\">{\"@context\":\"https:\/\/schema.org\",\"@graph\":[{\"@type\":\"Article\",\"@id\":\"https:\/\/lobosnews.com.ar\/index.php\/2026\/01\/17\/la-foto-inedita-de-franco-colapinto-a-los-12-anos-junto-a-un-piloto-de-f1-que-volvera-a-ver-en-2026-que-viejo-estoy\/#article\",\"isPartOf\":{\"@id\":\"https:\/\/lobosnews.com.ar\/index.php\/2026\/01\/17\/la-foto-inedita-de-franco-colapinto-a-los-12-anos-junto-a-un-piloto-de-f1-que-volvera-a-ver-en-2026-que-viejo-estoy\/\"},\"author\":{\"name\":\"admin\",\"@id\":\"https:\/\/lobosnews.com.ar\/#\/schema\/person\/232422a593d5c541dd9aef6aaed10943\"},\"headline\":\"La foto in\u00e9dita de Franco Colapinto a los 12 a\u00f1os junto a un piloto de F1 que volver\u00e1 a ver en 2026: \u201cQu\u00e9 viejo estoy\u201d\",\"datePublished\":\"2026-01-17T01:29:42+00:00\",\"dateModified\":\"2026-01-17T03:25:21+00:00\",\"mainEntityOfPage\":{\"@id\":\"https:\/\/lobosnews.com.ar\/index.php\/2026\/01\/17\/la-foto-inedita-de-franco-colapinto-a-los-12-anos-junto-a-un-piloto-de-f1-que-volvera-a-ver-en-2026-que-viejo-estoy\/\"},\"wordCount\":717,\"commentCount\":0,\"publisher\":{\"@id\":\"https:\/\/lobosnews.com.ar\/#organization\"},\"image\":{\"@id\":\"https:\/\/lobosnews.com.ar\/index.php\/2026\/01\/17\/la-foto-inedita-de-franco-colapinto-a-los-12-anos-junto-a-un-piloto-de-f1-que-volvera-a-ver-en-2026-que-viejo-estoy\/#primaryimage\"},\"thumbnailUrl\":\"https:\/\/lobosnews.com.ar\/wp-content\/uploads\/2026\/01\/la-foto-inedita-de-franco-colapinto-a-los-12-anos-junto-a-un-piloto-de-f1-que-volvera-a-ver-en-2026-que-viejo-estoy.jpg\",\"keywords\":[\"Deportes\"],\"articleSection\":[\"Argentina\"],\"inLanguage\":\"es\",\"potentialAction\":[{\"@type\":\"CommentAction\",\"name\":\"Comment\",\"target\":[\"https:\/\/lobosnews.com.ar\/index.php\/2026\/01\/17\/la-foto-inedita-de-franco-colapinto-a-los-12-anos-junto-a-un-piloto-de-f1-que-volvera-a-ver-en-2026-que-viejo-estoy\/#respond\"]}]},{\"@type\":\"WebPage\",\"@id\":\"https:\/\/lobosnews.com.ar\/index.php\/2026\/01\/17\/la-foto-inedita-de-franco-colapinto-a-los-12-anos-junto-a-un-piloto-de-f1-que-volvera-a-ver-en-2026-que-viejo-estoy\/\",\"url\":\"https:\/\/lobosnews.com.ar\/index.php\/2026\/01\/17\/la-foto-inedita-de-franco-colapinto-a-los-12-anos-junto-a-un-piloto-de-f1-que-volvera-a-ver-en-2026-que-viejo-estoy\/\",\"name\":\"La foto in\u00e9dita de Franco Colapinto a los 12 a\u00f1os junto a un piloto de F1 que volver\u00e1 a ver en 2026: \u201cQu\u00e9 viejo estoy\u201d - Lobos News\",\"isPartOf\":{\"@id\":\"https:\/\/lobosnews.com.ar\/#website\"},\"primaryImageOfPage\":{\"@id\":\"https:\/\/lobosnews.com.ar\/index.php\/2026\/01\/17\/la-foto-inedita-de-franco-colapinto-a-los-12-anos-junto-a-un-piloto-de-f1-que-volvera-a-ver-en-2026-que-viejo-estoy\/#primaryimage\"},\"image\":{\"@id\":\"https:\/\/lobosnews.com.ar\/index.php\/2026\/01\/17\/la-foto-inedita-de-franco-colapinto-a-los-12-anos-junto-a-un-piloto-de-f1-que-volvera-a-ver-en-2026-que-viejo-estoy\/#primaryimage\"},\"thumbnailUrl\":\"https:\/\/lobosnews.com.ar\/wp-content\/uploads\/2026\/01\/la-foto-inedita-de-franco-colapinto-a-los-12-anos-junto-a-un-piloto-de-f1-que-volvera-a-ver-en-2026-que-viejo-estoy.jpg\",\"datePublished\":\"2026-01-17T01:29:42+00:00\",\"dateModified\":\"2026-01-17T03:25:21+00:00\",\"breadcrumb\":{\"@id\":\"https:\/\/lobosnews.com.ar\/index.php\/2026\/01\/17\/la-foto-inedita-de-franco-colapinto-a-los-12-anos-junto-a-un-piloto-de-f1-que-volvera-a-ver-en-2026-que-viejo-estoy\/#breadcrumb\"},\"inLanguage\":\"es\",\"potentialAction\":[{\"@type\":\"ReadAction\",\"target\":[\"https:\/\/lobosnews.com.ar\/index.php\/2026\/01\/17\/la-foto-inedita-de-franco-colapinto-a-los-12-anos-junto-a-un-piloto-de-f1-que-volvera-a-ver-en-2026-que-viejo-estoy\/\"]}]},{\"@type\":\"ImageObject\",\"inLanguage\":\"es\",\"@id\":\"https:\/\/lobosnews.com.ar\/index.php\/2026\/01\/17\/la-foto-inedita-de-franco-colapinto-a-los-12-anos-junto-a-un-piloto-de-f1-que-volvera-a-ver-en-2026-que-viejo-estoy\/#primaryimage\",\"url\":\"https:\/\/lobosnews.com.ar\/wp-content\/uploads\/2026\/01\/la-foto-inedita-de-franco-colapinto-a-los-12-anos-junto-a-un-piloto-de-f1-que-volvera-a-ver-en-2026-que-viejo-estoy.jpg\",\"contentUrl\":\"https:\/\/lobosnews.com.ar\/wp-content\/uploads\/2026\/01\/la-foto-inedita-de-franco-colapinto-a-los-12-anos-junto-a-un-piloto-de-f1-que-volvera-a-ver-en-2026-que-viejo-estoy.jpg\"},{\"@type\":\"BreadcrumbList\",\"@id\":\"https:\/\/lobosnews.com.ar\/index.php\/2026\/01\/17\/la-foto-inedita-de-franco-colapinto-a-los-12-anos-junto-a-un-piloto-de-f1-que-volvera-a-ver-en-2026-que-viejo-estoy\/#breadcrumb\",\"itemListElement\":[{\"@type\":\"ListItem\",\"position\":1,\"name\":\"Portada\",\"item\":\"https:\/\/lobosnews.com.ar\/\"},{\"@type\":\"ListItem\",\"position\":2,\"name\":\"La foto in\u00e9dita de Franco Colapinto a los 12 a\u00f1os junto a un piloto de F1 que volver\u00e1 a ver en 2026: \u201cQu\u00e9 viejo estoy\u201d\"}]},{\"@type\":\"WebSite\",\"@id\":\"https:\/\/lobosnews.com.ar\/#website\",\"url\":\"https:\/\/lobosnews.com.ar\/\",\"name\":\"Lobos News\",\"description\":\"Informaci\u00f3n a cada instante\",\"publisher\":{\"@id\":\"https:\/\/lobosnews.com.ar\/#organization\"},\"potentialAction\":[{\"@type\":\"SearchAction\",\"target\":{\"@type\":\"EntryPoint\",\"urlTemplate\":\"https:\/\/lobosnews.com.ar\/?s={search_term_string}\"},\"query-input\":{\"@type\":\"PropertyValueSpecification\",\"valueRequired\":true,\"valueName\":\"search_term_string\"}}],\"inLanguage\":\"es\"},{\"@type\":\"Organization\",\"@id\":\"https:\/\/lobosnews.com.ar\/#organization\",\"name\":\"Lobos News\",\"url\":\"https:\/\/lobosnews.com.ar\/\",\"logo\":{\"@type\":\"ImageObject\",\"inLanguage\":\"es\",\"@id\":\"https:\/\/lobosnews.com.ar\/#\/schema\/logo\/image\/\",\"url\":\"https:\/\/lobosnews.com.ar\/wp-content\/uploads\/2026\/01\/logo-lobosnews.png\",\"contentUrl\":\"https:\/\/lobosnews.com.ar\/wp-content\/uploads\/2026\/01\/logo-lobosnews.png\",\"width\":500,\"height\":200,\"caption\":\"Lobos News\"},\"image\":{\"@id\":\"https:\/\/lobosnews.com.ar\/#\/schema\/logo\/image\/\"}},{\"@type\":\"Person\",\"@id\":\"https:\/\/lobosnews.com.ar\/#\/schema\/person\/232422a593d5c541dd9aef6aaed10943\",\"name\":\"admin\",\"image\":{\"@type\":\"ImageObject\",\"inLanguage\":\"es\",\"@id\":\"https:\/\/lobosnews.com.ar\/#\/schema\/person\/image\/\",\"url\":\"https:\/\/secure.gravatar.com\/avatar\/76e419471a2083bc3ceab22a763dbbf9b0c1bd15a6214cf3280e2c2dde4580f9?s=96&d=mm&r=g\",\"contentUrl\":\"https:\/\/secure.gravatar.com\/avatar\/76e419471a2083bc3ceab22a763dbbf9b0c1bd15a6214cf3280e2c2dde4580f9?s=96&d=mm&r=g\",\"caption\":\"admin\"},\"sameAs\":[\"https:\/\/lobosnews.com.ar\"],\"url\":\"https:\/\/lobosnews.com.ar\/index.php\/author\/lobos-news\/\"}]}<\/script>\n<!-- \/ Yoast SEO plugin. -->","yoast_head_json":{"title":"La foto in\u00e9dita de Franco Colapinto a los 12 a\u00f1os junto a un piloto de F1 que volver\u00e1 a ver en 2026: \u201cQu\u00e9 viejo estoy\u201d - Lobos News","robots":{"index":"index","follow":"follow","max-snippet":"max-snippet:-1","max-image-preview":"max-image-preview:large","max-video-preview":"max-video-preview:-1"},"canonical":"https:\/\/lobosnews.com.ar\/index.php\/2026\/01\/17\/la-foto-inedita-de-franco-colapinto-a-los-12-anos-junto-a-un-piloto-de-f1-que-volvera-a-ver-en-2026-que-viejo-estoy\/","og_locale":"es_ES","og_type":"article","og_title":"La foto in\u00e9dita de Franco Colapinto a los 12 a\u00f1os junto a un piloto de F1 que volver\u00e1 a ver en 2026: \u201cQu\u00e9 viejo estoy\u201d - Lobos News","og_description":"El comienzo de 2026 gener\u00f3 un fen\u00f3meno singular en las redes sociales porque muchos usuarios eligieron iniciar el a\u00f1o a pura nostalgia mostrando recuerdos de hace una d\u00e9cada atr\u00e1s en sus vidas y transformaron al 2016 en una de las primeras tendencias masivas del presente calendario. Este fue el eje de la \u00faltima publicaci\u00f3n de...","og_url":"https:\/\/lobosnews.com.ar\/index.php\/2026\/01\/17\/la-foto-inedita-de-franco-colapinto-a-los-12-anos-junto-a-un-piloto-de-f1-que-volvera-a-ver-en-2026-que-viejo-estoy\/","og_site_name":"Lobos News","article_published_time":"2026-01-17T01:29:42+00:00","article_modified_time":"2026-01-17T03:25:21+00:00","og_image":[{"url":"https:\/\/lobosnews.com.ar\/wp-content\/uploads\/2026\/01\/la-foto-inedita-de-franco-colapinto-a-los-12-anos-junto-a-un-piloto-de-f1-que-volvera-a-ver-en-2026-que-viejo-estoy.jpg","type":"","width":"","height":""}],"author":"admin","twitter_card":"summary_large_image","twitter_misc":{"Escrito por":"admin","Tiempo de lectura":"3 minutos"},"schema":{"@context":"https:\/\/schema.org","@graph":[{"@type":"Article","@id":"https:\/\/lobosnews.com.ar\/index.php\/2026\/01\/17\/la-foto-inedita-de-franco-colapinto-a-los-12-anos-junto-a-un-piloto-de-f1-que-volvera-a-ver-en-2026-que-viejo-estoy\/#article","isPartOf":{"@id":"https:\/\/lobosnews.com.ar\/index.php\/2026\/01\/17\/la-foto-inedita-de-franco-colapinto-a-los-12-anos-junto-a-un-piloto-de-f1-que-volvera-a-ver-en-2026-que-viejo-estoy\/"},"author":{"name":"admin","@id":"https:\/\/lobosnews.com.ar\/#\/schema\/person\/232422a593d5c541dd9aef6aaed10943"},"headline":"La foto in\u00e9dita de Franco Colapinto a los 12 a\u00f1os junto a un piloto de F1 que volver\u00e1 a ver en 2026: \u201cQu\u00e9 viejo estoy\u201d","datePublished":"2026-01-17T01:29:42+00:00","dateModified":"2026-01-17T03:25:21+00:00","mainEntityOfPage":{"@id":"https:\/\/lobosnews.com.ar\/index.php\/2026\/01\/17\/la-foto-inedita-de-franco-colapinto-a-los-12-anos-junto-a-un-piloto-de-f1-que-volvera-a-ver-en-2026-que-viejo-estoy\/"},"wordCount":717,"commentCount":0,"publisher":{"@id":"https:\/\/lobosnews.com.ar\/#organization"},"image":{"@id":"https:\/\/lobosnews.com.ar\/index.php\/2026\/01\/17\/la-foto-inedita-de-franco-colapinto-a-los-12-anos-junto-a-un-piloto-de-f1-que-volvera-a-ver-en-2026-que-viejo-estoy\/#primaryimage"},"thumbnailUrl":"https:\/\/lobosnews.com.ar\/wp-content\/uploads\/2026\/01\/la-foto-inedita-de-franco-colapinto-a-los-12-anos-junto-a-un-piloto-de-f1-que-volvera-a-ver-en-2026-que-viejo-estoy.jpg","keywords":["Deportes"],"articleSection":["Argentina"],"inLanguage":"es","potentialAction":[{"@type":"CommentAction","name":"Comment","target":["https:\/\/lobosnews.com.ar\/index.php\/2026\/01\/17\/la-foto-inedita-de-franco-colapinto-a-los-12-anos-junto-a-un-piloto-de-f1-que-volvera-a-ver-en-2026-que-viejo-estoy\/#respond"]}]},{"@type":"WebPage","@id":"https:\/\/lobosnews.com.ar\/index.php\/2026\/01\/17\/la-foto-inedita-de-franco-colapinto-a-los-12-anos-junto-a-un-piloto-de-f1-que-volvera-a-ver-en-2026-que-viejo-estoy\/","url":"https:\/\/lobosnews.com.ar\/index.php\/2026\/01\/17\/la-foto-inedita-de-franco-colapinto-a-los-12-anos-junto-a-un-piloto-de-f1-que-volvera-a-ver-en-2026-que-viejo-estoy\/","name":"La foto in\u00e9dita de Franco Colapinto a los 12 a\u00f1os junto a un piloto de F1 que volver\u00e1 a ver en 2026: \u201cQu\u00e9 viejo estoy\u201d - Lobos News","isPartOf":{"@id":"https:\/\/lobosnews.com.ar\/#website"},"primaryImageOfPage":{"@id":"https:\/\/lobosnews.com.ar\/index.php\/2026\/01\/17\/la-foto-inedita-de-franco-colapinto-a-los-12-anos-junto-a-un-piloto-de-f1-que-volvera-a-ver-en-2026-que-viejo-estoy\/#primaryimage"},"image":{"@id":"https:\/\/lobosnews.com.ar\/index.php\/2026\/01\/17\/la-foto-inedita-de-franco-colapinto-a-los-12-anos-junto-a-un-piloto-de-f1-que-volvera-a-ver-en-2026-que-viejo-estoy\/#primaryimage"},"thumbnailUrl":"https:\/\/lobosnews.com.ar\/wp-content\/uploads\/2026\/01\/la-foto-inedita-de-franco-colapinto-a-los-12-anos-junto-a-un-piloto-de-f1-que-volvera-a-ver-en-2026-que-viejo-estoy.jpg","datePublished":"2026-01-17T01:29:42+00:00","dateModified":"2026-01-17T03:25:21+00:00","breadcrumb":{"@id":"https:\/\/lobosnews.com.ar\/index.php\/2026\/01\/17\/la-foto-inedita-de-franco-colapinto-a-los-12-anos-junto-a-un-piloto-de-f1-que-volvera-a-ver-en-2026-que-viejo-estoy\/#breadcrumb"},"inLanguage":"es","potentialAction":[{"@type":"ReadAction","target":["https:\/\/lobosnews.com.ar\/index.php\/2026\/01\/17\/la-foto-inedita-de-franco-colapinto-a-los-12-anos-junto-a-un-piloto-de-f1-que-volvera-a-ver-en-2026-que-viejo-estoy\/"]}]},{"@type":"ImageObject","inLanguage":"es","@id":"https:\/\/lobosnews.com.ar\/index.php\/2026\/01\/17\/la-foto-inedita-de-franco-colapinto-a-los-12-anos-junto-a-un-piloto-de-f1-que-volvera-a-ver-en-2026-que-viejo-estoy\/#primaryimage","url":"https:\/\/lobosnews.com.ar\/wp-content\/uploads\/2026\/01\/la-foto-inedita-de-franco-colapinto-a-los-12-anos-junto-a-un-piloto-de-f1-que-volvera-a-ver-en-2026-que-viejo-estoy.jpg","contentUrl":"https:\/\/lobosnews.com.ar\/wp-content\/uploads\/2026\/01\/la-foto-inedita-de-franco-colapinto-a-los-12-anos-junto-a-un-piloto-de-f1-que-volvera-a-ver-en-2026-que-viejo-estoy.jpg"},{"@type":"BreadcrumbList","@id":"https:\/\/lobosnews.com.ar\/index.php\/2026\/01\/17\/la-foto-inedita-de-franco-colapinto-a-los-12-anos-junto-a-un-piloto-de-f1-que-volvera-a-ver-en-2026-que-viejo-estoy\/#breadcrumb","itemListElement":[{"@type":"ListItem","position":1,"name":"Portada","item":"https:\/\/lobosnews.com.ar\/"},{"@type":"ListItem","position":2,"name":"La foto in\u00e9dita de Franco Colapinto a los 12 a\u00f1os junto a un piloto de F1 que volver\u00e1 a ver en 2026: \u201cQu\u00e9 viejo estoy\u201d"}]},{"@type":"WebSite","@id":"https:\/\/lobosnews.com.ar\/#website","url":"https:\/\/lobosnews.com.ar\/","name":"Lobos News","description":"Informaci\u00f3n a cada instante","publisher":{"@id":"https:\/\/lobosnews.com.ar\/#organization"},"potentialAction":[{"@type":"SearchAction","target":{"@type":"EntryPoint","urlTemplate":"https:\/\/lobosnews.com.ar\/?s={search_term_string}"},"query-input":{"@type":"PropertyValueSpecification","valueRequired":true,"valueName":"search_term_string"}}],"inLanguage":"es"},{"@type":"Organization","@id":"https:\/\/lobosnews.com.ar\/#organization","name":"Lobos News","url":"https:\/\/lobosnews.com.ar\/","logo":{"@type":"ImageObject","inLanguage":"es","@id":"https:\/\/lobosnews.com.ar\/#\/schema\/logo\/image\/","url":"https:\/\/lobosnews.com.ar\/wp-content\/uploads\/2026\/01\/logo-lobosnews.png","contentUrl":"https:\/\/lobosnews.com.ar\/wp-content\/uploads\/2026\/01\/logo-lobosnews.png","width":500,"height":200,"caption":"Lobos News"},"image":{"@id":"https:\/\/lobosnews.com.ar\/#\/schema\/logo\/image\/"}},{"@type":"Person","@id":"https:\/\/lobosnews.com.ar\/#\/schema\/person\/232422a593d5c541dd9aef6aaed10943","name":"admin","image":{"@type":"ImageObject","inLanguage":"es","@id":"https:\/\/lobosnews.com.ar\/#\/schema\/person\/image\/","url":"https:\/\/secure.gravatar.com\/avatar\/76e419471a2083bc3ceab22a763dbbf9b0c1bd15a6214cf3280e2c2dde4580f9?s=96&d=mm&r=g","contentUrl":"https:\/\/secure.gravatar.com\/avatar\/76e419471a2083bc3ceab22a763dbbf9b0c1bd15a6214cf3280e2c2dde4580f9?s=96&d=mm&r=g","caption":"admin"},"sameAs":["https:\/\/lobosnews.com.ar"],"url":"https:\/\/lobosnews.com.ar\/index.php\/author\/lobos-news\/"}]}},"jetpack_featured_media_url":"","jetpack_sharing_enabled":true,"_links":{"self":[{"href":"https:\/\/lobosnews.com.ar\/index.php\/wp-json\/wp\/v2\/posts\/7570","targetHints":{"allow":["GET"]}}],"collection":[{"href":"https:\/\/lobosnews.com.ar\/index.php\/wp-json\/wp\/v2\/posts"}],"about":[{"href":"https:\/\/lobosnews.com.ar\/index.php\/wp-json\/wp\/v2\/types\/post"}],"author":[{"embeddable":true,"href":"https:\/\/lobosnews.com.ar\/index.php\/wp-json\/wp\/v2\/users\/1"}],"replies":[{"embeddable":true,"href":"https:\/\/lobosnews.com.ar\/index.php\/wp-json\/wp\/v2\/comments?post=7570"}],"version-history":[{"count":1,"href":"https:\/\/lobosnews.com.ar\/index.php\/wp-json\/wp\/v2\/posts\/7570\/revisions"}],"predecessor-version":[{"id":7590,"href":"https:\/\/lobosnews.com.ar\/index.php\/wp-json\/wp\/v2\/posts\/7570\/revisions\/7590"}],"wp:attachment":[{"href":"https:\/\/lobosnews.com.ar\/index.php\/wp-json\/wp\/v2\/media?parent=7570"}],"wp:term":[{"taxonomy":"category","embeddable":true,"href":"https:\/\/lobosnews.com.ar\/index.php\/wp-json\/wp\/v2\/categories?post=7570"},{"taxonomy":"post_tag","embeddable":true,"href":"https:\/\/lobosnews.com.ar\/index.php\/wp-json\/wp\/v2\/tags?post=7570"}],"curies":[{"name":"wp","href":"https:\/\/api.w.org\/{rel}","templated":true}]}}