{"id":7566,"date":"2026-01-17T02:04:10","date_gmt":"2026-01-17T02:04:10","guid":{"rendered":"https:\/\/lobosnews.com.ar\/index.php\/2026\/01\/17\/independiente-vencio-2-0-a-montevideo-wanderers-en-la-serie-rio-de-la-plata-y-cerro-la-pretemporada-invicto\/"},"modified":"2026-01-17T03:24:47","modified_gmt":"2026-01-17T03:24:47","slug":"independiente-vencio-2-0-a-montevideo-wanderers-en-la-serie-rio-de-la-plata-y-cerro-la-pretemporada-invicto","status":"publish","type":"post","link":"https:\/\/lobosnews.com.ar\/index.php\/2026\/01\/17\/independiente-vencio-2-0-a-montevideo-wanderers-en-la-serie-rio-de-la-plata-y-cerro-la-pretemporada-invicto\/","title":{"rendered":"Independiente venci\u00f3 2-0 a Montevideo Wanderers en la Serie R\u00edo de la Plata y cerr\u00f3 la pretemporada invicto"},"content":{"rendered":"<p><!DOCTYPE html><br \/>\n<html><br \/>\n<head><br \/>\n<meta name=\"viewport\" content=\"width=device-width, initial-scale=1\"><\/p>\n<style>\n.container-video { position: relative; width: 100%; overflow: hidden; padding-top: 56.25%;\n}\n.responsive-iframe-video { position: absolute; top: 0; left: 0; bottom: 0; right: 0; width: 100%; height: 100%; border: none;\n}\n<\/style>\n<p><\/head><br \/>\n<body><\/p>\n<div class=\"container-video\"> <iframe title=\"video-espn\" class=\"responsive-iframe-video\" src=\"https:\/\/www.espn.com.ar\/core\/video\/iframe?id=16191680&#038;endcard=false&#038;omniReportSuite=wdgespge\" allowfullscreen><\/iframe>\n<\/div>\n<p><\/body><br \/>\n<\/html><\/p>\n<p><b>Independiente <\/b>se impuso <b>2-0<\/b> ante <b>Montevideo Wanderers <\/b>en su \u00faltimo encuentro amistoso por la <b>Serie R\u00edo de la Plata <\/b>que se disputa en <b>Uruguay <\/b>y complet\u00f3 su gira de pretemporada invicto, con un total de tres victorias. El delantero paraguayo <b>Gabriel \u00c1valos<\/b> marc\u00f3 los dos goles del equipo que dirige t\u00e1cticamente <b>Gustavo Quinteros<\/b>. <\/p>\n<p>El <i>Rojo <\/i>fue ampliamente superior al conjunto uruguayo y se qued\u00f3 merecidamente con la victoria. Tras un 0-0 en un discreto primer tiempo, el equipo de Avellaneda impuso su jerarqu\u00eda individual y abri\u00f3 el marcador a los dos minutos de iniciado el complemento con un tanto de <b>\u00c1valos<\/b>, quien tom\u00f3 la pelota de aire tras un centro del chileno <b>Lautaro Mill\u00e1n<\/b>. A los 69\u2032 lleg\u00f3 el segundo festejo, luego de un penal ejecutado por el goleador guaran\u00ed. <b> <\/b><\/p>\n<p>Antes de este duelo, el elenco argentino jug\u00f3 un encuentro informal ante <b>F\u00e9nix <\/b>de Uruguay, que termin\u00f3 en empate 1-1. En este amistoso disputado en el estadio <i>Parque Capurro<\/i>, <b>Independiente<\/b> aline\u00f3 un conjunto alternativo dispuesto por <b>Gustavo Quinteros<\/b>, quien realiz\u00f3 siete modificaciones a lo largo del partido, que consisti\u00f3 en dos tiempos de 35 minutos. El<i> Rojo <\/i>comenz\u00f3 en desventaja y logr\u00f3 igualar gracias a un tanto del juvenil <b>Felipe Tempone<\/b>, que convirti\u00f3 debajo del arco tras una asistencia de <b>Enzo Taborda<\/b>. <\/p>\n<p><img fetchpriority=\"high\" decoding=\"async\" src=\"https:\/\/lobosnews.com.ar\/wp-content\/uploads\/2026\/01\/independiente-vencio-2-0-a-montevideo-wanderers-en-la-serie-rio-de-la-plata-y-cerro-la-pretemporada-invicto.jpg\" alt=\"Independiente derrot\u00f3 2-0 a Montevideo Wanderers por la Serie R\u00edo de la Plata, en Uruguay (@SerieRdeLP)\" height=\"2048\" width=\"1638\"\/><\/p>\n<p>Tras retornar a <b>Buenos Aires<\/b>, el plantel se preparar\u00e1 en el Predio Santo Domingo, en<b> Villa Dom\u00ednico<\/b>, de cara al debut en el Torneo Apertura frente a <b>Estudiantes de La Plata<\/b> en el estadio<i> Libertadores de Am\u00e9rica &#8211; Ricardo Enrique Bochini<\/i>. El encuentro est\u00e1 pactado para el viernes 23\/01 a las 20:00.<\/p>\n<p>Mientras tanto, <span class=\"waslinkname\">la situaci\u00f3n contractual de <b>Javier Ruiz<\/b><\/span> ocupa un lugar central. El jugador interrumpi\u00f3 su cesi\u00f3n en <b>Barracas Central<\/b> por pedido expreso del entrenador, aunque su regreso al club estuvo marcado por ausencias en los entrenamientos y reclamos salariales.<\/p>\n<p>El desacuerdo llev\u00f3 a que los directivos decidieran que <b>Ruiz<\/b> no integrara la delegaci\u00f3n que se traslad\u00f3 a Uruguay y que, en cambio, se entrenara con la Reserva. El club estipul\u00f3 que solo considerar\u00eda una oferta de USD 5 millones por la totalidad de su pase. Dicha propuesta no se concret\u00f3 y, en los \u00faltimos d\u00edas, el futbolista sostuvo conversaciones positivas con <b>Hugo Tocalli<\/b>, coordinador de las divisiones inferiores, lo que abri\u00f3 una v\u00eda para su posible reintegraci\u00f3n al grupo profesional.<\/p>\n<p>En las \u00faltimas horas, Independiente <span class=\"waslinkname\">concret\u00f3 la transferencia de <b>Felipe Loyola<\/b><\/span>, futbolista chileno de 25 a\u00f1os, al club italiano <b>Pisa<\/b>. Este movimiento no solo implica la salida de una de las figuras centrales del equipo dirigido por <b>Gustavo Quinteros<\/b>, sino tambi\u00e9n un inmediato respiro para las cuentas de la entidad, en medio de una coyuntura econ\u00f3micamente apremiante.<\/p>\n<p><img loading=\"lazy\" decoding=\"async\" src=\"https:\/\/lobosnews.com.ar\/wp-content\/uploads\/2026\/01\/independiente-vencio-2-0-a-montevideo-wanderers-en-la-serie-rio-de-la-plata-y-cerro-la-pretemporada-invicto-1.jpg\" alt=\"Independiente venci\u00f3 a Everton de Chile en un amistoso de verano (Fotobaires)\" height=\"2596\" width=\"3712\"\/><\/p>\n<p>La operaci\u00f3n se estructur\u00f3 en m\u00faltiples etapas y condiciones, reflejando la complejidad habitual de los traspasos en el f\u00fatbol sudamericano hacia Europa. Pisa, ubicado actualmente en la posici\u00f3n 19 de la Serie A tras 20 jornadas y en plena zona de descenso, se comprometi\u00f3 a pagar una suma inicial de <b>1.350.000 euros<\/b> por un pr\u00e9stamo anual. Si se cumplen la totalidad de las cl\u00e1usulas y pagos adicionales convenidos, la venta total podr\u00eda alcanzar los <b>11 millones de euros<\/b>.<\/p>\n<p>El contrato incluye, adem\u00e1s, un pago obligatorio de <b>5.500.000 euros<\/b> por el 70% de la ficha del jugador, si Loyola llega a disputar al menos un minuto en cinco partidos de liga, cantidad que se abonar\u00e1 en tres cuotas y empezar\u00e1 a efectivizarse en junio de este a\u00f1o. Pisa, en paralelo, acord\u00f3 un bono extra de <b>150.000 euros<\/b> si el futbolista suma minutos en tres encuentros, y la opci\u00f3n de compra sobre el restante 30% se fij\u00f3 en cerca de <b>4.250.000 euros<\/b>. De establecerse una venta futura, Independiente preservar\u00e1 el <b>15%<\/b> de cualquier suma que se obtenga en ese nuevo traspaso.<\/p>\n<p>Este ingreso monetario reviste especial importancia para <b>Independiente<\/b>, que hab\u00eda adquirido el 50% de los derechos econ\u00f3micos de Loyola en julio de 2024 por <b>USD 1.500.000<\/b> a <b>Huachipato<\/b>, club chileno que conservar\u00e1 su parte en caso de futuras ventas.<\/p>\n<p>En materia de incorporaciones, el experimentado <b>Ignacio Malcorra<\/b> lleg\u00f3 para darle un salto de calidad al elenco de Avellaneda. A sus 38 a\u00f1os, el volante suma as\u00ed el noveno club de su carrera \u2014tras pasos por la CAI, Aldosivi, Uni\u00f3n, Tijuana, Pumas, Atlas, Lan\u00fas y Rosario Central\u2014 y firm\u00f3 contrato hasta diciembre de 2026<\/p>\n<p>El cap\u00edtulo de renovaciones tambi\u00e9n fue activo en Independiente: <b>Federico Mancuello<\/b> firm\u00f3 hasta junio de 2027, <b>Rodrigo Fern\u00e1ndez Cedr\u00e9s<\/b> hasta finales de 2027, <b>Santiago Montiel<\/b> hasta diciembre de 2028, mientras que <b>Nicol\u00e1s Freire<\/b> prorrog\u00f3 hasta diciembre de 2026 con una opci\u00f3n de compra de <b>USD 1.000.000<\/b>. A esto se suma la continuidad de <b>Joaqu\u00edn Bl\u00e1zquez<\/b> por otra temporada a pr\u00e9stamo sin cargo y de <b>Juan Fedorco<\/b> hasta diciembre de 2028.<\/p>\n","protected":false},"excerpt":{"rendered":"<p>Independiente se impuso 2-0 ante Montevideo Wanderers en su \u00faltimo encuentro amistoso por la Serie R\u00edo de la Plata que se disputa en Uruguay y complet\u00f3 su gira de pretemporada invicto, con un total de tres victorias. El delantero paraguayo Gabriel \u00c1valos marc\u00f3 los dos goles del equipo que dirige t\u00e1cticamente Gustavo Quinteros. El Rojo&#8230;<\/p>\n","protected":false},"author":1,"featured_media":0,"comment_status":"open","ping_status":"closed","sticky":false,"template":"","format":"standard","meta":{"_jetpack_memberships_contains_paid_content":false,"footnotes":""},"categories":[30],"tags":[39],"class_list":["post-7566","post","type-post","status-publish","format-standard","hentry","category-argentina","tag-deportes"],"magazineBlocksPostFeaturedMedia":{"thumbnail":false,"medium":false,"medium_large":false,"large":false,"1536x1536":false,"2048x2048":false,"newsmatic-featured":false,"newsmatic-list":false,"newsmatic-thumb":false,"newsmatic-small":false,"newsmatic-grid":false},"magazineBlocksPostAuthor":{"name":"admin","avatar":"https:\/\/secure.gravatar.com\/avatar\/76e419471a2083bc3ceab22a763dbbf9b0c1bd15a6214cf3280e2c2dde4580f9?s=96&d=mm&r=g"},"magazineBlocksPostCommentsNumber":"0","magazineBlocksPostExcerpt":"Independiente se impuso 2-0 ante Montevideo Wanderers en su \u00faltimo encuentro amistoso por la Serie R\u00edo de la Plata que se disputa en Uruguay y complet\u00f3 su gira de pretemporada invicto, con un total de tres victorias. El delantero paraguayo Gabriel \u00c1valos marc\u00f3 los dos goles del equipo que dirige t\u00e1cticamente Gustavo Quinteros. El Rojo...","magazineBlocksPostCategories":["Argentina"],"magazineBlocksPostViewCount":180,"magazineBlocksPostReadTime":4,"magazine_blocks_featured_image_url":{"full":false,"medium":false,"thumbnail":false},"magazine_blocks_author":{"display_name":"admin","author_link":"https:\/\/lobosnews.com.ar\/index.php\/author\/lobos-news\/"},"magazine_blocks_comment":0,"magazine_blocks_author_image":"https:\/\/secure.gravatar.com\/avatar\/76e419471a2083bc3ceab22a763dbbf9b0c1bd15a6214cf3280e2c2dde4580f9?s=96&d=mm&r=g","magazine_blocks_category":"<a href=\"#\" class=\"category-link category-link-30\">Argentina<\/a>","yoast_head":"<!-- This site is optimized with the Yoast SEO plugin v26.6 - https:\/\/yoast.com\/wordpress\/plugins\/seo\/ -->\n<title>Independiente venci\u00f3 2-0 a Montevideo Wanderers en la Serie R\u00edo de la Plata y cerr\u00f3 la pretemporada invicto - Lobos News<\/title>\n<meta name=\"robots\" content=\"index, follow, max-snippet:-1, max-image-preview:large, max-video-preview:-1\" \/>\n<link rel=\"canonical\" href=\"https:\/\/lobosnews.com.ar\/index.php\/2026\/01\/17\/independiente-vencio-2-0-a-montevideo-wanderers-en-la-serie-rio-de-la-plata-y-cerro-la-pretemporada-invicto\/\" \/>\n<meta property=\"og:locale\" content=\"es_ES\" \/>\n<meta property=\"og:type\" content=\"article\" \/>\n<meta property=\"og:title\" content=\"Independiente venci\u00f3 2-0 a Montevideo Wanderers en la Serie R\u00edo de la Plata y cerr\u00f3 la pretemporada invicto - Lobos News\" \/>\n<meta property=\"og:description\" content=\"Independiente se impuso 2-0 ante Montevideo Wanderers en su \u00faltimo encuentro amistoso por la Serie R\u00edo de la Plata que se disputa en Uruguay y complet\u00f3 su gira de pretemporada invicto, con un total de tres victorias. El delantero paraguayo Gabriel \u00c1valos marc\u00f3 los dos goles del equipo que dirige t\u00e1cticamente Gustavo Quinteros. El Rojo...\" \/>\n<meta property=\"og:url\" content=\"https:\/\/lobosnews.com.ar\/index.php\/2026\/01\/17\/independiente-vencio-2-0-a-montevideo-wanderers-en-la-serie-rio-de-la-plata-y-cerro-la-pretemporada-invicto\/\" \/>\n<meta property=\"og:site_name\" content=\"Lobos News\" \/>\n<meta property=\"article:published_time\" content=\"2026-01-17T02:04:10+00:00\" \/>\n<meta property=\"article:modified_time\" content=\"2026-01-17T03:24:47+00:00\" \/>\n<meta property=\"og:image\" content=\"https:\/\/lobosnews.com.ar\/wp-content\/uploads\/2026\/01\/independiente-vencio-2-0-a-montevideo-wanderers-en-la-serie-rio-de-la-plata-y-cerro-la-pretemporada-invicto.jpg\" \/>\n<meta name=\"author\" content=\"admin\" \/>\n<meta name=\"twitter:card\" content=\"summary_large_image\" \/>\n<meta name=\"twitter:label1\" content=\"Escrito por\" \/>\n\t<meta name=\"twitter:data1\" content=\"admin\" \/>\n\t<meta name=\"twitter:label2\" content=\"Tiempo de lectura\" \/>\n\t<meta name=\"twitter:data2\" content=\"4 minutos\" \/>\n<script type=\"application\/ld+json\" class=\"yoast-schema-graph\">{\"@context\":\"https:\/\/schema.org\",\"@graph\":[{\"@type\":\"Article\",\"@id\":\"https:\/\/lobosnews.com.ar\/index.php\/2026\/01\/17\/independiente-vencio-2-0-a-montevideo-wanderers-en-la-serie-rio-de-la-plata-y-cerro-la-pretemporada-invicto\/#article\",\"isPartOf\":{\"@id\":\"https:\/\/lobosnews.com.ar\/index.php\/2026\/01\/17\/independiente-vencio-2-0-a-montevideo-wanderers-en-la-serie-rio-de-la-plata-y-cerro-la-pretemporada-invicto\/\"},\"author\":{\"name\":\"admin\",\"@id\":\"https:\/\/lobosnews.com.ar\/#\/schema\/person\/232422a593d5c541dd9aef6aaed10943\"},\"headline\":\"Independiente venci\u00f3 2-0 a Montevideo Wanderers en la Serie R\u00edo de la Plata y cerr\u00f3 la pretemporada invicto\",\"datePublished\":\"2026-01-17T02:04:10+00:00\",\"dateModified\":\"2026-01-17T03:24:47+00:00\",\"mainEntityOfPage\":{\"@id\":\"https:\/\/lobosnews.com.ar\/index.php\/2026\/01\/17\/independiente-vencio-2-0-a-montevideo-wanderers-en-la-serie-rio-de-la-plata-y-cerro-la-pretemporada-invicto\/\"},\"wordCount\":816,\"commentCount\":0,\"publisher\":{\"@id\":\"https:\/\/lobosnews.com.ar\/#organization\"},\"image\":{\"@id\":\"https:\/\/lobosnews.com.ar\/index.php\/2026\/01\/17\/independiente-vencio-2-0-a-montevideo-wanderers-en-la-serie-rio-de-la-plata-y-cerro-la-pretemporada-invicto\/#primaryimage\"},\"thumbnailUrl\":\"https:\/\/lobosnews.com.ar\/wp-content\/uploads\/2026\/01\/independiente-vencio-2-0-a-montevideo-wanderers-en-la-serie-rio-de-la-plata-y-cerro-la-pretemporada-invicto.jpg\",\"keywords\":[\"Deportes\"],\"articleSection\":[\"Argentina\"],\"inLanguage\":\"es\",\"potentialAction\":[{\"@type\":\"CommentAction\",\"name\":\"Comment\",\"target\":[\"https:\/\/lobosnews.com.ar\/index.php\/2026\/01\/17\/independiente-vencio-2-0-a-montevideo-wanderers-en-la-serie-rio-de-la-plata-y-cerro-la-pretemporada-invicto\/#respond\"]}]},{\"@type\":\"WebPage\",\"@id\":\"https:\/\/lobosnews.com.ar\/index.php\/2026\/01\/17\/independiente-vencio-2-0-a-montevideo-wanderers-en-la-serie-rio-de-la-plata-y-cerro-la-pretemporada-invicto\/\",\"url\":\"https:\/\/lobosnews.com.ar\/index.php\/2026\/01\/17\/independiente-vencio-2-0-a-montevideo-wanderers-en-la-serie-rio-de-la-plata-y-cerro-la-pretemporada-invicto\/\",\"name\":\"Independiente venci\u00f3 2-0 a Montevideo Wanderers en la Serie R\u00edo de la Plata y cerr\u00f3 la pretemporada invicto - Lobos News\",\"isPartOf\":{\"@id\":\"https:\/\/lobosnews.com.ar\/#website\"},\"primaryImageOfPage\":{\"@id\":\"https:\/\/lobosnews.com.ar\/index.php\/2026\/01\/17\/independiente-vencio-2-0-a-montevideo-wanderers-en-la-serie-rio-de-la-plata-y-cerro-la-pretemporada-invicto\/#primaryimage\"},\"image\":{\"@id\":\"https:\/\/lobosnews.com.ar\/index.php\/2026\/01\/17\/independiente-vencio-2-0-a-montevideo-wanderers-en-la-serie-rio-de-la-plata-y-cerro-la-pretemporada-invicto\/#primaryimage\"},\"thumbnailUrl\":\"https:\/\/lobosnews.com.ar\/wp-content\/uploads\/2026\/01\/independiente-vencio-2-0-a-montevideo-wanderers-en-la-serie-rio-de-la-plata-y-cerro-la-pretemporada-invicto.jpg\",\"datePublished\":\"2026-01-17T02:04:10+00:00\",\"dateModified\":\"2026-01-17T03:24:47+00:00\",\"breadcrumb\":{\"@id\":\"https:\/\/lobosnews.com.ar\/index.php\/2026\/01\/17\/independiente-vencio-2-0-a-montevideo-wanderers-en-la-serie-rio-de-la-plata-y-cerro-la-pretemporada-invicto\/#breadcrumb\"},\"inLanguage\":\"es\",\"potentialAction\":[{\"@type\":\"ReadAction\",\"target\":[\"https:\/\/lobosnews.com.ar\/index.php\/2026\/01\/17\/independiente-vencio-2-0-a-montevideo-wanderers-en-la-serie-rio-de-la-plata-y-cerro-la-pretemporada-invicto\/\"]}]},{\"@type\":\"ImageObject\",\"inLanguage\":\"es\",\"@id\":\"https:\/\/lobosnews.com.ar\/index.php\/2026\/01\/17\/independiente-vencio-2-0-a-montevideo-wanderers-en-la-serie-rio-de-la-plata-y-cerro-la-pretemporada-invicto\/#primaryimage\",\"url\":\"https:\/\/lobosnews.com.ar\/wp-content\/uploads\/2026\/01\/independiente-vencio-2-0-a-montevideo-wanderers-en-la-serie-rio-de-la-plata-y-cerro-la-pretemporada-invicto.jpg\",\"contentUrl\":\"https:\/\/lobosnews.com.ar\/wp-content\/uploads\/2026\/01\/independiente-vencio-2-0-a-montevideo-wanderers-en-la-serie-rio-de-la-plata-y-cerro-la-pretemporada-invicto.jpg\"},{\"@type\":\"BreadcrumbList\",\"@id\":\"https:\/\/lobosnews.com.ar\/index.php\/2026\/01\/17\/independiente-vencio-2-0-a-montevideo-wanderers-en-la-serie-rio-de-la-plata-y-cerro-la-pretemporada-invicto\/#breadcrumb\",\"itemListElement\":[{\"@type\":\"ListItem\",\"position\":1,\"name\":\"Portada\",\"item\":\"https:\/\/lobosnews.com.ar\/\"},{\"@type\":\"ListItem\",\"position\":2,\"name\":\"Independiente venci\u00f3 2-0 a Montevideo Wanderers en la Serie R\u00edo de la Plata y cerr\u00f3 la pretemporada invicto\"}]},{\"@type\":\"WebSite\",\"@id\":\"https:\/\/lobosnews.com.ar\/#website\",\"url\":\"https:\/\/lobosnews.com.ar\/\",\"name\":\"Lobos News\",\"description\":\"Informaci\u00f3n a cada instante\",\"publisher\":{\"@id\":\"https:\/\/lobosnews.com.ar\/#organization\"},\"potentialAction\":[{\"@type\":\"SearchAction\",\"target\":{\"@type\":\"EntryPoint\",\"urlTemplate\":\"https:\/\/lobosnews.com.ar\/?s={search_term_string}\"},\"query-input\":{\"@type\":\"PropertyValueSpecification\",\"valueRequired\":true,\"valueName\":\"search_term_string\"}}],\"inLanguage\":\"es\"},{\"@type\":\"Organization\",\"@id\":\"https:\/\/lobosnews.com.ar\/#organization\",\"name\":\"Lobos News\",\"url\":\"https:\/\/lobosnews.com.ar\/\",\"logo\":{\"@type\":\"ImageObject\",\"inLanguage\":\"es\",\"@id\":\"https:\/\/lobosnews.com.ar\/#\/schema\/logo\/image\/\",\"url\":\"https:\/\/lobosnews.com.ar\/wp-content\/uploads\/2026\/01\/logo-lobosnews.png\",\"contentUrl\":\"https:\/\/lobosnews.com.ar\/wp-content\/uploads\/2026\/01\/logo-lobosnews.png\",\"width\":500,\"height\":200,\"caption\":\"Lobos News\"},\"image\":{\"@id\":\"https:\/\/lobosnews.com.ar\/#\/schema\/logo\/image\/\"}},{\"@type\":\"Person\",\"@id\":\"https:\/\/lobosnews.com.ar\/#\/schema\/person\/232422a593d5c541dd9aef6aaed10943\",\"name\":\"admin\",\"image\":{\"@type\":\"ImageObject\",\"inLanguage\":\"es\",\"@id\":\"https:\/\/lobosnews.com.ar\/#\/schema\/person\/image\/\",\"url\":\"https:\/\/secure.gravatar.com\/avatar\/76e419471a2083bc3ceab22a763dbbf9b0c1bd15a6214cf3280e2c2dde4580f9?s=96&d=mm&r=g\",\"contentUrl\":\"https:\/\/secure.gravatar.com\/avatar\/76e419471a2083bc3ceab22a763dbbf9b0c1bd15a6214cf3280e2c2dde4580f9?s=96&d=mm&r=g\",\"caption\":\"admin\"},\"sameAs\":[\"https:\/\/lobosnews.com.ar\"],\"url\":\"https:\/\/lobosnews.com.ar\/index.php\/author\/lobos-news\/\"}]}<\/script>\n<!-- \/ Yoast SEO plugin. -->","yoast_head_json":{"title":"Independiente venci\u00f3 2-0 a Montevideo Wanderers en la Serie R\u00edo de la Plata y cerr\u00f3 la pretemporada invicto - Lobos News","robots":{"index":"index","follow":"follow","max-snippet":"max-snippet:-1","max-image-preview":"max-image-preview:large","max-video-preview":"max-video-preview:-1"},"canonical":"https:\/\/lobosnews.com.ar\/index.php\/2026\/01\/17\/independiente-vencio-2-0-a-montevideo-wanderers-en-la-serie-rio-de-la-plata-y-cerro-la-pretemporada-invicto\/","og_locale":"es_ES","og_type":"article","og_title":"Independiente venci\u00f3 2-0 a Montevideo Wanderers en la Serie R\u00edo de la Plata y cerr\u00f3 la pretemporada invicto - Lobos News","og_description":"Independiente se impuso 2-0 ante Montevideo Wanderers en su \u00faltimo encuentro amistoso por la Serie R\u00edo de la Plata que se disputa en Uruguay y complet\u00f3 su gira de pretemporada invicto, con un total de tres victorias. El delantero paraguayo Gabriel \u00c1valos marc\u00f3 los dos goles del equipo que dirige t\u00e1cticamente Gustavo Quinteros. El Rojo...","og_url":"https:\/\/lobosnews.com.ar\/index.php\/2026\/01\/17\/independiente-vencio-2-0-a-montevideo-wanderers-en-la-serie-rio-de-la-plata-y-cerro-la-pretemporada-invicto\/","og_site_name":"Lobos News","article_published_time":"2026-01-17T02:04:10+00:00","article_modified_time":"2026-01-17T03:24:47+00:00","og_image":[{"url":"https:\/\/lobosnews.com.ar\/wp-content\/uploads\/2026\/01\/independiente-vencio-2-0-a-montevideo-wanderers-en-la-serie-rio-de-la-plata-y-cerro-la-pretemporada-invicto.jpg","type":"","width":"","height":""}],"author":"admin","twitter_card":"summary_large_image","twitter_misc":{"Escrito por":"admin","Tiempo de lectura":"4 minutos"},"schema":{"@context":"https:\/\/schema.org","@graph":[{"@type":"Article","@id":"https:\/\/lobosnews.com.ar\/index.php\/2026\/01\/17\/independiente-vencio-2-0-a-montevideo-wanderers-en-la-serie-rio-de-la-plata-y-cerro-la-pretemporada-invicto\/#article","isPartOf":{"@id":"https:\/\/lobosnews.com.ar\/index.php\/2026\/01\/17\/independiente-vencio-2-0-a-montevideo-wanderers-en-la-serie-rio-de-la-plata-y-cerro-la-pretemporada-invicto\/"},"author":{"name":"admin","@id":"https:\/\/lobosnews.com.ar\/#\/schema\/person\/232422a593d5c541dd9aef6aaed10943"},"headline":"Independiente venci\u00f3 2-0 a Montevideo Wanderers en la Serie R\u00edo de la Plata y cerr\u00f3 la pretemporada invicto","datePublished":"2026-01-17T02:04:10+00:00","dateModified":"2026-01-17T03:24:47+00:00","mainEntityOfPage":{"@id":"https:\/\/lobosnews.com.ar\/index.php\/2026\/01\/17\/independiente-vencio-2-0-a-montevideo-wanderers-en-la-serie-rio-de-la-plata-y-cerro-la-pretemporada-invicto\/"},"wordCount":816,"commentCount":0,"publisher":{"@id":"https:\/\/lobosnews.com.ar\/#organization"},"image":{"@id":"https:\/\/lobosnews.com.ar\/index.php\/2026\/01\/17\/independiente-vencio-2-0-a-montevideo-wanderers-en-la-serie-rio-de-la-plata-y-cerro-la-pretemporada-invicto\/#primaryimage"},"thumbnailUrl":"https:\/\/lobosnews.com.ar\/wp-content\/uploads\/2026\/01\/independiente-vencio-2-0-a-montevideo-wanderers-en-la-serie-rio-de-la-plata-y-cerro-la-pretemporada-invicto.jpg","keywords":["Deportes"],"articleSection":["Argentina"],"inLanguage":"es","potentialAction":[{"@type":"CommentAction","name":"Comment","target":["https:\/\/lobosnews.com.ar\/index.php\/2026\/01\/17\/independiente-vencio-2-0-a-montevideo-wanderers-en-la-serie-rio-de-la-plata-y-cerro-la-pretemporada-invicto\/#respond"]}]},{"@type":"WebPage","@id":"https:\/\/lobosnews.com.ar\/index.php\/2026\/01\/17\/independiente-vencio-2-0-a-montevideo-wanderers-en-la-serie-rio-de-la-plata-y-cerro-la-pretemporada-invicto\/","url":"https:\/\/lobosnews.com.ar\/index.php\/2026\/01\/17\/independiente-vencio-2-0-a-montevideo-wanderers-en-la-serie-rio-de-la-plata-y-cerro-la-pretemporada-invicto\/","name":"Independiente venci\u00f3 2-0 a Montevideo Wanderers en la Serie R\u00edo de la Plata y cerr\u00f3 la pretemporada invicto - Lobos News","isPartOf":{"@id":"https:\/\/lobosnews.com.ar\/#website"},"primaryImageOfPage":{"@id":"https:\/\/lobosnews.com.ar\/index.php\/2026\/01\/17\/independiente-vencio-2-0-a-montevideo-wanderers-en-la-serie-rio-de-la-plata-y-cerro-la-pretemporada-invicto\/#primaryimage"},"image":{"@id":"https:\/\/lobosnews.com.ar\/index.php\/2026\/01\/17\/independiente-vencio-2-0-a-montevideo-wanderers-en-la-serie-rio-de-la-plata-y-cerro-la-pretemporada-invicto\/#primaryimage"},"thumbnailUrl":"https:\/\/lobosnews.com.ar\/wp-content\/uploads\/2026\/01\/independiente-vencio-2-0-a-montevideo-wanderers-en-la-serie-rio-de-la-plata-y-cerro-la-pretemporada-invicto.jpg","datePublished":"2026-01-17T02:04:10+00:00","dateModified":"2026-01-17T03:24:47+00:00","breadcrumb":{"@id":"https:\/\/lobosnews.com.ar\/index.php\/2026\/01\/17\/independiente-vencio-2-0-a-montevideo-wanderers-en-la-serie-rio-de-la-plata-y-cerro-la-pretemporada-invicto\/#breadcrumb"},"inLanguage":"es","potentialAction":[{"@type":"ReadAction","target":["https:\/\/lobosnews.com.ar\/index.php\/2026\/01\/17\/independiente-vencio-2-0-a-montevideo-wanderers-en-la-serie-rio-de-la-plata-y-cerro-la-pretemporada-invicto\/"]}]},{"@type":"ImageObject","inLanguage":"es","@id":"https:\/\/lobosnews.com.ar\/index.php\/2026\/01\/17\/independiente-vencio-2-0-a-montevideo-wanderers-en-la-serie-rio-de-la-plata-y-cerro-la-pretemporada-invicto\/#primaryimage","url":"https:\/\/lobosnews.com.ar\/wp-content\/uploads\/2026\/01\/independiente-vencio-2-0-a-montevideo-wanderers-en-la-serie-rio-de-la-plata-y-cerro-la-pretemporada-invicto.jpg","contentUrl":"https:\/\/lobosnews.com.ar\/wp-content\/uploads\/2026\/01\/independiente-vencio-2-0-a-montevideo-wanderers-en-la-serie-rio-de-la-plata-y-cerro-la-pretemporada-invicto.jpg"},{"@type":"BreadcrumbList","@id":"https:\/\/lobosnews.com.ar\/index.php\/2026\/01\/17\/independiente-vencio-2-0-a-montevideo-wanderers-en-la-serie-rio-de-la-plata-y-cerro-la-pretemporada-invicto\/#breadcrumb","itemListElement":[{"@type":"ListItem","position":1,"name":"Portada","item":"https:\/\/lobosnews.com.ar\/"},{"@type":"ListItem","position":2,"name":"Independiente venci\u00f3 2-0 a Montevideo Wanderers en la Serie R\u00edo de la Plata y cerr\u00f3 la pretemporada invicto"}]},{"@type":"WebSite","@id":"https:\/\/lobosnews.com.ar\/#website","url":"https:\/\/lobosnews.com.ar\/","name":"Lobos News","description":"Informaci\u00f3n a cada instante","publisher":{"@id":"https:\/\/lobosnews.com.ar\/#organization"},"potentialAction":[{"@type":"SearchAction","target":{"@type":"EntryPoint","urlTemplate":"https:\/\/lobosnews.com.ar\/?s={search_term_string}"},"query-input":{"@type":"PropertyValueSpecification","valueRequired":true,"valueName":"search_term_string"}}],"inLanguage":"es"},{"@type":"Organization","@id":"https:\/\/lobosnews.com.ar\/#organization","name":"Lobos News","url":"https:\/\/lobosnews.com.ar\/","logo":{"@type":"ImageObject","inLanguage":"es","@id":"https:\/\/lobosnews.com.ar\/#\/schema\/logo\/image\/","url":"https:\/\/lobosnews.com.ar\/wp-content\/uploads\/2026\/01\/logo-lobosnews.png","contentUrl":"https:\/\/lobosnews.com.ar\/wp-content\/uploads\/2026\/01\/logo-lobosnews.png","width":500,"height":200,"caption":"Lobos News"},"image":{"@id":"https:\/\/lobosnews.com.ar\/#\/schema\/logo\/image\/"}},{"@type":"Person","@id":"https:\/\/lobosnews.com.ar\/#\/schema\/person\/232422a593d5c541dd9aef6aaed10943","name":"admin","image":{"@type":"ImageObject","inLanguage":"es","@id":"https:\/\/lobosnews.com.ar\/#\/schema\/person\/image\/","url":"https:\/\/secure.gravatar.com\/avatar\/76e419471a2083bc3ceab22a763dbbf9b0c1bd15a6214cf3280e2c2dde4580f9?s=96&d=mm&r=g","contentUrl":"https:\/\/secure.gravatar.com\/avatar\/76e419471a2083bc3ceab22a763dbbf9b0c1bd15a6214cf3280e2c2dde4580f9?s=96&d=mm&r=g","caption":"admin"},"sameAs":["https:\/\/lobosnews.com.ar"],"url":"https:\/\/lobosnews.com.ar\/index.php\/author\/lobos-news\/"}]}},"jetpack_featured_media_url":"","jetpack_sharing_enabled":true,"_links":{"self":[{"href":"https:\/\/lobosnews.com.ar\/index.php\/wp-json\/wp\/v2\/posts\/7566","targetHints":{"allow":["GET"]}}],"collection":[{"href":"https:\/\/lobosnews.com.ar\/index.php\/wp-json\/wp\/v2\/posts"}],"about":[{"href":"https:\/\/lobosnews.com.ar\/index.php\/wp-json\/wp\/v2\/types\/post"}],"author":[{"embeddable":true,"href":"https:\/\/lobosnews.com.ar\/index.php\/wp-json\/wp\/v2\/users\/1"}],"replies":[{"embeddable":true,"href":"https:\/\/lobosnews.com.ar\/index.php\/wp-json\/wp\/v2\/comments?post=7566"}],"version-history":[{"count":1,"href":"https:\/\/lobosnews.com.ar\/index.php\/wp-json\/wp\/v2\/posts\/7566\/revisions"}],"predecessor-version":[{"id":7569,"href":"https:\/\/lobosnews.com.ar\/index.php\/wp-json\/wp\/v2\/posts\/7566\/revisions\/7569"}],"wp:attachment":[{"href":"https:\/\/lobosnews.com.ar\/index.php\/wp-json\/wp\/v2\/media?parent=7566"}],"wp:term":[{"taxonomy":"category","embeddable":true,"href":"https:\/\/lobosnews.com.ar\/index.php\/wp-json\/wp\/v2\/categories?post=7566"},{"taxonomy":"post_tag","embeddable":true,"href":"https:\/\/lobosnews.com.ar\/index.php\/wp-json\/wp\/v2\/tags?post=7566"}],"curies":[{"name":"wp","href":"https:\/\/api.w.org\/{rel}","templated":true}]}}