{"id":7550,"date":"2026-01-17T00:43:01","date_gmt":"2026-01-17T00:43:01","guid":{"rendered":"https:\/\/lobosnews.com.ar\/index.php\/2026\/01\/17\/impactante-accidente-en-quilmes-auto-choco-con-un-colectivo-atropello-a-una-mujer-y-la-arrojo-contra-un-arbol\/"},"modified":"2026-01-17T02:10:50","modified_gmt":"2026-01-17T02:10:50","slug":"impactante-accidente-en-quilmes-auto-choco-con-un-colectivo-atropello-a-una-mujer-y-la-arrojo-contra-un-arbol","status":"publish","type":"post","link":"https:\/\/lobosnews.com.ar\/index.php\/2026\/01\/17\/impactante-accidente-en-quilmes-auto-choco-con-un-colectivo-atropello-a-una-mujer-y-la-arrojo-contra-un-arbol\/","title":{"rendered":"Impactante accidente en Quilmes: auto choc\u00f3 con un colectivo, atropell\u00f3 a una mujer y la arroj\u00f3 contra un \u00e1rbol"},"content":{"rendered":"<p>Una mujer sufri\u00f3 graves heridas tras ser <b>atropellada y golpeada contra un \u00e1rbol<\/b> en un cruce de la localidad de <b>San Francisco Solano<\/b>, en el partido de <b>Quilmes<\/b>, despu\u00e9s de que <b>un auto y un colectivo<\/b> chocaron en una esquina transitada del sur del conurbano bonaerense.<\/p>\n<p>El accidente ocurri\u00f3 cerca del mediod\u00eda del jueves, poco despu\u00e9s de las 13, en la intersecci\u00f3n de las calles 839 y 897. La v\u00edctima, <b>Carolina, madre de 12 hijos y sost\u00e9n de su familia, volv\u00eda de una feria<\/b> y caminaba por la calle, ya que empujaba un carrito y la vereda presentaba obst\u00e1culos.<\/p>\n<p>Cuando lleg\u00f3 a dicha esquina, se detuvo y qued\u00f3 esperando para cruzar. El coche circulaba de frente a ella. El colectivo, de la <b>l\u00ednea 257<\/b>, impact\u00f3 de frente al auto, que ven\u00eda a mayor velocidad. Tras esa colisi\u00f3n, el rodado de menor porte <b>se desliz\u00f3 de costado y embisti\u00f3 a Carolina<\/b>, quien fue <b>eyectada varios metros hasta chocar violentamente contra un \u00e1rbol.<\/b><\/p>\n<p>La secuencia qued\u00f3 registrada por una c\u00e1mara de seguridad ubicada en la zona. En las im\u00e1genes se ve cuando el colectivo circula por la calle 897, colisiona la parte trasera del veh\u00edculo que avanzaba por la calle 839 y, producto del impacto, el conductor del auto pierde el control y arrolla a la mujer.<\/p>\n<p>El video muestra el momento en que Carolina cae al pavimento, es arrastrada y termina golpeada contra el \u00e1rbol. Al escuchar los ruidos, vecinos salieron y se acercaron inmediatamente para asistirla.<\/p>\n<p><img fetchpriority=\"high\" decoding=\"async\" src=\"https:\/\/lobosnews.com.ar\/wp-content\/uploads\/2026\/01\/impactante-accidente-en-quilmes-auto-choco-con-un-colectivo-atropello-a-una-mujer-y-la-arrojo-contra-un-arbol.jpg\" alt=\"El hecho ocurri\u00f3 este jueves al mediod\u00eda\" height=\"1080\" width=\"1920\"\/><\/p>\n<p>Seg\u00fan el reporte policial, los Bomberos Voluntarios y una ambulancia del SAME llegaron pocos minutos despu\u00e9s. El personal de emergencia asisti\u00f3 a la v\u00edctima, la estabiliz\u00f3 en el lugar y la traslad\u00f3 de urgencia al Hospital Isidoro Iriarte de Quilmes.<\/p>\n<p>All\u00ed ingres\u00f3 con <b>politraumatismos severos, especialmente en la parte baja del cuerpo<\/b>, y qued\u00f3 internada bajo observaci\u00f3n m\u00e9dica.<\/p>\n<p>Las lesiones de Carolina son m\u00faltiples. Sandra, su hermana, detall\u00f3 en declaraciones a <i>Telefe Noticias<\/i>: \u201cElla est\u00e1 en una situaci\u00f3n bastante complicada. Est\u00e1 muy delicada, tiene varias fracturas. <b>Tiene los dos brazos y la mand\u00edbula fracturados. Tambi\u00e9n tiene una rodilla complicada<\/b>. Est\u00e1 en terapia intermedia\u201d.<\/p>\n<p>\u201cAhora tenemos que esperar el parte m\u00e9dico que nos van a dar el lunes reci\u00e9n. Mi hermana tiene que pasar por varias cirug\u00edas, la principal es la de la mand\u00edbula. Est\u00e1 muy lastimada, tiene <b>varios cortes y golpes<\/b>\u201c, ampli\u00f3 Sandra y cont\u00f3 que Carolina <b>no recuerda nada del momento del accidente<\/b>. \u201dElla no entiende qu\u00e9 le pas\u00f3. Me dijo que ac\u00e1 en el hospital le dijeron qu\u00e9 le hab\u00eda pasado\u00bb, indic\u00f3.<\/p>\n<p>La mujer dijo que vio las im\u00e1genes del hecho e hizo un reclamo: \u201c<b>El colectivero baj\u00f3 a ayudarla, pero el del auto no se acerc\u00f3 a darle una mano<\/b>. <b>Necesitamos que el conductor del auto aparezca, que d\u00e9 la cara y se haga cargo de esta situaci\u00f3n<\/b>, porque no tenemos ninguna noticia de \u00e9l\u201d.<\/p>\n<p>Mientras Carolina se recupera, vecinos de San Francisco Solano describieron ese cruce de calles como muy peligroso. Se\u00f1alaron que todos los d\u00edas escuchan frenadas, bocinazos y accidentes por el alto flujo de veh\u00edculos y la falta de respeto a las normas de tr\u00e1nsito.<\/p>\n<p>Personal policial trabaj\u00f3 en el lugar, cortando parcialmente el tr\u00e1nsito para facilitar el trabajo de los servicios de emergencia y las tareas periciales. La investigaci\u00f3n ahora apunta a determinar c\u00f3mo ocurri\u00f3 el choque y las responsabilidades de cada conductor.<\/p>\n","protected":false},"excerpt":{"rendered":"<p>Una mujer sufri\u00f3 graves heridas tras ser atropellada y golpeada contra un \u00e1rbol en un cruce de la localidad de San Francisco Solano, en el partido de Quilmes, despu\u00e9s de que un auto y un colectivo chocaron en una esquina transitada del sur del conurbano bonaerense. El accidente ocurri\u00f3 cerca del mediod\u00eda del jueves, poco&#8230;<\/p>\n","protected":false},"author":1,"featured_media":7553,"comment_status":"open","ping_status":"closed","sticky":false,"template":"","format":"standard","meta":{"_jetpack_memberships_contains_paid_content":false,"footnotes":""},"categories":[31,30,32,77,84,35,36,37],"tags":[],"class_list":["post-7550","post","type-post","status-publish","format-standard","has-post-thumbnail","hentry","category-actualidad","category-argentina","category-economia","category-inseguridad","category-masradios-com","category-nacionales","category-seguridad","category-sociedad"],"magazineBlocksPostFeaturedMedia":{"thumbnail":"https:\/\/lobosnews.com.ar\/wp-content\/uploads\/2026\/01\/impactante-accidente-en-quilmes-auto-choco-con-un-colectivo-atropello-a-una-mujer-y-la-arrojo-contra-un-arbol-150x150.jpg","medium":"https:\/\/lobosnews.com.ar\/wp-content\/uploads\/2026\/01\/impactante-accidente-en-quilmes-auto-choco-con-un-colectivo-atropello-a-una-mujer-y-la-arrojo-contra-un-arbol-300x169.jpg","medium_large":"https:\/\/lobosnews.com.ar\/wp-content\/uploads\/2026\/01\/impactante-accidente-en-quilmes-auto-choco-con-un-colectivo-atropello-a-una-mujer-y-la-arrojo-contra-un-arbol-768x432.jpg","large":"https:\/\/lobosnews.com.ar\/wp-content\/uploads\/2026\/01\/impactante-accidente-en-quilmes-auto-choco-con-un-colectivo-atropello-a-una-mujer-y-la-arrojo-contra-un-arbol-1024x576.jpg","1536x1536":"https:\/\/lobosnews.com.ar\/wp-content\/uploads\/2026\/01\/impactante-accidente-en-quilmes-auto-choco-con-un-colectivo-atropello-a-una-mujer-y-la-arrojo-contra-un-arbol-1536x864.jpg","2048x2048":"https:\/\/lobosnews.com.ar\/wp-content\/uploads\/2026\/01\/impactante-accidente-en-quilmes-auto-choco-con-un-colectivo-atropello-a-una-mujer-y-la-arrojo-contra-un-arbol.jpg","newsmatic-featured":"https:\/\/lobosnews.com.ar\/wp-content\/uploads\/2026\/01\/impactante-accidente-en-quilmes-auto-choco-con-un-colectivo-atropello-a-una-mujer-y-la-arrojo-contra-un-arbol-820x545.jpg","newsmatic-list":"https:\/\/lobosnews.com.ar\/wp-content\/uploads\/2026\/01\/impactante-accidente-en-quilmes-auto-choco-con-un-colectivo-atropello-a-una-mujer-y-la-arrojo-contra-un-arbol-600x400.jpg","newsmatic-thumb":"https:\/\/lobosnews.com.ar\/wp-content\/uploads\/2026\/01\/impactante-accidente-en-quilmes-auto-choco-con-un-colectivo-atropello-a-una-mujer-y-la-arrojo-contra-un-arbol-300x200.jpg","newsmatic-small":"https:\/\/lobosnews.com.ar\/wp-content\/uploads\/2026\/01\/impactante-accidente-en-quilmes-auto-choco-con-un-colectivo-atropello-a-una-mujer-y-la-arrojo-contra-un-arbol-150x95.jpg","newsmatic-grid":"https:\/\/lobosnews.com.ar\/wp-content\/uploads\/2026\/01\/impactante-accidente-en-quilmes-auto-choco-con-un-colectivo-atropello-a-una-mujer-y-la-arrojo-contra-un-arbol-400x250.jpg"},"magazineBlocksPostAuthor":{"name":"admin","avatar":"https:\/\/secure.gravatar.com\/avatar\/76e419471a2083bc3ceab22a763dbbf9b0c1bd15a6214cf3280e2c2dde4580f9?s=96&d=mm&r=g"},"magazineBlocksPostCommentsNumber":"0","magazineBlocksPostExcerpt":"Una mujer sufri\u00f3 graves heridas tras ser atropellada y golpeada contra un \u00e1rbol en un cruce de la localidad de San Francisco Solano, en el partido de Quilmes, despu\u00e9s de que un auto y un colectivo chocaron en una esquina transitada del sur del conurbano bonaerense. El accidente ocurri\u00f3 cerca del mediod\u00eda del jueves, poco...","magazineBlocksPostCategories":["Actualidad","Argentina","econom\u00eda","inseguridad","masradios.com","nacionales","seguridad","sociedad"],"magazineBlocksPostViewCount":132,"magazineBlocksPostReadTime":3,"magazine_blocks_featured_image_url":{"full":["https:\/\/lobosnews.com.ar\/wp-content\/uploads\/2026\/01\/impactante-accidente-en-quilmes-auto-choco-con-un-colectivo-atropello-a-una-mujer-y-la-arrojo-contra-un-arbol.jpg",1920,1080,false],"medium":["https:\/\/lobosnews.com.ar\/wp-content\/uploads\/2026\/01\/impactante-accidente-en-quilmes-auto-choco-con-un-colectivo-atropello-a-una-mujer-y-la-arrojo-contra-un-arbol-300x169.jpg",300,169,true],"thumbnail":["https:\/\/lobosnews.com.ar\/wp-content\/uploads\/2026\/01\/impactante-accidente-en-quilmes-auto-choco-con-un-colectivo-atropello-a-una-mujer-y-la-arrojo-contra-un-arbol-150x150.jpg",150,150,true]},"magazine_blocks_author":{"display_name":"admin","author_link":"https:\/\/lobosnews.com.ar\/index.php\/author\/lobos-news\/"},"magazine_blocks_comment":0,"magazine_blocks_author_image":"https:\/\/secure.gravatar.com\/avatar\/76e419471a2083bc3ceab22a763dbbf9b0c1bd15a6214cf3280e2c2dde4580f9?s=96&d=mm&r=g","magazine_blocks_category":"<a href=\"#\" class=\"category-link category-link-31\">Actualidad<\/a> <a href=\"#\" class=\"category-link category-link-30\">Argentina<\/a> <a href=\"#\" class=\"category-link category-link-32\">econom\u00eda<\/a> <a href=\"#\" class=\"category-link category-link-77\">inseguridad<\/a> <a href=\"#\" class=\"category-link category-link-84\">masradios.com<\/a> <a href=\"#\" class=\"category-link category-link-35\">nacionales<\/a> <a href=\"#\" class=\"category-link category-link-36\">seguridad<\/a> <a href=\"#\" class=\"category-link category-link-37\">sociedad<\/a>","yoast_head":"<!-- This site is optimized with the Yoast SEO plugin v26.6 - https:\/\/yoast.com\/wordpress\/plugins\/seo\/ -->\n<title>Impactante accidente en Quilmes: auto choc\u00f3 con un colectivo, atropell\u00f3 a una mujer y la arroj\u00f3 contra un \u00e1rbol - Lobos News<\/title>\n<meta name=\"robots\" content=\"index, follow, max-snippet:-1, max-image-preview:large, max-video-preview:-1\" \/>\n<link rel=\"canonical\" href=\"https:\/\/lobosnews.com.ar\/index.php\/2026\/01\/17\/impactante-accidente-en-quilmes-auto-choco-con-un-colectivo-atropello-a-una-mujer-y-la-arrojo-contra-un-arbol\/\" \/>\n<meta property=\"og:locale\" content=\"es_ES\" \/>\n<meta property=\"og:type\" content=\"article\" \/>\n<meta property=\"og:title\" content=\"Impactante accidente en Quilmes: auto choc\u00f3 con un colectivo, atropell\u00f3 a una mujer y la arroj\u00f3 contra un \u00e1rbol - Lobos News\" \/>\n<meta property=\"og:description\" content=\"Una mujer sufri\u00f3 graves heridas tras ser atropellada y golpeada contra un \u00e1rbol en un cruce de la localidad de San Francisco Solano, en el partido de Quilmes, despu\u00e9s de que un auto y un colectivo chocaron en una esquina transitada del sur del conurbano bonaerense. El accidente ocurri\u00f3 cerca del mediod\u00eda del jueves, poco...\" \/>\n<meta property=\"og:url\" content=\"https:\/\/lobosnews.com.ar\/index.php\/2026\/01\/17\/impactante-accidente-en-quilmes-auto-choco-con-un-colectivo-atropello-a-una-mujer-y-la-arrojo-contra-un-arbol\/\" \/>\n<meta property=\"og:site_name\" content=\"Lobos News\" \/>\n<meta property=\"article:published_time\" content=\"2026-01-17T00:43:01+00:00\" \/>\n<meta property=\"article:modified_time\" content=\"2026-01-17T02:10:50+00:00\" \/>\n<meta property=\"og:image\" content=\"https:\/\/lobosnews.com.ar\/wp-content\/uploads\/2026\/01\/impactante-accidente-en-quilmes-auto-choco-con-un-colectivo-atropello-a-una-mujer-y-la-arrojo-contra-un-arbol.jpg\" \/>\n<meta name=\"author\" content=\"admin\" \/>\n<meta name=\"twitter:card\" content=\"summary_large_image\" \/>\n<meta name=\"twitter:label1\" content=\"Escrito por\" \/>\n\t<meta name=\"twitter:data1\" content=\"admin\" \/>\n\t<meta name=\"twitter:label2\" content=\"Tiempo de lectura\" \/>\n\t<meta name=\"twitter:data2\" content=\"3 minutos\" \/>\n<script type=\"application\/ld+json\" class=\"yoast-schema-graph\">{\"@context\":\"https:\/\/schema.org\",\"@graph\":[{\"@type\":\"Article\",\"@id\":\"https:\/\/lobosnews.com.ar\/index.php\/2026\/01\/17\/impactante-accidente-en-quilmes-auto-choco-con-un-colectivo-atropello-a-una-mujer-y-la-arrojo-contra-un-arbol\/#article\",\"isPartOf\":{\"@id\":\"https:\/\/lobosnews.com.ar\/index.php\/2026\/01\/17\/impactante-accidente-en-quilmes-auto-choco-con-un-colectivo-atropello-a-una-mujer-y-la-arrojo-contra-un-arbol\/\"},\"author\":{\"name\":\"admin\",\"@id\":\"https:\/\/lobosnews.com.ar\/#\/schema\/person\/232422a593d5c541dd9aef6aaed10943\"},\"headline\":\"Impactante accidente en Quilmes: auto choc\u00f3 con un colectivo, atropell\u00f3 a una mujer y la arroj\u00f3 contra un \u00e1rbol\",\"datePublished\":\"2026-01-17T00:43:01+00:00\",\"dateModified\":\"2026-01-17T02:10:50+00:00\",\"mainEntityOfPage\":{\"@id\":\"https:\/\/lobosnews.com.ar\/index.php\/2026\/01\/17\/impactante-accidente-en-quilmes-auto-choco-con-un-colectivo-atropello-a-una-mujer-y-la-arrojo-contra-un-arbol\/\"},\"wordCount\":605,\"commentCount\":0,\"publisher\":{\"@id\":\"https:\/\/lobosnews.com.ar\/#organization\"},\"image\":{\"@id\":\"https:\/\/lobosnews.com.ar\/index.php\/2026\/01\/17\/impactante-accidente-en-quilmes-auto-choco-con-un-colectivo-atropello-a-una-mujer-y-la-arrojo-contra-un-arbol\/#primaryimage\"},\"thumbnailUrl\":\"https:\/\/lobosnews.com.ar\/wp-content\/uploads\/2026\/01\/impactante-accidente-en-quilmes-auto-choco-con-un-colectivo-atropello-a-una-mujer-y-la-arrojo-contra-un-arbol.jpg\",\"articleSection\":[\"Actualidad\",\"Argentina\",\"econom\u00eda\",\"inseguridad\",\"masradios.com\",\"nacionales\",\"seguridad\",\"sociedad\"],\"inLanguage\":\"es\",\"potentialAction\":[{\"@type\":\"CommentAction\",\"name\":\"Comment\",\"target\":[\"https:\/\/lobosnews.com.ar\/index.php\/2026\/01\/17\/impactante-accidente-en-quilmes-auto-choco-con-un-colectivo-atropello-a-una-mujer-y-la-arrojo-contra-un-arbol\/#respond\"]}]},{\"@type\":\"WebPage\",\"@id\":\"https:\/\/lobosnews.com.ar\/index.php\/2026\/01\/17\/impactante-accidente-en-quilmes-auto-choco-con-un-colectivo-atropello-a-una-mujer-y-la-arrojo-contra-un-arbol\/\",\"url\":\"https:\/\/lobosnews.com.ar\/index.php\/2026\/01\/17\/impactante-accidente-en-quilmes-auto-choco-con-un-colectivo-atropello-a-una-mujer-y-la-arrojo-contra-un-arbol\/\",\"name\":\"Impactante accidente en Quilmes: auto choc\u00f3 con un colectivo, atropell\u00f3 a una mujer y la arroj\u00f3 contra un \u00e1rbol - Lobos News\",\"isPartOf\":{\"@id\":\"https:\/\/lobosnews.com.ar\/#website\"},\"primaryImageOfPage\":{\"@id\":\"https:\/\/lobosnews.com.ar\/index.php\/2026\/01\/17\/impactante-accidente-en-quilmes-auto-choco-con-un-colectivo-atropello-a-una-mujer-y-la-arrojo-contra-un-arbol\/#primaryimage\"},\"image\":{\"@id\":\"https:\/\/lobosnews.com.ar\/index.php\/2026\/01\/17\/impactante-accidente-en-quilmes-auto-choco-con-un-colectivo-atropello-a-una-mujer-y-la-arrojo-contra-un-arbol\/#primaryimage\"},\"thumbnailUrl\":\"https:\/\/lobosnews.com.ar\/wp-content\/uploads\/2026\/01\/impactante-accidente-en-quilmes-auto-choco-con-un-colectivo-atropello-a-una-mujer-y-la-arrojo-contra-un-arbol.jpg\",\"datePublished\":\"2026-01-17T00:43:01+00:00\",\"dateModified\":\"2026-01-17T02:10:50+00:00\",\"breadcrumb\":{\"@id\":\"https:\/\/lobosnews.com.ar\/index.php\/2026\/01\/17\/impactante-accidente-en-quilmes-auto-choco-con-un-colectivo-atropello-a-una-mujer-y-la-arrojo-contra-un-arbol\/#breadcrumb\"},\"inLanguage\":\"es\",\"potentialAction\":[{\"@type\":\"ReadAction\",\"target\":[\"https:\/\/lobosnews.com.ar\/index.php\/2026\/01\/17\/impactante-accidente-en-quilmes-auto-choco-con-un-colectivo-atropello-a-una-mujer-y-la-arrojo-contra-un-arbol\/\"]}]},{\"@type\":\"ImageObject\",\"inLanguage\":\"es\",\"@id\":\"https:\/\/lobosnews.com.ar\/index.php\/2026\/01\/17\/impactante-accidente-en-quilmes-auto-choco-con-un-colectivo-atropello-a-una-mujer-y-la-arrojo-contra-un-arbol\/#primaryimage\",\"url\":\"https:\/\/lobosnews.com.ar\/wp-content\/uploads\/2026\/01\/impactante-accidente-en-quilmes-auto-choco-con-un-colectivo-atropello-a-una-mujer-y-la-arrojo-contra-un-arbol.jpg\",\"contentUrl\":\"https:\/\/lobosnews.com.ar\/wp-content\/uploads\/2026\/01\/impactante-accidente-en-quilmes-auto-choco-con-un-colectivo-atropello-a-una-mujer-y-la-arrojo-contra-un-arbol.jpg\",\"width\":1920,\"height\":1080,\"caption\":\"Impactante accidente en Quilmes: auto choc\u00f3 con un colectivo, atropell\u00f3 a una mujer y la arroj\u00f3 contra un \u00e1rbol\"},{\"@type\":\"BreadcrumbList\",\"@id\":\"https:\/\/lobosnews.com.ar\/index.php\/2026\/01\/17\/impactante-accidente-en-quilmes-auto-choco-con-un-colectivo-atropello-a-una-mujer-y-la-arrojo-contra-un-arbol\/#breadcrumb\",\"itemListElement\":[{\"@type\":\"ListItem\",\"position\":1,\"name\":\"Portada\",\"item\":\"https:\/\/lobosnews.com.ar\/\"},{\"@type\":\"ListItem\",\"position\":2,\"name\":\"Impactante accidente en Quilmes: auto choc\u00f3 con un colectivo, atropell\u00f3 a una mujer y la arroj\u00f3 contra un \u00e1rbol\"}]},{\"@type\":\"WebSite\",\"@id\":\"https:\/\/lobosnews.com.ar\/#website\",\"url\":\"https:\/\/lobosnews.com.ar\/\",\"name\":\"Lobos News\",\"description\":\"Informaci\u00f3n a cada instante\",\"publisher\":{\"@id\":\"https:\/\/lobosnews.com.ar\/#organization\"},\"potentialAction\":[{\"@type\":\"SearchAction\",\"target\":{\"@type\":\"EntryPoint\",\"urlTemplate\":\"https:\/\/lobosnews.com.ar\/?s={search_term_string}\"},\"query-input\":{\"@type\":\"PropertyValueSpecification\",\"valueRequired\":true,\"valueName\":\"search_term_string\"}}],\"inLanguage\":\"es\"},{\"@type\":\"Organization\",\"@id\":\"https:\/\/lobosnews.com.ar\/#organization\",\"name\":\"Lobos News\",\"url\":\"https:\/\/lobosnews.com.ar\/\",\"logo\":{\"@type\":\"ImageObject\",\"inLanguage\":\"es\",\"@id\":\"https:\/\/lobosnews.com.ar\/#\/schema\/logo\/image\/\",\"url\":\"https:\/\/lobosnews.com.ar\/wp-content\/uploads\/2026\/01\/logo-lobosnews.png\",\"contentUrl\":\"https:\/\/lobosnews.com.ar\/wp-content\/uploads\/2026\/01\/logo-lobosnews.png\",\"width\":500,\"height\":200,\"caption\":\"Lobos News\"},\"image\":{\"@id\":\"https:\/\/lobosnews.com.ar\/#\/schema\/logo\/image\/\"}},{\"@type\":\"Person\",\"@id\":\"https:\/\/lobosnews.com.ar\/#\/schema\/person\/232422a593d5c541dd9aef6aaed10943\",\"name\":\"admin\",\"image\":{\"@type\":\"ImageObject\",\"inLanguage\":\"es\",\"@id\":\"https:\/\/lobosnews.com.ar\/#\/schema\/person\/image\/\",\"url\":\"https:\/\/secure.gravatar.com\/avatar\/76e419471a2083bc3ceab22a763dbbf9b0c1bd15a6214cf3280e2c2dde4580f9?s=96&d=mm&r=g\",\"contentUrl\":\"https:\/\/secure.gravatar.com\/avatar\/76e419471a2083bc3ceab22a763dbbf9b0c1bd15a6214cf3280e2c2dde4580f9?s=96&d=mm&r=g\",\"caption\":\"admin\"},\"sameAs\":[\"https:\/\/lobosnews.com.ar\"],\"url\":\"https:\/\/lobosnews.com.ar\/index.php\/author\/lobos-news\/\"}]}<\/script>\n<!-- \/ Yoast SEO plugin. -->","yoast_head_json":{"title":"Impactante accidente en Quilmes: auto choc\u00f3 con un colectivo, atropell\u00f3 a una mujer y la arroj\u00f3 contra un \u00e1rbol - Lobos News","robots":{"index":"index","follow":"follow","max-snippet":"max-snippet:-1","max-image-preview":"max-image-preview:large","max-video-preview":"max-video-preview:-1"},"canonical":"https:\/\/lobosnews.com.ar\/index.php\/2026\/01\/17\/impactante-accidente-en-quilmes-auto-choco-con-un-colectivo-atropello-a-una-mujer-y-la-arrojo-contra-un-arbol\/","og_locale":"es_ES","og_type":"article","og_title":"Impactante accidente en Quilmes: auto choc\u00f3 con un colectivo, atropell\u00f3 a una mujer y la arroj\u00f3 contra un \u00e1rbol - Lobos News","og_description":"Una mujer sufri\u00f3 graves heridas tras ser atropellada y golpeada contra un \u00e1rbol en un cruce de la localidad de San Francisco Solano, en el partido de Quilmes, despu\u00e9s de que un auto y un colectivo chocaron en una esquina transitada del sur del conurbano bonaerense. El accidente ocurri\u00f3 cerca del mediod\u00eda del jueves, poco...","og_url":"https:\/\/lobosnews.com.ar\/index.php\/2026\/01\/17\/impactante-accidente-en-quilmes-auto-choco-con-un-colectivo-atropello-a-una-mujer-y-la-arrojo-contra-un-arbol\/","og_site_name":"Lobos News","article_published_time":"2026-01-17T00:43:01+00:00","article_modified_time":"2026-01-17T02:10:50+00:00","og_image":[{"url":"https:\/\/lobosnews.com.ar\/wp-content\/uploads\/2026\/01\/impactante-accidente-en-quilmes-auto-choco-con-un-colectivo-atropello-a-una-mujer-y-la-arrojo-contra-un-arbol.jpg","type":"","width":"","height":""}],"author":"admin","twitter_card":"summary_large_image","twitter_misc":{"Escrito por":"admin","Tiempo de lectura":"3 minutos"},"schema":{"@context":"https:\/\/schema.org","@graph":[{"@type":"Article","@id":"https:\/\/lobosnews.com.ar\/index.php\/2026\/01\/17\/impactante-accidente-en-quilmes-auto-choco-con-un-colectivo-atropello-a-una-mujer-y-la-arrojo-contra-un-arbol\/#article","isPartOf":{"@id":"https:\/\/lobosnews.com.ar\/index.php\/2026\/01\/17\/impactante-accidente-en-quilmes-auto-choco-con-un-colectivo-atropello-a-una-mujer-y-la-arrojo-contra-un-arbol\/"},"author":{"name":"admin","@id":"https:\/\/lobosnews.com.ar\/#\/schema\/person\/232422a593d5c541dd9aef6aaed10943"},"headline":"Impactante accidente en Quilmes: auto choc\u00f3 con un colectivo, atropell\u00f3 a una mujer y la arroj\u00f3 contra un \u00e1rbol","datePublished":"2026-01-17T00:43:01+00:00","dateModified":"2026-01-17T02:10:50+00:00","mainEntityOfPage":{"@id":"https:\/\/lobosnews.com.ar\/index.php\/2026\/01\/17\/impactante-accidente-en-quilmes-auto-choco-con-un-colectivo-atropello-a-una-mujer-y-la-arrojo-contra-un-arbol\/"},"wordCount":605,"commentCount":0,"publisher":{"@id":"https:\/\/lobosnews.com.ar\/#organization"},"image":{"@id":"https:\/\/lobosnews.com.ar\/index.php\/2026\/01\/17\/impactante-accidente-en-quilmes-auto-choco-con-un-colectivo-atropello-a-una-mujer-y-la-arrojo-contra-un-arbol\/#primaryimage"},"thumbnailUrl":"https:\/\/lobosnews.com.ar\/wp-content\/uploads\/2026\/01\/impactante-accidente-en-quilmes-auto-choco-con-un-colectivo-atropello-a-una-mujer-y-la-arrojo-contra-un-arbol.jpg","articleSection":["Actualidad","Argentina","econom\u00eda","inseguridad","masradios.com","nacionales","seguridad","sociedad"],"inLanguage":"es","potentialAction":[{"@type":"CommentAction","name":"Comment","target":["https:\/\/lobosnews.com.ar\/index.php\/2026\/01\/17\/impactante-accidente-en-quilmes-auto-choco-con-un-colectivo-atropello-a-una-mujer-y-la-arrojo-contra-un-arbol\/#respond"]}]},{"@type":"WebPage","@id":"https:\/\/lobosnews.com.ar\/index.php\/2026\/01\/17\/impactante-accidente-en-quilmes-auto-choco-con-un-colectivo-atropello-a-una-mujer-y-la-arrojo-contra-un-arbol\/","url":"https:\/\/lobosnews.com.ar\/index.php\/2026\/01\/17\/impactante-accidente-en-quilmes-auto-choco-con-un-colectivo-atropello-a-una-mujer-y-la-arrojo-contra-un-arbol\/","name":"Impactante accidente en Quilmes: auto choc\u00f3 con un colectivo, atropell\u00f3 a una mujer y la arroj\u00f3 contra un \u00e1rbol - Lobos News","isPartOf":{"@id":"https:\/\/lobosnews.com.ar\/#website"},"primaryImageOfPage":{"@id":"https:\/\/lobosnews.com.ar\/index.php\/2026\/01\/17\/impactante-accidente-en-quilmes-auto-choco-con-un-colectivo-atropello-a-una-mujer-y-la-arrojo-contra-un-arbol\/#primaryimage"},"image":{"@id":"https:\/\/lobosnews.com.ar\/index.php\/2026\/01\/17\/impactante-accidente-en-quilmes-auto-choco-con-un-colectivo-atropello-a-una-mujer-y-la-arrojo-contra-un-arbol\/#primaryimage"},"thumbnailUrl":"https:\/\/lobosnews.com.ar\/wp-content\/uploads\/2026\/01\/impactante-accidente-en-quilmes-auto-choco-con-un-colectivo-atropello-a-una-mujer-y-la-arrojo-contra-un-arbol.jpg","datePublished":"2026-01-17T00:43:01+00:00","dateModified":"2026-01-17T02:10:50+00:00","breadcrumb":{"@id":"https:\/\/lobosnews.com.ar\/index.php\/2026\/01\/17\/impactante-accidente-en-quilmes-auto-choco-con-un-colectivo-atropello-a-una-mujer-y-la-arrojo-contra-un-arbol\/#breadcrumb"},"inLanguage":"es","potentialAction":[{"@type":"ReadAction","target":["https:\/\/lobosnews.com.ar\/index.php\/2026\/01\/17\/impactante-accidente-en-quilmes-auto-choco-con-un-colectivo-atropello-a-una-mujer-y-la-arrojo-contra-un-arbol\/"]}]},{"@type":"ImageObject","inLanguage":"es","@id":"https:\/\/lobosnews.com.ar\/index.php\/2026\/01\/17\/impactante-accidente-en-quilmes-auto-choco-con-un-colectivo-atropello-a-una-mujer-y-la-arrojo-contra-un-arbol\/#primaryimage","url":"https:\/\/lobosnews.com.ar\/wp-content\/uploads\/2026\/01\/impactante-accidente-en-quilmes-auto-choco-con-un-colectivo-atropello-a-una-mujer-y-la-arrojo-contra-un-arbol.jpg","contentUrl":"https:\/\/lobosnews.com.ar\/wp-content\/uploads\/2026\/01\/impactante-accidente-en-quilmes-auto-choco-con-un-colectivo-atropello-a-una-mujer-y-la-arrojo-contra-un-arbol.jpg","width":1920,"height":1080,"caption":"Impactante accidente en Quilmes: auto choc\u00f3 con un colectivo, atropell\u00f3 a una mujer y la arroj\u00f3 contra un \u00e1rbol"},{"@type":"BreadcrumbList","@id":"https:\/\/lobosnews.com.ar\/index.php\/2026\/01\/17\/impactante-accidente-en-quilmes-auto-choco-con-un-colectivo-atropello-a-una-mujer-y-la-arrojo-contra-un-arbol\/#breadcrumb","itemListElement":[{"@type":"ListItem","position":1,"name":"Portada","item":"https:\/\/lobosnews.com.ar\/"},{"@type":"ListItem","position":2,"name":"Impactante accidente en Quilmes: auto choc\u00f3 con un colectivo, atropell\u00f3 a una mujer y la arroj\u00f3 contra un \u00e1rbol"}]},{"@type":"WebSite","@id":"https:\/\/lobosnews.com.ar\/#website","url":"https:\/\/lobosnews.com.ar\/","name":"Lobos News","description":"Informaci\u00f3n a cada instante","publisher":{"@id":"https:\/\/lobosnews.com.ar\/#organization"},"potentialAction":[{"@type":"SearchAction","target":{"@type":"EntryPoint","urlTemplate":"https:\/\/lobosnews.com.ar\/?s={search_term_string}"},"query-input":{"@type":"PropertyValueSpecification","valueRequired":true,"valueName":"search_term_string"}}],"inLanguage":"es"},{"@type":"Organization","@id":"https:\/\/lobosnews.com.ar\/#organization","name":"Lobos News","url":"https:\/\/lobosnews.com.ar\/","logo":{"@type":"ImageObject","inLanguage":"es","@id":"https:\/\/lobosnews.com.ar\/#\/schema\/logo\/image\/","url":"https:\/\/lobosnews.com.ar\/wp-content\/uploads\/2026\/01\/logo-lobosnews.png","contentUrl":"https:\/\/lobosnews.com.ar\/wp-content\/uploads\/2026\/01\/logo-lobosnews.png","width":500,"height":200,"caption":"Lobos News"},"image":{"@id":"https:\/\/lobosnews.com.ar\/#\/schema\/logo\/image\/"}},{"@type":"Person","@id":"https:\/\/lobosnews.com.ar\/#\/schema\/person\/232422a593d5c541dd9aef6aaed10943","name":"admin","image":{"@type":"ImageObject","inLanguage":"es","@id":"https:\/\/lobosnews.com.ar\/#\/schema\/person\/image\/","url":"https:\/\/secure.gravatar.com\/avatar\/76e419471a2083bc3ceab22a763dbbf9b0c1bd15a6214cf3280e2c2dde4580f9?s=96&d=mm&r=g","contentUrl":"https:\/\/secure.gravatar.com\/avatar\/76e419471a2083bc3ceab22a763dbbf9b0c1bd15a6214cf3280e2c2dde4580f9?s=96&d=mm&r=g","caption":"admin"},"sameAs":["https:\/\/lobosnews.com.ar"],"url":"https:\/\/lobosnews.com.ar\/index.php\/author\/lobos-news\/"}]}},"jetpack_featured_media_url":"https:\/\/lobosnews.com.ar\/wp-content\/uploads\/2026\/01\/impactante-accidente-en-quilmes-auto-choco-con-un-colectivo-atropello-a-una-mujer-y-la-arrojo-contra-un-arbol.jpg","jetpack_sharing_enabled":true,"_links":{"self":[{"href":"https:\/\/lobosnews.com.ar\/index.php\/wp-json\/wp\/v2\/posts\/7550","targetHints":{"allow":["GET"]}}],"collection":[{"href":"https:\/\/lobosnews.com.ar\/index.php\/wp-json\/wp\/v2\/posts"}],"about":[{"href":"https:\/\/lobosnews.com.ar\/index.php\/wp-json\/wp\/v2\/types\/post"}],"author":[{"embeddable":true,"href":"https:\/\/lobosnews.com.ar\/index.php\/wp-json\/wp\/v2\/users\/1"}],"replies":[{"embeddable":true,"href":"https:\/\/lobosnews.com.ar\/index.php\/wp-json\/wp\/v2\/comments?post=7550"}],"version-history":[{"count":1,"href":"https:\/\/lobosnews.com.ar\/index.php\/wp-json\/wp\/v2\/posts\/7550\/revisions"}],"predecessor-version":[{"id":7552,"href":"https:\/\/lobosnews.com.ar\/index.php\/wp-json\/wp\/v2\/posts\/7550\/revisions\/7552"}],"wp:featuredmedia":[{"embeddable":true,"href":"https:\/\/lobosnews.com.ar\/index.php\/wp-json\/wp\/v2\/media\/7553"}],"wp:attachment":[{"href":"https:\/\/lobosnews.com.ar\/index.php\/wp-json\/wp\/v2\/media?parent=7550"}],"wp:term":[{"taxonomy":"category","embeddable":true,"href":"https:\/\/lobosnews.com.ar\/index.php\/wp-json\/wp\/v2\/categories?post=7550"},{"taxonomy":"post_tag","embeddable":true,"href":"https:\/\/lobosnews.com.ar\/index.php\/wp-json\/wp\/v2\/tags?post=7550"}],"curies":[{"name":"wp","href":"https:\/\/api.w.org\/{rel}","templated":true}]}}