{"id":7393,"date":"2026-01-16T14:17:13","date_gmt":"2026-01-16T14:17:13","guid":{"rendered":"https:\/\/lobosnews.com.ar\/index.php\/2026\/01\/16\/super-gripe-h3n2-en-argentina-ya-son-15-los-casos-del-subclado-k-y-la-mayoria-no-estaba-vacunado\/"},"modified":"2026-01-16T16:49:30","modified_gmt":"2026-01-16T16:49:30","slug":"super-gripe-h3n2-en-argentina-ya-son-15-los-casos-del-subclado-k-y-la-mayoria-no-estaba-vacunado","status":"publish","type":"post","link":"https:\/\/lobosnews.com.ar\/index.php\/2026\/01\/16\/super-gripe-h3n2-en-argentina-ya-son-15-los-casos-del-subclado-k-y-la-mayoria-no-estaba-vacunado\/","title":{"rendered":"S\u00faper gripe H3N2 en Argentina: ya son 15 los casos del subclado K y la mayor\u00eda no estaba vacunado"},"content":{"rendered":"<p><img loading=\"lazy\" decoding=\"async\" src=\"https:\/\/lobosnews.com.ar\/wp-content\/uploads\/2026\/01\/super-gripe-h3n2-en-argentina-ya-son-15-los-casos-del-subclado-k-y-la-mayoria-no-estaba-vacunado.jpg\" alt=\"El subclado K de la gripe A H3N2 ya se detect\u00f3 en ocho provincias argentinas y mostr\u00f3 capacidad de expansi\u00f3n en un contexto de baja circulaci\u00f3n viral ( Freepik)\" height=\"4160\" width=\"6240\"\/><\/p>\n<p>La confirmaci\u00f3n de <b>cuatro nuevos casos<\/b> de la denominada <span class=\"waslinkname\">\u201csupergripe\u201d H3N2<\/span> en <b>C\u00f3rdoba <\/b>y <b>Corrientes <\/b>ampli\u00f3 el mapa de circulaci\u00f3n del <span class=\"waslinkname\">subclado K<\/span> y<b> elev\u00f3 a ocho el n\u00famero de provincias con registros oficiales, alcanzando un total de 15 pacientes positivos en el pa\u00eds. <\/b><\/p>\n<p>El dato, validado por el<b> Instituto Malbr\u00e1n,<\/b> se sum\u00f3 a los 11 casos informados este lunes a trav\u00e9s del <b>Bolet\u00edn Epidemiol\u00f3gico Nacional (<\/b><i><b>BEN<\/b><\/i><b>) del Ministerio de Salud de la Naci\u00f3n<\/b>, en un contexto de baja circulaci\u00f3n de <span class=\"waslinkname\">virus respiratorios<\/span>.<\/p>\n<p>De los 15 casos identificados del subclado K, el <b>30% se detect\u00f3 en personas hospitalizadas,<\/b> un indicador que atrajo la atenci\u00f3n de los equipos m\u00e9dicos, aunque no se observ\u00f3 un incremento significativo de ingresos a terapia intensiva ni de mortalidad.<\/p>\n<p><img loading=\"lazy\" decoding=\"async\" src=\"https:\/\/lobosnews.com.ar\/wp-content\/uploads\/2026\/01\/super-gripe-h3n2-en-argentina-ya-son-15-los-casos-del-subclado-k-y-la-mayoria-no-estaba-vacunado-1.jpg\" alt=\"Imagen microsc\u00f3pica colorizada del virus de la influenza A (H3N2), subclado K, identificado como el principal responsable del incremento de contagios (AP)\" height=\"602\" width=\"800\"\/><\/p>\n<p>La distribuci\u00f3n geogr\u00e1fica de los casos mostr\u00f3 un patr\u00f3n disperso:<b> la provincia de Buenos Aires registr\u00f3 tres contagios; la Ciudad de Buenos Aires, dos; Neuqu\u00e9n y Santa Cruz, dos cada una; C\u00f3rdoba y Corrientes, tambi\u00e9n dos; mientras que Mendoza y Tierra del Fuego reportaron un caso cada una<\/b>. <\/p>\n<p>Este escenario, todav\u00eda acotado en t\u00e9rminos num\u00e9ricos, gener\u00f3 interrogantes sobre una posible transici\u00f3n hacia la circulaci\u00f3n comunitaria. Sin embargo, las autoridades sanitarias consideraron que la cantidad de casos no result\u00f3 suficiente para confirmarla.<\/p>\n<p>Seg\u00fan el <i>BEN<\/i>: \u201cDurante el periodo del 18\/12\/2025 al 09\/01\/2026 se secuenciaron los genomas correspondientes a 24 casos de Influenza A (H3N2). De esos, once correspondieron al subclado J.2.4.1 (K), once al subclado J.2.3, uno al subclado J.2.2 y uno al subclado J.2. Cinco se diagnosticaron en personas internadas y seis en pacientes ambulatorios\u201d.<\/p>\n<h3>Casos de influenza A en personas no vacunadas<\/h3>\n<p><img loading=\"lazy\" decoding=\"async\" src=\"https:\/\/lobosnews.com.ar\/wp-content\/uploads\/2026\/01\/super-gripe-h3n2-en-argentina-ya-son-15-los-casos-del-subclado-k-y-la-mayoria-no-estaba-vacunado-2.jpg\" alt=\"Cuadro del BEN donde se observan los 11 casos notificados, a los que se le sumaron 4 m\u00e1s en las \u00faltimas horas para totalizar 15 en Argentina del subclado K. (BEN)\" height=\"195\" width=\"617\"\/><\/p>\n<p>El informe agreg\u00f3: \u201cSi bien<b> la mayor\u00eda (19) no consignan antecedentes de vacunaci\u00f3n<\/b>, los cinco casos que hab\u00edan sido vacunados correspondieron a tres subclados de los cuatro identificados hasta el momento. En cuanto a la divisi\u00f3n por sexo, el 58% de los casos con secuenciaci\u00f3n de Influenza son de sexo masculino y, en particular, los del subclado K se distribuyeron entre siete casos de sexo masculino y cuatro de sexo femenino\u201d.<\/p>\n<p>El an\u00e1lisis epidemiol\u00f3gico evidenci\u00f3 que la mayor\u00eda de los afectados no ten\u00eda antecedente de vacunaci\u00f3n contra la gripe.<b> En los primeros once casos relevados, 9 no hab\u00edan recibido la inmunizaci\u00f3n anual.<\/b> Si bien la vacuna disponible no incluy\u00f3 espec\u00edficamente al subclado K, los especialistas destacaron que su aplicaci\u00f3n redujo el riesgo de formas graves de la enfermedad y complicaciones asociadas.<\/p>\n<p>Los casos recientes de <b>Corrientes <\/b>correspondieron a <b>dos mujeres adultas mayores,<\/b> quienes evolucionaron favorablemente y recibieron el alta m\u00e9dica. En ambos episodios, el nexo epidemiol\u00f3gico fue un familiar con antecedente de viaje al exterior. <\/p>\n<p><img loading=\"lazy\" decoding=\"async\" src=\"https:\/\/lobosnews.com.ar\/wp-content\/uploads\/2026\/01\/super-gripe-h3n2-en-argentina-ya-son-15-los-casos-del-subclado-k-y-la-mayoria-no-estaba-vacunado-3.jpg\" alt=\"\" height=\"2318\" width=\"1080\"\/><\/p>\n<p><b>En C\u00f3rdoba, se confirm\u00f3 el contagio de un hombre de 27 a\u00f1os con viaje previo a M\u00e9xico y de una mujer de 38 a\u00f1os que hab\u00eda estado en Espa\u00f1a.<\/b> Ambos recibieron atenci\u00f3n ambulatoria, sin requerir internaci\u00f3n, mientras se aguardaban los resultados de la secuenciaci\u00f3n gen\u00f3mica de otros cuatro casos sospechosos en la provincia.<\/p>\n<p>Este panorama local se inscribi\u00f3 en una tendencia global:<b> el subclado K mostr\u00f3 una expansi\u00f3n acelerada desde agosto de 2025 <\/b>y se detect\u00f3 en m\u00e1s de 34 pa\u00edses, seg\u00fan bases de datos internacionales de vigilancia gen\u00f3mica. La capacidad de mutaci\u00f3n del virus Influenza A favoreci\u00f3 la aparici\u00f3n peri\u00f3dica de estas variantes, algunas con mayor transmisibilidad y, en ciertas temporadas, un impacto sanitario m\u00e1s marcado.<\/p>\n<p>El hallazgo de la <b>supergripe<\/b> reaviv\u00f3 el debate sobre las herramientas para mitigar su impacto.<b> El oseltamivir, un antiviral conocido desde la pandemia de gripe A de 2009, volvi\u00f3 a ocupar un lugar central.<\/b> <\/p>\n<p><img loading=\"lazy\" decoding=\"async\" src=\"https:\/\/lobosnews.com.ar\/wp-content\/uploads\/2026\/01\/super-gripe-h3n2-en-argentina-ya-son-15-los-casos-del-subclado-k-y-la-mayoria-no-estaba-vacunado-4.jpg\" alt=\"La mayor\u00eda de las personas infectadas con la variante H3N2 subclado K no registraba vacunaci\u00f3n antigripal previa seg\u00fan datos oficiales ( cr\u00e9dito Freepik)\" height=\"4024\" width=\"6048\"\/><\/p>\n<p>El <i>BEN<\/i> precis\u00f3 en la \u00faltima semana de diciembre: \u201cEl tratamiento antiviral con oseltamivir, un inhibidor de la neuraminidasa, es una herramienta terap\u00e9utica complementaria a la vacunaci\u00f3n, especialmente \u00fatil en pacientes con factores de riesgo. <\/p>\n<p>Aunque su mayor efectividad se observa cuando se administra dentro de las primeras 48 horas del inicio de s\u00edntomas, hay evidencia que demuestra beneficios incluso en tratamientos iniciados m\u00e1s tarde en pacientes con enfermedad grave. <\/p>\n<p>Sin embargo,<b> debe considerarse que el uso indiscriminado del f\u00e1rmaco podr\u00eda llevar a la aparici\u00f3n de resistencia,<\/b> por lo tanto, debe promoverse un uso racional bajo indicaciones m\u00e9dicas\u201d.<\/p>\n<p><img loading=\"lazy\" decoding=\"async\" src=\"https:\/\/lobosnews.com.ar\/wp-content\/uploads\/2026\/01\/super-gripe-h3n2-en-argentina-ya-son-15-los-casos-del-subclado-k-y-la-mayoria-no-estaba-vacunado-5.jpg\" alt=\"La vigilancia gen\u00f3mica permiti\u00f3 identificar el subclado K J2 4 1 y confirm\u00f3 su presencia en distintas regiones del pa\u00eds (BEN) \" height=\"286\" width=\"605\"\/><\/p>\n<p>La advertencia busc\u00f3 equilibrar la disponibilidad del antiviral con criterios cl\u00ednicos precisos, para evitar la generaci\u00f3n de cepas resistentes. <\/p>\n<p>En paralelo, la comunidad cient\u00edfica insisti\u00f3 en que la vacunaci\u00f3n anual sigui\u00f3 siendo la principal estrategia preventiva. <b>Incluso cuando la concordancia entre la vacuna y las variantes circulantes no fue total, la inmunizaci\u00f3n redujo hospitalizaciones y muertes<\/b>, especialmente en los grupos de mayor riesgo.<\/p>\n<p>La influenza H3N2 hist\u00f3ricamente se asoci\u00f3 con cuadros m\u00e1s intensos que otros tipos de gripe. <b>Fiebre alta, dolores musculares intensos, cefalea persistente y un cansancio profundo<\/b> caracterizan el inicio abrupto de la enfermedad. <\/p>\n<p><img loading=\"lazy\" decoding=\"async\" src=\"https:\/\/lobosnews.com.ar\/wp-content\/uploads\/2026\/01\/super-gripe-h3n2-en-argentina-ya-son-15-los-casos-del-subclado-k-y-la-mayoria-no-estaba-vacunado-6.jpg\" alt=\"La expansi\u00f3n internacional del subclado K se verific\u00f3 en m\u00e1s de treinta pa\u00edses desde mediados de dos mil veinticinco ( cr\u00e9dito Freepik)\" height=\"3815\" width=\"5733\"\/><\/p>\n<p>Tambi\u00e9n se observa<b> tos seca, dolor de garganta y congesti\u00f3n nasal, mientras que en ni\u00f1os y adultos mayores fueron m\u00e1s frecuentes las manifestaciones gastrointestinales.<\/b> La experiencia acumulada indic\u00f3 un mayor riesgo de complicaciones como neumon\u00eda, infecciones bacterianas secundarias o descompensaci\u00f3n de enfermedades cr\u00f3nicas.<\/p>\n<p><b>La transmisi\u00f3n del virus ocurre principalmente a trav\u00e9s de gotitas respiratorias expulsadas al toser, estornudar o hablar,<\/b> adem\u00e1s del contacto con superficies contaminadas seguido del contacto con mucosas. Esta din\u00e1mica facilit\u00f3 la r\u00e1pida propagaci\u00f3n en espacios cerrados, escuelas o centros de atenci\u00f3n sanitaria, lo que reforz\u00f3 la necesidad de sostener medidas de cuidado conocidas y eficaces.<\/p>\n<p><b>El Ministerio de Salud de la Naci\u00f3n reiter\u00f3 recomendaciones para disminuir la transmisi\u00f3n: <\/b>completar los esquemas de vacunaci\u00f3n, lavado frecuente de manos con agua y jab\u00f3n, cubrirse la boca y la nariz con el pliegue del codo al toser o estornudar y evitar compartir objetos personales. <\/p>\n<p><img loading=\"lazy\" decoding=\"async\" src=\"https:\/\/lobosnews.com.ar\/wp-content\/uploads\/2026\/01\/super-gripe-h3n2-en-argentina-ya-son-15-los-casos-del-subclado-k-y-la-mayoria-no-estaba-vacunado-7.jpg\" alt=\"Prevenci\u00f3n frente a la influenza H3N2, recomendaciones clave para reducir el riesgo de infecci\u00f3n| Foto: Canva\" height=\"1080\" width=\"1920\"\/><\/p>\n<p>Adem\u00e1s, se recomend\u00f3 la limpieza y desinfecci\u00f3n regular de superficies, ventilaci\u00f3n adecuada de ambientes cerrados y que las personas con s\u00edntomas respiratorios limitaran el contacto social hasta presentar mejor\u00eda cl\u00ednica y permanecer al menos 24 horas sin fiebre.<\/p>\n<p>Para quienes viajaron o regresaron de pa\u00edses con circulaci\u00f3n activa de influenza, las autoridades aconsejaron extremar las medidas preventivas durante el viaje y al regreso. En caso de aparici\u00f3n de s\u00edntomas, se indic\u00f3 <b>evitar la automedicaci\u00f3n, guardar reposo, mantener una buena hidrataci\u00f3n <\/b>y consultar de manera temprana en centros de salud, en particular si los s\u00edntomas fueron intensos o persistentes.<\/p>\n<p>La identificaci\u00f3n del subclado K no implica un escenario de alarma generalizada, pero s\u00ed aport\u00f3 informaci\u00f3n clave sobre la evoluci\u00f3n del virus. La vigilancia gen\u00f3mica, la vacunaci\u00f3n y el uso responsable de antivirales conforman un entramado de respuesta sanitaria.<\/p>\n<p><img loading=\"lazy\" decoding=\"async\" src=\"https:\/\/lobosnews.com.ar\/wp-content\/uploads\/2026\/01\/super-gripe-h3n2-en-argentina-ya-son-15-los-casos-del-subclado-k-y-la-mayoria-no-estaba-vacunado-8.jpg\" alt=\"La transmisi\u00f3n de la gripe H3N2 ocurre por gotitas respiratorias y contacto con superficies contaminadas\n( Composici\u00f3n Infobae Per\u00fa)\" height=\"1080\" width=\"1920\"\/><\/p>\n<p>En un contexto global de alta movilidad y cambios constantes en los pat\u00f3genos respiratorios,<b> la supergripe H3N2 evidenci\u00f3 que la prevenci\u00f3n y la anticipaci\u00f3n resultaron herramientas esenciales para reducir el impacto de nuevas variantes.<\/b><\/p>\n<h3>Poblaci\u00f3n objetivo para vacunaci\u00f3n antigripal<\/h3>\n<ul>\n<li>Personal de salud.<\/li>\n<li>Personas embarazadas: en cada embarazo y en cualquier trimestre.<\/li>\n<li>Personas pu\u00e9rperas: hasta el egreso de la maternidad (m\u00e1ximo diez d\u00edas), si no hubieran recibido la vacuna durante el embarazo.<\/li>\n<li>Entre seis y 24 meses de edad: esquema de dos dosis, separadas al menos por cuatro semanas, excepto quienes ya hubieran recibido dos dosis previamente.<\/li>\n<li>Entre dos y 64 a\u00f1os con factores de riesgo: dosis anual con documentaci\u00f3n que acredite enfermedades preexistentes incluidas entre los factores de riesgo.<\/li>\n<li>65 a\u00f1os y mayores: no se requiere indicaci\u00f3n m\u00e9dica para recibir la vacuna antigripal. Como oportunidad, se recomienda evaluar la vacuna contra el neumococo con el profesional de la salud y aplicarla si corresponde.<\/li>\n<li>Personal estrat\u00e9gico, cuyo desempe\u00f1o resulta clave para mantener las funciones esenciales (ejemplo: fuerzas de seguridad del Estado).<\/li>\n<\/ul>\n","protected":false},"excerpt":{"rendered":"<p>La confirmaci\u00f3n de cuatro nuevos casos de la denominada \u201csupergripe\u201d H3N2 en C\u00f3rdoba y Corrientes ampli\u00f3 el mapa de circulaci\u00f3n del subclado K y elev\u00f3 a ocho el n\u00famero de provincias con registros oficiales, alcanzando un total de 15 pacientes positivos en el pa\u00eds. El dato, validado por el Instituto Malbr\u00e1n, se sum\u00f3 a los&#8230;<\/p>\n","protected":false},"author":1,"featured_media":7404,"comment_status":"open","ping_status":"closed","sticky":false,"template":"","format":"standard","meta":{"_jetpack_memberships_contains_paid_content":false,"footnotes":""},"categories":[81],"tags":[],"class_list":["post-7393","post","type-post","status-publish","format-standard","has-post-thumbnail","hentry","category-salud"],"magazineBlocksPostFeaturedMedia":{"thumbnail":"https:\/\/lobosnews.com.ar\/wp-content\/uploads\/2026\/01\/super-gripe-h3n2-en-argentina-ya-son-15-los-casos-del-subclado-k-y-la-mayoria-no-estaba-vacunado-16-150x150.jpg","medium":"https:\/\/lobosnews.com.ar\/wp-content\/uploads\/2026\/01\/super-gripe-h3n2-en-argentina-ya-son-15-los-casos-del-subclado-k-y-la-mayoria-no-estaba-vacunado-16-300x169.jpg","medium_large":"https:\/\/lobosnews.com.ar\/wp-content\/uploads\/2026\/01\/super-gripe-h3n2-en-argentina-ya-son-15-los-casos-del-subclado-k-y-la-mayoria-no-estaba-vacunado-16-768x432.jpg","large":"https:\/\/lobosnews.com.ar\/wp-content\/uploads\/2026\/01\/super-gripe-h3n2-en-argentina-ya-son-15-los-casos-del-subclado-k-y-la-mayoria-no-estaba-vacunado-16-1024x576.jpg","1536x1536":"https:\/\/lobosnews.com.ar\/wp-content\/uploads\/2026\/01\/super-gripe-h3n2-en-argentina-ya-son-15-los-casos-del-subclado-k-y-la-mayoria-no-estaba-vacunado-16-1536x864.jpg","2048x2048":"https:\/\/lobosnews.com.ar\/wp-content\/uploads\/2026\/01\/super-gripe-h3n2-en-argentina-ya-son-15-los-casos-del-subclado-k-y-la-mayoria-no-estaba-vacunado-16.jpg","newsmatic-featured":"https:\/\/lobosnews.com.ar\/wp-content\/uploads\/2026\/01\/super-gripe-h3n2-en-argentina-ya-son-15-los-casos-del-subclado-k-y-la-mayoria-no-estaba-vacunado-16-820x545.jpg","newsmatic-list":"https:\/\/lobosnews.com.ar\/wp-content\/uploads\/2026\/01\/super-gripe-h3n2-en-argentina-ya-son-15-los-casos-del-subclado-k-y-la-mayoria-no-estaba-vacunado-16-600x400.jpg","newsmatic-thumb":"https:\/\/lobosnews.com.ar\/wp-content\/uploads\/2026\/01\/super-gripe-h3n2-en-argentina-ya-son-15-los-casos-del-subclado-k-y-la-mayoria-no-estaba-vacunado-16-300x200.jpg","newsmatic-small":"https:\/\/lobosnews.com.ar\/wp-content\/uploads\/2026\/01\/super-gripe-h3n2-en-argentina-ya-son-15-los-casos-del-subclado-k-y-la-mayoria-no-estaba-vacunado-16-150x95.jpg","newsmatic-grid":"https:\/\/lobosnews.com.ar\/wp-content\/uploads\/2026\/01\/super-gripe-h3n2-en-argentina-ya-son-15-los-casos-del-subclado-k-y-la-mayoria-no-estaba-vacunado-16-400x250.jpg"},"magazineBlocksPostAuthor":{"name":"admin","avatar":"https:\/\/secure.gravatar.com\/avatar\/76e419471a2083bc3ceab22a763dbbf9b0c1bd15a6214cf3280e2c2dde4580f9?s=96&d=mm&r=g"},"magazineBlocksPostCommentsNumber":"0","magazineBlocksPostExcerpt":"La confirmaci\u00f3n de cuatro nuevos casos de la denominada \u201csupergripe\u201d H3N2 en C\u00f3rdoba y Corrientes ampli\u00f3 el mapa de circulaci\u00f3n del subclado K y elev\u00f3 a ocho el n\u00famero de provincias con registros oficiales, alcanzando un total de 15 pacientes positivos en el pa\u00eds. El dato, validado por el Instituto Malbr\u00e1n, se sum\u00f3 a los...","magazineBlocksPostCategories":["Salud"],"magazineBlocksPostViewCount":204,"magazineBlocksPostReadTime":7,"magazine_blocks_featured_image_url":{"full":["https:\/\/lobosnews.com.ar\/wp-content\/uploads\/2026\/01\/super-gripe-h3n2-en-argentina-ya-son-15-los-casos-del-subclado-k-y-la-mayoria-no-estaba-vacunado-16.jpg",1920,1080,false],"medium":["https:\/\/lobosnews.com.ar\/wp-content\/uploads\/2026\/01\/super-gripe-h3n2-en-argentina-ya-son-15-los-casos-del-subclado-k-y-la-mayoria-no-estaba-vacunado-16-300x169.jpg",300,169,true],"thumbnail":["https:\/\/lobosnews.com.ar\/wp-content\/uploads\/2026\/01\/super-gripe-h3n2-en-argentina-ya-son-15-los-casos-del-subclado-k-y-la-mayoria-no-estaba-vacunado-16-150x150.jpg",150,150,true]},"magazine_blocks_author":{"display_name":"admin","author_link":"https:\/\/lobosnews.com.ar\/index.php\/author\/lobos-news\/"},"magazine_blocks_comment":0,"magazine_blocks_author_image":"https:\/\/secure.gravatar.com\/avatar\/76e419471a2083bc3ceab22a763dbbf9b0c1bd15a6214cf3280e2c2dde4580f9?s=96&d=mm&r=g","magazine_blocks_category":"<a href=\"#\" class=\"category-link category-link-81\">Salud<\/a>","yoast_head":"<!-- This site is optimized with the Yoast SEO plugin v26.6 - https:\/\/yoast.com\/wordpress\/plugins\/seo\/ -->\n<title>S\u00faper gripe H3N2 en Argentina: ya son 15 los casos del subclado K y la mayor\u00eda no estaba vacunado - Lobos News<\/title>\n<meta name=\"robots\" content=\"index, follow, max-snippet:-1, max-image-preview:large, max-video-preview:-1\" \/>\n<link rel=\"canonical\" href=\"https:\/\/lobosnews.com.ar\/index.php\/2026\/01\/16\/super-gripe-h3n2-en-argentina-ya-son-15-los-casos-del-subclado-k-y-la-mayoria-no-estaba-vacunado\/\" \/>\n<meta property=\"og:locale\" content=\"es_ES\" \/>\n<meta property=\"og:type\" content=\"article\" \/>\n<meta property=\"og:title\" content=\"S\u00faper gripe H3N2 en Argentina: ya son 15 los casos del subclado K y la mayor\u00eda no estaba vacunado - Lobos News\" \/>\n<meta property=\"og:description\" content=\"La confirmaci\u00f3n de cuatro nuevos casos de la denominada \u201csupergripe\u201d H3N2 en C\u00f3rdoba y Corrientes ampli\u00f3 el mapa de circulaci\u00f3n del subclado K y elev\u00f3 a ocho el n\u00famero de provincias con registros oficiales, alcanzando un total de 15 pacientes positivos en el pa\u00eds. El dato, validado por el Instituto Malbr\u00e1n, se sum\u00f3 a los...\" \/>\n<meta property=\"og:url\" content=\"https:\/\/lobosnews.com.ar\/index.php\/2026\/01\/16\/super-gripe-h3n2-en-argentina-ya-son-15-los-casos-del-subclado-k-y-la-mayoria-no-estaba-vacunado\/\" \/>\n<meta property=\"og:site_name\" content=\"Lobos News\" \/>\n<meta property=\"article:published_time\" content=\"2026-01-16T14:17:13+00:00\" \/>\n<meta property=\"article:modified_time\" content=\"2026-01-16T16:49:30+00:00\" \/>\n<meta property=\"og:image\" content=\"https:\/\/lobosnews.com.ar\/wp-content\/uploads\/2026\/01\/super-gripe-h3n2-en-argentina-ya-son-15-los-casos-del-subclado-k-y-la-mayoria-no-estaba-vacunado.jpg\" \/>\n<meta name=\"author\" content=\"admin\" \/>\n<meta name=\"twitter:card\" content=\"summary_large_image\" \/>\n<meta name=\"twitter:label1\" content=\"Escrito por\" \/>\n\t<meta name=\"twitter:data1\" content=\"admin\" \/>\n\t<meta name=\"twitter:label2\" content=\"Tiempo de lectura\" \/>\n\t<meta name=\"twitter:data2\" content=\"7 minutos\" \/>\n<script type=\"application\/ld+json\" class=\"yoast-schema-graph\">{\"@context\":\"https:\/\/schema.org\",\"@graph\":[{\"@type\":\"Article\",\"@id\":\"https:\/\/lobosnews.com.ar\/index.php\/2026\/01\/16\/super-gripe-h3n2-en-argentina-ya-son-15-los-casos-del-subclado-k-y-la-mayoria-no-estaba-vacunado\/#article\",\"isPartOf\":{\"@id\":\"https:\/\/lobosnews.com.ar\/index.php\/2026\/01\/16\/super-gripe-h3n2-en-argentina-ya-son-15-los-casos-del-subclado-k-y-la-mayoria-no-estaba-vacunado\/\"},\"author\":{\"name\":\"admin\",\"@id\":\"https:\/\/lobosnews.com.ar\/#\/schema\/person\/232422a593d5c541dd9aef6aaed10943\"},\"headline\":\"S\u00faper gripe H3N2 en Argentina: ya son 15 los casos del subclado K y la mayor\u00eda no estaba vacunado\",\"datePublished\":\"2026-01-16T14:17:13+00:00\",\"dateModified\":\"2026-01-16T16:49:30+00:00\",\"mainEntityOfPage\":{\"@id\":\"https:\/\/lobosnews.com.ar\/index.php\/2026\/01\/16\/super-gripe-h3n2-en-argentina-ya-son-15-los-casos-del-subclado-k-y-la-mayoria-no-estaba-vacunado\/\"},\"wordCount\":1359,\"commentCount\":0,\"publisher\":{\"@id\":\"https:\/\/lobosnews.com.ar\/#organization\"},\"image\":{\"@id\":\"https:\/\/lobosnews.com.ar\/index.php\/2026\/01\/16\/super-gripe-h3n2-en-argentina-ya-son-15-los-casos-del-subclado-k-y-la-mayoria-no-estaba-vacunado\/#primaryimage\"},\"thumbnailUrl\":\"https:\/\/lobosnews.com.ar\/wp-content\/uploads\/2026\/01\/super-gripe-h3n2-en-argentina-ya-son-15-los-casos-del-subclado-k-y-la-mayoria-no-estaba-vacunado-16.jpg\",\"articleSection\":[\"Salud\"],\"inLanguage\":\"es\",\"potentialAction\":[{\"@type\":\"CommentAction\",\"name\":\"Comment\",\"target\":[\"https:\/\/lobosnews.com.ar\/index.php\/2026\/01\/16\/super-gripe-h3n2-en-argentina-ya-son-15-los-casos-del-subclado-k-y-la-mayoria-no-estaba-vacunado\/#respond\"]}]},{\"@type\":\"WebPage\",\"@id\":\"https:\/\/lobosnews.com.ar\/index.php\/2026\/01\/16\/super-gripe-h3n2-en-argentina-ya-son-15-los-casos-del-subclado-k-y-la-mayoria-no-estaba-vacunado\/\",\"url\":\"https:\/\/lobosnews.com.ar\/index.php\/2026\/01\/16\/super-gripe-h3n2-en-argentina-ya-son-15-los-casos-del-subclado-k-y-la-mayoria-no-estaba-vacunado\/\",\"name\":\"S\u00faper gripe H3N2 en Argentina: ya son 15 los casos del subclado K y la mayor\u00eda no estaba vacunado - Lobos News\",\"isPartOf\":{\"@id\":\"https:\/\/lobosnews.com.ar\/#website\"},\"primaryImageOfPage\":{\"@id\":\"https:\/\/lobosnews.com.ar\/index.php\/2026\/01\/16\/super-gripe-h3n2-en-argentina-ya-son-15-los-casos-del-subclado-k-y-la-mayoria-no-estaba-vacunado\/#primaryimage\"},\"image\":{\"@id\":\"https:\/\/lobosnews.com.ar\/index.php\/2026\/01\/16\/super-gripe-h3n2-en-argentina-ya-son-15-los-casos-del-subclado-k-y-la-mayoria-no-estaba-vacunado\/#primaryimage\"},\"thumbnailUrl\":\"https:\/\/lobosnews.com.ar\/wp-content\/uploads\/2026\/01\/super-gripe-h3n2-en-argentina-ya-son-15-los-casos-del-subclado-k-y-la-mayoria-no-estaba-vacunado-16.jpg\",\"datePublished\":\"2026-01-16T14:17:13+00:00\",\"dateModified\":\"2026-01-16T16:49:30+00:00\",\"breadcrumb\":{\"@id\":\"https:\/\/lobosnews.com.ar\/index.php\/2026\/01\/16\/super-gripe-h3n2-en-argentina-ya-son-15-los-casos-del-subclado-k-y-la-mayoria-no-estaba-vacunado\/#breadcrumb\"},\"inLanguage\":\"es\",\"potentialAction\":[{\"@type\":\"ReadAction\",\"target\":[\"https:\/\/lobosnews.com.ar\/index.php\/2026\/01\/16\/super-gripe-h3n2-en-argentina-ya-son-15-los-casos-del-subclado-k-y-la-mayoria-no-estaba-vacunado\/\"]}]},{\"@type\":\"ImageObject\",\"inLanguage\":\"es\",\"@id\":\"https:\/\/lobosnews.com.ar\/index.php\/2026\/01\/16\/super-gripe-h3n2-en-argentina-ya-son-15-los-casos-del-subclado-k-y-la-mayoria-no-estaba-vacunado\/#primaryimage\",\"url\":\"https:\/\/lobosnews.com.ar\/wp-content\/uploads\/2026\/01\/super-gripe-h3n2-en-argentina-ya-son-15-los-casos-del-subclado-k-y-la-mayoria-no-estaba-vacunado-16.jpg\",\"contentUrl\":\"https:\/\/lobosnews.com.ar\/wp-content\/uploads\/2026\/01\/super-gripe-h3n2-en-argentina-ya-son-15-los-casos-del-subclado-k-y-la-mayoria-no-estaba-vacunado-16.jpg\",\"width\":1920,\"height\":1080,\"caption\":\"S\u00faper gripe H3N2 en Argentina: ya son 15 los casos del subclado K y la mayor\u00eda no estaba vacunado\"},{\"@type\":\"BreadcrumbList\",\"@id\":\"https:\/\/lobosnews.com.ar\/index.php\/2026\/01\/16\/super-gripe-h3n2-en-argentina-ya-son-15-los-casos-del-subclado-k-y-la-mayoria-no-estaba-vacunado\/#breadcrumb\",\"itemListElement\":[{\"@type\":\"ListItem\",\"position\":1,\"name\":\"Portada\",\"item\":\"https:\/\/lobosnews.com.ar\/\"},{\"@type\":\"ListItem\",\"position\":2,\"name\":\"S\u00faper gripe H3N2 en Argentina: ya son 15 los casos del subclado K y la mayor\u00eda no estaba vacunado\"}]},{\"@type\":\"WebSite\",\"@id\":\"https:\/\/lobosnews.com.ar\/#website\",\"url\":\"https:\/\/lobosnews.com.ar\/\",\"name\":\"Lobos News\",\"description\":\"Informaci\u00f3n a cada instante\",\"publisher\":{\"@id\":\"https:\/\/lobosnews.com.ar\/#organization\"},\"potentialAction\":[{\"@type\":\"SearchAction\",\"target\":{\"@type\":\"EntryPoint\",\"urlTemplate\":\"https:\/\/lobosnews.com.ar\/?s={search_term_string}\"},\"query-input\":{\"@type\":\"PropertyValueSpecification\",\"valueRequired\":true,\"valueName\":\"search_term_string\"}}],\"inLanguage\":\"es\"},{\"@type\":\"Organization\",\"@id\":\"https:\/\/lobosnews.com.ar\/#organization\",\"name\":\"Lobos News\",\"url\":\"https:\/\/lobosnews.com.ar\/\",\"logo\":{\"@type\":\"ImageObject\",\"inLanguage\":\"es\",\"@id\":\"https:\/\/lobosnews.com.ar\/#\/schema\/logo\/image\/\",\"url\":\"https:\/\/lobosnews.com.ar\/wp-content\/uploads\/2026\/01\/logo-lobosnews.png\",\"contentUrl\":\"https:\/\/lobosnews.com.ar\/wp-content\/uploads\/2026\/01\/logo-lobosnews.png\",\"width\":500,\"height\":200,\"caption\":\"Lobos News\"},\"image\":{\"@id\":\"https:\/\/lobosnews.com.ar\/#\/schema\/logo\/image\/\"}},{\"@type\":\"Person\",\"@id\":\"https:\/\/lobosnews.com.ar\/#\/schema\/person\/232422a593d5c541dd9aef6aaed10943\",\"name\":\"admin\",\"image\":{\"@type\":\"ImageObject\",\"inLanguage\":\"es\",\"@id\":\"https:\/\/lobosnews.com.ar\/#\/schema\/person\/image\/\",\"url\":\"https:\/\/secure.gravatar.com\/avatar\/76e419471a2083bc3ceab22a763dbbf9b0c1bd15a6214cf3280e2c2dde4580f9?s=96&d=mm&r=g\",\"contentUrl\":\"https:\/\/secure.gravatar.com\/avatar\/76e419471a2083bc3ceab22a763dbbf9b0c1bd15a6214cf3280e2c2dde4580f9?s=96&d=mm&r=g\",\"caption\":\"admin\"},\"sameAs\":[\"https:\/\/lobosnews.com.ar\"],\"url\":\"https:\/\/lobosnews.com.ar\/index.php\/author\/lobos-news\/\"}]}<\/script>\n<!-- \/ Yoast SEO plugin. -->","yoast_head_json":{"title":"S\u00faper gripe H3N2 en Argentina: ya son 15 los casos del subclado K y la mayor\u00eda no estaba vacunado - Lobos News","robots":{"index":"index","follow":"follow","max-snippet":"max-snippet:-1","max-image-preview":"max-image-preview:large","max-video-preview":"max-video-preview:-1"},"canonical":"https:\/\/lobosnews.com.ar\/index.php\/2026\/01\/16\/super-gripe-h3n2-en-argentina-ya-son-15-los-casos-del-subclado-k-y-la-mayoria-no-estaba-vacunado\/","og_locale":"es_ES","og_type":"article","og_title":"S\u00faper gripe H3N2 en Argentina: ya son 15 los casos del subclado K y la mayor\u00eda no estaba vacunado - Lobos News","og_description":"La confirmaci\u00f3n de cuatro nuevos casos de la denominada \u201csupergripe\u201d H3N2 en C\u00f3rdoba y Corrientes ampli\u00f3 el mapa de circulaci\u00f3n del subclado K y elev\u00f3 a ocho el n\u00famero de provincias con registros oficiales, alcanzando un total de 15 pacientes positivos en el pa\u00eds. El dato, validado por el Instituto Malbr\u00e1n, se sum\u00f3 a los...","og_url":"https:\/\/lobosnews.com.ar\/index.php\/2026\/01\/16\/super-gripe-h3n2-en-argentina-ya-son-15-los-casos-del-subclado-k-y-la-mayoria-no-estaba-vacunado\/","og_site_name":"Lobos News","article_published_time":"2026-01-16T14:17:13+00:00","article_modified_time":"2026-01-16T16:49:30+00:00","og_image":[{"url":"https:\/\/lobosnews.com.ar\/wp-content\/uploads\/2026\/01\/super-gripe-h3n2-en-argentina-ya-son-15-los-casos-del-subclado-k-y-la-mayoria-no-estaba-vacunado.jpg","type":"","width":"","height":""}],"author":"admin","twitter_card":"summary_large_image","twitter_misc":{"Escrito por":"admin","Tiempo de lectura":"7 minutos"},"schema":{"@context":"https:\/\/schema.org","@graph":[{"@type":"Article","@id":"https:\/\/lobosnews.com.ar\/index.php\/2026\/01\/16\/super-gripe-h3n2-en-argentina-ya-son-15-los-casos-del-subclado-k-y-la-mayoria-no-estaba-vacunado\/#article","isPartOf":{"@id":"https:\/\/lobosnews.com.ar\/index.php\/2026\/01\/16\/super-gripe-h3n2-en-argentina-ya-son-15-los-casos-del-subclado-k-y-la-mayoria-no-estaba-vacunado\/"},"author":{"name":"admin","@id":"https:\/\/lobosnews.com.ar\/#\/schema\/person\/232422a593d5c541dd9aef6aaed10943"},"headline":"S\u00faper gripe H3N2 en Argentina: ya son 15 los casos del subclado K y la mayor\u00eda no estaba vacunado","datePublished":"2026-01-16T14:17:13+00:00","dateModified":"2026-01-16T16:49:30+00:00","mainEntityOfPage":{"@id":"https:\/\/lobosnews.com.ar\/index.php\/2026\/01\/16\/super-gripe-h3n2-en-argentina-ya-son-15-los-casos-del-subclado-k-y-la-mayoria-no-estaba-vacunado\/"},"wordCount":1359,"commentCount":0,"publisher":{"@id":"https:\/\/lobosnews.com.ar\/#organization"},"image":{"@id":"https:\/\/lobosnews.com.ar\/index.php\/2026\/01\/16\/super-gripe-h3n2-en-argentina-ya-son-15-los-casos-del-subclado-k-y-la-mayoria-no-estaba-vacunado\/#primaryimage"},"thumbnailUrl":"https:\/\/lobosnews.com.ar\/wp-content\/uploads\/2026\/01\/super-gripe-h3n2-en-argentina-ya-son-15-los-casos-del-subclado-k-y-la-mayoria-no-estaba-vacunado-16.jpg","articleSection":["Salud"],"inLanguage":"es","potentialAction":[{"@type":"CommentAction","name":"Comment","target":["https:\/\/lobosnews.com.ar\/index.php\/2026\/01\/16\/super-gripe-h3n2-en-argentina-ya-son-15-los-casos-del-subclado-k-y-la-mayoria-no-estaba-vacunado\/#respond"]}]},{"@type":"WebPage","@id":"https:\/\/lobosnews.com.ar\/index.php\/2026\/01\/16\/super-gripe-h3n2-en-argentina-ya-son-15-los-casos-del-subclado-k-y-la-mayoria-no-estaba-vacunado\/","url":"https:\/\/lobosnews.com.ar\/index.php\/2026\/01\/16\/super-gripe-h3n2-en-argentina-ya-son-15-los-casos-del-subclado-k-y-la-mayoria-no-estaba-vacunado\/","name":"S\u00faper gripe H3N2 en Argentina: ya son 15 los casos del subclado K y la mayor\u00eda no estaba vacunado - Lobos News","isPartOf":{"@id":"https:\/\/lobosnews.com.ar\/#website"},"primaryImageOfPage":{"@id":"https:\/\/lobosnews.com.ar\/index.php\/2026\/01\/16\/super-gripe-h3n2-en-argentina-ya-son-15-los-casos-del-subclado-k-y-la-mayoria-no-estaba-vacunado\/#primaryimage"},"image":{"@id":"https:\/\/lobosnews.com.ar\/index.php\/2026\/01\/16\/super-gripe-h3n2-en-argentina-ya-son-15-los-casos-del-subclado-k-y-la-mayoria-no-estaba-vacunado\/#primaryimage"},"thumbnailUrl":"https:\/\/lobosnews.com.ar\/wp-content\/uploads\/2026\/01\/super-gripe-h3n2-en-argentina-ya-son-15-los-casos-del-subclado-k-y-la-mayoria-no-estaba-vacunado-16.jpg","datePublished":"2026-01-16T14:17:13+00:00","dateModified":"2026-01-16T16:49:30+00:00","breadcrumb":{"@id":"https:\/\/lobosnews.com.ar\/index.php\/2026\/01\/16\/super-gripe-h3n2-en-argentina-ya-son-15-los-casos-del-subclado-k-y-la-mayoria-no-estaba-vacunado\/#breadcrumb"},"inLanguage":"es","potentialAction":[{"@type":"ReadAction","target":["https:\/\/lobosnews.com.ar\/index.php\/2026\/01\/16\/super-gripe-h3n2-en-argentina-ya-son-15-los-casos-del-subclado-k-y-la-mayoria-no-estaba-vacunado\/"]}]},{"@type":"ImageObject","inLanguage":"es","@id":"https:\/\/lobosnews.com.ar\/index.php\/2026\/01\/16\/super-gripe-h3n2-en-argentina-ya-son-15-los-casos-del-subclado-k-y-la-mayoria-no-estaba-vacunado\/#primaryimage","url":"https:\/\/lobosnews.com.ar\/wp-content\/uploads\/2026\/01\/super-gripe-h3n2-en-argentina-ya-son-15-los-casos-del-subclado-k-y-la-mayoria-no-estaba-vacunado-16.jpg","contentUrl":"https:\/\/lobosnews.com.ar\/wp-content\/uploads\/2026\/01\/super-gripe-h3n2-en-argentina-ya-son-15-los-casos-del-subclado-k-y-la-mayoria-no-estaba-vacunado-16.jpg","width":1920,"height":1080,"caption":"S\u00faper gripe H3N2 en Argentina: ya son 15 los casos del subclado K y la mayor\u00eda no estaba vacunado"},{"@type":"BreadcrumbList","@id":"https:\/\/lobosnews.com.ar\/index.php\/2026\/01\/16\/super-gripe-h3n2-en-argentina-ya-son-15-los-casos-del-subclado-k-y-la-mayoria-no-estaba-vacunado\/#breadcrumb","itemListElement":[{"@type":"ListItem","position":1,"name":"Portada","item":"https:\/\/lobosnews.com.ar\/"},{"@type":"ListItem","position":2,"name":"S\u00faper gripe H3N2 en Argentina: ya son 15 los casos del subclado K y la mayor\u00eda no estaba vacunado"}]},{"@type":"WebSite","@id":"https:\/\/lobosnews.com.ar\/#website","url":"https:\/\/lobosnews.com.ar\/","name":"Lobos News","description":"Informaci\u00f3n a cada instante","publisher":{"@id":"https:\/\/lobosnews.com.ar\/#organization"},"potentialAction":[{"@type":"SearchAction","target":{"@type":"EntryPoint","urlTemplate":"https:\/\/lobosnews.com.ar\/?s={search_term_string}"},"query-input":{"@type":"PropertyValueSpecification","valueRequired":true,"valueName":"search_term_string"}}],"inLanguage":"es"},{"@type":"Organization","@id":"https:\/\/lobosnews.com.ar\/#organization","name":"Lobos News","url":"https:\/\/lobosnews.com.ar\/","logo":{"@type":"ImageObject","inLanguage":"es","@id":"https:\/\/lobosnews.com.ar\/#\/schema\/logo\/image\/","url":"https:\/\/lobosnews.com.ar\/wp-content\/uploads\/2026\/01\/logo-lobosnews.png","contentUrl":"https:\/\/lobosnews.com.ar\/wp-content\/uploads\/2026\/01\/logo-lobosnews.png","width":500,"height":200,"caption":"Lobos News"},"image":{"@id":"https:\/\/lobosnews.com.ar\/#\/schema\/logo\/image\/"}},{"@type":"Person","@id":"https:\/\/lobosnews.com.ar\/#\/schema\/person\/232422a593d5c541dd9aef6aaed10943","name":"admin","image":{"@type":"ImageObject","inLanguage":"es","@id":"https:\/\/lobosnews.com.ar\/#\/schema\/person\/image\/","url":"https:\/\/secure.gravatar.com\/avatar\/76e419471a2083bc3ceab22a763dbbf9b0c1bd15a6214cf3280e2c2dde4580f9?s=96&d=mm&r=g","contentUrl":"https:\/\/secure.gravatar.com\/avatar\/76e419471a2083bc3ceab22a763dbbf9b0c1bd15a6214cf3280e2c2dde4580f9?s=96&d=mm&r=g","caption":"admin"},"sameAs":["https:\/\/lobosnews.com.ar"],"url":"https:\/\/lobosnews.com.ar\/index.php\/author\/lobos-news\/"}]}},"jetpack_featured_media_url":"https:\/\/lobosnews.com.ar\/wp-content\/uploads\/2026\/01\/super-gripe-h3n2-en-argentina-ya-son-15-los-casos-del-subclado-k-y-la-mayoria-no-estaba-vacunado-16.jpg","jetpack_sharing_enabled":true,"_links":{"self":[{"href":"https:\/\/lobosnews.com.ar\/index.php\/wp-json\/wp\/v2\/posts\/7393","targetHints":{"allow":["GET"]}}],"collection":[{"href":"https:\/\/lobosnews.com.ar\/index.php\/wp-json\/wp\/v2\/posts"}],"about":[{"href":"https:\/\/lobosnews.com.ar\/index.php\/wp-json\/wp\/v2\/types\/post"}],"author":[{"embeddable":true,"href":"https:\/\/lobosnews.com.ar\/index.php\/wp-json\/wp\/v2\/users\/1"}],"replies":[{"embeddable":true,"href":"https:\/\/lobosnews.com.ar\/index.php\/wp-json\/wp\/v2\/comments?post=7393"}],"version-history":[{"count":1,"href":"https:\/\/lobosnews.com.ar\/index.php\/wp-json\/wp\/v2\/posts\/7393\/revisions"}],"predecessor-version":[{"id":7403,"href":"https:\/\/lobosnews.com.ar\/index.php\/wp-json\/wp\/v2\/posts\/7393\/revisions\/7403"}],"wp:featuredmedia":[{"embeddable":true,"href":"https:\/\/lobosnews.com.ar\/index.php\/wp-json\/wp\/v2\/media\/7404"}],"wp:attachment":[{"href":"https:\/\/lobosnews.com.ar\/index.php\/wp-json\/wp\/v2\/media?parent=7393"}],"wp:term":[{"taxonomy":"category","embeddable":true,"href":"https:\/\/lobosnews.com.ar\/index.php\/wp-json\/wp\/v2\/categories?post=7393"},{"taxonomy":"post_tag","embeddable":true,"href":"https:\/\/lobosnews.com.ar\/index.php\/wp-json\/wp\/v2\/tags?post=7393"}],"curies":[{"name":"wp","href":"https:\/\/api.w.org\/{rel}","templated":true}]}}