{"id":7350,"date":"2026-01-16T13:51:40","date_gmt":"2026-01-16T13:51:40","guid":{"rendered":"https:\/\/lobosnews.com.ar\/index.php\/2026\/01\/16\/panama-inicia-2026-con-senales-mixtas-en-el-mercado-laboral\/"},"modified":"2026-01-16T16:32:53","modified_gmt":"2026-01-16T16:32:53","slug":"panama-inicia-2026-con-senales-mixtas-en-el-mercado-laboral","status":"publish","type":"post","link":"https:\/\/lobosnews.com.ar\/index.php\/2026\/01\/16\/panama-inicia-2026-con-senales-mixtas-en-el-mercado-laboral\/","title":{"rendered":"Panam\u00e1 inicia 2026 con se\u00f1ales mixtas en el mercado laboral"},"content":{"rendered":"<p><img loading=\"lazy\" decoding=\"async\" src=\"https:\/\/lobosnews.com.ar\/wp-content\/uploads\/2026\/01\/panama-inicia-2026-con-senales-mixtas-en-el-mercado-laboral.jpg\" alt=\"Todav\u00eda no se han divulgado las cifras oficiales de desempleo con corte a 2025. EFE\/Bienvenido Velasco\" height=\"3648\" width=\"5472\"\/><\/p>\n<p><b>Panam\u00e1<\/b> inicia 2026 con un mercado laboral marcado por dos tendencias simult\u00e1neas: un aumento en las aspiraciones salariales de los <b>trabajadores<\/b> y una <b>tasa de desempleo<\/b> que, seg\u00fan proyecciones oficiales, podr\u00eda ubicarse <b>cerca de los dos d\u00edgitos,<\/b> a la espera de las cifras definitivas de cierre de diciembre.<\/p>\n<p>El m\u00e1s reciente Reporte del Mercado Laboral de la <b>consultora Konzerta<\/b> indica que en diciembre de 2025 <b>el salario promedio pretendido por los paname\u00f1os fue de $1,068,<\/b> lo que representa un incremento acumulado de 1.82% a lo largo del a\u00f1o. <\/p>\n<p>El informe se basa en las remuneraciones solicitadas por los candidatos al momento de postularse a vacantes, un indicador utilizado para medir expectativas salariales en el mercado.<\/p>\n<p>El documento tambi\u00e9n refleja una <b>brecha de g\u00e9nero en las aspiraciones salariales<\/b>. En diciembre, la diferencia alcanz\u00f3 7.14% a favor de los hombres, el nivel m\u00e1s alto registrado en 2025. <b>El salario promedio pretendido por los varones se ubic\u00f3 en $1,073, mientras que el de las mujeres fue de $1,001.<\/b><\/p>\n<p><img loading=\"lazy\" decoding=\"async\" src=\"https:\/\/lobosnews.com.ar\/wp-content\/uploads\/2026\/01\/panama-inicia-2026-con-senales-mixtas-en-el-mercado-laboral-1.jpg\" alt=\"De acuerdo con el informe de Konzerta, el salario promedio pretendido por los paname\u00f1os fue de $1,068.\" height=\"1280\" width=\"1920\"\/><\/p>\n<p>En paralelo a estos datos, las autoridades laborales han advertido sobre un deterioro en los indicadores de empleo. <b>La ministra de Trabajo y Desarrollo Laboral,<\/b> <b>Jackeline Mu\u00f1oz<\/b>, ha se\u00f1alado que Panam\u00e1 podr\u00eda iniciar 2026 con una tasa de desempleo cercana al 10%, tras un aumento sostenido observado en las mediciones m\u00e1s recientes.<\/p>\n<p>La \u00faltima Encuesta de Mercado Laboral publicada por el <b>Instituto Nacional de Estad\u00edstica y Censo<\/b>, con datos a octubre de 2024, ubic\u00f3 la <b>tasa de desocupaci\u00f3n en 9.5%<\/b>, lo que represent\u00f3 un incremento de 2.1 puntos porcentuales frente a agosto de 2023, cuando se situ\u00f3 en 7.4%. <\/p>\n<p>El informe tambi\u00e9n evidenci\u00f3 una reducci\u00f3n en la poblaci\u00f3n ocupada y un aumento en el n\u00famero de personas que buscan empleo.<\/p>\n<p>Con base en esa evoluci\u00f3n, analistas y autoridades coinciden en que un cierre de a\u00f1o en torno a los dos d\u00edgitos es un escenario posible, aun cuando las <b>cifras oficiales correspondientes a diciembre no han sido divulgadas.<\/b><\/p>\n<p>Entre los factores que explican el repunte del desempleo figura la afectaci\u00f3n laboral en la <b>actividad bananera en la provincia de Bocas del Toro. <\/b><\/p>\n<p>Seg\u00fan el Ministerio de Trabajo, <b>el cierre temporal de operaciones provoc\u00f3 la p\u00e9rdida de alrededor de 7,000 empleos directos<\/b>, adem\u00e1s de impactos indirectos en sectores como el turismo, la log\u00edstica y el comercio.<\/p>\n<p><img loading=\"lazy\" decoding=\"async\" src=\"https:\/\/lobosnews.com.ar\/wp-content\/uploads\/2026\/01\/panama-inicia-2026-con-senales-mixtas-en-el-mercado-laboral-2.jpg\" alt=\"Las autoridades atribuyen el aumento del desempleo al cierre de las plantaciones bananeras en Bocas del Toro a mediados de 2025, tras protestas de trabajadores por los cambios a la ley de la Caja del Seguro Social. REUTERS\/Enea Lebrun\" height=\"3072\" width=\"4608\"\/><\/p>\n<p>El conflicto alcanz\u00f3 relevancia nacional e internacional por su magnitud. Reportes externos documentaron despidos y p\u00e9rdidas econ\u00f3micas durante el periodo de paralizaci\u00f3n.<\/p>\n<p>Posteriormente, se anunci\u00f3 un acuerdo para reactivar las operaciones, con compromisos de inversi\u00f3n y generaci\u00f3n de empleo, aunque con efectos previstos principalmente para <b>2026<\/b>.<\/p>\n<p><b>Otro elemento estructural que incide en el mercado laboral es la informalidad<\/b>. Diversos informes oficiales han se\u00f1alado que una proporci\u00f3n significativa de la poblaci\u00f3n ocupada se desempe\u00f1a en empleos informales, con menores niveles de <b>estabilidad y protecci\u00f3n<\/b> social, una tendencia que suele intensificarse en contextos de desaceleraci\u00f3n econ\u00f3mica.<\/p>\n<p><b>El reporte de Konzerta tambi\u00e9n identifica diferencias relevantes entre sectores y niveles de experiencia<\/b>. Durante 2025, las mayores aspiraciones salariales se concentraron en \u00e1reas como Infraestructura, Tesorer\u00eda, Operaciones y Tecnolog\u00edas de la Informaci\u00f3n. <\/p>\n<p><img loading=\"lazy\" decoding=\"async\" src=\"https:\/\/lobosnews.com.ar\/wp-content\/uploads\/2026\/01\/panama-inicia-2026-con-senales-mixtas-en-el-mercado-laboral-3.jpg\" alt=\"Adem\u00e1s del desempleo, una informalidad cercana al 50% sigue marcando el mercado laboral paname\u00f1o.\" height=\"832\" width=\"1472\"\/><\/p>\n<p>En diciembre, los promedios m\u00e1s altos correspondieron a Finanzas en cargos de jefatura y supervisi\u00f3n, Construcci\u00f3n en posiciones senior y semi senior, y Control de Gesti\u00f3n en el segmento junior.<\/p>\n<p>En contraste, <b>las pretensiones salariales m\u00e1s bajas se registraron en ocupaciones como camareros, Community Management y Mantenimiento y Limpieza. <\/b><\/p>\n<p>El informe tambi\u00e9n muestra una marcada brecha por nivel de seniority, con remuneraciones pretendidas significativamente menores en el segmento junior frente a los cargos de supervisi\u00f3n.<\/p>\n<p><b>De cara a 2026, el comportamiento del mercado laboral depender\u00e1 de varios factores, entre ellos la recuperaci\u00f3n del empleo formal en sectores afectados, la reactivaci\u00f3n de la inversi\u00f3n privada y la evoluci\u00f3n de la informalidad. <\/b>Mientras tanto, el pa\u00eds espera las cifras oficiales de cierre de a\u00f1o para confirmar si el desempleo consolid\u00f3 o no un nivel de dos d\u00edgitos.<\/p>\n","protected":false},"excerpt":{"rendered":"<p>Panam\u00e1 inicia 2026 con un mercado laboral marcado por dos tendencias simult\u00e1neas: un aumento en las aspiraciones salariales de los trabajadores y una tasa de desempleo que, seg\u00fan proyecciones oficiales, podr\u00eda ubicarse cerca de los dos d\u00edgitos, a la espera de las cifras definitivas de cierre de diciembre. El m\u00e1s reciente Reporte del Mercado Laboral&#8230;<\/p>\n","protected":false},"author":1,"featured_media":7356,"comment_status":"open","ping_status":"closed","sticky":false,"template":"","format":"standard","meta":{"_jetpack_memberships_contains_paid_content":false,"footnotes":""},"categories":[31],"tags":[],"class_list":["post-7350","post","type-post","status-publish","format-standard","has-post-thumbnail","hentry","category-actualidad"],"magazineBlocksPostFeaturedMedia":{"thumbnail":"https:\/\/lobosnews.com.ar\/wp-content\/uploads\/2026\/01\/panama-inicia-2026-con-senales-mixtas-en-el-mercado-laboral-6-150x150.jpg","medium":"https:\/\/lobosnews.com.ar\/wp-content\/uploads\/2026\/01\/panama-inicia-2026-con-senales-mixtas-en-el-mercado-laboral-6-300x170.jpg","medium_large":"https:\/\/lobosnews.com.ar\/wp-content\/uploads\/2026\/01\/panama-inicia-2026-con-senales-mixtas-en-el-mercado-laboral-6-768x434.jpg","large":"https:\/\/lobosnews.com.ar\/wp-content\/uploads\/2026\/01\/panama-inicia-2026-con-senales-mixtas-en-el-mercado-laboral-6-1024x579.jpg","1536x1536":"https:\/\/lobosnews.com.ar\/wp-content\/uploads\/2026\/01\/panama-inicia-2026-con-senales-mixtas-en-el-mercado-laboral-6.jpg","2048x2048":"https:\/\/lobosnews.com.ar\/wp-content\/uploads\/2026\/01\/panama-inicia-2026-con-senales-mixtas-en-el-mercado-laboral-6.jpg","newsmatic-featured":"https:\/\/lobosnews.com.ar\/wp-content\/uploads\/2026\/01\/panama-inicia-2026-con-senales-mixtas-en-el-mercado-laboral-6-820x545.jpg","newsmatic-list":"https:\/\/lobosnews.com.ar\/wp-content\/uploads\/2026\/01\/panama-inicia-2026-con-senales-mixtas-en-el-mercado-laboral-6-600x400.jpg","newsmatic-thumb":"https:\/\/lobosnews.com.ar\/wp-content\/uploads\/2026\/01\/panama-inicia-2026-con-senales-mixtas-en-el-mercado-laboral-6-300x200.jpg","newsmatic-small":"https:\/\/lobosnews.com.ar\/wp-content\/uploads\/2026\/01\/panama-inicia-2026-con-senales-mixtas-en-el-mercado-laboral-6-150x95.jpg","newsmatic-grid":"https:\/\/lobosnews.com.ar\/wp-content\/uploads\/2026\/01\/panama-inicia-2026-con-senales-mixtas-en-el-mercado-laboral-6-400x250.jpg"},"magazineBlocksPostAuthor":{"name":"admin","avatar":"https:\/\/secure.gravatar.com\/avatar\/76e419471a2083bc3ceab22a763dbbf9b0c1bd15a6214cf3280e2c2dde4580f9?s=96&d=mm&r=g"},"magazineBlocksPostCommentsNumber":"0","magazineBlocksPostExcerpt":"Panam\u00e1 inicia 2026 con un mercado laboral marcado por dos tendencias simult\u00e1neas: un aumento en las aspiraciones salariales de los trabajadores y una tasa de desempleo que, seg\u00fan proyecciones oficiales, podr\u00eda ubicarse cerca de los dos d\u00edgitos, a la espera de las cifras definitivas de cierre de diciembre. El m\u00e1s reciente Reporte del Mercado Laboral...","magazineBlocksPostCategories":["Actualidad"],"magazineBlocksPostViewCount":126,"magazineBlocksPostReadTime":4,"magazine_blocks_featured_image_url":{"full":["https:\/\/lobosnews.com.ar\/wp-content\/uploads\/2026\/01\/panama-inicia-2026-con-senales-mixtas-en-el-mercado-laboral-6.jpg",1472,832,false],"medium":["https:\/\/lobosnews.com.ar\/wp-content\/uploads\/2026\/01\/panama-inicia-2026-con-senales-mixtas-en-el-mercado-laboral-6-300x170.jpg",300,170,true],"thumbnail":["https:\/\/lobosnews.com.ar\/wp-content\/uploads\/2026\/01\/panama-inicia-2026-con-senales-mixtas-en-el-mercado-laboral-6-150x150.jpg",150,150,true]},"magazine_blocks_author":{"display_name":"admin","author_link":"https:\/\/lobosnews.com.ar\/index.php\/author\/lobos-news\/"},"magazine_blocks_comment":0,"magazine_blocks_author_image":"https:\/\/secure.gravatar.com\/avatar\/76e419471a2083bc3ceab22a763dbbf9b0c1bd15a6214cf3280e2c2dde4580f9?s=96&d=mm&r=g","magazine_blocks_category":"<a href=\"#\" class=\"category-link category-link-31\">Actualidad<\/a>","yoast_head":"<!-- This site is optimized with the Yoast SEO plugin v26.6 - https:\/\/yoast.com\/wordpress\/plugins\/seo\/ -->\n<title>Panam\u00e1 inicia 2026 con se\u00f1ales mixtas en el mercado laboral - Lobos News<\/title>\n<meta name=\"robots\" content=\"index, follow, max-snippet:-1, max-image-preview:large, max-video-preview:-1\" \/>\n<link rel=\"canonical\" href=\"https:\/\/lobosnews.com.ar\/index.php\/2026\/01\/16\/panama-inicia-2026-con-senales-mixtas-en-el-mercado-laboral\/\" \/>\n<meta property=\"og:locale\" content=\"es_ES\" \/>\n<meta property=\"og:type\" content=\"article\" \/>\n<meta property=\"og:title\" content=\"Panam\u00e1 inicia 2026 con se\u00f1ales mixtas en el mercado laboral - Lobos News\" \/>\n<meta property=\"og:description\" content=\"Panam\u00e1 inicia 2026 con un mercado laboral marcado por dos tendencias simult\u00e1neas: un aumento en las aspiraciones salariales de los trabajadores y una tasa de desempleo que, seg\u00fan proyecciones oficiales, podr\u00eda ubicarse cerca de los dos d\u00edgitos, a la espera de las cifras definitivas de cierre de diciembre. El m\u00e1s reciente Reporte del Mercado Laboral...\" \/>\n<meta property=\"og:url\" content=\"https:\/\/lobosnews.com.ar\/index.php\/2026\/01\/16\/panama-inicia-2026-con-senales-mixtas-en-el-mercado-laboral\/\" \/>\n<meta property=\"og:site_name\" content=\"Lobos News\" \/>\n<meta property=\"article:published_time\" content=\"2026-01-16T13:51:40+00:00\" \/>\n<meta property=\"article:modified_time\" content=\"2026-01-16T16:32:53+00:00\" \/>\n<meta property=\"og:image\" content=\"https:\/\/lobosnews.com.ar\/wp-content\/uploads\/2026\/01\/panama-inicia-2026-con-senales-mixtas-en-el-mercado-laboral.jpg\" \/>\n<meta name=\"author\" content=\"admin\" \/>\n<meta name=\"twitter:card\" content=\"summary_large_image\" \/>\n<meta name=\"twitter:label1\" content=\"Escrito por\" \/>\n\t<meta name=\"twitter:data1\" content=\"admin\" \/>\n\t<meta name=\"twitter:label2\" content=\"Tiempo de lectura\" \/>\n\t<meta name=\"twitter:data2\" content=\"3 minutos\" \/>\n<script type=\"application\/ld+json\" class=\"yoast-schema-graph\">{\"@context\":\"https:\/\/schema.org\",\"@graph\":[{\"@type\":\"Article\",\"@id\":\"https:\/\/lobosnews.com.ar\/index.php\/2026\/01\/16\/panama-inicia-2026-con-senales-mixtas-en-el-mercado-laboral\/#article\",\"isPartOf\":{\"@id\":\"https:\/\/lobosnews.com.ar\/index.php\/2026\/01\/16\/panama-inicia-2026-con-senales-mixtas-en-el-mercado-laboral\/\"},\"author\":{\"name\":\"admin\",\"@id\":\"https:\/\/lobosnews.com.ar\/#\/schema\/person\/232422a593d5c541dd9aef6aaed10943\"},\"headline\":\"Panam\u00e1 inicia 2026 con se\u00f1ales mixtas en el mercado laboral\",\"datePublished\":\"2026-01-16T13:51:40+00:00\",\"dateModified\":\"2026-01-16T16:32:53+00:00\",\"mainEntityOfPage\":{\"@id\":\"https:\/\/lobosnews.com.ar\/index.php\/2026\/01\/16\/panama-inicia-2026-con-senales-mixtas-en-el-mercado-laboral\/\"},\"wordCount\":690,\"commentCount\":0,\"publisher\":{\"@id\":\"https:\/\/lobosnews.com.ar\/#organization\"},\"image\":{\"@id\":\"https:\/\/lobosnews.com.ar\/index.php\/2026\/01\/16\/panama-inicia-2026-con-senales-mixtas-en-el-mercado-laboral\/#primaryimage\"},\"thumbnailUrl\":\"https:\/\/lobosnews.com.ar\/wp-content\/uploads\/2026\/01\/panama-inicia-2026-con-senales-mixtas-en-el-mercado-laboral-6.jpg\",\"articleSection\":[\"Actualidad\"],\"inLanguage\":\"es\",\"potentialAction\":[{\"@type\":\"CommentAction\",\"name\":\"Comment\",\"target\":[\"https:\/\/lobosnews.com.ar\/index.php\/2026\/01\/16\/panama-inicia-2026-con-senales-mixtas-en-el-mercado-laboral\/#respond\"]}]},{\"@type\":\"WebPage\",\"@id\":\"https:\/\/lobosnews.com.ar\/index.php\/2026\/01\/16\/panama-inicia-2026-con-senales-mixtas-en-el-mercado-laboral\/\",\"url\":\"https:\/\/lobosnews.com.ar\/index.php\/2026\/01\/16\/panama-inicia-2026-con-senales-mixtas-en-el-mercado-laboral\/\",\"name\":\"Panam\u00e1 inicia 2026 con se\u00f1ales mixtas en el mercado laboral - Lobos News\",\"isPartOf\":{\"@id\":\"https:\/\/lobosnews.com.ar\/#website\"},\"primaryImageOfPage\":{\"@id\":\"https:\/\/lobosnews.com.ar\/index.php\/2026\/01\/16\/panama-inicia-2026-con-senales-mixtas-en-el-mercado-laboral\/#primaryimage\"},\"image\":{\"@id\":\"https:\/\/lobosnews.com.ar\/index.php\/2026\/01\/16\/panama-inicia-2026-con-senales-mixtas-en-el-mercado-laboral\/#primaryimage\"},\"thumbnailUrl\":\"https:\/\/lobosnews.com.ar\/wp-content\/uploads\/2026\/01\/panama-inicia-2026-con-senales-mixtas-en-el-mercado-laboral-6.jpg\",\"datePublished\":\"2026-01-16T13:51:40+00:00\",\"dateModified\":\"2026-01-16T16:32:53+00:00\",\"breadcrumb\":{\"@id\":\"https:\/\/lobosnews.com.ar\/index.php\/2026\/01\/16\/panama-inicia-2026-con-senales-mixtas-en-el-mercado-laboral\/#breadcrumb\"},\"inLanguage\":\"es\",\"potentialAction\":[{\"@type\":\"ReadAction\",\"target\":[\"https:\/\/lobosnews.com.ar\/index.php\/2026\/01\/16\/panama-inicia-2026-con-senales-mixtas-en-el-mercado-laboral\/\"]}]},{\"@type\":\"ImageObject\",\"inLanguage\":\"es\",\"@id\":\"https:\/\/lobosnews.com.ar\/index.php\/2026\/01\/16\/panama-inicia-2026-con-senales-mixtas-en-el-mercado-laboral\/#primaryimage\",\"url\":\"https:\/\/lobosnews.com.ar\/wp-content\/uploads\/2026\/01\/panama-inicia-2026-con-senales-mixtas-en-el-mercado-laboral-6.jpg\",\"contentUrl\":\"https:\/\/lobosnews.com.ar\/wp-content\/uploads\/2026\/01\/panama-inicia-2026-con-senales-mixtas-en-el-mercado-laboral-6.jpg\",\"width\":1472,\"height\":832,\"caption\":\"Panam\u00e1 inicia 2026 con se\u00f1ales mixtas en el mercado laboral\"},{\"@type\":\"BreadcrumbList\",\"@id\":\"https:\/\/lobosnews.com.ar\/index.php\/2026\/01\/16\/panama-inicia-2026-con-senales-mixtas-en-el-mercado-laboral\/#breadcrumb\",\"itemListElement\":[{\"@type\":\"ListItem\",\"position\":1,\"name\":\"Portada\",\"item\":\"https:\/\/lobosnews.com.ar\/\"},{\"@type\":\"ListItem\",\"position\":2,\"name\":\"Panam\u00e1 inicia 2026 con se\u00f1ales mixtas en el mercado laboral\"}]},{\"@type\":\"WebSite\",\"@id\":\"https:\/\/lobosnews.com.ar\/#website\",\"url\":\"https:\/\/lobosnews.com.ar\/\",\"name\":\"Lobos News\",\"description\":\"Informaci\u00f3n a cada instante\",\"publisher\":{\"@id\":\"https:\/\/lobosnews.com.ar\/#organization\"},\"potentialAction\":[{\"@type\":\"SearchAction\",\"target\":{\"@type\":\"EntryPoint\",\"urlTemplate\":\"https:\/\/lobosnews.com.ar\/?s={search_term_string}\"},\"query-input\":{\"@type\":\"PropertyValueSpecification\",\"valueRequired\":true,\"valueName\":\"search_term_string\"}}],\"inLanguage\":\"es\"},{\"@type\":\"Organization\",\"@id\":\"https:\/\/lobosnews.com.ar\/#organization\",\"name\":\"Lobos News\",\"url\":\"https:\/\/lobosnews.com.ar\/\",\"logo\":{\"@type\":\"ImageObject\",\"inLanguage\":\"es\",\"@id\":\"https:\/\/lobosnews.com.ar\/#\/schema\/logo\/image\/\",\"url\":\"https:\/\/lobosnews.com.ar\/wp-content\/uploads\/2026\/01\/logo-lobosnews.png\",\"contentUrl\":\"https:\/\/lobosnews.com.ar\/wp-content\/uploads\/2026\/01\/logo-lobosnews.png\",\"width\":500,\"height\":200,\"caption\":\"Lobos News\"},\"image\":{\"@id\":\"https:\/\/lobosnews.com.ar\/#\/schema\/logo\/image\/\"}},{\"@type\":\"Person\",\"@id\":\"https:\/\/lobosnews.com.ar\/#\/schema\/person\/232422a593d5c541dd9aef6aaed10943\",\"name\":\"admin\",\"image\":{\"@type\":\"ImageObject\",\"inLanguage\":\"es\",\"@id\":\"https:\/\/lobosnews.com.ar\/#\/schema\/person\/image\/\",\"url\":\"https:\/\/secure.gravatar.com\/avatar\/76e419471a2083bc3ceab22a763dbbf9b0c1bd15a6214cf3280e2c2dde4580f9?s=96&d=mm&r=g\",\"contentUrl\":\"https:\/\/secure.gravatar.com\/avatar\/76e419471a2083bc3ceab22a763dbbf9b0c1bd15a6214cf3280e2c2dde4580f9?s=96&d=mm&r=g\",\"caption\":\"admin\"},\"sameAs\":[\"https:\/\/lobosnews.com.ar\"],\"url\":\"https:\/\/lobosnews.com.ar\/index.php\/author\/lobos-news\/\"}]}<\/script>\n<!-- \/ Yoast SEO plugin. -->","yoast_head_json":{"title":"Panam\u00e1 inicia 2026 con se\u00f1ales mixtas en el mercado laboral - Lobos News","robots":{"index":"index","follow":"follow","max-snippet":"max-snippet:-1","max-image-preview":"max-image-preview:large","max-video-preview":"max-video-preview:-1"},"canonical":"https:\/\/lobosnews.com.ar\/index.php\/2026\/01\/16\/panama-inicia-2026-con-senales-mixtas-en-el-mercado-laboral\/","og_locale":"es_ES","og_type":"article","og_title":"Panam\u00e1 inicia 2026 con se\u00f1ales mixtas en el mercado laboral - Lobos News","og_description":"Panam\u00e1 inicia 2026 con un mercado laboral marcado por dos tendencias simult\u00e1neas: un aumento en las aspiraciones salariales de los trabajadores y una tasa de desempleo que, seg\u00fan proyecciones oficiales, podr\u00eda ubicarse cerca de los dos d\u00edgitos, a la espera de las cifras definitivas de cierre de diciembre. El m\u00e1s reciente Reporte del Mercado Laboral...","og_url":"https:\/\/lobosnews.com.ar\/index.php\/2026\/01\/16\/panama-inicia-2026-con-senales-mixtas-en-el-mercado-laboral\/","og_site_name":"Lobos News","article_published_time":"2026-01-16T13:51:40+00:00","article_modified_time":"2026-01-16T16:32:53+00:00","og_image":[{"url":"https:\/\/lobosnews.com.ar\/wp-content\/uploads\/2026\/01\/panama-inicia-2026-con-senales-mixtas-en-el-mercado-laboral.jpg","type":"","width":"","height":""}],"author":"admin","twitter_card":"summary_large_image","twitter_misc":{"Escrito por":"admin","Tiempo de lectura":"3 minutos"},"schema":{"@context":"https:\/\/schema.org","@graph":[{"@type":"Article","@id":"https:\/\/lobosnews.com.ar\/index.php\/2026\/01\/16\/panama-inicia-2026-con-senales-mixtas-en-el-mercado-laboral\/#article","isPartOf":{"@id":"https:\/\/lobosnews.com.ar\/index.php\/2026\/01\/16\/panama-inicia-2026-con-senales-mixtas-en-el-mercado-laboral\/"},"author":{"name":"admin","@id":"https:\/\/lobosnews.com.ar\/#\/schema\/person\/232422a593d5c541dd9aef6aaed10943"},"headline":"Panam\u00e1 inicia 2026 con se\u00f1ales mixtas en el mercado laboral","datePublished":"2026-01-16T13:51:40+00:00","dateModified":"2026-01-16T16:32:53+00:00","mainEntityOfPage":{"@id":"https:\/\/lobosnews.com.ar\/index.php\/2026\/01\/16\/panama-inicia-2026-con-senales-mixtas-en-el-mercado-laboral\/"},"wordCount":690,"commentCount":0,"publisher":{"@id":"https:\/\/lobosnews.com.ar\/#organization"},"image":{"@id":"https:\/\/lobosnews.com.ar\/index.php\/2026\/01\/16\/panama-inicia-2026-con-senales-mixtas-en-el-mercado-laboral\/#primaryimage"},"thumbnailUrl":"https:\/\/lobosnews.com.ar\/wp-content\/uploads\/2026\/01\/panama-inicia-2026-con-senales-mixtas-en-el-mercado-laboral-6.jpg","articleSection":["Actualidad"],"inLanguage":"es","potentialAction":[{"@type":"CommentAction","name":"Comment","target":["https:\/\/lobosnews.com.ar\/index.php\/2026\/01\/16\/panama-inicia-2026-con-senales-mixtas-en-el-mercado-laboral\/#respond"]}]},{"@type":"WebPage","@id":"https:\/\/lobosnews.com.ar\/index.php\/2026\/01\/16\/panama-inicia-2026-con-senales-mixtas-en-el-mercado-laboral\/","url":"https:\/\/lobosnews.com.ar\/index.php\/2026\/01\/16\/panama-inicia-2026-con-senales-mixtas-en-el-mercado-laboral\/","name":"Panam\u00e1 inicia 2026 con se\u00f1ales mixtas en el mercado laboral - Lobos News","isPartOf":{"@id":"https:\/\/lobosnews.com.ar\/#website"},"primaryImageOfPage":{"@id":"https:\/\/lobosnews.com.ar\/index.php\/2026\/01\/16\/panama-inicia-2026-con-senales-mixtas-en-el-mercado-laboral\/#primaryimage"},"image":{"@id":"https:\/\/lobosnews.com.ar\/index.php\/2026\/01\/16\/panama-inicia-2026-con-senales-mixtas-en-el-mercado-laboral\/#primaryimage"},"thumbnailUrl":"https:\/\/lobosnews.com.ar\/wp-content\/uploads\/2026\/01\/panama-inicia-2026-con-senales-mixtas-en-el-mercado-laboral-6.jpg","datePublished":"2026-01-16T13:51:40+00:00","dateModified":"2026-01-16T16:32:53+00:00","breadcrumb":{"@id":"https:\/\/lobosnews.com.ar\/index.php\/2026\/01\/16\/panama-inicia-2026-con-senales-mixtas-en-el-mercado-laboral\/#breadcrumb"},"inLanguage":"es","potentialAction":[{"@type":"ReadAction","target":["https:\/\/lobosnews.com.ar\/index.php\/2026\/01\/16\/panama-inicia-2026-con-senales-mixtas-en-el-mercado-laboral\/"]}]},{"@type":"ImageObject","inLanguage":"es","@id":"https:\/\/lobosnews.com.ar\/index.php\/2026\/01\/16\/panama-inicia-2026-con-senales-mixtas-en-el-mercado-laboral\/#primaryimage","url":"https:\/\/lobosnews.com.ar\/wp-content\/uploads\/2026\/01\/panama-inicia-2026-con-senales-mixtas-en-el-mercado-laboral-6.jpg","contentUrl":"https:\/\/lobosnews.com.ar\/wp-content\/uploads\/2026\/01\/panama-inicia-2026-con-senales-mixtas-en-el-mercado-laboral-6.jpg","width":1472,"height":832,"caption":"Panam\u00e1 inicia 2026 con se\u00f1ales mixtas en el mercado laboral"},{"@type":"BreadcrumbList","@id":"https:\/\/lobosnews.com.ar\/index.php\/2026\/01\/16\/panama-inicia-2026-con-senales-mixtas-en-el-mercado-laboral\/#breadcrumb","itemListElement":[{"@type":"ListItem","position":1,"name":"Portada","item":"https:\/\/lobosnews.com.ar\/"},{"@type":"ListItem","position":2,"name":"Panam\u00e1 inicia 2026 con se\u00f1ales mixtas en el mercado laboral"}]},{"@type":"WebSite","@id":"https:\/\/lobosnews.com.ar\/#website","url":"https:\/\/lobosnews.com.ar\/","name":"Lobos News","description":"Informaci\u00f3n a cada instante","publisher":{"@id":"https:\/\/lobosnews.com.ar\/#organization"},"potentialAction":[{"@type":"SearchAction","target":{"@type":"EntryPoint","urlTemplate":"https:\/\/lobosnews.com.ar\/?s={search_term_string}"},"query-input":{"@type":"PropertyValueSpecification","valueRequired":true,"valueName":"search_term_string"}}],"inLanguage":"es"},{"@type":"Organization","@id":"https:\/\/lobosnews.com.ar\/#organization","name":"Lobos News","url":"https:\/\/lobosnews.com.ar\/","logo":{"@type":"ImageObject","inLanguage":"es","@id":"https:\/\/lobosnews.com.ar\/#\/schema\/logo\/image\/","url":"https:\/\/lobosnews.com.ar\/wp-content\/uploads\/2026\/01\/logo-lobosnews.png","contentUrl":"https:\/\/lobosnews.com.ar\/wp-content\/uploads\/2026\/01\/logo-lobosnews.png","width":500,"height":200,"caption":"Lobos News"},"image":{"@id":"https:\/\/lobosnews.com.ar\/#\/schema\/logo\/image\/"}},{"@type":"Person","@id":"https:\/\/lobosnews.com.ar\/#\/schema\/person\/232422a593d5c541dd9aef6aaed10943","name":"admin","image":{"@type":"ImageObject","inLanguage":"es","@id":"https:\/\/lobosnews.com.ar\/#\/schema\/person\/image\/","url":"https:\/\/secure.gravatar.com\/avatar\/76e419471a2083bc3ceab22a763dbbf9b0c1bd15a6214cf3280e2c2dde4580f9?s=96&d=mm&r=g","contentUrl":"https:\/\/secure.gravatar.com\/avatar\/76e419471a2083bc3ceab22a763dbbf9b0c1bd15a6214cf3280e2c2dde4580f9?s=96&d=mm&r=g","caption":"admin"},"sameAs":["https:\/\/lobosnews.com.ar"],"url":"https:\/\/lobosnews.com.ar\/index.php\/author\/lobos-news\/"}]}},"jetpack_featured_media_url":"https:\/\/lobosnews.com.ar\/wp-content\/uploads\/2026\/01\/panama-inicia-2026-con-senales-mixtas-en-el-mercado-laboral-6.jpg","jetpack_sharing_enabled":true,"_links":{"self":[{"href":"https:\/\/lobosnews.com.ar\/index.php\/wp-json\/wp\/v2\/posts\/7350","targetHints":{"allow":["GET"]}}],"collection":[{"href":"https:\/\/lobosnews.com.ar\/index.php\/wp-json\/wp\/v2\/posts"}],"about":[{"href":"https:\/\/lobosnews.com.ar\/index.php\/wp-json\/wp\/v2\/types\/post"}],"author":[{"embeddable":true,"href":"https:\/\/lobosnews.com.ar\/index.php\/wp-json\/wp\/v2\/users\/1"}],"replies":[{"embeddable":true,"href":"https:\/\/lobosnews.com.ar\/index.php\/wp-json\/wp\/v2\/comments?post=7350"}],"version-history":[{"count":1,"href":"https:\/\/lobosnews.com.ar\/index.php\/wp-json\/wp\/v2\/posts\/7350\/revisions"}],"predecessor-version":[{"id":7355,"href":"https:\/\/lobosnews.com.ar\/index.php\/wp-json\/wp\/v2\/posts\/7350\/revisions\/7355"}],"wp:featuredmedia":[{"embeddable":true,"href":"https:\/\/lobosnews.com.ar\/index.php\/wp-json\/wp\/v2\/media\/7356"}],"wp:attachment":[{"href":"https:\/\/lobosnews.com.ar\/index.php\/wp-json\/wp\/v2\/media?parent=7350"}],"wp:term":[{"taxonomy":"category","embeddable":true,"href":"https:\/\/lobosnews.com.ar\/index.php\/wp-json\/wp\/v2\/categories?post=7350"},{"taxonomy":"post_tag","embeddable":true,"href":"https:\/\/lobosnews.com.ar\/index.php\/wp-json\/wp\/v2\/tags?post=7350"}],"curies":[{"name":"wp","href":"https:\/\/api.w.org\/{rel}","templated":true}]}}