{"id":7303,"date":"2026-01-16T13:50:14","date_gmt":"2026-01-16T13:50:14","guid":{"rendered":"https:\/\/lobosnews.com.ar\/index.php\/2026\/01\/16\/tres-detenidos-por-el-asesinato-del-frances-viarnes-en-florencio-varela-la-maniobra-sospechosa-que-los-delato\/"},"modified":"2026-01-16T14:08:52","modified_gmt":"2026-01-16T14:08:52","slug":"tres-detenidos-por-el-asesinato-del-frances-viarnes-en-florencio-varela-la-maniobra-sospechosa-que-los-delato","status":"publish","type":"post","link":"https:\/\/lobosnews.com.ar\/index.php\/2026\/01\/16\/tres-detenidos-por-el-asesinato-del-frances-viarnes-en-florencio-varela-la-maniobra-sospechosa-que-los-delato\/","title":{"rendered":"Tres detenidos por el asesinato del \u201cFranc\u00e9s\u201d Viarnes en Florencio Varela: la maniobra sospechosa que los delat\u00f3"},"content":{"rendered":"<p><img fetchpriority=\"high\" decoding=\"async\" src=\"https:\/\/lobosnews.com.ar\/wp-content\/uploads\/2026\/01\/tres-detenidos-por-el-asesinato-del-frances-viarnes-en-florencio-varela-la-maniobra-sospechosa-que-los-delato.jpg\" alt=\"\" height=\"960\" width=\"1280\"\/><\/p>\n<p>La causa por el crimen de <span class=\"waslinkname\"><b>Jean Viarnes<\/b><\/span><b> <\/b>tuvo un giro en las \u00faltimas horas, cuando la Polic\u00eda Bonaerense detuvo a tres sospechosos por la muerte del delincuente franc\u00e9s hallado con m\u00faltiples disparos en <b>Florencio Varela. <\/b>Los arrestos se dieron a partir de un dato clave recolectado por el fiscal <b>Dar\u00edo Provicionato:<\/b> <b>una mudanza sospechosa<\/b> en el domicilio de la v\u00edctima.<\/p>\n<p>Seg\u00fan supo <b>Infobae<\/b>, las primeras pistas para dar con los detenidos surgieron del entorno de <b>Viarnes, <\/b>quien<b> <\/b>resid\u00eda en un departamento alquilado, donde conviv\u00eda con una mujer joven. Fueron sus vecinos quienes, ante la fiscal\u00eda, relataron que horas antes del crimen observaron una mudanza interna en la vivienda. <\/p>\n<p>Con esta informaci\u00f3n, los peritos analizaron las im\u00e1genes de c\u00e1maras municipales y de los registros de antenas de telefon\u00eda celular, identificando as\u00ed las maniobras coordinadas entre al menos dos autom\u00f3viles. Uno pertenec\u00eda a la v\u00edctima y otro, seg\u00fan la investigaci\u00f3n, estaba vinculado a uno de los principales sospechosos.<\/p>\n<p>Con estas pruebas, la fiscal\u00eda orden\u00f3 una serie de allanamientos de urgencia: en la iglesia evang\u00e9lica <b>Impacto<\/b>, en una vivienda lindante donde resid\u00eda uno de los implicados y en una quinta del barrio <b>La Capilla<\/b>.<\/p>\n<p>Un testimonio considerado central para la causa permiti\u00f3 avanzar en la identificaci\u00f3n de los responsables. Seg\u00fan consta en el expediente judicial, una mujer bajo investigaci\u00f3n declar\u00f3 que ten\u00eda conocimiento directo de la autor\u00eda, se\u00f1alando a dos hermanos \u2014uno de ellos pastor de una iglesia evang\u00e9lica\u2014 y a una joven como part\u00edcipes. \u201cLa mudanza de los bienes de la v\u00edctima se realiz\u00f3 despu\u00e9s del crimen\u201d, declar\u00f3 la testigo, y agreg\u00f3 que el arma homicida estar\u00eda en poder de uno de los sindicados. Adem\u00e1s, ratific\u00f3 el m\u00f3vil del ajuste de cuentas.<\/p>\n<p>Ante la solidez de este testimonio y el resto de las pruebas, la fiscal\u00eda orden\u00f3 allanamientos en tres puntos: la iglesia se\u00f1alada, una vivienda lindante donde resid\u00eda una de las personas implicadas y una quinta en el barrio La Capilla, donde se sospechaba que uno de los acusados estar\u00eda oculto.<\/p>\n<p>La investigaci\u00f3n identific\u00f3 una divisi\u00f3n de tareas entre los sospechosos, uso de inmuebles y veh\u00edculos para la log\u00edstica y presunto encubrimiento posterior al hecho. Entre los detenidos se encuentran <b>M. H. G.<\/b>, conocido como \u201cel pastor\u201d y vinculado a la iglesia evang\u00e9lica <b>Impacto<\/b>; <b>D. A. M.<\/b>, inquilino del departamento donde viv\u00eda la v\u00edctima; y <b>M. R. M.<\/b>, hermana de D. A. M. El hermano de <b>M. H. G.<\/b> permanece pr\u00f3fugo y la fiscal\u00eda investiga si logr\u00f3 abandonar el pa\u00eds.<\/p>\n","protected":false},"excerpt":{"rendered":"<p>La causa por el crimen de Jean Viarnes tuvo un giro en las \u00faltimas horas, cuando la Polic\u00eda Bonaerense detuvo a tres sospechosos por la muerte del delincuente franc\u00e9s hallado con m\u00faltiples disparos en Florencio Varela. Los arrestos se dieron a partir de un dato clave recolectado por el fiscal Dar\u00edo Provicionato: una mudanza sospechosa&#8230;<\/p>\n","protected":false},"author":1,"featured_media":7306,"comment_status":"open","ping_status":"closed","sticky":false,"template":"","format":"standard","meta":{"_jetpack_memberships_contains_paid_content":false,"footnotes":""},"categories":[31,30,32,77,84,35,36,37],"tags":[],"class_list":["post-7303","post","type-post","status-publish","format-standard","has-post-thumbnail","hentry","category-actualidad","category-argentina","category-economia","category-inseguridad","category-masradios-com","category-nacionales","category-seguridad","category-sociedad"],"magazineBlocksPostFeaturedMedia":{"thumbnail":"https:\/\/lobosnews.com.ar\/wp-content\/uploads\/2026\/01\/tres-detenidos-por-el-asesinato-del-frances-viarnes-en-florencio-varela-la-maniobra-sospechosa-que-los-delato-150x150.jpg","medium":"https:\/\/lobosnews.com.ar\/wp-content\/uploads\/2026\/01\/tres-detenidos-por-el-asesinato-del-frances-viarnes-en-florencio-varela-la-maniobra-sospechosa-que-los-delato-300x225.jpg","medium_large":"https:\/\/lobosnews.com.ar\/wp-content\/uploads\/2026\/01\/tres-detenidos-por-el-asesinato-del-frances-viarnes-en-florencio-varela-la-maniobra-sospechosa-que-los-delato-768x576.jpg","large":"https:\/\/lobosnews.com.ar\/wp-content\/uploads\/2026\/01\/tres-detenidos-por-el-asesinato-del-frances-viarnes-en-florencio-varela-la-maniobra-sospechosa-que-los-delato-1024x768.jpg","1536x1536":"https:\/\/lobosnews.com.ar\/wp-content\/uploads\/2026\/01\/tres-detenidos-por-el-asesinato-del-frances-viarnes-en-florencio-varela-la-maniobra-sospechosa-que-los-delato.jpg","2048x2048":"https:\/\/lobosnews.com.ar\/wp-content\/uploads\/2026\/01\/tres-detenidos-por-el-asesinato-del-frances-viarnes-en-florencio-varela-la-maniobra-sospechosa-que-los-delato.jpg","newsmatic-featured":"https:\/\/lobosnews.com.ar\/wp-content\/uploads\/2026\/01\/tres-detenidos-por-el-asesinato-del-frances-viarnes-en-florencio-varela-la-maniobra-sospechosa-que-los-delato-820x545.jpg","newsmatic-list":"https:\/\/lobosnews.com.ar\/wp-content\/uploads\/2026\/01\/tres-detenidos-por-el-asesinato-del-frances-viarnes-en-florencio-varela-la-maniobra-sospechosa-que-los-delato-600x400.jpg","newsmatic-thumb":"https:\/\/lobosnews.com.ar\/wp-content\/uploads\/2026\/01\/tres-detenidos-por-el-asesinato-del-frances-viarnes-en-florencio-varela-la-maniobra-sospechosa-que-los-delato-300x200.jpg","newsmatic-small":"https:\/\/lobosnews.com.ar\/wp-content\/uploads\/2026\/01\/tres-detenidos-por-el-asesinato-del-frances-viarnes-en-florencio-varela-la-maniobra-sospechosa-que-los-delato-150x95.jpg","newsmatic-grid":"https:\/\/lobosnews.com.ar\/wp-content\/uploads\/2026\/01\/tres-detenidos-por-el-asesinato-del-frances-viarnes-en-florencio-varela-la-maniobra-sospechosa-que-los-delato-400x250.jpg"},"magazineBlocksPostAuthor":{"name":"admin","avatar":"https:\/\/secure.gravatar.com\/avatar\/76e419471a2083bc3ceab22a763dbbf9b0c1bd15a6214cf3280e2c2dde4580f9?s=96&d=mm&r=g"},"magazineBlocksPostCommentsNumber":"0","magazineBlocksPostExcerpt":"La causa por el crimen de Jean Viarnes tuvo un giro en las \u00faltimas horas, cuando la Polic\u00eda Bonaerense detuvo a tres sospechosos por la muerte del delincuente franc\u00e9s hallado con m\u00faltiples disparos en Florencio Varela. Los arrestos se dieron a partir de un dato clave recolectado por el fiscal Dar\u00edo Provicionato: una mudanza sospechosa...","magazineBlocksPostCategories":["Actualidad","Argentina","econom\u00eda","inseguridad","masradios.com","nacionales","seguridad","sociedad"],"magazineBlocksPostViewCount":131,"magazineBlocksPostReadTime":3,"magazine_blocks_featured_image_url":{"full":["https:\/\/lobosnews.com.ar\/wp-content\/uploads\/2026\/01\/tres-detenidos-por-el-asesinato-del-frances-viarnes-en-florencio-varela-la-maniobra-sospechosa-que-los-delato.jpg",1280,960,false],"medium":["https:\/\/lobosnews.com.ar\/wp-content\/uploads\/2026\/01\/tres-detenidos-por-el-asesinato-del-frances-viarnes-en-florencio-varela-la-maniobra-sospechosa-que-los-delato-300x225.jpg",300,225,true],"thumbnail":["https:\/\/lobosnews.com.ar\/wp-content\/uploads\/2026\/01\/tres-detenidos-por-el-asesinato-del-frances-viarnes-en-florencio-varela-la-maniobra-sospechosa-que-los-delato-150x150.jpg",150,150,true]},"magazine_blocks_author":{"display_name":"admin","author_link":"https:\/\/lobosnews.com.ar\/index.php\/author\/lobos-news\/"},"magazine_blocks_comment":0,"magazine_blocks_author_image":"https:\/\/secure.gravatar.com\/avatar\/76e419471a2083bc3ceab22a763dbbf9b0c1bd15a6214cf3280e2c2dde4580f9?s=96&d=mm&r=g","magazine_blocks_category":"<a href=\"#\" class=\"category-link category-link-31\">Actualidad<\/a> <a href=\"#\" class=\"category-link category-link-30\">Argentina<\/a> <a href=\"#\" class=\"category-link category-link-32\">econom\u00eda<\/a> <a href=\"#\" class=\"category-link category-link-77\">inseguridad<\/a> <a href=\"#\" class=\"category-link category-link-84\">masradios.com<\/a> <a href=\"#\" class=\"category-link category-link-35\">nacionales<\/a> <a href=\"#\" class=\"category-link category-link-36\">seguridad<\/a> <a href=\"#\" class=\"category-link category-link-37\">sociedad<\/a>","yoast_head":"<!-- This site is optimized with the Yoast SEO plugin v26.6 - https:\/\/yoast.com\/wordpress\/plugins\/seo\/ -->\n<title>Tres detenidos por el asesinato del \u201cFranc\u00e9s\u201d Viarnes en Florencio Varela: la maniobra sospechosa que los delat\u00f3 - Lobos News<\/title>\n<meta name=\"robots\" content=\"index, follow, max-snippet:-1, max-image-preview:large, max-video-preview:-1\" \/>\n<link rel=\"canonical\" href=\"https:\/\/lobosnews.com.ar\/index.php\/2026\/01\/16\/tres-detenidos-por-el-asesinato-del-frances-viarnes-en-florencio-varela-la-maniobra-sospechosa-que-los-delato\/\" \/>\n<meta property=\"og:locale\" content=\"es_ES\" \/>\n<meta property=\"og:type\" content=\"article\" \/>\n<meta property=\"og:title\" content=\"Tres detenidos por el asesinato del \u201cFranc\u00e9s\u201d Viarnes en Florencio Varela: la maniobra sospechosa que los delat\u00f3 - Lobos News\" \/>\n<meta property=\"og:description\" content=\"La causa por el crimen de Jean Viarnes tuvo un giro en las \u00faltimas horas, cuando la Polic\u00eda Bonaerense detuvo a tres sospechosos por la muerte del delincuente franc\u00e9s hallado con m\u00faltiples disparos en Florencio Varela. Los arrestos se dieron a partir de un dato clave recolectado por el fiscal Dar\u00edo Provicionato: una mudanza sospechosa...\" \/>\n<meta property=\"og:url\" content=\"https:\/\/lobosnews.com.ar\/index.php\/2026\/01\/16\/tres-detenidos-por-el-asesinato-del-frances-viarnes-en-florencio-varela-la-maniobra-sospechosa-que-los-delato\/\" \/>\n<meta property=\"og:site_name\" content=\"Lobos News\" \/>\n<meta property=\"article:published_time\" content=\"2026-01-16T13:50:14+00:00\" \/>\n<meta property=\"article:modified_time\" content=\"2026-01-16T14:08:52+00:00\" \/>\n<meta property=\"og:image\" content=\"https:\/\/lobosnews.com.ar\/wp-content\/uploads\/2026\/01\/tres-detenidos-por-el-asesinato-del-frances-viarnes-en-florencio-varela-la-maniobra-sospechosa-que-los-delato.jpg\" \/>\n<meta name=\"author\" content=\"admin\" \/>\n<meta name=\"twitter:card\" content=\"summary_large_image\" \/>\n<meta name=\"twitter:label1\" content=\"Escrito por\" \/>\n\t<meta name=\"twitter:data1\" content=\"admin\" \/>\n\t<meta name=\"twitter:label2\" content=\"Tiempo de lectura\" \/>\n\t<meta name=\"twitter:data2\" content=\"2 minutos\" \/>\n<script type=\"application\/ld+json\" class=\"yoast-schema-graph\">{\"@context\":\"https:\/\/schema.org\",\"@graph\":[{\"@type\":\"Article\",\"@id\":\"https:\/\/lobosnews.com.ar\/index.php\/2026\/01\/16\/tres-detenidos-por-el-asesinato-del-frances-viarnes-en-florencio-varela-la-maniobra-sospechosa-que-los-delato\/#article\",\"isPartOf\":{\"@id\":\"https:\/\/lobosnews.com.ar\/index.php\/2026\/01\/16\/tres-detenidos-por-el-asesinato-del-frances-viarnes-en-florencio-varela-la-maniobra-sospechosa-que-los-delato\/\"},\"author\":{\"name\":\"admin\",\"@id\":\"https:\/\/lobosnews.com.ar\/#\/schema\/person\/232422a593d5c541dd9aef6aaed10943\"},\"headline\":\"Tres detenidos por el asesinato del \u201cFranc\u00e9s\u201d Viarnes en Florencio Varela: la maniobra sospechosa que los delat\u00f3\",\"datePublished\":\"2026-01-16T13:50:14+00:00\",\"dateModified\":\"2026-01-16T14:08:52+00:00\",\"mainEntityOfPage\":{\"@id\":\"https:\/\/lobosnews.com.ar\/index.php\/2026\/01\/16\/tres-detenidos-por-el-asesinato-del-frances-viarnes-en-florencio-varela-la-maniobra-sospechosa-que-los-delato\/\"},\"wordCount\":476,\"commentCount\":0,\"publisher\":{\"@id\":\"https:\/\/lobosnews.com.ar\/#organization\"},\"image\":{\"@id\":\"https:\/\/lobosnews.com.ar\/index.php\/2026\/01\/16\/tres-detenidos-por-el-asesinato-del-frances-viarnes-en-florencio-varela-la-maniobra-sospechosa-que-los-delato\/#primaryimage\"},\"thumbnailUrl\":\"https:\/\/lobosnews.com.ar\/wp-content\/uploads\/2026\/01\/tres-detenidos-por-el-asesinato-del-frances-viarnes-en-florencio-varela-la-maniobra-sospechosa-que-los-delato.jpg\",\"articleSection\":[\"Actualidad\",\"Argentina\",\"econom\u00eda\",\"inseguridad\",\"masradios.com\",\"nacionales\",\"seguridad\",\"sociedad\"],\"inLanguage\":\"es\",\"potentialAction\":[{\"@type\":\"CommentAction\",\"name\":\"Comment\",\"target\":[\"https:\/\/lobosnews.com.ar\/index.php\/2026\/01\/16\/tres-detenidos-por-el-asesinato-del-frances-viarnes-en-florencio-varela-la-maniobra-sospechosa-que-los-delato\/#respond\"]}]},{\"@type\":\"WebPage\",\"@id\":\"https:\/\/lobosnews.com.ar\/index.php\/2026\/01\/16\/tres-detenidos-por-el-asesinato-del-frances-viarnes-en-florencio-varela-la-maniobra-sospechosa-que-los-delato\/\",\"url\":\"https:\/\/lobosnews.com.ar\/index.php\/2026\/01\/16\/tres-detenidos-por-el-asesinato-del-frances-viarnes-en-florencio-varela-la-maniobra-sospechosa-que-los-delato\/\",\"name\":\"Tres detenidos por el asesinato del \u201cFranc\u00e9s\u201d Viarnes en Florencio Varela: la maniobra sospechosa que los delat\u00f3 - Lobos News\",\"isPartOf\":{\"@id\":\"https:\/\/lobosnews.com.ar\/#website\"},\"primaryImageOfPage\":{\"@id\":\"https:\/\/lobosnews.com.ar\/index.php\/2026\/01\/16\/tres-detenidos-por-el-asesinato-del-frances-viarnes-en-florencio-varela-la-maniobra-sospechosa-que-los-delato\/#primaryimage\"},\"image\":{\"@id\":\"https:\/\/lobosnews.com.ar\/index.php\/2026\/01\/16\/tres-detenidos-por-el-asesinato-del-frances-viarnes-en-florencio-varela-la-maniobra-sospechosa-que-los-delato\/#primaryimage\"},\"thumbnailUrl\":\"https:\/\/lobosnews.com.ar\/wp-content\/uploads\/2026\/01\/tres-detenidos-por-el-asesinato-del-frances-viarnes-en-florencio-varela-la-maniobra-sospechosa-que-los-delato.jpg\",\"datePublished\":\"2026-01-16T13:50:14+00:00\",\"dateModified\":\"2026-01-16T14:08:52+00:00\",\"breadcrumb\":{\"@id\":\"https:\/\/lobosnews.com.ar\/index.php\/2026\/01\/16\/tres-detenidos-por-el-asesinato-del-frances-viarnes-en-florencio-varela-la-maniobra-sospechosa-que-los-delato\/#breadcrumb\"},\"inLanguage\":\"es\",\"potentialAction\":[{\"@type\":\"ReadAction\",\"target\":[\"https:\/\/lobosnews.com.ar\/index.php\/2026\/01\/16\/tres-detenidos-por-el-asesinato-del-frances-viarnes-en-florencio-varela-la-maniobra-sospechosa-que-los-delato\/\"]}]},{\"@type\":\"ImageObject\",\"inLanguage\":\"es\",\"@id\":\"https:\/\/lobosnews.com.ar\/index.php\/2026\/01\/16\/tres-detenidos-por-el-asesinato-del-frances-viarnes-en-florencio-varela-la-maniobra-sospechosa-que-los-delato\/#primaryimage\",\"url\":\"https:\/\/lobosnews.com.ar\/wp-content\/uploads\/2026\/01\/tres-detenidos-por-el-asesinato-del-frances-viarnes-en-florencio-varela-la-maniobra-sospechosa-que-los-delato.jpg\",\"contentUrl\":\"https:\/\/lobosnews.com.ar\/wp-content\/uploads\/2026\/01\/tres-detenidos-por-el-asesinato-del-frances-viarnes-en-florencio-varela-la-maniobra-sospechosa-que-los-delato.jpg\",\"width\":1280,\"height\":960,\"caption\":\"Tres detenidos por el asesinato del \u201cFranc\u00e9s\u201d Viarnes en Florencio Varela: la maniobra sospechosa que los delat\u00f3\"},{\"@type\":\"BreadcrumbList\",\"@id\":\"https:\/\/lobosnews.com.ar\/index.php\/2026\/01\/16\/tres-detenidos-por-el-asesinato-del-frances-viarnes-en-florencio-varela-la-maniobra-sospechosa-que-los-delato\/#breadcrumb\",\"itemListElement\":[{\"@type\":\"ListItem\",\"position\":1,\"name\":\"Portada\",\"item\":\"https:\/\/lobosnews.com.ar\/\"},{\"@type\":\"ListItem\",\"position\":2,\"name\":\"Tres detenidos por el asesinato del \u201cFranc\u00e9s\u201d Viarnes en Florencio Varela: la maniobra sospechosa que los delat\u00f3\"}]},{\"@type\":\"WebSite\",\"@id\":\"https:\/\/lobosnews.com.ar\/#website\",\"url\":\"https:\/\/lobosnews.com.ar\/\",\"name\":\"Lobos News\",\"description\":\"Informaci\u00f3n a cada instante\",\"publisher\":{\"@id\":\"https:\/\/lobosnews.com.ar\/#organization\"},\"potentialAction\":[{\"@type\":\"SearchAction\",\"target\":{\"@type\":\"EntryPoint\",\"urlTemplate\":\"https:\/\/lobosnews.com.ar\/?s={search_term_string}\"},\"query-input\":{\"@type\":\"PropertyValueSpecification\",\"valueRequired\":true,\"valueName\":\"search_term_string\"}}],\"inLanguage\":\"es\"},{\"@type\":\"Organization\",\"@id\":\"https:\/\/lobosnews.com.ar\/#organization\",\"name\":\"Lobos News\",\"url\":\"https:\/\/lobosnews.com.ar\/\",\"logo\":{\"@type\":\"ImageObject\",\"inLanguage\":\"es\",\"@id\":\"https:\/\/lobosnews.com.ar\/#\/schema\/logo\/image\/\",\"url\":\"https:\/\/lobosnews.com.ar\/wp-content\/uploads\/2026\/01\/logo-lobosnews.png\",\"contentUrl\":\"https:\/\/lobosnews.com.ar\/wp-content\/uploads\/2026\/01\/logo-lobosnews.png\",\"width\":500,\"height\":200,\"caption\":\"Lobos News\"},\"image\":{\"@id\":\"https:\/\/lobosnews.com.ar\/#\/schema\/logo\/image\/\"}},{\"@type\":\"Person\",\"@id\":\"https:\/\/lobosnews.com.ar\/#\/schema\/person\/232422a593d5c541dd9aef6aaed10943\",\"name\":\"admin\",\"image\":{\"@type\":\"ImageObject\",\"inLanguage\":\"es\",\"@id\":\"https:\/\/lobosnews.com.ar\/#\/schema\/person\/image\/\",\"url\":\"https:\/\/secure.gravatar.com\/avatar\/76e419471a2083bc3ceab22a763dbbf9b0c1bd15a6214cf3280e2c2dde4580f9?s=96&d=mm&r=g\",\"contentUrl\":\"https:\/\/secure.gravatar.com\/avatar\/76e419471a2083bc3ceab22a763dbbf9b0c1bd15a6214cf3280e2c2dde4580f9?s=96&d=mm&r=g\",\"caption\":\"admin\"},\"sameAs\":[\"https:\/\/lobosnews.com.ar\"],\"url\":\"https:\/\/lobosnews.com.ar\/index.php\/author\/lobos-news\/\"}]}<\/script>\n<!-- \/ Yoast SEO plugin. -->","yoast_head_json":{"title":"Tres detenidos por el asesinato del \u201cFranc\u00e9s\u201d Viarnes en Florencio Varela: la maniobra sospechosa que los delat\u00f3 - Lobos News","robots":{"index":"index","follow":"follow","max-snippet":"max-snippet:-1","max-image-preview":"max-image-preview:large","max-video-preview":"max-video-preview:-1"},"canonical":"https:\/\/lobosnews.com.ar\/index.php\/2026\/01\/16\/tres-detenidos-por-el-asesinato-del-frances-viarnes-en-florencio-varela-la-maniobra-sospechosa-que-los-delato\/","og_locale":"es_ES","og_type":"article","og_title":"Tres detenidos por el asesinato del \u201cFranc\u00e9s\u201d Viarnes en Florencio Varela: la maniobra sospechosa que los delat\u00f3 - Lobos News","og_description":"La causa por el crimen de Jean Viarnes tuvo un giro en las \u00faltimas horas, cuando la Polic\u00eda Bonaerense detuvo a tres sospechosos por la muerte del delincuente franc\u00e9s hallado con m\u00faltiples disparos en Florencio Varela. Los arrestos se dieron a partir de un dato clave recolectado por el fiscal Dar\u00edo Provicionato: una mudanza sospechosa...","og_url":"https:\/\/lobosnews.com.ar\/index.php\/2026\/01\/16\/tres-detenidos-por-el-asesinato-del-frances-viarnes-en-florencio-varela-la-maniobra-sospechosa-que-los-delato\/","og_site_name":"Lobos News","article_published_time":"2026-01-16T13:50:14+00:00","article_modified_time":"2026-01-16T14:08:52+00:00","og_image":[{"url":"https:\/\/lobosnews.com.ar\/wp-content\/uploads\/2026\/01\/tres-detenidos-por-el-asesinato-del-frances-viarnes-en-florencio-varela-la-maniobra-sospechosa-que-los-delato.jpg","type":"","width":"","height":""}],"author":"admin","twitter_card":"summary_large_image","twitter_misc":{"Escrito por":"admin","Tiempo de lectura":"2 minutos"},"schema":{"@context":"https:\/\/schema.org","@graph":[{"@type":"Article","@id":"https:\/\/lobosnews.com.ar\/index.php\/2026\/01\/16\/tres-detenidos-por-el-asesinato-del-frances-viarnes-en-florencio-varela-la-maniobra-sospechosa-que-los-delato\/#article","isPartOf":{"@id":"https:\/\/lobosnews.com.ar\/index.php\/2026\/01\/16\/tres-detenidos-por-el-asesinato-del-frances-viarnes-en-florencio-varela-la-maniobra-sospechosa-que-los-delato\/"},"author":{"name":"admin","@id":"https:\/\/lobosnews.com.ar\/#\/schema\/person\/232422a593d5c541dd9aef6aaed10943"},"headline":"Tres detenidos por el asesinato del \u201cFranc\u00e9s\u201d Viarnes en Florencio Varela: la maniobra sospechosa que los delat\u00f3","datePublished":"2026-01-16T13:50:14+00:00","dateModified":"2026-01-16T14:08:52+00:00","mainEntityOfPage":{"@id":"https:\/\/lobosnews.com.ar\/index.php\/2026\/01\/16\/tres-detenidos-por-el-asesinato-del-frances-viarnes-en-florencio-varela-la-maniobra-sospechosa-que-los-delato\/"},"wordCount":476,"commentCount":0,"publisher":{"@id":"https:\/\/lobosnews.com.ar\/#organization"},"image":{"@id":"https:\/\/lobosnews.com.ar\/index.php\/2026\/01\/16\/tres-detenidos-por-el-asesinato-del-frances-viarnes-en-florencio-varela-la-maniobra-sospechosa-que-los-delato\/#primaryimage"},"thumbnailUrl":"https:\/\/lobosnews.com.ar\/wp-content\/uploads\/2026\/01\/tres-detenidos-por-el-asesinato-del-frances-viarnes-en-florencio-varela-la-maniobra-sospechosa-que-los-delato.jpg","articleSection":["Actualidad","Argentina","econom\u00eda","inseguridad","masradios.com","nacionales","seguridad","sociedad"],"inLanguage":"es","potentialAction":[{"@type":"CommentAction","name":"Comment","target":["https:\/\/lobosnews.com.ar\/index.php\/2026\/01\/16\/tres-detenidos-por-el-asesinato-del-frances-viarnes-en-florencio-varela-la-maniobra-sospechosa-que-los-delato\/#respond"]}]},{"@type":"WebPage","@id":"https:\/\/lobosnews.com.ar\/index.php\/2026\/01\/16\/tres-detenidos-por-el-asesinato-del-frances-viarnes-en-florencio-varela-la-maniobra-sospechosa-que-los-delato\/","url":"https:\/\/lobosnews.com.ar\/index.php\/2026\/01\/16\/tres-detenidos-por-el-asesinato-del-frances-viarnes-en-florencio-varela-la-maniobra-sospechosa-que-los-delato\/","name":"Tres detenidos por el asesinato del \u201cFranc\u00e9s\u201d Viarnes en Florencio Varela: la maniobra sospechosa que los delat\u00f3 - Lobos News","isPartOf":{"@id":"https:\/\/lobosnews.com.ar\/#website"},"primaryImageOfPage":{"@id":"https:\/\/lobosnews.com.ar\/index.php\/2026\/01\/16\/tres-detenidos-por-el-asesinato-del-frances-viarnes-en-florencio-varela-la-maniobra-sospechosa-que-los-delato\/#primaryimage"},"image":{"@id":"https:\/\/lobosnews.com.ar\/index.php\/2026\/01\/16\/tres-detenidos-por-el-asesinato-del-frances-viarnes-en-florencio-varela-la-maniobra-sospechosa-que-los-delato\/#primaryimage"},"thumbnailUrl":"https:\/\/lobosnews.com.ar\/wp-content\/uploads\/2026\/01\/tres-detenidos-por-el-asesinato-del-frances-viarnes-en-florencio-varela-la-maniobra-sospechosa-que-los-delato.jpg","datePublished":"2026-01-16T13:50:14+00:00","dateModified":"2026-01-16T14:08:52+00:00","breadcrumb":{"@id":"https:\/\/lobosnews.com.ar\/index.php\/2026\/01\/16\/tres-detenidos-por-el-asesinato-del-frances-viarnes-en-florencio-varela-la-maniobra-sospechosa-que-los-delato\/#breadcrumb"},"inLanguage":"es","potentialAction":[{"@type":"ReadAction","target":["https:\/\/lobosnews.com.ar\/index.php\/2026\/01\/16\/tres-detenidos-por-el-asesinato-del-frances-viarnes-en-florencio-varela-la-maniobra-sospechosa-que-los-delato\/"]}]},{"@type":"ImageObject","inLanguage":"es","@id":"https:\/\/lobosnews.com.ar\/index.php\/2026\/01\/16\/tres-detenidos-por-el-asesinato-del-frances-viarnes-en-florencio-varela-la-maniobra-sospechosa-que-los-delato\/#primaryimage","url":"https:\/\/lobosnews.com.ar\/wp-content\/uploads\/2026\/01\/tres-detenidos-por-el-asesinato-del-frances-viarnes-en-florencio-varela-la-maniobra-sospechosa-que-los-delato.jpg","contentUrl":"https:\/\/lobosnews.com.ar\/wp-content\/uploads\/2026\/01\/tres-detenidos-por-el-asesinato-del-frances-viarnes-en-florencio-varela-la-maniobra-sospechosa-que-los-delato.jpg","width":1280,"height":960,"caption":"Tres detenidos por el asesinato del \u201cFranc\u00e9s\u201d Viarnes en Florencio Varela: la maniobra sospechosa que los delat\u00f3"},{"@type":"BreadcrumbList","@id":"https:\/\/lobosnews.com.ar\/index.php\/2026\/01\/16\/tres-detenidos-por-el-asesinato-del-frances-viarnes-en-florencio-varela-la-maniobra-sospechosa-que-los-delato\/#breadcrumb","itemListElement":[{"@type":"ListItem","position":1,"name":"Portada","item":"https:\/\/lobosnews.com.ar\/"},{"@type":"ListItem","position":2,"name":"Tres detenidos por el asesinato del \u201cFranc\u00e9s\u201d Viarnes en Florencio Varela: la maniobra sospechosa que los delat\u00f3"}]},{"@type":"WebSite","@id":"https:\/\/lobosnews.com.ar\/#website","url":"https:\/\/lobosnews.com.ar\/","name":"Lobos News","description":"Informaci\u00f3n a cada instante","publisher":{"@id":"https:\/\/lobosnews.com.ar\/#organization"},"potentialAction":[{"@type":"SearchAction","target":{"@type":"EntryPoint","urlTemplate":"https:\/\/lobosnews.com.ar\/?s={search_term_string}"},"query-input":{"@type":"PropertyValueSpecification","valueRequired":true,"valueName":"search_term_string"}}],"inLanguage":"es"},{"@type":"Organization","@id":"https:\/\/lobosnews.com.ar\/#organization","name":"Lobos News","url":"https:\/\/lobosnews.com.ar\/","logo":{"@type":"ImageObject","inLanguage":"es","@id":"https:\/\/lobosnews.com.ar\/#\/schema\/logo\/image\/","url":"https:\/\/lobosnews.com.ar\/wp-content\/uploads\/2026\/01\/logo-lobosnews.png","contentUrl":"https:\/\/lobosnews.com.ar\/wp-content\/uploads\/2026\/01\/logo-lobosnews.png","width":500,"height":200,"caption":"Lobos News"},"image":{"@id":"https:\/\/lobosnews.com.ar\/#\/schema\/logo\/image\/"}},{"@type":"Person","@id":"https:\/\/lobosnews.com.ar\/#\/schema\/person\/232422a593d5c541dd9aef6aaed10943","name":"admin","image":{"@type":"ImageObject","inLanguage":"es","@id":"https:\/\/lobosnews.com.ar\/#\/schema\/person\/image\/","url":"https:\/\/secure.gravatar.com\/avatar\/76e419471a2083bc3ceab22a763dbbf9b0c1bd15a6214cf3280e2c2dde4580f9?s=96&d=mm&r=g","contentUrl":"https:\/\/secure.gravatar.com\/avatar\/76e419471a2083bc3ceab22a763dbbf9b0c1bd15a6214cf3280e2c2dde4580f9?s=96&d=mm&r=g","caption":"admin"},"sameAs":["https:\/\/lobosnews.com.ar"],"url":"https:\/\/lobosnews.com.ar\/index.php\/author\/lobos-news\/"}]}},"jetpack_featured_media_url":"https:\/\/lobosnews.com.ar\/wp-content\/uploads\/2026\/01\/tres-detenidos-por-el-asesinato-del-frances-viarnes-en-florencio-varela-la-maniobra-sospechosa-que-los-delato.jpg","jetpack_sharing_enabled":true,"_links":{"self":[{"href":"https:\/\/lobosnews.com.ar\/index.php\/wp-json\/wp\/v2\/posts\/7303","targetHints":{"allow":["GET"]}}],"collection":[{"href":"https:\/\/lobosnews.com.ar\/index.php\/wp-json\/wp\/v2\/posts"}],"about":[{"href":"https:\/\/lobosnews.com.ar\/index.php\/wp-json\/wp\/v2\/types\/post"}],"author":[{"embeddable":true,"href":"https:\/\/lobosnews.com.ar\/index.php\/wp-json\/wp\/v2\/users\/1"}],"replies":[{"embeddable":true,"href":"https:\/\/lobosnews.com.ar\/index.php\/wp-json\/wp\/v2\/comments?post=7303"}],"version-history":[{"count":1,"href":"https:\/\/lobosnews.com.ar\/index.php\/wp-json\/wp\/v2\/posts\/7303\/revisions"}],"predecessor-version":[{"id":7305,"href":"https:\/\/lobosnews.com.ar\/index.php\/wp-json\/wp\/v2\/posts\/7303\/revisions\/7305"}],"wp:featuredmedia":[{"embeddable":true,"href":"https:\/\/lobosnews.com.ar\/index.php\/wp-json\/wp\/v2\/media\/7306"}],"wp:attachment":[{"href":"https:\/\/lobosnews.com.ar\/index.php\/wp-json\/wp\/v2\/media?parent=7303"}],"wp:term":[{"taxonomy":"category","embeddable":true,"href":"https:\/\/lobosnews.com.ar\/index.php\/wp-json\/wp\/v2\/categories?post=7303"},{"taxonomy":"post_tag","embeddable":true,"href":"https:\/\/lobosnews.com.ar\/index.php\/wp-json\/wp\/v2\/tags?post=7303"}],"curies":[{"name":"wp","href":"https:\/\/api.w.org\/{rel}","templated":true}]}}