{"id":68540,"date":"2026-06-13T13:50:47","date_gmt":"2026-06-13T13:50:47","guid":{"rendered":"https:\/\/lobosnews.com.ar\/index.php\/2026\/06\/13\/el-rumor-que-sacude-a-la-formula-1-alpine-estaria-interesado-en-la-vuelta-de-fernando-alonso\/"},"modified":"2026-06-13T15:19:54","modified_gmt":"2026-06-13T15:19:54","slug":"el-rumor-que-sacude-a-la-formula-1-alpine-estaria-interesado-en-la-vuelta-de-fernando-alonso","status":"publish","type":"post","link":"https:\/\/lobosnews.com.ar\/index.php\/2026\/06\/13\/el-rumor-que-sacude-a-la-formula-1-alpine-estaria-interesado-en-la-vuelta-de-fernando-alonso\/","title":{"rendered":"El rumor que sacude a la F\u00f3rmula 1: Alpine estar\u00eda interesado en la vuelta de Fernando Alonso"},"content":{"rendered":"<p><img loading=\"lazy\" decoding=\"async\" src=\"https:\/\/lobosnews.com.ar\/wp-content\/uploads\/2026\/06\/el-rumor-que-sacude-a-la-formula-1-alpine-estaria-interesado-en-la-vuelta-de-fernando-alonso.jpg\" alt=\"Los rumores sobre un supuesto arribo de Fernando Alonso a Alpine (REUTERS\/Maxim Shemetov)\" height=\"2739\" width=\"2196\"\/><\/p>\n<p><span class=\"waslinkname\">El paddock en el <b>Gran Premio de Barcelona<\/b> de la <b>F\u00f3rmula 1<\/b><\/span> se revolucion\u00f3 tras las fuertes declaraciones de <b>Fernando Alonso<\/b> al hablar sobre su futuro en la categor\u00eda, donde aleg\u00f3 que \u201c<b>probablemente sea mi \u00faltima carrera en Barcelona<\/b>\u201d. <b>Aston Martin<\/b> se consolid\u00f3 como la gran decepci\u00f3n en el 2026 y el hist\u00f3rico piloto dej\u00f3 abierta la salida del equipo. Pese a que la dupla conformada por <b>Pierre Gasly<\/b> y <b>Franco Colapinto<\/b> concret\u00f3 grandes resultados, <b>se instal\u00f3 el rumor de que el asturiano estar\u00eda abierto a la posibilidad de regresar a Alpine.<\/b><\/p>\n<p>\u201cLo m\u00e1s importante para m\u00ed es sentirme competitivo, sentirme r\u00e1pido. Y eso lo siento. Me siento r\u00e1pido. Cuando pare, no lo tengo decidido, pero no s\u00e9 si ser\u00e1 este a\u00f1o, el que viene o dentro de tres\u201d, fueron las declaraciones que encendieron las alarmas respecto al futuro de Alonso en la categor\u00eda. Seg\u00fan inform\u00f3 el portal especializado <i>Motorsport Italia<\/i>, el corredor de 44 a\u00f1os baraja varias opciones: <b>continuar un a\u00f1o m\u00e1s en Aston Martin, retirarse de forma definitiva de la F1 o buscar una nueva alternativa en otro equipo<\/b>.<\/p>\n<p>\u201c<b>No es ning\u00fan secreto que Alonso podr\u00eda optar por poner fin a su carrera en la F1 al concluir la temporada<\/b>. Y esta vez, a los 45 a\u00f1os, podr\u00eda ser una despedida definitiva. Sin embargo, trat\u00e1ndose de Alonso, la cautela siempre es necesaria, dada su f\u00e9rrea motivaci\u00f3n a lo largo de su racha sin \u00e9xitos en la F1\u201d, remarc\u00f3 el medio citado. La posibilidad de Alpine est\u00e1 relacionada en gran medida por <b>la amistad que tiene el asturiano con Flavio Briatore<\/b>, asesor ejecutivo y l\u00edder del team franc\u00e9s, <span class=\"waslinkname\">quien adem\u00e1s fue su descubridor y el que lo impuls\u00f3 a la categor\u00eda<\/span>.<\/p>\n<p>El medio especializado destac\u00f3 que \u201c<b>existe una chance real de que Alonso pueda disfrutar de un \u00faltimo cap\u00edtulo<\/b> en el equipo con el que gan\u00f3 sus dos t\u00edtulos mundiales\u201d, aunque hizo hincapi\u00e9 en las \u00faltimas declaraciones del directivo italiano, quien puntualiz\u00f3 en el aspecto t\u00e9cnico por encima de los pilotos. \u201cAlpine est\u00e1 dirigido actualmente por Flavio Briatore, el m\u00e1nager de Alonso, y <b>aunque ha recalcado repetidamente que el crecimiento t\u00e9cnico del equipo es su prioridad<\/b>, la idea de dar la bienvenida a Fernando para la que podr\u00eda ser su \u00faltima temporada en la F\u00f3rmula 1 <b>no se considera en absoluto descabellada<\/b>\u201d, coment\u00f3 <i>Motorsport Italia<\/i>.<\/p>\n<p>Al igual que el medio mencionado, el portal <i>PlanetF1 <\/i>puntualiz\u00f3 en que el rumor est\u00e1 enfocado en el pasado de Alonso en el team franc\u00e9s. \u201cBriatore sigue siendo una figura influyente y se entiende que <b>desempe\u00f1\u00f3 un papel clave para que Gucci se uniera a Alpine como patrocinador principal<\/b> para la F\u00f3rmula 1 de 2027. Varias fuentes han sugerido que <b>ese es un elemento clave en las especulaciones sobre la posible llegada de Alonso<\/b>\u201d, destac\u00f3 el periodista <i>Mat Coch<\/i>, quien remarc\u00f3 que Alpine es un equipo \u201ccodiciado\u201d por su gran presente. <\/p>\n<p><img loading=\"lazy\" decoding=\"async\" src=\"https:\/\/lobosnews.com.ar\/wp-content\/uploads\/2026\/06\/el-rumor-que-sacude-a-la-formula-1-alpine-estaria-interesado-en-la-vuelta-de-fernando-alonso-1.jpg\" alt=\"Fernando Alonso consigi\u00f3 sus \u00fanicos dos t\u00edtulos mundiales con Flavio Briatore como el jefe de Renault. Desde entonces, tienen una gran amistad (EFE)\" height=\"759\" width=\"1349\"\/><\/p>\n<p>Fernando Alonso compiti\u00f3 con el equipo de Enstone <b>entre 2003 y 2006, donde consigui\u00f3 sus dos t\u00edtulos mundiales bajo el nombre de Renault<\/b>. Tras un breve \u2014<span class=\"waslinkname\">y controvertido<\/span>\u2014 paso en <b>2008 y 2009<\/b>, el espa\u00f1ol <b>volvi\u00f3 a la escuder\u00eda francesa con la irrupci\u00f3n de Alpine en 2021<\/b>. \u201cUna \u00faltima etapa en el equipo que le brind\u00f3 los momentos m\u00e1s significativos de su carrera tendr\u00eda, sin duda, un fuerte valor simb\u00f3lico. Pero no se tratar\u00eda solo de sentimentalismo\u201d, coment\u00f3 <i>Motorsport<\/i>.<\/p>\n<p>M\u00e1s all\u00e1 de los rumores que surgieron en las \u00faltimas horas en el paddock del <i>Circuit de Barcelona-Catalunya<\/i>, <span class=\"waslinkname\">Briatore fue contundente respecto al presente de sus pilotos en las \u00faltimas semanas<\/span>, quienes consolidaron a Alpine en el quinto lugar del Campeonato de Constructores. \u201c<b>Franco lo est\u00e1 haciendo mejor. Pierre est\u00e1 siendo Pierre, como el rendimiento de Pierre es siempre consistente<\/b>, y en conjunto nos hace un poco mejores, un poco m\u00e1s competitivos. <b>Tenemos el contrato con Pierre. Necesitamos buscar a Colapinto<\/b>\u201d, remarc\u00f3 el italiano. <\/p>\n<p>La pregunta que dispar\u00f3 la respuesta estuvo asociada a que ahora hay un <b>\u201cmayor inter\u00e9s por parte de otros pilotos en correr para su equipo\u201d<\/b>. Vale recarcar que Gasly tiene contrato hasta 2028, mientras que Colapinto todav\u00eda no extendi\u00f3 su v\u00ednculo. <\/p>\n<p><img loading=\"lazy\" decoding=\"async\" src=\"https:\/\/lobosnews.com.ar\/wp-content\/uploads\/2026\/06\/el-rumor-que-sacude-a-la-formula-1-alpine-estaria-interesado-en-la-vuelta-de-fernando-alonso-2.jpg\" alt=\"Briatore elogi\u00f3 el trabajo de sus pilotos en las \u00faltimas semanas (REUTERS\/Albert Gea)\" height=\"548\" width=\"800\"\/><\/p>\n<p>No obstante, Briatore elogi\u00f3 la evoluci\u00f3n del argentino en la conferencia de prensa de la FIA en M\u00f3naco. \u201cFranco es un chico joven, como todos estos j\u00f3venes pilotos que llegan a la F\u00f3rmula 1 con mucha presi\u00f3n. En aquel momento, el a\u00f1o pasado, si te acuerdas, no sab\u00edas si iba a terminar la temporada o no. No estaba realmente concentrado en pilotar; estaba concentrado en los chismes. <b>Ahora se ha asentado y le cae bien a todo el equipo<\/b>. Estamos muy contentos con el rendimiento que ha mostrado hasta ahora. No sabemos hasta qu\u00e9 punto es bueno Franco. Ya veremos, <b>porque con todos estos j\u00f3venes pilotos es dif\u00edcil entender cu\u00e1l es el l\u00edmite<\/b>, <b>qu\u00e9 margen de mejora le queda a\u00fan a un piloto como Franco<\/b>. Ya veremos. Tenemos todo el a\u00f1o para entender d\u00f3nde estamos\u201d.<\/p>\n<p>El l\u00edder de Alpine remarc\u00f3 la importancia del rendimiento del monoplaza por encima del trabajo del piloto, un an\u00e1lisis contundente respecto a los planes del equipo. \u201c<b>Estamos mejor, pero no estoy contento con la situaci\u00f3n actual, porque deber\u00edamos haberlo hecho mucho mejor con lo que tenemos<\/b>, porque McLaren tiene el mismo motor que nosotros, Mercedes tiene el mismo motor, y estamos a seis o siete d\u00e9cimas de distancia\u201d, argument\u00f3.<\/p>\n<p>En esta misma l\u00ednea, agreg\u00f3: \u201c<b>El piloto es menos importante que el paquete, despu\u00e9s del piloto. El coche es mucho m\u00e1s importante ahora mismo<\/b>. Claro que el piloto marca la diferencia. Si tienes a alguien como Max, puedes ganar dos o tres d\u00e9cimas. Si est\u00e1s a siete u ocho d\u00e9cimas de distancia, ning\u00fan piloto marca la diferencia. As\u00ed que trabajemos en el coche, trabajemos en la parada en boxes, trabajemos en mejorar mucho la aerodin\u00e1mica de nuestro coche. <b>Y despu\u00e9s, hablamos del piloto. Para m\u00ed, el conductor es la \u00faltima parte, el \u00faltimo detalle.<\/b> Si hay que invertir dinero, hay que invertirlo donde haya posibilidades de ganar\u201d.<\/p>\n<p>Con este panorama, el rumor de Alonso con Alpine est\u00e1 centrado en la delicada situaci\u00f3n que atraviesa Aston Martin, que tiene uno de los peores monoplazas pese a la fuerte inversi\u00f3n que realiz\u00f3 la escuder\u00eda. <\/p>\n","protected":false},"excerpt":{"rendered":"<p>El paddock en el Gran Premio de Barcelona de la F\u00f3rmula 1 se revolucion\u00f3 tras las fuertes declaraciones de Fernando Alonso al hablar sobre su futuro en la categor\u00eda, donde aleg\u00f3 que \u201cprobablemente sea mi \u00faltima carrera en Barcelona\u201d. Aston Martin se consolid\u00f3 como la gran decepci\u00f3n en el 2026 y el hist\u00f3rico piloto dej\u00f3&#8230;<\/p>\n","protected":false},"author":1,"featured_media":0,"comment_status":"open","ping_status":"closed","sticky":false,"template":"","format":"standard","meta":{"_jetpack_newsletter_access":"","_jetpack_dont_email_post_to_subs":false,"_jetpack_newsletter_tier_id":0,"_jetpack_memberships_contains_paywalled_content":false,"_jetpack_memberships_contains_paid_content":false,"footnotes":"","jetpack_post_was_ever_published":false},"categories":[30],"tags":[39],"class_list":["post-68540","post","type-post","status-publish","format-standard","hentry","category-argentina","tag-deportes"],"magazineBlocksPostFeaturedMedia":{"thumbnail":false,"medium":false,"medium_large":false,"large":false,"1536x1536":false,"2048x2048":false,"newsmatic-featured":false,"newsmatic-list":false,"newsmatic-thumb":false,"newsmatic-small":false,"newsmatic-grid":false},"magazineBlocksPostAuthor":{"name":"admin","avatar":"https:\/\/secure.gravatar.com\/avatar\/76e419471a2083bc3ceab22a763dbbf9b0c1bd15a6214cf3280e2c2dde4580f9?s=96&d=mm&r=g"},"magazineBlocksPostCommentsNumber":"0","magazineBlocksPostExcerpt":"El paddock en el Gran Premio de Barcelona de la F\u00f3rmula 1 se revolucion\u00f3 tras las fuertes declaraciones de Fernando Alonso al hablar sobre su futuro en la categor\u00eda, donde aleg\u00f3 que \u201cprobablemente sea mi \u00faltima carrera en Barcelona\u201d. Aston Martin se consolid\u00f3 como la gran decepci\u00f3n en el 2026 y el hist\u00f3rico piloto dej\u00f3...","magazineBlocksPostCategories":["Argentina"],"magazineBlocksPostViewCount":51,"magazineBlocksPostReadTime":6,"magazine_blocks_featured_image_url":{"full":false,"medium":false,"thumbnail":false},"magazine_blocks_author":{"display_name":"admin","author_link":"https:\/\/lobosnews.com.ar\/index.php\/author\/lobos-news\/"},"magazine_blocks_comment":0,"magazine_blocks_author_image":"https:\/\/secure.gravatar.com\/avatar\/76e419471a2083bc3ceab22a763dbbf9b0c1bd15a6214cf3280e2c2dde4580f9?s=96&d=mm&r=g","magazine_blocks_category":"<a href=\"#\" class=\"category-link category-link-30\">Argentina<\/a>","yoast_head":"<!-- This site is optimized with the Yoast SEO plugin v28.0 - https:\/\/yoast.com\/product\/yoast-seo-wordpress\/ -->\n<title>El rumor que sacude a la F\u00f3rmula 1: Alpine estar\u00eda interesado en la vuelta de Fernando Alonso - Lobos News<\/title>\n<meta name=\"robots\" content=\"index, follow, max-snippet:-1, max-image-preview:large, max-video-preview:-1\" \/>\n<link rel=\"canonical\" href=\"https:\/\/lobosnews.com.ar\/index.php\/2026\/06\/13\/el-rumor-que-sacude-a-la-formula-1-alpine-estaria-interesado-en-la-vuelta-de-fernando-alonso\/\" \/>\n<meta property=\"og:locale\" content=\"es_ES\" \/>\n<meta property=\"og:type\" content=\"article\" \/>\n<meta property=\"og:title\" content=\"El rumor que sacude a la F\u00f3rmula 1: Alpine estar\u00eda interesado en la vuelta de Fernando Alonso - Lobos News\" \/>\n<meta property=\"og:description\" content=\"El paddock en el Gran Premio de Barcelona de la F\u00f3rmula 1 se revolucion\u00f3 tras las fuertes declaraciones de Fernando Alonso al hablar sobre su futuro en la categor\u00eda, donde aleg\u00f3 que \u201cprobablemente sea mi \u00faltima carrera en Barcelona\u201d. Aston Martin se consolid\u00f3 como la gran decepci\u00f3n en el 2026 y el hist\u00f3rico piloto dej\u00f3...\" \/>\n<meta property=\"og:url\" content=\"https:\/\/lobosnews.com.ar\/index.php\/2026\/06\/13\/el-rumor-que-sacude-a-la-formula-1-alpine-estaria-interesado-en-la-vuelta-de-fernando-alonso\/\" \/>\n<meta property=\"og:site_name\" content=\"Lobos News\" \/>\n<meta property=\"article:published_time\" content=\"2026-06-13T13:50:47+00:00\" \/>\n<meta property=\"article:modified_time\" content=\"2026-06-13T15:19:54+00:00\" \/>\n<meta property=\"og:image\" content=\"https:\/\/lobosnews.com.ar\/wp-content\/uploads\/2026\/06\/el-rumor-que-sacude-a-la-formula-1-alpine-estaria-interesado-en-la-vuelta-de-fernando-alonso.jpg\" \/>\n<meta name=\"author\" content=\"admin\" \/>\n<meta name=\"twitter:card\" content=\"summary_large_image\" \/>\n<meta name=\"twitter:label1\" content=\"Escrito por\" \/>\n\t<meta name=\"twitter:data1\" content=\"admin\" \/>\n\t<meta name=\"twitter:label2\" content=\"Tiempo de lectura\" \/>\n\t<meta name=\"twitter:data2\" content=\"5 minutos\" \/>\n<script type=\"application\/ld+json\" class=\"yoast-schema-graph\">{\"@context\":\"https:\\\/\\\/schema.org\",\"@graph\":[{\"@type\":\"Article\",\"@id\":\"https:\\\/\\\/lobosnews.com.ar\\\/index.php\\\/2026\\\/06\\\/13\\\/el-rumor-que-sacude-a-la-formula-1-alpine-estaria-interesado-en-la-vuelta-de-fernando-alonso\\\/#article\",\"isPartOf\":{\"@id\":\"https:\\\/\\\/lobosnews.com.ar\\\/index.php\\\/2026\\\/06\\\/13\\\/el-rumor-que-sacude-a-la-formula-1-alpine-estaria-interesado-en-la-vuelta-de-fernando-alonso\\\/\"},\"author\":{\"name\":\"admin\",\"@id\":\"https:\\\/\\\/lobosnews.com.ar\\\/#\\\/schema\\\/person\\\/232422a593d5c541dd9aef6aaed10943\"},\"headline\":\"El rumor que sacude a la F\u00f3rmula 1: Alpine estar\u00eda interesado en la vuelta de Fernando Alonso\",\"datePublished\":\"2026-06-13T13:50:47+00:00\",\"dateModified\":\"2026-06-13T15:19:54+00:00\",\"mainEntityOfPage\":{\"@id\":\"https:\\\/\\\/lobosnews.com.ar\\\/index.php\\\/2026\\\/06\\\/13\\\/el-rumor-que-sacude-a-la-formula-1-alpine-estaria-interesado-en-la-vuelta-de-fernando-alonso\\\/\"},\"wordCount\":1109,\"commentCount\":0,\"publisher\":{\"@id\":\"https:\\\/\\\/lobosnews.com.ar\\\/#organization\"},\"image\":{\"@id\":\"https:\\\/\\\/lobosnews.com.ar\\\/index.php\\\/2026\\\/06\\\/13\\\/el-rumor-que-sacude-a-la-formula-1-alpine-estaria-interesado-en-la-vuelta-de-fernando-alonso\\\/#primaryimage\"},\"thumbnailUrl\":\"https:\\\/\\\/lobosnews.com.ar\\\/wp-content\\\/uploads\\\/2026\\\/06\\\/el-rumor-que-sacude-a-la-formula-1-alpine-estaria-interesado-en-la-vuelta-de-fernando-alonso.jpg\",\"keywords\":[\"Deportes\"],\"articleSection\":[\"Argentina\"],\"inLanguage\":\"es\",\"potentialAction\":[{\"@type\":\"CommentAction\",\"name\":\"Comment\",\"target\":[\"https:\\\/\\\/lobosnews.com.ar\\\/index.php\\\/2026\\\/06\\\/13\\\/el-rumor-que-sacude-a-la-formula-1-alpine-estaria-interesado-en-la-vuelta-de-fernando-alonso\\\/#respond\"]}]},{\"@type\":\"WebPage\",\"@id\":\"https:\\\/\\\/lobosnews.com.ar\\\/index.php\\\/2026\\\/06\\\/13\\\/el-rumor-que-sacude-a-la-formula-1-alpine-estaria-interesado-en-la-vuelta-de-fernando-alonso\\\/\",\"url\":\"https:\\\/\\\/lobosnews.com.ar\\\/index.php\\\/2026\\\/06\\\/13\\\/el-rumor-que-sacude-a-la-formula-1-alpine-estaria-interesado-en-la-vuelta-de-fernando-alonso\\\/\",\"name\":\"El rumor que sacude a la F\u00f3rmula 1: Alpine estar\u00eda interesado en la vuelta de Fernando Alonso - Lobos News\",\"isPartOf\":{\"@id\":\"https:\\\/\\\/lobosnews.com.ar\\\/#website\"},\"primaryImageOfPage\":{\"@id\":\"https:\\\/\\\/lobosnews.com.ar\\\/index.php\\\/2026\\\/06\\\/13\\\/el-rumor-que-sacude-a-la-formula-1-alpine-estaria-interesado-en-la-vuelta-de-fernando-alonso\\\/#primaryimage\"},\"image\":{\"@id\":\"https:\\\/\\\/lobosnews.com.ar\\\/index.php\\\/2026\\\/06\\\/13\\\/el-rumor-que-sacude-a-la-formula-1-alpine-estaria-interesado-en-la-vuelta-de-fernando-alonso\\\/#primaryimage\"},\"thumbnailUrl\":\"https:\\\/\\\/lobosnews.com.ar\\\/wp-content\\\/uploads\\\/2026\\\/06\\\/el-rumor-que-sacude-a-la-formula-1-alpine-estaria-interesado-en-la-vuelta-de-fernando-alonso.jpg\",\"datePublished\":\"2026-06-13T13:50:47+00:00\",\"dateModified\":\"2026-06-13T15:19:54+00:00\",\"breadcrumb\":{\"@id\":\"https:\\\/\\\/lobosnews.com.ar\\\/index.php\\\/2026\\\/06\\\/13\\\/el-rumor-que-sacude-a-la-formula-1-alpine-estaria-interesado-en-la-vuelta-de-fernando-alonso\\\/#breadcrumb\"},\"inLanguage\":\"es\",\"potentialAction\":[{\"@type\":\"ReadAction\",\"target\":[\"https:\\\/\\\/lobosnews.com.ar\\\/index.php\\\/2026\\\/06\\\/13\\\/el-rumor-que-sacude-a-la-formula-1-alpine-estaria-interesado-en-la-vuelta-de-fernando-alonso\\\/\"]}]},{\"@type\":\"ImageObject\",\"inLanguage\":\"es\",\"@id\":\"https:\\\/\\\/lobosnews.com.ar\\\/index.php\\\/2026\\\/06\\\/13\\\/el-rumor-que-sacude-a-la-formula-1-alpine-estaria-interesado-en-la-vuelta-de-fernando-alonso\\\/#primaryimage\",\"url\":\"https:\\\/\\\/lobosnews.com.ar\\\/wp-content\\\/uploads\\\/2026\\\/06\\\/el-rumor-que-sacude-a-la-formula-1-alpine-estaria-interesado-en-la-vuelta-de-fernando-alonso.jpg\",\"contentUrl\":\"https:\\\/\\\/lobosnews.com.ar\\\/wp-content\\\/uploads\\\/2026\\\/06\\\/el-rumor-que-sacude-a-la-formula-1-alpine-estaria-interesado-en-la-vuelta-de-fernando-alonso.jpg\"},{\"@type\":\"BreadcrumbList\",\"@id\":\"https:\\\/\\\/lobosnews.com.ar\\\/index.php\\\/2026\\\/06\\\/13\\\/el-rumor-que-sacude-a-la-formula-1-alpine-estaria-interesado-en-la-vuelta-de-fernando-alonso\\\/#breadcrumb\",\"itemListElement\":[{\"@type\":\"ListItem\",\"position\":1,\"name\":\"Portada\",\"item\":\"https:\\\/\\\/lobosnews.com.ar\\\/\"},{\"@type\":\"ListItem\",\"position\":2,\"name\":\"El rumor que sacude a la F\u00f3rmula 1: Alpine estar\u00eda interesado en la vuelta de Fernando Alonso\"}]},{\"@type\":\"WebSite\",\"@id\":\"https:\\\/\\\/lobosnews.com.ar\\\/#website\",\"url\":\"https:\\\/\\\/lobosnews.com.ar\\\/\",\"name\":\"Lobos News\",\"description\":\"Informaci\u00f3n a cada instante\",\"publisher\":{\"@id\":\"https:\\\/\\\/lobosnews.com.ar\\\/#organization\"},\"potentialAction\":[{\"@type\":\"SearchAction\",\"target\":{\"@type\":\"EntryPoint\",\"urlTemplate\":\"https:\\\/\\\/lobosnews.com.ar\\\/?s={search_term_string}\"},\"query-input\":{\"@type\":\"PropertyValueSpecification\",\"valueRequired\":true,\"valueName\":\"search_term_string\"}}],\"inLanguage\":\"es\"},{\"@type\":\"Organization\",\"@id\":\"https:\\\/\\\/lobosnews.com.ar\\\/#organization\",\"name\":\"Lobos News\",\"url\":\"https:\\\/\\\/lobosnews.com.ar\\\/\",\"logo\":{\"@type\":\"ImageObject\",\"inLanguage\":\"es\",\"@id\":\"https:\\\/\\\/lobosnews.com.ar\\\/#\\\/schema\\\/logo\\\/image\\\/\",\"url\":\"https:\\\/\\\/lobosnews.com.ar\\\/wp-content\\\/uploads\\\/2026\\\/01\\\/logo-lobosnews.png\",\"contentUrl\":\"https:\\\/\\\/lobosnews.com.ar\\\/wp-content\\\/uploads\\\/2026\\\/01\\\/logo-lobosnews.png\",\"width\":500,\"height\":200,\"caption\":\"Lobos News\"},\"image\":{\"@id\":\"https:\\\/\\\/lobosnews.com.ar\\\/#\\\/schema\\\/logo\\\/image\\\/\"}},{\"@type\":\"Person\",\"@id\":\"https:\\\/\\\/lobosnews.com.ar\\\/#\\\/schema\\\/person\\\/232422a593d5c541dd9aef6aaed10943\",\"name\":\"admin\",\"image\":{\"@type\":\"ImageObject\",\"inLanguage\":\"es\",\"@id\":\"https:\\\/\\\/secure.gravatar.com\\\/avatar\\\/76e419471a2083bc3ceab22a763dbbf9b0c1bd15a6214cf3280e2c2dde4580f9?s=96&d=mm&r=g\",\"url\":\"https:\\\/\\\/secure.gravatar.com\\\/avatar\\\/76e419471a2083bc3ceab22a763dbbf9b0c1bd15a6214cf3280e2c2dde4580f9?s=96&d=mm&r=g\",\"contentUrl\":\"https:\\\/\\\/secure.gravatar.com\\\/avatar\\\/76e419471a2083bc3ceab22a763dbbf9b0c1bd15a6214cf3280e2c2dde4580f9?s=96&d=mm&r=g\",\"caption\":\"admin\"},\"sameAs\":[\"https:\\\/\\\/lobosnews.com.ar\"],\"url\":\"https:\\\/\\\/lobosnews.com.ar\\\/index.php\\\/author\\\/lobos-news\\\/\"}]}<\/script>\n<!-- \/ Yoast SEO plugin. -->","yoast_head_json":{"title":"El rumor que sacude a la F\u00f3rmula 1: Alpine estar\u00eda interesado en la vuelta de Fernando Alonso - Lobos News","robots":{"index":"index","follow":"follow","max-snippet":"max-snippet:-1","max-image-preview":"max-image-preview:large","max-video-preview":"max-video-preview:-1"},"canonical":"https:\/\/lobosnews.com.ar\/index.php\/2026\/06\/13\/el-rumor-que-sacude-a-la-formula-1-alpine-estaria-interesado-en-la-vuelta-de-fernando-alonso\/","og_locale":"es_ES","og_type":"article","og_title":"El rumor que sacude a la F\u00f3rmula 1: Alpine estar\u00eda interesado en la vuelta de Fernando Alonso - Lobos News","og_description":"El paddock en el Gran Premio de Barcelona de la F\u00f3rmula 1 se revolucion\u00f3 tras las fuertes declaraciones de Fernando Alonso al hablar sobre su futuro en la categor\u00eda, donde aleg\u00f3 que \u201cprobablemente sea mi \u00faltima carrera en Barcelona\u201d. Aston Martin se consolid\u00f3 como la gran decepci\u00f3n en el 2026 y el hist\u00f3rico piloto dej\u00f3...","og_url":"https:\/\/lobosnews.com.ar\/index.php\/2026\/06\/13\/el-rumor-que-sacude-a-la-formula-1-alpine-estaria-interesado-en-la-vuelta-de-fernando-alonso\/","og_site_name":"Lobos News","article_published_time":"2026-06-13T13:50:47+00:00","article_modified_time":"2026-06-13T15:19:54+00:00","og_image":[{"url":"https:\/\/lobosnews.com.ar\/wp-content\/uploads\/2026\/06\/el-rumor-que-sacude-a-la-formula-1-alpine-estaria-interesado-en-la-vuelta-de-fernando-alonso.jpg","type":"","width":"","height":""}],"author":"admin","twitter_card":"summary_large_image","twitter_misc":{"Escrito por":"admin","Tiempo de lectura":"5 minutos"},"schema":{"@context":"https:\/\/schema.org","@graph":[{"@type":"Article","@id":"https:\/\/lobosnews.com.ar\/index.php\/2026\/06\/13\/el-rumor-que-sacude-a-la-formula-1-alpine-estaria-interesado-en-la-vuelta-de-fernando-alonso\/#article","isPartOf":{"@id":"https:\/\/lobosnews.com.ar\/index.php\/2026\/06\/13\/el-rumor-que-sacude-a-la-formula-1-alpine-estaria-interesado-en-la-vuelta-de-fernando-alonso\/"},"author":{"name":"admin","@id":"https:\/\/lobosnews.com.ar\/#\/schema\/person\/232422a593d5c541dd9aef6aaed10943"},"headline":"El rumor que sacude a la F\u00f3rmula 1: Alpine estar\u00eda interesado en la vuelta de Fernando Alonso","datePublished":"2026-06-13T13:50:47+00:00","dateModified":"2026-06-13T15:19:54+00:00","mainEntityOfPage":{"@id":"https:\/\/lobosnews.com.ar\/index.php\/2026\/06\/13\/el-rumor-que-sacude-a-la-formula-1-alpine-estaria-interesado-en-la-vuelta-de-fernando-alonso\/"},"wordCount":1109,"commentCount":0,"publisher":{"@id":"https:\/\/lobosnews.com.ar\/#organization"},"image":{"@id":"https:\/\/lobosnews.com.ar\/index.php\/2026\/06\/13\/el-rumor-que-sacude-a-la-formula-1-alpine-estaria-interesado-en-la-vuelta-de-fernando-alonso\/#primaryimage"},"thumbnailUrl":"https:\/\/lobosnews.com.ar\/wp-content\/uploads\/2026\/06\/el-rumor-que-sacude-a-la-formula-1-alpine-estaria-interesado-en-la-vuelta-de-fernando-alonso.jpg","keywords":["Deportes"],"articleSection":["Argentina"],"inLanguage":"es","potentialAction":[{"@type":"CommentAction","name":"Comment","target":["https:\/\/lobosnews.com.ar\/index.php\/2026\/06\/13\/el-rumor-que-sacude-a-la-formula-1-alpine-estaria-interesado-en-la-vuelta-de-fernando-alonso\/#respond"]}]},{"@type":"WebPage","@id":"https:\/\/lobosnews.com.ar\/index.php\/2026\/06\/13\/el-rumor-que-sacude-a-la-formula-1-alpine-estaria-interesado-en-la-vuelta-de-fernando-alonso\/","url":"https:\/\/lobosnews.com.ar\/index.php\/2026\/06\/13\/el-rumor-que-sacude-a-la-formula-1-alpine-estaria-interesado-en-la-vuelta-de-fernando-alonso\/","name":"El rumor que sacude a la F\u00f3rmula 1: Alpine estar\u00eda interesado en la vuelta de Fernando Alonso - Lobos News","isPartOf":{"@id":"https:\/\/lobosnews.com.ar\/#website"},"primaryImageOfPage":{"@id":"https:\/\/lobosnews.com.ar\/index.php\/2026\/06\/13\/el-rumor-que-sacude-a-la-formula-1-alpine-estaria-interesado-en-la-vuelta-de-fernando-alonso\/#primaryimage"},"image":{"@id":"https:\/\/lobosnews.com.ar\/index.php\/2026\/06\/13\/el-rumor-que-sacude-a-la-formula-1-alpine-estaria-interesado-en-la-vuelta-de-fernando-alonso\/#primaryimage"},"thumbnailUrl":"https:\/\/lobosnews.com.ar\/wp-content\/uploads\/2026\/06\/el-rumor-que-sacude-a-la-formula-1-alpine-estaria-interesado-en-la-vuelta-de-fernando-alonso.jpg","datePublished":"2026-06-13T13:50:47+00:00","dateModified":"2026-06-13T15:19:54+00:00","breadcrumb":{"@id":"https:\/\/lobosnews.com.ar\/index.php\/2026\/06\/13\/el-rumor-que-sacude-a-la-formula-1-alpine-estaria-interesado-en-la-vuelta-de-fernando-alonso\/#breadcrumb"},"inLanguage":"es","potentialAction":[{"@type":"ReadAction","target":["https:\/\/lobosnews.com.ar\/index.php\/2026\/06\/13\/el-rumor-que-sacude-a-la-formula-1-alpine-estaria-interesado-en-la-vuelta-de-fernando-alonso\/"]}]},{"@type":"ImageObject","inLanguage":"es","@id":"https:\/\/lobosnews.com.ar\/index.php\/2026\/06\/13\/el-rumor-que-sacude-a-la-formula-1-alpine-estaria-interesado-en-la-vuelta-de-fernando-alonso\/#primaryimage","url":"https:\/\/lobosnews.com.ar\/wp-content\/uploads\/2026\/06\/el-rumor-que-sacude-a-la-formula-1-alpine-estaria-interesado-en-la-vuelta-de-fernando-alonso.jpg","contentUrl":"https:\/\/lobosnews.com.ar\/wp-content\/uploads\/2026\/06\/el-rumor-que-sacude-a-la-formula-1-alpine-estaria-interesado-en-la-vuelta-de-fernando-alonso.jpg"},{"@type":"BreadcrumbList","@id":"https:\/\/lobosnews.com.ar\/index.php\/2026\/06\/13\/el-rumor-que-sacude-a-la-formula-1-alpine-estaria-interesado-en-la-vuelta-de-fernando-alonso\/#breadcrumb","itemListElement":[{"@type":"ListItem","position":1,"name":"Portada","item":"https:\/\/lobosnews.com.ar\/"},{"@type":"ListItem","position":2,"name":"El rumor que sacude a la F\u00f3rmula 1: Alpine estar\u00eda interesado en la vuelta de Fernando Alonso"}]},{"@type":"WebSite","@id":"https:\/\/lobosnews.com.ar\/#website","url":"https:\/\/lobosnews.com.ar\/","name":"Lobos News","description":"Informaci\u00f3n a cada instante","publisher":{"@id":"https:\/\/lobosnews.com.ar\/#organization"},"potentialAction":[{"@type":"SearchAction","target":{"@type":"EntryPoint","urlTemplate":"https:\/\/lobosnews.com.ar\/?s={search_term_string}"},"query-input":{"@type":"PropertyValueSpecification","valueRequired":true,"valueName":"search_term_string"}}],"inLanguage":"es"},{"@type":"Organization","@id":"https:\/\/lobosnews.com.ar\/#organization","name":"Lobos News","url":"https:\/\/lobosnews.com.ar\/","logo":{"@type":"ImageObject","inLanguage":"es","@id":"https:\/\/lobosnews.com.ar\/#\/schema\/logo\/image\/","url":"https:\/\/lobosnews.com.ar\/wp-content\/uploads\/2026\/01\/logo-lobosnews.png","contentUrl":"https:\/\/lobosnews.com.ar\/wp-content\/uploads\/2026\/01\/logo-lobosnews.png","width":500,"height":200,"caption":"Lobos News"},"image":{"@id":"https:\/\/lobosnews.com.ar\/#\/schema\/logo\/image\/"}},{"@type":"Person","@id":"https:\/\/lobosnews.com.ar\/#\/schema\/person\/232422a593d5c541dd9aef6aaed10943","name":"admin","image":{"@type":"ImageObject","inLanguage":"es","@id":"https:\/\/secure.gravatar.com\/avatar\/76e419471a2083bc3ceab22a763dbbf9b0c1bd15a6214cf3280e2c2dde4580f9?s=96&d=mm&r=g","url":"https:\/\/secure.gravatar.com\/avatar\/76e419471a2083bc3ceab22a763dbbf9b0c1bd15a6214cf3280e2c2dde4580f9?s=96&d=mm&r=g","contentUrl":"https:\/\/secure.gravatar.com\/avatar\/76e419471a2083bc3ceab22a763dbbf9b0c1bd15a6214cf3280e2c2dde4580f9?s=96&d=mm&r=g","caption":"admin"},"sameAs":["https:\/\/lobosnews.com.ar"],"url":"https:\/\/lobosnews.com.ar\/index.php\/author\/lobos-news\/"}]}},"jetpack_featured_media_url":"","jetpack_sharing_enabled":true,"_links":{"self":[{"href":"https:\/\/lobosnews.com.ar\/index.php\/wp-json\/wp\/v2\/posts\/68540","targetHints":{"allow":["GET"]}}],"collection":[{"href":"https:\/\/lobosnews.com.ar\/index.php\/wp-json\/wp\/v2\/posts"}],"about":[{"href":"https:\/\/lobosnews.com.ar\/index.php\/wp-json\/wp\/v2\/types\/post"}],"author":[{"embeddable":true,"href":"https:\/\/lobosnews.com.ar\/index.php\/wp-json\/wp\/v2\/users\/1"}],"replies":[{"embeddable":true,"href":"https:\/\/lobosnews.com.ar\/index.php\/wp-json\/wp\/v2\/comments?post=68540"}],"version-history":[{"count":1,"href":"https:\/\/lobosnews.com.ar\/index.php\/wp-json\/wp\/v2\/posts\/68540\/revisions"}],"predecessor-version":[{"id":68544,"href":"https:\/\/lobosnews.com.ar\/index.php\/wp-json\/wp\/v2\/posts\/68540\/revisions\/68544"}],"wp:attachment":[{"href":"https:\/\/lobosnews.com.ar\/index.php\/wp-json\/wp\/v2\/media?parent=68540"}],"wp:term":[{"taxonomy":"category","embeddable":true,"href":"https:\/\/lobosnews.com.ar\/index.php\/wp-json\/wp\/v2\/categories?post=68540"},{"taxonomy":"post_tag","embeddable":true,"href":"https:\/\/lobosnews.com.ar\/index.php\/wp-json\/wp\/v2\/tags?post=68540"}],"curies":[{"name":"wp","href":"https:\/\/api.w.org\/{rel}","templated":true}]}}