{"id":6597,"date":"2026-01-15T02:37:12","date_gmt":"2026-01-15T02:37:12","guid":{"rendered":"https:\/\/lobosnews.com.ar\/index.php\/2026\/01\/15\/san-lorenzo-cayo-frente-a-cucuta-en-su-primer-amistoso-del-ano\/"},"modified":"2026-01-15T03:14:27","modified_gmt":"2026-01-15T03:14:27","slug":"san-lorenzo-cayo-frente-a-cucuta-en-su-primer-amistoso-del-ano","status":"publish","type":"post","link":"https:\/\/lobosnews.com.ar\/index.php\/2026\/01\/15\/san-lorenzo-cayo-frente-a-cucuta-en-su-primer-amistoso-del-ano\/","title":{"rendered":"San Lorenzo cay\u00f3 frente a C\u00facuta en su primer amistoso del a\u00f1o"},"content":{"rendered":"<p><!DOCTYPE html><br \/>\n<html><br \/>\n<head><br \/>\n<meta name=\"viewport\" content=\"width=device-width, initial-scale=1\"><\/p>\n<style>\n.container-video { position: relative; width: 100%; overflow: hidden; padding-top: 56.25%;\n}\n.responsive-iframe-video { position: absolute; top: 0; left: 0; bottom: 0; right: 0; width: 100%; height: 100%; border: none;\n}\n<\/style>\n<p><\/head><br \/>\n<body><\/p>\n<div class=\"container-video\"> <iframe title=\"video-espn\" class=\"responsive-iframe-video\" src=\"https:\/\/www.espn.com.ar\/core\/video\/iframe?id=16184181&#038;endcard=false&#038;omniReportSuite=wdgespge\" allowfullscreen><\/iframe>\n<\/div>\n<p><\/body><br \/>\n<\/html><\/p>\n<p><b>San Lorenzo<\/b> debut\u00f3 en la <b>Serie R\u00edo de La Plata<\/b> con una derrota por 1-0 ante <b>C\u00facuta Deportivo<\/b> en Montevideo. El equipo dirigido por <b>Dami\u00e1n Ayude<\/b> se present\u00f3 en el estadio Luis Franzini con titulares codiciados en el actual mercado, como <b>Jhohan Roma\u00f1a<\/b> y <b>Alexis Cuello<\/b>, ambos pretendidos respectivamente por <b>River Plate<\/b> y <b>Boca Juniors<\/b> en las \u00faltimas semanas. Con una clara falta de efectividad en el arco rival, el conjunto argentino comprometi\u00f3 su estreno de a\u00f1o con un tropiezo que alimenta dudas sobre su evoluci\u00f3n futbol\u00edstica.<\/p>\n<p>En el tramo final del encuentro, el entrenador apost\u00f3 por la juventud: <b>San Lorenzo<\/b> concluy\u00f3 el partido con nueve futbolistas de los once surgidos de las inferiores y un equipo que promediaba apenas 20 a\u00f1os, una evidencia clara de la renovaci\u00f3n interna y las derivaciones de un plantel en pleno proceso de reconfiguraci\u00f3n. Entre los nombres destacados ingresaron <b>Alejo C\u00f3rdoba<\/b> y <b>Fabricio L\u00f3pez<\/b>, ambos de 23; <b>Juan Cruz Rattalino<\/b>, de 21; <b>Francisco Perruzzi<\/b>, de 24, y <b>Agust\u00edn Ladstatter<\/b>, de 20. En ese contexto, <b>Rattalino<\/b> aport\u00f3 mayor fluidez ofensiva y dej\u00f3 una imagen positiva pese a las dificultades colectivas.<\/p>\n<p><img fetchpriority=\"high\" decoding=\"async\" src=\"https:\/\/lobosnews.com.ar\/wp-content\/uploads\/2026\/01\/san-lorenzo-cayo-frente-a-cucuta-en-su-primer-amistoso-del-ano.jpg\" alt=\"San Lorenzo cay\u00f3 con C\u00facuta en el primer amistoso del a\u00f1o (Fotobaires)\" height=\"2299\" width=\"3200\"\/><\/p>\n<p>El desarrollo del partido tuvo a un <b>Cicl\u00f3n<\/b> activo en el arranque, dominando el bal\u00f3n y generando un par de oportunidades claras que no alcanzaron a quebrar el cero. El capit\u00e1n Gast\u00f3n Hern\u00e1ndez dispuso de una ocasi\u00f3n inmejorable al conectar un cabezazo d\u00e9bil y desviado que fue desaprovechado. <b>San Lorenzo<\/b> demostr\u00f3 intensidad f\u00edsica, pero la falta de precisi\u00f3n y una defensa fr\u00e1gil marcaron la diferencia en el resultado final. La jugada decisiva lleg\u00f3 a los 25 minutos del segundo tiempo, cuando <b>Luifer Hern\u00e1ndez<\/b> culmin\u00f3 de contragolpe una desatenci\u00f3n defensiva y estableci\u00f3 el \u00fanico gol del partido. El arquero <b>Abad\u00eda<\/b>, por su parte, frustr\u00f3 el empate al contener un disparo de <b>Tripicchio<\/b> en el cierre.<\/p>\n<p>La alineaci\u00f3n inicial azulgrana solo mostr\u00f3 dos variantes respecto al cierre de 2025: la presencia de <b>Teo Rodr\u00edguez Pagano<\/b> \u2014uno de los valores j\u00f3venes del club\u2014 en reemplazo del lateral <b>El\u00edas B\u00e1ez<\/b>, quien se encuentra a punto de ser transferido al <b>Atlanta United<\/b> de la MLS por una cifra estimada en <b>tres millones de d\u00f3lares<\/b>. Adem\u00e1s, <b>Mat\u00edas Realli<\/b> se gan\u00f3 la titularidad sobre <b>Agust\u00edn Landstatter<\/b>.<\/p>\n<p>Pese a la ca\u00edda, la evaluaci\u00f3n del cuerpo t\u00e9cnico se centra en las alternativas juveniles en caso de que el club concrete la salida de futbolistas clave como <b>Roma\u00f1a<\/b> o <b>Cuello<\/b>, dos operaciones a\u00fan abiertas. La conclusi\u00f3n inmediata apunta a la construcci\u00f3n de un plantel competitivo.<\/p>\n<p><b>Formaciones:<\/b><\/p>\n<p><b>San Lorenzo: <\/b>Orlando Gill; Ezequiel Herrera, Jhohan Roma\u00f1a, Gast\u00f3n Hern\u00e1ndez, Teo Rodr\u00edguez; Nicolas Tripichio, Ignacio Perruzzi; Ezequiel Cerutti, Facundo Gulli, Mat\u00edas Reali; y Alexis Cuello. <b>DT: <\/b>Dami\u00e1n Ayude.<\/p>\n<p><b>C\u00facuta:<\/b> Federico Abad\u00eda; Mauricio Duarte, Sebasti\u00e1n Rodr\u00edguez, Jhon Qui\u00f1ones, Armando Ballesteros; Juan Ceballos, Santiago Orozco; Eduar Arizalas, Sebasti\u00e1n Tamara, Jhon Valencia; y Jonathan Agudelo. <b>DT: <\/b>Nelson Fl\u00f3rez.<\/p>\n<p><b>Estadio: <\/b>Luis Franzini de Montevideo.<\/p>\n","protected":false},"excerpt":{"rendered":"<p>San Lorenzo debut\u00f3 en la Serie R\u00edo de La Plata con una derrota por 1-0 ante C\u00facuta Deportivo en Montevideo. El equipo dirigido por Dami\u00e1n Ayude se present\u00f3 en el estadio Luis Franzini con titulares codiciados en el actual mercado, como Jhohan Roma\u00f1a y Alexis Cuello, ambos pretendidos respectivamente por River Plate y Boca Juniors&#8230;<\/p>\n","protected":false},"author":1,"featured_media":0,"comment_status":"open","ping_status":"closed","sticky":false,"template":"","format":"standard","meta":{"_jetpack_memberships_contains_paid_content":false,"footnotes":""},"categories":[30],"tags":[39],"class_list":["post-6597","post","type-post","status-publish","format-standard","hentry","category-argentina","tag-deportes"],"magazineBlocksPostFeaturedMedia":{"thumbnail":false,"medium":false,"medium_large":false,"large":false,"1536x1536":false,"2048x2048":false,"newsmatic-featured":false,"newsmatic-list":false,"newsmatic-thumb":false,"newsmatic-small":false,"newsmatic-grid":false},"magazineBlocksPostAuthor":{"name":"admin","avatar":"https:\/\/secure.gravatar.com\/avatar\/76e419471a2083bc3ceab22a763dbbf9b0c1bd15a6214cf3280e2c2dde4580f9?s=96&d=mm&r=g"},"magazineBlocksPostCommentsNumber":"0","magazineBlocksPostExcerpt":"San Lorenzo debut\u00f3 en la Serie R\u00edo de La Plata con una derrota por 1-0 ante C\u00facuta Deportivo en Montevideo. El equipo dirigido por Dami\u00e1n Ayude se present\u00f3 en el estadio Luis Franzini con titulares codiciados en el actual mercado, como Jhohan Roma\u00f1a y Alexis Cuello, ambos pretendidos respectivamente por River Plate y Boca Juniors...","magazineBlocksPostCategories":["Argentina"],"magazineBlocksPostViewCount":170,"magazineBlocksPostReadTime":3,"magazine_blocks_featured_image_url":{"full":false,"medium":false,"thumbnail":false},"magazine_blocks_author":{"display_name":"admin","author_link":"https:\/\/lobosnews.com.ar\/index.php\/author\/lobos-news\/"},"magazine_blocks_comment":0,"magazine_blocks_author_image":"https:\/\/secure.gravatar.com\/avatar\/76e419471a2083bc3ceab22a763dbbf9b0c1bd15a6214cf3280e2c2dde4580f9?s=96&d=mm&r=g","magazine_blocks_category":"<a href=\"#\" class=\"category-link category-link-30\">Argentina<\/a>","yoast_head":"<!-- This site is optimized with the Yoast SEO plugin v26.6 - https:\/\/yoast.com\/wordpress\/plugins\/seo\/ -->\n<title>San Lorenzo cay\u00f3 frente a C\u00facuta en su primer amistoso del a\u00f1o - Lobos News<\/title>\n<meta name=\"robots\" content=\"index, follow, max-snippet:-1, max-image-preview:large, max-video-preview:-1\" \/>\n<link rel=\"canonical\" href=\"https:\/\/lobosnews.com.ar\/index.php\/2026\/01\/15\/san-lorenzo-cayo-frente-a-cucuta-en-su-primer-amistoso-del-ano\/\" \/>\n<meta property=\"og:locale\" content=\"es_ES\" \/>\n<meta property=\"og:type\" content=\"article\" \/>\n<meta property=\"og:title\" content=\"San Lorenzo cay\u00f3 frente a C\u00facuta en su primer amistoso del a\u00f1o - Lobos News\" \/>\n<meta property=\"og:description\" content=\"San Lorenzo debut\u00f3 en la Serie R\u00edo de La Plata con una derrota por 1-0 ante C\u00facuta Deportivo en Montevideo. El equipo dirigido por Dami\u00e1n Ayude se present\u00f3 en el estadio Luis Franzini con titulares codiciados en el actual mercado, como Jhohan Roma\u00f1a y Alexis Cuello, ambos pretendidos respectivamente por River Plate y Boca Juniors...\" \/>\n<meta property=\"og:url\" content=\"https:\/\/lobosnews.com.ar\/index.php\/2026\/01\/15\/san-lorenzo-cayo-frente-a-cucuta-en-su-primer-amistoso-del-ano\/\" \/>\n<meta property=\"og:site_name\" content=\"Lobos News\" \/>\n<meta property=\"article:published_time\" content=\"2026-01-15T02:37:12+00:00\" \/>\n<meta property=\"article:modified_time\" content=\"2026-01-15T03:14:27+00:00\" \/>\n<meta property=\"og:image\" content=\"https:\/\/lobosnews.com.ar\/wp-content\/uploads\/2026\/01\/san-lorenzo-cayo-frente-a-cucuta-en-su-primer-amistoso-del-ano.jpg\" \/>\n<meta name=\"author\" content=\"admin\" \/>\n<meta name=\"twitter:card\" content=\"summary_large_image\" \/>\n<meta name=\"twitter:label1\" content=\"Escrito por\" \/>\n\t<meta name=\"twitter:data1\" content=\"admin\" \/>\n\t<meta name=\"twitter:label2\" content=\"Tiempo de lectura\" \/>\n\t<meta name=\"twitter:data2\" content=\"3 minutos\" \/>\n<script type=\"application\/ld+json\" class=\"yoast-schema-graph\">{\"@context\":\"https:\/\/schema.org\",\"@graph\":[{\"@type\":\"Article\",\"@id\":\"https:\/\/lobosnews.com.ar\/index.php\/2026\/01\/15\/san-lorenzo-cayo-frente-a-cucuta-en-su-primer-amistoso-del-ano\/#article\",\"isPartOf\":{\"@id\":\"https:\/\/lobosnews.com.ar\/index.php\/2026\/01\/15\/san-lorenzo-cayo-frente-a-cucuta-en-su-primer-amistoso-del-ano\/\"},\"author\":{\"name\":\"admin\",\"@id\":\"https:\/\/lobosnews.com.ar\/#\/schema\/person\/232422a593d5c541dd9aef6aaed10943\"},\"headline\":\"San Lorenzo cay\u00f3 frente a C\u00facuta en su primer amistoso del a\u00f1o\",\"datePublished\":\"2026-01-15T02:37:12+00:00\",\"dateModified\":\"2026-01-15T03:14:27+00:00\",\"mainEntityOfPage\":{\"@id\":\"https:\/\/lobosnews.com.ar\/index.php\/2026\/01\/15\/san-lorenzo-cayo-frente-a-cucuta-en-su-primer-amistoso-del-ano\/\"},\"wordCount\":533,\"commentCount\":0,\"publisher\":{\"@id\":\"https:\/\/lobosnews.com.ar\/#organization\"},\"image\":{\"@id\":\"https:\/\/lobosnews.com.ar\/index.php\/2026\/01\/15\/san-lorenzo-cayo-frente-a-cucuta-en-su-primer-amistoso-del-ano\/#primaryimage\"},\"thumbnailUrl\":\"https:\/\/lobosnews.com.ar\/wp-content\/uploads\/2026\/01\/san-lorenzo-cayo-frente-a-cucuta-en-su-primer-amistoso-del-ano.jpg\",\"keywords\":[\"Deportes\"],\"articleSection\":[\"Argentina\"],\"inLanguage\":\"es\",\"potentialAction\":[{\"@type\":\"CommentAction\",\"name\":\"Comment\",\"target\":[\"https:\/\/lobosnews.com.ar\/index.php\/2026\/01\/15\/san-lorenzo-cayo-frente-a-cucuta-en-su-primer-amistoso-del-ano\/#respond\"]}]},{\"@type\":\"WebPage\",\"@id\":\"https:\/\/lobosnews.com.ar\/index.php\/2026\/01\/15\/san-lorenzo-cayo-frente-a-cucuta-en-su-primer-amistoso-del-ano\/\",\"url\":\"https:\/\/lobosnews.com.ar\/index.php\/2026\/01\/15\/san-lorenzo-cayo-frente-a-cucuta-en-su-primer-amistoso-del-ano\/\",\"name\":\"San Lorenzo cay\u00f3 frente a C\u00facuta en su primer amistoso del a\u00f1o - Lobos News\",\"isPartOf\":{\"@id\":\"https:\/\/lobosnews.com.ar\/#website\"},\"primaryImageOfPage\":{\"@id\":\"https:\/\/lobosnews.com.ar\/index.php\/2026\/01\/15\/san-lorenzo-cayo-frente-a-cucuta-en-su-primer-amistoso-del-ano\/#primaryimage\"},\"image\":{\"@id\":\"https:\/\/lobosnews.com.ar\/index.php\/2026\/01\/15\/san-lorenzo-cayo-frente-a-cucuta-en-su-primer-amistoso-del-ano\/#primaryimage\"},\"thumbnailUrl\":\"https:\/\/lobosnews.com.ar\/wp-content\/uploads\/2026\/01\/san-lorenzo-cayo-frente-a-cucuta-en-su-primer-amistoso-del-ano.jpg\",\"datePublished\":\"2026-01-15T02:37:12+00:00\",\"dateModified\":\"2026-01-15T03:14:27+00:00\",\"breadcrumb\":{\"@id\":\"https:\/\/lobosnews.com.ar\/index.php\/2026\/01\/15\/san-lorenzo-cayo-frente-a-cucuta-en-su-primer-amistoso-del-ano\/#breadcrumb\"},\"inLanguage\":\"es\",\"potentialAction\":[{\"@type\":\"ReadAction\",\"target\":[\"https:\/\/lobosnews.com.ar\/index.php\/2026\/01\/15\/san-lorenzo-cayo-frente-a-cucuta-en-su-primer-amistoso-del-ano\/\"]}]},{\"@type\":\"ImageObject\",\"inLanguage\":\"es\",\"@id\":\"https:\/\/lobosnews.com.ar\/index.php\/2026\/01\/15\/san-lorenzo-cayo-frente-a-cucuta-en-su-primer-amistoso-del-ano\/#primaryimage\",\"url\":\"https:\/\/lobosnews.com.ar\/wp-content\/uploads\/2026\/01\/san-lorenzo-cayo-frente-a-cucuta-en-su-primer-amistoso-del-ano.jpg\",\"contentUrl\":\"https:\/\/lobosnews.com.ar\/wp-content\/uploads\/2026\/01\/san-lorenzo-cayo-frente-a-cucuta-en-su-primer-amistoso-del-ano.jpg\"},{\"@type\":\"BreadcrumbList\",\"@id\":\"https:\/\/lobosnews.com.ar\/index.php\/2026\/01\/15\/san-lorenzo-cayo-frente-a-cucuta-en-su-primer-amistoso-del-ano\/#breadcrumb\",\"itemListElement\":[{\"@type\":\"ListItem\",\"position\":1,\"name\":\"Portada\",\"item\":\"https:\/\/lobosnews.com.ar\/\"},{\"@type\":\"ListItem\",\"position\":2,\"name\":\"San Lorenzo cay\u00f3 frente a C\u00facuta en su primer amistoso del a\u00f1o\"}]},{\"@type\":\"WebSite\",\"@id\":\"https:\/\/lobosnews.com.ar\/#website\",\"url\":\"https:\/\/lobosnews.com.ar\/\",\"name\":\"Lobos News\",\"description\":\"Informaci\u00f3n a cada instante\",\"publisher\":{\"@id\":\"https:\/\/lobosnews.com.ar\/#organization\"},\"potentialAction\":[{\"@type\":\"SearchAction\",\"target\":{\"@type\":\"EntryPoint\",\"urlTemplate\":\"https:\/\/lobosnews.com.ar\/?s={search_term_string}\"},\"query-input\":{\"@type\":\"PropertyValueSpecification\",\"valueRequired\":true,\"valueName\":\"search_term_string\"}}],\"inLanguage\":\"es\"},{\"@type\":\"Organization\",\"@id\":\"https:\/\/lobosnews.com.ar\/#organization\",\"name\":\"Lobos News\",\"url\":\"https:\/\/lobosnews.com.ar\/\",\"logo\":{\"@type\":\"ImageObject\",\"inLanguage\":\"es\",\"@id\":\"https:\/\/lobosnews.com.ar\/#\/schema\/logo\/image\/\",\"url\":\"https:\/\/lobosnews.com.ar\/wp-content\/uploads\/2026\/01\/logo-lobosnews.png\",\"contentUrl\":\"https:\/\/lobosnews.com.ar\/wp-content\/uploads\/2026\/01\/logo-lobosnews.png\",\"width\":500,\"height\":200,\"caption\":\"Lobos News\"},\"image\":{\"@id\":\"https:\/\/lobosnews.com.ar\/#\/schema\/logo\/image\/\"}},{\"@type\":\"Person\",\"@id\":\"https:\/\/lobosnews.com.ar\/#\/schema\/person\/232422a593d5c541dd9aef6aaed10943\",\"name\":\"admin\",\"image\":{\"@type\":\"ImageObject\",\"inLanguage\":\"es\",\"@id\":\"https:\/\/lobosnews.com.ar\/#\/schema\/person\/image\/\",\"url\":\"https:\/\/secure.gravatar.com\/avatar\/76e419471a2083bc3ceab22a763dbbf9b0c1bd15a6214cf3280e2c2dde4580f9?s=96&d=mm&r=g\",\"contentUrl\":\"https:\/\/secure.gravatar.com\/avatar\/76e419471a2083bc3ceab22a763dbbf9b0c1bd15a6214cf3280e2c2dde4580f9?s=96&d=mm&r=g\",\"caption\":\"admin\"},\"sameAs\":[\"https:\/\/lobosnews.com.ar\"],\"url\":\"https:\/\/lobosnews.com.ar\/index.php\/author\/lobos-news\/\"}]}<\/script>\n<!-- \/ Yoast SEO plugin. -->","yoast_head_json":{"title":"San Lorenzo cay\u00f3 frente a C\u00facuta en su primer amistoso del a\u00f1o - Lobos News","robots":{"index":"index","follow":"follow","max-snippet":"max-snippet:-1","max-image-preview":"max-image-preview:large","max-video-preview":"max-video-preview:-1"},"canonical":"https:\/\/lobosnews.com.ar\/index.php\/2026\/01\/15\/san-lorenzo-cayo-frente-a-cucuta-en-su-primer-amistoso-del-ano\/","og_locale":"es_ES","og_type":"article","og_title":"San Lorenzo cay\u00f3 frente a C\u00facuta en su primer amistoso del a\u00f1o - Lobos News","og_description":"San Lorenzo debut\u00f3 en la Serie R\u00edo de La Plata con una derrota por 1-0 ante C\u00facuta Deportivo en Montevideo. El equipo dirigido por Dami\u00e1n Ayude se present\u00f3 en el estadio Luis Franzini con titulares codiciados en el actual mercado, como Jhohan Roma\u00f1a y Alexis Cuello, ambos pretendidos respectivamente por River Plate y Boca Juniors...","og_url":"https:\/\/lobosnews.com.ar\/index.php\/2026\/01\/15\/san-lorenzo-cayo-frente-a-cucuta-en-su-primer-amistoso-del-ano\/","og_site_name":"Lobos News","article_published_time":"2026-01-15T02:37:12+00:00","article_modified_time":"2026-01-15T03:14:27+00:00","og_image":[{"url":"https:\/\/lobosnews.com.ar\/wp-content\/uploads\/2026\/01\/san-lorenzo-cayo-frente-a-cucuta-en-su-primer-amistoso-del-ano.jpg","type":"","width":"","height":""}],"author":"admin","twitter_card":"summary_large_image","twitter_misc":{"Escrito por":"admin","Tiempo de lectura":"3 minutos"},"schema":{"@context":"https:\/\/schema.org","@graph":[{"@type":"Article","@id":"https:\/\/lobosnews.com.ar\/index.php\/2026\/01\/15\/san-lorenzo-cayo-frente-a-cucuta-en-su-primer-amistoso-del-ano\/#article","isPartOf":{"@id":"https:\/\/lobosnews.com.ar\/index.php\/2026\/01\/15\/san-lorenzo-cayo-frente-a-cucuta-en-su-primer-amistoso-del-ano\/"},"author":{"name":"admin","@id":"https:\/\/lobosnews.com.ar\/#\/schema\/person\/232422a593d5c541dd9aef6aaed10943"},"headline":"San Lorenzo cay\u00f3 frente a C\u00facuta en su primer amistoso del a\u00f1o","datePublished":"2026-01-15T02:37:12+00:00","dateModified":"2026-01-15T03:14:27+00:00","mainEntityOfPage":{"@id":"https:\/\/lobosnews.com.ar\/index.php\/2026\/01\/15\/san-lorenzo-cayo-frente-a-cucuta-en-su-primer-amistoso-del-ano\/"},"wordCount":533,"commentCount":0,"publisher":{"@id":"https:\/\/lobosnews.com.ar\/#organization"},"image":{"@id":"https:\/\/lobosnews.com.ar\/index.php\/2026\/01\/15\/san-lorenzo-cayo-frente-a-cucuta-en-su-primer-amistoso-del-ano\/#primaryimage"},"thumbnailUrl":"https:\/\/lobosnews.com.ar\/wp-content\/uploads\/2026\/01\/san-lorenzo-cayo-frente-a-cucuta-en-su-primer-amistoso-del-ano.jpg","keywords":["Deportes"],"articleSection":["Argentina"],"inLanguage":"es","potentialAction":[{"@type":"CommentAction","name":"Comment","target":["https:\/\/lobosnews.com.ar\/index.php\/2026\/01\/15\/san-lorenzo-cayo-frente-a-cucuta-en-su-primer-amistoso-del-ano\/#respond"]}]},{"@type":"WebPage","@id":"https:\/\/lobosnews.com.ar\/index.php\/2026\/01\/15\/san-lorenzo-cayo-frente-a-cucuta-en-su-primer-amistoso-del-ano\/","url":"https:\/\/lobosnews.com.ar\/index.php\/2026\/01\/15\/san-lorenzo-cayo-frente-a-cucuta-en-su-primer-amistoso-del-ano\/","name":"San Lorenzo cay\u00f3 frente a C\u00facuta en su primer amistoso del a\u00f1o - Lobos News","isPartOf":{"@id":"https:\/\/lobosnews.com.ar\/#website"},"primaryImageOfPage":{"@id":"https:\/\/lobosnews.com.ar\/index.php\/2026\/01\/15\/san-lorenzo-cayo-frente-a-cucuta-en-su-primer-amistoso-del-ano\/#primaryimage"},"image":{"@id":"https:\/\/lobosnews.com.ar\/index.php\/2026\/01\/15\/san-lorenzo-cayo-frente-a-cucuta-en-su-primer-amistoso-del-ano\/#primaryimage"},"thumbnailUrl":"https:\/\/lobosnews.com.ar\/wp-content\/uploads\/2026\/01\/san-lorenzo-cayo-frente-a-cucuta-en-su-primer-amistoso-del-ano.jpg","datePublished":"2026-01-15T02:37:12+00:00","dateModified":"2026-01-15T03:14:27+00:00","breadcrumb":{"@id":"https:\/\/lobosnews.com.ar\/index.php\/2026\/01\/15\/san-lorenzo-cayo-frente-a-cucuta-en-su-primer-amistoso-del-ano\/#breadcrumb"},"inLanguage":"es","potentialAction":[{"@type":"ReadAction","target":["https:\/\/lobosnews.com.ar\/index.php\/2026\/01\/15\/san-lorenzo-cayo-frente-a-cucuta-en-su-primer-amistoso-del-ano\/"]}]},{"@type":"ImageObject","inLanguage":"es","@id":"https:\/\/lobosnews.com.ar\/index.php\/2026\/01\/15\/san-lorenzo-cayo-frente-a-cucuta-en-su-primer-amistoso-del-ano\/#primaryimage","url":"https:\/\/lobosnews.com.ar\/wp-content\/uploads\/2026\/01\/san-lorenzo-cayo-frente-a-cucuta-en-su-primer-amistoso-del-ano.jpg","contentUrl":"https:\/\/lobosnews.com.ar\/wp-content\/uploads\/2026\/01\/san-lorenzo-cayo-frente-a-cucuta-en-su-primer-amistoso-del-ano.jpg"},{"@type":"BreadcrumbList","@id":"https:\/\/lobosnews.com.ar\/index.php\/2026\/01\/15\/san-lorenzo-cayo-frente-a-cucuta-en-su-primer-amistoso-del-ano\/#breadcrumb","itemListElement":[{"@type":"ListItem","position":1,"name":"Portada","item":"https:\/\/lobosnews.com.ar\/"},{"@type":"ListItem","position":2,"name":"San Lorenzo cay\u00f3 frente a C\u00facuta en su primer amistoso del a\u00f1o"}]},{"@type":"WebSite","@id":"https:\/\/lobosnews.com.ar\/#website","url":"https:\/\/lobosnews.com.ar\/","name":"Lobos News","description":"Informaci\u00f3n a cada instante","publisher":{"@id":"https:\/\/lobosnews.com.ar\/#organization"},"potentialAction":[{"@type":"SearchAction","target":{"@type":"EntryPoint","urlTemplate":"https:\/\/lobosnews.com.ar\/?s={search_term_string}"},"query-input":{"@type":"PropertyValueSpecification","valueRequired":true,"valueName":"search_term_string"}}],"inLanguage":"es"},{"@type":"Organization","@id":"https:\/\/lobosnews.com.ar\/#organization","name":"Lobos News","url":"https:\/\/lobosnews.com.ar\/","logo":{"@type":"ImageObject","inLanguage":"es","@id":"https:\/\/lobosnews.com.ar\/#\/schema\/logo\/image\/","url":"https:\/\/lobosnews.com.ar\/wp-content\/uploads\/2026\/01\/logo-lobosnews.png","contentUrl":"https:\/\/lobosnews.com.ar\/wp-content\/uploads\/2026\/01\/logo-lobosnews.png","width":500,"height":200,"caption":"Lobos News"},"image":{"@id":"https:\/\/lobosnews.com.ar\/#\/schema\/logo\/image\/"}},{"@type":"Person","@id":"https:\/\/lobosnews.com.ar\/#\/schema\/person\/232422a593d5c541dd9aef6aaed10943","name":"admin","image":{"@type":"ImageObject","inLanguage":"es","@id":"https:\/\/lobosnews.com.ar\/#\/schema\/person\/image\/","url":"https:\/\/secure.gravatar.com\/avatar\/76e419471a2083bc3ceab22a763dbbf9b0c1bd15a6214cf3280e2c2dde4580f9?s=96&d=mm&r=g","contentUrl":"https:\/\/secure.gravatar.com\/avatar\/76e419471a2083bc3ceab22a763dbbf9b0c1bd15a6214cf3280e2c2dde4580f9?s=96&d=mm&r=g","caption":"admin"},"sameAs":["https:\/\/lobosnews.com.ar"],"url":"https:\/\/lobosnews.com.ar\/index.php\/author\/lobos-news\/"}]}},"jetpack_featured_media_url":"","jetpack_sharing_enabled":true,"_links":{"self":[{"href":"https:\/\/lobosnews.com.ar\/index.php\/wp-json\/wp\/v2\/posts\/6597","targetHints":{"allow":["GET"]}}],"collection":[{"href":"https:\/\/lobosnews.com.ar\/index.php\/wp-json\/wp\/v2\/posts"}],"about":[{"href":"https:\/\/lobosnews.com.ar\/index.php\/wp-json\/wp\/v2\/types\/post"}],"author":[{"embeddable":true,"href":"https:\/\/lobosnews.com.ar\/index.php\/wp-json\/wp\/v2\/users\/1"}],"replies":[{"embeddable":true,"href":"https:\/\/lobosnews.com.ar\/index.php\/wp-json\/wp\/v2\/comments?post=6597"}],"version-history":[{"count":1,"href":"https:\/\/lobosnews.com.ar\/index.php\/wp-json\/wp\/v2\/posts\/6597\/revisions"}],"predecessor-version":[{"id":6599,"href":"https:\/\/lobosnews.com.ar\/index.php\/wp-json\/wp\/v2\/posts\/6597\/revisions\/6599"}],"wp:attachment":[{"href":"https:\/\/lobosnews.com.ar\/index.php\/wp-json\/wp\/v2\/media?parent=6597"}],"wp:term":[{"taxonomy":"category","embeddable":true,"href":"https:\/\/lobosnews.com.ar\/index.php\/wp-json\/wp\/v2\/categories?post=6597"},{"taxonomy":"post_tag","embeddable":true,"href":"https:\/\/lobosnews.com.ar\/index.php\/wp-json\/wp\/v2\/tags?post=6597"}],"curies":[{"name":"wp","href":"https:\/\/api.w.org\/{rel}","templated":true}]}}