{"id":6123,"date":"2026-01-14T01:33:52","date_gmt":"2026-01-14T01:33:52","guid":{"rendered":"https:\/\/lobosnews.com.ar\/index.php\/2026\/01\/14\/la-incomoda-situacion-que-afronta-yuki-tsunoda-tras-quedarse-sin-butaca-en-la-formula-1\/"},"modified":"2026-01-14T03:08:37","modified_gmt":"2026-01-14T03:08:37","slug":"la-incomoda-situacion-que-afronta-yuki-tsunoda-tras-quedarse-sin-butaca-en-la-formula-1","status":"publish","type":"post","link":"https:\/\/lobosnews.com.ar\/index.php\/2026\/01\/14\/la-incomoda-situacion-que-afronta-yuki-tsunoda-tras-quedarse-sin-butaca-en-la-formula-1\/","title":{"rendered":"La inc\u00f3moda situaci\u00f3n que afronta Yuki Tsunoda tras quedarse sin butaca en la F\u00f3rmula 1"},"content":{"rendered":"<p><img loading=\"lazy\" decoding=\"async\" src=\"https:\/\/lobosnews.com.ar\/wp-content\/uploads\/2026\/01\/la-incomoda-situacion-que-afronta-yuki-tsunoda-tras-quedarse-sin-butaca-en-la-formula-1.jpg\" alt=\"Yuki Tsunoda, en el cierre de la temporada 2025 en Arabia Saudita (REUTERS\/Jakub Porzycki)\" height=\"1968\" width=\"2808\"\/><\/p>\n<p><b>Yuki Tsunoda<\/b>, piloto japon\u00e9s surgido del <b>programa de desarrollo de Honda<\/b>, atraviesa una etapa de incertidumbre en la <b>F\u00f3rmula 1<\/b> de cara a la temporada 2026. Tras haber quedado fuera de su <b>asiento titular<\/b> y ser designado <b>piloto reserva<\/b> de <b>Red Bull<\/b>, la nueva alianza entre la escuder\u00eda austriaca y <b>Ford<\/b> para el desarrollo de la <b>unidad de potencia<\/b> complica su futuro, seg\u00fan Motorsport.com.<\/p>\n<p>El lazo de Tsunoda con <b>Honda<\/b> se remonta a 2016, cuando comenz\u00f3 su formaci\u00f3n en monoplazas bajo el ala del fabricante japon\u00e9s. Gan\u00f3 el campeonato japon\u00e9s de F4 en 2018 y ascendi\u00f3 r\u00e1pidamente a las categor\u00edas europeas, sumando \u00e9xitos en F3 y F2 antes de debutar en la F\u00f3rmula 1 con la escuadra filial de Red Bull en 2021.<\/p>\n<p>Tras cuatro temporadas con la estructura de Faenza, Tsunoda pas\u00f3 a ocupar un puesto de piloto en Red Bull en 2025, luego de sustituir a <b>Liam Lawson<\/b> para convertirse en el compa\u00f1ero de <b>Max Verstappen<\/b>. Sin embargo, su prestaci\u00f3n irregular deriv\u00f3 en que su permanencia como titular en la m\u00e1xima categor\u00eda qued\u00f3 en pausa, un reflejo de la fragilidad que enfrentan muchos j\u00f3venes en este entorno.<\/p>\n<p>En 2026, <b>Red Bull<\/b> emprender\u00e1 el desarrollo propio de su <b>motor<\/b> junto a <b>Ford<\/b>, desplazando a Honda como proveedor. Ahora, Honda solo suministra propulsores a <b>Aston Martin<\/b>, lo que reduce la participaci\u00f3n del fabricante japon\u00e9s en la estructura de Red Bull, seg\u00fan Motorsport.com.<\/p>\n<p>La designaci\u00f3n del nip\u00f3n como piloto reserva de Red Bull se produjo al confirmarse el ascenso de <b>Isack Hadjar<\/b> como compa\u00f1ero de <b>Verstappen<\/b> para la nueva temporada. Este cambio ocurri\u00f3 en un momento en el que la desvinculaci\u00f3n de Honda, sumada al desembarco de Ford, dej\u00f3 a Tsunoda en una posici\u00f3n contractualmente incierta.<\/p>\n<p>La clave del bloqueo contractual reside en que las negociaciones actuales se realizan entre <b>Honda<\/b> y <b>Red Bull<\/b>, no directamente con Tsunoda. Koji Watanabe, presidente de <b>Honda Racing Corporation<\/b>, explic\u00f3 a Motorsport.com que \u201clas negociaciones est\u00e1n en curso, por lo que todav\u00eda no se ha cerrado ning\u00fan acuerdo espec\u00edfico. Esto se debatir\u00e1 en futuras conversaciones\u201d. Watanabe agreg\u00f3: \u201cDesde la perspectiva de Honda, no hay ning\u00fan problema. El punto clave es c\u00f3mo Ford, o mejor dicho Red Bull, ve la situaci\u00f3n\u201d.<\/p>\n<p>El ejecutivo subray\u00f3 que, dependiendo de las condiciones que establezca la escuder\u00eda de la bebida energizante, el margen de maniobra de Honda sobre el futuro de Tsunoda puede variar ampliamente. Adem\u00e1s, recalc\u00f3 que las negociaciones no involucran directamente al piloto, sino exclusivamente a los fabricantes y a la escuder\u00eda.<\/p>\n<p>A partir de 2026, la colaboraci\u00f3n de <b>Honda<\/b> con <b>Aston Martin<\/b> seguir\u00e1 centrada en el suministro de motores, sin extenderse a un programa conjunto de formaci\u00f3n de pilotos como el que antes exist\u00eda con Red Bull. As\u00ed, la firma mantiene su propio sistema de promoci\u00f3n, en el que nuevos talentos como <b>Taito Kato<\/b> contin\u00faan su desarrollo en las categor\u00edas formativas, con opciones de ser recomendados individualmente a sus socios si demuestran potencial.<\/p>\n<p>El caso de <span class=\"waslinkname\"><b>Jack Doohan<\/b>, quien qued\u00f3 fuera de <b>Alpine<\/b><\/span> -en 2025 fue desplazado por el argentino <b>Franco Colapinto<\/b>&#8211; y buscar\u00e1 nuevas oportunidades en otras categor\u00edas, ejemplifica la volatilidad del mercado de pilotos en la F\u00f3rmula 1.<\/p>\n<p>Actualmente, Honda reitera su compromiso de apoyar a sus j\u00f3venes talentos hasta la antesala de la F1, con la posibilidad de promover a aquellos que acrediten nivel competitivo hacia equipos como Aston Martin, siempre que las condiciones lo permitan.<\/p>\n","protected":false},"excerpt":{"rendered":"<p>Yuki Tsunoda, piloto japon\u00e9s surgido del programa de desarrollo de Honda, atraviesa una etapa de incertidumbre en la F\u00f3rmula 1 de cara a la temporada 2026. Tras haber quedado fuera de su asiento titular y ser designado piloto reserva de Red Bull, la nueva alianza entre la escuder\u00eda austriaca y Ford para el desarrollo de&#8230;<\/p>\n","protected":false},"author":1,"featured_media":0,"comment_status":"open","ping_status":"closed","sticky":false,"template":"","format":"standard","meta":{"_jetpack_memberships_contains_paid_content":false,"footnotes":""},"categories":[30],"tags":[39],"class_list":["post-6123","post","type-post","status-publish","format-standard","hentry","category-argentina","tag-deportes"],"magazineBlocksPostFeaturedMedia":{"thumbnail":false,"medium":false,"medium_large":false,"large":false,"1536x1536":false,"2048x2048":false,"newsmatic-featured":false,"newsmatic-list":false,"newsmatic-thumb":false,"newsmatic-small":false,"newsmatic-grid":false},"magazineBlocksPostAuthor":{"name":"admin","avatar":"https:\/\/secure.gravatar.com\/avatar\/76e419471a2083bc3ceab22a763dbbf9b0c1bd15a6214cf3280e2c2dde4580f9?s=96&d=mm&r=g"},"magazineBlocksPostCommentsNumber":"0","magazineBlocksPostExcerpt":"Yuki Tsunoda, piloto japon\u00e9s surgido del programa de desarrollo de Honda, atraviesa una etapa de incertidumbre en la F\u00f3rmula 1 de cara a la temporada 2026. Tras haber quedado fuera de su asiento titular y ser designado piloto reserva de Red Bull, la nueva alianza entre la escuder\u00eda austriaca y Ford para el desarrollo de...","magazineBlocksPostCategories":["Argentina"],"magazineBlocksPostViewCount":134,"magazineBlocksPostReadTime":3,"magazine_blocks_featured_image_url":{"full":false,"medium":false,"thumbnail":false},"magazine_blocks_author":{"display_name":"admin","author_link":"https:\/\/lobosnews.com.ar\/index.php\/author\/lobos-news\/"},"magazine_blocks_comment":0,"magazine_blocks_author_image":"https:\/\/secure.gravatar.com\/avatar\/76e419471a2083bc3ceab22a763dbbf9b0c1bd15a6214cf3280e2c2dde4580f9?s=96&d=mm&r=g","magazine_blocks_category":"<a href=\"#\" class=\"category-link category-link-30\">Argentina<\/a>","yoast_head":"<!-- This site is optimized with the Yoast SEO plugin v26.6 - https:\/\/yoast.com\/wordpress\/plugins\/seo\/ -->\n<title>La inc\u00f3moda situaci\u00f3n que afronta Yuki Tsunoda tras quedarse sin butaca en la F\u00f3rmula 1 - Lobos News<\/title>\n<meta name=\"robots\" content=\"index, follow, max-snippet:-1, max-image-preview:large, max-video-preview:-1\" \/>\n<link rel=\"canonical\" href=\"https:\/\/lobosnews.com.ar\/index.php\/2026\/01\/14\/la-incomoda-situacion-que-afronta-yuki-tsunoda-tras-quedarse-sin-butaca-en-la-formula-1\/\" \/>\n<meta property=\"og:locale\" content=\"es_ES\" \/>\n<meta property=\"og:type\" content=\"article\" \/>\n<meta property=\"og:title\" content=\"La inc\u00f3moda situaci\u00f3n que afronta Yuki Tsunoda tras quedarse sin butaca en la F\u00f3rmula 1 - Lobos News\" \/>\n<meta property=\"og:description\" content=\"Yuki Tsunoda, piloto japon\u00e9s surgido del programa de desarrollo de Honda, atraviesa una etapa de incertidumbre en la F\u00f3rmula 1 de cara a la temporada 2026. Tras haber quedado fuera de su asiento titular y ser designado piloto reserva de Red Bull, la nueva alianza entre la escuder\u00eda austriaca y Ford para el desarrollo de...\" \/>\n<meta property=\"og:url\" content=\"https:\/\/lobosnews.com.ar\/index.php\/2026\/01\/14\/la-incomoda-situacion-que-afronta-yuki-tsunoda-tras-quedarse-sin-butaca-en-la-formula-1\/\" \/>\n<meta property=\"og:site_name\" content=\"Lobos News\" \/>\n<meta property=\"article:published_time\" content=\"2026-01-14T01:33:52+00:00\" \/>\n<meta property=\"article:modified_time\" content=\"2026-01-14T03:08:37+00:00\" \/>\n<meta property=\"og:image\" content=\"https:\/\/lobosnews.com.ar\/wp-content\/uploads\/2026\/01\/la-incomoda-situacion-que-afronta-yuki-tsunoda-tras-quedarse-sin-butaca-en-la-formula-1.jpg\" \/>\n<meta name=\"author\" content=\"admin\" \/>\n<meta name=\"twitter:card\" content=\"summary_large_image\" \/>\n<meta name=\"twitter:label1\" content=\"Escrito por\" \/>\n\t<meta name=\"twitter:data1\" content=\"admin\" \/>\n\t<meta name=\"twitter:label2\" content=\"Tiempo de lectura\" \/>\n\t<meta name=\"twitter:data2\" content=\"3 minutos\" \/>\n<script type=\"application\/ld+json\" class=\"yoast-schema-graph\">{\"@context\":\"https:\/\/schema.org\",\"@graph\":[{\"@type\":\"Article\",\"@id\":\"https:\/\/lobosnews.com.ar\/index.php\/2026\/01\/14\/la-incomoda-situacion-que-afronta-yuki-tsunoda-tras-quedarse-sin-butaca-en-la-formula-1\/#article\",\"isPartOf\":{\"@id\":\"https:\/\/lobosnews.com.ar\/index.php\/2026\/01\/14\/la-incomoda-situacion-que-afronta-yuki-tsunoda-tras-quedarse-sin-butaca-en-la-formula-1\/\"},\"author\":{\"name\":\"admin\",\"@id\":\"https:\/\/lobosnews.com.ar\/#\/schema\/person\/232422a593d5c541dd9aef6aaed10943\"},\"headline\":\"La inc\u00f3moda situaci\u00f3n que afronta Yuki Tsunoda tras quedarse sin butaca en la F\u00f3rmula 1\",\"datePublished\":\"2026-01-14T01:33:52+00:00\",\"dateModified\":\"2026-01-14T03:08:37+00:00\",\"mainEntityOfPage\":{\"@id\":\"https:\/\/lobosnews.com.ar\/index.php\/2026\/01\/14\/la-incomoda-situacion-que-afronta-yuki-tsunoda-tras-quedarse-sin-butaca-en-la-formula-1\/\"},\"wordCount\":613,\"commentCount\":0,\"publisher\":{\"@id\":\"https:\/\/lobosnews.com.ar\/#organization\"},\"image\":{\"@id\":\"https:\/\/lobosnews.com.ar\/index.php\/2026\/01\/14\/la-incomoda-situacion-que-afronta-yuki-tsunoda-tras-quedarse-sin-butaca-en-la-formula-1\/#primaryimage\"},\"thumbnailUrl\":\"https:\/\/lobosnews.com.ar\/wp-content\/uploads\/2026\/01\/la-incomoda-situacion-que-afronta-yuki-tsunoda-tras-quedarse-sin-butaca-en-la-formula-1.jpg\",\"keywords\":[\"Deportes\"],\"articleSection\":[\"Argentina\"],\"inLanguage\":\"es\",\"potentialAction\":[{\"@type\":\"CommentAction\",\"name\":\"Comment\",\"target\":[\"https:\/\/lobosnews.com.ar\/index.php\/2026\/01\/14\/la-incomoda-situacion-que-afronta-yuki-tsunoda-tras-quedarse-sin-butaca-en-la-formula-1\/#respond\"]}]},{\"@type\":\"WebPage\",\"@id\":\"https:\/\/lobosnews.com.ar\/index.php\/2026\/01\/14\/la-incomoda-situacion-que-afronta-yuki-tsunoda-tras-quedarse-sin-butaca-en-la-formula-1\/\",\"url\":\"https:\/\/lobosnews.com.ar\/index.php\/2026\/01\/14\/la-incomoda-situacion-que-afronta-yuki-tsunoda-tras-quedarse-sin-butaca-en-la-formula-1\/\",\"name\":\"La inc\u00f3moda situaci\u00f3n que afronta Yuki Tsunoda tras quedarse sin butaca en la F\u00f3rmula 1 - Lobos News\",\"isPartOf\":{\"@id\":\"https:\/\/lobosnews.com.ar\/#website\"},\"primaryImageOfPage\":{\"@id\":\"https:\/\/lobosnews.com.ar\/index.php\/2026\/01\/14\/la-incomoda-situacion-que-afronta-yuki-tsunoda-tras-quedarse-sin-butaca-en-la-formula-1\/#primaryimage\"},\"image\":{\"@id\":\"https:\/\/lobosnews.com.ar\/index.php\/2026\/01\/14\/la-incomoda-situacion-que-afronta-yuki-tsunoda-tras-quedarse-sin-butaca-en-la-formula-1\/#primaryimage\"},\"thumbnailUrl\":\"https:\/\/lobosnews.com.ar\/wp-content\/uploads\/2026\/01\/la-incomoda-situacion-que-afronta-yuki-tsunoda-tras-quedarse-sin-butaca-en-la-formula-1.jpg\",\"datePublished\":\"2026-01-14T01:33:52+00:00\",\"dateModified\":\"2026-01-14T03:08:37+00:00\",\"breadcrumb\":{\"@id\":\"https:\/\/lobosnews.com.ar\/index.php\/2026\/01\/14\/la-incomoda-situacion-que-afronta-yuki-tsunoda-tras-quedarse-sin-butaca-en-la-formula-1\/#breadcrumb\"},\"inLanguage\":\"es\",\"potentialAction\":[{\"@type\":\"ReadAction\",\"target\":[\"https:\/\/lobosnews.com.ar\/index.php\/2026\/01\/14\/la-incomoda-situacion-que-afronta-yuki-tsunoda-tras-quedarse-sin-butaca-en-la-formula-1\/\"]}]},{\"@type\":\"ImageObject\",\"inLanguage\":\"es\",\"@id\":\"https:\/\/lobosnews.com.ar\/index.php\/2026\/01\/14\/la-incomoda-situacion-que-afronta-yuki-tsunoda-tras-quedarse-sin-butaca-en-la-formula-1\/#primaryimage\",\"url\":\"https:\/\/lobosnews.com.ar\/wp-content\/uploads\/2026\/01\/la-incomoda-situacion-que-afronta-yuki-tsunoda-tras-quedarse-sin-butaca-en-la-formula-1.jpg\",\"contentUrl\":\"https:\/\/lobosnews.com.ar\/wp-content\/uploads\/2026\/01\/la-incomoda-situacion-que-afronta-yuki-tsunoda-tras-quedarse-sin-butaca-en-la-formula-1.jpg\"},{\"@type\":\"BreadcrumbList\",\"@id\":\"https:\/\/lobosnews.com.ar\/index.php\/2026\/01\/14\/la-incomoda-situacion-que-afronta-yuki-tsunoda-tras-quedarse-sin-butaca-en-la-formula-1\/#breadcrumb\",\"itemListElement\":[{\"@type\":\"ListItem\",\"position\":1,\"name\":\"Portada\",\"item\":\"https:\/\/lobosnews.com.ar\/\"},{\"@type\":\"ListItem\",\"position\":2,\"name\":\"La inc\u00f3moda situaci\u00f3n que afronta Yuki Tsunoda tras quedarse sin butaca en la F\u00f3rmula 1\"}]},{\"@type\":\"WebSite\",\"@id\":\"https:\/\/lobosnews.com.ar\/#website\",\"url\":\"https:\/\/lobosnews.com.ar\/\",\"name\":\"Lobos News\",\"description\":\"Informaci\u00f3n a cada instante\",\"publisher\":{\"@id\":\"https:\/\/lobosnews.com.ar\/#organization\"},\"potentialAction\":[{\"@type\":\"SearchAction\",\"target\":{\"@type\":\"EntryPoint\",\"urlTemplate\":\"https:\/\/lobosnews.com.ar\/?s={search_term_string}\"},\"query-input\":{\"@type\":\"PropertyValueSpecification\",\"valueRequired\":true,\"valueName\":\"search_term_string\"}}],\"inLanguage\":\"es\"},{\"@type\":\"Organization\",\"@id\":\"https:\/\/lobosnews.com.ar\/#organization\",\"name\":\"Lobos News\",\"url\":\"https:\/\/lobosnews.com.ar\/\",\"logo\":{\"@type\":\"ImageObject\",\"inLanguage\":\"es\",\"@id\":\"https:\/\/lobosnews.com.ar\/#\/schema\/logo\/image\/\",\"url\":\"https:\/\/lobosnews.com.ar\/wp-content\/uploads\/2026\/01\/logo-lobosnews.png\",\"contentUrl\":\"https:\/\/lobosnews.com.ar\/wp-content\/uploads\/2026\/01\/logo-lobosnews.png\",\"width\":500,\"height\":200,\"caption\":\"Lobos News\"},\"image\":{\"@id\":\"https:\/\/lobosnews.com.ar\/#\/schema\/logo\/image\/\"}},{\"@type\":\"Person\",\"@id\":\"https:\/\/lobosnews.com.ar\/#\/schema\/person\/232422a593d5c541dd9aef6aaed10943\",\"name\":\"admin\",\"image\":{\"@type\":\"ImageObject\",\"inLanguage\":\"es\",\"@id\":\"https:\/\/lobosnews.com.ar\/#\/schema\/person\/image\/\",\"url\":\"https:\/\/secure.gravatar.com\/avatar\/76e419471a2083bc3ceab22a763dbbf9b0c1bd15a6214cf3280e2c2dde4580f9?s=96&d=mm&r=g\",\"contentUrl\":\"https:\/\/secure.gravatar.com\/avatar\/76e419471a2083bc3ceab22a763dbbf9b0c1bd15a6214cf3280e2c2dde4580f9?s=96&d=mm&r=g\",\"caption\":\"admin\"},\"sameAs\":[\"https:\/\/lobosnews.com.ar\"],\"url\":\"https:\/\/lobosnews.com.ar\/index.php\/author\/lobos-news\/\"}]}<\/script>\n<!-- \/ Yoast SEO plugin. -->","yoast_head_json":{"title":"La inc\u00f3moda situaci\u00f3n que afronta Yuki Tsunoda tras quedarse sin butaca en la F\u00f3rmula 1 - Lobos News","robots":{"index":"index","follow":"follow","max-snippet":"max-snippet:-1","max-image-preview":"max-image-preview:large","max-video-preview":"max-video-preview:-1"},"canonical":"https:\/\/lobosnews.com.ar\/index.php\/2026\/01\/14\/la-incomoda-situacion-que-afronta-yuki-tsunoda-tras-quedarse-sin-butaca-en-la-formula-1\/","og_locale":"es_ES","og_type":"article","og_title":"La inc\u00f3moda situaci\u00f3n que afronta Yuki Tsunoda tras quedarse sin butaca en la F\u00f3rmula 1 - Lobos News","og_description":"Yuki Tsunoda, piloto japon\u00e9s surgido del programa de desarrollo de Honda, atraviesa una etapa de incertidumbre en la F\u00f3rmula 1 de cara a la temporada 2026. Tras haber quedado fuera de su asiento titular y ser designado piloto reserva de Red Bull, la nueva alianza entre la escuder\u00eda austriaca y Ford para el desarrollo de...","og_url":"https:\/\/lobosnews.com.ar\/index.php\/2026\/01\/14\/la-incomoda-situacion-que-afronta-yuki-tsunoda-tras-quedarse-sin-butaca-en-la-formula-1\/","og_site_name":"Lobos News","article_published_time":"2026-01-14T01:33:52+00:00","article_modified_time":"2026-01-14T03:08:37+00:00","og_image":[{"url":"https:\/\/lobosnews.com.ar\/wp-content\/uploads\/2026\/01\/la-incomoda-situacion-que-afronta-yuki-tsunoda-tras-quedarse-sin-butaca-en-la-formula-1.jpg","type":"","width":"","height":""}],"author":"admin","twitter_card":"summary_large_image","twitter_misc":{"Escrito por":"admin","Tiempo de lectura":"3 minutos"},"schema":{"@context":"https:\/\/schema.org","@graph":[{"@type":"Article","@id":"https:\/\/lobosnews.com.ar\/index.php\/2026\/01\/14\/la-incomoda-situacion-que-afronta-yuki-tsunoda-tras-quedarse-sin-butaca-en-la-formula-1\/#article","isPartOf":{"@id":"https:\/\/lobosnews.com.ar\/index.php\/2026\/01\/14\/la-incomoda-situacion-que-afronta-yuki-tsunoda-tras-quedarse-sin-butaca-en-la-formula-1\/"},"author":{"name":"admin","@id":"https:\/\/lobosnews.com.ar\/#\/schema\/person\/232422a593d5c541dd9aef6aaed10943"},"headline":"La inc\u00f3moda situaci\u00f3n que afronta Yuki Tsunoda tras quedarse sin butaca en la F\u00f3rmula 1","datePublished":"2026-01-14T01:33:52+00:00","dateModified":"2026-01-14T03:08:37+00:00","mainEntityOfPage":{"@id":"https:\/\/lobosnews.com.ar\/index.php\/2026\/01\/14\/la-incomoda-situacion-que-afronta-yuki-tsunoda-tras-quedarse-sin-butaca-en-la-formula-1\/"},"wordCount":613,"commentCount":0,"publisher":{"@id":"https:\/\/lobosnews.com.ar\/#organization"},"image":{"@id":"https:\/\/lobosnews.com.ar\/index.php\/2026\/01\/14\/la-incomoda-situacion-que-afronta-yuki-tsunoda-tras-quedarse-sin-butaca-en-la-formula-1\/#primaryimage"},"thumbnailUrl":"https:\/\/lobosnews.com.ar\/wp-content\/uploads\/2026\/01\/la-incomoda-situacion-que-afronta-yuki-tsunoda-tras-quedarse-sin-butaca-en-la-formula-1.jpg","keywords":["Deportes"],"articleSection":["Argentina"],"inLanguage":"es","potentialAction":[{"@type":"CommentAction","name":"Comment","target":["https:\/\/lobosnews.com.ar\/index.php\/2026\/01\/14\/la-incomoda-situacion-que-afronta-yuki-tsunoda-tras-quedarse-sin-butaca-en-la-formula-1\/#respond"]}]},{"@type":"WebPage","@id":"https:\/\/lobosnews.com.ar\/index.php\/2026\/01\/14\/la-incomoda-situacion-que-afronta-yuki-tsunoda-tras-quedarse-sin-butaca-en-la-formula-1\/","url":"https:\/\/lobosnews.com.ar\/index.php\/2026\/01\/14\/la-incomoda-situacion-que-afronta-yuki-tsunoda-tras-quedarse-sin-butaca-en-la-formula-1\/","name":"La inc\u00f3moda situaci\u00f3n que afronta Yuki Tsunoda tras quedarse sin butaca en la F\u00f3rmula 1 - Lobos News","isPartOf":{"@id":"https:\/\/lobosnews.com.ar\/#website"},"primaryImageOfPage":{"@id":"https:\/\/lobosnews.com.ar\/index.php\/2026\/01\/14\/la-incomoda-situacion-que-afronta-yuki-tsunoda-tras-quedarse-sin-butaca-en-la-formula-1\/#primaryimage"},"image":{"@id":"https:\/\/lobosnews.com.ar\/index.php\/2026\/01\/14\/la-incomoda-situacion-que-afronta-yuki-tsunoda-tras-quedarse-sin-butaca-en-la-formula-1\/#primaryimage"},"thumbnailUrl":"https:\/\/lobosnews.com.ar\/wp-content\/uploads\/2026\/01\/la-incomoda-situacion-que-afronta-yuki-tsunoda-tras-quedarse-sin-butaca-en-la-formula-1.jpg","datePublished":"2026-01-14T01:33:52+00:00","dateModified":"2026-01-14T03:08:37+00:00","breadcrumb":{"@id":"https:\/\/lobosnews.com.ar\/index.php\/2026\/01\/14\/la-incomoda-situacion-que-afronta-yuki-tsunoda-tras-quedarse-sin-butaca-en-la-formula-1\/#breadcrumb"},"inLanguage":"es","potentialAction":[{"@type":"ReadAction","target":["https:\/\/lobosnews.com.ar\/index.php\/2026\/01\/14\/la-incomoda-situacion-que-afronta-yuki-tsunoda-tras-quedarse-sin-butaca-en-la-formula-1\/"]}]},{"@type":"ImageObject","inLanguage":"es","@id":"https:\/\/lobosnews.com.ar\/index.php\/2026\/01\/14\/la-incomoda-situacion-que-afronta-yuki-tsunoda-tras-quedarse-sin-butaca-en-la-formula-1\/#primaryimage","url":"https:\/\/lobosnews.com.ar\/wp-content\/uploads\/2026\/01\/la-incomoda-situacion-que-afronta-yuki-tsunoda-tras-quedarse-sin-butaca-en-la-formula-1.jpg","contentUrl":"https:\/\/lobosnews.com.ar\/wp-content\/uploads\/2026\/01\/la-incomoda-situacion-que-afronta-yuki-tsunoda-tras-quedarse-sin-butaca-en-la-formula-1.jpg"},{"@type":"BreadcrumbList","@id":"https:\/\/lobosnews.com.ar\/index.php\/2026\/01\/14\/la-incomoda-situacion-que-afronta-yuki-tsunoda-tras-quedarse-sin-butaca-en-la-formula-1\/#breadcrumb","itemListElement":[{"@type":"ListItem","position":1,"name":"Portada","item":"https:\/\/lobosnews.com.ar\/"},{"@type":"ListItem","position":2,"name":"La inc\u00f3moda situaci\u00f3n que afronta Yuki Tsunoda tras quedarse sin butaca en la F\u00f3rmula 1"}]},{"@type":"WebSite","@id":"https:\/\/lobosnews.com.ar\/#website","url":"https:\/\/lobosnews.com.ar\/","name":"Lobos News","description":"Informaci\u00f3n a cada instante","publisher":{"@id":"https:\/\/lobosnews.com.ar\/#organization"},"potentialAction":[{"@type":"SearchAction","target":{"@type":"EntryPoint","urlTemplate":"https:\/\/lobosnews.com.ar\/?s={search_term_string}"},"query-input":{"@type":"PropertyValueSpecification","valueRequired":true,"valueName":"search_term_string"}}],"inLanguage":"es"},{"@type":"Organization","@id":"https:\/\/lobosnews.com.ar\/#organization","name":"Lobos News","url":"https:\/\/lobosnews.com.ar\/","logo":{"@type":"ImageObject","inLanguage":"es","@id":"https:\/\/lobosnews.com.ar\/#\/schema\/logo\/image\/","url":"https:\/\/lobosnews.com.ar\/wp-content\/uploads\/2026\/01\/logo-lobosnews.png","contentUrl":"https:\/\/lobosnews.com.ar\/wp-content\/uploads\/2026\/01\/logo-lobosnews.png","width":500,"height":200,"caption":"Lobos News"},"image":{"@id":"https:\/\/lobosnews.com.ar\/#\/schema\/logo\/image\/"}},{"@type":"Person","@id":"https:\/\/lobosnews.com.ar\/#\/schema\/person\/232422a593d5c541dd9aef6aaed10943","name":"admin","image":{"@type":"ImageObject","inLanguage":"es","@id":"https:\/\/lobosnews.com.ar\/#\/schema\/person\/image\/","url":"https:\/\/secure.gravatar.com\/avatar\/76e419471a2083bc3ceab22a763dbbf9b0c1bd15a6214cf3280e2c2dde4580f9?s=96&d=mm&r=g","contentUrl":"https:\/\/secure.gravatar.com\/avatar\/76e419471a2083bc3ceab22a763dbbf9b0c1bd15a6214cf3280e2c2dde4580f9?s=96&d=mm&r=g","caption":"admin"},"sameAs":["https:\/\/lobosnews.com.ar"],"url":"https:\/\/lobosnews.com.ar\/index.php\/author\/lobos-news\/"}]}},"jetpack_featured_media_url":"","jetpack_sharing_enabled":true,"_links":{"self":[{"href":"https:\/\/lobosnews.com.ar\/index.php\/wp-json\/wp\/v2\/posts\/6123","targetHints":{"allow":["GET"]}}],"collection":[{"href":"https:\/\/lobosnews.com.ar\/index.php\/wp-json\/wp\/v2\/posts"}],"about":[{"href":"https:\/\/lobosnews.com.ar\/index.php\/wp-json\/wp\/v2\/types\/post"}],"author":[{"embeddable":true,"href":"https:\/\/lobosnews.com.ar\/index.php\/wp-json\/wp\/v2\/users\/1"}],"replies":[{"embeddable":true,"href":"https:\/\/lobosnews.com.ar\/index.php\/wp-json\/wp\/v2\/comments?post=6123"}],"version-history":[{"count":1,"href":"https:\/\/lobosnews.com.ar\/index.php\/wp-json\/wp\/v2\/posts\/6123\/revisions"}],"predecessor-version":[{"id":6125,"href":"https:\/\/lobosnews.com.ar\/index.php\/wp-json\/wp\/v2\/posts\/6123\/revisions\/6125"}],"wp:attachment":[{"href":"https:\/\/lobosnews.com.ar\/index.php\/wp-json\/wp\/v2\/media?parent=6123"}],"wp:term":[{"taxonomy":"category","embeddable":true,"href":"https:\/\/lobosnews.com.ar\/index.php\/wp-json\/wp\/v2\/categories?post=6123"},{"taxonomy":"post_tag","embeddable":true,"href":"https:\/\/lobosnews.com.ar\/index.php\/wp-json\/wp\/v2\/tags?post=6123"}],"curies":[{"name":"wp","href":"https:\/\/api.w.org\/{rel}","templated":true}]}}