{"id":47953,"date":"2026-04-30T20:20:14","date_gmt":"2026-04-30T20:20:14","guid":{"rendered":"https:\/\/lobosnews.com.ar\/index.php\/2026\/04\/30\/pablo-boczkowski-analizo-el-alcance-global-del-modelo-de-daniel-hadad-en-el-periodismo-en-espanol\/"},"modified":"2026-04-30T21:31:33","modified_gmt":"2026-04-30T21:31:33","slug":"pablo-boczkowski-analizo-el-alcance-global-del-modelo-de-daniel-hadad-en-el-periodismo-en-espanol","status":"publish","type":"post","link":"https:\/\/lobosnews.com.ar\/index.php\/2026\/04\/30\/pablo-boczkowski-analizo-el-alcance-global-del-modelo-de-daniel-hadad-en-el-periodismo-en-espanol\/","title":{"rendered":"Pablo Boczkowski analiz\u00f3 el alcance global del modelo de Daniel Hadad en el periodismo en espa\u00f1ol"},"content":{"rendered":"<p>Quiero comenzar saludando a <b>Daniel <\/b>y su familia; a mi coequiper en esta ceremonia, el Profesor <b>Juan Antonio Giner<\/b>; al Rector de la<b> Universidad Nacional de La Matanza<\/b>, el Profesor <b>Daniel Eduardo Mart\u00ednez<\/b>; a las autoridades, docentes, alumnas y alumnos de esta casa de estudios; y a las invitadas e los invitados a esta ceremonia. <\/p>\n<p>Le agradezco a Daniel su generosa invitaci\u00f3n para hablar en este evento. El estar aqu\u00ed con ustedes es un privilegio y una alegr\u00eda para m\u00ed, ya que siempre es maravilloso<b> \u201chonrar la excelencia que transforma la sociedad\u201d<\/b>, como dijo Juan Antonio. Y m\u00e1s a\u00fan en este caso porque <b>Daniel es un profesional a quien admiro y del que aprendo constantemente<\/b>, y un amigo al que aprecio mucho. Digo esto al comienzo de mi breve exposici\u00f3n para que quede claro que no voy a hablar amparado por la pretensi\u00f3n de imparcialidad. Sin embargo, espero convencerles de que mi admiraci\u00f3n y mi aprecio no me impiden ser objetivo en mi comentario sobre los m\u00e9ritos que justifican holgadamente el otorgamiento del t\u00edtulo de Doctor <i>Honoris Causa<\/i>. <\/p>\n<p><b>Daniel Hadad<\/b> ha logrado con <b>Infobae <\/b>lo que ning\u00fan periodista ni empresario period\u00edstico hab\u00eda podido conseguir previamente: <b>posicionar a un sitio nativo digital como el medio m\u00e1s importante del mundo de habla hispana <\/b>mediante una estrategia que se nutre de la especificidad de los distintos pa\u00edses, y por ende <b>contribuye a fomentar la comunicaci\u00f3n en las comunidades hispanoparlantes dentro de un contexto global marcado por una tendencia a la incomunicaci\u00f3n<\/b> producida por la creciente <u>polarizaci\u00f3n.<\/u> He aqu\u00ed la excelencia\u2014lograr lo que nunca nadie hab\u00eda conseguido, al punto que para muchos parec\u00eda imposible\u2014y la transformaci\u00f3n social\u2014facilitar la comunicaci\u00f3n en un mundo cada vez m\u00e1s incomunicado. <\/p>\n<p><img loading=\"lazy\" decoding=\"async\" src=\"https:\/\/lobosnews.com.ar\/wp-content\/uploads\/2026\/04\/pablo-boczkowski-analizo-el-alcance-global-del-modelo-de-daniel-hadad-en-el-periodismo-en-espanol.jpg\" alt=\"Pablo Boczkowski en la ceremonia de entrega del doctorado honoris causa a Daniel Hadad (Fotos: Adrian Escandar)\" height=\"1280\" width=\"1920\"\/><\/p>\n<p>Para poder dimensionar adecuadamente la magnitud de estos logros, es \u00fatil contextualizarlos en tres c\u00edrculos conc\u00e9ntricos que se superponen como los anillos Ol\u00edmpicos: la <b>evoluci\u00f3n de los medios en espa\u00f1ol durante los siglos diecinueve y veinte<\/b>; el<b> desarrollo de las tecnolog\u00edas digitales en las \u00faltimas tres d\u00e9cadas<\/b>; y la <b>configuraci\u00f3n cultural de la comunidad hispanoparlante en el mundo<\/b>. Desde mediados del siglo diecinueve, <b>las grandes empresas de habla hispana de periodismo<\/b> impreso y de radiodifusi\u00f3n <b>se han caracterizado por su orientaci\u00f3n nacional, sus valores tradicionales y su posicionamiento como emisores de informaci\u00f3n<\/b>. El costo de las imprentas y equipos de radiodifusi\u00f3n, asociado al rol central de las regulaciones nacionales, contribuy\u00f3 a que las grandes empresas de esta industria se mantuvieran dentro de las fronteras nacionales en los distintos pa\u00edses en los que operaban. A su vez, <b>esto las llev\u00f3 a adoptar posturas tradicionales de defensa del status quo comercial y a lo sumo innovaciones graduales de los productos y procesos existentes en lugar de orientaciones m\u00e1s innovadoras<\/b> que pudieran aprovechar oportunidades disruptivas. Por \u00faltimo, su manera de construir la informaci\u00f3n siempre estuvo ligada a la comunicaci\u00f3n de masas, donde desde un centro determinado se emit\u00edan las noticias para quienes las consum\u00edan en distintas partes del territorio, incluso m\u00e1s all\u00e1 de sus fronteras, como empez\u00f3 a pasar con la televisi\u00f3n por cable en las \u00faltimas d\u00e9cadas del siglo veinte. <\/p>\n<p><!DOCTYPE html><br \/>\n<html><br \/>\n<head><br \/>\n<meta name=\"viewport\" content=\"width=device-width, initial-scale=1\"><\/p>\n<style>\n.container-video { position: relative; width: 100%; overflow: hidden; padding-top: 2%;\n}\n.responsive-iframe-video { position: absolute; top: 0; left: 0; bottom: 0; right: 0; width: 100%; height: 100%; border: none;\n}\n<\/style>\n<p><\/head><br \/>\n<body><\/p>\n<div class=\"container-video\"> <iframe loading=\"lazy\" src=\"https:\/\/drive.google.com\/file\/d\/10kgAPEBX1GjA4-1CI-HBwC2oQVK5LXtK\/preview\" width=\"100%\" height=\"480\" allow=\"autoplay\"><\/iframe> <\/div>\n<p><\/body><br \/>\n<\/html>\n<\/p>\n<p>La comercializaci\u00f3n de la <b>World Wide Web<\/b> a mediados de los noventa <b>signific\u00f3 un cambio radical en la creaci\u00f3n y distribuci\u00f3n<\/b> de la informaci\u00f3n que alter\u00f3 dr\u00e1sticamente el contexto de las empresas period\u00edsticas. Las tecnolog\u00edas digitales globalizaron la circulaci\u00f3n de la informaci\u00f3n al <b>bajar los costos de acceso para el p\u00fablico<\/b>. Tambi\u00e9n <b>bajaron los costos de producci\u00f3n del contenido<\/b> al punto tal que cualquier persona con una computadora primero y un tel\u00e9fono m\u00f3vil despu\u00e9s se transformaron en potenciales emisores de noticias.<b> Esto ha llevado a una expectativa de comunicaci\u00f3n de comunicaci\u00f3n en red<\/b>, donde no hay un solo centro emisor del que irradia informaci\u00f3n. Por \u00faltimo, <b>el mundo digital est\u00e1 marcado por la innovaci\u00f3n radical y disruptiva<\/b>, donde el presente es vertiginoso y el futuro impredecible. <\/p>\n<p><img loading=\"lazy\" decoding=\"async\" src=\"https:\/\/lobosnews.com.ar\/wp-content\/uploads\/2026\/04\/pablo-boczkowski-analizo-el-alcance-global-del-modelo-de-daniel-hadad-en-el-periodismo-en-espanol-1.jpg\" alt=\"Pablo Boczkowski, profesor y especialista en medios de comunicaci\u00f3n \" height=\"1279\" width=\"1920\"\/><\/p>\n<p>En tan s\u00f3lo unas d\u00e9cadas, la pujanza del cambio tecnol\u00f3gico digital, con su globalizaci\u00f3n, su estructura en red y su innovaci\u00f3n radical, ha desplazado del centro de la escena al periodismo impreso y de radiodifusi\u00f3n, y sus preferencias por el contexto nacional, la comunicaci\u00f3n de masas, y la tradici\u00f3n\u2014o en el mejor de los casos la innovaci\u00f3n gradual. <\/p>\n<p>Este desplazamiento es a\u00fan m\u00e1s notable en el contexto de la comunidad hispanoparlante, cuya configuraci\u00f3n esta atravesada por al menos dos caracter\u00edsticas distintivas: la <b>heterogeneidad cultural<\/b> y el <b>dinamismo migratorio<\/b>. Seis cientos treinta y cinco millones de personas hablan espa\u00f1ol, lo que equivale aproximadamente al 7.5% de la poblaci\u00f3n del planeta. De estos, hay quinientos millones para los cuales el espa\u00f1ol es la primera lengua. Pero <b>esto no significa que sea un grupo homog\u00e9neo<\/b>. Por el contrario, hay mucha diversidad cultural\u2014e incluso ling\u00fc\u00edstica\u2014 entre los hispanoparlantes. <b>Esto hace que cualquier medio de noticias que quiera ser exitoso en la comunidad en su conjunto<\/b>\u2014y no dentro de un \u00fanico pa\u00eds\u2014debe operar con una estructura en red, donde hay muchos centros de emisi\u00f3n de informaci\u00f3n ya que los contenidos que importan en un contexto nacional no necesariamente importan en otros. <\/p>\n<p>Esta diversidad cultural se ha acentuado en la \u00faltima d\u00e9cada con el incremento de los flujos inmigratorios. De 2000 a 2024, Am\u00e9rica Latina y el Caribe experimentaron un aumento del 23% en la poblaci\u00f3n migrante. Y en los Estados Unidos\u2014el segundo pa\u00eds del mundo en t\u00e9rminos de poblaci\u00f3n de habla hispana\u2014la comunidad latina creci\u00f3 de 57 a 68 millones en la d\u00e9cada que va de 2015 a 2025. Estas <b>tendencias migratorias acent\u00faan el valor de un medio de comunicaci\u00f3n digital con estructura en red<\/b>, ya que quienes somos migrantes estamos interesados en saber lo que acontece tanto en nuestro pa\u00eds de origen como en el de residencia. <\/p>\n<p>En el centro de estos tres c\u00edrculos conc\u00e9ntricos se aloja <b>Infobae<\/b>: un<b> medio nativo digital, con una estructura en red que se manifiesta en distintas ediciones nacionales empapadas de la cultura de los respectivos contextos en los que operan<\/b>, con una sensibilidad cultural que atiende a la diversidad de las comunidades hispanoparlantes, y que le <b>aporta insumos informativos a las redes familiares e interpersonales compuestas de consumidores<\/b> en distintos lugares del mundo. <\/p>\n<p>Pero entonces surge la pregunta: \u00bfdado que estos c\u00edrculos conc\u00e9ntricos son relativamente visibles todos los competidores, <b>por qu\u00e9 hay un solo medio que ha logrado habitarlos exitosamente como Infobae?<\/b> Ah\u00ed est\u00e1 la cualidad \u00fanica de <b>Daniel Hadad<\/b>, por la que hoy es reconocido con su Doctorado<i> Honoris Causa<\/i>:<b> Daniel es un periodista y emprendedor ambidiestro<\/b> que, por un lado, <b>posee un conocimiento profundo de los medios tradicionales<\/b>\u2014como bien describi\u00f3 Juan Antonio\u2014y, por el otro,<b> tiene la osad\u00eda que caracterizan a los mejores innovadores del mundo digital<\/b>, dispuestos a apostar por lo imposible porque saben que es la \u00fanica forma de transformarlo en realidad. Dicho de otra manera, <b>Daniel es un rara avis en el mundo del periodismo en Hispanoam\u00e9rica<\/b> y m\u00e1s all\u00e1, que lo podr\u00edamos llamar un <i>insider \/ outsider<\/i>: como insider tiene el <i>know-how <\/i>adquirido en mil batallas libradas en el cierre del siglo veinte y como outsider tiene la energ\u00eda y el desparpajo de intentar inventar algo nuevo en los albores del veintiuno. <\/p>\n<p>Y es por esta combinaci\u00f3n original entre tradici\u00f3n e innovaci\u00f3n, su exitosa manifestaci\u00f3n liderando el medio n\u00famero uno en el mundo de habla hispana, y su contribuci\u00f3n a que nos comuniquemos mejor en un contexto global en el que cada vez nos escuchamos menos, que hoy se honra a mi querido <b>Daniel Hadad<\/b> con este m\u00e1s que merecido Doctorado <i>Honoris Causa<\/i>.<\/p>\n","protected":false},"excerpt":{"rendered":"<p>Quiero comenzar saludando a Daniel y su familia; a mi coequiper en esta ceremonia, el Profesor Juan Antonio Giner; al Rector de la Universidad Nacional de La Matanza, el Profesor Daniel Eduardo Mart\u00ednez; a las autoridades, docentes, alumnas y alumnos de esta casa de estudios; y a las invitadas e los invitados a esta ceremonia&#8230;.<\/p>\n","protected":false},"author":1,"featured_media":47957,"comment_status":"open","ping_status":"closed","sticky":false,"template":"","format":"standard","meta":{"_jetpack_memberships_contains_paid_content":false,"footnotes":""},"categories":[31,30,32,77,84,35,36,37],"tags":[],"class_list":["post-47953","post","type-post","status-publish","format-standard","has-post-thumbnail","hentry","category-actualidad","category-argentina","category-economia","category-inseguridad","category-masradios-com","category-nacionales","category-seguridad","category-sociedad"],"magazineBlocksPostFeaturedMedia":{"thumbnail":"https:\/\/lobosnews.com.ar\/wp-content\/uploads\/2026\/04\/pablo-boczkowski-analizo-el-alcance-global-del-modelo-de-daniel-hadad-en-el-periodismo-en-espanol-2-150x150.jpg","medium":"https:\/\/lobosnews.com.ar\/wp-content\/uploads\/2026\/04\/pablo-boczkowski-analizo-el-alcance-global-del-modelo-de-daniel-hadad-en-el-periodismo-en-espanol-2-300x200.jpg","medium_large":"https:\/\/lobosnews.com.ar\/wp-content\/uploads\/2026\/04\/pablo-boczkowski-analizo-el-alcance-global-del-modelo-de-daniel-hadad-en-el-periodismo-en-espanol-2-768x512.jpg","large":"https:\/\/lobosnews.com.ar\/wp-content\/uploads\/2026\/04\/pablo-boczkowski-analizo-el-alcance-global-del-modelo-de-daniel-hadad-en-el-periodismo-en-espanol-2-1024x682.jpg","1536x1536":"https:\/\/lobosnews.com.ar\/wp-content\/uploads\/2026\/04\/pablo-boczkowski-analizo-el-alcance-global-del-modelo-de-daniel-hadad-en-el-periodismo-en-espanol-2-1536x1023.jpg","2048x2048":"https:\/\/lobosnews.com.ar\/wp-content\/uploads\/2026\/04\/pablo-boczkowski-analizo-el-alcance-global-del-modelo-de-daniel-hadad-en-el-periodismo-en-espanol-2.jpg","newsmatic-featured":"https:\/\/lobosnews.com.ar\/wp-content\/uploads\/2026\/04\/pablo-boczkowski-analizo-el-alcance-global-del-modelo-de-daniel-hadad-en-el-periodismo-en-espanol-2-820x545.jpg","newsmatic-list":"https:\/\/lobosnews.com.ar\/wp-content\/uploads\/2026\/04\/pablo-boczkowski-analizo-el-alcance-global-del-modelo-de-daniel-hadad-en-el-periodismo-en-espanol-2-600x400.jpg","newsmatic-thumb":"https:\/\/lobosnews.com.ar\/wp-content\/uploads\/2026\/04\/pablo-boczkowski-analizo-el-alcance-global-del-modelo-de-daniel-hadad-en-el-periodismo-en-espanol-2-300x200.jpg","newsmatic-small":"https:\/\/lobosnews.com.ar\/wp-content\/uploads\/2026\/04\/pablo-boczkowski-analizo-el-alcance-global-del-modelo-de-daniel-hadad-en-el-periodismo-en-espanol-2-150x95.jpg","newsmatic-grid":"https:\/\/lobosnews.com.ar\/wp-content\/uploads\/2026\/04\/pablo-boczkowski-analizo-el-alcance-global-del-modelo-de-daniel-hadad-en-el-periodismo-en-espanol-2-400x250.jpg"},"magazineBlocksPostAuthor":{"name":"admin","avatar":"https:\/\/secure.gravatar.com\/avatar\/76e419471a2083bc3ceab22a763dbbf9b0c1bd15a6214cf3280e2c2dde4580f9?s=96&d=mm&r=g"},"magazineBlocksPostCommentsNumber":"0","magazineBlocksPostExcerpt":"Quiero comenzar saludando a Daniel y su familia; a mi coequiper en esta ceremonia, el Profesor Juan Antonio Giner; al Rector de la Universidad Nacional de La Matanza, el Profesor Daniel Eduardo Mart\u00ednez; a las autoridades, docentes, alumnas y alumnos de esta casa de estudios; y a las invitadas e los invitados a esta ceremonia....","magazineBlocksPostCategories":["Actualidad","Argentina","econom\u00eda","inseguridad","masradios.com","nacionales","seguridad","sociedad"],"magazineBlocksPostViewCount":2,"magazineBlocksPostReadTime":7,"magazine_blocks_featured_image_url":{"full":["https:\/\/lobosnews.com.ar\/wp-content\/uploads\/2026\/04\/pablo-boczkowski-analizo-el-alcance-global-del-modelo-de-daniel-hadad-en-el-periodismo-en-espanol-2.jpg",1920,1279,false],"medium":["https:\/\/lobosnews.com.ar\/wp-content\/uploads\/2026\/04\/pablo-boczkowski-analizo-el-alcance-global-del-modelo-de-daniel-hadad-en-el-periodismo-en-espanol-2-300x200.jpg",300,200,true],"thumbnail":["https:\/\/lobosnews.com.ar\/wp-content\/uploads\/2026\/04\/pablo-boczkowski-analizo-el-alcance-global-del-modelo-de-daniel-hadad-en-el-periodismo-en-espanol-2-150x150.jpg",150,150,true]},"magazine_blocks_author":{"display_name":"admin","author_link":"https:\/\/lobosnews.com.ar\/index.php\/author\/lobos-news\/"},"magazine_blocks_comment":0,"magazine_blocks_author_image":"https:\/\/secure.gravatar.com\/avatar\/76e419471a2083bc3ceab22a763dbbf9b0c1bd15a6214cf3280e2c2dde4580f9?s=96&d=mm&r=g","magazine_blocks_category":"<a href=\"#\" class=\"category-link category-link-31\">Actualidad<\/a> <a href=\"#\" class=\"category-link category-link-30\">Argentina<\/a> <a href=\"#\" class=\"category-link category-link-32\">econom\u00eda<\/a> <a href=\"#\" class=\"category-link category-link-77\">inseguridad<\/a> <a href=\"#\" class=\"category-link category-link-84\">masradios.com<\/a> <a href=\"#\" class=\"category-link category-link-35\">nacionales<\/a> <a href=\"#\" class=\"category-link category-link-36\">seguridad<\/a> <a href=\"#\" class=\"category-link category-link-37\">sociedad<\/a>","yoast_head":"<!-- This site is optimized with the Yoast SEO plugin v26.6 - https:\/\/yoast.com\/wordpress\/plugins\/seo\/ -->\n<title>Pablo Boczkowski analiz\u00f3 el alcance global del modelo de Daniel Hadad en el periodismo en espa\u00f1ol - Lobos News<\/title>\n<meta name=\"robots\" content=\"index, follow, max-snippet:-1, max-image-preview:large, max-video-preview:-1\" \/>\n<link rel=\"canonical\" href=\"https:\/\/lobosnews.com.ar\/index.php\/2026\/04\/30\/pablo-boczkowski-analizo-el-alcance-global-del-modelo-de-daniel-hadad-en-el-periodismo-en-espanol\/\" \/>\n<meta property=\"og:locale\" content=\"es_ES\" \/>\n<meta property=\"og:type\" content=\"article\" \/>\n<meta property=\"og:title\" content=\"Pablo Boczkowski analiz\u00f3 el alcance global del modelo de Daniel Hadad en el periodismo en espa\u00f1ol - Lobos News\" \/>\n<meta property=\"og:description\" content=\"Quiero comenzar saludando a Daniel y su familia; a mi coequiper en esta ceremonia, el Profesor Juan Antonio Giner; al Rector de la Universidad Nacional de La Matanza, el Profesor Daniel Eduardo Mart\u00ednez; a las autoridades, docentes, alumnas y alumnos de esta casa de estudios; y a las invitadas e los invitados a esta ceremonia....\" \/>\n<meta property=\"og:url\" content=\"https:\/\/lobosnews.com.ar\/index.php\/2026\/04\/30\/pablo-boczkowski-analizo-el-alcance-global-del-modelo-de-daniel-hadad-en-el-periodismo-en-espanol\/\" \/>\n<meta property=\"og:site_name\" content=\"Lobos News\" \/>\n<meta property=\"article:published_time\" content=\"2026-04-30T20:20:14+00:00\" \/>\n<meta property=\"article:modified_time\" content=\"2026-04-30T21:31:33+00:00\" \/>\n<meta property=\"og:image\" content=\"https:\/\/lobosnews.com.ar\/wp-content\/uploads\/2026\/04\/pablo-boczkowski-analizo-el-alcance-global-del-modelo-de-daniel-hadad-en-el-periodismo-en-espanol.jpg\" \/>\n<meta name=\"author\" content=\"admin\" \/>\n<meta name=\"twitter:card\" content=\"summary_large_image\" \/>\n<meta name=\"twitter:label1\" content=\"Escrito por\" \/>\n\t<meta name=\"twitter:data1\" content=\"admin\" \/>\n\t<meta name=\"twitter:label2\" content=\"Tiempo de lectura\" \/>\n\t<meta name=\"twitter:data2\" content=\"7 minutos\" \/>\n<script type=\"application\/ld+json\" class=\"yoast-schema-graph\">{\"@context\":\"https:\/\/schema.org\",\"@graph\":[{\"@type\":\"Article\",\"@id\":\"https:\/\/lobosnews.com.ar\/index.php\/2026\/04\/30\/pablo-boczkowski-analizo-el-alcance-global-del-modelo-de-daniel-hadad-en-el-periodismo-en-espanol\/#article\",\"isPartOf\":{\"@id\":\"https:\/\/lobosnews.com.ar\/index.php\/2026\/04\/30\/pablo-boczkowski-analizo-el-alcance-global-del-modelo-de-daniel-hadad-en-el-periodismo-en-espanol\/\"},\"author\":{\"name\":\"admin\",\"@id\":\"https:\/\/lobosnews.com.ar\/#\/schema\/person\/232422a593d5c541dd9aef6aaed10943\"},\"headline\":\"Pablo Boczkowski analiz\u00f3 el alcance global del modelo de Daniel Hadad en el periodismo en espa\u00f1ol\",\"datePublished\":\"2026-04-30T20:20:14+00:00\",\"dateModified\":\"2026-04-30T21:31:33+00:00\",\"mainEntityOfPage\":{\"@id\":\"https:\/\/lobosnews.com.ar\/index.php\/2026\/04\/30\/pablo-boczkowski-analizo-el-alcance-global-del-modelo-de-daniel-hadad-en-el-periodismo-en-espanol\/\"},\"wordCount\":1366,\"commentCount\":0,\"publisher\":{\"@id\":\"https:\/\/lobosnews.com.ar\/#organization\"},\"image\":{\"@id\":\"https:\/\/lobosnews.com.ar\/index.php\/2026\/04\/30\/pablo-boczkowski-analizo-el-alcance-global-del-modelo-de-daniel-hadad-en-el-periodismo-en-espanol\/#primaryimage\"},\"thumbnailUrl\":\"https:\/\/lobosnews.com.ar\/wp-content\/uploads\/2026\/04\/pablo-boczkowski-analizo-el-alcance-global-del-modelo-de-daniel-hadad-en-el-periodismo-en-espanol-2.jpg\",\"articleSection\":[\"Actualidad\",\"Argentina\",\"econom\u00eda\",\"inseguridad\",\"masradios.com\",\"nacionales\",\"seguridad\",\"sociedad\"],\"inLanguage\":\"es\",\"potentialAction\":[{\"@type\":\"CommentAction\",\"name\":\"Comment\",\"target\":[\"https:\/\/lobosnews.com.ar\/index.php\/2026\/04\/30\/pablo-boczkowski-analizo-el-alcance-global-del-modelo-de-daniel-hadad-en-el-periodismo-en-espanol\/#respond\"]}]},{\"@type\":\"WebPage\",\"@id\":\"https:\/\/lobosnews.com.ar\/index.php\/2026\/04\/30\/pablo-boczkowski-analizo-el-alcance-global-del-modelo-de-daniel-hadad-en-el-periodismo-en-espanol\/\",\"url\":\"https:\/\/lobosnews.com.ar\/index.php\/2026\/04\/30\/pablo-boczkowski-analizo-el-alcance-global-del-modelo-de-daniel-hadad-en-el-periodismo-en-espanol\/\",\"name\":\"Pablo Boczkowski analiz\u00f3 el alcance global del modelo de Daniel Hadad en el periodismo en espa\u00f1ol - Lobos News\",\"isPartOf\":{\"@id\":\"https:\/\/lobosnews.com.ar\/#website\"},\"primaryImageOfPage\":{\"@id\":\"https:\/\/lobosnews.com.ar\/index.php\/2026\/04\/30\/pablo-boczkowski-analizo-el-alcance-global-del-modelo-de-daniel-hadad-en-el-periodismo-en-espanol\/#primaryimage\"},\"image\":{\"@id\":\"https:\/\/lobosnews.com.ar\/index.php\/2026\/04\/30\/pablo-boczkowski-analizo-el-alcance-global-del-modelo-de-daniel-hadad-en-el-periodismo-en-espanol\/#primaryimage\"},\"thumbnailUrl\":\"https:\/\/lobosnews.com.ar\/wp-content\/uploads\/2026\/04\/pablo-boczkowski-analizo-el-alcance-global-del-modelo-de-daniel-hadad-en-el-periodismo-en-espanol-2.jpg\",\"datePublished\":\"2026-04-30T20:20:14+00:00\",\"dateModified\":\"2026-04-30T21:31:33+00:00\",\"breadcrumb\":{\"@id\":\"https:\/\/lobosnews.com.ar\/index.php\/2026\/04\/30\/pablo-boczkowski-analizo-el-alcance-global-del-modelo-de-daniel-hadad-en-el-periodismo-en-espanol\/#breadcrumb\"},\"inLanguage\":\"es\",\"potentialAction\":[{\"@type\":\"ReadAction\",\"target\":[\"https:\/\/lobosnews.com.ar\/index.php\/2026\/04\/30\/pablo-boczkowski-analizo-el-alcance-global-del-modelo-de-daniel-hadad-en-el-periodismo-en-espanol\/\"]}]},{\"@type\":\"ImageObject\",\"inLanguage\":\"es\",\"@id\":\"https:\/\/lobosnews.com.ar\/index.php\/2026\/04\/30\/pablo-boczkowski-analizo-el-alcance-global-del-modelo-de-daniel-hadad-en-el-periodismo-en-espanol\/#primaryimage\",\"url\":\"https:\/\/lobosnews.com.ar\/wp-content\/uploads\/2026\/04\/pablo-boczkowski-analizo-el-alcance-global-del-modelo-de-daniel-hadad-en-el-periodismo-en-espanol-2.jpg\",\"contentUrl\":\"https:\/\/lobosnews.com.ar\/wp-content\/uploads\/2026\/04\/pablo-boczkowski-analizo-el-alcance-global-del-modelo-de-daniel-hadad-en-el-periodismo-en-espanol-2.jpg\",\"width\":1920,\"height\":1279,\"caption\":\"Pablo Boczkowski analiz\u00f3 el alcance global del modelo de Daniel Hadad en el periodismo en espa\u00f1ol\"},{\"@type\":\"BreadcrumbList\",\"@id\":\"https:\/\/lobosnews.com.ar\/index.php\/2026\/04\/30\/pablo-boczkowski-analizo-el-alcance-global-del-modelo-de-daniel-hadad-en-el-periodismo-en-espanol\/#breadcrumb\",\"itemListElement\":[{\"@type\":\"ListItem\",\"position\":1,\"name\":\"Portada\",\"item\":\"https:\/\/lobosnews.com.ar\/\"},{\"@type\":\"ListItem\",\"position\":2,\"name\":\"Pablo Boczkowski analiz\u00f3 el alcance global del modelo de Daniel Hadad en el periodismo en espa\u00f1ol\"}]},{\"@type\":\"WebSite\",\"@id\":\"https:\/\/lobosnews.com.ar\/#website\",\"url\":\"https:\/\/lobosnews.com.ar\/\",\"name\":\"Lobos News\",\"description\":\"Informaci\u00f3n a cada instante\",\"publisher\":{\"@id\":\"https:\/\/lobosnews.com.ar\/#organization\"},\"potentialAction\":[{\"@type\":\"SearchAction\",\"target\":{\"@type\":\"EntryPoint\",\"urlTemplate\":\"https:\/\/lobosnews.com.ar\/?s={search_term_string}\"},\"query-input\":{\"@type\":\"PropertyValueSpecification\",\"valueRequired\":true,\"valueName\":\"search_term_string\"}}],\"inLanguage\":\"es\"},{\"@type\":\"Organization\",\"@id\":\"https:\/\/lobosnews.com.ar\/#organization\",\"name\":\"Lobos News\",\"url\":\"https:\/\/lobosnews.com.ar\/\",\"logo\":{\"@type\":\"ImageObject\",\"inLanguage\":\"es\",\"@id\":\"https:\/\/lobosnews.com.ar\/#\/schema\/logo\/image\/\",\"url\":\"https:\/\/lobosnews.com.ar\/wp-content\/uploads\/2026\/01\/logo-lobosnews.png\",\"contentUrl\":\"https:\/\/lobosnews.com.ar\/wp-content\/uploads\/2026\/01\/logo-lobosnews.png\",\"width\":500,\"height\":200,\"caption\":\"Lobos News\"},\"image\":{\"@id\":\"https:\/\/lobosnews.com.ar\/#\/schema\/logo\/image\/\"}},{\"@type\":\"Person\",\"@id\":\"https:\/\/lobosnews.com.ar\/#\/schema\/person\/232422a593d5c541dd9aef6aaed10943\",\"name\":\"admin\",\"image\":{\"@type\":\"ImageObject\",\"inLanguage\":\"es\",\"@id\":\"https:\/\/lobosnews.com.ar\/#\/schema\/person\/image\/\",\"url\":\"https:\/\/secure.gravatar.com\/avatar\/76e419471a2083bc3ceab22a763dbbf9b0c1bd15a6214cf3280e2c2dde4580f9?s=96&d=mm&r=g\",\"contentUrl\":\"https:\/\/secure.gravatar.com\/avatar\/76e419471a2083bc3ceab22a763dbbf9b0c1bd15a6214cf3280e2c2dde4580f9?s=96&d=mm&r=g\",\"caption\":\"admin\"},\"sameAs\":[\"https:\/\/lobosnews.com.ar\"],\"url\":\"https:\/\/lobosnews.com.ar\/index.php\/author\/lobos-news\/\"}]}<\/script>\n<!-- \/ Yoast SEO plugin. -->","yoast_head_json":{"title":"Pablo Boczkowski analiz\u00f3 el alcance global del modelo de Daniel Hadad en el periodismo en espa\u00f1ol - Lobos News","robots":{"index":"index","follow":"follow","max-snippet":"max-snippet:-1","max-image-preview":"max-image-preview:large","max-video-preview":"max-video-preview:-1"},"canonical":"https:\/\/lobosnews.com.ar\/index.php\/2026\/04\/30\/pablo-boczkowski-analizo-el-alcance-global-del-modelo-de-daniel-hadad-en-el-periodismo-en-espanol\/","og_locale":"es_ES","og_type":"article","og_title":"Pablo Boczkowski analiz\u00f3 el alcance global del modelo de Daniel Hadad en el periodismo en espa\u00f1ol - Lobos News","og_description":"Quiero comenzar saludando a Daniel y su familia; a mi coequiper en esta ceremonia, el Profesor Juan Antonio Giner; al Rector de la Universidad Nacional de La Matanza, el Profesor Daniel Eduardo Mart\u00ednez; a las autoridades, docentes, alumnas y alumnos de esta casa de estudios; y a las invitadas e los invitados a esta ceremonia....","og_url":"https:\/\/lobosnews.com.ar\/index.php\/2026\/04\/30\/pablo-boczkowski-analizo-el-alcance-global-del-modelo-de-daniel-hadad-en-el-periodismo-en-espanol\/","og_site_name":"Lobos News","article_published_time":"2026-04-30T20:20:14+00:00","article_modified_time":"2026-04-30T21:31:33+00:00","og_image":[{"url":"https:\/\/lobosnews.com.ar\/wp-content\/uploads\/2026\/04\/pablo-boczkowski-analizo-el-alcance-global-del-modelo-de-daniel-hadad-en-el-periodismo-en-espanol.jpg","type":"","width":"","height":""}],"author":"admin","twitter_card":"summary_large_image","twitter_misc":{"Escrito por":"admin","Tiempo de lectura":"7 minutos"},"schema":{"@context":"https:\/\/schema.org","@graph":[{"@type":"Article","@id":"https:\/\/lobosnews.com.ar\/index.php\/2026\/04\/30\/pablo-boczkowski-analizo-el-alcance-global-del-modelo-de-daniel-hadad-en-el-periodismo-en-espanol\/#article","isPartOf":{"@id":"https:\/\/lobosnews.com.ar\/index.php\/2026\/04\/30\/pablo-boczkowski-analizo-el-alcance-global-del-modelo-de-daniel-hadad-en-el-periodismo-en-espanol\/"},"author":{"name":"admin","@id":"https:\/\/lobosnews.com.ar\/#\/schema\/person\/232422a593d5c541dd9aef6aaed10943"},"headline":"Pablo Boczkowski analiz\u00f3 el alcance global del modelo de Daniel Hadad en el periodismo en espa\u00f1ol","datePublished":"2026-04-30T20:20:14+00:00","dateModified":"2026-04-30T21:31:33+00:00","mainEntityOfPage":{"@id":"https:\/\/lobosnews.com.ar\/index.php\/2026\/04\/30\/pablo-boczkowski-analizo-el-alcance-global-del-modelo-de-daniel-hadad-en-el-periodismo-en-espanol\/"},"wordCount":1366,"commentCount":0,"publisher":{"@id":"https:\/\/lobosnews.com.ar\/#organization"},"image":{"@id":"https:\/\/lobosnews.com.ar\/index.php\/2026\/04\/30\/pablo-boczkowski-analizo-el-alcance-global-del-modelo-de-daniel-hadad-en-el-periodismo-en-espanol\/#primaryimage"},"thumbnailUrl":"https:\/\/lobosnews.com.ar\/wp-content\/uploads\/2026\/04\/pablo-boczkowski-analizo-el-alcance-global-del-modelo-de-daniel-hadad-en-el-periodismo-en-espanol-2.jpg","articleSection":["Actualidad","Argentina","econom\u00eda","inseguridad","masradios.com","nacionales","seguridad","sociedad"],"inLanguage":"es","potentialAction":[{"@type":"CommentAction","name":"Comment","target":["https:\/\/lobosnews.com.ar\/index.php\/2026\/04\/30\/pablo-boczkowski-analizo-el-alcance-global-del-modelo-de-daniel-hadad-en-el-periodismo-en-espanol\/#respond"]}]},{"@type":"WebPage","@id":"https:\/\/lobosnews.com.ar\/index.php\/2026\/04\/30\/pablo-boczkowski-analizo-el-alcance-global-del-modelo-de-daniel-hadad-en-el-periodismo-en-espanol\/","url":"https:\/\/lobosnews.com.ar\/index.php\/2026\/04\/30\/pablo-boczkowski-analizo-el-alcance-global-del-modelo-de-daniel-hadad-en-el-periodismo-en-espanol\/","name":"Pablo Boczkowski analiz\u00f3 el alcance global del modelo de Daniel Hadad en el periodismo en espa\u00f1ol - Lobos News","isPartOf":{"@id":"https:\/\/lobosnews.com.ar\/#website"},"primaryImageOfPage":{"@id":"https:\/\/lobosnews.com.ar\/index.php\/2026\/04\/30\/pablo-boczkowski-analizo-el-alcance-global-del-modelo-de-daniel-hadad-en-el-periodismo-en-espanol\/#primaryimage"},"image":{"@id":"https:\/\/lobosnews.com.ar\/index.php\/2026\/04\/30\/pablo-boczkowski-analizo-el-alcance-global-del-modelo-de-daniel-hadad-en-el-periodismo-en-espanol\/#primaryimage"},"thumbnailUrl":"https:\/\/lobosnews.com.ar\/wp-content\/uploads\/2026\/04\/pablo-boczkowski-analizo-el-alcance-global-del-modelo-de-daniel-hadad-en-el-periodismo-en-espanol-2.jpg","datePublished":"2026-04-30T20:20:14+00:00","dateModified":"2026-04-30T21:31:33+00:00","breadcrumb":{"@id":"https:\/\/lobosnews.com.ar\/index.php\/2026\/04\/30\/pablo-boczkowski-analizo-el-alcance-global-del-modelo-de-daniel-hadad-en-el-periodismo-en-espanol\/#breadcrumb"},"inLanguage":"es","potentialAction":[{"@type":"ReadAction","target":["https:\/\/lobosnews.com.ar\/index.php\/2026\/04\/30\/pablo-boczkowski-analizo-el-alcance-global-del-modelo-de-daniel-hadad-en-el-periodismo-en-espanol\/"]}]},{"@type":"ImageObject","inLanguage":"es","@id":"https:\/\/lobosnews.com.ar\/index.php\/2026\/04\/30\/pablo-boczkowski-analizo-el-alcance-global-del-modelo-de-daniel-hadad-en-el-periodismo-en-espanol\/#primaryimage","url":"https:\/\/lobosnews.com.ar\/wp-content\/uploads\/2026\/04\/pablo-boczkowski-analizo-el-alcance-global-del-modelo-de-daniel-hadad-en-el-periodismo-en-espanol-2.jpg","contentUrl":"https:\/\/lobosnews.com.ar\/wp-content\/uploads\/2026\/04\/pablo-boczkowski-analizo-el-alcance-global-del-modelo-de-daniel-hadad-en-el-periodismo-en-espanol-2.jpg","width":1920,"height":1279,"caption":"Pablo Boczkowski analiz\u00f3 el alcance global del modelo de Daniel Hadad en el periodismo en espa\u00f1ol"},{"@type":"BreadcrumbList","@id":"https:\/\/lobosnews.com.ar\/index.php\/2026\/04\/30\/pablo-boczkowski-analizo-el-alcance-global-del-modelo-de-daniel-hadad-en-el-periodismo-en-espanol\/#breadcrumb","itemListElement":[{"@type":"ListItem","position":1,"name":"Portada","item":"https:\/\/lobosnews.com.ar\/"},{"@type":"ListItem","position":2,"name":"Pablo Boczkowski analiz\u00f3 el alcance global del modelo de Daniel Hadad en el periodismo en espa\u00f1ol"}]},{"@type":"WebSite","@id":"https:\/\/lobosnews.com.ar\/#website","url":"https:\/\/lobosnews.com.ar\/","name":"Lobos News","description":"Informaci\u00f3n a cada instante","publisher":{"@id":"https:\/\/lobosnews.com.ar\/#organization"},"potentialAction":[{"@type":"SearchAction","target":{"@type":"EntryPoint","urlTemplate":"https:\/\/lobosnews.com.ar\/?s={search_term_string}"},"query-input":{"@type":"PropertyValueSpecification","valueRequired":true,"valueName":"search_term_string"}}],"inLanguage":"es"},{"@type":"Organization","@id":"https:\/\/lobosnews.com.ar\/#organization","name":"Lobos News","url":"https:\/\/lobosnews.com.ar\/","logo":{"@type":"ImageObject","inLanguage":"es","@id":"https:\/\/lobosnews.com.ar\/#\/schema\/logo\/image\/","url":"https:\/\/lobosnews.com.ar\/wp-content\/uploads\/2026\/01\/logo-lobosnews.png","contentUrl":"https:\/\/lobosnews.com.ar\/wp-content\/uploads\/2026\/01\/logo-lobosnews.png","width":500,"height":200,"caption":"Lobos News"},"image":{"@id":"https:\/\/lobosnews.com.ar\/#\/schema\/logo\/image\/"}},{"@type":"Person","@id":"https:\/\/lobosnews.com.ar\/#\/schema\/person\/232422a593d5c541dd9aef6aaed10943","name":"admin","image":{"@type":"ImageObject","inLanguage":"es","@id":"https:\/\/lobosnews.com.ar\/#\/schema\/person\/image\/","url":"https:\/\/secure.gravatar.com\/avatar\/76e419471a2083bc3ceab22a763dbbf9b0c1bd15a6214cf3280e2c2dde4580f9?s=96&d=mm&r=g","contentUrl":"https:\/\/secure.gravatar.com\/avatar\/76e419471a2083bc3ceab22a763dbbf9b0c1bd15a6214cf3280e2c2dde4580f9?s=96&d=mm&r=g","caption":"admin"},"sameAs":["https:\/\/lobosnews.com.ar"],"url":"https:\/\/lobosnews.com.ar\/index.php\/author\/lobos-news\/"}]}},"jetpack_featured_media_url":"https:\/\/lobosnews.com.ar\/wp-content\/uploads\/2026\/04\/pablo-boczkowski-analizo-el-alcance-global-del-modelo-de-daniel-hadad-en-el-periodismo-en-espanol-2.jpg","jetpack_sharing_enabled":true,"_links":{"self":[{"href":"https:\/\/lobosnews.com.ar\/index.php\/wp-json\/wp\/v2\/posts\/47953","targetHints":{"allow":["GET"]}}],"collection":[{"href":"https:\/\/lobosnews.com.ar\/index.php\/wp-json\/wp\/v2\/posts"}],"about":[{"href":"https:\/\/lobosnews.com.ar\/index.php\/wp-json\/wp\/v2\/types\/post"}],"author":[{"embeddable":true,"href":"https:\/\/lobosnews.com.ar\/index.php\/wp-json\/wp\/v2\/users\/1"}],"replies":[{"embeddable":true,"href":"https:\/\/lobosnews.com.ar\/index.php\/wp-json\/wp\/v2\/comments?post=47953"}],"version-history":[{"count":1,"href":"https:\/\/lobosnews.com.ar\/index.php\/wp-json\/wp\/v2\/posts\/47953\/revisions"}],"predecessor-version":[{"id":47956,"href":"https:\/\/lobosnews.com.ar\/index.php\/wp-json\/wp\/v2\/posts\/47953\/revisions\/47956"}],"wp:featuredmedia":[{"embeddable":true,"href":"https:\/\/lobosnews.com.ar\/index.php\/wp-json\/wp\/v2\/media\/47957"}],"wp:attachment":[{"href":"https:\/\/lobosnews.com.ar\/index.php\/wp-json\/wp\/v2\/media?parent=47953"}],"wp:term":[{"taxonomy":"category","embeddable":true,"href":"https:\/\/lobosnews.com.ar\/index.php\/wp-json\/wp\/v2\/categories?post=47953"},{"taxonomy":"post_tag","embeddable":true,"href":"https:\/\/lobosnews.com.ar\/index.php\/wp-json\/wp\/v2\/tags?post=47953"}],"curies":[{"name":"wp","href":"https:\/\/api.w.org\/{rel}","templated":true}]}}