{"id":47941,"date":"2026-04-30T21:21:15","date_gmt":"2026-04-30T21:21:15","guid":{"rendered":"https:\/\/lobosnews.com.ar\/index.php\/2026\/04\/30\/condenaron-a-prision-perpetua-a-jose-eduardo-figueroa-por-el-femicidio-de-mercedes-kvedaras-en-un-country-en-salta\/"},"modified":"2026-04-30T21:30:49","modified_gmt":"2026-04-30T21:30:49","slug":"condenaron-a-prision-perpetua-a-jose-eduardo-figueroa-por-el-femicidio-de-mercedes-kvedaras-en-un-country-en-salta","status":"publish","type":"post","link":"https:\/\/lobosnews.com.ar\/index.php\/2026\/04\/30\/condenaron-a-prision-perpetua-a-jose-eduardo-figueroa-por-el-femicidio-de-mercedes-kvedaras-en-un-country-en-salta\/","title":{"rendered":"Condenaron a prisi\u00f3n perpetua a Jos\u00e9 Eduardo Figueroa por el femicidio de Mercedes Kvedaras en un country en Salta"},"content":{"rendered":"<p><img fetchpriority=\"high\" decoding=\"async\" src=\"https:\/\/lobosnews.com.ar\/wp-content\/uploads\/2026\/04\/condenaron-a-prision-perpetua-a-jose-eduardo-figueroa-por-el-femicidio-de-mercedes-kvedaras-en-un-country-en-salta.jpg\" alt=\"Mercedes Kvedaras fue asesinada en agosto de 2023 (Foto\/El Tribuno)\" height=\"412\" width=\"720\"\/><\/p>\n<p>Para la Justicia de Salta conden\u00f3 este mediod\u00eda a prisi\u00f3n perpetua a <span class=\"waslinkname\"><i><b>Jos\u00e9 Eduardo Figueroa<\/b><\/i><\/span><i><b> <\/b><\/i>por el femicidio de su esposa, <span class=\"waslinkname\"><i><b>Mercedes Kvedaras<\/b><\/i><\/span>, ocurrido en un country de esa provincia en agosto de 2023. El hombre era el \u00fanico acusado en el juicio.<\/p>\n<p>El tribunal consider\u00f3 acreditado que se trat\u00f3 de un homicidio doblemente calificado: por el v\u00ednculo \u2014en el marco de una relaci\u00f3n de pareja preexistente\u2014 y por haber mediado violencia de g\u00e9nero. <\/p>\n<p>Antes de la lectura del veredicto, al ejercer su derecho a las \u00faltimas palabras, <b>Figueroa pidi\u00f3 perd\u00f3n a la familia de la v\u00edctima, a sus propios familiares y a sus hijos \u201cpor el dolor que les hizo vivir\u201d<\/b>. Ya lo hab\u00eda hecho d\u00edas, cuando pidi\u00f3 la palabra para transmitir un mensaje personal: <b>\u201cLes fall\u00e9, les fall\u00e9 como padre. Les promet\u00ed que iba a ser un padre y les fall\u00e9. <\/b><span class=\"waslinkname\"><i><b>Todos los d\u00edas rezo por ellos. Les pido perd\u00f3n<\/b><\/i><\/span><b>. Son mis hijitos\u201d<\/b>, afirm\u00f3.<\/p>\n<p>Tras la deliberaci\u00f3n, los jueces <b>Cecilia Flores Toranzos, Eduardo S\u00e1ngari <\/b>y<b> Leonardo Feans<\/b> dieron a conocer el fallo, al que arribaron por unanimidad, y lo declararon autor material y penalmente responsable del delito. En la misma resoluci\u00f3n, el tribunal orden\u00f3 su inscripci\u00f3n en el <b>Banco de Datos Gen\u00e9ticos<\/b>.<\/p>\n<p>Al momento de escucharse el veredicto del tribunal, <b>familiares de la v\u00edctima celebraron la condena a prisi\u00f3n perpetua<\/b> en la sala de audiencias.<\/p>\n<p><img loading=\"lazy\" decoding=\"async\" src=\"https:\/\/lobosnews.com.ar\/wp-content\/uploads\/2026\/04\/condenaron-a-prision-perpetua-a-jose-eduardo-figueroa-por-el-femicidio-de-mercedes-kvedaras-en-un-country-en-salta-1.jpg\" alt=\"Antes de la lectura del veredicto, al ejercer su derecho a las \u00faltimas palabras, Figueroa pidi\u00f3 perd\u00f3n a la familia de la v\u00edctima (Fuente\/La Gaceta)\" height=\"402\" width=\"600\"\/><\/p>\n<h2>El caso y el debate oral<\/h2>\n<p>El femicidio de Mercedes Kvedaras ocurri\u00f3 el <b>4 de agosto de 2023<\/b> en el country <i>El Tipal<\/i>, en la provincia de Salta. Por el hecho fue imputado desde el inicio su esposo, Jos\u00e9 Eduardo Figueroa, con quien ten\u00eda dos hijos. <\/p>\n<p>La investigaci\u00f3n descart\u00f3 desde el comienzo otras hip\u00f3tesis y se centr\u00f3 en la din\u00e1mica de la pareja. Para la fiscal\u00eda, el crimen se produjo en un contexto de violencia de g\u00e9nero sostenida, marcado por una relaci\u00f3n desigual de poder. Testigos del entorno coincidieron en que la v\u00edctima atravesaba situaciones de violencia psicol\u00f3gica y buscaba separarse, algo que el acusado no aceptaba. <\/p>\n<p>La autopsia fue una de las pruebas clave del expediente: determin\u00f3 que <b>Kvedaras muri\u00f3 por asfixia mec\u00e1nica mixta, producto de estrangulamiento, sofocaci\u00f3n y compresi\u00f3n tor\u00e1cica<\/b>. Los peritos se\u00f1alaron que hubo una acci\u00f3n sostenida durante varios minutos y m\u00faltiples lesiones compatibles con una situaci\u00f3n de lucha. <\/p>\n<p>Durante el juicio oral, que se desarroll\u00f3 durante el mes de abril de 2026, declararon familiares, empleados de la casa y especialistas. Sus testimonios permitieron reconstruir la vida cotidiana de la pareja y aportaron elementos sobre el v\u00ednculo, atravesado \u2014seg\u00fan la acusaci\u00f3n\u2014 por episodios de control y agresiones. <\/p>\n<p><img loading=\"lazy\" decoding=\"async\" src=\"https:\/\/lobosnews.com.ar\/wp-content\/uploads\/2026\/04\/condenaron-a-prision-perpetua-a-jose-eduardo-figueroa-por-el-femicidio-de-mercedes-kvedaras-en-un-country-en-salta-2.jpg\" alt=\"La sala de audiencias durante los alegatos en el juicio por el femicidio de Mercedes Kvedaras (Captura de video)\" height=\"1080\" width=\"1920\"\/><\/p>\n<p>En los alegatos, <span class=\"waslinkname\"><i><b>la fiscal de la Unidad de Femicidios, Mar\u00eda Luj\u00e1n Sodero Calvet<\/b><\/i><\/span>, sostuvo que el acusado mat\u00f3 a su esposa cuando ella decidi\u00f3 poner fin a la relaci\u00f3n y recuperar su autonom\u00eda. En esa l\u00ednea, calific\u00f3 el hecho como femicidio y pidi\u00f3 la pena de prisi\u00f3n perpetua.<\/p>\n<p>La defensa, en cambio, intent\u00f3 desacreditar la hip\u00f3tesis de violencia de g\u00e9nero y plante\u00f3 que el hecho pudo haber ocurrido en un contexto de \u201cemoci\u00f3n violenta\u201d, con el objetivo de obtener una pena menor.<\/p>\n<p>El juicio qued\u00f3 atravesado tambi\u00e9n por una fuerte disputa t\u00e9cnica: la fiscal\u00eda y la querella cuestionaron informes periciales presentados por la defensa e incluso pidieron investigar a algunos especialistas por presunto falso testimonio. <\/p>\n<p>Finalmente, tras la ronda de alegatos y las \u00faltimas palabras del acusado, el tribunal avanz\u00f3 hacia el veredicto que este mediod\u00eda lo conden\u00f3 a prisi\u00f3n perpetua.<\/p>\n","protected":false},"excerpt":{"rendered":"<p>Para la Justicia de Salta conden\u00f3 este mediod\u00eda a prisi\u00f3n perpetua a Jos\u00e9 Eduardo Figueroa por el femicidio de su esposa, Mercedes Kvedaras, ocurrido en un country de esa provincia en agosto de 2023. El hombre era el \u00fanico acusado en el juicio. El tribunal consider\u00f3 acreditado que se trat\u00f3 de un homicidio doblemente calificado:&#8230;<\/p>\n","protected":false},"author":1,"featured_media":47946,"comment_status":"open","ping_status":"closed","sticky":false,"template":"","format":"standard","meta":{"_jetpack_memberships_contains_paid_content":false,"footnotes":""},"categories":[31,30,32,77,84,35,36,37],"tags":[],"class_list":["post-47941","post","type-post","status-publish","format-standard","has-post-thumbnail","hentry","category-actualidad","category-argentina","category-economia","category-inseguridad","category-masradios-com","category-nacionales","category-seguridad","category-sociedad"],"magazineBlocksPostFeaturedMedia":{"thumbnail":"https:\/\/lobosnews.com.ar\/wp-content\/uploads\/2026\/04\/condenaron-a-prision-perpetua-a-jose-eduardo-figueroa-por-el-femicidio-de-mercedes-kvedaras-en-un-country-en-salta-4-150x150.jpg","medium":"https:\/\/lobosnews.com.ar\/wp-content\/uploads\/2026\/04\/condenaron-a-prision-perpetua-a-jose-eduardo-figueroa-por-el-femicidio-de-mercedes-kvedaras-en-un-country-en-salta-4-300x169.jpg","medium_large":"https:\/\/lobosnews.com.ar\/wp-content\/uploads\/2026\/04\/condenaron-a-prision-perpetua-a-jose-eduardo-figueroa-por-el-femicidio-de-mercedes-kvedaras-en-un-country-en-salta-4-768x432.jpg","large":"https:\/\/lobosnews.com.ar\/wp-content\/uploads\/2026\/04\/condenaron-a-prision-perpetua-a-jose-eduardo-figueroa-por-el-femicidio-de-mercedes-kvedaras-en-un-country-en-salta-4-1024x576.jpg","1536x1536":"https:\/\/lobosnews.com.ar\/wp-content\/uploads\/2026\/04\/condenaron-a-prision-perpetua-a-jose-eduardo-figueroa-por-el-femicidio-de-mercedes-kvedaras-en-un-country-en-salta-4-1536x864.jpg","2048x2048":"https:\/\/lobosnews.com.ar\/wp-content\/uploads\/2026\/04\/condenaron-a-prision-perpetua-a-jose-eduardo-figueroa-por-el-femicidio-de-mercedes-kvedaras-en-un-country-en-salta-4.jpg","newsmatic-featured":"https:\/\/lobosnews.com.ar\/wp-content\/uploads\/2026\/04\/condenaron-a-prision-perpetua-a-jose-eduardo-figueroa-por-el-femicidio-de-mercedes-kvedaras-en-un-country-en-salta-4-820x545.jpg","newsmatic-list":"https:\/\/lobosnews.com.ar\/wp-content\/uploads\/2026\/04\/condenaron-a-prision-perpetua-a-jose-eduardo-figueroa-por-el-femicidio-de-mercedes-kvedaras-en-un-country-en-salta-4-600x400.jpg","newsmatic-thumb":"https:\/\/lobosnews.com.ar\/wp-content\/uploads\/2026\/04\/condenaron-a-prision-perpetua-a-jose-eduardo-figueroa-por-el-femicidio-de-mercedes-kvedaras-en-un-country-en-salta-4-300x200.jpg","newsmatic-small":"https:\/\/lobosnews.com.ar\/wp-content\/uploads\/2026\/04\/condenaron-a-prision-perpetua-a-jose-eduardo-figueroa-por-el-femicidio-de-mercedes-kvedaras-en-un-country-en-salta-4-150x95.jpg","newsmatic-grid":"https:\/\/lobosnews.com.ar\/wp-content\/uploads\/2026\/04\/condenaron-a-prision-perpetua-a-jose-eduardo-figueroa-por-el-femicidio-de-mercedes-kvedaras-en-un-country-en-salta-4-400x250.jpg"},"magazineBlocksPostAuthor":{"name":"admin","avatar":"https:\/\/secure.gravatar.com\/avatar\/76e419471a2083bc3ceab22a763dbbf9b0c1bd15a6214cf3280e2c2dde4580f9?s=96&d=mm&r=g"},"magazineBlocksPostCommentsNumber":"0","magazineBlocksPostExcerpt":"Para la Justicia de Salta conden\u00f3 este mediod\u00eda a prisi\u00f3n perpetua a Jos\u00e9 Eduardo Figueroa por el femicidio de su esposa, Mercedes Kvedaras, ocurrido en un country de esa provincia en agosto de 2023. El hombre era el \u00fanico acusado en el juicio. El tribunal consider\u00f3 acreditado que se trat\u00f3 de un homicidio doblemente calificado:...","magazineBlocksPostCategories":["Actualidad","Argentina","econom\u00eda","inseguridad","masradios.com","nacionales","seguridad","sociedad"],"magazineBlocksPostViewCount":6,"magazineBlocksPostReadTime":4,"magazine_blocks_featured_image_url":{"full":["https:\/\/lobosnews.com.ar\/wp-content\/uploads\/2026\/04\/condenaron-a-prision-perpetua-a-jose-eduardo-figueroa-por-el-femicidio-de-mercedes-kvedaras-en-un-country-en-salta-4.jpg",1920,1080,false],"medium":["https:\/\/lobosnews.com.ar\/wp-content\/uploads\/2026\/04\/condenaron-a-prision-perpetua-a-jose-eduardo-figueroa-por-el-femicidio-de-mercedes-kvedaras-en-un-country-en-salta-4-300x169.jpg",300,169,true],"thumbnail":["https:\/\/lobosnews.com.ar\/wp-content\/uploads\/2026\/04\/condenaron-a-prision-perpetua-a-jose-eduardo-figueroa-por-el-femicidio-de-mercedes-kvedaras-en-un-country-en-salta-4-150x150.jpg",150,150,true]},"magazine_blocks_author":{"display_name":"admin","author_link":"https:\/\/lobosnews.com.ar\/index.php\/author\/lobos-news\/"},"magazine_blocks_comment":0,"magazine_blocks_author_image":"https:\/\/secure.gravatar.com\/avatar\/76e419471a2083bc3ceab22a763dbbf9b0c1bd15a6214cf3280e2c2dde4580f9?s=96&d=mm&r=g","magazine_blocks_category":"<a href=\"#\" class=\"category-link category-link-31\">Actualidad<\/a> <a href=\"#\" class=\"category-link category-link-30\">Argentina<\/a> <a href=\"#\" class=\"category-link category-link-32\">econom\u00eda<\/a> <a href=\"#\" class=\"category-link category-link-77\">inseguridad<\/a> <a href=\"#\" class=\"category-link category-link-84\">masradios.com<\/a> <a href=\"#\" class=\"category-link category-link-35\">nacionales<\/a> <a href=\"#\" class=\"category-link category-link-36\">seguridad<\/a> <a href=\"#\" class=\"category-link category-link-37\">sociedad<\/a>","yoast_head":"<!-- This site is optimized with the Yoast SEO plugin v26.6 - https:\/\/yoast.com\/wordpress\/plugins\/seo\/ -->\n<title>Condenaron a prisi\u00f3n perpetua a Jos\u00e9 Eduardo Figueroa por el femicidio de Mercedes Kvedaras en un country en Salta - Lobos News<\/title>\n<meta name=\"robots\" content=\"index, follow, max-snippet:-1, max-image-preview:large, max-video-preview:-1\" \/>\n<link rel=\"canonical\" href=\"https:\/\/lobosnews.com.ar\/index.php\/2026\/04\/30\/condenaron-a-prision-perpetua-a-jose-eduardo-figueroa-por-el-femicidio-de-mercedes-kvedaras-en-un-country-en-salta\/\" \/>\n<meta property=\"og:locale\" content=\"es_ES\" \/>\n<meta property=\"og:type\" content=\"article\" \/>\n<meta property=\"og:title\" content=\"Condenaron a prisi\u00f3n perpetua a Jos\u00e9 Eduardo Figueroa por el femicidio de Mercedes Kvedaras en un country en Salta - Lobos News\" \/>\n<meta property=\"og:description\" content=\"Para la Justicia de Salta conden\u00f3 este mediod\u00eda a prisi\u00f3n perpetua a Jos\u00e9 Eduardo Figueroa por el femicidio de su esposa, Mercedes Kvedaras, ocurrido en un country de esa provincia en agosto de 2023. El hombre era el \u00fanico acusado en el juicio. El tribunal consider\u00f3 acreditado que se trat\u00f3 de un homicidio doblemente calificado:...\" \/>\n<meta property=\"og:url\" content=\"https:\/\/lobosnews.com.ar\/index.php\/2026\/04\/30\/condenaron-a-prision-perpetua-a-jose-eduardo-figueroa-por-el-femicidio-de-mercedes-kvedaras-en-un-country-en-salta\/\" \/>\n<meta property=\"og:site_name\" content=\"Lobos News\" \/>\n<meta property=\"article:published_time\" content=\"2026-04-30T21:21:15+00:00\" \/>\n<meta property=\"article:modified_time\" content=\"2026-04-30T21:30:49+00:00\" \/>\n<meta property=\"og:image\" content=\"https:\/\/lobosnews.com.ar\/wp-content\/uploads\/2026\/04\/condenaron-a-prision-perpetua-a-jose-eduardo-figueroa-por-el-femicidio-de-mercedes-kvedaras-en-un-country-en-salta.jpg\" \/>\n<meta name=\"author\" content=\"admin\" \/>\n<meta name=\"twitter:card\" content=\"summary_large_image\" \/>\n<meta name=\"twitter:label1\" content=\"Escrito por\" \/>\n\t<meta name=\"twitter:data1\" content=\"admin\" \/>\n\t<meta name=\"twitter:label2\" content=\"Tiempo de lectura\" \/>\n\t<meta name=\"twitter:data2\" content=\"3 minutos\" \/>\n<script type=\"application\/ld+json\" class=\"yoast-schema-graph\">{\"@context\":\"https:\/\/schema.org\",\"@graph\":[{\"@type\":\"Article\",\"@id\":\"https:\/\/lobosnews.com.ar\/index.php\/2026\/04\/30\/condenaron-a-prision-perpetua-a-jose-eduardo-figueroa-por-el-femicidio-de-mercedes-kvedaras-en-un-country-en-salta\/#article\",\"isPartOf\":{\"@id\":\"https:\/\/lobosnews.com.ar\/index.php\/2026\/04\/30\/condenaron-a-prision-perpetua-a-jose-eduardo-figueroa-por-el-femicidio-de-mercedes-kvedaras-en-un-country-en-salta\/\"},\"author\":{\"name\":\"admin\",\"@id\":\"https:\/\/lobosnews.com.ar\/#\/schema\/person\/232422a593d5c541dd9aef6aaed10943\"},\"headline\":\"Condenaron a prisi\u00f3n perpetua a Jos\u00e9 Eduardo Figueroa por el femicidio de Mercedes Kvedaras en un country en Salta\",\"datePublished\":\"2026-04-30T21:21:15+00:00\",\"dateModified\":\"2026-04-30T21:30:49+00:00\",\"mainEntityOfPage\":{\"@id\":\"https:\/\/lobosnews.com.ar\/index.php\/2026\/04\/30\/condenaron-a-prision-perpetua-a-jose-eduardo-figueroa-por-el-femicidio-de-mercedes-kvedaras-en-un-country-en-salta\/\"},\"wordCount\":637,\"commentCount\":0,\"publisher\":{\"@id\":\"https:\/\/lobosnews.com.ar\/#organization\"},\"image\":{\"@id\":\"https:\/\/lobosnews.com.ar\/index.php\/2026\/04\/30\/condenaron-a-prision-perpetua-a-jose-eduardo-figueroa-por-el-femicidio-de-mercedes-kvedaras-en-un-country-en-salta\/#primaryimage\"},\"thumbnailUrl\":\"https:\/\/lobosnews.com.ar\/wp-content\/uploads\/2026\/04\/condenaron-a-prision-perpetua-a-jose-eduardo-figueroa-por-el-femicidio-de-mercedes-kvedaras-en-un-country-en-salta-4.jpg\",\"articleSection\":[\"Actualidad\",\"Argentina\",\"econom\u00eda\",\"inseguridad\",\"masradios.com\",\"nacionales\",\"seguridad\",\"sociedad\"],\"inLanguage\":\"es\",\"potentialAction\":[{\"@type\":\"CommentAction\",\"name\":\"Comment\",\"target\":[\"https:\/\/lobosnews.com.ar\/index.php\/2026\/04\/30\/condenaron-a-prision-perpetua-a-jose-eduardo-figueroa-por-el-femicidio-de-mercedes-kvedaras-en-un-country-en-salta\/#respond\"]}]},{\"@type\":\"WebPage\",\"@id\":\"https:\/\/lobosnews.com.ar\/index.php\/2026\/04\/30\/condenaron-a-prision-perpetua-a-jose-eduardo-figueroa-por-el-femicidio-de-mercedes-kvedaras-en-un-country-en-salta\/\",\"url\":\"https:\/\/lobosnews.com.ar\/index.php\/2026\/04\/30\/condenaron-a-prision-perpetua-a-jose-eduardo-figueroa-por-el-femicidio-de-mercedes-kvedaras-en-un-country-en-salta\/\",\"name\":\"Condenaron a prisi\u00f3n perpetua a Jos\u00e9 Eduardo Figueroa por el femicidio de Mercedes Kvedaras en un country en Salta - Lobos News\",\"isPartOf\":{\"@id\":\"https:\/\/lobosnews.com.ar\/#website\"},\"primaryImageOfPage\":{\"@id\":\"https:\/\/lobosnews.com.ar\/index.php\/2026\/04\/30\/condenaron-a-prision-perpetua-a-jose-eduardo-figueroa-por-el-femicidio-de-mercedes-kvedaras-en-un-country-en-salta\/#primaryimage\"},\"image\":{\"@id\":\"https:\/\/lobosnews.com.ar\/index.php\/2026\/04\/30\/condenaron-a-prision-perpetua-a-jose-eduardo-figueroa-por-el-femicidio-de-mercedes-kvedaras-en-un-country-en-salta\/#primaryimage\"},\"thumbnailUrl\":\"https:\/\/lobosnews.com.ar\/wp-content\/uploads\/2026\/04\/condenaron-a-prision-perpetua-a-jose-eduardo-figueroa-por-el-femicidio-de-mercedes-kvedaras-en-un-country-en-salta-4.jpg\",\"datePublished\":\"2026-04-30T21:21:15+00:00\",\"dateModified\":\"2026-04-30T21:30:49+00:00\",\"breadcrumb\":{\"@id\":\"https:\/\/lobosnews.com.ar\/index.php\/2026\/04\/30\/condenaron-a-prision-perpetua-a-jose-eduardo-figueroa-por-el-femicidio-de-mercedes-kvedaras-en-un-country-en-salta\/#breadcrumb\"},\"inLanguage\":\"es\",\"potentialAction\":[{\"@type\":\"ReadAction\",\"target\":[\"https:\/\/lobosnews.com.ar\/index.php\/2026\/04\/30\/condenaron-a-prision-perpetua-a-jose-eduardo-figueroa-por-el-femicidio-de-mercedes-kvedaras-en-un-country-en-salta\/\"]}]},{\"@type\":\"ImageObject\",\"inLanguage\":\"es\",\"@id\":\"https:\/\/lobosnews.com.ar\/index.php\/2026\/04\/30\/condenaron-a-prision-perpetua-a-jose-eduardo-figueroa-por-el-femicidio-de-mercedes-kvedaras-en-un-country-en-salta\/#primaryimage\",\"url\":\"https:\/\/lobosnews.com.ar\/wp-content\/uploads\/2026\/04\/condenaron-a-prision-perpetua-a-jose-eduardo-figueroa-por-el-femicidio-de-mercedes-kvedaras-en-un-country-en-salta-4.jpg\",\"contentUrl\":\"https:\/\/lobosnews.com.ar\/wp-content\/uploads\/2026\/04\/condenaron-a-prision-perpetua-a-jose-eduardo-figueroa-por-el-femicidio-de-mercedes-kvedaras-en-un-country-en-salta-4.jpg\",\"width\":1920,\"height\":1080,\"caption\":\"Condenaron a prisi\u00f3n perpetua a Jos\u00e9 Eduardo Figueroa por el femicidio de Mercedes Kvedaras en un country en Salta\"},{\"@type\":\"BreadcrumbList\",\"@id\":\"https:\/\/lobosnews.com.ar\/index.php\/2026\/04\/30\/condenaron-a-prision-perpetua-a-jose-eduardo-figueroa-por-el-femicidio-de-mercedes-kvedaras-en-un-country-en-salta\/#breadcrumb\",\"itemListElement\":[{\"@type\":\"ListItem\",\"position\":1,\"name\":\"Portada\",\"item\":\"https:\/\/lobosnews.com.ar\/\"},{\"@type\":\"ListItem\",\"position\":2,\"name\":\"Condenaron a prisi\u00f3n perpetua a Jos\u00e9 Eduardo Figueroa por el femicidio de Mercedes Kvedaras en un country en Salta\"}]},{\"@type\":\"WebSite\",\"@id\":\"https:\/\/lobosnews.com.ar\/#website\",\"url\":\"https:\/\/lobosnews.com.ar\/\",\"name\":\"Lobos News\",\"description\":\"Informaci\u00f3n a cada instante\",\"publisher\":{\"@id\":\"https:\/\/lobosnews.com.ar\/#organization\"},\"potentialAction\":[{\"@type\":\"SearchAction\",\"target\":{\"@type\":\"EntryPoint\",\"urlTemplate\":\"https:\/\/lobosnews.com.ar\/?s={search_term_string}\"},\"query-input\":{\"@type\":\"PropertyValueSpecification\",\"valueRequired\":true,\"valueName\":\"search_term_string\"}}],\"inLanguage\":\"es\"},{\"@type\":\"Organization\",\"@id\":\"https:\/\/lobosnews.com.ar\/#organization\",\"name\":\"Lobos News\",\"url\":\"https:\/\/lobosnews.com.ar\/\",\"logo\":{\"@type\":\"ImageObject\",\"inLanguage\":\"es\",\"@id\":\"https:\/\/lobosnews.com.ar\/#\/schema\/logo\/image\/\",\"url\":\"https:\/\/lobosnews.com.ar\/wp-content\/uploads\/2026\/01\/logo-lobosnews.png\",\"contentUrl\":\"https:\/\/lobosnews.com.ar\/wp-content\/uploads\/2026\/01\/logo-lobosnews.png\",\"width\":500,\"height\":200,\"caption\":\"Lobos News\"},\"image\":{\"@id\":\"https:\/\/lobosnews.com.ar\/#\/schema\/logo\/image\/\"}},{\"@type\":\"Person\",\"@id\":\"https:\/\/lobosnews.com.ar\/#\/schema\/person\/232422a593d5c541dd9aef6aaed10943\",\"name\":\"admin\",\"image\":{\"@type\":\"ImageObject\",\"inLanguage\":\"es\",\"@id\":\"https:\/\/lobosnews.com.ar\/#\/schema\/person\/image\/\",\"url\":\"https:\/\/secure.gravatar.com\/avatar\/76e419471a2083bc3ceab22a763dbbf9b0c1bd15a6214cf3280e2c2dde4580f9?s=96&d=mm&r=g\",\"contentUrl\":\"https:\/\/secure.gravatar.com\/avatar\/76e419471a2083bc3ceab22a763dbbf9b0c1bd15a6214cf3280e2c2dde4580f9?s=96&d=mm&r=g\",\"caption\":\"admin\"},\"sameAs\":[\"https:\/\/lobosnews.com.ar\"],\"url\":\"https:\/\/lobosnews.com.ar\/index.php\/author\/lobos-news\/\"}]}<\/script>\n<!-- \/ Yoast SEO plugin. -->","yoast_head_json":{"title":"Condenaron a prisi\u00f3n perpetua a Jos\u00e9 Eduardo Figueroa por el femicidio de Mercedes Kvedaras en un country en Salta - Lobos News","robots":{"index":"index","follow":"follow","max-snippet":"max-snippet:-1","max-image-preview":"max-image-preview:large","max-video-preview":"max-video-preview:-1"},"canonical":"https:\/\/lobosnews.com.ar\/index.php\/2026\/04\/30\/condenaron-a-prision-perpetua-a-jose-eduardo-figueroa-por-el-femicidio-de-mercedes-kvedaras-en-un-country-en-salta\/","og_locale":"es_ES","og_type":"article","og_title":"Condenaron a prisi\u00f3n perpetua a Jos\u00e9 Eduardo Figueroa por el femicidio de Mercedes Kvedaras en un country en Salta - Lobos News","og_description":"Para la Justicia de Salta conden\u00f3 este mediod\u00eda a prisi\u00f3n perpetua a Jos\u00e9 Eduardo Figueroa por el femicidio de su esposa, Mercedes Kvedaras, ocurrido en un country de esa provincia en agosto de 2023. El hombre era el \u00fanico acusado en el juicio. El tribunal consider\u00f3 acreditado que se trat\u00f3 de un homicidio doblemente calificado:...","og_url":"https:\/\/lobosnews.com.ar\/index.php\/2026\/04\/30\/condenaron-a-prision-perpetua-a-jose-eduardo-figueroa-por-el-femicidio-de-mercedes-kvedaras-en-un-country-en-salta\/","og_site_name":"Lobos News","article_published_time":"2026-04-30T21:21:15+00:00","article_modified_time":"2026-04-30T21:30:49+00:00","og_image":[{"url":"https:\/\/lobosnews.com.ar\/wp-content\/uploads\/2026\/04\/condenaron-a-prision-perpetua-a-jose-eduardo-figueroa-por-el-femicidio-de-mercedes-kvedaras-en-un-country-en-salta.jpg","type":"","width":"","height":""}],"author":"admin","twitter_card":"summary_large_image","twitter_misc":{"Escrito por":"admin","Tiempo de lectura":"3 minutos"},"schema":{"@context":"https:\/\/schema.org","@graph":[{"@type":"Article","@id":"https:\/\/lobosnews.com.ar\/index.php\/2026\/04\/30\/condenaron-a-prision-perpetua-a-jose-eduardo-figueroa-por-el-femicidio-de-mercedes-kvedaras-en-un-country-en-salta\/#article","isPartOf":{"@id":"https:\/\/lobosnews.com.ar\/index.php\/2026\/04\/30\/condenaron-a-prision-perpetua-a-jose-eduardo-figueroa-por-el-femicidio-de-mercedes-kvedaras-en-un-country-en-salta\/"},"author":{"name":"admin","@id":"https:\/\/lobosnews.com.ar\/#\/schema\/person\/232422a593d5c541dd9aef6aaed10943"},"headline":"Condenaron a prisi\u00f3n perpetua a Jos\u00e9 Eduardo Figueroa por el femicidio de Mercedes Kvedaras en un country en Salta","datePublished":"2026-04-30T21:21:15+00:00","dateModified":"2026-04-30T21:30:49+00:00","mainEntityOfPage":{"@id":"https:\/\/lobosnews.com.ar\/index.php\/2026\/04\/30\/condenaron-a-prision-perpetua-a-jose-eduardo-figueroa-por-el-femicidio-de-mercedes-kvedaras-en-un-country-en-salta\/"},"wordCount":637,"commentCount":0,"publisher":{"@id":"https:\/\/lobosnews.com.ar\/#organization"},"image":{"@id":"https:\/\/lobosnews.com.ar\/index.php\/2026\/04\/30\/condenaron-a-prision-perpetua-a-jose-eduardo-figueroa-por-el-femicidio-de-mercedes-kvedaras-en-un-country-en-salta\/#primaryimage"},"thumbnailUrl":"https:\/\/lobosnews.com.ar\/wp-content\/uploads\/2026\/04\/condenaron-a-prision-perpetua-a-jose-eduardo-figueroa-por-el-femicidio-de-mercedes-kvedaras-en-un-country-en-salta-4.jpg","articleSection":["Actualidad","Argentina","econom\u00eda","inseguridad","masradios.com","nacionales","seguridad","sociedad"],"inLanguage":"es","potentialAction":[{"@type":"CommentAction","name":"Comment","target":["https:\/\/lobosnews.com.ar\/index.php\/2026\/04\/30\/condenaron-a-prision-perpetua-a-jose-eduardo-figueroa-por-el-femicidio-de-mercedes-kvedaras-en-un-country-en-salta\/#respond"]}]},{"@type":"WebPage","@id":"https:\/\/lobosnews.com.ar\/index.php\/2026\/04\/30\/condenaron-a-prision-perpetua-a-jose-eduardo-figueroa-por-el-femicidio-de-mercedes-kvedaras-en-un-country-en-salta\/","url":"https:\/\/lobosnews.com.ar\/index.php\/2026\/04\/30\/condenaron-a-prision-perpetua-a-jose-eduardo-figueroa-por-el-femicidio-de-mercedes-kvedaras-en-un-country-en-salta\/","name":"Condenaron a prisi\u00f3n perpetua a Jos\u00e9 Eduardo Figueroa por el femicidio de Mercedes Kvedaras en un country en Salta - Lobos News","isPartOf":{"@id":"https:\/\/lobosnews.com.ar\/#website"},"primaryImageOfPage":{"@id":"https:\/\/lobosnews.com.ar\/index.php\/2026\/04\/30\/condenaron-a-prision-perpetua-a-jose-eduardo-figueroa-por-el-femicidio-de-mercedes-kvedaras-en-un-country-en-salta\/#primaryimage"},"image":{"@id":"https:\/\/lobosnews.com.ar\/index.php\/2026\/04\/30\/condenaron-a-prision-perpetua-a-jose-eduardo-figueroa-por-el-femicidio-de-mercedes-kvedaras-en-un-country-en-salta\/#primaryimage"},"thumbnailUrl":"https:\/\/lobosnews.com.ar\/wp-content\/uploads\/2026\/04\/condenaron-a-prision-perpetua-a-jose-eduardo-figueroa-por-el-femicidio-de-mercedes-kvedaras-en-un-country-en-salta-4.jpg","datePublished":"2026-04-30T21:21:15+00:00","dateModified":"2026-04-30T21:30:49+00:00","breadcrumb":{"@id":"https:\/\/lobosnews.com.ar\/index.php\/2026\/04\/30\/condenaron-a-prision-perpetua-a-jose-eduardo-figueroa-por-el-femicidio-de-mercedes-kvedaras-en-un-country-en-salta\/#breadcrumb"},"inLanguage":"es","potentialAction":[{"@type":"ReadAction","target":["https:\/\/lobosnews.com.ar\/index.php\/2026\/04\/30\/condenaron-a-prision-perpetua-a-jose-eduardo-figueroa-por-el-femicidio-de-mercedes-kvedaras-en-un-country-en-salta\/"]}]},{"@type":"ImageObject","inLanguage":"es","@id":"https:\/\/lobosnews.com.ar\/index.php\/2026\/04\/30\/condenaron-a-prision-perpetua-a-jose-eduardo-figueroa-por-el-femicidio-de-mercedes-kvedaras-en-un-country-en-salta\/#primaryimage","url":"https:\/\/lobosnews.com.ar\/wp-content\/uploads\/2026\/04\/condenaron-a-prision-perpetua-a-jose-eduardo-figueroa-por-el-femicidio-de-mercedes-kvedaras-en-un-country-en-salta-4.jpg","contentUrl":"https:\/\/lobosnews.com.ar\/wp-content\/uploads\/2026\/04\/condenaron-a-prision-perpetua-a-jose-eduardo-figueroa-por-el-femicidio-de-mercedes-kvedaras-en-un-country-en-salta-4.jpg","width":1920,"height":1080,"caption":"Condenaron a prisi\u00f3n perpetua a Jos\u00e9 Eduardo Figueroa por el femicidio de Mercedes Kvedaras en un country en Salta"},{"@type":"BreadcrumbList","@id":"https:\/\/lobosnews.com.ar\/index.php\/2026\/04\/30\/condenaron-a-prision-perpetua-a-jose-eduardo-figueroa-por-el-femicidio-de-mercedes-kvedaras-en-un-country-en-salta\/#breadcrumb","itemListElement":[{"@type":"ListItem","position":1,"name":"Portada","item":"https:\/\/lobosnews.com.ar\/"},{"@type":"ListItem","position":2,"name":"Condenaron a prisi\u00f3n perpetua a Jos\u00e9 Eduardo Figueroa por el femicidio de Mercedes Kvedaras en un country en Salta"}]},{"@type":"WebSite","@id":"https:\/\/lobosnews.com.ar\/#website","url":"https:\/\/lobosnews.com.ar\/","name":"Lobos News","description":"Informaci\u00f3n a cada instante","publisher":{"@id":"https:\/\/lobosnews.com.ar\/#organization"},"potentialAction":[{"@type":"SearchAction","target":{"@type":"EntryPoint","urlTemplate":"https:\/\/lobosnews.com.ar\/?s={search_term_string}"},"query-input":{"@type":"PropertyValueSpecification","valueRequired":true,"valueName":"search_term_string"}}],"inLanguage":"es"},{"@type":"Organization","@id":"https:\/\/lobosnews.com.ar\/#organization","name":"Lobos News","url":"https:\/\/lobosnews.com.ar\/","logo":{"@type":"ImageObject","inLanguage":"es","@id":"https:\/\/lobosnews.com.ar\/#\/schema\/logo\/image\/","url":"https:\/\/lobosnews.com.ar\/wp-content\/uploads\/2026\/01\/logo-lobosnews.png","contentUrl":"https:\/\/lobosnews.com.ar\/wp-content\/uploads\/2026\/01\/logo-lobosnews.png","width":500,"height":200,"caption":"Lobos News"},"image":{"@id":"https:\/\/lobosnews.com.ar\/#\/schema\/logo\/image\/"}},{"@type":"Person","@id":"https:\/\/lobosnews.com.ar\/#\/schema\/person\/232422a593d5c541dd9aef6aaed10943","name":"admin","image":{"@type":"ImageObject","inLanguage":"es","@id":"https:\/\/lobosnews.com.ar\/#\/schema\/person\/image\/","url":"https:\/\/secure.gravatar.com\/avatar\/76e419471a2083bc3ceab22a763dbbf9b0c1bd15a6214cf3280e2c2dde4580f9?s=96&d=mm&r=g","contentUrl":"https:\/\/secure.gravatar.com\/avatar\/76e419471a2083bc3ceab22a763dbbf9b0c1bd15a6214cf3280e2c2dde4580f9?s=96&d=mm&r=g","caption":"admin"},"sameAs":["https:\/\/lobosnews.com.ar"],"url":"https:\/\/lobosnews.com.ar\/index.php\/author\/lobos-news\/"}]}},"jetpack_featured_media_url":"https:\/\/lobosnews.com.ar\/wp-content\/uploads\/2026\/04\/condenaron-a-prision-perpetua-a-jose-eduardo-figueroa-por-el-femicidio-de-mercedes-kvedaras-en-un-country-en-salta-4.jpg","jetpack_sharing_enabled":true,"_links":{"self":[{"href":"https:\/\/lobosnews.com.ar\/index.php\/wp-json\/wp\/v2\/posts\/47941","targetHints":{"allow":["GET"]}}],"collection":[{"href":"https:\/\/lobosnews.com.ar\/index.php\/wp-json\/wp\/v2\/posts"}],"about":[{"href":"https:\/\/lobosnews.com.ar\/index.php\/wp-json\/wp\/v2\/types\/post"}],"author":[{"embeddable":true,"href":"https:\/\/lobosnews.com.ar\/index.php\/wp-json\/wp\/v2\/users\/1"}],"replies":[{"embeddable":true,"href":"https:\/\/lobosnews.com.ar\/index.php\/wp-json\/wp\/v2\/comments?post=47941"}],"version-history":[{"count":1,"href":"https:\/\/lobosnews.com.ar\/index.php\/wp-json\/wp\/v2\/posts\/47941\/revisions"}],"predecessor-version":[{"id":47945,"href":"https:\/\/lobosnews.com.ar\/index.php\/wp-json\/wp\/v2\/posts\/47941\/revisions\/47945"}],"wp:featuredmedia":[{"embeddable":true,"href":"https:\/\/lobosnews.com.ar\/index.php\/wp-json\/wp\/v2\/media\/47946"}],"wp:attachment":[{"href":"https:\/\/lobosnews.com.ar\/index.php\/wp-json\/wp\/v2\/media?parent=47941"}],"wp:term":[{"taxonomy":"category","embeddable":true,"href":"https:\/\/lobosnews.com.ar\/index.php\/wp-json\/wp\/v2\/categories?post=47941"},{"taxonomy":"post_tag","embeddable":true,"href":"https:\/\/lobosnews.com.ar\/index.php\/wp-json\/wp\/v2\/tags?post=47941"}],"curies":[{"name":"wp","href":"https:\/\/api.w.org\/{rel}","templated":true}]}}