{"id":47912,"date":"2026-04-30T20:40:57","date_gmt":"2026-04-30T20:40:57","guid":{"rendered":"https:\/\/lobosnews.com.ar\/index.php\/2026\/04\/30\/que-son-las-avispas-chaqueta-amarilla-y-como-protegerse-de-sus-picaduras\/"},"modified":"2026-04-30T21:20:55","modified_gmt":"2026-04-30T21:20:55","slug":"que-son-las-avispas-chaqueta-amarilla-y-como-protegerse-de-sus-picaduras","status":"publish","type":"post","link":"https:\/\/lobosnews.com.ar\/index.php\/2026\/04\/30\/que-son-las-avispas-chaqueta-amarilla-y-como-protegerse-de-sus-picaduras\/","title":{"rendered":"Qu\u00e9 son las avispas chaqueta amarilla y c\u00f3mo protegerse de sus picaduras"},"content":{"rendered":"<p><img fetchpriority=\"high\" decoding=\"async\" src=\"https:\/\/lobosnews.com.ar\/wp-content\/uploads\/2026\/04\/que-son-las-avispas-chaqueta-amarilla-y-como-protegerse-de-sus-picaduras.jpg\" alt=\"Las avispas chaqueta amarilla (Vespula germanica) han sido protagonistas de recientes ataques a personas en la Patagonia y Neuqu\u00e9n (Imagen Ilustrativa Infobae)\" height=\"768\" width=\"1408\"\/><\/p>\n<p>Las <span class=\"waslinkname\"><b>avispas<\/b><\/span> chaqueta amarilla (Vespula germanica) han cobrado notoriedad en la <b>Argentina<\/b> a ra\u00edz de episodios recientes que involucraron <span class=\"waslinkname\"><b>ataques<\/b><\/span> a personas en regiones como la <b>Patagonia<\/b> y <b>Neuqu\u00e9n<\/b>. La expansi\u00f3n acelerada de esta especie, considerada invasora por organismos cient\u00edficos nacionales como el <span class=\"waslinkname\"><b>CONICET<\/b><\/span>, ha generado preocupaci\u00f3n tanto en el \u00e1mbito <span class=\"waslinkname\">sanitario <\/span>como ambiental. <b>Los especialistas advierten sobre la necesidad de conocer las caracter\u00edsticas de estos insectos y adoptar recaudos en actividades al aire libre<\/b>, especialmente en zonas rurales y boscosas donde su presencia es m\u00e1s frecuente.<\/p>\n<h2>Qu\u00e9 son las chaquetas amarillas<\/h2>\n<p>Las <b>chaquetas amarillas<\/b> son avispas sociales del g\u00e9nero <b>Vespula<\/b>, de origen euroasi\u00e1tico y norteafricano, que se han adaptado a distintas regiones del mundo. En la Argentina, el primer registro data de la d\u00e9cada de 1970 en la provincia de Neuqu\u00e9n, y desde entonces la especie ha colonizado extensas \u00e1reas del pa\u00eds, seg\u00fan el Centro Austral de Investigaciones Cient\u00edficas (CADIC-CONICET).<\/p>\n<p>A diferencia de las abejas, el cuerpo de la <b>Vespula germanica<\/b> es negro con bandas amarillas muy definidas y sim\u00e9tricas. Su tama\u00f1o ronda el medio cent\u00edmetro y su vuelo se caracteriza por movimientos r\u00e1pidos y err\u00e1ticos. La especie se distingue por su capacidad de<b> picar varias veces sin perder el aguij\u00f3n<\/b>, ya que este es liso, y por la potencia de sus mand\u00edbulas, con las que tambi\u00e9n puede morder.<\/p>\n<p><img loading=\"lazy\" decoding=\"async\" src=\"https:\/\/lobosnews.com.ar\/wp-content\/uploads\/2026\/04\/que-son-las-avispas-chaqueta-amarilla-y-como-protegerse-de-sus-picaduras-1.jpg\" alt=\"El CONICET considera a la chaqueta amarilla una especie invasora en Argentina, por su impacto sanitario y ambiental (Imagen Ilustrativa Infobae)\" height=\"768\" width=\"1408\"\/><\/p>\n<p>Esta avispa es considerada<b> ex\u00f3tica e invasora<\/b>, seg\u00fan el <b>CONICET<\/b>, porque no es nativa del pa\u00eds y se expande de manera tal que puede afectar el ambiente y la salud p\u00fablica. Su presencia se asocia a<b> la alteraci\u00f3n de ecosistemas, el desplazamiento de especies nativas y el da\u00f1o a la apicultura<\/b>, ya que ataca colmenas y compite por recursos.<\/p>\n<h2>D\u00f3nde se encuentran y c\u00f3mo identificarlas<\/h2>\n<p>De acuerdo con el <b>CONICET<\/b>, la expansi\u00f3n de la <b>chaqueta amarilla<\/b> en la Argentina se ha dado a un ritmo estimado de 37 kil\u00f3metros por a\u00f1o, superando barreras geogr\u00e1ficas como el Estrecho de Magallanes y la Cordillera Darwin. Si bien prefiere <b>ambientes templados y h\u00famedos<\/b>, puede sobrevivir en condiciones clim\u00e1ticas variadas.<\/p>\n<p>Las <b>chaquetas<\/b> amarillas suelen <b>nidificar en el suelo<\/b>, aprovechando cavidades naturales o madrigueras abandonadas de roedores, aunque tambi\u00e9n se han hallado<b> nidos en \u00e1rboles, arbustos, estructuras urbanas e incluso viviendas. <\/b><\/p>\n<p>Los nidos est\u00e1n recubiertos por una pared de celulosa que las obreras fabrican con corteza y saliva. En el exterior, el acceso al nido puede quedar oculto, por lo que es habitual encontrarlas en <b>actividades de jardiner\u00eda, corte de le\u00f1a o senderismo<\/b>.<\/p>\n<p><img loading=\"lazy\" decoding=\"async\" src=\"https:\/\/lobosnews.com.ar\/wp-content\/uploads\/2026\/04\/que-son-las-avispas-chaqueta-amarilla-y-como-protegerse-de-sus-picaduras-2.jpg\" alt=\"Especialistas recomiendan conocer las caracter\u00edsticas de la avispa y tomar recaudos en actividades al aire libre (Imagen Ilustrativa Infobae)\" height=\"1536\" width=\"2752\"\/><\/p>\n<p>El patr\u00f3n amarillo y negro en el abdomen y la l\u00ednea amarilla bajo el ojo son rasgos distintivos para su identificaci\u00f3n. <b>A simple vista, suele ser confundida con una abeja<\/b>. Sin embargo, presenta diferencias claras: su cuerpo es negro con <b>bandas amarillas bien definidas<\/b>, sim\u00e9tricas, y tiene un vuelo r\u00e1pido y err\u00e1tico.<\/p>\n<h2>Ciclo de vida y comportamiento<\/h2>\n<p>La <b>chaqueta amarilla<\/b> vive en colonias organizadas en castas: una reina, obreras y z\u00e1nganos. El ciclo anual de la colonia inicia en primavera, cuando la reina funda el nido y pone los primeros huevos. Las obreras emergen y asumen el cuidado del nido, que puede llegar a albergar miles de individuos a fines del verano, seg\u00fan la <b>Conservation Commission of Missouri<\/b>.<\/p>\n<p><b>Durante el oto\u00f1o, el comportamiento de la especie se vuelve m\u00e1s defensivo y agresivo<\/b>, en parte por la disminuci\u00f3n de recursos naturales. La actividad predadora se incrementa y los ataques a seres humanos pueden ser m\u00e1s frecuentes ante cualquier perturbaci\u00f3n del entorno del nido.<\/p>\n<p>La dieta de la Vespula germanica es variada: <b>se alimenta de insectos, frutas, n\u00e9ctar, carne y restos org\u00e1nicos<\/b>. En entornos rurales, puede atacar animales con heridas o durante pariciones para obtener prote\u00ednas. Su comportamiento alimentario la define como un predador oportunista y carro\u00f1ero.<\/p>\n<p><img loading=\"lazy\" decoding=\"async\" src=\"https:\/\/lobosnews.com.ar\/wp-content\/uploads\/2026\/04\/que-son-las-avispas-chaqueta-amarilla-y-como-protegerse-de-sus-picaduras-3.jpg\" alt=\"La expansi\u00f3n de la especie ha alcanzado extensas \u00e1reas del pa\u00eds, desplazando a especies nativas (Imagen Ilustrativa Infobae)\" height=\"768\" width=\"1408\"\/><\/p>\n<h2>Riesgos para la salud y el ambiente<\/h2>\n<p><b>La picadura de la chaqueta amarilla produce dolor intenso, enrojecimiento y edema local. <\/b>Su veneno puede generar reacciones al\u00e9rgicas graves, como el <b>shock anafil\u00e1ctico<\/b>, potencialmente mortal si no se trata a tiempo. La reacci\u00f3n en estos casos se caracteriza por una ca\u00edda dr\u00e1stica de la<b> presi\u00f3n arterial<\/b>, dificultad respiratoria severa y compromiso de m\u00faltiples \u00f3rganos, y requiere atenci\u00f3n m\u00e9dica de emergencia inmediata.<\/p>\n<p>Las muertes suelen asociarse a personas con antecedentes al\u00e9rgicos o m\u00faltiples picaduras. Entre los s\u00edntomas de una reacci\u00f3n severa, la Conservation Commission of Missouri enumera: <b>hinchaz\u00f3n de cara, labios o garganta, dificultad respiratoria, urticaria y p\u00e9rdida de conciencia.<\/b><\/p>\n<p>En el plano ambiental, la especie afecta a polinizadores nativos y a la apicultura, depreda abejas y saquea colmenas, lo que genera perjuicios econ\u00f3micos y ecol\u00f3gicos. Tambi\u00e9n puede da\u00f1ar frutales al morder frutos maduros y facilita la entrada de pat\u00f3genos.<\/p>\n<p><img loading=\"lazy\" decoding=\"async\" src=\"https:\/\/lobosnews.com.ar\/wp-content\/uploads\/2026\/04\/que-son-las-avispas-chaqueta-amarilla-y-como-protegerse-de-sus-picaduras-4.jpg\" alt=\"La especie afecta ambientes naturales, desplaza a polinizadores nativos y da\u00f1a la apicultura al atacar colmenas (Imagen Ilustrativa)\" height=\"768\" width=\"1408\"\/><\/p>\n<h2>Cuidados y recomendaciones<\/h2>\n<p><b>No existen repelentes espec\u00edficos<\/b> contra las chaquetas amarillas. Los especialistas del <b>CONICET<\/b> y la <b>Administraci\u00f3n de Parques Nacionales<\/b> recomiendan evitar disturbios en zonas donde puedan existir nidos, en especial durante el oto\u00f1o.<b> Al realizar actividades al aire libre, se aconseja no usar perfumes ni ropa de colores intensos<\/b>, ya que pueden atraer a estos insectos, y mantener la calma si uno se encuentra cerca de ellos.<\/p>\n<p>En campamentos y picnics, es preferible mantener alimentos y bebidas cerrados, revisar carpas y veh\u00edculos antes de ingresar, y evitar caminar descalzo en \u00e1reas de c\u00e9sped o bosques.<b> Si una avispa se posa sobre el cuerpo, la sugerencia es no aplastarla ni agitarse, sino esperar a que se aleje sola.<\/b><\/p>\n<p><b>En caso de picadura, se recomienda aplicar fr\u00edo local y consultar r\u00e1pidamente a un profesional de la salud<\/b> si la persona presenta antecedentes al\u00e9rgicos o reacciones inusuales. Ante el hallazgo de un nido en viviendas o espacios p\u00fablicos, las autoridades sugieren<b> dar aviso a Defensa Civil <\/b>o recurrir a personal especializado, evitando intentos de destrucci\u00f3n por cuenta propia.<\/p>\n<p>\u201cCada vez que notemos que hay una o m\u00e1s chaquetas amarillas cerca nuestro ser\u00eda importante proponernos llamarle la atenci\u00f3n lo menos posible, permaneciendo quietos hasta que se alejen, sin intentar pegarles o realizar movimientos bruscos que pudieran generar reacciones que terminen en picaduras o mordeduras\u201d, recomend\u00f3 Francisco Javier Sola, investigador de CADIC-CONICET.<\/p>\n","protected":false},"excerpt":{"rendered":"<p>Las avispas chaqueta amarilla (Vespula germanica) han cobrado notoriedad en la Argentina a ra\u00edz de episodios recientes que involucraron ataques a personas en regiones como la Patagonia y Neuqu\u00e9n. La expansi\u00f3n acelerada de esta especie, considerada invasora por organismos cient\u00edficos nacionales como el CONICET, ha generado preocupaci\u00f3n tanto en el \u00e1mbito sanitario como ambiental. Los&#8230;<\/p>\n","protected":false},"author":1,"featured_media":47919,"comment_status":"open","ping_status":"closed","sticky":false,"template":"","format":"standard","meta":{"_jetpack_memberships_contains_paid_content":false,"footnotes":""},"categories":[81],"tags":[],"class_list":["post-47912","post","type-post","status-publish","format-standard","has-post-thumbnail","hentry","category-salud"],"magazineBlocksPostFeaturedMedia":{"thumbnail":"https:\/\/lobosnews.com.ar\/wp-content\/uploads\/2026\/04\/que-son-las-avispas-chaqueta-amarilla-y-como-protegerse-de-sus-picaduras-8-150x150.jpg","medium":"https:\/\/lobosnews.com.ar\/wp-content\/uploads\/2026\/04\/que-son-las-avispas-chaqueta-amarilla-y-como-protegerse-de-sus-picaduras-8-300x164.jpg","medium_large":"https:\/\/lobosnews.com.ar\/wp-content\/uploads\/2026\/04\/que-son-las-avispas-chaqueta-amarilla-y-como-protegerse-de-sus-picaduras-8-768x419.jpg","large":"https:\/\/lobosnews.com.ar\/wp-content\/uploads\/2026\/04\/que-son-las-avispas-chaqueta-amarilla-y-como-protegerse-de-sus-picaduras-8-1024x559.jpg","1536x1536":"https:\/\/lobosnews.com.ar\/wp-content\/uploads\/2026\/04\/que-son-las-avispas-chaqueta-amarilla-y-como-protegerse-de-sus-picaduras-8.jpg","2048x2048":"https:\/\/lobosnews.com.ar\/wp-content\/uploads\/2026\/04\/que-son-las-avispas-chaqueta-amarilla-y-como-protegerse-de-sus-picaduras-8.jpg","newsmatic-featured":"https:\/\/lobosnews.com.ar\/wp-content\/uploads\/2026\/04\/que-son-las-avispas-chaqueta-amarilla-y-como-protegerse-de-sus-picaduras-8-820x545.jpg","newsmatic-list":"https:\/\/lobosnews.com.ar\/wp-content\/uploads\/2026\/04\/que-son-las-avispas-chaqueta-amarilla-y-como-protegerse-de-sus-picaduras-8-600x400.jpg","newsmatic-thumb":"https:\/\/lobosnews.com.ar\/wp-content\/uploads\/2026\/04\/que-son-las-avispas-chaqueta-amarilla-y-como-protegerse-de-sus-picaduras-8-300x200.jpg","newsmatic-small":"https:\/\/lobosnews.com.ar\/wp-content\/uploads\/2026\/04\/que-son-las-avispas-chaqueta-amarilla-y-como-protegerse-de-sus-picaduras-8-150x95.jpg","newsmatic-grid":"https:\/\/lobosnews.com.ar\/wp-content\/uploads\/2026\/04\/que-son-las-avispas-chaqueta-amarilla-y-como-protegerse-de-sus-picaduras-8-400x250.jpg"},"magazineBlocksPostAuthor":{"name":"admin","avatar":"https:\/\/secure.gravatar.com\/avatar\/76e419471a2083bc3ceab22a763dbbf9b0c1bd15a6214cf3280e2c2dde4580f9?s=96&d=mm&r=g"},"magazineBlocksPostCommentsNumber":"0","magazineBlocksPostExcerpt":"Las avispas chaqueta amarilla (Vespula germanica) han cobrado notoriedad en la Argentina a ra\u00edz de episodios recientes que involucraron ataques a personas en regiones como la Patagonia y Neuqu\u00e9n. La expansi\u00f3n acelerada de esta especie, considerada invasora por organismos cient\u00edficos nacionales como el CONICET, ha generado preocupaci\u00f3n tanto en el \u00e1mbito sanitario como ambiental. Los...","magazineBlocksPostCategories":["Salud"],"magazineBlocksPostViewCount":4,"magazineBlocksPostReadTime":6,"magazine_blocks_featured_image_url":{"full":["https:\/\/lobosnews.com.ar\/wp-content\/uploads\/2026\/04\/que-son-las-avispas-chaqueta-amarilla-y-como-protegerse-de-sus-picaduras-8.jpg",1408,768,false],"medium":["https:\/\/lobosnews.com.ar\/wp-content\/uploads\/2026\/04\/que-son-las-avispas-chaqueta-amarilla-y-como-protegerse-de-sus-picaduras-8-300x164.jpg",300,164,true],"thumbnail":["https:\/\/lobosnews.com.ar\/wp-content\/uploads\/2026\/04\/que-son-las-avispas-chaqueta-amarilla-y-como-protegerse-de-sus-picaduras-8-150x150.jpg",150,150,true]},"magazine_blocks_author":{"display_name":"admin","author_link":"https:\/\/lobosnews.com.ar\/index.php\/author\/lobos-news\/"},"magazine_blocks_comment":0,"magazine_blocks_author_image":"https:\/\/secure.gravatar.com\/avatar\/76e419471a2083bc3ceab22a763dbbf9b0c1bd15a6214cf3280e2c2dde4580f9?s=96&d=mm&r=g","magazine_blocks_category":"<a href=\"#\" class=\"category-link category-link-81\">Salud<\/a>","yoast_head":"<!-- This site is optimized with the Yoast SEO plugin v26.6 - https:\/\/yoast.com\/wordpress\/plugins\/seo\/ -->\n<title>Qu\u00e9 son las avispas chaqueta amarilla y c\u00f3mo protegerse de sus picaduras - Lobos News<\/title>\n<meta name=\"robots\" content=\"index, follow, max-snippet:-1, max-image-preview:large, max-video-preview:-1\" \/>\n<link rel=\"canonical\" href=\"https:\/\/lobosnews.com.ar\/index.php\/2026\/04\/30\/que-son-las-avispas-chaqueta-amarilla-y-como-protegerse-de-sus-picaduras\/\" \/>\n<meta property=\"og:locale\" content=\"es_ES\" \/>\n<meta property=\"og:type\" content=\"article\" \/>\n<meta property=\"og:title\" content=\"Qu\u00e9 son las avispas chaqueta amarilla y c\u00f3mo protegerse de sus picaduras - Lobos News\" \/>\n<meta property=\"og:description\" content=\"Las avispas chaqueta amarilla (Vespula germanica) han cobrado notoriedad en la Argentina a ra\u00edz de episodios recientes que involucraron ataques a personas en regiones como la Patagonia y Neuqu\u00e9n. La expansi\u00f3n acelerada de esta especie, considerada invasora por organismos cient\u00edficos nacionales como el CONICET, ha generado preocupaci\u00f3n tanto en el \u00e1mbito sanitario como ambiental. Los...\" \/>\n<meta property=\"og:url\" content=\"https:\/\/lobosnews.com.ar\/index.php\/2026\/04\/30\/que-son-las-avispas-chaqueta-amarilla-y-como-protegerse-de-sus-picaduras\/\" \/>\n<meta property=\"og:site_name\" content=\"Lobos News\" \/>\n<meta property=\"article:published_time\" content=\"2026-04-30T20:40:57+00:00\" \/>\n<meta property=\"article:modified_time\" content=\"2026-04-30T21:20:55+00:00\" \/>\n<meta property=\"og:image\" content=\"https:\/\/lobosnews.com.ar\/wp-content\/uploads\/2026\/04\/que-son-las-avispas-chaqueta-amarilla-y-como-protegerse-de-sus-picaduras.jpg\" \/>\n<meta name=\"author\" content=\"admin\" \/>\n<meta name=\"twitter:card\" content=\"summary_large_image\" \/>\n<meta name=\"twitter:label1\" content=\"Escrito por\" \/>\n\t<meta name=\"twitter:data1\" content=\"admin\" \/>\n\t<meta name=\"twitter:label2\" content=\"Tiempo de lectura\" \/>\n\t<meta name=\"twitter:data2\" content=\"5 minutos\" \/>\n<script type=\"application\/ld+json\" class=\"yoast-schema-graph\">{\"@context\":\"https:\/\/schema.org\",\"@graph\":[{\"@type\":\"Article\",\"@id\":\"https:\/\/lobosnews.com.ar\/index.php\/2026\/04\/30\/que-son-las-avispas-chaqueta-amarilla-y-como-protegerse-de-sus-picaduras\/#article\",\"isPartOf\":{\"@id\":\"https:\/\/lobosnews.com.ar\/index.php\/2026\/04\/30\/que-son-las-avispas-chaqueta-amarilla-y-como-protegerse-de-sus-picaduras\/\"},\"author\":{\"name\":\"admin\",\"@id\":\"https:\/\/lobosnews.com.ar\/#\/schema\/person\/232422a593d5c541dd9aef6aaed10943\"},\"headline\":\"Qu\u00e9 son las avispas chaqueta amarilla y c\u00f3mo protegerse de sus picaduras\",\"datePublished\":\"2026-04-30T20:40:57+00:00\",\"dateModified\":\"2026-04-30T21:20:55+00:00\",\"mainEntityOfPage\":{\"@id\":\"https:\/\/lobosnews.com.ar\/index.php\/2026\/04\/30\/que-son-las-avispas-chaqueta-amarilla-y-como-protegerse-de-sus-picaduras\/\"},\"wordCount\":1090,\"commentCount\":0,\"publisher\":{\"@id\":\"https:\/\/lobosnews.com.ar\/#organization\"},\"image\":{\"@id\":\"https:\/\/lobosnews.com.ar\/index.php\/2026\/04\/30\/que-son-las-avispas-chaqueta-amarilla-y-como-protegerse-de-sus-picaduras\/#primaryimage\"},\"thumbnailUrl\":\"https:\/\/lobosnews.com.ar\/wp-content\/uploads\/2026\/04\/que-son-las-avispas-chaqueta-amarilla-y-como-protegerse-de-sus-picaduras-8.jpg\",\"articleSection\":[\"Salud\"],\"inLanguage\":\"es\",\"potentialAction\":[{\"@type\":\"CommentAction\",\"name\":\"Comment\",\"target\":[\"https:\/\/lobosnews.com.ar\/index.php\/2026\/04\/30\/que-son-las-avispas-chaqueta-amarilla-y-como-protegerse-de-sus-picaduras\/#respond\"]}]},{\"@type\":\"WebPage\",\"@id\":\"https:\/\/lobosnews.com.ar\/index.php\/2026\/04\/30\/que-son-las-avispas-chaqueta-amarilla-y-como-protegerse-de-sus-picaduras\/\",\"url\":\"https:\/\/lobosnews.com.ar\/index.php\/2026\/04\/30\/que-son-las-avispas-chaqueta-amarilla-y-como-protegerse-de-sus-picaduras\/\",\"name\":\"Qu\u00e9 son las avispas chaqueta amarilla y c\u00f3mo protegerse de sus picaduras - Lobos News\",\"isPartOf\":{\"@id\":\"https:\/\/lobosnews.com.ar\/#website\"},\"primaryImageOfPage\":{\"@id\":\"https:\/\/lobosnews.com.ar\/index.php\/2026\/04\/30\/que-son-las-avispas-chaqueta-amarilla-y-como-protegerse-de-sus-picaduras\/#primaryimage\"},\"image\":{\"@id\":\"https:\/\/lobosnews.com.ar\/index.php\/2026\/04\/30\/que-son-las-avispas-chaqueta-amarilla-y-como-protegerse-de-sus-picaduras\/#primaryimage\"},\"thumbnailUrl\":\"https:\/\/lobosnews.com.ar\/wp-content\/uploads\/2026\/04\/que-son-las-avispas-chaqueta-amarilla-y-como-protegerse-de-sus-picaduras-8.jpg\",\"datePublished\":\"2026-04-30T20:40:57+00:00\",\"dateModified\":\"2026-04-30T21:20:55+00:00\",\"breadcrumb\":{\"@id\":\"https:\/\/lobosnews.com.ar\/index.php\/2026\/04\/30\/que-son-las-avispas-chaqueta-amarilla-y-como-protegerse-de-sus-picaduras\/#breadcrumb\"},\"inLanguage\":\"es\",\"potentialAction\":[{\"@type\":\"ReadAction\",\"target\":[\"https:\/\/lobosnews.com.ar\/index.php\/2026\/04\/30\/que-son-las-avispas-chaqueta-amarilla-y-como-protegerse-de-sus-picaduras\/\"]}]},{\"@type\":\"ImageObject\",\"inLanguage\":\"es\",\"@id\":\"https:\/\/lobosnews.com.ar\/index.php\/2026\/04\/30\/que-son-las-avispas-chaqueta-amarilla-y-como-protegerse-de-sus-picaduras\/#primaryimage\",\"url\":\"https:\/\/lobosnews.com.ar\/wp-content\/uploads\/2026\/04\/que-son-las-avispas-chaqueta-amarilla-y-como-protegerse-de-sus-picaduras-8.jpg\",\"contentUrl\":\"https:\/\/lobosnews.com.ar\/wp-content\/uploads\/2026\/04\/que-son-las-avispas-chaqueta-amarilla-y-como-protegerse-de-sus-picaduras-8.jpg\",\"width\":1408,\"height\":768,\"caption\":\"Qu\u00e9 son las avispas chaqueta amarilla y c\u00f3mo protegerse de sus picaduras\"},{\"@type\":\"BreadcrumbList\",\"@id\":\"https:\/\/lobosnews.com.ar\/index.php\/2026\/04\/30\/que-son-las-avispas-chaqueta-amarilla-y-como-protegerse-de-sus-picaduras\/#breadcrumb\",\"itemListElement\":[{\"@type\":\"ListItem\",\"position\":1,\"name\":\"Portada\",\"item\":\"https:\/\/lobosnews.com.ar\/\"},{\"@type\":\"ListItem\",\"position\":2,\"name\":\"Qu\u00e9 son las avispas chaqueta amarilla y c\u00f3mo protegerse de sus picaduras\"}]},{\"@type\":\"WebSite\",\"@id\":\"https:\/\/lobosnews.com.ar\/#website\",\"url\":\"https:\/\/lobosnews.com.ar\/\",\"name\":\"Lobos News\",\"description\":\"Informaci\u00f3n a cada instante\",\"publisher\":{\"@id\":\"https:\/\/lobosnews.com.ar\/#organization\"},\"potentialAction\":[{\"@type\":\"SearchAction\",\"target\":{\"@type\":\"EntryPoint\",\"urlTemplate\":\"https:\/\/lobosnews.com.ar\/?s={search_term_string}\"},\"query-input\":{\"@type\":\"PropertyValueSpecification\",\"valueRequired\":true,\"valueName\":\"search_term_string\"}}],\"inLanguage\":\"es\"},{\"@type\":\"Organization\",\"@id\":\"https:\/\/lobosnews.com.ar\/#organization\",\"name\":\"Lobos News\",\"url\":\"https:\/\/lobosnews.com.ar\/\",\"logo\":{\"@type\":\"ImageObject\",\"inLanguage\":\"es\",\"@id\":\"https:\/\/lobosnews.com.ar\/#\/schema\/logo\/image\/\",\"url\":\"https:\/\/lobosnews.com.ar\/wp-content\/uploads\/2026\/01\/logo-lobosnews.png\",\"contentUrl\":\"https:\/\/lobosnews.com.ar\/wp-content\/uploads\/2026\/01\/logo-lobosnews.png\",\"width\":500,\"height\":200,\"caption\":\"Lobos News\"},\"image\":{\"@id\":\"https:\/\/lobosnews.com.ar\/#\/schema\/logo\/image\/\"}},{\"@type\":\"Person\",\"@id\":\"https:\/\/lobosnews.com.ar\/#\/schema\/person\/232422a593d5c541dd9aef6aaed10943\",\"name\":\"admin\",\"image\":{\"@type\":\"ImageObject\",\"inLanguage\":\"es\",\"@id\":\"https:\/\/lobosnews.com.ar\/#\/schema\/person\/image\/\",\"url\":\"https:\/\/secure.gravatar.com\/avatar\/76e419471a2083bc3ceab22a763dbbf9b0c1bd15a6214cf3280e2c2dde4580f9?s=96&d=mm&r=g\",\"contentUrl\":\"https:\/\/secure.gravatar.com\/avatar\/76e419471a2083bc3ceab22a763dbbf9b0c1bd15a6214cf3280e2c2dde4580f9?s=96&d=mm&r=g\",\"caption\":\"admin\"},\"sameAs\":[\"https:\/\/lobosnews.com.ar\"],\"url\":\"https:\/\/lobosnews.com.ar\/index.php\/author\/lobos-news\/\"}]}<\/script>\n<!-- \/ Yoast SEO plugin. -->","yoast_head_json":{"title":"Qu\u00e9 son las avispas chaqueta amarilla y c\u00f3mo protegerse de sus picaduras - Lobos News","robots":{"index":"index","follow":"follow","max-snippet":"max-snippet:-1","max-image-preview":"max-image-preview:large","max-video-preview":"max-video-preview:-1"},"canonical":"https:\/\/lobosnews.com.ar\/index.php\/2026\/04\/30\/que-son-las-avispas-chaqueta-amarilla-y-como-protegerse-de-sus-picaduras\/","og_locale":"es_ES","og_type":"article","og_title":"Qu\u00e9 son las avispas chaqueta amarilla y c\u00f3mo protegerse de sus picaduras - Lobos News","og_description":"Las avispas chaqueta amarilla (Vespula germanica) han cobrado notoriedad en la Argentina a ra\u00edz de episodios recientes que involucraron ataques a personas en regiones como la Patagonia y Neuqu\u00e9n. La expansi\u00f3n acelerada de esta especie, considerada invasora por organismos cient\u00edficos nacionales como el CONICET, ha generado preocupaci\u00f3n tanto en el \u00e1mbito sanitario como ambiental. Los...","og_url":"https:\/\/lobosnews.com.ar\/index.php\/2026\/04\/30\/que-son-las-avispas-chaqueta-amarilla-y-como-protegerse-de-sus-picaduras\/","og_site_name":"Lobos News","article_published_time":"2026-04-30T20:40:57+00:00","article_modified_time":"2026-04-30T21:20:55+00:00","og_image":[{"url":"https:\/\/lobosnews.com.ar\/wp-content\/uploads\/2026\/04\/que-son-las-avispas-chaqueta-amarilla-y-como-protegerse-de-sus-picaduras.jpg","type":"","width":"","height":""}],"author":"admin","twitter_card":"summary_large_image","twitter_misc":{"Escrito por":"admin","Tiempo de lectura":"5 minutos"},"schema":{"@context":"https:\/\/schema.org","@graph":[{"@type":"Article","@id":"https:\/\/lobosnews.com.ar\/index.php\/2026\/04\/30\/que-son-las-avispas-chaqueta-amarilla-y-como-protegerse-de-sus-picaduras\/#article","isPartOf":{"@id":"https:\/\/lobosnews.com.ar\/index.php\/2026\/04\/30\/que-son-las-avispas-chaqueta-amarilla-y-como-protegerse-de-sus-picaduras\/"},"author":{"name":"admin","@id":"https:\/\/lobosnews.com.ar\/#\/schema\/person\/232422a593d5c541dd9aef6aaed10943"},"headline":"Qu\u00e9 son las avispas chaqueta amarilla y c\u00f3mo protegerse de sus picaduras","datePublished":"2026-04-30T20:40:57+00:00","dateModified":"2026-04-30T21:20:55+00:00","mainEntityOfPage":{"@id":"https:\/\/lobosnews.com.ar\/index.php\/2026\/04\/30\/que-son-las-avispas-chaqueta-amarilla-y-como-protegerse-de-sus-picaduras\/"},"wordCount":1090,"commentCount":0,"publisher":{"@id":"https:\/\/lobosnews.com.ar\/#organization"},"image":{"@id":"https:\/\/lobosnews.com.ar\/index.php\/2026\/04\/30\/que-son-las-avispas-chaqueta-amarilla-y-como-protegerse-de-sus-picaduras\/#primaryimage"},"thumbnailUrl":"https:\/\/lobosnews.com.ar\/wp-content\/uploads\/2026\/04\/que-son-las-avispas-chaqueta-amarilla-y-como-protegerse-de-sus-picaduras-8.jpg","articleSection":["Salud"],"inLanguage":"es","potentialAction":[{"@type":"CommentAction","name":"Comment","target":["https:\/\/lobosnews.com.ar\/index.php\/2026\/04\/30\/que-son-las-avispas-chaqueta-amarilla-y-como-protegerse-de-sus-picaduras\/#respond"]}]},{"@type":"WebPage","@id":"https:\/\/lobosnews.com.ar\/index.php\/2026\/04\/30\/que-son-las-avispas-chaqueta-amarilla-y-como-protegerse-de-sus-picaduras\/","url":"https:\/\/lobosnews.com.ar\/index.php\/2026\/04\/30\/que-son-las-avispas-chaqueta-amarilla-y-como-protegerse-de-sus-picaduras\/","name":"Qu\u00e9 son las avispas chaqueta amarilla y c\u00f3mo protegerse de sus picaduras - Lobos News","isPartOf":{"@id":"https:\/\/lobosnews.com.ar\/#website"},"primaryImageOfPage":{"@id":"https:\/\/lobosnews.com.ar\/index.php\/2026\/04\/30\/que-son-las-avispas-chaqueta-amarilla-y-como-protegerse-de-sus-picaduras\/#primaryimage"},"image":{"@id":"https:\/\/lobosnews.com.ar\/index.php\/2026\/04\/30\/que-son-las-avispas-chaqueta-amarilla-y-como-protegerse-de-sus-picaduras\/#primaryimage"},"thumbnailUrl":"https:\/\/lobosnews.com.ar\/wp-content\/uploads\/2026\/04\/que-son-las-avispas-chaqueta-amarilla-y-como-protegerse-de-sus-picaduras-8.jpg","datePublished":"2026-04-30T20:40:57+00:00","dateModified":"2026-04-30T21:20:55+00:00","breadcrumb":{"@id":"https:\/\/lobosnews.com.ar\/index.php\/2026\/04\/30\/que-son-las-avispas-chaqueta-amarilla-y-como-protegerse-de-sus-picaduras\/#breadcrumb"},"inLanguage":"es","potentialAction":[{"@type":"ReadAction","target":["https:\/\/lobosnews.com.ar\/index.php\/2026\/04\/30\/que-son-las-avispas-chaqueta-amarilla-y-como-protegerse-de-sus-picaduras\/"]}]},{"@type":"ImageObject","inLanguage":"es","@id":"https:\/\/lobosnews.com.ar\/index.php\/2026\/04\/30\/que-son-las-avispas-chaqueta-amarilla-y-como-protegerse-de-sus-picaduras\/#primaryimage","url":"https:\/\/lobosnews.com.ar\/wp-content\/uploads\/2026\/04\/que-son-las-avispas-chaqueta-amarilla-y-como-protegerse-de-sus-picaduras-8.jpg","contentUrl":"https:\/\/lobosnews.com.ar\/wp-content\/uploads\/2026\/04\/que-son-las-avispas-chaqueta-amarilla-y-como-protegerse-de-sus-picaduras-8.jpg","width":1408,"height":768,"caption":"Qu\u00e9 son las avispas chaqueta amarilla y c\u00f3mo protegerse de sus picaduras"},{"@type":"BreadcrumbList","@id":"https:\/\/lobosnews.com.ar\/index.php\/2026\/04\/30\/que-son-las-avispas-chaqueta-amarilla-y-como-protegerse-de-sus-picaduras\/#breadcrumb","itemListElement":[{"@type":"ListItem","position":1,"name":"Portada","item":"https:\/\/lobosnews.com.ar\/"},{"@type":"ListItem","position":2,"name":"Qu\u00e9 son las avispas chaqueta amarilla y c\u00f3mo protegerse de sus picaduras"}]},{"@type":"WebSite","@id":"https:\/\/lobosnews.com.ar\/#website","url":"https:\/\/lobosnews.com.ar\/","name":"Lobos News","description":"Informaci\u00f3n a cada instante","publisher":{"@id":"https:\/\/lobosnews.com.ar\/#organization"},"potentialAction":[{"@type":"SearchAction","target":{"@type":"EntryPoint","urlTemplate":"https:\/\/lobosnews.com.ar\/?s={search_term_string}"},"query-input":{"@type":"PropertyValueSpecification","valueRequired":true,"valueName":"search_term_string"}}],"inLanguage":"es"},{"@type":"Organization","@id":"https:\/\/lobosnews.com.ar\/#organization","name":"Lobos News","url":"https:\/\/lobosnews.com.ar\/","logo":{"@type":"ImageObject","inLanguage":"es","@id":"https:\/\/lobosnews.com.ar\/#\/schema\/logo\/image\/","url":"https:\/\/lobosnews.com.ar\/wp-content\/uploads\/2026\/01\/logo-lobosnews.png","contentUrl":"https:\/\/lobosnews.com.ar\/wp-content\/uploads\/2026\/01\/logo-lobosnews.png","width":500,"height":200,"caption":"Lobos News"},"image":{"@id":"https:\/\/lobosnews.com.ar\/#\/schema\/logo\/image\/"}},{"@type":"Person","@id":"https:\/\/lobosnews.com.ar\/#\/schema\/person\/232422a593d5c541dd9aef6aaed10943","name":"admin","image":{"@type":"ImageObject","inLanguage":"es","@id":"https:\/\/lobosnews.com.ar\/#\/schema\/person\/image\/","url":"https:\/\/secure.gravatar.com\/avatar\/76e419471a2083bc3ceab22a763dbbf9b0c1bd15a6214cf3280e2c2dde4580f9?s=96&d=mm&r=g","contentUrl":"https:\/\/secure.gravatar.com\/avatar\/76e419471a2083bc3ceab22a763dbbf9b0c1bd15a6214cf3280e2c2dde4580f9?s=96&d=mm&r=g","caption":"admin"},"sameAs":["https:\/\/lobosnews.com.ar"],"url":"https:\/\/lobosnews.com.ar\/index.php\/author\/lobos-news\/"}]}},"jetpack_featured_media_url":"https:\/\/lobosnews.com.ar\/wp-content\/uploads\/2026\/04\/que-son-las-avispas-chaqueta-amarilla-y-como-protegerse-de-sus-picaduras-8.jpg","jetpack_sharing_enabled":true,"_links":{"self":[{"href":"https:\/\/lobosnews.com.ar\/index.php\/wp-json\/wp\/v2\/posts\/47912","targetHints":{"allow":["GET"]}}],"collection":[{"href":"https:\/\/lobosnews.com.ar\/index.php\/wp-json\/wp\/v2\/posts"}],"about":[{"href":"https:\/\/lobosnews.com.ar\/index.php\/wp-json\/wp\/v2\/types\/post"}],"author":[{"embeddable":true,"href":"https:\/\/lobosnews.com.ar\/index.php\/wp-json\/wp\/v2\/users\/1"}],"replies":[{"embeddable":true,"href":"https:\/\/lobosnews.com.ar\/index.php\/wp-json\/wp\/v2\/comments?post=47912"}],"version-history":[{"count":1,"href":"https:\/\/lobosnews.com.ar\/index.php\/wp-json\/wp\/v2\/posts\/47912\/revisions"}],"predecessor-version":[{"id":47918,"href":"https:\/\/lobosnews.com.ar\/index.php\/wp-json\/wp\/v2\/posts\/47912\/revisions\/47918"}],"wp:featuredmedia":[{"embeddable":true,"href":"https:\/\/lobosnews.com.ar\/index.php\/wp-json\/wp\/v2\/media\/47919"}],"wp:attachment":[{"href":"https:\/\/lobosnews.com.ar\/index.php\/wp-json\/wp\/v2\/media?parent=47912"}],"wp:term":[{"taxonomy":"category","embeddable":true,"href":"https:\/\/lobosnews.com.ar\/index.php\/wp-json\/wp\/v2\/categories?post=47912"},{"taxonomy":"post_tag","embeddable":true,"href":"https:\/\/lobosnews.com.ar\/index.php\/wp-json\/wp\/v2\/tags?post=47912"}],"curies":[{"name":"wp","href":"https:\/\/api.w.org\/{rel}","templated":true}]}}