{"id":47894,"date":"2026-04-30T20:18:53","date_gmt":"2026-04-30T20:18:53","guid":{"rendered":"https:\/\/lobosnews.com.ar\/index.php\/2026\/04\/30\/el-dolor-de-evelyn-von-brocke-por-la-muerte-de-su-papa-tu-amor-es-eterno-y-estas-en-todo-momento\/"},"modified":"2026-04-30T21:06:50","modified_gmt":"2026-04-30T21:06:50","slug":"el-dolor-de-evelyn-von-brocke-por-la-muerte-de-su-papa-tu-amor-es-eterno-y-estas-en-todo-momento","status":"publish","type":"post","link":"https:\/\/lobosnews.com.ar\/index.php\/2026\/04\/30\/el-dolor-de-evelyn-von-brocke-por-la-muerte-de-su-papa-tu-amor-es-eterno-y-estas-en-todo-momento\/","title":{"rendered":"El dolor de Evelyn Von Brocke por la muerte de su pap\u00e1: \u201cTu amor es eterno y est\u00e1s en todo momento\u201d"},"content":{"rendered":"<p><img fetchpriority=\"high\" decoding=\"async\" src=\"https:\/\/lobosnews.com.ar\/wp-content\/uploads\/2026\/04\/el-dolor-de-evelyn-von-brocke-por-la-muerte-de-su-papa-tu-amor-es-eterno-y-estas-en-todo-momento.jpg\" alt=\"Evelyn Von Brocke se despidi\u00f3 de su pap\u00e1 en redes sociales con un carrete cargado de recuerdos (Instagram)\" height=\"1200\" width=\"900\"\/><\/p>\n<p><span class=\"waslinkname\"><b>Evelyn Von Brocke<\/b><\/span><b> <\/b>atraves\u00f3 uno de los momentos m\u00e1s dif\u00edciles de su vida al despedir a su padre, <b>Federico<\/b>, y decidi\u00f3 compartir ese proceso en redes sociales. La periodista abri\u00f3 las puertas de su intimidad y, a trav\u00e9s de un mensaje cargado de amor y gratitud, acompa\u00f1\u00f3 una serie de im\u00e1genes que retrataron el v\u00ednculo, el adi\u00f3s y los recuerdos familiares. El posteo r\u00e1pidamente gener\u00f3 empat\u00eda y acompa\u00f1amiento entre sus seguidores, que se sumaron a su pedido de oraciones y recordaron junto a ella a quien defini\u00f3 como su \u201cTODO en este mundo\u201d.<\/p>\n<p>En el texto que acompa\u00f1\u00f3 la publicaci\u00f3n, Evelyn escribi\u00f3: <b>\u201cYa no est\u00e1s en este plano, pero tu amor es eterno y est\u00e1s en todo momento! Ayudaste y salvaste a tanta gente! Sos el mejor PAPA, mi TODO en este mundo. Llegu\u00e9 a despedirte, cruc\u00e9 14.000 km como pude, guiada por nuestra conexi\u00f3n, esa que ni la distancia ni el tiempo podr\u00e1n romper. Pido oraciones de amor por Federico! Creciste en la guerra y te vas con la guerra encima! Me dijiste: el mundo \u2018no aprendi\u00f3\u2019&#8230; Te amo Papi! Te regalo esas flores, porque tambi\u00e9n las cuidabas!\u201d<\/b><\/p>\n<p>Las im\u00e1genes elegidas para despedirlo retrataron la intensidad del lazo y la profundidad del duelo. En la primera foto, Evelyn apareci\u00f3 abrazando y llorando junto a su padre, en un primer plano en blanco y negro que sintetiz\u00f3 el dolor y la entrega de ese \u00faltimo encuentro. La segunda imagen la mostr\u00f3 besando y acariciando a Federico en la cama del hospital, en un gesto de ternura y despedida. En una tercera foto, sus manos entrelazadas y un rosario sobre la s\u00e1bana transmitieron la espiritualidad y el acompa\u00f1amiento hasta el final.<\/p>\n<p><img loading=\"lazy\" decoding=\"async\" src=\"https:\/\/lobosnews.com.ar\/wp-content\/uploads\/2026\/04\/el-dolor-de-evelyn-von-brocke-por-la-muerte-de-su-papa-tu-amor-es-eterno-y-estas-en-todo-momento-1.jpg\" alt=\"La foto del los \u00faltimos momentos juntos de Evelyn y su pap\u00e1 \" height=\"1440\" width=\"1080\"\/><img loading=\"lazy\" decoding=\"async\" src=\"https:\/\/lobosnews.com.ar\/wp-content\/uploads\/2026\/04\/el-dolor-de-evelyn-von-brocke-por-la-muerte-de-su-papa-tu-amor-es-eterno-y-estas-en-todo-momento-2.jpg\" alt=\"La periodista viaj\u00f3 a Alemania para poder estar presente y despedirse de su pap\u00e1 \" height=\"1433\" width=\"1080\"\/><\/p>\n<p>El \u00e1lbum se complet\u00f3 con dos postales familiares: una antigua imagen en la que Federico pos\u00f3 con dos ni\u00f1os en una calesita, evocando \u00e9pocas de juegos y alegr\u00eda en la infancia; y una foto m\u00e1s reciente en una monta\u00f1a rusa, donde la familia sonri\u00f3 y disfrut\u00f3 de una aventura compartida. Ambas fotograf\u00edas reforzaron el legado de amor, presencia y dedicaci\u00f3n que Evelyn eligi\u00f3 homenajear.<\/p>\n<p>La publicaci\u00f3n no solo expuso el dolor de la p\u00e9rdida, sino que tambi\u00e9n celebr\u00f3 la historia de vida de su padre y el v\u00ednculo irrompible que perdura m\u00e1s all\u00e1 de la despedida f\u00edsica. El mensaje de Evelyn, junto con las im\u00e1genes, invit\u00f3 a valorar el tiempo y la conexi\u00f3n con quienes amamos, y a recordar a quienes partieron con gratitud y memoria viva.<\/p>\n<p>En el a\u00f1o 2022, estuvo invitada a <i>La Noche del Domingo<\/i> (Am\u00e9rica TV) y, por primera vez en televisi\u00f3n, se anim\u00f3 a hablar sobre el calvario que vivi\u00f3 en su infancia y c\u00f3mo logr\u00f3 sobreponerse a situaciones dolorosas. Reconocida por su perspicacia y frontalidad en el \u00e1mbito period\u00edstico, Evelyn mostr\u00f3 en esa entrevista la misma determinaci\u00f3n a la hora de abordar su historia personal, una faceta que hasta entonces hab\u00eda permanecido mayormente desconocida para el p\u00fablico.<\/p>\n<p><img loading=\"lazy\" decoding=\"async\" src=\"https:\/\/lobosnews.com.ar\/wp-content\/uploads\/2026\/04\/el-dolor-de-evelyn-von-brocke-por-la-muerte-de-su-papa-tu-amor-es-eterno-y-estas-en-todo-momento-3.jpg\" alt=\"\"Sos el mejor pap\u00e1, mi todo en este mundo\", escribi\u00f3 Evelyn en el posteo (Instagram)\" height=\"1440\" width=\"1080\"\/><\/p>\n<p>Al ser consultada por Mariano I\u00fadica acerca de su ni\u00f1ez, Evelyn comenz\u00f3 con sinceridad: \u201cMucho no hablo de mi vida de la infancia porque es muy triste y nunca lo he hablado. Y todav\u00eda no lo hablo. Parezco una cheta con una vida divina, pero fue muy triste mi vida.\u201d Con cierto resguardo, explic\u00f3 que desde muy peque\u00f1a fue testigo de una fuerte interna familiar entre sus padres, quienes se separaron cuando ella naci\u00f3, lo que la llev\u00f3 a sentirse \u201ctrofeo de guerra\u201d. Record\u00f3: \u201cHe dormido en plazas. He vivido situaciones tremendas de no poder entrar a casa y no se lo recomiendo a nadie. Me escapaba del infierno que era mi casa. Hubo peligros y los tuve.\u201d<\/p>\n<p>Con tan solo 10 a\u00f1os, Evelyn vivi\u00f3 carencias afectivas y situaciones dif\u00edciles, tanto que cont\u00f3 que nunca lleg\u00f3 a festejar un cumplea\u00f1os, algo que para la mayor\u00eda de los ni\u00f1os es motivo de alegr\u00eda. A pesar de todo, destac\u00f3 que hoy adora a sus padres y comprende que sus comportamientos estuvieron marcados por historias personales y el hecho de haber escapado de una guerra: \u201cLos entiendo y no los juzgo. Hoy en d\u00eda est\u00e1n vivos los dos y yo los cuido. Nos tratamos bien\u201d. Revel\u00f3, adem\u00e1s, que nunca abord\u00f3 con ellos esa etapa oscura de su vida.<\/p>\n<p>Evelyn cont\u00f3 que pudo dejar atr\u00e1s aquellas vivencias dolorosas gracias al esfuerzo, el deporte, la terapia y, posteriormente, el trabajo. De ese modo, busc\u00f3 sanar y convertirse en una madre presente, con el objetivo de unir y beneficiar a su propia familia: \u201cHoy somos una familia unida. Sanamos y nos curamos. A mis hijos nunca les cont\u00e9 sobre mi infancia y el trato de mis padres. Ellos descubrieron a sus abuelos a su manera y tienen una relaci\u00f3n lind\u00edsima, la que yo no tuve. Yo amo a mi pap\u00e1 y amo a mi mam\u00e1 porque es lo que ellos pudieron hacer dentro de su poca instrucci\u00f3n de vida para salir adelante\u201d, expres\u00f3 emocionada.<\/p>\n","protected":false},"excerpt":{"rendered":"<p>Evelyn Von Brocke atraves\u00f3 uno de los momentos m\u00e1s dif\u00edciles de su vida al despedir a su padre, Federico, y decidi\u00f3 compartir ese proceso en redes sociales. La periodista abri\u00f3 las puertas de su intimidad y, a trav\u00e9s de un mensaje cargado de amor y gratitud, acompa\u00f1\u00f3 una serie de im\u00e1genes que retrataron el v\u00ednculo,&#8230;<\/p>\n","protected":false},"author":1,"featured_media":47900,"comment_status":"open","ping_status":"closed","sticky":false,"template":"","format":"standard","meta":{"_jetpack_memberships_contains_paid_content":false,"footnotes":""},"categories":[79],"tags":[],"class_list":["post-47894","post","type-post","status-publish","format-standard","has-post-thumbnail","hentry","category-cine-y-series"],"magazineBlocksPostFeaturedMedia":{"thumbnail":"https:\/\/lobosnews.com.ar\/wp-content\/uploads\/2026\/04\/el-dolor-de-evelyn-von-brocke-por-la-muerte-de-su-papa-tu-amor-es-eterno-y-estas-en-todo-momento-6-150x150.jpg","medium":"https:\/\/lobosnews.com.ar\/wp-content\/uploads\/2026\/04\/el-dolor-de-evelyn-von-brocke-por-la-muerte-de-su-papa-tu-amor-es-eterno-y-estas-en-todo-momento-6-225x300.jpg","medium_large":"https:\/\/lobosnews.com.ar\/wp-content\/uploads\/2026\/04\/el-dolor-de-evelyn-von-brocke-por-la-muerte-de-su-papa-tu-amor-es-eterno-y-estas-en-todo-momento-6-768x1024.jpg","large":"https:\/\/lobosnews.com.ar\/wp-content\/uploads\/2026\/04\/el-dolor-de-evelyn-von-brocke-por-la-muerte-de-su-papa-tu-amor-es-eterno-y-estas-en-todo-momento-6-768x1024.jpg","1536x1536":"https:\/\/lobosnews.com.ar\/wp-content\/uploads\/2026\/04\/el-dolor-de-evelyn-von-brocke-por-la-muerte-de-su-papa-tu-amor-es-eterno-y-estas-en-todo-momento-6.jpg","2048x2048":"https:\/\/lobosnews.com.ar\/wp-content\/uploads\/2026\/04\/el-dolor-de-evelyn-von-brocke-por-la-muerte-de-su-papa-tu-amor-es-eterno-y-estas-en-todo-momento-6.jpg","newsmatic-featured":"https:\/\/lobosnews.com.ar\/wp-content\/uploads\/2026\/04\/el-dolor-de-evelyn-von-brocke-por-la-muerte-de-su-papa-tu-amor-es-eterno-y-estas-en-todo-momento-6-820x545.jpg","newsmatic-list":"https:\/\/lobosnews.com.ar\/wp-content\/uploads\/2026\/04\/el-dolor-de-evelyn-von-brocke-por-la-muerte-de-su-papa-tu-amor-es-eterno-y-estas-en-todo-momento-6-600x400.jpg","newsmatic-thumb":"https:\/\/lobosnews.com.ar\/wp-content\/uploads\/2026\/04\/el-dolor-de-evelyn-von-brocke-por-la-muerte-de-su-papa-tu-amor-es-eterno-y-estas-en-todo-momento-6-300x200.jpg","newsmatic-small":"https:\/\/lobosnews.com.ar\/wp-content\/uploads\/2026\/04\/el-dolor-de-evelyn-von-brocke-por-la-muerte-de-su-papa-tu-amor-es-eterno-y-estas-en-todo-momento-6-150x95.jpg","newsmatic-grid":"https:\/\/lobosnews.com.ar\/wp-content\/uploads\/2026\/04\/el-dolor-de-evelyn-von-brocke-por-la-muerte-de-su-papa-tu-amor-es-eterno-y-estas-en-todo-momento-6-400x250.jpg"},"magazineBlocksPostAuthor":{"name":"admin","avatar":"https:\/\/secure.gravatar.com\/avatar\/76e419471a2083bc3ceab22a763dbbf9b0c1bd15a6214cf3280e2c2dde4580f9?s=96&d=mm&r=g"},"magazineBlocksPostCommentsNumber":"0","magazineBlocksPostExcerpt":"Evelyn Von Brocke atraves\u00f3 uno de los momentos m\u00e1s dif\u00edciles de su vida al despedir a su padre, Federico, y decidi\u00f3 compartir ese proceso en redes sociales. La periodista abri\u00f3 las puertas de su intimidad y, a trav\u00e9s de un mensaje cargado de amor y gratitud, acompa\u00f1\u00f3 una serie de im\u00e1genes que retrataron el v\u00ednculo,...","magazineBlocksPostCategories":["Cine y Series"],"magazineBlocksPostViewCount":4,"magazineBlocksPostReadTime":5,"magazine_blocks_featured_image_url":{"full":["https:\/\/lobosnews.com.ar\/wp-content\/uploads\/2026\/04\/el-dolor-de-evelyn-von-brocke-por-la-muerte-de-su-papa-tu-amor-es-eterno-y-estas-en-todo-momento-6.jpg",1080,1440,false],"medium":["https:\/\/lobosnews.com.ar\/wp-content\/uploads\/2026\/04\/el-dolor-de-evelyn-von-brocke-por-la-muerte-de-su-papa-tu-amor-es-eterno-y-estas-en-todo-momento-6-225x300.jpg",225,300,true],"thumbnail":["https:\/\/lobosnews.com.ar\/wp-content\/uploads\/2026\/04\/el-dolor-de-evelyn-von-brocke-por-la-muerte-de-su-papa-tu-amor-es-eterno-y-estas-en-todo-momento-6-150x150.jpg",150,150,true]},"magazine_blocks_author":{"display_name":"admin","author_link":"https:\/\/lobosnews.com.ar\/index.php\/author\/lobos-news\/"},"magazine_blocks_comment":0,"magazine_blocks_author_image":"https:\/\/secure.gravatar.com\/avatar\/76e419471a2083bc3ceab22a763dbbf9b0c1bd15a6214cf3280e2c2dde4580f9?s=96&d=mm&r=g","magazine_blocks_category":"<a href=\"#\" class=\"category-link category-link-79\">Cine y Series<\/a>","yoast_head":"<!-- This site is optimized with the Yoast SEO plugin v26.6 - https:\/\/yoast.com\/wordpress\/plugins\/seo\/ -->\n<title>El dolor de Evelyn Von Brocke por la muerte de su pap\u00e1: \u201cTu amor es eterno y est\u00e1s en todo momento\u201d - Lobos News<\/title>\n<meta name=\"robots\" content=\"index, follow, max-snippet:-1, max-image-preview:large, max-video-preview:-1\" \/>\n<link rel=\"canonical\" href=\"https:\/\/lobosnews.com.ar\/index.php\/2026\/04\/30\/el-dolor-de-evelyn-von-brocke-por-la-muerte-de-su-papa-tu-amor-es-eterno-y-estas-en-todo-momento\/\" \/>\n<meta property=\"og:locale\" content=\"es_ES\" \/>\n<meta property=\"og:type\" content=\"article\" \/>\n<meta property=\"og:title\" content=\"El dolor de Evelyn Von Brocke por la muerte de su pap\u00e1: \u201cTu amor es eterno y est\u00e1s en todo momento\u201d - Lobos News\" \/>\n<meta property=\"og:description\" content=\"Evelyn Von Brocke atraves\u00f3 uno de los momentos m\u00e1s dif\u00edciles de su vida al despedir a su padre, Federico, y decidi\u00f3 compartir ese proceso en redes sociales. La periodista abri\u00f3 las puertas de su intimidad y, a trav\u00e9s de un mensaje cargado de amor y gratitud, acompa\u00f1\u00f3 una serie de im\u00e1genes que retrataron el v\u00ednculo,...\" \/>\n<meta property=\"og:url\" content=\"https:\/\/lobosnews.com.ar\/index.php\/2026\/04\/30\/el-dolor-de-evelyn-von-brocke-por-la-muerte-de-su-papa-tu-amor-es-eterno-y-estas-en-todo-momento\/\" \/>\n<meta property=\"og:site_name\" content=\"Lobos News\" \/>\n<meta property=\"article:published_time\" content=\"2026-04-30T20:18:53+00:00\" \/>\n<meta property=\"article:modified_time\" content=\"2026-04-30T21:06:50+00:00\" \/>\n<meta property=\"og:image\" content=\"https:\/\/lobosnews.com.ar\/wp-content\/uploads\/2026\/04\/el-dolor-de-evelyn-von-brocke-por-la-muerte-de-su-papa-tu-amor-es-eterno-y-estas-en-todo-momento.jpg\" \/>\n<meta name=\"author\" content=\"admin\" \/>\n<meta name=\"twitter:card\" content=\"summary_large_image\" \/>\n<meta name=\"twitter:label1\" content=\"Escrito por\" \/>\n\t<meta name=\"twitter:data1\" content=\"admin\" \/>\n\t<meta name=\"twitter:label2\" content=\"Tiempo de lectura\" \/>\n\t<meta name=\"twitter:data2\" content=\"4 minutos\" \/>\n<script type=\"application\/ld+json\" class=\"yoast-schema-graph\">{\"@context\":\"https:\/\/schema.org\",\"@graph\":[{\"@type\":\"Article\",\"@id\":\"https:\/\/lobosnews.com.ar\/index.php\/2026\/04\/30\/el-dolor-de-evelyn-von-brocke-por-la-muerte-de-su-papa-tu-amor-es-eterno-y-estas-en-todo-momento\/#article\",\"isPartOf\":{\"@id\":\"https:\/\/lobosnews.com.ar\/index.php\/2026\/04\/30\/el-dolor-de-evelyn-von-brocke-por-la-muerte-de-su-papa-tu-amor-es-eterno-y-estas-en-todo-momento\/\"},\"author\":{\"name\":\"admin\",\"@id\":\"https:\/\/lobosnews.com.ar\/#\/schema\/person\/232422a593d5c541dd9aef6aaed10943\"},\"headline\":\"El dolor de Evelyn Von Brocke por la muerte de su pap\u00e1: \u201cTu amor es eterno y est\u00e1s en todo momento\u201d\",\"datePublished\":\"2026-04-30T20:18:53+00:00\",\"dateModified\":\"2026-04-30T21:06:50+00:00\",\"mainEntityOfPage\":{\"@id\":\"https:\/\/lobosnews.com.ar\/index.php\/2026\/04\/30\/el-dolor-de-evelyn-von-brocke-por-la-muerte-de-su-papa-tu-amor-es-eterno-y-estas-en-todo-momento\/\"},\"wordCount\":887,\"commentCount\":0,\"publisher\":{\"@id\":\"https:\/\/lobosnews.com.ar\/#organization\"},\"image\":{\"@id\":\"https:\/\/lobosnews.com.ar\/index.php\/2026\/04\/30\/el-dolor-de-evelyn-von-brocke-por-la-muerte-de-su-papa-tu-amor-es-eterno-y-estas-en-todo-momento\/#primaryimage\"},\"thumbnailUrl\":\"https:\/\/lobosnews.com.ar\/wp-content\/uploads\/2026\/04\/el-dolor-de-evelyn-von-brocke-por-la-muerte-de-su-papa-tu-amor-es-eterno-y-estas-en-todo-momento-6.jpg\",\"articleSection\":[\"Cine y Series\"],\"inLanguage\":\"es\",\"potentialAction\":[{\"@type\":\"CommentAction\",\"name\":\"Comment\",\"target\":[\"https:\/\/lobosnews.com.ar\/index.php\/2026\/04\/30\/el-dolor-de-evelyn-von-brocke-por-la-muerte-de-su-papa-tu-amor-es-eterno-y-estas-en-todo-momento\/#respond\"]}]},{\"@type\":\"WebPage\",\"@id\":\"https:\/\/lobosnews.com.ar\/index.php\/2026\/04\/30\/el-dolor-de-evelyn-von-brocke-por-la-muerte-de-su-papa-tu-amor-es-eterno-y-estas-en-todo-momento\/\",\"url\":\"https:\/\/lobosnews.com.ar\/index.php\/2026\/04\/30\/el-dolor-de-evelyn-von-brocke-por-la-muerte-de-su-papa-tu-amor-es-eterno-y-estas-en-todo-momento\/\",\"name\":\"El dolor de Evelyn Von Brocke por la muerte de su pap\u00e1: \u201cTu amor es eterno y est\u00e1s en todo momento\u201d - Lobos News\",\"isPartOf\":{\"@id\":\"https:\/\/lobosnews.com.ar\/#website\"},\"primaryImageOfPage\":{\"@id\":\"https:\/\/lobosnews.com.ar\/index.php\/2026\/04\/30\/el-dolor-de-evelyn-von-brocke-por-la-muerte-de-su-papa-tu-amor-es-eterno-y-estas-en-todo-momento\/#primaryimage\"},\"image\":{\"@id\":\"https:\/\/lobosnews.com.ar\/index.php\/2026\/04\/30\/el-dolor-de-evelyn-von-brocke-por-la-muerte-de-su-papa-tu-amor-es-eterno-y-estas-en-todo-momento\/#primaryimage\"},\"thumbnailUrl\":\"https:\/\/lobosnews.com.ar\/wp-content\/uploads\/2026\/04\/el-dolor-de-evelyn-von-brocke-por-la-muerte-de-su-papa-tu-amor-es-eterno-y-estas-en-todo-momento-6.jpg\",\"datePublished\":\"2026-04-30T20:18:53+00:00\",\"dateModified\":\"2026-04-30T21:06:50+00:00\",\"breadcrumb\":{\"@id\":\"https:\/\/lobosnews.com.ar\/index.php\/2026\/04\/30\/el-dolor-de-evelyn-von-brocke-por-la-muerte-de-su-papa-tu-amor-es-eterno-y-estas-en-todo-momento\/#breadcrumb\"},\"inLanguage\":\"es\",\"potentialAction\":[{\"@type\":\"ReadAction\",\"target\":[\"https:\/\/lobosnews.com.ar\/index.php\/2026\/04\/30\/el-dolor-de-evelyn-von-brocke-por-la-muerte-de-su-papa-tu-amor-es-eterno-y-estas-en-todo-momento\/\"]}]},{\"@type\":\"ImageObject\",\"inLanguage\":\"es\",\"@id\":\"https:\/\/lobosnews.com.ar\/index.php\/2026\/04\/30\/el-dolor-de-evelyn-von-brocke-por-la-muerte-de-su-papa-tu-amor-es-eterno-y-estas-en-todo-momento\/#primaryimage\",\"url\":\"https:\/\/lobosnews.com.ar\/wp-content\/uploads\/2026\/04\/el-dolor-de-evelyn-von-brocke-por-la-muerte-de-su-papa-tu-amor-es-eterno-y-estas-en-todo-momento-6.jpg\",\"contentUrl\":\"https:\/\/lobosnews.com.ar\/wp-content\/uploads\/2026\/04\/el-dolor-de-evelyn-von-brocke-por-la-muerte-de-su-papa-tu-amor-es-eterno-y-estas-en-todo-momento-6.jpg\",\"width\":1080,\"height\":1440,\"caption\":\"El dolor de Evelyn Von Brocke por la muerte de su pap\u00e1: \u201cTu amor es eterno y est\u00e1s en todo momento\u201d\"},{\"@type\":\"BreadcrumbList\",\"@id\":\"https:\/\/lobosnews.com.ar\/index.php\/2026\/04\/30\/el-dolor-de-evelyn-von-brocke-por-la-muerte-de-su-papa-tu-amor-es-eterno-y-estas-en-todo-momento\/#breadcrumb\",\"itemListElement\":[{\"@type\":\"ListItem\",\"position\":1,\"name\":\"Portada\",\"item\":\"https:\/\/lobosnews.com.ar\/\"},{\"@type\":\"ListItem\",\"position\":2,\"name\":\"El dolor de Evelyn Von Brocke por la muerte de su pap\u00e1: \u201cTu amor es eterno y est\u00e1s en todo momento\u201d\"}]},{\"@type\":\"WebSite\",\"@id\":\"https:\/\/lobosnews.com.ar\/#website\",\"url\":\"https:\/\/lobosnews.com.ar\/\",\"name\":\"Lobos News\",\"description\":\"Informaci\u00f3n a cada instante\",\"publisher\":{\"@id\":\"https:\/\/lobosnews.com.ar\/#organization\"},\"potentialAction\":[{\"@type\":\"SearchAction\",\"target\":{\"@type\":\"EntryPoint\",\"urlTemplate\":\"https:\/\/lobosnews.com.ar\/?s={search_term_string}\"},\"query-input\":{\"@type\":\"PropertyValueSpecification\",\"valueRequired\":true,\"valueName\":\"search_term_string\"}}],\"inLanguage\":\"es\"},{\"@type\":\"Organization\",\"@id\":\"https:\/\/lobosnews.com.ar\/#organization\",\"name\":\"Lobos News\",\"url\":\"https:\/\/lobosnews.com.ar\/\",\"logo\":{\"@type\":\"ImageObject\",\"inLanguage\":\"es\",\"@id\":\"https:\/\/lobosnews.com.ar\/#\/schema\/logo\/image\/\",\"url\":\"https:\/\/lobosnews.com.ar\/wp-content\/uploads\/2026\/01\/logo-lobosnews.png\",\"contentUrl\":\"https:\/\/lobosnews.com.ar\/wp-content\/uploads\/2026\/01\/logo-lobosnews.png\",\"width\":500,\"height\":200,\"caption\":\"Lobos News\"},\"image\":{\"@id\":\"https:\/\/lobosnews.com.ar\/#\/schema\/logo\/image\/\"}},{\"@type\":\"Person\",\"@id\":\"https:\/\/lobosnews.com.ar\/#\/schema\/person\/232422a593d5c541dd9aef6aaed10943\",\"name\":\"admin\",\"image\":{\"@type\":\"ImageObject\",\"inLanguage\":\"es\",\"@id\":\"https:\/\/lobosnews.com.ar\/#\/schema\/person\/image\/\",\"url\":\"https:\/\/secure.gravatar.com\/avatar\/76e419471a2083bc3ceab22a763dbbf9b0c1bd15a6214cf3280e2c2dde4580f9?s=96&d=mm&r=g\",\"contentUrl\":\"https:\/\/secure.gravatar.com\/avatar\/76e419471a2083bc3ceab22a763dbbf9b0c1bd15a6214cf3280e2c2dde4580f9?s=96&d=mm&r=g\",\"caption\":\"admin\"},\"sameAs\":[\"https:\/\/lobosnews.com.ar\"],\"url\":\"https:\/\/lobosnews.com.ar\/index.php\/author\/lobos-news\/\"}]}<\/script>\n<!-- \/ Yoast SEO plugin. -->","yoast_head_json":{"title":"El dolor de Evelyn Von Brocke por la muerte de su pap\u00e1: \u201cTu amor es eterno y est\u00e1s en todo momento\u201d - Lobos News","robots":{"index":"index","follow":"follow","max-snippet":"max-snippet:-1","max-image-preview":"max-image-preview:large","max-video-preview":"max-video-preview:-1"},"canonical":"https:\/\/lobosnews.com.ar\/index.php\/2026\/04\/30\/el-dolor-de-evelyn-von-brocke-por-la-muerte-de-su-papa-tu-amor-es-eterno-y-estas-en-todo-momento\/","og_locale":"es_ES","og_type":"article","og_title":"El dolor de Evelyn Von Brocke por la muerte de su pap\u00e1: \u201cTu amor es eterno y est\u00e1s en todo momento\u201d - Lobos News","og_description":"Evelyn Von Brocke atraves\u00f3 uno de los momentos m\u00e1s dif\u00edciles de su vida al despedir a su padre, Federico, y decidi\u00f3 compartir ese proceso en redes sociales. La periodista abri\u00f3 las puertas de su intimidad y, a trav\u00e9s de un mensaje cargado de amor y gratitud, acompa\u00f1\u00f3 una serie de im\u00e1genes que retrataron el v\u00ednculo,...","og_url":"https:\/\/lobosnews.com.ar\/index.php\/2026\/04\/30\/el-dolor-de-evelyn-von-brocke-por-la-muerte-de-su-papa-tu-amor-es-eterno-y-estas-en-todo-momento\/","og_site_name":"Lobos News","article_published_time":"2026-04-30T20:18:53+00:00","article_modified_time":"2026-04-30T21:06:50+00:00","og_image":[{"url":"https:\/\/lobosnews.com.ar\/wp-content\/uploads\/2026\/04\/el-dolor-de-evelyn-von-brocke-por-la-muerte-de-su-papa-tu-amor-es-eterno-y-estas-en-todo-momento.jpg","type":"","width":"","height":""}],"author":"admin","twitter_card":"summary_large_image","twitter_misc":{"Escrito por":"admin","Tiempo de lectura":"4 minutos"},"schema":{"@context":"https:\/\/schema.org","@graph":[{"@type":"Article","@id":"https:\/\/lobosnews.com.ar\/index.php\/2026\/04\/30\/el-dolor-de-evelyn-von-brocke-por-la-muerte-de-su-papa-tu-amor-es-eterno-y-estas-en-todo-momento\/#article","isPartOf":{"@id":"https:\/\/lobosnews.com.ar\/index.php\/2026\/04\/30\/el-dolor-de-evelyn-von-brocke-por-la-muerte-de-su-papa-tu-amor-es-eterno-y-estas-en-todo-momento\/"},"author":{"name":"admin","@id":"https:\/\/lobosnews.com.ar\/#\/schema\/person\/232422a593d5c541dd9aef6aaed10943"},"headline":"El dolor de Evelyn Von Brocke por la muerte de su pap\u00e1: \u201cTu amor es eterno y est\u00e1s en todo momento\u201d","datePublished":"2026-04-30T20:18:53+00:00","dateModified":"2026-04-30T21:06:50+00:00","mainEntityOfPage":{"@id":"https:\/\/lobosnews.com.ar\/index.php\/2026\/04\/30\/el-dolor-de-evelyn-von-brocke-por-la-muerte-de-su-papa-tu-amor-es-eterno-y-estas-en-todo-momento\/"},"wordCount":887,"commentCount":0,"publisher":{"@id":"https:\/\/lobosnews.com.ar\/#organization"},"image":{"@id":"https:\/\/lobosnews.com.ar\/index.php\/2026\/04\/30\/el-dolor-de-evelyn-von-brocke-por-la-muerte-de-su-papa-tu-amor-es-eterno-y-estas-en-todo-momento\/#primaryimage"},"thumbnailUrl":"https:\/\/lobosnews.com.ar\/wp-content\/uploads\/2026\/04\/el-dolor-de-evelyn-von-brocke-por-la-muerte-de-su-papa-tu-amor-es-eterno-y-estas-en-todo-momento-6.jpg","articleSection":["Cine y Series"],"inLanguage":"es","potentialAction":[{"@type":"CommentAction","name":"Comment","target":["https:\/\/lobosnews.com.ar\/index.php\/2026\/04\/30\/el-dolor-de-evelyn-von-brocke-por-la-muerte-de-su-papa-tu-amor-es-eterno-y-estas-en-todo-momento\/#respond"]}]},{"@type":"WebPage","@id":"https:\/\/lobosnews.com.ar\/index.php\/2026\/04\/30\/el-dolor-de-evelyn-von-brocke-por-la-muerte-de-su-papa-tu-amor-es-eterno-y-estas-en-todo-momento\/","url":"https:\/\/lobosnews.com.ar\/index.php\/2026\/04\/30\/el-dolor-de-evelyn-von-brocke-por-la-muerte-de-su-papa-tu-amor-es-eterno-y-estas-en-todo-momento\/","name":"El dolor de Evelyn Von Brocke por la muerte de su pap\u00e1: \u201cTu amor es eterno y est\u00e1s en todo momento\u201d - Lobos News","isPartOf":{"@id":"https:\/\/lobosnews.com.ar\/#website"},"primaryImageOfPage":{"@id":"https:\/\/lobosnews.com.ar\/index.php\/2026\/04\/30\/el-dolor-de-evelyn-von-brocke-por-la-muerte-de-su-papa-tu-amor-es-eterno-y-estas-en-todo-momento\/#primaryimage"},"image":{"@id":"https:\/\/lobosnews.com.ar\/index.php\/2026\/04\/30\/el-dolor-de-evelyn-von-brocke-por-la-muerte-de-su-papa-tu-amor-es-eterno-y-estas-en-todo-momento\/#primaryimage"},"thumbnailUrl":"https:\/\/lobosnews.com.ar\/wp-content\/uploads\/2026\/04\/el-dolor-de-evelyn-von-brocke-por-la-muerte-de-su-papa-tu-amor-es-eterno-y-estas-en-todo-momento-6.jpg","datePublished":"2026-04-30T20:18:53+00:00","dateModified":"2026-04-30T21:06:50+00:00","breadcrumb":{"@id":"https:\/\/lobosnews.com.ar\/index.php\/2026\/04\/30\/el-dolor-de-evelyn-von-brocke-por-la-muerte-de-su-papa-tu-amor-es-eterno-y-estas-en-todo-momento\/#breadcrumb"},"inLanguage":"es","potentialAction":[{"@type":"ReadAction","target":["https:\/\/lobosnews.com.ar\/index.php\/2026\/04\/30\/el-dolor-de-evelyn-von-brocke-por-la-muerte-de-su-papa-tu-amor-es-eterno-y-estas-en-todo-momento\/"]}]},{"@type":"ImageObject","inLanguage":"es","@id":"https:\/\/lobosnews.com.ar\/index.php\/2026\/04\/30\/el-dolor-de-evelyn-von-brocke-por-la-muerte-de-su-papa-tu-amor-es-eterno-y-estas-en-todo-momento\/#primaryimage","url":"https:\/\/lobosnews.com.ar\/wp-content\/uploads\/2026\/04\/el-dolor-de-evelyn-von-brocke-por-la-muerte-de-su-papa-tu-amor-es-eterno-y-estas-en-todo-momento-6.jpg","contentUrl":"https:\/\/lobosnews.com.ar\/wp-content\/uploads\/2026\/04\/el-dolor-de-evelyn-von-brocke-por-la-muerte-de-su-papa-tu-amor-es-eterno-y-estas-en-todo-momento-6.jpg","width":1080,"height":1440,"caption":"El dolor de Evelyn Von Brocke por la muerte de su pap\u00e1: \u201cTu amor es eterno y est\u00e1s en todo momento\u201d"},{"@type":"BreadcrumbList","@id":"https:\/\/lobosnews.com.ar\/index.php\/2026\/04\/30\/el-dolor-de-evelyn-von-brocke-por-la-muerte-de-su-papa-tu-amor-es-eterno-y-estas-en-todo-momento\/#breadcrumb","itemListElement":[{"@type":"ListItem","position":1,"name":"Portada","item":"https:\/\/lobosnews.com.ar\/"},{"@type":"ListItem","position":2,"name":"El dolor de Evelyn Von Brocke por la muerte de su pap\u00e1: \u201cTu amor es eterno y est\u00e1s en todo momento\u201d"}]},{"@type":"WebSite","@id":"https:\/\/lobosnews.com.ar\/#website","url":"https:\/\/lobosnews.com.ar\/","name":"Lobos News","description":"Informaci\u00f3n a cada instante","publisher":{"@id":"https:\/\/lobosnews.com.ar\/#organization"},"potentialAction":[{"@type":"SearchAction","target":{"@type":"EntryPoint","urlTemplate":"https:\/\/lobosnews.com.ar\/?s={search_term_string}"},"query-input":{"@type":"PropertyValueSpecification","valueRequired":true,"valueName":"search_term_string"}}],"inLanguage":"es"},{"@type":"Organization","@id":"https:\/\/lobosnews.com.ar\/#organization","name":"Lobos News","url":"https:\/\/lobosnews.com.ar\/","logo":{"@type":"ImageObject","inLanguage":"es","@id":"https:\/\/lobosnews.com.ar\/#\/schema\/logo\/image\/","url":"https:\/\/lobosnews.com.ar\/wp-content\/uploads\/2026\/01\/logo-lobosnews.png","contentUrl":"https:\/\/lobosnews.com.ar\/wp-content\/uploads\/2026\/01\/logo-lobosnews.png","width":500,"height":200,"caption":"Lobos News"},"image":{"@id":"https:\/\/lobosnews.com.ar\/#\/schema\/logo\/image\/"}},{"@type":"Person","@id":"https:\/\/lobosnews.com.ar\/#\/schema\/person\/232422a593d5c541dd9aef6aaed10943","name":"admin","image":{"@type":"ImageObject","inLanguage":"es","@id":"https:\/\/lobosnews.com.ar\/#\/schema\/person\/image\/","url":"https:\/\/secure.gravatar.com\/avatar\/76e419471a2083bc3ceab22a763dbbf9b0c1bd15a6214cf3280e2c2dde4580f9?s=96&d=mm&r=g","contentUrl":"https:\/\/secure.gravatar.com\/avatar\/76e419471a2083bc3ceab22a763dbbf9b0c1bd15a6214cf3280e2c2dde4580f9?s=96&d=mm&r=g","caption":"admin"},"sameAs":["https:\/\/lobosnews.com.ar"],"url":"https:\/\/lobosnews.com.ar\/index.php\/author\/lobos-news\/"}]}},"jetpack_featured_media_url":"https:\/\/lobosnews.com.ar\/wp-content\/uploads\/2026\/04\/el-dolor-de-evelyn-von-brocke-por-la-muerte-de-su-papa-tu-amor-es-eterno-y-estas-en-todo-momento-6.jpg","jetpack_sharing_enabled":true,"_links":{"self":[{"href":"https:\/\/lobosnews.com.ar\/index.php\/wp-json\/wp\/v2\/posts\/47894","targetHints":{"allow":["GET"]}}],"collection":[{"href":"https:\/\/lobosnews.com.ar\/index.php\/wp-json\/wp\/v2\/posts"}],"about":[{"href":"https:\/\/lobosnews.com.ar\/index.php\/wp-json\/wp\/v2\/types\/post"}],"author":[{"embeddable":true,"href":"https:\/\/lobosnews.com.ar\/index.php\/wp-json\/wp\/v2\/users\/1"}],"replies":[{"embeddable":true,"href":"https:\/\/lobosnews.com.ar\/index.php\/wp-json\/wp\/v2\/comments?post=47894"}],"version-history":[{"count":1,"href":"https:\/\/lobosnews.com.ar\/index.php\/wp-json\/wp\/v2\/posts\/47894\/revisions"}],"predecessor-version":[{"id":47899,"href":"https:\/\/lobosnews.com.ar\/index.php\/wp-json\/wp\/v2\/posts\/47894\/revisions\/47899"}],"wp:featuredmedia":[{"embeddable":true,"href":"https:\/\/lobosnews.com.ar\/index.php\/wp-json\/wp\/v2\/media\/47900"}],"wp:attachment":[{"href":"https:\/\/lobosnews.com.ar\/index.php\/wp-json\/wp\/v2\/media?parent=47894"}],"wp:term":[{"taxonomy":"category","embeddable":true,"href":"https:\/\/lobosnews.com.ar\/index.php\/wp-json\/wp\/v2\/categories?post=47894"},{"taxonomy":"post_tag","embeddable":true,"href":"https:\/\/lobosnews.com.ar\/index.php\/wp-json\/wp\/v2\/tags?post=47894"}],"curies":[{"name":"wp","href":"https:\/\/api.w.org\/{rel}","templated":true}]}}