{"id":47885,"date":"2026-04-30T17:21:30","date_gmt":"2026-04-30T17:21:30","guid":{"rendered":"https:\/\/lobosnews.com.ar\/index.php\/2026\/04\/30\/el-gobierno-de-nicaragua-destina-la-antigua-residencia-presidencial-a-fiestas-privadas-2\/"},"modified":"2026-04-30T20:59:09","modified_gmt":"2026-04-30T20:59:09","slug":"el-gobierno-de-nicaragua-destina-la-antigua-residencia-presidencial-a-fiestas-privadas-2","status":"publish","type":"post","link":"https:\/\/lobosnews.com.ar\/index.php\/2026\/04\/30\/el-gobierno-de-nicaragua-destina-la-antigua-residencia-presidencial-a-fiestas-privadas-2\/","title":{"rendered":"El gobierno de Nicaragua destina la antigua residencia presidencial a fiestas privadas"},"content":{"rendered":"<p><img loading=\"lazy\" decoding=\"async\" src=\"https:\/\/lobosnews.com.ar\/wp-content\/uploads\/2026\/04\/el-gobierno-de-nicaragua-destina-la-antigua-residencia-presidencial-a-fiestas-privadas.jpg\" alt=\"El edificio fue reconstruido con una donaci\u00f3n de USD 10 millones del gobierno de Taiw\u00e1n tras el terremoto de 1972.\/(Nicaragua Investiga)\" height=\"340\" width=\"739\"\/><\/p>\n<p>La residencia oficial de la <b>Presidencia de Nicaragua<\/b>, conocida como la <b>Casa de los Pueblos<\/b>, ha dejado de ser un escenario de poder y toma de decisiones para convertirse en un sal\u00f3n de eventos privados, incluidos bailes y bodas. El cambio de uso de este emblem\u00e1tico inmueble, determinado tras la negativa del presidente <b>Daniel Ortega<\/b> a ocuparlo desde su regreso al poder en 2007, ha generado controversia y cuestionamientos sobre su legalidad, transparencia y significado institucional. <\/p>\n<p>La investigaci\u00f3n y recopilaci\u00f3n de datos, publicada por el medio <b>Art\u00edculo 66<\/b> de Nicaragua esta semana, aporta evidencia sobre la explotaci\u00f3n comercial de este espacio, cuyo valor hist\u00f3rico trasciende la mera funci\u00f3n de sal\u00f3n de fiestas.<\/p>\n<p>Seg\u00fan Art\u00edculo 66, la transformaci\u00f3n de la Casa de los Pueblos qued\u00f3 evidenciada en un video difundido en la red social TikTok por Bayardo Cruz, organizador de eventos y miembro de la plataforma sandinista Nicaragua Dise\u00f1a. Cruz, quien tambi\u00e9n es ejecutivo de ventas del Centro de Convenciones Olof Palme, mostr\u00f3 la celebraci\u00f3n de una boda el pasado 25 de abril en la antigua residencia presidencial. <b>El registro visual exhibe el inmueble acondicionado con mesas para banquete, m\u00fasica en vivo, DJ y hasta la presencia de una gigantona como parte del espect\u00e1culo, elementos que confirman su uso como sal\u00f3n para fiestas privadas.<\/b><\/p>\n<p>El edificio, reconstruido a finales de los a\u00f1os 90 tras los da\u00f1os sufridos por el terremoto de 1972, fue financiado con una donaci\u00f3n de USD 10 millones del gobierno de <b>Taiw\u00e1n<\/b> durante la administraci\u00f3n de <b>Arnoldo Alem\u00e1n<\/b>. Posteriormente, fue utilizado por el expresidente <b>Enrique Bola\u00f1os<\/b>, pero tras la llegada de <b>Ortega<\/b> al poder, este decidi\u00f3 no usarlo como residencia oficial, trasladando las funciones presidenciales a su vivienda privada en <b>El Carmen<\/b>, que tambi\u00e9n funciona como sede del <b>Frente Sandinista de Liberaci\u00f3n Nacional<\/b>.<\/p>\n<p><img loading=\"lazy\" decoding=\"async\" src=\"https:\/\/lobosnews.com.ar\/wp-content\/uploads\/2026\/04\/el-gobierno-de-nicaragua-destina-la-antigua-residencia-presidencial-a-fiestas-privadas-3.jpg\" alt=\"ARCHIVO -El presidente Daniel Ortega nunca utiliz\u00f3 la Casa de los Pueblos como residencia oficial desde su regreso al poder en 2007. \/(AP Foto\/Mat\u00edas Delacroix, archivo)\" height=\"1887\" width=\"2830\"\/><\/p>\n<p>La administraci\u00f3n de <b>Ortega<\/b> prometi\u00f3 en su momento convertir la antigua residencia en una guarder\u00eda infantil, iniciativa que nunca se concret\u00f3, al igual que otras propuestas para darle un uso cultural o institucional. A lo largo de los a\u00f1os, el inmueble rebautizado como <b>Casa de los Pueblos<\/b> fue escenario de actos oficiales, reuniones diplom\u00e1ticas y encuentros partidarios, as\u00ed como de reuniones de <b>Ortega<\/b> con empresarios. Sin embargo, la evidencia m\u00e1s reciente indica que ahora forma parte de la oferta comercial del <b>Centro de Convenciones Olof Palme<\/b> para la realizaci\u00f3n de eventos sociales y privados.<\/p>\n<p><b>No existe informaci\u00f3n p\u00fablica sobre el proceso de contrataci\u00f3n, los beneficiarios de los ingresos ni los criterios para acceder a la renta de este inmueble, de acuerdo con Art\u00edculo 66.<\/b><\/p>\n<p>El mismo medio se\u00f1ala que la opacidad que rodea la administraci\u00f3n y el manejo de los recursos obtenidos por el alquiler de la antigua casa presidencial ha sido se\u00f1alada por activistas opositores como <b>Israel Lewites<\/b> y el abogado <b>Juan Diego Barberena<\/b>. Lewites advierte que la utilizaci\u00f3n de la residencia para fiestas evidencia el abuso y la falta de transparencia del r\u00e9gimen sandinista en el manejo de bienes p\u00fablicos. Por su parte, <b>Barberena<\/b> subraya que este uso podr\u00eda contravenir la <b>Ley 169 de Nicaragua<\/b>, que establece la inalienabilidad de los bienes p\u00fablicos y su destinaci\u00f3n exclusiva al inter\u00e9s general, no a negocios privados. <\/p>\n<p>Barberena advirti\u00f3 que est\u00e1n utilizando a discrecionalidad un bien del Estado para fines privados en el marco de un negocio, como un arrendamiento. Asimismo recalca que la ley exige procedimientos, licitaci\u00f3n p\u00fablica y, en ciertos casos, aprobaci\u00f3n parlamentaria, nada de lo cual se conoce en este caso.<\/p>\n<p><img loading=\"lazy\" decoding=\"async\" src=\"https:\/\/www.infobae.com\/resizer\/v2\/YLEJ3G4YXNEGHBKVHF22ZM7OMY.jpg?auth=fb9c850566eb1f9b1a29d51a5c73c9b22b3813fb2448be0aea82c642d1ab2cbf&#038;smart=true&#038;width=500&#038;height=315\" alt=\"La Casa de los Pueblos fue ofrecida p\u00fablicamente como guarder\u00eda infantil y espacio cultural, propuestas que nunca se concretaron en el gobierno actual.\/ (Nica Red 1979)\" height=\"315\" width=\"500\"\/><\/p>\n<p><b>La gesti\u00f3n de la Casa de los Pueblos como sal\u00f3n de eventos privados no solo plantea interrogantes legales, sino que representa una degradaci\u00f3n simb\u00f3lica de un espacio concebido para albergar la institucionalidad del Estado.<\/b><\/p>\n<p>El edificio, construido con fondos de cooperaci\u00f3n internacional, opera ahora sin transparencia, bajo el control de estructuras vinculadas al poder pol\u00edtico y a operadores cercanos a la familia <b>Ortega-Murillo<\/b>, como lo evidencia la participaci\u00f3n de <b>Bayardo Cruz<\/b>, allegado a <b>Camila Ortega<\/b> y <b>Rosario Murillo<\/b>.<\/p>\n<p>La antigua casa presidencial se ha transformado as\u00ed en un espacio de negocios privados, reflejando la opacidad y los intereses particulares que caracterizan la actual administraci\u00f3n. El destino de los fondos generados, los criterios de acceso y la legalidad de este modelo de explotaci\u00f3n permanecen sin respuesta, mientras un s\u00edmbolo estatal se ve reducido a escenario de celebraciones sociales alejadas de su prop\u00f3sito original.<\/p>\n","protected":false},"excerpt":{"rendered":"<p>La residencia oficial de la Presidencia de Nicaragua, conocida como la Casa de los Pueblos, ha dejado de ser un escenario de poder y toma de decisiones para convertirse en un sal\u00f3n de eventos privados, incluidos bailes y bodas. El cambio de uso de este emblem\u00e1tico inmueble, determinado tras la negativa del presidente Daniel Ortega&#8230;<\/p>\n","protected":false},"author":1,"featured_media":47892,"comment_status":"open","ping_status":"closed","sticky":false,"template":"","format":"standard","meta":{"_jetpack_memberships_contains_paid_content":false,"footnotes":""},"categories":[31],"tags":[],"class_list":["post-47885","post","type-post","status-publish","format-standard","has-post-thumbnail","hentry","category-actualidad"],"magazineBlocksPostFeaturedMedia":{"thumbnail":"https:\/\/lobosnews.com.ar\/wp-content\/uploads\/2026\/04\/el-gobierno-de-nicaragua-destina-la-antigua-residencia-presidencial-a-fiestas-privadas-7-150x150.jpg","medium":"https:\/\/lobosnews.com.ar\/wp-content\/uploads\/2026\/04\/el-gobierno-de-nicaragua-destina-la-antigua-residencia-presidencial-a-fiestas-privadas-7-300x189.jpg","medium_large":"https:\/\/lobosnews.com.ar\/wp-content\/uploads\/2026\/04\/el-gobierno-de-nicaragua-destina-la-antigua-residencia-presidencial-a-fiestas-privadas-7.jpg","large":"https:\/\/lobosnews.com.ar\/wp-content\/uploads\/2026\/04\/el-gobierno-de-nicaragua-destina-la-antigua-residencia-presidencial-a-fiestas-privadas-7.jpg","1536x1536":"https:\/\/lobosnews.com.ar\/wp-content\/uploads\/2026\/04\/el-gobierno-de-nicaragua-destina-la-antigua-residencia-presidencial-a-fiestas-privadas-7.jpg","2048x2048":"https:\/\/lobosnews.com.ar\/wp-content\/uploads\/2026\/04\/el-gobierno-de-nicaragua-destina-la-antigua-residencia-presidencial-a-fiestas-privadas-7.jpg","newsmatic-featured":"https:\/\/lobosnews.com.ar\/wp-content\/uploads\/2026\/04\/el-gobierno-de-nicaragua-destina-la-antigua-residencia-presidencial-a-fiestas-privadas-7.jpg","newsmatic-list":"https:\/\/lobosnews.com.ar\/wp-content\/uploads\/2026\/04\/el-gobierno-de-nicaragua-destina-la-antigua-residencia-presidencial-a-fiestas-privadas-7.jpg","newsmatic-thumb":"https:\/\/lobosnews.com.ar\/wp-content\/uploads\/2026\/04\/el-gobierno-de-nicaragua-destina-la-antigua-residencia-presidencial-a-fiestas-privadas-7-300x200.jpg","newsmatic-small":"https:\/\/lobosnews.com.ar\/wp-content\/uploads\/2026\/04\/el-gobierno-de-nicaragua-destina-la-antigua-residencia-presidencial-a-fiestas-privadas-7-150x95.jpg","newsmatic-grid":"https:\/\/lobosnews.com.ar\/wp-content\/uploads\/2026\/04\/el-gobierno-de-nicaragua-destina-la-antigua-residencia-presidencial-a-fiestas-privadas-7-400x250.jpg"},"magazineBlocksPostAuthor":{"name":"admin","avatar":"https:\/\/secure.gravatar.com\/avatar\/76e419471a2083bc3ceab22a763dbbf9b0c1bd15a6214cf3280e2c2dde4580f9?s=96&d=mm&r=g"},"magazineBlocksPostCommentsNumber":"0","magazineBlocksPostExcerpt":"La residencia oficial de la Presidencia de Nicaragua, conocida como la Casa de los Pueblos, ha dejado de ser un escenario de poder y toma de decisiones para convertirse en un sal\u00f3n de eventos privados, incluidos bailes y bodas. El cambio de uso de este emblem\u00e1tico inmueble, determinado tras la negativa del presidente Daniel Ortega...","magazineBlocksPostCategories":["Actualidad"],"magazineBlocksPostViewCount":6,"magazineBlocksPostReadTime":4,"magazine_blocks_featured_image_url":{"full":["https:\/\/lobosnews.com.ar\/wp-content\/uploads\/2026\/04\/el-gobierno-de-nicaragua-destina-la-antigua-residencia-presidencial-a-fiestas-privadas-7.jpg",500,315,false],"medium":["https:\/\/lobosnews.com.ar\/wp-content\/uploads\/2026\/04\/el-gobierno-de-nicaragua-destina-la-antigua-residencia-presidencial-a-fiestas-privadas-7-300x189.jpg",300,189,true],"thumbnail":["https:\/\/lobosnews.com.ar\/wp-content\/uploads\/2026\/04\/el-gobierno-de-nicaragua-destina-la-antigua-residencia-presidencial-a-fiestas-privadas-7-150x150.jpg",150,150,true]},"magazine_blocks_author":{"display_name":"admin","author_link":"https:\/\/lobosnews.com.ar\/index.php\/author\/lobos-news\/"},"magazine_blocks_comment":0,"magazine_blocks_author_image":"https:\/\/secure.gravatar.com\/avatar\/76e419471a2083bc3ceab22a763dbbf9b0c1bd15a6214cf3280e2c2dde4580f9?s=96&d=mm&r=g","magazine_blocks_category":"<a href=\"#\" class=\"category-link category-link-31\">Actualidad<\/a>","yoast_head":"<!-- This site is optimized with the Yoast SEO plugin v26.6 - https:\/\/yoast.com\/wordpress\/plugins\/seo\/ -->\n<title>El gobierno de Nicaragua destina la antigua residencia presidencial a fiestas privadas - Lobos News<\/title>\n<meta name=\"robots\" content=\"index, follow, max-snippet:-1, max-image-preview:large, max-video-preview:-1\" \/>\n<link rel=\"canonical\" href=\"https:\/\/lobosnews.com.ar\/index.php\/2026\/04\/30\/el-gobierno-de-nicaragua-destina-la-antigua-residencia-presidencial-a-fiestas-privadas-2\/\" \/>\n<meta property=\"og:locale\" content=\"es_ES\" \/>\n<meta property=\"og:type\" content=\"article\" \/>\n<meta property=\"og:title\" content=\"El gobierno de Nicaragua destina la antigua residencia presidencial a fiestas privadas - Lobos News\" \/>\n<meta property=\"og:description\" content=\"La residencia oficial de la Presidencia de Nicaragua, conocida como la Casa de los Pueblos, ha dejado de ser un escenario de poder y toma de decisiones para convertirse en un sal\u00f3n de eventos privados, incluidos bailes y bodas. El cambio de uso de este emblem\u00e1tico inmueble, determinado tras la negativa del presidente Daniel Ortega...\" \/>\n<meta property=\"og:url\" content=\"https:\/\/lobosnews.com.ar\/index.php\/2026\/04\/30\/el-gobierno-de-nicaragua-destina-la-antigua-residencia-presidencial-a-fiestas-privadas-2\/\" \/>\n<meta property=\"og:site_name\" content=\"Lobos News\" \/>\n<meta property=\"article:published_time\" content=\"2026-04-30T17:21:30+00:00\" \/>\n<meta property=\"article:modified_time\" content=\"2026-04-30T20:59:09+00:00\" \/>\n<meta property=\"og:image\" content=\"https:\/\/lobosnews.com.ar\/wp-content\/uploads\/2026\/04\/el-gobierno-de-nicaragua-destina-la-antigua-residencia-presidencial-a-fiestas-privadas.jpg\" \/>\n<meta name=\"author\" content=\"admin\" \/>\n<meta name=\"twitter:card\" content=\"summary_large_image\" \/>\n<meta name=\"twitter:label1\" content=\"Escrito por\" \/>\n\t<meta name=\"twitter:data1\" content=\"admin\" \/>\n\t<meta name=\"twitter:label2\" content=\"Tiempo de lectura\" \/>\n\t<meta name=\"twitter:data2\" content=\"4 minutos\" \/>\n<script type=\"application\/ld+json\" class=\"yoast-schema-graph\">{\"@context\":\"https:\/\/schema.org\",\"@graph\":[{\"@type\":\"Article\",\"@id\":\"https:\/\/lobosnews.com.ar\/index.php\/2026\/04\/30\/el-gobierno-de-nicaragua-destina-la-antigua-residencia-presidencial-a-fiestas-privadas-2\/#article\",\"isPartOf\":{\"@id\":\"https:\/\/lobosnews.com.ar\/index.php\/2026\/04\/30\/el-gobierno-de-nicaragua-destina-la-antigua-residencia-presidencial-a-fiestas-privadas-2\/\"},\"author\":{\"name\":\"admin\",\"@id\":\"https:\/\/lobosnews.com.ar\/#\/schema\/person\/232422a593d5c541dd9aef6aaed10943\"},\"headline\":\"El gobierno de Nicaragua destina la antigua residencia presidencial a fiestas privadas\",\"datePublished\":\"2026-04-30T17:21:30+00:00\",\"dateModified\":\"2026-04-30T20:59:09+00:00\",\"mainEntityOfPage\":{\"@id\":\"https:\/\/lobosnews.com.ar\/index.php\/2026\/04\/30\/el-gobierno-de-nicaragua-destina-la-antigua-residencia-presidencial-a-fiestas-privadas-2\/\"},\"wordCount\":775,\"commentCount\":0,\"publisher\":{\"@id\":\"https:\/\/lobosnews.com.ar\/#organization\"},\"image\":{\"@id\":\"https:\/\/lobosnews.com.ar\/index.php\/2026\/04\/30\/el-gobierno-de-nicaragua-destina-la-antigua-residencia-presidencial-a-fiestas-privadas-2\/#primaryimage\"},\"thumbnailUrl\":\"https:\/\/lobosnews.com.ar\/wp-content\/uploads\/2026\/04\/el-gobierno-de-nicaragua-destina-la-antigua-residencia-presidencial-a-fiestas-privadas-7.jpg\",\"articleSection\":[\"Actualidad\"],\"inLanguage\":\"es\",\"potentialAction\":[{\"@type\":\"CommentAction\",\"name\":\"Comment\",\"target\":[\"https:\/\/lobosnews.com.ar\/index.php\/2026\/04\/30\/el-gobierno-de-nicaragua-destina-la-antigua-residencia-presidencial-a-fiestas-privadas-2\/#respond\"]}]},{\"@type\":\"WebPage\",\"@id\":\"https:\/\/lobosnews.com.ar\/index.php\/2026\/04\/30\/el-gobierno-de-nicaragua-destina-la-antigua-residencia-presidencial-a-fiestas-privadas-2\/\",\"url\":\"https:\/\/lobosnews.com.ar\/index.php\/2026\/04\/30\/el-gobierno-de-nicaragua-destina-la-antigua-residencia-presidencial-a-fiestas-privadas-2\/\",\"name\":\"El gobierno de Nicaragua destina la antigua residencia presidencial a fiestas privadas - Lobos News\",\"isPartOf\":{\"@id\":\"https:\/\/lobosnews.com.ar\/#website\"},\"primaryImageOfPage\":{\"@id\":\"https:\/\/lobosnews.com.ar\/index.php\/2026\/04\/30\/el-gobierno-de-nicaragua-destina-la-antigua-residencia-presidencial-a-fiestas-privadas-2\/#primaryimage\"},\"image\":{\"@id\":\"https:\/\/lobosnews.com.ar\/index.php\/2026\/04\/30\/el-gobierno-de-nicaragua-destina-la-antigua-residencia-presidencial-a-fiestas-privadas-2\/#primaryimage\"},\"thumbnailUrl\":\"https:\/\/lobosnews.com.ar\/wp-content\/uploads\/2026\/04\/el-gobierno-de-nicaragua-destina-la-antigua-residencia-presidencial-a-fiestas-privadas-7.jpg\",\"datePublished\":\"2026-04-30T17:21:30+00:00\",\"dateModified\":\"2026-04-30T20:59:09+00:00\",\"breadcrumb\":{\"@id\":\"https:\/\/lobosnews.com.ar\/index.php\/2026\/04\/30\/el-gobierno-de-nicaragua-destina-la-antigua-residencia-presidencial-a-fiestas-privadas-2\/#breadcrumb\"},\"inLanguage\":\"es\",\"potentialAction\":[{\"@type\":\"ReadAction\",\"target\":[\"https:\/\/lobosnews.com.ar\/index.php\/2026\/04\/30\/el-gobierno-de-nicaragua-destina-la-antigua-residencia-presidencial-a-fiestas-privadas-2\/\"]}]},{\"@type\":\"ImageObject\",\"inLanguage\":\"es\",\"@id\":\"https:\/\/lobosnews.com.ar\/index.php\/2026\/04\/30\/el-gobierno-de-nicaragua-destina-la-antigua-residencia-presidencial-a-fiestas-privadas-2\/#primaryimage\",\"url\":\"https:\/\/lobosnews.com.ar\/wp-content\/uploads\/2026\/04\/el-gobierno-de-nicaragua-destina-la-antigua-residencia-presidencial-a-fiestas-privadas-7.jpg\",\"contentUrl\":\"https:\/\/lobosnews.com.ar\/wp-content\/uploads\/2026\/04\/el-gobierno-de-nicaragua-destina-la-antigua-residencia-presidencial-a-fiestas-privadas-7.jpg\",\"width\":500,\"height\":315,\"caption\":\"El gobierno de Nicaragua destina la antigua residencia presidencial a fiestas privadas\"},{\"@type\":\"BreadcrumbList\",\"@id\":\"https:\/\/lobosnews.com.ar\/index.php\/2026\/04\/30\/el-gobierno-de-nicaragua-destina-la-antigua-residencia-presidencial-a-fiestas-privadas-2\/#breadcrumb\",\"itemListElement\":[{\"@type\":\"ListItem\",\"position\":1,\"name\":\"Portada\",\"item\":\"https:\/\/lobosnews.com.ar\/\"},{\"@type\":\"ListItem\",\"position\":2,\"name\":\"El gobierno de Nicaragua destina la antigua residencia presidencial a fiestas privadas\"}]},{\"@type\":\"WebSite\",\"@id\":\"https:\/\/lobosnews.com.ar\/#website\",\"url\":\"https:\/\/lobosnews.com.ar\/\",\"name\":\"Lobos News\",\"description\":\"Informaci\u00f3n a cada instante\",\"publisher\":{\"@id\":\"https:\/\/lobosnews.com.ar\/#organization\"},\"potentialAction\":[{\"@type\":\"SearchAction\",\"target\":{\"@type\":\"EntryPoint\",\"urlTemplate\":\"https:\/\/lobosnews.com.ar\/?s={search_term_string}\"},\"query-input\":{\"@type\":\"PropertyValueSpecification\",\"valueRequired\":true,\"valueName\":\"search_term_string\"}}],\"inLanguage\":\"es\"},{\"@type\":\"Organization\",\"@id\":\"https:\/\/lobosnews.com.ar\/#organization\",\"name\":\"Lobos News\",\"url\":\"https:\/\/lobosnews.com.ar\/\",\"logo\":{\"@type\":\"ImageObject\",\"inLanguage\":\"es\",\"@id\":\"https:\/\/lobosnews.com.ar\/#\/schema\/logo\/image\/\",\"url\":\"https:\/\/lobosnews.com.ar\/wp-content\/uploads\/2026\/01\/logo-lobosnews.png\",\"contentUrl\":\"https:\/\/lobosnews.com.ar\/wp-content\/uploads\/2026\/01\/logo-lobosnews.png\",\"width\":500,\"height\":200,\"caption\":\"Lobos News\"},\"image\":{\"@id\":\"https:\/\/lobosnews.com.ar\/#\/schema\/logo\/image\/\"}},{\"@type\":\"Person\",\"@id\":\"https:\/\/lobosnews.com.ar\/#\/schema\/person\/232422a593d5c541dd9aef6aaed10943\",\"name\":\"admin\",\"image\":{\"@type\":\"ImageObject\",\"inLanguage\":\"es\",\"@id\":\"https:\/\/lobosnews.com.ar\/#\/schema\/person\/image\/\",\"url\":\"https:\/\/secure.gravatar.com\/avatar\/76e419471a2083bc3ceab22a763dbbf9b0c1bd15a6214cf3280e2c2dde4580f9?s=96&d=mm&r=g\",\"contentUrl\":\"https:\/\/secure.gravatar.com\/avatar\/76e419471a2083bc3ceab22a763dbbf9b0c1bd15a6214cf3280e2c2dde4580f9?s=96&d=mm&r=g\",\"caption\":\"admin\"},\"sameAs\":[\"https:\/\/lobosnews.com.ar\"],\"url\":\"https:\/\/lobosnews.com.ar\/index.php\/author\/lobos-news\/\"}]}<\/script>\n<!-- \/ Yoast SEO plugin. -->","yoast_head_json":{"title":"El gobierno de Nicaragua destina la antigua residencia presidencial a fiestas privadas - Lobos News","robots":{"index":"index","follow":"follow","max-snippet":"max-snippet:-1","max-image-preview":"max-image-preview:large","max-video-preview":"max-video-preview:-1"},"canonical":"https:\/\/lobosnews.com.ar\/index.php\/2026\/04\/30\/el-gobierno-de-nicaragua-destina-la-antigua-residencia-presidencial-a-fiestas-privadas-2\/","og_locale":"es_ES","og_type":"article","og_title":"El gobierno de Nicaragua destina la antigua residencia presidencial a fiestas privadas - Lobos News","og_description":"La residencia oficial de la Presidencia de Nicaragua, conocida como la Casa de los Pueblos, ha dejado de ser un escenario de poder y toma de decisiones para convertirse en un sal\u00f3n de eventos privados, incluidos bailes y bodas. El cambio de uso de este emblem\u00e1tico inmueble, determinado tras la negativa del presidente Daniel Ortega...","og_url":"https:\/\/lobosnews.com.ar\/index.php\/2026\/04\/30\/el-gobierno-de-nicaragua-destina-la-antigua-residencia-presidencial-a-fiestas-privadas-2\/","og_site_name":"Lobos News","article_published_time":"2026-04-30T17:21:30+00:00","article_modified_time":"2026-04-30T20:59:09+00:00","og_image":[{"url":"https:\/\/lobosnews.com.ar\/wp-content\/uploads\/2026\/04\/el-gobierno-de-nicaragua-destina-la-antigua-residencia-presidencial-a-fiestas-privadas.jpg","type":"","width":"","height":""}],"author":"admin","twitter_card":"summary_large_image","twitter_misc":{"Escrito por":"admin","Tiempo de lectura":"4 minutos"},"schema":{"@context":"https:\/\/schema.org","@graph":[{"@type":"Article","@id":"https:\/\/lobosnews.com.ar\/index.php\/2026\/04\/30\/el-gobierno-de-nicaragua-destina-la-antigua-residencia-presidencial-a-fiestas-privadas-2\/#article","isPartOf":{"@id":"https:\/\/lobosnews.com.ar\/index.php\/2026\/04\/30\/el-gobierno-de-nicaragua-destina-la-antigua-residencia-presidencial-a-fiestas-privadas-2\/"},"author":{"name":"admin","@id":"https:\/\/lobosnews.com.ar\/#\/schema\/person\/232422a593d5c541dd9aef6aaed10943"},"headline":"El gobierno de Nicaragua destina la antigua residencia presidencial a fiestas privadas","datePublished":"2026-04-30T17:21:30+00:00","dateModified":"2026-04-30T20:59:09+00:00","mainEntityOfPage":{"@id":"https:\/\/lobosnews.com.ar\/index.php\/2026\/04\/30\/el-gobierno-de-nicaragua-destina-la-antigua-residencia-presidencial-a-fiestas-privadas-2\/"},"wordCount":775,"commentCount":0,"publisher":{"@id":"https:\/\/lobosnews.com.ar\/#organization"},"image":{"@id":"https:\/\/lobosnews.com.ar\/index.php\/2026\/04\/30\/el-gobierno-de-nicaragua-destina-la-antigua-residencia-presidencial-a-fiestas-privadas-2\/#primaryimage"},"thumbnailUrl":"https:\/\/lobosnews.com.ar\/wp-content\/uploads\/2026\/04\/el-gobierno-de-nicaragua-destina-la-antigua-residencia-presidencial-a-fiestas-privadas-7.jpg","articleSection":["Actualidad"],"inLanguage":"es","potentialAction":[{"@type":"CommentAction","name":"Comment","target":["https:\/\/lobosnews.com.ar\/index.php\/2026\/04\/30\/el-gobierno-de-nicaragua-destina-la-antigua-residencia-presidencial-a-fiestas-privadas-2\/#respond"]}]},{"@type":"WebPage","@id":"https:\/\/lobosnews.com.ar\/index.php\/2026\/04\/30\/el-gobierno-de-nicaragua-destina-la-antigua-residencia-presidencial-a-fiestas-privadas-2\/","url":"https:\/\/lobosnews.com.ar\/index.php\/2026\/04\/30\/el-gobierno-de-nicaragua-destina-la-antigua-residencia-presidencial-a-fiestas-privadas-2\/","name":"El gobierno de Nicaragua destina la antigua residencia presidencial a fiestas privadas - Lobos News","isPartOf":{"@id":"https:\/\/lobosnews.com.ar\/#website"},"primaryImageOfPage":{"@id":"https:\/\/lobosnews.com.ar\/index.php\/2026\/04\/30\/el-gobierno-de-nicaragua-destina-la-antigua-residencia-presidencial-a-fiestas-privadas-2\/#primaryimage"},"image":{"@id":"https:\/\/lobosnews.com.ar\/index.php\/2026\/04\/30\/el-gobierno-de-nicaragua-destina-la-antigua-residencia-presidencial-a-fiestas-privadas-2\/#primaryimage"},"thumbnailUrl":"https:\/\/lobosnews.com.ar\/wp-content\/uploads\/2026\/04\/el-gobierno-de-nicaragua-destina-la-antigua-residencia-presidencial-a-fiestas-privadas-7.jpg","datePublished":"2026-04-30T17:21:30+00:00","dateModified":"2026-04-30T20:59:09+00:00","breadcrumb":{"@id":"https:\/\/lobosnews.com.ar\/index.php\/2026\/04\/30\/el-gobierno-de-nicaragua-destina-la-antigua-residencia-presidencial-a-fiestas-privadas-2\/#breadcrumb"},"inLanguage":"es","potentialAction":[{"@type":"ReadAction","target":["https:\/\/lobosnews.com.ar\/index.php\/2026\/04\/30\/el-gobierno-de-nicaragua-destina-la-antigua-residencia-presidencial-a-fiestas-privadas-2\/"]}]},{"@type":"ImageObject","inLanguage":"es","@id":"https:\/\/lobosnews.com.ar\/index.php\/2026\/04\/30\/el-gobierno-de-nicaragua-destina-la-antigua-residencia-presidencial-a-fiestas-privadas-2\/#primaryimage","url":"https:\/\/lobosnews.com.ar\/wp-content\/uploads\/2026\/04\/el-gobierno-de-nicaragua-destina-la-antigua-residencia-presidencial-a-fiestas-privadas-7.jpg","contentUrl":"https:\/\/lobosnews.com.ar\/wp-content\/uploads\/2026\/04\/el-gobierno-de-nicaragua-destina-la-antigua-residencia-presidencial-a-fiestas-privadas-7.jpg","width":500,"height":315,"caption":"El gobierno de Nicaragua destina la antigua residencia presidencial a fiestas privadas"},{"@type":"BreadcrumbList","@id":"https:\/\/lobosnews.com.ar\/index.php\/2026\/04\/30\/el-gobierno-de-nicaragua-destina-la-antigua-residencia-presidencial-a-fiestas-privadas-2\/#breadcrumb","itemListElement":[{"@type":"ListItem","position":1,"name":"Portada","item":"https:\/\/lobosnews.com.ar\/"},{"@type":"ListItem","position":2,"name":"El gobierno de Nicaragua destina la antigua residencia presidencial a fiestas privadas"}]},{"@type":"WebSite","@id":"https:\/\/lobosnews.com.ar\/#website","url":"https:\/\/lobosnews.com.ar\/","name":"Lobos News","description":"Informaci\u00f3n a cada instante","publisher":{"@id":"https:\/\/lobosnews.com.ar\/#organization"},"potentialAction":[{"@type":"SearchAction","target":{"@type":"EntryPoint","urlTemplate":"https:\/\/lobosnews.com.ar\/?s={search_term_string}"},"query-input":{"@type":"PropertyValueSpecification","valueRequired":true,"valueName":"search_term_string"}}],"inLanguage":"es"},{"@type":"Organization","@id":"https:\/\/lobosnews.com.ar\/#organization","name":"Lobos News","url":"https:\/\/lobosnews.com.ar\/","logo":{"@type":"ImageObject","inLanguage":"es","@id":"https:\/\/lobosnews.com.ar\/#\/schema\/logo\/image\/","url":"https:\/\/lobosnews.com.ar\/wp-content\/uploads\/2026\/01\/logo-lobosnews.png","contentUrl":"https:\/\/lobosnews.com.ar\/wp-content\/uploads\/2026\/01\/logo-lobosnews.png","width":500,"height":200,"caption":"Lobos News"},"image":{"@id":"https:\/\/lobosnews.com.ar\/#\/schema\/logo\/image\/"}},{"@type":"Person","@id":"https:\/\/lobosnews.com.ar\/#\/schema\/person\/232422a593d5c541dd9aef6aaed10943","name":"admin","image":{"@type":"ImageObject","inLanguage":"es","@id":"https:\/\/lobosnews.com.ar\/#\/schema\/person\/image\/","url":"https:\/\/secure.gravatar.com\/avatar\/76e419471a2083bc3ceab22a763dbbf9b0c1bd15a6214cf3280e2c2dde4580f9?s=96&d=mm&r=g","contentUrl":"https:\/\/secure.gravatar.com\/avatar\/76e419471a2083bc3ceab22a763dbbf9b0c1bd15a6214cf3280e2c2dde4580f9?s=96&d=mm&r=g","caption":"admin"},"sameAs":["https:\/\/lobosnews.com.ar"],"url":"https:\/\/lobosnews.com.ar\/index.php\/author\/lobos-news\/"}]}},"jetpack_featured_media_url":"https:\/\/lobosnews.com.ar\/wp-content\/uploads\/2026\/04\/el-gobierno-de-nicaragua-destina-la-antigua-residencia-presidencial-a-fiestas-privadas-7.jpg","jetpack_sharing_enabled":true,"_links":{"self":[{"href":"https:\/\/lobosnews.com.ar\/index.php\/wp-json\/wp\/v2\/posts\/47885","targetHints":{"allow":["GET"]}}],"collection":[{"href":"https:\/\/lobosnews.com.ar\/index.php\/wp-json\/wp\/v2\/posts"}],"about":[{"href":"https:\/\/lobosnews.com.ar\/index.php\/wp-json\/wp\/v2\/types\/post"}],"author":[{"embeddable":true,"href":"https:\/\/lobosnews.com.ar\/index.php\/wp-json\/wp\/v2\/users\/1"}],"replies":[{"embeddable":true,"href":"https:\/\/lobosnews.com.ar\/index.php\/wp-json\/wp\/v2\/comments?post=47885"}],"version-history":[{"count":1,"href":"https:\/\/lobosnews.com.ar\/index.php\/wp-json\/wp\/v2\/posts\/47885\/revisions"}],"predecessor-version":[{"id":47891,"href":"https:\/\/lobosnews.com.ar\/index.php\/wp-json\/wp\/v2\/posts\/47885\/revisions\/47891"}],"wp:featuredmedia":[{"embeddable":true,"href":"https:\/\/lobosnews.com.ar\/index.php\/wp-json\/wp\/v2\/media\/47892"}],"wp:attachment":[{"href":"https:\/\/lobosnews.com.ar\/index.php\/wp-json\/wp\/v2\/media?parent=47885"}],"wp:term":[{"taxonomy":"category","embeddable":true,"href":"https:\/\/lobosnews.com.ar\/index.php\/wp-json\/wp\/v2\/categories?post=47885"},{"taxonomy":"post_tag","embeddable":true,"href":"https:\/\/lobosnews.com.ar\/index.php\/wp-json\/wp\/v2\/tags?post=47885"}],"curies":[{"name":"wp","href":"https:\/\/api.w.org\/{rel}","templated":true}]}}