{"id":47844,"date":"2026-04-30T19:09:14","date_gmt":"2026-04-30T19:09:14","guid":{"rendered":"https:\/\/lobosnews.com.ar\/index.php\/2026\/04\/30\/gremio-azucarero-pide-mas-consultas-en-panama-tras-freno-al-proyecto-de-etanol\/"},"modified":"2026-04-30T20:56:05","modified_gmt":"2026-04-30T20:56:05","slug":"gremio-azucarero-pide-mas-consultas-en-panama-tras-freno-al-proyecto-de-etanol","status":"publish","type":"post","link":"https:\/\/lobosnews.com.ar\/index.php\/2026\/04\/30\/gremio-azucarero-pide-mas-consultas-en-panama-tras-freno-al-proyecto-de-etanol\/","title":{"rendered":"Gremio azucarero pide m\u00e1s consultas en Panam\u00e1 tras freno al proyecto de etanol"},"content":{"rendered":"<p><img loading=\"lazy\" decoding=\"async\" src=\"https:\/\/lobosnews.com.ar\/wp-content\/uploads\/2026\/04\/gremio-azucarero-pide-mas-consultas-en-panama-tras-freno-al-proyecto-de-etanol.jpg\" alt=\"El gremio azucarero estima que la iniciativa podr\u00eda generar cerca de 10,000 empleos directos y 20,000 indirectos. Archivo\" height=\"664\" width=\"1000\"\/><\/p>\n<p>La <b>Asociaci\u00f3n Industrial de la Ca\u00f1a de Az\u00facar de Panam\u00e1 (AZUCALPA)<\/b> reaccion\u00f3 a la decisi\u00f3n de la <b>Asamblea Nacional<\/b> de suspender la discusi\u00f3n del <b>Proyecto de Ley 443<\/b>, que propone el uso obligatorio de <b>etanol en la gasolina<\/b>, destacando la necesidad de aprovechar el receso legislativo para <b>ampliar las consultas y fortalecer el debate t\u00e9cnico<\/b> sobre una iniciativa que considera clave para el desarrollo del pa\u00eds. <\/p>\n<p>El gremio plante\u00f3 que este periodo debe servir para <b>construir consensos, informar a la poblaci\u00f3n y aclarar dudas<\/b> sobre el alcance de la propuesta.<\/p>\n<p>La medida legislativa, aprobada con <b>55 votos a favor y una abstenci\u00f3n<\/b>, detuvo el segundo debate de un proyecto que busca establecer una mezcla obligatoria de <b>10% de etanol en los combustibles<\/b>, en un contexto donde los diputados argumentaron que la ciudadan\u00eda requiere <b>mayor informaci\u00f3n sobre sus impactos<\/b>. <\/p>\n<p>La principal preocupaci\u00f3n de algunos diputados es el <b>car\u00e1cter obligatorio de la medida, que, en su opini\u00f3n, podr\u00eda vulnerar el derecho de la poblaci\u00f3n a escoger<\/b>. Tambi\u00e9n advierten que la iniciativa no establece un proceso claro de reclamo ni define qu\u00e9 entidad ser\u00eda <b>responsable de tramitar eventuales quejas en caso de desperfectos <\/b>en veh\u00edculos, si se lograra atribuir la causa al combustible.<\/p>\n<p><img loading=\"lazy\" decoding=\"async\" src=\"https:\/\/lobosnews.com.ar\/wp-content\/uploads\/2026\/04\/gremio-azucarero-pide-mas-consultas-en-panama-tras-freno-al-proyecto-de-etanol-1.jpg\" alt=\"El sector considera que el receso legislativo debe aprovecharse para fortalecer el debate t\u00e9cnico sobre el etanol. Tomada de X\" height=\"675\" width=\"1200\"\/><\/p>\n<p>Igualmente, se ha cuestionado que pocos actores participar\u00edan en el negocio del etanol. Incluso, durante el debate<b> p\u00fablico se han mencionado se\u00f1alamientos sobre presuntos intereses personales<\/b> de autoridades actuales en la aprobaci\u00f3n de la iniciativa, aunque esas afirmaciones no han sido sustentadas p\u00fablicamente con pruebas concluyentes.<\/p>\n<p>El \u00d3rgano Legislativo entr\u00f3 en receso y retomar\u00e1 sus funciones el <b>1 de julio<\/b>, lo que extiende la discusi\u00f3n de una pol\u00edtica que ha sido objeto de debate durante m\u00e1s de una d\u00e9cada.<\/p>\n<p>Desde AZUCALPA, se valor\u00f3 la pausa como una <b>oportunidad para profundizar el di\u00e1logo<\/b>, insistiendo en que el proyecto representa una <b>pol\u00edtica p\u00fablica moderna basada en evidencia t\u00e9cnica<\/b>, con potencial para generar beneficios econ\u00f3micos, sociales y ambientales. <\/p>\n<p>El gremio subray\u00f3 que los pr\u00f3ximos meses ser\u00e1n <b>determinantes para alcanzar acuerdos<\/b>, en medio de cuestionamientos que han desplazado la discusi\u00f3n hacia aspectos pol\u00edticos.<\/p>\n<p>El presidente de la Rep\u00fablica, <b>Jos\u00e9 Ra\u00fal Mulino<\/b>, tambi\u00e9n se refiri\u00f3 a la suspensi\u00f3n del proyecto, se\u00f1alando que el debate fue <b>desviado de su base t\u00e9cnica hacia la especulaci\u00f3n<\/b>. <\/p>\n<p>\u201cEl tema del etanol se sac\u00f3 completamente del contexto t\u00e9cnico para llevarlo al \u00e1mbito de la <b>maledicencia y la confrontaci\u00f3n<\/b>\u201d, afirm\u00f3 el mandatario, quien confirm\u00f3 que sostuvo conversaciones con diputados ante la preocupaci\u00f3n generada por el rumbo del proyecto.<\/p>\n<p><img loading=\"lazy\" decoding=\"async\" src=\"https:\/\/lobosnews.com.ar\/wp-content\/uploads\/2026\/04\/gremio-azucarero-pide-mas-consultas-en-panama-tras-freno-al-proyecto-de-etanol-2.jpg\" alt=\"Jos\u00e9 Ra\u00fal Mulino, presidente de la Rep\u00fablica de Panam\u00e1, afirm\u00f3 que el debate sobre el etanol se desvi\u00f3 del \u00e1mbito t\u00e9cnico hacia la especulaci\u00f3n, lo que, a su juicio, afect\u00f3 el avance del proyecto. AP\" height=\"1127\" width=\"1691\"\/><\/p>\n<p>Mulino reconoci\u00f3 que, tras la decisi\u00f3n legislativa, <b>no se implementar\u00e1 el uso obligatorio del etanol en el corto plazo<\/b>, lo que \u2014seg\u00fan indic\u00f3\u2014 representa un impacto directo en la generaci\u00f3n de empleo. <\/p>\n<p>El mandatario advirti\u00f3 que la medida implicaba <b>inversiones multimillonarias<\/b> y la posibilidad de abrir nuevas oportunidades para productores agr\u00edcolas, especialmente en el sector de la ca\u00f1a de az\u00facar.<\/p>\n<p>\u201cPor lo pronto no va a haber etanol, con el consiguiente <b>perjuicio a la enorme cantidad de empleos<\/b> que esa industria hubiera generado para el pa\u00eds\u201d, sostuvo el presidente, al tiempo que cuestion\u00f3 que la discusi\u00f3n se haya centrado en <b>intereses y especulaciones<\/b> en lugar de evaluar los beneficios t\u00e9cnicos del proyecto.<\/p>\n<p>En ese contexto, AZUCALPA destac\u00f3 que la implementaci\u00f3n del programa podr\u00eda generar cerca de <b>10,000 empleos directos y 20,000 indirectos<\/b>, especialmente en <b>zonas rurales<\/b>, donde el acceso a oportunidades laborales es m\u00e1s limitado. El gremio advirti\u00f3 que cada mes de retraso en la discusi\u00f3n implica <b>menos inversi\u00f3n, menos crecimiento y menos desarrollo econ\u00f3mico<\/b> para el pa\u00eds.<\/p>\n<p><img loading=\"lazy\" decoding=\"async\" src=\"https:\/\/lobosnews.com.ar\/wp-content\/uploads\/2026\/04\/gremio-azucarero-pide-mas-consultas-en-panama-tras-freno-al-proyecto-de-etanol-4.jpg\" alt=\"Algunos diputados han expresado preocupaci\u00f3n por el car\u00e1cter obligatorio del uso de etanol, al considerar que podr\u00eda vulnerar el derecho de los consumidores a elegir el tipo de combustible que utilizan. (Imagen Ilustrativa Infobae)\" height=\"768\" width=\"1408\"\/><\/p>\n<p>El proyecto tambi\u00e9n contempla un impulso significativo a la producci\u00f3n agr\u00edcola, con estimaciones que apuntaban a la incorporaci\u00f3n de <b>35,000 hect\u00e1reas adicionales de cultivo de ca\u00f1a<\/b>, ampliando la temporada de zafra y diversificando la producci\u00f3n hacia el mercado de biocombustibles. <\/p>\n<p>Esto cobra relevancia en un contexto donde el \u00e1rea sembrada ha venido en <b>disminuci\u00f3n en los \u00faltimos a\u00f1os<\/b>, pasando de m\u00e1s de 40,000 hect\u00e1reas a cerca de 24,000 en el periodo reciente.<\/p>\n<p>Adem\u00e1s del componente econ\u00f3mico, el gremio resalt\u00f3 que el uso de etanol permitir\u00eda avanzar hacia una <b>mayor resiliencia energ\u00e9tica<\/b>, reduciendo la dependencia de combustibles f\u00f3siles y contribuyendo a una <b>transici\u00f3n energ\u00e9tica m\u00e1s sostenible<\/b>. Este enfoque tambi\u00e9n tiene implicaciones en materia ambiental y de salud p\u00fablica, al promover combustibles con menor impacto contaminante.<\/p>\n<p>La discusi\u00f3n del proyecto se produce en un escenario donde Panam\u00e1 ha intentado<b> implementar el uso de biocombustibles<\/b> desde <b>2013<\/b>, sin lograr concretar la medida en distintos intentos legislativos. <\/p>\n<p>La actual propuesta representa uno de los esfuerzos m\u00e1s estructurados, respaldado por instituciones como la <b>Secretar\u00eda Nacional de Energ\u00eda<\/b>, el <b>Ministerio de Desarrollo Agropecuario (MIDA)<\/b> y el <b>Ministerio de Comercio e Industrias (MICI)<\/b>.<\/p>\n<p>En medio de este panorama, AZUCALPA reiter\u00f3 su disposici\u00f3n a mantener un <b>di\u00e1logo constructivo con autoridades, sector privado y sociedad civil<\/b>, con el objetivo de aportar informaci\u00f3n t\u00e9cnica y evidencia que permita retomar el proyecto con mayor respaldo. El gremio insisti\u00f3 en que el debate debe centrarse en <b>datos verificables y an\u00e1lisis integral<\/b>, evitando que factores externos desv\u00eden una discusi\u00f3n que considera estrat\u00e9gica para el pa\u00eds.<\/p>\n<p>La pausa legislativa, lejos de cerrar el tema, abre un nuevo cap\u00edtulo en el debate sobre el etanol en Panam\u00e1. El reto<b> ser\u00e1 equilibrar las preocupaciones sociales, econ\u00f3micas y t\u00e9cnicas<\/b>, en busca de una decisi\u00f3n que defina el rumbo de la pol\u00edtica energ\u00e9tica y agr\u00edcola en los pr\u00f3ximos a\u00f1os.<\/p>\n","protected":false},"excerpt":{"rendered":"<p>La Asociaci\u00f3n Industrial de la Ca\u00f1a de Az\u00facar de Panam\u00e1 (AZUCALPA) reaccion\u00f3 a la decisi\u00f3n de la Asamblea Nacional de suspender la discusi\u00f3n del Proyecto de Ley 443, que propone el uso obligatorio de etanol en la gasolina, destacando la necesidad de aprovechar el receso legislativo para ampliar las consultas y fortalecer el debate t\u00e9cnico&#8230;<\/p>\n","protected":false},"author":1,"featured_media":47851,"comment_status":"open","ping_status":"closed","sticky":false,"template":"","format":"standard","meta":{"_jetpack_memberships_contains_paid_content":false,"footnotes":""},"categories":[31],"tags":[],"class_list":["post-47844","post","type-post","status-publish","format-standard","has-post-thumbnail","hentry","category-actualidad"],"magazineBlocksPostFeaturedMedia":{"thumbnail":"https:\/\/lobosnews.com.ar\/wp-content\/uploads\/2026\/04\/gremio-azucarero-pide-mas-consultas-en-panama-tras-freno-al-proyecto-de-etanol-8-150x150.jpg","medium":"https:\/\/lobosnews.com.ar\/wp-content\/uploads\/2026\/04\/gremio-azucarero-pide-mas-consultas-en-panama-tras-freno-al-proyecto-de-etanol-8-300x164.jpg","medium_large":"https:\/\/lobosnews.com.ar\/wp-content\/uploads\/2026\/04\/gremio-azucarero-pide-mas-consultas-en-panama-tras-freno-al-proyecto-de-etanol-8-768x419.jpg","large":"https:\/\/lobosnews.com.ar\/wp-content\/uploads\/2026\/04\/gremio-azucarero-pide-mas-consultas-en-panama-tras-freno-al-proyecto-de-etanol-8-1024x559.jpg","1536x1536":"https:\/\/lobosnews.com.ar\/wp-content\/uploads\/2026\/04\/gremio-azucarero-pide-mas-consultas-en-panama-tras-freno-al-proyecto-de-etanol-8.jpg","2048x2048":"https:\/\/lobosnews.com.ar\/wp-content\/uploads\/2026\/04\/gremio-azucarero-pide-mas-consultas-en-panama-tras-freno-al-proyecto-de-etanol-8.jpg","newsmatic-featured":"https:\/\/lobosnews.com.ar\/wp-content\/uploads\/2026\/04\/gremio-azucarero-pide-mas-consultas-en-panama-tras-freno-al-proyecto-de-etanol-8-820x545.jpg","newsmatic-list":"https:\/\/lobosnews.com.ar\/wp-content\/uploads\/2026\/04\/gremio-azucarero-pide-mas-consultas-en-panama-tras-freno-al-proyecto-de-etanol-8-600x400.jpg","newsmatic-thumb":"https:\/\/lobosnews.com.ar\/wp-content\/uploads\/2026\/04\/gremio-azucarero-pide-mas-consultas-en-panama-tras-freno-al-proyecto-de-etanol-8-300x200.jpg","newsmatic-small":"https:\/\/lobosnews.com.ar\/wp-content\/uploads\/2026\/04\/gremio-azucarero-pide-mas-consultas-en-panama-tras-freno-al-proyecto-de-etanol-8-150x95.jpg","newsmatic-grid":"https:\/\/lobosnews.com.ar\/wp-content\/uploads\/2026\/04\/gremio-azucarero-pide-mas-consultas-en-panama-tras-freno-al-proyecto-de-etanol-8-400x250.jpg"},"magazineBlocksPostAuthor":{"name":"admin","avatar":"https:\/\/secure.gravatar.com\/avatar\/76e419471a2083bc3ceab22a763dbbf9b0c1bd15a6214cf3280e2c2dde4580f9?s=96&d=mm&r=g"},"magazineBlocksPostCommentsNumber":"0","magazineBlocksPostExcerpt":"La Asociaci\u00f3n Industrial de la Ca\u00f1a de Az\u00facar de Panam\u00e1 (AZUCALPA) reaccion\u00f3 a la decisi\u00f3n de la Asamblea Nacional de suspender la discusi\u00f3n del Proyecto de Ley 443, que propone el uso obligatorio de etanol en la gasolina, destacando la necesidad de aprovechar el receso legislativo para ampliar las consultas y fortalecer el debate t\u00e9cnico...","magazineBlocksPostCategories":["Actualidad"],"magazineBlocksPostViewCount":9,"magazineBlocksPostReadTime":5,"magazine_blocks_featured_image_url":{"full":["https:\/\/lobosnews.com.ar\/wp-content\/uploads\/2026\/04\/gremio-azucarero-pide-mas-consultas-en-panama-tras-freno-al-proyecto-de-etanol-8.jpg",1408,768,false],"medium":["https:\/\/lobosnews.com.ar\/wp-content\/uploads\/2026\/04\/gremio-azucarero-pide-mas-consultas-en-panama-tras-freno-al-proyecto-de-etanol-8-300x164.jpg",300,164,true],"thumbnail":["https:\/\/lobosnews.com.ar\/wp-content\/uploads\/2026\/04\/gremio-azucarero-pide-mas-consultas-en-panama-tras-freno-al-proyecto-de-etanol-8-150x150.jpg",150,150,true]},"magazine_blocks_author":{"display_name":"admin","author_link":"https:\/\/lobosnews.com.ar\/index.php\/author\/lobos-news\/"},"magazine_blocks_comment":0,"magazine_blocks_author_image":"https:\/\/secure.gravatar.com\/avatar\/76e419471a2083bc3ceab22a763dbbf9b0c1bd15a6214cf3280e2c2dde4580f9?s=96&d=mm&r=g","magazine_blocks_category":"<a href=\"#\" class=\"category-link category-link-31\">Actualidad<\/a>","yoast_head":"<!-- This site is optimized with the Yoast SEO plugin v26.6 - https:\/\/yoast.com\/wordpress\/plugins\/seo\/ -->\n<title>Gremio azucarero pide m\u00e1s consultas en Panam\u00e1 tras freno al proyecto de etanol - Lobos News<\/title>\n<meta name=\"robots\" content=\"index, follow, max-snippet:-1, max-image-preview:large, max-video-preview:-1\" \/>\n<link rel=\"canonical\" href=\"https:\/\/lobosnews.com.ar\/index.php\/2026\/04\/30\/gremio-azucarero-pide-mas-consultas-en-panama-tras-freno-al-proyecto-de-etanol\/\" \/>\n<meta property=\"og:locale\" content=\"es_ES\" \/>\n<meta property=\"og:type\" content=\"article\" \/>\n<meta property=\"og:title\" content=\"Gremio azucarero pide m\u00e1s consultas en Panam\u00e1 tras freno al proyecto de etanol - Lobos News\" \/>\n<meta property=\"og:description\" content=\"La Asociaci\u00f3n Industrial de la Ca\u00f1a de Az\u00facar de Panam\u00e1 (AZUCALPA) reaccion\u00f3 a la decisi\u00f3n de la Asamblea Nacional de suspender la discusi\u00f3n del Proyecto de Ley 443, que propone el uso obligatorio de etanol en la gasolina, destacando la necesidad de aprovechar el receso legislativo para ampliar las consultas y fortalecer el debate t\u00e9cnico...\" \/>\n<meta property=\"og:url\" content=\"https:\/\/lobosnews.com.ar\/index.php\/2026\/04\/30\/gremio-azucarero-pide-mas-consultas-en-panama-tras-freno-al-proyecto-de-etanol\/\" \/>\n<meta property=\"og:site_name\" content=\"Lobos News\" \/>\n<meta property=\"article:published_time\" content=\"2026-04-30T19:09:14+00:00\" \/>\n<meta property=\"article:modified_time\" content=\"2026-04-30T20:56:05+00:00\" \/>\n<meta property=\"og:image\" content=\"https:\/\/lobosnews.com.ar\/wp-content\/uploads\/2026\/04\/gremio-azucarero-pide-mas-consultas-en-panama-tras-freno-al-proyecto-de-etanol.jpg\" \/>\n<meta name=\"author\" content=\"admin\" \/>\n<meta name=\"twitter:card\" content=\"summary_large_image\" \/>\n<meta name=\"twitter:label1\" content=\"Escrito por\" \/>\n\t<meta name=\"twitter:data1\" content=\"admin\" \/>\n\t<meta name=\"twitter:label2\" content=\"Tiempo de lectura\" \/>\n\t<meta name=\"twitter:data2\" content=\"5 minutos\" \/>\n<script type=\"application\/ld+json\" class=\"yoast-schema-graph\">{\"@context\":\"https:\/\/schema.org\",\"@graph\":[{\"@type\":\"Article\",\"@id\":\"https:\/\/lobosnews.com.ar\/index.php\/2026\/04\/30\/gremio-azucarero-pide-mas-consultas-en-panama-tras-freno-al-proyecto-de-etanol\/#article\",\"isPartOf\":{\"@id\":\"https:\/\/lobosnews.com.ar\/index.php\/2026\/04\/30\/gremio-azucarero-pide-mas-consultas-en-panama-tras-freno-al-proyecto-de-etanol\/\"},\"author\":{\"name\":\"admin\",\"@id\":\"https:\/\/lobosnews.com.ar\/#\/schema\/person\/232422a593d5c541dd9aef6aaed10943\"},\"headline\":\"Gremio azucarero pide m\u00e1s consultas en Panam\u00e1 tras freno al proyecto de etanol\",\"datePublished\":\"2026-04-30T19:09:14+00:00\",\"dateModified\":\"2026-04-30T20:56:05+00:00\",\"mainEntityOfPage\":{\"@id\":\"https:\/\/lobosnews.com.ar\/index.php\/2026\/04\/30\/gremio-azucarero-pide-mas-consultas-en-panama-tras-freno-al-proyecto-de-etanol\/\"},\"wordCount\":986,\"commentCount\":0,\"publisher\":{\"@id\":\"https:\/\/lobosnews.com.ar\/#organization\"},\"image\":{\"@id\":\"https:\/\/lobosnews.com.ar\/index.php\/2026\/04\/30\/gremio-azucarero-pide-mas-consultas-en-panama-tras-freno-al-proyecto-de-etanol\/#primaryimage\"},\"thumbnailUrl\":\"https:\/\/lobosnews.com.ar\/wp-content\/uploads\/2026\/04\/gremio-azucarero-pide-mas-consultas-en-panama-tras-freno-al-proyecto-de-etanol-8.jpg\",\"articleSection\":[\"Actualidad\"],\"inLanguage\":\"es\",\"potentialAction\":[{\"@type\":\"CommentAction\",\"name\":\"Comment\",\"target\":[\"https:\/\/lobosnews.com.ar\/index.php\/2026\/04\/30\/gremio-azucarero-pide-mas-consultas-en-panama-tras-freno-al-proyecto-de-etanol\/#respond\"]}]},{\"@type\":\"WebPage\",\"@id\":\"https:\/\/lobosnews.com.ar\/index.php\/2026\/04\/30\/gremio-azucarero-pide-mas-consultas-en-panama-tras-freno-al-proyecto-de-etanol\/\",\"url\":\"https:\/\/lobosnews.com.ar\/index.php\/2026\/04\/30\/gremio-azucarero-pide-mas-consultas-en-panama-tras-freno-al-proyecto-de-etanol\/\",\"name\":\"Gremio azucarero pide m\u00e1s consultas en Panam\u00e1 tras freno al proyecto de etanol - Lobos News\",\"isPartOf\":{\"@id\":\"https:\/\/lobosnews.com.ar\/#website\"},\"primaryImageOfPage\":{\"@id\":\"https:\/\/lobosnews.com.ar\/index.php\/2026\/04\/30\/gremio-azucarero-pide-mas-consultas-en-panama-tras-freno-al-proyecto-de-etanol\/#primaryimage\"},\"image\":{\"@id\":\"https:\/\/lobosnews.com.ar\/index.php\/2026\/04\/30\/gremio-azucarero-pide-mas-consultas-en-panama-tras-freno-al-proyecto-de-etanol\/#primaryimage\"},\"thumbnailUrl\":\"https:\/\/lobosnews.com.ar\/wp-content\/uploads\/2026\/04\/gremio-azucarero-pide-mas-consultas-en-panama-tras-freno-al-proyecto-de-etanol-8.jpg\",\"datePublished\":\"2026-04-30T19:09:14+00:00\",\"dateModified\":\"2026-04-30T20:56:05+00:00\",\"breadcrumb\":{\"@id\":\"https:\/\/lobosnews.com.ar\/index.php\/2026\/04\/30\/gremio-azucarero-pide-mas-consultas-en-panama-tras-freno-al-proyecto-de-etanol\/#breadcrumb\"},\"inLanguage\":\"es\",\"potentialAction\":[{\"@type\":\"ReadAction\",\"target\":[\"https:\/\/lobosnews.com.ar\/index.php\/2026\/04\/30\/gremio-azucarero-pide-mas-consultas-en-panama-tras-freno-al-proyecto-de-etanol\/\"]}]},{\"@type\":\"ImageObject\",\"inLanguage\":\"es\",\"@id\":\"https:\/\/lobosnews.com.ar\/index.php\/2026\/04\/30\/gremio-azucarero-pide-mas-consultas-en-panama-tras-freno-al-proyecto-de-etanol\/#primaryimage\",\"url\":\"https:\/\/lobosnews.com.ar\/wp-content\/uploads\/2026\/04\/gremio-azucarero-pide-mas-consultas-en-panama-tras-freno-al-proyecto-de-etanol-8.jpg\",\"contentUrl\":\"https:\/\/lobosnews.com.ar\/wp-content\/uploads\/2026\/04\/gremio-azucarero-pide-mas-consultas-en-panama-tras-freno-al-proyecto-de-etanol-8.jpg\",\"width\":1408,\"height\":768,\"caption\":\"Gremio azucarero pide m\u00e1s consultas en Panam\u00e1 tras freno al proyecto de etanol\"},{\"@type\":\"BreadcrumbList\",\"@id\":\"https:\/\/lobosnews.com.ar\/index.php\/2026\/04\/30\/gremio-azucarero-pide-mas-consultas-en-panama-tras-freno-al-proyecto-de-etanol\/#breadcrumb\",\"itemListElement\":[{\"@type\":\"ListItem\",\"position\":1,\"name\":\"Portada\",\"item\":\"https:\/\/lobosnews.com.ar\/\"},{\"@type\":\"ListItem\",\"position\":2,\"name\":\"Gremio azucarero pide m\u00e1s consultas en Panam\u00e1 tras freno al proyecto de etanol\"}]},{\"@type\":\"WebSite\",\"@id\":\"https:\/\/lobosnews.com.ar\/#website\",\"url\":\"https:\/\/lobosnews.com.ar\/\",\"name\":\"Lobos News\",\"description\":\"Informaci\u00f3n a cada instante\",\"publisher\":{\"@id\":\"https:\/\/lobosnews.com.ar\/#organization\"},\"potentialAction\":[{\"@type\":\"SearchAction\",\"target\":{\"@type\":\"EntryPoint\",\"urlTemplate\":\"https:\/\/lobosnews.com.ar\/?s={search_term_string}\"},\"query-input\":{\"@type\":\"PropertyValueSpecification\",\"valueRequired\":true,\"valueName\":\"search_term_string\"}}],\"inLanguage\":\"es\"},{\"@type\":\"Organization\",\"@id\":\"https:\/\/lobosnews.com.ar\/#organization\",\"name\":\"Lobos News\",\"url\":\"https:\/\/lobosnews.com.ar\/\",\"logo\":{\"@type\":\"ImageObject\",\"inLanguage\":\"es\",\"@id\":\"https:\/\/lobosnews.com.ar\/#\/schema\/logo\/image\/\",\"url\":\"https:\/\/lobosnews.com.ar\/wp-content\/uploads\/2026\/01\/logo-lobosnews.png\",\"contentUrl\":\"https:\/\/lobosnews.com.ar\/wp-content\/uploads\/2026\/01\/logo-lobosnews.png\",\"width\":500,\"height\":200,\"caption\":\"Lobos News\"},\"image\":{\"@id\":\"https:\/\/lobosnews.com.ar\/#\/schema\/logo\/image\/\"}},{\"@type\":\"Person\",\"@id\":\"https:\/\/lobosnews.com.ar\/#\/schema\/person\/232422a593d5c541dd9aef6aaed10943\",\"name\":\"admin\",\"image\":{\"@type\":\"ImageObject\",\"inLanguage\":\"es\",\"@id\":\"https:\/\/lobosnews.com.ar\/#\/schema\/person\/image\/\",\"url\":\"https:\/\/secure.gravatar.com\/avatar\/76e419471a2083bc3ceab22a763dbbf9b0c1bd15a6214cf3280e2c2dde4580f9?s=96&d=mm&r=g\",\"contentUrl\":\"https:\/\/secure.gravatar.com\/avatar\/76e419471a2083bc3ceab22a763dbbf9b0c1bd15a6214cf3280e2c2dde4580f9?s=96&d=mm&r=g\",\"caption\":\"admin\"},\"sameAs\":[\"https:\/\/lobosnews.com.ar\"],\"url\":\"https:\/\/lobosnews.com.ar\/index.php\/author\/lobos-news\/\"}]}<\/script>\n<!-- \/ Yoast SEO plugin. -->","yoast_head_json":{"title":"Gremio azucarero pide m\u00e1s consultas en Panam\u00e1 tras freno al proyecto de etanol - Lobos News","robots":{"index":"index","follow":"follow","max-snippet":"max-snippet:-1","max-image-preview":"max-image-preview:large","max-video-preview":"max-video-preview:-1"},"canonical":"https:\/\/lobosnews.com.ar\/index.php\/2026\/04\/30\/gremio-azucarero-pide-mas-consultas-en-panama-tras-freno-al-proyecto-de-etanol\/","og_locale":"es_ES","og_type":"article","og_title":"Gremio azucarero pide m\u00e1s consultas en Panam\u00e1 tras freno al proyecto de etanol - Lobos News","og_description":"La Asociaci\u00f3n Industrial de la Ca\u00f1a de Az\u00facar de Panam\u00e1 (AZUCALPA) reaccion\u00f3 a la decisi\u00f3n de la Asamblea Nacional de suspender la discusi\u00f3n del Proyecto de Ley 443, que propone el uso obligatorio de etanol en la gasolina, destacando la necesidad de aprovechar el receso legislativo para ampliar las consultas y fortalecer el debate t\u00e9cnico...","og_url":"https:\/\/lobosnews.com.ar\/index.php\/2026\/04\/30\/gremio-azucarero-pide-mas-consultas-en-panama-tras-freno-al-proyecto-de-etanol\/","og_site_name":"Lobos News","article_published_time":"2026-04-30T19:09:14+00:00","article_modified_time":"2026-04-30T20:56:05+00:00","og_image":[{"url":"https:\/\/lobosnews.com.ar\/wp-content\/uploads\/2026\/04\/gremio-azucarero-pide-mas-consultas-en-panama-tras-freno-al-proyecto-de-etanol.jpg","type":"","width":"","height":""}],"author":"admin","twitter_card":"summary_large_image","twitter_misc":{"Escrito por":"admin","Tiempo de lectura":"5 minutos"},"schema":{"@context":"https:\/\/schema.org","@graph":[{"@type":"Article","@id":"https:\/\/lobosnews.com.ar\/index.php\/2026\/04\/30\/gremio-azucarero-pide-mas-consultas-en-panama-tras-freno-al-proyecto-de-etanol\/#article","isPartOf":{"@id":"https:\/\/lobosnews.com.ar\/index.php\/2026\/04\/30\/gremio-azucarero-pide-mas-consultas-en-panama-tras-freno-al-proyecto-de-etanol\/"},"author":{"name":"admin","@id":"https:\/\/lobosnews.com.ar\/#\/schema\/person\/232422a593d5c541dd9aef6aaed10943"},"headline":"Gremio azucarero pide m\u00e1s consultas en Panam\u00e1 tras freno al proyecto de etanol","datePublished":"2026-04-30T19:09:14+00:00","dateModified":"2026-04-30T20:56:05+00:00","mainEntityOfPage":{"@id":"https:\/\/lobosnews.com.ar\/index.php\/2026\/04\/30\/gremio-azucarero-pide-mas-consultas-en-panama-tras-freno-al-proyecto-de-etanol\/"},"wordCount":986,"commentCount":0,"publisher":{"@id":"https:\/\/lobosnews.com.ar\/#organization"},"image":{"@id":"https:\/\/lobosnews.com.ar\/index.php\/2026\/04\/30\/gremio-azucarero-pide-mas-consultas-en-panama-tras-freno-al-proyecto-de-etanol\/#primaryimage"},"thumbnailUrl":"https:\/\/lobosnews.com.ar\/wp-content\/uploads\/2026\/04\/gremio-azucarero-pide-mas-consultas-en-panama-tras-freno-al-proyecto-de-etanol-8.jpg","articleSection":["Actualidad"],"inLanguage":"es","potentialAction":[{"@type":"CommentAction","name":"Comment","target":["https:\/\/lobosnews.com.ar\/index.php\/2026\/04\/30\/gremio-azucarero-pide-mas-consultas-en-panama-tras-freno-al-proyecto-de-etanol\/#respond"]}]},{"@type":"WebPage","@id":"https:\/\/lobosnews.com.ar\/index.php\/2026\/04\/30\/gremio-azucarero-pide-mas-consultas-en-panama-tras-freno-al-proyecto-de-etanol\/","url":"https:\/\/lobosnews.com.ar\/index.php\/2026\/04\/30\/gremio-azucarero-pide-mas-consultas-en-panama-tras-freno-al-proyecto-de-etanol\/","name":"Gremio azucarero pide m\u00e1s consultas en Panam\u00e1 tras freno al proyecto de etanol - Lobos News","isPartOf":{"@id":"https:\/\/lobosnews.com.ar\/#website"},"primaryImageOfPage":{"@id":"https:\/\/lobosnews.com.ar\/index.php\/2026\/04\/30\/gremio-azucarero-pide-mas-consultas-en-panama-tras-freno-al-proyecto-de-etanol\/#primaryimage"},"image":{"@id":"https:\/\/lobosnews.com.ar\/index.php\/2026\/04\/30\/gremio-azucarero-pide-mas-consultas-en-panama-tras-freno-al-proyecto-de-etanol\/#primaryimage"},"thumbnailUrl":"https:\/\/lobosnews.com.ar\/wp-content\/uploads\/2026\/04\/gremio-azucarero-pide-mas-consultas-en-panama-tras-freno-al-proyecto-de-etanol-8.jpg","datePublished":"2026-04-30T19:09:14+00:00","dateModified":"2026-04-30T20:56:05+00:00","breadcrumb":{"@id":"https:\/\/lobosnews.com.ar\/index.php\/2026\/04\/30\/gremio-azucarero-pide-mas-consultas-en-panama-tras-freno-al-proyecto-de-etanol\/#breadcrumb"},"inLanguage":"es","potentialAction":[{"@type":"ReadAction","target":["https:\/\/lobosnews.com.ar\/index.php\/2026\/04\/30\/gremio-azucarero-pide-mas-consultas-en-panama-tras-freno-al-proyecto-de-etanol\/"]}]},{"@type":"ImageObject","inLanguage":"es","@id":"https:\/\/lobosnews.com.ar\/index.php\/2026\/04\/30\/gremio-azucarero-pide-mas-consultas-en-panama-tras-freno-al-proyecto-de-etanol\/#primaryimage","url":"https:\/\/lobosnews.com.ar\/wp-content\/uploads\/2026\/04\/gremio-azucarero-pide-mas-consultas-en-panama-tras-freno-al-proyecto-de-etanol-8.jpg","contentUrl":"https:\/\/lobosnews.com.ar\/wp-content\/uploads\/2026\/04\/gremio-azucarero-pide-mas-consultas-en-panama-tras-freno-al-proyecto-de-etanol-8.jpg","width":1408,"height":768,"caption":"Gremio azucarero pide m\u00e1s consultas en Panam\u00e1 tras freno al proyecto de etanol"},{"@type":"BreadcrumbList","@id":"https:\/\/lobosnews.com.ar\/index.php\/2026\/04\/30\/gremio-azucarero-pide-mas-consultas-en-panama-tras-freno-al-proyecto-de-etanol\/#breadcrumb","itemListElement":[{"@type":"ListItem","position":1,"name":"Portada","item":"https:\/\/lobosnews.com.ar\/"},{"@type":"ListItem","position":2,"name":"Gremio azucarero pide m\u00e1s consultas en Panam\u00e1 tras freno al proyecto de etanol"}]},{"@type":"WebSite","@id":"https:\/\/lobosnews.com.ar\/#website","url":"https:\/\/lobosnews.com.ar\/","name":"Lobos News","description":"Informaci\u00f3n a cada instante","publisher":{"@id":"https:\/\/lobosnews.com.ar\/#organization"},"potentialAction":[{"@type":"SearchAction","target":{"@type":"EntryPoint","urlTemplate":"https:\/\/lobosnews.com.ar\/?s={search_term_string}"},"query-input":{"@type":"PropertyValueSpecification","valueRequired":true,"valueName":"search_term_string"}}],"inLanguage":"es"},{"@type":"Organization","@id":"https:\/\/lobosnews.com.ar\/#organization","name":"Lobos News","url":"https:\/\/lobosnews.com.ar\/","logo":{"@type":"ImageObject","inLanguage":"es","@id":"https:\/\/lobosnews.com.ar\/#\/schema\/logo\/image\/","url":"https:\/\/lobosnews.com.ar\/wp-content\/uploads\/2026\/01\/logo-lobosnews.png","contentUrl":"https:\/\/lobosnews.com.ar\/wp-content\/uploads\/2026\/01\/logo-lobosnews.png","width":500,"height":200,"caption":"Lobos News"},"image":{"@id":"https:\/\/lobosnews.com.ar\/#\/schema\/logo\/image\/"}},{"@type":"Person","@id":"https:\/\/lobosnews.com.ar\/#\/schema\/person\/232422a593d5c541dd9aef6aaed10943","name":"admin","image":{"@type":"ImageObject","inLanguage":"es","@id":"https:\/\/lobosnews.com.ar\/#\/schema\/person\/image\/","url":"https:\/\/secure.gravatar.com\/avatar\/76e419471a2083bc3ceab22a763dbbf9b0c1bd15a6214cf3280e2c2dde4580f9?s=96&d=mm&r=g","contentUrl":"https:\/\/secure.gravatar.com\/avatar\/76e419471a2083bc3ceab22a763dbbf9b0c1bd15a6214cf3280e2c2dde4580f9?s=96&d=mm&r=g","caption":"admin"},"sameAs":["https:\/\/lobosnews.com.ar"],"url":"https:\/\/lobosnews.com.ar\/index.php\/author\/lobos-news\/"}]}},"jetpack_featured_media_url":"https:\/\/lobosnews.com.ar\/wp-content\/uploads\/2026\/04\/gremio-azucarero-pide-mas-consultas-en-panama-tras-freno-al-proyecto-de-etanol-8.jpg","jetpack_sharing_enabled":true,"_links":{"self":[{"href":"https:\/\/lobosnews.com.ar\/index.php\/wp-json\/wp\/v2\/posts\/47844","targetHints":{"allow":["GET"]}}],"collection":[{"href":"https:\/\/lobosnews.com.ar\/index.php\/wp-json\/wp\/v2\/posts"}],"about":[{"href":"https:\/\/lobosnews.com.ar\/index.php\/wp-json\/wp\/v2\/types\/post"}],"author":[{"embeddable":true,"href":"https:\/\/lobosnews.com.ar\/index.php\/wp-json\/wp\/v2\/users\/1"}],"replies":[{"embeddable":true,"href":"https:\/\/lobosnews.com.ar\/index.php\/wp-json\/wp\/v2\/comments?post=47844"}],"version-history":[{"count":1,"href":"https:\/\/lobosnews.com.ar\/index.php\/wp-json\/wp\/v2\/posts\/47844\/revisions"}],"predecessor-version":[{"id":47850,"href":"https:\/\/lobosnews.com.ar\/index.php\/wp-json\/wp\/v2\/posts\/47844\/revisions\/47850"}],"wp:featuredmedia":[{"embeddable":true,"href":"https:\/\/lobosnews.com.ar\/index.php\/wp-json\/wp\/v2\/media\/47851"}],"wp:attachment":[{"href":"https:\/\/lobosnews.com.ar\/index.php\/wp-json\/wp\/v2\/media?parent=47844"}],"wp:term":[{"taxonomy":"category","embeddable":true,"href":"https:\/\/lobosnews.com.ar\/index.php\/wp-json\/wp\/v2\/categories?post=47844"},{"taxonomy":"post_tag","embeddable":true,"href":"https:\/\/lobosnews.com.ar\/index.php\/wp-json\/wp\/v2\/tags?post=47844"}],"curies":[{"name":"wp","href":"https:\/\/api.w.org\/{rel}","templated":true}]}}