{"id":47820,"date":"2026-04-30T18:41:30","date_gmt":"2026-04-30T18:41:30","guid":{"rendered":"https:\/\/lobosnews.com.ar\/index.php\/2026\/04\/30\/se-confirmo-la-lesion-que-sufrio-julian-alvarez-por-la-champions-league-el-resultado-de-los-estudios\/"},"modified":"2026-04-30T20:48:58","modified_gmt":"2026-04-30T20:48:58","slug":"se-confirmo-la-lesion-que-sufrio-julian-alvarez-por-la-champions-league-el-resultado-de-los-estudios","status":"publish","type":"post","link":"https:\/\/lobosnews.com.ar\/index.php\/2026\/04\/30\/se-confirmo-la-lesion-que-sufrio-julian-alvarez-por-la-champions-league-el-resultado-de-los-estudios\/","title":{"rendered":"Se confirm\u00f3 la lesi\u00f3n que sufri\u00f3 Juli\u00e1n \u00c1lvarez por la Champions League: el resultado de los estudios"},"content":{"rendered":"<p><!DOCTYPE html><br \/>\n<html><br \/>\n<head><br \/>\n<meta name=\"viewport\" content=\"width=device-width, initial-scale=1\"><\/p>\n<style>\n.container-video { position: relative; width: 100%; overflow: hidden; padding-top: 56.25%;\n}\n.responsive-iframe-video { position: absolute; top: 0; left: 0; bottom: 0; right: 0; width: 100%; height: 100%; border: none;\n}\n<\/style>\n<p><\/head><br \/>\n<body><\/p>\n<div class=\"container-video\"> <iframe title=\"video-espn\" class=\"responsive-iframe-video\" src=\"https:\/\/www.espn.com.ar\/core\/video\/iframe?id=16644458&#038;endcard=false&#038;omniReportSuite=wdgespge\" allowfullscreen><\/iframe>\n<\/div>\n<p><\/body><br \/>\n<\/html>\n<\/p>\n<ul>\n<li><i>La secuencia en la que el argentino termin\u00f3 sentido<\/i><\/li>\n<\/ul>\n<p>La lesi\u00f3n de <b>Juli\u00e1n \u00c1lvarez<\/b> no reviste gravedad. Los estudios m\u00e9dicos a los que se someti\u00f3 este jueves en las instalaciones del <b>Atl\u00e9tico de Madrid<\/b> descartaron da\u00f1o estructural en el tobillo izquierdo, que lo oblig\u00f3 a abandonar el campo a los 77 minutos del <span class=\"waslinkname\">empate 1-1 ante el <b>Arsenal<\/b><\/span> por la ida de las semifinales de la <b>Champions League<\/b>. Seg\u00fan inform\u00f3 <i>Cadena Cope<\/i>, el delantero argentino padece un <b>esguince leve<\/b> y no tendr\u00e1 inconvenientes para estar disponible el pr\u00f3ximo martes 5 de mayo en el <b>Emirates Stadium de Londres<\/b> de cara a la revancha.<\/p>\n<p>El episodio que encendi\u00f3 las alarmas se produjo en el segundo tiempo del partido disputado en el <b>Metropolitano<\/b>. <span class=\"waslinkname\">Una acci\u00f3n desafortunada mientras peleaba la pelota con <b>Eberechi Eze<\/b><\/span> dej\u00f3 a La Ara\u00f1a en el suelo, tom\u00e1ndose el tobillo da\u00f1ado. Tras varios intentos de continuar en el terreno de juego, el atacante nacido en <b>Calch\u00edn<\/b> debi\u00f3 retirarse y fue reemplazado por <b>\u00c1lex Baena<\/b>. Antes de salir, sin embargo, ya hab\u00eda dejado su firma en el marcador: <span class=\"waslinkname\">el gol del empate, convertido de penal<\/span>, con un remate furioso que desorient\u00f3 al arquero <b>David Raya<\/b>, quien esperaba que le picara el esf\u00e9rico.<\/p>\n<p>El delantero no particip\u00f3 en la pr\u00e1ctica de este jueves, en la que solo trabajaron los jugadores que no fueron titulares ante los Gunners. En su lugar, se someti\u00f3 a las pruebas correspondientes junto a otros dos futbolistas que tambi\u00e9n salieron del partido con molestias: <b>Giuliano Simeone<\/b>, quien dej\u00f3 su lugar en el campo a los 47 minutos (lo reemplaz\u00f3 <b>Robin Le Normand<\/b>), y el noruego <b>Alexander Sorloth<\/b>, quien ni siquiera hab\u00eda podido estar en el once por una molestia en los isquiotibiales. Los resultados para los tres fueron alentadores, seg\u00fan consign\u00f3 el diario <i>Marca<\/i>.<\/p>\n<p>El propio t\u00e9cnico <b>Diego Simeone<\/b> hab\u00eda anticipado el diagn\u00f3stico positivo tras el pitazo final del mi\u00e9rcoles. <b>\u201cEl martes van a estar seguro. Giuliano por la sobrecarga. Juli\u00e1n por la ca\u00edda que tuvo en la mitad de cancha. No tengo dudas de que el martes van a jugar\u201d<\/b>, declar\u00f3 el entrenador en rueda de prensa. Con los estudios ya realizados, esa certeza qued\u00f3 respaldada por la medicina.<\/p>\n<p><img loading=\"lazy\" decoding=\"async\" src=\"https:\/\/lobosnews.com.ar\/wp-content\/uploads\/2026\/04\/se-confirmo-la-lesion-que-sufrio-julian-alvarez-por-la-champions-league-el-resultado-de-los-estudios.jpg\" alt=\"Los gestos de dolor de Juli\u00e1n \u00c1lvarez, que preocuparon tanto al Atl\u00e9tico de Madrid como a la selecci\u00f3n argentina (AP Foto\/Manu Fern\u00e1ndez)\" height=\"1649\" width=\"2931\"\/><\/p>\n<p>El diagn\u00f3stico supone un alivio para el Atleti, pero tambi\u00e9n para la selecci\u00f3n argentina, a poco m\u00e1s de 40 d\u00edas para el inicio del <b>Mundial de Estados Unidos, M\u00e9xico y Canad\u00e1 2026<\/b>. <\/p>\n<p>Los n\u00fameros no hacen m\u00e1s que expresar el valor del aporte del ex River y Manchester City: con su conquista ante el Arsenal, el campe\u00f3n del mundo con la Albiceleste (y bicampe\u00f3n de Am\u00e9rica) alcanz\u00f3 los 25 goles en 41 partidos en la Champions, y se convirti\u00f3 en el argentino que necesit\u00f3 menos presencias para llegar a esa cifra. Detr\u00e1s quedaron <b>Lionel Messi<\/b> (lo hizo en 42 duelos) y<b> Sergio Ag\u00fcero<\/b> (48). En la presente edici\u00f3n, acumula diez gritos.<\/p>\n<p>El partido de vuelta de la semifinal se disputar\u00e1 el <b>martes 5 de mayo a las 16:00 (hora argentina)<\/b> en el Emirates Stadium. Antes de ese compromiso, el Atl\u00e9tico de Madrid visitar\u00e1 al <b>Valencia<\/b> este <b>s\u00e1bado 2 de mayo a las 11:15<\/b>, por la fecha 34 de <b>LaLiga<\/b>, donde los rojiblancos marchan cuartos con <b>60 puntos<\/b>, a diez del <b>Betis<\/b>, quinto con 50. El Cholo previsiblemente optar\u00e1 por una rotaci\u00f3n amplia en ese encuentro para preservar a sus hombres de cara al duelo que define el pasaje a la final europea, una instancia que el club no alcanza desde el <b>28 de mayo de 2016<\/b>, cuando cay\u00f3 ante el <b>Real Madrid<\/b> por 2-1 en tiempo extra.<\/p>\n","protected":false},"excerpt":{"rendered":"<p>La secuencia en la que el argentino termin\u00f3 sentido La lesi\u00f3n de Juli\u00e1n \u00c1lvarez no reviste gravedad. Los estudios m\u00e9dicos a los que se someti\u00f3 este jueves en las instalaciones del Atl\u00e9tico de Madrid descartaron da\u00f1o estructural en el tobillo izquierdo, que lo oblig\u00f3 a abandonar el campo a los 77 minutos del empate 1-1&#8230;<\/p>\n","protected":false},"author":1,"featured_media":0,"comment_status":"open","ping_status":"closed","sticky":false,"template":"","format":"standard","meta":{"_jetpack_memberships_contains_paid_content":false,"footnotes":""},"categories":[30],"tags":[39],"class_list":["post-47820","post","type-post","status-publish","format-standard","hentry","category-argentina","tag-deportes"],"magazineBlocksPostFeaturedMedia":{"thumbnail":false,"medium":false,"medium_large":false,"large":false,"1536x1536":false,"2048x2048":false,"newsmatic-featured":false,"newsmatic-list":false,"newsmatic-thumb":false,"newsmatic-small":false,"newsmatic-grid":false},"magazineBlocksPostAuthor":{"name":"admin","avatar":"https:\/\/secure.gravatar.com\/avatar\/76e419471a2083bc3ceab22a763dbbf9b0c1bd15a6214cf3280e2c2dde4580f9?s=96&d=mm&r=g"},"magazineBlocksPostCommentsNumber":"0","magazineBlocksPostExcerpt":"La secuencia en la que el argentino termin\u00f3 sentido La lesi\u00f3n de Juli\u00e1n \u00c1lvarez no reviste gravedad. Los estudios m\u00e9dicos a los que se someti\u00f3 este jueves en las instalaciones del Atl\u00e9tico de Madrid descartaron da\u00f1o estructural en el tobillo izquierdo, que lo oblig\u00f3 a abandonar el campo a los 77 minutos del empate 1-1...","magazineBlocksPostCategories":["Argentina"],"magazineBlocksPostViewCount":12,"magazineBlocksPostReadTime":4,"magazine_blocks_featured_image_url":{"full":false,"medium":false,"thumbnail":false},"magazine_blocks_author":{"display_name":"admin","author_link":"https:\/\/lobosnews.com.ar\/index.php\/author\/lobos-news\/"},"magazine_blocks_comment":0,"magazine_blocks_author_image":"https:\/\/secure.gravatar.com\/avatar\/76e419471a2083bc3ceab22a763dbbf9b0c1bd15a6214cf3280e2c2dde4580f9?s=96&d=mm&r=g","magazine_blocks_category":"<a href=\"#\" class=\"category-link category-link-30\">Argentina<\/a>","yoast_head":"<!-- This site is optimized with the Yoast SEO plugin v26.6 - https:\/\/yoast.com\/wordpress\/plugins\/seo\/ -->\n<title>Se confirm\u00f3 la lesi\u00f3n que sufri\u00f3 Juli\u00e1n \u00c1lvarez por la Champions League: el resultado de los estudios - Lobos News<\/title>\n<meta name=\"robots\" content=\"index, follow, max-snippet:-1, max-image-preview:large, max-video-preview:-1\" \/>\n<link rel=\"canonical\" href=\"https:\/\/lobosnews.com.ar\/index.php\/2026\/04\/30\/se-confirmo-la-lesion-que-sufrio-julian-alvarez-por-la-champions-league-el-resultado-de-los-estudios\/\" \/>\n<meta property=\"og:locale\" content=\"es_ES\" \/>\n<meta property=\"og:type\" content=\"article\" \/>\n<meta property=\"og:title\" content=\"Se confirm\u00f3 la lesi\u00f3n que sufri\u00f3 Juli\u00e1n \u00c1lvarez por la Champions League: el resultado de los estudios - Lobos News\" \/>\n<meta property=\"og:description\" content=\"La secuencia en la que el argentino termin\u00f3 sentido La lesi\u00f3n de Juli\u00e1n \u00c1lvarez no reviste gravedad. Los estudios m\u00e9dicos a los que se someti\u00f3 este jueves en las instalaciones del Atl\u00e9tico de Madrid descartaron da\u00f1o estructural en el tobillo izquierdo, que lo oblig\u00f3 a abandonar el campo a los 77 minutos del empate 1-1...\" \/>\n<meta property=\"og:url\" content=\"https:\/\/lobosnews.com.ar\/index.php\/2026\/04\/30\/se-confirmo-la-lesion-que-sufrio-julian-alvarez-por-la-champions-league-el-resultado-de-los-estudios\/\" \/>\n<meta property=\"og:site_name\" content=\"Lobos News\" \/>\n<meta property=\"article:published_time\" content=\"2026-04-30T18:41:30+00:00\" \/>\n<meta property=\"article:modified_time\" content=\"2026-04-30T20:48:58+00:00\" \/>\n<meta property=\"og:image\" content=\"https:\/\/lobosnews.com.ar\/wp-content\/uploads\/2026\/04\/se-confirmo-la-lesion-que-sufrio-julian-alvarez-por-la-champions-league-el-resultado-de-los-estudios.jpg\" \/>\n<meta name=\"author\" content=\"admin\" \/>\n<meta name=\"twitter:card\" content=\"summary_large_image\" \/>\n<meta name=\"twitter:label1\" content=\"Escrito por\" \/>\n\t<meta name=\"twitter:data1\" content=\"admin\" \/>\n\t<meta name=\"twitter:label2\" content=\"Tiempo de lectura\" \/>\n\t<meta name=\"twitter:data2\" content=\"3 minutos\" \/>\n<script type=\"application\/ld+json\" class=\"yoast-schema-graph\">{\"@context\":\"https:\/\/schema.org\",\"@graph\":[{\"@type\":\"Article\",\"@id\":\"https:\/\/lobosnews.com.ar\/index.php\/2026\/04\/30\/se-confirmo-la-lesion-que-sufrio-julian-alvarez-por-la-champions-league-el-resultado-de-los-estudios\/#article\",\"isPartOf\":{\"@id\":\"https:\/\/lobosnews.com.ar\/index.php\/2026\/04\/30\/se-confirmo-la-lesion-que-sufrio-julian-alvarez-por-la-champions-league-el-resultado-de-los-estudios\/\"},\"author\":{\"name\":\"admin\",\"@id\":\"https:\/\/lobosnews.com.ar\/#\/schema\/person\/232422a593d5c541dd9aef6aaed10943\"},\"headline\":\"Se confirm\u00f3 la lesi\u00f3n que sufri\u00f3 Juli\u00e1n \u00c1lvarez por la Champions League: el resultado de los estudios\",\"datePublished\":\"2026-04-30T18:41:30+00:00\",\"dateModified\":\"2026-04-30T20:48:58+00:00\",\"mainEntityOfPage\":{\"@id\":\"https:\/\/lobosnews.com.ar\/index.php\/2026\/04\/30\/se-confirmo-la-lesion-que-sufrio-julian-alvarez-por-la-champions-league-el-resultado-de-los-estudios\/\"},\"wordCount\":632,\"commentCount\":0,\"publisher\":{\"@id\":\"https:\/\/lobosnews.com.ar\/#organization\"},\"image\":{\"@id\":\"https:\/\/lobosnews.com.ar\/index.php\/2026\/04\/30\/se-confirmo-la-lesion-que-sufrio-julian-alvarez-por-la-champions-league-el-resultado-de-los-estudios\/#primaryimage\"},\"thumbnailUrl\":\"https:\/\/lobosnews.com.ar\/wp-content\/uploads\/2026\/04\/se-confirmo-la-lesion-que-sufrio-julian-alvarez-por-la-champions-league-el-resultado-de-los-estudios.jpg\",\"keywords\":[\"Deportes\"],\"articleSection\":[\"Argentina\"],\"inLanguage\":\"es\",\"potentialAction\":[{\"@type\":\"CommentAction\",\"name\":\"Comment\",\"target\":[\"https:\/\/lobosnews.com.ar\/index.php\/2026\/04\/30\/se-confirmo-la-lesion-que-sufrio-julian-alvarez-por-la-champions-league-el-resultado-de-los-estudios\/#respond\"]}]},{\"@type\":\"WebPage\",\"@id\":\"https:\/\/lobosnews.com.ar\/index.php\/2026\/04\/30\/se-confirmo-la-lesion-que-sufrio-julian-alvarez-por-la-champions-league-el-resultado-de-los-estudios\/\",\"url\":\"https:\/\/lobosnews.com.ar\/index.php\/2026\/04\/30\/se-confirmo-la-lesion-que-sufrio-julian-alvarez-por-la-champions-league-el-resultado-de-los-estudios\/\",\"name\":\"Se confirm\u00f3 la lesi\u00f3n que sufri\u00f3 Juli\u00e1n \u00c1lvarez por la Champions League: el resultado de los estudios - Lobos News\",\"isPartOf\":{\"@id\":\"https:\/\/lobosnews.com.ar\/#website\"},\"primaryImageOfPage\":{\"@id\":\"https:\/\/lobosnews.com.ar\/index.php\/2026\/04\/30\/se-confirmo-la-lesion-que-sufrio-julian-alvarez-por-la-champions-league-el-resultado-de-los-estudios\/#primaryimage\"},\"image\":{\"@id\":\"https:\/\/lobosnews.com.ar\/index.php\/2026\/04\/30\/se-confirmo-la-lesion-que-sufrio-julian-alvarez-por-la-champions-league-el-resultado-de-los-estudios\/#primaryimage\"},\"thumbnailUrl\":\"https:\/\/lobosnews.com.ar\/wp-content\/uploads\/2026\/04\/se-confirmo-la-lesion-que-sufrio-julian-alvarez-por-la-champions-league-el-resultado-de-los-estudios.jpg\",\"datePublished\":\"2026-04-30T18:41:30+00:00\",\"dateModified\":\"2026-04-30T20:48:58+00:00\",\"breadcrumb\":{\"@id\":\"https:\/\/lobosnews.com.ar\/index.php\/2026\/04\/30\/se-confirmo-la-lesion-que-sufrio-julian-alvarez-por-la-champions-league-el-resultado-de-los-estudios\/#breadcrumb\"},\"inLanguage\":\"es\",\"potentialAction\":[{\"@type\":\"ReadAction\",\"target\":[\"https:\/\/lobosnews.com.ar\/index.php\/2026\/04\/30\/se-confirmo-la-lesion-que-sufrio-julian-alvarez-por-la-champions-league-el-resultado-de-los-estudios\/\"]}]},{\"@type\":\"ImageObject\",\"inLanguage\":\"es\",\"@id\":\"https:\/\/lobosnews.com.ar\/index.php\/2026\/04\/30\/se-confirmo-la-lesion-que-sufrio-julian-alvarez-por-la-champions-league-el-resultado-de-los-estudios\/#primaryimage\",\"url\":\"https:\/\/lobosnews.com.ar\/wp-content\/uploads\/2026\/04\/se-confirmo-la-lesion-que-sufrio-julian-alvarez-por-la-champions-league-el-resultado-de-los-estudios.jpg\",\"contentUrl\":\"https:\/\/lobosnews.com.ar\/wp-content\/uploads\/2026\/04\/se-confirmo-la-lesion-que-sufrio-julian-alvarez-por-la-champions-league-el-resultado-de-los-estudios.jpg\"},{\"@type\":\"BreadcrumbList\",\"@id\":\"https:\/\/lobosnews.com.ar\/index.php\/2026\/04\/30\/se-confirmo-la-lesion-que-sufrio-julian-alvarez-por-la-champions-league-el-resultado-de-los-estudios\/#breadcrumb\",\"itemListElement\":[{\"@type\":\"ListItem\",\"position\":1,\"name\":\"Portada\",\"item\":\"https:\/\/lobosnews.com.ar\/\"},{\"@type\":\"ListItem\",\"position\":2,\"name\":\"Se confirm\u00f3 la lesi\u00f3n que sufri\u00f3 Juli\u00e1n \u00c1lvarez por la Champions League: el resultado de los estudios\"}]},{\"@type\":\"WebSite\",\"@id\":\"https:\/\/lobosnews.com.ar\/#website\",\"url\":\"https:\/\/lobosnews.com.ar\/\",\"name\":\"Lobos News\",\"description\":\"Informaci\u00f3n a cada instante\",\"publisher\":{\"@id\":\"https:\/\/lobosnews.com.ar\/#organization\"},\"potentialAction\":[{\"@type\":\"SearchAction\",\"target\":{\"@type\":\"EntryPoint\",\"urlTemplate\":\"https:\/\/lobosnews.com.ar\/?s={search_term_string}\"},\"query-input\":{\"@type\":\"PropertyValueSpecification\",\"valueRequired\":true,\"valueName\":\"search_term_string\"}}],\"inLanguage\":\"es\"},{\"@type\":\"Organization\",\"@id\":\"https:\/\/lobosnews.com.ar\/#organization\",\"name\":\"Lobos News\",\"url\":\"https:\/\/lobosnews.com.ar\/\",\"logo\":{\"@type\":\"ImageObject\",\"inLanguage\":\"es\",\"@id\":\"https:\/\/lobosnews.com.ar\/#\/schema\/logo\/image\/\",\"url\":\"https:\/\/lobosnews.com.ar\/wp-content\/uploads\/2026\/01\/logo-lobosnews.png\",\"contentUrl\":\"https:\/\/lobosnews.com.ar\/wp-content\/uploads\/2026\/01\/logo-lobosnews.png\",\"width\":500,\"height\":200,\"caption\":\"Lobos News\"},\"image\":{\"@id\":\"https:\/\/lobosnews.com.ar\/#\/schema\/logo\/image\/\"}},{\"@type\":\"Person\",\"@id\":\"https:\/\/lobosnews.com.ar\/#\/schema\/person\/232422a593d5c541dd9aef6aaed10943\",\"name\":\"admin\",\"image\":{\"@type\":\"ImageObject\",\"inLanguage\":\"es\",\"@id\":\"https:\/\/lobosnews.com.ar\/#\/schema\/person\/image\/\",\"url\":\"https:\/\/secure.gravatar.com\/avatar\/76e419471a2083bc3ceab22a763dbbf9b0c1bd15a6214cf3280e2c2dde4580f9?s=96&d=mm&r=g\",\"contentUrl\":\"https:\/\/secure.gravatar.com\/avatar\/76e419471a2083bc3ceab22a763dbbf9b0c1bd15a6214cf3280e2c2dde4580f9?s=96&d=mm&r=g\",\"caption\":\"admin\"},\"sameAs\":[\"https:\/\/lobosnews.com.ar\"],\"url\":\"https:\/\/lobosnews.com.ar\/index.php\/author\/lobos-news\/\"}]}<\/script>\n<!-- \/ Yoast SEO plugin. -->","yoast_head_json":{"title":"Se confirm\u00f3 la lesi\u00f3n que sufri\u00f3 Juli\u00e1n \u00c1lvarez por la Champions League: el resultado de los estudios - Lobos News","robots":{"index":"index","follow":"follow","max-snippet":"max-snippet:-1","max-image-preview":"max-image-preview:large","max-video-preview":"max-video-preview:-1"},"canonical":"https:\/\/lobosnews.com.ar\/index.php\/2026\/04\/30\/se-confirmo-la-lesion-que-sufrio-julian-alvarez-por-la-champions-league-el-resultado-de-los-estudios\/","og_locale":"es_ES","og_type":"article","og_title":"Se confirm\u00f3 la lesi\u00f3n que sufri\u00f3 Juli\u00e1n \u00c1lvarez por la Champions League: el resultado de los estudios - Lobos News","og_description":"La secuencia en la que el argentino termin\u00f3 sentido La lesi\u00f3n de Juli\u00e1n \u00c1lvarez no reviste gravedad. Los estudios m\u00e9dicos a los que se someti\u00f3 este jueves en las instalaciones del Atl\u00e9tico de Madrid descartaron da\u00f1o estructural en el tobillo izquierdo, que lo oblig\u00f3 a abandonar el campo a los 77 minutos del empate 1-1...","og_url":"https:\/\/lobosnews.com.ar\/index.php\/2026\/04\/30\/se-confirmo-la-lesion-que-sufrio-julian-alvarez-por-la-champions-league-el-resultado-de-los-estudios\/","og_site_name":"Lobos News","article_published_time":"2026-04-30T18:41:30+00:00","article_modified_time":"2026-04-30T20:48:58+00:00","og_image":[{"url":"https:\/\/lobosnews.com.ar\/wp-content\/uploads\/2026\/04\/se-confirmo-la-lesion-que-sufrio-julian-alvarez-por-la-champions-league-el-resultado-de-los-estudios.jpg","type":"","width":"","height":""}],"author":"admin","twitter_card":"summary_large_image","twitter_misc":{"Escrito por":"admin","Tiempo de lectura":"3 minutos"},"schema":{"@context":"https:\/\/schema.org","@graph":[{"@type":"Article","@id":"https:\/\/lobosnews.com.ar\/index.php\/2026\/04\/30\/se-confirmo-la-lesion-que-sufrio-julian-alvarez-por-la-champions-league-el-resultado-de-los-estudios\/#article","isPartOf":{"@id":"https:\/\/lobosnews.com.ar\/index.php\/2026\/04\/30\/se-confirmo-la-lesion-que-sufrio-julian-alvarez-por-la-champions-league-el-resultado-de-los-estudios\/"},"author":{"name":"admin","@id":"https:\/\/lobosnews.com.ar\/#\/schema\/person\/232422a593d5c541dd9aef6aaed10943"},"headline":"Se confirm\u00f3 la lesi\u00f3n que sufri\u00f3 Juli\u00e1n \u00c1lvarez por la Champions League: el resultado de los estudios","datePublished":"2026-04-30T18:41:30+00:00","dateModified":"2026-04-30T20:48:58+00:00","mainEntityOfPage":{"@id":"https:\/\/lobosnews.com.ar\/index.php\/2026\/04\/30\/se-confirmo-la-lesion-que-sufrio-julian-alvarez-por-la-champions-league-el-resultado-de-los-estudios\/"},"wordCount":632,"commentCount":0,"publisher":{"@id":"https:\/\/lobosnews.com.ar\/#organization"},"image":{"@id":"https:\/\/lobosnews.com.ar\/index.php\/2026\/04\/30\/se-confirmo-la-lesion-que-sufrio-julian-alvarez-por-la-champions-league-el-resultado-de-los-estudios\/#primaryimage"},"thumbnailUrl":"https:\/\/lobosnews.com.ar\/wp-content\/uploads\/2026\/04\/se-confirmo-la-lesion-que-sufrio-julian-alvarez-por-la-champions-league-el-resultado-de-los-estudios.jpg","keywords":["Deportes"],"articleSection":["Argentina"],"inLanguage":"es","potentialAction":[{"@type":"CommentAction","name":"Comment","target":["https:\/\/lobosnews.com.ar\/index.php\/2026\/04\/30\/se-confirmo-la-lesion-que-sufrio-julian-alvarez-por-la-champions-league-el-resultado-de-los-estudios\/#respond"]}]},{"@type":"WebPage","@id":"https:\/\/lobosnews.com.ar\/index.php\/2026\/04\/30\/se-confirmo-la-lesion-que-sufrio-julian-alvarez-por-la-champions-league-el-resultado-de-los-estudios\/","url":"https:\/\/lobosnews.com.ar\/index.php\/2026\/04\/30\/se-confirmo-la-lesion-que-sufrio-julian-alvarez-por-la-champions-league-el-resultado-de-los-estudios\/","name":"Se confirm\u00f3 la lesi\u00f3n que sufri\u00f3 Juli\u00e1n \u00c1lvarez por la Champions League: el resultado de los estudios - Lobos News","isPartOf":{"@id":"https:\/\/lobosnews.com.ar\/#website"},"primaryImageOfPage":{"@id":"https:\/\/lobosnews.com.ar\/index.php\/2026\/04\/30\/se-confirmo-la-lesion-que-sufrio-julian-alvarez-por-la-champions-league-el-resultado-de-los-estudios\/#primaryimage"},"image":{"@id":"https:\/\/lobosnews.com.ar\/index.php\/2026\/04\/30\/se-confirmo-la-lesion-que-sufrio-julian-alvarez-por-la-champions-league-el-resultado-de-los-estudios\/#primaryimage"},"thumbnailUrl":"https:\/\/lobosnews.com.ar\/wp-content\/uploads\/2026\/04\/se-confirmo-la-lesion-que-sufrio-julian-alvarez-por-la-champions-league-el-resultado-de-los-estudios.jpg","datePublished":"2026-04-30T18:41:30+00:00","dateModified":"2026-04-30T20:48:58+00:00","breadcrumb":{"@id":"https:\/\/lobosnews.com.ar\/index.php\/2026\/04\/30\/se-confirmo-la-lesion-que-sufrio-julian-alvarez-por-la-champions-league-el-resultado-de-los-estudios\/#breadcrumb"},"inLanguage":"es","potentialAction":[{"@type":"ReadAction","target":["https:\/\/lobosnews.com.ar\/index.php\/2026\/04\/30\/se-confirmo-la-lesion-que-sufrio-julian-alvarez-por-la-champions-league-el-resultado-de-los-estudios\/"]}]},{"@type":"ImageObject","inLanguage":"es","@id":"https:\/\/lobosnews.com.ar\/index.php\/2026\/04\/30\/se-confirmo-la-lesion-que-sufrio-julian-alvarez-por-la-champions-league-el-resultado-de-los-estudios\/#primaryimage","url":"https:\/\/lobosnews.com.ar\/wp-content\/uploads\/2026\/04\/se-confirmo-la-lesion-que-sufrio-julian-alvarez-por-la-champions-league-el-resultado-de-los-estudios.jpg","contentUrl":"https:\/\/lobosnews.com.ar\/wp-content\/uploads\/2026\/04\/se-confirmo-la-lesion-que-sufrio-julian-alvarez-por-la-champions-league-el-resultado-de-los-estudios.jpg"},{"@type":"BreadcrumbList","@id":"https:\/\/lobosnews.com.ar\/index.php\/2026\/04\/30\/se-confirmo-la-lesion-que-sufrio-julian-alvarez-por-la-champions-league-el-resultado-de-los-estudios\/#breadcrumb","itemListElement":[{"@type":"ListItem","position":1,"name":"Portada","item":"https:\/\/lobosnews.com.ar\/"},{"@type":"ListItem","position":2,"name":"Se confirm\u00f3 la lesi\u00f3n que sufri\u00f3 Juli\u00e1n \u00c1lvarez por la Champions League: el resultado de los estudios"}]},{"@type":"WebSite","@id":"https:\/\/lobosnews.com.ar\/#website","url":"https:\/\/lobosnews.com.ar\/","name":"Lobos News","description":"Informaci\u00f3n a cada instante","publisher":{"@id":"https:\/\/lobosnews.com.ar\/#organization"},"potentialAction":[{"@type":"SearchAction","target":{"@type":"EntryPoint","urlTemplate":"https:\/\/lobosnews.com.ar\/?s={search_term_string}"},"query-input":{"@type":"PropertyValueSpecification","valueRequired":true,"valueName":"search_term_string"}}],"inLanguage":"es"},{"@type":"Organization","@id":"https:\/\/lobosnews.com.ar\/#organization","name":"Lobos News","url":"https:\/\/lobosnews.com.ar\/","logo":{"@type":"ImageObject","inLanguage":"es","@id":"https:\/\/lobosnews.com.ar\/#\/schema\/logo\/image\/","url":"https:\/\/lobosnews.com.ar\/wp-content\/uploads\/2026\/01\/logo-lobosnews.png","contentUrl":"https:\/\/lobosnews.com.ar\/wp-content\/uploads\/2026\/01\/logo-lobosnews.png","width":500,"height":200,"caption":"Lobos News"},"image":{"@id":"https:\/\/lobosnews.com.ar\/#\/schema\/logo\/image\/"}},{"@type":"Person","@id":"https:\/\/lobosnews.com.ar\/#\/schema\/person\/232422a593d5c541dd9aef6aaed10943","name":"admin","image":{"@type":"ImageObject","inLanguage":"es","@id":"https:\/\/lobosnews.com.ar\/#\/schema\/person\/image\/","url":"https:\/\/secure.gravatar.com\/avatar\/76e419471a2083bc3ceab22a763dbbf9b0c1bd15a6214cf3280e2c2dde4580f9?s=96&d=mm&r=g","contentUrl":"https:\/\/secure.gravatar.com\/avatar\/76e419471a2083bc3ceab22a763dbbf9b0c1bd15a6214cf3280e2c2dde4580f9?s=96&d=mm&r=g","caption":"admin"},"sameAs":["https:\/\/lobosnews.com.ar"],"url":"https:\/\/lobosnews.com.ar\/index.php\/author\/lobos-news\/"}]}},"jetpack_featured_media_url":"","jetpack_sharing_enabled":true,"_links":{"self":[{"href":"https:\/\/lobosnews.com.ar\/index.php\/wp-json\/wp\/v2\/posts\/47820","targetHints":{"allow":["GET"]}}],"collection":[{"href":"https:\/\/lobosnews.com.ar\/index.php\/wp-json\/wp\/v2\/posts"}],"about":[{"href":"https:\/\/lobosnews.com.ar\/index.php\/wp-json\/wp\/v2\/types\/post"}],"author":[{"embeddable":true,"href":"https:\/\/lobosnews.com.ar\/index.php\/wp-json\/wp\/v2\/users\/1"}],"replies":[{"embeddable":true,"href":"https:\/\/lobosnews.com.ar\/index.php\/wp-json\/wp\/v2\/comments?post=47820"}],"version-history":[{"count":1,"href":"https:\/\/lobosnews.com.ar\/index.php\/wp-json\/wp\/v2\/posts\/47820\/revisions"}],"predecessor-version":[{"id":47822,"href":"https:\/\/lobosnews.com.ar\/index.php\/wp-json\/wp\/v2\/posts\/47820\/revisions\/47822"}],"wp:attachment":[{"href":"https:\/\/lobosnews.com.ar\/index.php\/wp-json\/wp\/v2\/media?parent=47820"}],"wp:term":[{"taxonomy":"category","embeddable":true,"href":"https:\/\/lobosnews.com.ar\/index.php\/wp-json\/wp\/v2\/categories?post=47820"},{"taxonomy":"post_tag","embeddable":true,"href":"https:\/\/lobosnews.com.ar\/index.php\/wp-json\/wp\/v2\/tags?post=47820"}],"curies":[{"name":"wp","href":"https:\/\/api.w.org\/{rel}","templated":true}]}}