{"id":47808,"date":"2026-04-30T20:18:07","date_gmt":"2026-04-30T20:18:07","guid":{"rendered":"https:\/\/lobosnews.com.ar\/index.php\/2026\/04\/30\/campeon-con-la-seleccion-argentina-y-figura-en-la-premier-el-futbolista-que-river-plate-tiene-en-la-mira-para-reforzarse\/"},"modified":"2026-04-30T20:48:50","modified_gmt":"2026-04-30T20:48:50","slug":"campeon-con-la-seleccion-argentina-y-figura-en-la-premier-el-futbolista-que-river-plate-tiene-en-la-mira-para-reforzarse","status":"publish","type":"post","link":"https:\/\/lobosnews.com.ar\/index.php\/2026\/04\/30\/campeon-con-la-seleccion-argentina-y-figura-en-la-premier-el-futbolista-que-river-plate-tiene-en-la-mira-para-reforzarse\/","title":{"rendered":"Campe\u00f3n con la selecci\u00f3n argentina y figura en la Premier: el futbolista que River Plate tiene en la mira para reforzarse"},"content":{"rendered":"<p><img fetchpriority=\"high\" decoding=\"async\" src=\"https:\/\/lobosnews.com.ar\/wp-content\/uploads\/2026\/04\/campeon-con-la-seleccion-argentina-y-figura-en-la-premier-el-futbolista-que-river-plate-tiene-en-la-mira-para-reforzarse.jpg\" alt=\"Eduardo Coudet tiene en la mira a un jugador que supo ser campe\u00f3n con la selecci\u00f3n argentina bajo el mando de Scaloni (@RiverPlate)\" height=\"2088\" width=\"3712\"\/><\/p>\n<p>El semestre a\u00fan no ha terminado y <b>River Plate<\/b> ya piensa en el pr\u00f3ximo mercado de pases. Su t\u00e9cnico, <b>Eduardo Coudet<\/b>, quiere impregnarle su estilo e impronta al plantel con jugadores de su gusto. <b>Con esa premisa, la dirigencia del club de N\u00fa\u00f1ez se empez\u00f3 a mover y tiene en la mira a un jugador que supo ser campe\u00f3n con la selecci\u00f3n argentina bajo el mando de Lionel Scaloni.<\/b><\/p>\n<p>El Millonario ha intensificado las gestiones para intentar la incorporaci\u00f3n del mediocampista argentino <b>Nicol\u00e1s Dom\u00ednguez<\/b> en la pr\u00f3xima ventana de transferencias. El futbolista de 27 a\u00f1os, actual integrante del <b>Nottingham Forest<\/b> y campe\u00f3n con la <i>Albiceleste<\/i> en la <b>Copa Am\u00e9rica 2021<\/b>, es visto como una opci\u00f3n estrat\u00e9gica para reforzar la mitad de la cancha de cara al segundo semestre de 2026.<\/p>\n<p>Sin embargo, la operaci\u00f3n se perfila compleja por el contrato vigente de Dom\u00ednguez hasta 2028 y la reticencia del club ingl\u00e9s a negociar su salida.<span class=\"waslinkname\"> Pablo Longoria, flamante <b>director deportivo<\/b> de River<\/span>, ha supervisado los primeros contactos con el entorno de Dom\u00ednguez. Los emisarios del club argentino consultaron condiciones contractuales y deportivas con vistas a abrir negociaciones formales.<\/p>\n<p><img loading=\"lazy\" decoding=\"async\" src=\"https:\/\/lobosnews.com.ar\/wp-content\/uploads\/2026\/04\/campeon-con-la-seleccion-argentina-y-figura-en-la-premier-el-futbolista-que-river-plate-tiene-en-la-mira-para-reforzarse-1.jpg\" alt=\"River tiene en la mira a Nicol\u00e1s Dom\u00ednguez (REUTERS\/Mariana Greif)\" height=\"1825\" width=\"2488\"\/><\/p>\n<p>La dirigencia de River se tomar\u00e1 algunos d\u00edas para evaluar la viabilidad de la propuesta antes de comunicarse directamente con los ejecutivos del Forest, propietario del pase del mediocampista.<\/p>\n<p>Con un promedio de <b>52 minutos por partido<\/b> y <b>35 partidos disputados<\/b> en la temporada con el equipo que dirige el portugu\u00e9s <b>V\u00edtor Pereira<\/b>, Dom\u00ednguez ha logrado continuidad en la <b>Premier League, la Europa League<\/b> y las copas de Inglaterra. El volante ha convertido un gol y dado dos asistencias en la campa\u00f1a, y el Nottingham Forest se encuentra actualmente en las semifinales de la Europa League, instancia en la que se prueba frente al <b>Aston Villa.<\/b><\/p>\n<p>Su polivalencia, desempe\u00f1\u00e1ndose tanto como volante central (con 19 partidos en esa ubicaci\u00f3n) como por las bandas, lo ubica como un futbolista de perfil buscado por Coudet para cubrir el vac\u00edo que dej\u00f3 Fausto Vera y sumar alternativas de calidad en el mediocampo.<\/p>\n<p>El obst\u00e1culo m\u00e1s importante que enfrenta <b>River <\/b>es la <b>cotizaci\u00f3n<\/b> del jugador, estimada en <b>16 millones de euros<\/b> seg\u00fan cifras de <i>Transfermarkt<\/i>. Este valor elevado y la buena consideraci\u00f3n de la que goza Dom\u00ednguez dentro de la estructura deportiva del Nottingham Forest dificultan el cierre de una negociaci\u00f3n inmediata.<\/p>\n<p>La intenci\u00f3n de sumar a <b>Dom\u00ednguez<\/b> responde a la necesidad detectada por Coudet de reforzar una zona del campo en la que River presenta escasas variantes de jerarqu\u00eda. Otros candidatos manejados son <b>Mauro Arambarri<\/b>, actual mediocampista del Getafe, a quien el Chacho conoce de su \u00faltimo paso por el Alav\u00e9s de Espa\u00f1a.<\/p>\n<p>En ese sentido, River tambi\u00e9n planea reforzar otros sectores del campo. En el ataque, <b>Giovanni Simeone<\/b> representa otra opci\u00f3n de repatriaci\u00f3n. Actualmente en el <b>Torino<\/b>, mantiene contrato hasta 2028 y su club no considerar\u00e1 propuestas hasta finalizar la temporada, aunque <span class=\"waslinkname\">el jugador se manifest\u00f3 abierto a regresar a la instituci\u00f3n que lo vio nacer futbol\u00edsticamente<\/span>. <\/p>\n<p>En tanto, <b>\u00c1ngel Correa<\/b>, hoy figura del <b>Tigres de M\u00e9xico<\/b> con 18 goles y 12 asistencias en 45 partidos, es <span class=\"waslinkname\">otra de las opciones que se barajan en la mesa de River.<\/span><\/p>\n<p>Tras el <span class=\"waslinkname\">duelo contra Bragantino por la Copa Sudamericana<\/span>, el pr\u00f3ximo compromiso para La Banda tendr\u00e1 lugar el domingo 3 de mayo cuando tenga que recibir a Atl\u00e9tico Tucum\u00e1n en el Monumental por la fecha 9 del Torneo Apertura, aquella que fue suspendida por el paro y que se convirti\u00f3 en los hechos en la \u00faltima de la fase regular. El partido comenzar\u00e1 a las 18:30.<\/p>\n","protected":false},"excerpt":{"rendered":"<p>El semestre a\u00fan no ha terminado y River Plate ya piensa en el pr\u00f3ximo mercado de pases. Su t\u00e9cnico, Eduardo Coudet, quiere impregnarle su estilo e impronta al plantel con jugadores de su gusto. Con esa premisa, la dirigencia del club de N\u00fa\u00f1ez se empez\u00f3 a mover y tiene en la mira a un jugador&#8230;<\/p>\n","protected":false},"author":1,"featured_media":0,"comment_status":"open","ping_status":"closed","sticky":false,"template":"","format":"standard","meta":{"_jetpack_memberships_contains_paid_content":false,"footnotes":""},"categories":[30],"tags":[39],"class_list":["post-47808","post","type-post","status-publish","format-standard","hentry","category-argentina","tag-deportes"],"magazineBlocksPostFeaturedMedia":{"thumbnail":false,"medium":false,"medium_large":false,"large":false,"1536x1536":false,"2048x2048":false,"newsmatic-featured":false,"newsmatic-list":false,"newsmatic-thumb":false,"newsmatic-small":false,"newsmatic-grid":false},"magazineBlocksPostAuthor":{"name":"admin","avatar":"https:\/\/secure.gravatar.com\/avatar\/76e419471a2083bc3ceab22a763dbbf9b0c1bd15a6214cf3280e2c2dde4580f9?s=96&d=mm&r=g"},"magazineBlocksPostCommentsNumber":"0","magazineBlocksPostExcerpt":"El semestre a\u00fan no ha terminado y River Plate ya piensa en el pr\u00f3ximo mercado de pases. Su t\u00e9cnico, Eduardo Coudet, quiere impregnarle su estilo e impronta al plantel con jugadores de su gusto. Con esa premisa, la dirigencia del club de N\u00fa\u00f1ez se empez\u00f3 a mover y tiene en la mira a un jugador...","magazineBlocksPostCategories":["Argentina"],"magazineBlocksPostViewCount":11,"magazineBlocksPostReadTime":4,"magazine_blocks_featured_image_url":{"full":false,"medium":false,"thumbnail":false},"magazine_blocks_author":{"display_name":"admin","author_link":"https:\/\/lobosnews.com.ar\/index.php\/author\/lobos-news\/"},"magazine_blocks_comment":0,"magazine_blocks_author_image":"https:\/\/secure.gravatar.com\/avatar\/76e419471a2083bc3ceab22a763dbbf9b0c1bd15a6214cf3280e2c2dde4580f9?s=96&d=mm&r=g","magazine_blocks_category":"<a href=\"#\" class=\"category-link category-link-30\">Argentina<\/a>","yoast_head":"<!-- This site is optimized with the Yoast SEO plugin v26.6 - https:\/\/yoast.com\/wordpress\/plugins\/seo\/ -->\n<title>Campe\u00f3n con la selecci\u00f3n argentina y figura en la Premier: el futbolista que River Plate tiene en la mira para reforzarse - Lobos News<\/title>\n<meta name=\"robots\" content=\"index, follow, max-snippet:-1, max-image-preview:large, max-video-preview:-1\" \/>\n<link rel=\"canonical\" href=\"https:\/\/lobosnews.com.ar\/index.php\/2026\/04\/30\/campeon-con-la-seleccion-argentina-y-figura-en-la-premier-el-futbolista-que-river-plate-tiene-en-la-mira-para-reforzarse\/\" \/>\n<meta property=\"og:locale\" content=\"es_ES\" \/>\n<meta property=\"og:type\" content=\"article\" \/>\n<meta property=\"og:title\" content=\"Campe\u00f3n con la selecci\u00f3n argentina y figura en la Premier: el futbolista que River Plate tiene en la mira para reforzarse - Lobos News\" \/>\n<meta property=\"og:description\" content=\"El semestre a\u00fan no ha terminado y River Plate ya piensa en el pr\u00f3ximo mercado de pases. Su t\u00e9cnico, Eduardo Coudet, quiere impregnarle su estilo e impronta al plantel con jugadores de su gusto. Con esa premisa, la dirigencia del club de N\u00fa\u00f1ez se empez\u00f3 a mover y tiene en la mira a un jugador...\" \/>\n<meta property=\"og:url\" content=\"https:\/\/lobosnews.com.ar\/index.php\/2026\/04\/30\/campeon-con-la-seleccion-argentina-y-figura-en-la-premier-el-futbolista-que-river-plate-tiene-en-la-mira-para-reforzarse\/\" \/>\n<meta property=\"og:site_name\" content=\"Lobos News\" \/>\n<meta property=\"article:published_time\" content=\"2026-04-30T20:18:07+00:00\" \/>\n<meta property=\"article:modified_time\" content=\"2026-04-30T20:48:50+00:00\" \/>\n<meta property=\"og:image\" content=\"https:\/\/lobosnews.com.ar\/wp-content\/uploads\/2026\/04\/campeon-con-la-seleccion-argentina-y-figura-en-la-premier-el-futbolista-que-river-plate-tiene-en-la-mira-para-reforzarse.jpg\" \/>\n<meta name=\"author\" content=\"admin\" \/>\n<meta name=\"twitter:card\" content=\"summary_large_image\" \/>\n<meta name=\"twitter:label1\" content=\"Escrito por\" \/>\n\t<meta name=\"twitter:data1\" content=\"admin\" \/>\n\t<meta name=\"twitter:label2\" content=\"Tiempo de lectura\" \/>\n\t<meta name=\"twitter:data2\" content=\"3 minutos\" \/>\n<script type=\"application\/ld+json\" class=\"yoast-schema-graph\">{\"@context\":\"https:\/\/schema.org\",\"@graph\":[{\"@type\":\"Article\",\"@id\":\"https:\/\/lobosnews.com.ar\/index.php\/2026\/04\/30\/campeon-con-la-seleccion-argentina-y-figura-en-la-premier-el-futbolista-que-river-plate-tiene-en-la-mira-para-reforzarse\/#article\",\"isPartOf\":{\"@id\":\"https:\/\/lobosnews.com.ar\/index.php\/2026\/04\/30\/campeon-con-la-seleccion-argentina-y-figura-en-la-premier-el-futbolista-que-river-plate-tiene-en-la-mira-para-reforzarse\/\"},\"author\":{\"name\":\"admin\",\"@id\":\"https:\/\/lobosnews.com.ar\/#\/schema\/person\/232422a593d5c541dd9aef6aaed10943\"},\"headline\":\"Campe\u00f3n con la selecci\u00f3n argentina y figura en la Premier: el futbolista que River Plate tiene en la mira para reforzarse\",\"datePublished\":\"2026-04-30T20:18:07+00:00\",\"dateModified\":\"2026-04-30T20:48:50+00:00\",\"mainEntityOfPage\":{\"@id\":\"https:\/\/lobosnews.com.ar\/index.php\/2026\/04\/30\/campeon-con-la-seleccion-argentina-y-figura-en-la-premier-el-futbolista-que-river-plate-tiene-en-la-mira-para-reforzarse\/\"},\"wordCount\":647,\"commentCount\":0,\"publisher\":{\"@id\":\"https:\/\/lobosnews.com.ar\/#organization\"},\"image\":{\"@id\":\"https:\/\/lobosnews.com.ar\/index.php\/2026\/04\/30\/campeon-con-la-seleccion-argentina-y-figura-en-la-premier-el-futbolista-que-river-plate-tiene-en-la-mira-para-reforzarse\/#primaryimage\"},\"thumbnailUrl\":\"https:\/\/lobosnews.com.ar\/wp-content\/uploads\/2026\/04\/campeon-con-la-seleccion-argentina-y-figura-en-la-premier-el-futbolista-que-river-plate-tiene-en-la-mira-para-reforzarse.jpg\",\"keywords\":[\"Deportes\"],\"articleSection\":[\"Argentina\"],\"inLanguage\":\"es\",\"potentialAction\":[{\"@type\":\"CommentAction\",\"name\":\"Comment\",\"target\":[\"https:\/\/lobosnews.com.ar\/index.php\/2026\/04\/30\/campeon-con-la-seleccion-argentina-y-figura-en-la-premier-el-futbolista-que-river-plate-tiene-en-la-mira-para-reforzarse\/#respond\"]}]},{\"@type\":\"WebPage\",\"@id\":\"https:\/\/lobosnews.com.ar\/index.php\/2026\/04\/30\/campeon-con-la-seleccion-argentina-y-figura-en-la-premier-el-futbolista-que-river-plate-tiene-en-la-mira-para-reforzarse\/\",\"url\":\"https:\/\/lobosnews.com.ar\/index.php\/2026\/04\/30\/campeon-con-la-seleccion-argentina-y-figura-en-la-premier-el-futbolista-que-river-plate-tiene-en-la-mira-para-reforzarse\/\",\"name\":\"Campe\u00f3n con la selecci\u00f3n argentina y figura en la Premier: el futbolista que River Plate tiene en la mira para reforzarse - Lobos News\",\"isPartOf\":{\"@id\":\"https:\/\/lobosnews.com.ar\/#website\"},\"primaryImageOfPage\":{\"@id\":\"https:\/\/lobosnews.com.ar\/index.php\/2026\/04\/30\/campeon-con-la-seleccion-argentina-y-figura-en-la-premier-el-futbolista-que-river-plate-tiene-en-la-mira-para-reforzarse\/#primaryimage\"},\"image\":{\"@id\":\"https:\/\/lobosnews.com.ar\/index.php\/2026\/04\/30\/campeon-con-la-seleccion-argentina-y-figura-en-la-premier-el-futbolista-que-river-plate-tiene-en-la-mira-para-reforzarse\/#primaryimage\"},\"thumbnailUrl\":\"https:\/\/lobosnews.com.ar\/wp-content\/uploads\/2026\/04\/campeon-con-la-seleccion-argentina-y-figura-en-la-premier-el-futbolista-que-river-plate-tiene-en-la-mira-para-reforzarse.jpg\",\"datePublished\":\"2026-04-30T20:18:07+00:00\",\"dateModified\":\"2026-04-30T20:48:50+00:00\",\"breadcrumb\":{\"@id\":\"https:\/\/lobosnews.com.ar\/index.php\/2026\/04\/30\/campeon-con-la-seleccion-argentina-y-figura-en-la-premier-el-futbolista-que-river-plate-tiene-en-la-mira-para-reforzarse\/#breadcrumb\"},\"inLanguage\":\"es\",\"potentialAction\":[{\"@type\":\"ReadAction\",\"target\":[\"https:\/\/lobosnews.com.ar\/index.php\/2026\/04\/30\/campeon-con-la-seleccion-argentina-y-figura-en-la-premier-el-futbolista-que-river-plate-tiene-en-la-mira-para-reforzarse\/\"]}]},{\"@type\":\"ImageObject\",\"inLanguage\":\"es\",\"@id\":\"https:\/\/lobosnews.com.ar\/index.php\/2026\/04\/30\/campeon-con-la-seleccion-argentina-y-figura-en-la-premier-el-futbolista-que-river-plate-tiene-en-la-mira-para-reforzarse\/#primaryimage\",\"url\":\"https:\/\/lobosnews.com.ar\/wp-content\/uploads\/2026\/04\/campeon-con-la-seleccion-argentina-y-figura-en-la-premier-el-futbolista-que-river-plate-tiene-en-la-mira-para-reforzarse.jpg\",\"contentUrl\":\"https:\/\/lobosnews.com.ar\/wp-content\/uploads\/2026\/04\/campeon-con-la-seleccion-argentina-y-figura-en-la-premier-el-futbolista-que-river-plate-tiene-en-la-mira-para-reforzarse.jpg\"},{\"@type\":\"BreadcrumbList\",\"@id\":\"https:\/\/lobosnews.com.ar\/index.php\/2026\/04\/30\/campeon-con-la-seleccion-argentina-y-figura-en-la-premier-el-futbolista-que-river-plate-tiene-en-la-mira-para-reforzarse\/#breadcrumb\",\"itemListElement\":[{\"@type\":\"ListItem\",\"position\":1,\"name\":\"Portada\",\"item\":\"https:\/\/lobosnews.com.ar\/\"},{\"@type\":\"ListItem\",\"position\":2,\"name\":\"Campe\u00f3n con la selecci\u00f3n argentina y figura en la Premier: el futbolista que River Plate tiene en la mira para reforzarse\"}]},{\"@type\":\"WebSite\",\"@id\":\"https:\/\/lobosnews.com.ar\/#website\",\"url\":\"https:\/\/lobosnews.com.ar\/\",\"name\":\"Lobos News\",\"description\":\"Informaci\u00f3n a cada instante\",\"publisher\":{\"@id\":\"https:\/\/lobosnews.com.ar\/#organization\"},\"potentialAction\":[{\"@type\":\"SearchAction\",\"target\":{\"@type\":\"EntryPoint\",\"urlTemplate\":\"https:\/\/lobosnews.com.ar\/?s={search_term_string}\"},\"query-input\":{\"@type\":\"PropertyValueSpecification\",\"valueRequired\":true,\"valueName\":\"search_term_string\"}}],\"inLanguage\":\"es\"},{\"@type\":\"Organization\",\"@id\":\"https:\/\/lobosnews.com.ar\/#organization\",\"name\":\"Lobos News\",\"url\":\"https:\/\/lobosnews.com.ar\/\",\"logo\":{\"@type\":\"ImageObject\",\"inLanguage\":\"es\",\"@id\":\"https:\/\/lobosnews.com.ar\/#\/schema\/logo\/image\/\",\"url\":\"https:\/\/lobosnews.com.ar\/wp-content\/uploads\/2026\/01\/logo-lobosnews.png\",\"contentUrl\":\"https:\/\/lobosnews.com.ar\/wp-content\/uploads\/2026\/01\/logo-lobosnews.png\",\"width\":500,\"height\":200,\"caption\":\"Lobos News\"},\"image\":{\"@id\":\"https:\/\/lobosnews.com.ar\/#\/schema\/logo\/image\/\"}},{\"@type\":\"Person\",\"@id\":\"https:\/\/lobosnews.com.ar\/#\/schema\/person\/232422a593d5c541dd9aef6aaed10943\",\"name\":\"admin\",\"image\":{\"@type\":\"ImageObject\",\"inLanguage\":\"es\",\"@id\":\"https:\/\/lobosnews.com.ar\/#\/schema\/person\/image\/\",\"url\":\"https:\/\/secure.gravatar.com\/avatar\/76e419471a2083bc3ceab22a763dbbf9b0c1bd15a6214cf3280e2c2dde4580f9?s=96&d=mm&r=g\",\"contentUrl\":\"https:\/\/secure.gravatar.com\/avatar\/76e419471a2083bc3ceab22a763dbbf9b0c1bd15a6214cf3280e2c2dde4580f9?s=96&d=mm&r=g\",\"caption\":\"admin\"},\"sameAs\":[\"https:\/\/lobosnews.com.ar\"],\"url\":\"https:\/\/lobosnews.com.ar\/index.php\/author\/lobos-news\/\"}]}<\/script>\n<!-- \/ Yoast SEO plugin. -->","yoast_head_json":{"title":"Campe\u00f3n con la selecci\u00f3n argentina y figura en la Premier: el futbolista que River Plate tiene en la mira para reforzarse - Lobos News","robots":{"index":"index","follow":"follow","max-snippet":"max-snippet:-1","max-image-preview":"max-image-preview:large","max-video-preview":"max-video-preview:-1"},"canonical":"https:\/\/lobosnews.com.ar\/index.php\/2026\/04\/30\/campeon-con-la-seleccion-argentina-y-figura-en-la-premier-el-futbolista-que-river-plate-tiene-en-la-mira-para-reforzarse\/","og_locale":"es_ES","og_type":"article","og_title":"Campe\u00f3n con la selecci\u00f3n argentina y figura en la Premier: el futbolista que River Plate tiene en la mira para reforzarse - Lobos News","og_description":"El semestre a\u00fan no ha terminado y River Plate ya piensa en el pr\u00f3ximo mercado de pases. Su t\u00e9cnico, Eduardo Coudet, quiere impregnarle su estilo e impronta al plantel con jugadores de su gusto. Con esa premisa, la dirigencia del club de N\u00fa\u00f1ez se empez\u00f3 a mover y tiene en la mira a un jugador...","og_url":"https:\/\/lobosnews.com.ar\/index.php\/2026\/04\/30\/campeon-con-la-seleccion-argentina-y-figura-en-la-premier-el-futbolista-que-river-plate-tiene-en-la-mira-para-reforzarse\/","og_site_name":"Lobos News","article_published_time":"2026-04-30T20:18:07+00:00","article_modified_time":"2026-04-30T20:48:50+00:00","og_image":[{"url":"https:\/\/lobosnews.com.ar\/wp-content\/uploads\/2026\/04\/campeon-con-la-seleccion-argentina-y-figura-en-la-premier-el-futbolista-que-river-plate-tiene-en-la-mira-para-reforzarse.jpg","type":"","width":"","height":""}],"author":"admin","twitter_card":"summary_large_image","twitter_misc":{"Escrito por":"admin","Tiempo de lectura":"3 minutos"},"schema":{"@context":"https:\/\/schema.org","@graph":[{"@type":"Article","@id":"https:\/\/lobosnews.com.ar\/index.php\/2026\/04\/30\/campeon-con-la-seleccion-argentina-y-figura-en-la-premier-el-futbolista-que-river-plate-tiene-en-la-mira-para-reforzarse\/#article","isPartOf":{"@id":"https:\/\/lobosnews.com.ar\/index.php\/2026\/04\/30\/campeon-con-la-seleccion-argentina-y-figura-en-la-premier-el-futbolista-que-river-plate-tiene-en-la-mira-para-reforzarse\/"},"author":{"name":"admin","@id":"https:\/\/lobosnews.com.ar\/#\/schema\/person\/232422a593d5c541dd9aef6aaed10943"},"headline":"Campe\u00f3n con la selecci\u00f3n argentina y figura en la Premier: el futbolista que River Plate tiene en la mira para reforzarse","datePublished":"2026-04-30T20:18:07+00:00","dateModified":"2026-04-30T20:48:50+00:00","mainEntityOfPage":{"@id":"https:\/\/lobosnews.com.ar\/index.php\/2026\/04\/30\/campeon-con-la-seleccion-argentina-y-figura-en-la-premier-el-futbolista-que-river-plate-tiene-en-la-mira-para-reforzarse\/"},"wordCount":647,"commentCount":0,"publisher":{"@id":"https:\/\/lobosnews.com.ar\/#organization"},"image":{"@id":"https:\/\/lobosnews.com.ar\/index.php\/2026\/04\/30\/campeon-con-la-seleccion-argentina-y-figura-en-la-premier-el-futbolista-que-river-plate-tiene-en-la-mira-para-reforzarse\/#primaryimage"},"thumbnailUrl":"https:\/\/lobosnews.com.ar\/wp-content\/uploads\/2026\/04\/campeon-con-la-seleccion-argentina-y-figura-en-la-premier-el-futbolista-que-river-plate-tiene-en-la-mira-para-reforzarse.jpg","keywords":["Deportes"],"articleSection":["Argentina"],"inLanguage":"es","potentialAction":[{"@type":"CommentAction","name":"Comment","target":["https:\/\/lobosnews.com.ar\/index.php\/2026\/04\/30\/campeon-con-la-seleccion-argentina-y-figura-en-la-premier-el-futbolista-que-river-plate-tiene-en-la-mira-para-reforzarse\/#respond"]}]},{"@type":"WebPage","@id":"https:\/\/lobosnews.com.ar\/index.php\/2026\/04\/30\/campeon-con-la-seleccion-argentina-y-figura-en-la-premier-el-futbolista-que-river-plate-tiene-en-la-mira-para-reforzarse\/","url":"https:\/\/lobosnews.com.ar\/index.php\/2026\/04\/30\/campeon-con-la-seleccion-argentina-y-figura-en-la-premier-el-futbolista-que-river-plate-tiene-en-la-mira-para-reforzarse\/","name":"Campe\u00f3n con la selecci\u00f3n argentina y figura en la Premier: el futbolista que River Plate tiene en la mira para reforzarse - Lobos News","isPartOf":{"@id":"https:\/\/lobosnews.com.ar\/#website"},"primaryImageOfPage":{"@id":"https:\/\/lobosnews.com.ar\/index.php\/2026\/04\/30\/campeon-con-la-seleccion-argentina-y-figura-en-la-premier-el-futbolista-que-river-plate-tiene-en-la-mira-para-reforzarse\/#primaryimage"},"image":{"@id":"https:\/\/lobosnews.com.ar\/index.php\/2026\/04\/30\/campeon-con-la-seleccion-argentina-y-figura-en-la-premier-el-futbolista-que-river-plate-tiene-en-la-mira-para-reforzarse\/#primaryimage"},"thumbnailUrl":"https:\/\/lobosnews.com.ar\/wp-content\/uploads\/2026\/04\/campeon-con-la-seleccion-argentina-y-figura-en-la-premier-el-futbolista-que-river-plate-tiene-en-la-mira-para-reforzarse.jpg","datePublished":"2026-04-30T20:18:07+00:00","dateModified":"2026-04-30T20:48:50+00:00","breadcrumb":{"@id":"https:\/\/lobosnews.com.ar\/index.php\/2026\/04\/30\/campeon-con-la-seleccion-argentina-y-figura-en-la-premier-el-futbolista-que-river-plate-tiene-en-la-mira-para-reforzarse\/#breadcrumb"},"inLanguage":"es","potentialAction":[{"@type":"ReadAction","target":["https:\/\/lobosnews.com.ar\/index.php\/2026\/04\/30\/campeon-con-la-seleccion-argentina-y-figura-en-la-premier-el-futbolista-que-river-plate-tiene-en-la-mira-para-reforzarse\/"]}]},{"@type":"ImageObject","inLanguage":"es","@id":"https:\/\/lobosnews.com.ar\/index.php\/2026\/04\/30\/campeon-con-la-seleccion-argentina-y-figura-en-la-premier-el-futbolista-que-river-plate-tiene-en-la-mira-para-reforzarse\/#primaryimage","url":"https:\/\/lobosnews.com.ar\/wp-content\/uploads\/2026\/04\/campeon-con-la-seleccion-argentina-y-figura-en-la-premier-el-futbolista-que-river-plate-tiene-en-la-mira-para-reforzarse.jpg","contentUrl":"https:\/\/lobosnews.com.ar\/wp-content\/uploads\/2026\/04\/campeon-con-la-seleccion-argentina-y-figura-en-la-premier-el-futbolista-que-river-plate-tiene-en-la-mira-para-reforzarse.jpg"},{"@type":"BreadcrumbList","@id":"https:\/\/lobosnews.com.ar\/index.php\/2026\/04\/30\/campeon-con-la-seleccion-argentina-y-figura-en-la-premier-el-futbolista-que-river-plate-tiene-en-la-mira-para-reforzarse\/#breadcrumb","itemListElement":[{"@type":"ListItem","position":1,"name":"Portada","item":"https:\/\/lobosnews.com.ar\/"},{"@type":"ListItem","position":2,"name":"Campe\u00f3n con la selecci\u00f3n argentina y figura en la Premier: el futbolista que River Plate tiene en la mira para reforzarse"}]},{"@type":"WebSite","@id":"https:\/\/lobosnews.com.ar\/#website","url":"https:\/\/lobosnews.com.ar\/","name":"Lobos News","description":"Informaci\u00f3n a cada instante","publisher":{"@id":"https:\/\/lobosnews.com.ar\/#organization"},"potentialAction":[{"@type":"SearchAction","target":{"@type":"EntryPoint","urlTemplate":"https:\/\/lobosnews.com.ar\/?s={search_term_string}"},"query-input":{"@type":"PropertyValueSpecification","valueRequired":true,"valueName":"search_term_string"}}],"inLanguage":"es"},{"@type":"Organization","@id":"https:\/\/lobosnews.com.ar\/#organization","name":"Lobos News","url":"https:\/\/lobosnews.com.ar\/","logo":{"@type":"ImageObject","inLanguage":"es","@id":"https:\/\/lobosnews.com.ar\/#\/schema\/logo\/image\/","url":"https:\/\/lobosnews.com.ar\/wp-content\/uploads\/2026\/01\/logo-lobosnews.png","contentUrl":"https:\/\/lobosnews.com.ar\/wp-content\/uploads\/2026\/01\/logo-lobosnews.png","width":500,"height":200,"caption":"Lobos News"},"image":{"@id":"https:\/\/lobosnews.com.ar\/#\/schema\/logo\/image\/"}},{"@type":"Person","@id":"https:\/\/lobosnews.com.ar\/#\/schema\/person\/232422a593d5c541dd9aef6aaed10943","name":"admin","image":{"@type":"ImageObject","inLanguage":"es","@id":"https:\/\/lobosnews.com.ar\/#\/schema\/person\/image\/","url":"https:\/\/secure.gravatar.com\/avatar\/76e419471a2083bc3ceab22a763dbbf9b0c1bd15a6214cf3280e2c2dde4580f9?s=96&d=mm&r=g","contentUrl":"https:\/\/secure.gravatar.com\/avatar\/76e419471a2083bc3ceab22a763dbbf9b0c1bd15a6214cf3280e2c2dde4580f9?s=96&d=mm&r=g","caption":"admin"},"sameAs":["https:\/\/lobosnews.com.ar"],"url":"https:\/\/lobosnews.com.ar\/index.php\/author\/lobos-news\/"}]}},"jetpack_featured_media_url":"","jetpack_sharing_enabled":true,"_links":{"self":[{"href":"https:\/\/lobosnews.com.ar\/index.php\/wp-json\/wp\/v2\/posts\/47808","targetHints":{"allow":["GET"]}}],"collection":[{"href":"https:\/\/lobosnews.com.ar\/index.php\/wp-json\/wp\/v2\/posts"}],"about":[{"href":"https:\/\/lobosnews.com.ar\/index.php\/wp-json\/wp\/v2\/types\/post"}],"author":[{"embeddable":true,"href":"https:\/\/lobosnews.com.ar\/index.php\/wp-json\/wp\/v2\/users\/1"}],"replies":[{"embeddable":true,"href":"https:\/\/lobosnews.com.ar\/index.php\/wp-json\/wp\/v2\/comments?post=47808"}],"version-history":[{"count":1,"href":"https:\/\/lobosnews.com.ar\/index.php\/wp-json\/wp\/v2\/posts\/47808\/revisions"}],"predecessor-version":[{"id":47811,"href":"https:\/\/lobosnews.com.ar\/index.php\/wp-json\/wp\/v2\/posts\/47808\/revisions\/47811"}],"wp:attachment":[{"href":"https:\/\/lobosnews.com.ar\/index.php\/wp-json\/wp\/v2\/media?parent=47808"}],"wp:term":[{"taxonomy":"category","embeddable":true,"href":"https:\/\/lobosnews.com.ar\/index.php\/wp-json\/wp\/v2\/categories?post=47808"},{"taxonomy":"post_tag","embeddable":true,"href":"https:\/\/lobosnews.com.ar\/index.php\/wp-json\/wp\/v2\/tags?post=47808"}],"curies":[{"name":"wp","href":"https:\/\/api.w.org\/{rel}","templated":true}]}}