{"id":47789,"date":"2026-04-30T13:11:52","date_gmt":"2026-04-30T13:11:52","guid":{"rendered":"https:\/\/lobosnews.com.ar\/index.php\/2026\/04\/30\/como-operaba-la-organizacion-que-desvio-armas-al-mercado-negro-hay-mas-de-2-mil-desaparecidas-y-un-policia-involucrado\/"},"modified":"2026-04-30T15:34:37","modified_gmt":"2026-04-30T15:34:37","slug":"como-operaba-la-organizacion-que-desvio-armas-al-mercado-negro-hay-mas-de-2-mil-desaparecidas-y-un-policia-involucrado","status":"publish","type":"post","link":"https:\/\/lobosnews.com.ar\/index.php\/2026\/04\/30\/como-operaba-la-organizacion-que-desvio-armas-al-mercado-negro-hay-mas-de-2-mil-desaparecidas-y-un-policia-involucrado\/","title":{"rendered":"C\u00f3mo operaba la organizaci\u00f3n que desvi\u00f3 armas al mercado negro: hay m\u00e1s de 2 mil desaparecidas y un polic\u00eda involucrado"},"content":{"rendered":"<p><img loading=\"lazy\" decoding=\"async\" src=\"https:\/\/lobosnews.com.ar\/wp-content\/uploads\/2026\/04\/como-operaba-la-organizacion-que-desvio-armas-al-mercado-negro-hay-mas-de-2-mil-desaparecidas-y-un-policia-involucrado.jpg\" alt=\"Cuatro hombres, identificados como l\u00edderes de una banda criminal dedicada al desv\u00edo de armas al mercado negro, posan para sus fichas de arresto.\" height=\"1080\" width=\"1920\"\/><\/p>\n<p>\u201c<b>No est\u00e1n<\/b>\u201d. Este 27 de abril, 772 efectivos de la PFA, dirigidos por el Departamento de Investigaciones de Antimafia, desplegaron 140 allanamientos simult\u00e1neos en diferentes puntos del pa\u00eds, en los que el resultado \u201cnegativo\u201d confirm\u00f3 la hip\u00f3tesis del expediente a cargo del juez federal de Campana, <b>Adri\u00e1n Gonz\u00e1lez Charvay<\/b>: la existencia de una organizaci\u00f3n, con roles bien definidos, que desvi\u00f3 al mercado negro armas y municiones adquiridas en armer\u00edas, a trav\u00e9s de <b>gestores y prestanombres<\/b>.<b> Se verificaron 742 ausencias<\/b>, se estima que ese n\u00famero pod\u00eda revasar las 2000.<\/p>\n<p>Aunque el operativo termin\u00f3 con <b>119 armas de fuego secuestradas, <\/b>una granada de mano de origen nacional modelo FMK- 2 MOD 0 y m\u00e1s de 40.000 municiones incautadas que no ten\u00edan el respaldo o presentaban inconsistencia en su documentanci\u00f3n, <b>preocupa a los investigadores el destino de las armas que desaparecieron<\/b>, que deber\u00edan estar en un domicilio y, simplemente, no est\u00e1n. Creen que alimentaron el circuito delictivo local.<\/p>\n<p><img loading=\"lazy\" decoding=\"async\" src=\"https:\/\/lobosnews.com.ar\/wp-content\/uploads\/2026\/04\/como-operaba-la-organizacion-que-desvio-armas-al-mercado-negro-hay-mas-de-2-mil-desaparecidas-y-un-policia-involucrado-1.jpg\" alt=\"La Polic\u00eda Federal Argentina exhibe el impresionante arsenal incautado a los l\u00edderes de una banda dedicada al desv\u00edo de armas al mercado negro, resultado de una exitosa operaci\u00f3n.\" height=\"1080\" width=\"1920\"\/><\/p>\n<p>Y el hallazgo de armas que estaban siendo buscadas en Chile y Uruguay confirma una segunda teor\u00eda: <b>que las armas se vendieron al exterior,<\/b> deducen que a bandas criminales de Paraguay y Brasil. No hay certeza.<\/p>\n<p>De acuerdo a la investigaci\u00f3n, la banda oper\u00f3 desde 2022, hasta que en julio de 2024, la entonces Agencia Nacional de Materiales Controlados (actualmente RENAR), formul\u00f3 una denuncia ante la Unidad Fiscal Especializada en Criminalidad Organizada, a cargo de <b>Santiago Marquevich<\/b>, dando cuenta de irregularidades detectadas en la adquisici\u00f3n y circulaci\u00f3n de armas mediante usuarios que registraban m\u00faltiples compras y transferencias at\u00edpicas.<\/p>\n<p><img loading=\"lazy\" decoding=\"async\" src=\"https:\/\/lobosnews.com.ar\/wp-content\/uploads\/2026\/04\/como-operaba-la-organizacion-que-desvio-armas-al-mercado-negro-hay-mas-de-2-mil-desaparecidas-y-un-policia-involucrado-2.jpg\" alt=\"Gran cantidad de armamento de fuego, incluyendo rifles y pistolas, fue incautado en un operativo contra l\u00edderes de una banda que desviaba armas al mercado negro.\" height=\"1080\" width=\"1920\"\/><\/p>\n<p>Lo que hac\u00edan era utilizar el nombre de alguna persona, a quien un gestor le sacaba un carnet de leg\u00edtimo usuario, para adquirir armas. \u201cCompraban en lote personas part\u00edculares. \u00bf<b>Para qu\u00e9 quiere alguien 7 Glock iguales si no es una empresa de seguridad<\/b>? Estas personas, cuando se le preguntaba, no sab\u00edan explicar por qu\u00e9 no la ten\u00edan o siquiera sab\u00edan que ten\u00edan armas a su nombre\u00bb.<\/p>\n<p>Las fuentes puntaulizaron que se estableci\u00f3 un universo de 743 armas involucradas dentro del circuito investigado, asimismo, otras 1526 armas vinculadas por fuera de dicho circuito<b>, lo que arroja un total de 2269 armas involucradas<\/b>. Se trata, principalmente, de pistolas semiautom\u00e1ticas de diversas marcas y calibres- entre ellas Bersa, Glock y Taurus- predominando los calibres 9 mm, .45 y .22.<\/p>\n<h2>Los detenidos<\/h2>\n<p><img loading=\"lazy\" decoding=\"async\" src=\"https:\/\/lobosnews.com.ar\/wp-content\/uploads\/2026\/04\/como-operaba-la-organizacion-que-desvio-armas-al-mercado-negro-hay-mas-de-2-mil-desaparecidas-y-un-policia-involucrado-4.jpg\" alt=\"El polic\u00eda de la Ciudad detenido por la PFA\" height=\"1080\" width=\"1920\"\/><\/p>\n<p>Las 193 brigadas que realizaron los procedimientos en Buenos Aires, en la Ciudad, en Tucum\u00e1n, en Mendoza, en Santa Fe, en San Luis, en C\u00f3rdoba, Corrientes, Neuqu\u00e9n, Salta, Tierra del Fuego, Misiones y Chubut tuvieron otro objetivo: detener a las personas detr\u00e1s de la maniobra y, principalmente, a sus l\u00edderes. <\/p>\n<p>Se trata de un polic\u00eda de la Ciudad, un jubilado, un empresario de la construcci\u00f3n y un hotelero vinculado a una defraudaci\u00f3n con cheques en Col\u00f3n, Entre R\u00edos.<\/p>\n<p><b>Ricardo Javier Mascato<\/b>: Un hotelero considerado el organizador de la asociaci\u00f3n il\u00edcita. Coordinaba la adquisici\u00f3n de armas de fuego utilizando a terceros registrados como leg\u00edtimos usuarios. Gestionaba la registraci\u00f3n y la circulaci\u00f3n irregular de las armas, incluyendo su transferencia a personas no autorizadas. Entregaba dinero y credenciales para la compra y daba instrucciones sobre las operaciones.<\/p>\n<p>En 2007, su nombre apareci\u00f3 ligado a una defraudaci\u00f3n con cheques vinculado a la Municipalidad de Col\u00f3n, en Entre R\u00edos, y un festival local.<\/p>\n<p><img loading=\"lazy\" decoding=\"async\" src=\"https:\/\/lobosnews.com.ar\/wp-content\/uploads\/2026\/04\/como-operaba-la-organizacion-que-desvio-armas-al-mercado-negro-hay-mas-de-2-mil-desaparecidas-y-un-policia-involucrado-5.jpg\" alt=\"Javier Mascato, presunto l\u00edder\" height=\"1280\" width=\"1920\"\/><\/p>\n<p><b>Mart\u00edn Jos\u00e9 N\u00fa\u00f1ez<\/b>: Jubilado. Encargado de buscar y <b>reclutar usuarios o testaferros<\/b> para registrarlos como usuarios habilitados de armas. Facilitaba la adquisici\u00f3n de armas que luego retiraban otros miembros de la organizaci\u00f3n. Gestionaba los datos para tramitar credenciales, cobraba por cada operaci\u00f3n y participaba en las transferencias de armas.<\/p>\n<p><b>Walter Horacio Moreno<\/b>: Gestor e intermediario en tr\u00e1mites de registraci\u00f3n de armas. Como <b>Oficial Primero de la Polic\u00eda de la Ciudad<\/b>, gestionaba la documentaci\u00f3n para el registro, transferencia y habilitaci\u00f3n de usuarios y armas. Certificaba firmas en transferencias y participaba en operaciones registrales, <b>recibiendo pagos de los due\u00f1os de armer\u00edas<\/b>. Transfer\u00eda armamento registrado a su nombre a usuarios irregulares.<\/p>\n<p><img loading=\"lazy\" decoding=\"async\" src=\"https:\/\/lobosnews.com.ar\/wp-content\/uploads\/2026\/04\/como-operaba-la-organizacion-que-desvio-armas-al-mercado-negro-hay-mas-de-2-mil-desaparecidas-y-un-policia-involucrado-7.jpg\" alt=\"Un jubilado formaba parte de la ba\" height=\"1080\" width=\"1920\"\/><\/p>\n<p><b>Maximiliano G\u00f3mez Veras<\/b>: Dedicado, en los papeles, a la construcci\u00f3n. <b>Intermediario vinculado a tr\u00e1mites de registraci\u00f3n de armas <\/b>y participaba en la transferencia de armamento registrado a nombre propio hacia usuarios irregulares.<\/p>\n<p>En el expediente tambi\u00e9n hay due\u00f1os de armer\u00edas apuntadas: Daniel Niver Iglesias (La Perd\u00edz, de Quilmes), Yanina Ribeiro y Daniel Alberto Ribeiro (armer\u00eda La Nona, de Lan\u00fas) quienes, seg\u00fan la causa, <b>interven\u00edan en la certificaci\u00f3n, registraci\u00f3n y transferencia<\/b> de armas de fuego registradas a nombre propio y otras a trav\u00e9s de las armer\u00edas, facilitando la circulaci\u00f3n de armamento entre distintos usuarios vinculados al grupo, contribuyendo con la infraestructura comercial y registral necesaria para la ejecuci\u00f3n de las maniobras investigadas.<\/p>\n<p><img loading=\"lazy\" decoding=\"async\" src=\"https:\/\/lobosnews.com.ar\/wp-content\/uploads\/2026\/04\/como-operaba-la-organizacion-que-desvio-armas-al-mercado-negro-hay-mas-de-2-mil-desaparecidas-y-un-policia-involucrado-8.jpg\" alt=\"Maximiliano G\u00f3mez Veras\" height=\"1280\" width=\"1920\"\/><\/p>\n","protected":false},"excerpt":{"rendered":"<p>\u201cNo est\u00e1n\u201d. Este 27 de abril, 772 efectivos de la PFA, dirigidos por el Departamento de Investigaciones de Antimafia, desplegaron 140 allanamientos simult\u00e1neos en diferentes puntos del pa\u00eds, en los que el resultado \u201cnegativo\u201d confirm\u00f3 la hip\u00f3tesis del expediente a cargo del juez federal de Campana, Adri\u00e1n Gonz\u00e1lez Charvay: la existencia de una organizaci\u00f3n, con&#8230;<\/p>\n","protected":false},"author":1,"featured_media":47804,"comment_status":"open","ping_status":"closed","sticky":false,"template":"","format":"standard","meta":{"_jetpack_memberships_contains_paid_content":false,"footnotes":""},"categories":[31,30,32,77,84,35,36,37],"tags":[],"class_list":["post-47789","post","type-post","status-publish","format-standard","has-post-thumbnail","hentry","category-actualidad","category-argentina","category-economia","category-inseguridad","category-masradios-com","category-nacionales","category-seguridad","category-sociedad"],"magazineBlocksPostFeaturedMedia":{"thumbnail":"https:\/\/lobosnews.com.ar\/wp-content\/uploads\/2026\/04\/como-operaba-la-organizacion-que-desvio-armas-al-mercado-negro-hay-mas-de-2-mil-desaparecidas-y-un-policia-involucrado-20-150x150.jpg","medium":"https:\/\/lobosnews.com.ar\/wp-content\/uploads\/2026\/04\/como-operaba-la-organizacion-que-desvio-armas-al-mercado-negro-hay-mas-de-2-mil-desaparecidas-y-un-policia-involucrado-20-300x200.jpg","medium_large":"https:\/\/lobosnews.com.ar\/wp-content\/uploads\/2026\/04\/como-operaba-la-organizacion-que-desvio-armas-al-mercado-negro-hay-mas-de-2-mil-desaparecidas-y-un-policia-involucrado-20-768x512.jpg","large":"https:\/\/lobosnews.com.ar\/wp-content\/uploads\/2026\/04\/como-operaba-la-organizacion-que-desvio-armas-al-mercado-negro-hay-mas-de-2-mil-desaparecidas-y-un-policia-involucrado-20-1024x683.jpg","1536x1536":"https:\/\/lobosnews.com.ar\/wp-content\/uploads\/2026\/04\/como-operaba-la-organizacion-que-desvio-armas-al-mercado-negro-hay-mas-de-2-mil-desaparecidas-y-un-policia-involucrado-20-1536x1024.jpg","2048x2048":"https:\/\/lobosnews.com.ar\/wp-content\/uploads\/2026\/04\/como-operaba-la-organizacion-que-desvio-armas-al-mercado-negro-hay-mas-de-2-mil-desaparecidas-y-un-policia-involucrado-20.jpg","newsmatic-featured":"https:\/\/lobosnews.com.ar\/wp-content\/uploads\/2026\/04\/como-operaba-la-organizacion-que-desvio-armas-al-mercado-negro-hay-mas-de-2-mil-desaparecidas-y-un-policia-involucrado-20-820x545.jpg","newsmatic-list":"https:\/\/lobosnews.com.ar\/wp-content\/uploads\/2026\/04\/como-operaba-la-organizacion-que-desvio-armas-al-mercado-negro-hay-mas-de-2-mil-desaparecidas-y-un-policia-involucrado-20-600x400.jpg","newsmatic-thumb":"https:\/\/lobosnews.com.ar\/wp-content\/uploads\/2026\/04\/como-operaba-la-organizacion-que-desvio-armas-al-mercado-negro-hay-mas-de-2-mil-desaparecidas-y-un-policia-involucrado-20-300x200.jpg","newsmatic-small":"https:\/\/lobosnews.com.ar\/wp-content\/uploads\/2026\/04\/como-operaba-la-organizacion-que-desvio-armas-al-mercado-negro-hay-mas-de-2-mil-desaparecidas-y-un-policia-involucrado-20-150x95.jpg","newsmatic-grid":"https:\/\/lobosnews.com.ar\/wp-content\/uploads\/2026\/04\/como-operaba-la-organizacion-que-desvio-armas-al-mercado-negro-hay-mas-de-2-mil-desaparecidas-y-un-policia-involucrado-20-400x250.jpg"},"magazineBlocksPostAuthor":{"name":"admin","avatar":"https:\/\/secure.gravatar.com\/avatar\/76e419471a2083bc3ceab22a763dbbf9b0c1bd15a6214cf3280e2c2dde4580f9?s=96&d=mm&r=g"},"magazineBlocksPostCommentsNumber":"0","magazineBlocksPostExcerpt":"\u201cNo est\u00e1n\u201d. Este 27 de abril, 772 efectivos de la PFA, dirigidos por el Departamento de Investigaciones de Antimafia, desplegaron 140 allanamientos simult\u00e1neos en diferentes puntos del pa\u00eds, en los que el resultado \u201cnegativo\u201d confirm\u00f3 la hip\u00f3tesis del expediente a cargo del juez federal de Campana, Adri\u00e1n Gonz\u00e1lez Charvay: la existencia de una organizaci\u00f3n, con...","magazineBlocksPostCategories":["Actualidad","Argentina","econom\u00eda","inseguridad","masradios.com","nacionales","seguridad","sociedad"],"magazineBlocksPostViewCount":1,"magazineBlocksPostReadTime":5,"magazine_blocks_featured_image_url":{"full":["https:\/\/lobosnews.com.ar\/wp-content\/uploads\/2026\/04\/como-operaba-la-organizacion-que-desvio-armas-al-mercado-negro-hay-mas-de-2-mil-desaparecidas-y-un-policia-involucrado-20.jpg",1920,1280,false],"medium":["https:\/\/lobosnews.com.ar\/wp-content\/uploads\/2026\/04\/como-operaba-la-organizacion-que-desvio-armas-al-mercado-negro-hay-mas-de-2-mil-desaparecidas-y-un-policia-involucrado-20-300x200.jpg",300,200,true],"thumbnail":["https:\/\/lobosnews.com.ar\/wp-content\/uploads\/2026\/04\/como-operaba-la-organizacion-que-desvio-armas-al-mercado-negro-hay-mas-de-2-mil-desaparecidas-y-un-policia-involucrado-20-150x150.jpg",150,150,true]},"magazine_blocks_author":{"display_name":"admin","author_link":"https:\/\/lobosnews.com.ar\/index.php\/author\/lobos-news\/"},"magazine_blocks_comment":0,"magazine_blocks_author_image":"https:\/\/secure.gravatar.com\/avatar\/76e419471a2083bc3ceab22a763dbbf9b0c1bd15a6214cf3280e2c2dde4580f9?s=96&d=mm&r=g","magazine_blocks_category":"<a href=\"#\" class=\"category-link category-link-31\">Actualidad<\/a> <a href=\"#\" class=\"category-link category-link-30\">Argentina<\/a> <a href=\"#\" class=\"category-link category-link-32\">econom\u00eda<\/a> <a href=\"#\" class=\"category-link category-link-77\">inseguridad<\/a> <a href=\"#\" class=\"category-link category-link-84\">masradios.com<\/a> <a href=\"#\" class=\"category-link category-link-35\">nacionales<\/a> <a href=\"#\" class=\"category-link category-link-36\">seguridad<\/a> <a href=\"#\" class=\"category-link category-link-37\">sociedad<\/a>","yoast_head":"<!-- This site is optimized with the Yoast SEO plugin v26.6 - https:\/\/yoast.com\/wordpress\/plugins\/seo\/ -->\n<title>C\u00f3mo operaba la organizaci\u00f3n que desvi\u00f3 armas al mercado negro: hay m\u00e1s de 2 mil desaparecidas y un polic\u00eda involucrado - Lobos News<\/title>\n<meta name=\"robots\" content=\"index, follow, max-snippet:-1, max-image-preview:large, max-video-preview:-1\" \/>\n<link rel=\"canonical\" href=\"https:\/\/lobosnews.com.ar\/index.php\/2026\/04\/30\/como-operaba-la-organizacion-que-desvio-armas-al-mercado-negro-hay-mas-de-2-mil-desaparecidas-y-un-policia-involucrado\/\" \/>\n<meta property=\"og:locale\" content=\"es_ES\" \/>\n<meta property=\"og:type\" content=\"article\" \/>\n<meta property=\"og:title\" content=\"C\u00f3mo operaba la organizaci\u00f3n que desvi\u00f3 armas al mercado negro: hay m\u00e1s de 2 mil desaparecidas y un polic\u00eda involucrado - Lobos News\" \/>\n<meta property=\"og:description\" content=\"\u201cNo est\u00e1n\u201d. Este 27 de abril, 772 efectivos de la PFA, dirigidos por el Departamento de Investigaciones de Antimafia, desplegaron 140 allanamientos simult\u00e1neos en diferentes puntos del pa\u00eds, en los que el resultado \u201cnegativo\u201d confirm\u00f3 la hip\u00f3tesis del expediente a cargo del juez federal de Campana, Adri\u00e1n Gonz\u00e1lez Charvay: la existencia de una organizaci\u00f3n, con...\" \/>\n<meta property=\"og:url\" content=\"https:\/\/lobosnews.com.ar\/index.php\/2026\/04\/30\/como-operaba-la-organizacion-que-desvio-armas-al-mercado-negro-hay-mas-de-2-mil-desaparecidas-y-un-policia-involucrado\/\" \/>\n<meta property=\"og:site_name\" content=\"Lobos News\" \/>\n<meta property=\"article:published_time\" content=\"2026-04-30T13:11:52+00:00\" \/>\n<meta property=\"article:modified_time\" content=\"2026-04-30T15:34:37+00:00\" \/>\n<meta property=\"og:image\" content=\"https:\/\/lobosnews.com.ar\/wp-content\/uploads\/2026\/04\/como-operaba-la-organizacion-que-desvio-armas-al-mercado-negro-hay-mas-de-2-mil-desaparecidas-y-un-policia-involucrado.jpg\" \/>\n<meta name=\"author\" content=\"admin\" \/>\n<meta name=\"twitter:card\" content=\"summary_large_image\" \/>\n<meta name=\"twitter:label1\" content=\"Escrito por\" \/>\n\t<meta name=\"twitter:data1\" content=\"admin\" \/>\n\t<meta name=\"twitter:label2\" content=\"Tiempo de lectura\" \/>\n\t<meta name=\"twitter:data2\" content=\"4 minutos\" \/>\n<script type=\"application\/ld+json\" class=\"yoast-schema-graph\">{\"@context\":\"https:\/\/schema.org\",\"@graph\":[{\"@type\":\"Article\",\"@id\":\"https:\/\/lobosnews.com.ar\/index.php\/2026\/04\/30\/como-operaba-la-organizacion-que-desvio-armas-al-mercado-negro-hay-mas-de-2-mil-desaparecidas-y-un-policia-involucrado\/#article\",\"isPartOf\":{\"@id\":\"https:\/\/lobosnews.com.ar\/index.php\/2026\/04\/30\/como-operaba-la-organizacion-que-desvio-armas-al-mercado-negro-hay-mas-de-2-mil-desaparecidas-y-un-policia-involucrado\/\"},\"author\":{\"name\":\"admin\",\"@id\":\"https:\/\/lobosnews.com.ar\/#\/schema\/person\/232422a593d5c541dd9aef6aaed10943\"},\"headline\":\"C\u00f3mo operaba la organizaci\u00f3n que desvi\u00f3 armas al mercado negro: hay m\u00e1s de 2 mil desaparecidas y un polic\u00eda involucrado\",\"datePublished\":\"2026-04-30T13:11:52+00:00\",\"dateModified\":\"2026-04-30T15:34:37+00:00\",\"mainEntityOfPage\":{\"@id\":\"https:\/\/lobosnews.com.ar\/index.php\/2026\/04\/30\/como-operaba-la-organizacion-que-desvio-armas-al-mercado-negro-hay-mas-de-2-mil-desaparecidas-y-un-policia-involucrado\/\"},\"wordCount\":841,\"commentCount\":0,\"publisher\":{\"@id\":\"https:\/\/lobosnews.com.ar\/#organization\"},\"image\":{\"@id\":\"https:\/\/lobosnews.com.ar\/index.php\/2026\/04\/30\/como-operaba-la-organizacion-que-desvio-armas-al-mercado-negro-hay-mas-de-2-mil-desaparecidas-y-un-policia-involucrado\/#primaryimage\"},\"thumbnailUrl\":\"https:\/\/lobosnews.com.ar\/wp-content\/uploads\/2026\/04\/como-operaba-la-organizacion-que-desvio-armas-al-mercado-negro-hay-mas-de-2-mil-desaparecidas-y-un-policia-involucrado-20.jpg\",\"articleSection\":[\"Actualidad\",\"Argentina\",\"econom\u00eda\",\"inseguridad\",\"masradios.com\",\"nacionales\",\"seguridad\",\"sociedad\"],\"inLanguage\":\"es\",\"potentialAction\":[{\"@type\":\"CommentAction\",\"name\":\"Comment\",\"target\":[\"https:\/\/lobosnews.com.ar\/index.php\/2026\/04\/30\/como-operaba-la-organizacion-que-desvio-armas-al-mercado-negro-hay-mas-de-2-mil-desaparecidas-y-un-policia-involucrado\/#respond\"]}]},{\"@type\":\"WebPage\",\"@id\":\"https:\/\/lobosnews.com.ar\/index.php\/2026\/04\/30\/como-operaba-la-organizacion-que-desvio-armas-al-mercado-negro-hay-mas-de-2-mil-desaparecidas-y-un-policia-involucrado\/\",\"url\":\"https:\/\/lobosnews.com.ar\/index.php\/2026\/04\/30\/como-operaba-la-organizacion-que-desvio-armas-al-mercado-negro-hay-mas-de-2-mil-desaparecidas-y-un-policia-involucrado\/\",\"name\":\"C\u00f3mo operaba la organizaci\u00f3n que desvi\u00f3 armas al mercado negro: hay m\u00e1s de 2 mil desaparecidas y un polic\u00eda involucrado - Lobos News\",\"isPartOf\":{\"@id\":\"https:\/\/lobosnews.com.ar\/#website\"},\"primaryImageOfPage\":{\"@id\":\"https:\/\/lobosnews.com.ar\/index.php\/2026\/04\/30\/como-operaba-la-organizacion-que-desvio-armas-al-mercado-negro-hay-mas-de-2-mil-desaparecidas-y-un-policia-involucrado\/#primaryimage\"},\"image\":{\"@id\":\"https:\/\/lobosnews.com.ar\/index.php\/2026\/04\/30\/como-operaba-la-organizacion-que-desvio-armas-al-mercado-negro-hay-mas-de-2-mil-desaparecidas-y-un-policia-involucrado\/#primaryimage\"},\"thumbnailUrl\":\"https:\/\/lobosnews.com.ar\/wp-content\/uploads\/2026\/04\/como-operaba-la-organizacion-que-desvio-armas-al-mercado-negro-hay-mas-de-2-mil-desaparecidas-y-un-policia-involucrado-20.jpg\",\"datePublished\":\"2026-04-30T13:11:52+00:00\",\"dateModified\":\"2026-04-30T15:34:37+00:00\",\"breadcrumb\":{\"@id\":\"https:\/\/lobosnews.com.ar\/index.php\/2026\/04\/30\/como-operaba-la-organizacion-que-desvio-armas-al-mercado-negro-hay-mas-de-2-mil-desaparecidas-y-un-policia-involucrado\/#breadcrumb\"},\"inLanguage\":\"es\",\"potentialAction\":[{\"@type\":\"ReadAction\",\"target\":[\"https:\/\/lobosnews.com.ar\/index.php\/2026\/04\/30\/como-operaba-la-organizacion-que-desvio-armas-al-mercado-negro-hay-mas-de-2-mil-desaparecidas-y-un-policia-involucrado\/\"]}]},{\"@type\":\"ImageObject\",\"inLanguage\":\"es\",\"@id\":\"https:\/\/lobosnews.com.ar\/index.php\/2026\/04\/30\/como-operaba-la-organizacion-que-desvio-armas-al-mercado-negro-hay-mas-de-2-mil-desaparecidas-y-un-policia-involucrado\/#primaryimage\",\"url\":\"https:\/\/lobosnews.com.ar\/wp-content\/uploads\/2026\/04\/como-operaba-la-organizacion-que-desvio-armas-al-mercado-negro-hay-mas-de-2-mil-desaparecidas-y-un-policia-involucrado-20.jpg\",\"contentUrl\":\"https:\/\/lobosnews.com.ar\/wp-content\/uploads\/2026\/04\/como-operaba-la-organizacion-que-desvio-armas-al-mercado-negro-hay-mas-de-2-mil-desaparecidas-y-un-policia-involucrado-20.jpg\",\"width\":1920,\"height\":1280,\"caption\":\"C\u00f3mo operaba la organizaci\u00f3n que desvi\u00f3 armas al mercado negro: hay m\u00e1s de 2 mil desaparecidas y un polic\u00eda involucrado\"},{\"@type\":\"BreadcrumbList\",\"@id\":\"https:\/\/lobosnews.com.ar\/index.php\/2026\/04\/30\/como-operaba-la-organizacion-que-desvio-armas-al-mercado-negro-hay-mas-de-2-mil-desaparecidas-y-un-policia-involucrado\/#breadcrumb\",\"itemListElement\":[{\"@type\":\"ListItem\",\"position\":1,\"name\":\"Portada\",\"item\":\"https:\/\/lobosnews.com.ar\/\"},{\"@type\":\"ListItem\",\"position\":2,\"name\":\"C\u00f3mo operaba la organizaci\u00f3n que desvi\u00f3 armas al mercado negro: hay m\u00e1s de 2 mil desaparecidas y un polic\u00eda involucrado\"}]},{\"@type\":\"WebSite\",\"@id\":\"https:\/\/lobosnews.com.ar\/#website\",\"url\":\"https:\/\/lobosnews.com.ar\/\",\"name\":\"Lobos News\",\"description\":\"Informaci\u00f3n a cada instante\",\"publisher\":{\"@id\":\"https:\/\/lobosnews.com.ar\/#organization\"},\"potentialAction\":[{\"@type\":\"SearchAction\",\"target\":{\"@type\":\"EntryPoint\",\"urlTemplate\":\"https:\/\/lobosnews.com.ar\/?s={search_term_string}\"},\"query-input\":{\"@type\":\"PropertyValueSpecification\",\"valueRequired\":true,\"valueName\":\"search_term_string\"}}],\"inLanguage\":\"es\"},{\"@type\":\"Organization\",\"@id\":\"https:\/\/lobosnews.com.ar\/#organization\",\"name\":\"Lobos News\",\"url\":\"https:\/\/lobosnews.com.ar\/\",\"logo\":{\"@type\":\"ImageObject\",\"inLanguage\":\"es\",\"@id\":\"https:\/\/lobosnews.com.ar\/#\/schema\/logo\/image\/\",\"url\":\"https:\/\/lobosnews.com.ar\/wp-content\/uploads\/2026\/01\/logo-lobosnews.png\",\"contentUrl\":\"https:\/\/lobosnews.com.ar\/wp-content\/uploads\/2026\/01\/logo-lobosnews.png\",\"width\":500,\"height\":200,\"caption\":\"Lobos News\"},\"image\":{\"@id\":\"https:\/\/lobosnews.com.ar\/#\/schema\/logo\/image\/\"}},{\"@type\":\"Person\",\"@id\":\"https:\/\/lobosnews.com.ar\/#\/schema\/person\/232422a593d5c541dd9aef6aaed10943\",\"name\":\"admin\",\"image\":{\"@type\":\"ImageObject\",\"inLanguage\":\"es\",\"@id\":\"https:\/\/lobosnews.com.ar\/#\/schema\/person\/image\/\",\"url\":\"https:\/\/secure.gravatar.com\/avatar\/76e419471a2083bc3ceab22a763dbbf9b0c1bd15a6214cf3280e2c2dde4580f9?s=96&d=mm&r=g\",\"contentUrl\":\"https:\/\/secure.gravatar.com\/avatar\/76e419471a2083bc3ceab22a763dbbf9b0c1bd15a6214cf3280e2c2dde4580f9?s=96&d=mm&r=g\",\"caption\":\"admin\"},\"sameAs\":[\"https:\/\/lobosnews.com.ar\"],\"url\":\"https:\/\/lobosnews.com.ar\/index.php\/author\/lobos-news\/\"}]}<\/script>\n<!-- \/ Yoast SEO plugin. -->","yoast_head_json":{"title":"C\u00f3mo operaba la organizaci\u00f3n que desvi\u00f3 armas al mercado negro: hay m\u00e1s de 2 mil desaparecidas y un polic\u00eda involucrado - Lobos News","robots":{"index":"index","follow":"follow","max-snippet":"max-snippet:-1","max-image-preview":"max-image-preview:large","max-video-preview":"max-video-preview:-1"},"canonical":"https:\/\/lobosnews.com.ar\/index.php\/2026\/04\/30\/como-operaba-la-organizacion-que-desvio-armas-al-mercado-negro-hay-mas-de-2-mil-desaparecidas-y-un-policia-involucrado\/","og_locale":"es_ES","og_type":"article","og_title":"C\u00f3mo operaba la organizaci\u00f3n que desvi\u00f3 armas al mercado negro: hay m\u00e1s de 2 mil desaparecidas y un polic\u00eda involucrado - Lobos News","og_description":"\u201cNo est\u00e1n\u201d. Este 27 de abril, 772 efectivos de la PFA, dirigidos por el Departamento de Investigaciones de Antimafia, desplegaron 140 allanamientos simult\u00e1neos en diferentes puntos del pa\u00eds, en los que el resultado \u201cnegativo\u201d confirm\u00f3 la hip\u00f3tesis del expediente a cargo del juez federal de Campana, Adri\u00e1n Gonz\u00e1lez Charvay: la existencia de una organizaci\u00f3n, con...","og_url":"https:\/\/lobosnews.com.ar\/index.php\/2026\/04\/30\/como-operaba-la-organizacion-que-desvio-armas-al-mercado-negro-hay-mas-de-2-mil-desaparecidas-y-un-policia-involucrado\/","og_site_name":"Lobos News","article_published_time":"2026-04-30T13:11:52+00:00","article_modified_time":"2026-04-30T15:34:37+00:00","og_image":[{"url":"https:\/\/lobosnews.com.ar\/wp-content\/uploads\/2026\/04\/como-operaba-la-organizacion-que-desvio-armas-al-mercado-negro-hay-mas-de-2-mil-desaparecidas-y-un-policia-involucrado.jpg","type":"","width":"","height":""}],"author":"admin","twitter_card":"summary_large_image","twitter_misc":{"Escrito por":"admin","Tiempo de lectura":"4 minutos"},"schema":{"@context":"https:\/\/schema.org","@graph":[{"@type":"Article","@id":"https:\/\/lobosnews.com.ar\/index.php\/2026\/04\/30\/como-operaba-la-organizacion-que-desvio-armas-al-mercado-negro-hay-mas-de-2-mil-desaparecidas-y-un-policia-involucrado\/#article","isPartOf":{"@id":"https:\/\/lobosnews.com.ar\/index.php\/2026\/04\/30\/como-operaba-la-organizacion-que-desvio-armas-al-mercado-negro-hay-mas-de-2-mil-desaparecidas-y-un-policia-involucrado\/"},"author":{"name":"admin","@id":"https:\/\/lobosnews.com.ar\/#\/schema\/person\/232422a593d5c541dd9aef6aaed10943"},"headline":"C\u00f3mo operaba la organizaci\u00f3n que desvi\u00f3 armas al mercado negro: hay m\u00e1s de 2 mil desaparecidas y un polic\u00eda involucrado","datePublished":"2026-04-30T13:11:52+00:00","dateModified":"2026-04-30T15:34:37+00:00","mainEntityOfPage":{"@id":"https:\/\/lobosnews.com.ar\/index.php\/2026\/04\/30\/como-operaba-la-organizacion-que-desvio-armas-al-mercado-negro-hay-mas-de-2-mil-desaparecidas-y-un-policia-involucrado\/"},"wordCount":841,"commentCount":0,"publisher":{"@id":"https:\/\/lobosnews.com.ar\/#organization"},"image":{"@id":"https:\/\/lobosnews.com.ar\/index.php\/2026\/04\/30\/como-operaba-la-organizacion-que-desvio-armas-al-mercado-negro-hay-mas-de-2-mil-desaparecidas-y-un-policia-involucrado\/#primaryimage"},"thumbnailUrl":"https:\/\/lobosnews.com.ar\/wp-content\/uploads\/2026\/04\/como-operaba-la-organizacion-que-desvio-armas-al-mercado-negro-hay-mas-de-2-mil-desaparecidas-y-un-policia-involucrado-20.jpg","articleSection":["Actualidad","Argentina","econom\u00eda","inseguridad","masradios.com","nacionales","seguridad","sociedad"],"inLanguage":"es","potentialAction":[{"@type":"CommentAction","name":"Comment","target":["https:\/\/lobosnews.com.ar\/index.php\/2026\/04\/30\/como-operaba-la-organizacion-que-desvio-armas-al-mercado-negro-hay-mas-de-2-mil-desaparecidas-y-un-policia-involucrado\/#respond"]}]},{"@type":"WebPage","@id":"https:\/\/lobosnews.com.ar\/index.php\/2026\/04\/30\/como-operaba-la-organizacion-que-desvio-armas-al-mercado-negro-hay-mas-de-2-mil-desaparecidas-y-un-policia-involucrado\/","url":"https:\/\/lobosnews.com.ar\/index.php\/2026\/04\/30\/como-operaba-la-organizacion-que-desvio-armas-al-mercado-negro-hay-mas-de-2-mil-desaparecidas-y-un-policia-involucrado\/","name":"C\u00f3mo operaba la organizaci\u00f3n que desvi\u00f3 armas al mercado negro: hay m\u00e1s de 2 mil desaparecidas y un polic\u00eda involucrado - Lobos News","isPartOf":{"@id":"https:\/\/lobosnews.com.ar\/#website"},"primaryImageOfPage":{"@id":"https:\/\/lobosnews.com.ar\/index.php\/2026\/04\/30\/como-operaba-la-organizacion-que-desvio-armas-al-mercado-negro-hay-mas-de-2-mil-desaparecidas-y-un-policia-involucrado\/#primaryimage"},"image":{"@id":"https:\/\/lobosnews.com.ar\/index.php\/2026\/04\/30\/como-operaba-la-organizacion-que-desvio-armas-al-mercado-negro-hay-mas-de-2-mil-desaparecidas-y-un-policia-involucrado\/#primaryimage"},"thumbnailUrl":"https:\/\/lobosnews.com.ar\/wp-content\/uploads\/2026\/04\/como-operaba-la-organizacion-que-desvio-armas-al-mercado-negro-hay-mas-de-2-mil-desaparecidas-y-un-policia-involucrado-20.jpg","datePublished":"2026-04-30T13:11:52+00:00","dateModified":"2026-04-30T15:34:37+00:00","breadcrumb":{"@id":"https:\/\/lobosnews.com.ar\/index.php\/2026\/04\/30\/como-operaba-la-organizacion-que-desvio-armas-al-mercado-negro-hay-mas-de-2-mil-desaparecidas-y-un-policia-involucrado\/#breadcrumb"},"inLanguage":"es","potentialAction":[{"@type":"ReadAction","target":["https:\/\/lobosnews.com.ar\/index.php\/2026\/04\/30\/como-operaba-la-organizacion-que-desvio-armas-al-mercado-negro-hay-mas-de-2-mil-desaparecidas-y-un-policia-involucrado\/"]}]},{"@type":"ImageObject","inLanguage":"es","@id":"https:\/\/lobosnews.com.ar\/index.php\/2026\/04\/30\/como-operaba-la-organizacion-que-desvio-armas-al-mercado-negro-hay-mas-de-2-mil-desaparecidas-y-un-policia-involucrado\/#primaryimage","url":"https:\/\/lobosnews.com.ar\/wp-content\/uploads\/2026\/04\/como-operaba-la-organizacion-que-desvio-armas-al-mercado-negro-hay-mas-de-2-mil-desaparecidas-y-un-policia-involucrado-20.jpg","contentUrl":"https:\/\/lobosnews.com.ar\/wp-content\/uploads\/2026\/04\/como-operaba-la-organizacion-que-desvio-armas-al-mercado-negro-hay-mas-de-2-mil-desaparecidas-y-un-policia-involucrado-20.jpg","width":1920,"height":1280,"caption":"C\u00f3mo operaba la organizaci\u00f3n que desvi\u00f3 armas al mercado negro: hay m\u00e1s de 2 mil desaparecidas y un polic\u00eda involucrado"},{"@type":"BreadcrumbList","@id":"https:\/\/lobosnews.com.ar\/index.php\/2026\/04\/30\/como-operaba-la-organizacion-que-desvio-armas-al-mercado-negro-hay-mas-de-2-mil-desaparecidas-y-un-policia-involucrado\/#breadcrumb","itemListElement":[{"@type":"ListItem","position":1,"name":"Portada","item":"https:\/\/lobosnews.com.ar\/"},{"@type":"ListItem","position":2,"name":"C\u00f3mo operaba la organizaci\u00f3n que desvi\u00f3 armas al mercado negro: hay m\u00e1s de 2 mil desaparecidas y un polic\u00eda involucrado"}]},{"@type":"WebSite","@id":"https:\/\/lobosnews.com.ar\/#website","url":"https:\/\/lobosnews.com.ar\/","name":"Lobos News","description":"Informaci\u00f3n a cada instante","publisher":{"@id":"https:\/\/lobosnews.com.ar\/#organization"},"potentialAction":[{"@type":"SearchAction","target":{"@type":"EntryPoint","urlTemplate":"https:\/\/lobosnews.com.ar\/?s={search_term_string}"},"query-input":{"@type":"PropertyValueSpecification","valueRequired":true,"valueName":"search_term_string"}}],"inLanguage":"es"},{"@type":"Organization","@id":"https:\/\/lobosnews.com.ar\/#organization","name":"Lobos News","url":"https:\/\/lobosnews.com.ar\/","logo":{"@type":"ImageObject","inLanguage":"es","@id":"https:\/\/lobosnews.com.ar\/#\/schema\/logo\/image\/","url":"https:\/\/lobosnews.com.ar\/wp-content\/uploads\/2026\/01\/logo-lobosnews.png","contentUrl":"https:\/\/lobosnews.com.ar\/wp-content\/uploads\/2026\/01\/logo-lobosnews.png","width":500,"height":200,"caption":"Lobos News"},"image":{"@id":"https:\/\/lobosnews.com.ar\/#\/schema\/logo\/image\/"}},{"@type":"Person","@id":"https:\/\/lobosnews.com.ar\/#\/schema\/person\/232422a593d5c541dd9aef6aaed10943","name":"admin","image":{"@type":"ImageObject","inLanguage":"es","@id":"https:\/\/lobosnews.com.ar\/#\/schema\/person\/image\/","url":"https:\/\/secure.gravatar.com\/avatar\/76e419471a2083bc3ceab22a763dbbf9b0c1bd15a6214cf3280e2c2dde4580f9?s=96&d=mm&r=g","contentUrl":"https:\/\/secure.gravatar.com\/avatar\/76e419471a2083bc3ceab22a763dbbf9b0c1bd15a6214cf3280e2c2dde4580f9?s=96&d=mm&r=g","caption":"admin"},"sameAs":["https:\/\/lobosnews.com.ar"],"url":"https:\/\/lobosnews.com.ar\/index.php\/author\/lobos-news\/"}]}},"jetpack_featured_media_url":"https:\/\/lobosnews.com.ar\/wp-content\/uploads\/2026\/04\/como-operaba-la-organizacion-que-desvio-armas-al-mercado-negro-hay-mas-de-2-mil-desaparecidas-y-un-policia-involucrado-20.jpg","jetpack_sharing_enabled":true,"_links":{"self":[{"href":"https:\/\/lobosnews.com.ar\/index.php\/wp-json\/wp\/v2\/posts\/47789","targetHints":{"allow":["GET"]}}],"collection":[{"href":"https:\/\/lobosnews.com.ar\/index.php\/wp-json\/wp\/v2\/posts"}],"about":[{"href":"https:\/\/lobosnews.com.ar\/index.php\/wp-json\/wp\/v2\/types\/post"}],"author":[{"embeddable":true,"href":"https:\/\/lobosnews.com.ar\/index.php\/wp-json\/wp\/v2\/users\/1"}],"replies":[{"embeddable":true,"href":"https:\/\/lobosnews.com.ar\/index.php\/wp-json\/wp\/v2\/comments?post=47789"}],"version-history":[{"count":1,"href":"https:\/\/lobosnews.com.ar\/index.php\/wp-json\/wp\/v2\/posts\/47789\/revisions"}],"predecessor-version":[{"id":47803,"href":"https:\/\/lobosnews.com.ar\/index.php\/wp-json\/wp\/v2\/posts\/47789\/revisions\/47803"}],"wp:featuredmedia":[{"embeddable":true,"href":"https:\/\/lobosnews.com.ar\/index.php\/wp-json\/wp\/v2\/media\/47804"}],"wp:attachment":[{"href":"https:\/\/lobosnews.com.ar\/index.php\/wp-json\/wp\/v2\/media?parent=47789"}],"wp:term":[{"taxonomy":"category","embeddable":true,"href":"https:\/\/lobosnews.com.ar\/index.php\/wp-json\/wp\/v2\/categories?post=47789"},{"taxonomy":"post_tag","embeddable":true,"href":"https:\/\/lobosnews.com.ar\/index.php\/wp-json\/wp\/v2\/tags?post=47789"}],"curies":[{"name":"wp","href":"https:\/\/api.w.org\/{rel}","templated":true}]}}