{"id":47769,"date":"2026-04-30T14:12:23","date_gmt":"2026-04-30T14:12:23","guid":{"rendered":"https:\/\/lobosnews.com.ar\/index.php\/2026\/04\/30\/juicio-por-la-muerte-de-maradona-en-vivo-no-tenia-ni-para-banarse-declaro-veronica-ojeda-sobre-la-casa-donde-murio-diego\/"},"modified":"2026-04-30T15:31:18","modified_gmt":"2026-04-30T15:31:18","slug":"juicio-por-la-muerte-de-maradona-en-vivo-no-tenia-ni-para-banarse-declaro-veronica-ojeda-sobre-la-casa-donde-murio-diego","status":"publish","type":"post","link":"https:\/\/lobosnews.com.ar\/index.php\/2026\/04\/30\/juicio-por-la-muerte-de-maradona-en-vivo-no-tenia-ni-para-banarse-declaro-veronica-ojeda-sobre-la-casa-donde-murio-diego\/","title":{"rendered":"Juicio por la muerte de Maradona, en vivo: \u201cNo ten\u00eda ni para ba\u00f1arse\u201d, declar\u00f3 Ver\u00f3nica Ojeda sobre la casa donde muri\u00f3 Diego"},"content":{"rendered":"<p><img fetchpriority=\"high\" decoding=\"async\" src=\"https:\/\/lobosnews.com.ar\/wp-content\/uploads\/2026\/04\/juicio-por-la-muerte-de-maradona-en-vivo-no-tenia-ni-para-banarse-declaro-veronica-ojeda-sobre-la-casa-donde-murio-diego.jpg\" alt=\"Ver\u00f3nica Ojeda, expareja de Diego Maradona\" height=\"1080\" width=\"1920\"\/><\/p>\n<p>El debate oral por la causa Maradona continuar\u00e1 este jueves a partir de las 10.30. <b>Ver\u00f3nica Ojeda<\/b>, madre del hijo menor de <b>Diego Maradona<\/b>, seguir\u00e1 declarando ante el tribunal. Posteriormente, las partes deber\u00e1n decidir si se reproduce o no el audio que ella misma present\u00f3 el martes como nueva prueba.<\/p>\n<p>Tambi\u00e9n declarar\u00e1 el m\u00e9dico <b>Colin Campbell<\/b>, que fue el primero en asistir a Maradona cuando se descompens\u00f3, y se espera que ampl\u00ede su indagatoria el psic\u00f3logo imputado <b>Carlos D\u00edaz<\/b>.<\/p>\n<h2>Ojeda asegur\u00f3 que hab\u00eda advertido que Maradona estaba hinchado<\/h2>\n<p><b>\u201cEl 18 de noviembre de 2020 lo vi a Diego y ya no estaba bien, estaba hinchado, estaba malo<\/b>. Solo a Dieguito lo dejaba entrar. Ese d\u00eda estaba agresivo, enojado, insultaba. Y nadie quer\u00eda entrar. Yo estuve muy poco tiempo. <b>Yo avis\u00e9 de esto, porque no pod\u00eda ser. Nadie lo iba a atender. <\/b>(El psic\u00f3logo imputado) Carlos D\u00edaz hab\u00eda estado ese d\u00eda, pero entr\u00f3 y se fue. No pod\u00eda ser as\u00ed\u201d, declar\u00f3.<\/p>\n<h2>\u201cNos dijeron todo al rev\u00e9s\u201d<\/h2>\n<p><img loading=\"lazy\" decoding=\"async\" src=\"https:\/\/lobosnews.com.ar\/wp-content\/uploads\/2026\/04\/juicio-por-la-muerte-de-maradona-en-vivo-no-tenia-ni-para-banarse-declaro-veronica-ojeda-sobre-la-casa-donde-murio-diego-1.jpg\" alt=\"La psiquiatra Agustina Cosachov detr\u00e1s de sus abogados, una de las apuntadas por Ver\u00f3nica Ojeda\" height=\"3911\" width=\"5866\"\/><\/p>\n<p>Sobre la internaci\u00f3n domiciliaria, Ver\u00f3nica Ojeda record\u00f3 que la idea fue de <b>Agustina Cosachov<\/b> y <b>Leopoldo Luque<\/b>. \u201cEllos nos dijeron que iba a ser una internaci\u00f3n domiciliaria y que iba a tener todo. <b>Eso est\u00e1 en el audio que aport\u00e9 el otro d\u00eda a los jueces. Nos dijeron que iba a haber de todo y no hab\u00eda nada, ni un aparato para la presi\u00f3n.<\/b> En esa reuni\u00f3n nos dijeron todo al rev\u00e9s\u201d, dijo sobre el encuentro en la Cl\u00ednica Olivos donde se defini\u00f3 la externaci\u00f3n del Diez.<\/p>\n<h2>\u201cDiego no ten\u00eda ni para ba\u00f1arse\u201d: la descripci\u00f3n de Ojeda sobre la casa donde muri\u00f3 Maradona<\/h2>\n<p>Ver\u00f3nica Ojeda reanud\u00f3 su declaraci\u00f3n describiendo la casa donde estuvo Maradona en sus \u00faltimos d\u00edas. \u201cLa casa no estaba en condiciones para una internaci\u00f3n domiciliaria. <b>Hab\u00eda dos ba\u00f1os, el de arriba estaba \u00f3ptimo para Diego, pero abajo hab\u00eda solo un toilet, era un inodoro y lavatory. No ten\u00eda nada para ba\u00f1arse. No se pod\u00eda asear\u201d<\/b>, dijo en tono de indignaci\u00f3n. <\/p>\n<p>\u201cPor eso pusieron una pelela adentro de la habitaci\u00f3n de Diego, que en realidad era un playroom, con una cortina plegadiza que se ve\u00eda a un metro m\u00e1s o menos la luz, no se cerraba del todo. <b>Hab\u00eda mucha suciedad, la habitaci\u00f3n de Diego estaba en muy mal estado. Hab\u00eda un olor terrible, no se pod\u00eda estar\u201d<\/b>, sigui\u00f3.<\/p>\n<h2>Entr\u00f3 a declarar Ver\u00f3nica Ojeda<\/h2>\n<p>La expareja del astro argentino comenz\u00f3 a brindar su declaraci\u00f3n pasadas las 10.30. Se esperan definiciones clave.<\/p>\n<h2>Gianinna Maradona espera en la sala la declaraci\u00f3n de Ver\u00f3nica Ojeda<\/h2>\n<p>Como todos los martes y jueves, la hija del Diez asisti\u00f3 a la audiencia del juicio por la muerte de su padre. <b>No solo escucha, sino que tiene un rol activo: comenta con su abogado Fernando Burlando y en los cuartos intermedios debate y hace sugerencias.<\/b><\/p>\n<h2>Arranca la audiencia<\/h2>\n<p>La jornada comenz\u00f3 media hora m\u00e1s tarde de lo pautado. El juez Alberto Gaig, al ingresar a la sala, llam\u00f3 la atenci\u00f3n de las partes y pidi\u00f3 a todos que se comprometan con el horario de las 10 de la ma\u00f1ana.<\/p>\n<h2>Leopoldo Luque lleg\u00f3 m\u00e1s confiado y entr\u00f3 al tribunal sin custodia<\/h2>\n<p><img loading=\"lazy\" decoding=\"async\" src=\"https:\/\/lobosnews.com.ar\/wp-content\/uploads\/2026\/04\/juicio-por-la-muerte-de-maradona-en-vivo-no-tenia-ni-para-banarse-declaro-veronica-ojeda-sobre-la-casa-donde-murio-diego-3.jpg\" alt=\"Leopoldo Luque (Fotograf\u00eda: RSFotos)\" height=\"3326\" width=\"4989\"\/><\/p>\n<p>El desarrollo del juicio lo tiene conforme al principal imputado de la causa. Este jueves, por primera vez, entr\u00f3 sin personal policial al tribunal.<\/p>\n<p>Ingres\u00f3 conforme su abogado Francisco Oneto.<\/p>\n<h2>Lleg\u00f3 Ojeda<\/h2>\n<p>Ver\u00f3nica Ojeda, madre del hijo menor de Diego Maradona, lleg\u00f3 a los tribunales de San Isidro con casi una hora de anticipaci\u00f3n. Seguir\u00e1 declarando ante el tribunal y, luego, las partes deber\u00e1n decidir si se reproduce o no el audio que ella misma present\u00f3 el martes como nueva evidencia.<\/p>\n<p>\/sociedad\/policiales\/2026\/04\/30\/juicio-por-maradona-declara-ojeda-el-medico-que-le-hizo-rcp-a-diego-y-se-define-que-pasa-con-los-nuevos-audios\/<\/p>\n","protected":false},"excerpt":{"rendered":"<p>El debate oral por la causa Maradona continuar\u00e1 este jueves a partir de las 10.30. Ver\u00f3nica Ojeda, madre del hijo menor de Diego Maradona, seguir\u00e1 declarando ante el tribunal. Posteriormente, las partes deber\u00e1n decidir si se reproduce o no el audio que ella misma present\u00f3 el martes como nueva prueba. Tambi\u00e9n declarar\u00e1 el m\u00e9dico Colin&#8230;<\/p>\n","protected":false},"author":1,"featured_media":47778,"comment_status":"open","ping_status":"closed","sticky":false,"template":"","format":"standard","meta":{"_jetpack_memberships_contains_paid_content":false,"footnotes":""},"categories":[31,30,32,77,84,35,36,37],"tags":[],"class_list":["post-47769","post","type-post","status-publish","format-standard","has-post-thumbnail","hentry","category-actualidad","category-argentina","category-economia","category-inseguridad","category-masradios-com","category-nacionales","category-seguridad","category-sociedad"],"magazineBlocksPostFeaturedMedia":{"thumbnail":"https:\/\/lobosnews.com.ar\/wp-content\/uploads\/2026\/04\/juicio-por-la-muerte-de-maradona-en-vivo-no-tenia-ni-para-banarse-declaro-veronica-ojeda-sobre-la-casa-donde-murio-diego-7-150x150.jpg","medium":"https:\/\/lobosnews.com.ar\/wp-content\/uploads\/2026\/04\/juicio-por-la-muerte-de-maradona-en-vivo-no-tenia-ni-para-banarse-declaro-veronica-ojeda-sobre-la-casa-donde-murio-diego-7-300x200.jpg","medium_large":"https:\/\/lobosnews.com.ar\/wp-content\/uploads\/2026\/04\/juicio-por-la-muerte-de-maradona-en-vivo-no-tenia-ni-para-banarse-declaro-veronica-ojeda-sobre-la-casa-donde-murio-diego-7-768x512.jpg","large":"https:\/\/lobosnews.com.ar\/wp-content\/uploads\/2026\/04\/juicio-por-la-muerte-de-maradona-en-vivo-no-tenia-ni-para-banarse-declaro-veronica-ojeda-sobre-la-casa-donde-murio-diego-7-1024x683.jpg","1536x1536":"https:\/\/lobosnews.com.ar\/wp-content\/uploads\/2026\/04\/juicio-por-la-muerte-de-maradona-en-vivo-no-tenia-ni-para-banarse-declaro-veronica-ojeda-sobre-la-casa-donde-murio-diego-7-1536x1024.jpg","2048x2048":"https:\/\/lobosnews.com.ar\/wp-content\/uploads\/2026\/04\/juicio-por-la-muerte-de-maradona-en-vivo-no-tenia-ni-para-banarse-declaro-veronica-ojeda-sobre-la-casa-donde-murio-diego-7-2048x1365.jpg","newsmatic-featured":"https:\/\/lobosnews.com.ar\/wp-content\/uploads\/2026\/04\/juicio-por-la-muerte-de-maradona-en-vivo-no-tenia-ni-para-banarse-declaro-veronica-ojeda-sobre-la-casa-donde-murio-diego-7-820x545.jpg","newsmatic-list":"https:\/\/lobosnews.com.ar\/wp-content\/uploads\/2026\/04\/juicio-por-la-muerte-de-maradona-en-vivo-no-tenia-ni-para-banarse-declaro-veronica-ojeda-sobre-la-casa-donde-murio-diego-7-600x400.jpg","newsmatic-thumb":"https:\/\/lobosnews.com.ar\/wp-content\/uploads\/2026\/04\/juicio-por-la-muerte-de-maradona-en-vivo-no-tenia-ni-para-banarse-declaro-veronica-ojeda-sobre-la-casa-donde-murio-diego-7-300x200.jpg","newsmatic-small":"https:\/\/lobosnews.com.ar\/wp-content\/uploads\/2026\/04\/juicio-por-la-muerte-de-maradona-en-vivo-no-tenia-ni-para-banarse-declaro-veronica-ojeda-sobre-la-casa-donde-murio-diego-7-150x95.jpg","newsmatic-grid":"https:\/\/lobosnews.com.ar\/wp-content\/uploads\/2026\/04\/juicio-por-la-muerte-de-maradona-en-vivo-no-tenia-ni-para-banarse-declaro-veronica-ojeda-sobre-la-casa-donde-murio-diego-7-400x250.jpg"},"magazineBlocksPostAuthor":{"name":"admin","avatar":"https:\/\/secure.gravatar.com\/avatar\/76e419471a2083bc3ceab22a763dbbf9b0c1bd15a6214cf3280e2c2dde4580f9?s=96&d=mm&r=g"},"magazineBlocksPostCommentsNumber":"0","magazineBlocksPostExcerpt":"El debate oral por la causa Maradona continuar\u00e1 este jueves a partir de las 10.30. Ver\u00f3nica Ojeda, madre del hijo menor de Diego Maradona, seguir\u00e1 declarando ante el tribunal. Posteriormente, las partes deber\u00e1n decidir si se reproduce o no el audio que ella misma present\u00f3 el martes como nueva prueba. Tambi\u00e9n declarar\u00e1 el m\u00e9dico Colin...","magazineBlocksPostCategories":["Actualidad","Argentina","econom\u00eda","inseguridad","masradios.com","nacionales","seguridad","sociedad"],"magazineBlocksPostViewCount":4,"magazineBlocksPostReadTime":4,"magazine_blocks_featured_image_url":{"full":["https:\/\/lobosnews.com.ar\/wp-content\/uploads\/2026\/04\/juicio-por-la-muerte-de-maradona-en-vivo-no-tenia-ni-para-banarse-declaro-veronica-ojeda-sobre-la-casa-donde-murio-diego-7-scaled.jpg",2560,1707,false],"medium":["https:\/\/lobosnews.com.ar\/wp-content\/uploads\/2026\/04\/juicio-por-la-muerte-de-maradona-en-vivo-no-tenia-ni-para-banarse-declaro-veronica-ojeda-sobre-la-casa-donde-murio-diego-7-300x200.jpg",300,200,true],"thumbnail":["https:\/\/lobosnews.com.ar\/wp-content\/uploads\/2026\/04\/juicio-por-la-muerte-de-maradona-en-vivo-no-tenia-ni-para-banarse-declaro-veronica-ojeda-sobre-la-casa-donde-murio-diego-7-150x150.jpg",150,150,true]},"magazine_blocks_author":{"display_name":"admin","author_link":"https:\/\/lobosnews.com.ar\/index.php\/author\/lobos-news\/"},"magazine_blocks_comment":0,"magazine_blocks_author_image":"https:\/\/secure.gravatar.com\/avatar\/76e419471a2083bc3ceab22a763dbbf9b0c1bd15a6214cf3280e2c2dde4580f9?s=96&d=mm&r=g","magazine_blocks_category":"<a href=\"#\" class=\"category-link category-link-31\">Actualidad<\/a> <a href=\"#\" class=\"category-link category-link-30\">Argentina<\/a> <a href=\"#\" class=\"category-link category-link-32\">econom\u00eda<\/a> <a href=\"#\" class=\"category-link category-link-77\">inseguridad<\/a> <a href=\"#\" class=\"category-link category-link-84\">masradios.com<\/a> <a href=\"#\" class=\"category-link category-link-35\">nacionales<\/a> <a href=\"#\" class=\"category-link category-link-36\">seguridad<\/a> <a href=\"#\" class=\"category-link category-link-37\">sociedad<\/a>","yoast_head":"<!-- This site is optimized with the Yoast SEO plugin v26.6 - https:\/\/yoast.com\/wordpress\/plugins\/seo\/ -->\n<title>Juicio por la muerte de Maradona, en vivo: \u201cNo ten\u00eda ni para ba\u00f1arse\u201d, declar\u00f3 Ver\u00f3nica Ojeda sobre la casa donde muri\u00f3 Diego - Lobos News<\/title>\n<meta name=\"robots\" content=\"index, follow, max-snippet:-1, max-image-preview:large, max-video-preview:-1\" \/>\n<link rel=\"canonical\" href=\"https:\/\/lobosnews.com.ar\/index.php\/2026\/04\/30\/juicio-por-la-muerte-de-maradona-en-vivo-no-tenia-ni-para-banarse-declaro-veronica-ojeda-sobre-la-casa-donde-murio-diego\/\" \/>\n<meta property=\"og:locale\" content=\"es_ES\" \/>\n<meta property=\"og:type\" content=\"article\" \/>\n<meta property=\"og:title\" content=\"Juicio por la muerte de Maradona, en vivo: \u201cNo ten\u00eda ni para ba\u00f1arse\u201d, declar\u00f3 Ver\u00f3nica Ojeda sobre la casa donde muri\u00f3 Diego - Lobos News\" \/>\n<meta property=\"og:description\" content=\"El debate oral por la causa Maradona continuar\u00e1 este jueves a partir de las 10.30. Ver\u00f3nica Ojeda, madre del hijo menor de Diego Maradona, seguir\u00e1 declarando ante el tribunal. Posteriormente, las partes deber\u00e1n decidir si se reproduce o no el audio que ella misma present\u00f3 el martes como nueva prueba. Tambi\u00e9n declarar\u00e1 el m\u00e9dico Colin...\" \/>\n<meta property=\"og:url\" content=\"https:\/\/lobosnews.com.ar\/index.php\/2026\/04\/30\/juicio-por-la-muerte-de-maradona-en-vivo-no-tenia-ni-para-banarse-declaro-veronica-ojeda-sobre-la-casa-donde-murio-diego\/\" \/>\n<meta property=\"og:site_name\" content=\"Lobos News\" \/>\n<meta property=\"article:published_time\" content=\"2026-04-30T14:12:23+00:00\" \/>\n<meta property=\"article:modified_time\" content=\"2026-04-30T15:31:18+00:00\" \/>\n<meta property=\"og:image\" content=\"https:\/\/lobosnews.com.ar\/wp-content\/uploads\/2026\/04\/juicio-por-la-muerte-de-maradona-en-vivo-no-tenia-ni-para-banarse-declaro-veronica-ojeda-sobre-la-casa-donde-murio-diego.jpg\" \/>\n<meta name=\"author\" content=\"admin\" \/>\n<meta name=\"twitter:card\" content=\"summary_large_image\" \/>\n<meta name=\"twitter:label1\" content=\"Escrito por\" \/>\n\t<meta name=\"twitter:data1\" content=\"admin\" \/>\n\t<meta name=\"twitter:label2\" content=\"Tiempo de lectura\" \/>\n\t<meta name=\"twitter:data2\" content=\"3 minutos\" \/>\n<script type=\"application\/ld+json\" class=\"yoast-schema-graph\">{\"@context\":\"https:\/\/schema.org\",\"@graph\":[{\"@type\":\"Article\",\"@id\":\"https:\/\/lobosnews.com.ar\/index.php\/2026\/04\/30\/juicio-por-la-muerte-de-maradona-en-vivo-no-tenia-ni-para-banarse-declaro-veronica-ojeda-sobre-la-casa-donde-murio-diego\/#article\",\"isPartOf\":{\"@id\":\"https:\/\/lobosnews.com.ar\/index.php\/2026\/04\/30\/juicio-por-la-muerte-de-maradona-en-vivo-no-tenia-ni-para-banarse-declaro-veronica-ojeda-sobre-la-casa-donde-murio-diego\/\"},\"author\":{\"name\":\"admin\",\"@id\":\"https:\/\/lobosnews.com.ar\/#\/schema\/person\/232422a593d5c541dd9aef6aaed10943\"},\"headline\":\"Juicio por la muerte de Maradona, en vivo: \u201cNo ten\u00eda ni para ba\u00f1arse\u201d, declar\u00f3 Ver\u00f3nica Ojeda sobre la casa donde muri\u00f3 Diego\",\"datePublished\":\"2026-04-30T14:12:23+00:00\",\"dateModified\":\"2026-04-30T15:31:18+00:00\",\"mainEntityOfPage\":{\"@id\":\"https:\/\/lobosnews.com.ar\/index.php\/2026\/04\/30\/juicio-por-la-muerte-de-maradona-en-vivo-no-tenia-ni-para-banarse-declaro-veronica-ojeda-sobre-la-casa-donde-murio-diego\/\"},\"wordCount\":683,\"commentCount\":0,\"publisher\":{\"@id\":\"https:\/\/lobosnews.com.ar\/#organization\"},\"image\":{\"@id\":\"https:\/\/lobosnews.com.ar\/index.php\/2026\/04\/30\/juicio-por-la-muerte-de-maradona-en-vivo-no-tenia-ni-para-banarse-declaro-veronica-ojeda-sobre-la-casa-donde-murio-diego\/#primaryimage\"},\"thumbnailUrl\":\"https:\/\/lobosnews.com.ar\/wp-content\/uploads\/2026\/04\/juicio-por-la-muerte-de-maradona-en-vivo-no-tenia-ni-para-banarse-declaro-veronica-ojeda-sobre-la-casa-donde-murio-diego-7-scaled.jpg\",\"articleSection\":[\"Actualidad\",\"Argentina\",\"econom\u00eda\",\"inseguridad\",\"masradios.com\",\"nacionales\",\"seguridad\",\"sociedad\"],\"inLanguage\":\"es\",\"potentialAction\":[{\"@type\":\"CommentAction\",\"name\":\"Comment\",\"target\":[\"https:\/\/lobosnews.com.ar\/index.php\/2026\/04\/30\/juicio-por-la-muerte-de-maradona-en-vivo-no-tenia-ni-para-banarse-declaro-veronica-ojeda-sobre-la-casa-donde-murio-diego\/#respond\"]}]},{\"@type\":\"WebPage\",\"@id\":\"https:\/\/lobosnews.com.ar\/index.php\/2026\/04\/30\/juicio-por-la-muerte-de-maradona-en-vivo-no-tenia-ni-para-banarse-declaro-veronica-ojeda-sobre-la-casa-donde-murio-diego\/\",\"url\":\"https:\/\/lobosnews.com.ar\/index.php\/2026\/04\/30\/juicio-por-la-muerte-de-maradona-en-vivo-no-tenia-ni-para-banarse-declaro-veronica-ojeda-sobre-la-casa-donde-murio-diego\/\",\"name\":\"Juicio por la muerte de Maradona, en vivo: \u201cNo ten\u00eda ni para ba\u00f1arse\u201d, declar\u00f3 Ver\u00f3nica Ojeda sobre la casa donde muri\u00f3 Diego - Lobos News\",\"isPartOf\":{\"@id\":\"https:\/\/lobosnews.com.ar\/#website\"},\"primaryImageOfPage\":{\"@id\":\"https:\/\/lobosnews.com.ar\/index.php\/2026\/04\/30\/juicio-por-la-muerte-de-maradona-en-vivo-no-tenia-ni-para-banarse-declaro-veronica-ojeda-sobre-la-casa-donde-murio-diego\/#primaryimage\"},\"image\":{\"@id\":\"https:\/\/lobosnews.com.ar\/index.php\/2026\/04\/30\/juicio-por-la-muerte-de-maradona-en-vivo-no-tenia-ni-para-banarse-declaro-veronica-ojeda-sobre-la-casa-donde-murio-diego\/#primaryimage\"},\"thumbnailUrl\":\"https:\/\/lobosnews.com.ar\/wp-content\/uploads\/2026\/04\/juicio-por-la-muerte-de-maradona-en-vivo-no-tenia-ni-para-banarse-declaro-veronica-ojeda-sobre-la-casa-donde-murio-diego-7-scaled.jpg\",\"datePublished\":\"2026-04-30T14:12:23+00:00\",\"dateModified\":\"2026-04-30T15:31:18+00:00\",\"breadcrumb\":{\"@id\":\"https:\/\/lobosnews.com.ar\/index.php\/2026\/04\/30\/juicio-por-la-muerte-de-maradona-en-vivo-no-tenia-ni-para-banarse-declaro-veronica-ojeda-sobre-la-casa-donde-murio-diego\/#breadcrumb\"},\"inLanguage\":\"es\",\"potentialAction\":[{\"@type\":\"ReadAction\",\"target\":[\"https:\/\/lobosnews.com.ar\/index.php\/2026\/04\/30\/juicio-por-la-muerte-de-maradona-en-vivo-no-tenia-ni-para-banarse-declaro-veronica-ojeda-sobre-la-casa-donde-murio-diego\/\"]}]},{\"@type\":\"ImageObject\",\"inLanguage\":\"es\",\"@id\":\"https:\/\/lobosnews.com.ar\/index.php\/2026\/04\/30\/juicio-por-la-muerte-de-maradona-en-vivo-no-tenia-ni-para-banarse-declaro-veronica-ojeda-sobre-la-casa-donde-murio-diego\/#primaryimage\",\"url\":\"https:\/\/lobosnews.com.ar\/wp-content\/uploads\/2026\/04\/juicio-por-la-muerte-de-maradona-en-vivo-no-tenia-ni-para-banarse-declaro-veronica-ojeda-sobre-la-casa-donde-murio-diego-7-scaled.jpg\",\"contentUrl\":\"https:\/\/lobosnews.com.ar\/wp-content\/uploads\/2026\/04\/juicio-por-la-muerte-de-maradona-en-vivo-no-tenia-ni-para-banarse-declaro-veronica-ojeda-sobre-la-casa-donde-murio-diego-7-scaled.jpg\",\"width\":2560,\"height\":1707,\"caption\":\"Juicio por la muerte de Maradona, en vivo: \u201cNo ten\u00eda ni para ba\u00f1arse\u201d, declar\u00f3 Ver\u00f3nica Ojeda sobre la casa donde muri\u00f3 Diego\"},{\"@type\":\"BreadcrumbList\",\"@id\":\"https:\/\/lobosnews.com.ar\/index.php\/2026\/04\/30\/juicio-por-la-muerte-de-maradona-en-vivo-no-tenia-ni-para-banarse-declaro-veronica-ojeda-sobre-la-casa-donde-murio-diego\/#breadcrumb\",\"itemListElement\":[{\"@type\":\"ListItem\",\"position\":1,\"name\":\"Portada\",\"item\":\"https:\/\/lobosnews.com.ar\/\"},{\"@type\":\"ListItem\",\"position\":2,\"name\":\"Juicio por la muerte de Maradona, en vivo: \u201cNo ten\u00eda ni para ba\u00f1arse\u201d, declar\u00f3 Ver\u00f3nica Ojeda sobre la casa donde muri\u00f3 Diego\"}]},{\"@type\":\"WebSite\",\"@id\":\"https:\/\/lobosnews.com.ar\/#website\",\"url\":\"https:\/\/lobosnews.com.ar\/\",\"name\":\"Lobos News\",\"description\":\"Informaci\u00f3n a cada instante\",\"publisher\":{\"@id\":\"https:\/\/lobosnews.com.ar\/#organization\"},\"potentialAction\":[{\"@type\":\"SearchAction\",\"target\":{\"@type\":\"EntryPoint\",\"urlTemplate\":\"https:\/\/lobosnews.com.ar\/?s={search_term_string}\"},\"query-input\":{\"@type\":\"PropertyValueSpecification\",\"valueRequired\":true,\"valueName\":\"search_term_string\"}}],\"inLanguage\":\"es\"},{\"@type\":\"Organization\",\"@id\":\"https:\/\/lobosnews.com.ar\/#organization\",\"name\":\"Lobos News\",\"url\":\"https:\/\/lobosnews.com.ar\/\",\"logo\":{\"@type\":\"ImageObject\",\"inLanguage\":\"es\",\"@id\":\"https:\/\/lobosnews.com.ar\/#\/schema\/logo\/image\/\",\"url\":\"https:\/\/lobosnews.com.ar\/wp-content\/uploads\/2026\/01\/logo-lobosnews.png\",\"contentUrl\":\"https:\/\/lobosnews.com.ar\/wp-content\/uploads\/2026\/01\/logo-lobosnews.png\",\"width\":500,\"height\":200,\"caption\":\"Lobos News\"},\"image\":{\"@id\":\"https:\/\/lobosnews.com.ar\/#\/schema\/logo\/image\/\"}},{\"@type\":\"Person\",\"@id\":\"https:\/\/lobosnews.com.ar\/#\/schema\/person\/232422a593d5c541dd9aef6aaed10943\",\"name\":\"admin\",\"image\":{\"@type\":\"ImageObject\",\"inLanguage\":\"es\",\"@id\":\"https:\/\/lobosnews.com.ar\/#\/schema\/person\/image\/\",\"url\":\"https:\/\/secure.gravatar.com\/avatar\/76e419471a2083bc3ceab22a763dbbf9b0c1bd15a6214cf3280e2c2dde4580f9?s=96&d=mm&r=g\",\"contentUrl\":\"https:\/\/secure.gravatar.com\/avatar\/76e419471a2083bc3ceab22a763dbbf9b0c1bd15a6214cf3280e2c2dde4580f9?s=96&d=mm&r=g\",\"caption\":\"admin\"},\"sameAs\":[\"https:\/\/lobosnews.com.ar\"],\"url\":\"https:\/\/lobosnews.com.ar\/index.php\/author\/lobos-news\/\"}]}<\/script>\n<!-- \/ Yoast SEO plugin. -->","yoast_head_json":{"title":"Juicio por la muerte de Maradona, en vivo: \u201cNo ten\u00eda ni para ba\u00f1arse\u201d, declar\u00f3 Ver\u00f3nica Ojeda sobre la casa donde muri\u00f3 Diego - Lobos News","robots":{"index":"index","follow":"follow","max-snippet":"max-snippet:-1","max-image-preview":"max-image-preview:large","max-video-preview":"max-video-preview:-1"},"canonical":"https:\/\/lobosnews.com.ar\/index.php\/2026\/04\/30\/juicio-por-la-muerte-de-maradona-en-vivo-no-tenia-ni-para-banarse-declaro-veronica-ojeda-sobre-la-casa-donde-murio-diego\/","og_locale":"es_ES","og_type":"article","og_title":"Juicio por la muerte de Maradona, en vivo: \u201cNo ten\u00eda ni para ba\u00f1arse\u201d, declar\u00f3 Ver\u00f3nica Ojeda sobre la casa donde muri\u00f3 Diego - Lobos News","og_description":"El debate oral por la causa Maradona continuar\u00e1 este jueves a partir de las 10.30. Ver\u00f3nica Ojeda, madre del hijo menor de Diego Maradona, seguir\u00e1 declarando ante el tribunal. Posteriormente, las partes deber\u00e1n decidir si se reproduce o no el audio que ella misma present\u00f3 el martes como nueva prueba. Tambi\u00e9n declarar\u00e1 el m\u00e9dico Colin...","og_url":"https:\/\/lobosnews.com.ar\/index.php\/2026\/04\/30\/juicio-por-la-muerte-de-maradona-en-vivo-no-tenia-ni-para-banarse-declaro-veronica-ojeda-sobre-la-casa-donde-murio-diego\/","og_site_name":"Lobos News","article_published_time":"2026-04-30T14:12:23+00:00","article_modified_time":"2026-04-30T15:31:18+00:00","og_image":[{"url":"https:\/\/lobosnews.com.ar\/wp-content\/uploads\/2026\/04\/juicio-por-la-muerte-de-maradona-en-vivo-no-tenia-ni-para-banarse-declaro-veronica-ojeda-sobre-la-casa-donde-murio-diego.jpg","type":"","width":"","height":""}],"author":"admin","twitter_card":"summary_large_image","twitter_misc":{"Escrito por":"admin","Tiempo de lectura":"3 minutos"},"schema":{"@context":"https:\/\/schema.org","@graph":[{"@type":"Article","@id":"https:\/\/lobosnews.com.ar\/index.php\/2026\/04\/30\/juicio-por-la-muerte-de-maradona-en-vivo-no-tenia-ni-para-banarse-declaro-veronica-ojeda-sobre-la-casa-donde-murio-diego\/#article","isPartOf":{"@id":"https:\/\/lobosnews.com.ar\/index.php\/2026\/04\/30\/juicio-por-la-muerte-de-maradona-en-vivo-no-tenia-ni-para-banarse-declaro-veronica-ojeda-sobre-la-casa-donde-murio-diego\/"},"author":{"name":"admin","@id":"https:\/\/lobosnews.com.ar\/#\/schema\/person\/232422a593d5c541dd9aef6aaed10943"},"headline":"Juicio por la muerte de Maradona, en vivo: \u201cNo ten\u00eda ni para ba\u00f1arse\u201d, declar\u00f3 Ver\u00f3nica Ojeda sobre la casa donde muri\u00f3 Diego","datePublished":"2026-04-30T14:12:23+00:00","dateModified":"2026-04-30T15:31:18+00:00","mainEntityOfPage":{"@id":"https:\/\/lobosnews.com.ar\/index.php\/2026\/04\/30\/juicio-por-la-muerte-de-maradona-en-vivo-no-tenia-ni-para-banarse-declaro-veronica-ojeda-sobre-la-casa-donde-murio-diego\/"},"wordCount":683,"commentCount":0,"publisher":{"@id":"https:\/\/lobosnews.com.ar\/#organization"},"image":{"@id":"https:\/\/lobosnews.com.ar\/index.php\/2026\/04\/30\/juicio-por-la-muerte-de-maradona-en-vivo-no-tenia-ni-para-banarse-declaro-veronica-ojeda-sobre-la-casa-donde-murio-diego\/#primaryimage"},"thumbnailUrl":"https:\/\/lobosnews.com.ar\/wp-content\/uploads\/2026\/04\/juicio-por-la-muerte-de-maradona-en-vivo-no-tenia-ni-para-banarse-declaro-veronica-ojeda-sobre-la-casa-donde-murio-diego-7-scaled.jpg","articleSection":["Actualidad","Argentina","econom\u00eda","inseguridad","masradios.com","nacionales","seguridad","sociedad"],"inLanguage":"es","potentialAction":[{"@type":"CommentAction","name":"Comment","target":["https:\/\/lobosnews.com.ar\/index.php\/2026\/04\/30\/juicio-por-la-muerte-de-maradona-en-vivo-no-tenia-ni-para-banarse-declaro-veronica-ojeda-sobre-la-casa-donde-murio-diego\/#respond"]}]},{"@type":"WebPage","@id":"https:\/\/lobosnews.com.ar\/index.php\/2026\/04\/30\/juicio-por-la-muerte-de-maradona-en-vivo-no-tenia-ni-para-banarse-declaro-veronica-ojeda-sobre-la-casa-donde-murio-diego\/","url":"https:\/\/lobosnews.com.ar\/index.php\/2026\/04\/30\/juicio-por-la-muerte-de-maradona-en-vivo-no-tenia-ni-para-banarse-declaro-veronica-ojeda-sobre-la-casa-donde-murio-diego\/","name":"Juicio por la muerte de Maradona, en vivo: \u201cNo ten\u00eda ni para ba\u00f1arse\u201d, declar\u00f3 Ver\u00f3nica Ojeda sobre la casa donde muri\u00f3 Diego - Lobos News","isPartOf":{"@id":"https:\/\/lobosnews.com.ar\/#website"},"primaryImageOfPage":{"@id":"https:\/\/lobosnews.com.ar\/index.php\/2026\/04\/30\/juicio-por-la-muerte-de-maradona-en-vivo-no-tenia-ni-para-banarse-declaro-veronica-ojeda-sobre-la-casa-donde-murio-diego\/#primaryimage"},"image":{"@id":"https:\/\/lobosnews.com.ar\/index.php\/2026\/04\/30\/juicio-por-la-muerte-de-maradona-en-vivo-no-tenia-ni-para-banarse-declaro-veronica-ojeda-sobre-la-casa-donde-murio-diego\/#primaryimage"},"thumbnailUrl":"https:\/\/lobosnews.com.ar\/wp-content\/uploads\/2026\/04\/juicio-por-la-muerte-de-maradona-en-vivo-no-tenia-ni-para-banarse-declaro-veronica-ojeda-sobre-la-casa-donde-murio-diego-7-scaled.jpg","datePublished":"2026-04-30T14:12:23+00:00","dateModified":"2026-04-30T15:31:18+00:00","breadcrumb":{"@id":"https:\/\/lobosnews.com.ar\/index.php\/2026\/04\/30\/juicio-por-la-muerte-de-maradona-en-vivo-no-tenia-ni-para-banarse-declaro-veronica-ojeda-sobre-la-casa-donde-murio-diego\/#breadcrumb"},"inLanguage":"es","potentialAction":[{"@type":"ReadAction","target":["https:\/\/lobosnews.com.ar\/index.php\/2026\/04\/30\/juicio-por-la-muerte-de-maradona-en-vivo-no-tenia-ni-para-banarse-declaro-veronica-ojeda-sobre-la-casa-donde-murio-diego\/"]}]},{"@type":"ImageObject","inLanguage":"es","@id":"https:\/\/lobosnews.com.ar\/index.php\/2026\/04\/30\/juicio-por-la-muerte-de-maradona-en-vivo-no-tenia-ni-para-banarse-declaro-veronica-ojeda-sobre-la-casa-donde-murio-diego\/#primaryimage","url":"https:\/\/lobosnews.com.ar\/wp-content\/uploads\/2026\/04\/juicio-por-la-muerte-de-maradona-en-vivo-no-tenia-ni-para-banarse-declaro-veronica-ojeda-sobre-la-casa-donde-murio-diego-7-scaled.jpg","contentUrl":"https:\/\/lobosnews.com.ar\/wp-content\/uploads\/2026\/04\/juicio-por-la-muerte-de-maradona-en-vivo-no-tenia-ni-para-banarse-declaro-veronica-ojeda-sobre-la-casa-donde-murio-diego-7-scaled.jpg","width":2560,"height":1707,"caption":"Juicio por la muerte de Maradona, en vivo: \u201cNo ten\u00eda ni para ba\u00f1arse\u201d, declar\u00f3 Ver\u00f3nica Ojeda sobre la casa donde muri\u00f3 Diego"},{"@type":"BreadcrumbList","@id":"https:\/\/lobosnews.com.ar\/index.php\/2026\/04\/30\/juicio-por-la-muerte-de-maradona-en-vivo-no-tenia-ni-para-banarse-declaro-veronica-ojeda-sobre-la-casa-donde-murio-diego\/#breadcrumb","itemListElement":[{"@type":"ListItem","position":1,"name":"Portada","item":"https:\/\/lobosnews.com.ar\/"},{"@type":"ListItem","position":2,"name":"Juicio por la muerte de Maradona, en vivo: \u201cNo ten\u00eda ni para ba\u00f1arse\u201d, declar\u00f3 Ver\u00f3nica Ojeda sobre la casa donde muri\u00f3 Diego"}]},{"@type":"WebSite","@id":"https:\/\/lobosnews.com.ar\/#website","url":"https:\/\/lobosnews.com.ar\/","name":"Lobos News","description":"Informaci\u00f3n a cada instante","publisher":{"@id":"https:\/\/lobosnews.com.ar\/#organization"},"potentialAction":[{"@type":"SearchAction","target":{"@type":"EntryPoint","urlTemplate":"https:\/\/lobosnews.com.ar\/?s={search_term_string}"},"query-input":{"@type":"PropertyValueSpecification","valueRequired":true,"valueName":"search_term_string"}}],"inLanguage":"es"},{"@type":"Organization","@id":"https:\/\/lobosnews.com.ar\/#organization","name":"Lobos News","url":"https:\/\/lobosnews.com.ar\/","logo":{"@type":"ImageObject","inLanguage":"es","@id":"https:\/\/lobosnews.com.ar\/#\/schema\/logo\/image\/","url":"https:\/\/lobosnews.com.ar\/wp-content\/uploads\/2026\/01\/logo-lobosnews.png","contentUrl":"https:\/\/lobosnews.com.ar\/wp-content\/uploads\/2026\/01\/logo-lobosnews.png","width":500,"height":200,"caption":"Lobos News"},"image":{"@id":"https:\/\/lobosnews.com.ar\/#\/schema\/logo\/image\/"}},{"@type":"Person","@id":"https:\/\/lobosnews.com.ar\/#\/schema\/person\/232422a593d5c541dd9aef6aaed10943","name":"admin","image":{"@type":"ImageObject","inLanguage":"es","@id":"https:\/\/lobosnews.com.ar\/#\/schema\/person\/image\/","url":"https:\/\/secure.gravatar.com\/avatar\/76e419471a2083bc3ceab22a763dbbf9b0c1bd15a6214cf3280e2c2dde4580f9?s=96&d=mm&r=g","contentUrl":"https:\/\/secure.gravatar.com\/avatar\/76e419471a2083bc3ceab22a763dbbf9b0c1bd15a6214cf3280e2c2dde4580f9?s=96&d=mm&r=g","caption":"admin"},"sameAs":["https:\/\/lobosnews.com.ar"],"url":"https:\/\/lobosnews.com.ar\/index.php\/author\/lobos-news\/"}]}},"jetpack_featured_media_url":"https:\/\/lobosnews.com.ar\/wp-content\/uploads\/2026\/04\/juicio-por-la-muerte-de-maradona-en-vivo-no-tenia-ni-para-banarse-declaro-veronica-ojeda-sobre-la-casa-donde-murio-diego-7-scaled.jpg","jetpack_sharing_enabled":true,"_links":{"self":[{"href":"https:\/\/lobosnews.com.ar\/index.php\/wp-json\/wp\/v2\/posts\/47769","targetHints":{"allow":["GET"]}}],"collection":[{"href":"https:\/\/lobosnews.com.ar\/index.php\/wp-json\/wp\/v2\/posts"}],"about":[{"href":"https:\/\/lobosnews.com.ar\/index.php\/wp-json\/wp\/v2\/types\/post"}],"author":[{"embeddable":true,"href":"https:\/\/lobosnews.com.ar\/index.php\/wp-json\/wp\/v2\/users\/1"}],"replies":[{"embeddable":true,"href":"https:\/\/lobosnews.com.ar\/index.php\/wp-json\/wp\/v2\/comments?post=47769"}],"version-history":[{"count":1,"href":"https:\/\/lobosnews.com.ar\/index.php\/wp-json\/wp\/v2\/posts\/47769\/revisions"}],"predecessor-version":[{"id":47777,"href":"https:\/\/lobosnews.com.ar\/index.php\/wp-json\/wp\/v2\/posts\/47769\/revisions\/47777"}],"wp:featuredmedia":[{"embeddable":true,"href":"https:\/\/lobosnews.com.ar\/index.php\/wp-json\/wp\/v2\/media\/47778"}],"wp:attachment":[{"href":"https:\/\/lobosnews.com.ar\/index.php\/wp-json\/wp\/v2\/media?parent=47769"}],"wp:term":[{"taxonomy":"category","embeddable":true,"href":"https:\/\/lobosnews.com.ar\/index.php\/wp-json\/wp\/v2\/categories?post=47769"},{"taxonomy":"post_tag","embeddable":true,"href":"https:\/\/lobosnews.com.ar\/index.php\/wp-json\/wp\/v2\/tags?post=47769"}],"curies":[{"name":"wp","href":"https:\/\/api.w.org\/{rel}","templated":true}]}}