{"id":47760,"date":"2026-04-30T13:14:15","date_gmt":"2026-04-30T13:14:15","guid":{"rendered":"https:\/\/lobosnews.com.ar\/index.php\/2026\/04\/30\/que-es-la-prefragilidad-y-como-se-manifiesta-el-deterioro-fisico-desde-la-mediana-edad\/"},"modified":"2026-04-30T15:20:04","modified_gmt":"2026-04-30T15:20:04","slug":"que-es-la-prefragilidad-y-como-se-manifiesta-el-deterioro-fisico-desde-la-mediana-edad","status":"publish","type":"post","link":"https:\/\/lobosnews.com.ar\/index.php\/2026\/04\/30\/que-es-la-prefragilidad-y-como-se-manifiesta-el-deterioro-fisico-desde-la-mediana-edad\/","title":{"rendered":"Qu\u00e9 es la prefragilidad y c\u00f3mo se manifiesta el deterioro f\u00edsico desde la mediana edad"},"content":{"rendered":"<p><img loading=\"lazy\" decoding=\"async\" src=\"https:\/\/lobosnews.com.ar\/wp-content\/uploads\/2026\/04\/que-es-la-prefragilidad-y-como-se-manifiesta-el-deterioro-fisico-desde-la-mediana-edad.jpg\" alt=\"La prefragilidad representa una etapa silenciosa identificada en la ciencia del envejecimiento que afecta la calidad de vida futura (Imagen Ilustrativa Infobae)\" height=\"816\" width=\"1456\"\/><\/p>\n<p>La ciencia del <span class=\"waslinkname\"><b>envejecimiento<\/b><\/span><b> <\/b>identific\u00f3 una fase silenciosa, poco reconocida en la vida de muchas personas, que podr\u00eda determinar la calidad de los a\u00f1os futuros. El fen\u00f3meno de la <b>\u201cprefragilidad\u201d <\/b>se perfila como una de las principales preocupaciones para la salud p\u00fablica, seg\u00fan <span class=\"waslinkname\">estudios<\/span> recientes.<\/p>\n<p>Seg\u00fan <i>The Times<\/i>, esta etapa previa a la <span class=\"waslinkname\">fragilidad<\/span> plena aparece con s\u00edntomas sutiles y a menudo ignorados, como <b>cansancio, debilidad general y dificultades al realizar actividades cotidianas<\/b>.<\/p>\n<p>La expectativa de pasar una cuarta parte de la vida con problemas de salud graves toma forma en los datos divulgados por la <i>Health Foundation<\/i>, que sit\u00faan la <b>esperanza de vida saludable en 60,7 a\u00f1os para los hombres y 60,9 para las mujeres<\/b>. <\/p>\n<p><img loading=\"lazy\" decoding=\"async\" src=\"https:\/\/lobosnews.com.ar\/wp-content\/uploads\/2026\/04\/que-es-la-prefragilidad-y-como-se-manifiesta-el-deterioro-fisico-desde-la-mediana-edad-1.jpg\" alt=\"H\u00e1bitos como mejorar el sue\u00f1o, gestionar el estr\u00e9s y aumentar la movilidad diaria reducen la progresi\u00f3n de la prefragilidad y mejoran la longevidad (Imagen Ilustrativa Infobae)\" height=\"2752\" width=\"1536\"\/><\/p>\n<p>El impacto de la prefragilidad no solo recae en los adultos mayores: estudios recientes revelaron que ya <b>desde los 37 a\u00f1os<\/b>, un porcentaje significativo de la poblaci\u00f3n manifiesta signos perceptibles de deterioro f\u00edsico y mental.<\/p>\n<h2>Identificaci\u00f3n temprana: las se\u00f1ales de advertencia<\/h2>\n<p>El t\u00e9rmino <b>prefragilidad<\/b> describe el inicio del deterioro f\u00edsico y mental, una etapa en la que <b>el cuerpo pierde resistencia y aparecen molestias leves, fatiga o confusi\u00f3n<\/b>, seg\u00fan explic\u00f3 la Dra. <b>Alka Patel<\/b>, m\u00e9dica de cabecera y especialista en longevidad. <\/p>\n<p>La especialista observ\u00f3 el inicio de este proceso en la mediana edad, cuando las personas comienzan a experimentar dificultades para caminar, debilidad muscular y disminuci\u00f3n de la actividad f\u00edsica. Un estudio publicado en <i>The Lancet Public Health<\/i> indic\u00f3 que <b>el 38% de las mujeres y el 35% de los hombres de entre 37 y 45 a\u00f1os presentan signos de prefragilidad<\/b>.<\/p>\n<p>El concepto, central en el libro <i>\u201cEl c\u00f3digo de la edad\u201d<\/i> del periodista y ex neurocient\u00edfico <b>David Cox<\/b>, vincula la prefragilidad con la <b>disminuci\u00f3n de la diversidad en la microbiota intestinal y la calidad de la dieta<\/b>, dos factores asociados al proceso de envejecimiento.<\/p>\n<h2>El papel de la biolog\u00eda celular en el envejecimiento<\/h2>\n<p>Los especialistas consultados por <i>The Times<\/i> destacaron que <b>el envejecimiento comienza a nivel celular<\/b>, especialmente por el da\u00f1o en las mitocondrias, las estructuras que generan energ\u00eda para funciones vitales. <\/p>\n<p><img loading=\"lazy\" decoding=\"async\" src=\"https:\/\/lobosnews.com.ar\/wp-content\/uploads\/2026\/04\/que-es-la-prefragilidad-y-como-se-manifiesta-el-deterioro-fisico-desde-la-mediana-edad-2.jpg\" alt=\"El envejecimiento comienza a nivel celular, con el deterioro de las mitocondrias, clave en la producci\u00f3n de energ\u00eda (Imagen Ilustrativa Infobae)\" height=\"1536\" width=\"2752\"\/><\/p>\n<p>La Dra. <b>Monique Hope-Ross<\/b> y el Dr. <b>Paul Chell<\/b>, fundadores de la plataforma Healthbuddi, afirmaron que existen dos picos de envejecimiento: <b>uno entre los 40 y los 45 a\u00f1os y otro a los 60<\/b>. Durante estos periodos, las c\u00e9lulas sufren disfunciones que afectan la capacidad f\u00edsica y cognitiva.<\/p>\n<p>La acumulaci\u00f3n de <b>c\u00e9lulas senescentes<\/b>, conocidas como \u201czombis\u201d porque dejan de dividirse y no se eliminan, incrementa la inflamaci\u00f3n en el organismo. Seg\u00fan Hope-Ross, este fen\u00f3meno produce <b>debilidad muscular y dificultades para recuperarse del ejercicio<\/b>, adem\u00e1s de afectar negativamente la funci\u00f3n cognitiva.<\/p>\n<h2>Estrategias para fortalecer el organismo<\/h2>\n<p>Para abordar la prefragilidad, los expertos consultados por <i>The Times<\/i> recomendaron cambios en la rutina diaria que pueden mejorar la calidad de vida y retrasar el envejecimiento. Entre las estrategias propuestas, <b>el ejercicio f\u00edsico ocupa un lugar central<\/b>. <\/p>\n<p>El Dr. Chell se\u00f1ala que <b>realizar 30 minutos de <\/b><span class=\"waslinkname\"><b>actividad f\u00edsica<\/b><\/span><b> moderada, cuatro veces por semana, favorece la salud mitocondrial<\/b>. Estas actividades deben ubicarse en la llamada \u201czona dos\u201d, donde la frecuencia card\u00edaca alcanza entre el 60 y el 70 % del m\u00e1ximo, permitiendo conversar pero no cantar.<\/p>\n<p><img loading=\"lazy\" decoding=\"async\" src=\"https:\/\/lobosnews.com.ar\/wp-content\/uploads\/2026\/04\/que-es-la-prefragilidad-y-como-se-manifiesta-el-deterioro-fisico-desde-la-mediana-edad-3.jpg\" alt=\"El ejercicio f\u00edsico moderado, especialmente en la zona dos de frecuencia card\u00edaca, fortalece la salud mitocondrial y retrasa el envejecimiento (Imagen Ilustrativa Infobae)\" height=\"768\" width=\"1408\"\/><\/p>\n<p>El <b>entrenamiento de fuerza<\/b> tambi\u00e9n es clave para evitar la p\u00e9rdida muscular. La entrenadora personal <b>Kate Rowe-Ham<\/b> aconsej\u00f3 enfocarse en ejercicios b\u00e1sicos como <b>flexiones, sentadillas, peso muerto, press militar y remo con barra<\/b>, utilizando pesas ligeras. La fuerza de agarre se identifica como un indicador temprano de p\u00e9rdida muscular, por lo que mantener esta capacidad resulta fundamental.<\/p>\n<h2>Alimentaci\u00f3n y descanso: aliados contra el deterioro<\/h2>\n<p>La <b>dieta <\/b>tiene un papel relevante en el mantenimiento de la salud. El <b>ayuno intermitente<\/b>, que limita la ingesta a un periodo de 10 horas diarias, ayuda a que las c\u00e9lulas se regeneren y reduce el riesgo de enfermedades, seg\u00fan el Dr. Chell. <\/p>\n<p>Las fuentes de <b>\u00e1cidos grasos omega-3<\/b>, presentes en el salm\u00f3n y las semillas de ch\u00eda, <b>contribuyen a la protecci\u00f3n de los tel\u00f3meros y a la salud cardiovascular<\/b>. Seg\u00fan Cox, un mayor consumo de omega-3 favorece la regeneraci\u00f3n muscular y reduce los riesgos de infarto y accidente cerebrovascular.<\/p>\n<p>Las <b>verduras de hoja verde y los productos l\u00e1cteos<\/b> completos aportan <b>vitamina K<\/b>, esencial para la salud \u00f3sea y la movilidad. Un <span class=\"waslinkname\">estudio<\/span> citado por <i>The Times<\/i> demostr\u00f3 que aumentar el consumo de vitamina K reduce el riesgo de mortalidad prematura por enfermedades cardiovasculares.<\/p>\n<p><img loading=\"lazy\" decoding=\"async\" src=\"https:\/\/lobosnews.com.ar\/wp-content\/uploads\/2026\/04\/que-es-la-prefragilidad-y-como-se-manifiesta-el-deterioro-fisico-desde-la-mediana-edad-4.jpg\" alt=\"El consumo de omega-3, vitamina K y la implementaci\u00f3n del ayuno intermitente son aliados recomendados contra el deterioro celular y cardiovascular (Imagen Ilustrativa Infobae)\" height=\"816\" width=\"1456\"\/><\/p>\n<p>El <b>sue\u00f1o adecuado<\/b> es otro pilar para minimizar el da\u00f1o celular y la inflamaci\u00f3n. La Dra. Patel recomend\u00f3 la <b>t\u00e9cnica 8\/80: preparar el descanso 80 minutos antes de dormir<\/b>, mediante la relajaci\u00f3n y la reducci\u00f3n de est\u00edmulos electr\u00f3nicos, lo que ayuda a regular el cortisol y aumentar la melatonina, facilitando un sue\u00f1o reparador.<\/p>\n<h2>Manejo del estr\u00e9s y movilidad diaria<\/h2>\n<p>El <b>estr\u00e9s <\/b>se posiciona como un factor determinante en la aceleraci\u00f3n de la prefragilidad. Patel sostiene que <b>ralentizar la respiraci\u00f3n a seis ciclos por minuto<\/b> cada hora contribuye a desactivar el sistema nervioso simp\u00e1tico y a mitigar los efectos del estr\u00e9s en el organismo.<\/p>\n<p>Integrar m\u00e1s movimiento en la rutina diaria, como <b>caminar al menos 4.000 pasos o realizar tareas dom\u00e9sticas<\/b>, se asocia con una mayor longevidad. Rowe-Ham resalt\u00f3 que las poblaciones que viven en las llamadas <b>Zonas Azules<\/b>, donde la longevidad es com\u00fan, mantienen altos niveles de actividad f\u00edsica a lo largo del d\u00eda. La <b>funci\u00f3n cognitiva<\/b> tambi\u00e9n puede fortalecerse con ejercicios cotidianos. <\/p>\n<p><img loading=\"lazy\" decoding=\"async\" src=\"https:\/\/lobosnews.com.ar\/wp-content\/uploads\/2026\/04\/que-es-la-prefragilidad-y-como-se-manifiesta-el-deterioro-fisico-desde-la-mediana-edad-5.jpg\" alt=\"Incorporar caminatas en la rutina ayuda a reducir el estr\u00e9s y favorece el equilibrio del sistema nervioso (Imagen Ilustrativa Infobae)\" height=\"816\" width=\"1456\"\/><\/p>\n<p>La especialista en rehabilitaci\u00f3n cognitiva <b>Natalie Mackenzie<\/b> sugiri\u00f3 en di\u00e1logo con el medio brit\u00e1nico realizar tareas como hacer compras sin consultar una lista, lo que estimula la memoria funcional de manera m\u00e1s efectiva que las aplicaciones digitales.<\/p>\n<h2>El rol de las vitaminas y la exposici\u00f3n solar<\/h2>\n<p>La <b>vitamina D<\/b>, presente en pescados grasos y obtenida mediante la exposici\u00f3n solar, resulta <b>fundamental para el sistema inmunitario y la expresi\u00f3n gen\u00e9tica de las c\u00e9lulas<\/b>. Cox record\u00f3 que la exposici\u00f3n al sol durante 15 a 20 minutos diarios en los meses c\u00e1lidos, junto con una dieta rica en alimentos integrales, mantiene niveles adecuados de esta vitamina.<\/p>\n<p>Los expertos advirtieron que la identificaci\u00f3n temprana de la prefragilidad y la adopci\u00f3n de h\u00e1bitos saludables pueden mejorar la calidad de vida y reducir los a\u00f1os vividos con limitaciones severas.<\/p>\n","protected":false},"excerpt":{"rendered":"<p>La ciencia del envejecimiento identific\u00f3 una fase silenciosa, poco reconocida en la vida de muchas personas, que podr\u00eda determinar la calidad de los a\u00f1os futuros. El fen\u00f3meno de la \u201cprefragilidad\u201d se perfila como una de las principales preocupaciones para la salud p\u00fablica, seg\u00fan estudios recientes. Seg\u00fan The Times, esta etapa previa a la fragilidad plena&#8230;<\/p>\n","protected":false},"author":1,"featured_media":47768,"comment_status":"open","ping_status":"closed","sticky":false,"template":"","format":"standard","meta":{"_jetpack_memberships_contains_paid_content":false,"footnotes":""},"categories":[81],"tags":[],"class_list":["post-47760","post","type-post","status-publish","format-standard","has-post-thumbnail","hentry","category-salud"],"magazineBlocksPostFeaturedMedia":{"thumbnail":"https:\/\/lobosnews.com.ar\/wp-content\/uploads\/2026\/04\/que-es-la-prefragilidad-y-como-se-manifiesta-el-deterioro-fisico-desde-la-mediana-edad-10-150x150.jpg","medium":"https:\/\/lobosnews.com.ar\/wp-content\/uploads\/2026\/04\/que-es-la-prefragilidad-y-como-se-manifiesta-el-deterioro-fisico-desde-la-mediana-edad-10-300x168.jpg","medium_large":"https:\/\/lobosnews.com.ar\/wp-content\/uploads\/2026\/04\/que-es-la-prefragilidad-y-como-se-manifiesta-el-deterioro-fisico-desde-la-mediana-edad-10-768x430.jpg","large":"https:\/\/lobosnews.com.ar\/wp-content\/uploads\/2026\/04\/que-es-la-prefragilidad-y-como-se-manifiesta-el-deterioro-fisico-desde-la-mediana-edad-10-1024x574.jpg","1536x1536":"https:\/\/lobosnews.com.ar\/wp-content\/uploads\/2026\/04\/que-es-la-prefragilidad-y-como-se-manifiesta-el-deterioro-fisico-desde-la-mediana-edad-10.jpg","2048x2048":"https:\/\/lobosnews.com.ar\/wp-content\/uploads\/2026\/04\/que-es-la-prefragilidad-y-como-se-manifiesta-el-deterioro-fisico-desde-la-mediana-edad-10.jpg","newsmatic-featured":"https:\/\/lobosnews.com.ar\/wp-content\/uploads\/2026\/04\/que-es-la-prefragilidad-y-como-se-manifiesta-el-deterioro-fisico-desde-la-mediana-edad-10-820x545.jpg","newsmatic-list":"https:\/\/lobosnews.com.ar\/wp-content\/uploads\/2026\/04\/que-es-la-prefragilidad-y-como-se-manifiesta-el-deterioro-fisico-desde-la-mediana-edad-10-600x400.jpg","newsmatic-thumb":"https:\/\/lobosnews.com.ar\/wp-content\/uploads\/2026\/04\/que-es-la-prefragilidad-y-como-se-manifiesta-el-deterioro-fisico-desde-la-mediana-edad-10-300x200.jpg","newsmatic-small":"https:\/\/lobosnews.com.ar\/wp-content\/uploads\/2026\/04\/que-es-la-prefragilidad-y-como-se-manifiesta-el-deterioro-fisico-desde-la-mediana-edad-10-150x95.jpg","newsmatic-grid":"https:\/\/lobosnews.com.ar\/wp-content\/uploads\/2026\/04\/que-es-la-prefragilidad-y-como-se-manifiesta-el-deterioro-fisico-desde-la-mediana-edad-10-400x250.jpg"},"magazineBlocksPostAuthor":{"name":"admin","avatar":"https:\/\/secure.gravatar.com\/avatar\/76e419471a2083bc3ceab22a763dbbf9b0c1bd15a6214cf3280e2c2dde4580f9?s=96&d=mm&r=g"},"magazineBlocksPostCommentsNumber":"0","magazineBlocksPostExcerpt":"La ciencia del envejecimiento identific\u00f3 una fase silenciosa, poco reconocida en la vida de muchas personas, que podr\u00eda determinar la calidad de los a\u00f1os futuros. El fen\u00f3meno de la \u201cprefragilidad\u201d se perfila como una de las principales preocupaciones para la salud p\u00fablica, seg\u00fan estudios recientes. Seg\u00fan The Times, esta etapa previa a la fragilidad plena...","magazineBlocksPostCategories":["Salud"],"magazineBlocksPostViewCount":5,"magazineBlocksPostReadTime":6,"magazine_blocks_featured_image_url":{"full":["https:\/\/lobosnews.com.ar\/wp-content\/uploads\/2026\/04\/que-es-la-prefragilidad-y-como-se-manifiesta-el-deterioro-fisico-desde-la-mediana-edad-10.jpg",1456,816,false],"medium":["https:\/\/lobosnews.com.ar\/wp-content\/uploads\/2026\/04\/que-es-la-prefragilidad-y-como-se-manifiesta-el-deterioro-fisico-desde-la-mediana-edad-10-300x168.jpg",300,168,true],"thumbnail":["https:\/\/lobosnews.com.ar\/wp-content\/uploads\/2026\/04\/que-es-la-prefragilidad-y-como-se-manifiesta-el-deterioro-fisico-desde-la-mediana-edad-10-150x150.jpg",150,150,true]},"magazine_blocks_author":{"display_name":"admin","author_link":"https:\/\/lobosnews.com.ar\/index.php\/author\/lobos-news\/"},"magazine_blocks_comment":0,"magazine_blocks_author_image":"https:\/\/secure.gravatar.com\/avatar\/76e419471a2083bc3ceab22a763dbbf9b0c1bd15a6214cf3280e2c2dde4580f9?s=96&d=mm&r=g","magazine_blocks_category":"<a href=\"#\" class=\"category-link category-link-81\">Salud<\/a>","yoast_head":"<!-- This site is optimized with the Yoast SEO plugin v26.6 - https:\/\/yoast.com\/wordpress\/plugins\/seo\/ -->\n<title>Qu\u00e9 es la prefragilidad y c\u00f3mo se manifiesta el deterioro f\u00edsico desde la mediana edad - Lobos News<\/title>\n<meta name=\"robots\" content=\"index, follow, max-snippet:-1, max-image-preview:large, max-video-preview:-1\" \/>\n<link rel=\"canonical\" href=\"https:\/\/lobosnews.com.ar\/index.php\/2026\/04\/30\/que-es-la-prefragilidad-y-como-se-manifiesta-el-deterioro-fisico-desde-la-mediana-edad\/\" \/>\n<meta property=\"og:locale\" content=\"es_ES\" \/>\n<meta property=\"og:type\" content=\"article\" \/>\n<meta property=\"og:title\" content=\"Qu\u00e9 es la prefragilidad y c\u00f3mo se manifiesta el deterioro f\u00edsico desde la mediana edad - Lobos News\" \/>\n<meta property=\"og:description\" content=\"La ciencia del envejecimiento identific\u00f3 una fase silenciosa, poco reconocida en la vida de muchas personas, que podr\u00eda determinar la calidad de los a\u00f1os futuros. El fen\u00f3meno de la \u201cprefragilidad\u201d se perfila como una de las principales preocupaciones para la salud p\u00fablica, seg\u00fan estudios recientes. Seg\u00fan The Times, esta etapa previa a la fragilidad plena...\" \/>\n<meta property=\"og:url\" content=\"https:\/\/lobosnews.com.ar\/index.php\/2026\/04\/30\/que-es-la-prefragilidad-y-como-se-manifiesta-el-deterioro-fisico-desde-la-mediana-edad\/\" \/>\n<meta property=\"og:site_name\" content=\"Lobos News\" \/>\n<meta property=\"article:published_time\" content=\"2026-04-30T13:14:15+00:00\" \/>\n<meta property=\"article:modified_time\" content=\"2026-04-30T15:20:04+00:00\" \/>\n<meta property=\"og:image\" content=\"https:\/\/lobosnews.com.ar\/wp-content\/uploads\/2026\/04\/que-es-la-prefragilidad-y-como-se-manifiesta-el-deterioro-fisico-desde-la-mediana-edad.jpg\" \/>\n<meta name=\"author\" content=\"admin\" \/>\n<meta name=\"twitter:card\" content=\"summary_large_image\" \/>\n<meta name=\"twitter:label1\" content=\"Escrito por\" \/>\n\t<meta name=\"twitter:data1\" content=\"admin\" \/>\n\t<meta name=\"twitter:label2\" content=\"Tiempo de lectura\" \/>\n\t<meta name=\"twitter:data2\" content=\"5 minutos\" \/>\n<script type=\"application\/ld+json\" class=\"yoast-schema-graph\">{\"@context\":\"https:\/\/schema.org\",\"@graph\":[{\"@type\":\"Article\",\"@id\":\"https:\/\/lobosnews.com.ar\/index.php\/2026\/04\/30\/que-es-la-prefragilidad-y-como-se-manifiesta-el-deterioro-fisico-desde-la-mediana-edad\/#article\",\"isPartOf\":{\"@id\":\"https:\/\/lobosnews.com.ar\/index.php\/2026\/04\/30\/que-es-la-prefragilidad-y-como-se-manifiesta-el-deterioro-fisico-desde-la-mediana-edad\/\"},\"author\":{\"name\":\"admin\",\"@id\":\"https:\/\/lobosnews.com.ar\/#\/schema\/person\/232422a593d5c541dd9aef6aaed10943\"},\"headline\":\"Qu\u00e9 es la prefragilidad y c\u00f3mo se manifiesta el deterioro f\u00edsico desde la mediana edad\",\"datePublished\":\"2026-04-30T13:14:15+00:00\",\"dateModified\":\"2026-04-30T15:20:04+00:00\",\"mainEntityOfPage\":{\"@id\":\"https:\/\/lobosnews.com.ar\/index.php\/2026\/04\/30\/que-es-la-prefragilidad-y-como-se-manifiesta-el-deterioro-fisico-desde-la-mediana-edad\/\"},\"wordCount\":1105,\"commentCount\":0,\"publisher\":{\"@id\":\"https:\/\/lobosnews.com.ar\/#organization\"},\"image\":{\"@id\":\"https:\/\/lobosnews.com.ar\/index.php\/2026\/04\/30\/que-es-la-prefragilidad-y-como-se-manifiesta-el-deterioro-fisico-desde-la-mediana-edad\/#primaryimage\"},\"thumbnailUrl\":\"https:\/\/lobosnews.com.ar\/wp-content\/uploads\/2026\/04\/que-es-la-prefragilidad-y-como-se-manifiesta-el-deterioro-fisico-desde-la-mediana-edad-10.jpg\",\"articleSection\":[\"Salud\"],\"inLanguage\":\"es\",\"potentialAction\":[{\"@type\":\"CommentAction\",\"name\":\"Comment\",\"target\":[\"https:\/\/lobosnews.com.ar\/index.php\/2026\/04\/30\/que-es-la-prefragilidad-y-como-se-manifiesta-el-deterioro-fisico-desde-la-mediana-edad\/#respond\"]}]},{\"@type\":\"WebPage\",\"@id\":\"https:\/\/lobosnews.com.ar\/index.php\/2026\/04\/30\/que-es-la-prefragilidad-y-como-se-manifiesta-el-deterioro-fisico-desde-la-mediana-edad\/\",\"url\":\"https:\/\/lobosnews.com.ar\/index.php\/2026\/04\/30\/que-es-la-prefragilidad-y-como-se-manifiesta-el-deterioro-fisico-desde-la-mediana-edad\/\",\"name\":\"Qu\u00e9 es la prefragilidad y c\u00f3mo se manifiesta el deterioro f\u00edsico desde la mediana edad - Lobos News\",\"isPartOf\":{\"@id\":\"https:\/\/lobosnews.com.ar\/#website\"},\"primaryImageOfPage\":{\"@id\":\"https:\/\/lobosnews.com.ar\/index.php\/2026\/04\/30\/que-es-la-prefragilidad-y-como-se-manifiesta-el-deterioro-fisico-desde-la-mediana-edad\/#primaryimage\"},\"image\":{\"@id\":\"https:\/\/lobosnews.com.ar\/index.php\/2026\/04\/30\/que-es-la-prefragilidad-y-como-se-manifiesta-el-deterioro-fisico-desde-la-mediana-edad\/#primaryimage\"},\"thumbnailUrl\":\"https:\/\/lobosnews.com.ar\/wp-content\/uploads\/2026\/04\/que-es-la-prefragilidad-y-como-se-manifiesta-el-deterioro-fisico-desde-la-mediana-edad-10.jpg\",\"datePublished\":\"2026-04-30T13:14:15+00:00\",\"dateModified\":\"2026-04-30T15:20:04+00:00\",\"breadcrumb\":{\"@id\":\"https:\/\/lobosnews.com.ar\/index.php\/2026\/04\/30\/que-es-la-prefragilidad-y-como-se-manifiesta-el-deterioro-fisico-desde-la-mediana-edad\/#breadcrumb\"},\"inLanguage\":\"es\",\"potentialAction\":[{\"@type\":\"ReadAction\",\"target\":[\"https:\/\/lobosnews.com.ar\/index.php\/2026\/04\/30\/que-es-la-prefragilidad-y-como-se-manifiesta-el-deterioro-fisico-desde-la-mediana-edad\/\"]}]},{\"@type\":\"ImageObject\",\"inLanguage\":\"es\",\"@id\":\"https:\/\/lobosnews.com.ar\/index.php\/2026\/04\/30\/que-es-la-prefragilidad-y-como-se-manifiesta-el-deterioro-fisico-desde-la-mediana-edad\/#primaryimage\",\"url\":\"https:\/\/lobosnews.com.ar\/wp-content\/uploads\/2026\/04\/que-es-la-prefragilidad-y-como-se-manifiesta-el-deterioro-fisico-desde-la-mediana-edad-10.jpg\",\"contentUrl\":\"https:\/\/lobosnews.com.ar\/wp-content\/uploads\/2026\/04\/que-es-la-prefragilidad-y-como-se-manifiesta-el-deterioro-fisico-desde-la-mediana-edad-10.jpg\",\"width\":1456,\"height\":816,\"caption\":\"Qu\u00e9 es la prefragilidad y c\u00f3mo se manifiesta el deterioro f\u00edsico desde la mediana edad\"},{\"@type\":\"BreadcrumbList\",\"@id\":\"https:\/\/lobosnews.com.ar\/index.php\/2026\/04\/30\/que-es-la-prefragilidad-y-como-se-manifiesta-el-deterioro-fisico-desde-la-mediana-edad\/#breadcrumb\",\"itemListElement\":[{\"@type\":\"ListItem\",\"position\":1,\"name\":\"Portada\",\"item\":\"https:\/\/lobosnews.com.ar\/\"},{\"@type\":\"ListItem\",\"position\":2,\"name\":\"Qu\u00e9 es la prefragilidad y c\u00f3mo se manifiesta el deterioro f\u00edsico desde la mediana edad\"}]},{\"@type\":\"WebSite\",\"@id\":\"https:\/\/lobosnews.com.ar\/#website\",\"url\":\"https:\/\/lobosnews.com.ar\/\",\"name\":\"Lobos News\",\"description\":\"Informaci\u00f3n a cada instante\",\"publisher\":{\"@id\":\"https:\/\/lobosnews.com.ar\/#organization\"},\"potentialAction\":[{\"@type\":\"SearchAction\",\"target\":{\"@type\":\"EntryPoint\",\"urlTemplate\":\"https:\/\/lobosnews.com.ar\/?s={search_term_string}\"},\"query-input\":{\"@type\":\"PropertyValueSpecification\",\"valueRequired\":true,\"valueName\":\"search_term_string\"}}],\"inLanguage\":\"es\"},{\"@type\":\"Organization\",\"@id\":\"https:\/\/lobosnews.com.ar\/#organization\",\"name\":\"Lobos News\",\"url\":\"https:\/\/lobosnews.com.ar\/\",\"logo\":{\"@type\":\"ImageObject\",\"inLanguage\":\"es\",\"@id\":\"https:\/\/lobosnews.com.ar\/#\/schema\/logo\/image\/\",\"url\":\"https:\/\/lobosnews.com.ar\/wp-content\/uploads\/2026\/01\/logo-lobosnews.png\",\"contentUrl\":\"https:\/\/lobosnews.com.ar\/wp-content\/uploads\/2026\/01\/logo-lobosnews.png\",\"width\":500,\"height\":200,\"caption\":\"Lobos News\"},\"image\":{\"@id\":\"https:\/\/lobosnews.com.ar\/#\/schema\/logo\/image\/\"}},{\"@type\":\"Person\",\"@id\":\"https:\/\/lobosnews.com.ar\/#\/schema\/person\/232422a593d5c541dd9aef6aaed10943\",\"name\":\"admin\",\"image\":{\"@type\":\"ImageObject\",\"inLanguage\":\"es\",\"@id\":\"https:\/\/lobosnews.com.ar\/#\/schema\/person\/image\/\",\"url\":\"https:\/\/secure.gravatar.com\/avatar\/76e419471a2083bc3ceab22a763dbbf9b0c1bd15a6214cf3280e2c2dde4580f9?s=96&d=mm&r=g\",\"contentUrl\":\"https:\/\/secure.gravatar.com\/avatar\/76e419471a2083bc3ceab22a763dbbf9b0c1bd15a6214cf3280e2c2dde4580f9?s=96&d=mm&r=g\",\"caption\":\"admin\"},\"sameAs\":[\"https:\/\/lobosnews.com.ar\"],\"url\":\"https:\/\/lobosnews.com.ar\/index.php\/author\/lobos-news\/\"}]}<\/script>\n<!-- \/ Yoast SEO plugin. -->","yoast_head_json":{"title":"Qu\u00e9 es la prefragilidad y c\u00f3mo se manifiesta el deterioro f\u00edsico desde la mediana edad - Lobos News","robots":{"index":"index","follow":"follow","max-snippet":"max-snippet:-1","max-image-preview":"max-image-preview:large","max-video-preview":"max-video-preview:-1"},"canonical":"https:\/\/lobosnews.com.ar\/index.php\/2026\/04\/30\/que-es-la-prefragilidad-y-como-se-manifiesta-el-deterioro-fisico-desde-la-mediana-edad\/","og_locale":"es_ES","og_type":"article","og_title":"Qu\u00e9 es la prefragilidad y c\u00f3mo se manifiesta el deterioro f\u00edsico desde la mediana edad - Lobos News","og_description":"La ciencia del envejecimiento identific\u00f3 una fase silenciosa, poco reconocida en la vida de muchas personas, que podr\u00eda determinar la calidad de los a\u00f1os futuros. El fen\u00f3meno de la \u201cprefragilidad\u201d se perfila como una de las principales preocupaciones para la salud p\u00fablica, seg\u00fan estudios recientes. Seg\u00fan The Times, esta etapa previa a la fragilidad plena...","og_url":"https:\/\/lobosnews.com.ar\/index.php\/2026\/04\/30\/que-es-la-prefragilidad-y-como-se-manifiesta-el-deterioro-fisico-desde-la-mediana-edad\/","og_site_name":"Lobos News","article_published_time":"2026-04-30T13:14:15+00:00","article_modified_time":"2026-04-30T15:20:04+00:00","og_image":[{"url":"https:\/\/lobosnews.com.ar\/wp-content\/uploads\/2026\/04\/que-es-la-prefragilidad-y-como-se-manifiesta-el-deterioro-fisico-desde-la-mediana-edad.jpg","type":"","width":"","height":""}],"author":"admin","twitter_card":"summary_large_image","twitter_misc":{"Escrito por":"admin","Tiempo de lectura":"5 minutos"},"schema":{"@context":"https:\/\/schema.org","@graph":[{"@type":"Article","@id":"https:\/\/lobosnews.com.ar\/index.php\/2026\/04\/30\/que-es-la-prefragilidad-y-como-se-manifiesta-el-deterioro-fisico-desde-la-mediana-edad\/#article","isPartOf":{"@id":"https:\/\/lobosnews.com.ar\/index.php\/2026\/04\/30\/que-es-la-prefragilidad-y-como-se-manifiesta-el-deterioro-fisico-desde-la-mediana-edad\/"},"author":{"name":"admin","@id":"https:\/\/lobosnews.com.ar\/#\/schema\/person\/232422a593d5c541dd9aef6aaed10943"},"headline":"Qu\u00e9 es la prefragilidad y c\u00f3mo se manifiesta el deterioro f\u00edsico desde la mediana edad","datePublished":"2026-04-30T13:14:15+00:00","dateModified":"2026-04-30T15:20:04+00:00","mainEntityOfPage":{"@id":"https:\/\/lobosnews.com.ar\/index.php\/2026\/04\/30\/que-es-la-prefragilidad-y-como-se-manifiesta-el-deterioro-fisico-desde-la-mediana-edad\/"},"wordCount":1105,"commentCount":0,"publisher":{"@id":"https:\/\/lobosnews.com.ar\/#organization"},"image":{"@id":"https:\/\/lobosnews.com.ar\/index.php\/2026\/04\/30\/que-es-la-prefragilidad-y-como-se-manifiesta-el-deterioro-fisico-desde-la-mediana-edad\/#primaryimage"},"thumbnailUrl":"https:\/\/lobosnews.com.ar\/wp-content\/uploads\/2026\/04\/que-es-la-prefragilidad-y-como-se-manifiesta-el-deterioro-fisico-desde-la-mediana-edad-10.jpg","articleSection":["Salud"],"inLanguage":"es","potentialAction":[{"@type":"CommentAction","name":"Comment","target":["https:\/\/lobosnews.com.ar\/index.php\/2026\/04\/30\/que-es-la-prefragilidad-y-como-se-manifiesta-el-deterioro-fisico-desde-la-mediana-edad\/#respond"]}]},{"@type":"WebPage","@id":"https:\/\/lobosnews.com.ar\/index.php\/2026\/04\/30\/que-es-la-prefragilidad-y-como-se-manifiesta-el-deterioro-fisico-desde-la-mediana-edad\/","url":"https:\/\/lobosnews.com.ar\/index.php\/2026\/04\/30\/que-es-la-prefragilidad-y-como-se-manifiesta-el-deterioro-fisico-desde-la-mediana-edad\/","name":"Qu\u00e9 es la prefragilidad y c\u00f3mo se manifiesta el deterioro f\u00edsico desde la mediana edad - Lobos News","isPartOf":{"@id":"https:\/\/lobosnews.com.ar\/#website"},"primaryImageOfPage":{"@id":"https:\/\/lobosnews.com.ar\/index.php\/2026\/04\/30\/que-es-la-prefragilidad-y-como-se-manifiesta-el-deterioro-fisico-desde-la-mediana-edad\/#primaryimage"},"image":{"@id":"https:\/\/lobosnews.com.ar\/index.php\/2026\/04\/30\/que-es-la-prefragilidad-y-como-se-manifiesta-el-deterioro-fisico-desde-la-mediana-edad\/#primaryimage"},"thumbnailUrl":"https:\/\/lobosnews.com.ar\/wp-content\/uploads\/2026\/04\/que-es-la-prefragilidad-y-como-se-manifiesta-el-deterioro-fisico-desde-la-mediana-edad-10.jpg","datePublished":"2026-04-30T13:14:15+00:00","dateModified":"2026-04-30T15:20:04+00:00","breadcrumb":{"@id":"https:\/\/lobosnews.com.ar\/index.php\/2026\/04\/30\/que-es-la-prefragilidad-y-como-se-manifiesta-el-deterioro-fisico-desde-la-mediana-edad\/#breadcrumb"},"inLanguage":"es","potentialAction":[{"@type":"ReadAction","target":["https:\/\/lobosnews.com.ar\/index.php\/2026\/04\/30\/que-es-la-prefragilidad-y-como-se-manifiesta-el-deterioro-fisico-desde-la-mediana-edad\/"]}]},{"@type":"ImageObject","inLanguage":"es","@id":"https:\/\/lobosnews.com.ar\/index.php\/2026\/04\/30\/que-es-la-prefragilidad-y-como-se-manifiesta-el-deterioro-fisico-desde-la-mediana-edad\/#primaryimage","url":"https:\/\/lobosnews.com.ar\/wp-content\/uploads\/2026\/04\/que-es-la-prefragilidad-y-como-se-manifiesta-el-deterioro-fisico-desde-la-mediana-edad-10.jpg","contentUrl":"https:\/\/lobosnews.com.ar\/wp-content\/uploads\/2026\/04\/que-es-la-prefragilidad-y-como-se-manifiesta-el-deterioro-fisico-desde-la-mediana-edad-10.jpg","width":1456,"height":816,"caption":"Qu\u00e9 es la prefragilidad y c\u00f3mo se manifiesta el deterioro f\u00edsico desde la mediana edad"},{"@type":"BreadcrumbList","@id":"https:\/\/lobosnews.com.ar\/index.php\/2026\/04\/30\/que-es-la-prefragilidad-y-como-se-manifiesta-el-deterioro-fisico-desde-la-mediana-edad\/#breadcrumb","itemListElement":[{"@type":"ListItem","position":1,"name":"Portada","item":"https:\/\/lobosnews.com.ar\/"},{"@type":"ListItem","position":2,"name":"Qu\u00e9 es la prefragilidad y c\u00f3mo se manifiesta el deterioro f\u00edsico desde la mediana edad"}]},{"@type":"WebSite","@id":"https:\/\/lobosnews.com.ar\/#website","url":"https:\/\/lobosnews.com.ar\/","name":"Lobos News","description":"Informaci\u00f3n a cada instante","publisher":{"@id":"https:\/\/lobosnews.com.ar\/#organization"},"potentialAction":[{"@type":"SearchAction","target":{"@type":"EntryPoint","urlTemplate":"https:\/\/lobosnews.com.ar\/?s={search_term_string}"},"query-input":{"@type":"PropertyValueSpecification","valueRequired":true,"valueName":"search_term_string"}}],"inLanguage":"es"},{"@type":"Organization","@id":"https:\/\/lobosnews.com.ar\/#organization","name":"Lobos News","url":"https:\/\/lobosnews.com.ar\/","logo":{"@type":"ImageObject","inLanguage":"es","@id":"https:\/\/lobosnews.com.ar\/#\/schema\/logo\/image\/","url":"https:\/\/lobosnews.com.ar\/wp-content\/uploads\/2026\/01\/logo-lobosnews.png","contentUrl":"https:\/\/lobosnews.com.ar\/wp-content\/uploads\/2026\/01\/logo-lobosnews.png","width":500,"height":200,"caption":"Lobos News"},"image":{"@id":"https:\/\/lobosnews.com.ar\/#\/schema\/logo\/image\/"}},{"@type":"Person","@id":"https:\/\/lobosnews.com.ar\/#\/schema\/person\/232422a593d5c541dd9aef6aaed10943","name":"admin","image":{"@type":"ImageObject","inLanguage":"es","@id":"https:\/\/lobosnews.com.ar\/#\/schema\/person\/image\/","url":"https:\/\/secure.gravatar.com\/avatar\/76e419471a2083bc3ceab22a763dbbf9b0c1bd15a6214cf3280e2c2dde4580f9?s=96&d=mm&r=g","contentUrl":"https:\/\/secure.gravatar.com\/avatar\/76e419471a2083bc3ceab22a763dbbf9b0c1bd15a6214cf3280e2c2dde4580f9?s=96&d=mm&r=g","caption":"admin"},"sameAs":["https:\/\/lobosnews.com.ar"],"url":"https:\/\/lobosnews.com.ar\/index.php\/author\/lobos-news\/"}]}},"jetpack_featured_media_url":"https:\/\/lobosnews.com.ar\/wp-content\/uploads\/2026\/04\/que-es-la-prefragilidad-y-como-se-manifiesta-el-deterioro-fisico-desde-la-mediana-edad-10.jpg","jetpack_sharing_enabled":true,"_links":{"self":[{"href":"https:\/\/lobosnews.com.ar\/index.php\/wp-json\/wp\/v2\/posts\/47760","targetHints":{"allow":["GET"]}}],"collection":[{"href":"https:\/\/lobosnews.com.ar\/index.php\/wp-json\/wp\/v2\/posts"}],"about":[{"href":"https:\/\/lobosnews.com.ar\/index.php\/wp-json\/wp\/v2\/types\/post"}],"author":[{"embeddable":true,"href":"https:\/\/lobosnews.com.ar\/index.php\/wp-json\/wp\/v2\/users\/1"}],"replies":[{"embeddable":true,"href":"https:\/\/lobosnews.com.ar\/index.php\/wp-json\/wp\/v2\/comments?post=47760"}],"version-history":[{"count":1,"href":"https:\/\/lobosnews.com.ar\/index.php\/wp-json\/wp\/v2\/posts\/47760\/revisions"}],"predecessor-version":[{"id":47767,"href":"https:\/\/lobosnews.com.ar\/index.php\/wp-json\/wp\/v2\/posts\/47760\/revisions\/47767"}],"wp:featuredmedia":[{"embeddable":true,"href":"https:\/\/lobosnews.com.ar\/index.php\/wp-json\/wp\/v2\/media\/47768"}],"wp:attachment":[{"href":"https:\/\/lobosnews.com.ar\/index.php\/wp-json\/wp\/v2\/media?parent=47760"}],"wp:term":[{"taxonomy":"category","embeddable":true,"href":"https:\/\/lobosnews.com.ar\/index.php\/wp-json\/wp\/v2\/categories?post=47760"},{"taxonomy":"post_tag","embeddable":true,"href":"https:\/\/lobosnews.com.ar\/index.php\/wp-json\/wp\/v2\/tags?post=47760"}],"curies":[{"name":"wp","href":"https:\/\/api.w.org\/{rel}","templated":true}]}}