{"id":47706,"date":"2026-04-30T13:56:29","date_gmt":"2026-04-30T13:56:29","guid":{"rendered":"https:\/\/lobosnews.com.ar\/index.php\/2026\/04\/30\/maxi-lopez-revelo-detalles-desconocidos-de-la-nueva-serie-con-wanda-nara-hubo-cosas-que-no-quise-grabar\/"},"modified":"2026-04-30T15:06:36","modified_gmt":"2026-04-30T15:06:36","slug":"maxi-lopez-revelo-detalles-desconocidos-de-la-nueva-serie-con-wanda-nara-hubo-cosas-que-no-quise-grabar","status":"publish","type":"post","link":"https:\/\/lobosnews.com.ar\/index.php\/2026\/04\/30\/maxi-lopez-revelo-detalles-desconocidos-de-la-nueva-serie-con-wanda-nara-hubo-cosas-que-no-quise-grabar\/","title":{"rendered":"Maxi L\u00f3pez revel\u00f3 detalles desconocidos de la nueva serie con Wanda Nara: \u201cHubo cosas que no quise grabar\u201d"},"content":{"rendered":"<p>El rodaje de la <b>serie vertical de Telefe<\/b> que tiene como protagonistas a <span class=\"waslinkname\"><b>Maxi L\u00f3pez<\/b> <\/span>y<span class=\"waslinkname\"> <b>Wanda Nara<\/b><\/span> acaba de concluir, dejando tras de s\u00ed una serie de declaraciones que abren la puerta a lo inesperado. Entre las revelaciones m\u00e1s llamativas, el exfutbolista reconoci\u00f3 que <b>\u201chubo cosas que no quise grabar en la serie\u201d<\/b>, una frase que, por su misterio, se convirti\u00f3 r\u00e1pidamente en uno de los ejes de conversaci\u00f3n en el mundo del espect\u00e1culo.<\/p>\n<p>La producci\u00f3n, que entrelaza la historia real de la expareja con elementos de ficci\u00f3n, se apoya en un elenco que incluye a figuras como <b>C\u00e9sar Bord\u00f3n<\/b>, <b>Pachu Pe\u00f1a<\/b> y <b>Lucas Spadafora<\/b>. La trama se construye sobre la vida cotidiana de L\u00f3pez y Nara, pero abordada \u201cde un lado un poquito m\u00e1s c\u00f3mico\u201d, como \u00e9l mismo detall\u00f3.<\/p>\n<p><img fetchpriority=\"high\" decoding=\"async\" src=\"https:\/\/lobosnews.com.ar\/wp-content\/uploads\/2026\/04\/maxi-lopez-revelo-detalles-desconocidos-de-la-nueva-serie-con-wanda-nara-hubo-cosas-que-no-quise-grabar.jpg\" alt=\"El rodaje de la serie de Telefe sobre Maxi L\u00f3pez y Wanda Nara concluy\u00f3, dejando intriga sobre aspectos no incluidos en pantalla\" height=\"1080\" width=\"1920\"\/><\/p>\n<p>L\u00f3pez, en di\u00e1logo con la prensa, insisti\u00f3 en que la serie evita cualquier \u00e1nimo de esc\u00e1ndalo: <b>\u201cNo va con mala intenci\u00f3n para nadie y lo que grabamos son cosas que nos pasan en la diaria\u201d. <\/b>Telefe, seg\u00fan explic\u00f3, aport\u00f3 <b>\u201cun poco de pimienta\u201d<\/b> para darle atractivo televisivo, pero el objetivo central sigue siendo que \u201cla gente se divierta y eso es lo importante\u201d.<\/p>\n<p>El exfutbolista intent\u00f3 despejar cualquier especulaci\u00f3n sobre posibles conflictos con terceros, en especial figuras como <b>Mauro Icardi<\/b> y <b>China Su\u00e1rez<\/b>. Consultado sobre c\u00f3mo podr\u00edan reaccionar ellos ante ciertas escenas, L\u00f3pez relativiz\u00f3 el impacto medi\u00e1tico: <span class=\"waslinkname\"><b>\u201cPor m\u00e1s que hagas o no hagas, la gente habla y no pasa nada\u201d.<\/b><\/span><\/p>\n<p><img loading=\"lazy\" decoding=\"async\" src=\"https:\/\/lobosnews.com.ar\/wp-content\/uploads\/2026\/04\/maxi-lopez-revelo-detalles-desconocidos-de-la-nueva-serie-con-wanda-nara-hubo-cosas-que-no-quise-grabar-1.jpg\" alt=\"Wanda Nara confirm\u00f3 qui\u00e9n ser\u00e1 su abogada en la serie vertical sobre el esc\u00e1ndalo medi\u00e1tico, Georgina Barbarossa\" height=\"1919\" width=\"1080\"\/><\/p>\n<p>La serie, seg\u00fan cont\u00f3 el propio L\u00f3pez, naci\u00f3 casi de casualidad durante su participaci\u00f3n en <i>MasterChef<\/i>. \u201c<b>Es un proyecto que naci\u00f3 adentro de <\/b><i><b>MasterChef<\/b><\/i><b>, empezaron a escribir sobre lo que nos pasaba\u201d<\/b>, relat\u00f3, y explic\u00f3 que la idea fue mutando hasta convertirse en una ficci\u00f3n con tintes de humor.<\/p>\n<p>A pesar de la expectativa, L\u00f3pez confes\u00f3 que hay aspectos de su vida que prefiri\u00f3 mantener fuera de c\u00e1mara. <b>\u201cHubo cosas muy fuertes que dijimos que no, lo van a tener que ver\u201d<\/b>, anticip\u00f3, generando un manto de intriga sobre qu\u00e9 pasajes de la historia quedaron finalmente fuera del corte final. Sin embargo, remarc\u00f3 que el clima durante la grabaci\u00f3n fue positivo: <b>\u201cEstamos en un momento que estamos bien, por los chicos, fue nuestra primera experiencia<\/b>. Nos divertimos, la gente tambi\u00e9n y eso es buen indicio\u201d.<\/p>\n<p><img loading=\"lazy\" decoding=\"async\" src=\"https:\/\/lobosnews.com.ar\/wp-content\/uploads\/2026\/04\/maxi-lopez-revelo-detalles-desconocidos-de-la-nueva-serie-con-wanda-nara-hubo-cosas-que-no-quise-grabar-2.jpg\" alt=\"El elenco incluye figuras como C\u00e9sar Bord\u00f3n, Pachu Pe\u00f1a y Lucas Spadafora, aportando al tono c\u00f3mico de la serie biogr\u00e1fica\" height=\"1080\" width=\"1920\"\/><\/p>\n<p>La serie sobre<b> <\/b>Maxi L\u00f3pez y Wanda Nara para Telefe propone una narraci\u00f3n que combina la biograf\u00eda de ambos con recursos de ficci\u00f3n y comedia. <b>El guion toma como punto de partida situaciones reales, pero con un filtro humor\u00edstico y sin intenciones de herir susceptibilidades<\/b>, seg\u00fan describi\u00f3 L\u00f3pez. El propio exfutbolista admiti\u00f3 que n<b>o todas las vivencias fueron incluidas<\/b>, ya que algunas resultaron demasiado sensibles o personales para exponerse en pantalla.<\/p>\n<p>El exjugador tambi\u00e9n destac\u00f3 el aporte del elenco y el trabajo del equipo de guionistas: <b>\u201cEl guion estaba muy bien escrito y estar al lado de grandes actores, el proyecto se hizo mucho m\u00e1s ameno\u201d.<\/b><\/p>\n<p>Hasta el momento del estreno, ni L\u00f3pez ni Nara han visto los cap\u00edtulos completos, por lo que ambos descubrir\u00e1n junto al p\u00fablico qu\u00e9 fragmentos de su historia personal fueron finalmente seleccionados para la pantalla. <\/p>\n<p><img loading=\"lazy\" decoding=\"async\" src=\"https:\/\/lobosnews.com.ar\/wp-content\/uploads\/2026\/04\/maxi-lopez-revelo-detalles-desconocidos-de-la-nueva-serie-con-wanda-nara-hubo-cosas-que-no-quise-grabar-3.jpg\" alt=\"Maxi L\u00f3pez y Wanda Nara a\u00fan no han visto los cap\u00edtulos completos, lo que genera expectativa sobre qu\u00e9 aspectos de su historia se ver\u00e1n reflejados\" height=\"1919\" width=\"1080\"\/><\/p>\n<p>Adem\u00e1s de la serie,<b> <\/b>L\u00f3pez confirm\u00f3 una novedad en su vida privada:<b> ya firm\u00f3 el contrato para mudarse a una nueva casa en el mismo barrio que Wanda Nara<\/b>. Esta decisi\u00f3n facilitar\u00e1 la convivencia familiar en Argentina y marca el inicio de una nueva etapa para el ex futbolista y sus hijos.<\/p>\n<p>La noticia sobre la mudanza de Maxi y la convivencia cercana con Wanda en Argentina representa un cambio relevante para la din\u00e1mica familiar de ambos. El propio L\u00f3pez explic\u00f3 que fue selectivo con lo que quer\u00eda exponer, priorizando <b>la protecci\u00f3n de su intimidad y la de su entorno cercano.<\/b><\/p>\n<p><img loading=\"lazy\" decoding=\"async\" src=\"https:\/\/lobosnews.com.ar\/wp-content\/uploads\/2026\/04\/maxi-lopez-revelo-detalles-desconocidos-de-la-nueva-serie-con-wanda-nara-hubo-cosas-que-no-quise-grabar-4.jpg\" alt=\"Maxi L\u00f3pez y Daniela Christiansson vivir\u00e1n en Argentina\" height=\"1080\" width=\"1080\"\/><\/p>\n<p>A la espera del estreno, tanto los seguidores de la expareja como el p\u00fablico general aguardan para descubrir qu\u00e9 aspectos de la relaci\u00f3n entre Maxi y Wanda llegar\u00e1n a la pantalla y cu\u00e1les permanecer\u00e1n en el \u00e1mbito privado, tal como el propio L\u00f3pez anticip\u00f3 con su enigm\u00e1tica confesi\u00f3n.<\/p>\n","protected":false},"excerpt":{"rendered":"<p>El rodaje de la serie vertical de Telefe que tiene como protagonistas a Maxi L\u00f3pez y Wanda Nara acaba de concluir, dejando tras de s\u00ed una serie de declaraciones que abren la puerta a lo inesperado. Entre las revelaciones m\u00e1s llamativas, el exfutbolista reconoci\u00f3 que \u201chubo cosas que no quise grabar en la serie\u201d, una&#8230;<\/p>\n","protected":false},"author":1,"featured_media":47713,"comment_status":"open","ping_status":"closed","sticky":false,"template":"","format":"standard","meta":{"_jetpack_memberships_contains_paid_content":false,"footnotes":""},"categories":[79],"tags":[],"class_list":["post-47706","post","type-post","status-publish","format-standard","has-post-thumbnail","hentry","category-cine-y-series"],"magazineBlocksPostFeaturedMedia":{"thumbnail":"https:\/\/lobosnews.com.ar\/wp-content\/uploads\/2026\/04\/maxi-lopez-revelo-detalles-desconocidos-de-la-nueva-serie-con-wanda-nara-hubo-cosas-que-no-quise-grabar-8-150x150.jpg","medium":"https:\/\/lobosnews.com.ar\/wp-content\/uploads\/2026\/04\/maxi-lopez-revelo-detalles-desconocidos-de-la-nueva-serie-con-wanda-nara-hubo-cosas-que-no-quise-grabar-8-300x300.jpg","medium_large":"https:\/\/lobosnews.com.ar\/wp-content\/uploads\/2026\/04\/maxi-lopez-revelo-detalles-desconocidos-de-la-nueva-serie-con-wanda-nara-hubo-cosas-que-no-quise-grabar-8-768x768.jpg","large":"https:\/\/lobosnews.com.ar\/wp-content\/uploads\/2026\/04\/maxi-lopez-revelo-detalles-desconocidos-de-la-nueva-serie-con-wanda-nara-hubo-cosas-que-no-quise-grabar-8-1024x1024.jpg","1536x1536":"https:\/\/lobosnews.com.ar\/wp-content\/uploads\/2026\/04\/maxi-lopez-revelo-detalles-desconocidos-de-la-nueva-serie-con-wanda-nara-hubo-cosas-que-no-quise-grabar-8.jpg","2048x2048":"https:\/\/lobosnews.com.ar\/wp-content\/uploads\/2026\/04\/maxi-lopez-revelo-detalles-desconocidos-de-la-nueva-serie-con-wanda-nara-hubo-cosas-que-no-quise-grabar-8.jpg","newsmatic-featured":"https:\/\/lobosnews.com.ar\/wp-content\/uploads\/2026\/04\/maxi-lopez-revelo-detalles-desconocidos-de-la-nueva-serie-con-wanda-nara-hubo-cosas-que-no-quise-grabar-8-820x545.jpg","newsmatic-list":"https:\/\/lobosnews.com.ar\/wp-content\/uploads\/2026\/04\/maxi-lopez-revelo-detalles-desconocidos-de-la-nueva-serie-con-wanda-nara-hubo-cosas-que-no-quise-grabar-8-600x400.jpg","newsmatic-thumb":"https:\/\/lobosnews.com.ar\/wp-content\/uploads\/2026\/04\/maxi-lopez-revelo-detalles-desconocidos-de-la-nueva-serie-con-wanda-nara-hubo-cosas-que-no-quise-grabar-8-300x200.jpg","newsmatic-small":"https:\/\/lobosnews.com.ar\/wp-content\/uploads\/2026\/04\/maxi-lopez-revelo-detalles-desconocidos-de-la-nueva-serie-con-wanda-nara-hubo-cosas-que-no-quise-grabar-8-150x95.jpg","newsmatic-grid":"https:\/\/lobosnews.com.ar\/wp-content\/uploads\/2026\/04\/maxi-lopez-revelo-detalles-desconocidos-de-la-nueva-serie-con-wanda-nara-hubo-cosas-que-no-quise-grabar-8-400x250.jpg"},"magazineBlocksPostAuthor":{"name":"admin","avatar":"https:\/\/secure.gravatar.com\/avatar\/76e419471a2083bc3ceab22a763dbbf9b0c1bd15a6214cf3280e2c2dde4580f9?s=96&d=mm&r=g"},"magazineBlocksPostCommentsNumber":"0","magazineBlocksPostExcerpt":"El rodaje de la serie vertical de Telefe que tiene como protagonistas a Maxi L\u00f3pez y Wanda Nara acaba de concluir, dejando tras de s\u00ed una serie de declaraciones que abren la puerta a lo inesperado. Entre las revelaciones m\u00e1s llamativas, el exfutbolista reconoci\u00f3 que \u201chubo cosas que no quise grabar en la serie\u201d, una...","magazineBlocksPostCategories":["Cine y Series"],"magazineBlocksPostViewCount":10,"magazineBlocksPostReadTime":4,"magazine_blocks_featured_image_url":{"full":["https:\/\/lobosnews.com.ar\/wp-content\/uploads\/2026\/04\/maxi-lopez-revelo-detalles-desconocidos-de-la-nueva-serie-con-wanda-nara-hubo-cosas-que-no-quise-grabar-8.jpg",1080,1080,false],"medium":["https:\/\/lobosnews.com.ar\/wp-content\/uploads\/2026\/04\/maxi-lopez-revelo-detalles-desconocidos-de-la-nueva-serie-con-wanda-nara-hubo-cosas-que-no-quise-grabar-8-300x300.jpg",300,300,true],"thumbnail":["https:\/\/lobosnews.com.ar\/wp-content\/uploads\/2026\/04\/maxi-lopez-revelo-detalles-desconocidos-de-la-nueva-serie-con-wanda-nara-hubo-cosas-que-no-quise-grabar-8-150x150.jpg",150,150,true]},"magazine_blocks_author":{"display_name":"admin","author_link":"https:\/\/lobosnews.com.ar\/index.php\/author\/lobos-news\/"},"magazine_blocks_comment":0,"magazine_blocks_author_image":"https:\/\/secure.gravatar.com\/avatar\/76e419471a2083bc3ceab22a763dbbf9b0c1bd15a6214cf3280e2c2dde4580f9?s=96&d=mm&r=g","magazine_blocks_category":"<a href=\"#\" class=\"category-link category-link-79\">Cine y Series<\/a>","yoast_head":"<!-- This site is optimized with the Yoast SEO plugin v26.6 - https:\/\/yoast.com\/wordpress\/plugins\/seo\/ -->\n<title>Maxi L\u00f3pez revel\u00f3 detalles desconocidos de la nueva serie con Wanda Nara: \u201cHubo cosas que no quise grabar\u201d - Lobos News<\/title>\n<meta name=\"robots\" content=\"index, follow, max-snippet:-1, max-image-preview:large, max-video-preview:-1\" \/>\n<link rel=\"canonical\" href=\"https:\/\/lobosnews.com.ar\/index.php\/2026\/04\/30\/maxi-lopez-revelo-detalles-desconocidos-de-la-nueva-serie-con-wanda-nara-hubo-cosas-que-no-quise-grabar\/\" \/>\n<meta property=\"og:locale\" content=\"es_ES\" \/>\n<meta property=\"og:type\" content=\"article\" \/>\n<meta property=\"og:title\" content=\"Maxi L\u00f3pez revel\u00f3 detalles desconocidos de la nueva serie con Wanda Nara: \u201cHubo cosas que no quise grabar\u201d - Lobos News\" \/>\n<meta property=\"og:description\" content=\"El rodaje de la serie vertical de Telefe que tiene como protagonistas a Maxi L\u00f3pez y Wanda Nara acaba de concluir, dejando tras de s\u00ed una serie de declaraciones que abren la puerta a lo inesperado. Entre las revelaciones m\u00e1s llamativas, el exfutbolista reconoci\u00f3 que \u201chubo cosas que no quise grabar en la serie\u201d, una...\" \/>\n<meta property=\"og:url\" content=\"https:\/\/lobosnews.com.ar\/index.php\/2026\/04\/30\/maxi-lopez-revelo-detalles-desconocidos-de-la-nueva-serie-con-wanda-nara-hubo-cosas-que-no-quise-grabar\/\" \/>\n<meta property=\"og:site_name\" content=\"Lobos News\" \/>\n<meta property=\"article:published_time\" content=\"2026-04-30T13:56:29+00:00\" \/>\n<meta property=\"article:modified_time\" content=\"2026-04-30T15:06:36+00:00\" \/>\n<meta property=\"og:image\" content=\"https:\/\/lobosnews.com.ar\/wp-content\/uploads\/2026\/04\/maxi-lopez-revelo-detalles-desconocidos-de-la-nueva-serie-con-wanda-nara-hubo-cosas-que-no-quise-grabar.jpg\" \/>\n<meta name=\"author\" content=\"admin\" \/>\n<meta name=\"twitter:card\" content=\"summary_large_image\" \/>\n<meta name=\"twitter:label1\" content=\"Escrito por\" \/>\n\t<meta name=\"twitter:data1\" content=\"admin\" \/>\n\t<meta name=\"twitter:label2\" content=\"Tiempo de lectura\" \/>\n\t<meta name=\"twitter:data2\" content=\"4 minutos\" \/>\n<script type=\"application\/ld+json\" class=\"yoast-schema-graph\">{\"@context\":\"https:\/\/schema.org\",\"@graph\":[{\"@type\":\"Article\",\"@id\":\"https:\/\/lobosnews.com.ar\/index.php\/2026\/04\/30\/maxi-lopez-revelo-detalles-desconocidos-de-la-nueva-serie-con-wanda-nara-hubo-cosas-que-no-quise-grabar\/#article\",\"isPartOf\":{\"@id\":\"https:\/\/lobosnews.com.ar\/index.php\/2026\/04\/30\/maxi-lopez-revelo-detalles-desconocidos-de-la-nueva-serie-con-wanda-nara-hubo-cosas-que-no-quise-grabar\/\"},\"author\":{\"name\":\"admin\",\"@id\":\"https:\/\/lobosnews.com.ar\/#\/schema\/person\/232422a593d5c541dd9aef6aaed10943\"},\"headline\":\"Maxi L\u00f3pez revel\u00f3 detalles desconocidos de la nueva serie con Wanda Nara: \u201cHubo cosas que no quise grabar\u201d\",\"datePublished\":\"2026-04-30T13:56:29+00:00\",\"dateModified\":\"2026-04-30T15:06:36+00:00\",\"mainEntityOfPage\":{\"@id\":\"https:\/\/lobosnews.com.ar\/index.php\/2026\/04\/30\/maxi-lopez-revelo-detalles-desconocidos-de-la-nueva-serie-con-wanda-nara-hubo-cosas-que-no-quise-grabar\/\"},\"wordCount\":746,\"commentCount\":0,\"publisher\":{\"@id\":\"https:\/\/lobosnews.com.ar\/#organization\"},\"image\":{\"@id\":\"https:\/\/lobosnews.com.ar\/index.php\/2026\/04\/30\/maxi-lopez-revelo-detalles-desconocidos-de-la-nueva-serie-con-wanda-nara-hubo-cosas-que-no-quise-grabar\/#primaryimage\"},\"thumbnailUrl\":\"https:\/\/lobosnews.com.ar\/wp-content\/uploads\/2026\/04\/maxi-lopez-revelo-detalles-desconocidos-de-la-nueva-serie-con-wanda-nara-hubo-cosas-que-no-quise-grabar-8.jpg\",\"articleSection\":[\"Cine y Series\"],\"inLanguage\":\"es\",\"potentialAction\":[{\"@type\":\"CommentAction\",\"name\":\"Comment\",\"target\":[\"https:\/\/lobosnews.com.ar\/index.php\/2026\/04\/30\/maxi-lopez-revelo-detalles-desconocidos-de-la-nueva-serie-con-wanda-nara-hubo-cosas-que-no-quise-grabar\/#respond\"]}]},{\"@type\":\"WebPage\",\"@id\":\"https:\/\/lobosnews.com.ar\/index.php\/2026\/04\/30\/maxi-lopez-revelo-detalles-desconocidos-de-la-nueva-serie-con-wanda-nara-hubo-cosas-que-no-quise-grabar\/\",\"url\":\"https:\/\/lobosnews.com.ar\/index.php\/2026\/04\/30\/maxi-lopez-revelo-detalles-desconocidos-de-la-nueva-serie-con-wanda-nara-hubo-cosas-que-no-quise-grabar\/\",\"name\":\"Maxi L\u00f3pez revel\u00f3 detalles desconocidos de la nueva serie con Wanda Nara: \u201cHubo cosas que no quise grabar\u201d - Lobos News\",\"isPartOf\":{\"@id\":\"https:\/\/lobosnews.com.ar\/#website\"},\"primaryImageOfPage\":{\"@id\":\"https:\/\/lobosnews.com.ar\/index.php\/2026\/04\/30\/maxi-lopez-revelo-detalles-desconocidos-de-la-nueva-serie-con-wanda-nara-hubo-cosas-que-no-quise-grabar\/#primaryimage\"},\"image\":{\"@id\":\"https:\/\/lobosnews.com.ar\/index.php\/2026\/04\/30\/maxi-lopez-revelo-detalles-desconocidos-de-la-nueva-serie-con-wanda-nara-hubo-cosas-que-no-quise-grabar\/#primaryimage\"},\"thumbnailUrl\":\"https:\/\/lobosnews.com.ar\/wp-content\/uploads\/2026\/04\/maxi-lopez-revelo-detalles-desconocidos-de-la-nueva-serie-con-wanda-nara-hubo-cosas-que-no-quise-grabar-8.jpg\",\"datePublished\":\"2026-04-30T13:56:29+00:00\",\"dateModified\":\"2026-04-30T15:06:36+00:00\",\"breadcrumb\":{\"@id\":\"https:\/\/lobosnews.com.ar\/index.php\/2026\/04\/30\/maxi-lopez-revelo-detalles-desconocidos-de-la-nueva-serie-con-wanda-nara-hubo-cosas-que-no-quise-grabar\/#breadcrumb\"},\"inLanguage\":\"es\",\"potentialAction\":[{\"@type\":\"ReadAction\",\"target\":[\"https:\/\/lobosnews.com.ar\/index.php\/2026\/04\/30\/maxi-lopez-revelo-detalles-desconocidos-de-la-nueva-serie-con-wanda-nara-hubo-cosas-que-no-quise-grabar\/\"]}]},{\"@type\":\"ImageObject\",\"inLanguage\":\"es\",\"@id\":\"https:\/\/lobosnews.com.ar\/index.php\/2026\/04\/30\/maxi-lopez-revelo-detalles-desconocidos-de-la-nueva-serie-con-wanda-nara-hubo-cosas-que-no-quise-grabar\/#primaryimage\",\"url\":\"https:\/\/lobosnews.com.ar\/wp-content\/uploads\/2026\/04\/maxi-lopez-revelo-detalles-desconocidos-de-la-nueva-serie-con-wanda-nara-hubo-cosas-que-no-quise-grabar-8.jpg\",\"contentUrl\":\"https:\/\/lobosnews.com.ar\/wp-content\/uploads\/2026\/04\/maxi-lopez-revelo-detalles-desconocidos-de-la-nueva-serie-con-wanda-nara-hubo-cosas-que-no-quise-grabar-8.jpg\",\"width\":1080,\"height\":1080,\"caption\":\"Maxi L\u00f3pez revel\u00f3 detalles desconocidos de la nueva serie con Wanda Nara: \u201cHubo cosas que no quise grabar\u201d\"},{\"@type\":\"BreadcrumbList\",\"@id\":\"https:\/\/lobosnews.com.ar\/index.php\/2026\/04\/30\/maxi-lopez-revelo-detalles-desconocidos-de-la-nueva-serie-con-wanda-nara-hubo-cosas-que-no-quise-grabar\/#breadcrumb\",\"itemListElement\":[{\"@type\":\"ListItem\",\"position\":1,\"name\":\"Portada\",\"item\":\"https:\/\/lobosnews.com.ar\/\"},{\"@type\":\"ListItem\",\"position\":2,\"name\":\"Maxi L\u00f3pez revel\u00f3 detalles desconocidos de la nueva serie con Wanda Nara: \u201cHubo cosas que no quise grabar\u201d\"}]},{\"@type\":\"WebSite\",\"@id\":\"https:\/\/lobosnews.com.ar\/#website\",\"url\":\"https:\/\/lobosnews.com.ar\/\",\"name\":\"Lobos News\",\"description\":\"Informaci\u00f3n a cada instante\",\"publisher\":{\"@id\":\"https:\/\/lobosnews.com.ar\/#organization\"},\"potentialAction\":[{\"@type\":\"SearchAction\",\"target\":{\"@type\":\"EntryPoint\",\"urlTemplate\":\"https:\/\/lobosnews.com.ar\/?s={search_term_string}\"},\"query-input\":{\"@type\":\"PropertyValueSpecification\",\"valueRequired\":true,\"valueName\":\"search_term_string\"}}],\"inLanguage\":\"es\"},{\"@type\":\"Organization\",\"@id\":\"https:\/\/lobosnews.com.ar\/#organization\",\"name\":\"Lobos News\",\"url\":\"https:\/\/lobosnews.com.ar\/\",\"logo\":{\"@type\":\"ImageObject\",\"inLanguage\":\"es\",\"@id\":\"https:\/\/lobosnews.com.ar\/#\/schema\/logo\/image\/\",\"url\":\"https:\/\/lobosnews.com.ar\/wp-content\/uploads\/2026\/01\/logo-lobosnews.png\",\"contentUrl\":\"https:\/\/lobosnews.com.ar\/wp-content\/uploads\/2026\/01\/logo-lobosnews.png\",\"width\":500,\"height\":200,\"caption\":\"Lobos News\"},\"image\":{\"@id\":\"https:\/\/lobosnews.com.ar\/#\/schema\/logo\/image\/\"}},{\"@type\":\"Person\",\"@id\":\"https:\/\/lobosnews.com.ar\/#\/schema\/person\/232422a593d5c541dd9aef6aaed10943\",\"name\":\"admin\",\"image\":{\"@type\":\"ImageObject\",\"inLanguage\":\"es\",\"@id\":\"https:\/\/lobosnews.com.ar\/#\/schema\/person\/image\/\",\"url\":\"https:\/\/secure.gravatar.com\/avatar\/76e419471a2083bc3ceab22a763dbbf9b0c1bd15a6214cf3280e2c2dde4580f9?s=96&d=mm&r=g\",\"contentUrl\":\"https:\/\/secure.gravatar.com\/avatar\/76e419471a2083bc3ceab22a763dbbf9b0c1bd15a6214cf3280e2c2dde4580f9?s=96&d=mm&r=g\",\"caption\":\"admin\"},\"sameAs\":[\"https:\/\/lobosnews.com.ar\"],\"url\":\"https:\/\/lobosnews.com.ar\/index.php\/author\/lobos-news\/\"}]}<\/script>\n<!-- \/ Yoast SEO plugin. -->","yoast_head_json":{"title":"Maxi L\u00f3pez revel\u00f3 detalles desconocidos de la nueva serie con Wanda Nara: \u201cHubo cosas que no quise grabar\u201d - Lobos News","robots":{"index":"index","follow":"follow","max-snippet":"max-snippet:-1","max-image-preview":"max-image-preview:large","max-video-preview":"max-video-preview:-1"},"canonical":"https:\/\/lobosnews.com.ar\/index.php\/2026\/04\/30\/maxi-lopez-revelo-detalles-desconocidos-de-la-nueva-serie-con-wanda-nara-hubo-cosas-que-no-quise-grabar\/","og_locale":"es_ES","og_type":"article","og_title":"Maxi L\u00f3pez revel\u00f3 detalles desconocidos de la nueva serie con Wanda Nara: \u201cHubo cosas que no quise grabar\u201d - Lobos News","og_description":"El rodaje de la serie vertical de Telefe que tiene como protagonistas a Maxi L\u00f3pez y Wanda Nara acaba de concluir, dejando tras de s\u00ed una serie de declaraciones que abren la puerta a lo inesperado. Entre las revelaciones m\u00e1s llamativas, el exfutbolista reconoci\u00f3 que \u201chubo cosas que no quise grabar en la serie\u201d, una...","og_url":"https:\/\/lobosnews.com.ar\/index.php\/2026\/04\/30\/maxi-lopez-revelo-detalles-desconocidos-de-la-nueva-serie-con-wanda-nara-hubo-cosas-que-no-quise-grabar\/","og_site_name":"Lobos News","article_published_time":"2026-04-30T13:56:29+00:00","article_modified_time":"2026-04-30T15:06:36+00:00","og_image":[{"url":"https:\/\/lobosnews.com.ar\/wp-content\/uploads\/2026\/04\/maxi-lopez-revelo-detalles-desconocidos-de-la-nueva-serie-con-wanda-nara-hubo-cosas-que-no-quise-grabar.jpg","type":"","width":"","height":""}],"author":"admin","twitter_card":"summary_large_image","twitter_misc":{"Escrito por":"admin","Tiempo de lectura":"4 minutos"},"schema":{"@context":"https:\/\/schema.org","@graph":[{"@type":"Article","@id":"https:\/\/lobosnews.com.ar\/index.php\/2026\/04\/30\/maxi-lopez-revelo-detalles-desconocidos-de-la-nueva-serie-con-wanda-nara-hubo-cosas-que-no-quise-grabar\/#article","isPartOf":{"@id":"https:\/\/lobosnews.com.ar\/index.php\/2026\/04\/30\/maxi-lopez-revelo-detalles-desconocidos-de-la-nueva-serie-con-wanda-nara-hubo-cosas-que-no-quise-grabar\/"},"author":{"name":"admin","@id":"https:\/\/lobosnews.com.ar\/#\/schema\/person\/232422a593d5c541dd9aef6aaed10943"},"headline":"Maxi L\u00f3pez revel\u00f3 detalles desconocidos de la nueva serie con Wanda Nara: \u201cHubo cosas que no quise grabar\u201d","datePublished":"2026-04-30T13:56:29+00:00","dateModified":"2026-04-30T15:06:36+00:00","mainEntityOfPage":{"@id":"https:\/\/lobosnews.com.ar\/index.php\/2026\/04\/30\/maxi-lopez-revelo-detalles-desconocidos-de-la-nueva-serie-con-wanda-nara-hubo-cosas-que-no-quise-grabar\/"},"wordCount":746,"commentCount":0,"publisher":{"@id":"https:\/\/lobosnews.com.ar\/#organization"},"image":{"@id":"https:\/\/lobosnews.com.ar\/index.php\/2026\/04\/30\/maxi-lopez-revelo-detalles-desconocidos-de-la-nueva-serie-con-wanda-nara-hubo-cosas-que-no-quise-grabar\/#primaryimage"},"thumbnailUrl":"https:\/\/lobosnews.com.ar\/wp-content\/uploads\/2026\/04\/maxi-lopez-revelo-detalles-desconocidos-de-la-nueva-serie-con-wanda-nara-hubo-cosas-que-no-quise-grabar-8.jpg","articleSection":["Cine y Series"],"inLanguage":"es","potentialAction":[{"@type":"CommentAction","name":"Comment","target":["https:\/\/lobosnews.com.ar\/index.php\/2026\/04\/30\/maxi-lopez-revelo-detalles-desconocidos-de-la-nueva-serie-con-wanda-nara-hubo-cosas-que-no-quise-grabar\/#respond"]}]},{"@type":"WebPage","@id":"https:\/\/lobosnews.com.ar\/index.php\/2026\/04\/30\/maxi-lopez-revelo-detalles-desconocidos-de-la-nueva-serie-con-wanda-nara-hubo-cosas-que-no-quise-grabar\/","url":"https:\/\/lobosnews.com.ar\/index.php\/2026\/04\/30\/maxi-lopez-revelo-detalles-desconocidos-de-la-nueva-serie-con-wanda-nara-hubo-cosas-que-no-quise-grabar\/","name":"Maxi L\u00f3pez revel\u00f3 detalles desconocidos de la nueva serie con Wanda Nara: \u201cHubo cosas que no quise grabar\u201d - Lobos News","isPartOf":{"@id":"https:\/\/lobosnews.com.ar\/#website"},"primaryImageOfPage":{"@id":"https:\/\/lobosnews.com.ar\/index.php\/2026\/04\/30\/maxi-lopez-revelo-detalles-desconocidos-de-la-nueva-serie-con-wanda-nara-hubo-cosas-que-no-quise-grabar\/#primaryimage"},"image":{"@id":"https:\/\/lobosnews.com.ar\/index.php\/2026\/04\/30\/maxi-lopez-revelo-detalles-desconocidos-de-la-nueva-serie-con-wanda-nara-hubo-cosas-que-no-quise-grabar\/#primaryimage"},"thumbnailUrl":"https:\/\/lobosnews.com.ar\/wp-content\/uploads\/2026\/04\/maxi-lopez-revelo-detalles-desconocidos-de-la-nueva-serie-con-wanda-nara-hubo-cosas-que-no-quise-grabar-8.jpg","datePublished":"2026-04-30T13:56:29+00:00","dateModified":"2026-04-30T15:06:36+00:00","breadcrumb":{"@id":"https:\/\/lobosnews.com.ar\/index.php\/2026\/04\/30\/maxi-lopez-revelo-detalles-desconocidos-de-la-nueva-serie-con-wanda-nara-hubo-cosas-que-no-quise-grabar\/#breadcrumb"},"inLanguage":"es","potentialAction":[{"@type":"ReadAction","target":["https:\/\/lobosnews.com.ar\/index.php\/2026\/04\/30\/maxi-lopez-revelo-detalles-desconocidos-de-la-nueva-serie-con-wanda-nara-hubo-cosas-que-no-quise-grabar\/"]}]},{"@type":"ImageObject","inLanguage":"es","@id":"https:\/\/lobosnews.com.ar\/index.php\/2026\/04\/30\/maxi-lopez-revelo-detalles-desconocidos-de-la-nueva-serie-con-wanda-nara-hubo-cosas-que-no-quise-grabar\/#primaryimage","url":"https:\/\/lobosnews.com.ar\/wp-content\/uploads\/2026\/04\/maxi-lopez-revelo-detalles-desconocidos-de-la-nueva-serie-con-wanda-nara-hubo-cosas-que-no-quise-grabar-8.jpg","contentUrl":"https:\/\/lobosnews.com.ar\/wp-content\/uploads\/2026\/04\/maxi-lopez-revelo-detalles-desconocidos-de-la-nueva-serie-con-wanda-nara-hubo-cosas-que-no-quise-grabar-8.jpg","width":1080,"height":1080,"caption":"Maxi L\u00f3pez revel\u00f3 detalles desconocidos de la nueva serie con Wanda Nara: \u201cHubo cosas que no quise grabar\u201d"},{"@type":"BreadcrumbList","@id":"https:\/\/lobosnews.com.ar\/index.php\/2026\/04\/30\/maxi-lopez-revelo-detalles-desconocidos-de-la-nueva-serie-con-wanda-nara-hubo-cosas-que-no-quise-grabar\/#breadcrumb","itemListElement":[{"@type":"ListItem","position":1,"name":"Portada","item":"https:\/\/lobosnews.com.ar\/"},{"@type":"ListItem","position":2,"name":"Maxi L\u00f3pez revel\u00f3 detalles desconocidos de la nueva serie con Wanda Nara: \u201cHubo cosas que no quise grabar\u201d"}]},{"@type":"WebSite","@id":"https:\/\/lobosnews.com.ar\/#website","url":"https:\/\/lobosnews.com.ar\/","name":"Lobos News","description":"Informaci\u00f3n a cada instante","publisher":{"@id":"https:\/\/lobosnews.com.ar\/#organization"},"potentialAction":[{"@type":"SearchAction","target":{"@type":"EntryPoint","urlTemplate":"https:\/\/lobosnews.com.ar\/?s={search_term_string}"},"query-input":{"@type":"PropertyValueSpecification","valueRequired":true,"valueName":"search_term_string"}}],"inLanguage":"es"},{"@type":"Organization","@id":"https:\/\/lobosnews.com.ar\/#organization","name":"Lobos News","url":"https:\/\/lobosnews.com.ar\/","logo":{"@type":"ImageObject","inLanguage":"es","@id":"https:\/\/lobosnews.com.ar\/#\/schema\/logo\/image\/","url":"https:\/\/lobosnews.com.ar\/wp-content\/uploads\/2026\/01\/logo-lobosnews.png","contentUrl":"https:\/\/lobosnews.com.ar\/wp-content\/uploads\/2026\/01\/logo-lobosnews.png","width":500,"height":200,"caption":"Lobos News"},"image":{"@id":"https:\/\/lobosnews.com.ar\/#\/schema\/logo\/image\/"}},{"@type":"Person","@id":"https:\/\/lobosnews.com.ar\/#\/schema\/person\/232422a593d5c541dd9aef6aaed10943","name":"admin","image":{"@type":"ImageObject","inLanguage":"es","@id":"https:\/\/lobosnews.com.ar\/#\/schema\/person\/image\/","url":"https:\/\/secure.gravatar.com\/avatar\/76e419471a2083bc3ceab22a763dbbf9b0c1bd15a6214cf3280e2c2dde4580f9?s=96&d=mm&r=g","contentUrl":"https:\/\/secure.gravatar.com\/avatar\/76e419471a2083bc3ceab22a763dbbf9b0c1bd15a6214cf3280e2c2dde4580f9?s=96&d=mm&r=g","caption":"admin"},"sameAs":["https:\/\/lobosnews.com.ar"],"url":"https:\/\/lobosnews.com.ar\/index.php\/author\/lobos-news\/"}]}},"jetpack_featured_media_url":"https:\/\/lobosnews.com.ar\/wp-content\/uploads\/2026\/04\/maxi-lopez-revelo-detalles-desconocidos-de-la-nueva-serie-con-wanda-nara-hubo-cosas-que-no-quise-grabar-8.jpg","jetpack_sharing_enabled":true,"_links":{"self":[{"href":"https:\/\/lobosnews.com.ar\/index.php\/wp-json\/wp\/v2\/posts\/47706","targetHints":{"allow":["GET"]}}],"collection":[{"href":"https:\/\/lobosnews.com.ar\/index.php\/wp-json\/wp\/v2\/posts"}],"about":[{"href":"https:\/\/lobosnews.com.ar\/index.php\/wp-json\/wp\/v2\/types\/post"}],"author":[{"embeddable":true,"href":"https:\/\/lobosnews.com.ar\/index.php\/wp-json\/wp\/v2\/users\/1"}],"replies":[{"embeddable":true,"href":"https:\/\/lobosnews.com.ar\/index.php\/wp-json\/wp\/v2\/comments?post=47706"}],"version-history":[{"count":1,"href":"https:\/\/lobosnews.com.ar\/index.php\/wp-json\/wp\/v2\/posts\/47706\/revisions"}],"predecessor-version":[{"id":47712,"href":"https:\/\/lobosnews.com.ar\/index.php\/wp-json\/wp\/v2\/posts\/47706\/revisions\/47712"}],"wp:featuredmedia":[{"embeddable":true,"href":"https:\/\/lobosnews.com.ar\/index.php\/wp-json\/wp\/v2\/media\/47713"}],"wp:attachment":[{"href":"https:\/\/lobosnews.com.ar\/index.php\/wp-json\/wp\/v2\/media?parent=47706"}],"wp:term":[{"taxonomy":"category","embeddable":true,"href":"https:\/\/lobosnews.com.ar\/index.php\/wp-json\/wp\/v2\/categories?post=47706"},{"taxonomy":"post_tag","embeddable":true,"href":"https:\/\/lobosnews.com.ar\/index.php\/wp-json\/wp\/v2\/tags?post=47706"}],"curies":[{"name":"wp","href":"https:\/\/api.w.org\/{rel}","templated":true}]}}