{"id":47693,"date":"2026-04-30T12:54:38","date_gmt":"2026-04-30T12:54:38","guid":{"rendered":"https:\/\/lobosnews.com.ar\/index.php\/2026\/04\/30\/guillermo-kuitca-reune-25-anos-de-arte-en-diarios-una-exposicion-intima-y-unica\/"},"modified":"2026-04-30T14:53:43","modified_gmt":"2026-04-30T14:53:43","slug":"guillermo-kuitca-reune-25-anos-de-arte-en-diarios-una-exposicion-intima-y-unica","status":"publish","type":"post","link":"https:\/\/lobosnews.com.ar\/index.php\/2026\/04\/30\/guillermo-kuitca-reune-25-anos-de-arte-en-diarios-una-exposicion-intima-y-unica\/","title":{"rendered":"Guillermo Kuitca re\u00fane 25 a\u00f1os de arte en \u201cDiarios\u201d, una exposici\u00f3n \u00edntima y \u00fanica"},"content":{"rendered":"<p><img loading=\"lazy\" decoding=\"async\" src=\"https:\/\/lobosnews.com.ar\/wp-content\/uploads\/2026\/04\/guillermo-kuitca-reune-25-anos-de-arte-en-diarios-una-exposicion-intima-y-unica.jpg\" alt=\"Guillermo Kuitca re\u00fane 25 a\u00f1os de arte en \u201cDiarios\u201d, una exposici\u00f3n \u00edntima y \u00fanica \" height=\"1080\" width=\"1920\"\/><\/p>\n<p>La presentaci\u00f3n en<b> ArtHaus<\/b> <b>Central <\/b>de los<i><b> Diarios 2000-2025<\/b><\/i> de <b>Guillermo Kuitca<\/b> marca el cierre de un ciclo creativo de veinticinco a\u00f1os y la muestra f\u00edsica m\u00e1s ambiciosa del proyecto, integrando por primera vez piezas dispersas en colecciones internacionales y personales en una sola exhibici\u00f3n. <\/p>\n<p>El valor de la serie reside en la transformaci\u00f3n de un gesto cotidiano \u2014el registro accidental sobre superficies de trabajo\u2014 en una gran obra colectiva, sellada por la voluntad de documentar el tiempo.<\/p>\n<p>De acuerdo con <b>Andr\u00e9s Buhar<\/b>, director general de <b>ArtHaus Central<\/b>, la serie de Kuitca comenz\u00f3 a gestarse a mediados de los noventa y tom\u00f3 su forma definitiva al reunir en una \u00fanica instalaci\u00f3n 45 piezas circulares de 1,20 metros de di\u00e1metro. <\/p>\n<p><img loading=\"lazy\" decoding=\"async\" src=\"https:\/\/lobosnews.com.ar\/wp-content\/uploads\/2026\/04\/guillermo-kuitca-reune-25-anos-de-arte-en-diarios-una-exposicion-intima-y-unica-1.jpg\" alt=\"\"Diarios 2000-2025\" re\u00fane todas las piezas por primera vez\" height=\"1080\" width=\"1920\"\/><\/p>\n<p>\u201c\u00c9l arranc\u00f3 en el 94, vendi\u00f3 la primera tanda a Luxemburgo, pero esto qued\u00f3 consolidado como los diarios de 2000 a 2025. Son veinticinco a\u00f1os de una pr\u00e1ctica que dej\u00f3 de hacer, por lo que la serie est\u00e1 cerrada\u201d explic\u00f3 a <b>Infobae Cultura<\/b>.<\/p>\n<p>Los <i>Diarios <\/i>de Kuitca representan un procedimiento \u00edntimo, donde el acto de pintar se confunde con el de escribir la propia historia. Buhar subray\u00f3: \u201cEs la obra m\u00e1s personal de Guillermo. Se trata de una producci\u00f3n construida a partir de acumulaciones cotidianas, desde anotaciones hasta t\u00edtulos de cuadros y n\u00fameros telef\u00f3nicos, que sedimentan una biograf\u00eda pl\u00e1stica a trav\u00e9s de capas sucesivas\u201d.<\/p>\n<p>Y agreg\u00f3: \u201cInterven\u00eda obras inconclusas o descartadas, las cortaba en redondo como la mesa y las garabatearlas todas, sin ning\u00fan sentido espec\u00edfico\u201d.<\/p>\n<p>Cuando se ingresa, en penumbras, los visitantes encuentran la disposici\u00f3n original del taller, con la m\u00edtica mesa de jard\u00edn sobre la que Kuitca sol\u00eda acumular papeles, revistas, garabatos y objetos de uso diario, junto a su silla. Luego, en una sala circular las piezas se despliegan en orden cronol\u00f3gico, con un montaje que busca recuperar tanto la atm\u00f3sfera de creaci\u00f3n como el sentido de una pr\u00e1ctica acumulada. <\/p>\n<p><img loading=\"lazy\" decoding=\"async\" src=\"https:\/\/lobosnews.com.ar\/wp-content\/uploads\/2026\/04\/guillermo-kuitca-reune-25-anos-de-arte-en-diarios-una-exposicion-intima-y-unica-2.jpg\" alt=\"La exhibici\u00f3n incluye piezas cedidas por la colecci\u00f3n Paul G. Allen junto a otras que el artista ten\u00eda en su taller \" height=\"1280\" width=\"1920\"\/><\/p>\n<p>La exhibici\u00f3n incluye piezas cedidas por la <b>colecci\u00f3n Paul G. Allen<\/b>, cofundador de Microsoft, que viajaron desde Estados Unidos y es la primera vez que estas se exhiben junto a las guardadas por el propio Kuitca en su taller. <\/p>\n<p>Algunas de estas obras han circulado por sedes internacionales como la Bienal de Venecia, el Museo Reina Sof\u00eda, el Drawing Center de Nueva York y la Fundaci\u00f3n Cartier y se presentan por primera vez en Buenos Aires.<\/p>\n<p>Solo ahora, tras la decisi\u00f3n de no continuar con el proyecto, la muestra se presenta como corpus cerrado y se exhibe en una escala nunca antes vista en la Argentina.<\/p>\n<p>La exhibici\u00f3n, por otro lado, se expande hacia otras disciplinas. En el primer piso, <b>Ignacio Masllorens <\/b>intervino el espacio con una videoinstalaci\u00f3n comisionada sobre la serie <i>Diarios<\/i>, bajo el nombre<b> <\/b><i><b>Estas cosas llevan tiempo<\/b><\/i>. <\/p>\n<p><img loading=\"lazy\" decoding=\"async\" src=\"https:\/\/lobosnews.com.ar\/wp-content\/uploads\/2026\/04\/guillermo-kuitca-reune-25-anos-de-arte-en-diarios-una-exposicion-intima-y-unica-3.jpg\" alt=\"Ignacio Masllorens intervino el espacio con una videoinstalaci\u00f3n\" height=\"1080\" width=\"1920\"\/><\/p>\n<p>Sobre el piso y tambi\u00e9n en forma de tondo se exponen material de archivo personal del artista, junto a detalles de las obras y tambi\u00e9n, desde un plano cenital, un registro del trabajo del Kuitca sobre la mesa, ampliando el di\u00e1logo entre pintura, cine y documentaci\u00f3n.<\/p>\n<p>Adem\u00e1s, <b>Diana Szeinblum<\/b> llevar\u00e1 al escenario <i>Nocturnos<\/i>, una pieza coreogr\u00e1fica inspirada en el cuadro <i>Tres noches<\/i> de 1986, profundizando los cruces entre artes pl\u00e1sticas y movimiento, con funciones el s\u00e1bado 27 y domingo 28 de junio, a las 18 y 20 hs.<\/p>\n<p><i>*<\/i><i><b>Diarios de Kuitca<\/b><\/i><i>, en Arthaus Central, Bartolom\u00e9 Mitre 434. De Martes a domingo, de 13:00 a 20:00 h.. Visitas Acompa\u00f1adas: Mi\u00e9rcoles a Viernes 18h, S\u00e1bados y Domingos 16h. Entrada libre y gratuita.<\/i><\/p>\n","protected":false},"excerpt":{"rendered":"<p>La presentaci\u00f3n en ArtHaus Central de los Diarios 2000-2025 de Guillermo Kuitca marca el cierre de un ciclo creativo de veinticinco a\u00f1os y la muestra f\u00edsica m\u00e1s ambiciosa del proyecto, integrando por primera vez piezas dispersas en colecciones internacionales y personales en una sola exhibici\u00f3n. El valor de la serie reside en la transformaci\u00f3n de&#8230;<\/p>\n","protected":false},"author":1,"featured_media":47699,"comment_status":"open","ping_status":"closed","sticky":false,"template":"","format":"standard","meta":{"_jetpack_memberships_contains_paid_content":false,"footnotes":""},"categories":[31],"tags":[],"class_list":["post-47693","post","type-post","status-publish","format-standard","has-post-thumbnail","hentry","category-actualidad"],"magazineBlocksPostFeaturedMedia":{"thumbnail":"https:\/\/lobosnews.com.ar\/wp-content\/uploads\/2026\/04\/guillermo-kuitca-reune-25-anos-de-arte-en-diarios-una-exposicion-intima-y-unica-6-150x150.jpg","medium":"https:\/\/lobosnews.com.ar\/wp-content\/uploads\/2026\/04\/guillermo-kuitca-reune-25-anos-de-arte-en-diarios-una-exposicion-intima-y-unica-6-300x169.jpg","medium_large":"https:\/\/lobosnews.com.ar\/wp-content\/uploads\/2026\/04\/guillermo-kuitca-reune-25-anos-de-arte-en-diarios-una-exposicion-intima-y-unica-6-768x432.jpg","large":"https:\/\/lobosnews.com.ar\/wp-content\/uploads\/2026\/04\/guillermo-kuitca-reune-25-anos-de-arte-en-diarios-una-exposicion-intima-y-unica-6-1024x576.jpg","1536x1536":"https:\/\/lobosnews.com.ar\/wp-content\/uploads\/2026\/04\/guillermo-kuitca-reune-25-anos-de-arte-en-diarios-una-exposicion-intima-y-unica-6-1536x864.jpg","2048x2048":"https:\/\/lobosnews.com.ar\/wp-content\/uploads\/2026\/04\/guillermo-kuitca-reune-25-anos-de-arte-en-diarios-una-exposicion-intima-y-unica-6.jpg","newsmatic-featured":"https:\/\/lobosnews.com.ar\/wp-content\/uploads\/2026\/04\/guillermo-kuitca-reune-25-anos-de-arte-en-diarios-una-exposicion-intima-y-unica-6-820x545.jpg","newsmatic-list":"https:\/\/lobosnews.com.ar\/wp-content\/uploads\/2026\/04\/guillermo-kuitca-reune-25-anos-de-arte-en-diarios-una-exposicion-intima-y-unica-6-600x400.jpg","newsmatic-thumb":"https:\/\/lobosnews.com.ar\/wp-content\/uploads\/2026\/04\/guillermo-kuitca-reune-25-anos-de-arte-en-diarios-una-exposicion-intima-y-unica-6-300x200.jpg","newsmatic-small":"https:\/\/lobosnews.com.ar\/wp-content\/uploads\/2026\/04\/guillermo-kuitca-reune-25-anos-de-arte-en-diarios-una-exposicion-intima-y-unica-6-150x95.jpg","newsmatic-grid":"https:\/\/lobosnews.com.ar\/wp-content\/uploads\/2026\/04\/guillermo-kuitca-reune-25-anos-de-arte-en-diarios-una-exposicion-intima-y-unica-6-400x250.jpg"},"magazineBlocksPostAuthor":{"name":"admin","avatar":"https:\/\/secure.gravatar.com\/avatar\/76e419471a2083bc3ceab22a763dbbf9b0c1bd15a6214cf3280e2c2dde4580f9?s=96&d=mm&r=g"},"magazineBlocksPostCommentsNumber":"0","magazineBlocksPostExcerpt":"La presentaci\u00f3n en ArtHaus Central de los Diarios 2000-2025 de Guillermo Kuitca marca el cierre de un ciclo creativo de veinticinco a\u00f1os y la muestra f\u00edsica m\u00e1s ambiciosa del proyecto, integrando por primera vez piezas dispersas en colecciones internacionales y personales en una sola exhibici\u00f3n. El valor de la serie reside en la transformaci\u00f3n de...","magazineBlocksPostCategories":["Actualidad"],"magazineBlocksPostViewCount":4,"magazineBlocksPostReadTime":4,"magazine_blocks_featured_image_url":{"full":["https:\/\/lobosnews.com.ar\/wp-content\/uploads\/2026\/04\/guillermo-kuitca-reune-25-anos-de-arte-en-diarios-una-exposicion-intima-y-unica-6.jpg",1920,1080,false],"medium":["https:\/\/lobosnews.com.ar\/wp-content\/uploads\/2026\/04\/guillermo-kuitca-reune-25-anos-de-arte-en-diarios-una-exposicion-intima-y-unica-6-300x169.jpg",300,169,true],"thumbnail":["https:\/\/lobosnews.com.ar\/wp-content\/uploads\/2026\/04\/guillermo-kuitca-reune-25-anos-de-arte-en-diarios-una-exposicion-intima-y-unica-6-150x150.jpg",150,150,true]},"magazine_blocks_author":{"display_name":"admin","author_link":"https:\/\/lobosnews.com.ar\/index.php\/author\/lobos-news\/"},"magazine_blocks_comment":0,"magazine_blocks_author_image":"https:\/\/secure.gravatar.com\/avatar\/76e419471a2083bc3ceab22a763dbbf9b0c1bd15a6214cf3280e2c2dde4580f9?s=96&d=mm&r=g","magazine_blocks_category":"<a href=\"#\" class=\"category-link category-link-31\">Actualidad<\/a>","yoast_head":"<!-- This site is optimized with the Yoast SEO plugin v26.6 - https:\/\/yoast.com\/wordpress\/plugins\/seo\/ -->\n<title>Guillermo Kuitca re\u00fane 25 a\u00f1os de arte en \u201cDiarios\u201d, una exposici\u00f3n \u00edntima y \u00fanica - Lobos News<\/title>\n<meta name=\"robots\" content=\"index, follow, max-snippet:-1, max-image-preview:large, max-video-preview:-1\" \/>\n<link rel=\"canonical\" href=\"https:\/\/lobosnews.com.ar\/index.php\/2026\/04\/30\/guillermo-kuitca-reune-25-anos-de-arte-en-diarios-una-exposicion-intima-y-unica\/\" \/>\n<meta property=\"og:locale\" content=\"es_ES\" \/>\n<meta property=\"og:type\" content=\"article\" \/>\n<meta property=\"og:title\" content=\"Guillermo Kuitca re\u00fane 25 a\u00f1os de arte en \u201cDiarios\u201d, una exposici\u00f3n \u00edntima y \u00fanica - Lobos News\" \/>\n<meta property=\"og:description\" content=\"La presentaci\u00f3n en ArtHaus Central de los Diarios 2000-2025 de Guillermo Kuitca marca el cierre de un ciclo creativo de veinticinco a\u00f1os y la muestra f\u00edsica m\u00e1s ambiciosa del proyecto, integrando por primera vez piezas dispersas en colecciones internacionales y personales en una sola exhibici\u00f3n. El valor de la serie reside en la transformaci\u00f3n de...\" \/>\n<meta property=\"og:url\" content=\"https:\/\/lobosnews.com.ar\/index.php\/2026\/04\/30\/guillermo-kuitca-reune-25-anos-de-arte-en-diarios-una-exposicion-intima-y-unica\/\" \/>\n<meta property=\"og:site_name\" content=\"Lobos News\" \/>\n<meta property=\"article:published_time\" content=\"2026-04-30T12:54:38+00:00\" \/>\n<meta property=\"article:modified_time\" content=\"2026-04-30T14:53:43+00:00\" \/>\n<meta property=\"og:image\" content=\"https:\/\/lobosnews.com.ar\/wp-content\/uploads\/2026\/04\/guillermo-kuitca-reune-25-anos-de-arte-en-diarios-una-exposicion-intima-y-unica.jpg\" \/>\n<meta name=\"author\" content=\"admin\" \/>\n<meta name=\"twitter:card\" content=\"summary_large_image\" \/>\n<meta name=\"twitter:label1\" content=\"Escrito por\" \/>\n\t<meta name=\"twitter:data1\" content=\"admin\" \/>\n\t<meta name=\"twitter:label2\" content=\"Tiempo de lectura\" \/>\n\t<meta name=\"twitter:data2\" content=\"3 minutos\" \/>\n<script type=\"application\/ld+json\" class=\"yoast-schema-graph\">{\"@context\":\"https:\/\/schema.org\",\"@graph\":[{\"@type\":\"Article\",\"@id\":\"https:\/\/lobosnews.com.ar\/index.php\/2026\/04\/30\/guillermo-kuitca-reune-25-anos-de-arte-en-diarios-una-exposicion-intima-y-unica\/#article\",\"isPartOf\":{\"@id\":\"https:\/\/lobosnews.com.ar\/index.php\/2026\/04\/30\/guillermo-kuitca-reune-25-anos-de-arte-en-diarios-una-exposicion-intima-y-unica\/\"},\"author\":{\"name\":\"admin\",\"@id\":\"https:\/\/lobosnews.com.ar\/#\/schema\/person\/232422a593d5c541dd9aef6aaed10943\"},\"headline\":\"Guillermo Kuitca re\u00fane 25 a\u00f1os de arte en \u201cDiarios\u201d, una exposici\u00f3n \u00edntima y \u00fanica\",\"datePublished\":\"2026-04-30T12:54:38+00:00\",\"dateModified\":\"2026-04-30T14:53:43+00:00\",\"mainEntityOfPage\":{\"@id\":\"https:\/\/lobosnews.com.ar\/index.php\/2026\/04\/30\/guillermo-kuitca-reune-25-anos-de-arte-en-diarios-una-exposicion-intima-y-unica\/\"},\"wordCount\":623,\"commentCount\":0,\"publisher\":{\"@id\":\"https:\/\/lobosnews.com.ar\/#organization\"},\"image\":{\"@id\":\"https:\/\/lobosnews.com.ar\/index.php\/2026\/04\/30\/guillermo-kuitca-reune-25-anos-de-arte-en-diarios-una-exposicion-intima-y-unica\/#primaryimage\"},\"thumbnailUrl\":\"https:\/\/lobosnews.com.ar\/wp-content\/uploads\/2026\/04\/guillermo-kuitca-reune-25-anos-de-arte-en-diarios-una-exposicion-intima-y-unica-6.jpg\",\"articleSection\":[\"Actualidad\"],\"inLanguage\":\"es\",\"potentialAction\":[{\"@type\":\"CommentAction\",\"name\":\"Comment\",\"target\":[\"https:\/\/lobosnews.com.ar\/index.php\/2026\/04\/30\/guillermo-kuitca-reune-25-anos-de-arte-en-diarios-una-exposicion-intima-y-unica\/#respond\"]}]},{\"@type\":\"WebPage\",\"@id\":\"https:\/\/lobosnews.com.ar\/index.php\/2026\/04\/30\/guillermo-kuitca-reune-25-anos-de-arte-en-diarios-una-exposicion-intima-y-unica\/\",\"url\":\"https:\/\/lobosnews.com.ar\/index.php\/2026\/04\/30\/guillermo-kuitca-reune-25-anos-de-arte-en-diarios-una-exposicion-intima-y-unica\/\",\"name\":\"Guillermo Kuitca re\u00fane 25 a\u00f1os de arte en \u201cDiarios\u201d, una exposici\u00f3n \u00edntima y \u00fanica - Lobos News\",\"isPartOf\":{\"@id\":\"https:\/\/lobosnews.com.ar\/#website\"},\"primaryImageOfPage\":{\"@id\":\"https:\/\/lobosnews.com.ar\/index.php\/2026\/04\/30\/guillermo-kuitca-reune-25-anos-de-arte-en-diarios-una-exposicion-intima-y-unica\/#primaryimage\"},\"image\":{\"@id\":\"https:\/\/lobosnews.com.ar\/index.php\/2026\/04\/30\/guillermo-kuitca-reune-25-anos-de-arte-en-diarios-una-exposicion-intima-y-unica\/#primaryimage\"},\"thumbnailUrl\":\"https:\/\/lobosnews.com.ar\/wp-content\/uploads\/2026\/04\/guillermo-kuitca-reune-25-anos-de-arte-en-diarios-una-exposicion-intima-y-unica-6.jpg\",\"datePublished\":\"2026-04-30T12:54:38+00:00\",\"dateModified\":\"2026-04-30T14:53:43+00:00\",\"breadcrumb\":{\"@id\":\"https:\/\/lobosnews.com.ar\/index.php\/2026\/04\/30\/guillermo-kuitca-reune-25-anos-de-arte-en-diarios-una-exposicion-intima-y-unica\/#breadcrumb\"},\"inLanguage\":\"es\",\"potentialAction\":[{\"@type\":\"ReadAction\",\"target\":[\"https:\/\/lobosnews.com.ar\/index.php\/2026\/04\/30\/guillermo-kuitca-reune-25-anos-de-arte-en-diarios-una-exposicion-intima-y-unica\/\"]}]},{\"@type\":\"ImageObject\",\"inLanguage\":\"es\",\"@id\":\"https:\/\/lobosnews.com.ar\/index.php\/2026\/04\/30\/guillermo-kuitca-reune-25-anos-de-arte-en-diarios-una-exposicion-intima-y-unica\/#primaryimage\",\"url\":\"https:\/\/lobosnews.com.ar\/wp-content\/uploads\/2026\/04\/guillermo-kuitca-reune-25-anos-de-arte-en-diarios-una-exposicion-intima-y-unica-6.jpg\",\"contentUrl\":\"https:\/\/lobosnews.com.ar\/wp-content\/uploads\/2026\/04\/guillermo-kuitca-reune-25-anos-de-arte-en-diarios-una-exposicion-intima-y-unica-6.jpg\",\"width\":1920,\"height\":1080,\"caption\":\"Guillermo Kuitca re\u00fane 25 a\u00f1os de arte en \u201cDiarios\u201d, una exposici\u00f3n \u00edntima y \u00fanica\"},{\"@type\":\"BreadcrumbList\",\"@id\":\"https:\/\/lobosnews.com.ar\/index.php\/2026\/04\/30\/guillermo-kuitca-reune-25-anos-de-arte-en-diarios-una-exposicion-intima-y-unica\/#breadcrumb\",\"itemListElement\":[{\"@type\":\"ListItem\",\"position\":1,\"name\":\"Portada\",\"item\":\"https:\/\/lobosnews.com.ar\/\"},{\"@type\":\"ListItem\",\"position\":2,\"name\":\"Guillermo Kuitca re\u00fane 25 a\u00f1os de arte en \u201cDiarios\u201d, una exposici\u00f3n \u00edntima y \u00fanica\"}]},{\"@type\":\"WebSite\",\"@id\":\"https:\/\/lobosnews.com.ar\/#website\",\"url\":\"https:\/\/lobosnews.com.ar\/\",\"name\":\"Lobos News\",\"description\":\"Informaci\u00f3n a cada instante\",\"publisher\":{\"@id\":\"https:\/\/lobosnews.com.ar\/#organization\"},\"potentialAction\":[{\"@type\":\"SearchAction\",\"target\":{\"@type\":\"EntryPoint\",\"urlTemplate\":\"https:\/\/lobosnews.com.ar\/?s={search_term_string}\"},\"query-input\":{\"@type\":\"PropertyValueSpecification\",\"valueRequired\":true,\"valueName\":\"search_term_string\"}}],\"inLanguage\":\"es\"},{\"@type\":\"Organization\",\"@id\":\"https:\/\/lobosnews.com.ar\/#organization\",\"name\":\"Lobos News\",\"url\":\"https:\/\/lobosnews.com.ar\/\",\"logo\":{\"@type\":\"ImageObject\",\"inLanguage\":\"es\",\"@id\":\"https:\/\/lobosnews.com.ar\/#\/schema\/logo\/image\/\",\"url\":\"https:\/\/lobosnews.com.ar\/wp-content\/uploads\/2026\/01\/logo-lobosnews.png\",\"contentUrl\":\"https:\/\/lobosnews.com.ar\/wp-content\/uploads\/2026\/01\/logo-lobosnews.png\",\"width\":500,\"height\":200,\"caption\":\"Lobos News\"},\"image\":{\"@id\":\"https:\/\/lobosnews.com.ar\/#\/schema\/logo\/image\/\"}},{\"@type\":\"Person\",\"@id\":\"https:\/\/lobosnews.com.ar\/#\/schema\/person\/232422a593d5c541dd9aef6aaed10943\",\"name\":\"admin\",\"image\":{\"@type\":\"ImageObject\",\"inLanguage\":\"es\",\"@id\":\"https:\/\/lobosnews.com.ar\/#\/schema\/person\/image\/\",\"url\":\"https:\/\/secure.gravatar.com\/avatar\/76e419471a2083bc3ceab22a763dbbf9b0c1bd15a6214cf3280e2c2dde4580f9?s=96&d=mm&r=g\",\"contentUrl\":\"https:\/\/secure.gravatar.com\/avatar\/76e419471a2083bc3ceab22a763dbbf9b0c1bd15a6214cf3280e2c2dde4580f9?s=96&d=mm&r=g\",\"caption\":\"admin\"},\"sameAs\":[\"https:\/\/lobosnews.com.ar\"],\"url\":\"https:\/\/lobosnews.com.ar\/index.php\/author\/lobos-news\/\"}]}<\/script>\n<!-- \/ Yoast SEO plugin. -->","yoast_head_json":{"title":"Guillermo Kuitca re\u00fane 25 a\u00f1os de arte en \u201cDiarios\u201d, una exposici\u00f3n \u00edntima y \u00fanica - Lobos News","robots":{"index":"index","follow":"follow","max-snippet":"max-snippet:-1","max-image-preview":"max-image-preview:large","max-video-preview":"max-video-preview:-1"},"canonical":"https:\/\/lobosnews.com.ar\/index.php\/2026\/04\/30\/guillermo-kuitca-reune-25-anos-de-arte-en-diarios-una-exposicion-intima-y-unica\/","og_locale":"es_ES","og_type":"article","og_title":"Guillermo Kuitca re\u00fane 25 a\u00f1os de arte en \u201cDiarios\u201d, una exposici\u00f3n \u00edntima y \u00fanica - Lobos News","og_description":"La presentaci\u00f3n en ArtHaus Central de los Diarios 2000-2025 de Guillermo Kuitca marca el cierre de un ciclo creativo de veinticinco a\u00f1os y la muestra f\u00edsica m\u00e1s ambiciosa del proyecto, integrando por primera vez piezas dispersas en colecciones internacionales y personales en una sola exhibici\u00f3n. El valor de la serie reside en la transformaci\u00f3n de...","og_url":"https:\/\/lobosnews.com.ar\/index.php\/2026\/04\/30\/guillermo-kuitca-reune-25-anos-de-arte-en-diarios-una-exposicion-intima-y-unica\/","og_site_name":"Lobos News","article_published_time":"2026-04-30T12:54:38+00:00","article_modified_time":"2026-04-30T14:53:43+00:00","og_image":[{"url":"https:\/\/lobosnews.com.ar\/wp-content\/uploads\/2026\/04\/guillermo-kuitca-reune-25-anos-de-arte-en-diarios-una-exposicion-intima-y-unica.jpg","type":"","width":"","height":""}],"author":"admin","twitter_card":"summary_large_image","twitter_misc":{"Escrito por":"admin","Tiempo de lectura":"3 minutos"},"schema":{"@context":"https:\/\/schema.org","@graph":[{"@type":"Article","@id":"https:\/\/lobosnews.com.ar\/index.php\/2026\/04\/30\/guillermo-kuitca-reune-25-anos-de-arte-en-diarios-una-exposicion-intima-y-unica\/#article","isPartOf":{"@id":"https:\/\/lobosnews.com.ar\/index.php\/2026\/04\/30\/guillermo-kuitca-reune-25-anos-de-arte-en-diarios-una-exposicion-intima-y-unica\/"},"author":{"name":"admin","@id":"https:\/\/lobosnews.com.ar\/#\/schema\/person\/232422a593d5c541dd9aef6aaed10943"},"headline":"Guillermo Kuitca re\u00fane 25 a\u00f1os de arte en \u201cDiarios\u201d, una exposici\u00f3n \u00edntima y \u00fanica","datePublished":"2026-04-30T12:54:38+00:00","dateModified":"2026-04-30T14:53:43+00:00","mainEntityOfPage":{"@id":"https:\/\/lobosnews.com.ar\/index.php\/2026\/04\/30\/guillermo-kuitca-reune-25-anos-de-arte-en-diarios-una-exposicion-intima-y-unica\/"},"wordCount":623,"commentCount":0,"publisher":{"@id":"https:\/\/lobosnews.com.ar\/#organization"},"image":{"@id":"https:\/\/lobosnews.com.ar\/index.php\/2026\/04\/30\/guillermo-kuitca-reune-25-anos-de-arte-en-diarios-una-exposicion-intima-y-unica\/#primaryimage"},"thumbnailUrl":"https:\/\/lobosnews.com.ar\/wp-content\/uploads\/2026\/04\/guillermo-kuitca-reune-25-anos-de-arte-en-diarios-una-exposicion-intima-y-unica-6.jpg","articleSection":["Actualidad"],"inLanguage":"es","potentialAction":[{"@type":"CommentAction","name":"Comment","target":["https:\/\/lobosnews.com.ar\/index.php\/2026\/04\/30\/guillermo-kuitca-reune-25-anos-de-arte-en-diarios-una-exposicion-intima-y-unica\/#respond"]}]},{"@type":"WebPage","@id":"https:\/\/lobosnews.com.ar\/index.php\/2026\/04\/30\/guillermo-kuitca-reune-25-anos-de-arte-en-diarios-una-exposicion-intima-y-unica\/","url":"https:\/\/lobosnews.com.ar\/index.php\/2026\/04\/30\/guillermo-kuitca-reune-25-anos-de-arte-en-diarios-una-exposicion-intima-y-unica\/","name":"Guillermo Kuitca re\u00fane 25 a\u00f1os de arte en \u201cDiarios\u201d, una exposici\u00f3n \u00edntima y \u00fanica - Lobos News","isPartOf":{"@id":"https:\/\/lobosnews.com.ar\/#website"},"primaryImageOfPage":{"@id":"https:\/\/lobosnews.com.ar\/index.php\/2026\/04\/30\/guillermo-kuitca-reune-25-anos-de-arte-en-diarios-una-exposicion-intima-y-unica\/#primaryimage"},"image":{"@id":"https:\/\/lobosnews.com.ar\/index.php\/2026\/04\/30\/guillermo-kuitca-reune-25-anos-de-arte-en-diarios-una-exposicion-intima-y-unica\/#primaryimage"},"thumbnailUrl":"https:\/\/lobosnews.com.ar\/wp-content\/uploads\/2026\/04\/guillermo-kuitca-reune-25-anos-de-arte-en-diarios-una-exposicion-intima-y-unica-6.jpg","datePublished":"2026-04-30T12:54:38+00:00","dateModified":"2026-04-30T14:53:43+00:00","breadcrumb":{"@id":"https:\/\/lobosnews.com.ar\/index.php\/2026\/04\/30\/guillermo-kuitca-reune-25-anos-de-arte-en-diarios-una-exposicion-intima-y-unica\/#breadcrumb"},"inLanguage":"es","potentialAction":[{"@type":"ReadAction","target":["https:\/\/lobosnews.com.ar\/index.php\/2026\/04\/30\/guillermo-kuitca-reune-25-anos-de-arte-en-diarios-una-exposicion-intima-y-unica\/"]}]},{"@type":"ImageObject","inLanguage":"es","@id":"https:\/\/lobosnews.com.ar\/index.php\/2026\/04\/30\/guillermo-kuitca-reune-25-anos-de-arte-en-diarios-una-exposicion-intima-y-unica\/#primaryimage","url":"https:\/\/lobosnews.com.ar\/wp-content\/uploads\/2026\/04\/guillermo-kuitca-reune-25-anos-de-arte-en-diarios-una-exposicion-intima-y-unica-6.jpg","contentUrl":"https:\/\/lobosnews.com.ar\/wp-content\/uploads\/2026\/04\/guillermo-kuitca-reune-25-anos-de-arte-en-diarios-una-exposicion-intima-y-unica-6.jpg","width":1920,"height":1080,"caption":"Guillermo Kuitca re\u00fane 25 a\u00f1os de arte en \u201cDiarios\u201d, una exposici\u00f3n \u00edntima y \u00fanica"},{"@type":"BreadcrumbList","@id":"https:\/\/lobosnews.com.ar\/index.php\/2026\/04\/30\/guillermo-kuitca-reune-25-anos-de-arte-en-diarios-una-exposicion-intima-y-unica\/#breadcrumb","itemListElement":[{"@type":"ListItem","position":1,"name":"Portada","item":"https:\/\/lobosnews.com.ar\/"},{"@type":"ListItem","position":2,"name":"Guillermo Kuitca re\u00fane 25 a\u00f1os de arte en \u201cDiarios\u201d, una exposici\u00f3n \u00edntima y \u00fanica"}]},{"@type":"WebSite","@id":"https:\/\/lobosnews.com.ar\/#website","url":"https:\/\/lobosnews.com.ar\/","name":"Lobos News","description":"Informaci\u00f3n a cada instante","publisher":{"@id":"https:\/\/lobosnews.com.ar\/#organization"},"potentialAction":[{"@type":"SearchAction","target":{"@type":"EntryPoint","urlTemplate":"https:\/\/lobosnews.com.ar\/?s={search_term_string}"},"query-input":{"@type":"PropertyValueSpecification","valueRequired":true,"valueName":"search_term_string"}}],"inLanguage":"es"},{"@type":"Organization","@id":"https:\/\/lobosnews.com.ar\/#organization","name":"Lobos News","url":"https:\/\/lobosnews.com.ar\/","logo":{"@type":"ImageObject","inLanguage":"es","@id":"https:\/\/lobosnews.com.ar\/#\/schema\/logo\/image\/","url":"https:\/\/lobosnews.com.ar\/wp-content\/uploads\/2026\/01\/logo-lobosnews.png","contentUrl":"https:\/\/lobosnews.com.ar\/wp-content\/uploads\/2026\/01\/logo-lobosnews.png","width":500,"height":200,"caption":"Lobos News"},"image":{"@id":"https:\/\/lobosnews.com.ar\/#\/schema\/logo\/image\/"}},{"@type":"Person","@id":"https:\/\/lobosnews.com.ar\/#\/schema\/person\/232422a593d5c541dd9aef6aaed10943","name":"admin","image":{"@type":"ImageObject","inLanguage":"es","@id":"https:\/\/lobosnews.com.ar\/#\/schema\/person\/image\/","url":"https:\/\/secure.gravatar.com\/avatar\/76e419471a2083bc3ceab22a763dbbf9b0c1bd15a6214cf3280e2c2dde4580f9?s=96&d=mm&r=g","contentUrl":"https:\/\/secure.gravatar.com\/avatar\/76e419471a2083bc3ceab22a763dbbf9b0c1bd15a6214cf3280e2c2dde4580f9?s=96&d=mm&r=g","caption":"admin"},"sameAs":["https:\/\/lobosnews.com.ar"],"url":"https:\/\/lobosnews.com.ar\/index.php\/author\/lobos-news\/"}]}},"jetpack_featured_media_url":"https:\/\/lobosnews.com.ar\/wp-content\/uploads\/2026\/04\/guillermo-kuitca-reune-25-anos-de-arte-en-diarios-una-exposicion-intima-y-unica-6.jpg","jetpack_sharing_enabled":true,"_links":{"self":[{"href":"https:\/\/lobosnews.com.ar\/index.php\/wp-json\/wp\/v2\/posts\/47693","targetHints":{"allow":["GET"]}}],"collection":[{"href":"https:\/\/lobosnews.com.ar\/index.php\/wp-json\/wp\/v2\/posts"}],"about":[{"href":"https:\/\/lobosnews.com.ar\/index.php\/wp-json\/wp\/v2\/types\/post"}],"author":[{"embeddable":true,"href":"https:\/\/lobosnews.com.ar\/index.php\/wp-json\/wp\/v2\/users\/1"}],"replies":[{"embeddable":true,"href":"https:\/\/lobosnews.com.ar\/index.php\/wp-json\/wp\/v2\/comments?post=47693"}],"version-history":[{"count":1,"href":"https:\/\/lobosnews.com.ar\/index.php\/wp-json\/wp\/v2\/posts\/47693\/revisions"}],"predecessor-version":[{"id":47698,"href":"https:\/\/lobosnews.com.ar\/index.php\/wp-json\/wp\/v2\/posts\/47693\/revisions\/47698"}],"wp:featuredmedia":[{"embeddable":true,"href":"https:\/\/lobosnews.com.ar\/index.php\/wp-json\/wp\/v2\/media\/47699"}],"wp:attachment":[{"href":"https:\/\/lobosnews.com.ar\/index.php\/wp-json\/wp\/v2\/media?parent=47693"}],"wp:term":[{"taxonomy":"category","embeddable":true,"href":"https:\/\/lobosnews.com.ar\/index.php\/wp-json\/wp\/v2\/categories?post=47693"},{"taxonomy":"post_tag","embeddable":true,"href":"https:\/\/lobosnews.com.ar\/index.php\/wp-json\/wp\/v2\/tags?post=47693"}],"curies":[{"name":"wp","href":"https:\/\/api.w.org\/{rel}","templated":true}]}}