{"id":47660,"date":"2026-04-30T08:03:49","date_gmt":"2026-04-30T08:03:49","guid":{"rendered":"https:\/\/lobosnews.com.ar\/index.php\/2026\/04\/30\/como-evoluciona-la-salud-del-hombre-al-que-le-cortaron-el-dedo-con-un-machete-en-una-entradera-en-santa-fe\/"},"modified":"2026-04-30T09:28:46","modified_gmt":"2026-04-30T09:28:46","slug":"como-evoluciona-la-salud-del-hombre-al-que-le-cortaron-el-dedo-con-un-machete-en-una-entradera-en-santa-fe","status":"publish","type":"post","link":"https:\/\/lobosnews.com.ar\/index.php\/2026\/04\/30\/como-evoluciona-la-salud-del-hombre-al-que-le-cortaron-el-dedo-con-un-machete-en-una-entradera-en-santa-fe\/","title":{"rendered":"C\u00f3mo evoluciona la salud del hombre al que le cortaron el dedo con un machete en una entradera en Santa Fe"},"content":{"rendered":"<p><img loading=\"lazy\" decoding=\"async\" src=\"https:\/\/lobosnews.com.ar\/wp-content\/uploads\/2026\/04\/como-evoluciona-la-salud-del-hombre-al-que-le-cortaron-el-dedo-con-un-machete-en-una-entradera-en-santa-fe.jpg\" alt=\"Los delincuentes fueron captados por una de las c\u00e1maras de seguridad (Foto: La Capital)\" height=\"1080\" width=\"1980\"\/><\/p>\n<p>El hombre de 54 a\u00f1os, que fue v\u00edctima de un <span class=\"waslinkname\"><i>violento asalto en la puerta de su casa de <\/i><i><b>Granadero Baigorria<\/b><\/i><i> en Santa Fe<\/i><\/span> y debi\u00f3 ser internado en estado cr\u00edtico, mostr\u00f3 en las \u00faltimas horas una leve mejor\u00eda.<\/p>\n<p>El episodio ocurri\u00f3 pasada la medianoche del lunes, alrededor de las 00:30, en una vivienda ubicada en la calle<span class=\"waslinkname\"><i> <\/i><i><b>Los Naranjos al 3000<\/b><\/i><\/span>. El ensa\u00f1amiento fue de tal magnitud que la v\u00edctima sufri\u00f3 una fractura expuesta en el cr\u00e1neo, m\u00faltiples lesiones en la cabeza y la mand\u00edbula, y la amputaci\u00f3n de un dedo. <\/p>\n<p><b>C. R.<\/b> fue atacado cuando intent\u00f3 evitar el ingreso de dos delincuentes a su casa. Los agresores tambi\u00e9n golpearon a su madre, <b>una mujer no vidente de 84 a\u00f1os<\/b>, quien se encontraba en la cama al momento del ataque. El personal policial de la <b>Unidad Regional II<\/b> arrib\u00f3 al lugar tras ser alertado por la central 911 y hall\u00f3 al hombre tendido en la puerta de su casa, inconsciente y rodeado de un charco de sangre. Su madre estaba en estado de crisis tras el episodio, aunque su salud no corr\u00eda riesgos.<\/p>\n<p>La gravedad de las heridas llev\u00f3 a la intervenci\u00f3n urgente del <b>Sistema de Emergencias de Salud (SIES)<\/b>, que asisti\u00f3 al hombre y lo traslad\u00f3 al <b>Hospital Eva Per\u00f3n<\/b>, donde contin\u00faa bajo asistencia respiratoria. \u201c<b>Lleg\u00f3 casi muerto<\/b>\u201d al hospital, debido a la gravedad de las heridas que sufridas, indicaron. Al respecto, la familia se\u00f1al\u00f3 a <i>El Tres TV<\/i>: <b>\u201cLe bajaron la cantidad de medicamentos que tomaba <\/b>y hay que esperar a este jueves (hoy) <b>a ver si puede respirar por sus propios medios<\/b>\u201c.<\/p>\n<p><img loading=\"lazy\" decoding=\"async\" src=\"https:\/\/lobosnews.com.ar\/wp-content\/uploads\/2026\/04\/como-evoluciona-la-salud-del-hombre-al-que-le-cortaron-el-dedo-con-un-machete-en-una-entradera-en-santa-fe-1.jpg\" alt=\"La v\u00edctima fue brutalmemte golpeada y permanece en observaci\u00f3n en el Hospital Eva Per\u00f3n\" height=\"638\" width=\"960\"\/><\/p>\n<p>En el lugar del hecho, los efectivos policiales secuestraron un machete de acero, el dedo \u00edndice de la mano derecha amputado y un televisor LED que los delincuentes intentaron llevarse. Los vecinos relataron que escucharon gritos y, segundos despu\u00e9s, observaron a un hombre saltando la reja del domicilio para huir a pie por la calle que ingresaron en direcci\u00f3n norte. Los investigadores analizaron las im\u00e1genes de las c\u00e1maras de seguridad de la zona lo que les permiti\u00f3 visualizar a los atacantes.<\/p>\n<p>Para el avance del caso, la <b>Fiscal\u00eda de Flagrancia<\/b> dispuso la intervenci\u00f3n del gabinete criminal\u00edstico, la confecci\u00f3n de las actas correspondientes y libr\u00f3 comunicaci\u00f3n con la <b>Polic\u00eda de Investigaciones (PDI)<\/b> para profundizar las diligencias. El martes por la tarde, personal del <b>Comando Radioel\u00e9ctrico<\/b> localiz\u00f3 a dos hombres cuyas caracter\u00edsticas f\u00edsicas y la vestimenta coincid\u00edan con los individuos de video. Al ser identificados, los sospechosos intentaron fugarse hacia el <b>Monte Celulosa<\/b>. Finalmente, los uniformados los detuvieron. Fueron identificados como<b> Rodrigo Alejandro M.<\/b>, de 25 a\u00f1os, y<b> Jerem\u00edas Gabriel M.<\/b>, de 22 a\u00f1os, y trasladados a la Seccional 24.<\/p>\n<p>Estando en la dependencia policial, se constat\u00f3 que ambos detenidos hab\u00edan sido mencionados por un testigo. Los familiares de los agredidos manifestaron alivio tras la detenci\u00f3n de los sospechosos; sin embargo, aseguraron: \u201cNo vamos a quedarnos tranquilos hasta que (C. R.) salga de todo esto\u201d.<\/p>\n<h2>Los antecedentes de uno de los detenidos<\/h2>\n<p><img loading=\"lazy\" decoding=\"async\" src=\"https:\/\/lobosnews.com.ar\/wp-content\/uploads\/2026\/04\/como-evoluciona-la-salud-del-hombre-al-que-le-cortaron-el-dedo-con-un-machete-en-una-entradera-en-santa-fe-2.jpg\" alt=\"Los delincuentes tienen 22 y 25 a\u00f1os\" height=\"1200\" width=\"1600\"\/><\/p>\n<p><span class=\"waslinkname\"><i><b>Jerem\u00edas Gabriel M.<\/b><\/i><\/span>, de 22 a\u00f1os, es uno de los agresores identificados en el video del violento asalto a una jubilada y su hijo, en Granadero Baigorria. Es conocido tanto en esa localidad como en <b>Capit\u00e1n Berm\u00fadez<\/b>, debido al historial delictivo que posee. Su domicilio est\u00e1 ubicado en el sector conocido como <b>Monte Celulosa<\/b>, en el l\u00edmite entre ambas ciudades. Tras el reciente ataque, vecinos de la zona donde ocurri\u00f3 el robo el lunes por la noche, mencionaron su nombre a la polic\u00eda.<\/p>\n<p>No es la primera vez que Jerem\u00edas M. enfrenta a la Justicia. El pasado 9 de marzo, compareci\u00f3 en audiencia imputativa en los Tribunales provinciales de San Lorenzo. La fiscal <b>Melisa Serena<\/b> le atribuy\u00f3 tres hechos cometidos en Capit\u00e1n Berm\u00fadez: una violaci\u00f3n de domicilio del 9 de febrero y dos robos simples, ocurridos el 19 de mayo y el 18 de octubre del a\u00f1o anterior. Pese a este prontuario, el joven hab\u00eda recuperado la libertad semanas antes del reciente episodio.<\/p>\n","protected":false},"excerpt":{"rendered":"<p>El hombre de 54 a\u00f1os, que fue v\u00edctima de un violento asalto en la puerta de su casa de Granadero Baigorria en Santa Fe y debi\u00f3 ser internado en estado cr\u00edtico, mostr\u00f3 en las \u00faltimas horas una leve mejor\u00eda. El episodio ocurri\u00f3 pasada la medianoche del lunes, alrededor de las 00:30, en una vivienda ubicada&#8230;<\/p>\n","protected":false},"author":1,"featured_media":47665,"comment_status":"open","ping_status":"closed","sticky":false,"template":"","format":"standard","meta":{"_jetpack_memberships_contains_paid_content":false,"footnotes":""},"categories":[31,30,32,77,84,35,36,37],"tags":[],"class_list":["post-47660","post","type-post","status-publish","format-standard","has-post-thumbnail","hentry","category-actualidad","category-argentina","category-economia","category-inseguridad","category-masradios-com","category-nacionales","category-seguridad","category-sociedad"],"magazineBlocksPostFeaturedMedia":{"thumbnail":"https:\/\/lobosnews.com.ar\/wp-content\/uploads\/2026\/04\/como-evoluciona-la-salud-del-hombre-al-que-le-cortaron-el-dedo-con-un-machete-en-una-entradera-en-santa-fe-4-150x150.jpg","medium":"https:\/\/lobosnews.com.ar\/wp-content\/uploads\/2026\/04\/como-evoluciona-la-salud-del-hombre-al-que-le-cortaron-el-dedo-con-un-machete-en-una-entradera-en-santa-fe-4-300x225.jpg","medium_large":"https:\/\/lobosnews.com.ar\/wp-content\/uploads\/2026\/04\/como-evoluciona-la-salud-del-hombre-al-que-le-cortaron-el-dedo-con-un-machete-en-una-entradera-en-santa-fe-4-768x576.jpg","large":"https:\/\/lobosnews.com.ar\/wp-content\/uploads\/2026\/04\/como-evoluciona-la-salud-del-hombre-al-que-le-cortaron-el-dedo-con-un-machete-en-una-entradera-en-santa-fe-4-1024x768.jpg","1536x1536":"https:\/\/lobosnews.com.ar\/wp-content\/uploads\/2026\/04\/como-evoluciona-la-salud-del-hombre-al-que-le-cortaron-el-dedo-con-un-machete-en-una-entradera-en-santa-fe-4-1536x1152.jpg","2048x2048":"https:\/\/lobosnews.com.ar\/wp-content\/uploads\/2026\/04\/como-evoluciona-la-salud-del-hombre-al-que-le-cortaron-el-dedo-con-un-machete-en-una-entradera-en-santa-fe-4.jpg","newsmatic-featured":"https:\/\/lobosnews.com.ar\/wp-content\/uploads\/2026\/04\/como-evoluciona-la-salud-del-hombre-al-que-le-cortaron-el-dedo-con-un-machete-en-una-entradera-en-santa-fe-4-820x545.jpg","newsmatic-list":"https:\/\/lobosnews.com.ar\/wp-content\/uploads\/2026\/04\/como-evoluciona-la-salud-del-hombre-al-que-le-cortaron-el-dedo-con-un-machete-en-una-entradera-en-santa-fe-4-600x400.jpg","newsmatic-thumb":"https:\/\/lobosnews.com.ar\/wp-content\/uploads\/2026\/04\/como-evoluciona-la-salud-del-hombre-al-que-le-cortaron-el-dedo-con-un-machete-en-una-entradera-en-santa-fe-4-300x200.jpg","newsmatic-small":"https:\/\/lobosnews.com.ar\/wp-content\/uploads\/2026\/04\/como-evoluciona-la-salud-del-hombre-al-que-le-cortaron-el-dedo-con-un-machete-en-una-entradera-en-santa-fe-4-150x95.jpg","newsmatic-grid":"https:\/\/lobosnews.com.ar\/wp-content\/uploads\/2026\/04\/como-evoluciona-la-salud-del-hombre-al-que-le-cortaron-el-dedo-con-un-machete-en-una-entradera-en-santa-fe-4-400x250.jpg"},"magazineBlocksPostAuthor":{"name":"admin","avatar":"https:\/\/secure.gravatar.com\/avatar\/76e419471a2083bc3ceab22a763dbbf9b0c1bd15a6214cf3280e2c2dde4580f9?s=96&d=mm&r=g"},"magazineBlocksPostCommentsNumber":"0","magazineBlocksPostExcerpt":"El hombre de 54 a\u00f1os, que fue v\u00edctima de un violento asalto en la puerta de su casa de Granadero Baigorria en Santa Fe y debi\u00f3 ser internado en estado cr\u00edtico, mostr\u00f3 en las \u00faltimas horas una leve mejor\u00eda. El episodio ocurri\u00f3 pasada la medianoche del lunes, alrededor de las 00:30, en una vivienda ubicada...","magazineBlocksPostCategories":["Actualidad","Argentina","econom\u00eda","inseguridad","masradios.com","nacionales","seguridad","sociedad"],"magazineBlocksPostViewCount":1,"magazineBlocksPostReadTime":4,"magazine_blocks_featured_image_url":{"full":["https:\/\/lobosnews.com.ar\/wp-content\/uploads\/2026\/04\/como-evoluciona-la-salud-del-hombre-al-que-le-cortaron-el-dedo-con-un-machete-en-una-entradera-en-santa-fe-4.jpg",1600,1200,false],"medium":["https:\/\/lobosnews.com.ar\/wp-content\/uploads\/2026\/04\/como-evoluciona-la-salud-del-hombre-al-que-le-cortaron-el-dedo-con-un-machete-en-una-entradera-en-santa-fe-4-300x225.jpg",300,225,true],"thumbnail":["https:\/\/lobosnews.com.ar\/wp-content\/uploads\/2026\/04\/como-evoluciona-la-salud-del-hombre-al-que-le-cortaron-el-dedo-con-un-machete-en-una-entradera-en-santa-fe-4-150x150.jpg",150,150,true]},"magazine_blocks_author":{"display_name":"admin","author_link":"https:\/\/lobosnews.com.ar\/index.php\/author\/lobos-news\/"},"magazine_blocks_comment":0,"magazine_blocks_author_image":"https:\/\/secure.gravatar.com\/avatar\/76e419471a2083bc3ceab22a763dbbf9b0c1bd15a6214cf3280e2c2dde4580f9?s=96&d=mm&r=g","magazine_blocks_category":"<a href=\"#\" class=\"category-link category-link-31\">Actualidad<\/a> <a href=\"#\" class=\"category-link category-link-30\">Argentina<\/a> <a href=\"#\" class=\"category-link category-link-32\">econom\u00eda<\/a> <a href=\"#\" class=\"category-link category-link-77\">inseguridad<\/a> <a href=\"#\" class=\"category-link category-link-84\">masradios.com<\/a> <a href=\"#\" class=\"category-link category-link-35\">nacionales<\/a> <a href=\"#\" class=\"category-link category-link-36\">seguridad<\/a> <a href=\"#\" class=\"category-link category-link-37\">sociedad<\/a>","yoast_head":"<!-- This site is optimized with the Yoast SEO plugin v26.6 - https:\/\/yoast.com\/wordpress\/plugins\/seo\/ -->\n<title>C\u00f3mo evoluciona la salud del hombre al que le cortaron el dedo con un machete en una entradera en Santa Fe - Lobos News<\/title>\n<meta name=\"robots\" content=\"index, follow, max-snippet:-1, max-image-preview:large, max-video-preview:-1\" \/>\n<link rel=\"canonical\" href=\"https:\/\/lobosnews.com.ar\/index.php\/2026\/04\/30\/como-evoluciona-la-salud-del-hombre-al-que-le-cortaron-el-dedo-con-un-machete-en-una-entradera-en-santa-fe\/\" \/>\n<meta property=\"og:locale\" content=\"es_ES\" \/>\n<meta property=\"og:type\" content=\"article\" \/>\n<meta property=\"og:title\" content=\"C\u00f3mo evoluciona la salud del hombre al que le cortaron el dedo con un machete en una entradera en Santa Fe - Lobos News\" \/>\n<meta property=\"og:description\" content=\"El hombre de 54 a\u00f1os, que fue v\u00edctima de un violento asalto en la puerta de su casa de Granadero Baigorria en Santa Fe y debi\u00f3 ser internado en estado cr\u00edtico, mostr\u00f3 en las \u00faltimas horas una leve mejor\u00eda. El episodio ocurri\u00f3 pasada la medianoche del lunes, alrededor de las 00:30, en una vivienda ubicada...\" \/>\n<meta property=\"og:url\" content=\"https:\/\/lobosnews.com.ar\/index.php\/2026\/04\/30\/como-evoluciona-la-salud-del-hombre-al-que-le-cortaron-el-dedo-con-un-machete-en-una-entradera-en-santa-fe\/\" \/>\n<meta property=\"og:site_name\" content=\"Lobos News\" \/>\n<meta property=\"article:published_time\" content=\"2026-04-30T08:03:49+00:00\" \/>\n<meta property=\"article:modified_time\" content=\"2026-04-30T09:28:46+00:00\" \/>\n<meta property=\"og:image\" content=\"https:\/\/lobosnews.com.ar\/wp-content\/uploads\/2026\/04\/como-evoluciona-la-salud-del-hombre-al-que-le-cortaron-el-dedo-con-un-machete-en-una-entradera-en-santa-fe.jpg\" \/>\n<meta name=\"author\" content=\"admin\" \/>\n<meta name=\"twitter:card\" content=\"summary_large_image\" \/>\n<meta name=\"twitter:label1\" content=\"Escrito por\" \/>\n\t<meta name=\"twitter:data1\" content=\"admin\" \/>\n\t<meta name=\"twitter:label2\" content=\"Tiempo de lectura\" \/>\n\t<meta name=\"twitter:data2\" content=\"3 minutos\" \/>\n<script type=\"application\/ld+json\" class=\"yoast-schema-graph\">{\"@context\":\"https:\/\/schema.org\",\"@graph\":[{\"@type\":\"Article\",\"@id\":\"https:\/\/lobosnews.com.ar\/index.php\/2026\/04\/30\/como-evoluciona-la-salud-del-hombre-al-que-le-cortaron-el-dedo-con-un-machete-en-una-entradera-en-santa-fe\/#article\",\"isPartOf\":{\"@id\":\"https:\/\/lobosnews.com.ar\/index.php\/2026\/04\/30\/como-evoluciona-la-salud-del-hombre-al-que-le-cortaron-el-dedo-con-un-machete-en-una-entradera-en-santa-fe\/\"},\"author\":{\"name\":\"admin\",\"@id\":\"https:\/\/lobosnews.com.ar\/#\/schema\/person\/232422a593d5c541dd9aef6aaed10943\"},\"headline\":\"C\u00f3mo evoluciona la salud del hombre al que le cortaron el dedo con un machete en una entradera en Santa Fe\",\"datePublished\":\"2026-04-30T08:03:49+00:00\",\"dateModified\":\"2026-04-30T09:28:46+00:00\",\"mainEntityOfPage\":{\"@id\":\"https:\/\/lobosnews.com.ar\/index.php\/2026\/04\/30\/como-evoluciona-la-salud-del-hombre-al-que-le-cortaron-el-dedo-con-un-machete-en-una-entradera-en-santa-fe\/\"},\"wordCount\":716,\"commentCount\":0,\"publisher\":{\"@id\":\"https:\/\/lobosnews.com.ar\/#organization\"},\"image\":{\"@id\":\"https:\/\/lobosnews.com.ar\/index.php\/2026\/04\/30\/como-evoluciona-la-salud-del-hombre-al-que-le-cortaron-el-dedo-con-un-machete-en-una-entradera-en-santa-fe\/#primaryimage\"},\"thumbnailUrl\":\"https:\/\/lobosnews.com.ar\/wp-content\/uploads\/2026\/04\/como-evoluciona-la-salud-del-hombre-al-que-le-cortaron-el-dedo-con-un-machete-en-una-entradera-en-santa-fe-4.jpg\",\"articleSection\":[\"Actualidad\",\"Argentina\",\"econom\u00eda\",\"inseguridad\",\"masradios.com\",\"nacionales\",\"seguridad\",\"sociedad\"],\"inLanguage\":\"es\",\"potentialAction\":[{\"@type\":\"CommentAction\",\"name\":\"Comment\",\"target\":[\"https:\/\/lobosnews.com.ar\/index.php\/2026\/04\/30\/como-evoluciona-la-salud-del-hombre-al-que-le-cortaron-el-dedo-con-un-machete-en-una-entradera-en-santa-fe\/#respond\"]}]},{\"@type\":\"WebPage\",\"@id\":\"https:\/\/lobosnews.com.ar\/index.php\/2026\/04\/30\/como-evoluciona-la-salud-del-hombre-al-que-le-cortaron-el-dedo-con-un-machete-en-una-entradera-en-santa-fe\/\",\"url\":\"https:\/\/lobosnews.com.ar\/index.php\/2026\/04\/30\/como-evoluciona-la-salud-del-hombre-al-que-le-cortaron-el-dedo-con-un-machete-en-una-entradera-en-santa-fe\/\",\"name\":\"C\u00f3mo evoluciona la salud del hombre al que le cortaron el dedo con un machete en una entradera en Santa Fe - Lobos News\",\"isPartOf\":{\"@id\":\"https:\/\/lobosnews.com.ar\/#website\"},\"primaryImageOfPage\":{\"@id\":\"https:\/\/lobosnews.com.ar\/index.php\/2026\/04\/30\/como-evoluciona-la-salud-del-hombre-al-que-le-cortaron-el-dedo-con-un-machete-en-una-entradera-en-santa-fe\/#primaryimage\"},\"image\":{\"@id\":\"https:\/\/lobosnews.com.ar\/index.php\/2026\/04\/30\/como-evoluciona-la-salud-del-hombre-al-que-le-cortaron-el-dedo-con-un-machete-en-una-entradera-en-santa-fe\/#primaryimage\"},\"thumbnailUrl\":\"https:\/\/lobosnews.com.ar\/wp-content\/uploads\/2026\/04\/como-evoluciona-la-salud-del-hombre-al-que-le-cortaron-el-dedo-con-un-machete-en-una-entradera-en-santa-fe-4.jpg\",\"datePublished\":\"2026-04-30T08:03:49+00:00\",\"dateModified\":\"2026-04-30T09:28:46+00:00\",\"breadcrumb\":{\"@id\":\"https:\/\/lobosnews.com.ar\/index.php\/2026\/04\/30\/como-evoluciona-la-salud-del-hombre-al-que-le-cortaron-el-dedo-con-un-machete-en-una-entradera-en-santa-fe\/#breadcrumb\"},\"inLanguage\":\"es\",\"potentialAction\":[{\"@type\":\"ReadAction\",\"target\":[\"https:\/\/lobosnews.com.ar\/index.php\/2026\/04\/30\/como-evoluciona-la-salud-del-hombre-al-que-le-cortaron-el-dedo-con-un-machete-en-una-entradera-en-santa-fe\/\"]}]},{\"@type\":\"ImageObject\",\"inLanguage\":\"es\",\"@id\":\"https:\/\/lobosnews.com.ar\/index.php\/2026\/04\/30\/como-evoluciona-la-salud-del-hombre-al-que-le-cortaron-el-dedo-con-un-machete-en-una-entradera-en-santa-fe\/#primaryimage\",\"url\":\"https:\/\/lobosnews.com.ar\/wp-content\/uploads\/2026\/04\/como-evoluciona-la-salud-del-hombre-al-que-le-cortaron-el-dedo-con-un-machete-en-una-entradera-en-santa-fe-4.jpg\",\"contentUrl\":\"https:\/\/lobosnews.com.ar\/wp-content\/uploads\/2026\/04\/como-evoluciona-la-salud-del-hombre-al-que-le-cortaron-el-dedo-con-un-machete-en-una-entradera-en-santa-fe-4.jpg\",\"width\":1600,\"height\":1200,\"caption\":\"C\u00f3mo evoluciona la salud del hombre al que le cortaron el dedo con un machete en una entradera en Santa Fe\"},{\"@type\":\"BreadcrumbList\",\"@id\":\"https:\/\/lobosnews.com.ar\/index.php\/2026\/04\/30\/como-evoluciona-la-salud-del-hombre-al-que-le-cortaron-el-dedo-con-un-machete-en-una-entradera-en-santa-fe\/#breadcrumb\",\"itemListElement\":[{\"@type\":\"ListItem\",\"position\":1,\"name\":\"Portada\",\"item\":\"https:\/\/lobosnews.com.ar\/\"},{\"@type\":\"ListItem\",\"position\":2,\"name\":\"C\u00f3mo evoluciona la salud del hombre al que le cortaron el dedo con un machete en una entradera en Santa Fe\"}]},{\"@type\":\"WebSite\",\"@id\":\"https:\/\/lobosnews.com.ar\/#website\",\"url\":\"https:\/\/lobosnews.com.ar\/\",\"name\":\"Lobos News\",\"description\":\"Informaci\u00f3n a cada instante\",\"publisher\":{\"@id\":\"https:\/\/lobosnews.com.ar\/#organization\"},\"potentialAction\":[{\"@type\":\"SearchAction\",\"target\":{\"@type\":\"EntryPoint\",\"urlTemplate\":\"https:\/\/lobosnews.com.ar\/?s={search_term_string}\"},\"query-input\":{\"@type\":\"PropertyValueSpecification\",\"valueRequired\":true,\"valueName\":\"search_term_string\"}}],\"inLanguage\":\"es\"},{\"@type\":\"Organization\",\"@id\":\"https:\/\/lobosnews.com.ar\/#organization\",\"name\":\"Lobos News\",\"url\":\"https:\/\/lobosnews.com.ar\/\",\"logo\":{\"@type\":\"ImageObject\",\"inLanguage\":\"es\",\"@id\":\"https:\/\/lobosnews.com.ar\/#\/schema\/logo\/image\/\",\"url\":\"https:\/\/lobosnews.com.ar\/wp-content\/uploads\/2026\/01\/logo-lobosnews.png\",\"contentUrl\":\"https:\/\/lobosnews.com.ar\/wp-content\/uploads\/2026\/01\/logo-lobosnews.png\",\"width\":500,\"height\":200,\"caption\":\"Lobos News\"},\"image\":{\"@id\":\"https:\/\/lobosnews.com.ar\/#\/schema\/logo\/image\/\"}},{\"@type\":\"Person\",\"@id\":\"https:\/\/lobosnews.com.ar\/#\/schema\/person\/232422a593d5c541dd9aef6aaed10943\",\"name\":\"admin\",\"image\":{\"@type\":\"ImageObject\",\"inLanguage\":\"es\",\"@id\":\"https:\/\/lobosnews.com.ar\/#\/schema\/person\/image\/\",\"url\":\"https:\/\/secure.gravatar.com\/avatar\/76e419471a2083bc3ceab22a763dbbf9b0c1bd15a6214cf3280e2c2dde4580f9?s=96&d=mm&r=g\",\"contentUrl\":\"https:\/\/secure.gravatar.com\/avatar\/76e419471a2083bc3ceab22a763dbbf9b0c1bd15a6214cf3280e2c2dde4580f9?s=96&d=mm&r=g\",\"caption\":\"admin\"},\"sameAs\":[\"https:\/\/lobosnews.com.ar\"],\"url\":\"https:\/\/lobosnews.com.ar\/index.php\/author\/lobos-news\/\"}]}<\/script>\n<!-- \/ Yoast SEO plugin. -->","yoast_head_json":{"title":"C\u00f3mo evoluciona la salud del hombre al que le cortaron el dedo con un machete en una entradera en Santa Fe - Lobos News","robots":{"index":"index","follow":"follow","max-snippet":"max-snippet:-1","max-image-preview":"max-image-preview:large","max-video-preview":"max-video-preview:-1"},"canonical":"https:\/\/lobosnews.com.ar\/index.php\/2026\/04\/30\/como-evoluciona-la-salud-del-hombre-al-que-le-cortaron-el-dedo-con-un-machete-en-una-entradera-en-santa-fe\/","og_locale":"es_ES","og_type":"article","og_title":"C\u00f3mo evoluciona la salud del hombre al que le cortaron el dedo con un machete en una entradera en Santa Fe - Lobos News","og_description":"El hombre de 54 a\u00f1os, que fue v\u00edctima de un violento asalto en la puerta de su casa de Granadero Baigorria en Santa Fe y debi\u00f3 ser internado en estado cr\u00edtico, mostr\u00f3 en las \u00faltimas horas una leve mejor\u00eda. El episodio ocurri\u00f3 pasada la medianoche del lunes, alrededor de las 00:30, en una vivienda ubicada...","og_url":"https:\/\/lobosnews.com.ar\/index.php\/2026\/04\/30\/como-evoluciona-la-salud-del-hombre-al-que-le-cortaron-el-dedo-con-un-machete-en-una-entradera-en-santa-fe\/","og_site_name":"Lobos News","article_published_time":"2026-04-30T08:03:49+00:00","article_modified_time":"2026-04-30T09:28:46+00:00","og_image":[{"url":"https:\/\/lobosnews.com.ar\/wp-content\/uploads\/2026\/04\/como-evoluciona-la-salud-del-hombre-al-que-le-cortaron-el-dedo-con-un-machete-en-una-entradera-en-santa-fe.jpg","type":"","width":"","height":""}],"author":"admin","twitter_card":"summary_large_image","twitter_misc":{"Escrito por":"admin","Tiempo de lectura":"3 minutos"},"schema":{"@context":"https:\/\/schema.org","@graph":[{"@type":"Article","@id":"https:\/\/lobosnews.com.ar\/index.php\/2026\/04\/30\/como-evoluciona-la-salud-del-hombre-al-que-le-cortaron-el-dedo-con-un-machete-en-una-entradera-en-santa-fe\/#article","isPartOf":{"@id":"https:\/\/lobosnews.com.ar\/index.php\/2026\/04\/30\/como-evoluciona-la-salud-del-hombre-al-que-le-cortaron-el-dedo-con-un-machete-en-una-entradera-en-santa-fe\/"},"author":{"name":"admin","@id":"https:\/\/lobosnews.com.ar\/#\/schema\/person\/232422a593d5c541dd9aef6aaed10943"},"headline":"C\u00f3mo evoluciona la salud del hombre al que le cortaron el dedo con un machete en una entradera en Santa Fe","datePublished":"2026-04-30T08:03:49+00:00","dateModified":"2026-04-30T09:28:46+00:00","mainEntityOfPage":{"@id":"https:\/\/lobosnews.com.ar\/index.php\/2026\/04\/30\/como-evoluciona-la-salud-del-hombre-al-que-le-cortaron-el-dedo-con-un-machete-en-una-entradera-en-santa-fe\/"},"wordCount":716,"commentCount":0,"publisher":{"@id":"https:\/\/lobosnews.com.ar\/#organization"},"image":{"@id":"https:\/\/lobosnews.com.ar\/index.php\/2026\/04\/30\/como-evoluciona-la-salud-del-hombre-al-que-le-cortaron-el-dedo-con-un-machete-en-una-entradera-en-santa-fe\/#primaryimage"},"thumbnailUrl":"https:\/\/lobosnews.com.ar\/wp-content\/uploads\/2026\/04\/como-evoluciona-la-salud-del-hombre-al-que-le-cortaron-el-dedo-con-un-machete-en-una-entradera-en-santa-fe-4.jpg","articleSection":["Actualidad","Argentina","econom\u00eda","inseguridad","masradios.com","nacionales","seguridad","sociedad"],"inLanguage":"es","potentialAction":[{"@type":"CommentAction","name":"Comment","target":["https:\/\/lobosnews.com.ar\/index.php\/2026\/04\/30\/como-evoluciona-la-salud-del-hombre-al-que-le-cortaron-el-dedo-con-un-machete-en-una-entradera-en-santa-fe\/#respond"]}]},{"@type":"WebPage","@id":"https:\/\/lobosnews.com.ar\/index.php\/2026\/04\/30\/como-evoluciona-la-salud-del-hombre-al-que-le-cortaron-el-dedo-con-un-machete-en-una-entradera-en-santa-fe\/","url":"https:\/\/lobosnews.com.ar\/index.php\/2026\/04\/30\/como-evoluciona-la-salud-del-hombre-al-que-le-cortaron-el-dedo-con-un-machete-en-una-entradera-en-santa-fe\/","name":"C\u00f3mo evoluciona la salud del hombre al que le cortaron el dedo con un machete en una entradera en Santa Fe - Lobos News","isPartOf":{"@id":"https:\/\/lobosnews.com.ar\/#website"},"primaryImageOfPage":{"@id":"https:\/\/lobosnews.com.ar\/index.php\/2026\/04\/30\/como-evoluciona-la-salud-del-hombre-al-que-le-cortaron-el-dedo-con-un-machete-en-una-entradera-en-santa-fe\/#primaryimage"},"image":{"@id":"https:\/\/lobosnews.com.ar\/index.php\/2026\/04\/30\/como-evoluciona-la-salud-del-hombre-al-que-le-cortaron-el-dedo-con-un-machete-en-una-entradera-en-santa-fe\/#primaryimage"},"thumbnailUrl":"https:\/\/lobosnews.com.ar\/wp-content\/uploads\/2026\/04\/como-evoluciona-la-salud-del-hombre-al-que-le-cortaron-el-dedo-con-un-machete-en-una-entradera-en-santa-fe-4.jpg","datePublished":"2026-04-30T08:03:49+00:00","dateModified":"2026-04-30T09:28:46+00:00","breadcrumb":{"@id":"https:\/\/lobosnews.com.ar\/index.php\/2026\/04\/30\/como-evoluciona-la-salud-del-hombre-al-que-le-cortaron-el-dedo-con-un-machete-en-una-entradera-en-santa-fe\/#breadcrumb"},"inLanguage":"es","potentialAction":[{"@type":"ReadAction","target":["https:\/\/lobosnews.com.ar\/index.php\/2026\/04\/30\/como-evoluciona-la-salud-del-hombre-al-que-le-cortaron-el-dedo-con-un-machete-en-una-entradera-en-santa-fe\/"]}]},{"@type":"ImageObject","inLanguage":"es","@id":"https:\/\/lobosnews.com.ar\/index.php\/2026\/04\/30\/como-evoluciona-la-salud-del-hombre-al-que-le-cortaron-el-dedo-con-un-machete-en-una-entradera-en-santa-fe\/#primaryimage","url":"https:\/\/lobosnews.com.ar\/wp-content\/uploads\/2026\/04\/como-evoluciona-la-salud-del-hombre-al-que-le-cortaron-el-dedo-con-un-machete-en-una-entradera-en-santa-fe-4.jpg","contentUrl":"https:\/\/lobosnews.com.ar\/wp-content\/uploads\/2026\/04\/como-evoluciona-la-salud-del-hombre-al-que-le-cortaron-el-dedo-con-un-machete-en-una-entradera-en-santa-fe-4.jpg","width":1600,"height":1200,"caption":"C\u00f3mo evoluciona la salud del hombre al que le cortaron el dedo con un machete en una entradera en Santa Fe"},{"@type":"BreadcrumbList","@id":"https:\/\/lobosnews.com.ar\/index.php\/2026\/04\/30\/como-evoluciona-la-salud-del-hombre-al-que-le-cortaron-el-dedo-con-un-machete-en-una-entradera-en-santa-fe\/#breadcrumb","itemListElement":[{"@type":"ListItem","position":1,"name":"Portada","item":"https:\/\/lobosnews.com.ar\/"},{"@type":"ListItem","position":2,"name":"C\u00f3mo evoluciona la salud del hombre al que le cortaron el dedo con un machete en una entradera en Santa Fe"}]},{"@type":"WebSite","@id":"https:\/\/lobosnews.com.ar\/#website","url":"https:\/\/lobosnews.com.ar\/","name":"Lobos News","description":"Informaci\u00f3n a cada instante","publisher":{"@id":"https:\/\/lobosnews.com.ar\/#organization"},"potentialAction":[{"@type":"SearchAction","target":{"@type":"EntryPoint","urlTemplate":"https:\/\/lobosnews.com.ar\/?s={search_term_string}"},"query-input":{"@type":"PropertyValueSpecification","valueRequired":true,"valueName":"search_term_string"}}],"inLanguage":"es"},{"@type":"Organization","@id":"https:\/\/lobosnews.com.ar\/#organization","name":"Lobos News","url":"https:\/\/lobosnews.com.ar\/","logo":{"@type":"ImageObject","inLanguage":"es","@id":"https:\/\/lobosnews.com.ar\/#\/schema\/logo\/image\/","url":"https:\/\/lobosnews.com.ar\/wp-content\/uploads\/2026\/01\/logo-lobosnews.png","contentUrl":"https:\/\/lobosnews.com.ar\/wp-content\/uploads\/2026\/01\/logo-lobosnews.png","width":500,"height":200,"caption":"Lobos News"},"image":{"@id":"https:\/\/lobosnews.com.ar\/#\/schema\/logo\/image\/"}},{"@type":"Person","@id":"https:\/\/lobosnews.com.ar\/#\/schema\/person\/232422a593d5c541dd9aef6aaed10943","name":"admin","image":{"@type":"ImageObject","inLanguage":"es","@id":"https:\/\/lobosnews.com.ar\/#\/schema\/person\/image\/","url":"https:\/\/secure.gravatar.com\/avatar\/76e419471a2083bc3ceab22a763dbbf9b0c1bd15a6214cf3280e2c2dde4580f9?s=96&d=mm&r=g","contentUrl":"https:\/\/secure.gravatar.com\/avatar\/76e419471a2083bc3ceab22a763dbbf9b0c1bd15a6214cf3280e2c2dde4580f9?s=96&d=mm&r=g","caption":"admin"},"sameAs":["https:\/\/lobosnews.com.ar"],"url":"https:\/\/lobosnews.com.ar\/index.php\/author\/lobos-news\/"}]}},"jetpack_featured_media_url":"https:\/\/lobosnews.com.ar\/wp-content\/uploads\/2026\/04\/como-evoluciona-la-salud-del-hombre-al-que-le-cortaron-el-dedo-con-un-machete-en-una-entradera-en-santa-fe-4.jpg","jetpack_sharing_enabled":true,"_links":{"self":[{"href":"https:\/\/lobosnews.com.ar\/index.php\/wp-json\/wp\/v2\/posts\/47660","targetHints":{"allow":["GET"]}}],"collection":[{"href":"https:\/\/lobosnews.com.ar\/index.php\/wp-json\/wp\/v2\/posts"}],"about":[{"href":"https:\/\/lobosnews.com.ar\/index.php\/wp-json\/wp\/v2\/types\/post"}],"author":[{"embeddable":true,"href":"https:\/\/lobosnews.com.ar\/index.php\/wp-json\/wp\/v2\/users\/1"}],"replies":[{"embeddable":true,"href":"https:\/\/lobosnews.com.ar\/index.php\/wp-json\/wp\/v2\/comments?post=47660"}],"version-history":[{"count":1,"href":"https:\/\/lobosnews.com.ar\/index.php\/wp-json\/wp\/v2\/posts\/47660\/revisions"}],"predecessor-version":[{"id":47664,"href":"https:\/\/lobosnews.com.ar\/index.php\/wp-json\/wp\/v2\/posts\/47660\/revisions\/47664"}],"wp:featuredmedia":[{"embeddable":true,"href":"https:\/\/lobosnews.com.ar\/index.php\/wp-json\/wp\/v2\/media\/47665"}],"wp:attachment":[{"href":"https:\/\/lobosnews.com.ar\/index.php\/wp-json\/wp\/v2\/media?parent=47660"}],"wp:term":[{"taxonomy":"category","embeddable":true,"href":"https:\/\/lobosnews.com.ar\/index.php\/wp-json\/wp\/v2\/categories?post=47660"},{"taxonomy":"post_tag","embeddable":true,"href":"https:\/\/lobosnews.com.ar\/index.php\/wp-json\/wp\/v2\/tags?post=47660"}],"curies":[{"name":"wp","href":"https:\/\/api.w.org\/{rel}","templated":true}]}}