{"id":47655,"date":"2026-04-30T08:24:57","date_gmt":"2026-04-30T08:24:57","guid":{"rendered":"https:\/\/lobosnews.com.ar\/index.php\/2026\/04\/30\/apunalaron-a-un-hombre-en-mendoza-e-investigan-un-posible-ajuste-de-cuentas\/"},"modified":"2026-04-30T09:28:43","modified_gmt":"2026-04-30T09:28:43","slug":"apunalaron-a-un-hombre-en-mendoza-e-investigan-un-posible-ajuste-de-cuentas","status":"publish","type":"post","link":"https:\/\/lobosnews.com.ar\/index.php\/2026\/04\/30\/apunalaron-a-un-hombre-en-mendoza-e-investigan-un-posible-ajuste-de-cuentas\/","title":{"rendered":"Apu\u00f1alaron a un hombre en Mendoza e investigan un posible ajuste de cuentas"},"content":{"rendered":"<p><img loading=\"lazy\" decoding=\"async\" src=\"https:\/\/lobosnews.com.ar\/wp-content\/uploads\/2026\/04\/apunalaron-a-un-hombre-en-mendoza-e-investigan-un-posible-ajuste-de-cuentas.jpg\" alt=\"Un hombre fue apu\u00f1alado en San Rafael y derivado al Hospital Schestakow de la capital mendocina donde se encuentra internado\" height=\"999\" width=\"1832\"\/><\/p>\n<p>Un <b>hombre de 33 a\u00f1os<\/b> permanece<b> <\/b>internado bajo cuidados m\u00e9dicos en el <b>Hospital Schestakow<\/b> tras haber sido apu\u00f1alado en el <b>barrio El Molino<\/b>, una de las zonas m\u00e1s densamente pobladas de <b>San Rafael<\/b>,<b> <\/b>en la provincia de<b> Mendoza.<\/b><\/p>\n<p>Seg\u00fan inform\u00f3 la Polic\u00eda de San Rafael, el hombre declar\u00f3 que se encontraba transitando el complejo habitacional de El Molino cuando<b> fue sorprendido por un individuo en la prolongaci\u00f3n <\/b>de <b>El Libertador<\/b>, una calle conocida del sector. La v\u00edctima relat\u00f3 que el atacante <b>se le acerc\u00f3 de manera sorpresiva, lo apu\u00f1al\u00f3 y luego huy\u00f3 <\/b>de la escena sin mediar palabra ni robar pertenencias.<\/p>\n<p>De acuerdo con lo informado por el portal <i>Diario Mendoza Today<\/i>, a pesar de la gravedad de la herida, el afectado logr\u00f3 desplazarse hasta el <b>Centro de Salud del Barrio El Molino<\/b>, donde recibi\u00f3 las primeras atenciones m\u00e9dicas. Los profesionales constataron una <b>lesi\u00f3n punzante en el om\u00f3plato derecho. <\/b>Poco despu\u00e9s, efectivos policiales arribaron al centro sanitario para recabar informaci\u00f3n sobre el hecho, pero la v\u00edctima decidi\u00f3 no aportar detalles relevantes sobre la identidad del agresor ni las circunstancias exactas del ataque.<\/p>\n<p>El hombre <b>se neg\u00f3 a radicar la denuncia formal<\/b>, limitando el avance de la investigaci\u00f3n. No obstante, ante la complejidad del cuadro cl\u00ednico \u2014ya que<b> el paciente presentaba s\u00edntomas compatibles <\/b>con <b>neumot\u00f3rax<\/b> producto de la herida cortante\u2014, los m\u00e9dicos determinaron su inmediato traslado al<b> Hospital<\/b> <b>Schestakow<\/b>, donde permanece internado y bajo observaci\u00f3n.<\/p>\n<p>Actualmente, la v\u00edctima recibe asistencia especializada y su estado es reservado, a la espera de nuevas evaluaciones cl\u00ednicas.<\/p>\n<p><img loading=\"lazy\" decoding=\"async\" src=\"https:\/\/lobosnews.com.ar\/wp-content\/uploads\/2026\/04\/apunalaron-a-un-hombre-en-mendoza-e-investigan-un-posible-ajuste-de-cuentas-1.jpg\" alt=\"Hasta el momento no hay detenidos\" height=\"631\" width=\"1024\"\/><\/p>\n<p><b>La polic\u00eda local destac\u00f3 que la v\u00edctima cuenta con un<\/b> <b>extenso prontuario policial,<\/b> lo que a\u00f1ade complejidad a la investigaci\u00f3n sobre el origen del ataque. Pese a la negativa del herido de colaborar con detalles sobre el agresor o los motivos del incidente, las autoridades creen que <b>el hecho podr\u00eda estar vinculado a una pelea reciente en la v\u00eda p\u00fablica en la que habr\u00eda participado el propio afectado.<\/b><\/p>\n<p>En relaci\u00f3n con la investigaci\u00f3n, <b>los efectivos policiales continuaron con tareas de relevamiento en la zona<\/b> de la prolongaci\u00f3n El Libertador, en busca de testigos o registros de c\u00e1maras de seguridad que permitan identificar al atacante.<\/p>\n<h2>Dos pr\u00f3fugos de homicidio se ocultaban en el desierto de Mendoza<\/h2>\n<p>A principios de semana, se conoci\u00f3 la noticia de la captura de dos pr\u00f3fugos de homicidio que furon capturados en el<b> desierto de Lavalle<\/b>. <\/p>\n<p>Los arrestos se concretaron en el paraje<b> El Retiro de San Miguel<\/b>, una zona ubicada cerca de la ruta 142, durante un despliegue coordinado entre el destacamento<b> El Retamo y efectivos de la UID Lavalle<\/b>, seg\u00fan inform\u00f3 el Ministerio de Seguridad y Justicia.<\/p>\n<p>El operativo surgi\u00f3 a partir de una alerta que advert\u00eda sobre la presencia de personas presuntamente involucradas en el asesinato de <b>Ontivero D\u00edaz<\/b>, ocurrido el 18 de marzo en Las Heras. Con informaci\u00f3n precisa sobre los sospechosos y sus caracter\u00edsticas f\u00edsicas, los uniformados se dirigieron al lugar y divisaron a tres sujetos que, al notar la presencia policial, intentaron huir por distintas direcciones.<\/p>\n<p>El despliegue policial permiti\u00f3 la localizaci\u00f3n de dos de los fugitivos. Ambos se ocultaban en un corral caprino, ubicado detr\u00e1s de una vivienda del paraje. La intervenci\u00f3n concluy\u00f3 con la custodia de los detenidos y el hallazgo de diversos elementos relacionados con la caza en las inmediaciones, entre ellos cuatro trampas de zorro, un huevo de choique, un caparaz\u00f3n de quirquincho, un zorro muerto, una cuchilla, dos cuchillos y seis cueros. <b>Estos elementos dan la pauta de que cazaban para sobrevivir.<\/b> A las pocas horas, capturaron a un tercer sospechoso. <\/p>\n","protected":false},"excerpt":{"rendered":"<p>Un hombre de 33 a\u00f1os permanece internado bajo cuidados m\u00e9dicos en el Hospital Schestakow tras haber sido apu\u00f1alado en el barrio El Molino, una de las zonas m\u00e1s densamente pobladas de San Rafael, en la provincia de Mendoza. Seg\u00fan inform\u00f3 la Polic\u00eda de San Rafael, el hombre declar\u00f3 que se encontraba transitando el complejo habitacional&#8230;<\/p>\n","protected":false},"author":1,"featured_media":47659,"comment_status":"open","ping_status":"closed","sticky":false,"template":"","format":"standard","meta":{"_jetpack_memberships_contains_paid_content":false,"footnotes":""},"categories":[31,30,32,77,84,35,36,37],"tags":[],"class_list":["post-47655","post","type-post","status-publish","format-standard","has-post-thumbnail","hentry","category-actualidad","category-argentina","category-economia","category-inseguridad","category-masradios-com","category-nacionales","category-seguridad","category-sociedad"],"magazineBlocksPostFeaturedMedia":{"thumbnail":"https:\/\/lobosnews.com.ar\/wp-content\/uploads\/2026\/04\/apunalaron-a-un-hombre-en-mendoza-e-investigan-un-posible-ajuste-de-cuentas-2-150x150.jpg","medium":"https:\/\/lobosnews.com.ar\/wp-content\/uploads\/2026\/04\/apunalaron-a-un-hombre-en-mendoza-e-investigan-un-posible-ajuste-de-cuentas-2-300x185.jpg","medium_large":"https:\/\/lobosnews.com.ar\/wp-content\/uploads\/2026\/04\/apunalaron-a-un-hombre-en-mendoza-e-investigan-un-posible-ajuste-de-cuentas-2-768x473.jpg","large":"https:\/\/lobosnews.com.ar\/wp-content\/uploads\/2026\/04\/apunalaron-a-un-hombre-en-mendoza-e-investigan-un-posible-ajuste-de-cuentas-2.jpg","1536x1536":"https:\/\/lobosnews.com.ar\/wp-content\/uploads\/2026\/04\/apunalaron-a-un-hombre-en-mendoza-e-investigan-un-posible-ajuste-de-cuentas-2.jpg","2048x2048":"https:\/\/lobosnews.com.ar\/wp-content\/uploads\/2026\/04\/apunalaron-a-un-hombre-en-mendoza-e-investigan-un-posible-ajuste-de-cuentas-2.jpg","newsmatic-featured":"https:\/\/lobosnews.com.ar\/wp-content\/uploads\/2026\/04\/apunalaron-a-un-hombre-en-mendoza-e-investigan-un-posible-ajuste-de-cuentas-2-820x545.jpg","newsmatic-list":"https:\/\/lobosnews.com.ar\/wp-content\/uploads\/2026\/04\/apunalaron-a-un-hombre-en-mendoza-e-investigan-un-posible-ajuste-de-cuentas-2-600x400.jpg","newsmatic-thumb":"https:\/\/lobosnews.com.ar\/wp-content\/uploads\/2026\/04\/apunalaron-a-un-hombre-en-mendoza-e-investigan-un-posible-ajuste-de-cuentas-2-300x200.jpg","newsmatic-small":"https:\/\/lobosnews.com.ar\/wp-content\/uploads\/2026\/04\/apunalaron-a-un-hombre-en-mendoza-e-investigan-un-posible-ajuste-de-cuentas-2-150x95.jpg","newsmatic-grid":"https:\/\/lobosnews.com.ar\/wp-content\/uploads\/2026\/04\/apunalaron-a-un-hombre-en-mendoza-e-investigan-un-posible-ajuste-de-cuentas-2-400x250.jpg"},"magazineBlocksPostAuthor":{"name":"admin","avatar":"https:\/\/secure.gravatar.com\/avatar\/76e419471a2083bc3ceab22a763dbbf9b0c1bd15a6214cf3280e2c2dde4580f9?s=96&d=mm&r=g"},"magazineBlocksPostCommentsNumber":"0","magazineBlocksPostExcerpt":"Un hombre de 33 a\u00f1os permanece internado bajo cuidados m\u00e9dicos en el Hospital Schestakow tras haber sido apu\u00f1alado en el barrio El Molino, una de las zonas m\u00e1s densamente pobladas de San Rafael, en la provincia de Mendoza. Seg\u00fan inform\u00f3 la Polic\u00eda de San Rafael, el hombre declar\u00f3 que se encontraba transitando el complejo habitacional...","magazineBlocksPostCategories":["Actualidad","Argentina","econom\u00eda","inseguridad","masradios.com","nacionales","seguridad","sociedad"],"magazineBlocksPostViewCount":2,"magazineBlocksPostReadTime":4,"magazine_blocks_featured_image_url":{"full":["https:\/\/lobosnews.com.ar\/wp-content\/uploads\/2026\/04\/apunalaron-a-un-hombre-en-mendoza-e-investigan-un-posible-ajuste-de-cuentas-2.jpg",1024,631,false],"medium":["https:\/\/lobosnews.com.ar\/wp-content\/uploads\/2026\/04\/apunalaron-a-un-hombre-en-mendoza-e-investigan-un-posible-ajuste-de-cuentas-2-300x185.jpg",300,185,true],"thumbnail":["https:\/\/lobosnews.com.ar\/wp-content\/uploads\/2026\/04\/apunalaron-a-un-hombre-en-mendoza-e-investigan-un-posible-ajuste-de-cuentas-2-150x150.jpg",150,150,true]},"magazine_blocks_author":{"display_name":"admin","author_link":"https:\/\/lobosnews.com.ar\/index.php\/author\/lobos-news\/"},"magazine_blocks_comment":0,"magazine_blocks_author_image":"https:\/\/secure.gravatar.com\/avatar\/76e419471a2083bc3ceab22a763dbbf9b0c1bd15a6214cf3280e2c2dde4580f9?s=96&d=mm&r=g","magazine_blocks_category":"<a href=\"#\" class=\"category-link category-link-31\">Actualidad<\/a> <a href=\"#\" class=\"category-link category-link-30\">Argentina<\/a> <a href=\"#\" class=\"category-link category-link-32\">econom\u00eda<\/a> <a href=\"#\" class=\"category-link category-link-77\">inseguridad<\/a> <a href=\"#\" class=\"category-link category-link-84\">masradios.com<\/a> <a href=\"#\" class=\"category-link category-link-35\">nacionales<\/a> <a href=\"#\" class=\"category-link category-link-36\">seguridad<\/a> <a href=\"#\" class=\"category-link category-link-37\">sociedad<\/a>","yoast_head":"<!-- This site is optimized with the Yoast SEO plugin v26.6 - https:\/\/yoast.com\/wordpress\/plugins\/seo\/ -->\n<title>Apu\u00f1alaron a un hombre en Mendoza e investigan un posible ajuste de cuentas - Lobos News<\/title>\n<meta name=\"robots\" content=\"index, follow, max-snippet:-1, max-image-preview:large, max-video-preview:-1\" \/>\n<link rel=\"canonical\" href=\"https:\/\/lobosnews.com.ar\/index.php\/2026\/04\/30\/apunalaron-a-un-hombre-en-mendoza-e-investigan-un-posible-ajuste-de-cuentas\/\" \/>\n<meta property=\"og:locale\" content=\"es_ES\" \/>\n<meta property=\"og:type\" content=\"article\" \/>\n<meta property=\"og:title\" content=\"Apu\u00f1alaron a un hombre en Mendoza e investigan un posible ajuste de cuentas - Lobos News\" \/>\n<meta property=\"og:description\" content=\"Un hombre de 33 a\u00f1os permanece internado bajo cuidados m\u00e9dicos en el Hospital Schestakow tras haber sido apu\u00f1alado en el barrio El Molino, una de las zonas m\u00e1s densamente pobladas de San Rafael, en la provincia de Mendoza. Seg\u00fan inform\u00f3 la Polic\u00eda de San Rafael, el hombre declar\u00f3 que se encontraba transitando el complejo habitacional...\" \/>\n<meta property=\"og:url\" content=\"https:\/\/lobosnews.com.ar\/index.php\/2026\/04\/30\/apunalaron-a-un-hombre-en-mendoza-e-investigan-un-posible-ajuste-de-cuentas\/\" \/>\n<meta property=\"og:site_name\" content=\"Lobos News\" \/>\n<meta property=\"article:published_time\" content=\"2026-04-30T08:24:57+00:00\" \/>\n<meta property=\"article:modified_time\" content=\"2026-04-30T09:28:43+00:00\" \/>\n<meta property=\"og:image\" content=\"https:\/\/lobosnews.com.ar\/wp-content\/uploads\/2026\/04\/apunalaron-a-un-hombre-en-mendoza-e-investigan-un-posible-ajuste-de-cuentas.jpg\" \/>\n<meta name=\"author\" content=\"admin\" \/>\n<meta name=\"twitter:card\" content=\"summary_large_image\" \/>\n<meta name=\"twitter:label1\" content=\"Escrito por\" \/>\n\t<meta name=\"twitter:data1\" content=\"admin\" \/>\n\t<meta name=\"twitter:label2\" content=\"Tiempo de lectura\" \/>\n\t<meta name=\"twitter:data2\" content=\"3 minutos\" \/>\n<script type=\"application\/ld+json\" class=\"yoast-schema-graph\">{\"@context\":\"https:\/\/schema.org\",\"@graph\":[{\"@type\":\"Article\",\"@id\":\"https:\/\/lobosnews.com.ar\/index.php\/2026\/04\/30\/apunalaron-a-un-hombre-en-mendoza-e-investigan-un-posible-ajuste-de-cuentas\/#article\",\"isPartOf\":{\"@id\":\"https:\/\/lobosnews.com.ar\/index.php\/2026\/04\/30\/apunalaron-a-un-hombre-en-mendoza-e-investigan-un-posible-ajuste-de-cuentas\/\"},\"author\":{\"name\":\"admin\",\"@id\":\"https:\/\/lobosnews.com.ar\/#\/schema\/person\/232422a593d5c541dd9aef6aaed10943\"},\"headline\":\"Apu\u00f1alaron a un hombre en Mendoza e investigan un posible ajuste de cuentas\",\"datePublished\":\"2026-04-30T08:24:57+00:00\",\"dateModified\":\"2026-04-30T09:28:43+00:00\",\"mainEntityOfPage\":{\"@id\":\"https:\/\/lobosnews.com.ar\/index.php\/2026\/04\/30\/apunalaron-a-un-hombre-en-mendoza-e-investigan-un-posible-ajuste-de-cuentas\/\"},\"wordCount\":645,\"commentCount\":0,\"publisher\":{\"@id\":\"https:\/\/lobosnews.com.ar\/#organization\"},\"image\":{\"@id\":\"https:\/\/lobosnews.com.ar\/index.php\/2026\/04\/30\/apunalaron-a-un-hombre-en-mendoza-e-investigan-un-posible-ajuste-de-cuentas\/#primaryimage\"},\"thumbnailUrl\":\"https:\/\/lobosnews.com.ar\/wp-content\/uploads\/2026\/04\/apunalaron-a-un-hombre-en-mendoza-e-investigan-un-posible-ajuste-de-cuentas-2.jpg\",\"articleSection\":[\"Actualidad\",\"Argentina\",\"econom\u00eda\",\"inseguridad\",\"masradios.com\",\"nacionales\",\"seguridad\",\"sociedad\"],\"inLanguage\":\"es\",\"potentialAction\":[{\"@type\":\"CommentAction\",\"name\":\"Comment\",\"target\":[\"https:\/\/lobosnews.com.ar\/index.php\/2026\/04\/30\/apunalaron-a-un-hombre-en-mendoza-e-investigan-un-posible-ajuste-de-cuentas\/#respond\"]}]},{\"@type\":\"WebPage\",\"@id\":\"https:\/\/lobosnews.com.ar\/index.php\/2026\/04\/30\/apunalaron-a-un-hombre-en-mendoza-e-investigan-un-posible-ajuste-de-cuentas\/\",\"url\":\"https:\/\/lobosnews.com.ar\/index.php\/2026\/04\/30\/apunalaron-a-un-hombre-en-mendoza-e-investigan-un-posible-ajuste-de-cuentas\/\",\"name\":\"Apu\u00f1alaron a un hombre en Mendoza e investigan un posible ajuste de cuentas - Lobos News\",\"isPartOf\":{\"@id\":\"https:\/\/lobosnews.com.ar\/#website\"},\"primaryImageOfPage\":{\"@id\":\"https:\/\/lobosnews.com.ar\/index.php\/2026\/04\/30\/apunalaron-a-un-hombre-en-mendoza-e-investigan-un-posible-ajuste-de-cuentas\/#primaryimage\"},\"image\":{\"@id\":\"https:\/\/lobosnews.com.ar\/index.php\/2026\/04\/30\/apunalaron-a-un-hombre-en-mendoza-e-investigan-un-posible-ajuste-de-cuentas\/#primaryimage\"},\"thumbnailUrl\":\"https:\/\/lobosnews.com.ar\/wp-content\/uploads\/2026\/04\/apunalaron-a-un-hombre-en-mendoza-e-investigan-un-posible-ajuste-de-cuentas-2.jpg\",\"datePublished\":\"2026-04-30T08:24:57+00:00\",\"dateModified\":\"2026-04-30T09:28:43+00:00\",\"breadcrumb\":{\"@id\":\"https:\/\/lobosnews.com.ar\/index.php\/2026\/04\/30\/apunalaron-a-un-hombre-en-mendoza-e-investigan-un-posible-ajuste-de-cuentas\/#breadcrumb\"},\"inLanguage\":\"es\",\"potentialAction\":[{\"@type\":\"ReadAction\",\"target\":[\"https:\/\/lobosnews.com.ar\/index.php\/2026\/04\/30\/apunalaron-a-un-hombre-en-mendoza-e-investigan-un-posible-ajuste-de-cuentas\/\"]}]},{\"@type\":\"ImageObject\",\"inLanguage\":\"es\",\"@id\":\"https:\/\/lobosnews.com.ar\/index.php\/2026\/04\/30\/apunalaron-a-un-hombre-en-mendoza-e-investigan-un-posible-ajuste-de-cuentas\/#primaryimage\",\"url\":\"https:\/\/lobosnews.com.ar\/wp-content\/uploads\/2026\/04\/apunalaron-a-un-hombre-en-mendoza-e-investigan-un-posible-ajuste-de-cuentas-2.jpg\",\"contentUrl\":\"https:\/\/lobosnews.com.ar\/wp-content\/uploads\/2026\/04\/apunalaron-a-un-hombre-en-mendoza-e-investigan-un-posible-ajuste-de-cuentas-2.jpg\",\"width\":1024,\"height\":631,\"caption\":\"Apu\u00f1alaron a un hombre en Mendoza e investigan un posible ajuste de cuentas\"},{\"@type\":\"BreadcrumbList\",\"@id\":\"https:\/\/lobosnews.com.ar\/index.php\/2026\/04\/30\/apunalaron-a-un-hombre-en-mendoza-e-investigan-un-posible-ajuste-de-cuentas\/#breadcrumb\",\"itemListElement\":[{\"@type\":\"ListItem\",\"position\":1,\"name\":\"Portada\",\"item\":\"https:\/\/lobosnews.com.ar\/\"},{\"@type\":\"ListItem\",\"position\":2,\"name\":\"Apu\u00f1alaron a un hombre en Mendoza e investigan un posible ajuste de cuentas\"}]},{\"@type\":\"WebSite\",\"@id\":\"https:\/\/lobosnews.com.ar\/#website\",\"url\":\"https:\/\/lobosnews.com.ar\/\",\"name\":\"Lobos News\",\"description\":\"Informaci\u00f3n a cada instante\",\"publisher\":{\"@id\":\"https:\/\/lobosnews.com.ar\/#organization\"},\"potentialAction\":[{\"@type\":\"SearchAction\",\"target\":{\"@type\":\"EntryPoint\",\"urlTemplate\":\"https:\/\/lobosnews.com.ar\/?s={search_term_string}\"},\"query-input\":{\"@type\":\"PropertyValueSpecification\",\"valueRequired\":true,\"valueName\":\"search_term_string\"}}],\"inLanguage\":\"es\"},{\"@type\":\"Organization\",\"@id\":\"https:\/\/lobosnews.com.ar\/#organization\",\"name\":\"Lobos News\",\"url\":\"https:\/\/lobosnews.com.ar\/\",\"logo\":{\"@type\":\"ImageObject\",\"inLanguage\":\"es\",\"@id\":\"https:\/\/lobosnews.com.ar\/#\/schema\/logo\/image\/\",\"url\":\"https:\/\/lobosnews.com.ar\/wp-content\/uploads\/2026\/01\/logo-lobosnews.png\",\"contentUrl\":\"https:\/\/lobosnews.com.ar\/wp-content\/uploads\/2026\/01\/logo-lobosnews.png\",\"width\":500,\"height\":200,\"caption\":\"Lobos News\"},\"image\":{\"@id\":\"https:\/\/lobosnews.com.ar\/#\/schema\/logo\/image\/\"}},{\"@type\":\"Person\",\"@id\":\"https:\/\/lobosnews.com.ar\/#\/schema\/person\/232422a593d5c541dd9aef6aaed10943\",\"name\":\"admin\",\"image\":{\"@type\":\"ImageObject\",\"inLanguage\":\"es\",\"@id\":\"https:\/\/lobosnews.com.ar\/#\/schema\/person\/image\/\",\"url\":\"https:\/\/secure.gravatar.com\/avatar\/76e419471a2083bc3ceab22a763dbbf9b0c1bd15a6214cf3280e2c2dde4580f9?s=96&d=mm&r=g\",\"contentUrl\":\"https:\/\/secure.gravatar.com\/avatar\/76e419471a2083bc3ceab22a763dbbf9b0c1bd15a6214cf3280e2c2dde4580f9?s=96&d=mm&r=g\",\"caption\":\"admin\"},\"sameAs\":[\"https:\/\/lobosnews.com.ar\"],\"url\":\"https:\/\/lobosnews.com.ar\/index.php\/author\/lobos-news\/\"}]}<\/script>\n<!-- \/ Yoast SEO plugin. -->","yoast_head_json":{"title":"Apu\u00f1alaron a un hombre en Mendoza e investigan un posible ajuste de cuentas - Lobos News","robots":{"index":"index","follow":"follow","max-snippet":"max-snippet:-1","max-image-preview":"max-image-preview:large","max-video-preview":"max-video-preview:-1"},"canonical":"https:\/\/lobosnews.com.ar\/index.php\/2026\/04\/30\/apunalaron-a-un-hombre-en-mendoza-e-investigan-un-posible-ajuste-de-cuentas\/","og_locale":"es_ES","og_type":"article","og_title":"Apu\u00f1alaron a un hombre en Mendoza e investigan un posible ajuste de cuentas - Lobos News","og_description":"Un hombre de 33 a\u00f1os permanece internado bajo cuidados m\u00e9dicos en el Hospital Schestakow tras haber sido apu\u00f1alado en el barrio El Molino, una de las zonas m\u00e1s densamente pobladas de San Rafael, en la provincia de Mendoza. Seg\u00fan inform\u00f3 la Polic\u00eda de San Rafael, el hombre declar\u00f3 que se encontraba transitando el complejo habitacional...","og_url":"https:\/\/lobosnews.com.ar\/index.php\/2026\/04\/30\/apunalaron-a-un-hombre-en-mendoza-e-investigan-un-posible-ajuste-de-cuentas\/","og_site_name":"Lobos News","article_published_time":"2026-04-30T08:24:57+00:00","article_modified_time":"2026-04-30T09:28:43+00:00","og_image":[{"url":"https:\/\/lobosnews.com.ar\/wp-content\/uploads\/2026\/04\/apunalaron-a-un-hombre-en-mendoza-e-investigan-un-posible-ajuste-de-cuentas.jpg","type":"","width":"","height":""}],"author":"admin","twitter_card":"summary_large_image","twitter_misc":{"Escrito por":"admin","Tiempo de lectura":"3 minutos"},"schema":{"@context":"https:\/\/schema.org","@graph":[{"@type":"Article","@id":"https:\/\/lobosnews.com.ar\/index.php\/2026\/04\/30\/apunalaron-a-un-hombre-en-mendoza-e-investigan-un-posible-ajuste-de-cuentas\/#article","isPartOf":{"@id":"https:\/\/lobosnews.com.ar\/index.php\/2026\/04\/30\/apunalaron-a-un-hombre-en-mendoza-e-investigan-un-posible-ajuste-de-cuentas\/"},"author":{"name":"admin","@id":"https:\/\/lobosnews.com.ar\/#\/schema\/person\/232422a593d5c541dd9aef6aaed10943"},"headline":"Apu\u00f1alaron a un hombre en Mendoza e investigan un posible ajuste de cuentas","datePublished":"2026-04-30T08:24:57+00:00","dateModified":"2026-04-30T09:28:43+00:00","mainEntityOfPage":{"@id":"https:\/\/lobosnews.com.ar\/index.php\/2026\/04\/30\/apunalaron-a-un-hombre-en-mendoza-e-investigan-un-posible-ajuste-de-cuentas\/"},"wordCount":645,"commentCount":0,"publisher":{"@id":"https:\/\/lobosnews.com.ar\/#organization"},"image":{"@id":"https:\/\/lobosnews.com.ar\/index.php\/2026\/04\/30\/apunalaron-a-un-hombre-en-mendoza-e-investigan-un-posible-ajuste-de-cuentas\/#primaryimage"},"thumbnailUrl":"https:\/\/lobosnews.com.ar\/wp-content\/uploads\/2026\/04\/apunalaron-a-un-hombre-en-mendoza-e-investigan-un-posible-ajuste-de-cuentas-2.jpg","articleSection":["Actualidad","Argentina","econom\u00eda","inseguridad","masradios.com","nacionales","seguridad","sociedad"],"inLanguage":"es","potentialAction":[{"@type":"CommentAction","name":"Comment","target":["https:\/\/lobosnews.com.ar\/index.php\/2026\/04\/30\/apunalaron-a-un-hombre-en-mendoza-e-investigan-un-posible-ajuste-de-cuentas\/#respond"]}]},{"@type":"WebPage","@id":"https:\/\/lobosnews.com.ar\/index.php\/2026\/04\/30\/apunalaron-a-un-hombre-en-mendoza-e-investigan-un-posible-ajuste-de-cuentas\/","url":"https:\/\/lobosnews.com.ar\/index.php\/2026\/04\/30\/apunalaron-a-un-hombre-en-mendoza-e-investigan-un-posible-ajuste-de-cuentas\/","name":"Apu\u00f1alaron a un hombre en Mendoza e investigan un posible ajuste de cuentas - Lobos News","isPartOf":{"@id":"https:\/\/lobosnews.com.ar\/#website"},"primaryImageOfPage":{"@id":"https:\/\/lobosnews.com.ar\/index.php\/2026\/04\/30\/apunalaron-a-un-hombre-en-mendoza-e-investigan-un-posible-ajuste-de-cuentas\/#primaryimage"},"image":{"@id":"https:\/\/lobosnews.com.ar\/index.php\/2026\/04\/30\/apunalaron-a-un-hombre-en-mendoza-e-investigan-un-posible-ajuste-de-cuentas\/#primaryimage"},"thumbnailUrl":"https:\/\/lobosnews.com.ar\/wp-content\/uploads\/2026\/04\/apunalaron-a-un-hombre-en-mendoza-e-investigan-un-posible-ajuste-de-cuentas-2.jpg","datePublished":"2026-04-30T08:24:57+00:00","dateModified":"2026-04-30T09:28:43+00:00","breadcrumb":{"@id":"https:\/\/lobosnews.com.ar\/index.php\/2026\/04\/30\/apunalaron-a-un-hombre-en-mendoza-e-investigan-un-posible-ajuste-de-cuentas\/#breadcrumb"},"inLanguage":"es","potentialAction":[{"@type":"ReadAction","target":["https:\/\/lobosnews.com.ar\/index.php\/2026\/04\/30\/apunalaron-a-un-hombre-en-mendoza-e-investigan-un-posible-ajuste-de-cuentas\/"]}]},{"@type":"ImageObject","inLanguage":"es","@id":"https:\/\/lobosnews.com.ar\/index.php\/2026\/04\/30\/apunalaron-a-un-hombre-en-mendoza-e-investigan-un-posible-ajuste-de-cuentas\/#primaryimage","url":"https:\/\/lobosnews.com.ar\/wp-content\/uploads\/2026\/04\/apunalaron-a-un-hombre-en-mendoza-e-investigan-un-posible-ajuste-de-cuentas-2.jpg","contentUrl":"https:\/\/lobosnews.com.ar\/wp-content\/uploads\/2026\/04\/apunalaron-a-un-hombre-en-mendoza-e-investigan-un-posible-ajuste-de-cuentas-2.jpg","width":1024,"height":631,"caption":"Apu\u00f1alaron a un hombre en Mendoza e investigan un posible ajuste de cuentas"},{"@type":"BreadcrumbList","@id":"https:\/\/lobosnews.com.ar\/index.php\/2026\/04\/30\/apunalaron-a-un-hombre-en-mendoza-e-investigan-un-posible-ajuste-de-cuentas\/#breadcrumb","itemListElement":[{"@type":"ListItem","position":1,"name":"Portada","item":"https:\/\/lobosnews.com.ar\/"},{"@type":"ListItem","position":2,"name":"Apu\u00f1alaron a un hombre en Mendoza e investigan un posible ajuste de cuentas"}]},{"@type":"WebSite","@id":"https:\/\/lobosnews.com.ar\/#website","url":"https:\/\/lobosnews.com.ar\/","name":"Lobos News","description":"Informaci\u00f3n a cada instante","publisher":{"@id":"https:\/\/lobosnews.com.ar\/#organization"},"potentialAction":[{"@type":"SearchAction","target":{"@type":"EntryPoint","urlTemplate":"https:\/\/lobosnews.com.ar\/?s={search_term_string}"},"query-input":{"@type":"PropertyValueSpecification","valueRequired":true,"valueName":"search_term_string"}}],"inLanguage":"es"},{"@type":"Organization","@id":"https:\/\/lobosnews.com.ar\/#organization","name":"Lobos News","url":"https:\/\/lobosnews.com.ar\/","logo":{"@type":"ImageObject","inLanguage":"es","@id":"https:\/\/lobosnews.com.ar\/#\/schema\/logo\/image\/","url":"https:\/\/lobosnews.com.ar\/wp-content\/uploads\/2026\/01\/logo-lobosnews.png","contentUrl":"https:\/\/lobosnews.com.ar\/wp-content\/uploads\/2026\/01\/logo-lobosnews.png","width":500,"height":200,"caption":"Lobos News"},"image":{"@id":"https:\/\/lobosnews.com.ar\/#\/schema\/logo\/image\/"}},{"@type":"Person","@id":"https:\/\/lobosnews.com.ar\/#\/schema\/person\/232422a593d5c541dd9aef6aaed10943","name":"admin","image":{"@type":"ImageObject","inLanguage":"es","@id":"https:\/\/lobosnews.com.ar\/#\/schema\/person\/image\/","url":"https:\/\/secure.gravatar.com\/avatar\/76e419471a2083bc3ceab22a763dbbf9b0c1bd15a6214cf3280e2c2dde4580f9?s=96&d=mm&r=g","contentUrl":"https:\/\/secure.gravatar.com\/avatar\/76e419471a2083bc3ceab22a763dbbf9b0c1bd15a6214cf3280e2c2dde4580f9?s=96&d=mm&r=g","caption":"admin"},"sameAs":["https:\/\/lobosnews.com.ar"],"url":"https:\/\/lobosnews.com.ar\/index.php\/author\/lobos-news\/"}]}},"jetpack_featured_media_url":"https:\/\/lobosnews.com.ar\/wp-content\/uploads\/2026\/04\/apunalaron-a-un-hombre-en-mendoza-e-investigan-un-posible-ajuste-de-cuentas-2.jpg","jetpack_sharing_enabled":true,"_links":{"self":[{"href":"https:\/\/lobosnews.com.ar\/index.php\/wp-json\/wp\/v2\/posts\/47655","targetHints":{"allow":["GET"]}}],"collection":[{"href":"https:\/\/lobosnews.com.ar\/index.php\/wp-json\/wp\/v2\/posts"}],"about":[{"href":"https:\/\/lobosnews.com.ar\/index.php\/wp-json\/wp\/v2\/types\/post"}],"author":[{"embeddable":true,"href":"https:\/\/lobosnews.com.ar\/index.php\/wp-json\/wp\/v2\/users\/1"}],"replies":[{"embeddable":true,"href":"https:\/\/lobosnews.com.ar\/index.php\/wp-json\/wp\/v2\/comments?post=47655"}],"version-history":[{"count":1,"href":"https:\/\/lobosnews.com.ar\/index.php\/wp-json\/wp\/v2\/posts\/47655\/revisions"}],"predecessor-version":[{"id":47658,"href":"https:\/\/lobosnews.com.ar\/index.php\/wp-json\/wp\/v2\/posts\/47655\/revisions\/47658"}],"wp:featuredmedia":[{"embeddable":true,"href":"https:\/\/lobosnews.com.ar\/index.php\/wp-json\/wp\/v2\/media\/47659"}],"wp:attachment":[{"href":"https:\/\/lobosnews.com.ar\/index.php\/wp-json\/wp\/v2\/media?parent=47655"}],"wp:term":[{"taxonomy":"category","embeddable":true,"href":"https:\/\/lobosnews.com.ar\/index.php\/wp-json\/wp\/v2\/categories?post=47655"},{"taxonomy":"post_tag","embeddable":true,"href":"https:\/\/lobosnews.com.ar\/index.php\/wp-json\/wp\/v2\/tags?post=47655"}],"curies":[{"name":"wp","href":"https:\/\/api.w.org\/{rel}","templated":true}]}}