{"id":47641,"date":"2026-04-30T06:15:17","date_gmt":"2026-04-30T06:15:17","guid":{"rendered":"https:\/\/lobosnews.com.ar\/index.php\/2026\/04\/30\/identifican-factores-de-riesgo-metabolicos-asociados-a-la-masld\/"},"modified":"2026-04-30T09:18:48","modified_gmt":"2026-04-30T09:18:48","slug":"identifican-factores-de-riesgo-metabolicos-asociados-a-la-masld","status":"publish","type":"post","link":"https:\/\/lobosnews.com.ar\/index.php\/2026\/04\/30\/identifican-factores-de-riesgo-metabolicos-asociados-a-la-masld\/","title":{"rendered":"Identifican factores de riesgo metab\u00f3licos asociados a la MASLD"},"content":{"rendered":"<p><img loading=\"lazy\" decoding=\"async\" src=\"https:\/\/lobosnews.com.ar\/wp-content\/uploads\/2026\/04\/identifican-factores-de-riesgo-metabolicos-asociados-a-la-masld.jpg\" alt=\"\" height=\"675\" width=\"1200\"\/><\/p>\n<p>MI\u00c9RCOLES, 29 de abril de 2026 (HealthDay News) &#8212; La obesidad, hipertensi\u00f3n, hiperlipidemia, apnea obstructiva del sue\u00f1o e hipotiroidismo son factores de riesgo metab\u00f3lico independientes (MRF) para la enfermedad hep\u00e1tica esteatosiva asociada a la disfunci\u00f3n metab\u00f3lica (MASLD), seg\u00fan un estudio publicado recientemente en el Journal of Clinical and Translational Hepatology.<\/p>\n<p>Ke-Qin Hu, de la Universidad de California en Irvine, y sus colegas utilizaron la gran cohorte All of Us vinculada a historias cl\u00ednicas electr\u00f3nicas All of Us para evaluar siete MRF simult\u00e1neamente y presentaciones cl\u00ednicas de MASLD. El estudio incluy\u00f3 a 15.060 participantes con MASLD y 75.300 controles con frecuencia emparejada. Se compararon las frecuencias de MRF y los resultados cl\u00ednicos entre los grupos.<\/p>\n<p>Los investigadores encontraron que la frecuencia general de MASLD era del 6,0 por ciento. Las personas con MASLD ten\u00edan una frecuencia independiente significativamente mayor de obesidad (66,1 frente al 41,3 por ciento), diabetes tipo 2 (39,5 frente al 16,9 por ciento), hipertensi\u00f3n (64,3 frente a 38,6 por ciento), hiperlipidemia (59,8 frente a 37,3 por ciento), apnea obstructiva del sue\u00f1o (28,9 frente a 13,4 por ciento) e hipotiroidismo (21,2 frente a 13,4 por ciento) en comparaci\u00f3n con el grupo de control. El MRF independiente m\u00e1s fuerte fue la obesidad entre asi\u00e1ticos, blancos e hispanos, especialmente entre los menores de 50 a\u00f1os; la hipertensi\u00f3n fue el MRF independiente m\u00e1s fuerte entre los negros. En comparaci\u00f3n con el grupo control, la MASLD se asoci\u00f3 con frecuencias significativamente mayores de eventos card\u00edacos, incluyendo enfermedad coronaria e infarto de miocardio; eventos hep\u00e1ticos, incluyendo cirrosis y carcinoma hepatocelular; y enzimas hep\u00e1ticas elevadas, incluyendo alanina aminotransferasa, aspartato aminotransferasa y fosfatasa alcalina.<\/p>\n<p>\u00abLa variabilidad en los MRF seg\u00fan subgrupos de raza, etnia y edad puede indicar los posibles roles pat\u00f3genos de la susceptibilidad gen\u00e9tica y otros factores ambientales\u00bb, escriben los autores.<\/p>\n<p>Un autor revel\u00f3 v\u00ednculos con Madrigal Pharmaceuticals.<\/p>\n<p>Resumen\/Texto completo<\/p>\n","protected":false},"excerpt":{"rendered":"<p>MI\u00c9RCOLES, 29 de abril de 2026 (HealthDay News) &#8212; La obesidad, hipertensi\u00f3n, hiperlipidemia, apnea obstructiva del sue\u00f1o e hipotiroidismo son factores de riesgo metab\u00f3lico independientes (MRF) para la enfermedad hep\u00e1tica esteatosiva asociada a la disfunci\u00f3n metab\u00f3lica (MASLD), seg\u00fan un estudio publicado recientemente en el Journal of Clinical and Translational Hepatology. Ke-Qin Hu, de la Universidad&#8230;<\/p>\n","protected":false},"author":1,"featured_media":47644,"comment_status":"open","ping_status":"closed","sticky":false,"template":"","format":"standard","meta":{"_jetpack_memberships_contains_paid_content":false,"footnotes":""},"categories":[81],"tags":[],"class_list":["post-47641","post","type-post","status-publish","format-standard","has-post-thumbnail","hentry","category-salud"],"magazineBlocksPostFeaturedMedia":{"thumbnail":"https:\/\/lobosnews.com.ar\/wp-content\/uploads\/2026\/04\/identifican-factores-de-riesgo-metabolicos-asociados-a-la-masld-150x150.jpg","medium":"https:\/\/lobosnews.com.ar\/wp-content\/uploads\/2026\/04\/identifican-factores-de-riesgo-metabolicos-asociados-a-la-masld-300x169.jpg","medium_large":"https:\/\/lobosnews.com.ar\/wp-content\/uploads\/2026\/04\/identifican-factores-de-riesgo-metabolicos-asociados-a-la-masld-768x432.jpg","large":"https:\/\/lobosnews.com.ar\/wp-content\/uploads\/2026\/04\/identifican-factores-de-riesgo-metabolicos-asociados-a-la-masld-1024x576.jpg","1536x1536":"https:\/\/lobosnews.com.ar\/wp-content\/uploads\/2026\/04\/identifican-factores-de-riesgo-metabolicos-asociados-a-la-masld.jpg","2048x2048":"https:\/\/lobosnews.com.ar\/wp-content\/uploads\/2026\/04\/identifican-factores-de-riesgo-metabolicos-asociados-a-la-masld.jpg","newsmatic-featured":"https:\/\/lobosnews.com.ar\/wp-content\/uploads\/2026\/04\/identifican-factores-de-riesgo-metabolicos-asociados-a-la-masld-820x545.jpg","newsmatic-list":"https:\/\/lobosnews.com.ar\/wp-content\/uploads\/2026\/04\/identifican-factores-de-riesgo-metabolicos-asociados-a-la-masld-600x400.jpg","newsmatic-thumb":"https:\/\/lobosnews.com.ar\/wp-content\/uploads\/2026\/04\/identifican-factores-de-riesgo-metabolicos-asociados-a-la-masld-300x200.jpg","newsmatic-small":"https:\/\/lobosnews.com.ar\/wp-content\/uploads\/2026\/04\/identifican-factores-de-riesgo-metabolicos-asociados-a-la-masld-150x95.jpg","newsmatic-grid":"https:\/\/lobosnews.com.ar\/wp-content\/uploads\/2026\/04\/identifican-factores-de-riesgo-metabolicos-asociados-a-la-masld-400x250.jpg"},"magazineBlocksPostAuthor":{"name":"admin","avatar":"https:\/\/secure.gravatar.com\/avatar\/76e419471a2083bc3ceab22a763dbbf9b0c1bd15a6214cf3280e2c2dde4580f9?s=96&d=mm&r=g"},"magazineBlocksPostCommentsNumber":"0","magazineBlocksPostExcerpt":"MI\u00c9RCOLES, 29 de abril de 2026 (HealthDay News) &#8212; La obesidad, hipertensi\u00f3n, hiperlipidemia, apnea obstructiva del sue\u00f1o e hipotiroidismo son factores de riesgo metab\u00f3lico independientes (MRF) para la enfermedad hep\u00e1tica esteatosiva asociada a la disfunci\u00f3n metab\u00f3lica (MASLD), seg\u00fan un estudio publicado recientemente en el Journal of Clinical and Translational Hepatology. Ke-Qin Hu, de la Universidad...","magazineBlocksPostCategories":["Salud"],"magazineBlocksPostViewCount":3,"magazineBlocksPostReadTime":2,"magazine_blocks_featured_image_url":{"full":["https:\/\/lobosnews.com.ar\/wp-content\/uploads\/2026\/04\/identifican-factores-de-riesgo-metabolicos-asociados-a-la-masld.jpg",1200,675,false],"medium":["https:\/\/lobosnews.com.ar\/wp-content\/uploads\/2026\/04\/identifican-factores-de-riesgo-metabolicos-asociados-a-la-masld-300x169.jpg",300,169,true],"thumbnail":["https:\/\/lobosnews.com.ar\/wp-content\/uploads\/2026\/04\/identifican-factores-de-riesgo-metabolicos-asociados-a-la-masld-150x150.jpg",150,150,true]},"magazine_blocks_author":{"display_name":"admin","author_link":"https:\/\/lobosnews.com.ar\/index.php\/author\/lobos-news\/"},"magazine_blocks_comment":0,"magazine_blocks_author_image":"https:\/\/secure.gravatar.com\/avatar\/76e419471a2083bc3ceab22a763dbbf9b0c1bd15a6214cf3280e2c2dde4580f9?s=96&d=mm&r=g","magazine_blocks_category":"<a href=\"#\" class=\"category-link category-link-81\">Salud<\/a>","yoast_head":"<!-- This site is optimized with the Yoast SEO plugin v26.6 - https:\/\/yoast.com\/wordpress\/plugins\/seo\/ -->\n<title>Identifican factores de riesgo metab\u00f3licos asociados a la MASLD - Lobos News<\/title>\n<meta name=\"robots\" content=\"index, follow, max-snippet:-1, max-image-preview:large, max-video-preview:-1\" \/>\n<link rel=\"canonical\" href=\"https:\/\/lobosnews.com.ar\/index.php\/2026\/04\/30\/identifican-factores-de-riesgo-metabolicos-asociados-a-la-masld\/\" \/>\n<meta property=\"og:locale\" content=\"es_ES\" \/>\n<meta property=\"og:type\" content=\"article\" \/>\n<meta property=\"og:title\" content=\"Identifican factores de riesgo metab\u00f3licos asociados a la MASLD - Lobos News\" \/>\n<meta property=\"og:description\" content=\"MI\u00c9RCOLES, 29 de abril de 2026 (HealthDay News) &#8212; La obesidad, hipertensi\u00f3n, hiperlipidemia, apnea obstructiva del sue\u00f1o e hipotiroidismo son factores de riesgo metab\u00f3lico independientes (MRF) para la enfermedad hep\u00e1tica esteatosiva asociada a la disfunci\u00f3n metab\u00f3lica (MASLD), seg\u00fan un estudio publicado recientemente en el Journal of Clinical and Translational Hepatology. Ke-Qin Hu, de la Universidad...\" \/>\n<meta property=\"og:url\" content=\"https:\/\/lobosnews.com.ar\/index.php\/2026\/04\/30\/identifican-factores-de-riesgo-metabolicos-asociados-a-la-masld\/\" \/>\n<meta property=\"og:site_name\" content=\"Lobos News\" \/>\n<meta property=\"article:published_time\" content=\"2026-04-30T06:15:17+00:00\" \/>\n<meta property=\"article:modified_time\" content=\"2026-04-30T09:18:48+00:00\" \/>\n<meta property=\"og:image\" content=\"https:\/\/lobosnews.com.ar\/wp-content\/uploads\/2026\/04\/identifican-factores-de-riesgo-metabolicos-asociados-a-la-masld.jpg\" \/>\n<meta name=\"author\" content=\"admin\" \/>\n<meta name=\"twitter:card\" content=\"summary_large_image\" \/>\n<meta name=\"twitter:label1\" content=\"Escrito por\" \/>\n\t<meta name=\"twitter:data1\" content=\"admin\" \/>\n\t<meta name=\"twitter:label2\" content=\"Tiempo de lectura\" \/>\n\t<meta name=\"twitter:data2\" content=\"2 minutos\" \/>\n<script type=\"application\/ld+json\" class=\"yoast-schema-graph\">{\"@context\":\"https:\/\/schema.org\",\"@graph\":[{\"@type\":\"Article\",\"@id\":\"https:\/\/lobosnews.com.ar\/index.php\/2026\/04\/30\/identifican-factores-de-riesgo-metabolicos-asociados-a-la-masld\/#article\",\"isPartOf\":{\"@id\":\"https:\/\/lobosnews.com.ar\/index.php\/2026\/04\/30\/identifican-factores-de-riesgo-metabolicos-asociados-a-la-masld\/\"},\"author\":{\"name\":\"admin\",\"@id\":\"https:\/\/lobosnews.com.ar\/#\/schema\/person\/232422a593d5c541dd9aef6aaed10943\"},\"headline\":\"Identifican factores de riesgo metab\u00f3licos asociados a la MASLD\",\"datePublished\":\"2026-04-30T06:15:17+00:00\",\"dateModified\":\"2026-04-30T09:18:48+00:00\",\"mainEntityOfPage\":{\"@id\":\"https:\/\/lobosnews.com.ar\/index.php\/2026\/04\/30\/identifican-factores-de-riesgo-metabolicos-asociados-a-la-masld\/\"},\"wordCount\":327,\"commentCount\":0,\"publisher\":{\"@id\":\"https:\/\/lobosnews.com.ar\/#organization\"},\"image\":{\"@id\":\"https:\/\/lobosnews.com.ar\/index.php\/2026\/04\/30\/identifican-factores-de-riesgo-metabolicos-asociados-a-la-masld\/#primaryimage\"},\"thumbnailUrl\":\"https:\/\/lobosnews.com.ar\/wp-content\/uploads\/2026\/04\/identifican-factores-de-riesgo-metabolicos-asociados-a-la-masld.jpg\",\"articleSection\":[\"Salud\"],\"inLanguage\":\"es\",\"potentialAction\":[{\"@type\":\"CommentAction\",\"name\":\"Comment\",\"target\":[\"https:\/\/lobosnews.com.ar\/index.php\/2026\/04\/30\/identifican-factores-de-riesgo-metabolicos-asociados-a-la-masld\/#respond\"]}]},{\"@type\":\"WebPage\",\"@id\":\"https:\/\/lobosnews.com.ar\/index.php\/2026\/04\/30\/identifican-factores-de-riesgo-metabolicos-asociados-a-la-masld\/\",\"url\":\"https:\/\/lobosnews.com.ar\/index.php\/2026\/04\/30\/identifican-factores-de-riesgo-metabolicos-asociados-a-la-masld\/\",\"name\":\"Identifican factores de riesgo metab\u00f3licos asociados a la MASLD - Lobos News\",\"isPartOf\":{\"@id\":\"https:\/\/lobosnews.com.ar\/#website\"},\"primaryImageOfPage\":{\"@id\":\"https:\/\/lobosnews.com.ar\/index.php\/2026\/04\/30\/identifican-factores-de-riesgo-metabolicos-asociados-a-la-masld\/#primaryimage\"},\"image\":{\"@id\":\"https:\/\/lobosnews.com.ar\/index.php\/2026\/04\/30\/identifican-factores-de-riesgo-metabolicos-asociados-a-la-masld\/#primaryimage\"},\"thumbnailUrl\":\"https:\/\/lobosnews.com.ar\/wp-content\/uploads\/2026\/04\/identifican-factores-de-riesgo-metabolicos-asociados-a-la-masld.jpg\",\"datePublished\":\"2026-04-30T06:15:17+00:00\",\"dateModified\":\"2026-04-30T09:18:48+00:00\",\"breadcrumb\":{\"@id\":\"https:\/\/lobosnews.com.ar\/index.php\/2026\/04\/30\/identifican-factores-de-riesgo-metabolicos-asociados-a-la-masld\/#breadcrumb\"},\"inLanguage\":\"es\",\"potentialAction\":[{\"@type\":\"ReadAction\",\"target\":[\"https:\/\/lobosnews.com.ar\/index.php\/2026\/04\/30\/identifican-factores-de-riesgo-metabolicos-asociados-a-la-masld\/\"]}]},{\"@type\":\"ImageObject\",\"inLanguage\":\"es\",\"@id\":\"https:\/\/lobosnews.com.ar\/index.php\/2026\/04\/30\/identifican-factores-de-riesgo-metabolicos-asociados-a-la-masld\/#primaryimage\",\"url\":\"https:\/\/lobosnews.com.ar\/wp-content\/uploads\/2026\/04\/identifican-factores-de-riesgo-metabolicos-asociados-a-la-masld.jpg\",\"contentUrl\":\"https:\/\/lobosnews.com.ar\/wp-content\/uploads\/2026\/04\/identifican-factores-de-riesgo-metabolicos-asociados-a-la-masld.jpg\",\"width\":1200,\"height\":675,\"caption\":\"Identifican factores de riesgo metab\u00f3licos asociados a la MASLD\"},{\"@type\":\"BreadcrumbList\",\"@id\":\"https:\/\/lobosnews.com.ar\/index.php\/2026\/04\/30\/identifican-factores-de-riesgo-metabolicos-asociados-a-la-masld\/#breadcrumb\",\"itemListElement\":[{\"@type\":\"ListItem\",\"position\":1,\"name\":\"Portada\",\"item\":\"https:\/\/lobosnews.com.ar\/\"},{\"@type\":\"ListItem\",\"position\":2,\"name\":\"Identifican factores de riesgo metab\u00f3licos asociados a la MASLD\"}]},{\"@type\":\"WebSite\",\"@id\":\"https:\/\/lobosnews.com.ar\/#website\",\"url\":\"https:\/\/lobosnews.com.ar\/\",\"name\":\"Lobos News\",\"description\":\"Informaci\u00f3n a cada instante\",\"publisher\":{\"@id\":\"https:\/\/lobosnews.com.ar\/#organization\"},\"potentialAction\":[{\"@type\":\"SearchAction\",\"target\":{\"@type\":\"EntryPoint\",\"urlTemplate\":\"https:\/\/lobosnews.com.ar\/?s={search_term_string}\"},\"query-input\":{\"@type\":\"PropertyValueSpecification\",\"valueRequired\":true,\"valueName\":\"search_term_string\"}}],\"inLanguage\":\"es\"},{\"@type\":\"Organization\",\"@id\":\"https:\/\/lobosnews.com.ar\/#organization\",\"name\":\"Lobos News\",\"url\":\"https:\/\/lobosnews.com.ar\/\",\"logo\":{\"@type\":\"ImageObject\",\"inLanguage\":\"es\",\"@id\":\"https:\/\/lobosnews.com.ar\/#\/schema\/logo\/image\/\",\"url\":\"https:\/\/lobosnews.com.ar\/wp-content\/uploads\/2026\/01\/logo-lobosnews.png\",\"contentUrl\":\"https:\/\/lobosnews.com.ar\/wp-content\/uploads\/2026\/01\/logo-lobosnews.png\",\"width\":500,\"height\":200,\"caption\":\"Lobos News\"},\"image\":{\"@id\":\"https:\/\/lobosnews.com.ar\/#\/schema\/logo\/image\/\"}},{\"@type\":\"Person\",\"@id\":\"https:\/\/lobosnews.com.ar\/#\/schema\/person\/232422a593d5c541dd9aef6aaed10943\",\"name\":\"admin\",\"image\":{\"@type\":\"ImageObject\",\"inLanguage\":\"es\",\"@id\":\"https:\/\/lobosnews.com.ar\/#\/schema\/person\/image\/\",\"url\":\"https:\/\/secure.gravatar.com\/avatar\/76e419471a2083bc3ceab22a763dbbf9b0c1bd15a6214cf3280e2c2dde4580f9?s=96&d=mm&r=g\",\"contentUrl\":\"https:\/\/secure.gravatar.com\/avatar\/76e419471a2083bc3ceab22a763dbbf9b0c1bd15a6214cf3280e2c2dde4580f9?s=96&d=mm&r=g\",\"caption\":\"admin\"},\"sameAs\":[\"https:\/\/lobosnews.com.ar\"],\"url\":\"https:\/\/lobosnews.com.ar\/index.php\/author\/lobos-news\/\"}]}<\/script>\n<!-- \/ Yoast SEO plugin. -->","yoast_head_json":{"title":"Identifican factores de riesgo metab\u00f3licos asociados a la MASLD - Lobos News","robots":{"index":"index","follow":"follow","max-snippet":"max-snippet:-1","max-image-preview":"max-image-preview:large","max-video-preview":"max-video-preview:-1"},"canonical":"https:\/\/lobosnews.com.ar\/index.php\/2026\/04\/30\/identifican-factores-de-riesgo-metabolicos-asociados-a-la-masld\/","og_locale":"es_ES","og_type":"article","og_title":"Identifican factores de riesgo metab\u00f3licos asociados a la MASLD - Lobos News","og_description":"MI\u00c9RCOLES, 29 de abril de 2026 (HealthDay News) &#8212; La obesidad, hipertensi\u00f3n, hiperlipidemia, apnea obstructiva del sue\u00f1o e hipotiroidismo son factores de riesgo metab\u00f3lico independientes (MRF) para la enfermedad hep\u00e1tica esteatosiva asociada a la disfunci\u00f3n metab\u00f3lica (MASLD), seg\u00fan un estudio publicado recientemente en el Journal of Clinical and Translational Hepatology. Ke-Qin Hu, de la Universidad...","og_url":"https:\/\/lobosnews.com.ar\/index.php\/2026\/04\/30\/identifican-factores-de-riesgo-metabolicos-asociados-a-la-masld\/","og_site_name":"Lobos News","article_published_time":"2026-04-30T06:15:17+00:00","article_modified_time":"2026-04-30T09:18:48+00:00","og_image":[{"url":"https:\/\/lobosnews.com.ar\/wp-content\/uploads\/2026\/04\/identifican-factores-de-riesgo-metabolicos-asociados-a-la-masld.jpg","type":"","width":"","height":""}],"author":"admin","twitter_card":"summary_large_image","twitter_misc":{"Escrito por":"admin","Tiempo de lectura":"2 minutos"},"schema":{"@context":"https:\/\/schema.org","@graph":[{"@type":"Article","@id":"https:\/\/lobosnews.com.ar\/index.php\/2026\/04\/30\/identifican-factores-de-riesgo-metabolicos-asociados-a-la-masld\/#article","isPartOf":{"@id":"https:\/\/lobosnews.com.ar\/index.php\/2026\/04\/30\/identifican-factores-de-riesgo-metabolicos-asociados-a-la-masld\/"},"author":{"name":"admin","@id":"https:\/\/lobosnews.com.ar\/#\/schema\/person\/232422a593d5c541dd9aef6aaed10943"},"headline":"Identifican factores de riesgo metab\u00f3licos asociados a la MASLD","datePublished":"2026-04-30T06:15:17+00:00","dateModified":"2026-04-30T09:18:48+00:00","mainEntityOfPage":{"@id":"https:\/\/lobosnews.com.ar\/index.php\/2026\/04\/30\/identifican-factores-de-riesgo-metabolicos-asociados-a-la-masld\/"},"wordCount":327,"commentCount":0,"publisher":{"@id":"https:\/\/lobosnews.com.ar\/#organization"},"image":{"@id":"https:\/\/lobosnews.com.ar\/index.php\/2026\/04\/30\/identifican-factores-de-riesgo-metabolicos-asociados-a-la-masld\/#primaryimage"},"thumbnailUrl":"https:\/\/lobosnews.com.ar\/wp-content\/uploads\/2026\/04\/identifican-factores-de-riesgo-metabolicos-asociados-a-la-masld.jpg","articleSection":["Salud"],"inLanguage":"es","potentialAction":[{"@type":"CommentAction","name":"Comment","target":["https:\/\/lobosnews.com.ar\/index.php\/2026\/04\/30\/identifican-factores-de-riesgo-metabolicos-asociados-a-la-masld\/#respond"]}]},{"@type":"WebPage","@id":"https:\/\/lobosnews.com.ar\/index.php\/2026\/04\/30\/identifican-factores-de-riesgo-metabolicos-asociados-a-la-masld\/","url":"https:\/\/lobosnews.com.ar\/index.php\/2026\/04\/30\/identifican-factores-de-riesgo-metabolicos-asociados-a-la-masld\/","name":"Identifican factores de riesgo metab\u00f3licos asociados a la MASLD - Lobos News","isPartOf":{"@id":"https:\/\/lobosnews.com.ar\/#website"},"primaryImageOfPage":{"@id":"https:\/\/lobosnews.com.ar\/index.php\/2026\/04\/30\/identifican-factores-de-riesgo-metabolicos-asociados-a-la-masld\/#primaryimage"},"image":{"@id":"https:\/\/lobosnews.com.ar\/index.php\/2026\/04\/30\/identifican-factores-de-riesgo-metabolicos-asociados-a-la-masld\/#primaryimage"},"thumbnailUrl":"https:\/\/lobosnews.com.ar\/wp-content\/uploads\/2026\/04\/identifican-factores-de-riesgo-metabolicos-asociados-a-la-masld.jpg","datePublished":"2026-04-30T06:15:17+00:00","dateModified":"2026-04-30T09:18:48+00:00","breadcrumb":{"@id":"https:\/\/lobosnews.com.ar\/index.php\/2026\/04\/30\/identifican-factores-de-riesgo-metabolicos-asociados-a-la-masld\/#breadcrumb"},"inLanguage":"es","potentialAction":[{"@type":"ReadAction","target":["https:\/\/lobosnews.com.ar\/index.php\/2026\/04\/30\/identifican-factores-de-riesgo-metabolicos-asociados-a-la-masld\/"]}]},{"@type":"ImageObject","inLanguage":"es","@id":"https:\/\/lobosnews.com.ar\/index.php\/2026\/04\/30\/identifican-factores-de-riesgo-metabolicos-asociados-a-la-masld\/#primaryimage","url":"https:\/\/lobosnews.com.ar\/wp-content\/uploads\/2026\/04\/identifican-factores-de-riesgo-metabolicos-asociados-a-la-masld.jpg","contentUrl":"https:\/\/lobosnews.com.ar\/wp-content\/uploads\/2026\/04\/identifican-factores-de-riesgo-metabolicos-asociados-a-la-masld.jpg","width":1200,"height":675,"caption":"Identifican factores de riesgo metab\u00f3licos asociados a la MASLD"},{"@type":"BreadcrumbList","@id":"https:\/\/lobosnews.com.ar\/index.php\/2026\/04\/30\/identifican-factores-de-riesgo-metabolicos-asociados-a-la-masld\/#breadcrumb","itemListElement":[{"@type":"ListItem","position":1,"name":"Portada","item":"https:\/\/lobosnews.com.ar\/"},{"@type":"ListItem","position":2,"name":"Identifican factores de riesgo metab\u00f3licos asociados a la MASLD"}]},{"@type":"WebSite","@id":"https:\/\/lobosnews.com.ar\/#website","url":"https:\/\/lobosnews.com.ar\/","name":"Lobos News","description":"Informaci\u00f3n a cada instante","publisher":{"@id":"https:\/\/lobosnews.com.ar\/#organization"},"potentialAction":[{"@type":"SearchAction","target":{"@type":"EntryPoint","urlTemplate":"https:\/\/lobosnews.com.ar\/?s={search_term_string}"},"query-input":{"@type":"PropertyValueSpecification","valueRequired":true,"valueName":"search_term_string"}}],"inLanguage":"es"},{"@type":"Organization","@id":"https:\/\/lobosnews.com.ar\/#organization","name":"Lobos News","url":"https:\/\/lobosnews.com.ar\/","logo":{"@type":"ImageObject","inLanguage":"es","@id":"https:\/\/lobosnews.com.ar\/#\/schema\/logo\/image\/","url":"https:\/\/lobosnews.com.ar\/wp-content\/uploads\/2026\/01\/logo-lobosnews.png","contentUrl":"https:\/\/lobosnews.com.ar\/wp-content\/uploads\/2026\/01\/logo-lobosnews.png","width":500,"height":200,"caption":"Lobos News"},"image":{"@id":"https:\/\/lobosnews.com.ar\/#\/schema\/logo\/image\/"}},{"@type":"Person","@id":"https:\/\/lobosnews.com.ar\/#\/schema\/person\/232422a593d5c541dd9aef6aaed10943","name":"admin","image":{"@type":"ImageObject","inLanguage":"es","@id":"https:\/\/lobosnews.com.ar\/#\/schema\/person\/image\/","url":"https:\/\/secure.gravatar.com\/avatar\/76e419471a2083bc3ceab22a763dbbf9b0c1bd15a6214cf3280e2c2dde4580f9?s=96&d=mm&r=g","contentUrl":"https:\/\/secure.gravatar.com\/avatar\/76e419471a2083bc3ceab22a763dbbf9b0c1bd15a6214cf3280e2c2dde4580f9?s=96&d=mm&r=g","caption":"admin"},"sameAs":["https:\/\/lobosnews.com.ar"],"url":"https:\/\/lobosnews.com.ar\/index.php\/author\/lobos-news\/"}]}},"jetpack_featured_media_url":"https:\/\/lobosnews.com.ar\/wp-content\/uploads\/2026\/04\/identifican-factores-de-riesgo-metabolicos-asociados-a-la-masld.jpg","jetpack_sharing_enabled":true,"_links":{"self":[{"href":"https:\/\/lobosnews.com.ar\/index.php\/wp-json\/wp\/v2\/posts\/47641","targetHints":{"allow":["GET"]}}],"collection":[{"href":"https:\/\/lobosnews.com.ar\/index.php\/wp-json\/wp\/v2\/posts"}],"about":[{"href":"https:\/\/lobosnews.com.ar\/index.php\/wp-json\/wp\/v2\/types\/post"}],"author":[{"embeddable":true,"href":"https:\/\/lobosnews.com.ar\/index.php\/wp-json\/wp\/v2\/users\/1"}],"replies":[{"embeddable":true,"href":"https:\/\/lobosnews.com.ar\/index.php\/wp-json\/wp\/v2\/comments?post=47641"}],"version-history":[{"count":1,"href":"https:\/\/lobosnews.com.ar\/index.php\/wp-json\/wp\/v2\/posts\/47641\/revisions"}],"predecessor-version":[{"id":47643,"href":"https:\/\/lobosnews.com.ar\/index.php\/wp-json\/wp\/v2\/posts\/47641\/revisions\/47643"}],"wp:featuredmedia":[{"embeddable":true,"href":"https:\/\/lobosnews.com.ar\/index.php\/wp-json\/wp\/v2\/media\/47644"}],"wp:attachment":[{"href":"https:\/\/lobosnews.com.ar\/index.php\/wp-json\/wp\/v2\/media?parent=47641"}],"wp:term":[{"taxonomy":"category","embeddable":true,"href":"https:\/\/lobosnews.com.ar\/index.php\/wp-json\/wp\/v2\/categories?post=47641"},{"taxonomy":"post_tag","embeddable":true,"href":"https:\/\/lobosnews.com.ar\/index.php\/wp-json\/wp\/v2\/tags?post=47641"}],"curies":[{"name":"wp","href":"https:\/\/api.w.org\/{rel}","templated":true}]}}