{"id":47633,"date":"2026-04-30T06:15:54","date_gmt":"2026-04-30T06:15:54","guid":{"rendered":"https:\/\/lobosnews.com.ar\/index.php\/2026\/04\/30\/programa-en-linea-calma-el-estres-postraumatico-en-ninos-lesionados\/"},"modified":"2026-04-30T09:18:45","modified_gmt":"2026-04-30T09:18:45","slug":"programa-en-linea-calma-el-estres-postraumatico-en-ninos-lesionados","status":"publish","type":"post","link":"https:\/\/lobosnews.com.ar\/index.php\/2026\/04\/30\/programa-en-linea-calma-el-estres-postraumatico-en-ninos-lesionados\/","title":{"rendered":"Programa en l\u00ednea calma el estr\u00e9s postraum\u00e1tico en ni\u00f1os lesionados"},"content":{"rendered":"<p><img fetchpriority=\"high\" decoding=\"async\" src=\"https:\/\/lobosnews.com.ar\/wp-content\/uploads\/2026\/04\/programa-en-linea-calma-el-estres-postraumatico-en-ninos-lesionados.jpg\" alt=\"\" height=\"800\" width=\"1200\"\/><\/p>\n<p>MI\u00c9RCOLES, 29 de abril de 2026 (HealthDay News) &#8212; Los accidentes de coche, lesiones deportivas, ca\u00eddas graves, quemaduras graves y otras fuentes de trauma pueden dejar cicatrices duraderas en la mente de ni\u00f1os y adolescentes.<\/p>\n<p>Casi la mitad de los ni\u00f1os que han sufrido traumas f\u00edsicos sufren s\u00edntomas duraderos de estr\u00e9s postraum\u00e1tico, seg\u00fan los investigadores.<\/p>\n<p>Pero un nuevo programa online puede ayudar a estos ni\u00f1os a superar estas heridas mentales ocultas, informaron los investigadores el 27 de abril en JAMA Pediatrics.<\/p>\n<p>El programa, relativamente breve &#8212; Reducir el estr\u00e9s tras el trauma (ReSeT) &#8212; redujo significativamente el estr\u00e9s postraum\u00e1tico en ni\u00f1os elegidos aleatoriamente para tomarlo, seg\u00fan los investigadores.<\/p>\n<p>\u00abLos tama\u00f1os del efecto ReSeT fueron comparables con los de ensayos cl\u00ednicos aleatorizados con terapeutas presenciales, m\u00e1s sesiones y m\u00e1s horas de intervenci\u00f3n\u00bb, concluy\u00f3 el equipo de investigaci\u00f3n liderado por Linda Ewing-Cobbs, presidenta de neurociencia cognitiva en el Centro de Ciencias de la Salud de la Universidad de Texas en Houston.<\/p>\n<p>Los ni\u00f1os con estr\u00e9s postraum\u00e1tico tienden a revivir el evento que les hizo da\u00f1o, evitar aquello que les recuerda su trauma, se asustan y se irritan con facilidad, tienen problemas para dormir y presentan estados de \u00e1nimo negativos persistentes que incluyen miedo, tristeza, entumecimiento y desapego, seg\u00fan los investigadores.<\/p>\n<p>\u00abPor ejemplo, si una lesi\u00f3n se debi\u00f3 a un accidente de coche,\u00a0quiz\u00e1 evitar\u00a0subirse a un coche o evitar la zona donde ocurri\u00f3 el accidente,\u00a0quiz\u00e1 evitar\u00a0las calles por completo\u00bb,\u00a0dijo Mayer Bellehsen, psic\u00f3logo cl\u00ednico y vicepresidente adjunto en la l\u00ednea de Servicios de Salud Conductual en Northwell Health en Bay Shore, Nueva York.<\/p>\n<p>\u00abTener pensamientos negativos tambi\u00e9n es un s\u00edntoma com\u00fan &#8211;por ejemplo, preocupaciones sobre que el mundo\u00a0sea un lugar inseguro, y\u00a0como\u00a0resultado de eso,\u00a0una mayor ansiedad y miedo,\u00a0asociados a ello, podr\u00edan deberse a una mayor sensaci\u00f3n de inquietud e hipervigilancia que resulta en perder el sue\u00f1o y sentirse nervioso y nervioso, a\u00f1adi\u00f3 Bellehsen, que revis\u00f3 los hallazgos.<\/p>\n<p>El programa ReSeT de ocho sesiones incluye de tres a cuatro v\u00eddeos interactivos cortos que los ni\u00f1os completaron de forma independiente, y cada m\u00f3dulo tardaba menos de 20 minutos en completarse, seg\u00fan los investigadores.<\/p>\n<p>Despu\u00e9s de cada m\u00f3dulo, los ni\u00f1os tienen una sesi\u00f3n electr\u00f3nica de salud con un terapeuta para practicar formas de gestionar y reducir el estr\u00e9s relacionado con los recuerdos de su trauma.<\/p>\n<p>\u00abCreo que este estudio fue realmente novedoso e innovador, ya que es uno de los primeros de su tipo en evaluar una intervenci\u00f3n h\u00edbrida tanto para utilizar m\u00f3dulos en l\u00ednea como para el apoyo psicoterap\u00e9utico de un proveedor para tratar a ni\u00f1os afectados por el trauma de lesiones y factores de estr\u00e9s m\u00e9dico\u00bb, dijo Bellehsen.<\/p>\n<p>Para evaluar el programa, se eligieron al azar a 47 ni\u00f1os de entre 8 y 17 a\u00f1os con estr\u00e9s postraum\u00e1tico para realizar el programa ReSeT. Otros 46 recibieron la atenci\u00f3n habitual tras sus lesiones.<\/p>\n<p>A intervalos regulares, todos los ni\u00f1os y padres completaban un cuestionario que evaluaba los s\u00edntomas de estr\u00e9s postraum\u00e1tico.<\/p>\n<p>Los resultados mostraron que los ni\u00f1os que participaron en ReSeT presentaron un estr\u00e9s postraum\u00e1tico significativamente menor a las 10 semanas y seis meses tras sus lesiones, en comparaci\u00f3n con aquellos que recibieron la atenci\u00f3n habitual.<\/p>\n<p>Los chicos se beneficiaron especialmente de ReSeT, obteniendo las puntuaciones m\u00e1s bajas de estr\u00e9s postraum\u00e1tico, seg\u00fan los investigadores.<\/p>\n<p>\u00abEl\u00a0programa ReSeT\u00a0se basa en los elementos que sabemos que son\u00a0muy \u00fatiles\u00a0para tratar el estr\u00e9s traum\u00e1tico tras eventos traum\u00e1ticos, y que se incorporan en tratamientos est\u00e1ndar del trauma, como la terapia cognitivo-conductual centrada en el trauma\u00bb, dijo Bellehsen, que no particip\u00f3 en el estudio.<\/p>\n<p>\u00abLa parte novedosa de este tratamiento es que se puede hacer bastante de forma aut\u00f3noma, a su propio ritmo utilizando los servicios web o los servicios y m\u00f3dulos en l\u00ednea, y luego se apoya mediante conversaciones de seguimiento con un psicoterapeuta, lo que permite que la intervenci\u00f3n y el programa se escalen m\u00e1s porque utiliza menos tiempo individual del terapeuta, \u00abdijo.<\/p>\n<p>Sin embargo, se necesita m\u00e1s investigaci\u00f3n para validar el programa ReSeT y determinar c\u00f3mo podr\u00eda integrarse mejor en la atenci\u00f3n al trauma infantil, seg\u00fan los investigadores.<\/p>\n<p>M\u00e1s informaci\u00f3n<\/p>\n<p>Los Centros para el Control y la Prevenci\u00f3n de Enfermedades de EE. UU. tienen m\u00e1s informaci\u00f3n sobre el trastorno de estr\u00e9s postraum\u00e1tico en ni\u00f1os.<\/p>\n<p>FUENTES: JAMA Pediatrics, 27 de abril de 2026; \u00a0Mayer Bellehsen, psic\u00f3logo cl\u00ednico y vicepresidente adjunto, L\u00ednea de Servicios de Salud Conductual, Northwell Health, Bay Shore, Nueva York<\/p>\n","protected":false},"excerpt":{"rendered":"<p>MI\u00c9RCOLES, 29 de abril de 2026 (HealthDay News) &#8212; Los accidentes de coche, lesiones deportivas, ca\u00eddas graves, quemaduras graves y otras fuentes de trauma pueden dejar cicatrices duraderas en la mente de ni\u00f1os y adolescentes. Casi la mitad de los ni\u00f1os que han sufrido traumas f\u00edsicos sufren s\u00edntomas duraderos de estr\u00e9s postraum\u00e1tico, seg\u00fan los investigadores&#8230;.<\/p>\n","protected":false},"author":1,"featured_media":47636,"comment_status":"open","ping_status":"closed","sticky":false,"template":"","format":"standard","meta":{"_jetpack_memberships_contains_paid_content":false,"footnotes":""},"categories":[81],"tags":[],"class_list":["post-47633","post","type-post","status-publish","format-standard","has-post-thumbnail","hentry","category-salud"],"magazineBlocksPostFeaturedMedia":{"thumbnail":"https:\/\/lobosnews.com.ar\/wp-content\/uploads\/2026\/04\/programa-en-linea-calma-el-estres-postraumatico-en-ninos-lesionados-150x150.jpg","medium":"https:\/\/lobosnews.com.ar\/wp-content\/uploads\/2026\/04\/programa-en-linea-calma-el-estres-postraumatico-en-ninos-lesionados-300x200.jpg","medium_large":"https:\/\/lobosnews.com.ar\/wp-content\/uploads\/2026\/04\/programa-en-linea-calma-el-estres-postraumatico-en-ninos-lesionados-768x512.jpg","large":"https:\/\/lobosnews.com.ar\/wp-content\/uploads\/2026\/04\/programa-en-linea-calma-el-estres-postraumatico-en-ninos-lesionados-1024x683.jpg","1536x1536":"https:\/\/lobosnews.com.ar\/wp-content\/uploads\/2026\/04\/programa-en-linea-calma-el-estres-postraumatico-en-ninos-lesionados.jpg","2048x2048":"https:\/\/lobosnews.com.ar\/wp-content\/uploads\/2026\/04\/programa-en-linea-calma-el-estres-postraumatico-en-ninos-lesionados.jpg","newsmatic-featured":"https:\/\/lobosnews.com.ar\/wp-content\/uploads\/2026\/04\/programa-en-linea-calma-el-estres-postraumatico-en-ninos-lesionados-820x545.jpg","newsmatic-list":"https:\/\/lobosnews.com.ar\/wp-content\/uploads\/2026\/04\/programa-en-linea-calma-el-estres-postraumatico-en-ninos-lesionados-600x400.jpg","newsmatic-thumb":"https:\/\/lobosnews.com.ar\/wp-content\/uploads\/2026\/04\/programa-en-linea-calma-el-estres-postraumatico-en-ninos-lesionados-300x200.jpg","newsmatic-small":"https:\/\/lobosnews.com.ar\/wp-content\/uploads\/2026\/04\/programa-en-linea-calma-el-estres-postraumatico-en-ninos-lesionados-150x95.jpg","newsmatic-grid":"https:\/\/lobosnews.com.ar\/wp-content\/uploads\/2026\/04\/programa-en-linea-calma-el-estres-postraumatico-en-ninos-lesionados-400x250.jpg"},"magazineBlocksPostAuthor":{"name":"admin","avatar":"https:\/\/secure.gravatar.com\/avatar\/76e419471a2083bc3ceab22a763dbbf9b0c1bd15a6214cf3280e2c2dde4580f9?s=96&d=mm&r=g"},"magazineBlocksPostCommentsNumber":"0","magazineBlocksPostExcerpt":"MI\u00c9RCOLES, 29 de abril de 2026 (HealthDay News) &#8212; Los accidentes de coche, lesiones deportivas, ca\u00eddas graves, quemaduras graves y otras fuentes de trauma pueden dejar cicatrices duraderas en la mente de ni\u00f1os y adolescentes. Casi la mitad de los ni\u00f1os que han sufrido traumas f\u00edsicos sufren s\u00edntomas duraderos de estr\u00e9s postraum\u00e1tico, seg\u00fan los investigadores....","magazineBlocksPostCategories":["Salud"],"magazineBlocksPostViewCount":3,"magazineBlocksPostReadTime":5,"magazine_blocks_featured_image_url":{"full":["https:\/\/lobosnews.com.ar\/wp-content\/uploads\/2026\/04\/programa-en-linea-calma-el-estres-postraumatico-en-ninos-lesionados.jpg",1200,800,false],"medium":["https:\/\/lobosnews.com.ar\/wp-content\/uploads\/2026\/04\/programa-en-linea-calma-el-estres-postraumatico-en-ninos-lesionados-300x200.jpg",300,200,true],"thumbnail":["https:\/\/lobosnews.com.ar\/wp-content\/uploads\/2026\/04\/programa-en-linea-calma-el-estres-postraumatico-en-ninos-lesionados-150x150.jpg",150,150,true]},"magazine_blocks_author":{"display_name":"admin","author_link":"https:\/\/lobosnews.com.ar\/index.php\/author\/lobos-news\/"},"magazine_blocks_comment":0,"magazine_blocks_author_image":"https:\/\/secure.gravatar.com\/avatar\/76e419471a2083bc3ceab22a763dbbf9b0c1bd15a6214cf3280e2c2dde4580f9?s=96&d=mm&r=g","magazine_blocks_category":"<a href=\"#\" class=\"category-link category-link-81\">Salud<\/a>","yoast_head":"<!-- This site is optimized with the Yoast SEO plugin v26.6 - https:\/\/yoast.com\/wordpress\/plugins\/seo\/ -->\n<title>Programa en l\u00ednea calma el estr\u00e9s postraum\u00e1tico en ni\u00f1os lesionados - Lobos News<\/title>\n<meta name=\"robots\" content=\"index, follow, max-snippet:-1, max-image-preview:large, max-video-preview:-1\" \/>\n<link rel=\"canonical\" href=\"https:\/\/lobosnews.com.ar\/index.php\/2026\/04\/30\/programa-en-linea-calma-el-estres-postraumatico-en-ninos-lesionados\/\" \/>\n<meta property=\"og:locale\" content=\"es_ES\" \/>\n<meta property=\"og:type\" content=\"article\" \/>\n<meta property=\"og:title\" content=\"Programa en l\u00ednea calma el estr\u00e9s postraum\u00e1tico en ni\u00f1os lesionados - Lobos News\" \/>\n<meta property=\"og:description\" content=\"MI\u00c9RCOLES, 29 de abril de 2026 (HealthDay News) &#8212; Los accidentes de coche, lesiones deportivas, ca\u00eddas graves, quemaduras graves y otras fuentes de trauma pueden dejar cicatrices duraderas en la mente de ni\u00f1os y adolescentes. Casi la mitad de los ni\u00f1os que han sufrido traumas f\u00edsicos sufren s\u00edntomas duraderos de estr\u00e9s postraum\u00e1tico, seg\u00fan los investigadores....\" \/>\n<meta property=\"og:url\" content=\"https:\/\/lobosnews.com.ar\/index.php\/2026\/04\/30\/programa-en-linea-calma-el-estres-postraumatico-en-ninos-lesionados\/\" \/>\n<meta property=\"og:site_name\" content=\"Lobos News\" \/>\n<meta property=\"article:published_time\" content=\"2026-04-30T06:15:54+00:00\" \/>\n<meta property=\"article:modified_time\" content=\"2026-04-30T09:18:45+00:00\" \/>\n<meta property=\"og:image\" content=\"https:\/\/lobosnews.com.ar\/wp-content\/uploads\/2026\/04\/programa-en-linea-calma-el-estres-postraumatico-en-ninos-lesionados.jpg\" \/>\n<meta name=\"author\" content=\"admin\" \/>\n<meta name=\"twitter:card\" content=\"summary_large_image\" \/>\n<meta name=\"twitter:label1\" content=\"Escrito por\" \/>\n\t<meta name=\"twitter:data1\" content=\"admin\" \/>\n\t<meta name=\"twitter:label2\" content=\"Tiempo de lectura\" \/>\n\t<meta name=\"twitter:data2\" content=\"4 minutos\" \/>\n<script type=\"application\/ld+json\" class=\"yoast-schema-graph\">{\"@context\":\"https:\/\/schema.org\",\"@graph\":[{\"@type\":\"Article\",\"@id\":\"https:\/\/lobosnews.com.ar\/index.php\/2026\/04\/30\/programa-en-linea-calma-el-estres-postraumatico-en-ninos-lesionados\/#article\",\"isPartOf\":{\"@id\":\"https:\/\/lobosnews.com.ar\/index.php\/2026\/04\/30\/programa-en-linea-calma-el-estres-postraumatico-en-ninos-lesionados\/\"},\"author\":{\"name\":\"admin\",\"@id\":\"https:\/\/lobosnews.com.ar\/#\/schema\/person\/232422a593d5c541dd9aef6aaed10943\"},\"headline\":\"Programa en l\u00ednea calma el estr\u00e9s postraum\u00e1tico en ni\u00f1os lesionados\",\"datePublished\":\"2026-04-30T06:15:54+00:00\",\"dateModified\":\"2026-04-30T09:18:45+00:00\",\"mainEntityOfPage\":{\"@id\":\"https:\/\/lobosnews.com.ar\/index.php\/2026\/04\/30\/programa-en-linea-calma-el-estres-postraumatico-en-ninos-lesionados\/\"},\"wordCount\":834,\"commentCount\":0,\"publisher\":{\"@id\":\"https:\/\/lobosnews.com.ar\/#organization\"},\"image\":{\"@id\":\"https:\/\/lobosnews.com.ar\/index.php\/2026\/04\/30\/programa-en-linea-calma-el-estres-postraumatico-en-ninos-lesionados\/#primaryimage\"},\"thumbnailUrl\":\"https:\/\/lobosnews.com.ar\/wp-content\/uploads\/2026\/04\/programa-en-linea-calma-el-estres-postraumatico-en-ninos-lesionados.jpg\",\"articleSection\":[\"Salud\"],\"inLanguage\":\"es\",\"potentialAction\":[{\"@type\":\"CommentAction\",\"name\":\"Comment\",\"target\":[\"https:\/\/lobosnews.com.ar\/index.php\/2026\/04\/30\/programa-en-linea-calma-el-estres-postraumatico-en-ninos-lesionados\/#respond\"]}]},{\"@type\":\"WebPage\",\"@id\":\"https:\/\/lobosnews.com.ar\/index.php\/2026\/04\/30\/programa-en-linea-calma-el-estres-postraumatico-en-ninos-lesionados\/\",\"url\":\"https:\/\/lobosnews.com.ar\/index.php\/2026\/04\/30\/programa-en-linea-calma-el-estres-postraumatico-en-ninos-lesionados\/\",\"name\":\"Programa en l\u00ednea calma el estr\u00e9s postraum\u00e1tico en ni\u00f1os lesionados - Lobos News\",\"isPartOf\":{\"@id\":\"https:\/\/lobosnews.com.ar\/#website\"},\"primaryImageOfPage\":{\"@id\":\"https:\/\/lobosnews.com.ar\/index.php\/2026\/04\/30\/programa-en-linea-calma-el-estres-postraumatico-en-ninos-lesionados\/#primaryimage\"},\"image\":{\"@id\":\"https:\/\/lobosnews.com.ar\/index.php\/2026\/04\/30\/programa-en-linea-calma-el-estres-postraumatico-en-ninos-lesionados\/#primaryimage\"},\"thumbnailUrl\":\"https:\/\/lobosnews.com.ar\/wp-content\/uploads\/2026\/04\/programa-en-linea-calma-el-estres-postraumatico-en-ninos-lesionados.jpg\",\"datePublished\":\"2026-04-30T06:15:54+00:00\",\"dateModified\":\"2026-04-30T09:18:45+00:00\",\"breadcrumb\":{\"@id\":\"https:\/\/lobosnews.com.ar\/index.php\/2026\/04\/30\/programa-en-linea-calma-el-estres-postraumatico-en-ninos-lesionados\/#breadcrumb\"},\"inLanguage\":\"es\",\"potentialAction\":[{\"@type\":\"ReadAction\",\"target\":[\"https:\/\/lobosnews.com.ar\/index.php\/2026\/04\/30\/programa-en-linea-calma-el-estres-postraumatico-en-ninos-lesionados\/\"]}]},{\"@type\":\"ImageObject\",\"inLanguage\":\"es\",\"@id\":\"https:\/\/lobosnews.com.ar\/index.php\/2026\/04\/30\/programa-en-linea-calma-el-estres-postraumatico-en-ninos-lesionados\/#primaryimage\",\"url\":\"https:\/\/lobosnews.com.ar\/wp-content\/uploads\/2026\/04\/programa-en-linea-calma-el-estres-postraumatico-en-ninos-lesionados.jpg\",\"contentUrl\":\"https:\/\/lobosnews.com.ar\/wp-content\/uploads\/2026\/04\/programa-en-linea-calma-el-estres-postraumatico-en-ninos-lesionados.jpg\",\"width\":1200,\"height\":800,\"caption\":\"Programa en l\u00ednea calma el estr\u00e9s postraum\u00e1tico en ni\u00f1os lesionados\"},{\"@type\":\"BreadcrumbList\",\"@id\":\"https:\/\/lobosnews.com.ar\/index.php\/2026\/04\/30\/programa-en-linea-calma-el-estres-postraumatico-en-ninos-lesionados\/#breadcrumb\",\"itemListElement\":[{\"@type\":\"ListItem\",\"position\":1,\"name\":\"Portada\",\"item\":\"https:\/\/lobosnews.com.ar\/\"},{\"@type\":\"ListItem\",\"position\":2,\"name\":\"Programa en l\u00ednea calma el estr\u00e9s postraum\u00e1tico en ni\u00f1os lesionados\"}]},{\"@type\":\"WebSite\",\"@id\":\"https:\/\/lobosnews.com.ar\/#website\",\"url\":\"https:\/\/lobosnews.com.ar\/\",\"name\":\"Lobos News\",\"description\":\"Informaci\u00f3n a cada instante\",\"publisher\":{\"@id\":\"https:\/\/lobosnews.com.ar\/#organization\"},\"potentialAction\":[{\"@type\":\"SearchAction\",\"target\":{\"@type\":\"EntryPoint\",\"urlTemplate\":\"https:\/\/lobosnews.com.ar\/?s={search_term_string}\"},\"query-input\":{\"@type\":\"PropertyValueSpecification\",\"valueRequired\":true,\"valueName\":\"search_term_string\"}}],\"inLanguage\":\"es\"},{\"@type\":\"Organization\",\"@id\":\"https:\/\/lobosnews.com.ar\/#organization\",\"name\":\"Lobos News\",\"url\":\"https:\/\/lobosnews.com.ar\/\",\"logo\":{\"@type\":\"ImageObject\",\"inLanguage\":\"es\",\"@id\":\"https:\/\/lobosnews.com.ar\/#\/schema\/logo\/image\/\",\"url\":\"https:\/\/lobosnews.com.ar\/wp-content\/uploads\/2026\/01\/logo-lobosnews.png\",\"contentUrl\":\"https:\/\/lobosnews.com.ar\/wp-content\/uploads\/2026\/01\/logo-lobosnews.png\",\"width\":500,\"height\":200,\"caption\":\"Lobos News\"},\"image\":{\"@id\":\"https:\/\/lobosnews.com.ar\/#\/schema\/logo\/image\/\"}},{\"@type\":\"Person\",\"@id\":\"https:\/\/lobosnews.com.ar\/#\/schema\/person\/232422a593d5c541dd9aef6aaed10943\",\"name\":\"admin\",\"image\":{\"@type\":\"ImageObject\",\"inLanguage\":\"es\",\"@id\":\"https:\/\/lobosnews.com.ar\/#\/schema\/person\/image\/\",\"url\":\"https:\/\/secure.gravatar.com\/avatar\/76e419471a2083bc3ceab22a763dbbf9b0c1bd15a6214cf3280e2c2dde4580f9?s=96&d=mm&r=g\",\"contentUrl\":\"https:\/\/secure.gravatar.com\/avatar\/76e419471a2083bc3ceab22a763dbbf9b0c1bd15a6214cf3280e2c2dde4580f9?s=96&d=mm&r=g\",\"caption\":\"admin\"},\"sameAs\":[\"https:\/\/lobosnews.com.ar\"],\"url\":\"https:\/\/lobosnews.com.ar\/index.php\/author\/lobos-news\/\"}]}<\/script>\n<!-- \/ Yoast SEO plugin. -->","yoast_head_json":{"title":"Programa en l\u00ednea calma el estr\u00e9s postraum\u00e1tico en ni\u00f1os lesionados - Lobos News","robots":{"index":"index","follow":"follow","max-snippet":"max-snippet:-1","max-image-preview":"max-image-preview:large","max-video-preview":"max-video-preview:-1"},"canonical":"https:\/\/lobosnews.com.ar\/index.php\/2026\/04\/30\/programa-en-linea-calma-el-estres-postraumatico-en-ninos-lesionados\/","og_locale":"es_ES","og_type":"article","og_title":"Programa en l\u00ednea calma el estr\u00e9s postraum\u00e1tico en ni\u00f1os lesionados - Lobos News","og_description":"MI\u00c9RCOLES, 29 de abril de 2026 (HealthDay News) &#8212; Los accidentes de coche, lesiones deportivas, ca\u00eddas graves, quemaduras graves y otras fuentes de trauma pueden dejar cicatrices duraderas en la mente de ni\u00f1os y adolescentes. Casi la mitad de los ni\u00f1os que han sufrido traumas f\u00edsicos sufren s\u00edntomas duraderos de estr\u00e9s postraum\u00e1tico, seg\u00fan los investigadores....","og_url":"https:\/\/lobosnews.com.ar\/index.php\/2026\/04\/30\/programa-en-linea-calma-el-estres-postraumatico-en-ninos-lesionados\/","og_site_name":"Lobos News","article_published_time":"2026-04-30T06:15:54+00:00","article_modified_time":"2026-04-30T09:18:45+00:00","og_image":[{"url":"https:\/\/lobosnews.com.ar\/wp-content\/uploads\/2026\/04\/programa-en-linea-calma-el-estres-postraumatico-en-ninos-lesionados.jpg","type":"","width":"","height":""}],"author":"admin","twitter_card":"summary_large_image","twitter_misc":{"Escrito por":"admin","Tiempo de lectura":"4 minutos"},"schema":{"@context":"https:\/\/schema.org","@graph":[{"@type":"Article","@id":"https:\/\/lobosnews.com.ar\/index.php\/2026\/04\/30\/programa-en-linea-calma-el-estres-postraumatico-en-ninos-lesionados\/#article","isPartOf":{"@id":"https:\/\/lobosnews.com.ar\/index.php\/2026\/04\/30\/programa-en-linea-calma-el-estres-postraumatico-en-ninos-lesionados\/"},"author":{"name":"admin","@id":"https:\/\/lobosnews.com.ar\/#\/schema\/person\/232422a593d5c541dd9aef6aaed10943"},"headline":"Programa en l\u00ednea calma el estr\u00e9s postraum\u00e1tico en ni\u00f1os lesionados","datePublished":"2026-04-30T06:15:54+00:00","dateModified":"2026-04-30T09:18:45+00:00","mainEntityOfPage":{"@id":"https:\/\/lobosnews.com.ar\/index.php\/2026\/04\/30\/programa-en-linea-calma-el-estres-postraumatico-en-ninos-lesionados\/"},"wordCount":834,"commentCount":0,"publisher":{"@id":"https:\/\/lobosnews.com.ar\/#organization"},"image":{"@id":"https:\/\/lobosnews.com.ar\/index.php\/2026\/04\/30\/programa-en-linea-calma-el-estres-postraumatico-en-ninos-lesionados\/#primaryimage"},"thumbnailUrl":"https:\/\/lobosnews.com.ar\/wp-content\/uploads\/2026\/04\/programa-en-linea-calma-el-estres-postraumatico-en-ninos-lesionados.jpg","articleSection":["Salud"],"inLanguage":"es","potentialAction":[{"@type":"CommentAction","name":"Comment","target":["https:\/\/lobosnews.com.ar\/index.php\/2026\/04\/30\/programa-en-linea-calma-el-estres-postraumatico-en-ninos-lesionados\/#respond"]}]},{"@type":"WebPage","@id":"https:\/\/lobosnews.com.ar\/index.php\/2026\/04\/30\/programa-en-linea-calma-el-estres-postraumatico-en-ninos-lesionados\/","url":"https:\/\/lobosnews.com.ar\/index.php\/2026\/04\/30\/programa-en-linea-calma-el-estres-postraumatico-en-ninos-lesionados\/","name":"Programa en l\u00ednea calma el estr\u00e9s postraum\u00e1tico en ni\u00f1os lesionados - Lobos News","isPartOf":{"@id":"https:\/\/lobosnews.com.ar\/#website"},"primaryImageOfPage":{"@id":"https:\/\/lobosnews.com.ar\/index.php\/2026\/04\/30\/programa-en-linea-calma-el-estres-postraumatico-en-ninos-lesionados\/#primaryimage"},"image":{"@id":"https:\/\/lobosnews.com.ar\/index.php\/2026\/04\/30\/programa-en-linea-calma-el-estres-postraumatico-en-ninos-lesionados\/#primaryimage"},"thumbnailUrl":"https:\/\/lobosnews.com.ar\/wp-content\/uploads\/2026\/04\/programa-en-linea-calma-el-estres-postraumatico-en-ninos-lesionados.jpg","datePublished":"2026-04-30T06:15:54+00:00","dateModified":"2026-04-30T09:18:45+00:00","breadcrumb":{"@id":"https:\/\/lobosnews.com.ar\/index.php\/2026\/04\/30\/programa-en-linea-calma-el-estres-postraumatico-en-ninos-lesionados\/#breadcrumb"},"inLanguage":"es","potentialAction":[{"@type":"ReadAction","target":["https:\/\/lobosnews.com.ar\/index.php\/2026\/04\/30\/programa-en-linea-calma-el-estres-postraumatico-en-ninos-lesionados\/"]}]},{"@type":"ImageObject","inLanguage":"es","@id":"https:\/\/lobosnews.com.ar\/index.php\/2026\/04\/30\/programa-en-linea-calma-el-estres-postraumatico-en-ninos-lesionados\/#primaryimage","url":"https:\/\/lobosnews.com.ar\/wp-content\/uploads\/2026\/04\/programa-en-linea-calma-el-estres-postraumatico-en-ninos-lesionados.jpg","contentUrl":"https:\/\/lobosnews.com.ar\/wp-content\/uploads\/2026\/04\/programa-en-linea-calma-el-estres-postraumatico-en-ninos-lesionados.jpg","width":1200,"height":800,"caption":"Programa en l\u00ednea calma el estr\u00e9s postraum\u00e1tico en ni\u00f1os lesionados"},{"@type":"BreadcrumbList","@id":"https:\/\/lobosnews.com.ar\/index.php\/2026\/04\/30\/programa-en-linea-calma-el-estres-postraumatico-en-ninos-lesionados\/#breadcrumb","itemListElement":[{"@type":"ListItem","position":1,"name":"Portada","item":"https:\/\/lobosnews.com.ar\/"},{"@type":"ListItem","position":2,"name":"Programa en l\u00ednea calma el estr\u00e9s postraum\u00e1tico en ni\u00f1os lesionados"}]},{"@type":"WebSite","@id":"https:\/\/lobosnews.com.ar\/#website","url":"https:\/\/lobosnews.com.ar\/","name":"Lobos News","description":"Informaci\u00f3n a cada instante","publisher":{"@id":"https:\/\/lobosnews.com.ar\/#organization"},"potentialAction":[{"@type":"SearchAction","target":{"@type":"EntryPoint","urlTemplate":"https:\/\/lobosnews.com.ar\/?s={search_term_string}"},"query-input":{"@type":"PropertyValueSpecification","valueRequired":true,"valueName":"search_term_string"}}],"inLanguage":"es"},{"@type":"Organization","@id":"https:\/\/lobosnews.com.ar\/#organization","name":"Lobos News","url":"https:\/\/lobosnews.com.ar\/","logo":{"@type":"ImageObject","inLanguage":"es","@id":"https:\/\/lobosnews.com.ar\/#\/schema\/logo\/image\/","url":"https:\/\/lobosnews.com.ar\/wp-content\/uploads\/2026\/01\/logo-lobosnews.png","contentUrl":"https:\/\/lobosnews.com.ar\/wp-content\/uploads\/2026\/01\/logo-lobosnews.png","width":500,"height":200,"caption":"Lobos News"},"image":{"@id":"https:\/\/lobosnews.com.ar\/#\/schema\/logo\/image\/"}},{"@type":"Person","@id":"https:\/\/lobosnews.com.ar\/#\/schema\/person\/232422a593d5c541dd9aef6aaed10943","name":"admin","image":{"@type":"ImageObject","inLanguage":"es","@id":"https:\/\/lobosnews.com.ar\/#\/schema\/person\/image\/","url":"https:\/\/secure.gravatar.com\/avatar\/76e419471a2083bc3ceab22a763dbbf9b0c1bd15a6214cf3280e2c2dde4580f9?s=96&d=mm&r=g","contentUrl":"https:\/\/secure.gravatar.com\/avatar\/76e419471a2083bc3ceab22a763dbbf9b0c1bd15a6214cf3280e2c2dde4580f9?s=96&d=mm&r=g","caption":"admin"},"sameAs":["https:\/\/lobosnews.com.ar"],"url":"https:\/\/lobosnews.com.ar\/index.php\/author\/lobos-news\/"}]}},"jetpack_featured_media_url":"https:\/\/lobosnews.com.ar\/wp-content\/uploads\/2026\/04\/programa-en-linea-calma-el-estres-postraumatico-en-ninos-lesionados.jpg","jetpack_sharing_enabled":true,"_links":{"self":[{"href":"https:\/\/lobosnews.com.ar\/index.php\/wp-json\/wp\/v2\/posts\/47633","targetHints":{"allow":["GET"]}}],"collection":[{"href":"https:\/\/lobosnews.com.ar\/index.php\/wp-json\/wp\/v2\/posts"}],"about":[{"href":"https:\/\/lobosnews.com.ar\/index.php\/wp-json\/wp\/v2\/types\/post"}],"author":[{"embeddable":true,"href":"https:\/\/lobosnews.com.ar\/index.php\/wp-json\/wp\/v2\/users\/1"}],"replies":[{"embeddable":true,"href":"https:\/\/lobosnews.com.ar\/index.php\/wp-json\/wp\/v2\/comments?post=47633"}],"version-history":[{"count":1,"href":"https:\/\/lobosnews.com.ar\/index.php\/wp-json\/wp\/v2\/posts\/47633\/revisions"}],"predecessor-version":[{"id":47635,"href":"https:\/\/lobosnews.com.ar\/index.php\/wp-json\/wp\/v2\/posts\/47633\/revisions\/47635"}],"wp:featuredmedia":[{"embeddable":true,"href":"https:\/\/lobosnews.com.ar\/index.php\/wp-json\/wp\/v2\/media\/47636"}],"wp:attachment":[{"href":"https:\/\/lobosnews.com.ar\/index.php\/wp-json\/wp\/v2\/media?parent=47633"}],"wp:term":[{"taxonomy":"category","embeddable":true,"href":"https:\/\/lobosnews.com.ar\/index.php\/wp-json\/wp\/v2\/categories?post=47633"},{"taxonomy":"post_tag","embeddable":true,"href":"https:\/\/lobosnews.com.ar\/index.php\/wp-json\/wp\/v2\/tags?post=47633"}],"curies":[{"name":"wp","href":"https:\/\/api.w.org\/{rel}","templated":true}]}}