{"id":47587,"date":"2026-04-30T07:00:40","date_gmt":"2026-04-30T07:00:40","guid":{"rendered":"https:\/\/lobosnews.com.ar\/index.php\/2026\/04\/30\/el-rey-carlos-iii-y-la-reina-camila-rindieron-homenaje-a-las-victimas-del-11-de-septiembre-en-su-visita-a-nueva-york\/"},"modified":"2026-04-30T08:51:11","modified_gmt":"2026-04-30T08:51:11","slug":"el-rey-carlos-iii-y-la-reina-camila-rindieron-homenaje-a-las-victimas-del-11-de-septiembre-en-su-visita-a-nueva-york","status":"publish","type":"post","link":"https:\/\/lobosnews.com.ar\/index.php\/2026\/04\/30\/el-rey-carlos-iii-y-la-reina-camila-rindieron-homenaje-a-las-victimas-del-11-de-septiembre-en-su-visita-a-nueva-york\/","title":{"rendered":"El Rey Carlos III y la reina Camila rindieron homenaje a las v\u00edctimas del 11 de septiembre en su visita a Nueva York"},"content":{"rendered":"<p><img fetchpriority=\"high\" decoding=\"async\" src=\"https:\/\/lobosnews.com.ar\/wp-content\/uploads\/2026\/04\/el-rey-carlos-iii-y-la-reina-camila-rindieron-homenaje-a-las-victimas-del-11-de-septiembre-en-su-visita-a-nueva-york.jpg\" alt=\"Michael Bloomberg, presidente del Monumento Nacional del 11 de Septiembre, el rey Carlos III y la reina Camila de Gran Breta\u00f1a, aparecen tras depositar un ramo de flores en el borde de una de las piscinas del monumento, el 29 de abril de 2026 (Samir Hussein\/REUTERS)\" height=\"2640\" width=\"3960\"\/><\/p>\n<p>El rey <b>Carlos III<\/b> y la reina <b>Camila<\/b> visitaron el mi\u00e9rcoles el sitio de los atentados del 11 de septiembre de 2001 en Nueva York, en la primera visita de un monarca brit\u00e1nico en ejercicio a la ciudad en 16 a\u00f1os. Carlos deposit\u00f3 flores en el <b>Monumento Nacional del 11 de Septiembre<\/b> y la pareja real convers\u00f3 con familiares de v\u00edctimas, socorristas y autoridades locales.<\/p>\n<p>La visita forma parte de un viaje diplom\u00e1tico de cuatro d\u00edas a Estados Unidos, en el marco de la conmemoraci\u00f3n de los 250 a\u00f1os de la independencia estadounidense. Por la noche, los reyes participaron en una recepci\u00f3n de la organizaci\u00f3n ben\u00e9fica <b>King\u2019s Trust<\/b>, donde Carlos subray\u00f3 el v\u00ednculo cultural entre el Reino Unido y Estados Unidos, al que defini\u00f3 como \u201carraigado en la creatividad, el emprendimiento y los valores que compartimos\u201d. \u201c<b>Record\u00e1ndonos que realmente somos m\u00e1s grandes juntos, \u00e9se es el punto<\/b>\u201d, afirm\u00f3 el monarca.<\/p>\n<p>El viaje representa la primera visita de Estado de Carlos III a Estados Unidos desde su ascenso al trono. Su madre, la reina Isabel II, realiz\u00f3 cuatro visitas de Estado al pa\u00eds, la \u00faltima de ellas a Nueva York en 2010.<\/p>\n<p>Carlos y Camila iniciaron la jornada rindiendo homenaje a las casi 3.000 v\u00edctimas de los atentados, incluidos 67 brit\u00e1nicos. Fueron recibidos por el ex alcalde <b>Michael Bloomberg<\/b> en la plaza del monumento, donde se desplazaron hasta uno de los estanques con los nombres de las v\u00edctimas. El rey deposit\u00f3 un arreglo floral y ambos guardaron un momento de silencio.<\/p>\n<p><img loading=\"lazy\" decoding=\"async\" src=\"https:\/\/lobosnews.com.ar\/wp-content\/uploads\/2026\/04\/el-rey-carlos-iii-y-la-reina-camila-rindieron-homenaje-a-las-victimas-del-11-de-septiembre-en-su-visita-a-nueva-york-1.jpg\" alt=\"El ex alcalde de la Ciudad de Nueva York Michael Bloomberg, izquierda, el rey Carlos III y la reina Camila visitan el Monumento Nacional del 11 de Septiembre, el mi\u00e9rcoles 29 de abril de 2026, en Nueva York (AP\/Seth Wenig)\" height=\"3701\" width=\"5551\"\/><\/p>\n<p>Posteriormente, la pareja real salud\u00f3 a sobrevivientes, socorristas y familiares de las v\u00edctimas, en v\u00edsperas del 25\u00ba aniversario de los ataques.<\/p>\n<p>El evento se desarroll\u00f3 bajo estrictas medidas de seguridad, con francotiradores en los techos, camiones bloqueando intersecciones y la plaza y calles aleda\u00f1as cerradas al p\u00fablico.<\/p>\n<p>Durante la visita a Nueva York, el rey Carlos III fue recibido por la gobernadora de Nueva York, <b>Kathy Hochul<\/b>; la gobernadora de Nueva Jersey, <b>Mikie Sherrill<\/b>; y el alcalde de la ciudad, <b>Zohran Mamdani<\/b>, todos dem\u00f3cratas.<\/p>\n<p>El alcalde manifest\u00f3 antes del evento su intenci\u00f3n de centrar la jornada en el homenaje a las v\u00edctimas del 11 de septiembre, evitando discusiones pol\u00edticas.<\/p>\n<p><img loading=\"lazy\" decoding=\"async\" src=\"https:\/\/lobosnews.com.ar\/wp-content\/uploads\/2026\/04\/el-rey-carlos-iii-y-la-reina-camila-rindieron-homenaje-a-las-victimas-del-11-de-septiembre-en-su-visita-a-nueva-york-2.jpg\" alt=\"El rey Carlos de Gran Breta\u00f1a, junto a la reina Camila, conversa con el alcalde de la ciudad de Nueva York, Zohran Mamdani, durante una visita al Memorial del 11-S en la ciudad de Nueva York, EE. UU., el 29 de abril de 2026 (REUTERS\/Jeenah Moon)\" height=\"3660\" width=\"5500\"\/><\/p>\n<p>El rey tambi\u00e9n visit\u00f3 una iniciativa de agricultura urbana en Harlem, donde plant\u00f3 semillas junto a ni\u00f1os, observ\u00f3 un gallinero y particip\u00f3 en una demostraci\u00f3n sobre alimentos y nutrici\u00f3n. \u201cMe gusta su cabello\u201d, le dijo un estudiante, a lo que Carlos respondi\u00f3: \u201c\u00bfAh, s\u00ed? Bien\u201d.<\/p>\n<p>M\u00e1s tarde, el monarca asisti\u00f3 a una reuni\u00f3n con l\u00edderes empresariales en el <b>Rockefeller Center<\/b>, que cont\u00f3 con la presencia de ejecutivos de empresas como <b>Google, OpenAI, JPMorgan Chase y Comcast<\/b>.<\/p>\n<p>La reina Camila, por su parte, visit\u00f3 la <b>Biblioteca P\u00fablica de Nueva York<\/b>, donde convers\u00f3 con la actriz <b>Sarah Jessica Parker<\/b> durante un recorrido. Camila entreg\u00f3 un mu\u00f1eco de Roo para la c\u00e9lebre colecci\u00f3n de peluches de <b>Winnie-the-Pooh<\/b> en la biblioteca, que celebra los 100 a\u00f1os del personaje este a\u00f1o.<\/p>\n<p><img loading=\"lazy\" decoding=\"async\" src=\"https:\/\/lobosnews.com.ar\/wp-content\/uploads\/2026\/04\/el-rey-carlos-iii-y-la-reina-camila-rindieron-homenaje-a-las-victimas-del-11-de-septiembre-en-su-visita-a-nueva-york-3.jpg\" alt=\"La reina Camila del Reino Unido camina junto a la actriz estadounidense Sarah Jessica Parker durante un evento de alfabetizaci\u00f3n el mi\u00e9rcoles 29 de abril de 2026, en la Biblioteca P\u00fablica de Nueva York (Adam Gray\/AP)\" height=\"5214\" width=\"7821\"\/><\/p>\n<p>Los cinco mu\u00f1ecos principales \u2014Winnie-the-Pooh, Piglet, Tigger, Eeyore y Kanga\u2014 pertenecieron al hijo del autor A.A. Milne, Christopher Robin, y se exhiben desde 1987 como parte central de la colecci\u00f3n de literatura infantil de la instituci\u00f3n. En los libros, Roo es el peque\u00f1o canguro hijo de Kanga.<\/p>\n<p>Los monarcas tienen previsto realizar escalas en <b>Virginia<\/b> antes de concluir su visita a Estados Unidos, donde regresar\u00e1n a la <b>Casa Blanca<\/b> el jueves para despedirse formalmente del presidente <b>Donald Trump<\/b>. Posteriormente, Carlos viajar\u00e1 solo a <b>Bermudas<\/b>, marcando su primera visita como rey a un territorio brit\u00e1nico de ultramar.<\/p>\n<p><i>(Con informaci\u00f3n de Associated Press)<\/i><\/p>\n","protected":false},"excerpt":{"rendered":"<p>El rey Carlos III y la reina Camila visitaron el mi\u00e9rcoles el sitio de los atentados del 11 de septiembre de 2001 en Nueva York, en la primera visita de un monarca brit\u00e1nico en ejercicio a la ciudad en 16 a\u00f1os. Carlos deposit\u00f3 flores en el Monumento Nacional del 11 de Septiembre y la pareja&#8230;<\/p>\n","protected":false},"author":1,"featured_media":47593,"comment_status":"open","ping_status":"closed","sticky":false,"template":"","format":"standard","meta":{"_jetpack_memberships_contains_paid_content":false,"footnotes":""},"categories":[31],"tags":[],"class_list":["post-47587","post","type-post","status-publish","format-standard","has-post-thumbnail","hentry","category-actualidad"],"magazineBlocksPostFeaturedMedia":{"thumbnail":"https:\/\/lobosnews.com.ar\/wp-content\/uploads\/2026\/04\/el-rey-carlos-iii-y-la-reina-camila-rindieron-homenaje-a-las-victimas-del-11-de-septiembre-en-su-visita-a-nueva-york-6-150x150.jpg","medium":"https:\/\/lobosnews.com.ar\/wp-content\/uploads\/2026\/04\/el-rey-carlos-iii-y-la-reina-camila-rindieron-homenaje-a-las-victimas-del-11-de-septiembre-en-su-visita-a-nueva-york-6-300x200.jpg","medium_large":"https:\/\/lobosnews.com.ar\/wp-content\/uploads\/2026\/04\/el-rey-carlos-iii-y-la-reina-camila-rindieron-homenaje-a-las-victimas-del-11-de-septiembre-en-su-visita-a-nueva-york-6-768x512.jpg","large":"https:\/\/lobosnews.com.ar\/wp-content\/uploads\/2026\/04\/el-rey-carlos-iii-y-la-reina-camila-rindieron-homenaje-a-las-victimas-del-11-de-septiembre-en-su-visita-a-nueva-york-6-1024x683.jpg","1536x1536":"https:\/\/lobosnews.com.ar\/wp-content\/uploads\/2026\/04\/el-rey-carlos-iii-y-la-reina-camila-rindieron-homenaje-a-las-victimas-del-11-de-septiembre-en-su-visita-a-nueva-york-6-1536x1024.jpg","2048x2048":"https:\/\/lobosnews.com.ar\/wp-content\/uploads\/2026\/04\/el-rey-carlos-iii-y-la-reina-camila-rindieron-homenaje-a-las-victimas-del-11-de-septiembre-en-su-visita-a-nueva-york-6-2048x1365.jpg","newsmatic-featured":"https:\/\/lobosnews.com.ar\/wp-content\/uploads\/2026\/04\/el-rey-carlos-iii-y-la-reina-camila-rindieron-homenaje-a-las-victimas-del-11-de-septiembre-en-su-visita-a-nueva-york-6-820x545.jpg","newsmatic-list":"https:\/\/lobosnews.com.ar\/wp-content\/uploads\/2026\/04\/el-rey-carlos-iii-y-la-reina-camila-rindieron-homenaje-a-las-victimas-del-11-de-septiembre-en-su-visita-a-nueva-york-6-600x400.jpg","newsmatic-thumb":"https:\/\/lobosnews.com.ar\/wp-content\/uploads\/2026\/04\/el-rey-carlos-iii-y-la-reina-camila-rindieron-homenaje-a-las-victimas-del-11-de-septiembre-en-su-visita-a-nueva-york-6-300x200.jpg","newsmatic-small":"https:\/\/lobosnews.com.ar\/wp-content\/uploads\/2026\/04\/el-rey-carlos-iii-y-la-reina-camila-rindieron-homenaje-a-las-victimas-del-11-de-septiembre-en-su-visita-a-nueva-york-6-150x95.jpg","newsmatic-grid":"https:\/\/lobosnews.com.ar\/wp-content\/uploads\/2026\/04\/el-rey-carlos-iii-y-la-reina-camila-rindieron-homenaje-a-las-victimas-del-11-de-septiembre-en-su-visita-a-nueva-york-6-400x250.jpg"},"magazineBlocksPostAuthor":{"name":"admin","avatar":"https:\/\/secure.gravatar.com\/avatar\/76e419471a2083bc3ceab22a763dbbf9b0c1bd15a6214cf3280e2c2dde4580f9?s=96&d=mm&r=g"},"magazineBlocksPostCommentsNumber":"0","magazineBlocksPostExcerpt":"El rey Carlos III y la reina Camila visitaron el mi\u00e9rcoles el sitio de los atentados del 11 de septiembre de 2001 en Nueva York, en la primera visita de un monarca brit\u00e1nico en ejercicio a la ciudad en 16 a\u00f1os. Carlos deposit\u00f3 flores en el Monumento Nacional del 11 de Septiembre y la pareja...","magazineBlocksPostCategories":["Actualidad"],"magazineBlocksPostViewCount":9,"magazineBlocksPostReadTime":4,"magazine_blocks_featured_image_url":{"full":["https:\/\/lobosnews.com.ar\/wp-content\/uploads\/2026\/04\/el-rey-carlos-iii-y-la-reina-camila-rindieron-homenaje-a-las-victimas-del-11-de-septiembre-en-su-visita-a-nueva-york-6-scaled.jpg",2560,1706,false],"medium":["https:\/\/lobosnews.com.ar\/wp-content\/uploads\/2026\/04\/el-rey-carlos-iii-y-la-reina-camila-rindieron-homenaje-a-las-victimas-del-11-de-septiembre-en-su-visita-a-nueva-york-6-300x200.jpg",300,200,true],"thumbnail":["https:\/\/lobosnews.com.ar\/wp-content\/uploads\/2026\/04\/el-rey-carlos-iii-y-la-reina-camila-rindieron-homenaje-a-las-victimas-del-11-de-septiembre-en-su-visita-a-nueva-york-6-150x150.jpg",150,150,true]},"magazine_blocks_author":{"display_name":"admin","author_link":"https:\/\/lobosnews.com.ar\/index.php\/author\/lobos-news\/"},"magazine_blocks_comment":0,"magazine_blocks_author_image":"https:\/\/secure.gravatar.com\/avatar\/76e419471a2083bc3ceab22a763dbbf9b0c1bd15a6214cf3280e2c2dde4580f9?s=96&d=mm&r=g","magazine_blocks_category":"<a href=\"#\" class=\"category-link category-link-31\">Actualidad<\/a>","yoast_head":"<!-- This site is optimized with the Yoast SEO plugin v26.6 - https:\/\/yoast.com\/wordpress\/plugins\/seo\/ -->\n<title>El Rey Carlos III y la reina Camila rindieron homenaje a las v\u00edctimas del 11 de septiembre en su visita a Nueva York - Lobos News<\/title>\n<meta name=\"robots\" content=\"index, follow, max-snippet:-1, max-image-preview:large, max-video-preview:-1\" \/>\n<link rel=\"canonical\" href=\"https:\/\/lobosnews.com.ar\/index.php\/2026\/04\/30\/el-rey-carlos-iii-y-la-reina-camila-rindieron-homenaje-a-las-victimas-del-11-de-septiembre-en-su-visita-a-nueva-york\/\" \/>\n<meta property=\"og:locale\" content=\"es_ES\" \/>\n<meta property=\"og:type\" content=\"article\" \/>\n<meta property=\"og:title\" content=\"El Rey Carlos III y la reina Camila rindieron homenaje a las v\u00edctimas del 11 de septiembre en su visita a Nueva York - Lobos News\" \/>\n<meta property=\"og:description\" content=\"El rey Carlos III y la reina Camila visitaron el mi\u00e9rcoles el sitio de los atentados del 11 de septiembre de 2001 en Nueva York, en la primera visita de un monarca brit\u00e1nico en ejercicio a la ciudad en 16 a\u00f1os. Carlos deposit\u00f3 flores en el Monumento Nacional del 11 de Septiembre y la pareja...\" \/>\n<meta property=\"og:url\" content=\"https:\/\/lobosnews.com.ar\/index.php\/2026\/04\/30\/el-rey-carlos-iii-y-la-reina-camila-rindieron-homenaje-a-las-victimas-del-11-de-septiembre-en-su-visita-a-nueva-york\/\" \/>\n<meta property=\"og:site_name\" content=\"Lobos News\" \/>\n<meta property=\"article:published_time\" content=\"2026-04-30T07:00:40+00:00\" \/>\n<meta property=\"article:modified_time\" content=\"2026-04-30T08:51:11+00:00\" \/>\n<meta property=\"og:image\" content=\"https:\/\/lobosnews.com.ar\/wp-content\/uploads\/2026\/04\/el-rey-carlos-iii-y-la-reina-camila-rindieron-homenaje-a-las-victimas-del-11-de-septiembre-en-su-visita-a-nueva-york.jpg\" \/>\n<meta name=\"author\" content=\"admin\" \/>\n<meta name=\"twitter:card\" content=\"summary_large_image\" \/>\n<meta name=\"twitter:label1\" content=\"Escrito por\" \/>\n\t<meta name=\"twitter:data1\" content=\"admin\" \/>\n\t<meta name=\"twitter:label2\" content=\"Tiempo de lectura\" \/>\n\t<meta name=\"twitter:data2\" content=\"3 minutos\" \/>\n<script type=\"application\/ld+json\" class=\"yoast-schema-graph\">{\"@context\":\"https:\/\/schema.org\",\"@graph\":[{\"@type\":\"Article\",\"@id\":\"https:\/\/lobosnews.com.ar\/index.php\/2026\/04\/30\/el-rey-carlos-iii-y-la-reina-camila-rindieron-homenaje-a-las-victimas-del-11-de-septiembre-en-su-visita-a-nueva-york\/#article\",\"isPartOf\":{\"@id\":\"https:\/\/lobosnews.com.ar\/index.php\/2026\/04\/30\/el-rey-carlos-iii-y-la-reina-camila-rindieron-homenaje-a-las-victimas-del-11-de-septiembre-en-su-visita-a-nueva-york\/\"},\"author\":{\"name\":\"admin\",\"@id\":\"https:\/\/lobosnews.com.ar\/#\/schema\/person\/232422a593d5c541dd9aef6aaed10943\"},\"headline\":\"El Rey Carlos III y la reina Camila rindieron homenaje a las v\u00edctimas del 11 de septiembre en su visita a Nueva York\",\"datePublished\":\"2026-04-30T07:00:40+00:00\",\"dateModified\":\"2026-04-30T08:51:11+00:00\",\"mainEntityOfPage\":{\"@id\":\"https:\/\/lobosnews.com.ar\/index.php\/2026\/04\/30\/el-rey-carlos-iii-y-la-reina-camila-rindieron-homenaje-a-las-victimas-del-11-de-septiembre-en-su-visita-a-nueva-york\/\"},\"wordCount\":645,\"commentCount\":0,\"publisher\":{\"@id\":\"https:\/\/lobosnews.com.ar\/#organization\"},\"image\":{\"@id\":\"https:\/\/lobosnews.com.ar\/index.php\/2026\/04\/30\/el-rey-carlos-iii-y-la-reina-camila-rindieron-homenaje-a-las-victimas-del-11-de-septiembre-en-su-visita-a-nueva-york\/#primaryimage\"},\"thumbnailUrl\":\"https:\/\/lobosnews.com.ar\/wp-content\/uploads\/2026\/04\/el-rey-carlos-iii-y-la-reina-camila-rindieron-homenaje-a-las-victimas-del-11-de-septiembre-en-su-visita-a-nueva-york-6-scaled.jpg\",\"articleSection\":[\"Actualidad\"],\"inLanguage\":\"es\",\"potentialAction\":[{\"@type\":\"CommentAction\",\"name\":\"Comment\",\"target\":[\"https:\/\/lobosnews.com.ar\/index.php\/2026\/04\/30\/el-rey-carlos-iii-y-la-reina-camila-rindieron-homenaje-a-las-victimas-del-11-de-septiembre-en-su-visita-a-nueva-york\/#respond\"]}]},{\"@type\":\"WebPage\",\"@id\":\"https:\/\/lobosnews.com.ar\/index.php\/2026\/04\/30\/el-rey-carlos-iii-y-la-reina-camila-rindieron-homenaje-a-las-victimas-del-11-de-septiembre-en-su-visita-a-nueva-york\/\",\"url\":\"https:\/\/lobosnews.com.ar\/index.php\/2026\/04\/30\/el-rey-carlos-iii-y-la-reina-camila-rindieron-homenaje-a-las-victimas-del-11-de-septiembre-en-su-visita-a-nueva-york\/\",\"name\":\"El Rey Carlos III y la reina Camila rindieron homenaje a las v\u00edctimas del 11 de septiembre en su visita a Nueva York - Lobos News\",\"isPartOf\":{\"@id\":\"https:\/\/lobosnews.com.ar\/#website\"},\"primaryImageOfPage\":{\"@id\":\"https:\/\/lobosnews.com.ar\/index.php\/2026\/04\/30\/el-rey-carlos-iii-y-la-reina-camila-rindieron-homenaje-a-las-victimas-del-11-de-septiembre-en-su-visita-a-nueva-york\/#primaryimage\"},\"image\":{\"@id\":\"https:\/\/lobosnews.com.ar\/index.php\/2026\/04\/30\/el-rey-carlos-iii-y-la-reina-camila-rindieron-homenaje-a-las-victimas-del-11-de-septiembre-en-su-visita-a-nueva-york\/#primaryimage\"},\"thumbnailUrl\":\"https:\/\/lobosnews.com.ar\/wp-content\/uploads\/2026\/04\/el-rey-carlos-iii-y-la-reina-camila-rindieron-homenaje-a-las-victimas-del-11-de-septiembre-en-su-visita-a-nueva-york-6-scaled.jpg\",\"datePublished\":\"2026-04-30T07:00:40+00:00\",\"dateModified\":\"2026-04-30T08:51:11+00:00\",\"breadcrumb\":{\"@id\":\"https:\/\/lobosnews.com.ar\/index.php\/2026\/04\/30\/el-rey-carlos-iii-y-la-reina-camila-rindieron-homenaje-a-las-victimas-del-11-de-septiembre-en-su-visita-a-nueva-york\/#breadcrumb\"},\"inLanguage\":\"es\",\"potentialAction\":[{\"@type\":\"ReadAction\",\"target\":[\"https:\/\/lobosnews.com.ar\/index.php\/2026\/04\/30\/el-rey-carlos-iii-y-la-reina-camila-rindieron-homenaje-a-las-victimas-del-11-de-septiembre-en-su-visita-a-nueva-york\/\"]}]},{\"@type\":\"ImageObject\",\"inLanguage\":\"es\",\"@id\":\"https:\/\/lobosnews.com.ar\/index.php\/2026\/04\/30\/el-rey-carlos-iii-y-la-reina-camila-rindieron-homenaje-a-las-victimas-del-11-de-septiembre-en-su-visita-a-nueva-york\/#primaryimage\",\"url\":\"https:\/\/lobosnews.com.ar\/wp-content\/uploads\/2026\/04\/el-rey-carlos-iii-y-la-reina-camila-rindieron-homenaje-a-las-victimas-del-11-de-septiembre-en-su-visita-a-nueva-york-6-scaled.jpg\",\"contentUrl\":\"https:\/\/lobosnews.com.ar\/wp-content\/uploads\/2026\/04\/el-rey-carlos-iii-y-la-reina-camila-rindieron-homenaje-a-las-victimas-del-11-de-septiembre-en-su-visita-a-nueva-york-6-scaled.jpg\",\"width\":2560,\"height\":1706,\"caption\":\"El Rey Carlos III y la reina Camila rindieron homenaje a las v\u00edctimas del 11 de septiembre en su visita a Nueva York\"},{\"@type\":\"BreadcrumbList\",\"@id\":\"https:\/\/lobosnews.com.ar\/index.php\/2026\/04\/30\/el-rey-carlos-iii-y-la-reina-camila-rindieron-homenaje-a-las-victimas-del-11-de-septiembre-en-su-visita-a-nueva-york\/#breadcrumb\",\"itemListElement\":[{\"@type\":\"ListItem\",\"position\":1,\"name\":\"Portada\",\"item\":\"https:\/\/lobosnews.com.ar\/\"},{\"@type\":\"ListItem\",\"position\":2,\"name\":\"El Rey Carlos III y la reina Camila rindieron homenaje a las v\u00edctimas del 11 de septiembre en su visita a Nueva York\"}]},{\"@type\":\"WebSite\",\"@id\":\"https:\/\/lobosnews.com.ar\/#website\",\"url\":\"https:\/\/lobosnews.com.ar\/\",\"name\":\"Lobos News\",\"description\":\"Informaci\u00f3n a cada instante\",\"publisher\":{\"@id\":\"https:\/\/lobosnews.com.ar\/#organization\"},\"potentialAction\":[{\"@type\":\"SearchAction\",\"target\":{\"@type\":\"EntryPoint\",\"urlTemplate\":\"https:\/\/lobosnews.com.ar\/?s={search_term_string}\"},\"query-input\":{\"@type\":\"PropertyValueSpecification\",\"valueRequired\":true,\"valueName\":\"search_term_string\"}}],\"inLanguage\":\"es\"},{\"@type\":\"Organization\",\"@id\":\"https:\/\/lobosnews.com.ar\/#organization\",\"name\":\"Lobos News\",\"url\":\"https:\/\/lobosnews.com.ar\/\",\"logo\":{\"@type\":\"ImageObject\",\"inLanguage\":\"es\",\"@id\":\"https:\/\/lobosnews.com.ar\/#\/schema\/logo\/image\/\",\"url\":\"https:\/\/lobosnews.com.ar\/wp-content\/uploads\/2026\/01\/logo-lobosnews.png\",\"contentUrl\":\"https:\/\/lobosnews.com.ar\/wp-content\/uploads\/2026\/01\/logo-lobosnews.png\",\"width\":500,\"height\":200,\"caption\":\"Lobos News\"},\"image\":{\"@id\":\"https:\/\/lobosnews.com.ar\/#\/schema\/logo\/image\/\"}},{\"@type\":\"Person\",\"@id\":\"https:\/\/lobosnews.com.ar\/#\/schema\/person\/232422a593d5c541dd9aef6aaed10943\",\"name\":\"admin\",\"image\":{\"@type\":\"ImageObject\",\"inLanguage\":\"es\",\"@id\":\"https:\/\/lobosnews.com.ar\/#\/schema\/person\/image\/\",\"url\":\"https:\/\/secure.gravatar.com\/avatar\/76e419471a2083bc3ceab22a763dbbf9b0c1bd15a6214cf3280e2c2dde4580f9?s=96&d=mm&r=g\",\"contentUrl\":\"https:\/\/secure.gravatar.com\/avatar\/76e419471a2083bc3ceab22a763dbbf9b0c1bd15a6214cf3280e2c2dde4580f9?s=96&d=mm&r=g\",\"caption\":\"admin\"},\"sameAs\":[\"https:\/\/lobosnews.com.ar\"],\"url\":\"https:\/\/lobosnews.com.ar\/index.php\/author\/lobos-news\/\"}]}<\/script>\n<!-- \/ Yoast SEO plugin. -->","yoast_head_json":{"title":"El Rey Carlos III y la reina Camila rindieron homenaje a las v\u00edctimas del 11 de septiembre en su visita a Nueva York - Lobos News","robots":{"index":"index","follow":"follow","max-snippet":"max-snippet:-1","max-image-preview":"max-image-preview:large","max-video-preview":"max-video-preview:-1"},"canonical":"https:\/\/lobosnews.com.ar\/index.php\/2026\/04\/30\/el-rey-carlos-iii-y-la-reina-camila-rindieron-homenaje-a-las-victimas-del-11-de-septiembre-en-su-visita-a-nueva-york\/","og_locale":"es_ES","og_type":"article","og_title":"El Rey Carlos III y la reina Camila rindieron homenaje a las v\u00edctimas del 11 de septiembre en su visita a Nueva York - Lobos News","og_description":"El rey Carlos III y la reina Camila visitaron el mi\u00e9rcoles el sitio de los atentados del 11 de septiembre de 2001 en Nueva York, en la primera visita de un monarca brit\u00e1nico en ejercicio a la ciudad en 16 a\u00f1os. Carlos deposit\u00f3 flores en el Monumento Nacional del 11 de Septiembre y la pareja...","og_url":"https:\/\/lobosnews.com.ar\/index.php\/2026\/04\/30\/el-rey-carlos-iii-y-la-reina-camila-rindieron-homenaje-a-las-victimas-del-11-de-septiembre-en-su-visita-a-nueva-york\/","og_site_name":"Lobos News","article_published_time":"2026-04-30T07:00:40+00:00","article_modified_time":"2026-04-30T08:51:11+00:00","og_image":[{"url":"https:\/\/lobosnews.com.ar\/wp-content\/uploads\/2026\/04\/el-rey-carlos-iii-y-la-reina-camila-rindieron-homenaje-a-las-victimas-del-11-de-septiembre-en-su-visita-a-nueva-york.jpg","type":"","width":"","height":""}],"author":"admin","twitter_card":"summary_large_image","twitter_misc":{"Escrito por":"admin","Tiempo de lectura":"3 minutos"},"schema":{"@context":"https:\/\/schema.org","@graph":[{"@type":"Article","@id":"https:\/\/lobosnews.com.ar\/index.php\/2026\/04\/30\/el-rey-carlos-iii-y-la-reina-camila-rindieron-homenaje-a-las-victimas-del-11-de-septiembre-en-su-visita-a-nueva-york\/#article","isPartOf":{"@id":"https:\/\/lobosnews.com.ar\/index.php\/2026\/04\/30\/el-rey-carlos-iii-y-la-reina-camila-rindieron-homenaje-a-las-victimas-del-11-de-septiembre-en-su-visita-a-nueva-york\/"},"author":{"name":"admin","@id":"https:\/\/lobosnews.com.ar\/#\/schema\/person\/232422a593d5c541dd9aef6aaed10943"},"headline":"El Rey Carlos III y la reina Camila rindieron homenaje a las v\u00edctimas del 11 de septiembre en su visita a Nueva York","datePublished":"2026-04-30T07:00:40+00:00","dateModified":"2026-04-30T08:51:11+00:00","mainEntityOfPage":{"@id":"https:\/\/lobosnews.com.ar\/index.php\/2026\/04\/30\/el-rey-carlos-iii-y-la-reina-camila-rindieron-homenaje-a-las-victimas-del-11-de-septiembre-en-su-visita-a-nueva-york\/"},"wordCount":645,"commentCount":0,"publisher":{"@id":"https:\/\/lobosnews.com.ar\/#organization"},"image":{"@id":"https:\/\/lobosnews.com.ar\/index.php\/2026\/04\/30\/el-rey-carlos-iii-y-la-reina-camila-rindieron-homenaje-a-las-victimas-del-11-de-septiembre-en-su-visita-a-nueva-york\/#primaryimage"},"thumbnailUrl":"https:\/\/lobosnews.com.ar\/wp-content\/uploads\/2026\/04\/el-rey-carlos-iii-y-la-reina-camila-rindieron-homenaje-a-las-victimas-del-11-de-septiembre-en-su-visita-a-nueva-york-6-scaled.jpg","articleSection":["Actualidad"],"inLanguage":"es","potentialAction":[{"@type":"CommentAction","name":"Comment","target":["https:\/\/lobosnews.com.ar\/index.php\/2026\/04\/30\/el-rey-carlos-iii-y-la-reina-camila-rindieron-homenaje-a-las-victimas-del-11-de-septiembre-en-su-visita-a-nueva-york\/#respond"]}]},{"@type":"WebPage","@id":"https:\/\/lobosnews.com.ar\/index.php\/2026\/04\/30\/el-rey-carlos-iii-y-la-reina-camila-rindieron-homenaje-a-las-victimas-del-11-de-septiembre-en-su-visita-a-nueva-york\/","url":"https:\/\/lobosnews.com.ar\/index.php\/2026\/04\/30\/el-rey-carlos-iii-y-la-reina-camila-rindieron-homenaje-a-las-victimas-del-11-de-septiembre-en-su-visita-a-nueva-york\/","name":"El Rey Carlos III y la reina Camila rindieron homenaje a las v\u00edctimas del 11 de septiembre en su visita a Nueva York - Lobos News","isPartOf":{"@id":"https:\/\/lobosnews.com.ar\/#website"},"primaryImageOfPage":{"@id":"https:\/\/lobosnews.com.ar\/index.php\/2026\/04\/30\/el-rey-carlos-iii-y-la-reina-camila-rindieron-homenaje-a-las-victimas-del-11-de-septiembre-en-su-visita-a-nueva-york\/#primaryimage"},"image":{"@id":"https:\/\/lobosnews.com.ar\/index.php\/2026\/04\/30\/el-rey-carlos-iii-y-la-reina-camila-rindieron-homenaje-a-las-victimas-del-11-de-septiembre-en-su-visita-a-nueva-york\/#primaryimage"},"thumbnailUrl":"https:\/\/lobosnews.com.ar\/wp-content\/uploads\/2026\/04\/el-rey-carlos-iii-y-la-reina-camila-rindieron-homenaje-a-las-victimas-del-11-de-septiembre-en-su-visita-a-nueva-york-6-scaled.jpg","datePublished":"2026-04-30T07:00:40+00:00","dateModified":"2026-04-30T08:51:11+00:00","breadcrumb":{"@id":"https:\/\/lobosnews.com.ar\/index.php\/2026\/04\/30\/el-rey-carlos-iii-y-la-reina-camila-rindieron-homenaje-a-las-victimas-del-11-de-septiembre-en-su-visita-a-nueva-york\/#breadcrumb"},"inLanguage":"es","potentialAction":[{"@type":"ReadAction","target":["https:\/\/lobosnews.com.ar\/index.php\/2026\/04\/30\/el-rey-carlos-iii-y-la-reina-camila-rindieron-homenaje-a-las-victimas-del-11-de-septiembre-en-su-visita-a-nueva-york\/"]}]},{"@type":"ImageObject","inLanguage":"es","@id":"https:\/\/lobosnews.com.ar\/index.php\/2026\/04\/30\/el-rey-carlos-iii-y-la-reina-camila-rindieron-homenaje-a-las-victimas-del-11-de-septiembre-en-su-visita-a-nueva-york\/#primaryimage","url":"https:\/\/lobosnews.com.ar\/wp-content\/uploads\/2026\/04\/el-rey-carlos-iii-y-la-reina-camila-rindieron-homenaje-a-las-victimas-del-11-de-septiembre-en-su-visita-a-nueva-york-6-scaled.jpg","contentUrl":"https:\/\/lobosnews.com.ar\/wp-content\/uploads\/2026\/04\/el-rey-carlos-iii-y-la-reina-camila-rindieron-homenaje-a-las-victimas-del-11-de-septiembre-en-su-visita-a-nueva-york-6-scaled.jpg","width":2560,"height":1706,"caption":"El Rey Carlos III y la reina Camila rindieron homenaje a las v\u00edctimas del 11 de septiembre en su visita a Nueva York"},{"@type":"BreadcrumbList","@id":"https:\/\/lobosnews.com.ar\/index.php\/2026\/04\/30\/el-rey-carlos-iii-y-la-reina-camila-rindieron-homenaje-a-las-victimas-del-11-de-septiembre-en-su-visita-a-nueva-york\/#breadcrumb","itemListElement":[{"@type":"ListItem","position":1,"name":"Portada","item":"https:\/\/lobosnews.com.ar\/"},{"@type":"ListItem","position":2,"name":"El Rey Carlos III y la reina Camila rindieron homenaje a las v\u00edctimas del 11 de septiembre en su visita a Nueva York"}]},{"@type":"WebSite","@id":"https:\/\/lobosnews.com.ar\/#website","url":"https:\/\/lobosnews.com.ar\/","name":"Lobos News","description":"Informaci\u00f3n a cada instante","publisher":{"@id":"https:\/\/lobosnews.com.ar\/#organization"},"potentialAction":[{"@type":"SearchAction","target":{"@type":"EntryPoint","urlTemplate":"https:\/\/lobosnews.com.ar\/?s={search_term_string}"},"query-input":{"@type":"PropertyValueSpecification","valueRequired":true,"valueName":"search_term_string"}}],"inLanguage":"es"},{"@type":"Organization","@id":"https:\/\/lobosnews.com.ar\/#organization","name":"Lobos News","url":"https:\/\/lobosnews.com.ar\/","logo":{"@type":"ImageObject","inLanguage":"es","@id":"https:\/\/lobosnews.com.ar\/#\/schema\/logo\/image\/","url":"https:\/\/lobosnews.com.ar\/wp-content\/uploads\/2026\/01\/logo-lobosnews.png","contentUrl":"https:\/\/lobosnews.com.ar\/wp-content\/uploads\/2026\/01\/logo-lobosnews.png","width":500,"height":200,"caption":"Lobos News"},"image":{"@id":"https:\/\/lobosnews.com.ar\/#\/schema\/logo\/image\/"}},{"@type":"Person","@id":"https:\/\/lobosnews.com.ar\/#\/schema\/person\/232422a593d5c541dd9aef6aaed10943","name":"admin","image":{"@type":"ImageObject","inLanguage":"es","@id":"https:\/\/lobosnews.com.ar\/#\/schema\/person\/image\/","url":"https:\/\/secure.gravatar.com\/avatar\/76e419471a2083bc3ceab22a763dbbf9b0c1bd15a6214cf3280e2c2dde4580f9?s=96&d=mm&r=g","contentUrl":"https:\/\/secure.gravatar.com\/avatar\/76e419471a2083bc3ceab22a763dbbf9b0c1bd15a6214cf3280e2c2dde4580f9?s=96&d=mm&r=g","caption":"admin"},"sameAs":["https:\/\/lobosnews.com.ar"],"url":"https:\/\/lobosnews.com.ar\/index.php\/author\/lobos-news\/"}]}},"jetpack_featured_media_url":"https:\/\/lobosnews.com.ar\/wp-content\/uploads\/2026\/04\/el-rey-carlos-iii-y-la-reina-camila-rindieron-homenaje-a-las-victimas-del-11-de-septiembre-en-su-visita-a-nueva-york-6-scaled.jpg","jetpack_sharing_enabled":true,"_links":{"self":[{"href":"https:\/\/lobosnews.com.ar\/index.php\/wp-json\/wp\/v2\/posts\/47587","targetHints":{"allow":["GET"]}}],"collection":[{"href":"https:\/\/lobosnews.com.ar\/index.php\/wp-json\/wp\/v2\/posts"}],"about":[{"href":"https:\/\/lobosnews.com.ar\/index.php\/wp-json\/wp\/v2\/types\/post"}],"author":[{"embeddable":true,"href":"https:\/\/lobosnews.com.ar\/index.php\/wp-json\/wp\/v2\/users\/1"}],"replies":[{"embeddable":true,"href":"https:\/\/lobosnews.com.ar\/index.php\/wp-json\/wp\/v2\/comments?post=47587"}],"version-history":[{"count":1,"href":"https:\/\/lobosnews.com.ar\/index.php\/wp-json\/wp\/v2\/posts\/47587\/revisions"}],"predecessor-version":[{"id":47592,"href":"https:\/\/lobosnews.com.ar\/index.php\/wp-json\/wp\/v2\/posts\/47587\/revisions\/47592"}],"wp:featuredmedia":[{"embeddable":true,"href":"https:\/\/lobosnews.com.ar\/index.php\/wp-json\/wp\/v2\/media\/47593"}],"wp:attachment":[{"href":"https:\/\/lobosnews.com.ar\/index.php\/wp-json\/wp\/v2\/media?parent=47587"}],"wp:term":[{"taxonomy":"category","embeddable":true,"href":"https:\/\/lobosnews.com.ar\/index.php\/wp-json\/wp\/v2\/categories?post=47587"},{"taxonomy":"post_tag","embeddable":true,"href":"https:\/\/lobosnews.com.ar\/index.php\/wp-json\/wp\/v2\/tags?post=47587"}],"curies":[{"name":"wp","href":"https:\/\/api.w.org\/{rel}","templated":true}]}}