{"id":47563,"date":"2026-04-29T22:32:46","date_gmt":"2026-04-29T22:32:46","guid":{"rendered":"https:\/\/lobosnews.com.ar\/index.php\/2026\/04\/29\/condenaron-a-6-anos-de-prision-al-abogado-que-era-nexo-entre-presos-de-alto-perfil-y-organizaciones-criminales-en-rosario\/"},"modified":"2026-04-30T03:31:09","modified_gmt":"2026-04-30T03:31:09","slug":"condenaron-a-6-anos-de-prision-al-abogado-que-era-nexo-entre-presos-de-alto-perfil-y-organizaciones-criminales-en-rosario","status":"publish","type":"post","link":"https:\/\/lobosnews.com.ar\/index.php\/2026\/04\/29\/condenaron-a-6-anos-de-prision-al-abogado-que-era-nexo-entre-presos-de-alto-perfil-y-organizaciones-criminales-en-rosario\/","title":{"rendered":"Condenaron a 6 a\u00f1os de prisi\u00f3n al abogado que era nexo entre presos de alto perfil y organizaciones criminales en Rosario"},"content":{"rendered":"<p><img loading=\"lazy\" decoding=\"async\" src=\"https:\/\/lobosnews.com.ar\/wp-content\/uploads\/2026\/04\/condenaron-a-6-anos-de-prision-al-abogado-que-era-nexo-entre-presos-de-alto-perfil-y-organizaciones-criminales-en-rosario.jpg\" alt=\"El condenado visitaba a presos de alto perfil bajo la apariencia de ejercer su defensa, y retransmit\u00eda mensajes y directivas al salir de cada visita\" height=\"900\" width=\"1600\"\/><\/p>\n<p>El juez federal de Garant\u00edas de <b>Rosario<\/b>, <b>Carlos Vera Barros<\/b>, <b>conden\u00f3 a 6 a\u00f1os de prisi\u00f3n al abogado <\/b><span class=\"waslinkname\"><b>Iv\u00e1n Carlos M\u00e9ndez<\/b><\/span> tras homologar un acuerdo pleno de procedimiento abreviado presentado por el <b>Ministerio P\u00fablico Fiscal (MPF)<\/b>. El letrado, de 53 a\u00f1os, fue hallado culpable de integrar una <b>asociaci\u00f3n il\u00edcita<\/b> que manten\u00eda activas estructuras narcocriminales desde establecimientos penitenciarios federales, con l\u00edderes de alto perfil vinculados al <b>narcotr\u00e1fico<\/b> como cabezas visibles.<\/p>\n<p>La condena, dictada el 16 de abril pasado, tambi\u00e9n incluy\u00f3 una multa, <b>inhabilitaci\u00f3n especial por 8 a\u00f1os<\/b> para el ejercicio de la abogac\u00eda y declaraci\u00f3n de <b>reincidencia<\/b>. M\u00e9ndez, actualmente alojado en el <b>Complejo Penitenciario Federal II de Marcos Paz<\/b>, fue hallado responsable de seis delitos en concurso real: <b>asociaci\u00f3n il\u00edcita<\/b>, encubrimiento agravado por \u00e1nimo de lucro y habitualidad, <b>lavado de activos<\/b> agravado por haber sido cometido como integrante de una banda, tenencia de estupefacientes con fines de comercializaci\u00f3n, confabulaci\u00f3n para el tr\u00e1fico de drogas y acopio de piezas y municiones de armas de fuego.<\/p>\n<p>El caso fue llevado ante el tribunal por la <b>Oficina de Narcocriminalidad<\/b> del \u00c1rea de Investigaci\u00f3n y Litigio de Casos Complejos de la <b>Unidad Fiscal Rosario<\/b>, a cargo del fiscal <b>Mat\u00edas Men\u00e9<\/b>, junto a la <b>Procuradur\u00eda de Narcocriminalidad (PROCUNAR)<\/b>, representada por su titular, el fiscal <b>Diego Iglesias<\/b>, y el secretario <b>Mat\u00edas Lucena Vernengo<\/b>. Las audiencias se celebraron entre el 31 de marzo y el 16 de abril, fecha en que Vera Barros homolog\u00f3 el acuerdo. Durante ese tramo procesal, el MPF present\u00f3 intervenciones telef\u00f3nicas, registros de visitas y documentaci\u00f3n secuestrada que confirmaron el rol del imputado dentro de la estructura criminal.<\/p>\n<p>M\u00e9ndez reconoci\u00f3 de forma expresa los hechos de la acusaci\u00f3n, su participaci\u00f3n, los antecedentes probatorios, la calificaci\u00f3n legal atribuida y la pena requerida por la fiscal\u00eda. Antes de llegar a ese punto, la investigaci\u00f3n hab\u00eda reconstruido con precisi\u00f3n el entramado de v\u00ednculos que el abogado sosten\u00eda con una decena de internos del <b>Sistema Integral de Gesti\u00f3n para Personas Privadas de la Libertad de Alto Riesgo (SIGPPLAR)<\/b>.<\/p>\n<p><img loading=\"lazy\" decoding=\"async\" src=\"https:\/\/lobosnews.com.ar\/wp-content\/uploads\/2026\/04\/condenaron-a-6-anos-de-prision-al-abogado-que-era-nexo-entre-presos-de-alto-perfil-y-organizaciones-criminales-en-rosario-1.jpg\" alt=\"El juez dispuso el decomiso de dos veh\u00edculos, dinero en efectivo y dispositivos electr\u00f3nicos, adem\u00e1s de la destrucci\u00f3n de los estupefacientes y el material b\u00e9lico\" height=\"614\" width=\"921\"\/><\/p>\n<p>Entre esos internos figuraban <b>Julio Andr\u00e9s Rodr\u00edguez Granthon<\/b>, condenado por narcotr\u00e1fico y se\u00f1alado como uno de los principales abastecedores de coca\u00edna en Rosario; <b>Mario Roberto Segovia<\/b>, conocido como el <b>\u201cRey de la Efedrina\u201d<\/b> y condenado por tr\u00e1fico internacional de precursores qu\u00edmicos y contrabando de armas; <b>Mart\u00edn Lanatta<\/b>, condenado a prisi\u00f3n perpetua por el triple crimen de General Rodr\u00edguez; <b>Uriel Luciano Cantero<\/b>, integrante de <b>Los Monos<\/b>; <b>C\u00e9sar Mor\u00e1n de la Cruz<\/b>, referente narco del <b>Barrio Padre Carlos Mugica<\/b> de la Ciudad de Buenos Aires; y <b>Cristian Avalle<\/b>, condenado a prisi\u00f3n perpetua e identificado como l\u00edder de una banda ligada a Los Monos.<\/p>\n<p>El MPF sostuvo que M\u00e9ndez aprovechaba su condici\u00f3n de abogado para entrevistarse con los detenidos y retransmitir directivas a personas en libertad, eludiendo las restricciones del SIGPPLAR. El fiscal <b>Mat\u00edas Scilabra<\/b>, de la PROCUNAR, fue categ\u00f3rico al respecto durante las audiencias: <b>\u201cLo que hizo fue garantizar la comunicaci\u00f3n de los condenados con el exterior, y con eso asegurar que las organizaciones criminales sigan funcionando desde la c\u00e1rcel. Incluso, conecta organizaciones criminales a partir de la informaci\u00f3n que obtiene\u201d<\/b>.<\/p>\n<p>Lejos de ejercer la defensa t\u00e9cnica de sus representados, M\u00e9ndez triangulaba comunicaciones, retransmit\u00eda mensajes y coordinaba gestiones patrimoniales. Desde al menos el 29 de enero de 2025 y hasta su detenci\u00f3n el 17 de septiembre de ese a\u00f1o, actu\u00f3 como nexo entre los l\u00edderes encarcelados y sus estructuras operativas en el exterior. Las conversaciones interceptadas mostraron que cobraba por esos servicios: tarifas mensuales de entre <b>USD 3.000 y USD 4.000<\/b>, o USD 500 por mensaje.<\/p>\n<p>Entre los hechos espec\u00edficos que le atribuy\u00f3 el MPF se destacan la triangulaci\u00f3n de comunicaciones entre <b>Rodr\u00edguez Granthon<\/b> y su pareja, <b>Lucila R.<\/b>, quien le informaba sobre alquileres y propiedades vinculadas al patrimonio del condenado; el enlace con allegados de <b>Mor\u00e1n de la Cruz<\/b> en el barrio Padre Carlos Mugica para transmitir informaci\u00f3n y coordinar gestiones; y la intermediaci\u00f3n para que <b>Segovia<\/b> analizara la compra de un campo perteneciente a Mor\u00e1n de la Cruz. Tambi\u00e9n se le imput\u00f3 haber participado entre febrero y agosto de 2025 en la venta de una casa de Rodr\u00edguez Granthon a <b>Uriel Cantero<\/b> por <b>15.000 d\u00f3lares<\/b> y en la entrega de un <b>Fiat Cronos<\/b> modelo 2021. Como parte de pago por sus servicios, recibi\u00f3 un <b>Ford Mondeo<\/b> transferido a su nombre el 29 de abril del a\u00f1o pasado.<\/p>\n<p><img loading=\"lazy\" decoding=\"async\" src=\"https:\/\/lobosnews.com.ar\/wp-content\/uploads\/2026\/04\/condenaron-a-6-anos-de-prision-al-abogado-que-era-nexo-entre-presos-de-alto-perfil-y-organizaciones-criminales-en-rosario-2.jpg\" alt=\"En el domicilio del letrado se secuestraron piezas para el armado de un fusil de asalto AR-15, municiones, coca\u00edna y una balanza de precisi\u00f3n (Fotos: Fiscales.gob.ar)\" height=\"614\" width=\"921\"\/><\/p>\n<p>El 17 de septiembre de 2025, agentes de la <b>Polic\u00eda Federal Argentina (PFA)<\/b> allanaron el domicilio del abogado en <b>Flor de Oto\u00f1o al 400<\/b>, en el barrio Padre Mugica \u2014ex Villa 31 de Retiro\u2014, en la <b>Ciudad Aut\u00f3noma de Buenos Aires<\/b>. All\u00ed secuestraron 10,8 gramos de coca\u00edna, una balanza de precisi\u00f3n, piezas de una carabina <b>Anderson AM-15<\/b> calibre .223 con numeraci\u00f3n suprimida, un cargador de pistola <b>Glock<\/b> calibre 9 mil\u00edmetros y tres cajas de municiones. <\/p>\n<p>El material b\u00e9lico result\u00f3 llamativo: las piezas para el armado del fusil de asalto AR-15 eran muy similares a las que Segovia importaba y contrabandeaba desde el penal de Ezeiza, actividad que deriv\u00f3 en una nueva condena de <b>13 a\u00f1os de prisi\u00f3n<\/b> para el \u201cRey de la Efedrina\u201d en abril del a\u00f1o pasado.<\/p>\n<p>La resoluci\u00f3n del juez Vera Barros dispuso el decomiso y posterior destrucci\u00f3n de los estupefacientes, la balanza, las piezas del arma y las municiones. Adem\u00e1s, orden\u00f3 el decomiso de <b>240.700 pesos<\/b> y de dos veh\u00edculos \u2014un auto y una camioneta\u2014, que quedar\u00e1n a disposici\u00f3n de la <b>Unidad de Informaci\u00f3n Financiera (UIF)<\/b>. Tambi\u00e9n se dispuso la destrucci\u00f3n de tel\u00e9fonos celulares, una notebook, relojes inteligentes y otros dispositivos electr\u00f3nicos secuestrados durante la causa.<\/p>\n<p>El MPF subray\u00f3 que el perfil del condenado acentuaba la gravedad del caso: M\u00e9ndez es un ex interno del <b>Servicio Penitenciario Federal (SPF)<\/b> con dos condenas previas por delitos vinculados al narcotr\u00e1fico, que obtuvo su t\u00edtulo de abogado en el <b>Centro Universitario de la c\u00e1rcel de Devoto<\/b>. Esa trayectoria le permiti\u00f3 conocer desde adentro el funcionamiento del sistema penitenciario y explotar sus resquicios para operar como lo hizo. Para la fiscal\u00eda, sus maniobras permitieron que organizaciones de alta peligrosidad conservaran capacidad operativa fuera de las prisiones, con impacto directo sobre la seguridad p\u00fablica.<\/p>\n","protected":false},"excerpt":{"rendered":"<p>El juez federal de Garant\u00edas de Rosario, Carlos Vera Barros, conden\u00f3 a 6 a\u00f1os de prisi\u00f3n al abogado Iv\u00e1n Carlos M\u00e9ndez tras homologar un acuerdo pleno de procedimiento abreviado presentado por el Ministerio P\u00fablico Fiscal (MPF). El letrado, de 53 a\u00f1os, fue hallado culpable de integrar una asociaci\u00f3n il\u00edcita que manten\u00eda activas estructuras narcocriminales desde&#8230;<\/p>\n","protected":false},"author":1,"featured_media":47568,"comment_status":"open","ping_status":"closed","sticky":false,"template":"","format":"standard","meta":{"_jetpack_memberships_contains_paid_content":false,"footnotes":""},"categories":[31,30,32,77,84,35,36,37],"tags":[],"class_list":["post-47563","post","type-post","status-publish","format-standard","has-post-thumbnail","hentry","category-actualidad","category-argentina","category-economia","category-inseguridad","category-masradios-com","category-nacionales","category-seguridad","category-sociedad"],"magazineBlocksPostFeaturedMedia":{"thumbnail":"https:\/\/lobosnews.com.ar\/wp-content\/uploads\/2026\/04\/condenaron-a-6-anos-de-prision-al-abogado-que-era-nexo-entre-presos-de-alto-perfil-y-organizaciones-criminales-en-rosario-4-150x150.jpg","medium":"https:\/\/lobosnews.com.ar\/wp-content\/uploads\/2026\/04\/condenaron-a-6-anos-de-prision-al-abogado-que-era-nexo-entre-presos-de-alto-perfil-y-organizaciones-criminales-en-rosario-4-300x200.jpg","medium_large":"https:\/\/lobosnews.com.ar\/wp-content\/uploads\/2026\/04\/condenaron-a-6-anos-de-prision-al-abogado-que-era-nexo-entre-presos-de-alto-perfil-y-organizaciones-criminales-en-rosario-4-768x512.jpg","large":"https:\/\/lobosnews.com.ar\/wp-content\/uploads\/2026\/04\/condenaron-a-6-anos-de-prision-al-abogado-que-era-nexo-entre-presos-de-alto-perfil-y-organizaciones-criminales-en-rosario-4.jpg","1536x1536":"https:\/\/lobosnews.com.ar\/wp-content\/uploads\/2026\/04\/condenaron-a-6-anos-de-prision-al-abogado-que-era-nexo-entre-presos-de-alto-perfil-y-organizaciones-criminales-en-rosario-4.jpg","2048x2048":"https:\/\/lobosnews.com.ar\/wp-content\/uploads\/2026\/04\/condenaron-a-6-anos-de-prision-al-abogado-que-era-nexo-entre-presos-de-alto-perfil-y-organizaciones-criminales-en-rosario-4.jpg","newsmatic-featured":"https:\/\/lobosnews.com.ar\/wp-content\/uploads\/2026\/04\/condenaron-a-6-anos-de-prision-al-abogado-que-era-nexo-entre-presos-de-alto-perfil-y-organizaciones-criminales-en-rosario-4-820x545.jpg","newsmatic-list":"https:\/\/lobosnews.com.ar\/wp-content\/uploads\/2026\/04\/condenaron-a-6-anos-de-prision-al-abogado-que-era-nexo-entre-presos-de-alto-perfil-y-organizaciones-criminales-en-rosario-4-600x400.jpg","newsmatic-thumb":"https:\/\/lobosnews.com.ar\/wp-content\/uploads\/2026\/04\/condenaron-a-6-anos-de-prision-al-abogado-que-era-nexo-entre-presos-de-alto-perfil-y-organizaciones-criminales-en-rosario-4-300x200.jpg","newsmatic-small":"https:\/\/lobosnews.com.ar\/wp-content\/uploads\/2026\/04\/condenaron-a-6-anos-de-prision-al-abogado-que-era-nexo-entre-presos-de-alto-perfil-y-organizaciones-criminales-en-rosario-4-150x95.jpg","newsmatic-grid":"https:\/\/lobosnews.com.ar\/wp-content\/uploads\/2026\/04\/condenaron-a-6-anos-de-prision-al-abogado-que-era-nexo-entre-presos-de-alto-perfil-y-organizaciones-criminales-en-rosario-4-400x250.jpg"},"magazineBlocksPostAuthor":{"name":"admin","avatar":"https:\/\/secure.gravatar.com\/avatar\/76e419471a2083bc3ceab22a763dbbf9b0c1bd15a6214cf3280e2c2dde4580f9?s=96&d=mm&r=g"},"magazineBlocksPostCommentsNumber":"0","magazineBlocksPostExcerpt":"El juez federal de Garant\u00edas de Rosario, Carlos Vera Barros, conden\u00f3 a 6 a\u00f1os de prisi\u00f3n al abogado Iv\u00e1n Carlos M\u00e9ndez tras homologar un acuerdo pleno de procedimiento abreviado presentado por el Ministerio P\u00fablico Fiscal (MPF). El letrado, de 53 a\u00f1os, fue hallado culpable de integrar una asociaci\u00f3n il\u00edcita que manten\u00eda activas estructuras narcocriminales desde...","magazineBlocksPostCategories":["Actualidad","Argentina","econom\u00eda","inseguridad","masradios.com","nacionales","seguridad","sociedad"],"magazineBlocksPostViewCount":2,"magazineBlocksPostReadTime":6,"magazine_blocks_featured_image_url":{"full":["https:\/\/lobosnews.com.ar\/wp-content\/uploads\/2026\/04\/condenaron-a-6-anos-de-prision-al-abogado-que-era-nexo-entre-presos-de-alto-perfil-y-organizaciones-criminales-en-rosario-4.jpg",921,614,false],"medium":["https:\/\/lobosnews.com.ar\/wp-content\/uploads\/2026\/04\/condenaron-a-6-anos-de-prision-al-abogado-que-era-nexo-entre-presos-de-alto-perfil-y-organizaciones-criminales-en-rosario-4-300x200.jpg",300,200,true],"thumbnail":["https:\/\/lobosnews.com.ar\/wp-content\/uploads\/2026\/04\/condenaron-a-6-anos-de-prision-al-abogado-que-era-nexo-entre-presos-de-alto-perfil-y-organizaciones-criminales-en-rosario-4-150x150.jpg",150,150,true]},"magazine_blocks_author":{"display_name":"admin","author_link":"https:\/\/lobosnews.com.ar\/index.php\/author\/lobos-news\/"},"magazine_blocks_comment":0,"magazine_blocks_author_image":"https:\/\/secure.gravatar.com\/avatar\/76e419471a2083bc3ceab22a763dbbf9b0c1bd15a6214cf3280e2c2dde4580f9?s=96&d=mm&r=g","magazine_blocks_category":"<a href=\"#\" class=\"category-link category-link-31\">Actualidad<\/a> <a href=\"#\" class=\"category-link category-link-30\">Argentina<\/a> <a href=\"#\" class=\"category-link category-link-32\">econom\u00eda<\/a> <a href=\"#\" class=\"category-link category-link-77\">inseguridad<\/a> <a href=\"#\" class=\"category-link category-link-84\">masradios.com<\/a> <a href=\"#\" class=\"category-link category-link-35\">nacionales<\/a> <a href=\"#\" class=\"category-link category-link-36\">seguridad<\/a> <a href=\"#\" class=\"category-link category-link-37\">sociedad<\/a>","yoast_head":"<!-- This site is optimized with the Yoast SEO plugin v26.6 - https:\/\/yoast.com\/wordpress\/plugins\/seo\/ -->\n<title>Condenaron a 6 a\u00f1os de prisi\u00f3n al abogado que era nexo entre presos de alto perfil y organizaciones criminales en Rosario - Lobos News<\/title>\n<meta name=\"robots\" content=\"index, follow, max-snippet:-1, max-image-preview:large, max-video-preview:-1\" \/>\n<link rel=\"canonical\" href=\"https:\/\/lobosnews.com.ar\/index.php\/2026\/04\/29\/condenaron-a-6-anos-de-prision-al-abogado-que-era-nexo-entre-presos-de-alto-perfil-y-organizaciones-criminales-en-rosario\/\" \/>\n<meta property=\"og:locale\" content=\"es_ES\" \/>\n<meta property=\"og:type\" content=\"article\" \/>\n<meta property=\"og:title\" content=\"Condenaron a 6 a\u00f1os de prisi\u00f3n al abogado que era nexo entre presos de alto perfil y organizaciones criminales en Rosario - Lobos News\" \/>\n<meta property=\"og:description\" content=\"El juez federal de Garant\u00edas de Rosario, Carlos Vera Barros, conden\u00f3 a 6 a\u00f1os de prisi\u00f3n al abogado Iv\u00e1n Carlos M\u00e9ndez tras homologar un acuerdo pleno de procedimiento abreviado presentado por el Ministerio P\u00fablico Fiscal (MPF). El letrado, de 53 a\u00f1os, fue hallado culpable de integrar una asociaci\u00f3n il\u00edcita que manten\u00eda activas estructuras narcocriminales desde...\" \/>\n<meta property=\"og:url\" content=\"https:\/\/lobosnews.com.ar\/index.php\/2026\/04\/29\/condenaron-a-6-anos-de-prision-al-abogado-que-era-nexo-entre-presos-de-alto-perfil-y-organizaciones-criminales-en-rosario\/\" \/>\n<meta property=\"og:site_name\" content=\"Lobos News\" \/>\n<meta property=\"article:published_time\" content=\"2026-04-29T22:32:46+00:00\" \/>\n<meta property=\"article:modified_time\" content=\"2026-04-30T03:31:09+00:00\" \/>\n<meta property=\"og:image\" content=\"https:\/\/lobosnews.com.ar\/wp-content\/uploads\/2026\/04\/condenaron-a-6-anos-de-prision-al-abogado-que-era-nexo-entre-presos-de-alto-perfil-y-organizaciones-criminales-en-rosario.jpg\" \/>\n<meta name=\"author\" content=\"admin\" \/>\n<meta name=\"twitter:card\" content=\"summary_large_image\" \/>\n<meta name=\"twitter:label1\" content=\"Escrito por\" \/>\n\t<meta name=\"twitter:data1\" content=\"admin\" \/>\n\t<meta name=\"twitter:label2\" content=\"Tiempo de lectura\" \/>\n\t<meta name=\"twitter:data2\" content=\"5 minutos\" \/>\n<script type=\"application\/ld+json\" class=\"yoast-schema-graph\">{\"@context\":\"https:\/\/schema.org\",\"@graph\":[{\"@type\":\"Article\",\"@id\":\"https:\/\/lobosnews.com.ar\/index.php\/2026\/04\/29\/condenaron-a-6-anos-de-prision-al-abogado-que-era-nexo-entre-presos-de-alto-perfil-y-organizaciones-criminales-en-rosario\/#article\",\"isPartOf\":{\"@id\":\"https:\/\/lobosnews.com.ar\/index.php\/2026\/04\/29\/condenaron-a-6-anos-de-prision-al-abogado-que-era-nexo-entre-presos-de-alto-perfil-y-organizaciones-criminales-en-rosario\/\"},\"author\":{\"name\":\"admin\",\"@id\":\"https:\/\/lobosnews.com.ar\/#\/schema\/person\/232422a593d5c541dd9aef6aaed10943\"},\"headline\":\"Condenaron a 6 a\u00f1os de prisi\u00f3n al abogado que era nexo entre presos de alto perfil y organizaciones criminales en Rosario\",\"datePublished\":\"2026-04-29T22:32:46+00:00\",\"dateModified\":\"2026-04-30T03:31:09+00:00\",\"mainEntityOfPage\":{\"@id\":\"https:\/\/lobosnews.com.ar\/index.php\/2026\/04\/29\/condenaron-a-6-anos-de-prision-al-abogado-que-era-nexo-entre-presos-de-alto-perfil-y-organizaciones-criminales-en-rosario\/\"},\"wordCount\":1112,\"commentCount\":0,\"publisher\":{\"@id\":\"https:\/\/lobosnews.com.ar\/#organization\"},\"image\":{\"@id\":\"https:\/\/lobosnews.com.ar\/index.php\/2026\/04\/29\/condenaron-a-6-anos-de-prision-al-abogado-que-era-nexo-entre-presos-de-alto-perfil-y-organizaciones-criminales-en-rosario\/#primaryimage\"},\"thumbnailUrl\":\"https:\/\/lobosnews.com.ar\/wp-content\/uploads\/2026\/04\/condenaron-a-6-anos-de-prision-al-abogado-que-era-nexo-entre-presos-de-alto-perfil-y-organizaciones-criminales-en-rosario-4.jpg\",\"articleSection\":[\"Actualidad\",\"Argentina\",\"econom\u00eda\",\"inseguridad\",\"masradios.com\",\"nacionales\",\"seguridad\",\"sociedad\"],\"inLanguage\":\"es\",\"potentialAction\":[{\"@type\":\"CommentAction\",\"name\":\"Comment\",\"target\":[\"https:\/\/lobosnews.com.ar\/index.php\/2026\/04\/29\/condenaron-a-6-anos-de-prision-al-abogado-que-era-nexo-entre-presos-de-alto-perfil-y-organizaciones-criminales-en-rosario\/#respond\"]}]},{\"@type\":\"WebPage\",\"@id\":\"https:\/\/lobosnews.com.ar\/index.php\/2026\/04\/29\/condenaron-a-6-anos-de-prision-al-abogado-que-era-nexo-entre-presos-de-alto-perfil-y-organizaciones-criminales-en-rosario\/\",\"url\":\"https:\/\/lobosnews.com.ar\/index.php\/2026\/04\/29\/condenaron-a-6-anos-de-prision-al-abogado-que-era-nexo-entre-presos-de-alto-perfil-y-organizaciones-criminales-en-rosario\/\",\"name\":\"Condenaron a 6 a\u00f1os de prisi\u00f3n al abogado que era nexo entre presos de alto perfil y organizaciones criminales en Rosario - Lobos News\",\"isPartOf\":{\"@id\":\"https:\/\/lobosnews.com.ar\/#website\"},\"primaryImageOfPage\":{\"@id\":\"https:\/\/lobosnews.com.ar\/index.php\/2026\/04\/29\/condenaron-a-6-anos-de-prision-al-abogado-que-era-nexo-entre-presos-de-alto-perfil-y-organizaciones-criminales-en-rosario\/#primaryimage\"},\"image\":{\"@id\":\"https:\/\/lobosnews.com.ar\/index.php\/2026\/04\/29\/condenaron-a-6-anos-de-prision-al-abogado-que-era-nexo-entre-presos-de-alto-perfil-y-organizaciones-criminales-en-rosario\/#primaryimage\"},\"thumbnailUrl\":\"https:\/\/lobosnews.com.ar\/wp-content\/uploads\/2026\/04\/condenaron-a-6-anos-de-prision-al-abogado-que-era-nexo-entre-presos-de-alto-perfil-y-organizaciones-criminales-en-rosario-4.jpg\",\"datePublished\":\"2026-04-29T22:32:46+00:00\",\"dateModified\":\"2026-04-30T03:31:09+00:00\",\"breadcrumb\":{\"@id\":\"https:\/\/lobosnews.com.ar\/index.php\/2026\/04\/29\/condenaron-a-6-anos-de-prision-al-abogado-que-era-nexo-entre-presos-de-alto-perfil-y-organizaciones-criminales-en-rosario\/#breadcrumb\"},\"inLanguage\":\"es\",\"potentialAction\":[{\"@type\":\"ReadAction\",\"target\":[\"https:\/\/lobosnews.com.ar\/index.php\/2026\/04\/29\/condenaron-a-6-anos-de-prision-al-abogado-que-era-nexo-entre-presos-de-alto-perfil-y-organizaciones-criminales-en-rosario\/\"]}]},{\"@type\":\"ImageObject\",\"inLanguage\":\"es\",\"@id\":\"https:\/\/lobosnews.com.ar\/index.php\/2026\/04\/29\/condenaron-a-6-anos-de-prision-al-abogado-que-era-nexo-entre-presos-de-alto-perfil-y-organizaciones-criminales-en-rosario\/#primaryimage\",\"url\":\"https:\/\/lobosnews.com.ar\/wp-content\/uploads\/2026\/04\/condenaron-a-6-anos-de-prision-al-abogado-que-era-nexo-entre-presos-de-alto-perfil-y-organizaciones-criminales-en-rosario-4.jpg\",\"contentUrl\":\"https:\/\/lobosnews.com.ar\/wp-content\/uploads\/2026\/04\/condenaron-a-6-anos-de-prision-al-abogado-que-era-nexo-entre-presos-de-alto-perfil-y-organizaciones-criminales-en-rosario-4.jpg\",\"width\":921,\"height\":614,\"caption\":\"Condenaron a 6 a\u00f1os de prisi\u00f3n al abogado que era nexo entre presos de alto perfil y organizaciones criminales en Rosario\"},{\"@type\":\"BreadcrumbList\",\"@id\":\"https:\/\/lobosnews.com.ar\/index.php\/2026\/04\/29\/condenaron-a-6-anos-de-prision-al-abogado-que-era-nexo-entre-presos-de-alto-perfil-y-organizaciones-criminales-en-rosario\/#breadcrumb\",\"itemListElement\":[{\"@type\":\"ListItem\",\"position\":1,\"name\":\"Portada\",\"item\":\"https:\/\/lobosnews.com.ar\/\"},{\"@type\":\"ListItem\",\"position\":2,\"name\":\"Condenaron a 6 a\u00f1os de prisi\u00f3n al abogado que era nexo entre presos de alto perfil y organizaciones criminales en Rosario\"}]},{\"@type\":\"WebSite\",\"@id\":\"https:\/\/lobosnews.com.ar\/#website\",\"url\":\"https:\/\/lobosnews.com.ar\/\",\"name\":\"Lobos News\",\"description\":\"Informaci\u00f3n a cada instante\",\"publisher\":{\"@id\":\"https:\/\/lobosnews.com.ar\/#organization\"},\"potentialAction\":[{\"@type\":\"SearchAction\",\"target\":{\"@type\":\"EntryPoint\",\"urlTemplate\":\"https:\/\/lobosnews.com.ar\/?s={search_term_string}\"},\"query-input\":{\"@type\":\"PropertyValueSpecification\",\"valueRequired\":true,\"valueName\":\"search_term_string\"}}],\"inLanguage\":\"es\"},{\"@type\":\"Organization\",\"@id\":\"https:\/\/lobosnews.com.ar\/#organization\",\"name\":\"Lobos News\",\"url\":\"https:\/\/lobosnews.com.ar\/\",\"logo\":{\"@type\":\"ImageObject\",\"inLanguage\":\"es\",\"@id\":\"https:\/\/lobosnews.com.ar\/#\/schema\/logo\/image\/\",\"url\":\"https:\/\/lobosnews.com.ar\/wp-content\/uploads\/2026\/01\/logo-lobosnews.png\",\"contentUrl\":\"https:\/\/lobosnews.com.ar\/wp-content\/uploads\/2026\/01\/logo-lobosnews.png\",\"width\":500,\"height\":200,\"caption\":\"Lobos News\"},\"image\":{\"@id\":\"https:\/\/lobosnews.com.ar\/#\/schema\/logo\/image\/\"}},{\"@type\":\"Person\",\"@id\":\"https:\/\/lobosnews.com.ar\/#\/schema\/person\/232422a593d5c541dd9aef6aaed10943\",\"name\":\"admin\",\"image\":{\"@type\":\"ImageObject\",\"inLanguage\":\"es\",\"@id\":\"https:\/\/lobosnews.com.ar\/#\/schema\/person\/image\/\",\"url\":\"https:\/\/secure.gravatar.com\/avatar\/76e419471a2083bc3ceab22a763dbbf9b0c1bd15a6214cf3280e2c2dde4580f9?s=96&d=mm&r=g\",\"contentUrl\":\"https:\/\/secure.gravatar.com\/avatar\/76e419471a2083bc3ceab22a763dbbf9b0c1bd15a6214cf3280e2c2dde4580f9?s=96&d=mm&r=g\",\"caption\":\"admin\"},\"sameAs\":[\"https:\/\/lobosnews.com.ar\"],\"url\":\"https:\/\/lobosnews.com.ar\/index.php\/author\/lobos-news\/\"}]}<\/script>\n<!-- \/ Yoast SEO plugin. -->","yoast_head_json":{"title":"Condenaron a 6 a\u00f1os de prisi\u00f3n al abogado que era nexo entre presos de alto perfil y organizaciones criminales en Rosario - Lobos News","robots":{"index":"index","follow":"follow","max-snippet":"max-snippet:-1","max-image-preview":"max-image-preview:large","max-video-preview":"max-video-preview:-1"},"canonical":"https:\/\/lobosnews.com.ar\/index.php\/2026\/04\/29\/condenaron-a-6-anos-de-prision-al-abogado-que-era-nexo-entre-presos-de-alto-perfil-y-organizaciones-criminales-en-rosario\/","og_locale":"es_ES","og_type":"article","og_title":"Condenaron a 6 a\u00f1os de prisi\u00f3n al abogado que era nexo entre presos de alto perfil y organizaciones criminales en Rosario - Lobos News","og_description":"El juez federal de Garant\u00edas de Rosario, Carlos Vera Barros, conden\u00f3 a 6 a\u00f1os de prisi\u00f3n al abogado Iv\u00e1n Carlos M\u00e9ndez tras homologar un acuerdo pleno de procedimiento abreviado presentado por el Ministerio P\u00fablico Fiscal (MPF). El letrado, de 53 a\u00f1os, fue hallado culpable de integrar una asociaci\u00f3n il\u00edcita que manten\u00eda activas estructuras narcocriminales desde...","og_url":"https:\/\/lobosnews.com.ar\/index.php\/2026\/04\/29\/condenaron-a-6-anos-de-prision-al-abogado-que-era-nexo-entre-presos-de-alto-perfil-y-organizaciones-criminales-en-rosario\/","og_site_name":"Lobos News","article_published_time":"2026-04-29T22:32:46+00:00","article_modified_time":"2026-04-30T03:31:09+00:00","og_image":[{"url":"https:\/\/lobosnews.com.ar\/wp-content\/uploads\/2026\/04\/condenaron-a-6-anos-de-prision-al-abogado-que-era-nexo-entre-presos-de-alto-perfil-y-organizaciones-criminales-en-rosario.jpg","type":"","width":"","height":""}],"author":"admin","twitter_card":"summary_large_image","twitter_misc":{"Escrito por":"admin","Tiempo de lectura":"5 minutos"},"schema":{"@context":"https:\/\/schema.org","@graph":[{"@type":"Article","@id":"https:\/\/lobosnews.com.ar\/index.php\/2026\/04\/29\/condenaron-a-6-anos-de-prision-al-abogado-que-era-nexo-entre-presos-de-alto-perfil-y-organizaciones-criminales-en-rosario\/#article","isPartOf":{"@id":"https:\/\/lobosnews.com.ar\/index.php\/2026\/04\/29\/condenaron-a-6-anos-de-prision-al-abogado-que-era-nexo-entre-presos-de-alto-perfil-y-organizaciones-criminales-en-rosario\/"},"author":{"name":"admin","@id":"https:\/\/lobosnews.com.ar\/#\/schema\/person\/232422a593d5c541dd9aef6aaed10943"},"headline":"Condenaron a 6 a\u00f1os de prisi\u00f3n al abogado que era nexo entre presos de alto perfil y organizaciones criminales en Rosario","datePublished":"2026-04-29T22:32:46+00:00","dateModified":"2026-04-30T03:31:09+00:00","mainEntityOfPage":{"@id":"https:\/\/lobosnews.com.ar\/index.php\/2026\/04\/29\/condenaron-a-6-anos-de-prision-al-abogado-que-era-nexo-entre-presos-de-alto-perfil-y-organizaciones-criminales-en-rosario\/"},"wordCount":1112,"commentCount":0,"publisher":{"@id":"https:\/\/lobosnews.com.ar\/#organization"},"image":{"@id":"https:\/\/lobosnews.com.ar\/index.php\/2026\/04\/29\/condenaron-a-6-anos-de-prision-al-abogado-que-era-nexo-entre-presos-de-alto-perfil-y-organizaciones-criminales-en-rosario\/#primaryimage"},"thumbnailUrl":"https:\/\/lobosnews.com.ar\/wp-content\/uploads\/2026\/04\/condenaron-a-6-anos-de-prision-al-abogado-que-era-nexo-entre-presos-de-alto-perfil-y-organizaciones-criminales-en-rosario-4.jpg","articleSection":["Actualidad","Argentina","econom\u00eda","inseguridad","masradios.com","nacionales","seguridad","sociedad"],"inLanguage":"es","potentialAction":[{"@type":"CommentAction","name":"Comment","target":["https:\/\/lobosnews.com.ar\/index.php\/2026\/04\/29\/condenaron-a-6-anos-de-prision-al-abogado-que-era-nexo-entre-presos-de-alto-perfil-y-organizaciones-criminales-en-rosario\/#respond"]}]},{"@type":"WebPage","@id":"https:\/\/lobosnews.com.ar\/index.php\/2026\/04\/29\/condenaron-a-6-anos-de-prision-al-abogado-que-era-nexo-entre-presos-de-alto-perfil-y-organizaciones-criminales-en-rosario\/","url":"https:\/\/lobosnews.com.ar\/index.php\/2026\/04\/29\/condenaron-a-6-anos-de-prision-al-abogado-que-era-nexo-entre-presos-de-alto-perfil-y-organizaciones-criminales-en-rosario\/","name":"Condenaron a 6 a\u00f1os de prisi\u00f3n al abogado que era nexo entre presos de alto perfil y organizaciones criminales en Rosario - Lobos News","isPartOf":{"@id":"https:\/\/lobosnews.com.ar\/#website"},"primaryImageOfPage":{"@id":"https:\/\/lobosnews.com.ar\/index.php\/2026\/04\/29\/condenaron-a-6-anos-de-prision-al-abogado-que-era-nexo-entre-presos-de-alto-perfil-y-organizaciones-criminales-en-rosario\/#primaryimage"},"image":{"@id":"https:\/\/lobosnews.com.ar\/index.php\/2026\/04\/29\/condenaron-a-6-anos-de-prision-al-abogado-que-era-nexo-entre-presos-de-alto-perfil-y-organizaciones-criminales-en-rosario\/#primaryimage"},"thumbnailUrl":"https:\/\/lobosnews.com.ar\/wp-content\/uploads\/2026\/04\/condenaron-a-6-anos-de-prision-al-abogado-que-era-nexo-entre-presos-de-alto-perfil-y-organizaciones-criminales-en-rosario-4.jpg","datePublished":"2026-04-29T22:32:46+00:00","dateModified":"2026-04-30T03:31:09+00:00","breadcrumb":{"@id":"https:\/\/lobosnews.com.ar\/index.php\/2026\/04\/29\/condenaron-a-6-anos-de-prision-al-abogado-que-era-nexo-entre-presos-de-alto-perfil-y-organizaciones-criminales-en-rosario\/#breadcrumb"},"inLanguage":"es","potentialAction":[{"@type":"ReadAction","target":["https:\/\/lobosnews.com.ar\/index.php\/2026\/04\/29\/condenaron-a-6-anos-de-prision-al-abogado-que-era-nexo-entre-presos-de-alto-perfil-y-organizaciones-criminales-en-rosario\/"]}]},{"@type":"ImageObject","inLanguage":"es","@id":"https:\/\/lobosnews.com.ar\/index.php\/2026\/04\/29\/condenaron-a-6-anos-de-prision-al-abogado-que-era-nexo-entre-presos-de-alto-perfil-y-organizaciones-criminales-en-rosario\/#primaryimage","url":"https:\/\/lobosnews.com.ar\/wp-content\/uploads\/2026\/04\/condenaron-a-6-anos-de-prision-al-abogado-que-era-nexo-entre-presos-de-alto-perfil-y-organizaciones-criminales-en-rosario-4.jpg","contentUrl":"https:\/\/lobosnews.com.ar\/wp-content\/uploads\/2026\/04\/condenaron-a-6-anos-de-prision-al-abogado-que-era-nexo-entre-presos-de-alto-perfil-y-organizaciones-criminales-en-rosario-4.jpg","width":921,"height":614,"caption":"Condenaron a 6 a\u00f1os de prisi\u00f3n al abogado que era nexo entre presos de alto perfil y organizaciones criminales en Rosario"},{"@type":"BreadcrumbList","@id":"https:\/\/lobosnews.com.ar\/index.php\/2026\/04\/29\/condenaron-a-6-anos-de-prision-al-abogado-que-era-nexo-entre-presos-de-alto-perfil-y-organizaciones-criminales-en-rosario\/#breadcrumb","itemListElement":[{"@type":"ListItem","position":1,"name":"Portada","item":"https:\/\/lobosnews.com.ar\/"},{"@type":"ListItem","position":2,"name":"Condenaron a 6 a\u00f1os de prisi\u00f3n al abogado que era nexo entre presos de alto perfil y organizaciones criminales en Rosario"}]},{"@type":"WebSite","@id":"https:\/\/lobosnews.com.ar\/#website","url":"https:\/\/lobosnews.com.ar\/","name":"Lobos News","description":"Informaci\u00f3n a cada instante","publisher":{"@id":"https:\/\/lobosnews.com.ar\/#organization"},"potentialAction":[{"@type":"SearchAction","target":{"@type":"EntryPoint","urlTemplate":"https:\/\/lobosnews.com.ar\/?s={search_term_string}"},"query-input":{"@type":"PropertyValueSpecification","valueRequired":true,"valueName":"search_term_string"}}],"inLanguage":"es"},{"@type":"Organization","@id":"https:\/\/lobosnews.com.ar\/#organization","name":"Lobos News","url":"https:\/\/lobosnews.com.ar\/","logo":{"@type":"ImageObject","inLanguage":"es","@id":"https:\/\/lobosnews.com.ar\/#\/schema\/logo\/image\/","url":"https:\/\/lobosnews.com.ar\/wp-content\/uploads\/2026\/01\/logo-lobosnews.png","contentUrl":"https:\/\/lobosnews.com.ar\/wp-content\/uploads\/2026\/01\/logo-lobosnews.png","width":500,"height":200,"caption":"Lobos News"},"image":{"@id":"https:\/\/lobosnews.com.ar\/#\/schema\/logo\/image\/"}},{"@type":"Person","@id":"https:\/\/lobosnews.com.ar\/#\/schema\/person\/232422a593d5c541dd9aef6aaed10943","name":"admin","image":{"@type":"ImageObject","inLanguage":"es","@id":"https:\/\/lobosnews.com.ar\/#\/schema\/person\/image\/","url":"https:\/\/secure.gravatar.com\/avatar\/76e419471a2083bc3ceab22a763dbbf9b0c1bd15a6214cf3280e2c2dde4580f9?s=96&d=mm&r=g","contentUrl":"https:\/\/secure.gravatar.com\/avatar\/76e419471a2083bc3ceab22a763dbbf9b0c1bd15a6214cf3280e2c2dde4580f9?s=96&d=mm&r=g","caption":"admin"},"sameAs":["https:\/\/lobosnews.com.ar"],"url":"https:\/\/lobosnews.com.ar\/index.php\/author\/lobos-news\/"}]}},"jetpack_featured_media_url":"https:\/\/lobosnews.com.ar\/wp-content\/uploads\/2026\/04\/condenaron-a-6-anos-de-prision-al-abogado-que-era-nexo-entre-presos-de-alto-perfil-y-organizaciones-criminales-en-rosario-4.jpg","jetpack_sharing_enabled":true,"_links":{"self":[{"href":"https:\/\/lobosnews.com.ar\/index.php\/wp-json\/wp\/v2\/posts\/47563","targetHints":{"allow":["GET"]}}],"collection":[{"href":"https:\/\/lobosnews.com.ar\/index.php\/wp-json\/wp\/v2\/posts"}],"about":[{"href":"https:\/\/lobosnews.com.ar\/index.php\/wp-json\/wp\/v2\/types\/post"}],"author":[{"embeddable":true,"href":"https:\/\/lobosnews.com.ar\/index.php\/wp-json\/wp\/v2\/users\/1"}],"replies":[{"embeddable":true,"href":"https:\/\/lobosnews.com.ar\/index.php\/wp-json\/wp\/v2\/comments?post=47563"}],"version-history":[{"count":1,"href":"https:\/\/lobosnews.com.ar\/index.php\/wp-json\/wp\/v2\/posts\/47563\/revisions"}],"predecessor-version":[{"id":47567,"href":"https:\/\/lobosnews.com.ar\/index.php\/wp-json\/wp\/v2\/posts\/47563\/revisions\/47567"}],"wp:featuredmedia":[{"embeddable":true,"href":"https:\/\/lobosnews.com.ar\/index.php\/wp-json\/wp\/v2\/media\/47568"}],"wp:attachment":[{"href":"https:\/\/lobosnews.com.ar\/index.php\/wp-json\/wp\/v2\/media?parent=47563"}],"wp:term":[{"taxonomy":"category","embeddable":true,"href":"https:\/\/lobosnews.com.ar\/index.php\/wp-json\/wp\/v2\/categories?post=47563"},{"taxonomy":"post_tag","embeddable":true,"href":"https:\/\/lobosnews.com.ar\/index.php\/wp-json\/wp\/v2\/tags?post=47563"}],"curies":[{"name":"wp","href":"https:\/\/api.w.org\/{rel}","templated":true}]}}