{"id":47550,"date":"2026-04-30T03:21:48","date_gmt":"2026-04-30T03:21:48","guid":{"rendered":"https:\/\/lobosnews.com.ar\/index.php\/2026\/04\/30\/daniel-hadad-fue-distinguido-con-el-doctorado-honoris-causa-por-su-impacto-en-la-transformacion-del-periodismo-en-hispanoamerica\/"},"modified":"2026-04-30T03:29:26","modified_gmt":"2026-04-30T03:29:26","slug":"daniel-hadad-fue-distinguido-con-el-doctorado-honoris-causa-por-su-impacto-en-la-transformacion-del-periodismo-en-hispanoamerica","status":"publish","type":"post","link":"https:\/\/lobosnews.com.ar\/index.php\/2026\/04\/30\/daniel-hadad-fue-distinguido-con-el-doctorado-honoris-causa-por-su-impacto-en-la-transformacion-del-periodismo-en-hispanoamerica\/","title":{"rendered":"Daniel Hadad fue distinguido con el Doctorado Honoris Causa por su impacto en la transformaci\u00f3n del periodismo en Hispanoam\u00e9rica"},"content":{"rendered":"<p><img fetchpriority=\"high\" decoding=\"async\" src=\"https:\/\/lobosnews.com.ar\/wp-content\/uploads\/2026\/04\/daniel-hadad-fue-distinguido-con-el-doctorado-honoris-causa-por-su-impacto-en-la-transformacion-del-periodismo-en-hispanoamerica.jpg\" alt=\"Daniel Hadad fue distinguido con el Doctorado Honoris Causa por su impacto en la transformaci\u00f3n del periodismo en Hispanoam\u00e9rica (Adrian Escandar)\" height=\"1280\" width=\"1920\"\/><\/p>\n<p><b>Daniel Hadad<\/b> \u2014fundador de <b>Infobae<\/b>\u2014 fue distinguido en Argentina con el Doctorado Honoris Causa por su rol en la transformaci\u00f3n del periodismo en Hispano\u00e1merica. Este tipo de reconocimiento, propio de la tradici\u00f3n acad\u00e9mica, identifica a aquellas figuras cuya obra honra la excelencia e impacta a la sociedad. <\/p>\n<p>Seg\u00fan expresa el laudatio del vicerrector, profesor<span class=\"waslinkname\"><b> Dr. Fernando Luj\u00e1n Acosta<\/b><\/span>, le\u00eddo durante la presentaci\u00f3n de la ceremonia, el recorrido profesional de Hadad \u201cha trascendido su propio campo, generando impacto estructural en la sociedad, en el pensamiento y en las instituciones\u201d.<\/p>\n<p>Se subray\u00f3 que su trayectoria debe leerse como parte de un proceso m\u00e1s amplio: la transformaci\u00f3n del periodismo en un sistema m\u00e1s veloz, m\u00e1s amplio y estructuralmente distinto. Tal como se se\u00f1al\u00f3 durante su discurso, su trabajo constituye \u201cuna intervenci\u00f3n decisiva en la transformaci\u00f3n de la industria de los medios en el mundo hispanohablante\u201d.<\/p>\n<p>Asimismo, Hadad no s\u00f3lo anticip\u00f3 los cambios del sistema informativo, sino que los ejecut\u00f3. \u201cSu diferencial no fue solo ver antes. Fue hacer antes\u201d, expresa el laudatio, sintetizando una l\u00f3gica de innovaci\u00f3n basada en la acci\u00f3n y en la construcci\u00f3n de nuevos modelos.<\/p>\n<p>Desde una perspectiva global, el impacto de ese modelo adquiere una dimensi\u00f3n a\u00fan m\u00e1s relevante. Como se destac\u00f3 en el an\u00e1lisis acad\u00e9mico presentado durante el acto por el profesor <b>Dr. Fernando Luj\u00e1n Acosta<\/b>, logr\u00f3 \u201c primer medio nativo digital de la Argentina, anticipando un cambio de paradigma que hoy estructura el sistema informativo global\u201d.<\/p>\n<p><img loading=\"lazy\" decoding=\"async\" src=\"https:\/\/lobosnews.com.ar\/wp-content\/uploads\/2026\/04\/daniel-hadad-fue-distinguido-con-el-doctorado-honoris-causa-por-su-impacto-en-la-transformacion-del-periodismo-en-hispanoamerica-1.jpg\" alt=\"El vicerrector de la Universidad Nacional de La Matanza, profesor Dr. Fernando Luj\u00e1n Acosta (Adrian Escandar)\" height=\"1295\" width=\"1920\"\/><\/p>\n<p>Ese desarrollo no s\u00f3lo redefini\u00f3 la escala del periodismo en espa\u00f1ol, sino que tambi\u00e9n respondi\u00f3 a un desaf\u00edo central del ecosistema informativo contempor\u00e1neo: operar en un entorno cada vez m\u00e1s fragmentado. En ese contexto, su modelo contribuy\u00f3 a \u201cfacilitar la comunicaci\u00f3n en un mundo cada vez m\u00e1s incomunicado\u201d.<\/p>\n<p>El impacto de ese sistema no se limit\u00f3 a sus propios proyectos. A lo largo de los a\u00f1os, contribuy\u00f3 a \u201creconfigurar el comportamiento de competidores, mercados y audiencias\u201d, estableciendo nuevas reglas de funcionamiento en la industria.<\/p>\n<p>En paralelo, introdujo una l\u00f3gica que hoy resulta central para el desarrollo del periodismo a escala global: la necesidad de contar con modelos empresariales s\u00f3lidos. Como destac\u00f3 Luj\u00e1n Acosta, \u201cel periodismo no puede sostener su funci\u00f3n social sin una base empresarial s\u00f3lida, eficiente y en crecimiento\u201d.<\/p>\n<p><img loading=\"lazy\" decoding=\"async\" src=\"https:\/\/lobosnews.com.ar\/wp-content\/uploads\/2026\/04\/daniel-hadad-fue-distinguido-con-el-doctorado-honoris-causa-por-su-impacto-en-la-transformacion-del-periodismo-en-hispanoamerica-2.jpg\" alt=\"Juan Antonio Giner durante su discurso en la Universidad Nacional de La Matanza (Adrian Escandar)\" height=\"1280\" width=\"1920\"\/><\/p>\n<p>\u201cAfortunadamente nuestro apadrinado es persona muy conocida, y enumerar sus m\u00e9ritos para este nombramiento resultan casi innecesarios; por esta raz\u00f3n me van a permitir que yo recuerde los m\u00e9ritos acad\u00e9micos de Daniel Hadad, y que sea el profesor Pablo Boczowski quien describa los m\u00e9ritos profesionales que le hacen merecedor de esta investidura\u201d, sostuvo <span class=\"waslinkname\"><b>Juan Antonio Giner<\/b><\/span> al tomar la palabra. <\/p>\n<p>\u201cHadad conoci\u00f3 a profesores y periodistas europeos y americanos; unos pasaban por las aulas y otros eran visitados en las mejores redacciones de Par\u00eds, Londres o Ginebra: desde Le Monde a la BBC pasando por el Journal de Gen\u00e9ve. Esta<b> formaci\u00f3n period\u00edstica cosmopolita <\/b>le permiti\u00f3 familiarizarse muy pronto con grandes figuras de medios l\u00edderes, en v\u00edsperas una \u00e9poca de cambios muy profundos que se aceleraron con la aparici\u00f3n de los primeros experimentos digitales\u201d, agreg\u00f3 Giner. Luego, complet\u00f3: \u201cFrente al pesimismo de quienes piensan que todo tiempo fue mejor, Daniel Hadad ha demostrado que el desaf\u00edo era, es y ser\u00e1, \u2018innovar o morir\u2019, contando \u2018historias relevantes que inquietan, emocionan y hacen pensar\u2019\u201d.<\/p>\n<p>\u201cHa triunfado haciendo periodismo innovador, independiente y rentable\u201d, enfatiz\u00f3 Giner.<\/p>\n<p><img loading=\"lazy\" decoding=\"async\" src=\"https:\/\/lobosnews.com.ar\/wp-content\/uploads\/2026\/04\/daniel-hadad-fue-distinguido-con-el-doctorado-honoris-causa-por-su-impacto-en-la-transformacion-del-periodismo-en-hispanoamerica-3.jpg\" alt=\"El evento en la Universidad Nacional de La Matanza realiz\u00f3 ante un auditorio repleto (Adrian Escandar)\" height=\"1080\" width=\"1920\"\/><\/p>\n<p>Es importante destacar que la Universidad Nacional de<b> La Matanza <\/b>\u2014Buenos Aires, Argentina\u2014 fue la casa de estudios que distingui\u00f3 al fundador de <b>Infobae<\/b>. Se trat\u00f3 de la <b>s\u00e9ptima <\/b>ocasi\u00f3n en la que la instituci\u00f3n realiz\u00f3 un galard\u00f3n de esta categor\u00eda en <b>36 a\u00f1os<\/b>. \u201cAc\u00e1, de cada cinco alunos que entran se reciben dos\u201d, precis\u00f3 el rector de la UNLaM, <b>Daniel Mart\u00ednez<\/b>, quien tambi\u00e9n brind\u00f3 un breve discurso. \u201cNosotros tenemos un empleado cada 230 alumnos. No hay ninguna universidad en la Rep\u00fablica Argentina que pueda tener este \u00edndice, ninguna\u201d, asegur\u00f3.<\/p>\n<p>Adem\u00e1s de reconocer una trayectoria individual, el Doctorado Honoris Causa distingui\u00f3 la construcci\u00f3n de un modelo que ha influido en la forma en que se produce, distribuye y consume informaci\u00f3n en el mundo hispanohablante. <\/p>\n<p><b>Pablo Boczkowski<\/b>, en tanto, se\u00f1al\u00f3: \u201cDaniel Hadad ha logrado con <b>Infobae <\/b>lo que ning\u00fan periodista ni empresario period\u00edstico hab\u00eda podido conseguir previamente: posicionar a un sitio nativo digital como el medio m\u00e1s importante del mundo de habla hispana mediante una estrategia que se nutre de la especificidad de los distintos pa\u00edses, y por ende contribuye a fomentar la comunicaci\u00f3n en las comunidades hispanoparlantes dentro de un contexto global marcado por una tendencia a la incomunicaci\u00f3n producida por la creciente polarizaci\u00f3n\u00bb.<\/p>\n<p><img loading=\"lazy\" decoding=\"async\" src=\"https:\/\/lobosnews.com.ar\/wp-content\/uploads\/2026\/04\/daniel-hadad-fue-distinguido-con-el-doctorado-honoris-causa-por-su-impacto-en-la-transformacion-del-periodismo-en-hispanoamerica-4.jpg\" alt=\"Pablo Boczkowski tambi\u00e9n fue orador en la ceremonia (Adrian Escandar)\" height=\"1280\" width=\"1920\"\/><\/p>\n<p>En ese sentido, el reconocimiento no solo remite a todo lo generado, sino tambi\u00e9n al presente y al futuro. Porque, como se subray\u00f3 durante la ceremonia, Hadad no es solo parte de la historia del periodismo en Am\u00e9rica Latina, sino \u201cuno de quienes escriben \u2014en tiempo real\u2014 su pr\u00f3xima etapa\u201d.<\/p>\n<p>Al tomar la palabra y brindar su discurso, el fundador de <b>Infobae <\/b>se\u00f1al\u00f3 ante un auditorio collmado: \u201cUna de las cosas que m\u00e1s me tent\u00f3 para venir y aceptar este este reconocimiento fue cuando el rector me coment\u00f3 que el 80 u 89 por ciento de los alumnos de esta universidad eran primera generaci\u00f3n de graduados. Y me dije: \u2018Guau, ese es mi caso\u2019.<\/p>\n<p><img loading=\"lazy\" decoding=\"async\" src=\"https:\/\/lobosnews.com.ar\/wp-content\/uploads\/2026\/04\/daniel-hadad-fue-distinguido-con-el-doctorado-honoris-causa-por-su-impacto-en-la-transformacion-del-periodismo-en-hispanoamerica-5.jpg\" alt=\"Daniel Hadad, fundador de Infobae (Adrian Escandar)\" height=\"1280\" width=\"1920\"\/><\/p>\n<p>\u201cYo siempre soy agradecido a la universidad, pero tambi\u00e9n soy agradecido a la Fundaci\u00f3n Universitaria R\u00edo de la Plata (FURP), que cuando yo no hab\u00eda salido de la Argentina me permitieron hacer un viaje y conocer los Estados Unidos. Y en ese viaje es que descubr\u00ed mi vocaci\u00f3n period\u00edstica\u201d, agreg\u00f3 <b>Hadad<\/b>.<\/p>\n<p>\u201cHoy es una noche maravillosa -finaliz\u00f3 en su discurso el fundador de <b>Infobae<\/b>-. Solamente les quiero contar, y para cerrar, una an\u00e9cdota de, de mi abuelo Antonio. \u00c9l viv\u00eda en una casita muy cerca de lo que hoy ser\u00eda la Villa 1-11-14 ah\u00ed en un l\u00edmite entre el Bajo Flores y Pompeya. Y tardaron mucho tiempo en tener agua caliente. Mucho tiempo. Y un d\u00eda lleg\u00f3 el agua caliente. Y un d\u00eda el abuelo me dijo: \u2018Dani, yo cuando termino del agua caliente, dejo dos minutos el agua fr\u00eda\u2019. Yo al principio no entend\u00eda por qu\u00e9 y un d\u00eda mi abuelo me dijo: \u2018Yo dejo el agua fr\u00eda para no olvidarme de d\u00f3nde vengo\u2019. Y yo no me olvido de d\u00f3nde vengo. Much\u00edsimas gracias\u201d.<\/p>\n","protected":false},"excerpt":{"rendered":"<p>Daniel Hadad \u2014fundador de Infobae\u2014 fue distinguido en Argentina con el Doctorado Honoris Causa por su rol en la transformaci\u00f3n del periodismo en Hispano\u00e1merica. Este tipo de reconocimiento, propio de la tradici\u00f3n acad\u00e9mica, identifica a aquellas figuras cuya obra honra la excelencia e impacta a la sociedad. Seg\u00fan expresa el laudatio del vicerrector, profesor Dr&#8230;.<\/p>\n","protected":false},"author":1,"featured_media":47558,"comment_status":"open","ping_status":"closed","sticky":false,"template":"","format":"standard","meta":{"_jetpack_memberships_contains_paid_content":false,"footnotes":""},"categories":[31,30,32,77,84,35,36,37],"tags":[],"class_list":["post-47550","post","type-post","status-publish","format-standard","has-post-thumbnail","hentry","category-actualidad","category-argentina","category-economia","category-inseguridad","category-masradios-com","category-nacionales","category-seguridad","category-sociedad"],"magazineBlocksPostFeaturedMedia":{"thumbnail":"https:\/\/lobosnews.com.ar\/wp-content\/uploads\/2026\/04\/daniel-hadad-fue-distinguido-con-el-doctorado-honoris-causa-por-su-impacto-en-la-transformacion-del-periodismo-en-hispanoamerica-10-150x150.jpg","medium":"https:\/\/lobosnews.com.ar\/wp-content\/uploads\/2026\/04\/daniel-hadad-fue-distinguido-con-el-doctorado-honoris-causa-por-su-impacto-en-la-transformacion-del-periodismo-en-hispanoamerica-10-300x200.jpg","medium_large":"https:\/\/lobosnews.com.ar\/wp-content\/uploads\/2026\/04\/daniel-hadad-fue-distinguido-con-el-doctorado-honoris-causa-por-su-impacto-en-la-transformacion-del-periodismo-en-hispanoamerica-10-768x512.jpg","large":"https:\/\/lobosnews.com.ar\/wp-content\/uploads\/2026\/04\/daniel-hadad-fue-distinguido-con-el-doctorado-honoris-causa-por-su-impacto-en-la-transformacion-del-periodismo-en-hispanoamerica-10-1024x683.jpg","1536x1536":"https:\/\/lobosnews.com.ar\/wp-content\/uploads\/2026\/04\/daniel-hadad-fue-distinguido-con-el-doctorado-honoris-causa-por-su-impacto-en-la-transformacion-del-periodismo-en-hispanoamerica-10-1536x1024.jpg","2048x2048":"https:\/\/lobosnews.com.ar\/wp-content\/uploads\/2026\/04\/daniel-hadad-fue-distinguido-con-el-doctorado-honoris-causa-por-su-impacto-en-la-transformacion-del-periodismo-en-hispanoamerica-10.jpg","newsmatic-featured":"https:\/\/lobosnews.com.ar\/wp-content\/uploads\/2026\/04\/daniel-hadad-fue-distinguido-con-el-doctorado-honoris-causa-por-su-impacto-en-la-transformacion-del-periodismo-en-hispanoamerica-10-820x545.jpg","newsmatic-list":"https:\/\/lobosnews.com.ar\/wp-content\/uploads\/2026\/04\/daniel-hadad-fue-distinguido-con-el-doctorado-honoris-causa-por-su-impacto-en-la-transformacion-del-periodismo-en-hispanoamerica-10-600x400.jpg","newsmatic-thumb":"https:\/\/lobosnews.com.ar\/wp-content\/uploads\/2026\/04\/daniel-hadad-fue-distinguido-con-el-doctorado-honoris-causa-por-su-impacto-en-la-transformacion-del-periodismo-en-hispanoamerica-10-300x200.jpg","newsmatic-small":"https:\/\/lobosnews.com.ar\/wp-content\/uploads\/2026\/04\/daniel-hadad-fue-distinguido-con-el-doctorado-honoris-causa-por-su-impacto-en-la-transformacion-del-periodismo-en-hispanoamerica-10-150x95.jpg","newsmatic-grid":"https:\/\/lobosnews.com.ar\/wp-content\/uploads\/2026\/04\/daniel-hadad-fue-distinguido-con-el-doctorado-honoris-causa-por-su-impacto-en-la-transformacion-del-periodismo-en-hispanoamerica-10-400x250.jpg"},"magazineBlocksPostAuthor":{"name":"admin","avatar":"https:\/\/secure.gravatar.com\/avatar\/76e419471a2083bc3ceab22a763dbbf9b0c1bd15a6214cf3280e2c2dde4580f9?s=96&d=mm&r=g"},"magazineBlocksPostCommentsNumber":"0","magazineBlocksPostExcerpt":"Daniel Hadad \u2014fundador de Infobae\u2014 fue distinguido en Argentina con el Doctorado Honoris Causa por su rol en la transformaci\u00f3n del periodismo en Hispano\u00e1merica. Este tipo de reconocimiento, propio de la tradici\u00f3n acad\u00e9mica, identifica a aquellas figuras cuya obra honra la excelencia e impacta a la sociedad. Seg\u00fan expresa el laudatio del vicerrector, profesor Dr....","magazineBlocksPostCategories":["Actualidad","Argentina","econom\u00eda","inseguridad","masradios.com","nacionales","seguridad","sociedad"],"magazineBlocksPostViewCount":2,"magazineBlocksPostReadTime":6,"magazine_blocks_featured_image_url":{"full":["https:\/\/lobosnews.com.ar\/wp-content\/uploads\/2026\/04\/daniel-hadad-fue-distinguido-con-el-doctorado-honoris-causa-por-su-impacto-en-la-transformacion-del-periodismo-en-hispanoamerica-10.jpg",1920,1280,false],"medium":["https:\/\/lobosnews.com.ar\/wp-content\/uploads\/2026\/04\/daniel-hadad-fue-distinguido-con-el-doctorado-honoris-causa-por-su-impacto-en-la-transformacion-del-periodismo-en-hispanoamerica-10-300x200.jpg",300,200,true],"thumbnail":["https:\/\/lobosnews.com.ar\/wp-content\/uploads\/2026\/04\/daniel-hadad-fue-distinguido-con-el-doctorado-honoris-causa-por-su-impacto-en-la-transformacion-del-periodismo-en-hispanoamerica-10-150x150.jpg",150,150,true]},"magazine_blocks_author":{"display_name":"admin","author_link":"https:\/\/lobosnews.com.ar\/index.php\/author\/lobos-news\/"},"magazine_blocks_comment":0,"magazine_blocks_author_image":"https:\/\/secure.gravatar.com\/avatar\/76e419471a2083bc3ceab22a763dbbf9b0c1bd15a6214cf3280e2c2dde4580f9?s=96&d=mm&r=g","magazine_blocks_category":"<a href=\"#\" class=\"category-link category-link-31\">Actualidad<\/a> <a href=\"#\" class=\"category-link category-link-30\">Argentina<\/a> <a href=\"#\" class=\"category-link category-link-32\">econom\u00eda<\/a> <a href=\"#\" class=\"category-link category-link-77\">inseguridad<\/a> <a href=\"#\" class=\"category-link category-link-84\">masradios.com<\/a> <a href=\"#\" class=\"category-link category-link-35\">nacionales<\/a> <a href=\"#\" class=\"category-link category-link-36\">seguridad<\/a> <a href=\"#\" class=\"category-link category-link-37\">sociedad<\/a>","yoast_head":"<!-- This site is optimized with the Yoast SEO plugin v26.6 - https:\/\/yoast.com\/wordpress\/plugins\/seo\/ -->\n<title>Daniel Hadad fue distinguido con el Doctorado Honoris Causa por su impacto en la transformaci\u00f3n del periodismo en Hispanoam\u00e9rica - Lobos News<\/title>\n<meta name=\"robots\" content=\"index, follow, max-snippet:-1, max-image-preview:large, max-video-preview:-1\" \/>\n<link rel=\"canonical\" href=\"https:\/\/lobosnews.com.ar\/index.php\/2026\/04\/30\/daniel-hadad-fue-distinguido-con-el-doctorado-honoris-causa-por-su-impacto-en-la-transformacion-del-periodismo-en-hispanoamerica\/\" \/>\n<meta property=\"og:locale\" content=\"es_ES\" \/>\n<meta property=\"og:type\" content=\"article\" \/>\n<meta property=\"og:title\" content=\"Daniel Hadad fue distinguido con el Doctorado Honoris Causa por su impacto en la transformaci\u00f3n del periodismo en Hispanoam\u00e9rica - Lobos News\" \/>\n<meta property=\"og:description\" content=\"Daniel Hadad \u2014fundador de Infobae\u2014 fue distinguido en Argentina con el Doctorado Honoris Causa por su rol en la transformaci\u00f3n del periodismo en Hispano\u00e1merica. Este tipo de reconocimiento, propio de la tradici\u00f3n acad\u00e9mica, identifica a aquellas figuras cuya obra honra la excelencia e impacta a la sociedad. Seg\u00fan expresa el laudatio del vicerrector, profesor Dr....\" \/>\n<meta property=\"og:url\" content=\"https:\/\/lobosnews.com.ar\/index.php\/2026\/04\/30\/daniel-hadad-fue-distinguido-con-el-doctorado-honoris-causa-por-su-impacto-en-la-transformacion-del-periodismo-en-hispanoamerica\/\" \/>\n<meta property=\"og:site_name\" content=\"Lobos News\" \/>\n<meta property=\"article:published_time\" content=\"2026-04-30T03:21:48+00:00\" \/>\n<meta property=\"article:modified_time\" content=\"2026-04-30T03:29:26+00:00\" \/>\n<meta property=\"og:image\" content=\"https:\/\/lobosnews.com.ar\/wp-content\/uploads\/2026\/04\/daniel-hadad-fue-distinguido-con-el-doctorado-honoris-causa-por-su-impacto-en-la-transformacion-del-periodismo-en-hispanoamerica.jpg\" \/>\n<meta name=\"author\" content=\"admin\" \/>\n<meta name=\"twitter:card\" content=\"summary_large_image\" \/>\n<meta name=\"twitter:label1\" content=\"Escrito por\" \/>\n\t<meta name=\"twitter:data1\" content=\"admin\" \/>\n\t<meta name=\"twitter:label2\" content=\"Tiempo de lectura\" \/>\n\t<meta name=\"twitter:data2\" content=\"6 minutos\" \/>\n<script type=\"application\/ld+json\" class=\"yoast-schema-graph\">{\"@context\":\"https:\/\/schema.org\",\"@graph\":[{\"@type\":\"Article\",\"@id\":\"https:\/\/lobosnews.com.ar\/index.php\/2026\/04\/30\/daniel-hadad-fue-distinguido-con-el-doctorado-honoris-causa-por-su-impacto-en-la-transformacion-del-periodismo-en-hispanoamerica\/#article\",\"isPartOf\":{\"@id\":\"https:\/\/lobosnews.com.ar\/index.php\/2026\/04\/30\/daniel-hadad-fue-distinguido-con-el-doctorado-honoris-causa-por-su-impacto-en-la-transformacion-del-periodismo-en-hispanoamerica\/\"},\"author\":{\"name\":\"admin\",\"@id\":\"https:\/\/lobosnews.com.ar\/#\/schema\/person\/232422a593d5c541dd9aef6aaed10943\"},\"headline\":\"Daniel Hadad fue distinguido con el Doctorado Honoris Causa por su impacto en la transformaci\u00f3n del periodismo en Hispanoam\u00e9rica\",\"datePublished\":\"2026-04-30T03:21:48+00:00\",\"dateModified\":\"2026-04-30T03:29:26+00:00\",\"mainEntityOfPage\":{\"@id\":\"https:\/\/lobosnews.com.ar\/index.php\/2026\/04\/30\/daniel-hadad-fue-distinguido-con-el-doctorado-honoris-causa-por-su-impacto-en-la-transformacion-del-periodismo-en-hispanoamerica\/\"},\"wordCount\":1159,\"commentCount\":0,\"publisher\":{\"@id\":\"https:\/\/lobosnews.com.ar\/#organization\"},\"image\":{\"@id\":\"https:\/\/lobosnews.com.ar\/index.php\/2026\/04\/30\/daniel-hadad-fue-distinguido-con-el-doctorado-honoris-causa-por-su-impacto-en-la-transformacion-del-periodismo-en-hispanoamerica\/#primaryimage\"},\"thumbnailUrl\":\"https:\/\/lobosnews.com.ar\/wp-content\/uploads\/2026\/04\/daniel-hadad-fue-distinguido-con-el-doctorado-honoris-causa-por-su-impacto-en-la-transformacion-del-periodismo-en-hispanoamerica-10.jpg\",\"articleSection\":[\"Actualidad\",\"Argentina\",\"econom\u00eda\",\"inseguridad\",\"masradios.com\",\"nacionales\",\"seguridad\",\"sociedad\"],\"inLanguage\":\"es\",\"potentialAction\":[{\"@type\":\"CommentAction\",\"name\":\"Comment\",\"target\":[\"https:\/\/lobosnews.com.ar\/index.php\/2026\/04\/30\/daniel-hadad-fue-distinguido-con-el-doctorado-honoris-causa-por-su-impacto-en-la-transformacion-del-periodismo-en-hispanoamerica\/#respond\"]}]},{\"@type\":\"WebPage\",\"@id\":\"https:\/\/lobosnews.com.ar\/index.php\/2026\/04\/30\/daniel-hadad-fue-distinguido-con-el-doctorado-honoris-causa-por-su-impacto-en-la-transformacion-del-periodismo-en-hispanoamerica\/\",\"url\":\"https:\/\/lobosnews.com.ar\/index.php\/2026\/04\/30\/daniel-hadad-fue-distinguido-con-el-doctorado-honoris-causa-por-su-impacto-en-la-transformacion-del-periodismo-en-hispanoamerica\/\",\"name\":\"Daniel Hadad fue distinguido con el Doctorado Honoris Causa por su impacto en la transformaci\u00f3n del periodismo en Hispanoam\u00e9rica - Lobos News\",\"isPartOf\":{\"@id\":\"https:\/\/lobosnews.com.ar\/#website\"},\"primaryImageOfPage\":{\"@id\":\"https:\/\/lobosnews.com.ar\/index.php\/2026\/04\/30\/daniel-hadad-fue-distinguido-con-el-doctorado-honoris-causa-por-su-impacto-en-la-transformacion-del-periodismo-en-hispanoamerica\/#primaryimage\"},\"image\":{\"@id\":\"https:\/\/lobosnews.com.ar\/index.php\/2026\/04\/30\/daniel-hadad-fue-distinguido-con-el-doctorado-honoris-causa-por-su-impacto-en-la-transformacion-del-periodismo-en-hispanoamerica\/#primaryimage\"},\"thumbnailUrl\":\"https:\/\/lobosnews.com.ar\/wp-content\/uploads\/2026\/04\/daniel-hadad-fue-distinguido-con-el-doctorado-honoris-causa-por-su-impacto-en-la-transformacion-del-periodismo-en-hispanoamerica-10.jpg\",\"datePublished\":\"2026-04-30T03:21:48+00:00\",\"dateModified\":\"2026-04-30T03:29:26+00:00\",\"breadcrumb\":{\"@id\":\"https:\/\/lobosnews.com.ar\/index.php\/2026\/04\/30\/daniel-hadad-fue-distinguido-con-el-doctorado-honoris-causa-por-su-impacto-en-la-transformacion-del-periodismo-en-hispanoamerica\/#breadcrumb\"},\"inLanguage\":\"es\",\"potentialAction\":[{\"@type\":\"ReadAction\",\"target\":[\"https:\/\/lobosnews.com.ar\/index.php\/2026\/04\/30\/daniel-hadad-fue-distinguido-con-el-doctorado-honoris-causa-por-su-impacto-en-la-transformacion-del-periodismo-en-hispanoamerica\/\"]}]},{\"@type\":\"ImageObject\",\"inLanguage\":\"es\",\"@id\":\"https:\/\/lobosnews.com.ar\/index.php\/2026\/04\/30\/daniel-hadad-fue-distinguido-con-el-doctorado-honoris-causa-por-su-impacto-en-la-transformacion-del-periodismo-en-hispanoamerica\/#primaryimage\",\"url\":\"https:\/\/lobosnews.com.ar\/wp-content\/uploads\/2026\/04\/daniel-hadad-fue-distinguido-con-el-doctorado-honoris-causa-por-su-impacto-en-la-transformacion-del-periodismo-en-hispanoamerica-10.jpg\",\"contentUrl\":\"https:\/\/lobosnews.com.ar\/wp-content\/uploads\/2026\/04\/daniel-hadad-fue-distinguido-con-el-doctorado-honoris-causa-por-su-impacto-en-la-transformacion-del-periodismo-en-hispanoamerica-10.jpg\",\"width\":1920,\"height\":1280,\"caption\":\"Daniel Hadad fue distinguido con el Doctorado Honoris Causa por su impacto en la transformaci\u00f3n del periodismo en Hispanoam\u00e9rica\"},{\"@type\":\"BreadcrumbList\",\"@id\":\"https:\/\/lobosnews.com.ar\/index.php\/2026\/04\/30\/daniel-hadad-fue-distinguido-con-el-doctorado-honoris-causa-por-su-impacto-en-la-transformacion-del-periodismo-en-hispanoamerica\/#breadcrumb\",\"itemListElement\":[{\"@type\":\"ListItem\",\"position\":1,\"name\":\"Portada\",\"item\":\"https:\/\/lobosnews.com.ar\/\"},{\"@type\":\"ListItem\",\"position\":2,\"name\":\"Daniel Hadad fue distinguido con el Doctorado Honoris Causa por su impacto en la transformaci\u00f3n del periodismo en Hispanoam\u00e9rica\"}]},{\"@type\":\"WebSite\",\"@id\":\"https:\/\/lobosnews.com.ar\/#website\",\"url\":\"https:\/\/lobosnews.com.ar\/\",\"name\":\"Lobos News\",\"description\":\"Informaci\u00f3n a cada instante\",\"publisher\":{\"@id\":\"https:\/\/lobosnews.com.ar\/#organization\"},\"potentialAction\":[{\"@type\":\"SearchAction\",\"target\":{\"@type\":\"EntryPoint\",\"urlTemplate\":\"https:\/\/lobosnews.com.ar\/?s={search_term_string}\"},\"query-input\":{\"@type\":\"PropertyValueSpecification\",\"valueRequired\":true,\"valueName\":\"search_term_string\"}}],\"inLanguage\":\"es\"},{\"@type\":\"Organization\",\"@id\":\"https:\/\/lobosnews.com.ar\/#organization\",\"name\":\"Lobos News\",\"url\":\"https:\/\/lobosnews.com.ar\/\",\"logo\":{\"@type\":\"ImageObject\",\"inLanguage\":\"es\",\"@id\":\"https:\/\/lobosnews.com.ar\/#\/schema\/logo\/image\/\",\"url\":\"https:\/\/lobosnews.com.ar\/wp-content\/uploads\/2026\/01\/logo-lobosnews.png\",\"contentUrl\":\"https:\/\/lobosnews.com.ar\/wp-content\/uploads\/2026\/01\/logo-lobosnews.png\",\"width\":500,\"height\":200,\"caption\":\"Lobos News\"},\"image\":{\"@id\":\"https:\/\/lobosnews.com.ar\/#\/schema\/logo\/image\/\"}},{\"@type\":\"Person\",\"@id\":\"https:\/\/lobosnews.com.ar\/#\/schema\/person\/232422a593d5c541dd9aef6aaed10943\",\"name\":\"admin\",\"image\":{\"@type\":\"ImageObject\",\"inLanguage\":\"es\",\"@id\":\"https:\/\/lobosnews.com.ar\/#\/schema\/person\/image\/\",\"url\":\"https:\/\/secure.gravatar.com\/avatar\/76e419471a2083bc3ceab22a763dbbf9b0c1bd15a6214cf3280e2c2dde4580f9?s=96&d=mm&r=g\",\"contentUrl\":\"https:\/\/secure.gravatar.com\/avatar\/76e419471a2083bc3ceab22a763dbbf9b0c1bd15a6214cf3280e2c2dde4580f9?s=96&d=mm&r=g\",\"caption\":\"admin\"},\"sameAs\":[\"https:\/\/lobosnews.com.ar\"],\"url\":\"https:\/\/lobosnews.com.ar\/index.php\/author\/lobos-news\/\"}]}<\/script>\n<!-- \/ Yoast SEO plugin. -->","yoast_head_json":{"title":"Daniel Hadad fue distinguido con el Doctorado Honoris Causa por su impacto en la transformaci\u00f3n del periodismo en Hispanoam\u00e9rica - Lobos News","robots":{"index":"index","follow":"follow","max-snippet":"max-snippet:-1","max-image-preview":"max-image-preview:large","max-video-preview":"max-video-preview:-1"},"canonical":"https:\/\/lobosnews.com.ar\/index.php\/2026\/04\/30\/daniel-hadad-fue-distinguido-con-el-doctorado-honoris-causa-por-su-impacto-en-la-transformacion-del-periodismo-en-hispanoamerica\/","og_locale":"es_ES","og_type":"article","og_title":"Daniel Hadad fue distinguido con el Doctorado Honoris Causa por su impacto en la transformaci\u00f3n del periodismo en Hispanoam\u00e9rica - Lobos News","og_description":"Daniel Hadad \u2014fundador de Infobae\u2014 fue distinguido en Argentina con el Doctorado Honoris Causa por su rol en la transformaci\u00f3n del periodismo en Hispano\u00e1merica. Este tipo de reconocimiento, propio de la tradici\u00f3n acad\u00e9mica, identifica a aquellas figuras cuya obra honra la excelencia e impacta a la sociedad. Seg\u00fan expresa el laudatio del vicerrector, profesor Dr....","og_url":"https:\/\/lobosnews.com.ar\/index.php\/2026\/04\/30\/daniel-hadad-fue-distinguido-con-el-doctorado-honoris-causa-por-su-impacto-en-la-transformacion-del-periodismo-en-hispanoamerica\/","og_site_name":"Lobos News","article_published_time":"2026-04-30T03:21:48+00:00","article_modified_time":"2026-04-30T03:29:26+00:00","og_image":[{"url":"https:\/\/lobosnews.com.ar\/wp-content\/uploads\/2026\/04\/daniel-hadad-fue-distinguido-con-el-doctorado-honoris-causa-por-su-impacto-en-la-transformacion-del-periodismo-en-hispanoamerica.jpg","type":"","width":"","height":""}],"author":"admin","twitter_card":"summary_large_image","twitter_misc":{"Escrito por":"admin","Tiempo de lectura":"6 minutos"},"schema":{"@context":"https:\/\/schema.org","@graph":[{"@type":"Article","@id":"https:\/\/lobosnews.com.ar\/index.php\/2026\/04\/30\/daniel-hadad-fue-distinguido-con-el-doctorado-honoris-causa-por-su-impacto-en-la-transformacion-del-periodismo-en-hispanoamerica\/#article","isPartOf":{"@id":"https:\/\/lobosnews.com.ar\/index.php\/2026\/04\/30\/daniel-hadad-fue-distinguido-con-el-doctorado-honoris-causa-por-su-impacto-en-la-transformacion-del-periodismo-en-hispanoamerica\/"},"author":{"name":"admin","@id":"https:\/\/lobosnews.com.ar\/#\/schema\/person\/232422a593d5c541dd9aef6aaed10943"},"headline":"Daniel Hadad fue distinguido con el Doctorado Honoris Causa por su impacto en la transformaci\u00f3n del periodismo en Hispanoam\u00e9rica","datePublished":"2026-04-30T03:21:48+00:00","dateModified":"2026-04-30T03:29:26+00:00","mainEntityOfPage":{"@id":"https:\/\/lobosnews.com.ar\/index.php\/2026\/04\/30\/daniel-hadad-fue-distinguido-con-el-doctorado-honoris-causa-por-su-impacto-en-la-transformacion-del-periodismo-en-hispanoamerica\/"},"wordCount":1159,"commentCount":0,"publisher":{"@id":"https:\/\/lobosnews.com.ar\/#organization"},"image":{"@id":"https:\/\/lobosnews.com.ar\/index.php\/2026\/04\/30\/daniel-hadad-fue-distinguido-con-el-doctorado-honoris-causa-por-su-impacto-en-la-transformacion-del-periodismo-en-hispanoamerica\/#primaryimage"},"thumbnailUrl":"https:\/\/lobosnews.com.ar\/wp-content\/uploads\/2026\/04\/daniel-hadad-fue-distinguido-con-el-doctorado-honoris-causa-por-su-impacto-en-la-transformacion-del-periodismo-en-hispanoamerica-10.jpg","articleSection":["Actualidad","Argentina","econom\u00eda","inseguridad","masradios.com","nacionales","seguridad","sociedad"],"inLanguage":"es","potentialAction":[{"@type":"CommentAction","name":"Comment","target":["https:\/\/lobosnews.com.ar\/index.php\/2026\/04\/30\/daniel-hadad-fue-distinguido-con-el-doctorado-honoris-causa-por-su-impacto-en-la-transformacion-del-periodismo-en-hispanoamerica\/#respond"]}]},{"@type":"WebPage","@id":"https:\/\/lobosnews.com.ar\/index.php\/2026\/04\/30\/daniel-hadad-fue-distinguido-con-el-doctorado-honoris-causa-por-su-impacto-en-la-transformacion-del-periodismo-en-hispanoamerica\/","url":"https:\/\/lobosnews.com.ar\/index.php\/2026\/04\/30\/daniel-hadad-fue-distinguido-con-el-doctorado-honoris-causa-por-su-impacto-en-la-transformacion-del-periodismo-en-hispanoamerica\/","name":"Daniel Hadad fue distinguido con el Doctorado Honoris Causa por su impacto en la transformaci\u00f3n del periodismo en Hispanoam\u00e9rica - Lobos News","isPartOf":{"@id":"https:\/\/lobosnews.com.ar\/#website"},"primaryImageOfPage":{"@id":"https:\/\/lobosnews.com.ar\/index.php\/2026\/04\/30\/daniel-hadad-fue-distinguido-con-el-doctorado-honoris-causa-por-su-impacto-en-la-transformacion-del-periodismo-en-hispanoamerica\/#primaryimage"},"image":{"@id":"https:\/\/lobosnews.com.ar\/index.php\/2026\/04\/30\/daniel-hadad-fue-distinguido-con-el-doctorado-honoris-causa-por-su-impacto-en-la-transformacion-del-periodismo-en-hispanoamerica\/#primaryimage"},"thumbnailUrl":"https:\/\/lobosnews.com.ar\/wp-content\/uploads\/2026\/04\/daniel-hadad-fue-distinguido-con-el-doctorado-honoris-causa-por-su-impacto-en-la-transformacion-del-periodismo-en-hispanoamerica-10.jpg","datePublished":"2026-04-30T03:21:48+00:00","dateModified":"2026-04-30T03:29:26+00:00","breadcrumb":{"@id":"https:\/\/lobosnews.com.ar\/index.php\/2026\/04\/30\/daniel-hadad-fue-distinguido-con-el-doctorado-honoris-causa-por-su-impacto-en-la-transformacion-del-periodismo-en-hispanoamerica\/#breadcrumb"},"inLanguage":"es","potentialAction":[{"@type":"ReadAction","target":["https:\/\/lobosnews.com.ar\/index.php\/2026\/04\/30\/daniel-hadad-fue-distinguido-con-el-doctorado-honoris-causa-por-su-impacto-en-la-transformacion-del-periodismo-en-hispanoamerica\/"]}]},{"@type":"ImageObject","inLanguage":"es","@id":"https:\/\/lobosnews.com.ar\/index.php\/2026\/04\/30\/daniel-hadad-fue-distinguido-con-el-doctorado-honoris-causa-por-su-impacto-en-la-transformacion-del-periodismo-en-hispanoamerica\/#primaryimage","url":"https:\/\/lobosnews.com.ar\/wp-content\/uploads\/2026\/04\/daniel-hadad-fue-distinguido-con-el-doctorado-honoris-causa-por-su-impacto-en-la-transformacion-del-periodismo-en-hispanoamerica-10.jpg","contentUrl":"https:\/\/lobosnews.com.ar\/wp-content\/uploads\/2026\/04\/daniel-hadad-fue-distinguido-con-el-doctorado-honoris-causa-por-su-impacto-en-la-transformacion-del-periodismo-en-hispanoamerica-10.jpg","width":1920,"height":1280,"caption":"Daniel Hadad fue distinguido con el Doctorado Honoris Causa por su impacto en la transformaci\u00f3n del periodismo en Hispanoam\u00e9rica"},{"@type":"BreadcrumbList","@id":"https:\/\/lobosnews.com.ar\/index.php\/2026\/04\/30\/daniel-hadad-fue-distinguido-con-el-doctorado-honoris-causa-por-su-impacto-en-la-transformacion-del-periodismo-en-hispanoamerica\/#breadcrumb","itemListElement":[{"@type":"ListItem","position":1,"name":"Portada","item":"https:\/\/lobosnews.com.ar\/"},{"@type":"ListItem","position":2,"name":"Daniel Hadad fue distinguido con el Doctorado Honoris Causa por su impacto en la transformaci\u00f3n del periodismo en Hispanoam\u00e9rica"}]},{"@type":"WebSite","@id":"https:\/\/lobosnews.com.ar\/#website","url":"https:\/\/lobosnews.com.ar\/","name":"Lobos News","description":"Informaci\u00f3n a cada instante","publisher":{"@id":"https:\/\/lobosnews.com.ar\/#organization"},"potentialAction":[{"@type":"SearchAction","target":{"@type":"EntryPoint","urlTemplate":"https:\/\/lobosnews.com.ar\/?s={search_term_string}"},"query-input":{"@type":"PropertyValueSpecification","valueRequired":true,"valueName":"search_term_string"}}],"inLanguage":"es"},{"@type":"Organization","@id":"https:\/\/lobosnews.com.ar\/#organization","name":"Lobos News","url":"https:\/\/lobosnews.com.ar\/","logo":{"@type":"ImageObject","inLanguage":"es","@id":"https:\/\/lobosnews.com.ar\/#\/schema\/logo\/image\/","url":"https:\/\/lobosnews.com.ar\/wp-content\/uploads\/2026\/01\/logo-lobosnews.png","contentUrl":"https:\/\/lobosnews.com.ar\/wp-content\/uploads\/2026\/01\/logo-lobosnews.png","width":500,"height":200,"caption":"Lobos News"},"image":{"@id":"https:\/\/lobosnews.com.ar\/#\/schema\/logo\/image\/"}},{"@type":"Person","@id":"https:\/\/lobosnews.com.ar\/#\/schema\/person\/232422a593d5c541dd9aef6aaed10943","name":"admin","image":{"@type":"ImageObject","inLanguage":"es","@id":"https:\/\/lobosnews.com.ar\/#\/schema\/person\/image\/","url":"https:\/\/secure.gravatar.com\/avatar\/76e419471a2083bc3ceab22a763dbbf9b0c1bd15a6214cf3280e2c2dde4580f9?s=96&d=mm&r=g","contentUrl":"https:\/\/secure.gravatar.com\/avatar\/76e419471a2083bc3ceab22a763dbbf9b0c1bd15a6214cf3280e2c2dde4580f9?s=96&d=mm&r=g","caption":"admin"},"sameAs":["https:\/\/lobosnews.com.ar"],"url":"https:\/\/lobosnews.com.ar\/index.php\/author\/lobos-news\/"}]}},"jetpack_featured_media_url":"https:\/\/lobosnews.com.ar\/wp-content\/uploads\/2026\/04\/daniel-hadad-fue-distinguido-con-el-doctorado-honoris-causa-por-su-impacto-en-la-transformacion-del-periodismo-en-hispanoamerica-10.jpg","jetpack_sharing_enabled":true,"_links":{"self":[{"href":"https:\/\/lobosnews.com.ar\/index.php\/wp-json\/wp\/v2\/posts\/47550","targetHints":{"allow":["GET"]}}],"collection":[{"href":"https:\/\/lobosnews.com.ar\/index.php\/wp-json\/wp\/v2\/posts"}],"about":[{"href":"https:\/\/lobosnews.com.ar\/index.php\/wp-json\/wp\/v2\/types\/post"}],"author":[{"embeddable":true,"href":"https:\/\/lobosnews.com.ar\/index.php\/wp-json\/wp\/v2\/users\/1"}],"replies":[{"embeddable":true,"href":"https:\/\/lobosnews.com.ar\/index.php\/wp-json\/wp\/v2\/comments?post=47550"}],"version-history":[{"count":1,"href":"https:\/\/lobosnews.com.ar\/index.php\/wp-json\/wp\/v2\/posts\/47550\/revisions"}],"predecessor-version":[{"id":47557,"href":"https:\/\/lobosnews.com.ar\/index.php\/wp-json\/wp\/v2\/posts\/47550\/revisions\/47557"}],"wp:featuredmedia":[{"embeddable":true,"href":"https:\/\/lobosnews.com.ar\/index.php\/wp-json\/wp\/v2\/media\/47558"}],"wp:attachment":[{"href":"https:\/\/lobosnews.com.ar\/index.php\/wp-json\/wp\/v2\/media?parent=47550"}],"wp:term":[{"taxonomy":"category","embeddable":true,"href":"https:\/\/lobosnews.com.ar\/index.php\/wp-json\/wp\/v2\/categories?post=47550"},{"taxonomy":"post_tag","embeddable":true,"href":"https:\/\/lobosnews.com.ar\/index.php\/wp-json\/wp\/v2\/tags?post=47550"}],"curies":[{"name":"wp","href":"https:\/\/api.w.org\/{rel}","templated":true}]}}