{"id":47539,"date":"2026-04-29T23:54:03","date_gmt":"2026-04-29T23:54:03","guid":{"rendered":"https:\/\/lobosnews.com.ar\/index.php\/2026\/04\/29\/un-hombre-en-el-parque-industrial-de-parana-tras-ser-aplastado-por-la-cabina-de-un-camion\/"},"modified":"2026-04-30T03:23:10","modified_gmt":"2026-04-30T03:23:10","slug":"un-hombre-en-el-parque-industrial-de-parana-tras-ser-aplastado-por-la-cabina-de-un-camion","status":"publish","type":"post","link":"https:\/\/lobosnews.com.ar\/index.php\/2026\/04\/29\/un-hombre-en-el-parque-industrial-de-parana-tras-ser-aplastado-por-la-cabina-de-un-camion\/","title":{"rendered":"Un hombre en el parque industrial de Paran\u00e1 tras ser aplastado por la cabina de un cami\u00f3n"},"content":{"rendered":"<p><img loading=\"lazy\" decoding=\"async\" src=\"https:\/\/lobosnews.com.ar\/wp-content\/uploads\/2026\/04\/un-hombre-en-el-parque-industrial-de-parana-tras-ser-aplastado-por-la-cabina-de-un-camion.jpg\" alt=\"Gerardo Hilario Taborda, de 48 a\u00f1os y oriundo de Curuz\u00fa Cuati\u00e1, muri\u00f3 siendo aplastado por la cabina de un cami\u00f3n Ford 1722 durante tareas de descarga de piedra mora\" height=\"361\" width=\"642\"\/><\/p>\n<p>Un <b>accidente laboral<\/b> ocurrido este mi\u00e9rcoles en el <b>Parque Industrial<\/b> de la ciudad de <b>Paran\u00e1<\/b>, en la provincia de<b> <\/b><span class=\"waslinkname\"><b>Entre R\u00edos<\/b><\/span>, dej\u00f3 como saldo un trabajador muerto y una mujer con heridas leves. La v\u00edctima fatal fue identificada como <b>Gerardo Hilario Taborda<\/b>, de <b>48 a\u00f1os<\/b>, oriundo de la localidad correntina de <b>Curuz\u00fa Cuati\u00e1<\/b>, quien <b>perdi\u00f3 la vida al quedar aplastado por la cabina de un cami\u00f3n volcador<\/b> que se desestabiliz\u00f3 durante una tarea de descarga de material.<\/p>\n<p>El hecho se produjo alrededor de las 7:50 sobre calle Izaguirre, dentro del predio de la empresa De Martin Hormigonera. Seg\u00fan precis\u00f3 el <b>comisario Hern\u00e1n G\u00f3ngora<\/b>, jefe de la <b>Polic\u00eda Departamental de Paran\u00e1<\/b>, en declaraciones a <i>Elonce<\/i>, Taborda \u201c<b>estaba descargando un cami\u00f3n con piedra mora, fina<\/b>\u00bb cuando se desencaden\u00f3 la tragedia.<\/p>\n<p>En el momento del accidente, la batea del veh\u00edculo se encontraba levantada; fue entonces cuando el rodado \u2014un volcador marca Ford, modelo 1722\u2014 \u201cse vuelca hacia la izquierda y<b> la persona que conduc\u00eda el cami\u00f3n tambi\u00e9n cae y es aplastada por la cabina<\/b>\u201d, describi\u00f3 G\u00f3ngora ante el medio entrerriano.<\/p>\n<p>Dentro del veh\u00edculo viajaba la pareja de la v\u00edctima, <b>D.\u00c1.B.<\/b>, de <b>28 a\u00f1os<\/b>, tambi\u00e9n oriunda de Curuz\u00fa Cuati\u00e1. La mujer sufri\u00f3 un <b>traumatismo de cr\u00e1neo leve<\/b> con un corte en el cuero cabelludo y fue trasladada al <b>hospital San Mart\u00edn<\/b> para recibir atenci\u00f3n m\u00e9dica. Personal de la <b>Comisar\u00eda 15<\/b> fue el primero en llegar al lugar y solicit\u00f3 la asistencia de dos ambulancias ante la gravedad del cuadro.<\/p>\n<p>G\u00f3ngora precis\u00f3 a <i>Elonce<\/i> que Taborda \u201ctrabajaba para la empresa que efect\u00faa el traslado de este tipo de material\u201d, dato que distingue al fallecido de los empleados directos de De Martin Hormigonera. La investigaci\u00f3n qued\u00f3 a cargo de la <b>fiscal Dra. Paola Farin\u00f3<\/b>, mientras que personal de la Divisi\u00f3n <b>Criminal\u00edstica<\/b> lleva adelante las pericias para determinar las causas que provocaron la p\u00e9rdida de equilibrio del cami\u00f3n. Las filmaciones de las <b>c\u00e1maras de seguridad<\/b> del predio ya fueron secuestradas para su an\u00e1lisis.<\/p>\n<h2>Un pintor cay\u00f3 desde cinco metros mientras trabajaba y muri\u00f3<\/h2>\n<p><img loading=\"lazy\" decoding=\"async\" src=\"https:\/\/lobosnews.com.ar\/wp-content\/uploads\/2026\/04\/un-hombre-en-el-parque-industrial-de-parana-tras-ser-aplastado-por-la-cabina-de-un-camion-1.jpg\" alt=\"Un accidente laboral en Rosario provoc\u00f3 la muerte de Adri\u00e1n Andr\u00e9s Lizarraga, de 53 a\u00f1os, al caer de cinco metros durante trabajos de impermeabilizaci\u00f3n de techos\" height=\"752\" width=\"1336\"\/><\/p>\n<p><b>Adri\u00e1n Andr\u00e9s Lizarraga<\/b>, pintor de 53 a\u00f1os, perdi\u00f3 la vida el \u00faltimo martes tras precipitarse desde una altura aproximada de cinco metros mientras <span class=\"waslinkname\">realizaba tareas de impermeabilizaci\u00f3n de techos<\/span> en una vivienda de calle <b>Rodr\u00edguez<\/b> al 800, en el barrio <b>Lourdes<\/b> de <b>Rosario<\/b>.<\/p>\n<p>El accidente se produjo cerca de las 9:30 de la ma\u00f1ana. Lizarraga trabajaba junto a su hijo en la fachada de una casa de dos plantas cuando perdi\u00f3 el equilibrio y <b>cay\u00f3 al vac\u00edo <\/b>desde el sector superior de la construcci\u00f3n.<\/p>\n<p>Las primeras pericias en el lugar aportaron un indicio sobre el origen del siniestro: un tramo de una <b>escalera de aluminio<\/b> qued\u00f3 suspendido sobre una de las ventanas del piso superior, mientras que el segundo tramo del mismo elemento apareci\u00f3 en el suelo, sobre el acceso con declive a la cochera. Ese detalle llev\u00f3 a los investigadores a contemplar la posibilidad de que<b> la escalera se hubiera partido o desprendido <\/b>en el momento en que el trabajador estaba sobre ella para acceder al techo.<\/p>\n<p>Personal m\u00e9dico lo atendi\u00f3 en el lugar antes de que el <b>Sistema Integrado de Emergencias Sanitarias<\/b> (<b>SIES<\/b>) lo trasladara en ambulancia, con politraumatismos graves, al <b>Hospital de Emergencias Clemente \u00c1lvarez<\/b> (<b>HECA<\/b>). Cerca de las 11 de la ma\u00f1ana, el centro de salud confirm\u00f3 su muerte.<\/p>\n<p>La investigaci\u00f3n qued\u00f3 a cargo del fiscal <b>Mat\u00edas Edery<\/b>, de la Unidad Especializada en Siniestralidad Vial y Homicidios Culposos, quien deber\u00e1 establecer las causas exactas de la ca\u00edda. Efectivos policiales practicaron las pericias correspondientes en el sitio para nutrir el expediente con los elementos t\u00e9cnicos necesarios.<\/p>\n","protected":false},"excerpt":{"rendered":"<p>Un accidente laboral ocurrido este mi\u00e9rcoles en el Parque Industrial de la ciudad de Paran\u00e1, en la provincia de Entre R\u00edos, dej\u00f3 como saldo un trabajador muerto y una mujer con heridas leves. La v\u00edctima fatal fue identificada como Gerardo Hilario Taborda, de 48 a\u00f1os, oriundo de la localidad correntina de Curuz\u00fa Cuati\u00e1, quien perdi\u00f3&#8230;<\/p>\n","protected":false},"author":1,"featured_media":47543,"comment_status":"open","ping_status":"closed","sticky":false,"template":"","format":"standard","meta":{"_jetpack_memberships_contains_paid_content":false,"footnotes":""},"categories":[31,30,32,77,84,35,36,37],"tags":[],"class_list":["post-47539","post","type-post","status-publish","format-standard","has-post-thumbnail","hentry","category-actualidad","category-argentina","category-economia","category-inseguridad","category-masradios-com","category-nacionales","category-seguridad","category-sociedad"],"magazineBlocksPostFeaturedMedia":{"thumbnail":"https:\/\/lobosnews.com.ar\/wp-content\/uploads\/2026\/04\/un-hombre-en-el-parque-industrial-de-parana-tras-ser-aplastado-por-la-cabina-de-un-camion-2-150x150.jpg","medium":"https:\/\/lobosnews.com.ar\/wp-content\/uploads\/2026\/04\/un-hombre-en-el-parque-industrial-de-parana-tras-ser-aplastado-por-la-cabina-de-un-camion-2-300x169.jpg","medium_large":"https:\/\/lobosnews.com.ar\/wp-content\/uploads\/2026\/04\/un-hombre-en-el-parque-industrial-de-parana-tras-ser-aplastado-por-la-cabina-de-un-camion-2-768x432.jpg","large":"https:\/\/lobosnews.com.ar\/wp-content\/uploads\/2026\/04\/un-hombre-en-el-parque-industrial-de-parana-tras-ser-aplastado-por-la-cabina-de-un-camion-2-1024x576.jpg","1536x1536":"https:\/\/lobosnews.com.ar\/wp-content\/uploads\/2026\/04\/un-hombre-en-el-parque-industrial-de-parana-tras-ser-aplastado-por-la-cabina-de-un-camion-2.jpg","2048x2048":"https:\/\/lobosnews.com.ar\/wp-content\/uploads\/2026\/04\/un-hombre-en-el-parque-industrial-de-parana-tras-ser-aplastado-por-la-cabina-de-un-camion-2.jpg","newsmatic-featured":"https:\/\/lobosnews.com.ar\/wp-content\/uploads\/2026\/04\/un-hombre-en-el-parque-industrial-de-parana-tras-ser-aplastado-por-la-cabina-de-un-camion-2-820x545.jpg","newsmatic-list":"https:\/\/lobosnews.com.ar\/wp-content\/uploads\/2026\/04\/un-hombre-en-el-parque-industrial-de-parana-tras-ser-aplastado-por-la-cabina-de-un-camion-2-600x400.jpg","newsmatic-thumb":"https:\/\/lobosnews.com.ar\/wp-content\/uploads\/2026\/04\/un-hombre-en-el-parque-industrial-de-parana-tras-ser-aplastado-por-la-cabina-de-un-camion-2-300x200.jpg","newsmatic-small":"https:\/\/lobosnews.com.ar\/wp-content\/uploads\/2026\/04\/un-hombre-en-el-parque-industrial-de-parana-tras-ser-aplastado-por-la-cabina-de-un-camion-2-150x95.jpg","newsmatic-grid":"https:\/\/lobosnews.com.ar\/wp-content\/uploads\/2026\/04\/un-hombre-en-el-parque-industrial-de-parana-tras-ser-aplastado-por-la-cabina-de-un-camion-2-400x250.jpg"},"magazineBlocksPostAuthor":{"name":"admin","avatar":"https:\/\/secure.gravatar.com\/avatar\/76e419471a2083bc3ceab22a763dbbf9b0c1bd15a6214cf3280e2c2dde4580f9?s=96&d=mm&r=g"},"magazineBlocksPostCommentsNumber":"0","magazineBlocksPostExcerpt":"Un accidente laboral ocurrido este mi\u00e9rcoles en el Parque Industrial de la ciudad de Paran\u00e1, en la provincia de Entre R\u00edos, dej\u00f3 como saldo un trabajador muerto y una mujer con heridas leves. La v\u00edctima fatal fue identificada como Gerardo Hilario Taborda, de 48 a\u00f1os, oriundo de la localidad correntina de Curuz\u00fa Cuati\u00e1, quien perdi\u00f3...","magazineBlocksPostCategories":["Actualidad","Argentina","econom\u00eda","inseguridad","masradios.com","nacionales","seguridad","sociedad"],"magazineBlocksPostViewCount":2,"magazineBlocksPostReadTime":4,"magazine_blocks_featured_image_url":{"full":["https:\/\/lobosnews.com.ar\/wp-content\/uploads\/2026\/04\/un-hombre-en-el-parque-industrial-de-parana-tras-ser-aplastado-por-la-cabina-de-un-camion-2.jpg",1336,752,false],"medium":["https:\/\/lobosnews.com.ar\/wp-content\/uploads\/2026\/04\/un-hombre-en-el-parque-industrial-de-parana-tras-ser-aplastado-por-la-cabina-de-un-camion-2-300x169.jpg",300,169,true],"thumbnail":["https:\/\/lobosnews.com.ar\/wp-content\/uploads\/2026\/04\/un-hombre-en-el-parque-industrial-de-parana-tras-ser-aplastado-por-la-cabina-de-un-camion-2-150x150.jpg",150,150,true]},"magazine_blocks_author":{"display_name":"admin","author_link":"https:\/\/lobosnews.com.ar\/index.php\/author\/lobos-news\/"},"magazine_blocks_comment":0,"magazine_blocks_author_image":"https:\/\/secure.gravatar.com\/avatar\/76e419471a2083bc3ceab22a763dbbf9b0c1bd15a6214cf3280e2c2dde4580f9?s=96&d=mm&r=g","magazine_blocks_category":"<a href=\"#\" class=\"category-link category-link-31\">Actualidad<\/a> <a href=\"#\" class=\"category-link category-link-30\">Argentina<\/a> <a href=\"#\" class=\"category-link category-link-32\">econom\u00eda<\/a> <a href=\"#\" class=\"category-link category-link-77\">inseguridad<\/a> <a href=\"#\" class=\"category-link category-link-84\">masradios.com<\/a> <a href=\"#\" class=\"category-link category-link-35\">nacionales<\/a> <a href=\"#\" class=\"category-link category-link-36\">seguridad<\/a> <a href=\"#\" class=\"category-link category-link-37\">sociedad<\/a>","yoast_head":"<!-- This site is optimized with the Yoast SEO plugin v26.6 - https:\/\/yoast.com\/wordpress\/plugins\/seo\/ -->\n<title>Un hombre en el parque industrial de Paran\u00e1 tras ser aplastado por la cabina de un cami\u00f3n - Lobos News<\/title>\n<meta name=\"robots\" content=\"index, follow, max-snippet:-1, max-image-preview:large, max-video-preview:-1\" \/>\n<link rel=\"canonical\" href=\"https:\/\/lobosnews.com.ar\/index.php\/2026\/04\/29\/un-hombre-en-el-parque-industrial-de-parana-tras-ser-aplastado-por-la-cabina-de-un-camion\/\" \/>\n<meta property=\"og:locale\" content=\"es_ES\" \/>\n<meta property=\"og:type\" content=\"article\" \/>\n<meta property=\"og:title\" content=\"Un hombre en el parque industrial de Paran\u00e1 tras ser aplastado por la cabina de un cami\u00f3n - Lobos News\" \/>\n<meta property=\"og:description\" content=\"Un accidente laboral ocurrido este mi\u00e9rcoles en el Parque Industrial de la ciudad de Paran\u00e1, en la provincia de Entre R\u00edos, dej\u00f3 como saldo un trabajador muerto y una mujer con heridas leves. La v\u00edctima fatal fue identificada como Gerardo Hilario Taborda, de 48 a\u00f1os, oriundo de la localidad correntina de Curuz\u00fa Cuati\u00e1, quien perdi\u00f3...\" \/>\n<meta property=\"og:url\" content=\"https:\/\/lobosnews.com.ar\/index.php\/2026\/04\/29\/un-hombre-en-el-parque-industrial-de-parana-tras-ser-aplastado-por-la-cabina-de-un-camion\/\" \/>\n<meta property=\"og:site_name\" content=\"Lobos News\" \/>\n<meta property=\"article:published_time\" content=\"2026-04-29T23:54:03+00:00\" \/>\n<meta property=\"article:modified_time\" content=\"2026-04-30T03:23:10+00:00\" \/>\n<meta property=\"og:image\" content=\"https:\/\/lobosnews.com.ar\/wp-content\/uploads\/2026\/04\/un-hombre-en-el-parque-industrial-de-parana-tras-ser-aplastado-por-la-cabina-de-un-camion.jpg\" \/>\n<meta name=\"author\" content=\"admin\" \/>\n<meta name=\"twitter:card\" content=\"summary_large_image\" \/>\n<meta name=\"twitter:label1\" content=\"Escrito por\" \/>\n\t<meta name=\"twitter:data1\" content=\"admin\" \/>\n\t<meta name=\"twitter:label2\" content=\"Tiempo de lectura\" \/>\n\t<meta name=\"twitter:data2\" content=\"3 minutos\" \/>\n<script type=\"application\/ld+json\" class=\"yoast-schema-graph\">{\"@context\":\"https:\/\/schema.org\",\"@graph\":[{\"@type\":\"Article\",\"@id\":\"https:\/\/lobosnews.com.ar\/index.php\/2026\/04\/29\/un-hombre-en-el-parque-industrial-de-parana-tras-ser-aplastado-por-la-cabina-de-un-camion\/#article\",\"isPartOf\":{\"@id\":\"https:\/\/lobosnews.com.ar\/index.php\/2026\/04\/29\/un-hombre-en-el-parque-industrial-de-parana-tras-ser-aplastado-por-la-cabina-de-un-camion\/\"},\"author\":{\"name\":\"admin\",\"@id\":\"https:\/\/lobosnews.com.ar\/#\/schema\/person\/232422a593d5c541dd9aef6aaed10943\"},\"headline\":\"Un hombre en el parque industrial de Paran\u00e1 tras ser aplastado por la cabina de un cami\u00f3n\",\"datePublished\":\"2026-04-29T23:54:03+00:00\",\"dateModified\":\"2026-04-30T03:23:10+00:00\",\"mainEntityOfPage\":{\"@id\":\"https:\/\/lobosnews.com.ar\/index.php\/2026\/04\/29\/un-hombre-en-el-parque-industrial-de-parana-tras-ser-aplastado-por-la-cabina-de-un-camion\/\"},\"wordCount\":652,\"commentCount\":0,\"publisher\":{\"@id\":\"https:\/\/lobosnews.com.ar\/#organization\"},\"image\":{\"@id\":\"https:\/\/lobosnews.com.ar\/index.php\/2026\/04\/29\/un-hombre-en-el-parque-industrial-de-parana-tras-ser-aplastado-por-la-cabina-de-un-camion\/#primaryimage\"},\"thumbnailUrl\":\"https:\/\/lobosnews.com.ar\/wp-content\/uploads\/2026\/04\/un-hombre-en-el-parque-industrial-de-parana-tras-ser-aplastado-por-la-cabina-de-un-camion-2.jpg\",\"articleSection\":[\"Actualidad\",\"Argentina\",\"econom\u00eda\",\"inseguridad\",\"masradios.com\",\"nacionales\",\"seguridad\",\"sociedad\"],\"inLanguage\":\"es\",\"potentialAction\":[{\"@type\":\"CommentAction\",\"name\":\"Comment\",\"target\":[\"https:\/\/lobosnews.com.ar\/index.php\/2026\/04\/29\/un-hombre-en-el-parque-industrial-de-parana-tras-ser-aplastado-por-la-cabina-de-un-camion\/#respond\"]}]},{\"@type\":\"WebPage\",\"@id\":\"https:\/\/lobosnews.com.ar\/index.php\/2026\/04\/29\/un-hombre-en-el-parque-industrial-de-parana-tras-ser-aplastado-por-la-cabina-de-un-camion\/\",\"url\":\"https:\/\/lobosnews.com.ar\/index.php\/2026\/04\/29\/un-hombre-en-el-parque-industrial-de-parana-tras-ser-aplastado-por-la-cabina-de-un-camion\/\",\"name\":\"Un hombre en el parque industrial de Paran\u00e1 tras ser aplastado por la cabina de un cami\u00f3n - Lobos News\",\"isPartOf\":{\"@id\":\"https:\/\/lobosnews.com.ar\/#website\"},\"primaryImageOfPage\":{\"@id\":\"https:\/\/lobosnews.com.ar\/index.php\/2026\/04\/29\/un-hombre-en-el-parque-industrial-de-parana-tras-ser-aplastado-por-la-cabina-de-un-camion\/#primaryimage\"},\"image\":{\"@id\":\"https:\/\/lobosnews.com.ar\/index.php\/2026\/04\/29\/un-hombre-en-el-parque-industrial-de-parana-tras-ser-aplastado-por-la-cabina-de-un-camion\/#primaryimage\"},\"thumbnailUrl\":\"https:\/\/lobosnews.com.ar\/wp-content\/uploads\/2026\/04\/un-hombre-en-el-parque-industrial-de-parana-tras-ser-aplastado-por-la-cabina-de-un-camion-2.jpg\",\"datePublished\":\"2026-04-29T23:54:03+00:00\",\"dateModified\":\"2026-04-30T03:23:10+00:00\",\"breadcrumb\":{\"@id\":\"https:\/\/lobosnews.com.ar\/index.php\/2026\/04\/29\/un-hombre-en-el-parque-industrial-de-parana-tras-ser-aplastado-por-la-cabina-de-un-camion\/#breadcrumb\"},\"inLanguage\":\"es\",\"potentialAction\":[{\"@type\":\"ReadAction\",\"target\":[\"https:\/\/lobosnews.com.ar\/index.php\/2026\/04\/29\/un-hombre-en-el-parque-industrial-de-parana-tras-ser-aplastado-por-la-cabina-de-un-camion\/\"]}]},{\"@type\":\"ImageObject\",\"inLanguage\":\"es\",\"@id\":\"https:\/\/lobosnews.com.ar\/index.php\/2026\/04\/29\/un-hombre-en-el-parque-industrial-de-parana-tras-ser-aplastado-por-la-cabina-de-un-camion\/#primaryimage\",\"url\":\"https:\/\/lobosnews.com.ar\/wp-content\/uploads\/2026\/04\/un-hombre-en-el-parque-industrial-de-parana-tras-ser-aplastado-por-la-cabina-de-un-camion-2.jpg\",\"contentUrl\":\"https:\/\/lobosnews.com.ar\/wp-content\/uploads\/2026\/04\/un-hombre-en-el-parque-industrial-de-parana-tras-ser-aplastado-por-la-cabina-de-un-camion-2.jpg\",\"width\":1336,\"height\":752,\"caption\":\"Un hombre en el parque industrial de Paran\u00e1 tras ser aplastado por la cabina de un cami\u00f3n\"},{\"@type\":\"BreadcrumbList\",\"@id\":\"https:\/\/lobosnews.com.ar\/index.php\/2026\/04\/29\/un-hombre-en-el-parque-industrial-de-parana-tras-ser-aplastado-por-la-cabina-de-un-camion\/#breadcrumb\",\"itemListElement\":[{\"@type\":\"ListItem\",\"position\":1,\"name\":\"Portada\",\"item\":\"https:\/\/lobosnews.com.ar\/\"},{\"@type\":\"ListItem\",\"position\":2,\"name\":\"Un hombre en el parque industrial de Paran\u00e1 tras ser aplastado por la cabina de un cami\u00f3n\"}]},{\"@type\":\"WebSite\",\"@id\":\"https:\/\/lobosnews.com.ar\/#website\",\"url\":\"https:\/\/lobosnews.com.ar\/\",\"name\":\"Lobos News\",\"description\":\"Informaci\u00f3n a cada instante\",\"publisher\":{\"@id\":\"https:\/\/lobosnews.com.ar\/#organization\"},\"potentialAction\":[{\"@type\":\"SearchAction\",\"target\":{\"@type\":\"EntryPoint\",\"urlTemplate\":\"https:\/\/lobosnews.com.ar\/?s={search_term_string}\"},\"query-input\":{\"@type\":\"PropertyValueSpecification\",\"valueRequired\":true,\"valueName\":\"search_term_string\"}}],\"inLanguage\":\"es\"},{\"@type\":\"Organization\",\"@id\":\"https:\/\/lobosnews.com.ar\/#organization\",\"name\":\"Lobos News\",\"url\":\"https:\/\/lobosnews.com.ar\/\",\"logo\":{\"@type\":\"ImageObject\",\"inLanguage\":\"es\",\"@id\":\"https:\/\/lobosnews.com.ar\/#\/schema\/logo\/image\/\",\"url\":\"https:\/\/lobosnews.com.ar\/wp-content\/uploads\/2026\/01\/logo-lobosnews.png\",\"contentUrl\":\"https:\/\/lobosnews.com.ar\/wp-content\/uploads\/2026\/01\/logo-lobosnews.png\",\"width\":500,\"height\":200,\"caption\":\"Lobos News\"},\"image\":{\"@id\":\"https:\/\/lobosnews.com.ar\/#\/schema\/logo\/image\/\"}},{\"@type\":\"Person\",\"@id\":\"https:\/\/lobosnews.com.ar\/#\/schema\/person\/232422a593d5c541dd9aef6aaed10943\",\"name\":\"admin\",\"image\":{\"@type\":\"ImageObject\",\"inLanguage\":\"es\",\"@id\":\"https:\/\/lobosnews.com.ar\/#\/schema\/person\/image\/\",\"url\":\"https:\/\/secure.gravatar.com\/avatar\/76e419471a2083bc3ceab22a763dbbf9b0c1bd15a6214cf3280e2c2dde4580f9?s=96&d=mm&r=g\",\"contentUrl\":\"https:\/\/secure.gravatar.com\/avatar\/76e419471a2083bc3ceab22a763dbbf9b0c1bd15a6214cf3280e2c2dde4580f9?s=96&d=mm&r=g\",\"caption\":\"admin\"},\"sameAs\":[\"https:\/\/lobosnews.com.ar\"],\"url\":\"https:\/\/lobosnews.com.ar\/index.php\/author\/lobos-news\/\"}]}<\/script>\n<!-- \/ Yoast SEO plugin. -->","yoast_head_json":{"title":"Un hombre en el parque industrial de Paran\u00e1 tras ser aplastado por la cabina de un cami\u00f3n - Lobos News","robots":{"index":"index","follow":"follow","max-snippet":"max-snippet:-1","max-image-preview":"max-image-preview:large","max-video-preview":"max-video-preview:-1"},"canonical":"https:\/\/lobosnews.com.ar\/index.php\/2026\/04\/29\/un-hombre-en-el-parque-industrial-de-parana-tras-ser-aplastado-por-la-cabina-de-un-camion\/","og_locale":"es_ES","og_type":"article","og_title":"Un hombre en el parque industrial de Paran\u00e1 tras ser aplastado por la cabina de un cami\u00f3n - Lobos News","og_description":"Un accidente laboral ocurrido este mi\u00e9rcoles en el Parque Industrial de la ciudad de Paran\u00e1, en la provincia de Entre R\u00edos, dej\u00f3 como saldo un trabajador muerto y una mujer con heridas leves. La v\u00edctima fatal fue identificada como Gerardo Hilario Taborda, de 48 a\u00f1os, oriundo de la localidad correntina de Curuz\u00fa Cuati\u00e1, quien perdi\u00f3...","og_url":"https:\/\/lobosnews.com.ar\/index.php\/2026\/04\/29\/un-hombre-en-el-parque-industrial-de-parana-tras-ser-aplastado-por-la-cabina-de-un-camion\/","og_site_name":"Lobos News","article_published_time":"2026-04-29T23:54:03+00:00","article_modified_time":"2026-04-30T03:23:10+00:00","og_image":[{"url":"https:\/\/lobosnews.com.ar\/wp-content\/uploads\/2026\/04\/un-hombre-en-el-parque-industrial-de-parana-tras-ser-aplastado-por-la-cabina-de-un-camion.jpg","type":"","width":"","height":""}],"author":"admin","twitter_card":"summary_large_image","twitter_misc":{"Escrito por":"admin","Tiempo de lectura":"3 minutos"},"schema":{"@context":"https:\/\/schema.org","@graph":[{"@type":"Article","@id":"https:\/\/lobosnews.com.ar\/index.php\/2026\/04\/29\/un-hombre-en-el-parque-industrial-de-parana-tras-ser-aplastado-por-la-cabina-de-un-camion\/#article","isPartOf":{"@id":"https:\/\/lobosnews.com.ar\/index.php\/2026\/04\/29\/un-hombre-en-el-parque-industrial-de-parana-tras-ser-aplastado-por-la-cabina-de-un-camion\/"},"author":{"name":"admin","@id":"https:\/\/lobosnews.com.ar\/#\/schema\/person\/232422a593d5c541dd9aef6aaed10943"},"headline":"Un hombre en el parque industrial de Paran\u00e1 tras ser aplastado por la cabina de un cami\u00f3n","datePublished":"2026-04-29T23:54:03+00:00","dateModified":"2026-04-30T03:23:10+00:00","mainEntityOfPage":{"@id":"https:\/\/lobosnews.com.ar\/index.php\/2026\/04\/29\/un-hombre-en-el-parque-industrial-de-parana-tras-ser-aplastado-por-la-cabina-de-un-camion\/"},"wordCount":652,"commentCount":0,"publisher":{"@id":"https:\/\/lobosnews.com.ar\/#organization"},"image":{"@id":"https:\/\/lobosnews.com.ar\/index.php\/2026\/04\/29\/un-hombre-en-el-parque-industrial-de-parana-tras-ser-aplastado-por-la-cabina-de-un-camion\/#primaryimage"},"thumbnailUrl":"https:\/\/lobosnews.com.ar\/wp-content\/uploads\/2026\/04\/un-hombre-en-el-parque-industrial-de-parana-tras-ser-aplastado-por-la-cabina-de-un-camion-2.jpg","articleSection":["Actualidad","Argentina","econom\u00eda","inseguridad","masradios.com","nacionales","seguridad","sociedad"],"inLanguage":"es","potentialAction":[{"@type":"CommentAction","name":"Comment","target":["https:\/\/lobosnews.com.ar\/index.php\/2026\/04\/29\/un-hombre-en-el-parque-industrial-de-parana-tras-ser-aplastado-por-la-cabina-de-un-camion\/#respond"]}]},{"@type":"WebPage","@id":"https:\/\/lobosnews.com.ar\/index.php\/2026\/04\/29\/un-hombre-en-el-parque-industrial-de-parana-tras-ser-aplastado-por-la-cabina-de-un-camion\/","url":"https:\/\/lobosnews.com.ar\/index.php\/2026\/04\/29\/un-hombre-en-el-parque-industrial-de-parana-tras-ser-aplastado-por-la-cabina-de-un-camion\/","name":"Un hombre en el parque industrial de Paran\u00e1 tras ser aplastado por la cabina de un cami\u00f3n - Lobos News","isPartOf":{"@id":"https:\/\/lobosnews.com.ar\/#website"},"primaryImageOfPage":{"@id":"https:\/\/lobosnews.com.ar\/index.php\/2026\/04\/29\/un-hombre-en-el-parque-industrial-de-parana-tras-ser-aplastado-por-la-cabina-de-un-camion\/#primaryimage"},"image":{"@id":"https:\/\/lobosnews.com.ar\/index.php\/2026\/04\/29\/un-hombre-en-el-parque-industrial-de-parana-tras-ser-aplastado-por-la-cabina-de-un-camion\/#primaryimage"},"thumbnailUrl":"https:\/\/lobosnews.com.ar\/wp-content\/uploads\/2026\/04\/un-hombre-en-el-parque-industrial-de-parana-tras-ser-aplastado-por-la-cabina-de-un-camion-2.jpg","datePublished":"2026-04-29T23:54:03+00:00","dateModified":"2026-04-30T03:23:10+00:00","breadcrumb":{"@id":"https:\/\/lobosnews.com.ar\/index.php\/2026\/04\/29\/un-hombre-en-el-parque-industrial-de-parana-tras-ser-aplastado-por-la-cabina-de-un-camion\/#breadcrumb"},"inLanguage":"es","potentialAction":[{"@type":"ReadAction","target":["https:\/\/lobosnews.com.ar\/index.php\/2026\/04\/29\/un-hombre-en-el-parque-industrial-de-parana-tras-ser-aplastado-por-la-cabina-de-un-camion\/"]}]},{"@type":"ImageObject","inLanguage":"es","@id":"https:\/\/lobosnews.com.ar\/index.php\/2026\/04\/29\/un-hombre-en-el-parque-industrial-de-parana-tras-ser-aplastado-por-la-cabina-de-un-camion\/#primaryimage","url":"https:\/\/lobosnews.com.ar\/wp-content\/uploads\/2026\/04\/un-hombre-en-el-parque-industrial-de-parana-tras-ser-aplastado-por-la-cabina-de-un-camion-2.jpg","contentUrl":"https:\/\/lobosnews.com.ar\/wp-content\/uploads\/2026\/04\/un-hombre-en-el-parque-industrial-de-parana-tras-ser-aplastado-por-la-cabina-de-un-camion-2.jpg","width":1336,"height":752,"caption":"Un hombre en el parque industrial de Paran\u00e1 tras ser aplastado por la cabina de un cami\u00f3n"},{"@type":"BreadcrumbList","@id":"https:\/\/lobosnews.com.ar\/index.php\/2026\/04\/29\/un-hombre-en-el-parque-industrial-de-parana-tras-ser-aplastado-por-la-cabina-de-un-camion\/#breadcrumb","itemListElement":[{"@type":"ListItem","position":1,"name":"Portada","item":"https:\/\/lobosnews.com.ar\/"},{"@type":"ListItem","position":2,"name":"Un hombre en el parque industrial de Paran\u00e1 tras ser aplastado por la cabina de un cami\u00f3n"}]},{"@type":"WebSite","@id":"https:\/\/lobosnews.com.ar\/#website","url":"https:\/\/lobosnews.com.ar\/","name":"Lobos News","description":"Informaci\u00f3n a cada instante","publisher":{"@id":"https:\/\/lobosnews.com.ar\/#organization"},"potentialAction":[{"@type":"SearchAction","target":{"@type":"EntryPoint","urlTemplate":"https:\/\/lobosnews.com.ar\/?s={search_term_string}"},"query-input":{"@type":"PropertyValueSpecification","valueRequired":true,"valueName":"search_term_string"}}],"inLanguage":"es"},{"@type":"Organization","@id":"https:\/\/lobosnews.com.ar\/#organization","name":"Lobos News","url":"https:\/\/lobosnews.com.ar\/","logo":{"@type":"ImageObject","inLanguage":"es","@id":"https:\/\/lobosnews.com.ar\/#\/schema\/logo\/image\/","url":"https:\/\/lobosnews.com.ar\/wp-content\/uploads\/2026\/01\/logo-lobosnews.png","contentUrl":"https:\/\/lobosnews.com.ar\/wp-content\/uploads\/2026\/01\/logo-lobosnews.png","width":500,"height":200,"caption":"Lobos News"},"image":{"@id":"https:\/\/lobosnews.com.ar\/#\/schema\/logo\/image\/"}},{"@type":"Person","@id":"https:\/\/lobosnews.com.ar\/#\/schema\/person\/232422a593d5c541dd9aef6aaed10943","name":"admin","image":{"@type":"ImageObject","inLanguage":"es","@id":"https:\/\/lobosnews.com.ar\/#\/schema\/person\/image\/","url":"https:\/\/secure.gravatar.com\/avatar\/76e419471a2083bc3ceab22a763dbbf9b0c1bd15a6214cf3280e2c2dde4580f9?s=96&d=mm&r=g","contentUrl":"https:\/\/secure.gravatar.com\/avatar\/76e419471a2083bc3ceab22a763dbbf9b0c1bd15a6214cf3280e2c2dde4580f9?s=96&d=mm&r=g","caption":"admin"},"sameAs":["https:\/\/lobosnews.com.ar"],"url":"https:\/\/lobosnews.com.ar\/index.php\/author\/lobos-news\/"}]}},"jetpack_featured_media_url":"https:\/\/lobosnews.com.ar\/wp-content\/uploads\/2026\/04\/un-hombre-en-el-parque-industrial-de-parana-tras-ser-aplastado-por-la-cabina-de-un-camion-2.jpg","jetpack_sharing_enabled":true,"_links":{"self":[{"href":"https:\/\/lobosnews.com.ar\/index.php\/wp-json\/wp\/v2\/posts\/47539","targetHints":{"allow":["GET"]}}],"collection":[{"href":"https:\/\/lobosnews.com.ar\/index.php\/wp-json\/wp\/v2\/posts"}],"about":[{"href":"https:\/\/lobosnews.com.ar\/index.php\/wp-json\/wp\/v2\/types\/post"}],"author":[{"embeddable":true,"href":"https:\/\/lobosnews.com.ar\/index.php\/wp-json\/wp\/v2\/users\/1"}],"replies":[{"embeddable":true,"href":"https:\/\/lobosnews.com.ar\/index.php\/wp-json\/wp\/v2\/comments?post=47539"}],"version-history":[{"count":1,"href":"https:\/\/lobosnews.com.ar\/index.php\/wp-json\/wp\/v2\/posts\/47539\/revisions"}],"predecessor-version":[{"id":47542,"href":"https:\/\/lobosnews.com.ar\/index.php\/wp-json\/wp\/v2\/posts\/47539\/revisions\/47542"}],"wp:featuredmedia":[{"embeddable":true,"href":"https:\/\/lobosnews.com.ar\/index.php\/wp-json\/wp\/v2\/media\/47543"}],"wp:attachment":[{"href":"https:\/\/lobosnews.com.ar\/index.php\/wp-json\/wp\/v2\/media?parent=47539"}],"wp:term":[{"taxonomy":"category","embeddable":true,"href":"https:\/\/lobosnews.com.ar\/index.php\/wp-json\/wp\/v2\/categories?post=47539"},{"taxonomy":"post_tag","embeddable":true,"href":"https:\/\/lobosnews.com.ar\/index.php\/wp-json\/wp\/v2\/tags?post=47539"}],"curies":[{"name":"wp","href":"https:\/\/api.w.org\/{rel}","templated":true}]}}