{"id":47524,"date":"2026-04-30T00:50:59","date_gmt":"2026-04-30T00:50:59","guid":{"rendered":"https:\/\/lobosnews.com.ar\/index.php\/2026\/04\/30\/si-abris-el-local-te-matamos-la-amenaza-a-un-supermercadista-chino-que-termino-con-dos-detenidos-en-mar-del-plata\/"},"modified":"2026-04-30T03:22:13","modified_gmt":"2026-04-30T03:22:13","slug":"si-abris-el-local-te-matamos-la-amenaza-a-un-supermercadista-chino-que-termino-con-dos-detenidos-en-mar-del-plata","status":"publish","type":"post","link":"https:\/\/lobosnews.com.ar\/index.php\/2026\/04\/30\/si-abris-el-local-te-matamos-la-amenaza-a-un-supermercadista-chino-que-termino-con-dos-detenidos-en-mar-del-plata\/","title":{"rendered":"\u201cSi abr\u00eds el local, te matamos\u201d: la amenaza a un supermercadista chino que termin\u00f3 con dos detenidos en Mar del Plata"},"content":{"rendered":"<p>Un comerciante de origen chino que estaba a punto de inaugurar su local en <b>Mar del Plata<\/b> denunci\u00f3 que recibi\u00f3 <b>amenazas de muerte<\/b> escritas en la persiana de su negocio. La advertencia \u2014pintada con aerosol rojo en idioma chino\u2014 no dejaba margen para dudas: <b>\u201cSi abr\u00eds el local, te matamos\u201d<\/b>. <\/p>\n<p>El caso activ\u00f3 una investigaci\u00f3n judicial que termin\u00f3 con dos sospechosos detenidos, el secuestro de armas y una suma millonaria de dinero en efectivo.<\/p>\n<p>El operativo fue llevado adelante por personal de la <b>DDI Mar del Plata<\/b> y estuvo a cargo de la fiscal <b>Florencia Salas<\/b>, titular de la UFI N\u00b0 1, quien dio inicio a una causa por el delito de \u201cCoacci\u00f3n\u201d. <\/p>\n<p>La v\u00edctima fue identificada como <b>Chen Jian Iao<\/b>, un ciudadano chino con DNI argentino, quien el pasado 23 de abril radic\u00f3 la denuncia tras encontrar las pintadas intimidatorias en su comercio de la calle Fleming al 100, pr\u00f3ximo a abrir sus puertas. <\/p>\n<p>Seg\u00fan indic\u00f3, <b>el rojo es utilizado por la \u201cmafia china\u201d para simbolizar la sangre de las v\u00edctimas<\/b>. De acuerdo con la hip\u00f3tesis del comerciante, los autores buscaban que no abriera el supermercado o que pagara por protecci\u00f3n.<\/p>\n<p><img loading=\"lazy\" decoding=\"async\" src=\"https:\/\/lobosnews.com.ar\/wp-content\/uploads\/2026\/04\/si-abris-el-local-te-matamos-la-amenaza-a-un-supermercadista-chino-que-termino-con-dos-detenidos-en-mar-del-plata.jpg\" alt=\"Los detenidos Ni Fei (38) y Liao Deping (36) ambos de nacionalidad china y con documentaci\u00f3n argentina\" height=\"1080\" width=\"1920\"\/><\/p>\n<p>A partir de la denuncia, la DDI inici\u00f3 tareas de inteligencia que incluyeron relevamiento de c\u00e1maras de seguridad, seguimientos encubiertos y an\u00e1lisis de movimientos en la zona. Con esos elementos, lograron identificar a los presuntos autores y el veh\u00edculo utilizado en el hecho. Con esa informaci\u00f3n, la fiscal\u00eda solicit\u00f3 \u00f3rdenes de allanamiento y requisa vehicular, que fueron autorizadas por la Justicia.<\/p>\n<p>Los procedimientos se concretaron en las \u00faltimas horas en un comercio ubicado sobre la calle Cerrito al 300 (a unas seis cuadras), donde fueron aprehendidos dos hombres: <b>Ni Fei<\/b>, de 38 a\u00f1os, y <b>Liao Deping<\/b>, de 36, ambos de nacionalidad china y con documentaci\u00f3n argentina.<\/p>\n<p>Durante el operativo, <b>los agentes secuestraron 184 millones de pesos en efectivo<\/b>, dos pistolas calibre 9 mil\u00edmetros marca Pietro Beretta con cargadores y 13 municiones, adem\u00e1s de tel\u00e9fonos celulares y prendas de vestir que habr\u00edan sido utilizadas durante el episodio intimidatorio. Tambi\u00e9n se incaut\u00f3 una camioneta Toyota Hilux SW4 negra, aunque en el interior no se encontraron elementos de inter\u00e9s para la causa.<\/p>\n<p><img loading=\"lazy\" decoding=\"async\" src=\"https:\/\/lobosnews.com.ar\/wp-content\/uploads\/2026\/04\/si-abris-el-local-te-matamos-la-amenaza-a-un-supermercadista-chino-que-termino-con-dos-detenidos-en-mar-del-plata-1.jpg\" alt=\"Durante el operativo, los agentes secuestraron 184 millones de pesos en efectivo\" height=\"1200\" width=\"1600\"\/><\/p>\n<p>Fuentes del caso indicaron que Ni Fei fue imputado por coacci\u00f3n y tenencia ilegal de arma de guerra, mientras que Liao Deping enfrenta cargos por coacci\u00f3n. Ambos quedaron a disposici\u00f3n de la fiscal\u00eda interviniente, que en las pr\u00f3ximas horas deber\u00e1 resolver su situaci\u00f3n procesal.<\/p>\n<p>En paralelo, intervino personal de Migraciones, que constat\u00f3 que los sospechosos no presentaban irregularidades en su situaci\u00f3n documental en el pa\u00eds. Asimismo, inspectores de la Municipalidad de General Pueyrred\u00f3n dispusieron la <b>clausura del comercio allanado<\/b> por graves falencias edilicias y de seguridad.<\/p>\n<p><img loading=\"lazy\" decoding=\"async\" src=\"https:\/\/lobosnews.com.ar\/wp-content\/uploads\/2026\/04\/si-abris-el-local-te-matamos-la-amenaza-a-un-supermercadista-chino-que-termino-con-dos-detenidos-en-mar-del-plata-2.jpg\" alt=\"La indumentaria, las armas, las minuciones y los tel\u00e9fonos secuestrados este mi\u00e9rcoles durante el operativo\" height=\"738\" width=\"1600\"\/><\/p>\n<p>Seg\u00fan el diario <i>La Capital<\/i> de Mar del Plata, el supermercado ubicado en la calle Cerrito al 300 es uno de los primeros en la ciudad y sus due\u00f1os poseen otro a poca distancia de all\u00ed.<\/p>\n<p>En ese mismo medio indicaron que el conflicto podr\u00eda estar vinculado a una regla no escrita entre supermercadistas de esa colectividad: evitar la apertura de nuevos comercios en un radio cercano \u2014estimado en unos 500 metros\u2014 cuando ya existe otro en funcionamiento.<\/p>\n<p>Por caso, la investigaci\u00f3n continuar\u00e1 para determinar si los detenidos actuaban de manera aut\u00f3noma o si formaban parte de una estructura m\u00e1s amplia. En ese sentido, no se descartan nuevas medidas en las pr\u00f3ximas horas, en especial a partir del an\u00e1lisis del contenido de los celulares secuestrados y el origen del dinero incautado.<\/p>\n","protected":false},"excerpt":{"rendered":"<p>Un comerciante de origen chino que estaba a punto de inaugurar su local en Mar del Plata denunci\u00f3 que recibi\u00f3 amenazas de muerte escritas en la persiana de su negocio. La advertencia \u2014pintada con aerosol rojo en idioma chino\u2014 no dejaba margen para dudas: \u201cSi abr\u00eds el local, te matamos\u201d. El caso activ\u00f3 una investigaci\u00f3n&#8230;<\/p>\n","protected":false},"author":1,"featured_media":47530,"comment_status":"open","ping_status":"closed","sticky":false,"template":"","format":"standard","meta":{"_jetpack_memberships_contains_paid_content":false,"footnotes":""},"categories":[31,30,32,77,84,35,36,37],"tags":[],"class_list":["post-47524","post","type-post","status-publish","format-standard","has-post-thumbnail","hentry","category-actualidad","category-argentina","category-economia","category-inseguridad","category-masradios-com","category-nacionales","category-seguridad","category-sociedad"],"magazineBlocksPostFeaturedMedia":{"thumbnail":"https:\/\/lobosnews.com.ar\/wp-content\/uploads\/2026\/04\/si-abris-el-local-te-matamos-la-amenaza-a-un-supermercadista-chino-que-termino-con-dos-detenidos-en-mar-del-plata-6-150x150.jpg","medium":"https:\/\/lobosnews.com.ar\/wp-content\/uploads\/2026\/04\/si-abris-el-local-te-matamos-la-amenaza-a-un-supermercadista-chino-que-termino-con-dos-detenidos-en-mar-del-plata-6-300x138.jpg","medium_large":"https:\/\/lobosnews.com.ar\/wp-content\/uploads\/2026\/04\/si-abris-el-local-te-matamos-la-amenaza-a-un-supermercadista-chino-que-termino-con-dos-detenidos-en-mar-del-plata-6-768x354.jpg","large":"https:\/\/lobosnews.com.ar\/wp-content\/uploads\/2026\/04\/si-abris-el-local-te-matamos-la-amenaza-a-un-supermercadista-chino-que-termino-con-dos-detenidos-en-mar-del-plata-6-1024x472.jpg","1536x1536":"https:\/\/lobosnews.com.ar\/wp-content\/uploads\/2026\/04\/si-abris-el-local-te-matamos-la-amenaza-a-un-supermercadista-chino-que-termino-con-dos-detenidos-en-mar-del-plata-6-1536x708.jpg","2048x2048":"https:\/\/lobosnews.com.ar\/wp-content\/uploads\/2026\/04\/si-abris-el-local-te-matamos-la-amenaza-a-un-supermercadista-chino-que-termino-con-dos-detenidos-en-mar-del-plata-6.jpg","newsmatic-featured":"https:\/\/lobosnews.com.ar\/wp-content\/uploads\/2026\/04\/si-abris-el-local-te-matamos-la-amenaza-a-un-supermercadista-chino-que-termino-con-dos-detenidos-en-mar-del-plata-6-820x545.jpg","newsmatic-list":"https:\/\/lobosnews.com.ar\/wp-content\/uploads\/2026\/04\/si-abris-el-local-te-matamos-la-amenaza-a-un-supermercadista-chino-que-termino-con-dos-detenidos-en-mar-del-plata-6-600x400.jpg","newsmatic-thumb":"https:\/\/lobosnews.com.ar\/wp-content\/uploads\/2026\/04\/si-abris-el-local-te-matamos-la-amenaza-a-un-supermercadista-chino-que-termino-con-dos-detenidos-en-mar-del-plata-6-300x200.jpg","newsmatic-small":"https:\/\/lobosnews.com.ar\/wp-content\/uploads\/2026\/04\/si-abris-el-local-te-matamos-la-amenaza-a-un-supermercadista-chino-que-termino-con-dos-detenidos-en-mar-del-plata-6-150x95.jpg","newsmatic-grid":"https:\/\/lobosnews.com.ar\/wp-content\/uploads\/2026\/04\/si-abris-el-local-te-matamos-la-amenaza-a-un-supermercadista-chino-que-termino-con-dos-detenidos-en-mar-del-plata-6-400x250.jpg"},"magazineBlocksPostAuthor":{"name":"admin","avatar":"https:\/\/secure.gravatar.com\/avatar\/76e419471a2083bc3ceab22a763dbbf9b0c1bd15a6214cf3280e2c2dde4580f9?s=96&d=mm&r=g"},"magazineBlocksPostCommentsNumber":"0","magazineBlocksPostExcerpt":"Un comerciante de origen chino que estaba a punto de inaugurar su local en Mar del Plata denunci\u00f3 que recibi\u00f3 amenazas de muerte escritas en la persiana de su negocio. La advertencia \u2014pintada con aerosol rojo en idioma chino\u2014 no dejaba margen para dudas: \u201cSi abr\u00eds el local, te matamos\u201d. El caso activ\u00f3 una investigaci\u00f3n...","magazineBlocksPostCategories":["Actualidad","Argentina","econom\u00eda","inseguridad","masradios.com","nacionales","seguridad","sociedad"],"magazineBlocksPostViewCount":1,"magazineBlocksPostReadTime":4,"magazine_blocks_featured_image_url":{"full":["https:\/\/lobosnews.com.ar\/wp-content\/uploads\/2026\/04\/si-abris-el-local-te-matamos-la-amenaza-a-un-supermercadista-chino-que-termino-con-dos-detenidos-en-mar-del-plata-6.jpg",1600,738,false],"medium":["https:\/\/lobosnews.com.ar\/wp-content\/uploads\/2026\/04\/si-abris-el-local-te-matamos-la-amenaza-a-un-supermercadista-chino-que-termino-con-dos-detenidos-en-mar-del-plata-6-300x138.jpg",300,138,true],"thumbnail":["https:\/\/lobosnews.com.ar\/wp-content\/uploads\/2026\/04\/si-abris-el-local-te-matamos-la-amenaza-a-un-supermercadista-chino-que-termino-con-dos-detenidos-en-mar-del-plata-6-150x150.jpg",150,150,true]},"magazine_blocks_author":{"display_name":"admin","author_link":"https:\/\/lobosnews.com.ar\/index.php\/author\/lobos-news\/"},"magazine_blocks_comment":0,"magazine_blocks_author_image":"https:\/\/secure.gravatar.com\/avatar\/76e419471a2083bc3ceab22a763dbbf9b0c1bd15a6214cf3280e2c2dde4580f9?s=96&d=mm&r=g","magazine_blocks_category":"<a href=\"#\" class=\"category-link category-link-31\">Actualidad<\/a> <a href=\"#\" class=\"category-link category-link-30\">Argentina<\/a> <a href=\"#\" class=\"category-link category-link-32\">econom\u00eda<\/a> <a href=\"#\" class=\"category-link category-link-77\">inseguridad<\/a> <a href=\"#\" class=\"category-link category-link-84\">masradios.com<\/a> <a href=\"#\" class=\"category-link category-link-35\">nacionales<\/a> <a href=\"#\" class=\"category-link category-link-36\">seguridad<\/a> <a href=\"#\" class=\"category-link category-link-37\">sociedad<\/a>","yoast_head":"<!-- This site is optimized with the Yoast SEO plugin v26.6 - https:\/\/yoast.com\/wordpress\/plugins\/seo\/ -->\n<title>\u201cSi abr\u00eds el local, te matamos\u201d: la amenaza a un supermercadista chino que termin\u00f3 con dos detenidos en Mar del Plata - Lobos News<\/title>\n<meta name=\"robots\" content=\"index, follow, max-snippet:-1, max-image-preview:large, max-video-preview:-1\" \/>\n<link rel=\"canonical\" href=\"https:\/\/lobosnews.com.ar\/index.php\/2026\/04\/30\/si-abris-el-local-te-matamos-la-amenaza-a-un-supermercadista-chino-que-termino-con-dos-detenidos-en-mar-del-plata\/\" \/>\n<meta property=\"og:locale\" content=\"es_ES\" \/>\n<meta property=\"og:type\" content=\"article\" \/>\n<meta property=\"og:title\" content=\"\u201cSi abr\u00eds el local, te matamos\u201d: la amenaza a un supermercadista chino que termin\u00f3 con dos detenidos en Mar del Plata - Lobos News\" \/>\n<meta property=\"og:description\" content=\"Un comerciante de origen chino que estaba a punto de inaugurar su local en Mar del Plata denunci\u00f3 que recibi\u00f3 amenazas de muerte escritas en la persiana de su negocio. La advertencia \u2014pintada con aerosol rojo en idioma chino\u2014 no dejaba margen para dudas: \u201cSi abr\u00eds el local, te matamos\u201d. El caso activ\u00f3 una investigaci\u00f3n...\" \/>\n<meta property=\"og:url\" content=\"https:\/\/lobosnews.com.ar\/index.php\/2026\/04\/30\/si-abris-el-local-te-matamos-la-amenaza-a-un-supermercadista-chino-que-termino-con-dos-detenidos-en-mar-del-plata\/\" \/>\n<meta property=\"og:site_name\" content=\"Lobos News\" \/>\n<meta property=\"article:published_time\" content=\"2026-04-30T00:50:59+00:00\" \/>\n<meta property=\"article:modified_time\" content=\"2026-04-30T03:22:13+00:00\" \/>\n<meta property=\"og:image\" content=\"https:\/\/lobosnews.com.ar\/wp-content\/uploads\/2026\/04\/si-abris-el-local-te-matamos-la-amenaza-a-un-supermercadista-chino-que-termino-con-dos-detenidos-en-mar-del-plata.jpg\" \/>\n<meta name=\"author\" content=\"admin\" \/>\n<meta name=\"twitter:card\" content=\"summary_large_image\" \/>\n<meta name=\"twitter:label1\" content=\"Escrito por\" \/>\n\t<meta name=\"twitter:data1\" content=\"admin\" \/>\n\t<meta name=\"twitter:label2\" content=\"Tiempo de lectura\" \/>\n\t<meta name=\"twitter:data2\" content=\"3 minutos\" \/>\n<script type=\"application\/ld+json\" class=\"yoast-schema-graph\">{\"@context\":\"https:\/\/schema.org\",\"@graph\":[{\"@type\":\"Article\",\"@id\":\"https:\/\/lobosnews.com.ar\/index.php\/2026\/04\/30\/si-abris-el-local-te-matamos-la-amenaza-a-un-supermercadista-chino-que-termino-con-dos-detenidos-en-mar-del-plata\/#article\",\"isPartOf\":{\"@id\":\"https:\/\/lobosnews.com.ar\/index.php\/2026\/04\/30\/si-abris-el-local-te-matamos-la-amenaza-a-un-supermercadista-chino-que-termino-con-dos-detenidos-en-mar-del-plata\/\"},\"author\":{\"name\":\"admin\",\"@id\":\"https:\/\/lobosnews.com.ar\/#\/schema\/person\/232422a593d5c541dd9aef6aaed10943\"},\"headline\":\"\u201cSi abr\u00eds el local, te matamos\u201d: la amenaza a un supermercadista chino que termin\u00f3 con dos detenidos en Mar del Plata\",\"datePublished\":\"2026-04-30T00:50:59+00:00\",\"dateModified\":\"2026-04-30T03:22:13+00:00\",\"mainEntityOfPage\":{\"@id\":\"https:\/\/lobosnews.com.ar\/index.php\/2026\/04\/30\/si-abris-el-local-te-matamos-la-amenaza-a-un-supermercadista-chino-que-termino-con-dos-detenidos-en-mar-del-plata\/\"},\"wordCount\":628,\"commentCount\":0,\"publisher\":{\"@id\":\"https:\/\/lobosnews.com.ar\/#organization\"},\"image\":{\"@id\":\"https:\/\/lobosnews.com.ar\/index.php\/2026\/04\/30\/si-abris-el-local-te-matamos-la-amenaza-a-un-supermercadista-chino-que-termino-con-dos-detenidos-en-mar-del-plata\/#primaryimage\"},\"thumbnailUrl\":\"https:\/\/lobosnews.com.ar\/wp-content\/uploads\/2026\/04\/si-abris-el-local-te-matamos-la-amenaza-a-un-supermercadista-chino-que-termino-con-dos-detenidos-en-mar-del-plata-6.jpg\",\"articleSection\":[\"Actualidad\",\"Argentina\",\"econom\u00eda\",\"inseguridad\",\"masradios.com\",\"nacionales\",\"seguridad\",\"sociedad\"],\"inLanguage\":\"es\",\"potentialAction\":[{\"@type\":\"CommentAction\",\"name\":\"Comment\",\"target\":[\"https:\/\/lobosnews.com.ar\/index.php\/2026\/04\/30\/si-abris-el-local-te-matamos-la-amenaza-a-un-supermercadista-chino-que-termino-con-dos-detenidos-en-mar-del-plata\/#respond\"]}]},{\"@type\":\"WebPage\",\"@id\":\"https:\/\/lobosnews.com.ar\/index.php\/2026\/04\/30\/si-abris-el-local-te-matamos-la-amenaza-a-un-supermercadista-chino-que-termino-con-dos-detenidos-en-mar-del-plata\/\",\"url\":\"https:\/\/lobosnews.com.ar\/index.php\/2026\/04\/30\/si-abris-el-local-te-matamos-la-amenaza-a-un-supermercadista-chino-que-termino-con-dos-detenidos-en-mar-del-plata\/\",\"name\":\"\u201cSi abr\u00eds el local, te matamos\u201d: la amenaza a un supermercadista chino que termin\u00f3 con dos detenidos en Mar del Plata - Lobos News\",\"isPartOf\":{\"@id\":\"https:\/\/lobosnews.com.ar\/#website\"},\"primaryImageOfPage\":{\"@id\":\"https:\/\/lobosnews.com.ar\/index.php\/2026\/04\/30\/si-abris-el-local-te-matamos-la-amenaza-a-un-supermercadista-chino-que-termino-con-dos-detenidos-en-mar-del-plata\/#primaryimage\"},\"image\":{\"@id\":\"https:\/\/lobosnews.com.ar\/index.php\/2026\/04\/30\/si-abris-el-local-te-matamos-la-amenaza-a-un-supermercadista-chino-que-termino-con-dos-detenidos-en-mar-del-plata\/#primaryimage\"},\"thumbnailUrl\":\"https:\/\/lobosnews.com.ar\/wp-content\/uploads\/2026\/04\/si-abris-el-local-te-matamos-la-amenaza-a-un-supermercadista-chino-que-termino-con-dos-detenidos-en-mar-del-plata-6.jpg\",\"datePublished\":\"2026-04-30T00:50:59+00:00\",\"dateModified\":\"2026-04-30T03:22:13+00:00\",\"breadcrumb\":{\"@id\":\"https:\/\/lobosnews.com.ar\/index.php\/2026\/04\/30\/si-abris-el-local-te-matamos-la-amenaza-a-un-supermercadista-chino-que-termino-con-dos-detenidos-en-mar-del-plata\/#breadcrumb\"},\"inLanguage\":\"es\",\"potentialAction\":[{\"@type\":\"ReadAction\",\"target\":[\"https:\/\/lobosnews.com.ar\/index.php\/2026\/04\/30\/si-abris-el-local-te-matamos-la-amenaza-a-un-supermercadista-chino-que-termino-con-dos-detenidos-en-mar-del-plata\/\"]}]},{\"@type\":\"ImageObject\",\"inLanguage\":\"es\",\"@id\":\"https:\/\/lobosnews.com.ar\/index.php\/2026\/04\/30\/si-abris-el-local-te-matamos-la-amenaza-a-un-supermercadista-chino-que-termino-con-dos-detenidos-en-mar-del-plata\/#primaryimage\",\"url\":\"https:\/\/lobosnews.com.ar\/wp-content\/uploads\/2026\/04\/si-abris-el-local-te-matamos-la-amenaza-a-un-supermercadista-chino-que-termino-con-dos-detenidos-en-mar-del-plata-6.jpg\",\"contentUrl\":\"https:\/\/lobosnews.com.ar\/wp-content\/uploads\/2026\/04\/si-abris-el-local-te-matamos-la-amenaza-a-un-supermercadista-chino-que-termino-con-dos-detenidos-en-mar-del-plata-6.jpg\",\"width\":1600,\"height\":738,\"caption\":\"\u201cSi abr\u00eds el local, te matamos\u201d: la amenaza a un supermercadista chino que termin\u00f3 con dos detenidos en Mar del Plata\"},{\"@type\":\"BreadcrumbList\",\"@id\":\"https:\/\/lobosnews.com.ar\/index.php\/2026\/04\/30\/si-abris-el-local-te-matamos-la-amenaza-a-un-supermercadista-chino-que-termino-con-dos-detenidos-en-mar-del-plata\/#breadcrumb\",\"itemListElement\":[{\"@type\":\"ListItem\",\"position\":1,\"name\":\"Portada\",\"item\":\"https:\/\/lobosnews.com.ar\/\"},{\"@type\":\"ListItem\",\"position\":2,\"name\":\"\u201cSi abr\u00eds el local, te matamos\u201d: la amenaza a un supermercadista chino que termin\u00f3 con dos detenidos en Mar del Plata\"}]},{\"@type\":\"WebSite\",\"@id\":\"https:\/\/lobosnews.com.ar\/#website\",\"url\":\"https:\/\/lobosnews.com.ar\/\",\"name\":\"Lobos News\",\"description\":\"Informaci\u00f3n a cada instante\",\"publisher\":{\"@id\":\"https:\/\/lobosnews.com.ar\/#organization\"},\"potentialAction\":[{\"@type\":\"SearchAction\",\"target\":{\"@type\":\"EntryPoint\",\"urlTemplate\":\"https:\/\/lobosnews.com.ar\/?s={search_term_string}\"},\"query-input\":{\"@type\":\"PropertyValueSpecification\",\"valueRequired\":true,\"valueName\":\"search_term_string\"}}],\"inLanguage\":\"es\"},{\"@type\":\"Organization\",\"@id\":\"https:\/\/lobosnews.com.ar\/#organization\",\"name\":\"Lobos News\",\"url\":\"https:\/\/lobosnews.com.ar\/\",\"logo\":{\"@type\":\"ImageObject\",\"inLanguage\":\"es\",\"@id\":\"https:\/\/lobosnews.com.ar\/#\/schema\/logo\/image\/\",\"url\":\"https:\/\/lobosnews.com.ar\/wp-content\/uploads\/2026\/01\/logo-lobosnews.png\",\"contentUrl\":\"https:\/\/lobosnews.com.ar\/wp-content\/uploads\/2026\/01\/logo-lobosnews.png\",\"width\":500,\"height\":200,\"caption\":\"Lobos News\"},\"image\":{\"@id\":\"https:\/\/lobosnews.com.ar\/#\/schema\/logo\/image\/\"}},{\"@type\":\"Person\",\"@id\":\"https:\/\/lobosnews.com.ar\/#\/schema\/person\/232422a593d5c541dd9aef6aaed10943\",\"name\":\"admin\",\"image\":{\"@type\":\"ImageObject\",\"inLanguage\":\"es\",\"@id\":\"https:\/\/lobosnews.com.ar\/#\/schema\/person\/image\/\",\"url\":\"https:\/\/secure.gravatar.com\/avatar\/76e419471a2083bc3ceab22a763dbbf9b0c1bd15a6214cf3280e2c2dde4580f9?s=96&d=mm&r=g\",\"contentUrl\":\"https:\/\/secure.gravatar.com\/avatar\/76e419471a2083bc3ceab22a763dbbf9b0c1bd15a6214cf3280e2c2dde4580f9?s=96&d=mm&r=g\",\"caption\":\"admin\"},\"sameAs\":[\"https:\/\/lobosnews.com.ar\"],\"url\":\"https:\/\/lobosnews.com.ar\/index.php\/author\/lobos-news\/\"}]}<\/script>\n<!-- \/ Yoast SEO plugin. -->","yoast_head_json":{"title":"\u201cSi abr\u00eds el local, te matamos\u201d: la amenaza a un supermercadista chino que termin\u00f3 con dos detenidos en Mar del Plata - Lobos News","robots":{"index":"index","follow":"follow","max-snippet":"max-snippet:-1","max-image-preview":"max-image-preview:large","max-video-preview":"max-video-preview:-1"},"canonical":"https:\/\/lobosnews.com.ar\/index.php\/2026\/04\/30\/si-abris-el-local-te-matamos-la-amenaza-a-un-supermercadista-chino-que-termino-con-dos-detenidos-en-mar-del-plata\/","og_locale":"es_ES","og_type":"article","og_title":"\u201cSi abr\u00eds el local, te matamos\u201d: la amenaza a un supermercadista chino que termin\u00f3 con dos detenidos en Mar del Plata - Lobos News","og_description":"Un comerciante de origen chino que estaba a punto de inaugurar su local en Mar del Plata denunci\u00f3 que recibi\u00f3 amenazas de muerte escritas en la persiana de su negocio. La advertencia \u2014pintada con aerosol rojo en idioma chino\u2014 no dejaba margen para dudas: \u201cSi abr\u00eds el local, te matamos\u201d. El caso activ\u00f3 una investigaci\u00f3n...","og_url":"https:\/\/lobosnews.com.ar\/index.php\/2026\/04\/30\/si-abris-el-local-te-matamos-la-amenaza-a-un-supermercadista-chino-que-termino-con-dos-detenidos-en-mar-del-plata\/","og_site_name":"Lobos News","article_published_time":"2026-04-30T00:50:59+00:00","article_modified_time":"2026-04-30T03:22:13+00:00","og_image":[{"url":"https:\/\/lobosnews.com.ar\/wp-content\/uploads\/2026\/04\/si-abris-el-local-te-matamos-la-amenaza-a-un-supermercadista-chino-que-termino-con-dos-detenidos-en-mar-del-plata.jpg","type":"","width":"","height":""}],"author":"admin","twitter_card":"summary_large_image","twitter_misc":{"Escrito por":"admin","Tiempo de lectura":"3 minutos"},"schema":{"@context":"https:\/\/schema.org","@graph":[{"@type":"Article","@id":"https:\/\/lobosnews.com.ar\/index.php\/2026\/04\/30\/si-abris-el-local-te-matamos-la-amenaza-a-un-supermercadista-chino-que-termino-con-dos-detenidos-en-mar-del-plata\/#article","isPartOf":{"@id":"https:\/\/lobosnews.com.ar\/index.php\/2026\/04\/30\/si-abris-el-local-te-matamos-la-amenaza-a-un-supermercadista-chino-que-termino-con-dos-detenidos-en-mar-del-plata\/"},"author":{"name":"admin","@id":"https:\/\/lobosnews.com.ar\/#\/schema\/person\/232422a593d5c541dd9aef6aaed10943"},"headline":"\u201cSi abr\u00eds el local, te matamos\u201d: la amenaza a un supermercadista chino que termin\u00f3 con dos detenidos en Mar del Plata","datePublished":"2026-04-30T00:50:59+00:00","dateModified":"2026-04-30T03:22:13+00:00","mainEntityOfPage":{"@id":"https:\/\/lobosnews.com.ar\/index.php\/2026\/04\/30\/si-abris-el-local-te-matamos-la-amenaza-a-un-supermercadista-chino-que-termino-con-dos-detenidos-en-mar-del-plata\/"},"wordCount":628,"commentCount":0,"publisher":{"@id":"https:\/\/lobosnews.com.ar\/#organization"},"image":{"@id":"https:\/\/lobosnews.com.ar\/index.php\/2026\/04\/30\/si-abris-el-local-te-matamos-la-amenaza-a-un-supermercadista-chino-que-termino-con-dos-detenidos-en-mar-del-plata\/#primaryimage"},"thumbnailUrl":"https:\/\/lobosnews.com.ar\/wp-content\/uploads\/2026\/04\/si-abris-el-local-te-matamos-la-amenaza-a-un-supermercadista-chino-que-termino-con-dos-detenidos-en-mar-del-plata-6.jpg","articleSection":["Actualidad","Argentina","econom\u00eda","inseguridad","masradios.com","nacionales","seguridad","sociedad"],"inLanguage":"es","potentialAction":[{"@type":"CommentAction","name":"Comment","target":["https:\/\/lobosnews.com.ar\/index.php\/2026\/04\/30\/si-abris-el-local-te-matamos-la-amenaza-a-un-supermercadista-chino-que-termino-con-dos-detenidos-en-mar-del-plata\/#respond"]}]},{"@type":"WebPage","@id":"https:\/\/lobosnews.com.ar\/index.php\/2026\/04\/30\/si-abris-el-local-te-matamos-la-amenaza-a-un-supermercadista-chino-que-termino-con-dos-detenidos-en-mar-del-plata\/","url":"https:\/\/lobosnews.com.ar\/index.php\/2026\/04\/30\/si-abris-el-local-te-matamos-la-amenaza-a-un-supermercadista-chino-que-termino-con-dos-detenidos-en-mar-del-plata\/","name":"\u201cSi abr\u00eds el local, te matamos\u201d: la amenaza a un supermercadista chino que termin\u00f3 con dos detenidos en Mar del Plata - Lobos News","isPartOf":{"@id":"https:\/\/lobosnews.com.ar\/#website"},"primaryImageOfPage":{"@id":"https:\/\/lobosnews.com.ar\/index.php\/2026\/04\/30\/si-abris-el-local-te-matamos-la-amenaza-a-un-supermercadista-chino-que-termino-con-dos-detenidos-en-mar-del-plata\/#primaryimage"},"image":{"@id":"https:\/\/lobosnews.com.ar\/index.php\/2026\/04\/30\/si-abris-el-local-te-matamos-la-amenaza-a-un-supermercadista-chino-que-termino-con-dos-detenidos-en-mar-del-plata\/#primaryimage"},"thumbnailUrl":"https:\/\/lobosnews.com.ar\/wp-content\/uploads\/2026\/04\/si-abris-el-local-te-matamos-la-amenaza-a-un-supermercadista-chino-que-termino-con-dos-detenidos-en-mar-del-plata-6.jpg","datePublished":"2026-04-30T00:50:59+00:00","dateModified":"2026-04-30T03:22:13+00:00","breadcrumb":{"@id":"https:\/\/lobosnews.com.ar\/index.php\/2026\/04\/30\/si-abris-el-local-te-matamos-la-amenaza-a-un-supermercadista-chino-que-termino-con-dos-detenidos-en-mar-del-plata\/#breadcrumb"},"inLanguage":"es","potentialAction":[{"@type":"ReadAction","target":["https:\/\/lobosnews.com.ar\/index.php\/2026\/04\/30\/si-abris-el-local-te-matamos-la-amenaza-a-un-supermercadista-chino-que-termino-con-dos-detenidos-en-mar-del-plata\/"]}]},{"@type":"ImageObject","inLanguage":"es","@id":"https:\/\/lobosnews.com.ar\/index.php\/2026\/04\/30\/si-abris-el-local-te-matamos-la-amenaza-a-un-supermercadista-chino-que-termino-con-dos-detenidos-en-mar-del-plata\/#primaryimage","url":"https:\/\/lobosnews.com.ar\/wp-content\/uploads\/2026\/04\/si-abris-el-local-te-matamos-la-amenaza-a-un-supermercadista-chino-que-termino-con-dos-detenidos-en-mar-del-plata-6.jpg","contentUrl":"https:\/\/lobosnews.com.ar\/wp-content\/uploads\/2026\/04\/si-abris-el-local-te-matamos-la-amenaza-a-un-supermercadista-chino-que-termino-con-dos-detenidos-en-mar-del-plata-6.jpg","width":1600,"height":738,"caption":"\u201cSi abr\u00eds el local, te matamos\u201d: la amenaza a un supermercadista chino que termin\u00f3 con dos detenidos en Mar del Plata"},{"@type":"BreadcrumbList","@id":"https:\/\/lobosnews.com.ar\/index.php\/2026\/04\/30\/si-abris-el-local-te-matamos-la-amenaza-a-un-supermercadista-chino-que-termino-con-dos-detenidos-en-mar-del-plata\/#breadcrumb","itemListElement":[{"@type":"ListItem","position":1,"name":"Portada","item":"https:\/\/lobosnews.com.ar\/"},{"@type":"ListItem","position":2,"name":"\u201cSi abr\u00eds el local, te matamos\u201d: la amenaza a un supermercadista chino que termin\u00f3 con dos detenidos en Mar del Plata"}]},{"@type":"WebSite","@id":"https:\/\/lobosnews.com.ar\/#website","url":"https:\/\/lobosnews.com.ar\/","name":"Lobos News","description":"Informaci\u00f3n a cada instante","publisher":{"@id":"https:\/\/lobosnews.com.ar\/#organization"},"potentialAction":[{"@type":"SearchAction","target":{"@type":"EntryPoint","urlTemplate":"https:\/\/lobosnews.com.ar\/?s={search_term_string}"},"query-input":{"@type":"PropertyValueSpecification","valueRequired":true,"valueName":"search_term_string"}}],"inLanguage":"es"},{"@type":"Organization","@id":"https:\/\/lobosnews.com.ar\/#organization","name":"Lobos News","url":"https:\/\/lobosnews.com.ar\/","logo":{"@type":"ImageObject","inLanguage":"es","@id":"https:\/\/lobosnews.com.ar\/#\/schema\/logo\/image\/","url":"https:\/\/lobosnews.com.ar\/wp-content\/uploads\/2026\/01\/logo-lobosnews.png","contentUrl":"https:\/\/lobosnews.com.ar\/wp-content\/uploads\/2026\/01\/logo-lobosnews.png","width":500,"height":200,"caption":"Lobos News"},"image":{"@id":"https:\/\/lobosnews.com.ar\/#\/schema\/logo\/image\/"}},{"@type":"Person","@id":"https:\/\/lobosnews.com.ar\/#\/schema\/person\/232422a593d5c541dd9aef6aaed10943","name":"admin","image":{"@type":"ImageObject","inLanguage":"es","@id":"https:\/\/lobosnews.com.ar\/#\/schema\/person\/image\/","url":"https:\/\/secure.gravatar.com\/avatar\/76e419471a2083bc3ceab22a763dbbf9b0c1bd15a6214cf3280e2c2dde4580f9?s=96&d=mm&r=g","contentUrl":"https:\/\/secure.gravatar.com\/avatar\/76e419471a2083bc3ceab22a763dbbf9b0c1bd15a6214cf3280e2c2dde4580f9?s=96&d=mm&r=g","caption":"admin"},"sameAs":["https:\/\/lobosnews.com.ar"],"url":"https:\/\/lobosnews.com.ar\/index.php\/author\/lobos-news\/"}]}},"jetpack_featured_media_url":"https:\/\/lobosnews.com.ar\/wp-content\/uploads\/2026\/04\/si-abris-el-local-te-matamos-la-amenaza-a-un-supermercadista-chino-que-termino-con-dos-detenidos-en-mar-del-plata-6.jpg","jetpack_sharing_enabled":true,"_links":{"self":[{"href":"https:\/\/lobosnews.com.ar\/index.php\/wp-json\/wp\/v2\/posts\/47524","targetHints":{"allow":["GET"]}}],"collection":[{"href":"https:\/\/lobosnews.com.ar\/index.php\/wp-json\/wp\/v2\/posts"}],"about":[{"href":"https:\/\/lobosnews.com.ar\/index.php\/wp-json\/wp\/v2\/types\/post"}],"author":[{"embeddable":true,"href":"https:\/\/lobosnews.com.ar\/index.php\/wp-json\/wp\/v2\/users\/1"}],"replies":[{"embeddable":true,"href":"https:\/\/lobosnews.com.ar\/index.php\/wp-json\/wp\/v2\/comments?post=47524"}],"version-history":[{"count":1,"href":"https:\/\/lobosnews.com.ar\/index.php\/wp-json\/wp\/v2\/posts\/47524\/revisions"}],"predecessor-version":[{"id":47529,"href":"https:\/\/lobosnews.com.ar\/index.php\/wp-json\/wp\/v2\/posts\/47524\/revisions\/47529"}],"wp:featuredmedia":[{"embeddable":true,"href":"https:\/\/lobosnews.com.ar\/index.php\/wp-json\/wp\/v2\/media\/47530"}],"wp:attachment":[{"href":"https:\/\/lobosnews.com.ar\/index.php\/wp-json\/wp\/v2\/media?parent=47524"}],"wp:term":[{"taxonomy":"category","embeddable":true,"href":"https:\/\/lobosnews.com.ar\/index.php\/wp-json\/wp\/v2\/categories?post=47524"},{"taxonomy":"post_tag","embeddable":true,"href":"https:\/\/lobosnews.com.ar\/index.php\/wp-json\/wp\/v2\/tags?post=47524"}],"curies":[{"name":"wp","href":"https:\/\/api.w.org\/{rel}","templated":true}]}}