{"id":47516,"date":"2026-04-30T01:02:26","date_gmt":"2026-04-30T01:02:26","guid":{"rendered":"https:\/\/lobosnews.com.ar\/index.php\/2026\/04\/30\/federico-balbuena-fue-denunciado-por-otra-joven-por-abuso-sexual-y-amenazas-te-voy-a-pegar\/"},"modified":"2026-04-30T03:21:08","modified_gmt":"2026-04-30T03:21:08","slug":"federico-balbuena-fue-denunciado-por-otra-joven-por-abuso-sexual-y-amenazas-te-voy-a-pegar","status":"publish","type":"post","link":"https:\/\/lobosnews.com.ar\/index.php\/2026\/04\/30\/federico-balbuena-fue-denunciado-por-otra-joven-por-abuso-sexual-y-amenazas-te-voy-a-pegar\/","title":{"rendered":"Federico Balbuena fue denunciado por otra joven por abuso sexual y amenazas: \u201cTe voy a pegar\u201d"},"content":{"rendered":"<p><span class=\"waslinkname\"><i><b>Federico Balbuena<\/b><\/i><\/span>, el hombre que est\u00e1 detenido y acusado de <span class=\"waslinkname\"><i><b>golpear y abusar a su ex pareja en Pilar<\/b><\/i><\/span>, sum\u00f3 una nueva causa judicial en su contra. Una joven que trabaj\u00f3 con \u00e9l en una concesionaria lo denunci\u00f3 por <b>abuso sexual y amenazas <\/b>y comparti\u00f3 en redes sociales los chats y audios en los que Balbuena <b>la insultaba, la denigraba y la amenazaba<\/b> con frases como: <b>\u201cSi me la boque\u00e1s una vez m\u00e1s te voy a pegar\u201d<\/b>.<\/p>\n<p><b>Nadine Gervas<\/b>, quien fue empleada de la agencia de autos <i>Car Center Adjudicados<\/i> en 2024, relat\u00f3 que la relaci\u00f3n con Balbuena comenz\u00f3 como un v\u00ednculo laboral. Seg\u00fan cont\u00f3 en una entrevista en <i>Desayuno Americano<\/i> (Am\u00e9rica TV), <b>nunca tuvieron una relaci\u00f3n de pareja<\/b>. El acusado <b>era su jefe<\/b> y, despu\u00e9s de acercarse a ella en reuniones sociales de la empresa, <b>empez\u00f3 a manipularla, maltratarla verbalmente y luego amenazarla<\/b>.<\/p>\n<p>Nadine explic\u00f3 que <b>sufri\u00f3 tres abusos sexuales<\/b>, uno de ellos cerca de una estaci\u00f3n de servicio durante un viaje y los otros dos en el domicilio del detenido, donde \u00e9l <b>la amenaz\u00f3 con un arma delante de otras personas<\/b>.<\/p>\n<p>De acuerdo a su relato, Nadine <b>qued\u00f3 embarazada<\/b> como consecuencia de esos abusos. Afirm\u00f3 que Balbuena <b>la ech\u00f3<\/b>, neg\u00f3 completamente lo sucedido y <b>tampoco reconoci\u00f3 a su hijo<\/b>.<\/p>\n<p>En redes sociales, la joven public\u00f3 capturas de chats de WhatsApp con el acusado, incluidos varios mensajes de voz en los que \u00e9l la trataba de <b>\u201cest\u00fapida\u201d<\/b> y le dec\u00eda: \u201c<b>No me serv\u00eds para nada<\/b>, quer\u00e9s ir a laburar and\u00e1, cada vez que te equivoques te voy a penalizar y si me la boque\u00e1s una vez m\u00e1s te voy a pegar\u201d.<\/p>\n<p>\u201cYo no puedo tratarte bien porque te la pas\u00e1s haciendo cagadas en la empresa hace una banda de meses. Al principio era bueno, hasta que me voy cansando. <b>Y te voy a seguir insultando porque sos una est\u00fapida y me molestan los est\u00fapidos<\/b>\u201d, se escucha en otro audio.<\/p>\n<p>En otra conversaci\u00f3n, Balbuena alternaba entre la intimidaci\u00f3n y un tono paternalista: \u201cMi incondicionalidad la ten\u00e9s porque vos me la das a m\u00ed\u201d.<\/p>\n<p>En su publicaci\u00f3n, junto a esos mensajes de voz, Nadine escribi\u00f3: \u201cMi abusador se llama Federico Nicol\u00e1s Balbuena. Escribo desde el dolor y de la bronca, sabiendo que esta persona est\u00e1 impune hasta hoy. Me animo a hablar p\u00fablicamente a ra\u00edz de mi denuncia realizada en la UFI 9 de Luj\u00e1n, y otras denuncias tambi\u00e9n por abuso sexual agravado y maltrato hacia otras personas por parte de \u00e9l. Qued\u00e9 embarazada a ra\u00edz de su abuso y, <b>aunque me da mucha verg\u00fcenza y humillaci\u00f3n confirmar que esta persona es el padre de mi hijo, quiero justicia<\/b>\u201d.<\/p>\n<p><img loading=\"lazy\" decoding=\"async\" src=\"https:\/\/lobosnews.com.ar\/wp-content\/uploads\/2026\/04\/federico-balbuena-fue-denunciado-por-otra-joven-por-abuso-sexual-y-amenazas-te-voy-a-pegar.jpg\" alt=\"La joven hizo p\u00fablico su caso en redes sociales\" height=\"633\" width=\"857\"\/><\/p>\n<p>La denuncia de Nadine qued\u00f3 radicada en la UFI N\u00b09 descentralizada de Luj\u00e1n, del departamento judicial de Mercedes, a cargo de la fiscal <b>Mariana Su\u00e1rez<\/b>.<\/p>\n<p>Seg\u00fan pudo saber <b>Infobae<\/b>, la denuncia ingres\u00f3 a fines de febrero de este a\u00f1o y la causa est\u00e1 en plena etapa investigativa. Al no tratarse de un caso reciente ni de un episodio filmado, es m\u00e1s dificultosa la reconstrucci\u00f3n de los hechos. La fiscal\u00eda trabaja en la recolecci\u00f3n de pruebas y a\u00fan no defini\u00f3 una calificaci\u00f3n precisa.<\/p>\n<p>En la entrevista televisiva, Nadine tambi\u00e9n cont\u00f3 que <b>tard\u00f3 m\u00e1s de un a\u00f1o en poder hablar de lo ocurrido<\/b> y que su \u00fanico apoyo fue su familia, que la acompa\u00f1\u00f3 desde el momento en que cont\u00f3 lo que hab\u00eda vivido. Dijo que <b>no pudo pagar el alquiler despu\u00e9s de ser echada<\/b> y que Balbuena <b>nunca accedi\u00f3 a hacerse un ADN para reconocer a su hijo<\/b>.<\/p>\n<p>El caso de Nadine se suma al de Camila Natalia, quien denunci\u00f3 a Balbuena por <b>abuso sexual, amenazas y brutales golpizas<\/b>. Camila difundi\u00f3 videos en redes sociales en los que se observa a Balbuena <b>golpe\u00e1ndola y asfixi\u00e1ndola<\/b> en el departamento de la v\u00edctima, en Pilar, en mayo de 2025.<\/p>\n<p>La denuncia la radic\u00f3 en noviembre de 2025, seis meses despu\u00e9s de la paliza. El caso es investigado por la fiscal <b>Marcela Semer\u00eda<\/b>, quien tom\u00f3 testimonios de seis personas, entre ellas compa\u00f1eros de trabajo de la pareja, quienes <b>confirmaron que Balbuena maltrataba y denigraba a Camila delante de otros empleados.<\/b><\/p>\n<p>Tras la viralizaci\u00f3n de los videos y la presentaci\u00f3n de nuevas pruebas, Balbuena fue detenido este martes en su domicilio de un country en Luj\u00e1n. En la indagatoria, el acusado <span class=\"waslinkname\"><i><b>se neg\u00f3 a declarar<\/b><\/i><\/span><i>.<\/i><\/p>\n","protected":false},"excerpt":{"rendered":"<p>Federico Balbuena, el hombre que est\u00e1 detenido y acusado de golpear y abusar a su ex pareja en Pilar, sum\u00f3 una nueva causa judicial en su contra. Una joven que trabaj\u00f3 con \u00e9l en una concesionaria lo denunci\u00f3 por abuso sexual y amenazas y comparti\u00f3 en redes sociales los chats y audios en los que&#8230;<\/p>\n","protected":false},"author":1,"featured_media":47522,"comment_status":"open","ping_status":"closed","sticky":false,"template":"","format":"standard","meta":{"_jetpack_memberships_contains_paid_content":false,"footnotes":""},"categories":[31,30,32,77,84,35,36,37],"tags":[],"class_list":["post-47516","post","type-post","status-publish","format-standard","has-post-thumbnail","hentry","category-actualidad","category-argentina","category-economia","category-inseguridad","category-masradios-com","category-nacionales","category-seguridad","category-sociedad"],"magazineBlocksPostFeaturedMedia":{"thumbnail":"https:\/\/lobosnews.com.ar\/wp-content\/uploads\/2026\/04\/federico-balbuena-fue-denunciado-por-otra-joven-por-abuso-sexual-y-amenazas-te-voy-a-pegar-150x150.jpg","medium":"https:\/\/lobosnews.com.ar\/wp-content\/uploads\/2026\/04\/federico-balbuena-fue-denunciado-por-otra-joven-por-abuso-sexual-y-amenazas-te-voy-a-pegar-300x222.jpg","medium_large":"https:\/\/lobosnews.com.ar\/wp-content\/uploads\/2026\/04\/federico-balbuena-fue-denunciado-por-otra-joven-por-abuso-sexual-y-amenazas-te-voy-a-pegar-768x567.jpg","large":"https:\/\/lobosnews.com.ar\/wp-content\/uploads\/2026\/04\/federico-balbuena-fue-denunciado-por-otra-joven-por-abuso-sexual-y-amenazas-te-voy-a-pegar.jpg","1536x1536":"https:\/\/lobosnews.com.ar\/wp-content\/uploads\/2026\/04\/federico-balbuena-fue-denunciado-por-otra-joven-por-abuso-sexual-y-amenazas-te-voy-a-pegar.jpg","2048x2048":"https:\/\/lobosnews.com.ar\/wp-content\/uploads\/2026\/04\/federico-balbuena-fue-denunciado-por-otra-joven-por-abuso-sexual-y-amenazas-te-voy-a-pegar.jpg","newsmatic-featured":"https:\/\/lobosnews.com.ar\/wp-content\/uploads\/2026\/04\/federico-balbuena-fue-denunciado-por-otra-joven-por-abuso-sexual-y-amenazas-te-voy-a-pegar-820x545.jpg","newsmatic-list":"https:\/\/lobosnews.com.ar\/wp-content\/uploads\/2026\/04\/federico-balbuena-fue-denunciado-por-otra-joven-por-abuso-sexual-y-amenazas-te-voy-a-pegar-600x400.jpg","newsmatic-thumb":"https:\/\/lobosnews.com.ar\/wp-content\/uploads\/2026\/04\/federico-balbuena-fue-denunciado-por-otra-joven-por-abuso-sexual-y-amenazas-te-voy-a-pegar-300x200.jpg","newsmatic-small":"https:\/\/lobosnews.com.ar\/wp-content\/uploads\/2026\/04\/federico-balbuena-fue-denunciado-por-otra-joven-por-abuso-sexual-y-amenazas-te-voy-a-pegar-150x95.jpg","newsmatic-grid":"https:\/\/lobosnews.com.ar\/wp-content\/uploads\/2026\/04\/federico-balbuena-fue-denunciado-por-otra-joven-por-abuso-sexual-y-amenazas-te-voy-a-pegar-400x250.jpg"},"magazineBlocksPostAuthor":{"name":"admin","avatar":"https:\/\/secure.gravatar.com\/avatar\/76e419471a2083bc3ceab22a763dbbf9b0c1bd15a6214cf3280e2c2dde4580f9?s=96&d=mm&r=g"},"magazineBlocksPostCommentsNumber":"0","magazineBlocksPostExcerpt":"Federico Balbuena, el hombre que est\u00e1 detenido y acusado de golpear y abusar a su ex pareja en Pilar, sum\u00f3 una nueva causa judicial en su contra. Una joven que trabaj\u00f3 con \u00e9l en una concesionaria lo denunci\u00f3 por abuso sexual y amenazas y comparti\u00f3 en redes sociales los chats y audios en los que...","magazineBlocksPostCategories":["Actualidad","Argentina","econom\u00eda","inseguridad","masradios.com","nacionales","seguridad","sociedad"],"magazineBlocksPostViewCount":2,"magazineBlocksPostReadTime":4,"magazine_blocks_featured_image_url":{"full":["https:\/\/lobosnews.com.ar\/wp-content\/uploads\/2026\/04\/federico-balbuena-fue-denunciado-por-otra-joven-por-abuso-sexual-y-amenazas-te-voy-a-pegar.jpg",857,633,false],"medium":["https:\/\/lobosnews.com.ar\/wp-content\/uploads\/2026\/04\/federico-balbuena-fue-denunciado-por-otra-joven-por-abuso-sexual-y-amenazas-te-voy-a-pegar-300x222.jpg",300,222,true],"thumbnail":["https:\/\/lobosnews.com.ar\/wp-content\/uploads\/2026\/04\/federico-balbuena-fue-denunciado-por-otra-joven-por-abuso-sexual-y-amenazas-te-voy-a-pegar-150x150.jpg",150,150,true]},"magazine_blocks_author":{"display_name":"admin","author_link":"https:\/\/lobosnews.com.ar\/index.php\/author\/lobos-news\/"},"magazine_blocks_comment":0,"magazine_blocks_author_image":"https:\/\/secure.gravatar.com\/avatar\/76e419471a2083bc3ceab22a763dbbf9b0c1bd15a6214cf3280e2c2dde4580f9?s=96&d=mm&r=g","magazine_blocks_category":"<a href=\"#\" class=\"category-link category-link-31\">Actualidad<\/a> <a href=\"#\" class=\"category-link category-link-30\">Argentina<\/a> <a href=\"#\" class=\"category-link category-link-32\">econom\u00eda<\/a> <a href=\"#\" class=\"category-link category-link-77\">inseguridad<\/a> <a href=\"#\" class=\"category-link category-link-84\">masradios.com<\/a> <a href=\"#\" class=\"category-link category-link-35\">nacionales<\/a> <a href=\"#\" class=\"category-link category-link-36\">seguridad<\/a> <a href=\"#\" class=\"category-link category-link-37\">sociedad<\/a>","yoast_head":"<!-- This site is optimized with the Yoast SEO plugin v26.6 - https:\/\/yoast.com\/wordpress\/plugins\/seo\/ -->\n<title>Federico Balbuena fue denunciado por otra joven por abuso sexual y amenazas: \u201cTe voy a pegar\u201d - Lobos News<\/title>\n<meta name=\"robots\" content=\"index, follow, max-snippet:-1, max-image-preview:large, max-video-preview:-1\" \/>\n<link rel=\"canonical\" href=\"https:\/\/lobosnews.com.ar\/index.php\/2026\/04\/30\/federico-balbuena-fue-denunciado-por-otra-joven-por-abuso-sexual-y-amenazas-te-voy-a-pegar\/\" \/>\n<meta property=\"og:locale\" content=\"es_ES\" \/>\n<meta property=\"og:type\" content=\"article\" \/>\n<meta property=\"og:title\" content=\"Federico Balbuena fue denunciado por otra joven por abuso sexual y amenazas: \u201cTe voy a pegar\u201d - Lobos News\" \/>\n<meta property=\"og:description\" content=\"Federico Balbuena, el hombre que est\u00e1 detenido y acusado de golpear y abusar a su ex pareja en Pilar, sum\u00f3 una nueva causa judicial en su contra. Una joven que trabaj\u00f3 con \u00e9l en una concesionaria lo denunci\u00f3 por abuso sexual y amenazas y comparti\u00f3 en redes sociales los chats y audios en los que...\" \/>\n<meta property=\"og:url\" content=\"https:\/\/lobosnews.com.ar\/index.php\/2026\/04\/30\/federico-balbuena-fue-denunciado-por-otra-joven-por-abuso-sexual-y-amenazas-te-voy-a-pegar\/\" \/>\n<meta property=\"og:site_name\" content=\"Lobos News\" \/>\n<meta property=\"article:published_time\" content=\"2026-04-30T01:02:26+00:00\" \/>\n<meta property=\"article:modified_time\" content=\"2026-04-30T03:21:08+00:00\" \/>\n<meta property=\"og:image\" content=\"https:\/\/lobosnews.com.ar\/wp-content\/uploads\/2026\/04\/federico-balbuena-fue-denunciado-por-otra-joven-por-abuso-sexual-y-amenazas-te-voy-a-pegar.jpg\" \/>\n<meta name=\"author\" content=\"admin\" \/>\n<meta name=\"twitter:card\" content=\"summary_large_image\" \/>\n<meta name=\"twitter:label1\" content=\"Escrito por\" \/>\n\t<meta name=\"twitter:data1\" content=\"admin\" \/>\n\t<meta name=\"twitter:label2\" content=\"Tiempo de lectura\" \/>\n\t<meta name=\"twitter:data2\" content=\"4 minutos\" \/>\n<script type=\"application\/ld+json\" class=\"yoast-schema-graph\">{\"@context\":\"https:\/\/schema.org\",\"@graph\":[{\"@type\":\"Article\",\"@id\":\"https:\/\/lobosnews.com.ar\/index.php\/2026\/04\/30\/federico-balbuena-fue-denunciado-por-otra-joven-por-abuso-sexual-y-amenazas-te-voy-a-pegar\/#article\",\"isPartOf\":{\"@id\":\"https:\/\/lobosnews.com.ar\/index.php\/2026\/04\/30\/federico-balbuena-fue-denunciado-por-otra-joven-por-abuso-sexual-y-amenazas-te-voy-a-pegar\/\"},\"author\":{\"name\":\"admin\",\"@id\":\"https:\/\/lobosnews.com.ar\/#\/schema\/person\/232422a593d5c541dd9aef6aaed10943\"},\"headline\":\"Federico Balbuena fue denunciado por otra joven por abuso sexual y amenazas: \u201cTe voy a pegar\u201d\",\"datePublished\":\"2026-04-30T01:02:26+00:00\",\"dateModified\":\"2026-04-30T03:21:08+00:00\",\"mainEntityOfPage\":{\"@id\":\"https:\/\/lobosnews.com.ar\/index.php\/2026\/04\/30\/federico-balbuena-fue-denunciado-por-otra-joven-por-abuso-sexual-y-amenazas-te-voy-a-pegar\/\"},\"wordCount\":784,\"commentCount\":0,\"publisher\":{\"@id\":\"https:\/\/lobosnews.com.ar\/#organization\"},\"image\":{\"@id\":\"https:\/\/lobosnews.com.ar\/index.php\/2026\/04\/30\/federico-balbuena-fue-denunciado-por-otra-joven-por-abuso-sexual-y-amenazas-te-voy-a-pegar\/#primaryimage\"},\"thumbnailUrl\":\"https:\/\/lobosnews.com.ar\/wp-content\/uploads\/2026\/04\/federico-balbuena-fue-denunciado-por-otra-joven-por-abuso-sexual-y-amenazas-te-voy-a-pegar.jpg\",\"articleSection\":[\"Actualidad\",\"Argentina\",\"econom\u00eda\",\"inseguridad\",\"masradios.com\",\"nacionales\",\"seguridad\",\"sociedad\"],\"inLanguage\":\"es\",\"potentialAction\":[{\"@type\":\"CommentAction\",\"name\":\"Comment\",\"target\":[\"https:\/\/lobosnews.com.ar\/index.php\/2026\/04\/30\/federico-balbuena-fue-denunciado-por-otra-joven-por-abuso-sexual-y-amenazas-te-voy-a-pegar\/#respond\"]}]},{\"@type\":\"WebPage\",\"@id\":\"https:\/\/lobosnews.com.ar\/index.php\/2026\/04\/30\/federico-balbuena-fue-denunciado-por-otra-joven-por-abuso-sexual-y-amenazas-te-voy-a-pegar\/\",\"url\":\"https:\/\/lobosnews.com.ar\/index.php\/2026\/04\/30\/federico-balbuena-fue-denunciado-por-otra-joven-por-abuso-sexual-y-amenazas-te-voy-a-pegar\/\",\"name\":\"Federico Balbuena fue denunciado por otra joven por abuso sexual y amenazas: \u201cTe voy a pegar\u201d - Lobos News\",\"isPartOf\":{\"@id\":\"https:\/\/lobosnews.com.ar\/#website\"},\"primaryImageOfPage\":{\"@id\":\"https:\/\/lobosnews.com.ar\/index.php\/2026\/04\/30\/federico-balbuena-fue-denunciado-por-otra-joven-por-abuso-sexual-y-amenazas-te-voy-a-pegar\/#primaryimage\"},\"image\":{\"@id\":\"https:\/\/lobosnews.com.ar\/index.php\/2026\/04\/30\/federico-balbuena-fue-denunciado-por-otra-joven-por-abuso-sexual-y-amenazas-te-voy-a-pegar\/#primaryimage\"},\"thumbnailUrl\":\"https:\/\/lobosnews.com.ar\/wp-content\/uploads\/2026\/04\/federico-balbuena-fue-denunciado-por-otra-joven-por-abuso-sexual-y-amenazas-te-voy-a-pegar.jpg\",\"datePublished\":\"2026-04-30T01:02:26+00:00\",\"dateModified\":\"2026-04-30T03:21:08+00:00\",\"breadcrumb\":{\"@id\":\"https:\/\/lobosnews.com.ar\/index.php\/2026\/04\/30\/federico-balbuena-fue-denunciado-por-otra-joven-por-abuso-sexual-y-amenazas-te-voy-a-pegar\/#breadcrumb\"},\"inLanguage\":\"es\",\"potentialAction\":[{\"@type\":\"ReadAction\",\"target\":[\"https:\/\/lobosnews.com.ar\/index.php\/2026\/04\/30\/federico-balbuena-fue-denunciado-por-otra-joven-por-abuso-sexual-y-amenazas-te-voy-a-pegar\/\"]}]},{\"@type\":\"ImageObject\",\"inLanguage\":\"es\",\"@id\":\"https:\/\/lobosnews.com.ar\/index.php\/2026\/04\/30\/federico-balbuena-fue-denunciado-por-otra-joven-por-abuso-sexual-y-amenazas-te-voy-a-pegar\/#primaryimage\",\"url\":\"https:\/\/lobosnews.com.ar\/wp-content\/uploads\/2026\/04\/federico-balbuena-fue-denunciado-por-otra-joven-por-abuso-sexual-y-amenazas-te-voy-a-pegar.jpg\",\"contentUrl\":\"https:\/\/lobosnews.com.ar\/wp-content\/uploads\/2026\/04\/federico-balbuena-fue-denunciado-por-otra-joven-por-abuso-sexual-y-amenazas-te-voy-a-pegar.jpg\",\"width\":857,\"height\":633,\"caption\":\"Federico Balbuena fue denunciado por otra joven por abuso sexual y amenazas: \u201cTe voy a pegar\u201d\"},{\"@type\":\"BreadcrumbList\",\"@id\":\"https:\/\/lobosnews.com.ar\/index.php\/2026\/04\/30\/federico-balbuena-fue-denunciado-por-otra-joven-por-abuso-sexual-y-amenazas-te-voy-a-pegar\/#breadcrumb\",\"itemListElement\":[{\"@type\":\"ListItem\",\"position\":1,\"name\":\"Portada\",\"item\":\"https:\/\/lobosnews.com.ar\/\"},{\"@type\":\"ListItem\",\"position\":2,\"name\":\"Federico Balbuena fue denunciado por otra joven por abuso sexual y amenazas: \u201cTe voy a pegar\u201d\"}]},{\"@type\":\"WebSite\",\"@id\":\"https:\/\/lobosnews.com.ar\/#website\",\"url\":\"https:\/\/lobosnews.com.ar\/\",\"name\":\"Lobos News\",\"description\":\"Informaci\u00f3n a cada instante\",\"publisher\":{\"@id\":\"https:\/\/lobosnews.com.ar\/#organization\"},\"potentialAction\":[{\"@type\":\"SearchAction\",\"target\":{\"@type\":\"EntryPoint\",\"urlTemplate\":\"https:\/\/lobosnews.com.ar\/?s={search_term_string}\"},\"query-input\":{\"@type\":\"PropertyValueSpecification\",\"valueRequired\":true,\"valueName\":\"search_term_string\"}}],\"inLanguage\":\"es\"},{\"@type\":\"Organization\",\"@id\":\"https:\/\/lobosnews.com.ar\/#organization\",\"name\":\"Lobos News\",\"url\":\"https:\/\/lobosnews.com.ar\/\",\"logo\":{\"@type\":\"ImageObject\",\"inLanguage\":\"es\",\"@id\":\"https:\/\/lobosnews.com.ar\/#\/schema\/logo\/image\/\",\"url\":\"https:\/\/lobosnews.com.ar\/wp-content\/uploads\/2026\/01\/logo-lobosnews.png\",\"contentUrl\":\"https:\/\/lobosnews.com.ar\/wp-content\/uploads\/2026\/01\/logo-lobosnews.png\",\"width\":500,\"height\":200,\"caption\":\"Lobos News\"},\"image\":{\"@id\":\"https:\/\/lobosnews.com.ar\/#\/schema\/logo\/image\/\"}},{\"@type\":\"Person\",\"@id\":\"https:\/\/lobosnews.com.ar\/#\/schema\/person\/232422a593d5c541dd9aef6aaed10943\",\"name\":\"admin\",\"image\":{\"@type\":\"ImageObject\",\"inLanguage\":\"es\",\"@id\":\"https:\/\/lobosnews.com.ar\/#\/schema\/person\/image\/\",\"url\":\"https:\/\/secure.gravatar.com\/avatar\/76e419471a2083bc3ceab22a763dbbf9b0c1bd15a6214cf3280e2c2dde4580f9?s=96&d=mm&r=g\",\"contentUrl\":\"https:\/\/secure.gravatar.com\/avatar\/76e419471a2083bc3ceab22a763dbbf9b0c1bd15a6214cf3280e2c2dde4580f9?s=96&d=mm&r=g\",\"caption\":\"admin\"},\"sameAs\":[\"https:\/\/lobosnews.com.ar\"],\"url\":\"https:\/\/lobosnews.com.ar\/index.php\/author\/lobos-news\/\"}]}<\/script>\n<!-- \/ Yoast SEO plugin. -->","yoast_head_json":{"title":"Federico Balbuena fue denunciado por otra joven por abuso sexual y amenazas: \u201cTe voy a pegar\u201d - Lobos News","robots":{"index":"index","follow":"follow","max-snippet":"max-snippet:-1","max-image-preview":"max-image-preview:large","max-video-preview":"max-video-preview:-1"},"canonical":"https:\/\/lobosnews.com.ar\/index.php\/2026\/04\/30\/federico-balbuena-fue-denunciado-por-otra-joven-por-abuso-sexual-y-amenazas-te-voy-a-pegar\/","og_locale":"es_ES","og_type":"article","og_title":"Federico Balbuena fue denunciado por otra joven por abuso sexual y amenazas: \u201cTe voy a pegar\u201d - Lobos News","og_description":"Federico Balbuena, el hombre que est\u00e1 detenido y acusado de golpear y abusar a su ex pareja en Pilar, sum\u00f3 una nueva causa judicial en su contra. Una joven que trabaj\u00f3 con \u00e9l en una concesionaria lo denunci\u00f3 por abuso sexual y amenazas y comparti\u00f3 en redes sociales los chats y audios en los que...","og_url":"https:\/\/lobosnews.com.ar\/index.php\/2026\/04\/30\/federico-balbuena-fue-denunciado-por-otra-joven-por-abuso-sexual-y-amenazas-te-voy-a-pegar\/","og_site_name":"Lobos News","article_published_time":"2026-04-30T01:02:26+00:00","article_modified_time":"2026-04-30T03:21:08+00:00","og_image":[{"url":"https:\/\/lobosnews.com.ar\/wp-content\/uploads\/2026\/04\/federico-balbuena-fue-denunciado-por-otra-joven-por-abuso-sexual-y-amenazas-te-voy-a-pegar.jpg","type":"","width":"","height":""}],"author":"admin","twitter_card":"summary_large_image","twitter_misc":{"Escrito por":"admin","Tiempo de lectura":"4 minutos"},"schema":{"@context":"https:\/\/schema.org","@graph":[{"@type":"Article","@id":"https:\/\/lobosnews.com.ar\/index.php\/2026\/04\/30\/federico-balbuena-fue-denunciado-por-otra-joven-por-abuso-sexual-y-amenazas-te-voy-a-pegar\/#article","isPartOf":{"@id":"https:\/\/lobosnews.com.ar\/index.php\/2026\/04\/30\/federico-balbuena-fue-denunciado-por-otra-joven-por-abuso-sexual-y-amenazas-te-voy-a-pegar\/"},"author":{"name":"admin","@id":"https:\/\/lobosnews.com.ar\/#\/schema\/person\/232422a593d5c541dd9aef6aaed10943"},"headline":"Federico Balbuena fue denunciado por otra joven por abuso sexual y amenazas: \u201cTe voy a pegar\u201d","datePublished":"2026-04-30T01:02:26+00:00","dateModified":"2026-04-30T03:21:08+00:00","mainEntityOfPage":{"@id":"https:\/\/lobosnews.com.ar\/index.php\/2026\/04\/30\/federico-balbuena-fue-denunciado-por-otra-joven-por-abuso-sexual-y-amenazas-te-voy-a-pegar\/"},"wordCount":784,"commentCount":0,"publisher":{"@id":"https:\/\/lobosnews.com.ar\/#organization"},"image":{"@id":"https:\/\/lobosnews.com.ar\/index.php\/2026\/04\/30\/federico-balbuena-fue-denunciado-por-otra-joven-por-abuso-sexual-y-amenazas-te-voy-a-pegar\/#primaryimage"},"thumbnailUrl":"https:\/\/lobosnews.com.ar\/wp-content\/uploads\/2026\/04\/federico-balbuena-fue-denunciado-por-otra-joven-por-abuso-sexual-y-amenazas-te-voy-a-pegar.jpg","articleSection":["Actualidad","Argentina","econom\u00eda","inseguridad","masradios.com","nacionales","seguridad","sociedad"],"inLanguage":"es","potentialAction":[{"@type":"CommentAction","name":"Comment","target":["https:\/\/lobosnews.com.ar\/index.php\/2026\/04\/30\/federico-balbuena-fue-denunciado-por-otra-joven-por-abuso-sexual-y-amenazas-te-voy-a-pegar\/#respond"]}]},{"@type":"WebPage","@id":"https:\/\/lobosnews.com.ar\/index.php\/2026\/04\/30\/federico-balbuena-fue-denunciado-por-otra-joven-por-abuso-sexual-y-amenazas-te-voy-a-pegar\/","url":"https:\/\/lobosnews.com.ar\/index.php\/2026\/04\/30\/federico-balbuena-fue-denunciado-por-otra-joven-por-abuso-sexual-y-amenazas-te-voy-a-pegar\/","name":"Federico Balbuena fue denunciado por otra joven por abuso sexual y amenazas: \u201cTe voy a pegar\u201d - Lobos News","isPartOf":{"@id":"https:\/\/lobosnews.com.ar\/#website"},"primaryImageOfPage":{"@id":"https:\/\/lobosnews.com.ar\/index.php\/2026\/04\/30\/federico-balbuena-fue-denunciado-por-otra-joven-por-abuso-sexual-y-amenazas-te-voy-a-pegar\/#primaryimage"},"image":{"@id":"https:\/\/lobosnews.com.ar\/index.php\/2026\/04\/30\/federico-balbuena-fue-denunciado-por-otra-joven-por-abuso-sexual-y-amenazas-te-voy-a-pegar\/#primaryimage"},"thumbnailUrl":"https:\/\/lobosnews.com.ar\/wp-content\/uploads\/2026\/04\/federico-balbuena-fue-denunciado-por-otra-joven-por-abuso-sexual-y-amenazas-te-voy-a-pegar.jpg","datePublished":"2026-04-30T01:02:26+00:00","dateModified":"2026-04-30T03:21:08+00:00","breadcrumb":{"@id":"https:\/\/lobosnews.com.ar\/index.php\/2026\/04\/30\/federico-balbuena-fue-denunciado-por-otra-joven-por-abuso-sexual-y-amenazas-te-voy-a-pegar\/#breadcrumb"},"inLanguage":"es","potentialAction":[{"@type":"ReadAction","target":["https:\/\/lobosnews.com.ar\/index.php\/2026\/04\/30\/federico-balbuena-fue-denunciado-por-otra-joven-por-abuso-sexual-y-amenazas-te-voy-a-pegar\/"]}]},{"@type":"ImageObject","inLanguage":"es","@id":"https:\/\/lobosnews.com.ar\/index.php\/2026\/04\/30\/federico-balbuena-fue-denunciado-por-otra-joven-por-abuso-sexual-y-amenazas-te-voy-a-pegar\/#primaryimage","url":"https:\/\/lobosnews.com.ar\/wp-content\/uploads\/2026\/04\/federico-balbuena-fue-denunciado-por-otra-joven-por-abuso-sexual-y-amenazas-te-voy-a-pegar.jpg","contentUrl":"https:\/\/lobosnews.com.ar\/wp-content\/uploads\/2026\/04\/federico-balbuena-fue-denunciado-por-otra-joven-por-abuso-sexual-y-amenazas-te-voy-a-pegar.jpg","width":857,"height":633,"caption":"Federico Balbuena fue denunciado por otra joven por abuso sexual y amenazas: \u201cTe voy a pegar\u201d"},{"@type":"BreadcrumbList","@id":"https:\/\/lobosnews.com.ar\/index.php\/2026\/04\/30\/federico-balbuena-fue-denunciado-por-otra-joven-por-abuso-sexual-y-amenazas-te-voy-a-pegar\/#breadcrumb","itemListElement":[{"@type":"ListItem","position":1,"name":"Portada","item":"https:\/\/lobosnews.com.ar\/"},{"@type":"ListItem","position":2,"name":"Federico Balbuena fue denunciado por otra joven por abuso sexual y amenazas: \u201cTe voy a pegar\u201d"}]},{"@type":"WebSite","@id":"https:\/\/lobosnews.com.ar\/#website","url":"https:\/\/lobosnews.com.ar\/","name":"Lobos News","description":"Informaci\u00f3n a cada instante","publisher":{"@id":"https:\/\/lobosnews.com.ar\/#organization"},"potentialAction":[{"@type":"SearchAction","target":{"@type":"EntryPoint","urlTemplate":"https:\/\/lobosnews.com.ar\/?s={search_term_string}"},"query-input":{"@type":"PropertyValueSpecification","valueRequired":true,"valueName":"search_term_string"}}],"inLanguage":"es"},{"@type":"Organization","@id":"https:\/\/lobosnews.com.ar\/#organization","name":"Lobos News","url":"https:\/\/lobosnews.com.ar\/","logo":{"@type":"ImageObject","inLanguage":"es","@id":"https:\/\/lobosnews.com.ar\/#\/schema\/logo\/image\/","url":"https:\/\/lobosnews.com.ar\/wp-content\/uploads\/2026\/01\/logo-lobosnews.png","contentUrl":"https:\/\/lobosnews.com.ar\/wp-content\/uploads\/2026\/01\/logo-lobosnews.png","width":500,"height":200,"caption":"Lobos News"},"image":{"@id":"https:\/\/lobosnews.com.ar\/#\/schema\/logo\/image\/"}},{"@type":"Person","@id":"https:\/\/lobosnews.com.ar\/#\/schema\/person\/232422a593d5c541dd9aef6aaed10943","name":"admin","image":{"@type":"ImageObject","inLanguage":"es","@id":"https:\/\/lobosnews.com.ar\/#\/schema\/person\/image\/","url":"https:\/\/secure.gravatar.com\/avatar\/76e419471a2083bc3ceab22a763dbbf9b0c1bd15a6214cf3280e2c2dde4580f9?s=96&d=mm&r=g","contentUrl":"https:\/\/secure.gravatar.com\/avatar\/76e419471a2083bc3ceab22a763dbbf9b0c1bd15a6214cf3280e2c2dde4580f9?s=96&d=mm&r=g","caption":"admin"},"sameAs":["https:\/\/lobosnews.com.ar"],"url":"https:\/\/lobosnews.com.ar\/index.php\/author\/lobos-news\/"}]}},"jetpack_featured_media_url":"https:\/\/lobosnews.com.ar\/wp-content\/uploads\/2026\/04\/federico-balbuena-fue-denunciado-por-otra-joven-por-abuso-sexual-y-amenazas-te-voy-a-pegar.jpg","jetpack_sharing_enabled":true,"_links":{"self":[{"href":"https:\/\/lobosnews.com.ar\/index.php\/wp-json\/wp\/v2\/posts\/47516","targetHints":{"allow":["GET"]}}],"collection":[{"href":"https:\/\/lobosnews.com.ar\/index.php\/wp-json\/wp\/v2\/posts"}],"about":[{"href":"https:\/\/lobosnews.com.ar\/index.php\/wp-json\/wp\/v2\/types\/post"}],"author":[{"embeddable":true,"href":"https:\/\/lobosnews.com.ar\/index.php\/wp-json\/wp\/v2\/users\/1"}],"replies":[{"embeddable":true,"href":"https:\/\/lobosnews.com.ar\/index.php\/wp-json\/wp\/v2\/comments?post=47516"}],"version-history":[{"count":1,"href":"https:\/\/lobosnews.com.ar\/index.php\/wp-json\/wp\/v2\/posts\/47516\/revisions"}],"predecessor-version":[{"id":47521,"href":"https:\/\/lobosnews.com.ar\/index.php\/wp-json\/wp\/v2\/posts\/47516\/revisions\/47521"}],"wp:featuredmedia":[{"embeddable":true,"href":"https:\/\/lobosnews.com.ar\/index.php\/wp-json\/wp\/v2\/media\/47522"}],"wp:attachment":[{"href":"https:\/\/lobosnews.com.ar\/index.php\/wp-json\/wp\/v2\/media?parent=47516"}],"wp:term":[{"taxonomy":"category","embeddable":true,"href":"https:\/\/lobosnews.com.ar\/index.php\/wp-json\/wp\/v2\/categories?post=47516"},{"taxonomy":"post_tag","embeddable":true,"href":"https:\/\/lobosnews.com.ar\/index.php\/wp-json\/wp\/v2\/tags?post=47516"}],"curies":[{"name":"wp","href":"https:\/\/api.w.org\/{rel}","templated":true}]}}