{"id":47514,"date":"2026-04-30T02:54:38","date_gmt":"2026-04-30T02:54:38","guid":{"rendered":"https:\/\/lobosnews.com.ar\/index.php\/2026\/04\/30\/juan-antonio-giner-destaco-el-modelo-de-innovacion-de-daniel-hadad-en-la-evolucion-de-los-medios\/"},"modified":"2026-04-30T03:21:03","modified_gmt":"2026-04-30T03:21:03","slug":"juan-antonio-giner-destaco-el-modelo-de-innovacion-de-daniel-hadad-en-la-evolucion-de-los-medios","status":"publish","type":"post","link":"https:\/\/lobosnews.com.ar\/index.php\/2026\/04\/30\/juan-antonio-giner-destaco-el-modelo-de-innovacion-de-daniel-hadad-en-la-evolucion-de-los-medios\/","title":{"rendered":"Juan Antonio Giner destac\u00f3 el modelo de innovaci\u00f3n de Daniel Hadad en la evoluci\u00f3n de los medios"},"content":{"rendered":"<p>Sabido es que el primer Doctor <i>Honoris Causa <\/i>de la historia fue investido el a\u00f1o 1478 en la<b> Universidad de Oxford<\/b>. Desde aquella primera ceremonia el esp\u00edritu de este reconocimiento no ha cambiado: <b>honrar la excelencia que transforma la sociedad<\/b>. En <b>Oxford <\/b>se comienza invitando a los nuevos doctores honoris causa a un <b>desayuno de fresas, melocotones y champ\u00e1n<\/b>, tradici\u00f3n que pervive gracias al testamento de un antiguo decano que en su testamento dej\u00f3 dinero para financiarlo <i>\u201cpor los siglos de los siglos\u201d<\/i>. <\/p>\n<p>Afortunadamente nuestro apadrinado es persona muy conocida dentro y fuera de Argentina, y <b>enumerar sus m\u00e9ritos para este nombramiento resultan casi innecesarios<\/b>; por esta raz\u00f3n me van a permitir que yo recuerde \u00fanicamente los m\u00e9ritos acad\u00e9micos de <b>Daniel Hadad<\/b>, y que sea el profesor <b>Pablo Boczowski<\/b>,<b> <\/b>quien describa los m\u00e9ritos profesionales que le hacen merecedor de esta investidura. <\/p>\n<p><b>Daniel Hadad<\/b>, nacido <b>en Buenos Aires hace 64 a\u00f1os<\/b> en un humilde hogar de 32 metros cuadrados, como \u00e9l ha recordado. Ejemplo de las virtudes propias<b> de una familia modesta<\/b> donde, como ha dicho,<b> \u201ca partir del 20 de cada mes se pasaba de la carne al arroz\u201d<\/b>. <\/p>\n<p><img fetchpriority=\"high\" decoding=\"async\" src=\"https:\/\/lobosnews.com.ar\/wp-content\/uploads\/2026\/04\/juan-antonio-giner-destaco-el-modelo-de-innovacion-de-daniel-hadad-en-la-evolucion-de-los-medios.jpg\" alt=\"Juan Antonio Giner, consultor y cofundador de Innovation Media Consulting Group (Fotos: Adrian Escandar)\" height=\"1280\" width=\"1920\"\/><\/p>\n<p>Estudi\u00f3 Derecho y Periodismo en la <b>Universidad Cat\u00f3lica de Buenos Aires <\/b>y en 1987 fue becario del <b>Programa de Graduados Latino Americanos (PGLA)<\/b>, que desde 1972 y durante 18 a\u00f1os, form\u00f3 en la<b> Universidad de Navarra <\/b>a m\u00e1s de 400 periodistas de este hemisferio. <\/p>\n<p>Era un programa tipo \u201ca\u00f1o sab\u00e1tico\u201d, inspirado en la tradici\u00f3n de la <b>Nieman Foundation de la Universidad de Harvard<\/b>. <\/p>\n<p><b>Daniel<\/b> conoci\u00f3 entonces, en y desde <b>Pamplona<\/b>, a profesores y periodistas europeos y americanos; unos pasaban por las aulas y otros eran visitados en las mejores redacciones de <b>Par\u00eds<\/b>, <b>Londres <\/b>o <b>Ginebra<\/b>: desde <i>Le Monde<\/i> a la <i>BBC <\/i>pasando por el <i>Journal de Gen\u00e9ve<\/i>. <\/p>\n<p>Esta formaci\u00f3n period\u00edstica cosmopolita le permiti\u00f3 familiarizarse muy pronto con grandes figuras de medios l\u00edderes, en v\u00edsperas una \u00e9poca de cambios muy profundos que se aceleraron con la aparici\u00f3n de los primeros experimentos digitales. <\/p>\n<p>Durante ese tiempo tuve la suerte de ser tutor de <b>Daniel Hadad<\/b>, quien viaj\u00f3 a <b>Pamplona <\/b>reci\u00e9n casado con su esposa <b>Viviana Zocco<\/b>. <\/p>\n<p><img loading=\"lazy\" decoding=\"async\" src=\"https:\/\/lobosnews.com.ar\/wp-content\/uploads\/2026\/04\/juan-antonio-giner-destaco-el-modelo-de-innovacion-de-daniel-hadad-en-la-evolucion-de-los-medios-1.jpg\" alt=\"Juan Antonio Giner expuso su laudatio en la entrega del doctorado honoris causa a Daniel Hadad, fundador de Infobae \" height=\"1280\" width=\"1920\"\/><\/p>\n<p>El tema elegido para graduarse en aquel programa fue una memoria, que se titulaba <b>Nuevas F\u00f3rmulas y Tendencias del Mercado de Revistas en Europa y Estados Unidos, <\/b>tesina que se encabezaba con esta significativa dedicatoria:<b> \u201cA Viviana, por lo mucho que hemos aprendido juntos en estos meses\u201d<\/b>. <\/p>\n<p>Conocida tambi\u00e9n la exitosa trayectoria profesional de <b>Viviana Zocco<\/b> en el mundo de las revistas y de las publicaciones verticales en el \u00e1mbito digital, y antes por su dedicaci\u00f3n a los temas financieros, parece claro que aquella joven pareja argentina se gradu\u00f3 en equipo. <\/p>\n<p>La tesina arranca con un an\u00e1lisis tanto del periodismo como del empresario innovador y luego identifica los elementos, estrategias de gesti\u00f3n y modelos de \u00e9xito de estas publicaciones. <\/p>\n<p>Creo que en esta disertaci\u00f3n acad\u00e9mica est\u00e1n muchas de las claves que hicieron de <b>Daniel Hadad<\/b> un periodista que muy pronto se convirti\u00f3 en periodista y empresario, exitoso e innovador. Yo dir\u00eda que en la l\u00ednea de otras grandes figuras del periodismo mundial que, insatisfechos por la calidad y limitaciones del periodismo contempor\u00e1neo, so\u00f1aron en grande y crearon marcas ic\u00f3nicas como el norteamericano <b>Henry Luce<\/b>,<b> <\/b>alma del grupo <b>Time\/Life<\/b>; el franc\u00e9s <b>Hubert Beuve-M\u00e9ry<\/b>, fundador del diario <b>Le Monde<\/b>; o el brasile\u00f1o <b>Roberto Civita<\/b>, el mayor \u201crevistero\u201d de Latinoam\u00e9rica.<\/p>\n<p>Mientras esto suced\u00eda en <b>Pamplona<\/b>, <b>Daniel Hadad entr\u00f3 en contacto con Bernardo Neustad<\/b> al que escrib\u00eda sobre sus descubrimientos, y quien le ofreci\u00f3 escribir en su columna de contraportada de<b> El Cronista Comercial<\/b>, diario que en su d\u00eda ser\u00eda gestionado por <b>Eduardo Eurnekian<\/b>, otro de los grandes maestros y amigos de <b>Daniel<\/b>.<\/p>\n<p>Muchos becarios terminaban su estancia en <b>Pamplona <\/b>viajando por <b>Europa <\/b>antes de volver a sus pa\u00edses, salvo <b>Daniel y Viviana<\/b>, quienes <b>r\u00e1pidamente regresaron a Buenos Aires, deseosos de experimentar e innovar todo lo que empezaron a so\u00f1ar en el PGLA<\/b> y en las aulas de la Universidad, que en aquellos a\u00f1os ha sido una realidad incontestable de su car\u00e1cter, entusiasmo y buen hacer como pioneros y emprendedores de negocios period\u00edsticos. <\/p>\n<p>Desde entonces, Daniel ha dirigido emisoras de radio y televisi\u00f3n, publicaciones peri\u00f3dicas impresas y digitales. Hoy, esa pasi\u00f3n se manifiesta desde <b>Infobae<\/b>, el medio m\u00e1s le\u00eddo de lengua espa\u00f1ola en el mundo latino, dentro y fuera de <b>Argentina<\/b>: periodismo multiplataforma, innovador de calidad, que ha revolucionado y lidera el trabajo de muchos medios y redacciones de todo el mundo. <\/p>\n<p>Frente al pesimismo de quienes piensan que todo tiempo fue mejor, Daniel Hadad ha demostrado que el desaf\u00edo era, es y ser\u00e1, <b>\u201cinnovar o morir\u201d<\/b>, contando<b> historias relevantes que inquietan, emocionan y hacen pensar<\/b>. Y hacerlo, como nos ense\u00f1\u00f3 el profesor <b>Carlos Soria<\/b>, sabiendo que lo importante es saber que <b>\u201clas personas son m\u00e1s importantes que las cosas, que siempre el esp\u00edritu debe primar sobre la materia, que importa m\u00e1s la \u00e9tica que la est\u00e9tica, y que el saber debe primar sobre el hacer, porque no hay nada m\u00e1s pr\u00e1ctico que una buena teor\u00eda\u201d<\/b>. <\/p>\n<p>Hace a\u00f1os le preguntaron a<b> Abe Rosenthal<\/b>, director entonces del <b>New York Times <\/b><i>cu\u00e1l era el secreto del New York Times<\/i>. A lo que contest\u00f3: <b>\u201cMiren, ustedes. Una sopa de tomate puede crecer a\u00f1adiendo m\u00e1s agua o m\u00e1s tomates\u2026 En el New York Times siempre a\u00f1adimos m\u00e1s tomates\u201d<\/b>. <\/p>\n<p>Si queremos hacer periodismo, comprometido, valiente, puro y duro, <b>hay que recordar aquel famoso anuncio que el entra\u00f1able e inolvidable Roberto Civita,<\/b> presidente de Editora Abril, que escribi\u00f3, cuando era muy j\u00f3ven, reci\u00e9n vuelto de Nueva York, en 1968 cuando lanz\u00f3 la revistaVeja: <b>\u201cBuscamos hombres y mujeres inteligentes e insatisfechos que lean mucho, siempre pregunten por qu\u00e9 y quieran colaborar en la construcci\u00f3n del Brasil de ma\u00f1ana\u201d<\/b>. <\/p>\n<p><b>Este es el periodismo que salvar\u00e1 el mundo de la barbarie<\/b>, gracias a nuevas generaciones de periodistas j\u00f3venes, inteligentes e insatisfechos que quieran construir una sociedad m\u00e1s libre y justa:<b> que quieran cambiar al mundo<\/b>. <\/p>\n<p><b>Daniel Hadad<\/b> ha triunfado haciendo periodismo innovador, independiente y rentable, en estas \u00faltimas d\u00e9cadas cuando el miedo a lo desconocido, la miop\u00eda ante las nuevas tecnolog\u00edas, y la falta de coraje de muchos empresarios, que s\u00f3lo supieron gestionar negocios period\u00edsticos en tiempos de abundancia, quedaron paralizados ante la irrupci\u00f3n de nuevos modelos de negocios. Empresas y periodistas, que \u200btrataban de descubrir un territorio nuevo con mapas viejos y que ignoraban el consejo del arquitecto <b>Le Corbusier<\/b>, cuando dec\u00eda que <b>\u201cel progreso se siempre se alcanza por la v\u00eda de la experimentaci\u00f3n\u201d<\/b>.<\/p>\n<p>Perm\u00edtanme, ya para terminar, que les cuente una an\u00e9cdota personal: cuando en 1978 viv\u00ed en <b>Nueva York, <\/b>en la Escuela de Periodismo de Columbia University, el entonces Rector, <b>William James McGill<\/b>, nos invit\u00f3 a varios becarios extranjeros a una cena informal en su casa y a todos nos pregunt\u00f3: <b>\u00bfQu\u00e9 es lo que m\u00e1s le ha impresionado de Columbia<\/b> <\/p>\n<p>Probablemente, lo que nos&#8211; le dec\u00edamos era, pues, que el campus, los laboratorios, las bibliotecas. Y yo le dije, insensatamente, que lo que m\u00e1s me hab\u00eda impresionado era la faculty y los profesores.<\/p>\n<p>Cuando McGill escuch\u00f3 mi respuesta, sonri\u00f3 y me dijo: <b>\u201cEst\u00e1 usted absolutamente equivocado. El secreto de cualquier universidad no son los profesores sino los alumnos. Si no seleccionamos los mejores alumnos, nunca tendremos los mejores profesores. Ponerles delante alumnos mediocres es el mejor modo de perder a los mejores docentes\u201d<\/b>. <\/p>\n<p>Y as\u00ed era: <b>Columbia <\/b>recib\u00eda cada a\u00f1o unas 30.000 solicitudes de admisi\u00f3n para cubrir las 1.000 plazas vacantes.<\/p>\n<p>Digo esto porque aquel <b>Programa de Graduados Latinoamericanos<\/b> del que fue alumno <b>Daniel Hadad<\/b> fue ejemplo de esta gran verdad. El <b>PGLA <\/b>se hizo muy famoso no tanto por sus profesores como por sus brillantes y prometedores estudiantes. <\/p>\n<p>Y esta tarde, este acto, es la confirmaci\u00f3n de esa vieja ley de hierro de todas las grandes universidades. <\/p>\n<p>Si algo resume la experiencia de haber conocido y acompa\u00f1ado a <b>Daniel Hadad <\/b>y <b>Viviana Zocco<\/b> es el entra\u00f1able poema del poeta <b>Konstantinos Kavafis<\/b> sobre <i>\u201cEl Viaje a \u00cdtaca\u201d<\/i>, cuando dice: \u201c<b>Aquello que de verdad importa no es el destino al que llegamos, sino lo que vivimos en el recorrido del trayecto, las experiencias, los recuerdos, las personas a las que conocimos, aprender de nuestros errores, reconocer nuestras faltas y saber pedir perd\u00f3n, disfrutar del camino y apreciar que al final es m\u00e1s importante dejar huella de nuestro viaje que alcanzar el fin sin saborear cada paso, lo trascendente y profundo\u201d<\/b>. <\/p>\n<p>En el diario <b>O Globo<\/b> de<b> Brasil,<\/b> siempre se refer\u00edan respetuosamente a su fundador, pero de alguna forma m\u00e1s informal, no dec\u00edan doctor Marinho, sino que a \u00e9l le gustaba como hombre de acci\u00f3n y gran empresario, solo quer\u00eda le trataran como el periodista Marinho. Y as\u00ed se dec\u00eda en el Libro de Estilo del diario: \u201cAl presidente hay que tratarlo no de presidente, sino de periodista\u201d. <\/p>\n<p>Por eso mismo, y siguiendo la f\u00f3rmula tradicional de la Universidad de Oxford, quiero concluir esta laudatio con estas palabras dirigidas al rector magn\u00edfico y al claustro: <i>\u201cConsiderados y expuestos todos estos hechos, dign\u00edsimas autoridades y claustrales, solicito con toda consideraci\u00f3n y encarecidamente ruego, que se otorgue y confiera al periodista Hadad el supremo grado de Doctor Honoris Causa por la Universidad Nacional de La Matanza. He dicho\u201d. <\/i><\/p>\n","protected":false},"excerpt":{"rendered":"<p>Sabido es que el primer Doctor Honoris Causa de la historia fue investido el a\u00f1o 1478 en la Universidad de Oxford. Desde aquella primera ceremonia el esp\u00edritu de este reconocimiento no ha cambiado: honrar la excelencia que transforma la sociedad. En Oxford se comienza invitando a los nuevos doctores honoris causa a un desayuno de&#8230;<\/p>\n","protected":false},"author":1,"featured_media":47523,"comment_status":"open","ping_status":"closed","sticky":false,"template":"","format":"standard","meta":{"_jetpack_memberships_contains_paid_content":false,"footnotes":""},"categories":[31,30,32,77,84,35,36,37],"tags":[],"class_list":["post-47514","post","type-post","status-publish","format-standard","has-post-thumbnail","hentry","category-actualidad","category-argentina","category-economia","category-inseguridad","category-masradios-com","category-nacionales","category-seguridad","category-sociedad"],"magazineBlocksPostFeaturedMedia":{"thumbnail":"https:\/\/lobosnews.com.ar\/wp-content\/uploads\/2026\/04\/juan-antonio-giner-destaco-el-modelo-de-innovacion-de-daniel-hadad-en-la-evolucion-de-los-medios-2-150x150.jpg","medium":"https:\/\/lobosnews.com.ar\/wp-content\/uploads\/2026\/04\/juan-antonio-giner-destaco-el-modelo-de-innovacion-de-daniel-hadad-en-la-evolucion-de-los-medios-2-300x200.jpg","medium_large":"https:\/\/lobosnews.com.ar\/wp-content\/uploads\/2026\/04\/juan-antonio-giner-destaco-el-modelo-de-innovacion-de-daniel-hadad-en-la-evolucion-de-los-medios-2-768x512.jpg","large":"https:\/\/lobosnews.com.ar\/wp-content\/uploads\/2026\/04\/juan-antonio-giner-destaco-el-modelo-de-innovacion-de-daniel-hadad-en-la-evolucion-de-los-medios-2-1024x683.jpg","1536x1536":"https:\/\/lobosnews.com.ar\/wp-content\/uploads\/2026\/04\/juan-antonio-giner-destaco-el-modelo-de-innovacion-de-daniel-hadad-en-la-evolucion-de-los-medios-2-1536x1024.jpg","2048x2048":"https:\/\/lobosnews.com.ar\/wp-content\/uploads\/2026\/04\/juan-antonio-giner-destaco-el-modelo-de-innovacion-de-daniel-hadad-en-la-evolucion-de-los-medios-2.jpg","newsmatic-featured":"https:\/\/lobosnews.com.ar\/wp-content\/uploads\/2026\/04\/juan-antonio-giner-destaco-el-modelo-de-innovacion-de-daniel-hadad-en-la-evolucion-de-los-medios-2-820x545.jpg","newsmatic-list":"https:\/\/lobosnews.com.ar\/wp-content\/uploads\/2026\/04\/juan-antonio-giner-destaco-el-modelo-de-innovacion-de-daniel-hadad-en-la-evolucion-de-los-medios-2-600x400.jpg","newsmatic-thumb":"https:\/\/lobosnews.com.ar\/wp-content\/uploads\/2026\/04\/juan-antonio-giner-destaco-el-modelo-de-innovacion-de-daniel-hadad-en-la-evolucion-de-los-medios-2-300x200.jpg","newsmatic-small":"https:\/\/lobosnews.com.ar\/wp-content\/uploads\/2026\/04\/juan-antonio-giner-destaco-el-modelo-de-innovacion-de-daniel-hadad-en-la-evolucion-de-los-medios-2-150x95.jpg","newsmatic-grid":"https:\/\/lobosnews.com.ar\/wp-content\/uploads\/2026\/04\/juan-antonio-giner-destaco-el-modelo-de-innovacion-de-daniel-hadad-en-la-evolucion-de-los-medios-2-400x250.jpg"},"magazineBlocksPostAuthor":{"name":"admin","avatar":"https:\/\/secure.gravatar.com\/avatar\/76e419471a2083bc3ceab22a763dbbf9b0c1bd15a6214cf3280e2c2dde4580f9?s=96&d=mm&r=g"},"magazineBlocksPostCommentsNumber":"0","magazineBlocksPostExcerpt":"Sabido es que el primer Doctor Honoris Causa de la historia fue investido el a\u00f1o 1478 en la Universidad de Oxford. Desde aquella primera ceremonia el esp\u00edritu de este reconocimiento no ha cambiado: honrar la excelencia que transforma la sociedad. En Oxford se comienza invitando a los nuevos doctores honoris causa a un desayuno de...","magazineBlocksPostCategories":["Actualidad","Argentina","econom\u00eda","inseguridad","masradios.com","nacionales","seguridad","sociedad"],"magazineBlocksPostViewCount":2,"magazineBlocksPostReadTime":9,"magazine_blocks_featured_image_url":{"full":["https:\/\/lobosnews.com.ar\/wp-content\/uploads\/2026\/04\/juan-antonio-giner-destaco-el-modelo-de-innovacion-de-daniel-hadad-en-la-evolucion-de-los-medios-2.jpg",1920,1280,false],"medium":["https:\/\/lobosnews.com.ar\/wp-content\/uploads\/2026\/04\/juan-antonio-giner-destaco-el-modelo-de-innovacion-de-daniel-hadad-en-la-evolucion-de-los-medios-2-300x200.jpg",300,200,true],"thumbnail":["https:\/\/lobosnews.com.ar\/wp-content\/uploads\/2026\/04\/juan-antonio-giner-destaco-el-modelo-de-innovacion-de-daniel-hadad-en-la-evolucion-de-los-medios-2-150x150.jpg",150,150,true]},"magazine_blocks_author":{"display_name":"admin","author_link":"https:\/\/lobosnews.com.ar\/index.php\/author\/lobos-news\/"},"magazine_blocks_comment":0,"magazine_blocks_author_image":"https:\/\/secure.gravatar.com\/avatar\/76e419471a2083bc3ceab22a763dbbf9b0c1bd15a6214cf3280e2c2dde4580f9?s=96&d=mm&r=g","magazine_blocks_category":"<a href=\"#\" class=\"category-link category-link-31\">Actualidad<\/a> <a href=\"#\" class=\"category-link category-link-30\">Argentina<\/a> <a href=\"#\" class=\"category-link category-link-32\">econom\u00eda<\/a> <a href=\"#\" class=\"category-link category-link-77\">inseguridad<\/a> <a href=\"#\" class=\"category-link category-link-84\">masradios.com<\/a> <a href=\"#\" class=\"category-link category-link-35\">nacionales<\/a> <a href=\"#\" class=\"category-link category-link-36\">seguridad<\/a> <a href=\"#\" class=\"category-link category-link-37\">sociedad<\/a>","yoast_head":"<!-- This site is optimized with the Yoast SEO plugin v26.6 - https:\/\/yoast.com\/wordpress\/plugins\/seo\/ -->\n<title>Juan Antonio Giner destac\u00f3 el modelo de innovaci\u00f3n de Daniel Hadad en la evoluci\u00f3n de los medios - Lobos News<\/title>\n<meta name=\"robots\" content=\"index, follow, max-snippet:-1, max-image-preview:large, max-video-preview:-1\" \/>\n<link rel=\"canonical\" href=\"https:\/\/lobosnews.com.ar\/index.php\/2026\/04\/30\/juan-antonio-giner-destaco-el-modelo-de-innovacion-de-daniel-hadad-en-la-evolucion-de-los-medios\/\" \/>\n<meta property=\"og:locale\" content=\"es_ES\" \/>\n<meta property=\"og:type\" content=\"article\" \/>\n<meta property=\"og:title\" content=\"Juan Antonio Giner destac\u00f3 el modelo de innovaci\u00f3n de Daniel Hadad en la evoluci\u00f3n de los medios - Lobos News\" \/>\n<meta property=\"og:description\" content=\"Sabido es que el primer Doctor Honoris Causa de la historia fue investido el a\u00f1o 1478 en la Universidad de Oxford. Desde aquella primera ceremonia el esp\u00edritu de este reconocimiento no ha cambiado: honrar la excelencia que transforma la sociedad. En Oxford se comienza invitando a los nuevos doctores honoris causa a un desayuno de...\" \/>\n<meta property=\"og:url\" content=\"https:\/\/lobosnews.com.ar\/index.php\/2026\/04\/30\/juan-antonio-giner-destaco-el-modelo-de-innovacion-de-daniel-hadad-en-la-evolucion-de-los-medios\/\" \/>\n<meta property=\"og:site_name\" content=\"Lobos News\" \/>\n<meta property=\"article:published_time\" content=\"2026-04-30T02:54:38+00:00\" \/>\n<meta property=\"article:modified_time\" content=\"2026-04-30T03:21:03+00:00\" \/>\n<meta property=\"og:image\" content=\"https:\/\/lobosnews.com.ar\/wp-content\/uploads\/2026\/04\/juan-antonio-giner-destaco-el-modelo-de-innovacion-de-daniel-hadad-en-la-evolucion-de-los-medios.jpg\" \/>\n<meta name=\"author\" content=\"admin\" \/>\n<meta name=\"twitter:card\" content=\"summary_large_image\" \/>\n<meta name=\"twitter:label1\" content=\"Escrito por\" \/>\n\t<meta name=\"twitter:data1\" content=\"admin\" \/>\n\t<meta name=\"twitter:label2\" content=\"Tiempo de lectura\" \/>\n\t<meta name=\"twitter:data2\" content=\"8 minutos\" \/>\n<script type=\"application\/ld+json\" class=\"yoast-schema-graph\">{\"@context\":\"https:\/\/schema.org\",\"@graph\":[{\"@type\":\"Article\",\"@id\":\"https:\/\/lobosnews.com.ar\/index.php\/2026\/04\/30\/juan-antonio-giner-destaco-el-modelo-de-innovacion-de-daniel-hadad-en-la-evolucion-de-los-medios\/#article\",\"isPartOf\":{\"@id\":\"https:\/\/lobosnews.com.ar\/index.php\/2026\/04\/30\/juan-antonio-giner-destaco-el-modelo-de-innovacion-de-daniel-hadad-en-la-evolucion-de-los-medios\/\"},\"author\":{\"name\":\"admin\",\"@id\":\"https:\/\/lobosnews.com.ar\/#\/schema\/person\/232422a593d5c541dd9aef6aaed10943\"},\"headline\":\"Juan Antonio Giner destac\u00f3 el modelo de innovaci\u00f3n de Daniel Hadad en la evoluci\u00f3n de los medios\",\"datePublished\":\"2026-04-30T02:54:38+00:00\",\"dateModified\":\"2026-04-30T03:21:03+00:00\",\"mainEntityOfPage\":{\"@id\":\"https:\/\/lobosnews.com.ar\/index.php\/2026\/04\/30\/juan-antonio-giner-destaco-el-modelo-de-innovacion-de-daniel-hadad-en-la-evolucion-de-los-medios\/\"},\"wordCount\":1649,\"commentCount\":0,\"publisher\":{\"@id\":\"https:\/\/lobosnews.com.ar\/#organization\"},\"image\":{\"@id\":\"https:\/\/lobosnews.com.ar\/index.php\/2026\/04\/30\/juan-antonio-giner-destaco-el-modelo-de-innovacion-de-daniel-hadad-en-la-evolucion-de-los-medios\/#primaryimage\"},\"thumbnailUrl\":\"https:\/\/lobosnews.com.ar\/wp-content\/uploads\/2026\/04\/juan-antonio-giner-destaco-el-modelo-de-innovacion-de-daniel-hadad-en-la-evolucion-de-los-medios-2.jpg\",\"articleSection\":[\"Actualidad\",\"Argentina\",\"econom\u00eda\",\"inseguridad\",\"masradios.com\",\"nacionales\",\"seguridad\",\"sociedad\"],\"inLanguage\":\"es\",\"potentialAction\":[{\"@type\":\"CommentAction\",\"name\":\"Comment\",\"target\":[\"https:\/\/lobosnews.com.ar\/index.php\/2026\/04\/30\/juan-antonio-giner-destaco-el-modelo-de-innovacion-de-daniel-hadad-en-la-evolucion-de-los-medios\/#respond\"]}]},{\"@type\":\"WebPage\",\"@id\":\"https:\/\/lobosnews.com.ar\/index.php\/2026\/04\/30\/juan-antonio-giner-destaco-el-modelo-de-innovacion-de-daniel-hadad-en-la-evolucion-de-los-medios\/\",\"url\":\"https:\/\/lobosnews.com.ar\/index.php\/2026\/04\/30\/juan-antonio-giner-destaco-el-modelo-de-innovacion-de-daniel-hadad-en-la-evolucion-de-los-medios\/\",\"name\":\"Juan Antonio Giner destac\u00f3 el modelo de innovaci\u00f3n de Daniel Hadad en la evoluci\u00f3n de los medios - Lobos News\",\"isPartOf\":{\"@id\":\"https:\/\/lobosnews.com.ar\/#website\"},\"primaryImageOfPage\":{\"@id\":\"https:\/\/lobosnews.com.ar\/index.php\/2026\/04\/30\/juan-antonio-giner-destaco-el-modelo-de-innovacion-de-daniel-hadad-en-la-evolucion-de-los-medios\/#primaryimage\"},\"image\":{\"@id\":\"https:\/\/lobosnews.com.ar\/index.php\/2026\/04\/30\/juan-antonio-giner-destaco-el-modelo-de-innovacion-de-daniel-hadad-en-la-evolucion-de-los-medios\/#primaryimage\"},\"thumbnailUrl\":\"https:\/\/lobosnews.com.ar\/wp-content\/uploads\/2026\/04\/juan-antonio-giner-destaco-el-modelo-de-innovacion-de-daniel-hadad-en-la-evolucion-de-los-medios-2.jpg\",\"datePublished\":\"2026-04-30T02:54:38+00:00\",\"dateModified\":\"2026-04-30T03:21:03+00:00\",\"breadcrumb\":{\"@id\":\"https:\/\/lobosnews.com.ar\/index.php\/2026\/04\/30\/juan-antonio-giner-destaco-el-modelo-de-innovacion-de-daniel-hadad-en-la-evolucion-de-los-medios\/#breadcrumb\"},\"inLanguage\":\"es\",\"potentialAction\":[{\"@type\":\"ReadAction\",\"target\":[\"https:\/\/lobosnews.com.ar\/index.php\/2026\/04\/30\/juan-antonio-giner-destaco-el-modelo-de-innovacion-de-daniel-hadad-en-la-evolucion-de-los-medios\/\"]}]},{\"@type\":\"ImageObject\",\"inLanguage\":\"es\",\"@id\":\"https:\/\/lobosnews.com.ar\/index.php\/2026\/04\/30\/juan-antonio-giner-destaco-el-modelo-de-innovacion-de-daniel-hadad-en-la-evolucion-de-los-medios\/#primaryimage\",\"url\":\"https:\/\/lobosnews.com.ar\/wp-content\/uploads\/2026\/04\/juan-antonio-giner-destaco-el-modelo-de-innovacion-de-daniel-hadad-en-la-evolucion-de-los-medios-2.jpg\",\"contentUrl\":\"https:\/\/lobosnews.com.ar\/wp-content\/uploads\/2026\/04\/juan-antonio-giner-destaco-el-modelo-de-innovacion-de-daniel-hadad-en-la-evolucion-de-los-medios-2.jpg\",\"width\":1920,\"height\":1280,\"caption\":\"Juan Antonio Giner destac\u00f3 el modelo de innovaci\u00f3n de Daniel Hadad en la evoluci\u00f3n de los medios\"},{\"@type\":\"BreadcrumbList\",\"@id\":\"https:\/\/lobosnews.com.ar\/index.php\/2026\/04\/30\/juan-antonio-giner-destaco-el-modelo-de-innovacion-de-daniel-hadad-en-la-evolucion-de-los-medios\/#breadcrumb\",\"itemListElement\":[{\"@type\":\"ListItem\",\"position\":1,\"name\":\"Portada\",\"item\":\"https:\/\/lobosnews.com.ar\/\"},{\"@type\":\"ListItem\",\"position\":2,\"name\":\"Juan Antonio Giner destac\u00f3 el modelo de innovaci\u00f3n de Daniel Hadad en la evoluci\u00f3n de los medios\"}]},{\"@type\":\"WebSite\",\"@id\":\"https:\/\/lobosnews.com.ar\/#website\",\"url\":\"https:\/\/lobosnews.com.ar\/\",\"name\":\"Lobos News\",\"description\":\"Informaci\u00f3n a cada instante\",\"publisher\":{\"@id\":\"https:\/\/lobosnews.com.ar\/#organization\"},\"potentialAction\":[{\"@type\":\"SearchAction\",\"target\":{\"@type\":\"EntryPoint\",\"urlTemplate\":\"https:\/\/lobosnews.com.ar\/?s={search_term_string}\"},\"query-input\":{\"@type\":\"PropertyValueSpecification\",\"valueRequired\":true,\"valueName\":\"search_term_string\"}}],\"inLanguage\":\"es\"},{\"@type\":\"Organization\",\"@id\":\"https:\/\/lobosnews.com.ar\/#organization\",\"name\":\"Lobos News\",\"url\":\"https:\/\/lobosnews.com.ar\/\",\"logo\":{\"@type\":\"ImageObject\",\"inLanguage\":\"es\",\"@id\":\"https:\/\/lobosnews.com.ar\/#\/schema\/logo\/image\/\",\"url\":\"https:\/\/lobosnews.com.ar\/wp-content\/uploads\/2026\/01\/logo-lobosnews.png\",\"contentUrl\":\"https:\/\/lobosnews.com.ar\/wp-content\/uploads\/2026\/01\/logo-lobosnews.png\",\"width\":500,\"height\":200,\"caption\":\"Lobos News\"},\"image\":{\"@id\":\"https:\/\/lobosnews.com.ar\/#\/schema\/logo\/image\/\"}},{\"@type\":\"Person\",\"@id\":\"https:\/\/lobosnews.com.ar\/#\/schema\/person\/232422a593d5c541dd9aef6aaed10943\",\"name\":\"admin\",\"image\":{\"@type\":\"ImageObject\",\"inLanguage\":\"es\",\"@id\":\"https:\/\/lobosnews.com.ar\/#\/schema\/person\/image\/\",\"url\":\"https:\/\/secure.gravatar.com\/avatar\/76e419471a2083bc3ceab22a763dbbf9b0c1bd15a6214cf3280e2c2dde4580f9?s=96&d=mm&r=g\",\"contentUrl\":\"https:\/\/secure.gravatar.com\/avatar\/76e419471a2083bc3ceab22a763dbbf9b0c1bd15a6214cf3280e2c2dde4580f9?s=96&d=mm&r=g\",\"caption\":\"admin\"},\"sameAs\":[\"https:\/\/lobosnews.com.ar\"],\"url\":\"https:\/\/lobosnews.com.ar\/index.php\/author\/lobos-news\/\"}]}<\/script>\n<!-- \/ Yoast SEO plugin. -->","yoast_head_json":{"title":"Juan Antonio Giner destac\u00f3 el modelo de innovaci\u00f3n de Daniel Hadad en la evoluci\u00f3n de los medios - Lobos News","robots":{"index":"index","follow":"follow","max-snippet":"max-snippet:-1","max-image-preview":"max-image-preview:large","max-video-preview":"max-video-preview:-1"},"canonical":"https:\/\/lobosnews.com.ar\/index.php\/2026\/04\/30\/juan-antonio-giner-destaco-el-modelo-de-innovacion-de-daniel-hadad-en-la-evolucion-de-los-medios\/","og_locale":"es_ES","og_type":"article","og_title":"Juan Antonio Giner destac\u00f3 el modelo de innovaci\u00f3n de Daniel Hadad en la evoluci\u00f3n de los medios - Lobos News","og_description":"Sabido es que el primer Doctor Honoris Causa de la historia fue investido el a\u00f1o 1478 en la Universidad de Oxford. Desde aquella primera ceremonia el esp\u00edritu de este reconocimiento no ha cambiado: honrar la excelencia que transforma la sociedad. En Oxford se comienza invitando a los nuevos doctores honoris causa a un desayuno de...","og_url":"https:\/\/lobosnews.com.ar\/index.php\/2026\/04\/30\/juan-antonio-giner-destaco-el-modelo-de-innovacion-de-daniel-hadad-en-la-evolucion-de-los-medios\/","og_site_name":"Lobos News","article_published_time":"2026-04-30T02:54:38+00:00","article_modified_time":"2026-04-30T03:21:03+00:00","og_image":[{"url":"https:\/\/lobosnews.com.ar\/wp-content\/uploads\/2026\/04\/juan-antonio-giner-destaco-el-modelo-de-innovacion-de-daniel-hadad-en-la-evolucion-de-los-medios.jpg","type":"","width":"","height":""}],"author":"admin","twitter_card":"summary_large_image","twitter_misc":{"Escrito por":"admin","Tiempo de lectura":"8 minutos"},"schema":{"@context":"https:\/\/schema.org","@graph":[{"@type":"Article","@id":"https:\/\/lobosnews.com.ar\/index.php\/2026\/04\/30\/juan-antonio-giner-destaco-el-modelo-de-innovacion-de-daniel-hadad-en-la-evolucion-de-los-medios\/#article","isPartOf":{"@id":"https:\/\/lobosnews.com.ar\/index.php\/2026\/04\/30\/juan-antonio-giner-destaco-el-modelo-de-innovacion-de-daniel-hadad-en-la-evolucion-de-los-medios\/"},"author":{"name":"admin","@id":"https:\/\/lobosnews.com.ar\/#\/schema\/person\/232422a593d5c541dd9aef6aaed10943"},"headline":"Juan Antonio Giner destac\u00f3 el modelo de innovaci\u00f3n de Daniel Hadad en la evoluci\u00f3n de los medios","datePublished":"2026-04-30T02:54:38+00:00","dateModified":"2026-04-30T03:21:03+00:00","mainEntityOfPage":{"@id":"https:\/\/lobosnews.com.ar\/index.php\/2026\/04\/30\/juan-antonio-giner-destaco-el-modelo-de-innovacion-de-daniel-hadad-en-la-evolucion-de-los-medios\/"},"wordCount":1649,"commentCount":0,"publisher":{"@id":"https:\/\/lobosnews.com.ar\/#organization"},"image":{"@id":"https:\/\/lobosnews.com.ar\/index.php\/2026\/04\/30\/juan-antonio-giner-destaco-el-modelo-de-innovacion-de-daniel-hadad-en-la-evolucion-de-los-medios\/#primaryimage"},"thumbnailUrl":"https:\/\/lobosnews.com.ar\/wp-content\/uploads\/2026\/04\/juan-antonio-giner-destaco-el-modelo-de-innovacion-de-daniel-hadad-en-la-evolucion-de-los-medios-2.jpg","articleSection":["Actualidad","Argentina","econom\u00eda","inseguridad","masradios.com","nacionales","seguridad","sociedad"],"inLanguage":"es","potentialAction":[{"@type":"CommentAction","name":"Comment","target":["https:\/\/lobosnews.com.ar\/index.php\/2026\/04\/30\/juan-antonio-giner-destaco-el-modelo-de-innovacion-de-daniel-hadad-en-la-evolucion-de-los-medios\/#respond"]}]},{"@type":"WebPage","@id":"https:\/\/lobosnews.com.ar\/index.php\/2026\/04\/30\/juan-antonio-giner-destaco-el-modelo-de-innovacion-de-daniel-hadad-en-la-evolucion-de-los-medios\/","url":"https:\/\/lobosnews.com.ar\/index.php\/2026\/04\/30\/juan-antonio-giner-destaco-el-modelo-de-innovacion-de-daniel-hadad-en-la-evolucion-de-los-medios\/","name":"Juan Antonio Giner destac\u00f3 el modelo de innovaci\u00f3n de Daniel Hadad en la evoluci\u00f3n de los medios - Lobos News","isPartOf":{"@id":"https:\/\/lobosnews.com.ar\/#website"},"primaryImageOfPage":{"@id":"https:\/\/lobosnews.com.ar\/index.php\/2026\/04\/30\/juan-antonio-giner-destaco-el-modelo-de-innovacion-de-daniel-hadad-en-la-evolucion-de-los-medios\/#primaryimage"},"image":{"@id":"https:\/\/lobosnews.com.ar\/index.php\/2026\/04\/30\/juan-antonio-giner-destaco-el-modelo-de-innovacion-de-daniel-hadad-en-la-evolucion-de-los-medios\/#primaryimage"},"thumbnailUrl":"https:\/\/lobosnews.com.ar\/wp-content\/uploads\/2026\/04\/juan-antonio-giner-destaco-el-modelo-de-innovacion-de-daniel-hadad-en-la-evolucion-de-los-medios-2.jpg","datePublished":"2026-04-30T02:54:38+00:00","dateModified":"2026-04-30T03:21:03+00:00","breadcrumb":{"@id":"https:\/\/lobosnews.com.ar\/index.php\/2026\/04\/30\/juan-antonio-giner-destaco-el-modelo-de-innovacion-de-daniel-hadad-en-la-evolucion-de-los-medios\/#breadcrumb"},"inLanguage":"es","potentialAction":[{"@type":"ReadAction","target":["https:\/\/lobosnews.com.ar\/index.php\/2026\/04\/30\/juan-antonio-giner-destaco-el-modelo-de-innovacion-de-daniel-hadad-en-la-evolucion-de-los-medios\/"]}]},{"@type":"ImageObject","inLanguage":"es","@id":"https:\/\/lobosnews.com.ar\/index.php\/2026\/04\/30\/juan-antonio-giner-destaco-el-modelo-de-innovacion-de-daniel-hadad-en-la-evolucion-de-los-medios\/#primaryimage","url":"https:\/\/lobosnews.com.ar\/wp-content\/uploads\/2026\/04\/juan-antonio-giner-destaco-el-modelo-de-innovacion-de-daniel-hadad-en-la-evolucion-de-los-medios-2.jpg","contentUrl":"https:\/\/lobosnews.com.ar\/wp-content\/uploads\/2026\/04\/juan-antonio-giner-destaco-el-modelo-de-innovacion-de-daniel-hadad-en-la-evolucion-de-los-medios-2.jpg","width":1920,"height":1280,"caption":"Juan Antonio Giner destac\u00f3 el modelo de innovaci\u00f3n de Daniel Hadad en la evoluci\u00f3n de los medios"},{"@type":"BreadcrumbList","@id":"https:\/\/lobosnews.com.ar\/index.php\/2026\/04\/30\/juan-antonio-giner-destaco-el-modelo-de-innovacion-de-daniel-hadad-en-la-evolucion-de-los-medios\/#breadcrumb","itemListElement":[{"@type":"ListItem","position":1,"name":"Portada","item":"https:\/\/lobosnews.com.ar\/"},{"@type":"ListItem","position":2,"name":"Juan Antonio Giner destac\u00f3 el modelo de innovaci\u00f3n de Daniel Hadad en la evoluci\u00f3n de los medios"}]},{"@type":"WebSite","@id":"https:\/\/lobosnews.com.ar\/#website","url":"https:\/\/lobosnews.com.ar\/","name":"Lobos News","description":"Informaci\u00f3n a cada instante","publisher":{"@id":"https:\/\/lobosnews.com.ar\/#organization"},"potentialAction":[{"@type":"SearchAction","target":{"@type":"EntryPoint","urlTemplate":"https:\/\/lobosnews.com.ar\/?s={search_term_string}"},"query-input":{"@type":"PropertyValueSpecification","valueRequired":true,"valueName":"search_term_string"}}],"inLanguage":"es"},{"@type":"Organization","@id":"https:\/\/lobosnews.com.ar\/#organization","name":"Lobos News","url":"https:\/\/lobosnews.com.ar\/","logo":{"@type":"ImageObject","inLanguage":"es","@id":"https:\/\/lobosnews.com.ar\/#\/schema\/logo\/image\/","url":"https:\/\/lobosnews.com.ar\/wp-content\/uploads\/2026\/01\/logo-lobosnews.png","contentUrl":"https:\/\/lobosnews.com.ar\/wp-content\/uploads\/2026\/01\/logo-lobosnews.png","width":500,"height":200,"caption":"Lobos News"},"image":{"@id":"https:\/\/lobosnews.com.ar\/#\/schema\/logo\/image\/"}},{"@type":"Person","@id":"https:\/\/lobosnews.com.ar\/#\/schema\/person\/232422a593d5c541dd9aef6aaed10943","name":"admin","image":{"@type":"ImageObject","inLanguage":"es","@id":"https:\/\/lobosnews.com.ar\/#\/schema\/person\/image\/","url":"https:\/\/secure.gravatar.com\/avatar\/76e419471a2083bc3ceab22a763dbbf9b0c1bd15a6214cf3280e2c2dde4580f9?s=96&d=mm&r=g","contentUrl":"https:\/\/secure.gravatar.com\/avatar\/76e419471a2083bc3ceab22a763dbbf9b0c1bd15a6214cf3280e2c2dde4580f9?s=96&d=mm&r=g","caption":"admin"},"sameAs":["https:\/\/lobosnews.com.ar"],"url":"https:\/\/lobosnews.com.ar\/index.php\/author\/lobos-news\/"}]}},"jetpack_featured_media_url":"https:\/\/lobosnews.com.ar\/wp-content\/uploads\/2026\/04\/juan-antonio-giner-destaco-el-modelo-de-innovacion-de-daniel-hadad-en-la-evolucion-de-los-medios-2.jpg","jetpack_sharing_enabled":true,"_links":{"self":[{"href":"https:\/\/lobosnews.com.ar\/index.php\/wp-json\/wp\/v2\/posts\/47514","targetHints":{"allow":["GET"]}}],"collection":[{"href":"https:\/\/lobosnews.com.ar\/index.php\/wp-json\/wp\/v2\/posts"}],"about":[{"href":"https:\/\/lobosnews.com.ar\/index.php\/wp-json\/wp\/v2\/types\/post"}],"author":[{"embeddable":true,"href":"https:\/\/lobosnews.com.ar\/index.php\/wp-json\/wp\/v2\/users\/1"}],"replies":[{"embeddable":true,"href":"https:\/\/lobosnews.com.ar\/index.php\/wp-json\/wp\/v2\/comments?post=47514"}],"version-history":[{"count":1,"href":"https:\/\/lobosnews.com.ar\/index.php\/wp-json\/wp\/v2\/posts\/47514\/revisions"}],"predecessor-version":[{"id":47517,"href":"https:\/\/lobosnews.com.ar\/index.php\/wp-json\/wp\/v2\/posts\/47514\/revisions\/47517"}],"wp:featuredmedia":[{"embeddable":true,"href":"https:\/\/lobosnews.com.ar\/index.php\/wp-json\/wp\/v2\/media\/47523"}],"wp:attachment":[{"href":"https:\/\/lobosnews.com.ar\/index.php\/wp-json\/wp\/v2\/media?parent=47514"}],"wp:term":[{"taxonomy":"category","embeddable":true,"href":"https:\/\/lobosnews.com.ar\/index.php\/wp-json\/wp\/v2\/categories?post=47514"},{"taxonomy":"post_tag","embeddable":true,"href":"https:\/\/lobosnews.com.ar\/index.php\/wp-json\/wp\/v2\/tags?post=47514"}],"curies":[{"name":"wp","href":"https:\/\/api.w.org\/{rel}","templated":true}]}}