{"id":47498,"date":"2026-04-29T22:51:27","date_gmt":"2026-04-29T22:51:27","guid":{"rendered":"https:\/\/lobosnews.com.ar\/index.php\/2026\/04\/29\/las-gorras-no-provocan-calvicie-que-accesorios-si-pueden-danar-el-cabello-de-forma-permanente-segun-la-ciencia\/"},"modified":"2026-04-30T03:18:11","modified_gmt":"2026-04-30T03:18:11","slug":"las-gorras-no-provocan-calvicie-que-accesorios-si-pueden-danar-el-cabello-de-forma-permanente-segun-la-ciencia","status":"publish","type":"post","link":"https:\/\/lobosnews.com.ar\/index.php\/2026\/04\/29\/las-gorras-no-provocan-calvicie-que-accesorios-si-pueden-danar-el-cabello-de-forma-permanente-segun-la-ciencia\/","title":{"rendered":"Las gorras no provocan calvicie: qu\u00e9 accesorios s\u00ed pueden da\u00f1ar el cabello de forma permanente, seg\u00fan la ciencia"},"content":{"rendered":"<p><img fetchpriority=\"high\" decoding=\"async\" src=\"https:\/\/lobosnews.com.ar\/wp-content\/uploads\/2026\/04\/las-gorras-no-provocan-calvicie-que-accesorios-si-pueden-danar-el-cabello-de-forma-permanente-segun-la-ciencia.jpg\" alt=\"Estudios con gemelos id\u00e9nticos revelan que quienes usan gorra diariamente presentan menos p\u00e9rdida de cabello en las sienes - (Imagen Ilustrativa Infobae)\" height=\"768\" width=\"1408\"\/><\/p>\n<p>El mito de que el uso frecuente de <b>gorras o sombreros<\/b> podr\u00eda causar la ca\u00edda del cabello persiste en el imaginario colectivo. Sin embargo, la literatura m\u00e9dica reciente y los estudios revisados por pares indican que la relaci\u00f3n entre el uso de estos <b>accesorios y la <\/b><span class=\"waslinkname\"><b>calvicie<\/b><\/span><b> no es directa<\/b>. Seg\u00fan el dermat\u00f3logo John Anthony, de la Cleveland Clinic, la evidencia disponible se\u00f1ala que los sombreros no est\u00e1n asociados con un aumento en la p\u00e9rdida capilar, salvo en casos muy espec\u00edficos relacionados con <b>accesorios extremadamente ajustados.<\/b><\/p>\n<p>Un <span class=\"waslinkname\">estudio<\/span> realizado en gemelos id\u00e9nticos, citado por la Cleveland Clinic, analiz\u00f3 a 92 pares de hombres y encontr\u00f3 que aquellos que usaban gorra diariamente presentaban <b>menos p\u00e9rdida de cabello en las sienes<\/b> que sus hermanos que no la usaban. En el caso de mujeres, otro estudio con 98 pares de gemelas se\u00f1al\u00f3 que la <b>ausencia de uso de sombrero<\/b> se vincul\u00f3 a una mayor ca\u00edda capilar. Estos hallazgos sugieren que, lejos de ser causa directa de calvicie, el uso regular de sombreros podr\u00eda incluso asociarse a cierta protecci\u00f3n frente a factores ambientales.<\/p>\n<p>La evidencia cient\u00edfica hasta la fecha indica que <b>usar gorras o sombreros de forma habitual no causa calvicie<\/b>. Los principales factores responsables de la ca\u00edda del cabello siguen siendo la gen\u00e9tica, el envejecimiento, desequilibrios hormonales, ciertas enfermedades y deficiencias nutricionales. Solo en casos de uso excesivo de accesorios muy ajustados \u2014que generan tensi\u00f3n o irritaci\u00f3n cr\u00f3nica\u2014 puede producirse una afecci\u00f3n llamada <b>alopecia por tracci\u00f3n<\/b>, que es reversible si se detecta a tiempo y se eliminan los factores de tracci\u00f3n.<\/p>\n<h2>\u00bfQu\u00e9 ocurre con los accesorios ajustados y la tracci\u00f3n alopecia<\/h2>\n<p>El consenso entre especialistas es que los sombreros o gorros demasiado ajustados, al igual que algunos estilos de peinado que ejercen tensi\u00f3n sobre el fol\u00edculo, pueden ocasionar alopecia por tracci\u00f3n. Esta condici\u00f3n, m\u00e1s frecuente en personas que <b>utilizan turbantes, hijabs, gorros de trabajo o sujetadores con clips de forma muy tirante<\/b>, se produce por el estr\u00e9s mec\u00e1nico repetido sobre el pelo. <\/p>\n<p><img loading=\"lazy\" decoding=\"async\" src=\"https:\/\/lobosnews.com.ar\/wp-content\/uploads\/2026\/04\/las-gorras-no-provocan-calvicie-que-accesorios-si-pueden-danar-el-cabello-de-forma-permanente-segun-la-ciencia-1.jpg\" alt=\"La gen\u00e9tica, el envejecimiento, desequilibrios hormonales y deficiencias nutricionales son las principales causas de la calvicie, no el uso de gorras o sombreros - (Imagen Ilustrativa Infobae)\" height=\"1024\" width=\"1536\"\/><\/p>\n<p>Seg\u00fan un estudio publicado en <i>International Journal of Women\u2019s Dermatology<\/i> (2023), el 34% de las mujeres que usaban hijab entre 7 y 9 horas diarias presentaron alg\u00fan grado de ca\u00edda capilar, en comparaci\u00f3n con solo un 3% entre quienes lo usaban menos de tres horas. No obstante, el factor determinante es <b>la tensi\u00f3n y no el accesorio en s\u00ed.<\/b><\/p>\n<p>Entidades como la Cleveland Clinic y <i>Medical News Today <\/i>subrayan que la clave est\u00e1 en evitar gorros excesivamente apretados, alternar su uso y priorizar materiales transpirables. Adem\u00e1s, recomiendan lavar regularmente los accesorios y el cabello para evitar irritaciones derivadas de la humedad y la sudoraci\u00f3n. <b>La alopecia por tracci\u00f3n suele ser reversible si se adoptan estas precauciones y se detecta en etapas tempranas.<\/b><\/p>\n<h2>\u00bfCu\u00e1les son los verdaderos factores que causan la ca\u00edda del cabello?<\/h2>\n<p>La ca\u00edda del cabello, en la mayor\u00eda de los casos, responde a causas gen\u00e9ticas (alopecia androgen\u00e9tica), alteraciones hormonales, estr\u00e9s, enfermedades autoinmunes, tratamientos m\u00e9dicos o deficiencias nutricionales. El envejecimiento natural tambi\u00e9n juega un papel fundamental. Estudios recientes \u2014como el publicado en <i>Journal of Dermatology &amp; Dermatologic Surgery<\/i>\u2014 y revisiones de entidades como la Cleveland Clinic y <i>GoodRx<\/i> coinciden en que <b>no existe evidencia s\u00f3lida que relacione el uso de gorras con la calvicie com\u00fan<\/b>.<\/p>\n<p>Por el contrario, el uso de peinados tensos, el abuso de productos qu\u00edmicos, el tabaquismo y enfermedades sist\u00e9micas pueden acelerar el proceso de ca\u00edda. Mantener una dieta equilibrada, evitar el estr\u00e9s prolongado y consultar con un dermat\u00f3logo ante los primeros signos de p\u00e9rdida capilar son las recomendaciones principales para preservar la salud del cabello.<\/p>\n","protected":false},"excerpt":{"rendered":"<p>El mito de que el uso frecuente de gorras o sombreros podr\u00eda causar la ca\u00edda del cabello persiste en el imaginario colectivo. Sin embargo, la literatura m\u00e9dica reciente y los estudios revisados por pares indican que la relaci\u00f3n entre el uso de estos accesorios y la calvicie no es directa. Seg\u00fan el dermat\u00f3logo John Anthony,&#8230;<\/p>\n","protected":false},"author":1,"featured_media":47502,"comment_status":"open","ping_status":"closed","sticky":false,"template":"","format":"standard","meta":{"_jetpack_memberships_contains_paid_content":false,"footnotes":""},"categories":[81],"tags":[],"class_list":["post-47498","post","type-post","status-publish","format-standard","has-post-thumbnail","hentry","category-salud"],"magazineBlocksPostFeaturedMedia":{"thumbnail":"https:\/\/lobosnews.com.ar\/wp-content\/uploads\/2026\/04\/las-gorras-no-provocan-calvicie-que-accesorios-si-pueden-danar-el-cabello-de-forma-permanente-segun-la-ciencia-2-150x150.jpg","medium":"https:\/\/lobosnews.com.ar\/wp-content\/uploads\/2026\/04\/las-gorras-no-provocan-calvicie-que-accesorios-si-pueden-danar-el-cabello-de-forma-permanente-segun-la-ciencia-2-300x200.jpg","medium_large":"https:\/\/lobosnews.com.ar\/wp-content\/uploads\/2026\/04\/las-gorras-no-provocan-calvicie-que-accesorios-si-pueden-danar-el-cabello-de-forma-permanente-segun-la-ciencia-2-768x512.jpg","large":"https:\/\/lobosnews.com.ar\/wp-content\/uploads\/2026\/04\/las-gorras-no-provocan-calvicie-que-accesorios-si-pueden-danar-el-cabello-de-forma-permanente-segun-la-ciencia-2-1024x683.jpg","1536x1536":"https:\/\/lobosnews.com.ar\/wp-content\/uploads\/2026\/04\/las-gorras-no-provocan-calvicie-que-accesorios-si-pueden-danar-el-cabello-de-forma-permanente-segun-la-ciencia-2.jpg","2048x2048":"https:\/\/lobosnews.com.ar\/wp-content\/uploads\/2026\/04\/las-gorras-no-provocan-calvicie-que-accesorios-si-pueden-danar-el-cabello-de-forma-permanente-segun-la-ciencia-2.jpg","newsmatic-featured":"https:\/\/lobosnews.com.ar\/wp-content\/uploads\/2026\/04\/las-gorras-no-provocan-calvicie-que-accesorios-si-pueden-danar-el-cabello-de-forma-permanente-segun-la-ciencia-2-820x545.jpg","newsmatic-list":"https:\/\/lobosnews.com.ar\/wp-content\/uploads\/2026\/04\/las-gorras-no-provocan-calvicie-que-accesorios-si-pueden-danar-el-cabello-de-forma-permanente-segun-la-ciencia-2-600x400.jpg","newsmatic-thumb":"https:\/\/lobosnews.com.ar\/wp-content\/uploads\/2026\/04\/las-gorras-no-provocan-calvicie-que-accesorios-si-pueden-danar-el-cabello-de-forma-permanente-segun-la-ciencia-2-300x200.jpg","newsmatic-small":"https:\/\/lobosnews.com.ar\/wp-content\/uploads\/2026\/04\/las-gorras-no-provocan-calvicie-que-accesorios-si-pueden-danar-el-cabello-de-forma-permanente-segun-la-ciencia-2-150x95.jpg","newsmatic-grid":"https:\/\/lobosnews.com.ar\/wp-content\/uploads\/2026\/04\/las-gorras-no-provocan-calvicie-que-accesorios-si-pueden-danar-el-cabello-de-forma-permanente-segun-la-ciencia-2-400x250.jpg"},"magazineBlocksPostAuthor":{"name":"admin","avatar":"https:\/\/secure.gravatar.com\/avatar\/76e419471a2083bc3ceab22a763dbbf9b0c1bd15a6214cf3280e2c2dde4580f9?s=96&d=mm&r=g"},"magazineBlocksPostCommentsNumber":"0","magazineBlocksPostExcerpt":"El mito de que el uso frecuente de gorras o sombreros podr\u00eda causar la ca\u00edda del cabello persiste en el imaginario colectivo. Sin embargo, la literatura m\u00e9dica reciente y los estudios revisados por pares indican que la relaci\u00f3n entre el uso de estos accesorios y la calvicie no es directa. Seg\u00fan el dermat\u00f3logo John Anthony,...","magazineBlocksPostCategories":["Salud"],"magazineBlocksPostViewCount":2,"magazineBlocksPostReadTime":4,"magazine_blocks_featured_image_url":{"full":["https:\/\/lobosnews.com.ar\/wp-content\/uploads\/2026\/04\/las-gorras-no-provocan-calvicie-que-accesorios-si-pueden-danar-el-cabello-de-forma-permanente-segun-la-ciencia-2.jpg",1536,1024,false],"medium":["https:\/\/lobosnews.com.ar\/wp-content\/uploads\/2026\/04\/las-gorras-no-provocan-calvicie-que-accesorios-si-pueden-danar-el-cabello-de-forma-permanente-segun-la-ciencia-2-300x200.jpg",300,200,true],"thumbnail":["https:\/\/lobosnews.com.ar\/wp-content\/uploads\/2026\/04\/las-gorras-no-provocan-calvicie-que-accesorios-si-pueden-danar-el-cabello-de-forma-permanente-segun-la-ciencia-2-150x150.jpg",150,150,true]},"magazine_blocks_author":{"display_name":"admin","author_link":"https:\/\/lobosnews.com.ar\/index.php\/author\/lobos-news\/"},"magazine_blocks_comment":0,"magazine_blocks_author_image":"https:\/\/secure.gravatar.com\/avatar\/76e419471a2083bc3ceab22a763dbbf9b0c1bd15a6214cf3280e2c2dde4580f9?s=96&d=mm&r=g","magazine_blocks_category":"<a href=\"#\" class=\"category-link category-link-81\">Salud<\/a>","yoast_head":"<!-- This site is optimized with the Yoast SEO plugin v26.6 - https:\/\/yoast.com\/wordpress\/plugins\/seo\/ -->\n<title>Las gorras no provocan calvicie: qu\u00e9 accesorios s\u00ed pueden da\u00f1ar el cabello de forma permanente, seg\u00fan la ciencia - Lobos News<\/title>\n<meta name=\"robots\" content=\"index, follow, max-snippet:-1, max-image-preview:large, max-video-preview:-1\" \/>\n<link rel=\"canonical\" href=\"https:\/\/lobosnews.com.ar\/index.php\/2026\/04\/29\/las-gorras-no-provocan-calvicie-que-accesorios-si-pueden-danar-el-cabello-de-forma-permanente-segun-la-ciencia\/\" \/>\n<meta property=\"og:locale\" content=\"es_ES\" \/>\n<meta property=\"og:type\" content=\"article\" \/>\n<meta property=\"og:title\" content=\"Las gorras no provocan calvicie: qu\u00e9 accesorios s\u00ed pueden da\u00f1ar el cabello de forma permanente, seg\u00fan la ciencia - Lobos News\" \/>\n<meta property=\"og:description\" content=\"El mito de que el uso frecuente de gorras o sombreros podr\u00eda causar la ca\u00edda del cabello persiste en el imaginario colectivo. Sin embargo, la literatura m\u00e9dica reciente y los estudios revisados por pares indican que la relaci\u00f3n entre el uso de estos accesorios y la calvicie no es directa. Seg\u00fan el dermat\u00f3logo John Anthony,...\" \/>\n<meta property=\"og:url\" content=\"https:\/\/lobosnews.com.ar\/index.php\/2026\/04\/29\/las-gorras-no-provocan-calvicie-que-accesorios-si-pueden-danar-el-cabello-de-forma-permanente-segun-la-ciencia\/\" \/>\n<meta property=\"og:site_name\" content=\"Lobos News\" \/>\n<meta property=\"article:published_time\" content=\"2026-04-29T22:51:27+00:00\" \/>\n<meta property=\"article:modified_time\" content=\"2026-04-30T03:18:11+00:00\" \/>\n<meta property=\"og:image\" content=\"https:\/\/lobosnews.com.ar\/wp-content\/uploads\/2026\/04\/las-gorras-no-provocan-calvicie-que-accesorios-si-pueden-danar-el-cabello-de-forma-permanente-segun-la-ciencia.jpg\" \/>\n<meta name=\"author\" content=\"admin\" \/>\n<meta name=\"twitter:card\" content=\"summary_large_image\" \/>\n<meta name=\"twitter:label1\" content=\"Escrito por\" \/>\n\t<meta name=\"twitter:data1\" content=\"admin\" \/>\n\t<meta name=\"twitter:label2\" content=\"Tiempo de lectura\" \/>\n\t<meta name=\"twitter:data2\" content=\"3 minutos\" \/>\n<script type=\"application\/ld+json\" class=\"yoast-schema-graph\">{\"@context\":\"https:\/\/schema.org\",\"@graph\":[{\"@type\":\"Article\",\"@id\":\"https:\/\/lobosnews.com.ar\/index.php\/2026\/04\/29\/las-gorras-no-provocan-calvicie-que-accesorios-si-pueden-danar-el-cabello-de-forma-permanente-segun-la-ciencia\/#article\",\"isPartOf\":{\"@id\":\"https:\/\/lobosnews.com.ar\/index.php\/2026\/04\/29\/las-gorras-no-provocan-calvicie-que-accesorios-si-pueden-danar-el-cabello-de-forma-permanente-segun-la-ciencia\/\"},\"author\":{\"name\":\"admin\",\"@id\":\"https:\/\/lobosnews.com.ar\/#\/schema\/person\/232422a593d5c541dd9aef6aaed10943\"},\"headline\":\"Las gorras no provocan calvicie: qu\u00e9 accesorios s\u00ed pueden da\u00f1ar el cabello de forma permanente, seg\u00fan la ciencia\",\"datePublished\":\"2026-04-29T22:51:27+00:00\",\"dateModified\":\"2026-04-30T03:18:11+00:00\",\"mainEntityOfPage\":{\"@id\":\"https:\/\/lobosnews.com.ar\/index.php\/2026\/04\/29\/las-gorras-no-provocan-calvicie-que-accesorios-si-pueden-danar-el-cabello-de-forma-permanente-segun-la-ciencia\/\"},\"wordCount\":661,\"commentCount\":0,\"publisher\":{\"@id\":\"https:\/\/lobosnews.com.ar\/#organization\"},\"image\":{\"@id\":\"https:\/\/lobosnews.com.ar\/index.php\/2026\/04\/29\/las-gorras-no-provocan-calvicie-que-accesorios-si-pueden-danar-el-cabello-de-forma-permanente-segun-la-ciencia\/#primaryimage\"},\"thumbnailUrl\":\"https:\/\/lobosnews.com.ar\/wp-content\/uploads\/2026\/04\/las-gorras-no-provocan-calvicie-que-accesorios-si-pueden-danar-el-cabello-de-forma-permanente-segun-la-ciencia-2.jpg\",\"articleSection\":[\"Salud\"],\"inLanguage\":\"es\",\"potentialAction\":[{\"@type\":\"CommentAction\",\"name\":\"Comment\",\"target\":[\"https:\/\/lobosnews.com.ar\/index.php\/2026\/04\/29\/las-gorras-no-provocan-calvicie-que-accesorios-si-pueden-danar-el-cabello-de-forma-permanente-segun-la-ciencia\/#respond\"]}]},{\"@type\":\"WebPage\",\"@id\":\"https:\/\/lobosnews.com.ar\/index.php\/2026\/04\/29\/las-gorras-no-provocan-calvicie-que-accesorios-si-pueden-danar-el-cabello-de-forma-permanente-segun-la-ciencia\/\",\"url\":\"https:\/\/lobosnews.com.ar\/index.php\/2026\/04\/29\/las-gorras-no-provocan-calvicie-que-accesorios-si-pueden-danar-el-cabello-de-forma-permanente-segun-la-ciencia\/\",\"name\":\"Las gorras no provocan calvicie: qu\u00e9 accesorios s\u00ed pueden da\u00f1ar el cabello de forma permanente, seg\u00fan la ciencia - Lobos News\",\"isPartOf\":{\"@id\":\"https:\/\/lobosnews.com.ar\/#website\"},\"primaryImageOfPage\":{\"@id\":\"https:\/\/lobosnews.com.ar\/index.php\/2026\/04\/29\/las-gorras-no-provocan-calvicie-que-accesorios-si-pueden-danar-el-cabello-de-forma-permanente-segun-la-ciencia\/#primaryimage\"},\"image\":{\"@id\":\"https:\/\/lobosnews.com.ar\/index.php\/2026\/04\/29\/las-gorras-no-provocan-calvicie-que-accesorios-si-pueden-danar-el-cabello-de-forma-permanente-segun-la-ciencia\/#primaryimage\"},\"thumbnailUrl\":\"https:\/\/lobosnews.com.ar\/wp-content\/uploads\/2026\/04\/las-gorras-no-provocan-calvicie-que-accesorios-si-pueden-danar-el-cabello-de-forma-permanente-segun-la-ciencia-2.jpg\",\"datePublished\":\"2026-04-29T22:51:27+00:00\",\"dateModified\":\"2026-04-30T03:18:11+00:00\",\"breadcrumb\":{\"@id\":\"https:\/\/lobosnews.com.ar\/index.php\/2026\/04\/29\/las-gorras-no-provocan-calvicie-que-accesorios-si-pueden-danar-el-cabello-de-forma-permanente-segun-la-ciencia\/#breadcrumb\"},\"inLanguage\":\"es\",\"potentialAction\":[{\"@type\":\"ReadAction\",\"target\":[\"https:\/\/lobosnews.com.ar\/index.php\/2026\/04\/29\/las-gorras-no-provocan-calvicie-que-accesorios-si-pueden-danar-el-cabello-de-forma-permanente-segun-la-ciencia\/\"]}]},{\"@type\":\"ImageObject\",\"inLanguage\":\"es\",\"@id\":\"https:\/\/lobosnews.com.ar\/index.php\/2026\/04\/29\/las-gorras-no-provocan-calvicie-que-accesorios-si-pueden-danar-el-cabello-de-forma-permanente-segun-la-ciencia\/#primaryimage\",\"url\":\"https:\/\/lobosnews.com.ar\/wp-content\/uploads\/2026\/04\/las-gorras-no-provocan-calvicie-que-accesorios-si-pueden-danar-el-cabello-de-forma-permanente-segun-la-ciencia-2.jpg\",\"contentUrl\":\"https:\/\/lobosnews.com.ar\/wp-content\/uploads\/2026\/04\/las-gorras-no-provocan-calvicie-que-accesorios-si-pueden-danar-el-cabello-de-forma-permanente-segun-la-ciencia-2.jpg\",\"width\":1536,\"height\":1024,\"caption\":\"Las gorras no provocan calvicie: qu\u00e9 accesorios s\u00ed pueden da\u00f1ar el cabello de forma permanente, seg\u00fan la ciencia\"},{\"@type\":\"BreadcrumbList\",\"@id\":\"https:\/\/lobosnews.com.ar\/index.php\/2026\/04\/29\/las-gorras-no-provocan-calvicie-que-accesorios-si-pueden-danar-el-cabello-de-forma-permanente-segun-la-ciencia\/#breadcrumb\",\"itemListElement\":[{\"@type\":\"ListItem\",\"position\":1,\"name\":\"Portada\",\"item\":\"https:\/\/lobosnews.com.ar\/\"},{\"@type\":\"ListItem\",\"position\":2,\"name\":\"Las gorras no provocan calvicie: qu\u00e9 accesorios s\u00ed pueden da\u00f1ar el cabello de forma permanente, seg\u00fan la ciencia\"}]},{\"@type\":\"WebSite\",\"@id\":\"https:\/\/lobosnews.com.ar\/#website\",\"url\":\"https:\/\/lobosnews.com.ar\/\",\"name\":\"Lobos News\",\"description\":\"Informaci\u00f3n a cada instante\",\"publisher\":{\"@id\":\"https:\/\/lobosnews.com.ar\/#organization\"},\"potentialAction\":[{\"@type\":\"SearchAction\",\"target\":{\"@type\":\"EntryPoint\",\"urlTemplate\":\"https:\/\/lobosnews.com.ar\/?s={search_term_string}\"},\"query-input\":{\"@type\":\"PropertyValueSpecification\",\"valueRequired\":true,\"valueName\":\"search_term_string\"}}],\"inLanguage\":\"es\"},{\"@type\":\"Organization\",\"@id\":\"https:\/\/lobosnews.com.ar\/#organization\",\"name\":\"Lobos News\",\"url\":\"https:\/\/lobosnews.com.ar\/\",\"logo\":{\"@type\":\"ImageObject\",\"inLanguage\":\"es\",\"@id\":\"https:\/\/lobosnews.com.ar\/#\/schema\/logo\/image\/\",\"url\":\"https:\/\/lobosnews.com.ar\/wp-content\/uploads\/2026\/01\/logo-lobosnews.png\",\"contentUrl\":\"https:\/\/lobosnews.com.ar\/wp-content\/uploads\/2026\/01\/logo-lobosnews.png\",\"width\":500,\"height\":200,\"caption\":\"Lobos News\"},\"image\":{\"@id\":\"https:\/\/lobosnews.com.ar\/#\/schema\/logo\/image\/\"}},{\"@type\":\"Person\",\"@id\":\"https:\/\/lobosnews.com.ar\/#\/schema\/person\/232422a593d5c541dd9aef6aaed10943\",\"name\":\"admin\",\"image\":{\"@type\":\"ImageObject\",\"inLanguage\":\"es\",\"@id\":\"https:\/\/lobosnews.com.ar\/#\/schema\/person\/image\/\",\"url\":\"https:\/\/secure.gravatar.com\/avatar\/76e419471a2083bc3ceab22a763dbbf9b0c1bd15a6214cf3280e2c2dde4580f9?s=96&d=mm&r=g\",\"contentUrl\":\"https:\/\/secure.gravatar.com\/avatar\/76e419471a2083bc3ceab22a763dbbf9b0c1bd15a6214cf3280e2c2dde4580f9?s=96&d=mm&r=g\",\"caption\":\"admin\"},\"sameAs\":[\"https:\/\/lobosnews.com.ar\"],\"url\":\"https:\/\/lobosnews.com.ar\/index.php\/author\/lobos-news\/\"}]}<\/script>\n<!-- \/ Yoast SEO plugin. -->","yoast_head_json":{"title":"Las gorras no provocan calvicie: qu\u00e9 accesorios s\u00ed pueden da\u00f1ar el cabello de forma permanente, seg\u00fan la ciencia - Lobos News","robots":{"index":"index","follow":"follow","max-snippet":"max-snippet:-1","max-image-preview":"max-image-preview:large","max-video-preview":"max-video-preview:-1"},"canonical":"https:\/\/lobosnews.com.ar\/index.php\/2026\/04\/29\/las-gorras-no-provocan-calvicie-que-accesorios-si-pueden-danar-el-cabello-de-forma-permanente-segun-la-ciencia\/","og_locale":"es_ES","og_type":"article","og_title":"Las gorras no provocan calvicie: qu\u00e9 accesorios s\u00ed pueden da\u00f1ar el cabello de forma permanente, seg\u00fan la ciencia - Lobos News","og_description":"El mito de que el uso frecuente de gorras o sombreros podr\u00eda causar la ca\u00edda del cabello persiste en el imaginario colectivo. Sin embargo, la literatura m\u00e9dica reciente y los estudios revisados por pares indican que la relaci\u00f3n entre el uso de estos accesorios y la calvicie no es directa. Seg\u00fan el dermat\u00f3logo John Anthony,...","og_url":"https:\/\/lobosnews.com.ar\/index.php\/2026\/04\/29\/las-gorras-no-provocan-calvicie-que-accesorios-si-pueden-danar-el-cabello-de-forma-permanente-segun-la-ciencia\/","og_site_name":"Lobos News","article_published_time":"2026-04-29T22:51:27+00:00","article_modified_time":"2026-04-30T03:18:11+00:00","og_image":[{"url":"https:\/\/lobosnews.com.ar\/wp-content\/uploads\/2026\/04\/las-gorras-no-provocan-calvicie-que-accesorios-si-pueden-danar-el-cabello-de-forma-permanente-segun-la-ciencia.jpg","type":"","width":"","height":""}],"author":"admin","twitter_card":"summary_large_image","twitter_misc":{"Escrito por":"admin","Tiempo de lectura":"3 minutos"},"schema":{"@context":"https:\/\/schema.org","@graph":[{"@type":"Article","@id":"https:\/\/lobosnews.com.ar\/index.php\/2026\/04\/29\/las-gorras-no-provocan-calvicie-que-accesorios-si-pueden-danar-el-cabello-de-forma-permanente-segun-la-ciencia\/#article","isPartOf":{"@id":"https:\/\/lobosnews.com.ar\/index.php\/2026\/04\/29\/las-gorras-no-provocan-calvicie-que-accesorios-si-pueden-danar-el-cabello-de-forma-permanente-segun-la-ciencia\/"},"author":{"name":"admin","@id":"https:\/\/lobosnews.com.ar\/#\/schema\/person\/232422a593d5c541dd9aef6aaed10943"},"headline":"Las gorras no provocan calvicie: qu\u00e9 accesorios s\u00ed pueden da\u00f1ar el cabello de forma permanente, seg\u00fan la ciencia","datePublished":"2026-04-29T22:51:27+00:00","dateModified":"2026-04-30T03:18:11+00:00","mainEntityOfPage":{"@id":"https:\/\/lobosnews.com.ar\/index.php\/2026\/04\/29\/las-gorras-no-provocan-calvicie-que-accesorios-si-pueden-danar-el-cabello-de-forma-permanente-segun-la-ciencia\/"},"wordCount":661,"commentCount":0,"publisher":{"@id":"https:\/\/lobosnews.com.ar\/#organization"},"image":{"@id":"https:\/\/lobosnews.com.ar\/index.php\/2026\/04\/29\/las-gorras-no-provocan-calvicie-que-accesorios-si-pueden-danar-el-cabello-de-forma-permanente-segun-la-ciencia\/#primaryimage"},"thumbnailUrl":"https:\/\/lobosnews.com.ar\/wp-content\/uploads\/2026\/04\/las-gorras-no-provocan-calvicie-que-accesorios-si-pueden-danar-el-cabello-de-forma-permanente-segun-la-ciencia-2.jpg","articleSection":["Salud"],"inLanguage":"es","potentialAction":[{"@type":"CommentAction","name":"Comment","target":["https:\/\/lobosnews.com.ar\/index.php\/2026\/04\/29\/las-gorras-no-provocan-calvicie-que-accesorios-si-pueden-danar-el-cabello-de-forma-permanente-segun-la-ciencia\/#respond"]}]},{"@type":"WebPage","@id":"https:\/\/lobosnews.com.ar\/index.php\/2026\/04\/29\/las-gorras-no-provocan-calvicie-que-accesorios-si-pueden-danar-el-cabello-de-forma-permanente-segun-la-ciencia\/","url":"https:\/\/lobosnews.com.ar\/index.php\/2026\/04\/29\/las-gorras-no-provocan-calvicie-que-accesorios-si-pueden-danar-el-cabello-de-forma-permanente-segun-la-ciencia\/","name":"Las gorras no provocan calvicie: qu\u00e9 accesorios s\u00ed pueden da\u00f1ar el cabello de forma permanente, seg\u00fan la ciencia - Lobos News","isPartOf":{"@id":"https:\/\/lobosnews.com.ar\/#website"},"primaryImageOfPage":{"@id":"https:\/\/lobosnews.com.ar\/index.php\/2026\/04\/29\/las-gorras-no-provocan-calvicie-que-accesorios-si-pueden-danar-el-cabello-de-forma-permanente-segun-la-ciencia\/#primaryimage"},"image":{"@id":"https:\/\/lobosnews.com.ar\/index.php\/2026\/04\/29\/las-gorras-no-provocan-calvicie-que-accesorios-si-pueden-danar-el-cabello-de-forma-permanente-segun-la-ciencia\/#primaryimage"},"thumbnailUrl":"https:\/\/lobosnews.com.ar\/wp-content\/uploads\/2026\/04\/las-gorras-no-provocan-calvicie-que-accesorios-si-pueden-danar-el-cabello-de-forma-permanente-segun-la-ciencia-2.jpg","datePublished":"2026-04-29T22:51:27+00:00","dateModified":"2026-04-30T03:18:11+00:00","breadcrumb":{"@id":"https:\/\/lobosnews.com.ar\/index.php\/2026\/04\/29\/las-gorras-no-provocan-calvicie-que-accesorios-si-pueden-danar-el-cabello-de-forma-permanente-segun-la-ciencia\/#breadcrumb"},"inLanguage":"es","potentialAction":[{"@type":"ReadAction","target":["https:\/\/lobosnews.com.ar\/index.php\/2026\/04\/29\/las-gorras-no-provocan-calvicie-que-accesorios-si-pueden-danar-el-cabello-de-forma-permanente-segun-la-ciencia\/"]}]},{"@type":"ImageObject","inLanguage":"es","@id":"https:\/\/lobosnews.com.ar\/index.php\/2026\/04\/29\/las-gorras-no-provocan-calvicie-que-accesorios-si-pueden-danar-el-cabello-de-forma-permanente-segun-la-ciencia\/#primaryimage","url":"https:\/\/lobosnews.com.ar\/wp-content\/uploads\/2026\/04\/las-gorras-no-provocan-calvicie-que-accesorios-si-pueden-danar-el-cabello-de-forma-permanente-segun-la-ciencia-2.jpg","contentUrl":"https:\/\/lobosnews.com.ar\/wp-content\/uploads\/2026\/04\/las-gorras-no-provocan-calvicie-que-accesorios-si-pueden-danar-el-cabello-de-forma-permanente-segun-la-ciencia-2.jpg","width":1536,"height":1024,"caption":"Las gorras no provocan calvicie: qu\u00e9 accesorios s\u00ed pueden da\u00f1ar el cabello de forma permanente, seg\u00fan la ciencia"},{"@type":"BreadcrumbList","@id":"https:\/\/lobosnews.com.ar\/index.php\/2026\/04\/29\/las-gorras-no-provocan-calvicie-que-accesorios-si-pueden-danar-el-cabello-de-forma-permanente-segun-la-ciencia\/#breadcrumb","itemListElement":[{"@type":"ListItem","position":1,"name":"Portada","item":"https:\/\/lobosnews.com.ar\/"},{"@type":"ListItem","position":2,"name":"Las gorras no provocan calvicie: qu\u00e9 accesorios s\u00ed pueden da\u00f1ar el cabello de forma permanente, seg\u00fan la ciencia"}]},{"@type":"WebSite","@id":"https:\/\/lobosnews.com.ar\/#website","url":"https:\/\/lobosnews.com.ar\/","name":"Lobos News","description":"Informaci\u00f3n a cada instante","publisher":{"@id":"https:\/\/lobosnews.com.ar\/#organization"},"potentialAction":[{"@type":"SearchAction","target":{"@type":"EntryPoint","urlTemplate":"https:\/\/lobosnews.com.ar\/?s={search_term_string}"},"query-input":{"@type":"PropertyValueSpecification","valueRequired":true,"valueName":"search_term_string"}}],"inLanguage":"es"},{"@type":"Organization","@id":"https:\/\/lobosnews.com.ar\/#organization","name":"Lobos News","url":"https:\/\/lobosnews.com.ar\/","logo":{"@type":"ImageObject","inLanguage":"es","@id":"https:\/\/lobosnews.com.ar\/#\/schema\/logo\/image\/","url":"https:\/\/lobosnews.com.ar\/wp-content\/uploads\/2026\/01\/logo-lobosnews.png","contentUrl":"https:\/\/lobosnews.com.ar\/wp-content\/uploads\/2026\/01\/logo-lobosnews.png","width":500,"height":200,"caption":"Lobos News"},"image":{"@id":"https:\/\/lobosnews.com.ar\/#\/schema\/logo\/image\/"}},{"@type":"Person","@id":"https:\/\/lobosnews.com.ar\/#\/schema\/person\/232422a593d5c541dd9aef6aaed10943","name":"admin","image":{"@type":"ImageObject","inLanguage":"es","@id":"https:\/\/lobosnews.com.ar\/#\/schema\/person\/image\/","url":"https:\/\/secure.gravatar.com\/avatar\/76e419471a2083bc3ceab22a763dbbf9b0c1bd15a6214cf3280e2c2dde4580f9?s=96&d=mm&r=g","contentUrl":"https:\/\/secure.gravatar.com\/avatar\/76e419471a2083bc3ceab22a763dbbf9b0c1bd15a6214cf3280e2c2dde4580f9?s=96&d=mm&r=g","caption":"admin"},"sameAs":["https:\/\/lobosnews.com.ar"],"url":"https:\/\/lobosnews.com.ar\/index.php\/author\/lobos-news\/"}]}},"jetpack_featured_media_url":"https:\/\/lobosnews.com.ar\/wp-content\/uploads\/2026\/04\/las-gorras-no-provocan-calvicie-que-accesorios-si-pueden-danar-el-cabello-de-forma-permanente-segun-la-ciencia-2.jpg","jetpack_sharing_enabled":true,"_links":{"self":[{"href":"https:\/\/lobosnews.com.ar\/index.php\/wp-json\/wp\/v2\/posts\/47498","targetHints":{"allow":["GET"]}}],"collection":[{"href":"https:\/\/lobosnews.com.ar\/index.php\/wp-json\/wp\/v2\/posts"}],"about":[{"href":"https:\/\/lobosnews.com.ar\/index.php\/wp-json\/wp\/v2\/types\/post"}],"author":[{"embeddable":true,"href":"https:\/\/lobosnews.com.ar\/index.php\/wp-json\/wp\/v2\/users\/1"}],"replies":[{"embeddable":true,"href":"https:\/\/lobosnews.com.ar\/index.php\/wp-json\/wp\/v2\/comments?post=47498"}],"version-history":[{"count":1,"href":"https:\/\/lobosnews.com.ar\/index.php\/wp-json\/wp\/v2\/posts\/47498\/revisions"}],"predecessor-version":[{"id":47501,"href":"https:\/\/lobosnews.com.ar\/index.php\/wp-json\/wp\/v2\/posts\/47498\/revisions\/47501"}],"wp:featuredmedia":[{"embeddable":true,"href":"https:\/\/lobosnews.com.ar\/index.php\/wp-json\/wp\/v2\/media\/47502"}],"wp:attachment":[{"href":"https:\/\/lobosnews.com.ar\/index.php\/wp-json\/wp\/v2\/media?parent=47498"}],"wp:term":[{"taxonomy":"category","embeddable":true,"href":"https:\/\/lobosnews.com.ar\/index.php\/wp-json\/wp\/v2\/categories?post=47498"},{"taxonomy":"post_tag","embeddable":true,"href":"https:\/\/lobosnews.com.ar\/index.php\/wp-json\/wp\/v2\/tags?post=47498"}],"curies":[{"name":"wp","href":"https:\/\/api.w.org\/{rel}","templated":true}]}}